{"id":24328,"date":"2026-01-30T20:34:15","date_gmt":"2026-01-30T19:34:15","guid":{"rendered":"https:\/\/www.freidenker.org\/?p=24328"},"modified":"2026-02-28T02:06:07","modified_gmt":"2026-02-28T01:06:07","slug":"imperium-statt-demokratie-klaus-hartmann-ueber-die-kehrtwende-der-usa","status":"publish","type":"post","link":"https:\/\/www.freidenker.org\/?p=24328","title":{"rendered":"Imperium statt Demokratie? Klaus Hartmann \u00fcber die Kehrtwende der USA"},"content":{"rendered":"<h4><strong>\u00dcberfall auf Venezuela <\/strong><\/h4>\n<p><em>Interview mit <strong>Klaus Hartmann<\/strong><\/em><\/p>\n<p>Ver\u00f6ffentlicht am 28.01.2026 auf <a href=\"https:\/\/nuoflix.de\/imperium-statt-demokratie-klaus-hartmann-ueber-die-kehrtwende-der-usa\" target=\"_blank\" rel=\"noopener\">nuoflix.de<\/a><\/p>\n<div class=\"jetpack-video-wrapper\"><span class=\"embed-youtube\" style=\"text-align:center; display: block;\"><iframe loading=\"lazy\" class=\"youtube-player\" width=\"800\" height=\"450\" src=\"https:\/\/www.youtube.com\/embed\/25OrVs7snpk?version=3&#038;rel=1&#038;showsearch=0&#038;showinfo=1&#038;iv_load_policy=1&#038;fs=1&#038;hl=de-DE&#038;autohide=2&#038;wmode=transparent\" allowfullscreen=\"true\" style=\"border:0;\" sandbox=\"allow-scripts allow-same-origin allow-popups allow-presentation allow-popups-to-escape-sandbox\"><\/iframe><\/span><\/div>\n<p><span style=\"font-size: 10pt;\">Direktlink zum Video von <a href=\"https:\/\/www.youtube.com\/@nuoflix\" target=\"_blank\" rel=\"noopener\">NuoFlix<\/a> auf YouTube: <a href=\"https:\/\/www.youtube.com\/watch?v=25OrVs7snpk\" target=\"_blank\" rel=\"noopener\">https:\/\/www.youtube.com\/watch?v=25OrVs7snpk<\/a><\/span><\/p>\n<p>Der venezolanische Pr\u00e4sident Nicol\u00e1s Maduro wurde nach Ansicht vieler Beobachter v\u00f6lkerrechtswidrig von den USA entf\u00fchrt. W\u00e4hrend gro\u00dfe Teile des Mainstreams \u2013 und auch alternative, libert\u00e4re Medien \u2013 diesen Schritt begr\u00fc\u00dfen, wirft dieses Gespr\u00e4ch einen grundlegend anderen Blick auf die Ereignisse.<\/p>\n<p>Im Interview analysiert Klaus Hartmann, langj\u00e4hriger Vorsitzender des Deutschen Freidenker-Verbandes, die Hintergr\u00fcnde der US-Intervention in Venezuela \u2013 historisch, \u00f6konomisch und geopolitisch.<\/p>\n<h5>Zentrale Themen des Gespr\u00e4chs:<\/h5>\n<p><strong>Entf\u00fchrung eines Staatspr\u00e4sidenten &amp; V\u00f6lkerrecht<\/strong><br \/>\nWarum der Fall Maduro kein Einzelfall, sondern Teil einer langen Interventionsgeschichte ist.<\/p>\n<p><strong>Drogenvorw\u00fcrfe als Vorwand<\/strong><br \/>\nWeshalb die US-Argumentation nicht tr\u00e4gt \u2013 und wo die eigentlichen Ursachen liegen.<\/p>\n<p><strong>US-Interventionen seit 1945<\/strong><br \/>\nVon Lateinamerika \u00fcber den Nahen Osten bis nach Osteuropa: ein historischer \u00dcberblick.<\/p>\n<p><strong>\u00d6l, Sanktionen &amp; wirtschaftliche Strangulation<\/strong><br \/>\nWie US-Sanktionen Venezuelas Erd\u00f6lindustrie gezielt lahmgelegt haben.<\/p>\n<p><strong>Ch\u00e1vez, Maduro &amp; soziale Reformen<\/strong><br \/>\nErfolge, Widerspr\u00fcche und ungel\u00f6ste Probleme der bolivarischen Politik.<\/p>\n<p><strong>Make America Great Again \u2013 ein gebrochenes Versprechen?<\/strong><br \/>\nWarum selbst fr\u00fchere Trump-Verb\u00fcndete inzwischen von einem imperialen Kurs sprechen.<\/p>\n<p><strong>Dollar, Milit\u00e4rindustrie &amp; geopolitische Verzweiflung<\/strong><br \/>\nIst die aggressive Au\u00dfenpolitik ein Zeichen strukturellen Niedergangs?<\/p>\n<p>Ein Gespr\u00e4ch \u00fcber Imperialismus, Sanktionen als Kriegsinstrument, Mediennarrative, geopolitische Macht \u2013 und die Frage, ob das V\u00f6lkerrecht noch gilt oder dem Faustrecht geopfert wird.<\/p>\n<p style=\"text-align: right;\"><em>Klaus Hartmann ist Pr\u00e4sident der Weltunion der Freidenker und stellvertretender Vorsitzender des Deutschen Freidenker-Verbandes<\/em><\/p>\n<hr \/>\n<p><span style=\"font-size: 10pt;\">Bild oben: Screenshot aus dem Video von <a href=\"https:\/\/nuoflix.de\/imperium-statt-demokratie-klaus-hartmann-ueber-die-kehrtwende-der-usa\" target=\"_blank\" rel=\"noopener\">nuoflix.de<\/a>\u00a0(links: Klaus Hartmann)<\/span><\/p>\n","protected":false},"excerpt":{"rendered":"<p><b>\u00dcberfall auf Venezuela<\/b><br \/>\n<b>Interview mit Klaus Hartmann<\/b><br \/>\nDer venezolanische Pr\u00e4sident Nicol\u00e1s Maduro wurde nach Ansicht vieler Beobachter v\u00f6lkerrechtswidrig von den USA entf\u00fchrt. W\u00e4hrend gro\u00dfe Teile des Mainstreams \u2013 und auch alternative, libert\u00e4re Medien \u2013 diesen Schritt begr\u00fc\u00dfen, wirft dieses Gespr\u00e4ch einen grundlegend anderen Blick auf die Ereignisse. Im Interview analysiert Klaus Hartmann, langj\u00e4hriger Vorsitzender des Deutschen Freidenker-Verbandes, die Hintergr\u00fcnde der US-Intervention in Venezuela \u2013 historisch, \u00f6konomisch und geopolitisch. Ein Gespr\u00e4ch \u00fcber Imperialismus, Sanktionen als Kriegsinstrument, Mediennarrative, geopolitische Macht \u2013 und die Frage, ob das V\u00f6lkerrecht noch gilt oder dem Faustrecht geopfert wird.<\/p>\n","protected":false},"author":3,"featured_media":24329,"comment_status":"closed","ping_status":"closed","sticky":false,"template":"","format":"standard","meta":{"colormag_page_container_layout":"default_layout","colormag_page_sidebar_layout":"default_layout","advanced_seo_description":"","jetpack_seo_html_title":"","jetpack_seo_noindex":false,"jetpack_post_was_ever_published":false,"footnotes":""},"categories":[12],"tags":[699,162,2850,2698,1328,1631,404,2286,1355,2890,1102,2107,1117,719,2618,185,396,345],"class_list":["post-24328","post","type-post","status-publish","format-standard","has-post-thumbnail","hentry","category-demokratie-medien-aufklaerung","tag-aussenpolitik","tag-demokratie","tag-drogenhandel","tag-entfuehrung","tag-erdoel","tag-geopolitik","tag-imperialismus","tag-intervention","tag-militaerisch-industrieller-komplex","tag-narrativ","tag-nicolas-maduro","tag-praesident","tag-reformen","tag-sanktionen","tag-soziale-gerechtigkeit","tag-usa","tag-venezuela","tag-voelkerrecht"],"jetpack_featured_media_url":"https:\/\/i0.wp.com\/www.freidenker.org\/fw17\/wp-content\/uploads\/2026\/01\/Hartmann_bei_Nuoflix_2_800x450.jpg?fit=800%2C450&ssl=1","jetpack_shortlink":"https:\/\/wp.me\/p9stpK-6ko","jetpack-related-posts":[{"id":18001,"url":"https:\/\/www.freidenker.org\/?p=18001","url_meta":{"origin":24328,"position":0},"title":"Video: Klaus Hartmann bei MOATS","author":"Webredaktion","date":"24. Januar 2024","format":false,"excerpt":"Video-Interview von Dr. Diether Dehm mit Klaus Hartmann In seiner Sendung \"MOATS (Mother of all Talkshows)\", der deutschen Variante des vom britischen linken ehemaligen Parlamentarier George Galloway entwickelten w\u00f6chentlichen Podcasts, pr\u00e4sentiert Diether Dehm G\u00e4ste, die zu aktuellen Fragen unangepasste Meinungen \u00e4u\u00dfern. Zum zweiten Mal sa\u00df Klaus Hartmann vor der Kamera\u2026","rel":"","context":"In &quot;Demokratie \u2013 Medien \u2013 Aufkl\u00e4rung&quot;","block_context":{"text":"Demokratie \u2013 Medien \u2013 Aufkl\u00e4rung","link":"https:\/\/www.freidenker.org\/?cat=12"},"img":{"alt_text":"","src":"https:\/\/i0.wp.com\/www.freidenker.org\/fw17\/wp-content\/uploads\/2024\/01\/dehm_hartmann_moats_2024-01_b2_800x450.jpg?fit=800%2C450&ssl=1&resize=350%2C200","width":350,"height":200,"srcset":"https:\/\/i0.wp.com\/www.freidenker.org\/fw17\/wp-content\/uploads\/2024\/01\/dehm_hartmann_moats_2024-01_b2_800x450.jpg?fit=800%2C450&ssl=1&resize=350%2C200 1x, https:\/\/i0.wp.com\/www.freidenker.org\/fw17\/wp-content\/uploads\/2024\/01\/dehm_hartmann_moats_2024-01_b2_800x450.jpg?fit=800%2C450&ssl=1&resize=525%2C300 1.5x, https:\/\/i0.wp.com\/www.freidenker.org\/fw17\/wp-content\/uploads\/2024\/01\/dehm_hartmann_moats_2024-01_b2_800x450.jpg?fit=800%2C450&ssl=1&resize=700%2C400 2x"},"classes":[]},{"id":17542,"url":"https:\/\/www.freidenker.org\/?p=17542","url_meta":{"origin":24328,"position":1},"title":"\u201eWas ist rechts, was ist links?\u201c","author":"Webredaktion","date":"20. November 2023","format":false,"excerpt":"Vortrag von Klaus Hartmann Mitgeschnitten auf der Mitgliederversammlung des LV Rheinland-Pfalz\/Saarland des Deutschen Freidenker-Verbandes am 12.11.2023 in Idar-Oberstein. Gilt das alte Links heute als das neue Rechts? Woher stammte die Einteilung in \"rechts\" und \"links\" urspr\u00fcnglich? Ist das heute noch g\u00fcltig oder \u00fcberholt? Wie steht es mit den Behauptungen, man\u2026","rel":"","context":"In &quot;Demokratie \u2013 Medien \u2013 Aufkl\u00e4rung&quot;","block_context":{"text":"Demokratie \u2013 Medien \u2013 Aufkl\u00e4rung","link":"https:\/\/www.freidenker.org\/?cat=12"},"img":{"alt_text":"","src":"https:\/\/i0.wp.com\/www.freidenker.org\/fw17\/wp-content\/uploads\/2023\/11\/Hartmann_rechts_links_2023_v3_800x450.jpg?fit=800%2C450&ssl=1&resize=350%2C200","width":350,"height":200,"srcset":"https:\/\/i0.wp.com\/www.freidenker.org\/fw17\/wp-content\/uploads\/2023\/11\/Hartmann_rechts_links_2023_v3_800x450.jpg?fit=800%2C450&ssl=1&resize=350%2C200 1x, https:\/\/i0.wp.com\/www.freidenker.org\/fw17\/wp-content\/uploads\/2023\/11\/Hartmann_rechts_links_2023_v3_800x450.jpg?fit=800%2C450&ssl=1&resize=525%2C300 1.5x, https:\/\/i0.wp.com\/www.freidenker.org\/fw17\/wp-content\/uploads\/2023\/11\/Hartmann_rechts_links_2023_v3_800x450.jpg?fit=800%2C450&ssl=1&resize=700%2C400 2x"},"classes":[]},{"id":3951,"url":"https:\/\/www.freidenker.org\/?p=3951","url_meta":{"origin":24328,"position":2},"title":"Der &#8222;Querfront&#8220; auf der Spur: Interview mit Klaus Hartmann","author":"Webredaktion","date":"17. Januar 2018","format":false,"excerpt":"Interview von RT-Deutsch mit Klaus Hartmann In Deutschland gilt Meinungsfreiheit. Sagen vor allem diejenigen, die von einer Mainstream-Meinung nie abgewichen sind. Was aber passiert, wenn man die Kriege hinterfragt, die im Namen der Demokratie gef\u00fchrt werden? Oder etwa das Sozialsystem in Deutschland? Diejenigen, die das wagen, sind oft gezwungen, sich\u2026","rel":"","context":"In &quot;Frieden - Antifaschismus - Solidarit\u00e4t&quot;","block_context":{"text":"Frieden - Antifaschismus - Solidarit\u00e4t","link":"https:\/\/www.freidenker.org\/?cat=13"},"img":{"alt_text":"","src":"https:\/\/i0.wp.com\/www.freidenker.org\/fw17\/wp-content\/uploads\/2018\/01\/Klartext_Hartmann_RTDeutsch_2018-01-16_800x445.jpg?fit=800%2C445&ssl=1&resize=350%2C200","width":350,"height":200,"srcset":"https:\/\/i0.wp.com\/www.freidenker.org\/fw17\/wp-content\/uploads\/2018\/01\/Klartext_Hartmann_RTDeutsch_2018-01-16_800x445.jpg?fit=800%2C445&ssl=1&resize=350%2C200 1x, https:\/\/i0.wp.com\/www.freidenker.org\/fw17\/wp-content\/uploads\/2018\/01\/Klartext_Hartmann_RTDeutsch_2018-01-16_800x445.jpg?fit=800%2C445&ssl=1&resize=525%2C300 1.5x, https:\/\/i0.wp.com\/www.freidenker.org\/fw17\/wp-content\/uploads\/2018\/01\/Klartext_Hartmann_RTDeutsch_2018-01-16_800x445.jpg?fit=800%2C445&ssl=1&resize=700%2C400 2x"},"classes":[]},{"id":7159,"url":"https:\/\/www.freidenker.org\/?p=7159","url_meta":{"origin":24328,"position":3},"title":"Quo vadis junge Welt?","author":"Webredaktion","date":"6. November 2019","format":false,"excerpt":"Video-Interview mit Klaus Hartmann Ein Aufruferkreis von \u00fcber sechzig Unterzeichner*innen forderte im Juli 2019 die linke Tageszeitung junge Welt auf, einige kritische Fragen zu beantworten. ... Was zun\u00e4chst als interne Kritik gedacht war, wurde schnell \u00f6ffentlich. ... Mittlerweile werden der Aufruf und die Reaktion der jW haupts\u00e4chlich in linken Kreisen\u2026","rel":"","context":"In &quot;Demokratie \u2013 Medien \u2013 Aufkl\u00e4rung&quot;","block_context":{"text":"Demokratie \u2013 Medien \u2013 Aufkl\u00e4rung","link":"https:\/\/www.freidenker.org\/?cat=12"},"img":{"alt_text":"","src":"https:\/\/i0.wp.com\/www.freidenker.org\/fw17\/wp-content\/uploads\/2019\/11\/klaus_hartmann_weltnetz_800x445.jpg?fit=800%2C445&ssl=1&resize=350%2C200","width":350,"height":200,"srcset":"https:\/\/i0.wp.com\/www.freidenker.org\/fw17\/wp-content\/uploads\/2019\/11\/klaus_hartmann_weltnetz_800x445.jpg?fit=800%2C445&ssl=1&resize=350%2C200 1x, https:\/\/i0.wp.com\/www.freidenker.org\/fw17\/wp-content\/uploads\/2019\/11\/klaus_hartmann_weltnetz_800x445.jpg?fit=800%2C445&ssl=1&resize=525%2C300 1.5x, https:\/\/i0.wp.com\/www.freidenker.org\/fw17\/wp-content\/uploads\/2019\/11\/klaus_hartmann_weltnetz_800x445.jpg?fit=800%2C445&ssl=1&resize=700%2C400 2x"},"classes":[]},{"id":18866,"url":"https:\/\/www.freidenker.org\/?p=18866","url_meta":{"origin":24328,"position":4},"title":"Videos und Galerie: Konferenz Deindustrialisierung","author":"Webredaktion","date":"25. April 2024","format":false,"excerpt":"Am 20.04.2024 fand in Retgendorf bei Schwerin die Konferenz Deindustrialisierung des Deutschen Freidenker-Verbandes statt. Bruno Jeup vom Landesverband Berlin hat die Veranstaltung im Video dokumentiert. Wir ver\u00f6ffentlichen hier die Videos der vier Referate von Klaus Hartmann (\"\"Die Ideologie der Produktivkraftvernichtung\"), Dr. Manfred Sohn (\"Der Abstieg von 'Made in Germany'\"), Dr.\u2026","rel":"","context":"In &quot;Demokratie \u2013 Medien \u2013 Aufkl\u00e4rung&quot;","block_context":{"text":"Demokratie \u2013 Medien \u2013 Aufkl\u00e4rung","link":"https:\/\/www.freidenker.org\/?cat=12"},"img":{"alt_text":"","src":"https:\/\/i0.wp.com\/www.freidenker.org\/fw17\/wp-content\/uploads\/2024\/04\/Retgendorf_Totale_20240420_142853.jpg?fit=800%2C450&ssl=1&resize=350%2C200","width":350,"height":200,"srcset":"https:\/\/i0.wp.com\/www.freidenker.org\/fw17\/wp-content\/uploads\/2024\/04\/Retgendorf_Totale_20240420_142853.jpg?fit=800%2C450&ssl=1&resize=350%2C200 1x, https:\/\/i0.wp.com\/www.freidenker.org\/fw17\/wp-content\/uploads\/2024\/04\/Retgendorf_Totale_20240420_142853.jpg?fit=800%2C450&ssl=1&resize=525%2C300 1.5x, https:\/\/i0.wp.com\/www.freidenker.org\/fw17\/wp-content\/uploads\/2024\/04\/Retgendorf_Totale_20240420_142853.jpg?fit=800%2C450&ssl=1&resize=700%2C400 2x"},"classes":[]},{"id":19798,"url":"https:\/\/www.freidenker.org\/?p=19798","url_meta":{"origin":24328,"position":5},"title":"Klaus Hartmann spricht Klartext: Deutsche Regierung ist rechts!","author":"Webredaktion","date":"1. September 2024","format":false,"excerpt":"Video-Interview von Masha Janssen\u00a0mit Klaus Hartmann In einem aufschlussreichen Gespr\u00e4ch mit Klaus Hartmann, dem stellvertretenden Vorsitzenden des Freidenkerverbandes ..., diskutieren wir \u00fcber die wahre Bedeutungen der politischen Begriffe \"links\" und \"rechts\". Seit ihrer Entstehung haben sich die Bedeutungen von \"links\" und \"rechts\" stark ver\u00e4ndert und sind oft Gegenstand von Verwirrung\u2026","rel":"","context":"In &quot;Demokratie \u2013 Medien \u2013 Aufkl\u00e4rung&quot;","block_context":{"text":"Demokratie \u2013 Medien \u2013 Aufkl\u00e4rung","link":"https:\/\/www.freidenker.org\/?cat=12"},"img":{"alt_text":"","src":"https:\/\/i0.wp.com\/www.freidenker.org\/fw17\/wp-content\/uploads\/2024\/09\/Hartmann_Masha_3_800x450.jpg?fit=800%2C450&ssl=1&resize=350%2C200","width":350,"height":200,"srcset":"https:\/\/i0.wp.com\/www.freidenker.org\/fw17\/wp-content\/uploads\/2024\/09\/Hartmann_Masha_3_800x450.jpg?fit=800%2C450&ssl=1&resize=350%2C200 1x, https:\/\/i0.wp.com\/www.freidenker.org\/fw17\/wp-content\/uploads\/2024\/09\/Hartmann_Masha_3_800x450.jpg?fit=800%2C450&ssl=1&resize=525%2C300 1.5x, https:\/\/i0.wp.com\/www.freidenker.org\/fw17\/wp-content\/uploads\/2024\/09\/Hartmann_Masha_3_800x450.jpg?fit=800%2C450&ssl=1&resize=700%2C400 2x"},"classes":[]}],"_links":{"self":[{"href":"https:\/\/www.freidenker.org\/index.php?rest_route=\/wp\/v2\/posts\/24328","targetHints":{"allow":["GET"]}}],"collection":[{"href":"https:\/\/www.freidenker.org\/index.php?rest_route=\/wp\/v2\/posts"}],"about":[{"href":"https:\/\/www.freidenker.org\/index.php?rest_route=\/wp\/v2\/types\/post"}],"author":[{"embeddable":true,"href":"https:\/\/www.freidenker.org\/index.php?rest_route=\/wp\/v2\/users\/3"}],"replies":[{"embeddable":true,"href":"https:\/\/www.freidenker.org\/index.php?rest_route=%2Fwp%2Fv2%2Fcomments&post=24328"}],"version-history":[{"count":2,"href":"https:\/\/www.freidenker.org\/index.php?rest_route=\/wp\/v2\/posts\/24328\/revisions"}],"predecessor-version":[{"id":24338,"href":"https:\/\/www.freidenker.org\/index.php?rest_route=\/wp\/v2\/posts\/24328\/revisions\/24338"}],"wp:featuredmedia":[{"embeddable":true,"href":"https:\/\/www.freidenker.org\/index.php?rest_route=\/wp\/v2\/media\/24329"}],"wp:attachment":[{"href":"https:\/\/www.freidenker.org\/index.php?rest_route=%2Fwp%2Fv2%2Fmedia&parent=24328"}],"wp:term":[{"taxonomy":"category","embeddable":true,"href":"https:\/\/www.freidenker.org\/index.php?rest_route=%2Fwp%2Fv2%2Fcategories&post=24328"},{"taxonomy":"post_tag","embeddable":true,"href":"https:\/\/www.freidenker.org\/index.php?rest_route=%2Fwp%2Fv2%2Ftags&post=24328"}],"curies":[{"name":"wp","href":"https:\/\/api.w.org\/{rel}","templated":true}]}}