{"id":24324,"date":"2026-01-30T20:34:08","date_gmt":"2026-01-30T19:34:08","guid":{"rendered":"https:\/\/www.freidenker.org\/?p=24324"},"modified":"2026-02-28T02:05:56","modified_gmt":"2026-02-28T01:05:56","slug":"das-paul-unehrlich-institut-und-der-juengste-skandal-in-der-corona-aufarbeitung","status":"publish","type":"post","link":"https:\/\/www.freidenker.org\/?p=24324","title":{"rendered":"Das Paul-(Un)Ehrlich-Institut und der j\u00fcngste Skandal in der &#8222;Corona-Aufarbeitung&#8220;"},"content":{"rendered":"<p><strong>Hartn\u00e4ckigkeit und aufrichtiges Interesse l\u00e4sst die Verbrechen an der Menschheit im Zeitraum der &#8222;Corona-Krise&#8220; nicht im Dunkeln verschwinden. Erneut pr\u00e4sentiert ein freier Journalist je nach Blickwinkel wenig \u00dcberraschendes zum Thema des mutwilligen &#8222;Versagens&#8220; staatlicher Beh\u00f6rden in den drei dunklen Jahren der &#8222;Pandemie&#8220;. <\/strong><\/p>\n<p><em>Von <strong>Bernhard Loyen<\/strong><\/em><\/p>\n<p><span style=\"font-size: 10pt;\">Erstver\u00f6ffentlichung am 22.01.2026 auf <a href=\"https:\/\/freedert.online\/meinung\/268034-paul-unehrlich-institut-und-juengste\/\" target=\"_blank\" rel=\"noopener\">RT DE<\/a><\/span><\/p>\n<div class=\"EmbedBlock-root EmbedBlock-all\">\n<div class=\"AllEmbed\"><iframe loading=\"lazy\" title=\"Das Paul-(Un)Ehrlich-Institut und der j\u00fcngste Skandal in der &quot;Corona-Aufarbeitung&quot;\" src=\"https:\/\/www.podbean.com\/player-v2\/?i=yzn3f-1a28506-pb&amp;from=pb6admin&amp;share=1&amp;download=1&amp;rtl=0&amp;fonts=Arial&amp;skin=f6f6f6&amp;font-color=&amp;logo_link=episode_page&amp;btn-skin=7\" width=\"100%\" height=\"150\" scrolling=\"no\" data-name=\"pb-iframe-player\" data-mce-fragment=\"1\"><\/iframe><\/div>\n<\/div>\n<p data-start=\"176\" data-end=\"361\">Januar 2024, die Pressestelle des Paul-Ehrlich-Instituts (PEI) kann stolz <a href=\"https:\/\/www.pei.de\/DE\/newsroom\/hp-meldungen\/2024\/240118-bundesverdienstkreuz-klaus-cichutek.html\" target=\"_blank\" rel=\"noopener noreferrer\">verk\u00fcnden<\/a>, dass ihr langj\u00e4hriger verantwortlicher Leiter, Klaus Cichutek, von Bundespr\u00e4sident Frank-Walter Steinmeier &#8222;mit dem Verdienstkreuz 1. Klasse des Verdienstordens der Bundesrepublik Deutschland ausgezeichnet&#8220; wird. Diese hohe staatliche Ehrung erhielt er, ausdr\u00fccklich in der Rede von Steinmeier betont, &#8222;f\u00fcr seinen herausragenden Einsatz bei der Bew\u00e4ltigung der COVID-19-Pandemie und den bedeutenden Beitrag, den er als Pr\u00e4sident des Paul-Ehrlich-Instituts dabei geleistet hat.&#8220;<\/p>\n<p data-start=\"176\" data-end=\"361\">Zwei Jahre sp\u00e4ter berichtet der Publizist und freie Journalist Bastian Barucker \u2013 erneut \u2013 \u00fcber weitere nachweisliche Abgr\u00fcnde politisch motivierter Arbeitsverweigerung in den drei dunklen Jahren einer mutwillig forcierten Ausnahmesiutation f\u00fcr Millionen ma\u00dfnahmenkritische Menschen im Land. So hei\u00dft es einleitend auf seinem Blog in einem aktuellen <a href=\"https:\/\/www.barucker.press\/p\/pei-abteilung-protokolle\" target=\"_blank\" rel=\"noopener noreferrer\">Artikel<\/a>:<\/p>\n<p style=\"padding-left: 40px;\" data-start=\"176\" data-end=\"361\"><em>&#8222;Angeblich soll nicht nur der f\u00fcr die Impfstoffsicherheit zust\u00e4ndige Fachbereich, sondern auch die gesamte \u00fcbergeordnete Abteilung des PEI \u00fcber Jahre hinweg kein einziges Protokoll angelegt haben.&#8220;<\/em><\/p>\n<p data-start=\"176\" data-end=\"361\">Mit &#8222;angeblich&#8220; meint Barucker, dass er schlicht nur die schleppende, dabei eingeklagte Kommunikation des Instituts hinsichtlich berechtigten Fragen zu ihrer (Nicht)-T\u00e4tigkeit vermitteln kann. Barucker fasst zu Beginn seines Artikels mehr als treffend die Realit\u00e4ten der bis dato bekannten Tatsachen zum Thema bewusste N\u00f6tigung von B\u00fcrgern zusammen:<\/p>\n<p style=\"padding-left: 40px;\" data-start=\"176\" data-end=\"361\"><em>&#8222;<a href=\"https:\/\/www.langer-blomqvist.de\/vereinnahmte-wissenschaft-die-corona-protokolle-des-robert-koch-instituts-9783948576219.html\" target=\"_blank\" rel=\"noopener noreferrer\">Die Ver\u00f6ffentlichung der Corona-Protokolle<\/a> des Robert-Koch-Instituts hat aufgedeckt, dass die Pandemiepolitik nicht auf wissenschaftlichen Erkenntnissen fu\u00dfte. Anstatt der Wissenschaft zu folgen, konstruierte die Politik ein Corona-Management, welches <a href=\"https:\/\/blog.bastian-barucker.de\/corona-bilanz-john-ioannidis\/\" target=\"_blank\" rel=\"noopener noreferrer\">keinen nachweisbaren medizinischen Nutzen<\/a> hatte und explizit <a href=\"https:\/\/www.nachdenkseiten.de\/?p=119398\" target=\"_blank\" rel=\"noopener noreferrer\">gegen die Empfehlungen<\/a> der Wissenschaftler im RKI war.&#8220;\u00a0<\/em><\/p>\n<p data-start=\"176\" data-end=\"361\">Aufgedeckte Skandale, die allesamt rein der Hartn\u00e4ckigkeit der alternativen Medienszene zu verdanken sind, allen voran dem Portal <em>Multipolar,<\/em>\u00a0freien Journalisten und Bloggern\u00a0sowie\u00a0der b\u00f6sen &#8222;rechten&#8220; X-Schwarmintelligenz.<\/p>\n<p data-start=\"176\" data-end=\"361\">Zur Erinnerung: Barucker forderte erstmalige unter Nutzung des &#8222;Informationsfreiheitsgesetzes&#8220; PEI-Protokolle an, die er dann nur unter Druck juristischer Unterst\u00fctzung erhielt (<em>RT DE<\/em>\u00a0<a href=\"https:\/\/freedert.online\/inland\/261081-daten-welche-daten-der-naechste-skandal-des-paul-ehrlich-instituts\/\" target=\"_blank\" rel=\"noopener noreferrer\">berichtete<\/a>).<\/p>\n<p data-start=\"176\" data-end=\"361\">Diese betrafen das PEI-Fachgebiet der &#8222;Pharmakovigilanz (SBD 1)&#8220;, das explizit f\u00fcr die \u00dcberwachung der Arzneimittelsicherheit zust\u00e4ndig ist, zugeh\u00f6rig zur Abteilung &#8222;Sicherheit von biomedizinischen Arzneimitteln und Diagnostika (SBD)&#8220;. Nach Erhalt und Auswertung forderte Barucker weitere spezifische SBD-Unterlagen an. Dazu hei\u00dft es nun:<\/p>\n<p style=\"padding-left: 40px;\" data-start=\"176\" data-end=\"361\"><em>&#8222;Die kaum zu glaubende <a href=\"https:\/\/fragdenstaat.de\/anfrage\/protokolle-abteilung-sbd\/\" target=\"_blank\" rel=\"noopener noreferrer\">Mitteilung<\/a> auf meine Anfrage lautete: Die im Anhang \u00fcbermittelten amtlichen Unterlagen umfassen die Protokolle f\u00fcr den Zeitraum vom 11.05.2023 bis zum 20.11.2025. F\u00fcr den Zeitraum ab 2019 bis zum 10.05.2023 liegen dem Paul-Ehrlich Institut keine schriftlichen Protokolle vor. Auf die Erstellung schriftlicher Protokolle wurde innerhalb dieses Zeitraums verzichtet, u. a. da aufgrund der au\u00dfergew\u00f6hnlich hohen Arbeitsbelastung w\u00e4hrend der Pandemie die Ressourcen vorrangig auf die Erledigung der Amtsaufgaben konzentriert wurden und die fakultative Dokumentation der Sitzungen daher zur\u00fcckgestellt wurde.&#8220;<\/em><\/p>\n<p data-start=\"176\" data-end=\"361\">Also Arbeitsverweigerung unter dem Deckmantel einer vermeintlichen &#8222;hohen Arbeitsbelastung&#8220;. Skandal Nummer 1. Der weitere Skandal lautet, das PEI unter Verdienstordentr\u00e4ger\u00a0Cichutek war und ist ein &#8222;Bundesinstitut f\u00fcr Impfstoffe und biomedizinische Arzneimittel, eine Bundesoberbeh\u00f6rde <a href=\"https:\/\/www.pei.de\/DE\/institut\/institut-node.html\" target=\"_blank\" rel=\"noopener noreferrer\">im Gesch\u00e4ftsbereich<\/a> des Bundesministeriums f\u00fcr Gesundheit (BMG)&#8220;.<\/p>\n<p data-start=\"176\" data-end=\"361\">Im Rahmen der Pandemie gab es also an keinem Tag der historischen &#8222;Corona-Krise&#8220; den Bedarf auch nur eines BMG-Mitarbeiters an Protokollen der zust\u00e4ndigen PEI-Abteilung &#8222;f\u00fcr die \u00dcberwachung der Arzneimittelsicherheit&#8220;?<\/p>\n<p data-start=\"176\" data-end=\"361\">Im\u00a0Oktober 2021 <a href=\"https:\/\/www.aerzteblatt.de\/news\/paul-ehrlich-institut-startet-zentrum-fuer-pandemieimpfstoffe-und-therapeutika-bc036ed0-7745-4849-99d9-3d5b2cf35eeb\" target=\"_blank\" rel=\"noopener noreferrer\">berichtete<\/a> das Deutsche \u00c4rtzeblatt, dass das Paul-Ehrlich-Institut ein &#8222;Zentrum f\u00fcr Pandemieimpf\u00adstoffe und -therapeutika&#8220;, kurz ZEPAI, er\u00f6ffnet habe.\u00a0Kernaufgabe des ZEPAI sei es, &#8222;zuk\u00fcnftig eine Infrastruktur bereitzustellen, um Impfstoffe und Therapeu\u00adtika im Falle einer Pandemie schnellstm\u00f6glich zu entwickeln, zu produzieren und zu verteilen.&#8220;<\/p>\n<p data-start=\"176\" data-end=\"361\">Erste mRNA-Versuchsstoffe, deklariert als COVID-Impstoff der Stunde, waren ab Dezember 2020 fahrl\u00e4ssig ohne Erfahrungswerte zugelassen worden. Verantwortlich in Deutschland \u2013 das PEI. Die &#8222;<a href=\"https:\/\/www.pei.de\/DE\/newsroom\/pm\/jahr\/2020\/08-erste-klinische-pruefung-sars-cov-2-impfstoff-in-deutschland.html\" target=\"_blank\" rel=\"noopener noreferrer\">erste klinische Pr\u00fcfung<\/a>&#8220; samt Versuchsanordnung an Menschen mit\u00a0einem &#8222;COVID-19-Impfstoff in Deutschland&#8220; erfolgte durch das Institut bereits im August 2020.<\/p>\n<p data-start=\"176\" data-end=\"361\">Rund sechs Jahre sp\u00e4ter informiert der &#8222;Pandemie&#8220;-Ma\u00dfnahmenkritiker Professor Homburg auf X, dass aktuelle PEI-Ver\u00f6ffentlichungen je nach Blickwinkel erkenntnisreiche, best\u00e4tigende bis hin zu schockierende Realit\u00e4ten pr\u00e4sentieren. Dazu hei\u00dft es:<\/p>\n<p style=\"padding-left: 40px;\" data-start=\"176\" data-end=\"361\"><em>&#8222;In Summe 1,1 Millionen [PEI-]Meldungen, von Beschwerden bis Todesf\u00e4llen, stellen alle anderen Impfstoffe in den Schatten. Ein beispielloser medizinischer Skandal.&#8220;<\/em><\/p>\n<div class=\"embed-twitter\">\n<blockquote class=\"twitter-tweet\" data-width=\"550\" data-dnt=\"true\">\n<p lang=\"de\" dir=\"ltr\">In Summe 1,1 Mio. Meldungen, von Beschwerden bis Todesf\u00e4llen, stellen alle anderen Impfstoffe in den Schatten. Ein beispielloser medizinischer Skandal.<\/p>\n<p>Link: <a href=\"https:\/\/t.co\/x002YEaiDi\">https:\/\/t.co\/x002YEaiDi<\/a><\/p>\n<p>Erfahrungsgem\u00e4\u00df wird nur ein Teil der Impfsch\u00e4den per Brief, Telefon oder elektronisch gemeldet.\u2026 <a href=\"https:\/\/t.co\/ievfE0wneB\">pic.twitter.com\/ievfE0wneB<\/a><\/p>\n<p>&mdash; Stefan Homburg (@SHomburg) <a href=\"https:\/\/twitter.com\/SHomburg\/status\/2014268146522132616?ref_src=twsrc%5Etfw\">January 22, 2026<\/a><\/p><\/blockquote>\n<p><script async src=\"https:\/\/platform.twitter.com\/widgets.js\" charset=\"utf-8\"><\/script><\/div>\n<div class=\"EmbedBlock-root EmbedBlock-twitter\">\n<div class=\"TwitterEmbed\">\n<div class=\"twitter-tweet twitter-tweet-rendered\"><\/div>\n<div class=\"twitter-tweet twitter-tweet-rendered\">Die PEI-Pressestelle pr\u00e4sentierte besorgten B\u00fcrger jener Zeit zur dringlichen und berechtigten Frage, warum &#8222;in besonderen Situationen wie der Coronavirus-Pandemie Impfstoffe sehr schnell zugelassen werden&#8220; und \u2013 Achtung \u2013 &#8222;zugleich sicher sein k\u00f6nnen&#8220;, folgende bis heute nachzulesende <a href=\"https:\/\/www.pei.de\/DE\/service\/faq\/regulation\/faq-zulassung-node.html\" target=\"_blank\" rel=\"noopener noreferrer\">Erkl\u00e4rung<\/a>:<\/div>\n<\/div>\n<\/div>\n<p style=\"padding-left: 40px;\"><em>&#8222;Die Entwicklung von Impfstoffen gegen neue Erreger ist ein komplexer und langwieriger Prozess, der meist mehrere Jahre beansprucht. Vor der Zulassung muss ein Impfstoffkandidat alle Phasen der Arzneimittelentwicklung erfolgreich durchlaufen (&#8230;)<\/em><\/p>\n<p style=\"padding-left: 40px;\"><em>Damit ein Impfstoff eine Zulassung erhalten kann, muss seine Qualit\u00e4t, Unbedenklichkeit und Wirksamkeit belegt werden. <\/em><\/p>\n<p style=\"padding-left: 40px;\"><em>Diese Erkenntnis hat alle an der Impfstoffentwicklung beteiligten Expertinnen und Experten bewogen, die Zusammenarbeit enger und die Prozesse <strong>effizienter zu gestalten<\/strong>, ohne Abstriche bei der Sorgfalt zu machen. Dies hat auch <strong>zu deutlichen Optimierungen<\/strong> der Verfahrensabl\u00e4ufe und einem Zeitgewinn bei der Entwicklung gef\u00fchrt. (&#8230;)&#8220;<\/em><\/p>\n<p>Wie hoch die finale Opferzahl allein in Deutschland liegt, bezogen auf sogenannte &#8222;Post-Vac&#8220;-Betroffene, wird nie genau ermittelt werden k\u00f6nnen. Dies mit Blick auf bereits Verstorbene sowie Menschen, die bis ans Ende ihres Lebens mit meist mehrfachen, wechselnden Symptomen ihr leidvolles Dasein bew\u00e4ltigen m\u00fcssen.<\/p>\n<p>Der Barucker-<a href=\"https:\/\/www.barucker.press\/p\/pei-abteilung-protokolle\" target=\"_blank\" rel=\"noopener noreferrer\">Artikel<\/a> zum j\u00fcngsten PEI-Skandal ist erneut gewissenhaft recherchiert, mit nachweislichen Daten und Fakten untermauert und gut verst\u00e4ndlich formuliert, daher mehr als empfehlenswert.<\/p>\n<p>Als n\u00e4chsten, f\u00fcr Barucker selbstverst\u00e4ndlichen Schritt will der hartn\u00e4ckige &#8222;Corona-Aufarbeiter&#8220; nun die Protokolle der Jahre 2019 bis 2025 &#8222;der \u00fcbergeordneten, h\u00f6chsten Ebene des Paul-Ehrlich-Instituts, also der Leitung des Paul-Ehrlich-Instituts&#8220; einfordern. Dazu schreibt er:<\/p>\n<p style=\"padding-left: 40px;\"><em>&#8222;Vielleicht sind dort Protokolle abgelegt, die den damaligen Wissensstand der Fachleute im PEI festgehalten haben.&#8220;<\/em><\/p>\n<p>Dies bedeutet: Bis zu den neuen Erkenntnissen m\u00f6glicher Manipulation durch Arbeitsverweigerung werden dabei weder die jeweiligen BMG-Hauptverantwortlichen Jens Spahn und Karl Lauterbach, noch Ex-PEI-Chef Klaus Cichutek, Ex-RKI-Chef Lothar Wieler, die Ex-Regierungsleiter Merkel und Scholz sowie die lautstarken, wie auch leiseren Erf\u00fcllungsgehilfen in der Politik, Angestellte in den \u00c4mtern und Beh\u00f6rden, der Wissenschaft sowie zuarbeitenden Mainstreammedien auch nur den Funken einer dringend notwendigen juristischen Aufarbeitung bef\u00fcrchten m\u00fcssen.<\/p>\n<p>Ein unabh\u00e4ngiges &#8222;Corona-Tribunal&#8220; mit eindeutiger Benennung und Verurteilung der nachweislich bekannten Verantwortlichen bei unmissverst\u00e4ndlicher Entsch\u00e4digung aller Opfer ist und bleibt\u00a0auch weiterhin die Notwendigkeit der Stunde.<\/p>\n<p style=\"text-align: right;\"><em>Bernhard Loyen ist freier Journalist und schreibt f\u00fcr verschiedene alternative Portale<\/em><\/p>\n<hr \/>\n<p><span style=\"font-size: 10pt;\">Bild oben: Paul-Ehrlich-Institut in Langen (Hessen)<\/span><br \/>\n<span style=\"font-size: 10pt;\">Foto: Wvdp , <a href=\"http:\/\/creativecommons.org\/publicdomain\/zero\/1.0\/deed.en\" target=\"_blank\" rel=\"noopener\">CC0<\/a><\/span><br \/>\n<span style=\"font-size: 10pt;\">Quelle: <a href=\"https:\/\/commons.wikimedia.org\/w\/index.php?curid=170070624\" target=\"_blank\" rel=\"noopener\">https:\/\/commons.wikimedia.org\/w\/index.php?curid=170070624<\/a><\/span><\/p>\n","protected":false},"excerpt":{"rendered":"<p><b>Beitrag von Bernhard Loyen<\/b><br \/>\nJanuar 2024, die Pressestelle des Paul-Ehrlich-Instituts (PEI) kann stolz verk\u00fcnden, dass ihr langj\u00e4hriger verantwortlicher Leiter, Klaus Cichutek, von Bundespr\u00e4sident Frank-Walter Steinmeier &#8222;mit dem Verdienstkreuz 1. Klasse des Verdienstordens der Bundesrepublik Deutschland ausgezeichnet&#8220; wird. Diese hohe staatliche Ehrung erhielt er, ausdr\u00fccklich in der Rede von Steinmeier betont, &#8222;f\u00fcr seinen herausragenden Einsatz bei der Bew\u00e4ltigung der COVID-19-Pandemie und den bedeutenden Beitrag, den er als Pr\u00e4sident des Paul-Ehrlich-Instituts dabei geleistet hat.&#8220; Zwei Jahre sp\u00e4ter berichtet der Publizist und freie Journalist Bastian Barucker \u2013 erneut \u2013 \u00fcber weitere nachweisliche Abgr\u00fcnde politisch motivierter Arbeitsverweigerung in den drei dunklen Jahren einer mutwillig forcierten Ausnahmesiutation f\u00fcr Millionen ma\u00dfnahmenkritische Menschen im Land. <\/p>\n","protected":false},"author":3,"featured_media":24336,"comment_status":"closed","ping_status":"closed","sticky":false,"template":"","format":"standard","meta":{"colormag_page_container_layout":"default_layout","colormag_page_sidebar_layout":"default_layout","advanced_seo_description":"","jetpack_seo_html_title":"","jetpack_seo_noindex":false,"jetpack_post_was_ever_published":false,"footnotes":""},"categories":[12],"tags":[3033,1256,1816,1278,1594,636,1257,2853,1274,123],"class_list":["post-24324","post","type-post","status-publish","format-standard","has-post-thumbnail","hentry","category-demokratie-medien-aufklaerung","tag-arbeitsbelastung","tag-corona-virus","tag-impfstoff","tag-impfung","tag-infrastruktur","tag-manipulation","tag-pandemie","tag-paul-ehrlich-institut","tag-pharmaindustrie","tag-wissenschaft"],"jetpack_featured_media_url":"https:\/\/i0.wp.com\/www.freidenker.org\/fw17\/wp-content\/uploads\/2026\/01\/Paul_Ehrlich_Institut_building_Langen_-_2022-05-16_800x450.jpg?fit=800%2C450&ssl=1","jetpack_shortlink":"https:\/\/wp.me\/p9stpK-6kk","jetpack-related-posts":[{"id":23498,"url":"https:\/\/www.freidenker.org\/?p=23498","url_meta":{"origin":24324,"position":0},"title":"Daten, welche Daten?","author":"Webredaktion","date":"8. November 2025","format":false,"excerpt":"Der n\u00e4chste Skandal des Paul-Ehrlich-Instituts in der \"Corona-Aufarbeitung\" Beitrag von Bernhard Loyen Die wesentlichen Aufdeckungen und Enth\u00fcllungen zu den Themen der mutwilligen N\u00f6tigung von Politik und zuarbeitenden Medien in drei langen Jahren, der rigiden inhumanen Ma\u00dfnahmenpolitik mit Ans\u00e4tzen totalit\u00e4rer Neigungen und Absichten sowie dem selbstverst\u00e4ndlichen Agieren, also Zuarbeiten, eines Gro\u00dfteils\u2026","rel":"","context":"In &quot;Demokratie \u2013 Medien \u2013 Aufkl\u00e4rung&quot;","block_context":{"text":"Demokratie \u2013 Medien \u2013 Aufkl\u00e4rung","link":"https:\/\/www.freidenker.org\/?cat=12"},"img":{"alt_text":"","src":"https:\/\/i0.wp.com\/www.freidenker.org\/fw17\/wp-content\/uploads\/2025\/11\/Paul_Ehrlich_Institut_800x450.jpg?fit=800%2C450&ssl=1&resize=350%2C200","width":350,"height":200,"srcset":"https:\/\/i0.wp.com\/www.freidenker.org\/fw17\/wp-content\/uploads\/2025\/11\/Paul_Ehrlich_Institut_800x450.jpg?fit=800%2C450&ssl=1&resize=350%2C200 1x, https:\/\/i0.wp.com\/www.freidenker.org\/fw17\/wp-content\/uploads\/2025\/11\/Paul_Ehrlich_Institut_800x450.jpg?fit=800%2C450&ssl=1&resize=525%2C300 1.5x, https:\/\/i0.wp.com\/www.freidenker.org\/fw17\/wp-content\/uploads\/2025\/11\/Paul_Ehrlich_Institut_800x450.jpg?fit=800%2C450&ssl=1&resize=700%2C400 2x"},"classes":[]},{"id":18016,"url":"https:\/\/www.freidenker.org\/?p=18016","url_meta":{"origin":24324,"position":1},"title":"Corona-Aufarbeitung: Orden f\u00fcr Wieler und Co. \u2013 die Opfer leiden im Stillen","author":"Webredaktion","date":"27. Januar 2024","format":false,"excerpt":"Beitrag von Bernhard Loyen Nein, nicht staunen, auch nicht wundern \u00fcber die Medieninformation vom 10. Januar. \"Auszeichnung \u2013 Bundesverdienstkreuz f\u00fcr fr\u00fcheren RKI-Chef Wieler\",\u00a0meldet\u00a0die ARD-Tagesschau. \"In unz\u00e4hligen Pressekonferenzen hat er in seiner damaligen Position als RKI-Chef \u00fcber die Corona-Lage informiert\", m\u00f6chte die Wochenzeitung\u00a0Die Zeit\u00a0die Ehrung aus dem Hause Bellevue den Lesern\u00a0erkl\u00e4ren.\u2026","rel":"","context":"In &quot;Demokratie \u2013 Medien \u2013 Aufkl\u00e4rung&quot;","block_context":{"text":"Demokratie \u2013 Medien \u2013 Aufkl\u00e4rung","link":"https:\/\/www.freidenker.org\/?cat=12"},"img":{"alt_text":"","src":"https:\/\/i0.wp.com\/www.freidenker.org\/fw17\/wp-content\/uploads\/2024\/01\/Wieler_-_SCIENCE_ON-Talk-1_800x450.jpg?fit=800%2C450&ssl=1&resize=350%2C200","width":350,"height":200,"srcset":"https:\/\/i0.wp.com\/www.freidenker.org\/fw17\/wp-content\/uploads\/2024\/01\/Wieler_-_SCIENCE_ON-Talk-1_800x450.jpg?fit=800%2C450&ssl=1&resize=350%2C200 1x, https:\/\/i0.wp.com\/www.freidenker.org\/fw17\/wp-content\/uploads\/2024\/01\/Wieler_-_SCIENCE_ON-Talk-1_800x450.jpg?fit=800%2C450&ssl=1&resize=525%2C300 1.5x, https:\/\/i0.wp.com\/www.freidenker.org\/fw17\/wp-content\/uploads\/2024\/01\/Wieler_-_SCIENCE_ON-Talk-1_800x450.jpg?fit=800%2C450&ssl=1&resize=700%2C400 2x"},"classes":[]},{"id":16223,"url":"https:\/\/www.freidenker.org\/?p=16223","url_meta":{"origin":24324,"position":2},"title":"Von einer Pandemie zur n\u00e4chsten?","author":"Webredaktion","date":"2. Juni 2023","format":false,"excerpt":"Karl Lauterbach, die WHO und Rockefeller-Millionen Podcast von Bernhard Loyen Millionen Menschen weltweit leiden weiterhin unter den Auswirkungen der politischen Ma\u00dfnahmen in der Corona-Krise. Im Hintergrund bastelt ein elit\u00e4rer Kreis von Krisenprofiteuren am n\u00e4chsten m\u00f6glichen Ereignis. Nat\u00fcrlich alles unter dem Deckmantel vorbeugender Ma\u00dfnahmen und rein zum Schutze der Menschheit.","rel":"","context":"In &quot;Demokratie \u2013 Medien \u2013 Aufkl\u00e4rung&quot;","block_context":{"text":"Demokratie \u2013 Medien \u2013 Aufkl\u00e4rung","link":"https:\/\/www.freidenker.org\/?cat=12"},"img":{"alt_text":"","src":"https:\/\/i0.wp.com\/www.freidenker.org\/fw17\/wp-content\/uploads\/2023\/06\/Karl_Lauterbach_by_OlafKosinsky_2019_MG_2423_800x450_ausschnitt.jpg?fit=800%2C450&ssl=1&resize=350%2C200","width":350,"height":200,"srcset":"https:\/\/i0.wp.com\/www.freidenker.org\/fw17\/wp-content\/uploads\/2023\/06\/Karl_Lauterbach_by_OlafKosinsky_2019_MG_2423_800x450_ausschnitt.jpg?fit=800%2C450&ssl=1&resize=350%2C200 1x, https:\/\/i0.wp.com\/www.freidenker.org\/fw17\/wp-content\/uploads\/2023\/06\/Karl_Lauterbach_by_OlafKosinsky_2019_MG_2423_800x450_ausschnitt.jpg?fit=800%2C450&ssl=1&resize=525%2C300 1.5x, https:\/\/i0.wp.com\/www.freidenker.org\/fw17\/wp-content\/uploads\/2023\/06\/Karl_Lauterbach_by_OlafKosinsky_2019_MG_2423_800x450_ausschnitt.jpg?fit=800%2C450&ssl=1&resize=700%2C400 2x"},"classes":[]},{"id":20161,"url":"https:\/\/www.freidenker.org\/?p=20161","url_meta":{"origin":24324,"position":3},"title":"Eckart von Hirschhausen und Lauterbach drohen mit &#8222;Corona-Aufarbeitung&#8220;","author":"Webredaktion","date":"30. Oktober 2024","format":false,"excerpt":"Beitrag von Bernhard Loyen Die Ampelkoalition wird sich aufgrund \"unterschiedlicher Auffassungen\" in dieser Legislaturperiode nicht mehr mit dem Thema \"Aufarbeitung der Corona-Pandemie\" besch\u00e4ftigen. Ein seitens SPD und Gr\u00fcnen pr\u00e4ferierter \"B\u00fcrgerrat\" sei bis zur Bundestagswahl 2025 nicht realisierbar, so das\u00a0RT-Update\u00a0vom 11. Oktober zum Thema der konsequenten Verweigerungshaltung verantwortlicher Protagonisten dreier dunkler\u2026","rel":"","context":"In &quot;Demokratie \u2013 Medien \u2013 Aufkl\u00e4rung&quot;","block_context":{"text":"Demokratie \u2013 Medien \u2013 Aufkl\u00e4rung","link":"https:\/\/www.freidenker.org\/?cat=12"},"img":{"alt_text":"","src":"https:\/\/i0.wp.com\/www.freidenker.org\/fw17\/wp-content\/uploads\/2024\/10\/Health_for_Future_IMG_0265_50174308517_800x450.jpg?fit=800%2C450&ssl=1&resize=350%2C200","width":350,"height":200,"srcset":"https:\/\/i0.wp.com\/www.freidenker.org\/fw17\/wp-content\/uploads\/2024\/10\/Health_for_Future_IMG_0265_50174308517_800x450.jpg?fit=800%2C450&ssl=1&resize=350%2C200 1x, https:\/\/i0.wp.com\/www.freidenker.org\/fw17\/wp-content\/uploads\/2024\/10\/Health_for_Future_IMG_0265_50174308517_800x450.jpg?fit=800%2C450&ssl=1&resize=525%2C300 1.5x, https:\/\/i0.wp.com\/www.freidenker.org\/fw17\/wp-content\/uploads\/2024\/10\/Health_for_Future_IMG_0265_50174308517_800x450.jpg?fit=800%2C450&ssl=1&resize=700%2C400 2x"},"classes":[]},{"id":24721,"url":"https:\/\/www.freidenker.org\/?p=24721","url_meta":{"origin":24324,"position":4},"title":"&#8222;Segen der Impfungen&#8220;","author":"Webredaktion","date":"25. M\u00e4rz 2026","format":false,"excerpt":"Ex-Minister Lauterbach beklagt \"Fake-News\" in der Enquete-Kommission Beitrag von Bernhard Loyen Mit Spannung wurde der gestrige gemeinsame Auftritt zweier entscheidender Protagonisten in der \"Corona-Krise\" im Bundestag erwartet. So waren in der \"Enquete-Kommission Corona\" zum Thema \"Leistungsf\u00e4higkeit des Gesundheitswesens in der Pandemie\" der ehemalige Bundesgesundheitsminister Karl Lauterbach (SPD) sowie Ex-RKI-Chef Lothar\u2026","rel":"","context":"In &quot;Demokratie \u2013 Medien \u2013 Aufkl\u00e4rung&quot;","block_context":{"text":"Demokratie \u2013 Medien \u2013 Aufkl\u00e4rung","link":"https:\/\/www.freidenker.org\/?cat=12"},"img":{"alt_text":"","src":"https:\/\/i0.wp.com\/www.freidenker.org\/fw17\/wp-content\/uploads\/2026\/03\/neelam279-vaccine-5833550_800x450.jpg?fit=800%2C450&ssl=1&resize=350%2C200","width":350,"height":200,"srcset":"https:\/\/i0.wp.com\/www.freidenker.org\/fw17\/wp-content\/uploads\/2026\/03\/neelam279-vaccine-5833550_800x450.jpg?fit=800%2C450&ssl=1&resize=350%2C200 1x, https:\/\/i0.wp.com\/www.freidenker.org\/fw17\/wp-content\/uploads\/2026\/03\/neelam279-vaccine-5833550_800x450.jpg?fit=800%2C450&ssl=1&resize=525%2C300 1.5x, https:\/\/i0.wp.com\/www.freidenker.org\/fw17\/wp-content\/uploads\/2026\/03\/neelam279-vaccine-5833550_800x450.jpg?fit=800%2C450&ssl=1&resize=700%2C400 2x"},"classes":[]},{"id":12432,"url":"https:\/\/www.freidenker.org\/?p=12432","url_meta":{"origin":24324,"position":5},"title":"Impfpflicht ist verfassungswidrig!","author":"Webredaktion","date":"12. M\u00e4rz 2022","format":false,"excerpt":"Beitrag von Klaus Hartmann - und Dokumentation eines Gutachten von 81 Wissenschaftlern an die Bundestagsabgeordneten Trotz der dr\u00f6hnenden Kriegstrommeln auf allen Kan\u00e4len gibt es auch neue Entwicklungen an der Corona-Front. .... Inzwischen hat sich am 9.M\u00e4rz 2022 eine Gruppe von 81 Wissenschaftlern mit einem ausf\u00fchrlichen Gutachten an die Bundestagsabgeordneten gewandt,\u2026","rel":"","context":"In &quot;Demokratie \u2013 Medien \u2013 Aufkl\u00e4rung&quot;","block_context":{"text":"Demokratie \u2013 Medien \u2013 Aufkl\u00e4rung","link":"https:\/\/www.freidenker.org\/?cat=12"},"img":{"alt_text":"","src":"https:\/\/i0.wp.com\/www.freidenker.org\/fw17\/wp-content\/uploads\/2022\/03\/sign-6936660_800x450.jpg?fit=800%2C450&ssl=1&resize=350%2C200","width":350,"height":200,"srcset":"https:\/\/i0.wp.com\/www.freidenker.org\/fw17\/wp-content\/uploads\/2022\/03\/sign-6936660_800x450.jpg?fit=800%2C450&ssl=1&resize=350%2C200 1x, https:\/\/i0.wp.com\/www.freidenker.org\/fw17\/wp-content\/uploads\/2022\/03\/sign-6936660_800x450.jpg?fit=800%2C450&ssl=1&resize=525%2C300 1.5x, https:\/\/i0.wp.com\/www.freidenker.org\/fw17\/wp-content\/uploads\/2022\/03\/sign-6936660_800x450.jpg?fit=800%2C450&ssl=1&resize=700%2C400 2x"},"classes":[]}],"_links":{"self":[{"href":"https:\/\/www.freidenker.org\/index.php?rest_route=\/wp\/v2\/posts\/24324","targetHints":{"allow":["GET"]}}],"collection":[{"href":"https:\/\/www.freidenker.org\/index.php?rest_route=\/wp\/v2\/posts"}],"about":[{"href":"https:\/\/www.freidenker.org\/index.php?rest_route=\/wp\/v2\/types\/post"}],"author":[{"embeddable":true,"href":"https:\/\/www.freidenker.org\/index.php?rest_route=\/wp\/v2\/users\/3"}],"replies":[{"embeddable":true,"href":"https:\/\/www.freidenker.org\/index.php?rest_route=%2Fwp%2Fv2%2Fcomments&post=24324"}],"version-history":[{"count":4,"href":"https:\/\/www.freidenker.org\/index.php?rest_route=\/wp\/v2\/posts\/24324\/revisions"}],"predecessor-version":[{"id":24344,"href":"https:\/\/www.freidenker.org\/index.php?rest_route=\/wp\/v2\/posts\/24324\/revisions\/24344"}],"wp:featuredmedia":[{"embeddable":true,"href":"https:\/\/www.freidenker.org\/index.php?rest_route=\/wp\/v2\/media\/24336"}],"wp:attachment":[{"href":"https:\/\/www.freidenker.org\/index.php?rest_route=%2Fwp%2Fv2%2Fmedia&parent=24324"}],"wp:term":[{"taxonomy":"category","embeddable":true,"href":"https:\/\/www.freidenker.org\/index.php?rest_route=%2Fwp%2Fv2%2Fcategories&post=24324"},{"taxonomy":"post_tag","embeddable":true,"href":"https:\/\/www.freidenker.org\/index.php?rest_route=%2Fwp%2Fv2%2Ftags&post=24324"}],"curies":[{"name":"wp","href":"https:\/\/api.w.org\/{rel}","templated":true}]}}