{"id":24312,"date":"2026-01-27T23:36:48","date_gmt":"2026-01-27T22:36:48","guid":{"rendered":"https:\/\/www.freidenker.org\/?p=24312"},"modified":"2026-02-28T02:05:42","modified_gmt":"2026-02-28T01:05:42","slug":"gabriele-gysi-die-aktuelle-rechts-links-diskussion-schafft-ein-verkehrschaos-der-begriffe","status":"publish","type":"post","link":"https:\/\/www.freidenker.org\/?p=24312","title":{"rendered":"Gabriele Gysi: &#8222;Die aktuelle Rechts-links-Diskussion schafft ein Verkehrschaos der Begriffe&#8220;"},"content":{"rendered":"<p><strong>Gabriele Gysi erkl\u00e4rt ihre Sicht auf die Links-rechts-Debatte: Die Linke sei nicht mehr links. Sie habe jeglichen Klassenstandpunkt aufgegeben und den Internationalismus dem globalen Verwertungsanspruch des Kapitals untergeordnet. Zudem d\u00fcrfe man jemanden nicht nur deshalb als &#8222;rechts&#8220; verorten, weil er national orientiert sei. <\/strong><\/p>\n<p><em>Interview von <strong>Felicitas Rabe<\/strong> mit <strong>Gabriele Gysi<\/strong><\/em><\/p>\n<p><span style=\"font-size: 10pt;\">Erstver\u00f6ffentlichung am 23.01.2026 auf <a href=\"https:\/\/freedert.online\/meinung\/268214-gabriele-gysi-die-aktuelle-rechts-links-diskussion-schafft-ein-verkehrschaos-der-begriffe\/\" target=\"_blank\" rel=\"noopener\">RT DE<\/a><\/span><\/p>\n<p>Im Interview mit <em>RT\u00a0DE<\/em> spricht die Schauspielerin und Regisseurin Gabriele Gysi \u00fcber ihre Sicht auf die Links-rechts-Debatte in Deutschland. Sie erl\u00e4utert Hintergr\u00fcnde der heutigen Verwirrung politisch linker und rechter Positionen. Unterschiedliche Bildung trage ebenso zur Verwirrung bei wie fehlende klare Definitionen von f\u00fcr den Diskurs entscheidenden Begriffen. Gysi wirft auch einen Blick auf das andere Bewusstsein der Ostdeutschen im Verh\u00e4ltnis zu Menschen in Westdeutschland\u00a0\u2013 das in den politischen K\u00e4mpfen der letzten Jahre zutage tritt.<\/p>\n<p>Ihr Fazit zu dieser Frage: Der Russe war&#8217;s. Warum das so ist, erkl\u00e4rte Frau Gysi am 14.\u00a0Januar in Berlin im Gespr\u00e4ch mit Felicitas Rabe. Im Interview bezog sie sich auch auf ihr neues Buch &#8222;Die Nacht, als Soldaten Verkehrspolizisten wurden&#8220;.<\/p>\n<p><em>RT DE: Frau Gysi, k\u00f6nnen Sie uns zun\u00e4chst etwas \u00fcber ihre politische Perspektive erkl\u00e4ren, mit der Sie auf den aktuellen Diskurs schauen, und wie diese gepr\u00e4gt wurde?<\/em><\/p>\n<p style=\"padding-left: 40px;\">Gabriele Gysi: Als Schauspielerin muss ich mir alle Positionen von Menschen als m\u00f6glich vorstellen k\u00f6nnen. Alles, was lebbar ist, ist spielbar und umgekehrt. Es ist interessant, unterschiedliche Standpunkte von Menschen nachzuvollziehen. Nicht Recht haben ist das Ziel, sondern verstehen.\u00a0Doch gerade in Deutschland ist die Motivation, recht zu haben, sehr verbreitet\u00a0\u2013 sogar ohne jede argumentative Begr\u00fcndung.<\/p>\n<p style=\"padding-left: 40px;\">Und zum zweiten wird man nat\u00fcrlich durch die Eltern und deren Erfahrungen gepr\u00e4gt. Mein Vater lebte im Berlin der Zwanzigerjahre und war, wie seine j\u00fcdische Mutter, Mitglied der Kommunistischen Partei. Meine Mutter wurde in Petersburg 1912 geboren als Tochter eines deutschen Industriellen und einer russischen Aristokratin. In ihren Biografien war Widerspruch zu den damaligen Verh\u00e4ltnissen angelegt und Verst\u00e4ndnis von Geopolitik gefordert.<\/p>\n<p style=\"padding-left: 40px;\">Von meinem Vater habe ich gelernt, dass es auf der Welt so viele Mittelpunkte gibt, wie es Menschen gibt. Damit war die Neugier auf das Leben programmiert. Doch alle Pr\u00e4gungen, durch wen oder was auch immer, kein medialer Einfluss, erlaubt uns Menschen, sich der Verantwortung der eigenen Entscheidungen zu entziehen. Auch das ber\u00fchmte Nichtwissen hilft uns Menschen bei der Konfrontation mit bewusst oder unbewusst getroffenen Entscheidungen nicht weiter.<\/p>\n<p style=\"padding-left: 40px;\">Meine Generation war schnell bereit, die Schuld an den Katastrophen des 2.\u00a0Weltkrieges bei den Eltern zu sehen, ihnen gegen\u00fcber besser zu sein und recht zu haben. Heute steht genau diese Generation, also auch ich, vor dem Dilemma, das eigene Versagen zu begreifen und politisch zu deuten.<\/p>\n<p style=\"padding-left: 40px;\">Angesichts der gegenw\u00e4rtig verbreiten Russophobie muss man eine be\u00e4ngstigende kulturelle und soziologische Geschichtsvergessenheit der, nach dem Zweiten Weltkrieg Geborenen, konstatieren.\u00a0Im Moment wird deshalb &#8222;Links-Sein&#8220; meist im eigenen Gef\u00fchl verortet und als Lifestyle gepredigt.<\/p>\n<p><em>RT DE: Wie wirkt sich dieser linke Lifestyle aktuell auf linke Politik aus? <\/em><\/p>\n<p style=\"padding-left: 40px;\">Gabriele Gysi: Nehmen wir zum Beispiel die Debatte \u00fcber Migrationsbewegungen. Aus meiner Sicht werden Menschen, die durch Not, Kriege und Wunschtr\u00e4ume motiviert sind, um den Erdball gejagt. Dabei handelt es sich um eine vom Kapital erzeugte Reservearmee von Arbeitslosen, die in Europa den Wert der Ware Arbeitskraft nach unten dr\u00fccken. Auf diese Weise werden faktisch die K\u00e4mpfe und Errungenschaften der Arbeiterklasse der letzten 200\u00a0Jahre zunichtegemacht.<\/p>\n<p style=\"padding-left: 40px;\">Zuvor gut bezahlte Postbeamte und im gesamtgesellschaftlichen nationalen Kontext geachtete Menschen werden nun durch Billigl\u00f6hner aus aller Welt ersetzt\u00a0\u2013 quasi ohne Rechte gegen\u00fcber ihren Arbeitgebern. Das ist es, was Migration bedeutet!\u00a0Wo bleibt denn hier die Linke mit ihrer Stimme gegen solch einen Raubzug des Kapitals, der mittels Migrationsbewegungen in den europ\u00e4ischen Gesellschaften veranstaltet wird? F\u00fcr den eigenen globalen Machtanspruch rei\u00dft das Kapital alle nationalen Grenzen ein, die die Herrschaft des reaktion\u00e4rsten Teils des Finanzkapitals behindern.<\/p>\n<p style=\"padding-left: 40px;\">In westlichen Gesellschaften ist Links-Sein mit einer ablehnenden Haltung zu\u00a0 gesellschaftlichen Traditionen verbunden. Solch Linke vertreten ihren intellektuellen Herrschaftsanspruch mit einer \u00dcberheblichkeit, als seien sie der Mittelpunkt der Welt. Sie stellen ihr Ich ins Zentrum, als seien sie der Ma\u00dfstab f\u00fcr alle Gesellschaften. Was ist das f\u00fcr eine Provenzialisierung einst linker Traditionen.<\/p>\n<p style=\"padding-left: 40px;\">Theoretisch gesprochen, ist die Linke nicht mehr links, weil sie jegliche Form des Klassenstandpunkts aufgegeben hat, weil sie Internationalismus dem globalen Verwertungsanspruch des Kapitals unterordnet und im Kampf gegen nationale Bez\u00fcge und Forderungen globale US-amerikanische Herrschaft legitimiert und unterst\u00fctzt.<\/p>\n<p style=\"padding-left: 40px;\">Tats\u00e4chlich setzt Internationalismus aber Nationalismen mit jeweils eigener Geschichte, Kultur, Sprache und Erinnerung voraus.\u00a0Das ist tragisch, weil die Linke ihre Wirkung im medialen Schaukampf ersch\u00f6pft und die wirklichen Verteilungsk\u00e4mpfe nicht mehr zur Kenntnis nimmt.<\/p>\n<p style=\"padding-left: 40px;\">Somit ist die Linke nicht mehr in der Lage, den Kulturkampf zwischen sogenannten &#8222;Anywheres&#8220; und &#8222;Somewheres&#8220; zu verstehen. Nach der Beschreibung des englischen Schriftstellers David Goodhart sind es junge Menschen mit akademischen Hintergrund und urbanem Lifestyle, sogenannte &#8222;Anywheres&#8220;, die quasi traditions- und heimatlos in allen Gro\u00dfst\u00e4dten der Welt leben und f\u00fcr sich und ihren Lebensstil allgemeine G\u00fcltigkeit fordern.<\/p>\n<p style=\"padding-left: 40px;\">Als sogenannte &#8222;Somewheres&#8220; bezeichnet Goodhart die am Ort gebundenen arbeitenden Bev\u00f6lkerungsschichten, die nach wie vor die Grundlagen des menschlichen \u00dcberlebens sichern.<\/p>\n<p style=\"padding-left: 40px;\">Man k\u00f6nnte sagen, die Lifestyle-Linken, die als &#8222;Anywheres&#8220; um die Welt ziehen, vertreten die Interessen des globalen Finanzkapitals. Denn sie beteiligen sich, genau wie die Denkfabriken oder die gro\u00dfen Geldverwalter wie BlackRock und andere, am Einrei\u00dfen nationaler Hegemonien zugunsten eines globalen Allmachtanspruchs.<\/p>\n<p style=\"padding-left: 40px;\">Mittels einer etablierten Klimadoktrin fordern sie, direkt oder indirekt, das Aufgeben jeglicher unterschiedlicher gesellschaftlicher Traditionen. Den vorherigen Generationen werden die Zerst\u00f6rungen des Planeten angelastet und keinerlei ihrer Leistungen anerkannt. Sie l\u00f6schen jeglichen Anspruch der \u00e4lteren Generation auf Respekt vor ihrer Erfahrung und vor einer gewachsenen Kultur in der Geschichte ihrer jeweiligen Herkunftsgesellschaften.<\/p>\n<p style=\"padding-left: 40px;\">Gleichzeitig w\u00fcrde ich die heute als rechts beschriebenen &#8222;Rechten&#8220; nicht mehr als rechts verorten, nur weil sie national orientiert sind. Diese setzen sich f\u00fcr den Schutz des Mittelstands ein und beziehen Stellung gegen die globale Vorherrschaft des Finanzkapitals.<\/p>\n<p><em>RT DE: Wie kann man dann \u00fcberhaupt noch die rechte und linke Positionen verstehen?<\/em><\/p>\n<p style=\"padding-left: 40px;\">Gabriele Gysi: Die aktuelle Rechts-links-Diskussion schafft ein Verkehrschaos der Begriffe. Was rechts ist und was links ist, wird quasi beliebig je nach Standpunkt verstanden und bewertet. Die Rechts-links-Einordnung entgleist damit genauso wie das Verst\u00e4ndnis der Begriffe Populismus, Diktatur und Demokratie in allgemeinen begrifflichen Verkehrsunf\u00e4llen.<\/p>\n<p style=\"padding-left: 40px;\">Insofern helfen uns diese Begriffe bei der Einordnung der politischen und gesellschaftlichen Situation heute nicht mehr weiter. Wenn die Linke das Gro\u00dfkapital st\u00fctzt, wenn die mittelst\u00e4ndischen Unternehmer gegen das Gro\u00dfkapital antreten und Traditionen verteidigen gegen einen asozialen Anspruch der Zentralisierung\u00a0\u2013 wer ist dann links und wer ist dann rechts?<\/p>\n<p style=\"padding-left: 40px;\">Wenn die aktuelle Emanzipationsbewegung der Frauen\u00a0\u2013 unter Ausblendung aller realen historischen K\u00e4mpfe f\u00fcr die Gleichheit der Frauen von den Suffragetten bis zur Oktoberrevolution\u00a0\u2013 sich heute auf das Erlangen eigener Privilegien reduziert, wie heuchlerisch ist so eine Frauenbewegung dann geworden?\u00a0Wenn Regime-Changes zur Unterwerfung unter US-amerikanische Gesetze als Freiheitsk\u00e4mpfe bezeichnet werden, was ist dann an solchen Freiheitsk\u00e4mpfen links oder gar freiheitlich?<\/p>\n<p><em>RT DE: Wie ist es zu dieser geistigen Verwirrung gekommen?<\/em><\/p>\n<p style=\"padding-left: 40px;\">Gabriele Gysi: Es gibt viele Wege ins Chaos. In meinem Buch &#8222;Die Nacht, als Soldaten Verkehrspolizisten wurden&#8220; versuche ich zu verstehen, wie die gro\u00dfe Unterwerfung am 9.\u00a0November 1989 begann.<\/p>\n<p style=\"padding-left: 40px;\">Aber wie kann und soll man sich als Zuschauer der Geopolitik in Bezug auf die politischen Entscheidungen, die sich ganz konkret auf unser Leben auswirken, noch orientieren? Wie verantwortungslos werden wir Menschen, wenn uns alle historischen und kulturellen Bez\u00fcge als inakzeptabel entzogen werden? Welche Allmachtsphantasien werden uns in dieser Situation angeboten, damit wir die eigene Ohnmacht nicht zur Kenntnis nehmen?<\/p>\n<p><em>RT DE: Welche Unterschiede nehmen Sie hinsichtlich aktueller politischer Haltungen zwischen Ostdeutschen und Westdeutschen wahr?<\/em><\/p>\n<p style=\"padding-left: 40px;\">Gabriele Gysi: Ich fragte mich beim Schreiben des Buches, wie sich bei den Ostdeutschen im Verh\u00e4ltnis zu den Westdeutschen ein anderes politisches Selbstbewusstsein entwickeln konnte, trotz jahrelanger Disqualifizierung von Ostdeutschen in politischen Debatten seit der Mauer\u00f6ffnung 1989.\u00a0Ich kam zu dem Schluss: &#8222;Der Russe war&#8217;s.&#8220; Die Sowjetische Besatzungsmacht in Deutschland hat die deutsche Bev\u00f6lkerung als Tr\u00e4ger, der in Russland gesch\u00e4tzten deutschen Kultur begriffen. Zudem haben sie die deutsche Bev\u00f6lkerung als unter den Zerst\u00f6rungen des Krieges leidend wahrgenommen.<\/p>\n<p style=\"padding-left: 40px;\">F\u00fcr die sowjetische Besatzungsmacht waren die Feinde die Nazis und nicht die deutsche Bev\u00f6lkerung. Im Gegensatz dazu hatte die US-amerikanischen Besatzungsmacht die deutsche Bev\u00f6lkerung als schuldig begriffen, w\u00e4hrend f\u00fchrende Nazis in die neuen Verwaltungsstrukturen integriert wurden.<\/p>\n<p style=\"padding-left: 40px;\">Was k\u00f6nnen wir Zuschauer der Weltgeschichte tun? Wir m\u00fcssen uns auf \u00a0die eigenen Beobachtungen verlassen. Die kognitive Kriegsf\u00fchrung wird uns nicht weiterhelfen, eher die F\u00e4higkeit zur Empathie in jedem einzelnen Mittelpunkt!<\/p>\n<p style=\"text-align: right;\"><em>Felicitas Rabe ist freie Journalistin und berichtete u.a. \u00fcber die <a href=\"https:\/\/www.freidenker.org\/?p=16200\" target=\"_blank\" rel=\"noopener\">Konferenz der Weltunion der Freidenker 2023<\/a><\/em><\/p>\n<p style=\"text-align: right;\"><em>Gabriele Gysi, Jahrgang 1946, ist Schauspielerin, Regisseurin und Schriftstellerin. Ihr letztes Buch &#8222;Die Nacht, als Soldaten Verkehrspolizisten wurden&#8220; erschien im September\u00a02025 im Westend Verlag<\/em><\/p>\n<hr \/>\n<p><span style=\"font-size: 10pt;\">Bild oben: Gabriele Gysi in der WDR-Sendung &#8222;Ich stelle mich&#8220;, Aufzeichnung am 13.06.2015<\/span><br \/>\n<span style=\"font-size: 10pt;\">Foto: Superbass, <a href=\"https:\/\/creativecommons.org\/licenses\/by-sa\/4.0\" target=\"_blank\" rel=\"noopener\">CC BY-SA 4.0<\/a><\/span><br \/>\n<span style=\"font-size: 10pt;\">Quelle: <a href=\"https:\/\/commons.wikimedia.org\/w\/index.php?curid=40990386\" target=\"_blank\" rel=\"noopener\">https:\/\/commons.wikimedia.org\/w\/index.php?curid=40990386<\/a><\/span><\/p>\n","protected":false},"excerpt":{"rendered":"<p><b>Interview von Felicitas Rabe mit Gabriele Gysi<\/b><br \/>\nIm Interview mit RT\u00a0DE spricht die Schauspielerin und Regisseurin Gabriele Gysi \u00fcber ihre Sicht auf die Links-rechts-Debatte in Deutschland. Sie erl\u00e4utert Hintergr\u00fcnde der heutigen Verwirrung politisch linker und rechter Positionen. Unterschiedliche Bildung trage ebenso zur Verwirrung bei wie fehlende klare Definitionen von f\u00fcr den Diskurs entscheidenden Begriffen. Gysi wirft auch einen Blick auf das andere Bewusstsein der Ostdeutschen im Verh\u00e4ltnis zu Menschen in Westdeutschland\u00a0\u2013 das in den politischen K\u00e4mpfen der letzten Jahre zutage tritt. Ihr Fazit zu dieser Frage: Der Russe war&#8217;s. Warum das so ist, erkl\u00e4rte Frau Gysi am 14.\u00a0Januar in Berlin im Gespr\u00e4ch mit Felicitas Rabe. Im Interview bezog sie sich auch auf ihr neues Buch &#8222;Die Nacht, als Soldaten Verkehrspolizisten wurden&#8220;.\u00a0<\/p>\n","protected":false},"author":3,"featured_media":24313,"comment_status":"closed","ping_status":"closed","sticky":false,"template":"","format":"standard","meta":{"colormag_page_container_layout":"default_layout","colormag_page_sidebar_layout":"default_layout","advanced_seo_description":"","jetpack_seo_html_title":"","jetpack_seo_noindex":false,"jetpack_post_was_ever_published":false,"footnotes":""},"categories":[12,913],"tags":[648,1709,162,1088,1037,1596,1744,1631,491,2735,484,1319,958,1091,403,482,3021,1112,1168,464,2505,185],"class_list":["post-24312","post","type-post","status-publish","format-standard","has-post-thumbnail","hentry","category-demokratie-medien-aufklaerung","category-kultur-kunst","tag-2-weltkrieg","tag-begriff","tag-demokratie","tag-diktatur","tag-emanzipation","tag-empathie","tag-gefuehl","tag-geopolitik","tag-geschichte","tag-interessenvertretung","tag-internationalismus","tag-klassengesellschaft","tag-kpd","tag-links-rechts","tag-migration","tag-nationalismus","tag-ost-west","tag-populismus","tag-russophobie","tag-sprache","tag-standpunkt","tag-usa"],"jetpack_featured_media_url":"https:\/\/i0.wp.com\/www.freidenker.org\/fw17\/wp-content\/uploads\/2026\/01\/2015-06-13_Ich_stelle_mich_Gabriele_Gysi_800x450.jpg?fit=800%2C450&ssl=1","jetpack_shortlink":"https:\/\/wp.me\/p9stpK-6k8","jetpack-related-posts":[{"id":19798,"url":"https:\/\/www.freidenker.org\/?p=19798","url_meta":{"origin":24312,"position":0},"title":"Klaus Hartmann spricht Klartext: Deutsche Regierung ist rechts!","author":"Webredaktion","date":"1. September 2024","format":false,"excerpt":"Video-Interview von Masha Janssen\u00a0mit Klaus Hartmann In einem aufschlussreichen Gespr\u00e4ch mit Klaus Hartmann, dem stellvertretenden Vorsitzenden des Freidenkerverbandes ..., diskutieren wir \u00fcber die wahre Bedeutungen der politischen Begriffe \"links\" und \"rechts\". Seit ihrer Entstehung haben sich die Bedeutungen von \"links\" und \"rechts\" stark ver\u00e4ndert und sind oft Gegenstand von Verwirrung\u2026","rel":"","context":"In &quot;Demokratie \u2013 Medien \u2013 Aufkl\u00e4rung&quot;","block_context":{"text":"Demokratie \u2013 Medien \u2013 Aufkl\u00e4rung","link":"https:\/\/www.freidenker.org\/?cat=12"},"img":{"alt_text":"","src":"https:\/\/i0.wp.com\/www.freidenker.org\/fw17\/wp-content\/uploads\/2024\/09\/Hartmann_Masha_3_800x450.jpg?fit=800%2C450&ssl=1&resize=350%2C200","width":350,"height":200,"srcset":"https:\/\/i0.wp.com\/www.freidenker.org\/fw17\/wp-content\/uploads\/2024\/09\/Hartmann_Masha_3_800x450.jpg?fit=800%2C450&ssl=1&resize=350%2C200 1x, https:\/\/i0.wp.com\/www.freidenker.org\/fw17\/wp-content\/uploads\/2024\/09\/Hartmann_Masha_3_800x450.jpg?fit=800%2C450&ssl=1&resize=525%2C300 1.5x, https:\/\/i0.wp.com\/www.freidenker.org\/fw17\/wp-content\/uploads\/2024\/09\/Hartmann_Masha_3_800x450.jpg?fit=800%2C450&ssl=1&resize=700%2C400 2x"},"classes":[]},{"id":5920,"url":"https:\/\/www.freidenker.org\/?p=5920","url_meta":{"origin":24312,"position":1},"title":"Die Begriffe &#8222;Links&#8220; und &#8222;Rechts&#8220; in der politischen Auseinandersetzung","author":"Webredaktion","date":"23. Februar 2019","format":false,"excerpt":"Beitrag von Sebastian Bahlo, \u00fcbernommen von rubikon.news. Was \u201elinks\u201c und \u201erechts\u201c hei\u00dft, wei\u00df doch jeder \u2013 glauben wir. Die Begriffe sind seit der Franz\u00f6sischen Revolution fester Bestandteil politischer Auseinandersetzung und dienen oft auch dazu, Meinungsgegner abzukanzeln. Ganz so einfach ist es aber bei n\u00e4herem Hinsehen nicht. Ist jemand, der die\u2026","rel":"","context":"In &quot;Demokratie \u2013 Medien \u2013 Aufkl\u00e4rung&quot;","block_context":{"text":"Demokratie \u2013 Medien \u2013 Aufkl\u00e4rung","link":"https:\/\/www.freidenker.org\/?cat=12"},"img":{"alt_text":"","src":"https:\/\/i0.wp.com\/www.freidenker.org\/fw17\/wp-content\/uploads\/2019\/02\/tree-746617_800x445.jpg?fit=800%2C445&ssl=1&resize=350%2C200","width":350,"height":200,"srcset":"https:\/\/i0.wp.com\/www.freidenker.org\/fw17\/wp-content\/uploads\/2019\/02\/tree-746617_800x445.jpg?fit=800%2C445&ssl=1&resize=350%2C200 1x, https:\/\/i0.wp.com\/www.freidenker.org\/fw17\/wp-content\/uploads\/2019\/02\/tree-746617_800x445.jpg?fit=800%2C445&ssl=1&resize=525%2C300 1.5x, https:\/\/i0.wp.com\/www.freidenker.org\/fw17\/wp-content\/uploads\/2019\/02\/tree-746617_800x445.jpg?fit=800%2C445&ssl=1&resize=700%2C400 2x"},"classes":[]},{"id":18333,"url":"https:\/\/www.freidenker.org\/?p=18333","url_meta":{"origin":24312,"position":2},"title":"Friedenstaub &#8211; I. Nationales Denkfest der Aktiven","author":"Webredaktion","date":"25. Februar 2024","format":false,"excerpt":"Friedensgesellschaft Musik statt Krieg e.V. (Tino Eisbrenner) und Schweriner Friedensb\u00fcndnis (Henry & Andrea Marek) laden ein zu Friedenstaub - I. Nationales Denkfest der Aktiven vom 22.-24. M\u00e4rz 2024 in den Ferienpark Retgendorf (bei Schwerin). Wir leben in bewegten Zeiten und setzen uns ein. Gegen Waffenhandel, Geschichtsf\u00e4lschung, politische Verdummung, Ausgrenzung\u2026 f\u00fcr\u2026","rel":"","context":"In &quot;Frieden - Antifaschismus - Solidarit\u00e4t&quot;","block_context":{"text":"Frieden - Antifaschismus - Solidarit\u00e4t","link":"https:\/\/www.freidenker.org\/?cat=13"},"img":{"alt_text":"","src":"https:\/\/i0.wp.com\/www.freidenker.org\/fw17\/wp-content\/uploads\/2024\/02\/Friedenstaub_Denkfest_800x450.jpg?fit=800%2C450&ssl=1&resize=350%2C200","width":350,"height":200,"srcset":"https:\/\/i0.wp.com\/www.freidenker.org\/fw17\/wp-content\/uploads\/2024\/02\/Friedenstaub_Denkfest_800x450.jpg?fit=800%2C450&ssl=1&resize=350%2C200 1x, https:\/\/i0.wp.com\/www.freidenker.org\/fw17\/wp-content\/uploads\/2024\/02\/Friedenstaub_Denkfest_800x450.jpg?fit=800%2C450&ssl=1&resize=525%2C300 1.5x, https:\/\/i0.wp.com\/www.freidenker.org\/fw17\/wp-content\/uploads\/2024\/02\/Friedenstaub_Denkfest_800x450.jpg?fit=800%2C450&ssl=1&resize=700%2C400 2x"},"classes":[]},{"id":2847,"url":"https:\/\/www.freidenker.org\/?p=2847","url_meta":{"origin":24312,"position":3},"title":"\u201eNicht rechts, nicht links\u201c?","author":"Webredaktion","date":"17. M\u00e4rz 2016","format":false,"excerpt":"Aus: FREIDENKER 1-16 \u201eNicht rechts, nicht links\u201c - in politischen Auseinandersetzungen und Bewegungen begegnet man dieser Aussage h\u00e4ufig. Sie ist aber oft sehr unterschiedlich motiviert, mit ihr k\u00f6nnen sehr verschiedene Zwecke gemeint sein. Die unterschiedlichen Motive und Zwecke muss man kennen und unterscheiden, weil man sich andernfalls sparen k\u00f6nnte, darauf\u2026","rel":"","context":"In &quot;Demokratie \u2013 Medien \u2013 Aufkl\u00e4rung&quot;","block_context":{"text":"Demokratie \u2013 Medien \u2013 Aufkl\u00e4rung","link":"https:\/\/www.freidenker.org\/?cat=12"},"img":{"alt_text":"","src":"https:\/\/i0.wp.com\/www.freidenker.org\/fw17\/wp-content\/uploads\/2017\/12\/board-2084777_800x445.jpg?fit=850%2C445&ssl=1&resize=350%2C200","width":350,"height":200,"srcset":"https:\/\/i0.wp.com\/www.freidenker.org\/fw17\/wp-content\/uploads\/2017\/12\/board-2084777_800x445.jpg?fit=850%2C445&ssl=1&resize=350%2C200 1x, https:\/\/i0.wp.com\/www.freidenker.org\/fw17\/wp-content\/uploads\/2017\/12\/board-2084777_800x445.jpg?fit=850%2C445&ssl=1&resize=525%2C300 1.5x, https:\/\/i0.wp.com\/www.freidenker.org\/fw17\/wp-content\/uploads\/2017\/12\/board-2084777_800x445.jpg?fit=850%2C445&ssl=1&resize=700%2C400 2x"},"classes":[]},{"id":17542,"url":"https:\/\/www.freidenker.org\/?p=17542","url_meta":{"origin":24312,"position":4},"title":"\u201eWas ist rechts, was ist links?\u201c","author":"Webredaktion","date":"20. November 2023","format":false,"excerpt":"Vortrag von Klaus Hartmann Mitgeschnitten auf der Mitgliederversammlung des LV Rheinland-Pfalz\/Saarland des Deutschen Freidenker-Verbandes am 12.11.2023 in Idar-Oberstein. Gilt das alte Links heute als das neue Rechts? Woher stammte die Einteilung in \"rechts\" und \"links\" urspr\u00fcnglich? Ist das heute noch g\u00fcltig oder \u00fcberholt? Wie steht es mit den Behauptungen, man\u2026","rel":"","context":"In &quot;Demokratie \u2013 Medien \u2013 Aufkl\u00e4rung&quot;","block_context":{"text":"Demokratie \u2013 Medien \u2013 Aufkl\u00e4rung","link":"https:\/\/www.freidenker.org\/?cat=12"},"img":{"alt_text":"","src":"https:\/\/i0.wp.com\/www.freidenker.org\/fw17\/wp-content\/uploads\/2023\/11\/Hartmann_rechts_links_2023_v3_800x450.jpg?fit=800%2C450&ssl=1&resize=350%2C200","width":350,"height":200,"srcset":"https:\/\/i0.wp.com\/www.freidenker.org\/fw17\/wp-content\/uploads\/2023\/11\/Hartmann_rechts_links_2023_v3_800x450.jpg?fit=800%2C450&ssl=1&resize=350%2C200 1x, https:\/\/i0.wp.com\/www.freidenker.org\/fw17\/wp-content\/uploads\/2023\/11\/Hartmann_rechts_links_2023_v3_800x450.jpg?fit=800%2C450&ssl=1&resize=525%2C300 1.5x, https:\/\/i0.wp.com\/www.freidenker.org\/fw17\/wp-content\/uploads\/2023\/11\/Hartmann_rechts_links_2023_v3_800x450.jpg?fit=800%2C450&ssl=1&resize=700%2C400 2x"},"classes":[]},{"id":19382,"url":"https:\/\/www.freidenker.org\/?p=19382","url_meta":{"origin":24312,"position":5},"title":"Klaus Hartmann: Was ist heute links, was rechts, was Faschismus?","author":"Webredaktion","date":"27. Juni 2024","format":false,"excerpt":"Filmmitschnitt einer Veranstaltung des Linken Forums Paderborn am 28. Mai 2024. Gilt das alte Links heute als das neue Rechts? Woher stammte die Einteilung in \u201erechts\u201c und \u201elinks\u201c urspr\u00fcnglich? Ist das heute noch g\u00fcltig oder \u00fcberholt? Wie steht es mit den Behauptungen, man sei weder \u201erechts\u201c noch \u201elinks\u201c? Die AfD\u2026","rel":"","context":"In &quot;Demokratie \u2013 Medien \u2013 Aufkl\u00e4rung&quot;","block_context":{"text":"Demokratie \u2013 Medien \u2013 Aufkl\u00e4rung","link":"https:\/\/www.freidenker.org\/?cat=12"},"img":{"alt_text":"","src":"https:\/\/i0.wp.com\/www.freidenker.org\/fw17\/wp-content\/uploads\/2024\/06\/hartmann_paderborn_2024_800x450.jpg?fit=800%2C450&ssl=1&resize=350%2C200","width":350,"height":200,"srcset":"https:\/\/i0.wp.com\/www.freidenker.org\/fw17\/wp-content\/uploads\/2024\/06\/hartmann_paderborn_2024_800x450.jpg?fit=800%2C450&ssl=1&resize=350%2C200 1x, https:\/\/i0.wp.com\/www.freidenker.org\/fw17\/wp-content\/uploads\/2024\/06\/hartmann_paderborn_2024_800x450.jpg?fit=800%2C450&ssl=1&resize=525%2C300 1.5x, https:\/\/i0.wp.com\/www.freidenker.org\/fw17\/wp-content\/uploads\/2024\/06\/hartmann_paderborn_2024_800x450.jpg?fit=800%2C450&ssl=1&resize=700%2C400 2x"},"classes":[]}],"_links":{"self":[{"href":"https:\/\/www.freidenker.org\/index.php?rest_route=\/wp\/v2\/posts\/24312","targetHints":{"allow":["GET"]}}],"collection":[{"href":"https:\/\/www.freidenker.org\/index.php?rest_route=\/wp\/v2\/posts"}],"about":[{"href":"https:\/\/www.freidenker.org\/index.php?rest_route=\/wp\/v2\/types\/post"}],"author":[{"embeddable":true,"href":"https:\/\/www.freidenker.org\/index.php?rest_route=\/wp\/v2\/users\/3"}],"replies":[{"embeddable":true,"href":"https:\/\/www.freidenker.org\/index.php?rest_route=%2Fwp%2Fv2%2Fcomments&post=24312"}],"version-history":[{"count":2,"href":"https:\/\/www.freidenker.org\/index.php?rest_route=\/wp\/v2\/posts\/24312\/revisions"}],"predecessor-version":[{"id":24319,"href":"https:\/\/www.freidenker.org\/index.php?rest_route=\/wp\/v2\/posts\/24312\/revisions\/24319"}],"wp:featuredmedia":[{"embeddable":true,"href":"https:\/\/www.freidenker.org\/index.php?rest_route=\/wp\/v2\/media\/24313"}],"wp:attachment":[{"href":"https:\/\/www.freidenker.org\/index.php?rest_route=%2Fwp%2Fv2%2Fmedia&parent=24312"}],"wp:term":[{"taxonomy":"category","embeddable":true,"href":"https:\/\/www.freidenker.org\/index.php?rest_route=%2Fwp%2Fv2%2Fcategories&post=24312"},{"taxonomy":"post_tag","embeddable":true,"href":"https:\/\/www.freidenker.org\/index.php?rest_route=%2Fwp%2Fv2%2Ftags&post=24312"}],"curies":[{"name":"wp","href":"https:\/\/api.w.org\/{rel}","templated":true}]}}