{"id":24308,"date":"2026-01-27T23:36:35","date_gmt":"2026-01-27T22:36:35","guid":{"rendered":"https:\/\/www.freidenker.org\/?p=24308"},"modified":"2026-02-28T02:05:34","modified_gmt":"2026-02-28T01:05:34","slug":"zunehmende-zerfallserscheinungen-nato-krise-vertieft-sich","status":"publish","type":"post","link":"https:\/\/www.freidenker.org\/?p=24308","title":{"rendered":"Zunehmende Zerfallserscheinungen \u2013 NATO-Krise vertieft sich"},"content":{"rendered":"<p><strong>Trump macht in der D\u00e4nemark-Gr\u00f6nland-Aff\u00e4re nicht nur sich selbst zum Clown, sondern auch seine europ\u00e4ischen NATO-Vasallen. Die wurden vom erratischem Verhalten des Machthabers in Washington aus der Bahn geworfen und machen sich mit kindlichem Trotz, gepaart mit devoter Unterw\u00fcrfigkeit, l\u00e4cherlich. <\/strong><\/p>\n<p><em>Von <strong>Rainer Rupp<\/strong><\/em><\/p>\n<p><span style=\"font-size: 10pt;\">Erstver\u00f6ffentlichung am 21.01.2026 auf <a href=\"https:\/\/freedert.online\/meinung\/267791-zunehmende-zerfallserscheinungen-nato-krise-vertieft\/\" target=\"_blank\" rel=\"noopener\">RT DE<\/a><\/span><\/p>\n<p>Die erste Lachnummer war die d\u00e4nische Ank\u00fcndigung einer gemeinsamen &#8222;Arbeitsgruppe&#8220; mit Washington zur einvernehmlichen L\u00f6sung des Problems. Der d\u00e4nische Au\u00dfenminister Lars L\u00f8kke Rasmussen war am Mittwoch vergangener Woche mit dem US-Vizepr\u00e4sidenten JD Vance und Au\u00dfenminister Marco Rubio zusammengetroffen, um Trumps Forderung zu besprechen, D\u00e4nemark solle den Vereinigten Staaten die souver\u00e4ne Kontrolle \u00fcber Gr\u00f6nland \u00fcberlassen, m\u00f6glicherweise durch einen Verkauf. Nach dem Treffen betonte er, dass beide Seiten sich auf die Einrichtung einer vielversprechenden &#8222;Arbeitsgruppe&#8220; geeinigt h\u00e4tten, um amerikanische Sicherheitsinteressen in der Region zu behandeln.<\/p>\n<p>Als N\u00e4chstes widersprach das Wei\u00dfe Haus Rasmussens Darstellung dieser &#8222;Arbeitsgruppe&#8220;. Laut Pressesprecherin Karoline Leavitt handle es sich nicht um eine gleichgesinnte Arbeitsgruppe zur Er\u00f6rterung von gemeinsamen US-NATO-europ\u00e4ischen Sicherheitsma\u00dfnahmen zum Schutz Gr\u00f6nlands vor Russland und China, sondern um eine f\u00fcr D\u00e4nemark eher verh\u00e4ngnisvolle Gruppe, die ausschlie\u00dflich \u00fcber die &#8222;technischen&#8220; Aspekte der \u00dcbergabe Gr\u00f6nlands an die USA verhandeln soll.<\/p>\n<p>Als Rasmussen verstanden hatte, dass er keine Einigung mit der Trump-Administration erzielen konnte, <a href=\"https:\/\/www.nytimes.com\/2026\/01\/14\/us\/politics\/greenland-trump-denmark.html\">erkl\u00e4rte er<\/a> gegen\u00fcber Reportern der <em>New York Times<\/em> d\u00fcster:<\/p>\n<p style=\"padding-left: 40px;\"><em>&#8222;Es ist klar, dass der Pr\u00e4sident den Wunsch hat, Gr\u00f6nland zu erobern.&#8220;<\/em><\/p>\n<p>Von diesem Zeitpunkt an eskalierten die Ereignisse in NATO-Europa-Staaten. In einem epischen Auftritt von geistiger Umnachtung demonstrieren mehrere europ\u00e4ische L\u00e4nder wilde Entschlossenheit, europ\u00e4ische Unabh\u00e4ngigkeit angesichts dieser pl\u00f6tzlichen amerikanischen Ambitionen auf d\u00e4nischem Territorium zu demonstrieren: Sie k\u00fcndigten an, <a href=\"https:\/\/www.dw.com\/en\/german-military-personnel-set-to-arrive-in-greenland\/a-75514480\" target=\"_blank\" rel=\"noopener noreferrer\">Soldaten nach Gr\u00f6nland zu schicken<\/a>, um &#8222;milit\u00e4rische Solidarit\u00e4t&#8220; mit D\u00e4nemark zu zeigen.<\/p>\n<p>Das Ministerium von Boris-Kriegst\u00fcchtig-Pistorius entsandte laut unterschiedlicher Berichte eine stolze Streitmacht von 13 oder 15 Soldaten, um auf der eisigen Insel in der Arktis Flagge gegen die Amerikaner zu zeigen. Aber nicht nur die Zahl der nach Gr\u00f6nland entsandten, deutschen Krieger war eine Lachnummer, sondern auch ihr Weg dorthin!<\/p>\n<p>Sie starteten mit einer milit\u00e4r-grauen A-400-M-Atlas-Transportmaschine der Bundesluftwaffe, begleitet von reichlich Presse, die f\u00fcr martialische Fotos sorgte. Im Hintergrund des Medienberichts konnte man unwillk\u00fcrlich die Kl\u00e4nge von Wagners &#8222;Ritt der Walk\u00fcren&#8220; h\u00f6ren, die eindrucksstark eine bekannte Spielfilmszene \u00fcber einen US-Luftangriff auf ein vietnamesisches Dorf untermalt haben. Allerdings ging der Flug der mausgrauen A-400-M-Atlas gar nicht nach Gr\u00f6nland, sondern endete in D\u00e4nemark, tausende Kilometer vom umstrittenen Gebiet entfernt. Offensichtlich wollte Berlin unbedingt vermeiden, Trump zu provozieren, der die Aktion wom\u00f6glich als eine gegen ihn gerichtete deutsche Machtdemonstration interpretieren k\u00f6nnte.<\/p>\n<p>Deshalb stiegen nach ihrer Ankunft in D\u00e4nemark alle deutschen Soldaten um, in eine v\u00f6llig harmlose, zivile Linienmaschine nach Nuuk, der Hauptstadt Gr\u00f6nlands. W\u00e4hrend das geschah, <a href=\"https:\/\/www.tagesschau.de\/ausland\/europa\/nato-groenland-pistorius-100.html\" target=\"_blank\" rel=\"noopener noreferrer\">versicherte Verteidigungsminister<\/a> Boris-Kriegst\u00fcchtig-Pistorius der Presse verzweifelt, es handle sich um eine rein routinem\u00e4\u00dfige und l\u00e4ngst geplante Mission, die nichts mit den amerikanischen Gel\u00fcsten auf Gr\u00f6nland zu tun h\u00e4tte.<\/p>\n<p>Der Blogger &#8222;eugyppius&#8220; charakterisierte die Aktion zutreffend als einen Versuch, den Amerikanern eine Botschaft zu senden, ohne wirklich eine zu senden, um Trump nicht zu ver\u00e4rgern. Aber trotz dieser Scharade ging der Schuss nach hinten los. Die Amerikaner waren n\u00e4mlich trotzdem ver\u00e4rgert. US-Pr\u00e4sident Donald Trump k\u00fcndigte auf seinem &#8222;Truth Social&#8220;-Kanal an, dass alle L\u00e4nder, die ihre Soldaten auf die Trotz-Mission nach Gr\u00f6nland geschickt hatten, ab 1. Februar mit Strafz\u00f6llen von 10 Prozent auf all ihre Exporte in die USA belegt w\u00fcrden, und eine weitere Erh\u00f6hung um 15 Prozent ab 1. Juni 2026 geplant sei, wenn bis dahin kein Abkommen \u00fcber den vollst\u00e4ndigen und totalen Kauf Gr\u00f6nlands erreicht sei.<\/p>\n<p>Bereits wenige Stunden, nachdem &#8222;NATO-Daddy&#8220; Trump die unfolgsamen EU-Kinder mit h\u00f6heren Z\u00f6llen bestraft hatte, verschlechterte sich \u2013 wie bestellt \u2013 das Wetter in Gr\u00f6nland, und die aus EU-L\u00e4ndern zwecks Solidarit\u00e4tsbekundung angereisten Soldaten sagten ihre arktische &#8222;Erkundungstour&#8220; ab und kehrten vorzeitig zum Flughafen Nuuk zur\u00fcck,\u00a0<a href=\"https:\/\/www.bild.de\/politik\/ausland-und-internationales\/groenland-hier-macht-die-bundeswehr-heimlich-den-abflug-696cc1784bea5ecfebee9d64\" target=\"_blank\" rel=\"noopener noreferrer\">um nach Hause zu fliegen<\/a>.\u00a0Da lag nat\u00fcrlich die Vermutung nahe, dass Trumps Reaktion auf &#8222;Truth Social&#8220; die tapferen EU-Krieger in die Flucht geschlagen hat, was auf den sogenannten &#8222;Sozialen Medien&#8220; eine Flut von Spott und H\u00e4me zur Folge hatte.<\/p>\n<p>Nach dieser Schlappe entschieden die tapferen zivilen Eurokraten in Br\u00fcssel, an die die nationalen Parlamente der EU-Mitgliedsstaaten ihr nationales Mandat \u00fcber die Handelspolitik abgetreten haben, das im Juli letzten Jahres mit der Trump-Administration einseitig zugunsten der USA &#8222;ausgehandelte&#8220; Handelsabkommen (0 Prozent Zoll auf US-Importe in die EU und 15 Prozent Zoll auf EU-Exporte in USA) <a href=\"https:\/\/www.politico.eu\/article\/eu-us-trade-deal-on-hold-after-new-trump-tariffs\/\" target=\"_blank\" rel=\"noopener noreferrer\">auszusetzen<\/a>.<\/p>\n<p>Alarmiert von diesen Entwicklungen beschloss der norwegische Ministerpr\u00e4sident Jonas Gahr St\u00f8re, seinem guten Freund im Wei\u00dfen Haus pers\u00f6nlich zu schreiben, um gegen die gerade angek\u00fcndigten zus\u00e4tzlichen Z\u00f6lle zu protestieren. Trump antwortete St\u00f8re mit dem nachfolgend von mir \u00fcbersetzten tiefsch\u00fcrfenden Schreiben:<\/p>\n<p style=\"padding-left: 40px;\"><em>&#8222;Lieber Jonas,<\/em><\/p>\n<p style=\"padding-left: 40px;\"><em>angesichts der Entscheidung Deines Landes, mir den Nobelpreis f\u00fcr Frieden nicht zu verleihen, obwohl ich acht Kriege PLUS beendet habe, f\u00fchle ich mich nicht l\u00e4nger verpflichtet, ausschlie\u00dflich an Frieden zu denken \u2013 obwohl der immer vorrangig bleiben wird \u2013, sondern in Zukunft kann ich nur noch daran denken, was gut und richtig f\u00fcr die Vereinigten Staaten von Amerika ist. D\u00e4nemark kann dieses Land (Gr\u00f6nland) nicht vor Russland oder China sch\u00fctzen, und warum haben sie (die D\u00e4nen) \u00fcberhaupt ein &#8218;Eigentumsrecht&#8216;? Es gibt keine schriftlichen Dokumente, es ist nur so, dass vor Hunderten von Jahren ein Boot dort gelandet ist, aber wir hatten auch Boote, die dort gelandet sind. Ich habe mehr f\u00fcr die NATO getan als jede andere Person seit ihrer Gr\u00fcndung, und nun sollte die NATO etwas f\u00fcr die Vereinigten Staaten tun. Die Welt ist nicht sicher, solange wir nicht die vollst\u00e4ndige und totale Kontrolle \u00fcber Gr\u00f6nland haben.<\/em><\/p>\n<p style=\"padding-left: 40px;\"><em>Vielen Dank!\u00a0<\/em><\/p>\n<p style=\"padding-left: 40px;\"><em>Pr\u00e4sident DJT&#8220;<\/em><\/p>\n<p>In seinem <a href=\"https:\/\/www.washingtonpost.com\/world\/2026\/01\/19\/europe-trump-greenland-alliance-trade-war\/\">k\u00fcrzlich abgehaltenen Interview<\/a>\u00a0schloss Trump eine Annexion mit milit\u00e4rischer Gewalt nicht aus. Das sei &#8222;eine Option&#8220; und notfalls auch auf Kosten (bzw. des Zerfalls) des NATO-B\u00fcndnisses. In einem weiteren Interview im Oval Office, das am 8. Januar 2026 in der <em>New York Times<\/em> erschienen war, sagte Trump:<\/p>\n<p style=\"padding-left: 40px;\"><em>&#8222;Ich brauche kein V\u00f6lkerrecht.&#8220;<\/em><\/p>\n<p>Das sei ohnehin nur eine Frage der Definition. Gefragt, ob es etwas gebe, was seine globale Macht einschr\u00e4nke, antwortete US-Pr\u00e4sident Trump:<\/p>\n<p style=\"padding-left: 40px;\"><em>&#8222;Meine eigene Moral. Mein eigener Verstand. Das ist das Einzige, was mich aufhalten kann.&#8220;<\/em><\/p>\n<p>Willkommen in Trumps Dschungel des Rechts des St\u00e4rkeren!<\/p>\n<p style=\"text-align: right;\"><em>Rainer Rupp ist Mitglied des Beirats des Deutschen Freidenker-Verbandes<\/em><\/p>\n<hr \/>\n<p><span style=\"font-size: 10pt;\">Bild oben: <span class=\"Cover-imageSource\"><span class=\"Cover-captionItem\">KI-generiertes Bild, \u00fcbernommen von <a href=\"https:\/\/freedert.online\/meinung\/267791-zunehmende-zerfallserscheinungen-nato-krise-vertieft\/\" target=\"_blank\" rel=\"noopener\">RT DE<\/a><\/span><\/span><\/span><\/p>\n","protected":false},"excerpt":{"rendered":"<p><b>Beitrag von Rainer Rupp<\/b><br \/>\nTrump macht in der D\u00e4nemark-Gr\u00f6nland-Aff\u00e4re nicht nur sich selbst zum Clown, sondern auch seine europ\u00e4ischen NATO-Vasallen. Die wurden vom erratischem Verhalten des Machthabers in Washington aus der Bahn geworfen und machen sich mit kindlichem Trotz, gepaart mit devoter Unterw\u00fcrfigkeit, l\u00e4cherlich. Die erste Lachnummer war die d\u00e4nische Ank\u00fcndigung einer gemeinsamen &#8222;Arbeitsgruppe&#8220; mit Washington zur einvernehmlichen L\u00f6sung des Problems. Der d\u00e4nische Au\u00dfenminister Lars L\u00f8kke Rasmussen war am Mittwoch vergangener Woche mit dem US-Vizepr\u00e4sidenten JD Vance und Au\u00dfenminister Marco Rubio zusammengetroffen, um Trumps Forderung zu besprechen, D\u00e4nemark solle den Vereinigten Staaten die souver\u00e4ne Kontrolle \u00fcber Gr\u00f6nland \u00fcberlassen, m\u00f6glicherweise durch einen Verkauf. <\/p>\n","protected":false},"author":3,"featured_media":24309,"comment_status":"closed","ping_status":"closed","sticky":false,"template":"","format":"standard","meta":{"colormag_page_container_layout":"default_layout","colormag_page_sidebar_layout":"default_layout","advanced_seo_description":"","jetpack_seo_html_title":"","jetpack_seo_noindex":false,"jetpack_post_was_ever_published":false,"footnotes":""},"categories":[12],"tags":[1986,2487,1021,3014,778,182,335,2485,56,1223,1717,2532,2001,185,345,2232],"class_list":["post-24308","post","type-post","status-publish","format-standard","has-post-thumbnail","hentry","category-demokratie-medien-aufklaerung","tag-annexion","tag-daenemark","tag-donald-trump","tag-eroberungen","tag-ethik-und-moral","tag-eu","tag-frieden","tag-groenland","tag-nato","tag-nobelpreis","tag-norwegen","tag-recht-des-staerkeren","tag-sicherheit","tag-usa","tag-voelkerrecht","tag-zoelle"],"jetpack_featured_media_url":"https:\/\/i0.wp.com\/www.freidenker.org\/fw17\/wp-content\/uploads\/2026\/01\/NATO-Zerfall_KI_RT-DE_800x450.jpg?fit=800%2C450&ssl=1","jetpack_shortlink":"https:\/\/wp.me\/p9stpK-6k4","jetpack-related-posts":[{"id":24230,"url":"https:\/\/www.freidenker.org\/?p=24230","url_meta":{"origin":24308,"position":0},"title":"KP-Vorsitzende D\u00e4nemarks: US-Gr\u00f6nland-Pl\u00e4ne stellen d\u00e4nische Au\u00dfenpolitik infrage","author":"Webredaktion","date":"16. Januar 2026","format":false,"excerpt":"Interview von Felicitas Rabe mit Lotte R\u00f8rtoft-Madsen An der Demonstration zum Gedenken an Rosa Luxemburg und Karl Liebknecht nahmen am Sonntag in Berlin Vertreter kommunistischer Parteien und linker Organisationen aus verschiedenen L\u00e4ndern teil. Unter anderem kam auch eine Delegation der\u00a0D\u00e4nischen Kommunistischen Partei (DKP) nach Berlin. Nach dem Gedenkmarsch bekam RT\u2026","rel":"","context":"In &quot;Demokratie \u2013 Medien \u2013 Aufkl\u00e4rung&quot;","block_context":{"text":"Demokratie \u2013 Medien \u2013 Aufkl\u00e4rung","link":"https:\/\/www.freidenker.org\/?cat=12"},"img":{"alt_text":"","src":"https:\/\/i0.wp.com\/www.freidenker.org\/fw17\/wp-content\/uploads\/2026\/01\/Groenland_Protest_ChatGPT_Image_800x450.jpg?fit=800%2C451&ssl=1&resize=350%2C200","width":350,"height":200,"srcset":"https:\/\/i0.wp.com\/www.freidenker.org\/fw17\/wp-content\/uploads\/2026\/01\/Groenland_Protest_ChatGPT_Image_800x450.jpg?fit=800%2C451&ssl=1&resize=350%2C200 1x, https:\/\/i0.wp.com\/www.freidenker.org\/fw17\/wp-content\/uploads\/2026\/01\/Groenland_Protest_ChatGPT_Image_800x450.jpg?fit=800%2C451&ssl=1&resize=525%2C300 1.5x, https:\/\/i0.wp.com\/www.freidenker.org\/fw17\/wp-content\/uploads\/2026\/01\/Groenland_Protest_ChatGPT_Image_800x450.jpg?fit=800%2C451&ssl=1&resize=700%2C400 2x"},"classes":[]},{"id":24509,"url":"https:\/\/www.freidenker.org\/?p=24509","url_meta":{"origin":24308,"position":1},"title":"Gr\u00f6nland in der EU \u2013 ein neuer Baerbock und ein Vorschlag von Sacharowa","author":"Webredaktion","date":"28. Februar 2026","format":false,"excerpt":"Beitrag von Dagmar Henn Den EU-B\u00fcrgern w\u00e4re vermutlich viel Leid erspart geblieben, h\u00e4tte man im Fr\u00fchjahr 2022, vor der Verh\u00e4ngung der Sanktionen gegen Russland, die Au\u00dfenminister gen\u00f6tigt, die Ukraine auf einer Landkarte zu zeigen. Annalena Baerbock jedenfalls w\u00e4re vermutlich daran gescheitert. Immerhin hat sie sich gerade erst wieder mit einer\u2026","rel":"","context":"In &quot;Demokratie \u2013 Medien \u2013 Aufkl\u00e4rung&quot;","block_context":{"text":"Demokratie \u2013 Medien \u2013 Aufkl\u00e4rung","link":"https:\/\/www.freidenker.org\/?cat=12"},"img":{"alt_text":"","src":"https:\/\/i0.wp.com\/www.freidenker.org\/fw17\/wp-content\/uploads\/2026\/02\/ChatGPT_Baerbock_und_Groenland_800x450.jpg?fit=800%2C450&ssl=1&resize=350%2C200","width":350,"height":200,"srcset":"https:\/\/i0.wp.com\/www.freidenker.org\/fw17\/wp-content\/uploads\/2026\/02\/ChatGPT_Baerbock_und_Groenland_800x450.jpg?fit=800%2C450&ssl=1&resize=350%2C200 1x, https:\/\/i0.wp.com\/www.freidenker.org\/fw17\/wp-content\/uploads\/2026\/02\/ChatGPT_Baerbock_und_Groenland_800x450.jpg?fit=800%2C450&ssl=1&resize=525%2C300 1.5x, https:\/\/i0.wp.com\/www.freidenker.org\/fw17\/wp-content\/uploads\/2026\/02\/ChatGPT_Baerbock_und_Groenland_800x450.jpg?fit=800%2C450&ssl=1&resize=700%2C400 2x"},"classes":[]},{"id":20807,"url":"https:\/\/www.freidenker.org\/?p=20807","url_meta":{"origin":24308,"position":2},"title":"Kanada an die Raubtiernation: Verschwindet in die Pr\u00e4rie!","author":"Webredaktion","date":"21. Januar 2025","format":false,"excerpt":"Beitrag von Christopher Black Pr\u00e4sident Trump hat seine Wahl zum US-Pr\u00e4sidenten unter anderem mit dem Versprechen gewonnen, der Welt Frieden zu bringen und die Kriege der USA zu beenden. Aber er hat sein eigenes Volk und die Alliierten mit neuen Angriffsdrohungen der Vereinigten Staaten gegen zwei Nato-Staaten, Kanada und D\u00e4nemark,\u2026","rel":"","context":"In &quot;Demokratie \u2013 Medien \u2013 Aufkl\u00e4rung&quot;","block_context":{"text":"Demokratie \u2013 Medien \u2013 Aufkl\u00e4rung","link":"https:\/\/www.freidenker.org\/?cat=12"},"img":{"alt_text":"","src":"https:\/\/i0.wp.com\/www.freidenker.org\/fw17\/wp-content\/uploads\/2025\/01\/canada-3488487_800x450.jpg?fit=800%2C450&ssl=1&resize=350%2C200","width":350,"height":200,"srcset":"https:\/\/i0.wp.com\/www.freidenker.org\/fw17\/wp-content\/uploads\/2025\/01\/canada-3488487_800x450.jpg?fit=800%2C450&ssl=1&resize=350%2C200 1x, https:\/\/i0.wp.com\/www.freidenker.org\/fw17\/wp-content\/uploads\/2025\/01\/canada-3488487_800x450.jpg?fit=800%2C450&ssl=1&resize=525%2C300 1.5x, https:\/\/i0.wp.com\/www.freidenker.org\/fw17\/wp-content\/uploads\/2025\/01\/canada-3488487_800x450.jpg?fit=800%2C450&ssl=1&resize=700%2C400 2x"},"classes":[]},{"id":24293,"url":"https:\/\/www.freidenker.org\/?p=24293","url_meta":{"origin":24308,"position":3},"title":"Donald Trumps Arktis-\/Gr\u00f6nlandambitionen (2025) auf George W. Bushs Linie (2009)","author":"Webredaktion","date":"26. Januar 2026","format":false,"excerpt":"Geostrategische Konkurrenz in Russlands und Chinas Norden Beitrag von Wolfgang Effenberger Im Oktober 1987 begann der sowjetische Staats- und Parteichef Michail Gorbatschow eine Reihe von Ma\u00dfnahmen mit dem Ziel einzuleiten, die milit\u00e4rischen Aktivit\u00e4ten in der Arktis zu verringern. Diese Ma\u00dfnahmen gingen als \"Murmansk-Initiative\" in die Geschichte ein. Es sollte eine\u2026","rel":"","context":"In &quot;Demokratie \u2013 Medien \u2013 Aufkl\u00e4rung&quot;","block_context":{"text":"Demokratie \u2013 Medien \u2013 Aufkl\u00e4rung","link":"https:\/\/www.freidenker.org\/?cat=12"},"img":{"alt_text":"","src":"https:\/\/i0.wp.com\/www.freidenker.org\/fw17\/wp-content\/uploads\/2026\/01\/Donald_Trump_in_Groenland_KI_v2_800x450.jpg?fit=800%2C450&ssl=1&resize=350%2C200","width":350,"height":200,"srcset":"https:\/\/i0.wp.com\/www.freidenker.org\/fw17\/wp-content\/uploads\/2026\/01\/Donald_Trump_in_Groenland_KI_v2_800x450.jpg?fit=800%2C450&ssl=1&resize=350%2C200 1x, https:\/\/i0.wp.com\/www.freidenker.org\/fw17\/wp-content\/uploads\/2026\/01\/Donald_Trump_in_Groenland_KI_v2_800x450.jpg?fit=800%2C450&ssl=1&resize=525%2C300 1.5x, https:\/\/i0.wp.com\/www.freidenker.org\/fw17\/wp-content\/uploads\/2026\/01\/Donald_Trump_in_Groenland_KI_v2_800x450.jpg?fit=800%2C450&ssl=1&resize=700%2C400 2x"},"classes":[]},{"id":22912,"url":"https:\/\/www.freidenker.org\/?p=22912","url_meta":{"origin":24308,"position":4},"title":"Medienkampagne \u00fcber Drohnenvorf\u00e4lle soll auf einen Krieg mit Russland vorbereiten","author":"Webredaktion","date":"24. September 2025","format":false,"excerpt":"Beitrag von Anti-Spiegel (d.i. Thomas R\u00f6per) Warum offensichtlich ist, dass die Medienkampagne \u00fcber Drohnenvorf\u00e4lle die Menschen in Europa auf einen Krieg mit Russland vorbereiten soll Die Meldungen aus D\u00e4nemark klingen dramatisch. Der Flughafen von Kopenhagen musste stundenlang gesperrt werden, weil dort Drohnen gesichtet wurden. Die d\u00e4nische Ministerpr\u00e4sidentin spricht von einem\u2026","rel":"","context":"In &quot;Demokratie \u2013 Medien \u2013 Aufkl\u00e4rung&quot;","block_context":{"text":"Demokratie \u2013 Medien \u2013 Aufkl\u00e4rung","link":"https:\/\/www.freidenker.org\/?cat=12"},"img":{"alt_text":"","src":"https:\/\/i0.wp.com\/www.freidenker.org\/fw17\/wp-content\/uploads\/2025\/09\/eu-evil1_800x450.jpg?fit=800%2C450&ssl=1&resize=350%2C200","width":350,"height":200,"srcset":"https:\/\/i0.wp.com\/www.freidenker.org\/fw17\/wp-content\/uploads\/2025\/09\/eu-evil1_800x450.jpg?fit=800%2C450&ssl=1&resize=350%2C200 1x, https:\/\/i0.wp.com\/www.freidenker.org\/fw17\/wp-content\/uploads\/2025\/09\/eu-evil1_800x450.jpg?fit=800%2C450&ssl=1&resize=525%2C300 1.5x, https:\/\/i0.wp.com\/www.freidenker.org\/fw17\/wp-content\/uploads\/2025\/09\/eu-evil1_800x450.jpg?fit=800%2C450&ssl=1&resize=700%2C400 2x"},"classes":[]},{"id":24224,"url":"https:\/\/www.freidenker.org\/?p=24224","url_meta":{"origin":24308,"position":5},"title":"Geopolitik ohne Europa: Der stille R\u00fcckzug der EU","author":"Webredaktion","date":"15. Januar 2026","format":false,"excerpt":"Von Pierre L\u00e9vy\u00a0 Auf internationaler Ebene folgen unvorstellbare und oft tragische Entwicklungen rasch aufeinander. Ihr Schwerpunkt liegt meist im Wei\u00dfen Haus. Von der fast mafi\u00f6sen Entf\u00fchrung des venezolanischen Pr\u00e4sidenten \u00fcber die erkl\u00e4rte Absicht, Gr\u00f6nland zu annektieren \u2013 das unter der Souver\u00e4nit\u00e4t des treuen Verb\u00fcndeten D\u00e4nemark steht \u2013 bis hin zur\u2026","rel":"","context":"In &quot;Demokratie \u2013 Medien \u2013 Aufkl\u00e4rung&quot;","block_context":{"text":"Demokratie \u2013 Medien \u2013 Aufkl\u00e4rung","link":"https:\/\/www.freidenker.org\/?cat=12"},"img":{"alt_text":"","src":"https:\/\/i0.wp.com\/www.freidenker.org\/fw17\/wp-content\/uploads\/2026\/01\/geopolitik_ohne_europa_800x450.jpg?fit=800%2C450&ssl=1&resize=350%2C200","width":350,"height":200,"srcset":"https:\/\/i0.wp.com\/www.freidenker.org\/fw17\/wp-content\/uploads\/2026\/01\/geopolitik_ohne_europa_800x450.jpg?fit=800%2C450&ssl=1&resize=350%2C200 1x, https:\/\/i0.wp.com\/www.freidenker.org\/fw17\/wp-content\/uploads\/2026\/01\/geopolitik_ohne_europa_800x450.jpg?fit=800%2C450&ssl=1&resize=525%2C300 1.5x, https:\/\/i0.wp.com\/www.freidenker.org\/fw17\/wp-content\/uploads\/2026\/01\/geopolitik_ohne_europa_800x450.jpg?fit=800%2C450&ssl=1&resize=700%2C400 2x"},"classes":[]}],"_links":{"self":[{"href":"https:\/\/www.freidenker.org\/index.php?rest_route=\/wp\/v2\/posts\/24308","targetHints":{"allow":["GET"]}}],"collection":[{"href":"https:\/\/www.freidenker.org\/index.php?rest_route=\/wp\/v2\/posts"}],"about":[{"href":"https:\/\/www.freidenker.org\/index.php?rest_route=\/wp\/v2\/types\/post"}],"author":[{"embeddable":true,"href":"https:\/\/www.freidenker.org\/index.php?rest_route=\/wp\/v2\/users\/3"}],"replies":[{"embeddable":true,"href":"https:\/\/www.freidenker.org\/index.php?rest_route=%2Fwp%2Fv2%2Fcomments&post=24308"}],"version-history":[{"count":2,"href":"https:\/\/www.freidenker.org\/index.php?rest_route=\/wp\/v2\/posts\/24308\/revisions"}],"predecessor-version":[{"id":24311,"href":"https:\/\/www.freidenker.org\/index.php?rest_route=\/wp\/v2\/posts\/24308\/revisions\/24311"}],"wp:featuredmedia":[{"embeddable":true,"href":"https:\/\/www.freidenker.org\/index.php?rest_route=\/wp\/v2\/media\/24309"}],"wp:attachment":[{"href":"https:\/\/www.freidenker.org\/index.php?rest_route=%2Fwp%2Fv2%2Fmedia&parent=24308"}],"wp:term":[{"taxonomy":"category","embeddable":true,"href":"https:\/\/www.freidenker.org\/index.php?rest_route=%2Fwp%2Fv2%2Fcategories&post=24308"},{"taxonomy":"post_tag","embeddable":true,"href":"https:\/\/www.freidenker.org\/index.php?rest_route=%2Fwp%2Fv2%2Ftags&post=24308"}],"curies":[{"name":"wp","href":"https:\/\/api.w.org\/{rel}","templated":true}]}}