{"id":24288,"date":"2026-01-26T20:52:40","date_gmt":"2026-01-26T19:52:40","guid":{"rendered":"https:\/\/www.freidenker.org\/?p=24288"},"modified":"2026-02-28T02:05:03","modified_gmt":"2026-02-28T01:05:03","slug":"vom-hilfstransport-zum-staatsfeind","status":"publish","type":"post","link":"https:\/\/www.freidenker.org\/?p=24288","title":{"rendered":"Vom Hilfstransport zum Staatsfeind"},"content":{"rendered":"<h4>Der Fall \u201eFriedensbr\u00fccke\u201c und die neue Grenze zwischen Humanit\u00e4t und Staatsschutz<\/h4>\n<p><strong>Am Morgen des 21. Januar 2026 l\u00e4sst der Generalbundesanwalt in Berlin und Brandenburg drei Personen festnehmen. Einer deutsch-ukrainischen Staatsb\u00fcrgerin wird geheimdienstliche Agentent\u00e4tigkeit vorgeworfen, zwei weiteren Beschuldigten die Unterst\u00fctzung einer \u201eausl\u00e4ndischen terroristischen Vereinigung\u201c. Im Zentrum der Ermittlungen steht ein Hilfsverein aus Brandenburg, der seit 2015 offen dokumentierte humanit\u00e4re Transporte in den Donbass organisiert hat \u2013 Lieferungen von Medikamenten, Lebensmitteln, Technik und Hilfsg\u00fctern, die vom Verein selbst nie bestritten wurden. Strittig ist nicht die Existenz dieser Hilfstransporte. Bestritten wird deren rechtliche und politische Deutung. Die Bundesanwaltschaft behauptet, einzelne Lieferungen h\u00e4tten auch milit\u00e4risch relevante G\u00fcter umfasst, darunter angeblich Drohnen oder drohnenbezogene Technik. Der Verein weist diesen Vorwurf zur\u00fcck und bestreitet jede Form milit\u00e4rischer Unterst\u00fctzung. Gleichwohl verbindet sich in der \u00f6ffentlichen Darstellung der Spionageverdacht mit dem Vereinsverfahren zu einem Gesamtbild, in dem aus humanit\u00e4rer Hilfe der Verdacht organisierter Unterst\u00fctzung wird.<\/strong><\/p>\n<p><em>Ein Meinungsbeitrag von <strong>Sabiene Jahn<\/strong><\/em><\/p>\n<p><span style=\"font-size: 10pt;\">Erstver\u00f6ffentlichung am 22.01.2026 auf <a href=\"https:\/\/apolut.net\/vom-hilfstransport-zum-staatsfeind\/\" target=\"_blank\" rel=\"noopener\">apolut.net<\/a><\/span><\/p>\n<p>Am vergangenen Mittwoch verdichten sich zwei Erz\u00e4hlstr\u00e4nge, die im deutschen Ukraine-Diskurs seit Jahren nebeneinander herlaufen und sich nun im Strafrecht ber\u00fchren. Auf der einen Seite die sicherheitsbeh\u00f6rdliche Logik eines Staates, der Russland als Bedrohung und \u201eEinflussoperation\u201c definiert und daraus Ermittlungen, Festnahmen und Verbotsarchitekturen ableitet. Auf der anderen Seite die Selbstbeschreibung eines Vereins, der seine Arbeit als humanit\u00e4re Hilfe f\u00fcr die Bev\u00f6lkerung in einem kriegszerst\u00f6rten Raum versteht \u2013 und der die Ma\u00dfnahmen gegen sich als politisch motivierte Kriminalisierung deutet(1). Dazwischen liegt ein Terrain, das l\u00e4ngst kein Sonderfall mehr ist. Die systematische Verengung legitimer Handlungsspielr\u00e4ume durch Sanktionsrecht, Antiterrorparagrafen, Verwaltungsentscheidungen und mediale Rahmungen \u2013 mit realen Konsequenzen f\u00fcr Vereine, Spender, Banken, Plattformen und am Ende f\u00fcr jede Form von \u201eabweichender\u201c humanit\u00e4rer Praxis.<\/p>\n<p>Der aktuelle Anlass ist konkret: Festnahmen in Berlin und Brandenburg, vorgetragen als Mischung aus Spionageverdacht und Unterst\u00fctzung \u201eausl\u00e4ndischer terroristischer Organisationen\u201c(2). In der Berichterstattung wird eine Frau (deutsch-ukrainische Staatsangeh\u00f6rigkeit) genannt, der geheimdienstliche Agentent\u00e4tigkeit vorgeworfen wird; dazu zwei M\u00e4nner, denen zugeschrieben wird, seit 2016 in herausgehobener Stellung in einem Verein agiert zu haben, der Transporte von Versorgungsg\u00fctern, Medizinprodukten und \u2013 entscheidend \u2013 angeblich auch Drohnen in den Donbass organisiert haben soll(3).<\/p>\n<p>Die Bundesanwaltschaft ordnet dabei die Volksrepubliken Donezk und Lugansk als terroristische Vereinigungen ein(4). Das ist die juristische Schiene, auf der aus Hilfeleistung eine Unterst\u00fctzungstat werden kann. Zeitgleich wird in mehreren Medien betont, dass die Spionagefestnahme nicht notwendig mit dem Vereinsverfahren zusammenh\u00e4nge(5). Die Dramaturgie in der \u00f6ffentlichen Wahrnehmung verbindet beides dennoch zu einem Gesamtbild &#8211; \u201eNetzwerke\u201c, \u201eEinfallstore\u201c, \u201eUnterwanderung\u201c oder \u201eHelfer des Kreml\u201c(6).<\/p>\n<p>Der Redaktionstext der \u201eDeutschen Welle\u201c (DW) bildet diese Logik in kondensierter Form ab. Dort hei\u00dft es, die Festgenommenen h\u00e4tten \u201ehumanit\u00e4re Hilfe und Drohnen in die Ostukraine\u201c geschickt. Au\u00dferdem wird die Einstufung der \u201eVolksrepublik Donezk\u201c und der \u201eVolksrepublik Luhansk\u201c als terroristische Organisationen behauptet, verbunden mit dem Hinweis, die Gebiete seien 2014 \u201evon moskautreuen Truppen besetzt\u201c worden(7). In dieser Wortwahl steckt bereits das Grundproblem. Wo der Staat &#8211; und ein erheblicher Teil der Leitmedien &#8211; einen geopolitischen Deutungsrahmen setzt, rutscht die Debatte \u00fcber konkrete Handlungen \u2013 Medikamente, Rollst\u00fchle, Generatoren, Werkzeuge oder Kinderspielzeug \u2013 in eine Vorentscheidung hinein, die nicht mehr humanit\u00e4r, sondern loyalit\u00e4tspolitisch gelesen wird.<\/p>\n<p>Wichtig ist, sauber zu trennen, was wir wissen, was behauptet wird und was sich daraus als Struktur ableiten l\u00e4sst. \u201eWissen\u201c hei\u00dft hier zun\u00e4chst, es gibt Ermittlungen, es gab Durchsuchungen (bereits im Mai 2025 bei Mitgliedern des Vereins \u201eFriedensbr\u00fccke &#8211; Kriegsopferhilfe\u201c) und nun Festnahmen(8). Die Vorw\u00fcrfe werden \u00fcber \u00a7 129b StGB (Unterst\u00fctzung einer ausl\u00e4ndischen terroristischen Vereinigung) und im Spionagekomplex \u00fcber Agentent\u00e4tigkeit gerahmt(9). Medien referieren, die Bundesanwaltschaft habe ausgef\u00fchrt, die mutma\u00dfliche Spionin habe Informationen zu Teilnehmern hochrangiger Veranstaltungen gesammelt und sich \u00fcber R\u00fcstungsstandorte, Drohnentests und Drohnenlieferungen erkundigt. Teils habe sie fr\u00fchere Mitarbeiter aus dem Gesch\u00e4ftsbereich des Verteidigungsministeriums angesprochen, die sie pers\u00f6nlich kannte(10). Ebenso wird in mehreren Berichten auf Vereinsstrukturen verwiesen, die Lieferungen in den Donbass organisiert haben sollen, einschlie\u00dflich des Vorwurfs, Vereinsgelder &#8211; in einem Fall \u00fcber 14.000 Euro &#8211; weitergeleitet und Transporte mitfinanziert zu haben(11).<\/p>\n<p>Deutlich wird, hier wird kaskadenartig massiv Druck ausge\u00fcbt und der entsteht heute selten als eine einzige Weisung. Druck wirkt normativ \u00fcber den Sanktions- und Terrorismusrahmen. Wer Gebiete oder Strukturen als sanktioniert bzw. als terroristisch einstuft, verschiebt den rechtlichen Status von Handlungen in einem Schritt. Aus \u201eHilfe\u201c wird \u201eRessourcenzufluss\u201c, aus \u201eTransport\u201c wird \u201eUnterst\u00fctzung\u201c, aus \u201eKontakt\u201c wird \u201eNetzwerk\u201c. Die Berichterstattung von 2022, auf die \u201eWELT\u201c selbst verweist, arbeitete bereits mit dem zentralen Argument, dass den Regionen Donezk und Lugansk \u201eweder unmittelbar noch mittelbar Gelder oder wirtschaftliche Ressourcen\u201c zugutekommen d\u00fcrften \u2013 und dass Hilfslieferungen Legitimit\u00e4t verschaffen k\u00f6nnten(12). Das ist nicht nur ein moralischer Vorwurf. Es ist eine funktionale Br\u00fccke zwischen Au\u00dfenpolitik und Strafrecht. Wer Legitimit\u00e4t als Ressource definiert, kann Humanit\u00e4res als politisches Kapital behandeln. In der aktuellen Welle wird diese Br\u00fccke durch die Spionage- und Terrorismus-Zuschreibung zus\u00e4tzlich verst\u00e4rkt.<\/p>\n<p>Der Druck wirkt ebenso administrativ, \u00fcber Erm\u00e4chtigungen und Intransparenz. \u00a7 129b ist kein gew\u00f6hnlicher Straftatbestand im Sinne einer klaren, f\u00fcr B\u00fcrger leicht vorhersehbaren Grenze. Er ist strukturell an au\u00dfenpolitische Interessen gekoppelt, weil die Verfolgung regelm\u00e4\u00dfig von politischen Bewertungen flankiert wird. Welche Gruppierung gilt als terroristisch? Ab wann? Mit welcher Reichweite? In der Praxis entsteht dadurch eine Grauzone, in der Handlungen r\u00fcckblickend neu bewertet werden k\u00f6nnen \u2013 genau jener Punkt, der in der Debatte seit Monaten den Kern bildet. Vereine und Unterst\u00fctzer behaupten, sie h\u00e4tten humanit\u00e4r gehandelt und sich im Rahmen dessen bewegt, was \u00f6ffentlich-politisch (Stichwort Minsk-Prozess) lange Zeit als Konfliktbearbeitung galt. Staatliche Ermittler hingegen argumentieren, dass Ressourcen (auch Sachg\u00fcter) in einem Terror-Kontext objektiv Unterst\u00fctzungswirkung entfalten k\u00f6nnen. Das ist weniger eine juristische Spitzfindigkeit als ein Machtinstrument. Es verschiebt die Risikoabw\u00e4gung vollst\u00e4ndig auf die Zivilgesellschaft \u2013 und zwar mit einem Risiko, das niemand mehr durch \u201egutes Verhalten\u201c zuverl\u00e4ssig minimieren kann, weil die Einstufung selbst politisch dynamisch bleibt.<\/p>\n<p>Der Druck ist insbesondere finanziell und infrastrukturell wirkm\u00e4chtig, \u00fcber Banken, Zahlungsdienstleister, Plattformen und Logistik. Etliche Kontenk\u00fcndigungen, die angedrohte Aberkennung von Gemeinn\u00fctzigkeit und eine entbl\u00f6\u00dfende Negativpresse im Mainstream mit erheblicher Schlagseite. Das ist der Mechanismus, der heute in vielen Politikfeldern zu beobachten ist. Bevor ein Gericht rechtskr\u00e4ftig urteilt, entstehen faktische Sanktionen im Vorfeld \u2013 durch De-Risking, K\u00fcndigungen, Sperrungen, Ausladungen und Kooperationsabbr\u00fcchen. Man kann das als \u201eprivatisierte Vorwirkung\u201c staatlicher Risikologik beschreiben. Der Staat muss nicht verbieten, wenn das Umfeld den Akteur operativ austrocknet. In diesem Klima wird jede Strafverfolgungsnachricht zum Signal an Dritte. Wer weiter kooperiert, k\u00f6nnte der N\u00e4chste sein\u2026<\/p>\n<p>Im diskursiv-medialen Druck wird der Fall \u201eFriedensbr\u00fccke\u201c zum Exempel eines breiteren Ph\u00e4nomens. Er ist kein Sonderfall mehr, aber ein Anlass zum Nachdenken und Entr\u00fcsten. Leitmedien erz\u00e4hlen solche F\u00e4lle selten als n\u00fcchterne Abw\u00e4gung zwischen humanit\u00e4rer Pflicht und Sanktionsregime. Sie erz\u00e4hlen sie als Loyalit\u00e4tsgeschichte. Wer hilft, wem hilft er damit wirklich? Wer steckt dahinter? Wer nutzt wen? Das ist in Teilen legitime Recherche \u2013 aber es ist auch eine Rahmung, die die Unschuldsvermutung faktisch unterminiert, weil sie nicht auf konkrete Tatnachweise fokussiert, anstatt dessen auf Motive, N\u00e4he und symbolische Bilder. Die \u201eWELT\u201c-\u00c4sthetik, Fotos mit Uniformierten, Schlagworte mit \u201edubiose Spendenorganisationen\u201c ist daf\u00fcr beispielhaft(13). Die \u00f6ffentliche Botschaft lautet, wer in diese Sph\u00e4re tritt, steht au\u00dferhalb normaler Zivilgesellschaft, selbst wenn er Hilfsg\u00fcter transportiert.<\/p>\n<p>Dass der Verein \u201eFriedensbr\u00fccke\u201c und Liane Kilinc (die bereits im Exil lebt) das als politisch motivierte Kriminalisierung interpretieren, ist in der Stellungnahme vom 21. Januar 2026 un\u00fcbersehbar. Dort wird die Einstufung der \u201eVolksrepubliken\u201c als \u201ev\u00f6llige Missachtung historischer Realit\u00e4ten\u201c bezeichnet. Es wird von \u201eKriminalisierung humanit\u00e4rer Hilfe\u201c gesprochen und die deutsche Justiz als \u201eWerkzeug\u201c einer von USA und NATO vorangetriebenen Kriegspolitik gedeutet. Zus\u00e4tzlich wird eine Verbindung zu Enth\u00fcllungen rund um Butscha behauptet und daraus eine zeitliche Motivlage nahegelegt(14). Diese Passagen sind politische Positionierung. Zugleich zeigen sie, wie stark die Akteure sich bereits in einem existenziellen Konflikt mit dem deutschen Staat und dessen Rechtssystem sehen. Damit verschiebt sich die Kommunikation, weg von juristischer Verteidigung, hin zur Systemkritik. Das ist gem\u00e4\u00df deutschem Grundgesetz erlaubt. Genau das wiederum erh\u00f6ht im sicherheitsbeh\u00f6rdlichen Blick die Plausibilit\u00e4t des \u201eNetzwerk\u201c-Narrativs. Ein Teufelskreis aus gegenseitiger Best\u00e4tigung entsteht, in dem jede Seite im Verhalten der anderen den Beweis f\u00fcr die eigene Deutung findet.<\/p>\n<p>Die Intervention der ehemaligen Politikerin und Autorin Dagmar Henn \u2013 unabh\u00e4ngig davon, ob man ihre Folgerungen teilt \u2013 ist als Beitrag einer Gegen\u00f6ffentlichkeit interessant. Henn beschreibt in einem \u00e4lteren Artikel eine \u201eSpionagegeschichte\u201c, die sich aus ihrer Sicht aus nachrichtendienstnahen Quellen und Denkstilen des deutschen Staatsapparates speist. \u201eEinfallstor\u201c, \u201eoperieren\u201c, \u201eNetzwerke\u201c \u2013 das Vokabular verrate die Perspektive. Sie nennt als zentrale Deutungsinstanz Sabine Fischer von der Stiftung Wissenschaft und Politik (SWP), dem zentralen au\u00dfen- und sicherheitspolitischen Beratungsinstitut von Bundesregierung und Bundestag, und kritisiert, es werde hier eine Nachrichtendienstlogik aus dem staatlichen Sicherheitsapparat in den gesellschaftlichen Raum \u00fcbertragen(15). Das ist, analytisch betrachtet, eine relevante Beobachtung, weil sie einen Mechanismus benennt, der \u00fcber diesen Einzelfall hinausweist. In Deutschland hat sich seit 2022 ein diskursives Muster etabliert, in dem die Grenze zwischen politischer Analyse, staatlicher Sicherheitskommunikation und moralischer Delegitimierung zunehmend verschwimmt. Sobald die Kategorie \u201eEinfluss\u201c dominiert, wird nahezu jede Form von abweichender Positionierung als potenziell \u201egesteuert\u201c lesbar \u2013 und damit als Sicherheitsproblem, nicht als demokratische Normalit\u00e4t.<\/p>\n<p>Was steckt also \u201ewirklich\u201c hinter der eklatanten Verfolgungsjagd eines kleinen Hilfsvereins aus Brandenburg? Seri\u00f6s l\u00e4sst sich das derzeit nur als Strukturhypothese formulieren, nicht als abschlie\u00dfende Enth\u00fcllung \u00fcber Drahtzieher. Der Druck entsteht aus dem Zusammenwirken von EU-Sanktionsarchitektur, nationalem Sicherheitsrecht (insbesondere \u00a7 129b als Hebel), politischer Au\u00dfen- und B\u00fcndnispolitik, und einer Medienlogik, die Loyalit\u00e4tsabweichung schnell in Verdachtsnarrative \u00fcbersetzt. Das ist ein Systemeffekt. Wenn Au\u00dfenpolitik moralisch absolut gesetzt wird &#8211; \u201ewir\u201c gegen \u201esie\u201c-, dann werden rechtliche Instrumente elastischer, pr\u00e4ventive Eingriffe wahrscheinlicher und \u201eNeutralit\u00e4t\u201c sozial riskanter. Der Fall ist deshalb kein Sonderfall, weil er in vielen Feldern \u00e4hnlich verl\u00e4uft. Bei Pal\u00e4stina-Solidarit\u00e4t, bei Russland-N\u00e4he, bei bestimmten Corona-Aufarbeitungsnetzwerken und bei Whistleblower-Konstellationen.<\/p>\n<p>\u00c4hnlich ist immer das Muster. Zuerst die Rahmung, dann administrative und schlie\u00dflich \u00f6konomische Austrocknung, danach strafrechtliche Zuspitzung, schlussendlich eine gesellschaftliche Botschaft an alle anderen, was k\u00fcnftig als \u201enormal\u201c gilt.<\/p>\n<p>Das entscheidende ist jedoch, welche Pr\u00fcfkriterien sind in einem solchen Klima noch belastbar? Wenn die Einstufung einer ausl\u00e4ndischen Struktur als \u201eterroristisch\u201c die Schl\u00fcsselvariable ist, dann muss sich Berichterstattung an genau dieser Einstufung abarbeiten. Wer trifft sie, auf welcher Grundlage, in welchem Verfahren, mit welchen Kontrollm\u00f6glichkeiten, und mit welcher Vorhersehbarkeit f\u00fcr B\u00fcrger und Organisationen? Wenn humanit\u00e4re Hilfe (Sachg\u00fcter) in Konfliktr\u00e4umen grunds\u00e4tzlich als \u201eRessource\u201c gilt, die \u201emilit\u00e4rische Entschl\u00fcsse\u201c st\u00e4rken k\u00f6nne, dann ist die humanit\u00e4re Idee selbst gef\u00e4hrdet, weil sie in ein Motivationsstrafrecht kippt. Nicht die konkrete Tat z\u00e4hlt, viel mehr eine zugeschriebene Wirkung auf Dritte.<\/p>\n<p>Damit wird humanit\u00e4re Hilfe in bestimmten politischen R\u00e4umen praktisch unm\u00f6glich, au\u00dfer sie erfolgt \u00fcber politisch privilegierte Kan\u00e4le.<\/p>\n<p>Genau hier ber\u00fchrt der Fall die europ\u00e4ische Dimension. Europa ist nicht nur Rechtsraum &#8211; es ist auch B\u00fcndnisraum. Seit 2022 sind Sanktionen und Sicherheitskommunikation zu Leitplanken geworden, an denen nationale Politik ihre Handlungsf\u00e4higkeit demonstriert. Gleichzeitig bleibt die humanit\u00e4re Norm rhetorisch unangetastet. Nat\u00fcrlich will niemand \u201egegen Hilfe\u201c sein. Also wird der Konflikt auf die Ebene der Empf\u00e4ngerdefinition verschoben &#8211; Hilfe ja, aber eben nur an \u201edie richtigen\u201c. Wer diese \u201eRichtigkeit\u201c politisch festlegt, kontrolliert faktisch die Humanit\u00e4t. Der Donbass ist daf\u00fcr der h\u00e4rteste Testfall, weil er seit 2014 ein Raum konkurrierender Souver\u00e4nit\u00e4tsbehauptungen ist \u2013 und weil die deutsche \u00d6ffentlichkeit diesen Raum in weiten Teilen erst wahrnimmt, seit er in einen gr\u00f6\u00dferen Krieg mit der NATO eingebettet ist. In einem solchen Raum wird jede Lieferung zwangsl\u00e4ufig politisch gelesen, selbst wenn sie aus Sicht der Helfer banal und lebensrettend ist.<\/p>\n<p>Das macht die Lage f\u00fcr Vereine in Deutschland existenziell. Wer in politisch umstrittenen R\u00e4umen hilft, setzt sich heute nicht mehr nur dem Risiko von Spendenverlusten oder Shitstorms aus. Er exponiert sich gegen\u00fcber Ermittlungen, Kontensperrungen, Hausdurchsuchungen, Beschlagnahmen und Haft. F\u00fcr die Zivilgesellschaft ist das eine neue Qualit\u00e4t.<\/p>\n<p>Interessanterweise gilt diese Logik jedoch nicht symmetrisch. Die staatlich oder privat koordinierte humanit\u00e4re Hilfe an Kiew wurde nicht mit einer Silbe ger\u00fcgt. Im Jahr 2022 erreichte die private Spendenhilfe f\u00fcr die Ukraine mit \u00fcber einer Milliarde Euro einen historischen H\u00f6chststand \u2013 den h\u00f6chsten jemals in Deutschland f\u00fcr eine einzelne Notsituation erfassten Betrag, so das Deutsche Zentralinstitut f\u00fcr soziale Fragen (DZI), die ma\u00dfgebliche Spendenforschungsstelle in Deutschland(16). Kaum jemand stellte damals die Frage, wo der Krieg tats\u00e4chlich tobte \u2013 nicht in Kiew, sondern nahezu ausschlie\u00dflich \u00f6stlich, im Donbass \u2013, und kaum jemand wusste, wo dieser Landstrich \u00fcberhaupt liegt und welche lange westliche Vorgeschichte dieser Krieg hatte. Sanktionen gegen diese Spender sind bis heute nicht bekannt geworden(17). Die Schwelle, ab der Humanit\u00e4res als sicherheitsrelevant gilt, sinkt deutlich, sobald geopolitische Loyalit\u00e4t zur Binnenanforderung wird. Die Folge ist Selbstzensur im Organisieren, Spenden und Reden \u2013 und am Ende eine Art \u201eZulassungslogik\u201c f\u00fcr Mitgef\u00fchl. Man kann diese Entwicklung politisch begr\u00fc\u00dfen oder verurteilen.<\/p>\n<p>Entscheidend ist etwas anderes. Sie verlangt Transparenz und Proportionalit\u00e4t. Transparenz hei\u00dft, wenn der Staat \u00fcber \u00a7 129b eine Einstufung und Verfolgung tr\u00e4gt, muss er auch die Kriterien, den Zeitpunkt, die Reichweite und die Abgrenzung (zivil\/ milit\u00e4risch) so darlegen, dass B\u00fcrger ihr Verhalten daran orientieren k\u00f6nnen. Proportionalit\u00e4t bedeutet, der Nachweis, dass konkrete G\u00fcter konkret milit\u00e4risch genutzt oder konkret zweckgerichtet an bewaffnete Akteure geliefert wurden, muss den Kern bilden \u2013 nicht die Vermutung, dass jede Hilfe \u201egeeignet\u201c sei, Entschl\u00fcsse zu st\u00e4rken. Hinzu kommt ein Punkt von erheblicher rechtsstaatlicher Brisanz: Die strafrechtliche Relevanz wird hier erst bis zu zehn Jahre nach den beanstandeten Handlungen konstruiert. Ein Verein soll sich heute f\u00fcr T\u00e4tigkeiten verantworten, die zum Zeitpunkt ihres Vollzugs weder verboten noch als terroristische Unterst\u00fctzung eingestuft waren(18).<\/p>\n<p>Solange diese beiden Anforderungen nicht erf\u00fcllt sind, bleibt im Raum, was zu Recht zu gesellschaftlichem Nachdenken mahnt. N\u00e4mlich, dass sich Rechtsstaatlichkeit nicht erst im Urteil zeigt. Es ist der Weg dorthin \u2013 und dass der Weg dahin in geopolitisierten Zeiten immer h\u00e4ufiger selbst zur Strafe wird. An diesem Punkt reduziert sich der gesamte Fall auf drei n\u00fcchterne, aber rechtsstaatlich entscheidende Fragen.<\/p>\n<p><strong>Erstens<\/strong>: L\u00e4sst sich der zentrale Vorwurf der milit\u00e4rischen Unterst\u00fctzung \u00fcberhaupt belegen? Gibt es belastbare Beweise daf\u00fcr, dass \u00fcber den Verein Drohnen oder milit\u00e4risch nutzbare Technik geliefert wurden \u2013 oder bleibt dieser Vorwurf eine Behauptung, gest\u00fctzt auf Vermutungen, Deutungen und politische Kontextannahmen? Solange dieser Nachweis nicht gef\u00fchrt ist, bleibt der Kern der Anklage offen.<\/p>\n<p><strong>Zweitens<\/strong> gilt dasselbe f\u00fcr den Spionagevorwurf gegen die deutsch-ukrainische Beschuldigte. Auch hier ist nicht die N\u00e4he, nicht der Kontakt und nicht die Beobachtung an sich strafbar. Strafbew\u00e4hrt ist nur eine nachweisbare Weitergabe geheimhaltungsbed\u00fcrftiger Informationen mit Sch\u00e4digungsabsicht. Wenn bereits das Beobachten oder Erheben von Informationen \u00fcber mutma\u00dfliche Milit\u00e4rtransporte als hinreichender Spionageverdacht gen\u00fcgen soll, dann ger\u00e4t die Grenze zwischen legitimer Wahrnehmung und strafbarer Handlung gef\u00e4hrlich ins Rutschen \u2013 und mit ihr der Ma\u00dfstab, ab wann Untersuchungshaft \u00fcberhaupt noch verh\u00e4ltnism\u00e4\u00dfig ist.<\/p>\n<p><strong>Drittens<\/strong> ber\u00fchrt der Fall einen Punkt, der in der westdeutsch gepr\u00e4gten Sicherheitspolitik oft \u00fcbersehen wird, f\u00fcr viele Ostdeutsche jedoch bis heute eine zentrale rechtliche Referenz ist, den Zwei-plus-Vier-Vertrag als v\u00f6lkerrechtlich bindende Friedensgrundlage. F\u00fcr eine Generation, die ihre staatliche Existenz aus genau diesem Vertrag ableitet, ist er ein rechtlicher Schutzraum &#8211; und kein historisches Dokument &#8211; gegen neue Kriegsrhetorik, neue B\u00fcndnislogiken und neue Feindbilder. W\u00e4hrend eine \u00fcberwiegend westdeutsch sozialisierte Regierung diesen Vertrag politisch entkernt, bleibt er f\u00fcr viele Ostdeutsche die zentrale juristische Referenz, aus der sie der heutigen Militarisierung in rechtsstaatlicher Weise entgegentreten(19).<\/p>\n<p>Wenn Haft zur Vorleistung auf einen noch nicht gef\u00fchrten Beweis wird, wenn Humanit\u00e4t nur noch unter geopolitischem Vorbehalt erlaubt ist und wenn v\u00f6lkerrechtliche Friedensvertr\u00e4ge politisch marginalisiert werden, dann geht es l\u00e4ngst nicht mehr nur um einen Verein aus Brandenburg. Dann geht es um die Frage, wie belastbar der Rechtsstaat bleibt, wenn Geopolitik beginnt, seine Ma\u00dfst\u00e4be zu setzen. Der Fall \u201eFriedensbr\u00fccke\u201c ist damit ein Brennglas. Er zeigt, wie schnell in Deutschland aus einer politisch unpopul\u00e4ren Humanit\u00e4t ein Sicherheitsproblem werden kann, wie stark Medienrahmen die Vorverurteilung bef\u00f6rdern, und wie wirkm\u00e4chtig die Mischung aus Sanktionsrecht, Antiterrorparagrafen und administrativer Intransparenz ist. Und er stellt eine Frage, die \u00fcber Donbass, Russland und Ukraine hinausreicht.<\/p>\n<p>Wollen wir in Europa einen Zustand, in dem \u201eHumanit\u00e4t\u201c nicht mehr eine Norm ist, und die dem Politischen Grenzen setzt? Oder wollen wir dieses Instrument, das nur innerhalb politisch definierter Grenzen erlaubt bleibt? Diese Fragen sind nicht abstrakt. Sie entscheiden dar\u00fcber, ob Zivilgesellschaft k\u00fcnftig noch helfen darf \u2013 oder nur noch dort, wo es geopolitisch erw\u00fcnscht ist.<\/p>\n<p style=\"text-align: right;\"><em>Sabiene Jahn, Tr\u00e4gerin des K\u00f6lner Karlspreises f\u00fcr Engagierte Literatur und Publizistik, ist Mitglied des Deutschen Freidenker-Verbandes, LV Rheinland-Pfalz \/ Saarland<\/em><\/p>\n<p>&nbsp;<\/p>\n<p><strong>Quellen und Anmerkungen:<\/strong><\/p>\n<p>1.) <a href=\"https:\/\/apolut.net\/angriff-auf-humanitare-hilfe-hausdurchsuchung-beim-verein-friedensbrucke\/\">https:\/\/apolut.net\/angriff-auf-humanitare-hilfe-hausdurchsuchung-beim-verein-friedensbrucke\/<\/a> &#8211; Artikel von Sabiene Jahn, Mai 2025; erg\u00e4nzend Stellungnahme des Vereins \u201eFriedensbr\u00fccke-Kriegsopferhilfe\u201c: (Mai 2025) <a href=\"https:\/\/fbko.org\/?S=Aktuelles_Fuer-die-Medien_Detail&amp;lang=DE&amp;D=Mp1ELrISjIkkQcvO\">https:\/\/fbko.org\/?S=Aktuelles_Fuer-die-Medien_Detail&amp;lang=DE&amp;D=Mp1ELrISjIkkQcvO<\/a>; (21.01.2026, Telegram): <a href=\"https:\/\/t.me\/No_Pasaran2022\/51790\">https:\/\/t.me\/No_Pasaran2022\/51790<\/a><\/p>\n<p>2.) <a href=\"https:\/\/www.generalbundesanwalt.de\/SharedDocs\/Pressemitteilungen\/DE\/2026\/Pressemitteilung-vom-21-01-2026.html\">https:\/\/www.generalbundesanwalt.de\/SharedDocs\/Pressemitteilungen\/DE\/2026\/Pressemitteilung-vom-21-01-2026.html<\/a><\/p>\n<p>3.) <a href=\"https:\/\/www.tagesspiegel.de\/potsdam\/brandenburg\/berlin-brandenburg-mutmassliche-unterstuetzer-prorussischer-gruppen-festgenommen-15162833.html\">https:\/\/www.tagesspiegel.de\/potsdam\/brandenburg\/berlin-brandenburg-mutmassliche-unterstuetzer-prorussischer-gruppen-festgenommen-15162833.html<\/a><\/p>\n<p>4.) <a href=\"https:\/\/www.zdfheute.de\/politik\/ausland\/festnahmen-brandenburg-unterstuetzer-russland-ukraine-krieg-100.html\">https:\/\/www.zdfheute.de\/politik\/ausland\/festnahmen-brandenburg-unterstuetzer-russland-ukraine-krieg-100.html<\/a><\/p>\n<p>5.) <a href=\"https:\/\/www.stern.de\/news\/drei-festnahmen-mit-mutmasslichem-bezug-zu-russland-in-berlin-und-brandenburg-37062504.html\">https:\/\/www.stern.de\/news\/drei-festnahmen-mit-mutmasslichem-bezug-zu-russland-in-berlin-und-brandenburg-37062504.html<\/a> &#8211; Medienberichte zur Trennung der F\u00e4lle.<\/p>\n<p>6.) <a href=\"https:\/\/www.welt.de\/politik\/deutschland\/article6970ad75568b91954b0e9e08\/spionage-und-terror-unterstuetzung-doppel-razzia-gegen-mutmassliche-agenten-und-unterstuetzer-russlands.html\">https:\/\/www.welt.de\/politik\/deutschland\/article6970ad75568b91954b0e9e08\/spionage-und-terror-unterstuetzung-doppel-razzia-gegen-mutmassliche-agenten-und-unterstuetzer-russlands.html<\/a><\/p>\n<p>7.) <a href=\"https:\/\/www.dw.com\/ru\/v-berline-i-brandenburge-zaderzany-predpolagaemye-agenty-rf\/a-75591627\">https:\/\/www.dw.com\/ru\/v-berline-i-brandenburge-zaderzany-predpolagaemye-agenty-rf\/a-75591627<\/a> &#8211;<\/p>\n<p>8.) <a href=\"https:\/\/apolut.net\/angriff-auf-humanitare-hilfe-hausdurchsuchung-beim-verein-friedensbrucke\/\">https:\/\/apolut.net\/angriff-auf-humanitare-hilfe-hausdurchsuchung-beim-verein-friedensbrucke\/<\/a><\/p>\n<p>9.) <a href=\"https:\/\/www.gesetze-im-internet.de\/stgb\/__129b.html\">https:\/\/www.gesetze-im-internet.de\/stgb\/__129b.html<\/a> &#8211; StGB \u2013 Strafgesetzbuch, \u00a7\u00a7 129b<\/p>\n<p>10.) <a href=\"https:\/\/www.dw.com\/de\/mutma%C3%9Fliche-russland-spionin-in-berlin-festgenommen\/a-75592437\">https:\/\/www.dw.com\/de\/mutma%C3%9Fliche-russland-spionin-in-berlin-festgenommen\/a-75592437<\/a><\/p>\n<p>11.) <a href=\"https:\/\/www.tagesspiegel.de\/potsdam\/brandenburg\/berlin-brandenburg-mutmassliche-unterstuetzer-prorussischer-gruppen-festgenommen-15162833.html\">https:\/\/www.tagesspiegel.de\/potsdam\/brandenburg\/berlin-brandenburg-mutmassliche-unterstuetzer-prorussischer-gruppen-festgenommen-15162833.html<\/a><\/p>\n<p>12.) <a href=\"https:\/\/www.welt.de\/politik\/deutschland\/article6970ad75568b91954b0e9e08\/spionage-und-terror-unterstuetzung-doppel-razzia-gegen-mutmassliche-agenten-und-unterstuetzer-russlands.html\">https:\/\/www.welt.de\/politik\/deutschland\/article6970ad75568b91954b0e9e08\/spionage-und-terror-unterstuetzung-doppel-razzia-gegen-mutmassliche-agenten-und-unterstuetzer-russlands.html<\/a><\/p>\n<p>13.) <a href=\"https:\/\/www.welt.de\/politik\/deutschland\/article6970ad75568b91954b0e9e08\/spionage-und-terror-unterstuetzung-doppel-razzia-gegen-mutmassliche-agenten-und-unterstuetzer-russlands.html\">https:\/\/www.welt.de\/politik\/deutschland\/article6970ad75568b91954b0e9e08\/spionage-und-terror-unterstuetzung-doppel-razzia-gegen-mutmassliche-agenten-und-unterstuetzer-russlands.html<\/a><\/p>\n<p>14.) <a href=\"https:\/\/t.me\/No_Pasaran2022\/51790\">https:\/\/t.me\/No_Pasaran2022\/51790<\/a> &#8211; Stellungnahme des Vereins vom 21. Januar 2026 (Telegram); erg\u00e4nzend <a href=\"https:\/\/fbko.org\/?S=Aktuelles_Fuer-die-Medien_Detail&amp;lang=DE&amp;D=Mp1ELrISjIkkQcvO\">https:\/\/fbko.org\/?S=Aktuelles_Fuer-die-Medien_Detail&amp;lang=DE&amp;D=Mp1ELrISjIkkQcvO<\/a><\/p>\n<p>15.) <a href=\"https:\/\/www.freidenker.org\/?p=22860\">https:\/\/www.freidenker.org\/?p=22860<\/a><\/p>\n<p>16.) <a href=\"https:\/\/www.dzi.de\/pressemitteilungen\/mehr-als-1-milliarde-euro-spenden-fuer-die-ukraine-in-2022\/\">https:\/\/www.dzi.de\/pressemitteilungen\/mehr-als-1-milliarde-euro-spenden-fuer-die-ukraine-in-2022\/<\/a> &#8211; Deutsches Zentralinstitut f\u00fcr soziale Fragen (DZI), erg\u00e4nzend <a href=\"https:\/\/www.spendenrat.de\/krieg-in-der-ukraine-ausserordentliche-spendenentwicklung\/\">https:\/\/www.spendenrat.de\/krieg-in-der-ukraine-ausserordentliche-spendenentwicklung\/<\/a><\/p>\n<p>17.) <a href=\"https:\/\/en.wikipedia.org\/wiki\/List_of_humanitarian_aid_to_Ukraine_during_the_Russo-Ukrainian_war\">https:\/\/en.wikipedia.org\/wiki\/List_of_humanitarian_aid_to_Ukraine_during_the_Russo-Ukrainian_war<\/a><\/p>\n<p>18.) <a href=\"https:\/\/www.buzer.de\/103_GG.htm\">https:\/\/www.buzer.de\/103_GG.htm<\/a> &#8211; Art. 103 Abs. 2 GG<\/p>\n<p>19.) <a href=\"https:\/\/www.bundestag.de\/resource\/blob\/1034760\/WD-2-061-24-pdf.pdf\">https:\/\/www.bundestag.de\/resource\/blob\/1034760\/WD-2-061-24-pdf.pdf<\/a> &#8211; Zwei-plus-Vier-Vertrag (1990), V\u00f6lkerrechtlicher Friedensvertrag<\/p>\n<p>&nbsp;<\/p>\n<p>\u00a9 Sabiene Jahn<br \/>\n<span style=\"font-size: 10pt;\">Wir danken der Autorin f\u00fcr das Recht zur Ver\u00f6ffentlichung des Beitrages<\/span><br \/>\n<img loading=\"lazy\" decoding=\"async\" src=\"https:\/\/vg05.met.vgwort.de\/na\/135b86af552a4c8fa9c5301f8ca5934d\" alt=\"\" width=\"1\" height=\"1\" \/><\/p>\n<hr \/>\n<p><span style=\"font-size: 10pt;\">Bild oben: Liane Kilinc, Vorsitzende des Vereins Friedensbr\u00fccke \u2013 Kriegsopferhilfe e.V.<\/span><br \/>\n<span style=\"font-size: 10pt;\">Bildquelle: <a href=\"https:\/\/apolut.net\/vom-hilfstransport-zum-staatsfeind\/\" target=\"_blank\" rel=\"noopener\">apolut.net<\/a><\/span><\/p>\n","protected":false},"excerpt":{"rendered":"<p><b>Der Fall \u201eFriedensbr\u00fccke\u201c und die neue Grenze zwischen Humanit\u00e4t und Staatsschutz<\/b><br \/>\n<b>Ein Meinungsbeitrag von Sabiene Jahn<\/b><br \/>\nAm Morgen des 21. Januar 2026 l\u00e4sst der Generalbundesanwalt in Berlin und Brandenburg drei Personen festnehmen. Einer deutsch-ukrainischen Staatsb\u00fcrgerin wird geheimdienstliche Agentent\u00e4tigkeit vorgeworfen, zwei weiteren Beschuldigten die Unterst\u00fctzung einer \u201eausl\u00e4ndischen terroristischen Vereinigung\u201c. Im Zentrum der Ermittlungen steht ein Hilfsverein aus Brandenburg, der seit 2015 offen dokumentierte humanit\u00e4re Transporte in den Donbass organisiert hat \u2013 Lieferungen von Medikamenten, Lebensmitteln, Technik und Hilfsg\u00fctern, die vom Verein selbst nie bestritten wurden. Strittig ist nicht die Existenz dieser Hilfstransporte. Bestritten wird deren rechtliche und politische Deutung. Die Bundesanwaltschaft behauptet, einzelne Lieferungen h\u00e4tten auch milit\u00e4risch relevante G\u00fcter umfasst, darunter angeblich Drohnen oder drohnenbezogene Technik. <\/p>\n","protected":false},"author":3,"featured_media":24306,"comment_status":"closed","ping_status":"closed","sticky":false,"template":"","format":"standard","meta":{"colormag_page_container_layout":"default_layout","colormag_page_sidebar_layout":"default_layout","advanced_seo_description":"","jetpack_seo_html_title":"","jetpack_seo_noindex":false,"jetpack_post_was_ever_published":false,"footnotes":""},"categories":[12],"tags":[1121,182,635,2641,759,1631,1202,2644,2890,794,222,719,2001,1508,2179,2381,376,639,2956,345],"class_list":["post-24288","post","type-post","status-publish","format-standard","has-post-thumbnail","hentry","category-demokratie-medien-aufklaerung","tag-donbass","tag-eu","tag-feindbild","tag-friedensbruecke","tag-geheimdienste","tag-geopolitik","tag-humanitaere-hilfe","tag-kriminalisierung","tag-narrativ","tag-rechtsstaatlichkeit","tag-russland","tag-sanktionen","tag-sicherheit","tag-spionage","tag-strafverfahren","tag-terroristische-vereinigung","tag-transparenz","tag-ukraine-konflikt","tag-verhaftung","tag-voelkerrecht"],"jetpack_featured_media_url":"https:\/\/i0.wp.com\/www.freidenker.org\/fw17\/wp-content\/uploads\/2026\/01\/kilinc_150225_800x450.jpg?fit=800%2C450&ssl=1","jetpack_shortlink":"https:\/\/wp.me\/p9stpK-6jK","jetpack-related-posts":[{"id":24303,"url":"https:\/\/www.freidenker.org\/?p=24303","url_meta":{"origin":24288,"position":0},"title":"Deutschland: Isolationshaft f\u00fcr Babynahrung?","author":"Webredaktion","date":"26. Januar 2026","format":false,"excerpt":"Beitrag von Dagmar Henn Am 21. Januar wurden in Deutschland zwei M\u00e4nner verhaftet; einer davon russischer Staatsb\u00fcrger. Der Vorwurf? \"Unterst\u00fctzung einer terroristischen Vereinigung\". Das ist der bisherige H\u00f6hepunkt einer Auseinandersetzung, die immer befremdlichere Z\u00fcge annimmt. Es geht um einen Verein, der seit 2015 humanit\u00e4re Hilfe in den Donbass geliefert hat:\u2026","rel":"","context":"In &quot;Frieden - Antifaschismus - Solidarit\u00e4t&quot;","block_context":{"text":"Frieden - Antifaschismus - Solidarit\u00e4t","link":"https:\/\/www.freidenker.org\/?cat=13"},"img":{"alt_text":"","src":"https:\/\/i0.wp.com\/www.freidenker.org\/fw17\/wp-content\/uploads\/2026\/01\/kinder_jelenovka_800x450.jpg?fit=800%2C450&ssl=1&resize=350%2C200","width":350,"height":200,"srcset":"https:\/\/i0.wp.com\/www.freidenker.org\/fw17\/wp-content\/uploads\/2026\/01\/kinder_jelenovka_800x450.jpg?fit=800%2C450&ssl=1&resize=350%2C200 1x, https:\/\/i0.wp.com\/www.freidenker.org\/fw17\/wp-content\/uploads\/2026\/01\/kinder_jelenovka_800x450.jpg?fit=800%2C450&ssl=1&resize=525%2C300 1.5x, https:\/\/i0.wp.com\/www.freidenker.org\/fw17\/wp-content\/uploads\/2026\/01\/kinder_jelenovka_800x450.jpg?fit=800%2C450&ssl=1&resize=700%2C400 2x"},"classes":[]},{"id":22155,"url":"https:\/\/www.freidenker.org\/?p=22155","url_meta":{"origin":24288,"position":1},"title":"Zehn Jahre Friedensbr\u00fccke e.V.: &#8222;Bundesrepublik kriminalisiert humanit\u00e4re Hilfe als Terrorunterst\u00fctzung&#8220;","author":"Webredaktion","date":"20. Juni 2025","format":false,"excerpt":"Video-Interview von Iwan Poljanskij mit Liane Kilinc Der deutsche Verein \u201eFriedensbr\u00fccke \u2013 Kriegsopferhilfe\u201c feierte am 18. Juni 2025 sein zehnj\u00e4hriges Bestehen. Die Organisation unterst\u00fctzt Opfer bewaffneter Konflikte in verschiedenen L\u00e4ndern \u2013 darunter auch in den Volksrepubliken Donezk und Lugansk. Die Vorsitzende des Vereins, Liane Kilinc, sprach im Interview mit RT\u2026","rel":"","context":"In &quot;Frieden - Antifaschismus - Solidarit\u00e4t&quot;","block_context":{"text":"Frieden - Antifaschismus - Solidarit\u00e4t","link":"https:\/\/www.freidenker.org\/?cat=13"},"img":{"alt_text":"","src":"https:\/\/i0.wp.com\/www.freidenker.org\/fw17\/wp-content\/uploads\/2025\/06\/Kilinc_Interview_800x450.jpg?fit=800%2C450&ssl=1&resize=350%2C200","width":350,"height":200,"srcset":"https:\/\/i0.wp.com\/www.freidenker.org\/fw17\/wp-content\/uploads\/2025\/06\/Kilinc_Interview_800x450.jpg?fit=800%2C450&ssl=1&resize=350%2C200 1x, https:\/\/i0.wp.com\/www.freidenker.org\/fw17\/wp-content\/uploads\/2025\/06\/Kilinc_Interview_800x450.jpg?fit=800%2C450&ssl=1&resize=525%2C300 1.5x, https:\/\/i0.wp.com\/www.freidenker.org\/fw17\/wp-content\/uploads\/2025\/06\/Kilinc_Interview_800x450.jpg?fit=800%2C450&ssl=1&resize=700%2C400 2x"},"classes":[]},{"id":21964,"url":"https:\/\/www.freidenker.org\/?p=21964","url_meta":{"origin":24288,"position":2},"title":"Verfahren gegen Verein Friedensbr\u00fccke: Die Bundesregierung und das V\u00f6lkerrecht","author":"Webredaktion","date":"29. Mai 2025","format":false,"excerpt":"Beitrag von Dagmar Henn Das ist etwas, was es eigentlich gar nicht geben d\u00fcrfte; wie so vieles im heutigen Deutschland. Ein humanit\u00e4rer Verein wird mit einem schr\u00e4g konstruierten Vorwurf der \"Unterst\u00fctzung einer terroristischen Vereinigung\" verfolgt und quer durch die Leitmedien schreit es \"Terrorverdacht bei prorussischem Verein\". Nicht einer der lieben\u2026","rel":"","context":"In &quot;Demokratie \u2013 Medien \u2013 Aufkl\u00e4rung&quot;","block_context":{"text":"Demokratie \u2013 Medien \u2013 Aufkl\u00e4rung","link":"https:\/\/www.freidenker.org\/?cat=12"},"img":{"alt_text":"","src":"https:\/\/i0.wp.com\/www.freidenker.org\/fw17\/wp-content\/uploads\/2025\/05\/henn_friedensbruecke_800x450.jpg?fit=800%2C450&ssl=1&resize=350%2C200","width":350,"height":200,"srcset":"https:\/\/i0.wp.com\/www.freidenker.org\/fw17\/wp-content\/uploads\/2025\/05\/henn_friedensbruecke_800x450.jpg?fit=800%2C450&ssl=1&resize=350%2C200 1x, https:\/\/i0.wp.com\/www.freidenker.org\/fw17\/wp-content\/uploads\/2025\/05\/henn_friedensbruecke_800x450.jpg?fit=800%2C450&ssl=1&resize=525%2C300 1.5x, https:\/\/i0.wp.com\/www.freidenker.org\/fw17\/wp-content\/uploads\/2025\/05\/henn_friedensbruecke_800x450.jpg?fit=800%2C450&ssl=1&resize=700%2C400 2x"},"classes":[]},{"id":22860,"url":"https:\/\/www.freidenker.org\/?p=22860","url_meta":{"origin":24288,"position":3},"title":"Friedensbr\u00fccke, die n\u00e4chste \u2012 jetzt wird eine Spionagegeschichte gesponnen","author":"Webredaktion","date":"16. September 2025","format":false,"excerpt":"Beitrag von Dagmar Henn Als Roman oder als Kinofilm w\u00e4re das sicher unterhaltsamer, dann m\u00fcsste man auch nicht eine kleine Hilfsorganisation bel\u00e4stigen. Die tolle Recherche mehrerer Leitmedien ist jetzt beim Spionagevorwurf gelandet. Und landet selbst knietief im Nachrichtendienstsumpf. Immerhin, der WDR nahm zumindest Erwachsene f\u00fcr das Thema. Bei der S\u00fcddeutschen\u2026","rel":"","context":"In &quot;Demokratie \u2013 Medien \u2013 Aufkl\u00e4rung&quot;","block_context":{"text":"Demokratie \u2013 Medien \u2013 Aufkl\u00e4rung","link":"https:\/\/www.freidenker.org\/?cat=12"},"img":{"alt_text":"","src":"https:\/\/i0.wp.com\/www.freidenker.org\/fw17\/wp-content\/uploads\/2025\/09\/Hilfsgueter_gallery4_800x450.jpg?fit=800%2C450&ssl=1&resize=350%2C200","width":350,"height":200,"srcset":"https:\/\/i0.wp.com\/www.freidenker.org\/fw17\/wp-content\/uploads\/2025\/09\/Hilfsgueter_gallery4_800x450.jpg?fit=800%2C450&ssl=1&resize=350%2C200 1x, https:\/\/i0.wp.com\/www.freidenker.org\/fw17\/wp-content\/uploads\/2025\/09\/Hilfsgueter_gallery4_800x450.jpg?fit=800%2C450&ssl=1&resize=525%2C300 1.5x, https:\/\/i0.wp.com\/www.freidenker.org\/fw17\/wp-content\/uploads\/2025\/09\/Hilfsgueter_gallery4_800x450.jpg?fit=800%2C450&ssl=1&resize=700%2C400 2x"},"classes":[]},{"id":17332,"url":"https:\/\/www.freidenker.org\/?p=17332","url_meta":{"origin":24288,"position":4},"title":"Ist die Wahrheit nicht gemeinn\u00fctzig?","author":"Webredaktion","date":"25. Oktober 2023","format":false,"excerpt":"Beitrag von Dagmar Henn Der Kampf des Finanzamts Eberswalde gegen den Hilfsverein \"Friedensbr\u00fccke-Kriegsopferhilfe e.V.\" geht weiter. Der Verein leistet seit Jahren humanit\u00e4re Hilfe, in den Donbass, aber auch in andere Kriegsgebiete. Nun wurde der Einspruch gegen die Aberkennung der Gemeinn\u00fctzigkeit zur\u00fcckgewiesen; der Bescheid liegt uns vor. Wer die Erwartung hatte,\u2026","rel":"","context":"In &quot;Frieden - Antifaschismus - Solidarit\u00e4t&quot;","block_context":{"text":"Frieden - Antifaschismus - Solidarit\u00e4t","link":"https:\/\/www.freidenker.org\/?cat=13"},"img":{"alt_text":"","src":"https:\/\/i0.wp.com\/www.freidenker.org\/fw17\/wp-content\/uploads\/2023\/10\/Fahrzeug_fbko_800x450.jpg?fit=800%2C450&ssl=1&resize=350%2C200","width":350,"height":200,"srcset":"https:\/\/i0.wp.com\/www.freidenker.org\/fw17\/wp-content\/uploads\/2023\/10\/Fahrzeug_fbko_800x450.jpg?fit=800%2C450&ssl=1&resize=350%2C200 1x, https:\/\/i0.wp.com\/www.freidenker.org\/fw17\/wp-content\/uploads\/2023\/10\/Fahrzeug_fbko_800x450.jpg?fit=800%2C450&ssl=1&resize=525%2C300 1.5x, https:\/\/i0.wp.com\/www.freidenker.org\/fw17\/wp-content\/uploads\/2023\/10\/Fahrzeug_fbko_800x450.jpg?fit=800%2C450&ssl=1&resize=700%2C400 2x"},"classes":[]},{"id":22114,"url":"https:\/\/www.freidenker.org\/?p=22114","url_meta":{"origin":24288,"position":5},"title":"Die deutsche Politik gef\u00e4hrdet humanit\u00e4re Hilfe in Kriegsgebieten","author":"Webredaktion","date":"13. Juni 2025","format":false,"excerpt":"Beitrag von Dagmar Henn Manchmal dauert es ein paar Tage, bis sich die Bedeutung eines Ereignisses in ihrer ganzen Breite erschlie\u00dft. Das ist mit dem Vorgehen des Generalbundesanwalts gegen den Hilfsverein \"Friedensbr\u00fccke-Kriegsopferhilfe e.V.\" nicht anders. Die gro\u00dfen Hilfsorganisationen haben nur in einer Hinsicht Gl\u00fcck:\u00a0Die Tatsache, dass die beiden Personen, gegen\u2026","rel":"","context":"In &quot;Frieden - Antifaschismus - Solidarit\u00e4t&quot;","block_context":{"text":"Frieden - Antifaschismus - Solidarit\u00e4t","link":"https:\/\/www.freidenker.org\/?cat=13"},"img":{"alt_text":"","src":"https:\/\/i0.wp.com\/www.freidenker.org\/fw17\/wp-content\/uploads\/2025\/06\/friedensbruecke_Transport83_bild4_800x450.jpg?fit=800%2C450&ssl=1&resize=350%2C200","width":350,"height":200,"srcset":"https:\/\/i0.wp.com\/www.freidenker.org\/fw17\/wp-content\/uploads\/2025\/06\/friedensbruecke_Transport83_bild4_800x450.jpg?fit=800%2C450&ssl=1&resize=350%2C200 1x, https:\/\/i0.wp.com\/www.freidenker.org\/fw17\/wp-content\/uploads\/2025\/06\/friedensbruecke_Transport83_bild4_800x450.jpg?fit=800%2C450&ssl=1&resize=525%2C300 1.5x, https:\/\/i0.wp.com\/www.freidenker.org\/fw17\/wp-content\/uploads\/2025\/06\/friedensbruecke_Transport83_bild4_800x450.jpg?fit=800%2C450&ssl=1&resize=700%2C400 2x"},"classes":[]}],"_links":{"self":[{"href":"https:\/\/www.freidenker.org\/index.php?rest_route=\/wp\/v2\/posts\/24288","targetHints":{"allow":["GET"]}}],"collection":[{"href":"https:\/\/www.freidenker.org\/index.php?rest_route=\/wp\/v2\/posts"}],"about":[{"href":"https:\/\/www.freidenker.org\/index.php?rest_route=\/wp\/v2\/types\/post"}],"author":[{"embeddable":true,"href":"https:\/\/www.freidenker.org\/index.php?rest_route=\/wp\/v2\/users\/3"}],"replies":[{"embeddable":true,"href":"https:\/\/www.freidenker.org\/index.php?rest_route=%2Fwp%2Fv2%2Fcomments&post=24288"}],"version-history":[{"count":6,"href":"https:\/\/www.freidenker.org\/index.php?rest_route=\/wp\/v2\/posts\/24288\/revisions"}],"predecessor-version":[{"id":24323,"href":"https:\/\/www.freidenker.org\/index.php?rest_route=\/wp\/v2\/posts\/24288\/revisions\/24323"}],"wp:featuredmedia":[{"embeddable":true,"href":"https:\/\/www.freidenker.org\/index.php?rest_route=\/wp\/v2\/media\/24306"}],"wp:attachment":[{"href":"https:\/\/www.freidenker.org\/index.php?rest_route=%2Fwp%2Fv2%2Fmedia&parent=24288"}],"wp:term":[{"taxonomy":"category","embeddable":true,"href":"https:\/\/www.freidenker.org\/index.php?rest_route=%2Fwp%2Fv2%2Fcategories&post=24288"},{"taxonomy":"post_tag","embeddable":true,"href":"https:\/\/www.freidenker.org\/index.php?rest_route=%2Fwp%2Fv2%2Ftags&post=24288"}],"curies":[{"name":"wp","href":"https:\/\/api.w.org\/{rel}","templated":true}]}}