{"id":24270,"date":"2026-01-23T02:12:38","date_gmt":"2026-01-23T01:12:38","guid":{"rendered":"https:\/\/www.freidenker.org\/?p=24270"},"modified":"2026-02-28T02:04:45","modified_gmt":"2026-02-28T01:04:45","slug":"wird-russland-deutschland-mit-atomwaffen-bestrafen","status":"publish","type":"post","link":"https:\/\/www.freidenker.org\/?p=24270","title":{"rendered":"Wird Russland Deutschland mit Atomwaffen bestrafen?"},"content":{"rendered":"<p><strong>Mit drastischen Aussagen warnt der russische Politologe Sergej Karaganow die europ\u00e4ischen Politiker davor, die russlandfeindliche Politik fortzusetzen.<\/strong><\/p>\n<p><em>Ein Kommentar von <strong>Tilo Gr\u00e4ser<\/strong>.<\/em><\/p>\n<p><span style=\"font-size: 10pt;\">Erstver\u00f6ffentlichung als Tagesdosis vom 21.01.2026 auf <a href=\"https:\/\/apolut.net\/wird-russland-deutschland-mit-atomwaffen-bestrafen-von-tilo-graser\/\" target=\"_blank\" rel=\"noopener\">apolut.net<\/a><\/span><\/p>\n<p>Dieser Beitrag ist auch als Audio-Podcast verf\u00fcgbar:<\/p>\n<audio class=\"wp-audio-shortcode\" id=\"audio-24270-1\" preload=\"none\" style=\"width: 100%;\" controls=\"controls\"><source type=\"audio\/mpeg\" src=\"https:\/\/apolut.net\/content\/media\/2026\/01\/tagesdosis-20260121-apolut.mp3?_=1\" \/><a href=\"https:\/\/apolut.net\/content\/media\/2026\/01\/tagesdosis-20260121-apolut.mp3\">https:\/\/apolut.net\/content\/media\/2026\/01\/tagesdosis-20260121-apolut.mp3<\/a><\/audio>\n<p><span style=\"font-size: 10pt;\">Bereitgestellt von <a href=\"https:\/\/apolut.net\/wird-russland-deutschland-mit-atomwaffen-bestrafen-von-tilo-graser\/\" target=\"_blank\" rel=\"noopener\">apolut.net<\/a><\/span><br \/>\n<a href=\"https:\/\/apolut.net\/content\/media\/2026\/01\/tagesdosis-20260121-apolut.mp3\" target=\"_blank\" rel=\"noopener\"><span style=\"font-size: 10pt;\">Download<\/span><\/a><\/p>\n<p>Deutschland und Gro\u00dfbritannien sind \u201evorrangige Ziele\u201c f\u00fcr einen russischen Atomwaffeneinsatz, meint der russische Historiker und einflussreiche Politikwissenschaftler Sergej Karaganow. \u201eDeutschland sollte an erster Stelle stehen, denn Deutschland ist die Quelle des Schlimmsten in der Geschichte Europas.\u201c Das erkl\u00e4rte er in einem k\u00fcrzlich ver\u00f6ffentlichten <a href=\"https:\/\/eng.globalaffairs.ru\/articles\/russia-will-nuke-karaganov-carlson\/?ref=apolut.net\" target=\"_blank\" rel=\"noopener noreferrer\"><u>Interview<\/u><\/a> mit dem US-Journalisten Tucker Carlson. Er f\u00fcgte hinzu, er hoffe, dass es nicht soweit kommt, denn er habe viele deutsche Freunde.<\/p>\n<p>Karaganow fordert von der russischen F\u00fchrung eine \u201eradikale Eskalation\u201c, wenn die europ\u00e4ischen Politiker den \u201esinnlosen Krieg\u201c in der Ukraine nicht beenden. Daf\u00fcr macht er drastische Vorschl\u00e4ge:<\/p>\n<p style=\"padding-left: 40px;\">\u201eJetzt m\u00fcssten wir anfangen, Europa mit konventionellen Waffen anzugreifen, und dann als n\u00e4chsten Schritt mit Wellen von Atomschl\u00e4gen.\u201c<\/p>\n<p>Er f\u00fcgte gegen\u00fcber Carlson hinzu, er hoffe, dass dieser Punkt nicht erreicht werde, \u201edenn der Einsatz von Atomwaffen, jeder Waffe, ist eine S\u00fcnde, aber der Einsatz von Atomwaffen ist eine doppelte S\u00fcnde\u201c. Er m\u00f6chte nicht, \u201edass Russland ein so gro\u00dfer S\u00fcnder ist\u201c, f\u00fcgte aber hinzu, \u201ewenn es n\u00f6tig ist, m\u00fcssen wir die europ\u00e4ische Bedrohung f\u00fcr die Menschheit beseitigen\u201c. Aus Karaganows Sicht bleiben noch ein bis zwei Jahre, bevor es zum Ausbruch eines Atomkrieges kommt, wenn sich die westliche Politik nicht \u00e4ndert. Er habe Moskau aufgefordert, fr\u00fcher zu eskalieren, aber \u201ePr\u00e4sident Putin ist sehr religi\u00f6s und vorsichtig\u201c.<\/p>\n<p>Die Eskalationsstufe sei aber inzwischen mit der <a href=\"https:\/\/www.deutschlandfunk.de\/putin-genehmigt-neue-nukleardoktrin-100.html?ref=apolut.net\" target=\"_blank\" rel=\"noopener noreferrer\"><u>\u00c4nderung<\/u><\/a> der russischen Nukleardoktrin erh\u00f6ht und dadurch die nukleare Schwelle gesenkt worden. Auch das russische Nuklear-Potenzial in Europa und anderswo sei ausgebaut worden, \u201eaber in der Hoffnung, dass wir sie aufhalten k\u00f6nnen, bevor sie die Schwelle \u00fcberschreiten\u201c, betonte der russische Politologe. Der Atomwaffeneinsatz sei zwar \u201eeine S\u00fcnde\u201c, aber k\u00f6nne \u201enotwendig sein, um die Menschheit zu retten\u201c. Er begr\u00fcndet seine drastischen Forderungen mit der westlichen und vor allem der europ\u00e4ischen Politik gegen\u00fcber Russland, die zum <a href=\"https:\/\/archive.vn\/AHFMZ?ref=apolut.net\" target=\"_blank\" rel=\"noopener noreferrer\"><u>Stellvertreterkrieg<\/u><\/a> auf ukrainischem Territorium gef\u00fchrt hat.<\/p>\n<p style=\"padding-left: 40px;\">\u201eDeshalb habe ich einen begrenzten Einsatz von Atomwaffen gegen Europa gefordert. Denn sonst w\u00fcrde die Welt in einen dritten Weltkrieg abdriften, zu dem uns die Europ\u00e4er dr\u00e4ngen. Ich meine, sie haben das in der Geschichte bereits zweimal getan und die Vereinigten Staaten mit hineingezogen.\u201c<\/p>\n<p>Karaganow meint, Russland m\u00fcsse die Europ\u00e4er \u201eentweder bestrafen\u201c wie im Zweiten Weltkrieg \u201eoder ihnen helfen, ihre Meinung zu \u00e4ndern&#8220;. Die europ\u00e4ischen Eliten m\u00fcssen aus seiner Sicht einen politischen Kurswechsel einleiten. K\u00e4me es zu einem russischen Angriff auf die europ\u00e4ischen Nato-Staaten, w\u00fcrden die USA diesen nicht helfen, ist er sich sicher.<\/p>\n<h5><strong>\u201eUrsache des B\u00f6sen\u201c\u00a0<\/strong><\/h5>\n<p>Europa sei \u201eseit jeher die Quelle allen \u00dcbels\u201c und die \u201eUrsache des B\u00f6sen in der Geschichte der Menschheit\u201c, so Karaganow unter anderem mit Blick auf die beiden Weltkriege im 20. Jahrhundert. Die europ\u00e4ischen Eliten h\u00e4tten \u201enach all ihren Niederlagen nichts daraus gelernt\u201c und w\u00fcrden wieder auf einen gro\u00dfen Krieg dr\u00e4ngen. Als Grund daf\u00fcr sieht er \u201edas totale Versagen der europ\u00e4ischen Eliten\u201c.<\/p>\n<p>Der Ursprung des Krieges in der Ukraine sei das \u201eb\u00f6se Europa\u201c, weshalb keine wirkliche Friedensl\u00f6sung in Sicht sei. Karaganow betont gegen\u00fcber dem US-Journalisten, dass er \u201enicht von ganz Europa\u201c spreche, wo es \u201eviele gute Menschen\u201c und \u201esogar gute L\u00e4nder\u201c gebe. Aber Europa kehrt aus Sicht des Historikers und Politologen dorthin zur\u00fcck, \u201ewo es in den letzten 500 Jahren war \u2013 und das ist die Quelle allen \u00dcbels in der historischen Menschheit\u201c. Zum Ukraine-Krieg stellte er fest:<\/p>\n<p>\u201eDieser Krieg kann und sollte nur beendet werden, wenn Russland Europa vollst\u00e4ndig besiegt hat, hoffentlich ohne Europa zu vernichten.\u201c Und f\u00fcgte hinzu: \u201eWir k\u00e4mpfen nicht gegen die Ukraine, nicht gegen Selenskyj und dergleichen. Wir k\u00e4mpfen jetzt wieder gegen das Europa, das seit jeher die Quelle allen \u00dcbels ist.\u201c Ein m\u00f6gliches Friedensabkommen f\u00fcr die Ukraine kann aus Sicht des russischen Politologen nur \u201eSt\u00fcckwerk\u201c sein. \u201eDieser Krieg wird nicht aufh\u00f6ren\u201c, bef\u00fcrchtet er mit Blick auf die europ\u00e4ische Politik. Doch die Gelegenheit, das T\u00f6ten zu beenden, m\u00fcsse genutzt werden, betonte er.<\/p>\n<p>Karaganow gilt aufgrund seiner Forderungen nach einer harten Linie gegen\u00fcber dem Westen inzwischen als \u201eHardliner\u201c unter den russischen Politikwissenschaftlern und Regierungsberatern. Dabei war er selbst \u201evor 40 Jahren ein Europhiler\u201c, wie er Carlson gegen\u00fcber eingestand. Doch er sei mit der Zeit \u201esehr skeptisch geworden\u201c. Die politischen Kr\u00e4fte in Europa seien \u201ein jeder Hinsicht v\u00f6llig gescheitert, moralisch, politisch, wirtschaftlich usw.\u201c. Europa gehe unter und sei nicht mehr in der Lage, die Welt auszubeuten und ihr die Renten abzuziehen, die sie aufgrund ihrer milit\u00e4rischen \u00dcberlegenheit in den letzten 500 Jahren erhalten haben.<\/p>\n<p style=\"padding-left: 40px;\">\u201eAber jetzt verstehen sie, dass dieses goldene Zeitalter vorbei ist und dass sie verzweifelt sind, und sie verstehen, dass sie nicht vom Geld anderer leben k\u00f6nnen. Au\u00dferdem beginnen sie zu verstehen, dass sie nicht mehr auf dem Polster des Schutzes der USA leben k\u00f6nnen.\u201c<\/p>\n<p>Die USA br\u00e4uchten Europa und seine politischen Eliten nicht mehr, so der russische Politologe, der eine \u201ev\u00f6llige Verzweiflung in dieser Schicht der Globalisten, der sogenannten liberalen europ\u00e4ischen Eliten\u201c ausmacht. Er beklagt zugleich ein \u201eso niedriges Niveau an intellektuellen F\u00e4higkeiten in der F\u00fchrung der meisten europ\u00e4ischen L\u00e4nder\u201c, wie es aus der Geschichte nicht bekannt sei.<\/p>\n<h5><strong>\u201eFantastische Illusion\u201c\u00a0<\/strong><\/h5>\n<p>Die M\u00f6glichkeit einer Niederlage Russlands, von der zahlreiche europ\u00e4ische Politiker wiederholt sprachen, sei \u201eeine Art fantastische Illusion\u201c \u2013 \u201eaber einige Leute sprechen aufgrund ihrer intellektuellen Unf\u00e4higkeit immer noch davon\u201c. Eine russische Niederlage w\u00fcrde bedeuten, dass Russland Atomwaffen einsetzen w\u00fcrde und Europa physisch zerst\u00f6rt w\u00e4re, warnte Karaganow. Er bezeichnet es als \u201eeinfach unm\u00f6glich, dar\u00fcber nachzudenken\u201c, aber die europ\u00e4ischen Politiker w\u00fcrden weiter davon sprechen. Das geschehe, \u201eweil sie einen Krieg brauchen, um ihren Machterhalt und ihre Existenz zu rechtfertigen\u201c. Es gehe darum, die scheiternde Europ\u00e4ische Union, die scheiternde Wirtschaft und die schwindende Position Europas in der Welt aufrechtzuerhalten.<\/p>\n<p style=\"padding-left: 40px;\">\u201eDie ganze Welt lacht jetzt \u00fcber Europa, das \u00fcbrigens fr\u00fcher eines der Kernzentren der Weltmacht war. Jetzt ist es ein Witz.\u201c<\/p>\n<p>Im westlichen Europa werde ein \u201estrategischer Parasitismus\u201c gepflegt, erkl\u00e4rt er: \u201eSie haben den Krieg vergessen, und das ist schrecklich, denn sie waren die Ursache f\u00fcr die meisten Kriege in der Geschichte der Menschheit, aber jetzt haben sie keine Angst mehr.\u201c<\/p>\n<p style=\"padding-left: 40px;\">\u201eNun ist es also eine der Aufgaben Russlands, sie zur Vernunft zu bringen, hoffentlich ohne den Einsatz von Atomwaffen, sondern nur mit der Androhung ihres Einsatzes.\u201c<\/p>\n<p>Karaganow sagte, dass er die russische Regierung daf\u00fcr kritisiere, \u201ezu vorsichtig und zu geduldig\u201c mit den westlichen Politikern zu sein. Und er f\u00fcgte hinzu: \u201eAber fr\u00fcher oder sp\u00e4ter, wenn sie diesen Krieg weiterhin unterst\u00fctzen und Millionen Ukrainer und andere opfern, wird die angebliche Beharrlichkeit Russlands nachlassen und wir werden sie hart bestrafen m\u00fcssen.\u201c Er warnt im Gespr\u00e4ch mit Carlson die europ\u00e4ischen Politiker, insbesondere auch die Deutschlands, dass, wenn diese so weitermachen wie bisher, es zu einem gro\u00dfen Krieg kommen werde und Millionen Menschen sterben. Doch in Europa werde diese Warnung nicht ernst genommen, bedauert der russische Historiker, der die meisten Politiker Europas als \u201egef\u00e4hrliche Idioten oder moralische Idioten\u201c ansieht.<\/p>\n<p>Karaganow bem\u00e4ngelt am russischen Pr\u00e4sidenten Wladimir Putin, dass er \u201ezu vorsichtig ist\u201c. Vorstellungen im Westen und in der Ukraine, Putin zu t\u00f6ten, seien aus \u201eHass von Menschen, die ihren Verstand verloren haben\u201c, geboren. Als Historiker finde er, dass \u201eselbst in Hitlers Deutschland das Ausma\u00df der antirussischen Propaganda, der Russophobie, vielleicht schw\u00e4cher oder zumindest gleichwertig mit dem war, was derzeit in Europa geschieht\u201c. Ein Angriff auf Russlands Pr\u00e4sident w\u00fcrde bedeuten, \u201edass Europa von der Landkarte der Menschheit verschwinden w\u00fcrde\u201c, warnte er gegen\u00fcber dem US-Journalisten. Er hoffe, es w\u00fcrde nicht auf physische Weise bestraft werden, komme aber langsam zu der \u00dcberzeugung, \u201edass diese Idioten nichts au\u00dfer physischem Schmerz verstehen\u201c.<\/p>\n<h5><strong>Kein Vertrauen in USA<\/strong><\/h5>\n<p>Gefragt nach seiner Sicht auf die Rolle der USA sagt er, dass diese \u201esehr entscheidend f\u00fcr den Beginn dieses Krieges\u201c gewesen sei. Die US-F\u00fchrung habe in den fr\u00fchen 2000er Jahren begonnen, die europ\u00e4ische Frage hochzuspielen, \u201eweil sie Angst vor der M\u00f6glichkeit hatten, dass Russland und Deutschland ein kontinentales Gesch\u00e4ft aufbauen k\u00f6nnten\u201c. Ihm gefalle das Angebot von US-Pr\u00e4sident Donald Trump f\u00fcr eine Friedensl\u00f6sung in der Ukraine nicht, gestand Karaganow seinem Gespr\u00e4chspartner. Es l\u00f6se das eigentliche Problem nicht, die Feindseligkeit und Aggression Europas gegen\u00fcber Russland. Dennoch m\u00fcsse die M\u00f6glichkeit genutzt werden, den Krieg zu beenden.<\/p>\n<p>Er \u00e4u\u00dferte Zweifel, ob Trump sich gegen die inneren und \u00e4u\u00dferen Widerst\u00e4nde durchsetzen kann. Selbst wenn der Ukraine-Krieg vorerst beendet werden k\u00f6nne, bestehe die Gefahr, dass er wieder aufflamme. Dann \u201em\u00fcssen wir die Ursache dieses Krieges beseitigen, n\u00e4mlich die Feindseligkeit der europ\u00e4ischen Eliten und ihre Bereitschaft, den Krieg auf dem europ\u00e4ischen Subkontinent anzuheizen\u201c. Trump habe aber eine Chance verdient, erkl\u00e4rt Karaganow, der zugleich US-Aktionen wie die Entf\u00fchrung des venezolanischen Pr\u00e4sidenten Nicol\u00e1s Maduro und das Kapern eines \u00d6ltankers unter russischer Flagge klar kritisiert. \u201eWenn das so weitergeht, m\u00fcssen wir wieder zu harten Verhaltensweisen zur\u00fcckkehren\u201c, betont er. Russland sei aber an guten Beziehungen zu den USA interessiert, ebenso wie zu China und Indien.<\/p>\n<p>In Russland werde gehofft, dass Trump aufrichtig ist, \u201eaber wir vertrauen der US-amerikanischen Politik nicht\u201c. Bis zu einem gewissen Grad w\u00fcrden Trumps Vorschl\u00e4ge \u201ewie eine Honigfalle\u201c aussehen. Denn der Krieg gehe weiter und es werde nicht \u00fcber Frieden gesprochen. Der Kiewer Machthaber Wolodymyr Selenskyj und europ\u00e4ische Politiker w\u00fcrden das blockieren. Es scheine, \u201edass dieser Krieg weitergeht und dass die Vereinigten Staaten ihn vielleicht letztendlich gar nicht beenden wollen\u201c, so Karaganow, der Russland in der Pflicht sieht, das zu tun. Am Ende des Gespr\u00e4chs mit Carlson wiederholt er seine drastische Warnung:<\/p>\n<p style=\"padding-left: 40px;\">\u201eOder wir kehren zu der L\u00f6sung zur\u00fcck, die ich bereits mehrfach erw\u00e4hnt habe, n\u00e4mlich damit zu beginnen, unsere europ\u00e4ischen Feinde zu bestrafen, in der Hoffnung, dass die Vereinigten Staaten dies tun w\u00fcrden, und in dem Wissen, dass sie sich zur\u00fcckhalten w\u00fcrden und sich nicht an einem Atomkrieg in Europa beteiligen.\u201c<\/p>\n<p>\u00c4hnlich hatte er sich bereits unter anderem in einem Interview mit der Journalistin \u00c9va P\u00e9li ge\u00e4u\u00dfert, dass diese mit ihm Ende Oktober 2025 f\u00fchrte und das vom Onlinemagazin <em>Multipolar<\/em> <a href=\"https:\/\/multipolar-magazin.de\/artikel\/interview-karaganow?ref=apolut.net\" target=\"_blank\" rel=\"noopener noreferrer\"><u>ver\u00f6ffentlicht<\/u><\/a> wurde. Darin hatte der Historiker und Politologe die aktuelle Gefahr eines Atomkrieges als \u201eso hoch wie Ende der 1950er Jahre\u201c, bis auf die Ausnahme der Kuba-Krise 1962, eingesch\u00e4tzt. Als Gr\u00fcnde benannte er neben dem ver\u00e4nderten Kr\u00e4fteverh\u00e4ltnis in der Welt den \u201eVerlust des Verst\u00e4ndnisses daf\u00fcr, was in den internationalen Beziehungen \u201agut\u2018 und was \u201aschlecht\u2018 ist, sowie das Fehlen einer moralischen Grundlage f\u00fcr das Handeln\u201c. Hinzu komme der \u201everzweifelte Gegenangriff des Westens, der seine 500-j\u00e4hrige Vorherrschaft verliert, die es ihm erm\u00f6glichte, auf Kosten der \u00fcbrigen Welt reich zu werden\u201c, sowie die \u201eungeheure intellektuelle und moralische Degradierung der Elite, insbesondere im Westen\u201c.<\/p>\n<h5><strong>\u201eDialog ist sinnlos\u201c\u00a0<\/strong><\/h5>\n<p>Die Angst vor einem Atomkrieg sei in den letzten 70 Jahren ein \u201estabilisierender Faktor\u201c, erkl\u00e4rte Karaganow im letzten Herbst. \u201eEuropa, das historisch gesehen eine Quelle gro\u00dfer Konflikte, von Rassismus und Kolonialismus war, konnte dank der bipolaren Stabilit\u00e4t zwischen den USA und der UdSSR vor\u00fcbergehend seine Verantwortung und seine Schuld gegen\u00fcber der Welt vergessen\u201c, stellte er fest.<\/p>\n<p style=\"padding-left: 40px;\">\u201eJetzt, da die gr\u00f6\u00dfte Bedrohung von Europa ausgeht, muss man sich daran erinnern, dass Europa historisch gesehen an gro\u00dfen Kriegen beteiligt war. Es bedarf nicht unbedingt direkter Gewalt, sondern der Wiederherstellung der Angst vor Krieg, einschlie\u00dflich der Wiederbelebung der Angst vor einem Atomkrieg. Dies ist ein Schl\u00fcsselelement, um Europa wieder zu seiner geopolitischen Verantwortung zu f\u00fchren.\u201c<\/p>\n<p>Er bezeichnete gegen\u00fcber P\u00e9li einen Dialog mit den gegenw\u00e4rtigen politischen Eliten in Europa als sinnlos, da diese \u201esich der Folgen ihres Handelns \u00fcberhaupt nicht bewusst sind\u201c. Er verwies auf eine entsprechende Frage darauf, dass seine \u201eHardliner\u201c-Positionen inzwischen in der russischen Gesellschaft weitgehend geteilt w\u00fcrden: \u201eNach meiner Einsch\u00e4tzung teilen bis zu 90 Prozent der Bev\u00f6lkerung und 95 Prozent der milit\u00e4risch-politischen Elite diese Meinung.\u201c Er werde aber von B\u00fcrgern wegen \u201emangelnder Beharrlichkeit und Inkonsequenz\u201c kritisiert, weil die russische F\u00fchrung den Einsatz des Atomwaffenarsenals noch nicht beschlossen habe. Karaganow betonte aber wie sp\u00e4ter gegen\u00fcber Carlson: \u201eIch m\u00f6chte nicht, dass unsere F\u00fchrung es einsetzt.\u201c Mit Blick auf die Reaktionen in Deutschland erkl\u00e4rte er im Oktober 2025:<\/p>\n<p style=\"padding-left: 40px;\">\u201eDass unsere westlichen Nachbarn, darunter auch Deutschland, sich vor der Wahrheit verschlie\u00dfen, ist ein schreckliches Zeichen: Sie bereiten sich auf einen Krieg vor. Ihr Handeln ist nicht nur ein Zeichen von Schw\u00e4che, sondern auch eine direkte Vorbereitung auf einen Krieg. Deshalb fordere ich unsere F\u00fchrung auf, sich vollst\u00e4ndig auf einen Krieg und die Zerst\u00f6rung Europas vorzubereiten, das erneut diesen Weg eingeschlagen hat.\u201c<\/p>\n<p>Nur die im Westen wieder geweckte Angst vor einem Atomkrieg und damit vor dem eigenen Untergang k\u00f6nne die Grundlage f\u00fcr weitere Gespr\u00e4che bilden, betonte Karaganow. Ob diese Angst zu den vielbeachteten <a href=\"https:\/\/www.bundesregierung.de\/breg-de\/aktuelles\/rede-kanzler-ihk-halle-dessau-2402682?ref=apolut.net\" target=\"_blank\" rel=\"noopener noreferrer\"><u>\u00c4u\u00dferungen<\/u><\/a> des deutschen Bundeskanzlers Friedrich Merz am 14. Januar in Halle (Saale) beim Neujahrsempfang der\u00a0Industrie- und Handelskammer (IHK)\u00a0Halle-Dessau und der Handwerkskammer Halle f\u00fchrte, ist nicht bekannt. Zuvor hatte Russland am 9. Januar zum zweiten Mal das neue \u201eOreschnik\u201c-Waffensystem <a href=\"https:\/\/tass.com\/defense\/2069387?ref=apolut.net\" target=\"_blank\" rel=\"noopener noreferrer\"><u>eingesetzt<\/u><\/a>, diesmal gegen Ziele in der Westukraine. Gegen diese Rakete, die nuklear best\u00fcckt werden kann und mit mehrfacher Schallgeschwindigkeit jedes Abwehrsystem \u00fcberwindet, gibt es bisher keine Gegenmittel.<\/p>\n<h5><strong>Keine europ\u00e4ische Kurskorrektur<\/strong><\/h5>\n<p>Merz hatte f\u00fcr viele Beobachter <a href=\"https:\/\/apolut.net\/lauft-die-eu-jetzt-zu-russland-uber-von-paul-clemente\/\"><u>\u00fcberraschend<\/u><\/a> Russland wieder als \u201eeurop\u00e4isches Land\u201c bezeichnet und erkl\u00e4rt, dass \u201emit unserem gr\u00f6\u00dften europ\u00e4ischen Nachbarn, n\u00e4mlich mit Russland, in der l\u00e4ngeren Perspektive einen Ausgleich\u201c gefunden werden k\u00f6nne. Doch zu beachten ist, dass der Kanzler als Bedingung stellte, \u201edass Frieden und Freiheit nach Europa zur\u00fcckkehren\u201c \u2013 nach seinem Verst\u00e4ndnis. Dass seine Rede in Halle keine Ank\u00fcndigung eines Kurswechsels war, zeigte er am Montag, als er auf einer Pressekonferenz <a href=\"https:\/\/www.zeit.de\/politik\/deutschland\/2026-01\/friedrich-merz-zolle-europa-us-weltwirtschaftsforum?ref=apolut.net\" target=\"_blank\" rel=\"noopener noreferrer\"><u>erkl\u00e4rte<\/u><\/a>, eine Bedrohung der Sicherheit in Europa gehe derzeit \u201emehr vom Osten aus als vom Westen\u201c. Der Krieg in der Ukraine sei vor allem f\u00fcr Osteuropa die viel gr\u00f6\u00dfere Gefahr als Gr\u00f6nland, was derzeit seine \u201egr\u00f6\u00dfte Sorge\u201c sei.<\/p>\n<p>Im September 2025 hatte Merz den russischen Pr\u00e4sidenten Putin als \u201eden vielleicht schwersten Kriegsverbrecher unserer Zeit\u201c <a href=\"https:\/\/www.n-tv.de\/politik\/Merz-nennt-Putin-vielleicht-schwersten-Kriegsverbrecher-unserer-Zeit-article26005876.html?ref=apolut.net\" target=\"_blank\" rel=\"noopener noreferrer\"><u>bezeichnet<\/u><\/a> und gefordert, Russlands \u201e\u00f6konomische Ersch\u00f6pfung\u201c herbeizuf\u00fchren. Im Dezember des Jahres folgte dann der <a href=\"https:\/\/www.n-tv.de\/politik\/Merz-vergleicht-Merkel-mit-Chamberlain-und-Putin-mit-Hitler-id30139686.html?ref=apolut.net\" target=\"_blank\" rel=\"noopener noreferrer\"><u>Vergleich<\/u><\/a> Putins mit Hitler. Das ist keine gute Grundlage f\u00fcr Gespr\u00e4che mit Moskau, die zunehmend von europ\u00e4ischen Politikern als notwendig angesehen werden. Ob es so ist, dass Europa zu begreifen beginnt, dass Putin recht hat, wie laut Thomas R\u00f6per im russischen Fernsehen <a href=\"https:\/\/anti-spiegel.ru\/2026\/europa-beginnt-zu-begreifen-dass-putin-recht-hatte\/?ref=apolut.net\" target=\"_blank\" rel=\"noopener noreferrer\"><u>vermutet<\/u><\/a> wird, muss bezweifelt werden. Das sieht anscheinend auch der russische Au\u00dfenminister Sergej Lawrow so, der am Dienstag auf der traditionellen Pressekonferenz <a href=\"https:\/\/mid.ru\/ru\/foreign_policy\/news\/2073858\/?ref=apolut.net\" target=\"_blank\" rel=\"noopener noreferrer\"><u>sagte<\/u><\/a>:<\/p>\n<p style=\"padding-left: 40px;\">\u201eDie Lekt\u00fcre der Erkl\u00e4rungen europ\u00e4ischer Pers\u00f6nlichkeiten \u2013 sei es Kaja Kallas, Ursula von der Leyen, Friedrich Merz, Keir Starmer, Emmanuel Macron oder Mark Rutte \u2013 macht deutlich, dass sie sich ernsthaft auf einen Krieg gegen die Russische F\u00f6deration vorbereiten und kaum versuchen, dies zu verbergen.\u201c<\/p>\n<p>Moskaus Position zur Ukraine sei, \u201edass jede L\u00f6sung die Ursachen dieser Krise angehen muss, die der Westen jahrelang bewusst gesch\u00fcrt hat, um die Ukraine zu einer Sicherheitsbedrohung und einem Sprungbrett gegen Russland an unserer Grenze zu machen\u201c. Eine Bereitschaft dazu ist bisher weder in Berlin noch in Br\u00fcssel oder London oder Paris zu erkennen. Die Bundesregierung und die NATO-Lobby in den Medien w\u00fcrden ihre Propaganda f\u00fcr Kriegst\u00fcchtigkeit mit einer Friedensrhetorik verbinden. Diese unterstelle, Europa k\u00f6nnte einen gro\u00dfen Krieg zwischen der NATO und Russland \u00fcberleben, so Bernhard Trautvetter in einem aktuellen <a href=\"https:\/\/www.nachdenkseiten.de\/?p=145026&amp;ref=apolut.net\" target=\"_blank\" rel=\"noopener noreferrer\"><u>Beitrag<\/u><\/a> f\u00fcr die <em>NachDenkSeiten<\/em>. Er verweist auf die <a href=\"https:\/\/www.bundesregierung.de\/resource\/blob\/992814\/2401360\/5549c827dc540649a3136c31fdb4f29d\/2025-12-31-neujahrsansprache-bk-pdf-data.pdf?download=1&amp;ref=apolut.net\" target=\"_blank\" rel=\"noopener noreferrer\"><u>Neujahrsansprache<\/u><\/a> des Kanzlers, in der dieser die Hoch-R\u00fcstung und die neue Wehrpflicht mit \u201eRusslands Angriff\u201c begr\u00fcndet, der \u201eTeil eines Plans, der sich gegen ganz Europa richtet\u201c, sei. Der Autor stellt zu Recht fest:<\/p>\n<p style=\"padding-left: 40px;\">\u201eKriegsvorbereitung im Atomzeitalter f\u00fcgt den Menschen allerdings den Schaden zu, vor dem die\u00a0Bundesregierung und das Parlament laut <a href=\"https:\/\/www.gesetze-im-internet.de\/gg\/art_56.html?ref=apolut.net\" target=\"_blank\" rel=\"noopener noreferrer\"><u>Amtseid<\/u><\/a>\u00a0die Bev\u00f6lkerung bewahren soll.\u201c<\/p>\n<p>Dazu geh\u00f6ren auch die Pl\u00e4ne der \u201eKoalition der Willigen\u201c, die den Krieg in der Ukraine gegen Russland fortsetzen m\u00f6chte. Das zeigt sie, in dem sie Vorschl\u00e4ge <a href=\"https:\/\/www.handelsblatt.com\/dpa\/ukraine-krieg-wie-die-koalition-der-willigen-die-ukraine-schuetzen-will\/100189131.html?ref=apolut.net\" target=\"_blank\" rel=\"noopener noreferrer\"><u>macht<\/u><\/a> und Forderungen aufstellt, von denen vorher klar ist, dass Moskau diese ablehnt. Inzwischen gibt es laut dem US-Magazin <em>Politico<\/em> in der EU <a href=\"https:\/\/www.politico.eu\/article\/donald-trump-greenland-tariff-threats-tensions-push-europe-allies-toward-divorcing-america-transatlantic-power\/?ref=apolut.net\" target=\"_blank\" rel=\"noopener noreferrer\"><u>Pl\u00e4ne<\/u><\/a>, aus dieser Koalition von 35 L\u00e4ndern ein neues Milit\u00e4rb\u00fcndnis ohne die USA zu machen \u2013 aber mit der Ukraine als dem mit Abstand \u201eam st\u00e4rksten militarisierten Land unter den vertretenen Staaten, mit einer riesigen Armee, einer hochentwickelten Drohnenindustrie und mehr Erfahrung in der Realit\u00e4t der Kriegsf\u00fchrung als alle anderen\u201c.<\/p>\n<p>Karaganows Warnungen werden im Westen weiter als \u201emartialische, vom geradezu religi\u00f6sen Eifer triefende Worte\u201c eines \u201eProvokateurs\u201c, der sich \u201emehr auf Wunschannahmen als auf Tatsachen\u201d st\u00fctze, <a href=\"https:\/\/archive.ph\/PuyUm?ref=apolut.net#selection_729_11_729_73\" target=\"_blank\" rel=\"noopener noreferrer\"><u>abgetan<\/u><\/a>. Es k\u00f6nnte sein, dass er nicht der \u201eVerst\u00e4rker einer vom Kreml bewusst betriebenen psychologischen Kriegsf\u00fchrung gegen Europa\u201c, sondern ein deutlicher Mahner ist.<\/p>\n<p style=\"text-align: right;\"><em>Tilo Gr\u00e4ser ist diplomierter Journalist und Mitglied des Deutschen Freidenker-Verbandes<\/em><\/p>\n<hr \/>\n<p><span style=\"font-size: 10pt;\">Bild oben: Symbolbild, KI-generiert<\/span><\/p>\n","protected":false},"excerpt":{"rendered":"<p><b>Kommentar von Tilo Gr\u00e4ser.\u00a0<\/b><br \/>\nDeutschland und Gro\u00dfbritannien sind \u201evorrangige Ziele\u201c f\u00fcr einen russischen Atomwaffeneinsatz, meint der russische Historiker und einflussreiche Politikwissenschaftler Sergej Karaganow. \u201eDeutschland sollte an erster Stelle stehen, denn Deutschland ist die Quelle des Schlimmsten in der Geschichte Europas.\u201c Das erkl\u00e4rte er in einem k\u00fcrzlich ver\u00f6ffentlichten Interview mit dem US-Journalisten Tucker Carlson. Er f\u00fcgte hinzu, er hoffe, dass es nicht soweit kommt, denn er habe viele deutsche Freunde.\u00a0Karaganow fordert von der russischen F\u00fchrung eine \u201eradikale Eskalation\u201c, wenn die europ\u00e4ischen Politiker den \u201esinnlosen Krieg\u201c in der Ukraine nicht beenden. Daf\u00fcr macht er drastische Vorschl\u00e4ge:\u00a0<i>\u201eJetzt m\u00fcssten wir anfangen, Europa mit konventionellen Waffen anzugreifen, und dann als n\u00e4chsten Schritt mit Wellen von Atomschl\u00e4gen.\u201c<\/i> Er f\u00fcgte gegen\u00fcber Carlson hinzu, er hoffe, dass dieser Punkt nicht erreicht werde, &#8230;<\/p>\n","protected":false},"author":3,"featured_media":24271,"comment_status":"closed","ping_status":"closed","sticky":false,"template":"","format":"standard","meta":{"colormag_page_container_layout":"default_layout","colormag_page_sidebar_layout":"default_layout","advanced_seo_description":"","jetpack_seo_html_title":"","jetpack_seo_noindex":false,"jetpack_post_was_ever_published":false,"footnotes":""},"categories":[12],"tags":[648,1522,1061,3025,217,452,1659,2568,1629,182,1151,3026,1038,1834,2560,637,222,1168,430,639,185,2084],"class_list":["post-24270","post","type-post","status-publish","format-standard","has-post-thumbnail","hentry","category-demokratie-medien-aufklaerung","tag-2-weltkrieg","tag-atomkrieg","tag-atomwaffen","tag-atomwaffeneinsatz","tag-ausbeutung","tag-deutschland","tag-dialog","tag-drohung","tag-eskalation","tag-eu","tag-europa","tag-friedensabkommen","tag-grossbritannien","tag-gut-boese","tag-koalition-der-willigen","tag-propaganda","tag-russland","tag-russophobie","tag-sowjetunion","tag-ukraine-konflikt","tag-usa","tag-vertrauen"],"jetpack_featured_media_url":"https:\/\/i0.wp.com\/www.freidenker.org\/fw17\/wp-content\/uploads\/2026\/01\/Atomraketen_ki_800x450.jpg?fit=800%2C450&ssl=1","jetpack_shortlink":"https:\/\/wp.me\/p9stpK-6js","jetpack-related-posts":[{"id":22432,"url":"https:\/\/www.freidenker.org\/?p=22432","url_meta":{"origin":24270,"position":0},"title":"Lichtblick im Dunkel der Kriegshetze gegen Russland","author":"Webredaktion","date":"25. Juli 2025","format":false,"excerpt":"Buch \u201eMit Russland \u2013 F\u00fcr einen Politikwechsel\u201c vorgestellt Kommentar von Tilo Gr\u00e4ser. Was f\u00fcr eine Kakophonie der Kriegshetze und Aufr\u00fcstung, die anscheinend nicht endet: Die Bundesrepublik Deutschland, Gro\u00dfbritannien und Frankreich wollen ihre Zusammenarbeit im \u201eVerteidigung\u201c genannten Bereich der Aufr\u00fcstung und Militarisierung ausbauen. [...] Zuvor hatten Frankreich und Gro\u00dfbritannien sich ebenfalls\u2026","rel":"","context":"In &quot;Demokratie \u2013 Medien \u2013 Aufkl\u00e4rung&quot;","block_context":{"text":"Demokratie \u2013 Medien \u2013 Aufkl\u00e4rung","link":"https:\/\/www.freidenker.org\/?cat=12"},"img":{"alt_text":"","src":"https:\/\/i0.wp.com\/www.freidenker.org\/fw17\/wp-content\/uploads\/2025\/07\/politikwechsel_800x450.jpg?fit=800%2C450&ssl=1&resize=350%2C200","width":350,"height":200,"srcset":"https:\/\/i0.wp.com\/www.freidenker.org\/fw17\/wp-content\/uploads\/2025\/07\/politikwechsel_800x450.jpg?fit=800%2C450&ssl=1&resize=350%2C200 1x, https:\/\/i0.wp.com\/www.freidenker.org\/fw17\/wp-content\/uploads\/2025\/07\/politikwechsel_800x450.jpg?fit=800%2C450&ssl=1&resize=525%2C300 1.5x, https:\/\/i0.wp.com\/www.freidenker.org\/fw17\/wp-content\/uploads\/2025\/07\/politikwechsel_800x450.jpg?fit=800%2C450&ssl=1&resize=700%2C400 2x"},"classes":[]},{"id":21542,"url":"https:\/\/www.freidenker.org\/?p=21542","url_meta":{"origin":24270,"position":1},"title":"Merz will \u201eTaurus\u201c liefern","author":"Webredaktion","date":"24. April 2025","format":false,"excerpt":"K\u00fcnftiger Kanzler verst\u00f6\u00dft vor Amtsantritt gegen den Amtseid \u2013 und beweist seine Ahnungslosigkeit Ein Kommentar von Tilo Gr\u00e4ser Der allen Voraussetzungen nach n\u00e4chste deutsche Bundeskanzler Friedrich Merz (CDU) hat bereits vor Amtsantritt angek\u00fcndigt, dass er seinen Amtseid brechen wird. Er tat das am Sonntag in der ARD-Sendung \u201eCaren Miosga\u201c, in\u2026","rel":"","context":"In &quot;Demokratie \u2013 Medien \u2013 Aufkl\u00e4rung&quot;","block_context":{"text":"Demokratie \u2013 Medien \u2013 Aufkl\u00e4rung","link":"https:\/\/www.freidenker.org\/?cat=12"},"img":{"alt_text":"","src":"https:\/\/i0.wp.com\/www.freidenker.org\/fw17\/wp-content\/uploads\/2025\/04\/Wahlkampf_mit_Friedrich_Merz_in_Erfurt_2024_STP_3071_800x450.jpg?fit=800%2C450&ssl=1&resize=350%2C200","width":350,"height":200,"srcset":"https:\/\/i0.wp.com\/www.freidenker.org\/fw17\/wp-content\/uploads\/2025\/04\/Wahlkampf_mit_Friedrich_Merz_in_Erfurt_2024_STP_3071_800x450.jpg?fit=800%2C450&ssl=1&resize=350%2C200 1x, https:\/\/i0.wp.com\/www.freidenker.org\/fw17\/wp-content\/uploads\/2025\/04\/Wahlkampf_mit_Friedrich_Merz_in_Erfurt_2024_STP_3071_800x450.jpg?fit=800%2C450&ssl=1&resize=525%2C300 1.5x, https:\/\/i0.wp.com\/www.freidenker.org\/fw17\/wp-content\/uploads\/2025\/04\/Wahlkampf_mit_Friedrich_Merz_in_Erfurt_2024_STP_3071_800x450.jpg?fit=800%2C450&ssl=1&resize=700%2C400 2x"},"classes":[]},{"id":5287,"url":"https:\/\/www.freidenker.org\/?p=5287","url_meta":{"origin":24270,"position":2},"title":"Raus aus der Nato statt Krieg gegen Russland \u2013 Friedensaktions-Konferenz","author":"Webredaktion","date":"10. Juli 2018","format":false,"excerpt":"Bericht von Tilo Gr\u00e4ser von Sputniknews Deutschland von der Friedensaktionskonferenz am 07.07.2018 in Potsdam \u201eFrieden mit Russland!\u201c hat eine Friedensaktionskonferenz am Samstag in Potsdam gefordert. F\u00fcr Klaus Hartmann vom Freidenker-Verband geht das nur ohne Nato. Historiker Anton Latzo sieht Moskaus Au\u00dfenpolitik am Frieden orientiert. F\u00fcr Karin Leukefeld best\u00e4tigt sich das\u2026","rel":"","context":"In &quot;Frieden - Antifaschismus - Solidarit\u00e4t&quot;","block_context":{"text":"Frieden - Antifaschismus - Solidarit\u00e4t","link":"https:\/\/www.freidenker.org\/?cat=13"},"img":{"alt_text":"","src":"https:\/\/i0.wp.com\/www.freidenker.org\/fw17\/wp-content\/uploads\/2018\/07\/leukefeld_potsdam_2018-07-07_800x445.jpg?fit=800%2C445&ssl=1&resize=350%2C200","width":350,"height":200,"srcset":"https:\/\/i0.wp.com\/www.freidenker.org\/fw17\/wp-content\/uploads\/2018\/07\/leukefeld_potsdam_2018-07-07_800x445.jpg?fit=800%2C445&ssl=1&resize=350%2C200 1x, https:\/\/i0.wp.com\/www.freidenker.org\/fw17\/wp-content\/uploads\/2018\/07\/leukefeld_potsdam_2018-07-07_800x445.jpg?fit=800%2C445&ssl=1&resize=525%2C300 1.5x, https:\/\/i0.wp.com\/www.freidenker.org\/fw17\/wp-content\/uploads\/2018\/07\/leukefeld_potsdam_2018-07-07_800x445.jpg?fit=800%2C445&ssl=1&resize=700%2C400 2x"},"classes":[]},{"id":16811,"url":"https:\/\/www.freidenker.org\/?p=16811","url_meta":{"origin":24270,"position":3},"title":"Russland hat Deutschland als f\u00fcnftgr\u00f6\u00dfte Volkswirtschaft der Welt abgel\u00f6st","author":"Webredaktion","date":"12. August 2023","format":false,"excerpt":"Kommentar von Thomas R\u00f6per F\u00fcr die Behauptung der westlichen Medien, Russland w\u00e4re ein wirtschaftlicher Zwerg, gilt die alte Weisheit, dass eine L\u00fcge nicht dadurch wahrer wird, dass man sie st\u00e4ndig wiederholt. Ich habe schon 2019 in einem Artikel die Frage gestellt, ob Russland Deutschland demn\u00e4chst als f\u00fcnftgr\u00f6\u00dfte Volkswirtschaft \u00fcberholt. Dank\u2026","rel":"","context":"In &quot;Arbeit &amp; Soziales&quot;","block_context":{"text":"Arbeit &amp; Soziales","link":"https:\/\/www.freidenker.org\/?cat=11"},"img":{"alt_text":"","src":"https:\/\/i0.wp.com\/www.freidenker.org\/fw17\/wp-content\/uploads\/2023\/08\/rubles-4013117_800x450.jpg?fit=800%2C450&ssl=1&resize=350%2C200","width":350,"height":200,"srcset":"https:\/\/i0.wp.com\/www.freidenker.org\/fw17\/wp-content\/uploads\/2023\/08\/rubles-4013117_800x450.jpg?fit=800%2C450&ssl=1&resize=350%2C200 1x, https:\/\/i0.wp.com\/www.freidenker.org\/fw17\/wp-content\/uploads\/2023\/08\/rubles-4013117_800x450.jpg?fit=800%2C450&ssl=1&resize=525%2C300 1.5x, https:\/\/i0.wp.com\/www.freidenker.org\/fw17\/wp-content\/uploads\/2023\/08\/rubles-4013117_800x450.jpg?fit=800%2C450&ssl=1&resize=700%2C400 2x"},"classes":[]},{"id":5776,"url":"https:\/\/www.freidenker.org\/?p=5776","url_meta":{"origin":24270,"position":4},"title":"100 Jahre nach der Ermordung \u2013 Luxemburg und Liebknecht bewegen \u00fcber Zehntausend","author":"Webredaktion","date":"15. Januar 2019","format":false,"excerpt":"Bericht von Tilo Gr\u00e4ser von sputniknews.com Menschen aus vielen L\u00e4ndern haben am Sonntag der vor 100 Jahren ermordeten Gr\u00fcnder der Kommunistischen Partei Deutschlands, Rosa Luxemburg und Karl Liebknecht, gedacht. ... Ein Transparent forderte klar: \u201eFrieden mit Russland statt weiter in den dritten Weltkrieg! Deutschland: Raus aus der Nato! Nato: Raus\u2026","rel":"","context":"In &quot;Frieden - Antifaschismus - Solidarit\u00e4t&quot;","block_context":{"text":"Frieden - Antifaschismus - Solidarit\u00e4t","link":"https:\/\/www.freidenker.org\/?cat=13"},"img":{"alt_text":"","src":"https:\/\/i0.wp.com\/www.freidenker.org\/fw17\/wp-content\/uploads\/2019\/01\/LL_100Jahre_sputnik_323576581.jpg?fit=800%2C445&ssl=1&resize=350%2C200","width":350,"height":200,"srcset":"https:\/\/i0.wp.com\/www.freidenker.org\/fw17\/wp-content\/uploads\/2019\/01\/LL_100Jahre_sputnik_323576581.jpg?fit=800%2C445&ssl=1&resize=350%2C200 1x, https:\/\/i0.wp.com\/www.freidenker.org\/fw17\/wp-content\/uploads\/2019\/01\/LL_100Jahre_sputnik_323576581.jpg?fit=800%2C445&ssl=1&resize=525%2C300 1.5x, https:\/\/i0.wp.com\/www.freidenker.org\/fw17\/wp-content\/uploads\/2019\/01\/LL_100Jahre_sputnik_323576581.jpg?fit=800%2C445&ssl=1&resize=700%2C400 2x"},"classes":[]},{"id":7712,"url":"https:\/\/www.freidenker.org\/?p=7712","url_meta":{"origin":24270,"position":5},"title":"\u201eUSA und Nato \u00fcben Angriffskrieg gegen Russland\u201c","author":"Webredaktion","date":"17. M\u00e4rz 2020","format":false,"excerpt":"Bericht von Tilo Gr\u00e4ser \u00fcber einen Vortrag von Rainer Rupp Hinter der neuen Konfrontationspolitik der f\u00fchrenden westlichen Staaten gegen\u00fcber Russland, aber auch gegen China, stecken alte Gedanken. Das machte Rainer Rupp, ehemaliger Top-Spion der DDR bei der Nato, am Mittwoch in Berlin deutlich. Darauf beruhen aus seiner Sicht auch die\u2026","rel":"","context":"In &quot;Frieden - Antifaschismus - Solidarit\u00e4t&quot;","block_context":{"text":"Frieden - Antifaschismus - Solidarit\u00e4t","link":"https:\/\/www.freidenker.org\/?cat=13"},"img":{"alt_text":"","src":"https:\/\/i0.wp.com\/www.freidenker.org\/fw17\/wp-content\/uploads\/2020\/03\/rupp_berlin_2020_800x445.jpg?fit=800%2C445&ssl=1&resize=350%2C200","width":350,"height":200,"srcset":"https:\/\/i0.wp.com\/www.freidenker.org\/fw17\/wp-content\/uploads\/2020\/03\/rupp_berlin_2020_800x445.jpg?fit=800%2C445&ssl=1&resize=350%2C200 1x, https:\/\/i0.wp.com\/www.freidenker.org\/fw17\/wp-content\/uploads\/2020\/03\/rupp_berlin_2020_800x445.jpg?fit=800%2C445&ssl=1&resize=525%2C300 1.5x, https:\/\/i0.wp.com\/www.freidenker.org\/fw17\/wp-content\/uploads\/2020\/03\/rupp_berlin_2020_800x445.jpg?fit=800%2C445&ssl=1&resize=700%2C400 2x"},"classes":[]}],"_links":{"self":[{"href":"https:\/\/www.freidenker.org\/index.php?rest_route=\/wp\/v2\/posts\/24270","targetHints":{"allow":["GET"]}}],"collection":[{"href":"https:\/\/www.freidenker.org\/index.php?rest_route=\/wp\/v2\/posts"}],"about":[{"href":"https:\/\/www.freidenker.org\/index.php?rest_route=\/wp\/v2\/types\/post"}],"author":[{"embeddable":true,"href":"https:\/\/www.freidenker.org\/index.php?rest_route=\/wp\/v2\/users\/3"}],"replies":[{"embeddable":true,"href":"https:\/\/www.freidenker.org\/index.php?rest_route=%2Fwp%2Fv2%2Fcomments&post=24270"}],"version-history":[{"count":1,"href":"https:\/\/www.freidenker.org\/index.php?rest_route=\/wp\/v2\/posts\/24270\/revisions"}],"predecessor-version":[{"id":24272,"href":"https:\/\/www.freidenker.org\/index.php?rest_route=\/wp\/v2\/posts\/24270\/revisions\/24272"}],"wp:featuredmedia":[{"embeddable":true,"href":"https:\/\/www.freidenker.org\/index.php?rest_route=\/wp\/v2\/media\/24271"}],"wp:attachment":[{"href":"https:\/\/www.freidenker.org\/index.php?rest_route=%2Fwp%2Fv2%2Fmedia&parent=24270"}],"wp:term":[{"taxonomy":"category","embeddable":true,"href":"https:\/\/www.freidenker.org\/index.php?rest_route=%2Fwp%2Fv2%2Fcategories&post=24270"},{"taxonomy":"post_tag","embeddable":true,"href":"https:\/\/www.freidenker.org\/index.php?rest_route=%2Fwp%2Fv2%2Ftags&post=24270"}],"curies":[{"name":"wp","href":"https:\/\/api.w.org\/{rel}","templated":true}]}}