{"id":24267,"date":"2026-01-23T02:12:30","date_gmt":"2026-01-23T01:12:30","guid":{"rendered":"https:\/\/www.freidenker.org\/?p=24267"},"modified":"2026-02-28T02:04:26","modified_gmt":"2026-02-28T01:04:26","slug":"putins-klare-botschaft-an-den-westen","status":"publish","type":"post","link":"https:\/\/www.freidenker.org\/?p=24267","title":{"rendered":"Putins klare Botschaft an den Westen"},"content":{"rendered":"<p><strong>Auf die private Pause \u00fcber die russischen Weihnachts- und Neujahrsfeiertage folgte eine &#8222;strategische Auszeit&#8220; mit Blick auf neue internationale Spannungen. Dann, Mitte Januar, meldete sich Pr\u00e4sident Putin mit einer klaren Botschaft auf der weltpolitischen B\u00fchne zur\u00fcck. <\/strong><\/p>\n<p><em>Von <strong>Rainer Rupp<\/strong><\/em><\/p>\n<p><span style=\"font-size: 10pt;\">Erstver\u00f6ffentlichung am 21.01.2026 auf <a href=\"https:\/\/freedert.online\/russland\/267916-putins-klare-botschaft-an-westen\/\" target=\"_blank\" rel=\"noopener\">RT DE<\/a><\/span><\/p>\n<div class=\"EmbedBlock-root EmbedBlock-all\">\n<div class=\"AllEmbed\"><iframe loading=\"lazy\" title=\"Putins klare Botschaft an den Westen\" src=\"https:\/\/www.podbean.com\/player-v2\/?i=zzemi-1a27338-pb&amp;from=pb6admin&amp;share=1&amp;download=1&amp;rtl=0&amp;fonts=Arial&amp;skin=f6f6f6&amp;font-color=&amp;logo_link=episode_page&amp;btn-skin=7\" width=\"100%\" height=\"150\" scrolling=\"no\" data-name=\"pb-iframe-player\" data-mce-fragment=\"1\"><\/iframe><\/div>\n<\/div>\n<p>Um den Jahreswechsel haben interessierte Kreise in Politik und Medien Ger\u00fcchte gesch\u00fcrt, Pr\u00e4sident Putin sei vollst\u00e4ndig &#8222;von der politischen Bildfl\u00e4che verschwunden&#8220;, und behauptet, das habe mit zunehmender Unzufriedenheit in Russland und m\u00f6glichem Machtverlust zu tun. Tats\u00e4chlich gab es eine Phase mit deutlich reduzierten oder gar keinen \u00f6ffentlichen Auftritten, was jedoch in Russland um die Neujahrsfeiertage und die orthodoxen Weihnachten herum nicht ungew\u00f6hnlich ist. Traditionell hat Pr\u00e4sident Putin auch in fr\u00fcheren Jahren vom 29. Dezember bis etwa 8. Januar eine private Auszeit genommen und war nicht \u00f6ffentlich aktiv. Diesmal sprachen Berichte von einer Abwesenheit von etwa 8 bis 14 Tagen.<\/p>\n<p>Analysen deuten die diesmal etwas l\u00e4ngere Pause als &#8222;strategische Auszeit&#8220; zwecks interner Abstimmung von Reaktionen auf internationale Ereignisse (zum Beispiel Spannungen mit den USA, Venezuela, Iran, US-Piraterie russischer Schiffe, Entwicklungen im Ukraine-Konflikt, Zerfallserscheinungen in der NATO et cetera). Mitte Januar meldete sich dann der russische Pr\u00e4sident anl\u00e4sslich der Akkreditierung neuer Botschafter in Moskau mit klaren und n\u00fcchternen Botschaften zur\u00fcck, darunter zur Ukraine, zu Europa und zu Verhandlungen. Russland, so war die zentrale Aussage, sei zur\u00fcck auf der weltpolitischen B\u00fchne und lasse sich nicht l\u00e4nger an den Rand dr\u00e4ngen. Der Westen m\u00fcsse akzeptieren, dass die Phase der einseitigen Dominanz vorbei ist.<\/p>\n<p>Putin stellt Russland als rationalen Akteur dar, der auch auf die eigenen Sicherheitsinteressen pocht. Wiederholt betonte er, dass Russland lange vor der milit\u00e4rischen Sonderoperation in der Ukraine klare und deutliche rote Linien bez\u00fcglich seiner eigenen Sicherheitsinteressen gezogen hatte, die von den westlichen Staaten \u2013 einer nach dem anderen \u2013 als nichtig ignoriert wurden. Die aktuellen Konflikte seien die Folge dieser Missachtung.<\/p>\n<p>Ein Schwerpunkt liegt auf der NATO-Osterweiterung. Aus russischer Sicht wurde \u00fcber Jahre hinweg Vertrauen verspielt. Zusagen aus den 1990er-Jahren, die NATO nicht weiter nach Osten auszudehnen, seien gebrochen worden. Ob diese Zusagen juristisch bindend waren, ist aus westlicher Perspektive umstritten, politisch jedoch pr\u00e4gend f\u00fcr das russische Denken.<\/p>\n<p>Putin argumentiert, Russland habe lange defensiv reagiert, statt zu agieren. Erst als die milit\u00e4rische Infrastruktur des Westens immer n\u00e4her an die eigenen Grenzen ger\u00fcckt sei, habe Moskau begonnen, h\u00e4rter aufzutreten. Der Westen habe Warnungen ignoriert und Russland in eine Lage gedr\u00e4ngt, in der es handeln musste, so Putin.<\/p>\n<h5><strong>Ukraine als zentraler Konfliktpunkt<\/strong><\/h5>\n<p>Die Ukraine nimmt eine Schl\u00fcsselrolle ein. Sie wird von den Russen nicht nur als Nachbarstaat gesehen, sondern als Teil einer gemeinsamen historischen, kulturellen und sicherheitspolitischen Sph\u00e4re. Aus russischer Perspektive ist eine milit\u00e4risch eng an den Westen angebundene Ukraine nicht akzeptabel.<\/p>\n<p>Der Westen hingegen betrachtet die Ukraine als souver\u00e4nen Staat mit freier B\u00fcndniswahl. Dieser grundlegende Widerspruch zieht sich durch den gesamten Konflikt. Putin machte deutlich, dass Russland diesen Dissens nicht als Missverst\u00e4ndnis, sondern als bewusste Provokation interpretiert.<\/p>\n<h5><strong>Der Westen: moralisch \u00fcberlegen, strategisch kurzsichtig<\/strong><\/h5>\n<p>Ein wiederkehrendes Motiv ist die Kritik an westlicher Doppelmoral. Milit\u00e4rische Interventionen der USA und ihrer Verb\u00fcndeten, etwa im Irak oder in Libyen, werden als Beispiele angef\u00fchrt, bei denen V\u00f6lkerrecht flexibel ausgelegt worden sei.<\/p>\n<p>Russland pr\u00e4sentiert sich im Gegensatz dazu als Staat, der Stabilit\u00e4t verteidigen wolle. Ob diese Darstellung\u00a0den Westen \u00fcberzeugt, ist eine andere Frage. Entscheidend ist: Moskau sieht sich nicht als Au\u00dfenseiter, sondern als Gegengewicht zu einem machtpolitisch handelnden Westen, der Menschenrechte und Frieden predigt, aber Krieg und Elend bringt.<\/p>\n<h5><strong>Ein neuer globaler Kontext<\/strong><\/h5>\n<p>Putins Aussagen sind eingebettet in eine sich rasch ver\u00e4nderte Weltordnung. China, Indien, der Nahe Osten und Teile Afrikas orientieren sich zunehmend eigenst\u00e4ndig. Der Westen sei nicht mehr das Zentrum aller Entscheidungen.<\/p>\n<p>Russland positioniert sich als wichtiger Teil dieser multipolaren Ordnung. Sanktionen h\u00e4tten das Land nicht isoliert, sondern gezwungen, neue Partnerschaften aufzubauen. Wirtschaftlich und politisch habe sich Russland angepasst, auch wenn dies Kosten verursacht habe.<\/p>\n<h5><strong>Langsamer Stimmungswandel in Europa<\/strong><\/h5>\n<p>In Europa sei seit einiger Zeit ein vorsichtiger, meist inoffizieller Stimmungswandel zu beobachten. Nach Jahren klarer Frontstellung w\u00e4chst die Einsicht, dass eine dauerhafte Konfrontation mit Russland hohe wirtschaftliche, politische und sicherheitspolitische Kosten verursacht.<\/p>\n<p>Energiepreise, industrielle Wettbewerbsf\u00e4higkeit und soziale Spannungen haben die Debatte ver\u00e4ndert. Viele europ\u00e4ische Staaten stellen sich zunehmend die Frage, ob die bisherige Russlandpolitik ihren eigenen Interessen dient oder prim\u00e4r den geopolitischen Zielen der USA folgt.<\/p>\n<h5><strong>Deutschlands besondere Rolle<\/strong><\/h5>\n<p>Deutschland steht dabei im Zentrum dieser Neubewertung. Die deutsche Wirtschaft war \u00fcber Jahrzehnte eng mit Russland verflochten, insbesondere im Energiesektor. Der abrupte Bruch dieser Beziehungen hat vor allem in Deutschland strukturelle Schw\u00e4chen offengelegt.<\/p>\n<p>Gleichzeitig ist in Deutschland ein historisch gewachsenes Bewusstsein f\u00fcr Verantwortung und Ausgleich pr\u00e4sent. Die Ostpolitik fr\u00fcherer Jahrzehnte, die auf Dialog und wirtschaftliche Verflechtung setzte, werde wieder h\u00e4ufiger als Referenz genannt.<\/p>\n<h5><strong>Gr\u00fcnde f\u00fcr den Wunsch nach erneuter Ann\u00e4herung<\/strong><\/h5>\n<p>Mehrere Faktoren treiben das Umdenken:<\/p>\n<ul>\n<li>Wirtschaftlicher Druck durch hohe Energie- und Produktionskosten<\/li>\n<li>Zweifel an der milit\u00e4rischen Eskalationslogik<\/li>\n<li>Kriegsm\u00fcdigkeit in der Bev\u00f6lkerung<\/li>\n<li>Die Erkenntnis, dass Sicherheit in Europa langfristig nicht ohne Russland organisiert werden kann<\/li>\n<\/ul>\n<p>Dabei geht es weniger um Sympathie f\u00fcr den Kreml als um n\u00fcchterne Interessenpolitik.<\/p>\n<h5><strong>Fazit<\/strong><\/h5>\n<p>Putins Botschaft an den Westen ist kein Angebot im klassischen Sinne, sondern eine Positionsbestimmung. Russland fordert Anerkennung als gleichwertiger Akteur und ist bereit, lange Konflikte auszutragen.<\/p>\n<p>In Europa, insbesondere in Deutschland, w\u00e4chst parallel die Einsicht, dass angebliche &#8222;moralische Klarheit&#8220; \u2013 zumal es sich dabei um Doppelmoral handelt \u2013 in Europa keine stabile Ordnung schafft. Ob daraus echte Schritte in Richtung Verst\u00e4ndigung entstehen, bleibt offen. Klar ist jedoch: Die Phase des westlichen Schwarz-Wei\u00df-Denkens neigt sich dem Ende zu.<\/p>\n<p style=\"text-align: right;\"><em>Rainer Rupp ist Mitglied des Beirats des Deutschen Freidenker-Verbandes<\/em><\/p>\n<hr \/>\n<p><span style=\"font-size: 10pt;\">Bild oben: Wladimir Putin bei einem Treffen mit dem US-Sonderbeauftragten Steve Witkoff. Aufnahme vom 2. Dezember 2025.<\/span><br \/>\n<span style=\"font-size: 10pt;\">Foto: Kremlin.ru &#8211; <a href=\"http:\/\/en.kremlin.ru\/events\/president\/news\/78633\" target=\"_blank\" rel=\"noopener\">http:\/\/en.kremlin.ru\/events\/president\/news\/78633<\/a>, <a href=\"https:\/\/creativecommons.org\/licenses\/by\/4.0\" target=\"_blank\" rel=\"noopener\">CC BY 4.0<\/a><\/span><br \/>\n<span style=\"font-size: 10pt;\">Quelle: <a href=\"https:\/\/commons.wikimedia.org\/w\/index.php?curid=179328401\" target=\"_blank\" rel=\"noopener\">https:\/\/commons.wikimedia.org\/w\/index.php?curid=179328401<\/a><\/span><\/p>\n","protected":false},"excerpt":{"rendered":"<p><b>Beitrag von Rainer Rupp<\/b><br \/>\nUm den Jahreswechsel haben interessierte Kreise in Politik und Medien Ger\u00fcchte gesch\u00fcrt, Pr\u00e4sident Putin sei vollst\u00e4ndig &#8222;von der politischen Bildfl\u00e4che verschwunden&#8220;, und behauptet, das habe mit zunehmender Unzufriedenheit in Russland und m\u00f6glichem Machtverlust zu tun. Tats\u00e4chlich gab es eine Phase mit deutlich reduzierten oder gar keinen \u00f6ffentlichen Auftritten, was jedoch in Russland um die Neujahrsfeiertage und die orthodoxen Weihnachten herum nicht ungew\u00f6hnlich ist. Traditionell hat Pr\u00e4sident Putin auch in fr\u00fcheren Jahren vom 29. Dezember bis etwa 8. Januar eine private Auszeit genommen und war nicht \u00f6ffentlich aktiv. Diesmal sprachen Berichte von einer Abwesenheit von etwa 8 bis 14 Tagen. Analysen deuten die diesmal etwas l\u00e4ngere Pause als &#8222;strategische Auszeit&#8220; zwecks interner Abstimmung von Reaktionen auf internationale Ereignisse.<\/p>\n","protected":false},"author":3,"featured_media":24268,"comment_status":"closed","ping_status":"closed","sticky":false,"template":"","format":"standard","meta":{"colormag_page_container_layout":"default_layout","colormag_page_sidebar_layout":"default_layout","advanced_seo_description":"","jetpack_seo_html_title":"","jetpack_seo_noindex":false,"jetpack_post_was_ever_published":false,"footnotes":""},"categories":[12],"tags":[3020,1631,2433,3027,2055,56,720,223,222,2497,1352,1111,639,1866,122],"class_list":["post-24267","post","type-post","status-publish","format-standard","has-post-thumbnail","hentry","category-demokratie-medien-aufklaerung","tag-doppelmoral","tag-geopolitik","tag-konflikt","tag-kriegsmuedigkeit","tag-multipolare-weltordnung","tag-nato","tag-nato-osterweiterung","tag-putin","tag-russland","tag-sicherheitsinteressen","tag-strategie","tag-ukraine","tag-ukraine-konflikt","tag-wettbewerb","tag-wirtschaft"],"jetpack_featured_media_url":"https:\/\/i0.wp.com\/www.freidenker.org\/fw17\/wp-content\/uploads\/2026\/01\/Vladimir_Putin_2025-12-02_800x450.jpg?fit=800%2C450&ssl=1","jetpack_shortlink":"https:\/\/wp.me\/p9stpK-6jp","jetpack-related-posts":[{"id":19620,"url":"https:\/\/www.freidenker.org\/?p=19620","url_meta":{"origin":24267,"position":0},"title":"Bidens gro\u00dfe Rede kollidiert mit der Realit\u00e4t","author":"Webredaktion","date":"2. August 2024","format":false,"excerpt":"Beitrag von Rainer Rupp Inmitten der politischen Turbulenzen und internationalen Spannungen stand Pr\u00e4sident Joe Biden k\u00fcrzlich im Rampenlicht und meldete sich mit einer bemerkenswerten Rede Mitte der Woche vom Wahlkampf 2024 ab. [...] Bidens Rede, die er ganz bestimmt nicht selbst geschrieben hat, sondern ein Produkt der pr\u00e4sidialen Puppenspieler im\u2026","rel":"","context":"In &quot;Demokratie \u2013 Medien \u2013 Aufkl\u00e4rung&quot;","block_context":{"text":"Demokratie \u2013 Medien \u2013 Aufkl\u00e4rung","link":"https:\/\/www.freidenker.org\/?cat=12"},"img":{"alt_text":"","src":"https:\/\/i0.wp.com\/www.freidenker.org\/fw17\/wp-content\/uploads\/2024\/08\/President_Joe_Biden_meets_with_Prime_Minister_Benjamin_Netanyahu_800x450.jpg?fit=800%2C450&ssl=1&resize=350%2C200","width":350,"height":200,"srcset":"https:\/\/i0.wp.com\/www.freidenker.org\/fw17\/wp-content\/uploads\/2024\/08\/President_Joe_Biden_meets_with_Prime_Minister_Benjamin_Netanyahu_800x450.jpg?fit=800%2C450&ssl=1&resize=350%2C200 1x, https:\/\/i0.wp.com\/www.freidenker.org\/fw17\/wp-content\/uploads\/2024\/08\/President_Joe_Biden_meets_with_Prime_Minister_Benjamin_Netanyahu_800x450.jpg?fit=800%2C450&ssl=1&resize=525%2C300 1.5x, https:\/\/i0.wp.com\/www.freidenker.org\/fw17\/wp-content\/uploads\/2024\/08\/President_Joe_Biden_meets_with_Prime_Minister_Benjamin_Netanyahu_800x450.jpg?fit=800%2C450&ssl=1&resize=700%2C400 2x"},"classes":[]},{"id":14711,"url":"https:\/\/www.freidenker.org\/?p=14711","url_meta":{"origin":24267,"position":1},"title":"Erneute \u00fcble Nachrichtenmanipulation in der Tagesschau","author":"Webredaktion","date":"20. November 2022","format":false,"excerpt":"Beitrag von Rainer Rupp Mit L\u00fcgen und Verdrehungen bzw. durch perfide Manipulation von offiziellen \u00c4u\u00dferungen des chinesischen Pr\u00e4sidenten Xi Jinping haben jetzt auch die USA vor dem Hintergrund des G20-Treffens im indonesischen Bali versucht, vor der Welt\u00f6ffentlichkeit den Eindruck zu erwecken, dass China gemeinsam mit den USA Pr\u00e4sident Wladimir Putin\u2026","rel":"","context":"In &quot;Demokratie \u2013 Medien \u2013 Aufkl\u00e4rung&quot;","block_context":{"text":"Demokratie \u2013 Medien \u2013 Aufkl\u00e4rung","link":"https:\/\/www.freidenker.org\/?cat=12"},"img":{"alt_text":"","src":"https:\/\/i0.wp.com\/www.freidenker.org\/fw17\/wp-content\/uploads\/2022\/11\/Potential-USA-sectors-China_800x450.jpg?fit=800%2C450&ssl=1&resize=350%2C200","width":350,"height":200,"srcset":"https:\/\/i0.wp.com\/www.freidenker.org\/fw17\/wp-content\/uploads\/2022\/11\/Potential-USA-sectors-China_800x450.jpg?fit=800%2C450&ssl=1&resize=350%2C200 1x, https:\/\/i0.wp.com\/www.freidenker.org\/fw17\/wp-content\/uploads\/2022\/11\/Potential-USA-sectors-China_800x450.jpg?fit=800%2C450&ssl=1&resize=525%2C300 1.5x, https:\/\/i0.wp.com\/www.freidenker.org\/fw17\/wp-content\/uploads\/2022\/11\/Potential-USA-sectors-China_800x450.jpg?fit=800%2C450&ssl=1&resize=700%2C400 2x"},"classes":[]},{"id":18108,"url":"https:\/\/www.freidenker.org\/?p=18108","url_meta":{"origin":24267,"position":2},"title":"Ukraine hat keine Chance","author":"Webredaktion","date":"9. Februar 2024","format":false,"excerpt":"Video-Interview von Masha Janssen mit Rainer Rupp Text von Masha Janssen auf YouTube: In diesem Interview habe ich mich mit dem ehemaligen DDR-Spitzenspion a.D. Rainer Rupp, alias \"Topas\", zusammengesetzt, um die j\u00fcngsten Aussagen von dem Oberhaupt der ukrainischen Streitkr\u00e4fte auf eine sachliche Art und Weise auszuwerten. Walerij Saluschnij behauptet, dass\u2026","rel":"","context":"In &quot;Demokratie \u2013 Medien \u2013 Aufkl\u00e4rung&quot;","block_context":{"text":"Demokratie \u2013 Medien \u2013 Aufkl\u00e4rung","link":"https:\/\/www.freidenker.org\/?cat=12"},"img":{"alt_text":"","src":"https:\/\/i0.wp.com\/www.freidenker.org\/fw17\/wp-content\/uploads\/2024\/02\/Mascha_Rupp_Interview_800x450.jpg?fit=800%2C450&ssl=1&resize=350%2C200","width":350,"height":200,"srcset":"https:\/\/i0.wp.com\/www.freidenker.org\/fw17\/wp-content\/uploads\/2024\/02\/Mascha_Rupp_Interview_800x450.jpg?fit=800%2C450&ssl=1&resize=350%2C200 1x, https:\/\/i0.wp.com\/www.freidenker.org\/fw17\/wp-content\/uploads\/2024\/02\/Mascha_Rupp_Interview_800x450.jpg?fit=800%2C450&ssl=1&resize=525%2C300 1.5x, https:\/\/i0.wp.com\/www.freidenker.org\/fw17\/wp-content\/uploads\/2024\/02\/Mascha_Rupp_Interview_800x450.jpg?fit=800%2C450&ssl=1&resize=700%2C400 2x"},"classes":[]},{"id":12234,"url":"https:\/\/www.freidenker.org\/?p=12234","url_meta":{"origin":24267,"position":3},"title":"Spott und Hohn f\u00fcr US\/UK\/NATO-Kriegshysterie","author":"Webredaktion","date":"20. Februar 2022","format":false,"excerpt":"Kommentar von Rainer Rupp Diese Woche hat erneut bewiesen, dass der Russe nicht nur verschlagen und b\u00f6sartig, sondern auch extrem unzuverl\u00e4ssig ist. In Dingen von zentraler Bedeutung, auf die sich die US-gef\u00fchrte, westliche Wertegemeinschaft fest verlassen hatte, hat er ganz banal versagt. Genauer gesagt: Der Kreml hat diese Woche seine\u2026","rel":"","context":"In &quot;Frieden - Antifaschismus - Solidarit\u00e4t&quot;","block_context":{"text":"Frieden - Antifaschismus - Solidarit\u00e4t","link":"https:\/\/www.freidenker.org\/?cat=13"},"img":{"alt_text":"","src":"https:\/\/i0.wp.com\/www.freidenker.org\/fw17\/wp-content\/uploads\/2022\/02\/Ukraine%E2%80%93NATO_Commission_800x450.jpg?fit=800%2C450&ssl=1&resize=350%2C200","width":350,"height":200,"srcset":"https:\/\/i0.wp.com\/www.freidenker.org\/fw17\/wp-content\/uploads\/2022\/02\/Ukraine%E2%80%93NATO_Commission_800x450.jpg?fit=800%2C450&ssl=1&resize=350%2C200 1x, https:\/\/i0.wp.com\/www.freidenker.org\/fw17\/wp-content\/uploads\/2022\/02\/Ukraine%E2%80%93NATO_Commission_800x450.jpg?fit=800%2C450&ssl=1&resize=525%2C300 1.5x, https:\/\/i0.wp.com\/www.freidenker.org\/fw17\/wp-content\/uploads\/2022\/02\/Ukraine%E2%80%93NATO_Commission_800x450.jpg?fit=800%2C450&ssl=1&resize=700%2C400 2x"},"classes":[]},{"id":12527,"url":"https:\/\/www.freidenker.org\/?p=12527","url_meta":{"origin":24267,"position":4},"title":"Kollektives Harakiri der Partei &#8222;Die Linke&#8220;","author":"Webredaktion","date":"3. April 2022","format":false,"excerpt":"von Rainer Rupp Objektiv betrachtet hinterlassen die Initiativen des linken Spitzenpersonals genau diesen Eindruck der gemeinsamen Harakiris, wenn auch die individuellen Polit-Schauspieler der Partei aus Dummheit, aus ma\u00dfloser Selbst\u00fcbersch\u00e4tzung oder aus einer Kombination von beiden nicht wissen, was sie tun. Laut dem christlichen Jesus hei\u00dft es zwar: \"Selig sind die\u2026","rel":"","context":"In &quot;Demokratie \u2013 Medien \u2013 Aufkl\u00e4rung&quot;","block_context":{"text":"Demokratie \u2013 Medien \u2013 Aufkl\u00e4rung","link":"https:\/\/www.freidenker.org\/?cat=12"},"img":{"alt_text":"","src":"https:\/\/i0.wp.com\/www.freidenker.org\/fw17\/wp-content\/uploads\/2022\/04\/Parteitag_DIE_LINKE_2019_Bonn_effekt_800x450.jpg?fit=800%2C450&ssl=1&resize=350%2C200","width":350,"height":200,"srcset":"https:\/\/i0.wp.com\/www.freidenker.org\/fw17\/wp-content\/uploads\/2022\/04\/Parteitag_DIE_LINKE_2019_Bonn_effekt_800x450.jpg?fit=800%2C450&ssl=1&resize=350%2C200 1x, https:\/\/i0.wp.com\/www.freidenker.org\/fw17\/wp-content\/uploads\/2022\/04\/Parteitag_DIE_LINKE_2019_Bonn_effekt_800x450.jpg?fit=800%2C450&ssl=1&resize=525%2C300 1.5x, https:\/\/i0.wp.com\/www.freidenker.org\/fw17\/wp-content\/uploads\/2022\/04\/Parteitag_DIE_LINKE_2019_Bonn_effekt_800x450.jpg?fit=800%2C450&ssl=1&resize=700%2C400 2x"},"classes":[]},{"id":20409,"url":"https:\/\/www.freidenker.org\/?p=20409","url_meta":{"origin":24267,"position":5},"title":"Medien bereiten den Weg zum Krieg","author":"Webredaktion","date":"24. November 2024","format":false,"excerpt":"Beitrag von Thomas R\u00f6per Pr\u00e4sident Putin hat am Donnerstag in einer Rede angek\u00fcndigt, Russland sehe sich nach den Angriffen mit westlichen Waffen auf sein Gebiet berechtigt, Ziele in den L\u00e4ndern anzugreifen, die zu diesen Angriffen die Erlaubnis gegeben haben. Die deutschen Medien verschweigen das komplett. Ich bin von den deutschen\u2026","rel":"","context":"In &quot;Demokratie \u2013 Medien \u2013 Aufkl\u00e4rung&quot;","block_context":{"text":"Demokratie \u2013 Medien \u2013 Aufkl\u00e4rung","link":"https:\/\/www.freidenker.org\/?cat=12"},"img":{"alt_text":"","src":"https:\/\/i0.wp.com\/www.freidenker.org\/fw17\/wp-content\/uploads\/2024\/11\/Virtual_Studio_of_Tagesschau_800x450.jpg?fit=800%2C450&ssl=1&resize=350%2C200","width":350,"height":200,"srcset":"https:\/\/i0.wp.com\/www.freidenker.org\/fw17\/wp-content\/uploads\/2024\/11\/Virtual_Studio_of_Tagesschau_800x450.jpg?fit=800%2C450&ssl=1&resize=350%2C200 1x, https:\/\/i0.wp.com\/www.freidenker.org\/fw17\/wp-content\/uploads\/2024\/11\/Virtual_Studio_of_Tagesschau_800x450.jpg?fit=800%2C450&ssl=1&resize=525%2C300 1.5x, https:\/\/i0.wp.com\/www.freidenker.org\/fw17\/wp-content\/uploads\/2024\/11\/Virtual_Studio_of_Tagesschau_800x450.jpg?fit=800%2C450&ssl=1&resize=700%2C400 2x"},"classes":[]}],"_links":{"self":[{"href":"https:\/\/www.freidenker.org\/index.php?rest_route=\/wp\/v2\/posts\/24267","targetHints":{"allow":["GET"]}}],"collection":[{"href":"https:\/\/www.freidenker.org\/index.php?rest_route=\/wp\/v2\/posts"}],"about":[{"href":"https:\/\/www.freidenker.org\/index.php?rest_route=\/wp\/v2\/types\/post"}],"author":[{"embeddable":true,"href":"https:\/\/www.freidenker.org\/index.php?rest_route=\/wp\/v2\/users\/3"}],"replies":[{"embeddable":true,"href":"https:\/\/www.freidenker.org\/index.php?rest_route=%2Fwp%2Fv2%2Fcomments&post=24267"}],"version-history":[{"count":1,"href":"https:\/\/www.freidenker.org\/index.php?rest_route=\/wp\/v2\/posts\/24267\/revisions"}],"predecessor-version":[{"id":24269,"href":"https:\/\/www.freidenker.org\/index.php?rest_route=\/wp\/v2\/posts\/24267\/revisions\/24269"}],"wp:featuredmedia":[{"embeddable":true,"href":"https:\/\/www.freidenker.org\/index.php?rest_route=\/wp\/v2\/media\/24268"}],"wp:attachment":[{"href":"https:\/\/www.freidenker.org\/index.php?rest_route=%2Fwp%2Fv2%2Fmedia&parent=24267"}],"wp:term":[{"taxonomy":"category","embeddable":true,"href":"https:\/\/www.freidenker.org\/index.php?rest_route=%2Fwp%2Fv2%2Fcategories&post=24267"},{"taxonomy":"post_tag","embeddable":true,"href":"https:\/\/www.freidenker.org\/index.php?rest_route=%2Fwp%2Fv2%2Ftags&post=24267"}],"curies":[{"name":"wp","href":"https:\/\/api.w.org\/{rel}","templated":true}]}}