{"id":24261,"date":"2026-01-23T02:12:14","date_gmt":"2026-01-23T01:12:14","guid":{"rendered":"https:\/\/www.freidenker.org\/?p=24261"},"modified":"2026-02-28T02:04:15","modified_gmt":"2026-02-28T01:04:15","slug":"erinnern-an-fritz-bauer-kampf-gegen-den-ueberlebenden-ungeist","status":"publish","type":"post","link":"https:\/\/www.freidenker.org\/?p=24261","title":{"rendered":"Erinnern an Fritz Bauer:  Kampf gegen den \u00fcberlebenden Ungeist"},"content":{"rendered":"<p><em>von <strong>Stefan Siegert<\/strong><\/em><\/p>\n<p>Unendlich fern erscheinen die Zeiten, in denen ein Fritz Bauer im \u00f6ffentlich-rechtlichen Rundfunk der Bundesrepublik Deutschland zur besten Sendezeit eine Rede halten konnte, in der es um schon damals brennende Fragen ging. (1) \u201eNie wieder Krieg!\u201c stand auf der Tagesordnung. Die erneute Wiederaufr\u00fcstung eines deutschen Staats gegen einen \u201eFeind im Osten\u201c, den der Rechtsvorg\u00e4nger dieses deutschen Staats 23 Jahre zuvor mit einem buchstabengetreuen Vernichtungskrieg \u00fcberzogen hatte. Die Rede des von den Nazis aus Deutschland vertriebenen Vertreters eines im Geist Joseph Wirths demokratischen Weimar &#8211; eine solche Rede hinein in die zum dritten Mal in der neueren Geschichte hysterisch aufgeheizte Russenfeindlichkeit einer deutschen \u00d6ffentlichkeit? Undenkbar.<\/p>\n<p>Wirklich, ich lebe in finsteren Zeiten, sagte Bert Brecht in den Zeiten des noch ungebremsten Siegeszugs der Nazi-Armeen bis Stalingrad. Wir Nachgeborenen drohen erneut in jener Flut unterzugehen, aus der Brecht uns utopisch schon aufgetaucht sah. Heute ist die gewesene Sowjetunion als einziger Gegner der transatlantischen \u00dcbermacht der Vergangenheit schwach im Vergleich: denn im globalen S\u00fcden und Osten des Erdballs organisiert sich im Geschwindschritt die Gegenbewegung einer gro\u00dfen Weltmehrheit. Allerdings wei\u00df niemand, ob sie \u2013 informationstechnologisch und finanzstrategisch &#8211; rechtzeitig so einig und stark sein wird, dass sie dem US-Leviathan in den Arm fallen k\u00f6nnte.<\/p>\n<p>Mit 26 Jahren war Bauer ab 1929 in Braunschweig der j\u00fcngste Landgerichtsrat der Weimarer Republik. Im Oktober 1933 verschwand er im Rahmen des terroristischen Warnschusses der Nazis gegen alle kritischen Geister f\u00fcr acht Monate in den KZ Heuberg und Oberer Kuhberg. Er war als Jude doppelt gef\u00e4hrdet und zog sich mit seiner Familie 1936 nach D\u00e4nemark zur\u00fcck. Von dort entkam er den NS-H\u00e4schern, als diese im April 1940 D\u00e4nemark besetzten, in letzter Minute per Boot \u00fcber die Ostsee nach Schweden.<\/p>\n<p>Das Nachkriegsdeutschland \u2013 in das er mit der Absicht zur\u00fcckkehrte, dort einen deutschen Staat aufzubauen, der endlich Frieden macht mit der Welt \u2013 entt\u00e4uschte seine Erwartungen. Die Bundesrepublik erwies sich als Fortsetzung des Vorg\u00e4ngerstaats mit anderen Mitteln. Das Reichssicherheitshauptamt als noch von Reinhard Heydrich erdachte Schaltzentrale der NS-Gewaltherrschaft hatte sich mit US-amerikanischer Hilfe im tiefen Staat Konrad Adenauers, Hans Globkes, Reinhold Gehlens klammheimlich \u201edemokratisiert\u201c. Dem ber\u00fchmtesten Ausspruch Fritz Bauers zufolge habe er, sobald er sein Dienstzimmer verlie\u00df, Feindesland betreten.<\/p>\n<p>Er trotzte dem Staat der alten Nazis den Frankfurter Auschwitz-Prozess ab. Er sorgte daf\u00fcr, dass der Widerstand, auch der physische, gegen einen Verbrecherstaat grunds\u00e4tzlich zu den verbrieften Rechten jedes Mitglieds einer demokratischen Gesellschaft geh\u00f6rt. Er wirkte in Zusammenarbeit mit dem israelischen Mossad an der Ergreifung Adolph Eichmanns mit. Mit der ganzen Autorit\u00e4t des hessischen Generalstaatsanwalts, als der er nach dem Krieg bundesweit bekannt war, pl\u00e4dierte und wirkte er als Jurist strukturell daf\u00fcr, im Fall etwa eines Diebstahls den sozialen Ursachen des Delikts nachzugehen, anstatt es zum Anlass komplizierter logischer Gedankenketten zu machen, die mit den betroffenen Menschen nichts mehr zu tun haben.<\/p>\n<p>Die moralische Statur Fritz Bauers ist weder mit der bew\u00e4hrten Antisemitismuskeule, noch mit dem Traumt\u00e4nzer-Schm\u00e4h wegzucanceln. Noch der vor 58 Jahren Verstorbene bleibt verl\u00e4sslich unterm Radar neoliberaler Wokeness. Vor dem Hintergrund der Neujahrsansprachen des staatsoffiziell moralischen Wachsfigurenkabinetts wirkt er wie ein Donnerschlag. Seine Erscheinungsweise \u2013 nur auf dem Podium ohne brennende Zigarette \u2013 grollt im Brustton wie aus der Sp\u00e4tromantik her\u00fcber.<\/p>\n<p>Als Bauer, gerade zur Schule gekommen, seine Mutter fragte, wer Gott sei, antwortete sie, sie k\u00f6nne es ihm nicht sagen. Aber was sie ihm mitgeben wolle, das sei ihr Leitspruch: Was Du nicht willst, das man Dir tu, das f\u00fcg\u2018 auch keinem andern zu. Er hat als Jurist sein Leben bis ins Gro\u00dfe danach ausgerichtet. Fritz Bauer war der letzte Kantianer. Er ist 1968 unter \u00e4u\u00dferst fragw\u00fcrdigen Umst\u00e4nden verstorben. Man wird \u00fcber diese Umst\u00e4nde in dem Moment genaueres wissen, in dem die Geheimdienstakten dieser Zeit zug\u00e4nglich sind.<\/p>\n<p>&#8222;F\u00fcr die konkrete Geheimdienstakte \u00fcber Fritz Bauer ist \u00f6ffentlich nur bekannt, dass sie gesperrt ist; eine exakte Sperrfrist oder ein verbindliches Datum der \u00d6ffnung wurde nicht allg. mitgeteilt&#8220;, stellt Dieter Schenk (&#8230;) fest, ehemaliger Mitarbeiter des BKA, Publizist und Professor. &#8222;Realistisch ist wegen der langen Fristen f\u00fcr Nachrichtendienstunterlagen eher von einer m\u00f6glichen \u00d6ffnung, viele Jahrzehnte nach seinem Tod (&#8230;) auszugehen; ein genauer Termin l\u00e4sst sich derzeit nicht seri\u00f6s nennen, zumal individuelle Verl\u00e4ngerungen und Verk\u00fcrzungen m\u00f6glich sind.&#8220;<\/p>\n<p>Wie lange die Akten gesperrt sind, entscheidet ergo die gleiche Sorte Beamte wie jene, die sie angelegt haben. Akten, welche auf diese Weise f\u00fcr Ewigkeiten in den Archiven der Konrad Adenauer Stiftung vermodern, haben Auschwitz-Erm\u00f6glicher wie den Staatssekret\u00e4r Hans Globke, Adenauers rechte Hand, statt lebensl\u00e4nglich in Sicherheitsverwahrung, auf den Posten des personalpolitischen Strippenziehers und Machthabers der fr\u00fchen BRD gebracht. Bauer hatte m\u00e4chtige Feinde, nicht nur unter den regierungsamtlichen und verbeamteten Altnazis. Es stellt der liberalen Demokratie ein rabenschwarzes Zeugnis aus, wenn sie derart hermetisch daf\u00fcr sorgt, dass Massenm\u00f6rder in Staatsdiensten mit Sicherheit zu Lebzeiten unbehelligt bleiben und straffrei Karriere machen k\u00f6nnen.<\/p>\n<p>Der Kampf gegen den \u00fcberlebenden Ungeist \u2013 den immer noch fruchtbaren Scho\u00df der Vergangenheit &#8211; war Fritz Bauers Sache. Er w\u00e4re, ginge es um Propheten des Auswegs aus der tiefen Krise, in der Europa steckt, im Januar 2026 der Mann der Stunde f\u00fcr eine Neuausrichtung.<\/p>\n<p style=\"text-align: right;\"><em>Stefan Siegert ist Autor mit Schwerpunkt Musik, er schreibt aber auch politische Feuilletons, verfasst K\u00fcnstler-Features f\u00fcr den Rundfunk und zeichnet Buch-Illustrationen sowie Comics.<\/em><\/p>\n<p><strong>Anmerkung<\/strong><\/p>\n<p>(1) Der Autor bezieht sich auf eine Rede von Fritz Bauer <span class=\"yt-core-attributed-string yt-core-attributed-string--white-space-pre-wrap\" dir=\"auto\" role=\"text\"><span class=\"yt-core-attributed-string--link-inherit-color\" dir=\"auto\">auf der DAG-Kundgebung am 1.9.1964 in der Kongresshalle Berlin zum 25. Jahrestag des Kriegsbeginns. Diese wurde vom SFB \u00fcbertragen, siehe <a href=\"https:\/\/www.youtube.com\/watch?v=fGa1c_h3VCc\" target=\"_blank\" rel=\"noopener\">https:\/\/www.youtube.com\/watch?v=fGa1c_h3VCc<\/a><\/span><\/span><\/p>\n<hr \/>\n<p><span style=\"font-size: 10pt;\">Bild oben: Fritz Bauer (1960er Jahre)<\/span><br \/>\n<span style=\"font-size: 10pt;\">Foto: Fritz Bauer Institut \/ A. Mergen &#8211; <a href=\"https:\/\/www.fritz-bauer-institut.de\/fileadmin\/editorial\/publikationen\/einsicht\/einsicht-05.pdf\" target=\"_blank\" rel=\"noopener\">https:\/\/www.fritz-bauer-institut.de\/fileadmin\/editorial\/publikationen\/einsicht\/einsicht-05.pdf<\/a>, Public Domain<\/span><br \/>\n<span style=\"font-size: 10pt;\">Quelle: <a href=\"https:\/\/commons.wikimedia.org\/w\/index.php?curid=88521845\" target=\"_blank\" rel=\"noopener\">https:\/\/commons.wikimedia.org\/w\/index.php?curid=88521845<\/a><\/span><\/p>\n<p>&nbsp;<\/p>\n","protected":false},"excerpt":{"rendered":"<p><b>von Stefan Siegert<\/b><br \/>\nUnendlich fern erscheinen die Zeiten, in denen ein Fritz Bauer im \u00f6ffentlich-rechtlichen Rundfunk der Bundesrepublik Deutschland zur besten Sendezeit eine Rede halten konnte, in der es um schon damals brennende Fragen ging. \u201eNie wieder Krieg!\u201c stand auf der Tagesordnung. Die erneute Wiederaufr\u00fcstung eines deutschen Staats gegen einen \u201eFeind im Osten\u201c, den der Rechtsvorg\u00e4nger dieses deutschen Staats 23 Jahre zuvor mit einem buchstabengetreuen Vernichtungskrieg \u00fcberzogen hatte. Die Rede des von den Nazis aus Deutschland vertriebenen Vertreters eines im Geist Joseph Wirths demokratischen Weimar &#8211; eine solche Rede hinein in die zum dritten Mal in der neueren Geschichte hysterisch aufgeheizte Russenfeindlichkeit einer deutschen \u00d6ffentlichkeit? Undenkbar.<\/p>\n","protected":false},"author":3,"featured_media":24262,"comment_status":"closed","ping_status":"closed","sticky":false,"template":"","format":"standard","meta":{"colormag_page_container_layout":"default_layout","colormag_page_sidebar_layout":"default_layout","advanced_seo_description":"","jetpack_seo_html_title":"","jetpack_seo_noindex":false,"jetpack_post_was_ever_published":false,"footnotes":""},"categories":[13,1162],"tags":[648,961,2147,512,455,452,451,335,759,188,1703,1579,430,1583,2244],"class_list":["post-24261","post","type-post","status-publish","format-standard","has-post-thumbnail","hentry","category-frieden-antifaschismus-solidaritaet","category-geschichte","tag-2-weltkrieg","tag-abruestung","tag-adenauer","tag-antisemitismus","tag-brd","tag-deutschland","tag-faschismus","tag-frieden","tag-geheimdienste","tag-krieg","tag-kz-auschwitz","tag-oeffentlich-rechtlicher-rundfunk","tag-sowjetunion","tag-strafverfolgung","tag-weimarer-republik"],"jetpack_featured_media_url":"https:\/\/i0.wp.com\/www.freidenker.org\/fw17\/wp-content\/uploads\/2026\/01\/Generalstaatsanwalt_Fritz_Bauer_800x450.jpg?fit=800%2C450&ssl=1","jetpack_shortlink":"https:\/\/wp.me\/p9stpK-6jj","jetpack-related-posts":[{"id":16821,"url":"https:\/\/www.freidenker.org\/?p=16821","url_meta":{"origin":24261,"position":0},"title":"Wer gef\u00e4hrdet den Frieden?","author":"Webredaktion","date":"12. August 2023","format":false,"excerpt":"Diffamierung, Zensur und Strafverfolgung treffen Kriegsgegner. Dabei sitzen die Volksverhetzer im Bundestag Beitrag von von Hans Bauer Wer Zweifel an der Politik der deutschen Machthaber \u00f6ffentlich \u00e4u\u00dfert, hat keine guten Karten. Schlimmer ist es, Ursachen und Anlass des Ukraine-Krieges anders zu sehen als amtlich verordnet. Die offiziellen Reaktionen reichen von\u2026","rel":"","context":"In &quot;Frieden - Antifaschismus - Solidarit\u00e4t&quot;","block_context":{"text":"Frieden - Antifaschismus - Solidarit\u00e4t","link":"https:\/\/www.freidenker.org\/?cat=13"},"img":{"alt_text":"","src":"https:\/\/i0.wp.com\/www.freidenker.org\/fw17\/wp-content\/uploads\/2023\/08\/keine_angst_vor_putin_800x445_v2.jpg?fit=800%2C445&ssl=1&resize=350%2C200","width":350,"height":200,"srcset":"https:\/\/i0.wp.com\/www.freidenker.org\/fw17\/wp-content\/uploads\/2023\/08\/keine_angst_vor_putin_800x445_v2.jpg?fit=800%2C445&ssl=1&resize=350%2C200 1x, https:\/\/i0.wp.com\/www.freidenker.org\/fw17\/wp-content\/uploads\/2023\/08\/keine_angst_vor_putin_800x445_v2.jpg?fit=800%2C445&ssl=1&resize=525%2C300 1.5x, https:\/\/i0.wp.com\/www.freidenker.org\/fw17\/wp-content\/uploads\/2023\/08\/keine_angst_vor_putin_800x445_v2.jpg?fit=800%2C445&ssl=1&resize=700%2C400 2x"},"classes":[]},{"id":23018,"url":"https:\/\/www.freidenker.org\/?p=23018","url_meta":{"origin":24261,"position":1},"title":"Nach 35 Jahren Einheit: Gro\u00dfdeutschland auf Kriegskurs \u2013 Frieden kein Thema","author":"Webredaktion","date":"5. Oktober 2025","format":false,"excerpt":"Beitrag von Hans Bauer Am 3. Oktober 2025 gedenkt Deutschland der staatlichen Vereinigung. Eingel\u00e4utet mit einer Entschlie\u00dfung des Bundesrates auf seiner Sitzung am 26. September. Herausforderung seien \u201eNationale Kraftanstrengung, Modernisierung auf allen Ebenen, Auseinandersetzung mit der Geschichte\u201c. Von der deutschen Einheit zur Einheit Europas, hei\u00dft es. Gleiche Beschw\u00f6rungen zur Einheit\u2026","rel":"","context":"In &quot;Frieden - Antifaschismus - Solidarit\u00e4t&quot;","block_context":{"text":"Frieden - Antifaschismus - Solidarit\u00e4t","link":"https:\/\/www.freidenker.org\/?cat=13"},"img":{"alt_text":"","src":"https:\/\/i0.wp.com\/www.freidenker.org\/fw17\/wp-content\/uploads\/2025\/10\/Bundesarchiv_Bild_183-1990-1003-400_Berlin_deutsche_Vereinigung_vor_dem_Reichstag_800x450.jpg?fit=800%2C450&ssl=1&resize=350%2C200","width":350,"height":200,"srcset":"https:\/\/i0.wp.com\/www.freidenker.org\/fw17\/wp-content\/uploads\/2025\/10\/Bundesarchiv_Bild_183-1990-1003-400_Berlin_deutsche_Vereinigung_vor_dem_Reichstag_800x450.jpg?fit=800%2C450&ssl=1&resize=350%2C200 1x, https:\/\/i0.wp.com\/www.freidenker.org\/fw17\/wp-content\/uploads\/2025\/10\/Bundesarchiv_Bild_183-1990-1003-400_Berlin_deutsche_Vereinigung_vor_dem_Reichstag_800x450.jpg?fit=800%2C450&ssl=1&resize=525%2C300 1.5x, https:\/\/i0.wp.com\/www.freidenker.org\/fw17\/wp-content\/uploads\/2025\/10\/Bundesarchiv_Bild_183-1990-1003-400_Berlin_deutsche_Vereinigung_vor_dem_Reichstag_800x450.jpg?fit=800%2C450&ssl=1&resize=700%2C400 2x"},"classes":[]},{"id":14209,"url":"https:\/\/www.freidenker.org\/?p=14209","url_meta":{"origin":24261,"position":2},"title":"Diese Regierungspolitik ist irrational und wahnhaft","author":"Webredaktion","date":"21. September 2022","format":false,"excerpt":"Rede von Sebastian Bahlo auf einer Kundgebung des Verbandes der Russlanddeutschen in Hessen in Frankfurt a.M. am 18.09.2022. Die Politik der Bundesregierung ist irrational und wahnhaft, aber diese Charakterisierung ist noch nicht ausreichend: Man mu\u00df auch klar sagen, da\u00df sie verbrecherisch ist. Sie schadet Deutschland und der deutschen Bev\u00f6lkerung massiv,\u2026","rel":"","context":"In &quot;Frieden - Antifaschismus - Solidarit\u00e4t&quot;","block_context":{"text":"Frieden - Antifaschismus - Solidarit\u00e4t","link":"https:\/\/www.freidenker.org\/?cat=13"},"img":{"alt_text":"","src":"https:\/\/i0.wp.com\/www.freidenker.org\/fw17\/wp-content\/uploads\/2022\/09\/bahlo_demo_fam_2022-09-18_800x450.jpg?fit=800%2C450&ssl=1&resize=350%2C200","width":350,"height":200,"srcset":"https:\/\/i0.wp.com\/www.freidenker.org\/fw17\/wp-content\/uploads\/2022\/09\/bahlo_demo_fam_2022-09-18_800x450.jpg?fit=800%2C450&ssl=1&resize=350%2C200 1x, https:\/\/i0.wp.com\/www.freidenker.org\/fw17\/wp-content\/uploads\/2022\/09\/bahlo_demo_fam_2022-09-18_800x450.jpg?fit=800%2C450&ssl=1&resize=525%2C300 1.5x, https:\/\/i0.wp.com\/www.freidenker.org\/fw17\/wp-content\/uploads\/2022\/09\/bahlo_demo_fam_2022-09-18_800x450.jpg?fit=800%2C450&ssl=1&resize=700%2C400 2x"},"classes":[]},{"id":24364,"url":"https:\/\/www.freidenker.org\/?p=24364","url_meta":{"origin":24261,"position":3},"title":"14.02.2026 M\u00fcnchen: Den Frieden gewinnen, nicht den Krieg","author":"Webredaktion","date":"6. Februar 2026","format":false,"excerpt":"Aufruf zur Protestdemo gegen die \"M\u00fcnchner Sicherheitskonferenz\" 2026 Wir protestieren gegen den NATO-Kriegsrat, euphemistisch \u201eSicherheitskonferenz\u201c genannt, der vom 13. bis 15. Februar 2026 in M\u00fcnchen tagt. Am Samstag den 14. Februar tragen wir unseren Protest in M\u00fcnchen auf die Stra\u00dfe. Wer den Frieden will, muss den Kriegsministern laut und deutlich\u2026","rel":"","context":"In &quot;Frieden - Antifaschismus - Solidarit\u00e4t&quot;","block_context":{"text":"Frieden - Antifaschismus - Solidarit\u00e4t","link":"https:\/\/www.freidenker.org\/?cat=13"},"img":{"alt_text":"","src":"https:\/\/i0.wp.com\/www.freidenker.org\/fw17\/wp-content\/uploads\/2026\/02\/Siko_Muenchen_2026_1600x900.jpg?fit=1200%2C674&ssl=1&resize=350%2C200","width":350,"height":200,"srcset":"https:\/\/i0.wp.com\/www.freidenker.org\/fw17\/wp-content\/uploads\/2026\/02\/Siko_Muenchen_2026_1600x900.jpg?fit=1200%2C674&ssl=1&resize=350%2C200 1x, https:\/\/i0.wp.com\/www.freidenker.org\/fw17\/wp-content\/uploads\/2026\/02\/Siko_Muenchen_2026_1600x900.jpg?fit=1200%2C674&ssl=1&resize=525%2C300 1.5x, https:\/\/i0.wp.com\/www.freidenker.org\/fw17\/wp-content\/uploads\/2026\/02\/Siko_Muenchen_2026_1600x900.jpg?fit=1200%2C674&ssl=1&resize=700%2C400 2x, https:\/\/i0.wp.com\/www.freidenker.org\/fw17\/wp-content\/uploads\/2026\/02\/Siko_Muenchen_2026_1600x900.jpg?fit=1200%2C674&ssl=1&resize=1050%2C600 3x"},"classes":[]},{"id":23605,"url":"https:\/\/www.freidenker.org\/?p=23605","url_meta":{"origin":24261,"position":4},"title":"80 Jahre N\u00fcrnberger Prozesse \u2013 nicht nur Erinnerung","author":"Webredaktion","date":"21. November 2025","format":false,"excerpt":"Beitrag von Hans Bauer Am 20. November 1945 wurde der N\u00fcrnberger Hauptkriegsverbrecherprozess vor dem Internationalen Milit\u00e4rgerichtshof (IMG) er\u00f6ffnet. Ankl\u00e4ger waren die vier Alliierten Sowjetunion, Frankreich, Gro\u00dfbritannien und die USA. Grundlage war das Vierm\u00e4chteabkommen und das Kontrollratsgesetz Nr.10. Die Anklagen gegen die f\u00fchrenden Faschisten lauteten auf Kriegsverbrechen, Verbrechen gegen den Frieden\u2026","rel":"","context":"In &quot;Geschichte&quot;","block_context":{"text":"Geschichte","link":"https:\/\/www.freidenker.org\/?cat=1162"},"img":{"alt_text":"","src":"https:\/\/i0.wp.com\/www.freidenker.org\/fw17\/wp-content\/uploads\/2025\/11\/Defendants_in_the_dock_at_nuremberg_trials_800x450.jpg?fit=800%2C450&ssl=1&resize=350%2C200","width":350,"height":200,"srcset":"https:\/\/i0.wp.com\/www.freidenker.org\/fw17\/wp-content\/uploads\/2025\/11\/Defendants_in_the_dock_at_nuremberg_trials_800x450.jpg?fit=800%2C450&ssl=1&resize=350%2C200 1x, https:\/\/i0.wp.com\/www.freidenker.org\/fw17\/wp-content\/uploads\/2025\/11\/Defendants_in_the_dock_at_nuremberg_trials_800x450.jpg?fit=800%2C450&ssl=1&resize=525%2C300 1.5x, https:\/\/i0.wp.com\/www.freidenker.org\/fw17\/wp-content\/uploads\/2025\/11\/Defendants_in_the_dock_at_nuremberg_trials_800x450.jpg?fit=800%2C450&ssl=1&resize=700%2C400 2x"},"classes":[]},{"id":13610,"url":"https:\/\/www.freidenker.org\/?p=13610","url_meta":{"origin":24261,"position":5},"title":"Wir vergessen den 22. Juni nicht","author":"Webredaktion","date":"28. Juni 2022","format":false,"excerpt":"Berlin: Kundgebung am Sowjetischen Ehrenmal im Treptower Park Friedensaktivistinnen und -Aktivisten erinnerten am 22. Juni 2022 an den \u00dcberfall Nazi-Deutschlands auf die Sowjet-Union vor 81 Jahren. Unter dem Motto \u201eWir vergessen nicht!\u201c hatte die \u201eFriedenskoordination Berlin\u201c zu einer Kundgebung am Sowjetischen Ehrenmal im Berliner Treptower Park aufgerufen. Rund 200 Menschen\u2026","rel":"","context":"In &quot;Frieden - Antifaschismus - Solidarit\u00e4t&quot;","block_context":{"text":"Frieden - Antifaschismus - Solidarit\u00e4t","link":"https:\/\/www.freidenker.org\/?cat=13"},"img":{"alt_text":"","src":"https:\/\/i0.wp.com\/www.freidenker.org\/fw17\/wp-content\/uploads\/2022\/06\/hans_bauer_2022-06-22_800x450.jpg?fit=800%2C450&ssl=1&resize=350%2C200","width":350,"height":200,"srcset":"https:\/\/i0.wp.com\/www.freidenker.org\/fw17\/wp-content\/uploads\/2022\/06\/hans_bauer_2022-06-22_800x450.jpg?fit=800%2C450&ssl=1&resize=350%2C200 1x, https:\/\/i0.wp.com\/www.freidenker.org\/fw17\/wp-content\/uploads\/2022\/06\/hans_bauer_2022-06-22_800x450.jpg?fit=800%2C450&ssl=1&resize=525%2C300 1.5x, https:\/\/i0.wp.com\/www.freidenker.org\/fw17\/wp-content\/uploads\/2022\/06\/hans_bauer_2022-06-22_800x450.jpg?fit=800%2C450&ssl=1&resize=700%2C400 2x"},"classes":[]}],"_links":{"self":[{"href":"https:\/\/www.freidenker.org\/index.php?rest_route=\/wp\/v2\/posts\/24261","targetHints":{"allow":["GET"]}}],"collection":[{"href":"https:\/\/www.freidenker.org\/index.php?rest_route=\/wp\/v2\/posts"}],"about":[{"href":"https:\/\/www.freidenker.org\/index.php?rest_route=\/wp\/v2\/types\/post"}],"author":[{"embeddable":true,"href":"https:\/\/www.freidenker.org\/index.php?rest_route=\/wp\/v2\/users\/3"}],"replies":[{"embeddable":true,"href":"https:\/\/www.freidenker.org\/index.php?rest_route=%2Fwp%2Fv2%2Fcomments&post=24261"}],"version-history":[{"count":2,"href":"https:\/\/www.freidenker.org\/index.php?rest_route=\/wp\/v2\/posts\/24261\/revisions"}],"predecessor-version":[{"id":24273,"href":"https:\/\/www.freidenker.org\/index.php?rest_route=\/wp\/v2\/posts\/24261\/revisions\/24273"}],"wp:featuredmedia":[{"embeddable":true,"href":"https:\/\/www.freidenker.org\/index.php?rest_route=\/wp\/v2\/media\/24262"}],"wp:attachment":[{"href":"https:\/\/www.freidenker.org\/index.php?rest_route=%2Fwp%2Fv2%2Fmedia&parent=24261"}],"wp:term":[{"taxonomy":"category","embeddable":true,"href":"https:\/\/www.freidenker.org\/index.php?rest_route=%2Fwp%2Fv2%2Fcategories&post=24261"},{"taxonomy":"post_tag","embeddable":true,"href":"https:\/\/www.freidenker.org\/index.php?rest_route=%2Fwp%2Fv2%2Ftags&post=24261"}],"curies":[{"name":"wp","href":"https:\/\/api.w.org\/{rel}","templated":true}]}}