{"id":24121,"date":"2026-01-03T21:16:24","date_gmt":"2026-01-03T20:16:24","guid":{"rendered":"https:\/\/www.freidenker.org\/?p=24121"},"modified":"2026-02-28T02:00:11","modified_gmt":"2026-02-28T01:00:11","slug":"kein-frieden-in-syrien","status":"publish","type":"post","link":"https:\/\/www.freidenker.org\/?p=24121","title":{"rendered":"Kein Frieden in Syrien"},"content":{"rendered":"<h4 class=\"untertitel\">Alawiten protestieren, Kurden sagen Treffen in Damaskus ab<\/h4>\n<p><em><span class=\"author\">von <strong>Karin Leukefeld<\/strong><\/span><\/em><\/p>\n<p><span style=\"font-size: 10pt;\">Erstver\u00f6ffentlichung am 30.12.2025 in der\u00a0<a href=\"https:\/\/www.zlv.lu\/db\/1\/1492665510403\/0\" target=\"_blank\" rel=\"noopener\">Zeitung vum L\u00ebtzebuerger Vollek<\/a><\/span><\/p>\n<div class=\"text\">\n<p><span lang=\"DE-LU\">W<\/span><span lang=\"DE-LU\">\u00e4hrend die Altstadt von Damaskus mit glitzerndem Schmuck und einem Lichtermeer zu Weihnachten erstrahlte, und in Aleppo \u2013 in alter Tradition \u2013 liberale sunnitische Geistliche die christlichen Gemeinden besuchten und ihren christlichen Nachbarn zum Weihnachtsfest gratulierten, wurde Syrien in anderen Teilen des Landes von Gewalt und Aufruhr ersch\u00fcttert.<\/span><\/p>\n<p><span lang=\"DE-LU\">In einer Moschee in Homs explodierte w\u00e4hrend des Freitagsgebets eine Bombe. Acht Gl\u00e4ubige wurden get\u00f6tet und mindestens 18 wurden verletzt. Rund 300 Besucher hatten sich zum Freitagsgebet versammelt, es ist f\u00fcr Muslime das wichtigste Gebet in der Woche. Freitag ist zudem in arabisch-muslimischen L\u00e4ndern ein Feiertag. Der Anschlag ereignete sich in der Ali Bin Abi Talib Moschee im Viertel Wadi al Dahab, wo traditionell vor allem syrische Alawiten leben. Die Moschee ist ein Gotteshaus der Alawiten, einer Str\u00f6mung des schiitischen Islam.<\/span><\/p>\n<p><span lang=\"DE-LU\">Die Verantwortung \u00fcbernahm die Gruppe \u00bbSaraya Ansar al Sunna\u00ab, der Name bedeutet so viel wie \u00bbUnterst\u00fctzer des sunnitischen Wirkens\u00ab. Die salafistisch-dschihadistische Organisation will einen Islamischen Staat in Syrien errichten, in dem weder Alawiten, noch Drusen, Christen oder schiitische Muslime geduldet werden sollen. <\/span><\/p>\n<p><span lang=\"DE-LU\">Seit der Macht\u00fcbernahme durch die Dschihadisten von \u00bbHay\u2019at Tahrir al Sham\u00ab (HTS) im Dezember 2024, dem \u00bbSaraya Ansar al Sunna\u00ab angeh\u00f6rt \u2013 manche sprechen von einer HTS-Abspaltung \u2013 hat die Organisation zahlreiche Anschl\u00e4ge, \u00dcberf\u00e4lle und Morde vor allem gegen Alawiten in Homs, Hama und im syrischen K\u00fcstengebiet ver\u00fcbt. Im Juni 2025 erkl\u00e4rte sie die Verantwortung f\u00fcr einen Anschlag auf die griechisch-orthodoxe Kirche Mar Elias in Duaila, einem Ort im Umland von Damaskus. 25 Personen wurden get\u00f6tet und 63 Personen wurden verletzt als ein Attent\u00e4ter erst das Feuer im Gottesdienst er\u00f6ffnete und dann einen Sprengsatz z\u00fcndete. <\/span><\/p>\n<p><span lang=\"DE-LU\">UNO-Generalsekret\u00e4r Antonio Guterres bezeichnete in einer offiziellen Erkl\u00e4rung Angriffe gegen Zivilisten und Gottesh\u00e4user als \u00bbunakzeptabel\u00ab. Die T\u00e4ter m\u00fcssen ermittelt und vor Gericht gestellt werden, hie\u00df es. Die UNO habe zur Kenntnis genommen, dass die syrischen Beh\u00f6rden den Angriff verurteilt h\u00e4tten, so die Erkl\u00e4rung. \u00bbSie haben auch die staatliche Verpflichtung bekr\u00e4ftigt, Terror zu bek\u00e4mpfen und die T\u00e4ter zur Rechenschaft zu ziehen.\u00ab Angesichts einer weitgehenden Rechtlosigkeit in Syrien seit mehr als einem Jahr ist das allerdings unwahrscheinlich. <\/span><\/p>\n<p><span lang=\"DE-LU\">Gruppen wie \u00bbSaraya Ansar al Sunna\u00ab und der \u00bbIslamische Staat\u00ab verfolgen die gleichen Ziele in Syrien, eine offizielle Kooperation kann von Sicherheitskr\u00e4ften bisher zumindest offiziell nicht nachgewiesen werden. Tatsache ist allerdings, da\u00df zahlreiche K\u00e4mpfer innerhalb von HTS mit der Politik des Machthabers Ahmed al-Sharaa nicht einverstanden sind und eigene Wege des \u00bbWiderstands\u00ab gehen. Ein Beleg daf\u00fcr war ein Angriff eines \u00bbInsiders\u00ab der HTS-Sicherheitskr\u00e4fte auf ein hochrangiges syrisch-US-amerikanisches Treffen der \u00bbAnti-IS-Allianz\u00ab in Palmyra, Tadmor. Dabei waren drei US-amerikanische Milit\u00e4rangeh\u00f6rige, zwei Soldaten, ein \u00dcbersetzer get\u00f6tet worden. Der Angreifer sprengte sich unmittelbar vor dem Versammlungsraum in die Luft.<\/span><\/p>\n<p><span lang=\"DE-LU\">Im K\u00fcstengebiet Syriens, das vor allem von Alawiten und Christen bewohnt wird, kam es am Wochenende zu massiven Protesten gegen die Al-Sharaa Beh\u00f6rden. Tausende Alawiten waren in den Provinzen Latakia und Tartus einem Aufruf des Geistlichen Ghazzal Ghazzal gefolgt, der in Frankreich im Exil lebt. Ghazzal hatte das Recht auf Selbstbestimmung f\u00fcr die Alawiten und f\u00fcr Syrien eine f\u00f6derale politische Struktur eingefordert. \u00c4hnliche Forderungen werden von den syrischen Kurden und Drusen ebenfalls aufgestellt.<\/span><\/p>\n<p><span lang=\"DE-LU\">Nach unbest\u00e4tigten Medienangaben sollen bei den Protesten zwei Personen get\u00f6tet und Dutzende verletzt worden sein. Die syrische Nachrichtenagentur SANA berichtete, mindestens eine Person der HTS-\u00bbSicherheitskr\u00e4fte\u00ab sei von Bewaffneten get\u00f6tet worden. Die aufst\u00e4ndischen Alawiten seien \u00bb\u00dcbrigbleibsel des Assad-Regimes\u00ab.<\/span><\/p>\n<p><span lang=\"DE-LU\">F\u00fcr den selbsternannten \u00bbInterimspr\u00e4sidenten\u00ab Al Sharaa bedeuten die Proteste der Alawiten nach den Unruhen in den Drusengebieten im Sommer eine weitere Herausforderung. Hinzu kommt, dass ein f\u00fcr den gestrigen Montag vorgesehenes Treffen zwischen Al Sharaa und Mazlum Abdi, dem Oberkommandierenden der kurdisch gef\u00fchrten Syrischen Demokratischen Kr\u00e4fte (SDF), von der kurdischen Seite kurzfristig abgesagt wurde. Eigentlich sollte ein im M\u00e4rz 2025 unterzeichnetes Abkommen \u00fcber die Integration der SDF-Einheiten in die \u00bbneue syrische Armee\u00ab besprochen werden, das sich allerdings in wesentlichen Punkten nicht weiterentwickelt hat. <\/span><\/p>\n<p><span lang=\"DE-LU\">Laut Berichten beschuldigen sich beide Seiten gegenseitig, die Vereinbarung nicht umsetzen zu wollen. In Damaskus hei\u00dft es, Gespr\u00e4che mit der kurdischen F\u00fchrung h\u00e4tten \u00bbkeine greifbaren Ergebnisse\u00ab gebracht, berichtete die SANA am Wochenende unter Berufung auf Quellen im \u00bbAu\u00dfenministerium\u00ab. Die kurdische Seite zeige \u00bbkeinen echten Willen\u00ab, es gebe \u00bbkeine konkreten Schritte und keinen klaren Zeitrahmen\u00ab. Die Kurden h\u00e4tten sich mit dem Abkommen zu verschiedenen Ver\u00e4nderungen \u00bbverpflichtet\u00ab, wenn sie das nicht erf\u00fcllten, m\u00fcssten sie \u00bbdie Verantwortung daf\u00fcr tragen\u00ab, sagte ein au\u00dfenpolitischer Berater. <\/span><\/p>\n<p><span lang=\"DE-LU\">Von kurdischer Seite hie\u00df es lediglich, man sei sich einig, dass die kurdischen milit\u00e4rischen Einheiten in staatliche Strukturen integriert werden sollten. Das m\u00fcsse verfassungsrechtlich festgehalten werden, so der SDF-Vertreter Mazlum Abdi, und das brauche Zeit.<\/span><\/p>\n<p><span lang=\"DE-LU\">Die kurdisch gef\u00fchrten syrischen demokratischen Kr\u00e4fte beharren darauf, als bewaffnete kurdische Einheiten in die \u00bbneue syrische Armee\u00ab aufgenommen zu werden. Sie fordern zudem, die Kontrolle im Nordosten Syriens zu \u00fcbernehmen, auch unter syrischer Fahne. Dar\u00fcber hinaus wollen die SDF-Kr\u00e4fte eine souver\u00e4ne Einheit von Sicherheitskr\u00e4ften und ein souver\u00e4nes Regiment f\u00fcr die kurdischen SDF-Frauen. Schlie\u00dflich fordern die SDF-Kr\u00e4fte eine Garantie des Abkommens durch Frankreich und die USA, und schlie\u00dflich soll die Vereinbarung in die Verfassung aufgenommen werden. Das allerdings wird nicht nur von der F\u00fchrung syrischen Armee, sondern auch von der T\u00fcrkei abgelehnt, die eng mit Al Sharaa kooperiert. <\/span><\/p>\n<p><span lang=\"DE-LU\">Beobachter stufen die Absage von Mazlum Abdi am gestrigen Montag als Machtspiel ein. Auf kurdischer Seite sehe man den Druck, der von Drusen und Alawiten auf die F\u00fchrung von Al Shaara ausge\u00fcbt wird, die zentrale Macht in Syrien werde schw\u00e4cher, der Ruf nach einer syrischen F\u00f6deration werde lauter. Weder Sharaa noch der t\u00fcrkische Pr\u00e4sident Erdogan oder dessen Au\u00dfenminister Hakan Fidan k\u00f6nnten die kurdischen Forderungen akzeptieren, die aber vermutlich von den USA und auch von Israel unterst\u00fctzt w\u00fcrden.<\/span><\/p>\n<p><span lang=\"DE-LU\">Der Machtkampf um Syrien ist weit mehr als eine Frage von religi\u00f6sen oder ethnischen Rechten und Gruppen. Es gehe um Rohstoffe und um die Kontrolle der Region nicht durch die Syrer, sondern durch regionale und weitere ausl\u00e4ndische Kr\u00e4fte, sagte ein Gespr\u00e4chspartner in Beirut. \u00bbIm Nordosten sind die \u00d6l- und Gasquellen, im Mittelmeer vor der syrischen K\u00fcste sind ungehobene Gasvorkommen. Im S\u00fcden werden seltene Erden vermutet, Israel ist zudem an einem Korridor bis zum Euphrat interessiert, um den Irak und schlie\u00dflich auch den Iran unter Druck zu setzen.\u00ab <\/span><\/p>\n<p><span lang=\"DE-LU\">Die Zerst\u00f6rung Westasiens geht weiter.<\/span><\/p>\n<p style=\"text-align: right;\"><em>Karin Leukefeld ist Buchautorin und arbeitet als freie Journalistin im Mittleren Osten<\/em><\/p>\n<hr \/>\n<p><span style=\"font-size: 10pt;\">Bild oben: Fatima-Moschee in Homs (Syrien)<br \/>\n(Anmerkung: Dies ist nicht die Moschee, in der der Anschlag vom 26.12.2025 stattfand)<\/span><br \/>\n<span style=\"font-size: 10pt;\">Foto: Fahed Homs, <a href=\"https:\/\/creativecommons.org\/licenses\/by-sa\/4.0\" target=\"_blank\" rel=\"noopener\">CC BY-SA 4.0<\/a><\/span><br \/>\n<span style=\"font-size: 10pt;\">Quelle: <a href=\"https:\/\/commons.wikimedia.org\/w\/index.php?curid=36717433\" target=\"_blank\" rel=\"noopener\">https:\/\/commons.wikimedia.org\/w\/index.php?curid=36717433<\/a><\/span><\/p>\n<\/div>\n","protected":false},"excerpt":{"rendered":"<p><b>Alawiten protestieren, Kurden sagen Treffen in Damaskus ab<\/b><br \/>\n<b>von Karin Leukefeld<\/b><br \/>\nW\u00e4hrend die Altstadt von Damaskus mit glitzerndem Schmuck und einem Lichtermeer zu Weihnachten erstrahlte, und in Aleppo \u2013 in alter Tradition \u2013 liberale sunnitische Geistliche die christlichen Gemeinden besuchten und ihren christlichen Nachbarn zum Weihnachtsfest gratulierten, wurde Syrien in anderen Teilen des Landes von Gewalt und Aufruhr ersch\u00fcttert. In einer Moschee in Homs explodierte w\u00e4hrend des Freitagsgebets eine Bombe. Acht Gl\u00e4ubige wurden get\u00f6tet und mindestens 18 wurden verletzt. Rund 300 Besucher hatten sich zum Freitagsgebet versammelt, es ist f\u00fcr Muslime das wichtigste Gebet in der Woche. Freitag ist zudem in arabisch-muslimischen L\u00e4ndern ein Feiertag. Der Anschlag ereignete sich in der Ali Bin Abi Talib Moschee im Viertel Wadi al Dahab, wo traditionell vor allem syrische Alawiten leben. <\/p>\n","protected":false},"author":3,"featured_media":24122,"comment_status":"closed","ping_status":"closed","sticky":false,"template":"","format":"standard","meta":{"colormag_page_container_layout":"default_layout","colormag_page_sidebar_layout":"default_layout","advanced_seo_description":"","jetpack_seo_html_title":"","jetpack_seo_noindex":false,"jetpack_post_was_ever_published":false,"footnotes":""},"categories":[13],"tags":[1912,2997,1587,740,1193,2701,1027,335,350,374,938,2995,1557,336,185],"class_list":["post-24121","post","type-post","status-publish","format-standard","has-post-thumbnail","hentry","category-frieden-antifaschismus-solidaritaet","tag-abkommen","tag-alawiten","tag-anschlag","tag-buergerkrieg","tag-christen","tag-drusen","tag-frankreich","tag-frieden","tag-islam","tag-islamischer-staat","tag-kurden","tag-moschee","tag-rohstoffe","tag-syrien","tag-usa"],"jetpack_featured_media_url":"https:\/\/i0.wp.com\/www.freidenker.org\/fw17\/wp-content\/uploads\/2026\/01\/moschee_in_homs_800x450.jpg?fit=800%2C450&ssl=1","jetpack_shortlink":"https:\/\/wp.me\/p9stpK-6h3","jetpack-related-posts":[{"id":24232,"url":"https:\/\/www.freidenker.org\/?p=24232","url_meta":{"origin":24121,"position":0},"title":"Neujahrswende im gro\u00dfen Syrien-\u201eSpiel\u201c: T\u00fcrkei bootet Israel aus \u2013 Die Bev\u00f6lkerung zahlt den Preis","author":"Webredaktion","date":"18. Januar 2026","format":false,"excerpt":"Bericht von Karin Leukefeld Im Kampf um Syrien haben die T\u00fcrkei und die USA in und um Aleppo neue Tatsachen geschaffen. Die Sharaa-Administration nahm mit Hilfe arabischer Stammesk\u00e4mpfer und t\u00fcrkisch finanzierter S\u00f6ldnermilizen die Stadtviertel Bani Zeid, Ashrafieh und Scheikh Maqsoud ein. Zehntausende Kurden wurden aus dem Stadtviertel Scheikh Maqsoud in\u2026","rel":"","context":"In &quot;Demokratie \u2013 Medien \u2013 Aufkl\u00e4rung&quot;","block_context":{"text":"Demokratie \u2013 Medien \u2013 Aufkl\u00e4rung","link":"https:\/\/www.freidenker.org\/?cat=12"},"img":{"alt_text":"","src":"https:\/\/i0.wp.com\/www.freidenker.org\/fw17\/wp-content\/uploads\/2026\/01\/Aleppo-SaadallahSquare-8Feb2025_800x450.jpg?fit=800%2C450&ssl=1&resize=350%2C200","width":350,"height":200,"srcset":"https:\/\/i0.wp.com\/www.freidenker.org\/fw17\/wp-content\/uploads\/2026\/01\/Aleppo-SaadallahSquare-8Feb2025_800x450.jpg?fit=800%2C450&ssl=1&resize=350%2C200 1x, https:\/\/i0.wp.com\/www.freidenker.org\/fw17\/wp-content\/uploads\/2026\/01\/Aleppo-SaadallahSquare-8Feb2025_800x450.jpg?fit=800%2C450&ssl=1&resize=525%2C300 1.5x, https:\/\/i0.wp.com\/www.freidenker.org\/fw17\/wp-content\/uploads\/2026\/01\/Aleppo-SaadallahSquare-8Feb2025_800x450.jpg?fit=800%2C450&ssl=1&resize=700%2C400 2x"},"classes":[]},{"id":20521,"url":"https:\/\/www.freidenker.org\/?p=20521","url_meta":{"origin":24121,"position":1},"title":"Washington feiert Al-Qaida-Sieg in Syrien","author":"Webredaktion","date":"13. Dezember 2024","format":false,"excerpt":"Von Rainer Rupp Was 2011 als geheime CIA-Operation mit dem Schmuggel von Waffen und Dschihadisten von Libyen nach Syrien begonnen hatte, wurde nun mit einem weiteren ekelerregenden Beispiel westlicher Doppelmoral und Heuchelei gekr\u00f6nt, indem Terrorismus \u00f6ffentlich verurteilt und zugleich \u00fcber geheime Wege unterst\u00fctzt wird. Der Terroristen-Chef Dschaulani, der neue Herr\u2026","rel":"","context":"In &quot;Demokratie \u2013 Medien \u2013 Aufkl\u00e4rung&quot;","block_context":{"text":"Demokratie \u2013 Medien \u2013 Aufkl\u00e4rung","link":"https:\/\/www.freidenker.org\/?cat=12"},"img":{"alt_text":"","src":"https:\/\/i0.wp.com\/www.freidenker.org\/fw17\/wp-content\/uploads\/2024\/12\/Syrian_Civil_War_20160107_01_800x450.jpg?fit=800%2C450&ssl=1&resize=350%2C200","width":350,"height":200,"srcset":"https:\/\/i0.wp.com\/www.freidenker.org\/fw17\/wp-content\/uploads\/2024\/12\/Syrian_Civil_War_20160107_01_800x450.jpg?fit=800%2C450&ssl=1&resize=350%2C200 1x, https:\/\/i0.wp.com\/www.freidenker.org\/fw17\/wp-content\/uploads\/2024\/12\/Syrian_Civil_War_20160107_01_800x450.jpg?fit=800%2C450&ssl=1&resize=525%2C300 1.5x, https:\/\/i0.wp.com\/www.freidenker.org\/fw17\/wp-content\/uploads\/2024\/12\/Syrian_Civil_War_20160107_01_800x450.jpg?fit=800%2C450&ssl=1&resize=700%2C400 2x"},"classes":[]},{"id":22470,"url":"https:\/\/www.freidenker.org\/?p=22470","url_meta":{"origin":24121,"position":2},"title":"Was geschah in Sweida \u2013 und warum?","author":"Webredaktion","date":"30. Juli 2025","format":false,"excerpt":"Beitrag von Karin Leukefeld. Viel wurde in den vergangenen Tagen \u00fcber \u201ekonfessionelle Konflikte in S\u00fcdsyrien\u201c geschrieben und geredet. Die \u201evom schiitischen Islam abstammenden\u201c Drusen w\u00fcrden von \u201esunnitischen beduinischen St\u00e4mmen\u201c bek\u00e4mpft, wurde \u00fcber Medien verbreitet. Allerdings ist die ethnische und religi\u00f6se Vielfalt Syriens und der gesamten Region nicht der Grund, warum\u2026","rel":"","context":"In &quot;Demokratie \u2013 Medien \u2013 Aufkl\u00e4rung&quot;","block_context":{"text":"Demokratie \u2013 Medien \u2013 Aufkl\u00e4rung","link":"https:\/\/www.freidenker.org\/?cat=12"},"img":{"alt_text":"","src":"https:\/\/i0.wp.com\/www.freidenker.org\/fw17\/wp-content\/uploads\/2025\/07\/Swaida_city_800x450.jpg?fit=800%2C450&ssl=1&resize=350%2C200","width":350,"height":200,"srcset":"https:\/\/i0.wp.com\/www.freidenker.org\/fw17\/wp-content\/uploads\/2025\/07\/Swaida_city_800x450.jpg?fit=800%2C450&ssl=1&resize=350%2C200 1x, https:\/\/i0.wp.com\/www.freidenker.org\/fw17\/wp-content\/uploads\/2025\/07\/Swaida_city_800x450.jpg?fit=800%2C450&ssl=1&resize=525%2C300 1.5x, https:\/\/i0.wp.com\/www.freidenker.org\/fw17\/wp-content\/uploads\/2025\/07\/Swaida_city_800x450.jpg?fit=800%2C450&ssl=1&resize=700%2C400 2x"},"classes":[]},{"id":20707,"url":"https:\/\/www.freidenker.org\/?p=20707","url_meta":{"origin":24121,"position":3},"title":"Der Umsturz in Syrien und seine Folgen","author":"Webredaktion","date":"16. Januar 2025","format":false,"excerpt":"Das Ende Syriens als s\u00e4kularer und souver\u00e4ner Staat r\u00fcckt die Region weiter in den Abgrund. Beitrag von Joachim Guilliard Die Macht\u00fcbername dschihadistischer Gruppen in Damaskus besiegelt in Verbindung mit der t\u00fcrkischen, israelischen und US-amerikanischen Besatzung das Ende des letzten s\u00e4kularen Staates in Westasien und eines souver\u00e4nen Syrien in den bisherigen\u2026","rel":"","context":"In &quot;Demokratie \u2013 Medien \u2013 Aufkl\u00e4rung&quot;","block_context":{"text":"Demokratie \u2013 Medien \u2013 Aufkl\u00e4rung","link":"https:\/\/www.freidenker.org\/?cat=12"},"img":{"alt_text":"","src":"https:\/\/i0.wp.com\/www.freidenker.org\/fw17\/wp-content\/uploads\/2025\/01\/pexels-ahmed-akacha-3313934-7183520_800x450.jpg?fit=800%2C450&ssl=1&resize=350%2C200","width":350,"height":200,"srcset":"https:\/\/i0.wp.com\/www.freidenker.org\/fw17\/wp-content\/uploads\/2025\/01\/pexels-ahmed-akacha-3313934-7183520_800x450.jpg?fit=800%2C450&ssl=1&resize=350%2C200 1x, https:\/\/i0.wp.com\/www.freidenker.org\/fw17\/wp-content\/uploads\/2025\/01\/pexels-ahmed-akacha-3313934-7183520_800x450.jpg?fit=800%2C450&ssl=1&resize=525%2C300 1.5x, https:\/\/i0.wp.com\/www.freidenker.org\/fw17\/wp-content\/uploads\/2025\/01\/pexels-ahmed-akacha-3313934-7183520_800x450.jpg?fit=800%2C450&ssl=1&resize=700%2C400 2x"},"classes":[]},{"id":4468,"url":"https:\/\/www.freidenker.org\/?p=4468","url_meta":{"origin":24121,"position":4},"title":"Kurden im Zwielicht","author":"Webredaktion","date":"26. Januar 2018","format":false,"excerpt":"Die t\u00fcrkische Aggression gegen Afrin und die Problematik der Solidarit\u00e4t mit den syrischen Kurden. Beitrag von Joachim Guilliard: Der Einmarsch t\u00fcrkischer Truppen und dschihadistischen Milizen im Norden Syriens ist zweifelsohne ein verbrecherischer Angriff, der scharf zu verurteilen ist. Proteste gegen diese Aggression, die zum guten Teil mit deutschen Waffen durchgef\u00fchrt\u2026","rel":"","context":"In &quot;Frieden - Antifaschismus - Solidarit\u00e4t&quot;","block_context":{"text":"Frieden - Antifaschismus - Solidarit\u00e4t","link":"https:\/\/www.freidenker.org\/?cat=13"},"img":{"alt_text":"","src":"https:\/\/i0.wp.com\/www.freidenker.org\/fw17\/wp-content\/uploads\/2018\/01\/klartext_kurdistan-risse_800x445.jpg?fit=800%2C445&ssl=1&resize=350%2C200","width":350,"height":200,"srcset":"https:\/\/i0.wp.com\/www.freidenker.org\/fw17\/wp-content\/uploads\/2018\/01\/klartext_kurdistan-risse_800x445.jpg?fit=800%2C445&ssl=1&resize=350%2C200 1x, https:\/\/i0.wp.com\/www.freidenker.org\/fw17\/wp-content\/uploads\/2018\/01\/klartext_kurdistan-risse_800x445.jpg?fit=800%2C445&ssl=1&resize=525%2C300 1.5x, https:\/\/i0.wp.com\/www.freidenker.org\/fw17\/wp-content\/uploads\/2018\/01\/klartext_kurdistan-risse_800x445.jpg?fit=800%2C445&ssl=1&resize=700%2C400 2x"},"classes":[]},{"id":3094,"url":"https:\/\/www.freidenker.org\/?p=3094","url_meta":{"origin":24121,"position":5},"title":"Syrien \u2013 das falsche Spiel des Westens","author":"Webredaktion","date":"16. Oktober 2012","format":false,"excerpt":"Beitrag von Joachim Guilliard aus: FREIDENKER 3-12 Am 26. Mai wurden in Al Hula, nahe Homs an einem Tag 108 Menschen auf grausame Weise get\u00f6tet, \u00fcber ein Drittel der Opfer waren Kinder. Die Bluttat ragt nicht nur wegen der besonderen Brutalit\u00e4t hervor, sie markiert auch eine erneute Wende im Konflikt.\u2026","rel":"","context":"In &quot;Frieden - Antifaschismus - Solidarit\u00e4t&quot;","block_context":{"text":"Frieden - Antifaschismus - Solidarit\u00e4t","link":"https:\/\/www.freidenker.org\/?cat=13"},"img":{"alt_text":"","src":"https:\/\/i0.wp.com\/www.freidenker.org\/fw17\/wp-content\/uploads\/2012\/10\/syria-1034467_800x445.jpg?fit=800%2C445&ssl=1&resize=350%2C200","width":350,"height":200,"srcset":"https:\/\/i0.wp.com\/www.freidenker.org\/fw17\/wp-content\/uploads\/2012\/10\/syria-1034467_800x445.jpg?fit=800%2C445&ssl=1&resize=350%2C200 1x, https:\/\/i0.wp.com\/www.freidenker.org\/fw17\/wp-content\/uploads\/2012\/10\/syria-1034467_800x445.jpg?fit=800%2C445&ssl=1&resize=525%2C300 1.5x, https:\/\/i0.wp.com\/www.freidenker.org\/fw17\/wp-content\/uploads\/2012\/10\/syria-1034467_800x445.jpg?fit=800%2C445&ssl=1&resize=700%2C400 2x"},"classes":[]}],"_links":{"self":[{"href":"https:\/\/www.freidenker.org\/index.php?rest_route=\/wp\/v2\/posts\/24121","targetHints":{"allow":["GET"]}}],"collection":[{"href":"https:\/\/www.freidenker.org\/index.php?rest_route=\/wp\/v2\/posts"}],"about":[{"href":"https:\/\/www.freidenker.org\/index.php?rest_route=\/wp\/v2\/types\/post"}],"author":[{"embeddable":true,"href":"https:\/\/www.freidenker.org\/index.php?rest_route=\/wp\/v2\/users\/3"}],"replies":[{"embeddable":true,"href":"https:\/\/www.freidenker.org\/index.php?rest_route=%2Fwp%2Fv2%2Fcomments&post=24121"}],"version-history":[{"count":1,"href":"https:\/\/www.freidenker.org\/index.php?rest_route=\/wp\/v2\/posts\/24121\/revisions"}],"predecessor-version":[{"id":24123,"href":"https:\/\/www.freidenker.org\/index.php?rest_route=\/wp\/v2\/posts\/24121\/revisions\/24123"}],"wp:featuredmedia":[{"embeddable":true,"href":"https:\/\/www.freidenker.org\/index.php?rest_route=\/wp\/v2\/media\/24122"}],"wp:attachment":[{"href":"https:\/\/www.freidenker.org\/index.php?rest_route=%2Fwp%2Fv2%2Fmedia&parent=24121"}],"wp:term":[{"taxonomy":"category","embeddable":true,"href":"https:\/\/www.freidenker.org\/index.php?rest_route=%2Fwp%2Fv2%2Fcategories&post=24121"},{"taxonomy":"post_tag","embeddable":true,"href":"https:\/\/www.freidenker.org\/index.php?rest_route=%2Fwp%2Fv2%2Ftags&post=24121"}],"curies":[{"name":"wp","href":"https:\/\/api.w.org\/{rel}","templated":true}]}}