{"id":241,"date":"2000-01-10T14:04:11","date_gmt":"2000-01-10T13:04:11","guid":{"rendered":"http:\/\/www.freidenker.org\/fw17\/?p=241"},"modified":"2018-02-18T13:55:59","modified_gmt":"2018-02-18T12:55:59","slug":"endlich-staatskirche-in-schweden-abgeschafft","status":"publish","type":"post","link":"https:\/\/www.freidenker.org\/?p=241","title":{"rendered":"Endlich \u2013 Staatskirche in Schweden abgeschafft!"},"content":{"rendered":"<p><em>von Reinhard John<\/em><\/p>\n<p align=\"left\">Von der Presse fast unbeachtet, ging in Schweden ein dunkles Kapitel zuende: Die seit 473 Jahren bestehende Einheit von Staat und Kirche. Ein weiteres europ\u00e4isches Land hat endlich diese mittelalterliche Machtstellung einer Kirche beendet. K\u00f6nig Gustav Wasa schloss diese &#8222;Zwangsehe von Thron und Altar&#8220; im Jahre 1527. Und beide Seiten profitierten von dieser Allianz: Der schwedische Staat &#8222;benutzte die Kirche als effektives Machtinstrument und bestrafte die Abtr\u00fcnnigen&#8220;, wie selbst die konservative Zeitung G\u00f6teborgs-Posten heute feststellt. (Der K\u00f6nig zweigte dabei einen Teil des erheblichen Kirchenverm\u00f6gens f\u00fcr sein Reich ab.) Als Gegenleistung durfte die schwedische Staatskirche (Svenska kyrkan) viele Jahrhunderte lang ihren Konkurrenten vor allem Katholiken und Freikirchlern, sowie allen Freidenkern das Leben schwer machen.<\/p>\n<p align=\"left\">Bereits im Jahre 1958 besch\u00e4ftigte sich eine parlamentarische Kommission mit der Abschaffung der Staatskirche, aber im extrem harmonies\u00fcchtigen Schweden blieb diese Initiative aufgrund des Widerstand, von Kirchenkreisen erst einmal ohne Konsequenzen. Es dauerte schlie\u00dflich bis 1991 als der schwedische Reichstag mit den Stimmen aller Parteien die Trennung einleitete. Im gleichen Jahr willigte auch die Synode der Staatskirche mit 251 zu 28 Stimmen in eine Scheidung ein. Erst danach folgte im M\u00e4rz 1998 der endg\u00fcltige Beschluss des Reichstags mit Rechtswirkung zum Beginn des Jahres 2000.<\/p>\n<p align=\"left\">Dieser schleichende Niedergang der &#8222;Schwedischen Kirche&#8220;, wie sich die evangelisch-lutherische Religionsgemeinschaft auch k\u00fcnftig selbstbewusst nennt, ist nicht die Folge einer politischen Protestbewegung, sondern schlicht Ergebnis einer zunehmenden S\u00e4kularisierung Schwedens. Staatskirche hin oder her, Religion spielt eine immer geringer werdende Rolle im Leben der schwedischen B\u00fcrger. Von ihren eigenen Mitgliedern (immerhin 85 % der Bev\u00f6lkerung) gehen nur noch 5 % sonntags in die Kirche. Und so beklagen viele, wie der Philosoph Torbj\u00f6rn T\u00e4nnsj\u00f6, dass die Staatskirche ihre &#8222;moralische Instanz&#8220; eingeb\u00fc\u00dft habe und ihr Einfluss marginal sei. Die Meinung, dass sich das &#8222;veraltete Staatskirchensystem \u00fcberlebt&#8220; habe, ist aber so massiv verbreitet, dass selbst das Oberhaupt der Schwedischen Kirche, Karl Gustav Hammar, behauptet, er habe den Augenblick der Abschaffung der Staatskirche seit seiner Priesterweihe 1965 herbeigesehnt.<\/p>\n<p align=\"left\">Dabei hat sich seine Kirche vehement gegen jeden Abbau ihrer Machtstellung gewehrt, der erst 1951 mit dem Gesetz \u00fcber Religionsfreiheit begann:<\/p>\n<ul>\n<li>Erstmals darf man aus der Staatskirche austreten!<\/li>\n<\/ul>\n<p align=\"left\">(Dazu muss man wissen: Voraussetzung f\u00fcr eine Mitgliedschaft und somit auch f\u00fcr die Zahlung von Kirchensteuer war allein schon die Geburt als schwedischer Staatsb\u00fcrger oder die Abkunft von Mitgliedern der Staatskirche, wenn man nicht rechtzeitig widersprach. Erst seit 1996 ist die Taufe Voraussetzung f\u00fcr den Beitritt.)<\/p>\n<ul>\n<li>Nun darf man auch schwedischer Staatsb\u00fcrger werden, ohne Mitglied einer christlichen Religionsgemeinschaft zu sein.<\/li>\n<\/ul>\n<p align=\"left\">Es m\u00fcssen nicht mehr alle Regierungsmitglieder Mitglied der Staatskirche sein.<\/p>\n<p align=\"left\">Mit einer Gesetzesreform von 1958 hat die Staatskirche ihre Hoheit \u00fcber das gesamte Schulwesen verloren.<\/p>\n<p align=\"left\">In den siebziger Jahren wurden die theologischen Fakult\u00e4ten in religionswissenschaftliche umgewandelt. Die Kirche hat auf diese keinen Einfluss mehr. Die praktische Pfarrerausbildung erfolgt an separaten Pastoralinstituten&#8220;.<\/p>\n<p align=\"left\">Das gesamte Personenstandswesen wurde bis zum 1. Juli 1991 von der Staatskirche verwaltet. Geburten, Eheschlie\u00dfungen oder Todesf\u00e4lle mussten von jedem B\u00fcrger bei den \u00f6rtlichen Kirchenbeh\u00f6rden gemeldet werden. Diese Registrierung erfolgt nun bei den Finanzbeh\u00f6rden. Gerade gegen diesen Einschnitt wehrte sich die Kirche heftig, nicht zuletzt, weil dies Arbeitspl\u00e4tze bei den Kirchen\u00e4mtern kostete. Aber auch, weil dadurch der Kontakt zu den abtr\u00fcnnigen Sch\u00e4fchen verloren ging<\/p>\n<p align=\"left\">Als unmittelbare Folgen der Abschaffung der Staatskirche werden genannt:<\/p>\n<ul>\n<li>Der Staat darf nicht mehr den Erzbischof und die Bisch\u00f6fe ernennen.<\/li>\n<li>Das (staatliche) Kirchengesetz wird durch zwei Rahmengesetze mit Verfassungscharakter ersetzt.<\/li>\n<li>Nur noch der K\u00f6nig und der Thronfolger m\u00fcssen Mitglied der Kirche sein.<\/li>\n<li>Die rund 3.300 Pastoren und Bisch\u00f6fe sind nicht mehr beim Staat angestellt. (Diese Regelung verursachte bei den Betroffenen gro\u00dfes Heulen und Z\u00e4hneknirschen.)<\/li>\n<\/ul>\n<p align=\"left\">Eine Abschaffung der Staatskirche f\u00fchrt aber nicht zwangsl\u00e4ufig zu einer kompletten Trennung von Staat und Kirche. Bestes Beispiel ist da unser Rechtssystem, das trotz der formalen Abschaffung der Staatskirche 1919 viele Privilegien und staatlichen Pfr\u00fcnde f\u00fcr die Kirchen zul\u00e4sst. In Schweden k\u00f6nnte dies auch drohen: So wird zwar gemeldet, dass der schwedische Staat ab 2000 keine Kirchensteuer mehr einzieht, alle Religionsgemeinschaften d\u00fcrfen jedoch k\u00fcnftig den Staat bitten, eine &#8222;Kirchenabgabe&#8220; einzuziehen. Der einzige Unterschied zu vorher scheint zu sein, dass der Kirchensteuerabzug weniger offensichtlich war, denn &#8222;Skeptiker der Trennung bef\u00fcrchten ( &#8230; ) einen Massenaustritt, wenn die Schweden erst einmal sehen, was sie die Kirchenmitgliedschaft kostet&#8220;.<\/p>\n<p align=\"left\">Das k\u00fcnftige Verh\u00e4ltnis von Staat und Kirche soll von einer Kommission aus Vertretern beider Organisationen geregelt werden. (Dass die Kirche hier mitreden darf, ist wieder typisch f\u00fcr die Mentalit\u00e4t, m\u00f6glichen Konflikten aus dem Weg zu gehen.) Kernpunkte einer Regelung, die auch wichtiger sind, als die Frage, welcher Religionsgemeinschaft ein K\u00f6nig angeh\u00f6ren soll, w\u00e4ren beispielsweise: der schulische Religionsunterricht, die Milit\u00e4rseelsorge, die Staatsleistungen aufgrund der Abschaffung des Zehnten (!), die Finanzierung der Pastoralinstitute, sowie das Monopol der ehemaligen Staatskirche im Begr\u00e4bniswesen. Letzteres f\u00fchrte bisher zu der absurden Konsequenz, dass auch Nichtmitglieder eine verringerte Kirchensteuer zahlen mussten.<\/p>\n<p align=\"left\">Dass die Schwedische Kirche daf\u00fcr sorgen wird, dass ihr einige liebgewonnene Privilegien erhalten bleiben, geht schon daraus hervor, dass ihre letztliche Zustimmung zur Scheidung nicht aus einem Unrechtsbewusstsein resultiert! Vielmehr will man schlicht und ergreifend verlorenes Ansehen in der Bev\u00f6lkerung zur\u00fcckgewinnen. \u00dcbrigens: arm geht die Kirche auch nicht aus dieser Ehe: Sie ist eine der gr\u00f6\u00dften Waldbesitzer des Landes, bedeutende Aktieninhaberin, Eigent\u00fcmerin von \u00fcber 3000 Kirchen und verf\u00fcgt \u00fcber ein Verm\u00f6gen von umgerechnet rund 6,8 Milliarden Mark.<\/p>\n<p align=\"left\">Die materielle Basis f\u00fcr eine Rechristianisierung ist also da, Mal sehen, ob sich die Schweden davon beeindrucken lassen.<\/p>\n<hr \/>\n<p align=\"left\">Bild: http:\/\/de.freeimages.com\/Thomas Johansson<\/p>\n","protected":false},"excerpt":{"rendered":"<p><strong>Beitrag von Reinhard John<\/strong><br \/>\nVon der Presse fast unbeachtet, ging in Schweden ein dunkles Kapitel zuende: Die seit 473 Jahren bestehende Einheit von Staat und Kirche. Ein weiteres europ\u00e4isches Land hat endlich diese mittelalterliche Machtstellung einer Kirche beendet. K\u00f6nig Gustav Wasa schloss diese &#8222;Zwangsehe von Thron und Altar&#8220; im Jahre 1527. Und beide Seiten profitierten von dieser Allianz: Der schwedische Staat &#8222;benutzte die Kirche als effektives Machtinstrument und bestrafte die Abtr\u00fcnnigen&#8220;, wie selbst die konservative Zeitung G\u00f6teborgs-Posten heute feststellt. &#8230; Als Gegenleistung durfte die schwedische Staatskirche (Svenska kyrkan) viele Jahrhunderte lang ihren Konkurrenten vor allem Katholiken und Freikirchlern, sowie allen Freidenkern das Leben schwer machen.<\/p>\n","protected":false},"author":2,"featured_media":242,"comment_status":"closed","ping_status":"closed","sticky":false,"template":"","format":"standard","meta":{"colormag_page_container_layout":"default_layout","colormag_page_sidebar_layout":"default_layout","advanced_seo_description":"","jetpack_seo_html_title":"","jetpack_seo_noindex":false,"jetpack_post_was_ever_published":false,"footnotes":""},"categories":[15],"tags":[962,30,31],"class_list":["post-241","post","type-post","status-publish","format-standard","has-post-thumbnail","hentry","category-religions-kirchenkritik","tag-schweden","tag-staatskirche","tag-trennung-von-staat-und-kirche"],"jetpack_featured_media_url":"https:\/\/i0.wp.com\/www.freidenker.org\/fw17\/wp-content\/uploads\/2016\/07\/Flag_Sweden.jpg?fit=800%2C445&ssl=1","jetpack_shortlink":"https:\/\/wp.me\/p9stpK-3T","jetpack-related-posts":[{"id":259,"url":"https:\/\/www.freidenker.org\/?p=259","url_meta":{"origin":241,"position":0},"title":"50 Jahre Verfilzung von Staat und Kirche","author":"Webmaster","date":"16. September 1999","format":false,"excerpt":"Beitrag von Klaus Hartmann aus FREIDENKER 3-99 Es vergeht kaum eine Woche, in der nicht neue Meldungen ein Schlaglicht auf das prek\u00e4re Verh\u00e4ltnis von Staat und Kirchen in der Bundesrepublik Deutschland werden. ... Dies alles findet seine Grundlage in einem Grundgesetz, dessen \"V\u00e4ter\" (und M\u00fctter) sich nicht entschlie\u00dfen konnten, klare\u2026","rel":"","context":"In &quot;Religions- &amp; Kirchenkritik, S\u00e4kulare Szene&quot;","block_context":{"text":"Religions- &amp; Kirchenkritik, S\u00e4kulare Szene","link":"https:\/\/www.freidenker.org\/?cat=15"},"img":{"alt_text":"","src":"https:\/\/i0.wp.com\/www.freidenker.org\/fw17\/wp-content\/uploads\/2016\/07\/church.jpg?fit=800%2C445&ssl=1&resize=350%2C200","width":350,"height":200,"srcset":"https:\/\/i0.wp.com\/www.freidenker.org\/fw17\/wp-content\/uploads\/2016\/07\/church.jpg?fit=800%2C445&ssl=1&resize=350%2C200 1x, https:\/\/i0.wp.com\/www.freidenker.org\/fw17\/wp-content\/uploads\/2016\/07\/church.jpg?fit=800%2C445&ssl=1&resize=525%2C300 1.5x, https:\/\/i0.wp.com\/www.freidenker.org\/fw17\/wp-content\/uploads\/2016\/07\/church.jpg?fit=800%2C445&ssl=1&resize=700%2C400 2x"},"classes":[]},{"id":245,"url":"https:\/\/www.freidenker.org\/?p=245","url_meta":{"origin":241,"position":1},"title":"Die Trennung von Staat und Kirche &#8211; Herausforderung f\u00fcr die Freidenker","author":"Webmaster","date":"16. Dezember 1998","format":false,"excerpt":"Beitrag von Prof. Dr. Hans-G\u00fcnter Eschke Am Ende des XX. Jahrhunderts gewinnt die traditionelle Forderung der Freidenker nach der Trennung von Staat und Kirche zunehmend an Aktualit\u00e4t. K\u00fcrzlich stellte der einstige Leiter des vatikanischen Sekretariats f\u00fcr die Nichtglaubenden, der Kardinal Franz K\u00f6nig, mit dem Blick auf die wachsende S\u00e4kularisierung fest:\u2026","rel":"","context":"In &quot;Religions- &amp; Kirchenkritik, S\u00e4kulare Szene&quot;","block_context":{"text":"Religions- &amp; Kirchenkritik, S\u00e4kulare Szene","link":"https:\/\/www.freidenker.org\/?cat=15"},"img":{"alt_text":"","src":"https:\/\/i0.wp.com\/www.freidenker.org\/fw17\/wp-content\/uploads\/2016\/07\/Staat_Kirche_dom-aachen.jpg?fit=800%2C445&ssl=1&resize=350%2C200","width":350,"height":200,"srcset":"https:\/\/i0.wp.com\/www.freidenker.org\/fw17\/wp-content\/uploads\/2016\/07\/Staat_Kirche_dom-aachen.jpg?fit=800%2C445&ssl=1&resize=350%2C200 1x, https:\/\/i0.wp.com\/www.freidenker.org\/fw17\/wp-content\/uploads\/2016\/07\/Staat_Kirche_dom-aachen.jpg?fit=800%2C445&ssl=1&resize=525%2C300 1.5x, https:\/\/i0.wp.com\/www.freidenker.org\/fw17\/wp-content\/uploads\/2016\/07\/Staat_Kirche_dom-aachen.jpg?fit=800%2C445&ssl=1&resize=700%2C400 2x"},"classes":[]},{"id":630,"url":"https:\/\/www.freidenker.org\/?p=630","url_meta":{"origin":241,"position":2},"title":"Eine Aufkl\u00e4rung f\u00fcr die Teilnehmerinnen und Teilnehmer des XX. katholischen Weltjugendtag in K\u00f6ln und andere Interessierte","author":"Webmaster","date":"21. August 2005","format":false,"excerpt":"Beitrag von Karl C. Fischer Die Gro\u00dfkirchen in Deutschland, die nicht mal Steuern zahlen, besitzen Milliarden von Euro, eine Menge von Immobilien, lassen die Beh\u00f6rden gegen hohe Kosten Kirchensteuer, ihre Besch\u00e4ftigten \u00fcberwiegend vom Steuerzahler finanzieren, erhalten Milliarden Euros aus Steuermittel, nehmen Einfluss auf Wirtschaft, Medien, Politik und Schule, genie\u00dfen staatlichen\u2026","rel":"","context":"In &quot;Religions- &amp; Kirchenkritik, S\u00e4kulare Szene&quot;","block_context":{"text":"Religions- &amp; Kirchenkritik, S\u00e4kulare Szene","link":"https:\/\/www.freidenker.org\/?cat=15"},"img":{"alt_text":"","src":"https:\/\/i0.wp.com\/www.freidenker.org\/fw17\/wp-content\/uploads\/2016\/08\/Weltjugendtag_Krakau.jpg?fit=800%2C445&ssl=1&resize=350%2C200","width":350,"height":200,"srcset":"https:\/\/i0.wp.com\/www.freidenker.org\/fw17\/wp-content\/uploads\/2016\/08\/Weltjugendtag_Krakau.jpg?fit=800%2C445&ssl=1&resize=350%2C200 1x, https:\/\/i0.wp.com\/www.freidenker.org\/fw17\/wp-content\/uploads\/2016\/08\/Weltjugendtag_Krakau.jpg?fit=800%2C445&ssl=1&resize=525%2C300 1.5x, https:\/\/i0.wp.com\/www.freidenker.org\/fw17\/wp-content\/uploads\/2016\/08\/Weltjugendtag_Krakau.jpg?fit=800%2C445&ssl=1&resize=700%2C400 2x"},"classes":[]},{"id":22342,"url":"https:\/\/www.freidenker.org\/?p=22342","url_meta":{"origin":241,"position":3},"title":"F\u00fcr die Trennung von Staat und Kirche, Kirche und Schule sowie den Dialog mit religi\u00f6sen Menschen","author":"Webredaktion","date":"9. Juli 2025","format":false,"excerpt":"Neu herausgegeben: Das aktualisierte Forderungsprogramm\u00a0des Deutschen Freidenker-Verbandes\u00a0zum Verh\u00e4ltnis Staat - Kirche auf der Grundlage der Berliner Erkl\u00e4rung von 1994 und mit Ausz\u00fcgen aus den Thesen zur Religion [Aus dem Editorial:] Die Forderung nach strikter Trennung von Staat und Kirche ist eine fundamentale For\u00adderung der europ\u00e4ischen Aufkl\u00e4rung, von deren Verwirklichung in\u2026","rel":"","context":"In &quot;Aktuelles&quot;","block_context":{"text":"Aktuelles","link":"https:\/\/www.freidenker.org\/?cat=574"},"img":{"alt_text":"","src":"https:\/\/i0.wp.com\/www.freidenker.org\/fw17\/wp-content\/uploads\/2025\/07\/Broschuere_Trennung_Staat_Kirche_800x450.jpg?fit=800%2C453&ssl=1&resize=350%2C200","width":350,"height":200,"srcset":"https:\/\/i0.wp.com\/www.freidenker.org\/fw17\/wp-content\/uploads\/2025\/07\/Broschuere_Trennung_Staat_Kirche_800x450.jpg?fit=800%2C453&ssl=1&resize=350%2C200 1x, https:\/\/i0.wp.com\/www.freidenker.org\/fw17\/wp-content\/uploads\/2025\/07\/Broschuere_Trennung_Staat_Kirche_800x450.jpg?fit=800%2C453&ssl=1&resize=525%2C300 1.5x, https:\/\/i0.wp.com\/www.freidenker.org\/fw17\/wp-content\/uploads\/2025\/07\/Broschuere_Trennung_Staat_Kirche_800x450.jpg?fit=800%2C453&ssl=1&resize=700%2C400 2x"},"classes":[]},{"id":3108,"url":"https:\/\/www.freidenker.org\/?p=3108","url_meta":{"origin":241,"position":4},"title":"DFV Nord protestiert gegen die Verquickung von Schule und Kirche in Hamburg","author":"Webredaktion","date":"24. August 2012","format":false,"excerpt":"Der Deutsche Freidenker-Verband Nord e. V. protestiert scharf gegen die Beeinflussung von Lehrerinnen und Lehrern an Hamburger Schulen. Diese werden \u00fcber ihre Schulleitungen zum Gottesdienst in eine Hamburger Kirche vom P\u00e4dagogisch- Theologischen Institut zum 28. August eingeladen. Der Vorstand des DFV Nord fordert die Schulleitungen auf, dieses Ansinnen der Kircheninstitution\u2026","rel":"","context":"In &quot;Religions- &amp; Kirchenkritik, S\u00e4kulare Szene&quot;","block_context":{"text":"Religions- &amp; Kirchenkritik, S\u00e4kulare Szene","link":"https:\/\/www.freidenker.org\/?cat=15"},"img":{"alt_text":"","src":"https:\/\/i0.wp.com\/www.freidenker.org\/fw17\/wp-content\/uploads\/2012\/08\/cross-2598303_800x445.jpg?fit=800%2C445&ssl=1&resize=350%2C200","width":350,"height":200,"srcset":"https:\/\/i0.wp.com\/www.freidenker.org\/fw17\/wp-content\/uploads\/2012\/08\/cross-2598303_800x445.jpg?fit=800%2C445&ssl=1&resize=350%2C200 1x, https:\/\/i0.wp.com\/www.freidenker.org\/fw17\/wp-content\/uploads\/2012\/08\/cross-2598303_800x445.jpg?fit=800%2C445&ssl=1&resize=525%2C300 1.5x, https:\/\/i0.wp.com\/www.freidenker.org\/fw17\/wp-content\/uploads\/2012\/08\/cross-2598303_800x445.jpg?fit=800%2C445&ssl=1&resize=700%2C400 2x"},"classes":[]},{"id":200,"url":"https:\/\/www.freidenker.org\/?p=200","url_meta":{"origin":241,"position":5},"title":"Senat verschenkt Millionen Euro an die Hamburger Kirchen","author":"Webmaster","date":"22. September 2003","format":false,"excerpt":"Beitrag von Uwe Scheer Nach einer Meldung des Norddeutschen Rundfunks ... soll nach dem zuk\u00fcnftigen Kirchenstaatsvertrag, \u00fcber den noch verhandelt wird, sowohl der evangelischen Kirche als der katholischen Kirche der Eigenanteil an den Kindergartengeb\u00fchren vollst\u00e4ndig erlassen werden. Dieser Betrag betr\u00e4gt gegenw\u00e4rtig 10 Prozent der Eigenkosten, 90 Prozent brachte schon der\u2026","rel":"","context":"In &quot;Religions- &amp; Kirchenkritik, S\u00e4kulare Szene&quot;","block_context":{"text":"Religions- &amp; Kirchenkritik, S\u00e4kulare Szene","link":"https:\/\/www.freidenker.org\/?cat=15"},"img":{"alt_text":"","src":"https:\/\/i0.wp.com\/www.freidenker.org\/fw17\/wp-content\/uploads\/2016\/05\/Fahne_Hamburg.jpg?fit=800%2C445&ssl=1&resize=350%2C200","width":350,"height":200,"srcset":"https:\/\/i0.wp.com\/www.freidenker.org\/fw17\/wp-content\/uploads\/2016\/05\/Fahne_Hamburg.jpg?fit=800%2C445&ssl=1&resize=350%2C200 1x, https:\/\/i0.wp.com\/www.freidenker.org\/fw17\/wp-content\/uploads\/2016\/05\/Fahne_Hamburg.jpg?fit=800%2C445&ssl=1&resize=525%2C300 1.5x, https:\/\/i0.wp.com\/www.freidenker.org\/fw17\/wp-content\/uploads\/2016\/05\/Fahne_Hamburg.jpg?fit=800%2C445&ssl=1&resize=700%2C400 2x"},"classes":[]}],"_links":{"self":[{"href":"https:\/\/www.freidenker.org\/index.php?rest_route=\/wp\/v2\/posts\/241","targetHints":{"allow":["GET"]}}],"collection":[{"href":"https:\/\/www.freidenker.org\/index.php?rest_route=\/wp\/v2\/posts"}],"about":[{"href":"https:\/\/www.freidenker.org\/index.php?rest_route=\/wp\/v2\/types\/post"}],"author":[{"embeddable":true,"href":"https:\/\/www.freidenker.org\/index.php?rest_route=\/wp\/v2\/users\/2"}],"replies":[{"embeddable":true,"href":"https:\/\/www.freidenker.org\/index.php?rest_route=%2Fwp%2Fv2%2Fcomments&post=241"}],"version-history":[{"count":0,"href":"https:\/\/www.freidenker.org\/index.php?rest_route=\/wp\/v2\/posts\/241\/revisions"}],"wp:featuredmedia":[{"embeddable":true,"href":"https:\/\/www.freidenker.org\/index.php?rest_route=\/wp\/v2\/media\/242"}],"wp:attachment":[{"href":"https:\/\/www.freidenker.org\/index.php?rest_route=%2Fwp%2Fv2%2Fmedia&parent=241"}],"wp:term":[{"taxonomy":"category","embeddable":true,"href":"https:\/\/www.freidenker.org\/index.php?rest_route=%2Fwp%2Fv2%2Fcategories&post=241"},{"taxonomy":"post_tag","embeddable":true,"href":"https:\/\/www.freidenker.org\/index.php?rest_route=%2Fwp%2Fv2%2Ftags&post=241"}],"curies":[{"name":"wp","href":"https:\/\/api.w.org\/{rel}","templated":true}]}}