{"id":2409,"date":"2017-11-25T23:24:36","date_gmt":"2017-11-25T22:24:36","guid":{"rendered":"http:\/\/www.freidenker.org\/fw17\/?p=2409"},"modified":"2018-02-18T19:14:11","modified_gmt":"2018-02-18T18:14:11","slug":"freidenker-brief-5-2017-solidaritaet-mit-ken-jebsen-empoert-euch-bitte-helft-zensur-zurueckzuweisen","status":"publish","type":"post","link":"https:\/\/www.freidenker.org\/?p=2409","title":{"rendered":"Freidenker-Brief 5-2017: Solidarit\u00e4t mit Ken Jebsen!"},"content":{"rendered":"<p><em>Freidenker-Brief Nr. 5\/2017\u00a0 v.\u00a0 25. November 2017<\/em><\/p>\n<p><strong>Der Deutsche Freidenker-Verband beteiligt sich an der Aktion<\/strong><\/p>\n<h4><strong>Solidarit\u00e4t mit Ken Jebsen:<br \/>\nEmp\u00f6rt Euch! Bitte helft, Zensur zur\u00fcckzuweisen!<\/strong><\/h4>\n<p>Der Internet-Journalist Ken Jebsen erh\u00e4lt dieses Jahr den \u201eK\u00f6lner Karlspreis f\u00fcr engagierte Literatur und Publizistik\u201c, vergeben von der mittwochs im Internet erscheinenden <em>Neuen Rheinischen Zeitung<\/em>, deren Name an jenes historische \u201eOrgan der Demokratie\u201c \u2013 so der Untertitel \u2013 erinnert, durch das Karl Marx und Friedrich Engels von 1848 bis 1849 in die b\u00fcrgerliche Revolution publizistisch eingegriffen haben. Diesem Vorbild nachzukommen, bedingt im Jahre 2017 f\u00fcr die Herausgeber der NRhZ, Anneliese Fikentscher und Andreas Neumann, den Kollegen Ken Jebsen zu ehren, einen alternativen Medienmacher, dessen Name von Herrschaftsmedien und ihren Mitl\u00e4ufern nur mit dem Beiwort \u201eumstritten\u201c genannt wird.<\/p>\n<p>Das <a href=\"http:\/\/www.nrhz.de\/flyer\/beitrag.php?id=24255\" target=\"_blank\" rel=\"noopener\">Programm zur Preisverleihung<\/a> \u00a0\u00a0im Berliner Kino \u201eBabylon\u201c am 14. Dezember 2017 reicht von der Laudatio durch Mathias Br\u00f6ckers (Enth\u00fcllungsautor mit satirischem Potential) \u00a0\u00fcber Beitr\u00e4ge des Preistr\u00e4gers Ken Jebsen sowie des Teammitglieds von KenFM-International, Dirk Pohlmann, ferner Evelyn Hecht-Galinski (K\u00f6lner Karlspreistr\u00e4gerin 2014) Klaus Hartmann (Deutscher Freidenker-Verband) und Anneliese Fikentscher: 90 Jahre Arbeiterfotografie bis zum Kulturprogramm mit Prinz Chaos II. (Liedermacher und Kabarettist), DIE BANDBREITE (Polit-Hip-Hop-Band), General von Plattnitz (Kommandeur der obersten Heeresleitung Ost), und Gilad Atzmon (britischer Jazz-Musiker, Autor und Pal\u00e4stina-Aktivist). Es moderieren Anneliese Fikentscher (NRhZ) und Ullrich Mies (Mitherausgeber \u201eFassadendemokratie\u201c)<\/p>\n<p>Doch damit das festliche Ereignis am 14. Dezember 2017 stattfinden kann, muss noch ein politischer (und gerichtlicher) Kampf gegen einen ungeheuerlichen Versuch der Zensur erfolgreich zu Ende gebracht werden. Der Berliner Kultursenator Klaus Lederer (DIE LINKE) hat am 08.11.2017 auf Facebook gezetert: \u201eWie ich heute erfahren habe, soll im Dezember im Kino Babylon die Verleihung eines Preises f\u00fcr \u201aengagierte Literatur und Publizistik\u2018 an Ken Jebsen stattfinden. Der Preistr\u00e4ger und mehrere an dieser Veranstaltung Beteiligte sind in der Vergangenheit durch offenen, abgr\u00fcndigen Israelhass, die Verbreitung typisch antisemitischer Denkmuster und kruder Verschw\u00f6rungstheorien in Erscheinung getreten\u2026 Ich bin entsetzt, dass ein Kulturort in Berlin diesem Jahrmarkt der Verschw\u00f6rungsgl\u00e4ubigen und Aluh\u00fcte eine B\u00fchne bietet. Vom Gesch\u00e4ftsf\u00fchrer des Kinos Babylon w\u00fcrde ich mir angesichts dessen die Courage w\u00fcnschen, zu sagen: Als Plattform f\u00fcr diesen Wahnsinn stehen wir nicht zur Verf\u00fcgung.\u201c\u00a0So zu lesen in der taz (v. 14.11.2017) unter der hetzerischen \u00dcberschrift <a href=\"http:\/\/www.taz.de\/Querfront-Preisverleihung-abgesagt\/%215463066\/\" target=\"_blank\" rel=\"noopener\">\u201eQuerfront-Preisverleihung abgesagt\u201c<\/a>.\u00a0 Da das \u201eBabylon\u201c einen Zuschuss von 400.000 \u20ac im Jahr von der Kulturbeh\u00f6rde braucht, geht der Wunsch des Herrn Lederer schnell in Erf\u00fcllung. Es gen\u00fcgt, dass sein Kulturstaatssekret\u00e4r Torsten W\u00f6hlert, den Babylon-Chef Timothy Grossman anruft. Und schon ist der Mietvertrag f\u00fcr die Veranstaltung gek\u00fcndigt.<\/p>\n<p>\u201eIst er zu weit gegangen?\u201c fragt sich die taz sechs Tage sp\u00e4ter. Die \u00dcberschrift eines Kommentars am 20.11. lautet nun: <a href=\"http:\/\/www.taz.de\/Kommentar-Lederer-und-das-Babylon\/%215465403\/\" target=\"_blank\" rel=\"noopener\">\u201eIllegitimer Maulkorb\u201c<\/a>. Der Kultursenator d\u00fcrfe zwar kritisieren, aber nicht Druck gegen eine unliebsame Veranstaltung aus\u00fcben. Lederer habe \u201eJebsen und andere Teilnehmer der geplanten Veranstaltung des Antisemitismus bezichtigt\u201c. \u201eSo klar ist die Sachlage aber nicht,\u201c muss der Chef vom Dienst der taz einr\u00e4umen, ohne vom versuchten Rufmord abzulassen. Dass Jebsen \u201eVerschw\u00f6rungstheoretiker\u201c ist, beweise sein \u201enotorischer Antiamerikanismus\u201c. Schlie\u00dflich muss der Denunziant feststellen: \u201eGerade in Lederers Partei gibt es allerdings noch betr\u00e4chtliche Sympathiereserven f\u00fcr Jebsens Thesen und die seiner Kronzeugen\u201c. In der Tat teilen Interviewpartner Jebsens wie Willi Wimmer, Rainer Rupp, Karin Leukefeld u.a., nicht die Begeisterung der ehemals linksradikalen taz f\u00fcr die m\u00f6rderischen Interventionen des Westens, zuletzt in der Ukraine und Syrien.<\/p>\n<p>In dieser Situation gibt es f\u00fcr <strong><a href=\"http:\/\/www.andreas-wehr.eu\/solidaritaet-mit-ken-jebsen.html\" target=\"_blank\" rel=\"noopener\">Solidarit\u00e4t mit Ken Jebsen<\/a> <\/strong>zwei gewichtige Argumente<strong>. <em>Andreas Wehr,<\/em><\/strong> Autor von B\u00fcchern und Artikeln zu Europa, Philosophie und Geschichte sowie zur aktuellen Politik gibt zu bedenken:<\/p>\n<p><em>\u201eZum ersten<\/em> weil Lederers Agieren nur den H\u00f6hepunkt einer schon lange anhaltenden Kampagne gegen diesen Journalisten darstellt. Eine Kampagne, die durch nichts gerechtfertigt ist, und die leider \u2013 und auch das bereits seit Jahren \u2013 von der Tageszeitung <em>junge Welt<\/em> mitbetrieben wird. Deren Gesch\u00e4ftsf\u00fchrer Dietmar Koschmieder verfolgt Ken Jebsen in einer Art und Weise, die nur noch manisch genannt werden kann. Es stellt ein bespielloses Versagen dieser selbsterkl\u00e4rten \u201emarxistischen Zeitung\u201c dar, dass ihr jetzt zu den Zensurma\u00dfnahmen von Klaus Lederer nichts einf\u00e4llt!\u201c<\/p>\n<p><em>\u00a0<\/em><em>\u201eZum zweiten<\/em> weil die Kampagne gegen Ken Jebsen auch eine gegen die Kritiker der Verh\u00e4ltnisse \u00a0ist. Sie hat gesellschaftskritisches Denken im Visier.\u201c<\/p>\n<p>Andreas Wehr inspiziert in seinem Beitrag das Arsenal der irrsinnigen Vorw\u00fcrfe, die im Fall Lederer wie auch anderweitig mit Besessenheit erhoben werden, und kommt zu dem Schluss, es gehe eigentlich darum, dass \u201eder Raum f\u00fcr politische Debatte von Beginn an auf das offiziell Akzeptierte eingegrenzt werden\u201c soll. Das bedeutet f\u00fcr den Fall Lederer: \u201eDie Kampagne gegen Ken Jebsen ist Teil eines ideologischen Kampfes, des Kampfes um die Sprache\u201c<\/p>\n<p>In diesem Kampf hat Ken Jebsen eine besondere Funktion, auf die <strong><em>Wolfgang Bittner<\/em><\/strong>, Karlspreistr\u00e4ger 2010, hinweist. In seinem Beitrag <a href=\"https:\/\/kenfm.de\/der-berliner-babylon-skandal\/\" target=\"_blank\" rel=\"noopener\">\u201eDer Berliner Babylon-Skandal\u201c<\/a> w\u00fcrdigt der Schriftsteller und promovierte Jurist die Rolle des Internetportals <em>KenFM<\/em><em> Dieses<\/em> habe sich \u201edank des enormen Engagements seines Herausgebers zu einem der wichtigsten alternativen Medienorgane in Deutschland entwickelt\u201c. <em>KenFM<\/em> bringe Artikel, Interviews, Gruppendiskussionen, Monologe und Kommentare mit zumeist brisanten Inhalten. Das sei \u201eeine ernstzunehmende Konkurrenz f\u00fcr die sogenannten Qualit\u00e4tsmedien, und viele der in die Kritik geratenden Politiker sehen es als eine ernste Gefahr f\u00fcr ihr Image und die von ihnen vertretene Politik an.\u201c <em>KenFM<\/em> habe als crowdfinanzierter Blog inzwischen etwa so viele Aufrufe wie <em>Spiegel Online<\/em> und mehr \u201eFollower\u201c bei Facebook als die <em>ARD<\/em><\/p>\n<p><strong><em>Ullrich Mies<\/em><\/strong>, Mitherausgeber des Sammelbandes \u201eFassadendemokratie und tiefer Staat: Auf dem Weg in ein autorit\u00e4res Zeitalter\u201c schreibt in seinem Beitrag <a href=\"https:\/\/www.rubikon.news\/artikel\/torhuter-der-einzig-moglichen-ordnung\" target=\"_blank\" rel=\"noopener\">\u201eTorh\u00fcter der einzig m\u00f6glichen Ordnung \u2013 S\u00e4uberungs-Senator Lederer wirft sich sch\u00fctzend vor die Fassadendemokratie\u201c<\/a>, \u00f6ffentliche \u00c4mter seien zu weiten Teilen besetzt von \u201everantwortungslosen \u201aVerantwortungstr\u00e4gern\u2018, opportunistischen Apparatschiks und neokonservativen, transatlantischen Kriegstreibern\u201c, \u201edie medialen Schaltstellen von ihren reaktion\u00e4ren B\u00fcchsenspannern okkupiert\u201c. Damit werde \u201eWiderstand die erste B\u00fcrgerInnenpflicht!\u201c \u201eKen Jebsen organisiert diesen Widerstand medial und l\u00e4sst Menschen zu Wort kommen, die in dieser geistig gezielt verwirrten Republik schon lange keine Stimme mehr haben. Er bietet Menschen ein Podium, die sich gegen die Zurichtung der Republik als Marktplatz und geistiges sowie materielles Aufmarschgebiet f\u00fcr neue Kriege stellen. Das unterscheidet ihn vom w\u00fcrdelosen, herrschaftsverliebten Prostitutionsjournalismus des Mainstream.\u201c Mies weiter: \u201eDass Lederer in einer linken Partei nichts zu suchen hat, ist klar. Stellt sich die Frage, wie links ist die Berliner Linkspartei? Oder hat sie nicht vielmehr den rechten Rand der rechten SPD rechts \u00fcberholt? W\u00e4re das Problem mit einem R\u00fccktritt Lederers aus der Welt? Wohl kaum! Das ganze neoliberal durchseuchte Polit- und au\u00dfenpolitische Kriegsestablishment m\u00fcsste zur\u00fccktreten. Erst dann h\u00e4tte die Demokratie in Deutschland und der Frieden in Europa eine Chance.\u201c<\/p>\n<p>In \u201eLederers Partei\u201c DIE LINKE sind es in erster Linie <strong><em>Diether Dehm, Wolfgang Gehrcke und Christiane Reymann<\/em><\/strong>, die aufrufen:<\/p>\n<p><strong><a href=\"http:\/\/www.wolfgang-gehrcke.de\/de\/article\/1939.bitte-helft-zensur-zur%C3%BCckzuweisen.html\" target=\"_blank\" rel=\"noopener\">\u201eEMP\u00d6RT EUCH! BITTE HELFT, ZENSUR ZUR\u00dcCKZUWEISEN!\u201c<\/a> <\/strong><\/p>\n<p>Das Verdikt lautet: \u201eDas Vorgehen des Kultursenators ist weder links noch emanzipatorisch.\u201c Rosa Luxemburgs kritischer Geist, so sie Aufrufer, werde heute von jenen angegriffen, \u201edie allzu leichtfertig, daf\u00fcr umso verbissener und leider auch raumgreifender kritische Geister als Verschw\u00f6rungstheoretiker, Antiamerikaner, Antisemiten, Querfrontler diffamieren. Zu einem ihrer Lieblingsobjekte ist Ken Jebsen geworden.\u201c<\/p>\n<p>Daraus folgt:<\/p>\n<p><strong><em>\u201eWir m\u00f6chten mit Euch gegen diese Zensur protestieren und wir w\u00fcnschen uns mehr gemeinsame und konzentrierte Aktionen gegen den zerst\u00f6rerischen Ungeist von Stigmatisierungen und Zensur. Auch in den eigenen Reihen.\u201c <\/em><\/strong><\/p>\n<p>Unterschriften und Kommentare werden erbeten an: <a href=\"mailto:post@wolfgang-gehrcke.de\" target=\"_blank\" rel=\"noopener\">post@wolfgang-gehrcke.de<\/a>.<\/p>\n<p><a href=\"http:\/\/www.wolfgang-gehrcke.de\/de\/article\/1940.unterst%C3%BCtzung-kommentare-kritik.html\" target=\"_blank\" rel=\"noopener\">Die bisherigen Wortmeldungen sind aufschlussreichen und ermutigend<\/a>.<\/p>\n<p>Die Versuche, die Verleihung des K\u00f6lner Karlspreises f\u00fcr Engagierte Literatur und Publizistik der Neuen Rheinischen Zeitung (NRhZ.de) an Ken Jebsen im Babylon zu verhindern, ist eine Anschlag auf das Grundrecht der freien Meinungs\u00e4u\u00dferung. Dagegen findet vor der Preisverleihung eine Kundgebung statt:<\/p>\n<p>&nbsp;<\/p>\n<h4><strong>Kundgebung gegen die Totengr\u00e4ber der Demokratie<br \/>\n<\/strong><strong>Demokratie und Meinungsfreiheit verteidigen<\/strong><\/h4>\n<p>Donnerstag, 14. Dezember 2017, 16 Uhr<\/p>\n<p>Berlin, Rosa-Luxemburg-Platz<\/p>\n<p>zwischen Babylon, Volksb\u00fchne und Parteizentrale der LINKEN<\/p>\n<p>Mit<\/p>\n<ul>\n<li>Preistr\u00e4ger Ken Jebsen<\/li>\n<li>den aufrechten Linken Diether Dehm, Wolfgang Gehrcke, Andreas Maurer und Christiane Reymann<\/li>\n<li>Teammitglied von KenFM-International Dirk Pohlmann<\/li>\n<li>Liedermacher Prinz Chaos II<\/li>\n<li>den NRhZ-Herausgebern Anneliese Fikentscher und Andreas Neumann<\/li>\n<\/ul>\n<p>und denen, die noch gewonnen werden.<\/p>\n<p><img data-recalc-dims=\"1\" loading=\"lazy\" decoding=\"async\" data-attachment-id=\"2410\" data-permalink=\"https:\/\/www.freidenker.org\/?attachment_id=2410\" data-orig-file=\"https:\/\/i0.wp.com\/www.freidenker.org\/fw17\/wp-content\/uploads\/2017\/11\/flugblatt-kundgebung_Ken_Jebsen_800.jpg?fit=566%2C800&amp;ssl=1\" data-orig-size=\"566,800\" data-comments-opened=\"0\" data-image-meta=\"{&quot;aperture&quot;:&quot;0&quot;,&quot;credit&quot;:&quot;&quot;,&quot;camera&quot;:&quot;&quot;,&quot;caption&quot;:&quot;&quot;,&quot;created_timestamp&quot;:&quot;0&quot;,&quot;copyright&quot;:&quot;&quot;,&quot;focal_length&quot;:&quot;0&quot;,&quot;iso&quot;:&quot;0&quot;,&quot;shutter_speed&quot;:&quot;0&quot;,&quot;title&quot;:&quot;&quot;,&quot;orientation&quot;:&quot;1&quot;}\" data-image-title=\"flugblatt-kundgebung_Ken_Jebsen_800\" data-image-description=\"\" data-image-caption=\"\" data-large-file=\"https:\/\/i0.wp.com\/www.freidenker.org\/fw17\/wp-content\/uploads\/2017\/11\/flugblatt-kundgebung_Ken_Jebsen_800.jpg?fit=566%2C800&amp;ssl=1\" class=\"alignnone size-full wp-image-2410\" src=\"https:\/\/i0.wp.com\/www.freidenker.org\/fw17\/wp-content\/uploads\/2017\/11\/flugblatt-kundgebung_Ken_Jebsen_800.jpg?resize=566%2C800&#038;ssl=1\" alt=\"\" width=\"566\" height=\"800\" srcset=\"https:\/\/i0.wp.com\/www.freidenker.org\/fw17\/wp-content\/uploads\/2017\/11\/flugblatt-kundgebung_Ken_Jebsen_800.jpg?w=566&amp;ssl=1 566w, https:\/\/i0.wp.com\/www.freidenker.org\/fw17\/wp-content\/uploads\/2017\/11\/flugblatt-kundgebung_Ken_Jebsen_800.jpg?resize=212%2C300&amp;ssl=1 212w\" sizes=\"auto, (max-width: 566px) 100vw, 566px\" \/><\/p>\n<p><img data-recalc-dims=\"1\" loading=\"lazy\" decoding=\"async\" data-attachment-id=\"1075\" data-permalink=\"https:\/\/www.freidenker.org\/?attachment_id=1075\" data-orig-file=\"https:\/\/i0.wp.com\/www.freidenker.org\/fw17\/wp-content\/uploads\/2017\/10\/pdf_icon-1-e1509487509537.png?fit=24%2C24&amp;ssl=1\" data-orig-size=\"24,24\" data-comments-opened=\"0\" data-image-meta=\"{&quot;aperture&quot;:&quot;0&quot;,&quot;credit&quot;:&quot;&quot;,&quot;camera&quot;:&quot;&quot;,&quot;caption&quot;:&quot;&quot;,&quot;created_timestamp&quot;:&quot;0&quot;,&quot;copyright&quot;:&quot;&quot;,&quot;focal_length&quot;:&quot;0&quot;,&quot;iso&quot;:&quot;0&quot;,&quot;shutter_speed&quot;:&quot;0&quot;,&quot;title&quot;:&quot;&quot;,&quot;orientation&quot;:&quot;0&quot;}\" data-image-title=\"pdf_icon_24\" data-image-description=\"\" data-image-caption=\"\" data-large-file=\"https:\/\/i0.wp.com\/www.freidenker.org\/fw17\/wp-content\/uploads\/2017\/10\/pdf_icon-1-e1509487509537.png?fit=24%2C24&amp;ssl=1\" class=\"alignnone size-full wp-image-1075\" src=\"https:\/\/i0.wp.com\/www.freidenker.org\/fw17\/wp-content\/uploads\/2017\/10\/pdf_icon-1-e1509487509537.png?resize=24%2C24&#038;ssl=1\" alt=\"\" width=\"24\" height=\"24\" \/>\u00a0<a href=\"http:\/\/www.arbeiterfotografie.com\/verband\/2017-12-14-karlspreis-an-ken-jebsen\/flugblatt-kundgebung.pdf\" target=\"_blank\" rel=\"noopener\">Das Plakat zur Kundgebung<\/a> gibt es hier als PDF.<\/p>\n<p>&nbsp;<\/p>\n<p><strong>Im Anschluss an die Kundgebung erfolgt die <\/strong><\/p>\n<h4><strong>Preisverleihung <\/strong><\/h4>\n<h4><strong>unter dem Motto <\/strong><strong>von Rosa Luxemburg: <\/strong><strong>\u201eDie Freiheit ist immer die Freiheit der Andersdenkenden&#8220;<\/strong><\/h4>\n<p>Veranstalter: Neue Rheinische Zeitung, Anneliese Fikentscher, Merheimer Str. 107, 50733 K\u00f6ln \u2013 in Kooperation mit KenFM.de, Organ der Demokratie, initiiert von Ken Jebsen \u2013 Planungsstand: 25.11.2017<\/p>\n<p>&nbsp;<\/p>\n<p>&nbsp;<\/p>\n","protected":false},"excerpt":{"rendered":"<p>Der Internet-Journalist Ken Jebsen erh\u00e4lt dieses Jahr den \u201eK\u00f6lner Karlspreis f\u00fcr engagierte Literatur und Publizistik\u201c, vergeben von der mittwochs im Internet erscheinenden Neuen Rheinischen Zeitung, deren Name an jenes historische \u201eOrgan der Demokratie\u201c \u2013 so der Untertitel \u2013 erinnert, durch das Karl Marx und Friedrich Engels von 1848 bis 1849 in die b\u00fcrgerliche Revolution publizistisch eingegriffen haben.<br \/>\nDoch damit das festliche Ereignis am 14. Dezember 2017 stattfinden kann, muss noch ein politischer (und gerichtlicher) Kampf gegen einen ungeheuerlichen Versuch der Zensur erfolgreich zu Ende gebracht werden. <\/p>\n","protected":false},"author":3,"featured_media":2411,"comment_status":"closed","ping_status":"closed","sticky":false,"template":"","format":"standard","meta":{"colormag_page_container_layout":"default_layout","colormag_page_sidebar_layout":"default_layout","advanced_seo_description":"","jetpack_seo_html_title":"","jetpack_seo_noindex":false,"jetpack_post_was_ever_published":false,"footnotes":""},"categories":[12,341,20],"tags":[162,338,594,64,1008,121,597,596,527],"class_list":["post-2409","post","type-post","status-publish","format-standard","has-post-thumbnail","hentry","category-demokratie-medien-aufklaerung","category-freidenker-brief","category-zentrale-veranstaltungen","tag-demokratie","tag-freidenker-brief","tag-ken-jebsen","tag-kenfm","tag-koelner-karlspreis-fuer-engagierte-literatur-und-publizistik","tag-medien","tag-neue-rheinische-zeitung","tag-pressefreiheit","tag-zensur"],"jetpack_featured_media_url":"https:\/\/i0.wp.com\/www.freidenker.org\/fw17\/wp-content\/uploads\/2017\/11\/Bild_Ken_Jebsen_KenFM.jpg?fit=800%2C445&ssl=1","jetpack_shortlink":"https:\/\/wp.me\/p9stpK-CR","jetpack-related-posts":[{"id":2752,"url":"https:\/\/www.freidenker.org\/?p=2752","url_meta":{"origin":2409,"position":0},"title":"Freidenker-Brief 6-2017: Kundgebung f\u00fcr Demokratie und Meinungsfreiheit!","author":"Webredaktion","date":"12. Dezember 2017","format":false,"excerpt":"Der Deutsche Freidenker-Verband beteiligt sich an der Verleihung des K\u00f6lner Karlspreises an Ken Jebsen im Berliner Kino \u201eBabylon\u201c am Donnerstag,14. Dezember 2017 und zuvor an der Kundgebung f\u00fcr Demokratie und Meinungsfreiheit! ab 16:00 Uhr auf dem Rosa-Luxemburg-Platz in Berlin Erfolg vor Gericht - Das Amtsgericht Berlin Mitte hat auf Antrag\u2026","rel":"","context":"In &quot;Demokratie \u2013 Medien \u2013 Aufkl\u00e4rung&quot;","block_context":{"text":"Demokratie \u2013 Medien \u2013 Aufkl\u00e4rung","link":"https:\/\/www.freidenker.org\/?cat=12"},"img":{"alt_text":"","src":"https:\/\/i0.wp.com\/www.freidenker.org\/fw17\/wp-content\/uploads\/2017\/12\/babylon_800x445.jpg?fit=800%2C445&ssl=1&resize=350%2C200","width":350,"height":200,"srcset":"https:\/\/i0.wp.com\/www.freidenker.org\/fw17\/wp-content\/uploads\/2017\/12\/babylon_800x445.jpg?fit=800%2C445&ssl=1&resize=350%2C200 1x, https:\/\/i0.wp.com\/www.freidenker.org\/fw17\/wp-content\/uploads\/2017\/12\/babylon_800x445.jpg?fit=800%2C445&ssl=1&resize=525%2C300 1.5x, https:\/\/i0.wp.com\/www.freidenker.org\/fw17\/wp-content\/uploads\/2017\/12\/babylon_800x445.jpg?fit=800%2C445&ssl=1&resize=700%2C400 2x"},"classes":[]},{"id":4396,"url":"https:\/\/www.freidenker.org\/?p=4396","url_meta":{"origin":2409,"position":1},"title":"Zensur-Versuch in der Hauptstadt: Die Geister beginnen, sich zu scheiden","author":"Webredaktion","date":"7. Dezember 2017","format":false,"excerpt":"Beitrag von Klaus von Raussendorff anl\u00e4sslich der Auseinandersetzung um die Verleihung des K\u00f6lner Karlspreises f\u00fcr Engagierte Literatur und Publizistik an Ken Jebsen Der Berliner Kultursenator Klaus Lederer hat es seiner Partei \u201eDie Linke\u201c vorgemacht. Er pfeift auf das Grundgesetz, dessen Artikel 5 das Recht eines jeden garantiert, \u201eseine Meinung in\u2026","rel":"","context":"In &quot;Demokratie \u2013 Medien \u2013 Aufkl\u00e4rung&quot;","block_context":{"text":"Demokratie \u2013 Medien \u2013 Aufkl\u00e4rung","link":"https:\/\/www.freidenker.org\/?cat=12"},"img":{"alt_text":"","src":"https:\/\/i0.wp.com\/www.freidenker.org\/fw17\/wp-content\/uploads\/2017\/12\/Klartext_censorship_800x445.jpg?fit=800%2C445&ssl=1&resize=350%2C200","width":350,"height":200,"srcset":"https:\/\/i0.wp.com\/www.freidenker.org\/fw17\/wp-content\/uploads\/2017\/12\/Klartext_censorship_800x445.jpg?fit=800%2C445&ssl=1&resize=350%2C200 1x, https:\/\/i0.wp.com\/www.freidenker.org\/fw17\/wp-content\/uploads\/2017\/12\/Klartext_censorship_800x445.jpg?fit=800%2C445&ssl=1&resize=525%2C300 1.5x, https:\/\/i0.wp.com\/www.freidenker.org\/fw17\/wp-content\/uploads\/2017\/12\/Klartext_censorship_800x445.jpg?fit=800%2C445&ssl=1&resize=700%2C400 2x"},"classes":[]},{"id":2783,"url":"https:\/\/www.freidenker.org\/?p=2783","url_meta":{"origin":2409,"position":2},"title":"Mit \u201eFake News\u201c in den Krieg","author":"Webredaktion","date":"18. Dezember 2017","format":false,"excerpt":"Rede des Vorsitzenden des Deutschen Freidenker-Verbandes, Klaus Hartmann, anl\u00e4sslich der Verleihung des K\u00f6lner Karlspreises f\u00fcr Engagierte Literatur und Publizistik an Ken Jebsen am 14. Dezember 2017 in Berlin Mir wurde aufgegeben, ich soll etwas \u00fcber \u201eFake News\u201c erz\u00e4hlen, das hat in diesen Tagen nat\u00fcrlich Konjunktur, andererseits soll es dabei darum\u2026","rel":"","context":"In &quot;Demokratie \u2013 Medien \u2013 Aufkl\u00e4rung&quot;","block_context":{"text":"Demokratie \u2013 Medien \u2013 Aufkl\u00e4rung","link":"https:\/\/www.freidenker.org\/?cat=12"},"img":{"alt_text":"","src":"https:\/\/i0.wp.com\/www.freidenker.org\/fw17\/wp-content\/uploads\/2017\/12\/Hartmann_Karlspreis_Montage.jpg?fit=800%2C445&ssl=1&resize=350%2C200","width":350,"height":200,"srcset":"https:\/\/i0.wp.com\/www.freidenker.org\/fw17\/wp-content\/uploads\/2017\/12\/Hartmann_Karlspreis_Montage.jpg?fit=800%2C445&ssl=1&resize=350%2C200 1x, https:\/\/i0.wp.com\/www.freidenker.org\/fw17\/wp-content\/uploads\/2017\/12\/Hartmann_Karlspreis_Montage.jpg?fit=800%2C445&ssl=1&resize=525%2C300 1.5x, https:\/\/i0.wp.com\/www.freidenker.org\/fw17\/wp-content\/uploads\/2017\/12\/Hartmann_Karlspreis_Montage.jpg?fit=800%2C445&ssl=1&resize=700%2C400 2x"},"classes":[]},{"id":4699,"url":"https:\/\/www.freidenker.org\/?p=4699","url_meta":{"origin":2409,"position":3},"title":"\u201eFormierte Gegenaufkl\u00e4rung\u201c &#8211; Anmerkungen","author":"Webredaktion","date":"2. April 2015","format":false,"excerpt":"Beitrag von Andreas Wehr In der Wochenendausgabe vom 21.\/22. M\u00e4rz 2015 ver\u00f6ffentlichte die Tageszeitung junge Welt unter der \u00dcberschrift \u201eFormierte Gegenaufkl\u00e4rung\u201c einen Artikel, der sich u. a. mit der Situation der Friedensbewegung und hier insbesondere mit den Montagsmahnwachen besch\u00e4ftigt. Autor ist der Redakteur der jungen Welt Sebastian Carlens. Der Artikel\u2026","rel":"","context":"In &quot;Demokratie \u2013 Medien \u2013 Aufkl\u00e4rung&quot;","block_context":{"text":"Demokratie \u2013 Medien \u2013 Aufkl\u00e4rung","link":"https:\/\/www.freidenker.org\/?cat=12"},"img":{"alt_text":"","src":"https:\/\/i0.wp.com\/www.freidenker.org\/fw17\/wp-content\/uploads\/2015\/04\/klartext_peace_800x445.jpg?fit=800%2C445&ssl=1&resize=350%2C200","width":350,"height":200,"srcset":"https:\/\/i0.wp.com\/www.freidenker.org\/fw17\/wp-content\/uploads\/2015\/04\/klartext_peace_800x445.jpg?fit=800%2C445&ssl=1&resize=350%2C200 1x, https:\/\/i0.wp.com\/www.freidenker.org\/fw17\/wp-content\/uploads\/2015\/04\/klartext_peace_800x445.jpg?fit=800%2C445&ssl=1&resize=525%2C300 1.5x, https:\/\/i0.wp.com\/www.freidenker.org\/fw17\/wp-content\/uploads\/2015\/04\/klartext_peace_800x445.jpg?fit=800%2C445&ssl=1&resize=700%2C400 2x"},"classes":[]},{"id":8113,"url":"https:\/\/www.freidenker.org\/?p=8113","url_meta":{"origin":2409,"position":4},"title":"Ken Jebsen \u2013 Erz-B\u00f6sewicht des Tages?","author":"Webredaktion","date":"17. Mai 2020","format":false,"excerpt":"In der Rubrik Tagesdosis wurde am 15.05.2020 bei KenFM der Beitrag \u201eKen Jebsen \u2013 Erz-B\u00f6sewicht des Tages?\u201c von Rainer Rupp ver\u00f6ffentlicht. Politiker der CDU\/CSU\/SPD\/Gr\u00fcnen\/FDP-Einheitsbrei-Partei und ihre willigen Presstituierten der Staats- und privaten Konzernmedien schie\u00dfen derzeit mit schwerem Gesch\u00fctz aus allen Rohren. Es gibt nichts, was Ken Jebsen nicht ist: angefangenen\u2026","rel":"","context":"In &quot;Demokratie \u2013 Medien \u2013 Aufkl\u00e4rung&quot;","block_context":{"text":"Demokratie \u2013 Medien \u2013 Aufkl\u00e4rung","link":"https:\/\/www.freidenker.org\/?cat=12"},"img":{"alt_text":"","src":"https:\/\/i0.wp.com\/www.freidenker.org\/fw17\/wp-content\/uploads\/2020\/05\/jebsen_boesewicht_800x450.jpg?fit=800%2C450&ssl=1&resize=350%2C200","width":350,"height":200,"srcset":"https:\/\/i0.wp.com\/www.freidenker.org\/fw17\/wp-content\/uploads\/2020\/05\/jebsen_boesewicht_800x450.jpg?fit=800%2C450&ssl=1&resize=350%2C200 1x, https:\/\/i0.wp.com\/www.freidenker.org\/fw17\/wp-content\/uploads\/2020\/05\/jebsen_boesewicht_800x450.jpg?fit=800%2C450&ssl=1&resize=525%2C300 1.5x, https:\/\/i0.wp.com\/www.freidenker.org\/fw17\/wp-content\/uploads\/2020\/05\/jebsen_boesewicht_800x450.jpg?fit=800%2C450&ssl=1&resize=700%2C400 2x"},"classes":[]},{"id":10508,"url":"https:\/\/www.freidenker.org\/?p=10508","url_meta":{"origin":2409,"position":5},"title":"Video: Sabiene Jahn &#8211; Freedoms Claws","author":"Webredaktion","date":"5. Juni 2021","format":false,"excerpt":"Video von und mit Sabiene Jahn Freedoms Claws versteht sich als Hymne f\u00fcr die weltweit um Frieden und Freiheit wirkenden Menschen. Der Song wurde 2020 von der heute in Rheinland-Pfalz lebenden K\u00fcnstlerin Sabiene Jahn komponiert und getextet und schildert den teilweise erbarmungslosen Umgang mit Menschen, die Wahrheiten aufdecken, die die\u2026","rel":"","context":"In &quot;Frieden - Antifaschismus - Solidarit\u00e4t&quot;","block_context":{"text":"Frieden - Antifaschismus - Solidarit\u00e4t","link":"https:\/\/www.freidenker.org\/?cat=13"},"img":{"alt_text":"","src":"https:\/\/i0.wp.com\/www.freidenker.org\/fw17\/wp-content\/uploads\/2021\/06\/anythingtosay_800x450.jpg?fit=800%2C450&ssl=1&resize=350%2C200","width":350,"height":200,"srcset":"https:\/\/i0.wp.com\/www.freidenker.org\/fw17\/wp-content\/uploads\/2021\/06\/anythingtosay_800x450.jpg?fit=800%2C450&ssl=1&resize=350%2C200 1x, https:\/\/i0.wp.com\/www.freidenker.org\/fw17\/wp-content\/uploads\/2021\/06\/anythingtosay_800x450.jpg?fit=800%2C450&ssl=1&resize=525%2C300 1.5x, https:\/\/i0.wp.com\/www.freidenker.org\/fw17\/wp-content\/uploads\/2021\/06\/anythingtosay_800x450.jpg?fit=800%2C450&ssl=1&resize=700%2C400 2x"},"classes":[]}],"_links":{"self":[{"href":"https:\/\/www.freidenker.org\/index.php?rest_route=\/wp\/v2\/posts\/2409","targetHints":{"allow":["GET"]}}],"collection":[{"href":"https:\/\/www.freidenker.org\/index.php?rest_route=\/wp\/v2\/posts"}],"about":[{"href":"https:\/\/www.freidenker.org\/index.php?rest_route=\/wp\/v2\/types\/post"}],"author":[{"embeddable":true,"href":"https:\/\/www.freidenker.org\/index.php?rest_route=\/wp\/v2\/users\/3"}],"replies":[{"embeddable":true,"href":"https:\/\/www.freidenker.org\/index.php?rest_route=%2Fwp%2Fv2%2Fcomments&post=2409"}],"version-history":[{"count":0,"href":"https:\/\/www.freidenker.org\/index.php?rest_route=\/wp\/v2\/posts\/2409\/revisions"}],"wp:featuredmedia":[{"embeddable":true,"href":"https:\/\/www.freidenker.org\/index.php?rest_route=\/wp\/v2\/media\/2411"}],"wp:attachment":[{"href":"https:\/\/www.freidenker.org\/index.php?rest_route=%2Fwp%2Fv2%2Fmedia&parent=2409"}],"wp:term":[{"taxonomy":"category","embeddable":true,"href":"https:\/\/www.freidenker.org\/index.php?rest_route=%2Fwp%2Fv2%2Fcategories&post=2409"},{"taxonomy":"post_tag","embeddable":true,"href":"https:\/\/www.freidenker.org\/index.php?rest_route=%2Fwp%2Fv2%2Ftags&post=2409"}],"curies":[{"name":"wp","href":"https:\/\/api.w.org\/{rel}","templated":true}]}}