{"id":23904,"date":"2025-12-16T22:24:55","date_gmt":"2025-12-16T21:24:55","guid":{"rendered":"https:\/\/www.freidenker.org\/?p=23904"},"modified":"2026-01-27T03:36:49","modified_gmt":"2026-01-27T02:36:49","slug":"die-eu-und-der-fall-mogherini","status":"publish","type":"post","link":"https:\/\/www.freidenker.org\/?p=23904","title":{"rendered":"Die EU und der Fall Mogherini"},"content":{"rendered":"<p><strong>Die fr\u00fchere EU-Au\u00dfenbeauftragte Federica Mogherini gibt ihren Posten an einer Eliteuniversit\u00e4t auf. Ihr wurde Betrug im Zusammenhang mit EU-Geldern vorgeworfen. Doch was steckt wirklich dahinter? <\/strong><\/p>\n<p><em>Von <strong>Pierre L\u00e9vy<\/strong><\/em><\/p>\n<p><span style=\"font-size: 10pt;\">Erstver\u00f6ffentlichung am 14.12.2025 auf <a href=\"https:\/\/freedert.online\/europa\/264724-eu-und-fall-mogherini\/\" target=\"_blank\" rel=\"noopener\">RT DE<\/a><\/span><\/p>\n<p>Die Szene ist nicht allt\u00e4glich: Am 2.\u00a0Dezember wird Federica Mogherini auf Antrag der EU-Staatsanwaltschaft von der belgischen Polizei festgenommen. Wie zwei hohe EU-Beamte wird sie in Gewahrsam genommen und mehrere Stunden lang verh\u00f6rt. Nach dieser Vernehmung wird sie freigelassen, aber wegen &#8222;Betrugs bei der Vergabe \u00f6ffentlicher Auftr\u00e4ge, Korruption, Interessenkonflikt und Verletzung des Berufsgeheimnisses&#8220; angeklagt.<\/p>\n<p>Der Fall hat die Br\u00fcsseler Blase in Aufruhr versetzt. Die Details wurden von der speziellen Internetseite <em>Euractiv<\/em> ver\u00f6ffentlicht, die man nicht verd\u00e4chtigen kann, der europ\u00e4ischen Integration feindlich gegen\u00fcberzustehen. Um den Fall und seine m\u00f6glichen Folgen besser zu verstehen, muss man zun\u00e4chst einmal daran erinnern, wer Mogherini ist.<\/p>\n<p>Nachdem sie 2014 kurzzeitig italienische Au\u00dfenministerin gewesen war (in einer Regierung unter F\u00fchrung des Sozialdemokraten Matteo Renzi), wird sie im November desselben Jahres zur Hohen Vertreterin der EU f\u00fcr Au\u00dfenpolitik ernannt, wodurch sie gleichzeitig ein Amt als Vizepr\u00e4sidentin der Kommission \u00fcbernimmt. Damit wird sie zur &#8222;Nummer drei&#8220; innerhalb der europ\u00e4ischen Institutionen, eine Position, die sie bis zum Ende ihrer Amtszeit Ende\u00a02019 innehaben wird.<\/p>\n<p>Sie hat kaum Zeit, sich beim Arbeitsamt anzumelden. Denn kurz darauf wird sie zur Direktorin des &#8222;Europakollegs&#8220; in Br\u00fcgge ernannt\u00a0\u2013 einer renommierten privatrechtlichen Einrichtung, die jedoch haupts\u00e4chlich aus europ\u00e4ischen \u00f6ffentlichen Mitteln finanziert wird und deren Aufgabe es ist, angehende Br\u00fcsseler Spitzenbeamte auszubilden, die &#8222;Cr\u00e8me de la Cr\u00e8me&#8220; der zuk\u00fcnftigen Eurokraten. Ihre Ernennung sorgte damals f\u00fcr einige Unruhe: In EU-Kreisen wiesen einige diskret auf ihre Unerfahrenheit in diesem Bereich hin und betonten die politische Unterst\u00fctzung, die sie damals genoss \u2013 insbesondere von Herman Van Rompuy, einem ehemaligen Pr\u00e4sidenten des Europ\u00e4ischen Rates.<\/p>\n<p>Gerade in ihrer Funktion als Rektorin des Europakollegs in Br\u00fcgge erregte Mogherini die Aufmerksamkeit der Justizbeh\u00f6rden \u2013 woraufhin sie am 4.\u00a0Dezember hastig zur\u00fccktrat. Nat\u00fcrlich gilt f\u00fcr sie die Unschuldsvermutung. Aber das, was man ihr vorwirft, scheint kaum bestreitbar zu sein. Es beginnt kurz nach der Ernennung ihres Nachfolgers an der Spitze der europ\u00e4ischen Diplomatie im Dezember\u00a02019, des Spaniers Josep Borrell (der ebenfalls sozialistischer Au\u00dfenminister seines Landes gewesen war).<\/p>\n<p>Dieser k\u00fcndigt die Schaffung einer hochrangigen Einrichtung zur Ausbildung k\u00fcnftiger EU-Diplomaten an, die den Namen &#8222;Diplomatische Akademie der Europ\u00e4ischen Union&#8220; erh\u00e4lt. Der Europ\u00e4ische Ausw\u00e4rtige Dienst (EAD), den Borrell zu dieser Zeit leitet, leitet daraufhin eine Ausschreibung ein, um einen Dienstleister f\u00fcr diese Ausbildung zu finden (wobei es zu einer gewissen Verwirrung zwischen \u00f6ffentlich und privat kommt). Der gl\u00fcckliche Gewinner ist kein Geringerer als das Europakolleg. Aber alles deutet darauf hin, dass diese Wahl von vornherein abgekartet war: Die von Mogherini geleitete Institution hatte offensichtlich im Voraus Kenntnis von den Anforderungen, was ihr einen klaren Vorteil gegen\u00fcber ihren Konkurrenten verschaffte.<\/p>\n<p>Tats\u00e4chlich scheint es, dass die genannten Anforderungen sogar diskret von beiden Seiten gemeinsam ausgearbeitet wurden. Ein bedeutender Hinweis unter vielen: Das Kolleg war die einzige Organisation, die \u00fcber die logistischen Voraussetzungen verf\u00fcgte, um die zuk\u00fcnftigen Praktikanten unterzubringen, eine zwingende Klausel, die in den Spezifikationen festgelegt war. Zuf\u00e4lligerweise hatte die Einrichtung von Br\u00fcgge kurz vor der Ver\u00f6ffentlichung die gute Idee gehabt, f\u00fcr 3,2\u00a0Millionen Euro ein Geb\u00e4ude zu erwerben, das genau diesen Anforderungen entsprach\u00a0&#8230;<\/p>\n<p>Ebenso gew\u00e4hrte der EAD dem Kolleg anschlie\u00dfend einen Zuschuss in H\u00f6he von 654.000 Euro f\u00fcr ein &#8222;Stipendienprogramm&#8220; zur Finanzierung der Unterkunft und der Ausgaben der Praktikanten \u2013 und dies ohne Ausschreibung.<\/p>\n<p>Dennoch gab es durchaus Konkurrenten des Europakollegs: die IE Business School in Madrid sowie ein Konsortium aus dem Europ\u00e4ischen Hochschulinstitut in Florenz und dem Europ\u00e4ischen Institut f\u00fcr \u00f6ffentliche Verwaltung in Maastricht.<\/p>\n<p>Es muss wohl nicht extra erw\u00e4hnt werden, dass es zwischen all diesen Organisationen keine ideologischen Unterschiede gibt: Sie alle bef\u00fcrworten eine verst\u00e4rkte europ\u00e4ische Integration. Die vorgebrachten Vorw\u00fcrfe beruhen also lediglich auf einer Rivalit\u00e4t zwischen Gruppen und Clans\u00a0\u2013 was Insider als &#8222;Vetternwirtschaft&#8220; bezeichnen.<\/p>\n<p>Sie kommen zudem in einem Kontext zum Vorschein, in dem die aktuellen Beziehungen zwischen der Europ\u00e4ischen Kommission unter der autorit\u00e4ren Ursula von der Leyen und dem EAD, der seit einem Jahr von der Estin Kaja Kallas geleitet wird, bekannterma\u00dfen miserabel sind.<\/p>\n<p>Und in dem Kallas, eine bekennende Russophobe, davon tr\u00e4umt, die eingefrorenen russischen Verm\u00f6genswerte zu beschlagnahmen, um Kiew zu finanzieren\u00a0\u2013 eine Hypothese, die die belgische Regierung ablehnt (aus Angst, an vorderster Front von m\u00f6glichen finanziellen Konsequenzen betroffen zu sein), was vielleicht den Eifer der Polizei dieses Landes erkl\u00e4rt, die Antr\u00e4ge der Europ\u00e4ischen Staatsanwaltschaft gegen die ehemalige Chefin des EAD sowie gegen ihren damaligen Generalsekret\u00e4r Stefano Sannino zu bearbeiten\u00a0&#8230;<\/p>\n<p>Muss man sich also \u00fcber Korruptionsf\u00e4lle in einem solchen Haifischbecken aufregen? Alles in allem gibt es kaum ein Land oder einen Kontinent, in dem Korruption nicht weit verbreitet ist; in dieser Hinsicht hat die EU keineswegs das Monopol.<\/p>\n<p>Allerdings weist sie eine Besonderheit auf, die sie von anderen unterscheidet: Sie zeichnet sich regelm\u00e4\u00dfig durch moralische Belehrungen aus, die sie an die ganze Welt richtet\u00a0&#8230; Diese Lektionen nehmen die Form von Aufforderungen an, die an den Globalen S\u00fcden gerichtet sind; von Bedingungen, die an L\u00e4nder gestellt werden, die der EU beitreten wollen (einschlie\u00dflich der Ukraine, die in diesem Bereich tats\u00e4chlich olympische Rekorde bricht); und von Sanktionen gegen EU-Mitgliedstaaten wie Ungarn. Der Regierungschef dieses Landes, Viktor Orb\u00e1n, hat es sich nat\u00fcrlich nicht nehmen lassen, die Heuchelei Br\u00fcssels anzuprangern, die unter diesen Umst\u00e4nden deutlich zutage tritt&#8230;<\/p>\n<p>Denn die Gr\u00fcndung der Diplomatischen Akademie war nicht nur eine Initiative von Borrell. Sie wurde im Mai\u00a02024 vom Europ\u00e4ischen Rat der EU mit Begeisterung best\u00e4tigt, laut dessen Aussage mit dem Ziel, &#8222;bew\u00e4hrte Verfahren im Zusammenhang mit der Durchf\u00fchrung der EU-Diplomatie zu verbreiten&#8220;. Ein Satz, der im Nachhinein humorvoll wirkt\u00a0&#8230; Mogherinis Mitangeklagter Sannino lobte seinerseits die &#8222;Werte, Grunds\u00e4tze und Partnerschaften&#8220;, die das Ger\u00fcst der Ausbildung am Kolleg von Br\u00fcgge bilden sollten.<\/p>\n<p>Und genau vor dieser heute auf der Anklagebank sitzenden Institution hatte Borrell seine ber\u00fchmt gewordene Analyse vorgetragen, wonach im Gegensatz zur EU &#8222;der Rest der Welt nicht gerade ein Garten ist; der gr\u00f6\u00dfte Teil der \u00fcbrigen Welt ist ein Dschungel, und der Dschungel k\u00f6nnte den Garten \u00fcberwuchern&#8220;.<\/p>\n<p>Das war auf der ersten Sitzung der Diplomatischen Akademie im Jahr 2022. Mogherini stand ihm in nichts nach. Sie rechtfertigte die Ausbildung von &#8222;Tausenden&#8220; zuk\u00fcnftiger Diplomaten mit den Worten: &#8222;Stellen Sie sich vor, der gesamte Europ\u00e4ische Ausw\u00e4rtige Dienst w\u00fcrde f\u00fcr 24\u00a0Stunden aus der Welt verschwinden; die meisten Orte auf der Welt w\u00fcrden wahrscheinlich vor Ablauf der 24\u00a0Stunden zusammenbrechen.&#8220;<\/p>\n<p>Leider fallen grenzenlose Arroganz und Anma\u00dfung im Gegensatz zu Korruption nicht unter das Gesetz. Sonst h\u00e4tten die Br\u00fcsseler Eliten Grund zur Sorge\u00a0&#8230;<\/p>\n<p style=\"text-align: right;\"><em><span style=\"font-size: 12pt;\">Pierre L\u00e9vy war Gewerkschaftsfunktion\u00e4r der CGT-Metall und von 1996 bis 2001 Redakteur bei \u201cL\u2019Humanit\u00e9\u201c. Er lancierte 2000 eine \u201eradikal eurokritische, fortschrittliche Monatszeitung\u201c unter dem symbolischen Titel \u201eBastille-R\u00e9publique-Nation\u201c, die ab Fr\u00fchjahr 2015 als \u201eRuptures\u201c (dt. \u201eBr\u00fcche\u201c) fortgesetzt wird, zus\u00e4tzlich mit der Webseite: <a href=\"https:\/\/ruptures-presse.fr\/\" target=\"_blank\" rel=\"noopener\">https:\/\/ruptures-presse.fr\/<\/a><\/span><\/em><\/p>\n<hr \/>\n<p><span style=\"font-size: 10pt;\">Bild oben: Bild oben: Federica Mogherini, fr\u00fchere EU-Au\u00dfenbeauftragte und Hauptverd\u00e4chtige im aktuellen Korruptionsskandal. (Foto aus dem Jahre 2018)<\/span><br \/>\n<span style=\"font-size: 10pt;\">Foto: Kmu.gov.ua,\u00a0<a href=\"https:\/\/creativecommons.org\/licenses\/by\/4.0\" target=\"_blank\" rel=\"noopener\">CC BY 4.0<\/a><\/span><br \/>\n<span style=\"font-size: 10pt;\">Quelle: <a href=\"https:\/\/commons.wikimedia.org\/w\/index.php?curid=67458956\" target=\"_blank\" rel=\"noopener\">https:\/\/commons.wikimedia.org\/w\/index.php?curid=67458956<\/a><\/span><\/p>\n<p>&nbsp;<\/p>\n","protected":false},"excerpt":{"rendered":"<p><b>Beitrag von Pierre L\u00e9vy<\/b><br \/>\nDie fr\u00fchere EU-Au\u00dfenbeauftragte Federica Mogherini gibt ihren Posten an einer Eliteuniversit\u00e4t auf. Ihr wurde Betrug im Zusammenhang mit EU-Geldern vorgeworfen. Doch was steckt wirklich dahinter?<br \/>\nDie Szene ist nicht allt\u00e4glich: Am 2.\u00a0Dezember wird Federica Mogherini auf Antrag der EU-Staatsanwaltschaft von der belgischen Polizei festgenommen. Wie zwei hohe EU-Beamte wird sie in Gewahrsam genommen und mehrere Stunden lang verh\u00f6rt. Nach dieser Vernehmung wird sie freigelassen, aber wegen &#8222;Betrugs bei der Vergabe \u00f6ffentlicher Auftr\u00e4ge, Korruption, Interessenkonflikt und Verletzung des Berufsgeheimnisses&#8220; angeklagt. Der Fall hat die Br\u00fcsseler Blase in Aufruhr versetzt.<\/p>\n","protected":false},"author":3,"featured_media":23910,"comment_status":"closed","ping_status":"closed","sticky":false,"template":"","format":"standard","meta":{"colormag_page_container_layout":"default_layout","colormag_page_sidebar_layout":"default_layout","advanced_seo_description":"","jetpack_seo_html_title":"","jetpack_seo_noindex":false,"jetpack_post_was_ever_published":false,"footnotes":""},"categories":[12],"tags":[699,2955,1406,182,2927,1702,2142,1681,1581,1128,1384,1168,1111,2956],"class_list":["post-23904","post","type-post","status-publish","format-standard","has-post-thumbnail","hentry","category-demokratie-medien-aufklaerung","tag-aussenpolitik","tag-betrug","tag-diplomatie","tag-eu","tag-eu-aussenbeauftragte","tag-eu-kommission","tag-finanzen","tag-finanzierung","tag-gesetz","tag-integration","tag-korruption","tag-russophobie","tag-ukraine","tag-verhaftung"],"jetpack_featured_media_url":"https:\/\/i0.wp.com\/www.freidenker.org\/fw17\/wp-content\/uploads\/2025\/12\/Federica_Mogherini_09_800x450.jpg?fit=800%2C450&ssl=1","jetpack_shortlink":"https:\/\/wp.me\/p9stpK-6dy","jetpack-related-posts":[{"id":23747,"url":"https:\/\/www.freidenker.org\/?p=23747","url_meta":{"origin":23904,"position":0},"title":"Was der Korruptionsfall in der EU mit dem \u201eReparationskredit\u201c f\u00fcr Kiew zu tun hat","author":"Webredaktion","date":"8. Dezember 2025","format":false,"excerpt":"Machtk\u00e4mpfe und Korruption von Anti-Spiegel Ich habe es bereits in der letzten Tacheles-Sendung gesagt, komme aber erst jetzt dazu, dar\u00fcber zu schreiben und es ausf\u00fchrlich zu begr\u00fcnden: Die Bem\u00fchungen der EU-Kommission, die in der EU eingefrorenen russischen Verm\u00f6genswerte zu enteignen und f\u00fcr einen \u201eReparationskredit\u201c f\u00fcr die Ukraine zu benutzen, stehen\u2026","rel":"","context":"In &quot;Demokratie \u2013 Medien \u2013 Aufkl\u00e4rung&quot;","block_context":{"text":"Demokratie \u2013 Medien \u2013 Aufkl\u00e4rung","link":"https:\/\/www.freidenker.org\/?cat=12"},"img":{"alt_text":"","src":"https:\/\/i0.wp.com\/www.freidenker.org\/fw17\/wp-content\/uploads\/2025\/12\/Federica_Mogherini_12_800x450.jpg?fit=800%2C450&ssl=1&resize=350%2C200","width":350,"height":200,"srcset":"https:\/\/i0.wp.com\/www.freidenker.org\/fw17\/wp-content\/uploads\/2025\/12\/Federica_Mogherini_12_800x450.jpg?fit=800%2C450&ssl=1&resize=350%2C200 1x, https:\/\/i0.wp.com\/www.freidenker.org\/fw17\/wp-content\/uploads\/2025\/12\/Federica_Mogherini_12_800x450.jpg?fit=800%2C450&ssl=1&resize=525%2C300 1.5x, https:\/\/i0.wp.com\/www.freidenker.org\/fw17\/wp-content\/uploads\/2025\/12\/Federica_Mogherini_12_800x450.jpg?fit=800%2C450&ssl=1&resize=700%2C400 2x"},"classes":[]},{"id":23218,"url":"https:\/\/www.freidenker.org\/?p=23218","url_meta":{"origin":23904,"position":1},"title":"Kaja Kallas in Kiew: Mit gef\u00e4lschten Zahlen ist der Glaube an den Endsieg unersch\u00fctterlich","author":"Webredaktion","date":"17. Oktober 2025","format":false,"excerpt":"Von Gert Ewen Ungar Trotz der Behauptung, Russland w\u00fcrde t\u00e4glich zivile Ziele in der Westukraine angreifen, bleibt die Reisefrequenz westeurop\u00e4ischer Politiker in die Ukraine hoch. Heute stellt die EU-Au\u00dfenbeauftragte Kaja Kallas unter Beweis, dass an der Behauptung, Russland w\u00fcrde einen Vernichtungskrieg gegen die ukrainische Zivilbev\u00f6lkerung f\u00fchren, etwas nicht stimmen kann.\u2026","rel":"","context":"In &quot;Demokratie \u2013 Medien \u2013 Aufkl\u00e4rung&quot;","block_context":{"text":"Demokratie \u2013 Medien \u2013 Aufkl\u00e4rung","link":"https:\/\/www.freidenker.org\/?cat=12"},"img":{"alt_text":"","src":"https:\/\/i0.wp.com\/www.freidenker.org\/fw17\/wp-content\/uploads\/2025\/10\/Kallas_Debates_-_54781561131_800x450.jpg?fit=800%2C450&ssl=1&resize=350%2C200","width":350,"height":200,"srcset":"https:\/\/i0.wp.com\/www.freidenker.org\/fw17\/wp-content\/uploads\/2025\/10\/Kallas_Debates_-_54781561131_800x450.jpg?fit=800%2C450&ssl=1&resize=350%2C200 1x, https:\/\/i0.wp.com\/www.freidenker.org\/fw17\/wp-content\/uploads\/2025\/10\/Kallas_Debates_-_54781561131_800x450.jpg?fit=800%2C450&ssl=1&resize=525%2C300 1.5x, https:\/\/i0.wp.com\/www.freidenker.org\/fw17\/wp-content\/uploads\/2025\/10\/Kallas_Debates_-_54781561131_800x450.jpg?fit=800%2C450&ssl=1&resize=700%2C400 2x"},"classes":[]},{"id":6328,"url":"https:\/\/www.freidenker.org\/?p=6328","url_meta":{"origin":23904,"position":2},"title":"Wir schlagen Schaum, wir seifen ein &#8230;","author":"Webredaktion","date":"8. Mai 2019","format":false,"excerpt":"Flyer des Deutschen-Freidenker-Verbandes anl\u00e4sslich der \"Europawahlen\" Die EU steht nicht f\u00fcr Frieden. Sie verbr\u00fcdert sich mit Faschisten in der Ukraine, versch\u00e4rft st\u00e4ndig ihre Sanktionen und droht mit Krieg gegen Russland, setzt Nicaragua unter Druck und unterst\u00fctzt den Putsch in Venezuela, sie verst\u00e4rkt ihre Kooperation mit der NATO. Die EU ist\u2026","rel":"","context":"In &quot;Demokratie \u2013 Medien \u2013 Aufkl\u00e4rung&quot;","block_context":{"text":"Demokratie \u2013 Medien \u2013 Aufkl\u00e4rung","link":"https:\/\/www.freidenker.org\/?cat=12"},"img":{"alt_text":"","src":"https:\/\/i0.wp.com\/www.freidenker.org\/fw17\/wp-content\/uploads\/2019\/05\/EU-Wahl_EuT_800x445.jpg?fit=800%2C445&ssl=1&resize=350%2C200","width":350,"height":200,"srcset":"https:\/\/i0.wp.com\/www.freidenker.org\/fw17\/wp-content\/uploads\/2019\/05\/EU-Wahl_EuT_800x445.jpg?fit=800%2C445&ssl=1&resize=350%2C200 1x, https:\/\/i0.wp.com\/www.freidenker.org\/fw17\/wp-content\/uploads\/2019\/05\/EU-Wahl_EuT_800x445.jpg?fit=800%2C445&ssl=1&resize=525%2C300 1.5x, https:\/\/i0.wp.com\/www.freidenker.org\/fw17\/wp-content\/uploads\/2019\/05\/EU-Wahl_EuT_800x445.jpg?fit=800%2C445&ssl=1&resize=700%2C400 2x"},"classes":[]},{"id":22111,"url":"https:\/\/www.freidenker.org\/?p=22111","url_meta":{"origin":23904,"position":3},"title":"Regierungen ohne Volk: Westeuropa driftet in den Autoritarismus","author":"Webredaktion","date":"13. Juni 2025","format":false,"excerpt":"Beitrag von Gert Ewen Ungar Polens Ministerpr\u00e4sident Donald Tusk will angesichts des Wahlerfolgs seines politischen Gegners Karol Nawrocki bei den Pr\u00e4sidentschaftswahlen die Vertrauensfrage stellen. Geert Wilders l\u00e4sst in den Niederlanden die Regierung platzen, weil er seinen migrationskritischen Kurs in der jetzigen Koalition nicht umsetzen kann. Damit geraten zwei weitere L\u00e4nder\u2026","rel":"","context":"In &quot;Demokratie \u2013 Medien \u2013 Aufkl\u00e4rung&quot;","block_context":{"text":"Demokratie \u2013 Medien \u2013 Aufkl\u00e4rung","link":"https:\/\/www.freidenker.org\/?cat=12"},"img":{"alt_text":"","src":"https:\/\/i0.wp.com\/www.freidenker.org\/fw17\/wp-content\/uploads\/2025\/06\/EPP_54485341074_800x450.jpg?fit=800%2C450&ssl=1&resize=350%2C200","width":350,"height":200,"srcset":"https:\/\/i0.wp.com\/www.freidenker.org\/fw17\/wp-content\/uploads\/2025\/06\/EPP_54485341074_800x450.jpg?fit=800%2C450&ssl=1&resize=350%2C200 1x, https:\/\/i0.wp.com\/www.freidenker.org\/fw17\/wp-content\/uploads\/2025\/06\/EPP_54485341074_800x450.jpg?fit=800%2C450&ssl=1&resize=525%2C300 1.5x, https:\/\/i0.wp.com\/www.freidenker.org\/fw17\/wp-content\/uploads\/2025\/06\/EPP_54485341074_800x450.jpg?fit=800%2C450&ssl=1&resize=700%2C400 2x"},"classes":[]},{"id":16407,"url":"https:\/\/www.freidenker.org\/?p=16407","url_meta":{"origin":23904,"position":4},"title":"Die G\u00e4rten des Josep Borrell","author":"Webredaktion","date":"5. Juli 2023","format":false,"excerpt":"Beitrag von Gert Ewen Ungar Mit einem rassistischen, chauvinistischen\u00a0Statement\u00a0sorgte der Au\u00dfenbeauftragte der EU, Josep Borrell, im Oktober des vergangenen Jahres f\u00fcr Aufsehen. Die EU sei der Garten, der Rest der Welt ein Dschungel, lie\u00df der Chefdiplomat seine Zuh\u00f6rer wissen.\u00a0 Inzwischen sieht es in der EU deutlich mehr nach Dschungel aus\u2026","rel":"","context":"In &quot;Demokratie \u2013 Medien \u2013 Aufkl\u00e4rung&quot;","block_context":{"text":"Demokratie \u2013 Medien \u2013 Aufkl\u00e4rung","link":"https:\/\/www.freidenker.org\/?cat=12"},"img":{"alt_text":"","src":"https:\/\/i0.wp.com\/www.freidenker.org\/fw17\/wp-content\/uploads\/2023\/07\/Josep_Borrell_52359673274_800x450.jpg?fit=800%2C450&ssl=1&resize=350%2C200","width":350,"height":200,"srcset":"https:\/\/i0.wp.com\/www.freidenker.org\/fw17\/wp-content\/uploads\/2023\/07\/Josep_Borrell_52359673274_800x450.jpg?fit=800%2C450&ssl=1&resize=350%2C200 1x, https:\/\/i0.wp.com\/www.freidenker.org\/fw17\/wp-content\/uploads\/2023\/07\/Josep_Borrell_52359673274_800x450.jpg?fit=800%2C450&ssl=1&resize=525%2C300 1.5x, https:\/\/i0.wp.com\/www.freidenker.org\/fw17\/wp-content\/uploads\/2023\/07\/Josep_Borrell_52359673274_800x450.jpg?fit=800%2C450&ssl=1&resize=700%2C400 2x"},"classes":[]},{"id":18412,"url":"https:\/\/www.freidenker.org\/?p=18412","url_meta":{"origin":23904,"position":5},"title":"Demokratie \u00e0 la EU: Von der Leyen hat die Wahl schon vor der Wahl gewonnen","author":"Webredaktion","date":"29. Februar 2024","format":false,"excerpt":"Beitrag von Gert Ewen Ungar Im Juni finden in der EU Wahlen zum EU-Parlament statt. Wie sich das f\u00fcr Demokratien geh\u00f6rt, steht die Siegerin bereits fest. Die mehr als nur umstrittene EU-Kommissionspr\u00e4sidentin Ursula von der Leyen bekommt eine zweite Amtszeit verpasst. Die CDU machte sie zur Spitzenkandidatin der EVP-Fraktion im\u2026","rel":"","context":"In &quot;Demokratie \u2013 Medien \u2013 Aufkl\u00e4rung&quot;","block_context":{"text":"Demokratie \u2013 Medien \u2013 Aufkl\u00e4rung","link":"https:\/\/www.freidenker.org\/?cat=12"},"img":{"alt_text":"","src":"https:\/\/i0.wp.com\/www.freidenker.org\/fw17\/wp-content\/uploads\/2024\/02\/von_der_Leyen_on_5_January_2024.jpg?fit=800%2C450&ssl=1&resize=350%2C200","width":350,"height":200,"srcset":"https:\/\/i0.wp.com\/www.freidenker.org\/fw17\/wp-content\/uploads\/2024\/02\/von_der_Leyen_on_5_January_2024.jpg?fit=800%2C450&ssl=1&resize=350%2C200 1x, https:\/\/i0.wp.com\/www.freidenker.org\/fw17\/wp-content\/uploads\/2024\/02\/von_der_Leyen_on_5_January_2024.jpg?fit=800%2C450&ssl=1&resize=525%2C300 1.5x, https:\/\/i0.wp.com\/www.freidenker.org\/fw17\/wp-content\/uploads\/2024\/02\/von_der_Leyen_on_5_January_2024.jpg?fit=800%2C450&ssl=1&resize=700%2C400 2x"},"classes":[]}],"_links":{"self":[{"href":"https:\/\/www.freidenker.org\/index.php?rest_route=\/wp\/v2\/posts\/23904","targetHints":{"allow":["GET"]}}],"collection":[{"href":"https:\/\/www.freidenker.org\/index.php?rest_route=\/wp\/v2\/posts"}],"about":[{"href":"https:\/\/www.freidenker.org\/index.php?rest_route=\/wp\/v2\/types\/post"}],"author":[{"embeddable":true,"href":"https:\/\/www.freidenker.org\/index.php?rest_route=\/wp\/v2\/users\/3"}],"replies":[{"embeddable":true,"href":"https:\/\/www.freidenker.org\/index.php?rest_route=%2Fwp%2Fv2%2Fcomments&post=23904"}],"version-history":[{"count":3,"href":"https:\/\/www.freidenker.org\/index.php?rest_route=\/wp\/v2\/posts\/23904\/revisions"}],"predecessor-version":[{"id":23911,"href":"https:\/\/www.freidenker.org\/index.php?rest_route=\/wp\/v2\/posts\/23904\/revisions\/23911"}],"wp:featuredmedia":[{"embeddable":true,"href":"https:\/\/www.freidenker.org\/index.php?rest_route=\/wp\/v2\/media\/23910"}],"wp:attachment":[{"href":"https:\/\/www.freidenker.org\/index.php?rest_route=%2Fwp%2Fv2%2Fmedia&parent=23904"}],"wp:term":[{"taxonomy":"category","embeddable":true,"href":"https:\/\/www.freidenker.org\/index.php?rest_route=%2Fwp%2Fv2%2Fcategories&post=23904"},{"taxonomy":"post_tag","embeddable":true,"href":"https:\/\/www.freidenker.org\/index.php?rest_route=%2Fwp%2Fv2%2Ftags&post=23904"}],"curies":[{"name":"wp","href":"https:\/\/api.w.org\/{rel}","templated":true}]}}