{"id":23873,"date":"2025-12-15T21:29:08","date_gmt":"2025-12-15T20:29:08","guid":{"rendered":"https:\/\/www.freidenker.org\/?p=23873"},"modified":"2026-02-28T01:59:07","modified_gmt":"2026-02-28T00:59:07","slug":"wissen-und-waffe","status":"publish","type":"post","link":"https:\/\/www.freidenker.org\/?p=23873","title":{"rendered":"Wissen und Waffe"},"content":{"rendered":"<p><em>Ein Kommentar von <strong>Stefan Siegert<\/strong><\/em><\/p>\n<p>Nach Heinrich Heine braucht der deutsche Donner, wenn es revolution\u00e4r geblitzt hat in der Weltgeschichte, immer etwas l\u00e4nger. Wer h\u00e4tte aber gedacht, dass sich der Untergang des Abendlands in Deutschland in solch einem H\u00f6llentempo vollziehen w\u00fcrde? Er treibt immer neue, immer irrere und eigentlich schon kulturklinische Bl\u00fcten. Die Frage, was ein neues Gewehr eines bestimmten R\u00fcstungskonzerns alles kann, geh\u00f6rt &#8211; wenn \u00fcberhaupt irgendwohin &#8211; in die herk\u00f6mmliche Staatsmord-Werbung oder in ein entsprechendes Fachmagazin. Ins Ressort \u201eWissen\u201c geh\u00f6rte sie offiziell erst ab 1933, dann verschwand sie ab 1949 f\u00fcr eine Weile. Bis sich in den 2020er Jahren riesige Medienkonzerne wie RTL mit dem Nachrichtenkanal <strong>ntv<\/strong> wieder daran erinnerten: Wissen und Waffe &#8211; das klingt nach Resilienz (im Hintergrund ein bisschen nach Schopenhauer). Und es hilft bei der weiteren Dekonstruktion europ\u00e4ischer Identit\u00e4t.<\/p>\n<p style=\"text-align: right;\"><em>Stefan Siegert ist Autor mit Schwerpunkt Musik und politisches Feuilleton<\/em><\/p>\n<p><span style=\"font-size: 10pt;\">Der Text bezieht sich auf eine <a href=\"https:\/\/www.n-tv.de\/wissen\/Was-kann-das-neue-Gewehr-G95-der-Bundeswehr-id30109332.html\" target=\"_blank\" rel=\"noopener\">Meldung des Nachrichtensenders ntv vom 06.12.2025<\/a><\/span><\/p>\n<hr \/>\n<p><span style=\"font-size: 10pt;\">Bild oben: Screenshot von n-tv.de (aufgenommen am 15.12.2025)<\/span><br \/>\n<span style=\"font-size: 10pt;\">Quelle: <a href=\"https:\/\/www.n-tv.de\/wissen\/Was-kann-das-neue-Gewehr-G95-der-Bundeswehr-id30109332.html\" target=\"_blank\" rel=\"noopener\">https:\/\/www.n-tv.de\/wissen\/Was-kann-das-neue-Gewehr-G95-der-Bundeswehr-id30109332.html<\/a><\/span><\/p>\n","protected":false},"excerpt":{"rendered":"<p><b>Ein Kommentar von Stefan Siegert<\/b><br \/>\nNach Heinrich Heine braucht der deutsche Donner, wenn es revolution\u00e4r geblitzt hat in der Weltgeschichte, immer etwas l\u00e4nger. Wer h\u00e4tte aber gedacht, dass sich der Untergang des Abendlands in Deutschland in solch einem H\u00f6llentempo vollziehen w\u00fcrde? Er treibt immer neue, immer irrere und eigentlich schon kulturklinische Bl\u00fcten. Die Frage, was ein neues Gewehr eines bestimmten R\u00fcstungskonzerns alles kann, geh\u00f6rt &#8211; wenn \u00fcberhaupt irgendwohin &#8211; in die herk\u00f6mmliche Staatsmord-Werbung oder in ein entsprechendes Fachmagazin. Ins Ressort \u201eWissen\u201c geh\u00f6rte sie offiziell erst ab 1933, dann verschwand sie ab 1949 f\u00fcr eine Weile. Bis sich in den 2020er Jahren riesige Medienkonzerne wie RTL mit dem Nachrichtenkanal ntv wieder daran erinnerten &#8230;<\/p>\n","protected":false},"author":3,"featured_media":23889,"comment_status":"closed","ping_status":"closed","sticky":false,"template":"","format":"standard","meta":{"colormag_page_container_layout":"default_layout","colormag_page_sidebar_layout":"default_layout","advanced_seo_description":"","jetpack_seo_html_title":"","jetpack_seo_noindex":false,"jetpack_post_was_ever_published":false,"footnotes":""},"categories":[12],"tags":[688,452,491,121,1784,1416,1158],"class_list":["post-23873","post","type-post","status-publish","format-standard","has-post-thumbnail","hentry","category-demokratie-medien-aufklaerung","tag-bundeswehr","tag-deutschland","tag-geschichte","tag-medien","tag-ruestungsindustrie","tag-waffen","tag-werbung"],"jetpack_featured_media_url":"https:\/\/i0.wp.com\/www.freidenker.org\/fw17\/wp-content\/uploads\/2025\/12\/Gewehr_G95_ntv_800x450.jpg?fit=800%2C450&ssl=1","jetpack_shortlink":"https:\/\/wp.me\/p9stpK-6d3","jetpack-related-posts":[{"id":24264,"url":"https:\/\/www.freidenker.org\/?p=24264","url_meta":{"origin":23873,"position":0},"title":"Das neue deutsche Zensurgesetz bedeutet das Ende von Meinungs- und Pressefreiheit","author":"Webredaktion","date":"23. Januar 2026","format":false,"excerpt":"Beitrag von Anti-Spiegel (d.i. Thomas R\u00f6per) In Deutschland soll im Zuge der Umsetzung einer EU-Richtlinie nun das Politische-Werbung-Transparenz-Gesetz eingef\u00fchrt werden, das nicht nur die Meinungs- und Pressefreiheit, sondern auch den journalistischen Quellenschutz und damit den kritischen Journalismus selbst endg\u00fcltig begraben wird. [...] Im Oktober hat die EU die Verordnung \u00fcber\u2026","rel":"","context":"In &quot;Demokratie \u2013 Medien \u2013 Aufkl\u00e4rung&quot;","block_context":{"text":"Demokratie \u2013 Medien \u2013 Aufkl\u00e4rung","link":"https:\/\/www.freidenker.org\/?cat=12"},"img":{"alt_text":"","src":"https:\/\/i0.wp.com\/www.freidenker.org\/fw17\/wp-content\/uploads\/2026\/01\/zensur-klebeband_800x450.jpg?fit=800%2C450&ssl=1&resize=350%2C200","width":350,"height":200,"srcset":"https:\/\/i0.wp.com\/www.freidenker.org\/fw17\/wp-content\/uploads\/2026\/01\/zensur-klebeband_800x450.jpg?fit=800%2C450&ssl=1&resize=350%2C200 1x, https:\/\/i0.wp.com\/www.freidenker.org\/fw17\/wp-content\/uploads\/2026\/01\/zensur-klebeband_800x450.jpg?fit=800%2C450&ssl=1&resize=525%2C300 1.5x, https:\/\/i0.wp.com\/www.freidenker.org\/fw17\/wp-content\/uploads\/2026\/01\/zensur-klebeband_800x450.jpg?fit=800%2C450&ssl=1&resize=700%2C400 2x"},"classes":[]},{"id":18276,"url":"https:\/\/www.freidenker.org\/?p=18276","url_meta":{"origin":23873,"position":1},"title":"Wiederholungszwang bei Fehlern","author":"Webredaktion","date":"22. Februar 2024","format":false,"excerpt":"Beitrag von Gert Ewen Ungar In Deutschland entwickelt sich eine hochbrisante gesellschaftspolitische Gemengelage aus Repression, wirtschaftlichem Niedergang und Kriegswillen. Es hat den Anschein, als w\u00fcrde Deutschland wie im Zwang alle seine gemachten historischen Fehler wiederholen. Das Bild, das Deutschland abgibt, verhei\u00dft f\u00fcr die Zukunft nichts Gutes. Im Inland herrscht ein\u2026","rel":"","context":"In &quot;Demokratie \u2013 Medien \u2013 Aufkl\u00e4rung&quot;","block_context":{"text":"Demokratie \u2013 Medien \u2013 Aufkl\u00e4rung","link":"https:\/\/www.freidenker.org\/?cat=12"},"img":{"alt_text":"","src":"https:\/\/i0.wp.com\/www.freidenker.org\/fw17\/wp-content\/uploads\/2024\/02\/Reichstag_after_the_allied_bombing_of_Berlin_800x450.jpg?fit=800%2C450&ssl=1&resize=350%2C200","width":350,"height":200,"srcset":"https:\/\/i0.wp.com\/www.freidenker.org\/fw17\/wp-content\/uploads\/2024\/02\/Reichstag_after_the_allied_bombing_of_Berlin_800x450.jpg?fit=800%2C450&ssl=1&resize=350%2C200 1x, https:\/\/i0.wp.com\/www.freidenker.org\/fw17\/wp-content\/uploads\/2024\/02\/Reichstag_after_the_allied_bombing_of_Berlin_800x450.jpg?fit=800%2C450&ssl=1&resize=525%2C300 1.5x, https:\/\/i0.wp.com\/www.freidenker.org\/fw17\/wp-content\/uploads\/2024\/02\/Reichstag_after_the_allied_bombing_of_Berlin_800x450.jpg?fit=800%2C450&ssl=1&resize=700%2C400 2x"},"classes":[]},{"id":12452,"url":"https:\/\/www.freidenker.org\/?p=12452","url_meta":{"origin":23873,"position":2},"title":"Corona \u2013 Krieg \u2013 R\u00e4son","author":"Webredaktion","date":"14. M\u00e4rz 2022","format":false,"excerpt":"Ein Kommentar von Wolfgang Bittner Deutschland befindet sich seit einigen Tagen in einem \u201everdeckten Krieg\u201c mit Russland. Denn Waffenlieferungen an eine Kriegspartei sind ein kriegerischer Akt, und dabei l\u00e4sst sich nicht zwischen Kampfflugzeugen und Stinger-Raketen oder Panzerf\u00e4usten unterscheiden. Jetzt kommen aufgrund des Krieges in der Ukraine mehr als eine Million\u2026","rel":"","context":"In &quot;Demokratie \u2013 Medien \u2013 Aufkl\u00e4rung&quot;","block_context":{"text":"Demokratie \u2013 Medien \u2013 Aufkl\u00e4rung","link":"https:\/\/www.freidenker.org\/?cat=12"},"img":{"alt_text":"","src":"https:\/\/i0.wp.com\/www.freidenker.org\/fw17\/wp-content\/uploads\/2022\/03\/Rohre_fuer_Nord_Stream_2_in_Mukran._800x450jpg.jpg?fit=800%2C450&ssl=1&resize=350%2C200","width":350,"height":200,"srcset":"https:\/\/i0.wp.com\/www.freidenker.org\/fw17\/wp-content\/uploads\/2022\/03\/Rohre_fuer_Nord_Stream_2_in_Mukran._800x450jpg.jpg?fit=800%2C450&ssl=1&resize=350%2C200 1x, https:\/\/i0.wp.com\/www.freidenker.org\/fw17\/wp-content\/uploads\/2022\/03\/Rohre_fuer_Nord_Stream_2_in_Mukran._800x450jpg.jpg?fit=800%2C450&ssl=1&resize=525%2C300 1.5x, https:\/\/i0.wp.com\/www.freidenker.org\/fw17\/wp-content\/uploads\/2022\/03\/Rohre_fuer_Nord_Stream_2_in_Mukran._800x450jpg.jpg?fit=800%2C450&ssl=1&resize=700%2C400 2x"},"classes":[]},{"id":17540,"url":"https:\/\/www.freidenker.org\/?p=17540","url_meta":{"origin":23873,"position":3},"title":"Thunberg: Vom Ende falscher Helden","author":"Webredaktion","date":"20. November 2023","format":false,"excerpt":"Beitrag von Dagmar Henn Die moderne Version von Heldensagen, wie sie von Hollywood geboten wird, ist meistens unvollst\u00e4ndig. Sie zeigt die Phase, die den Helden zum Helden macht, aber sie verzichtet auf das Ende der Geschichte \u2013 ehe sie unsterblich werden, werden Helden n\u00e4mlich \u00fcblicherweise irgendjemandem l\u00e4stig und in der\u2026","rel":"","context":"In &quot;Demokratie \u2013 Medien \u2013 Aufkl\u00e4rung&quot;","block_context":{"text":"Demokratie \u2013 Medien \u2013 Aufkl\u00e4rung","link":"https:\/\/www.freidenker.org\/?cat=12"},"img":{"alt_text":"","src":"https:\/\/i0.wp.com\/www.freidenker.org\/fw17\/wp-content\/uploads\/2023\/11\/greta_thunberg-4695145_800x450.jpg?fit=800%2C450&ssl=1&resize=350%2C200","width":350,"height":200,"srcset":"https:\/\/i0.wp.com\/www.freidenker.org\/fw17\/wp-content\/uploads\/2023\/11\/greta_thunberg-4695145_800x450.jpg?fit=800%2C450&ssl=1&resize=350%2C200 1x, https:\/\/i0.wp.com\/www.freidenker.org\/fw17\/wp-content\/uploads\/2023\/11\/greta_thunberg-4695145_800x450.jpg?fit=800%2C450&ssl=1&resize=525%2C300 1.5x, https:\/\/i0.wp.com\/www.freidenker.org\/fw17\/wp-content\/uploads\/2023\/11\/greta_thunberg-4695145_800x450.jpg?fit=800%2C450&ssl=1&resize=700%2C400 2x"},"classes":[]},{"id":15191,"url":"https:\/\/www.freidenker.org\/?p=15191","url_meta":{"origin":23873,"position":4},"title":"Ausgrenzung und Gleichschaltung","author":"Webredaktion","date":"9. Februar 2023","format":false,"excerpt":"Kommentar von Evelyn Hecht-Galinski Am Montag, 30. Januar 2023, j\u00e4hrte sich die Machtergreifung der Nazis und Hitler. Ein Datum, was mir st\u00e4ndig in den Sinn kommt, wenn ich das Jahr 1933 und den Januar verfolge. Immer mehr sehe ich die schrecklichen Parallelen. Es macht mich so fassungslos und zugleich w\u00fctend\u2026","rel":"","context":"In &quot;Demokratie \u2013 Medien \u2013 Aufkl\u00e4rung&quot;","block_context":{"text":"Demokratie \u2013 Medien \u2013 Aufkl\u00e4rung","link":"https:\/\/www.freidenker.org\/?cat=12"},"img":{"alt_text":"","src":"https:\/\/i0.wp.com\/www.freidenker.org\/fw17\/wp-content\/uploads\/2023\/02\/briefkasten-5226142_800x450.jpg?fit=800%2C450&ssl=1&resize=350%2C200","width":350,"height":200,"srcset":"https:\/\/i0.wp.com\/www.freidenker.org\/fw17\/wp-content\/uploads\/2023\/02\/briefkasten-5226142_800x450.jpg?fit=800%2C450&ssl=1&resize=350%2C200 1x, https:\/\/i0.wp.com\/www.freidenker.org\/fw17\/wp-content\/uploads\/2023\/02\/briefkasten-5226142_800x450.jpg?fit=800%2C450&ssl=1&resize=525%2C300 1.5x, https:\/\/i0.wp.com\/www.freidenker.org\/fw17\/wp-content\/uploads\/2023\/02\/briefkasten-5226142_800x450.jpg?fit=800%2C450&ssl=1&resize=700%2C400 2x"},"classes":[]},{"id":15820,"url":"https:\/\/www.freidenker.org\/?p=15820","url_meta":{"origin":23873,"position":5},"title":"Klatschende Ohrfeige f\u00fcr Baerbock","author":"Webredaktion","date":"21. April 2023","format":false,"excerpt":"Beitrag von Gert Ewen Ungar Die deutsche Au\u00dfenministerin Annalena Baerbock (B\u00fcndnis 90\/Die Gr\u00fcnen) ist gerade auf Staatsbesuch in Japan. Dort trifft sie auf ihre Amtskollegen der G7-Staaten. In einem Tweet zum Treffen teilt sie erneut gegen China aus, das sie zuvor besucht und dort f\u00fcr einen diplomatischen Skandal gesorgt hat,\u2026","rel":"","context":"In &quot;Demokratie \u2013 Medien \u2013 Aufkl\u00e4rung&quot;","block_context":{"text":"Demokratie \u2013 Medien \u2013 Aufkl\u00e4rung","link":"https:\/\/www.freidenker.org\/?cat=12"},"img":{"alt_text":"","src":"https:\/\/i0.wp.com\/www.freidenker.org\/fw17\/wp-content\/uploads\/2023\/04\/Foreign_Secretary_James_Cleverly_attends_G7_in_Japan_day_2_-_800x450.jpg?fit=800%2C450&ssl=1&resize=350%2C200","width":350,"height":200,"srcset":"https:\/\/i0.wp.com\/www.freidenker.org\/fw17\/wp-content\/uploads\/2023\/04\/Foreign_Secretary_James_Cleverly_attends_G7_in_Japan_day_2_-_800x450.jpg?fit=800%2C450&ssl=1&resize=350%2C200 1x, https:\/\/i0.wp.com\/www.freidenker.org\/fw17\/wp-content\/uploads\/2023\/04\/Foreign_Secretary_James_Cleverly_attends_G7_in_Japan_day_2_-_800x450.jpg?fit=800%2C450&ssl=1&resize=525%2C300 1.5x, https:\/\/i0.wp.com\/www.freidenker.org\/fw17\/wp-content\/uploads\/2023\/04\/Foreign_Secretary_James_Cleverly_attends_G7_in_Japan_day_2_-_800x450.jpg?fit=800%2C450&ssl=1&resize=700%2C400 2x"},"classes":[]}],"_links":{"self":[{"href":"https:\/\/www.freidenker.org\/index.php?rest_route=\/wp\/v2\/posts\/23873","targetHints":{"allow":["GET"]}}],"collection":[{"href":"https:\/\/www.freidenker.org\/index.php?rest_route=\/wp\/v2\/posts"}],"about":[{"href":"https:\/\/www.freidenker.org\/index.php?rest_route=\/wp\/v2\/types\/post"}],"author":[{"embeddable":true,"href":"https:\/\/www.freidenker.org\/index.php?rest_route=\/wp\/v2\/users\/3"}],"replies":[{"embeddable":true,"href":"https:\/\/www.freidenker.org\/index.php?rest_route=%2Fwp%2Fv2%2Fcomments&post=23873"}],"version-history":[{"count":2,"href":"https:\/\/www.freidenker.org\/index.php?rest_route=\/wp\/v2\/posts\/23873\/revisions"}],"predecessor-version":[{"id":23903,"href":"https:\/\/www.freidenker.org\/index.php?rest_route=\/wp\/v2\/posts\/23873\/revisions\/23903"}],"wp:featuredmedia":[{"embeddable":true,"href":"https:\/\/www.freidenker.org\/index.php?rest_route=\/wp\/v2\/media\/23889"}],"wp:attachment":[{"href":"https:\/\/www.freidenker.org\/index.php?rest_route=%2Fwp%2Fv2%2Fmedia&parent=23873"}],"wp:term":[{"taxonomy":"category","embeddable":true,"href":"https:\/\/www.freidenker.org\/index.php?rest_route=%2Fwp%2Fv2%2Fcategories&post=23873"},{"taxonomy":"post_tag","embeddable":true,"href":"https:\/\/www.freidenker.org\/index.php?rest_route=%2Fwp%2Fv2%2Ftags&post=23873"}],"curies":[{"name":"wp","href":"https:\/\/api.w.org\/{rel}","templated":true}]}}