{"id":23866,"date":"2025-12-12T02:17:15","date_gmt":"2025-12-12T01:17:15","guid":{"rendered":"https:\/\/www.freidenker.org\/?p=23866"},"modified":"2026-01-27T03:35:43","modified_gmt":"2026-01-27T02:35:43","slug":"dkp-debanking-geht-es-um-kuba-oder-um-den-schuelerstreik","status":"publish","type":"post","link":"https:\/\/www.freidenker.org\/?p=23866","title":{"rendered":"DKP-Debanking: Geht es um Kuba oder um den Sch\u00fclerstreik?"},"content":{"rendered":"<p><strong>Es geht weiter. Dieses Mal wurde der DKP das Konto gek\u00fcndigt. Das ist kein Versehen, das ist eine Strategie, und gemeint ist alles, was den Konsens von &#8222;Kriegst\u00fcchtigkeit&#8220; und NATO nicht zu teilen bereit ist. Von unangemessenen Friedensw\u00fcnschen ganz zu schweigen. <\/strong><\/p>\n<p><em>Von <strong>Dagmar Henn<\/strong><\/em><\/p>\n<p><span style=\"font-size: 10pt;\">Erstver\u00f6ffentlichung am 10.12.2025 auf <a href=\"https:\/\/freedert.online\/meinung\/264328-dkp-debanking-geht-es-um\/\" target=\"_blank\" rel=\"noopener\">RT DE<\/a><\/span><\/p>\n<div class=\"EmbedBlock-root EmbedBlock-all\">\n<div class=\"AllEmbed\"><iframe loading=\"lazy\" title=\"DKP-Debanking: Geht es um Kuba oder um den Sch\u00fclerstreik?\" src=\"https:\/\/www.podbean.com\/player-v2\/?i=vki66-19e8a4b-pb&amp;from=pb6admin&amp;share=1&amp;download=1&amp;rtl=0&amp;fonts=Arial&amp;skin=f6f6f6&amp;font-color=&amp;logo_link=episode_page&amp;btn-skin=7\" width=\"100%\" height=\"150\" scrolling=\"no\" data-name=\"pb-iframe-player\" data-mce-fragment=\"1\"><\/iframe><\/div>\n<\/div>\n<p>Noch nicht einen Monat ist es her, da wurde im Bundestag \u00fcber einen <a href=\"https:\/\/dserver.bundestag.de\/btd\/21\/027\/2102712.pdf\">Antrag<\/a> der AfD debattiert, der das Debanking untersagen sollte. Darin hie\u00df es, die Bundesregierung solle die Finanzdienstleistungsaufsicht anweisen, &#8222;in ihren Leitlinien klarzustellen, dass Zahlungs- und Bankdienstleistungen nicht aufgrund von politischen Meinungen, Parteizugeh\u00f6rigkeiten (\u2026) verweigert oder eingeschr\u00e4nkt werden d\u00fcrfen&#8220; und mit den Landesregierungen Rechtsnormen zu schaffen, &#8222;die den gesetzlichen Versorgungsauftrag der Sparkassen pr\u00e4zisieren und die Gew\u00e4hrleistung des Zugangs zu grundlegenden Bankdienstleistungen verbindlich regeln&#8220;.<\/p>\n<p>Im Grunde drehte sich die ganze Debatte nach dem Redebeitrag des AfD-Abgeordneten Kay Gottschalk um Variationen \u00fcber das Thema, wie sehr es doch die AfD verdient habe, dass ihr Konten gek\u00fcndigt w\u00fcrden. Eine Debatte dar\u00fcber, dass derartige Vorgehensweisen je nach Umst\u00e4nden beliebige Parteien treffen k\u00f6nnen, fand nicht statt. Aber genau das ist jetzt geschehen: Die GLS-Bank, eine Genossenschaftsbank (ausgeschrieben &#8222;Gemeinschaftsbank f\u00fcr Leihen und Schenken&#8220;), k\u00fcndigte der DKP das Konto. Die DKP hat sich jedoch nichts von dem vorzuwerfen, was in der Debatte im November der AfD angelastet wurde, ganz im Gegenteil.<\/p>\n<p>Wie sagte das der damalige Redner der Gr\u00fcnen, Stefan Schmidt? &#8222;Wenn Privatbanken die Konten von Rechtsextremen k\u00fcndigen, dann ist das nichts anderes als gesetzeskonform.&#8220;<\/p>\n<p>Haben die Gr\u00fcnen aber Gl\u00fcck gehabt, dass solche K\u00fcndigungen in ihren Anfangsjahren, als sie noch f\u00fcr Frieden statt f\u00fcr Krieg einstanden, noch nicht \u00fcblich waren, sonst h\u00e4tten sie Probleme gehabt, so gro\u00df zu werden. Ja, erstaunlicherweise wurde selbst dem B\u00fcndnis des Krefelder Appells nicht das Konto gek\u00fcndigt, obwohl damals die Proteste gegen die Stationierung der Pershing-II-Raketen in der Bundesrepublik ziemlich gro\u00df waren und die Bundesregierung ziemlich \u00e4rgerten. Nun gut, Stefan Schmidt ist 1981 geboren, der kann das nicht wissen, der war bei der Demonstration im Bonner Hofgarten bestenfalls als S\u00e4ugling dabei.<\/p>\n<p>Die DKP andererseits hatte damals zum Erfolg des Krefelder Appells eifrig beigetragen und stellte \u00fcberhaupt das organisatorische R\u00fcckgrat der damaligen Riesenkundgebung. Wor\u00fcber sich die damaligen Gr\u00fcnen nicht beschwert h\u00e4tten\u00a0\u2013 aber was w\u00fcrde Schmidt heute sagen, wenn es um das Debanking der DKP geht? Vermutlich w\u00fcrde er dann auch da erkl\u00e4ren: &#8222;Viele Banken unterst\u00fctzen ausdr\u00fccklich keine Gesch\u00e4fte, die extremistisches Verhalten beinhalten.&#8220;<\/p>\n<p>&#8222;Viele Banken&#8220; ist vermutlich ziemlich \u00fcbertrieben, sobald man beispielsweise Gesch\u00e4fte mit R\u00fcstungsunternehmen als &#8222;extremistisches Verhalten&#8220; z\u00e4hlt. W\u00e4re eigentlich naheliegend, schlie\u00dflich geht es hier um Menschenleben, und wenn einmal die Grenze zur R\u00fcstungsfinanzierung gefallen ist\u00a0\u2026 immerhin das kann man der GLS-Bank, die der DKP das Konto gek\u00fcndigt hat, zumindest nicht vorwerfen; auf deren Webseite hei\u00dft es noch immer bei den Ausschlusskriterien f\u00fcr nachhaltige Geldanlagen: &#8222;Keine Waffen und R\u00fcstungsg\u00fcter&#8220;.<\/p>\n<p>Insofern m\u00fcsste die Bank an diesem Punkt inhaltlich mit der DKP konform gehen. Auch in Bezug auf humanit\u00e4re Spendensammlungen\u00a0\u2013 aber da scheint sich ein Wandel vollzogen zu haben. In der Presseerkl\u00e4rung der DKP zu der K\u00fcndigung steht jedenfalls, dass es zuvor &#8222;eine Anfrage der GLS-Bank zu den Solidarit\u00e4tsaktionen der DKP f\u00fcr das sozialistische Kuba&#8220; gegeben habe, die man beantwortet, zu der man aber weiter nichts erfahren habe. Dann sei zum 31.12. das Konto gek\u00fcndigt worden. &#8222;Danach waren die Verantwortlichen der Bank f\u00fcr die DKP nicht mehr zu sprechen.&#8220;<\/p>\n<p>Nun, die Spenden f\u00fcr Kuba sind die eine Variante, die diese K\u00fcndigung erkl\u00e4ren k\u00f6nnte, wobei die DKP bei weitem nicht die einzige auf Kuba bezogene Spendenkampagne betreibt, die bei der GLS-Bank ihr Konto hat. Au\u00dferdem trifft das auf das Netzwerk Kuba e.\u00a0V., den KarEn e.\u00a0V., die Freundschaftsgesellschaft Berlin-Kuba e.\u00a0V. ebenso zu; und das ist das Ergebnis einer kurzen Internetabfrage. Der Grund: Viele Banken weigern sich, Spendenkonten f\u00fcr Kuba einzurichten, weil sie Gesch\u00e4fte in den USA machen und damit unter US-Sanktionen fallen k\u00f6nnten. Das Netzwerk Kuba e.\u00a0V. hat gerade erst sein Konto von der Postbank Berlin zur GLS-Bank verlegt, vermutlich aus genau diesem Grund. Nur Cuba S\u00ed von der Linkspartei l\u00e4sst die Spenden f\u00fcr Kuba \u00fcber das Konto des Parteivorstands bei der Berliner Sparkasse laufen. \u00dcbrigens: Die offizielle Haltung der mitregierenden SPD bezogen auf Kuba ist nach wie vor eine Ablehnung der US-Blockade samt der damit verbundenen Sanktionen\u00a0\u2026<\/p>\n<p>Wie auch immer, wir reden hier von einem Fall von eben jenem Debanking, das untersagt werden sollte. Die GLS-Bank erweckt eher nicht den Eindruck, gro\u00df an US-Gesch\u00e4ften interessiert zu sein. Die Genossenschaftsbank, die urspr\u00fcnglich einmal f\u00fcr die Finanzierung einer Waldorfschule gegr\u00fcndet wurde und im Jahr 2003 die \u00d6kobank \u00fcbernahm, war urspr\u00fcnglich mal eine der Finanzierungsquellen f\u00fcr \u2013 wie die Bank selbst in ihrer Geschichte schreibt \u2013 &#8222;\u00f6ko-soziale Bewegungen, wie u.\u00a0a. die Anti-AKW-Friedens-Feministische Bewegung&#8220;.<\/p>\n<p>In ihrer Selbstdarstellung erweckt die Bank den Eindruck, ihre Urspr\u00fcnge noch bei weitem nicht so vollst\u00e4ndig verdr\u00e4ngt zu haben wie die gr\u00fcne Partei, was sich in der Aussage zur R\u00fcstungsindustrie zeigt, die inzwischen ansonsten als &#8222;nachhaltige Investition&#8220; gilt. Der Bankvorstand ist auch nicht parteipolitisch besetzt. Gab es Druck? Wenn ja, von wem? Von Au\u00dfenminister Wadephul? \u00c4u\u00dferungen zu Kuba oder zur US-Blockade gibt es jedenfalls nicht. Aber sollte tats\u00e4chlich Kuba der Ausl\u00f6ser sein, d\u00fcrfte es nicht bei der einen Kontok\u00fcndigung bleiben.<\/p>\n<p>Andererseits\u00a0\u2013 vielleicht liegt die Ursache ja ganz woanders. Denn da war etwas, letzte Woche erst, das durchaus ein Grund sein k\u00f6nnte, warum auf einmal dieses Konto gek\u00fcndigt wird. Da gibt es n\u00e4mlich noch eine Organisation im Umfeld der DKP, die ebenfalls ein Konto bei der GLS-Bank hat und dort beispielsweise f\u00fcr Kinder im Gazastreifen sammelt. Das ist die Jugendorganisation SDAJ, die nicht direkt an die DKP angebunden ist (darauf w\u00fcrden die SDAJ-ler bestehen), aber doch mit der DKP ein B\u00fcrogeb\u00e4ude teilt.<\/p>\n<p>Die SDAJ wiederum war zuletzt ziemlich aktiv, und zwar beim Sch\u00fclerstreik gegen die Wehrpflicht. Richtig, genau dieser Protest, der pl\u00f6tzlich, ganz im Gegensatz zu den Klimademonstrationen, keine erlaubte, gar erw\u00fcnschte Meinungs\u00e4u\u00dferung war. K\u00f6nnte es sein, dass an diesen Sch\u00fclerstreiks dennoch mehr Sch\u00fcler teilgenommen haben, als der Bundespolitik und -regierung lieb ist? K\u00f6nnte es sein, dass man pl\u00f6tzlich feststellt, es funktioniert nicht wirklich gut, erst zwar inhaltlich verschiedene, aber formal gleiche Handlungen zu begr\u00fc\u00dfen, ja zu fordern, und dann wieder zu verbieten?<\/p>\n<p>Ja, die politische Auseinandersetzung um Wehrpflicht und Kriegsf\u00fchrung, die geht um und durch die Jugend. Das war schon damals so, als in der Bundesrepublik wieder aufger\u00fcstet wurde, gegen den Willen der Bev\u00f6lkerung. Die Bewegung gegen die Wiederbewaffnung wurde von Jugendlichen getragen, auch von der FDJ, die damals die Jugendorganisation der KPD war (auch das ist nicht ganz richtig, sprengt aber den Rahmen). Die FDJ wurde damals als erstes verboten, um der Bewegung das R\u00fcckgrat zu brechen; erst dann folgte das KPD-Verbot.<\/p>\n<p>Irgendwie scheint es logischer, dass es hier um die Proteste gegen die Wehrpflicht geht, und nicht um die Kuba-Spenden. Nun, auch das wird man sehen k\u00f6nnen, wenn als N\u00e4chstes auch die Konten der SDAJ gek\u00fcndigt werden. Oder wom\u00f6glich, weil ein Jugendverband nicht unter das Parteienprivileg f\u00e4llt, im Interesse der Kriegst\u00fcchtigkeit gleich verboten wird. Sonst klappt&#8217;s nicht mit der Ostfront\u00a0\u2026<\/p>\n<p>Was dieser Fall jedoch eindeutig und unabweisbar belegt, ist, wie geheuchelt das Pathos in der Debatte um den AfD-Antrag war. Au\u00dfer nat\u00fcrlich, sie machen der Reihe nach eine Kehrtwende, angef\u00fchrt von Lisa Schubert von der Linken, die sich besonders laut dar\u00fcber auslie\u00df, dass die AfD das ohnehin verdient habe. Allerdings wird man auf eine laute Solidarit\u00e4tserkl\u00e4rung aus dieser Partei wohl vergeblich warten m\u00fcssen.<\/p>\n<p>\u00dcbrig bleibt dann eine weitere Verengung des ber\u00fcchtigten Overton-Fensters, bei dem es in Deutschland schon l\u00e4ngst nicht mehr nur darum geht, was gesagt werden darf, sondern auch darum, f\u00fcr welche Positionen man sich noch organisieren darf, denn politische Aktivit\u00e4t hat immer mit Geld zu tun, und sei es, weil auch Papier und Druckertoner nicht kostenlos sind; ganz zu schweigen von Veranstaltungsr\u00e4umen, in die mehr als zehn Personen passen, Plakaten oder gar bundesweiten Demonstrationen. Missliebige Organisationen am Sammeln von Geldern zu hindern, ist die effektivste Methode, ihre Aktivit\u00e4ten zu blockieren. Bei Parteien ist das \u00fcbrigens besonders wirksam, weil sie nach der gesetzlichen Vorschrift ihre Mitgliedsbeitr\u00e4ge unbar erheben m\u00fcssen, sie also ohne Konto gar nicht einnehmen d\u00fcrfen. Begr\u00fcndet wurde das mit dem Kampf gegen illegale Parteispenden; tats\u00e4chlich schuf diese Vorgabe eine einfache M\u00f6glichkeit, einer Partei den Stecker zu ziehen.<\/p>\n<p>Bismarck h\u00e4tte sich die H\u00e4nde gerieben, h\u00e4tte er dieses Mittel zur Verf\u00fcgung gehabt, als er mit den Sozialistengesetzen die SPD f\u00fcr zw\u00f6lf Jahre verbot. Aber damals kam noch der Parteikassierer und sammelte Bargeld; auch deshalb hat die SPD die Jahre von 1878 bis 1890 \u00fcberstanden.<\/p>\n<p>Also mal abwarten, welche im Bundestag vertretenen Parteien sich zu Wort melden, um diese Kontenk\u00fcndigung zu kritisieren. Ich w\u00fcrde wetten, keine. Demokratie sieht man in Deutschland inzwischen immer nur dann bedroht, wenn die Regierung das sagt.<\/p>\n<p style=\"text-align: right;\"><em>Dagmar Henn ist Mitglied des Deutschen Freidenker-Verbandes<\/em><\/p>\n<hr \/>\n<p><span style=\"font-size: 10pt;\">Bild oben: <span class=\"Cover-caption\"><span class=\"Cover-captionItem\">Kubabrigade von SDAJ und DKP, 2023<\/span><\/span><\/span><br \/>\n<span style=\"font-size: 10pt;\">Foto: SDAJ <\/span><br \/>\n<span style=\"font-size: 10pt;\">Quelle: <a href=\"https:\/\/www.unsere-zeit.de\/unvergessliche-erfahrung-4782473\/\" target=\"_blank\" rel=\"noopener\">https:\/\/www.unsere-zeit.de\/unvergessliche-erfahrung-4782473\/<\/a><\/span><\/p>\n<p>&nbsp;<\/p>\n","protected":false},"excerpt":{"rendered":"<p><b>Beitrag von Dagmar Henn<\/b><br \/>\nEs geht weiter. Dieses Mal wurde der DKP das Konto gek\u00fcndigt. Das ist kein Versehen, das ist eine Strategie, und gemeint ist alles, was den Konsens von &#8222;Kriegst\u00fcchtigkeit&#8220; und NATO nicht zu teilen bereit ist. Von unangemessenen Friedensw\u00fcnschen ganz zu schweigen.<br \/>\nNoch nicht einen Monat ist es her, da wurde im Bundestag \u00fcber einen Antrag der AfD debattiert, der das Debanking untersagen sollte. Darin hie\u00df es, die Bundesregierung solle die Finanzdienstleistungsaufsicht anweisen, &#8222;in ihren Leitlinien klarzustellen, dass Zahlungs- und Bankdienstleistungen nicht aufgrund von politischen Meinungen, Parteizugeh\u00f6rigkeiten (\u2026) verweigert oder eingeschr\u00e4nkt werden d\u00fcrfen&#8220; und mit den Landesregierungen Rechtsnormen zu schaffen, &#8222;die den gesetzlichen Versorgungsauftrag der Sparkassen pr\u00e4zisieren und die Gew\u00e4hrleistung des Zugangs zu grundlegenden Bankdienstleistungen verbindlich regeln&#8220;.<\/p>\n","protected":false},"author":3,"featured_media":23867,"comment_status":"closed","ping_status":"closed","sticky":false,"template":"","format":"standard","meta":{"colormag_page_container_layout":"default_layout","colormag_page_sidebar_layout":"default_layout","advanced_seo_description":"","jetpack_seo_html_title":"","jetpack_seo_noindex":false,"jetpack_post_was_ever_published":false,"footnotes":""},"categories":[12],"tags":[1031,1693,1458,2946,162,789,2649,1282,2830,2440,392,1990,812,719,2919,1399,185,2218],"class_list":["post-23866","post","type-post","status-publish","format-standard","has-post-thumbnail","hentry","category-demokratie-medien-aufklaerung","tag-afd","tag-banken","tag-bedrohung","tag-debanking","tag-demokratie","tag-dkp","tag-extremismus","tag-gruene","tag-krefelder-appell","tag-kriegstuechtigkeit","tag-kuba","tag-pershing-ii","tag-protest","tag-sanktionen","tag-schulstreik","tag-spenden","tag-usa","tag-wehrpflicht"],"jetpack_featured_media_url":"https:\/\/i0.wp.com\/www.freidenker.org\/fw17\/wp-content\/uploads\/2025\/12\/310602_Kubabrigade_800x450.jpg?fit=800%2C450&ssl=1","jetpack_shortlink":"https:\/\/wp.me\/p9stpK-6cW","jetpack-related-posts":[{"id":24113,"url":"https:\/\/www.freidenker.org\/?p=24113","url_meta":{"origin":23866,"position":0},"title":"Deutschland: Bilder aus Russland sind gef\u00e4hrlich f\u00fcrs Weltbild","author":"Webredaktion","date":"2. Januar 2026","format":false,"excerpt":"Beitrag von Dagmar Henn Man fragt sich wirklich, was das soll. Da widmet der Tagesspiegel ein paar Influencern auf TikTok und Instagram (mit so beeindruckenden Zahlen wie 70.000 Abonnenten), die kurze Videos \u00fcber ihr Leben in Russland drehen, einen ellenlangen Artikel. Und f\u00e4hrt dann eine Osteuropa-Historikerin auf, um dem Publikum\u2026","rel":"","context":"In &quot;Arbeit &amp; Soziales&quot;","block_context":{"text":"Arbeit &amp; Soziales","link":"https:\/\/www.freidenker.org\/?cat=11"},"img":{"alt_text":"","src":"https:\/\/i0.wp.com\/www.freidenker.org\/fw17\/wp-content\/uploads\/2026\/01\/moskau-weihnachten_pexels-elly-fairytale-3811023_800x450.jpg?fit=800%2C450&ssl=1&resize=350%2C200","width":350,"height":200,"srcset":"https:\/\/i0.wp.com\/www.freidenker.org\/fw17\/wp-content\/uploads\/2026\/01\/moskau-weihnachten_pexels-elly-fairytale-3811023_800x450.jpg?fit=800%2C450&ssl=1&resize=350%2C200 1x, https:\/\/i0.wp.com\/www.freidenker.org\/fw17\/wp-content\/uploads\/2026\/01\/moskau-weihnachten_pexels-elly-fairytale-3811023_800x450.jpg?fit=800%2C450&ssl=1&resize=525%2C300 1.5x, https:\/\/i0.wp.com\/www.freidenker.org\/fw17\/wp-content\/uploads\/2026\/01\/moskau-weihnachten_pexels-elly-fairytale-3811023_800x450.jpg?fit=800%2C450&ssl=1&resize=700%2C400 2x"},"classes":[]},{"id":21806,"url":"https:\/\/www.freidenker.org\/?p=21806","url_meta":{"origin":23866,"position":1},"title":"Neues vom &#8222;Faktenchecker&#8220;: Verfassungsschutz gut, AfD b\u00f6se","author":"Webredaktion","date":"12. Mai 2025","format":false,"excerpt":"Beitrag von Dagmar Henn Nein, es muss nicht \u00fcberraschen, dass die ARD mal wieder ihre ber\u00fcchtigten Faktenchecker in die Spur schickt, um den Verfassungsschutz zu sch\u00fctzen. Auch wenn das irgendwie wieder als Zirkelschluss endet. Aber dazu sp\u00e4ter. Schon die \u00dcberschrift ist h\u00fcbsch: \"Wie die AfD den Verfassungsschutz diskreditiert\". Das ist\u2026","rel":"","context":"In &quot;Demokratie \u2013 Medien \u2013 Aufkl\u00e4rung&quot;","block_context":{"text":"Demokratie \u2013 Medien \u2013 Aufkl\u00e4rung","link":"https:\/\/www.freidenker.org\/?cat=12"},"img":{"alt_text":"","src":"https:\/\/i0.wp.com\/www.freidenker.org\/fw17\/wp-content\/uploads\/2025\/05\/Verfassungsschutz-2015-02-26_Didacta_2015_by_Olaf_Kosinsky-51_800x450.jpg?fit=800%2C450&ssl=1&resize=350%2C200","width":350,"height":200,"srcset":"https:\/\/i0.wp.com\/www.freidenker.org\/fw17\/wp-content\/uploads\/2025\/05\/Verfassungsschutz-2015-02-26_Didacta_2015_by_Olaf_Kosinsky-51_800x450.jpg?fit=800%2C450&ssl=1&resize=350%2C200 1x, https:\/\/i0.wp.com\/www.freidenker.org\/fw17\/wp-content\/uploads\/2025\/05\/Verfassungsschutz-2015-02-26_Didacta_2015_by_Olaf_Kosinsky-51_800x450.jpg?fit=800%2C450&ssl=1&resize=525%2C300 1.5x, https:\/\/i0.wp.com\/www.freidenker.org\/fw17\/wp-content\/uploads\/2025\/05\/Verfassungsschutz-2015-02-26_Didacta_2015_by_Olaf_Kosinsky-51_800x450.jpg?fit=800%2C450&ssl=1&resize=700%2C400 2x"},"classes":[]},{"id":21088,"url":"https:\/\/www.freidenker.org\/?p=21088","url_meta":{"origin":23866,"position":2},"title":"In Rum\u00e4nien erklimmt die EU-&#8222;Demokratie&#8220; ganz neue H\u00f6hen","author":"Webredaktion","date":"3. M\u00e4rz 2025","format":false,"excerpt":"Beitrag von Dagmar Henn Wie soll man das nennen, was gerade in Rum\u00e4nien geschieht? Wenn erst eine Wahl f\u00fcr ung\u00fcltig erkl\u00e4rt wird, und nun der Kandidat, der den EU-Granden in Br\u00fcssel nicht gef\u00e4llt, festgenommen und anschlie\u00dfend vorsorglich f\u00fcr die Zeit des Wahlkampfs in Hausarrest gesteckt und sogar an der Kommunikation\u2026","rel":"","context":"In &quot;Demokratie \u2013 Medien \u2013 Aufkl\u00e4rung&quot;","block_context":{"text":"Demokratie \u2013 Medien \u2013 Aufkl\u00e4rung","link":"https:\/\/www.freidenker.org\/?cat=12"},"img":{"alt_text":"","src":"https:\/\/i0.wp.com\/www.freidenker.org\/fw17\/wp-content\/uploads\/2025\/03\/Calin_Georgescu_discurs_Biserica_Penticostala_Jebel_800x450.jpg?fit=800%2C450&ssl=1&resize=350%2C200","width":350,"height":200,"srcset":"https:\/\/i0.wp.com\/www.freidenker.org\/fw17\/wp-content\/uploads\/2025\/03\/Calin_Georgescu_discurs_Biserica_Penticostala_Jebel_800x450.jpg?fit=800%2C450&ssl=1&resize=350%2C200 1x, https:\/\/i0.wp.com\/www.freidenker.org\/fw17\/wp-content\/uploads\/2025\/03\/Calin_Georgescu_discurs_Biserica_Penticostala_Jebel_800x450.jpg?fit=800%2C450&ssl=1&resize=525%2C300 1.5x, https:\/\/i0.wp.com\/www.freidenker.org\/fw17\/wp-content\/uploads\/2025\/03\/Calin_Georgescu_discurs_Biserica_Penticostala_Jebel_800x450.jpg?fit=800%2C450&ssl=1&resize=700%2C400 2x"},"classes":[]},{"id":11065,"url":"https:\/\/www.freidenker.org\/?p=11065","url_meta":{"origin":23866,"position":3},"title":"&#8222;Hebt den gesenkten Kopf wieder!&#8220;","author":"Webredaktion","date":"16. August 2021","format":false,"excerpt":"Gru\u00dfwort von Klaus Linder auf dem \"Drushba!-Friedensfest\" der DKP Brandenburg am 14.08.2021 Zu dieser\u00a0 Bundestagswahl unter Ausnahezustand\u00a0 hat immerhin die DKP die K-Frage positiv beantwortet: N\u00e4mlich, ob auf dem Wahlzettel die\u00a0 Partei stehen darf, die das \u201eK\u201c im Namen hat. Sie darf es und sie wird es. Herzliche Gratulation dazu\u2026","rel":"","context":"In &quot;Demokratie \u2013 Medien \u2013 Aufkl\u00e4rung&quot;","block_context":{"text":"Demokratie \u2013 Medien \u2013 Aufkl\u00e4rung","link":"https:\/\/www.freidenker.org\/?cat=12"},"img":{"alt_text":"","src":"https:\/\/i0.wp.com\/www.freidenker.org\/fw17\/wp-content\/uploads\/2021\/08\/Linder_Gruess_DKP-Sommerfest-20210814_800x450.jpg?fit=800%2C450&ssl=1&resize=350%2C200","width":350,"height":200,"srcset":"https:\/\/i0.wp.com\/www.freidenker.org\/fw17\/wp-content\/uploads\/2021\/08\/Linder_Gruess_DKP-Sommerfest-20210814_800x450.jpg?fit=800%2C450&ssl=1&resize=350%2C200 1x, https:\/\/i0.wp.com\/www.freidenker.org\/fw17\/wp-content\/uploads\/2021\/08\/Linder_Gruess_DKP-Sommerfest-20210814_800x450.jpg?fit=800%2C450&ssl=1&resize=525%2C300 1.5x, https:\/\/i0.wp.com\/www.freidenker.org\/fw17\/wp-content\/uploads\/2021\/08\/Linder_Gruess_DKP-Sommerfest-20210814_800x450.jpg?fit=800%2C450&ssl=1&resize=700%2C400 2x"},"classes":[]},{"id":23524,"url":"https:\/\/www.freidenker.org\/?p=23524","url_meta":{"origin":23866,"position":4},"title":"Steinmeiers Demokratie: Der b\u00fcrgerliche Burgfrieden zwischen Brandmauern","author":"Webredaktion","date":"12. November 2025","format":false,"excerpt":"Beitrag von Dagmar Henn Am 9. November 2025 redete wieder einmal der Bundespr\u00e4sident. Er redete f\u00fcr Verbot und Zensur. Und verriet ganz nebenbei, wie er sich Demokratie so denkt. Eher eingebunkert; daf\u00fcr mit viel Wohlf\u00fchlgerede \u00fcberzuckert, w\u00e4hrend der Boden wegbricht \u2026 Sofern es \u00fcberhaupt noch etwas in der Rede von\u2026","rel":"","context":"In &quot;Demokratie \u2013 Medien \u2013 Aufkl\u00e4rung&quot;","block_context":{"text":"Demokratie \u2013 Medien \u2013 Aufkl\u00e4rung","link":"https:\/\/www.freidenker.org\/?cat=12"},"img":{"alt_text":"","src":"https:\/\/i0.wp.com\/www.freidenker.org\/fw17\/wp-content\/uploads\/2025\/11\/Steinmeier_2025-09-16_Event_80._Deutscher_Fuersorgetag_STP_6755_800x450.jpg?fit=800%2C450&ssl=1&resize=350%2C200","width":350,"height":200,"srcset":"https:\/\/i0.wp.com\/www.freidenker.org\/fw17\/wp-content\/uploads\/2025\/11\/Steinmeier_2025-09-16_Event_80._Deutscher_Fuersorgetag_STP_6755_800x450.jpg?fit=800%2C450&ssl=1&resize=350%2C200 1x, https:\/\/i0.wp.com\/www.freidenker.org\/fw17\/wp-content\/uploads\/2025\/11\/Steinmeier_2025-09-16_Event_80._Deutscher_Fuersorgetag_STP_6755_800x450.jpg?fit=800%2C450&ssl=1&resize=525%2C300 1.5x, https:\/\/i0.wp.com\/www.freidenker.org\/fw17\/wp-content\/uploads\/2025\/11\/Steinmeier_2025-09-16_Event_80._Deutscher_Fuersorgetag_STP_6755_800x450.jpg?fit=800%2C450&ssl=1&resize=700%2C400 2x"},"classes":[]},{"id":22404,"url":"https:\/\/www.freidenker.org\/?p=22404","url_meta":{"origin":23866,"position":5},"title":"Vor zwei B\u00fcchern darf nicht gewarnt werden \u2013 aber eine Schwalbe macht noch keinen Sommer","author":"Webredaktion","date":"17. Juli 2025","format":false,"excerpt":"Beitrag von Dagmar Henn Na, wenigstens etwas \u2013 das Oberverwaltungsgericht M\u00fcnster hat entschieden, dass die M\u00fcnsteraner Stadtb\u00fccherei B\u00fccher nicht mehr mit Warnhinweisen versehen darf. Die Stadtb\u00fccherei, die sich selbst mit \"wir sind eine der besten Bibliotheken in Deutschland\" anpreist, hatte unter anderem ein Buch des ehemaligen Schweizer Nachrichtendienstlers Jacques Baud\u2026","rel":"","context":"In &quot;Demokratie \u2013 Medien \u2013 Aufkl\u00e4rung&quot;","block_context":{"text":"Demokratie \u2013 Medien \u2013 Aufkl\u00e4rung","link":"https:\/\/www.freidenker.org\/?cat=12"},"img":{"alt_text":"","src":"https:\/\/i0.wp.com\/www.freidenker.org\/fw17\/wp-content\/uploads\/2025\/07\/stadtbuecherei_muenster_43978654392_800x450.jpg?fit=800%2C450&ssl=1&resize=350%2C200","width":350,"height":200,"srcset":"https:\/\/i0.wp.com\/www.freidenker.org\/fw17\/wp-content\/uploads\/2025\/07\/stadtbuecherei_muenster_43978654392_800x450.jpg?fit=800%2C450&ssl=1&resize=350%2C200 1x, https:\/\/i0.wp.com\/www.freidenker.org\/fw17\/wp-content\/uploads\/2025\/07\/stadtbuecherei_muenster_43978654392_800x450.jpg?fit=800%2C450&ssl=1&resize=525%2C300 1.5x, https:\/\/i0.wp.com\/www.freidenker.org\/fw17\/wp-content\/uploads\/2025\/07\/stadtbuecherei_muenster_43978654392_800x450.jpg?fit=800%2C450&ssl=1&resize=700%2C400 2x"},"classes":[]}],"_links":{"self":[{"href":"https:\/\/www.freidenker.org\/index.php?rest_route=\/wp\/v2\/posts\/23866","targetHints":{"allow":["GET"]}}],"collection":[{"href":"https:\/\/www.freidenker.org\/index.php?rest_route=\/wp\/v2\/posts"}],"about":[{"href":"https:\/\/www.freidenker.org\/index.php?rest_route=\/wp\/v2\/types\/post"}],"author":[{"embeddable":true,"href":"https:\/\/www.freidenker.org\/index.php?rest_route=\/wp\/v2\/users\/3"}],"replies":[{"embeddable":true,"href":"https:\/\/www.freidenker.org\/index.php?rest_route=%2Fwp%2Fv2%2Fcomments&post=23866"}],"version-history":[{"count":1,"href":"https:\/\/www.freidenker.org\/index.php?rest_route=\/wp\/v2\/posts\/23866\/revisions"}],"predecessor-version":[{"id":23868,"href":"https:\/\/www.freidenker.org\/index.php?rest_route=\/wp\/v2\/posts\/23866\/revisions\/23868"}],"wp:featuredmedia":[{"embeddable":true,"href":"https:\/\/www.freidenker.org\/index.php?rest_route=\/wp\/v2\/media\/23867"}],"wp:attachment":[{"href":"https:\/\/www.freidenker.org\/index.php?rest_route=%2Fwp%2Fv2%2Fmedia&parent=23866"}],"wp:term":[{"taxonomy":"category","embeddable":true,"href":"https:\/\/www.freidenker.org\/index.php?rest_route=%2Fwp%2Fv2%2Fcategories&post=23866"},{"taxonomy":"post_tag","embeddable":true,"href":"https:\/\/www.freidenker.org\/index.php?rest_route=%2Fwp%2Fv2%2Ftags&post=23866"}],"curies":[{"name":"wp","href":"https:\/\/api.w.org\/{rel}","templated":true}]}}