{"id":23862,"date":"2025-12-12T02:17:12","date_gmt":"2025-12-12T01:17:12","guid":{"rendered":"https:\/\/www.freidenker.org\/?p=23862"},"modified":"2026-01-27T03:35:32","modified_gmt":"2026-01-27T02:35:32","slug":"kuenstler-fuer-den-frieden-im-osten-bestaendiger","status":"publish","type":"post","link":"https:\/\/www.freidenker.org\/?p=23862","title":{"rendered":"K\u00fcnstler f\u00fcr den Frieden: Im Osten best\u00e4ndiger"},"content":{"rendered":"<p>K\u00fcrzlich portr\u00e4tierte <a href=\"https:\/\/www.nachdenkseiten.de\/?p=142704\">Zaklin Nastic hier<\/a> den Dirigenten Justus Frantz. Heute steht ein anderer, auch in Russland pr\u00e4mierter Kunstpreistr\u00e4ger im Brennpunkt: der Liedermacher <strong>Tino Eisbrenner<\/strong>. Diesen beschreibt <strong>Diether Dehm<\/strong>, der f\u00fcr SPD und Linke 17 Jahre im Bundestag war und in den Achtziger-, Neunziger-Jahren gemeinsam mit Lindenberg, Maffay, BAP, Katja Ebstein und Wader Sprecher war von \u201eK\u00fcnstler f\u00fcr den Frieden\u201c, Koordinator von Friedenskundgebungen, Mitarbeiter bei den Unterhaltungsabteilungen von <em>ARD<\/em> und <em>ZDF<\/em> und Besitzer des Plattenlabels \u201eEMI-Musikant\u201c. \u2013 Vorweg noch ein Hinweis: Am Ende des Textes finden Sie die Links auf drei Lieder von Tino Eisbrenner.<\/p>\n<h4><strong>Folk-, Volks-Friedenss\u00e4nger: Tino Eisbrenner<\/strong><\/h4>\n<p><em>Von <strong>Diether Dehm<\/strong><\/em><\/p>\n<p><span style=\"font-size: 10pt;\">Erstver\u00f6ffentlichung am 09.12.2025 auf den <a href=\"https:\/\/www.nachdenkseiten.de\/?p=143332\" target=\"_blank\" rel=\"noopener\">NachDenkSeiten<\/a><\/span><\/p>\n<p>Dieser Beitrag ist auch als Audio-Podcast verf\u00fcgbar:<\/p>\n<audio class=\"wp-audio-shortcode\" id=\"audio-23862-1\" preload=\"none\" style=\"width: 100%;\" controls=\"controls\"><source type=\"audio\/mpeg\" src=\"https:\/\/www.nachdenkseiten.de\/upload\/podcast\/251209-Kuenstler-fuer-Frieden-NDS.mp3?_=1\" \/><a href=\"https:\/\/www.nachdenkseiten.de\/upload\/podcast\/251209-Kuenstler-fuer-Frieden-NDS.mp3\">https:\/\/www.nachdenkseiten.de\/upload\/podcast\/251209-Kuenstler-fuer-Frieden-NDS.mp3<\/a><\/audio>\n<p><span style=\"font-size: 10pt;\">Bereitgestellt von <a href=\"https:\/\/www.nachdenkseiten.de\/?p=143332\" target=\"_blank\" rel=\"noopener\">NachDenkSeiten<\/a>\u00a0<\/span><br \/>\n<span style=\"font-size: 10pt;\"><a href=\"https:\/\/www.nachdenkseiten.de\/upload\/podcast\/251209-Kuenstler-fuer-Frieden-NDS.mp3\" target=\"_blank\" rel=\"noopener\">Download<\/a><\/span><\/p>\n<p>Wie viele \u201eSpezial\u201c-W\u00fcnsche von K\u00fcnstlern bei Friedenskundgebungen 1981-85 sollte ich ber\u00fccksichtigen, doch bitte kurz vor oder nach einer Rede von Willy Brandt, Heinrich B\u00f6ll oder einem anderen Promi auftreten zu d\u00fcrfen. Jedenfalls, solange die TV-Kamerateams noch filmten. Oder doch bittesch\u00f6n daf\u00fcr zu sorgen, in einer Friedens-Show \u2013 neben einer Botschaft gegen Atom-Raketen \u2013 den jeweils aktuellen Single-Hit pr\u00e4sentieren zu d\u00fcrfen. Bekenntnisse gegen die NATO waren damals Karrierebeschleuniger. Heute hei\u00dft es: Sag mir, wo die K\u00fcnstler sind, wo sind sie geblieben?<\/p>\n<p>Gegen den v\u00f6lkerrechtswidrigen Kriegsangriff NATO-Deutschlands auf Jugoslawien standen wir Anfang April 1999 mit bundesweit erb\u00e4rmlichen 10.000 Leuten auf dem Berliner Gendarmenmarkt. Und es waren \u2013 neben Wader und Wecker \u2013 \u00fcberwiegend nur noch ostdeutsche Liedermacher wie Tino Eisbrenner, die beim Feindbild Serbien nicht mitspielen wollten.<\/p>\n<p>Als dann die NATO \u2013 nach und trotz der ergreifenden Rede von Wladimir Putin 2001 im Bundestag \u2013 ihre Panzerverb\u00e4nde immer weiter gegen die russische Grenze vorr\u00fccken lie\u00df und dazu Asow-Scharfsch\u00fctzen mit SS-Buttons anwarb, wurden die Ausreden einstiger \u201eK\u00fcnstler f\u00fcr den Frieden\u201c, nicht aufzutreten, immer kreativer. Das klang dann so: Putin sei aber doch homophob und wolle mit brutalem Staatsterror die M\u00e4dchenband \u201ePussy Riot\u201c daran hindern, auf Alt\u00e4ren der russisch-orthodoxen Kirche ihren westwertebasierten Protestpunk gegen den Kreml vorzutanzen.<\/p>\n<p>Derlei bigotte Vorw\u00e4nde f\u00fcr Russenhass kamen von westdeutschen \u201eFriedensstars\u201c aus den Achtzigern, aber kaum von Ostk\u00fcnstlern und schon gar nicht von Tino Eisbrenner. 2016 inszenierte dieser im \u201eRussischen Haus\u201c in Berlin ein Friedenskonzert, reiste kurz darauf zu einer musizierenden Friedensexpedition nach Russland, Wei\u00dfrussland, Polen und auf die Krim.<\/p>\n<p>Dass Tino Eisbrenner, der sich mit seiner Sch\u00fclerband \u201eJessica\u201c schon in den Achtzigern unter die DDR-Fernsehstars gesungen hatte, nicht mehr so ganz sang- und klanglos aus den Archivregalen zu entfernen war, mag manchem DDR-Musik-Abwickler beim <em>MDR<\/em> oder bei den Privat-Radios \u00e4rgerlich aufgesto\u00dfen sein.<\/p>\n<p>Aber allm\u00e4hlich m\u00fcssen dann in den letzten 25 Jahren seine CDs auf den heimlichen schwarzen Listen gelandet sein. Bereits sein Album \u201eWillkommen in der Welt\u201c war aus Pop-Sendungen ausgespart, obwohl Rockstar Heinz Rudolf Kunze und dessen Partner Heiner L\u00fcrig es coproduziert hatten. Schon Eisbrenners mitrei\u00dfende Brecht-Interpretation vor der halben Million Demonstranten am Brandenburger Tor gegen den Irakkrieg, Mitte Februar 2003 neben Reinhard Mey, Peter Sodann und Konstantin Wecker, fand keine Erw\u00e4hnung in der \u201eQualit\u00e4tspresse\u201c.<\/p>\n<p>1962 bei Berlin geboren, verbrachte der achtj\u00e4hrige Tino drei Jahre in Bulgarien \u2013 wegen des Lehrerberufs seiner Eltern. Mit 19 Jahren wurde er an der \u201eHochschule f\u00fcr Schauspielkunst\u201c in Leipzig nach einer Pr\u00fcfung angenommen, um zwei \u201eplanm\u00e4\u00dfige\u201c Jahre sp\u00e4ter das Studium dort zu beginnen. Was er dann aber nicht tat. Er entschied sich um. F\u00fcr die Musik.<\/p>\n<p>Bei Eisbrenners Auftritten ist gleichwohl zu sp\u00fcren, dass in der DDR die \u201eKulturschaffenden-Laufbahn\u201c weniger libert\u00e4r verlief. Mir reichten zehn an hessischen Falken-Lagerfeuern erworbene Gitarrengriffe, um mich \u201eLiedermacher\u201c zu nennen und damit mein Studium zu finanzieren. S\u00e4ngerkollegen \u201edr\u00fcben\u201c wurden examiniert und zertifiziert. Das K\u00fcnstlerhandwerk war dort staatlich geordnet, gefordert und gef\u00f6rdert. In Stimmausbildung, Instrumentenf\u00fchrung und Liedlyrik. Heute, mit \u00fcber Sechzig, schmettert Eisbrenner noch Tonh\u00f6hen aus der Bauchatmung und mit einer Kraft, von denen andere Interpreten nur tr\u00e4umen. Er singt aber auch dabei so deutlich und nuanciert, dass selbst kompliziertere, eigene Textpassagen, wie auch solche von Brecht und Tucholsky, akustisch stets verstehbar bleiben. Aber Eisbrenners Ausbildung waren keine Hochschulen, sondern geschah mit Hootenannies und Kollegen.<\/p>\n<p>Auf der B\u00fchne ist Eisbrenner nicht in erster Linie \u201eLiedermacher\u201c oder \u201eChansonnier\u201c, sondern Volkss\u00e4nger, eigentlich \u201eFolks-S\u00e4nger\u201c. Er erinnert an den Urvater der moderneren Folksongs, Pete Seeger \u2013 Vorbild von Dylan und Springsteen -, der keine B\u00fchne verlassen mochte, ohne zuvor ein mitsingendes Publikum zu Komplizen gemacht zu haben.<\/p>\n<p>Als erster Ausl\u00e4nder seit Jahrzehnten erhielt er am 15.9.2018 in Russland den Preis \u201e\u043c\u0430\u0441\u0442\u0435\u0440\u043a\u043b\u0430\u0441\u0441\u201c (\u201eMeisterklasse\u201c) f\u00fcr das Projekt \u201eMusik statt Krieg \u2013 \u043c\u0443\u0437\u044b\u043a\u0430 \u0432\u043c\u0435\u0441\u0442\u043e \u0432\u043e\u0439\u043d\u044b\u201c. Anfang 2020 startete er davon sein drittes Konzert im Russischen Haus der Wissenschaft und Kultur in Berlin. Zuvor hatte er das gewagte deutsch-russisch-englische Programm \u201eUnangepasst: Wyssozki \u2013 Waits \u2013 Brecht\u201c mit einer Konzertreise auf die Krim absolviert. Der gewagte Mix dieser drei Lyriker gelang, weil die Russen \u2013 trotz alledem \u2013 Kultur aus Deutschland mit besonders offenen Armen empfangen. So wurde auch sein Buch \u201eDas Lied vom Frieden \u2013 Erlebnisse und Betrachtungen eines deutschen Songpoeten\u201d auf Russisch publiziert.<\/p>\n<p>Aber Eisbrenner nutzt seine Talente nicht nur f\u00fcr Freundschaftsofferten gen Osten. Seit 1990 besuchte er immer wieder s\u00fcdamerikanische Indianer, half ihnen bei der Finanzierung ihrer Schulbauprojekte und lud sie nach Europa ein. F\u00fcr den nordamerikanischen Protests\u00e4nger Mitch Walking Elk vom Stamm der Cheyenne-Arapaho realisierte er eine CD-Co-Produktion mit deutschen Musikern.<\/p>\n<p>Die Planungen seines 40. B\u00fchnenjahrs waren dem Kultur-Lockdown zum Opfer gefallen. Die meisten K\u00fcnstler litten und murrten. Eisbrenner protestierte laut. Und schuf sein eigenes \u201eSonglandstudio\u201c, um wenigstens per Tontr\u00e4ger Kontakt zum Publikum zu halten. Es entstanden f\u00fcnf Alben in jenen zwei Jahren, flankiert von Eisbrenners Engagement als Gr\u00fcndungsmitglied der Initiative \u201eKultur ins Grundgesetz\u201c, was von SPD und Gr\u00fcnen mit dem Koalitionsvertrag versprochen, aber nie angegangen wurde.<\/p>\n<p>Im Mai 2023 nahm Eisbrenner am internationalen Contest \u201eDer Weg nach Yalta\u201c in Moskau teil, bei dem er f\u00fcr Deutschland den zweiten Platz erreichte. Die Mehrheit der offiziellen Medienlandschaft strafte ihn daf\u00fcr mit Ignoranz. W\u00e4hrend sich Live-Anfragen aus der Friedensbewegung h\u00e4uften \u2013 besonders nach seiner in Moskau vorgetragenen Nachdichtung des ber\u00fchmten russischen Friedensliedes \u201eShuravli\u201c (Kraniche). Die Russen verliehen ihm, anl\u00e4sslich des 225.Geburtstags des Dichters, 2024 dann die Puschkin-Medaille der Russischen F\u00f6deration.<\/p>\n<p>Tino Eisbrenner ist \u2013 wie im ganz Gro\u00dfen auch Dieter Hallervorden \u2013 ein Beispiel daf\u00fcr, wie K\u00fcnstler bei einer breiten Mehrheit von Medien verp\u00f6nt, aber bei einer gro\u00dfen Mehrheit der Leser- und H\u00f6rerschaft beliebt sein k\u00f6nnen.<\/p>\n<p>Dass dabei K\u00fcnstler aus dem Osten \u2013 zus\u00e4tzlich zum \u201eMakel\u201c, f\u00fcr Freundschaft mit Russland zu sein \u2013 auch noch die Ignoranz von westdeutschen Verlagskonzernprofis gegen sich haben, macht es umgekehrt besonders lohnenswert, sie nebst Werken in alternativen Medien zu preisen. So zum Beispiel f\u00fcr den Weihnachtsgabentisch: Tino Eisbrenners Buch \u201e<strong>Kraniche<\/strong>\u201c bei Edition Bodoni, Neuruppin (165 Seiten, 2023; 25.- \u20ac) und seinen Interview- und Fotoband \u201e<strong>Hinterland<\/strong>\u201c beim selben Ost-Verlag (2022, 90 Seiten; 30.- \u20ac).<\/p>\n<p><strong>Hier folgen, wie eingangs angek\u00fcndigt, die Links auf drei Eisbrenner-Songs:<\/strong><\/p>\n<ul>\n<li><a href=\"https:\/\/youtu.be\/IMMFepnuAUU\">Zara and Tino Eisbrenner \u2013 Cranes<\/a><\/li>\n<li><a href=\"https:\/\/youtu.be\/rwx2-S4lok0\">EISBRENNER &amp; TATANKA YOTANKA \u2013 INDIANERLAND<\/a><\/li>\n<li><a href=\"https:\/\/youtu.be\/KaoLleGiOPQ\">EISBRENNER \u2013 Silvestersong<\/a><\/li>\n<\/ul>\n<p style=\"text-align: right;\"><em>Dr. Diether Dehm ist Mitglied des Deutschen Freidenker-Verbandes und seines Beirats<\/em><\/p>\n<hr \/>\n<p><span style=\"font-size: 10pt;\">Bild oben: Tino Eisbrenner bei einem Auftritt am 19.08.2024 in Eisenach<\/span><br \/>\n<span style=\"font-size: 10pt;\">Foto: Steffen Pr\u00f6\u00dfdorf, <a href=\"https:\/\/creativecommons.org\/licenses\/by-sa\/4.0\" target=\"_blank\" rel=\"noopener\">CC BY-SA 4.0<\/a><\/span><br \/>\n<span style=\"font-size: 10pt;\">Quelle: <a href=\"https:\/\/commons.wikimedia.org\/w\/index.php?curid=151653568\" target=\"_blank\" rel=\"noopener\">https:\/\/commons.wikimedia.org\/w\/index.php?curid=151653568<\/a><\/span><\/p>\n","protected":false},"excerpt":{"rendered":"<p><b>Beitrag von Diether Dehm<\/b><br \/>\nWie viele \u201eSpezial\u201c-W\u00fcnsche von K\u00fcnstlern bei Friedenskundgebungen 1981-85 sollte ich ber\u00fccksichtigen, doch bitte kurz vor oder nach einer Rede von Willy Brandt, Heinrich B\u00f6ll oder einem anderen Promi auftreten zu d\u00fcrfen. Jedenfalls, solange die TV-Kamerateams noch filmten. [&#8230;]  Bekenntnisse gegen die NATO waren damals Karrierebeschleuniger. Heute hei\u00dft es: Sag mir, wo die K\u00fcnstler sind, wo sind sie geblieben? Gegen den v\u00f6lkerrechtswidrigen Kriegsangriff NATO-Deutschlands auf Jugoslawien standen wir Anfang April 1999 mit bundesweit erb\u00e4rmlichen 10.000 Leuten auf dem Berliner Gendarmenmarkt. Und es waren \u2013 neben Wader und Wecker \u2013 \u00fcberwiegend nur noch ostdeutsche Liedermacher wie Tino Eisbrenner, die beim Feindbild Serbien nicht mitspielen wollten.<\/p>\n","protected":false},"author":3,"featured_media":23864,"comment_status":"closed","ping_status":"closed","sticky":false,"template":"","format":"standard","meta":{"colormag_page_container_layout":"default_layout","colormag_page_sidebar_layout":"default_layout","advanced_seo_description":"","jetpack_seo_html_title":"","jetpack_seo_noindex":false,"jetpack_post_was_ever_published":false,"footnotes":""},"categories":[13,913],"tags":[454,1180,2945,335,43,1592,407,1795,1756,1351,939,56,825,1168],"class_list":["post-23862","post","type-post","status-publish","format-standard","has-post-thumbnail","hentry","category-frieden-antifaschismus-solidaritaet","category-kultur-kunst","tag-ddr","tag-freundschaft","tag-freundschaft-mit-russland","tag-frieden","tag-friedensbewegung","tag-indianer","tag-kunst","tag-kuenstler","tag-liedermacher","tag-lockdown","tag-musik","tag-nato","tag-politisches-lied","tag-russophobie"],"jetpack_featured_media_url":"https:\/\/i0.wp.com\/www.freidenker.org\/fw17\/wp-content\/uploads\/2025\/12\/Eisbrenner_Eisenach_STP_2924_800x450.jpg?fit=800%2C450&ssl=1","jetpack_shortlink":"https:\/\/wp.me\/p9stpK-6cS","jetpack-related-posts":[{"id":13736,"url":"https:\/\/www.freidenker.org\/?p=13736","url_meta":{"origin":23862,"position":0},"title":"Video vom Liedersommer 2022: Stimmen zu Frieden und Freiheit","author":"Webredaktion","date":"9. Juli 2022","format":false,"excerpt":"Die Arbeiterfotografie hat von unserem Linken Liedersommer 2022 ein 52-min\u00fctiges Video erstellt und \u00fcber die NRhZ und auf YouTube ver\u00f6ffentlicht. Im Begleittext dazu hei\u00dft es: In Tradition des politischen Liedes von Verdis Gefangenenchor aus Nabucco, \u00fcber den US-Arbeiterf\u00fchrer und Liedermacher Joe Hill, Brecht-Eisler-Kampflieder und Balladen, \u00fcber das israelische \"Frieden f\u00fcr\u2026","rel":"","context":"In &quot;Kultur &amp; Kunst&quot;","block_context":{"text":"Kultur &amp; Kunst","link":"https:\/\/www.freidenker.org\/?cat=913"},"img":{"alt_text":"","src":"https:\/\/i0.wp.com\/www.freidenker.org\/fw17\/wp-content\/uploads\/2022\/07\/sonja_liliso2022_v6a.jpg?fit=800%2C450&ssl=1&resize=350%2C200","width":350,"height":200,"srcset":"https:\/\/i0.wp.com\/www.freidenker.org\/fw17\/wp-content\/uploads\/2022\/07\/sonja_liliso2022_v6a.jpg?fit=800%2C450&ssl=1&resize=350%2C200 1x, https:\/\/i0.wp.com\/www.freidenker.org\/fw17\/wp-content\/uploads\/2022\/07\/sonja_liliso2022_v6a.jpg?fit=800%2C450&ssl=1&resize=525%2C300 1.5x, https:\/\/i0.wp.com\/www.freidenker.org\/fw17\/wp-content\/uploads\/2022\/07\/sonja_liliso2022_v6a.jpg?fit=800%2C450&ssl=1&resize=700%2C400 2x"},"classes":[]},{"id":15995,"url":"https:\/\/www.freidenker.org\/?p=15995","url_meta":{"origin":23862,"position":1},"title":"Belafontes Song","author":"Webredaktion","date":"11. Mai 2023","format":false,"excerpt":"Nachruf von Dr. Hartmut K\u00f6nig Als Harry Belafonte 2011 seine Autobiografie vorlegte, nannte er sie \u201eMy Song\u201c. Aber was meinte \u201eSong\u201c? Keinen seiner musikalischen Hits. \u201eSong\u201c war die Summe seines Lebens. Und er erkl\u00e4rt es im Abgesang: \u201eIch glaube, meine Zeit war bemerkenswert. Mir ist bewusst, dass wir heute in\u2026","rel":"","context":"In &quot;Kultur &amp; Kunst&quot;","block_context":{"text":"Kultur &amp; Kunst","link":"https:\/\/www.freidenker.org\/?cat=913"},"img":{"alt_text":"","src":"https:\/\/i0.wp.com\/www.freidenker.org\/fw17\/wp-content\/uploads\/2023\/05\/belafonte_1816_img208_800x450.jpg?fit=800%2C450&ssl=1&resize=350%2C200","width":350,"height":200,"srcset":"https:\/\/i0.wp.com\/www.freidenker.org\/fw17\/wp-content\/uploads\/2023\/05\/belafonte_1816_img208_800x450.jpg?fit=800%2C450&ssl=1&resize=350%2C200 1x, https:\/\/i0.wp.com\/www.freidenker.org\/fw17\/wp-content\/uploads\/2023\/05\/belafonte_1816_img208_800x450.jpg?fit=800%2C450&ssl=1&resize=525%2C300 1.5x, https:\/\/i0.wp.com\/www.freidenker.org\/fw17\/wp-content\/uploads\/2023\/05\/belafonte_1816_img208_800x450.jpg?fit=800%2C450&ssl=1&resize=700%2C400 2x"},"classes":[]},{"id":20002,"url":"https:\/\/www.freidenker.org\/?p=20002","url_meta":{"origin":23862,"position":2},"title":"Frieden durch Dialog \u2013 Ein Weg f\u00fcr die Zukunft","author":"Webredaktion","date":"5. Oktober 2024","format":false,"excerpt":"Beitrag von Marion Schneider Vom 25. bis 27. Oktober 2024 wird die Ordensburg Liebstedt in Th\u00fcringen zum Zentrum f\u00fcr den internationalen Dialog \u00fcber Frieden und Verst\u00e4ndigung. Der Kongress \u201eFrieden und Dialog\u201c, organisiert von der Gesellschaft zur F\u00f6rderung guten Lebens e.V., bringt renommierte Referentinnen und Referenten, Friedensaktivisten und interessierte B\u00fcrger zusammen,\u2026","rel":"","context":"In &quot;Frieden - Antifaschismus - Solidarit\u00e4t&quot;","block_context":{"text":"Frieden - Antifaschismus - Solidarit\u00e4t","link":"https:\/\/www.freidenker.org\/?cat=13"},"img":{"alt_text":"","src":"https:\/\/i0.wp.com\/www.freidenker.org\/fw17\/wp-content\/uploads\/2024\/10\/Ordensburg-1-800x450-1.jpg?fit=800%2C450&ssl=1&resize=350%2C200","width":350,"height":200,"srcset":"https:\/\/i0.wp.com\/www.freidenker.org\/fw17\/wp-content\/uploads\/2024\/10\/Ordensburg-1-800x450-1.jpg?fit=800%2C450&ssl=1&resize=350%2C200 1x, https:\/\/i0.wp.com\/www.freidenker.org\/fw17\/wp-content\/uploads\/2024\/10\/Ordensburg-1-800x450-1.jpg?fit=800%2C450&ssl=1&resize=525%2C300 1.5x, https:\/\/i0.wp.com\/www.freidenker.org\/fw17\/wp-content\/uploads\/2024\/10\/Ordensburg-1-800x450-1.jpg?fit=800%2C450&ssl=1&resize=700%2C400 2x"},"classes":[]},{"id":7193,"url":"https:\/\/www.freidenker.org\/?p=7193","url_meta":{"origin":23862,"position":3},"title":"Ich bin Antiimperialist und Antikapitalist","author":"Webredaktion","date":"12. November 2019","format":false,"excerpt":"Am 25. September 2019 fand der gemeinsame Auftritt von Johanna Arndt, Anna von Rohden und Nicolas Miquea in Darmstadt in der Bessunger Knabenschule statt \u2013 veranstaltet vom Deutschen Freidenker-Verband, vom Bundesverband Arbeiterfotografie, von der DKP und der LINKEN. Das Motto des Abends lautete: \"Ich schreibe, um zu leben - Gef\u00e4ngnisbriefe,\u2026","rel":"","context":"In &quot;Kultur &amp; Kunst&quot;","block_context":{"text":"Kultur &amp; Kunst","link":"https:\/\/www.freidenker.org\/?cat=913"},"img":{"alt_text":"","src":"https:\/\/i0.wp.com\/www.freidenker.org\/fw17\/wp-content\/uploads\/2019\/11\/nicolas_miquea_800x445.jpg?fit=800%2C445&ssl=1&resize=350%2C200","width":350,"height":200,"srcset":"https:\/\/i0.wp.com\/www.freidenker.org\/fw17\/wp-content\/uploads\/2019\/11\/nicolas_miquea_800x445.jpg?fit=800%2C445&ssl=1&resize=350%2C200 1x, https:\/\/i0.wp.com\/www.freidenker.org\/fw17\/wp-content\/uploads\/2019\/11\/nicolas_miquea_800x445.jpg?fit=800%2C445&ssl=1&resize=525%2C300 1.5x, https:\/\/i0.wp.com\/www.freidenker.org\/fw17\/wp-content\/uploads\/2019\/11\/nicolas_miquea_800x445.jpg?fit=800%2C445&ssl=1&resize=700%2C400 2x"},"classes":[]},{"id":15624,"url":"https:\/\/www.freidenker.org\/?p=15624","url_meta":{"origin":23862,"position":4},"title":"FREIDENKER Nr. 1-23 \u2013 Verfemte K\u00fcnstler","author":"Webredaktion","date":"28. M\u00e4rz 2023","format":false,"excerpt":"Die Ausgabe 1-23 des Verbandsorgans FREIDENKER hat das Schwerpunkt-Thema \u201eVerfemte K\u00fcnstler\u201c und enth\u00e4lt u.a. folgende Beitr\u00e4ge: - Diether Dehm: Degenhardt, S\u00fcverkr\u00fcp und die Innenarchitektur des Imperialismus - Franziska Schneider: Garantiert kein Fernsehkabarett - Dreimal Dietrich Kittner (Rotk\u00e4ppchen und Currywurst, Vater geht betteln, Skandal im Friedenslager) - Klaus von Raussendorff: \u201eDie\u2026","rel":"","context":"In &quot;Kultur &amp; Kunst&quot;","block_context":{"text":"Kultur &amp; Kunst","link":"https:\/\/www.freidenker.org\/?cat=913"},"img":{"alt_text":"","src":"https:\/\/i0.wp.com\/www.freidenker.org\/fw17\/wp-content\/uploads\/2023\/03\/FD_2023-01_Titel_mR.jpg?fit=800%2C445&ssl=1&resize=350%2C200","width":350,"height":200,"srcset":"https:\/\/i0.wp.com\/www.freidenker.org\/fw17\/wp-content\/uploads\/2023\/03\/FD_2023-01_Titel_mR.jpg?fit=800%2C445&ssl=1&resize=350%2C200 1x, https:\/\/i0.wp.com\/www.freidenker.org\/fw17\/wp-content\/uploads\/2023\/03\/FD_2023-01_Titel_mR.jpg?fit=800%2C445&ssl=1&resize=525%2C300 1.5x, https:\/\/i0.wp.com\/www.freidenker.org\/fw17\/wp-content\/uploads\/2023\/03\/FD_2023-01_Titel_mR.jpg?fit=800%2C445&ssl=1&resize=700%2C400 2x"},"classes":[]},{"id":24989,"url":"https:\/\/www.freidenker.org\/?p=24989","url_meta":{"origin":23862,"position":5},"title":"Spielt wieder Degenhardt und S\u00fcverkr\u00fcp \u2013 trotzt den Vergessenmachern!","author":"Webredaktion","date":"23. April 2026","format":false,"excerpt":"Artikel von Diether Dehm Ab 1964 wurde aus dem Festival \u201eChanson Folklore International\u201d auf der Hunsr\u00fccker Burg Waldeck ein regelrechtes Labor f\u00fcr Friedensk\u00fcnstler. Aber, obwohl Franz Josef Degenhardt und Dieter S\u00fcverkr\u00fcp dort die ersten und bedeutendsten westdeutschen S\u00e4nger gegen den Krieg nach dem Krieg waren: Als es vor 45 Jahren\u2026","rel":"","context":"In &quot;Aktuelles&quot;","block_context":{"text":"Aktuelles","link":"https:\/\/www.freidenker.org\/?cat=574"},"img":{"alt_text":"","src":"https:\/\/i0.wp.com\/www.freidenker.org\/fw17\/wp-content\/uploads\/2026\/04\/degenhardt_sueverkruep.jpg?fit=800%2C450&ssl=1&resize=350%2C200","width":350,"height":200,"srcset":"https:\/\/i0.wp.com\/www.freidenker.org\/fw17\/wp-content\/uploads\/2026\/04\/degenhardt_sueverkruep.jpg?fit=800%2C450&ssl=1&resize=350%2C200 1x, https:\/\/i0.wp.com\/www.freidenker.org\/fw17\/wp-content\/uploads\/2026\/04\/degenhardt_sueverkruep.jpg?fit=800%2C450&ssl=1&resize=525%2C300 1.5x, https:\/\/i0.wp.com\/www.freidenker.org\/fw17\/wp-content\/uploads\/2026\/04\/degenhardt_sueverkruep.jpg?fit=800%2C450&ssl=1&resize=700%2C400 2x"},"classes":[]}],"_links":{"self":[{"href":"https:\/\/www.freidenker.org\/index.php?rest_route=\/wp\/v2\/posts\/23862","targetHints":{"allow":["GET"]}}],"collection":[{"href":"https:\/\/www.freidenker.org\/index.php?rest_route=\/wp\/v2\/posts"}],"about":[{"href":"https:\/\/www.freidenker.org\/index.php?rest_route=\/wp\/v2\/types\/post"}],"author":[{"embeddable":true,"href":"https:\/\/www.freidenker.org\/index.php?rest_route=\/wp\/v2\/users\/3"}],"replies":[{"embeddable":true,"href":"https:\/\/www.freidenker.org\/index.php?rest_route=%2Fwp%2Fv2%2Fcomments&post=23862"}],"version-history":[{"count":2,"href":"https:\/\/www.freidenker.org\/index.php?rest_route=\/wp\/v2\/posts\/23862\/revisions"}],"predecessor-version":[{"id":23871,"href":"https:\/\/www.freidenker.org\/index.php?rest_route=\/wp\/v2\/posts\/23862\/revisions\/23871"}],"wp:featuredmedia":[{"embeddable":true,"href":"https:\/\/www.freidenker.org\/index.php?rest_route=\/wp\/v2\/media\/23864"}],"wp:attachment":[{"href":"https:\/\/www.freidenker.org\/index.php?rest_route=%2Fwp%2Fv2%2Fmedia&parent=23862"}],"wp:term":[{"taxonomy":"category","embeddable":true,"href":"https:\/\/www.freidenker.org\/index.php?rest_route=%2Fwp%2Fv2%2Fcategories&post=23862"},{"taxonomy":"post_tag","embeddable":true,"href":"https:\/\/www.freidenker.org\/index.php?rest_route=%2Fwp%2Fv2%2Ftags&post=23862"}],"curies":[{"name":"wp","href":"https:\/\/api.w.org\/{rel}","templated":true}]}}