{"id":23773,"date":"2025-12-09T22:27:46","date_gmt":"2025-12-09T21:27:46","guid":{"rendered":"https:\/\/www.freidenker.org\/?p=23773"},"modified":"2026-01-27T03:34:54","modified_gmt":"2026-01-27T02:34:54","slug":"die-deutschen-wurzeln-des-zionismus","status":"publish","type":"post","link":"https:\/\/www.freidenker.org\/?p=23773","title":{"rendered":"Die deutschen Wurzeln des Zionismus"},"content":{"rendered":"<div id=\"c619\" class=\"frame frame-size-default frame-default frame-type-text frame-layout-default frame-background-none frame-no-backgroundimage frame-space-before-none frame-space-after-none\">\n<div class=\"frame-group-container\">\n<div class=\"frame-group-inner\">\n<div class=\"frame-container frame-container-default\">\n<div class=\"frame-inner\">\n<header class=\"frame-header\">\n<h4 class=\"element-header \">Wie der Zionismus aus dem Vorbild des deutsch-v\u00f6lkischen Nationalismus entstand und die Pal\u00e4stinenser dabei auf der Strecke blieben<\/h4>\n<p class=\"element-subheader \"><strong>Der Palmyra-Verlag in Heidelberg hat sehr interessante Texte des Nahost-Experten Clemens Messerschmid als Buch herausgegeben<\/strong><\/p>\n<p class=\"\"><em>Rezension von <strong>Arn Strohmeyer<\/strong><\/em><\/p>\n<p><span style=\"font-size: 10pt;\">Erstver\u00f6ffentlichung am 04.12.2025 auf <a href=\"https:\/\/www.arnstrohmeyer.de\/zeitgeschehen\/israelpalaestina\/deutsch-voelkischer-nationalismus-und-zionismus\" target=\"_blank\" rel=\"noopener\">arnstrohmeyer.de<\/a><\/span><\/p>\n<\/header>\n<p>Clemens Messerschmid war eine Ausnahmeerscheinung in der Pal\u00e4stina-Szene: ein hoch qualifizierter Experte, der stets eine exakte wissenschaftliche Expertise in seinem Fach mit einer stets aktualisierten politischen Analyse verband. Dazu war er ein linker Aktivist, der sich unerm\u00fcdlich und unbeugsam f\u00fcr die Sache der Pal\u00e4stinenser einsetzte, was er kompetent mit der T\u00e4tigkeit als Journalist, Publizist und Vortragsredner verband. Er konnte mit sehr exaktem Wissen \u00fcber den Konflikt zwischen Israelis und Pal\u00e4stinensern informieren. Entsprechend aggressiv wurde er von zionistischer Seite und den Israel-Verteidigern angegriffen.<\/p>\n<p>\u201eMein Thema ist das Wasser. Und das ist in Pal\u00e4stina von A bis Z ein Politikum\u201c, hat der studierte Hydrologe einmal geschrieben. In der Tat: Der Zugang zu Wasser ist ein unver\u00e4u\u00dferliches Menschenrecht, aber eben nicht in Pal\u00e4stina, wo die Besatzungsmacht die wichtigsten Wasserressourcen okkupiert und annektiert hat und bestimmt, wer wieviel bekommt: Juden im \u00dcberfluss und Pal\u00e4stinenser nur ein notwendiges Minimum. Oder auch gar nichts wie jetzt im Gazastreifen, wo Israel ganz bewusst und systematisch alle Wasser- und Abwassersysteme zerst\u00f6rt hat und auch nur wenig oder gar kein Wasser in den Streifen liefert. Das ist Teil der genozidalen Kriegsstrategie.<\/p>\n<p>Gegen diese v\u00f6lker- und menschenrechtswidrige Politik hat Clemens Messerschmid mit allen Mitteln, die ihm zur Verf\u00fcgung standen, gek\u00e4mpft. In einem Nachruf hei\u00dft es: \u201eEr gei\u00dfelte die gnadenlose hydropolitische Herrschaft in den besetzten Gebieten und die Etablierung eines Systems der \u201aHydroapartheid\u2018 als zwei Rechtssysteme \u00fcber ein und dieselbe Ressource und k\u00e4mpfte gegen die verlogenen israelischen \u201aWassermythen\u2018.\u201c Clemens Messerschmidt starb viel zu fr\u00fch im Alter von 58 Jahren am 8. Februar 2023 in Ramallah, der Stadt, die er nach langem Aufenthalt dort als seine Heimat bezeichnete.<\/p>\n<p>Aber nicht um das Wasser in Pal\u00e4stina geht es in dem Buch mit Texten von ihm und engen Weggef\u00e4hrten, sondern vorrangig um die deutsche Staatsr\u00e4son als eine Konstante der deutschen Politik im Zusammenhang mit Juden, Zionismus und sp\u00e4ter auch Israel. Und deutsche Staatsr\u00e4son in diesem Zusammenhang bedeutete stets \u2013 aus was f\u00fcr Motiven auch immer \u2013 Wohlwollen f\u00fcr den Zionismus. Diese Konstante reicht vom Kaiserreich bis zur Gegenwart. Bundeskanzlerin Angela Merkel hatte 2008 im israelischen Parlament (der Knesset) als deutsche Staatr\u00e4son verk\u00fcndet, dass die deutsche Politik f\u00fcr die Sicherheit Israels verantwortlich sei. Und daran halten sich auch die nachfolgenden deutschen Regierungen. Messerschmid untersucht neben der Geschichte der deutschen Staatsr\u00e4son auch die ideologische N\u00e4he von deutsch-v\u00f6lkischem Nationalismus und Zionismus.<\/p>\n<p>Aus Staatsr\u00e4son hatte Kaiser Wilhelm II. schon Kriegsschiffe vor die K\u00fcste Pal\u00e4stinas geschickt, die dort die Ansiedlungen der deutschen Templer sch\u00fctzen sollten. Preu\u00dfen war Vorbild f\u00fcr den damals entstehenden Zionismus. Denn das preu\u00dfische Milit\u00e4r setzte nach den Richtlinien einer Ansiedlungskommission unter der Parole \u201egen Osten\u201c auf Expansion und Kolonisation, was nat\u00fcrlich ohne Krieg, Raub, Annexion und ethnische S\u00e4uberung gar nicht m\u00f6glich war. Im Osten sollte gewaltsam neuer \u201eLebensraum\u201c f\u00fcr die Deutschen geschaffen werden. Der Eroberung sollte die \u201eGermanisierung\u201c folgen. Als Beispiel dient die Provinz Posen, die in Etappen erobert und annektiert wurde.<\/p>\n<p>Der zionistische Funktion\u00e4r Arthur Ruppin sah in diesem Vorgang ein nachahmenswertes Vorbild f\u00fcr den Zionismus, denn er schrieb: \u201eIch betrachte die Arbeit des J\u00fcdischen Nationalfonds (JNF) als \u00e4hnlich wie die der Kolonisierungskommission in Posen und Westpreu\u00dfen. Der JNF wird Land kaufen, wenn es von Nichtjuden angeboten wird, und es entweder ganz oder teilweise an Juden weiterverkaufen.\u201c Und der zionistische Raumplaner Otto Warburg f\u00fcgte \u00fcber die Vorhaben des Zionismus in Pal\u00e4stina hinzu: \u201eWir gehen von der preu\u00dfischen Kolonisationsmethode aus, wie sie in den letzten zehn Jahren von der Ansiedlungskommission praktiziert wurde.\u201c Und dazu geh\u00f6rt dann entsprechend der deutschen \u201eGermanisierung\u201c im Osten die zionistische \u201eJudaisierung\u201c in Pal\u00e4stina.<\/p>\n<p>Der Zionismus hat aus der Quelle des deutsch-v\u00f6lkischen Nationalismus sehr intensiv gesch\u00f6pft. Dieser setzte auf eine homogene Nation im Sinne eines ethnisch-kulturellen Volksk\u00f6rpers. Die Zionisten nahmen sich diese nationalistische Ideologie genauso zum Vorbild wie die \u201eGermanisierung\u201c der Ostgebiete, um nicht nur das Land Pal\u00e4stina zu erobern, sondern dort in bewusster Abgrenzung zu der indigenen Bev\u00f6lkerung eine ethnisch \u201ereine\u201c, homogene j\u00fcdische Heimst\u00e4tte \u2013 und sp\u00e4ter einen j\u00fcdischen Staat \u2013 zu schaffen. Wobei nat\u00fcrlich auch der Antisemitismus in Deutschland und Europa eine wichtige Rolle bei der Entstehung des Zionismus spielte, der ja Teil des deutsch-v\u00f6lkischen Nationalismus war.<\/p>\n<p>Messerschmid beschreibt die Beziehung zwischen deutschem Nationalismus und Zionismus so: \u201eDer Zionismus war demnach eine Reaktion auf den v\u00f6lkischen und zunehmend auch rabiat antisemitischen deutschen Nationalismus \u2013 jedoch in Form einer Spiegelung, nicht einer Negation oder Aufhebung dessen v\u00f6lkischen Charakters; in ihm erblickt der deutsche Chauvinismus und Nationalismus sein Spiegelbild. An die Stelle der ethnisch homogenen deutschen Volksgemeinschaft setzte er eine eigene j\u00fcdische Volksgemeinschaft. Er \u201aerfand\u2018 \u2013 wie Shlomo Sand ausdr\u00fcckt \u2013 das j\u00fcdische Volk und behauptete dessen Existenz als Nation, in scharfer Abkehr vom modernen demokratischen Nationenbegriff. Wie der deutsche, v\u00f6lkische Nationalismus beinhaltet der Zionismus als sein grundlegendes Element die Eigenschaft, sich \u00fcber eine aggressive Abgrenzung nach au\u00dfen, gegen\u00fcber anderen V\u00f6lkern, Nationen und Ethnien zu definieren. Dieser prinzipiell negative Nationenbegriff findet bis heute seine aggressive Anwendung gegen\u00fcber den Pal\u00e4stinensern, deren schiere Existenz und Anwesenheit als st\u00f6rend, ja als Bedrohung begriffen wird. Ein Gedanke, der der deutschen Staatsr\u00e4son alles andere als fremd ist.\u201c<\/p>\n<p>Die deutsche Staatsr\u00e4son in einer positiven Verbindung mit dem Zionismus ist eine Konstante der deutschen Politik vom Kaiserreich bis heute. Denn Deutschland stand von Anfang an auf der Seite des Zionismus, und das Motiv war auch \u2013 zumindest in der Weimarer Republik und in Hitlers \u201eDrittem Reich\u201c \u2013 dasselbe: ein latenter oder offener Antisemitismus. Man \u00e4u\u00dferte \u00f6ffentlich seine Sympathien f\u00fcr die zionistische Bewegung und ihr Projekt in Pal\u00e4stina, meinte aber in Wirklichkeit, mit der \u201eAusschaffung\u201c der Juden aus dem Land das \u201ej\u00fcdische Problem\u201c l\u00f6sen zu k\u00f6nnen. Ein konstanter Faktor in der ideologischen und politischen N\u00e4he zum Zionismus war bis zu Angela Merkel, dass die Pal\u00e4stinenser und ihre Rechte schlicht ignoriert wurden, als g\u00e4be es sie gar nicht.<\/p>\n<p>Die Nazis betrieben zun\u00e4chst eine ambivalente Politik gegen\u00fcber den Juden: Entrechtung und Verfolgung auf der einen Seite und auch \u201eAusschaffung\u201c aus Deutschland auf der anderen Seite. Deshalb schlossen sie 1933 mit den Zionisten das Haavara-Abkommen, das Juden die Auswanderung mit ihrem Verm\u00f6gen nach Pal\u00e4stina erlaubte. Auch das war eine Konstante der deutschen Staatsr\u00e4son, die erst endete, als die Nazis sich zum Holocaust entschlossen.<\/p>\n<p>Clemens Messerschmid zieht die Bilanz: \u201eDie pal\u00e4stinensische Trag\u00f6die ist also erneut zumindest zu einem wichtigen Teil im Zusammenhang mit der deutschen Staatsr\u00e4son zu sehen. Zun\u00e4chst im 19. Jahrhundert, bei der urspr\u00fcnglichen Entstehung des Zionismus als Reaktion auf den deutschen v\u00f6lkischen Antisemitismus. Dann als \u00dcbernahme des preu\u00dfischen Modells der Ansiedlungskommission durch die Zionisten. Und schlie\u00dflich, in den 30er Jahren, als eine alte, nun aber durch die von den Nazis forcierte Massenauswanderung als eine weitere Konstante der deutschen Staatsr\u00e4son.\u201c<\/p>\n<p>Es sei hier angemerkt, darauf geht Clemens Messerschmid nicht ein, dass man Angela Merkels Bekenntnis zur Staatsr\u00e4son sicher keine antisemitischen Motive unterstellen kann. Ihr Motiv war eher von der deutschen Schuld am Holocaust bestimmt, aber die Bef\u00fcrwortung des zionistischen Projekts mit v\u00f6lliger Ignorierung der Pal\u00e4stinenser blieb auch bei ihr konstant \u2013 mit allen verwerflichen Folgen, die diese deutsche Nahost-Politik bis heute zeitigt: \u201edie bedingungslose Verteidigung des Staates Israel und seiner v\u00f6lkischen und rassistischen Politik gegen\u00fcber den Pal\u00e4stinensern, die sogar das Fundament der bundesdeutschen Politik ist\u201c, so schlie\u00dft der Text von Clemens Messerschmid.<\/p>\n<p>Die Darstellung der engen Beziehung zwischen der deutsch-v\u00f6lkischen Ideologie und dem Zionismus sowie die konstant von deutschen Regierungen gegen\u00fcber dem Zionismus durchgehaltene Staatsr\u00e4son, die man in dieser Form so noch nicht kannte, macht Messerschmids Buch \u00e4u\u00dferst lesenswert. Wobei die \u00fcbrigen Texte des Bandes nicht vernachl\u00e4ssigt werden sollen: Hannes Wandts (ein Freund Messerschmids) Ausf\u00fchrungen \u00fcber Israels Strategie, ein Gro\u00df-Israel zu schaffen; Helga Baumgartens Darstellung des zionistischen Siedlerkolonialismus mit seiner immanenten Gewalt, die zum V\u00f6lkermord in Gaza f\u00fchrten sowie Kerstin Cademartoris sehr pers\u00f6nlicher Blick auf den Menschen Clemens Messerschmid. Das Buch ist nicht nur eine Erinnerung an die au\u00dfergew\u00f6hnliche Pers\u00f6nlichkeit dieses Mannes, sondern vermittelt wichtige Erkenntnisse zum Verst\u00e4ndnis dessen, was seit Jahrzehnten im Nahen Osten geschieht und was die deutsche Politik damit zu tun hat.<\/p>\n<p><img data-recalc-dims=\"1\" loading=\"lazy\" decoding=\"async\" data-attachment-id=\"23776\" data-permalink=\"https:\/\/www.freidenker.org\/?attachment_id=23776\" data-orig-file=\"https:\/\/i0.wp.com\/www.freidenker.org\/fw17\/wp-content\/uploads\/2025\/12\/Messerschmid_Wurzeln_des_Zionismus_a.jpg?fit=420%2C599&amp;ssl=1\" data-orig-size=\"420,599\" data-comments-opened=\"0\" data-image-meta=\"{&quot;aperture&quot;:&quot;0&quot;,&quot;credit&quot;:&quot;&quot;,&quot;camera&quot;:&quot;&quot;,&quot;caption&quot;:&quot;&quot;,&quot;created_timestamp&quot;:&quot;0&quot;,&quot;copyright&quot;:&quot;&quot;,&quot;focal_length&quot;:&quot;0&quot;,&quot;iso&quot;:&quot;0&quot;,&quot;shutter_speed&quot;:&quot;0&quot;,&quot;title&quot;:&quot;&quot;,&quot;orientation&quot;:&quot;1&quot;}\" data-image-title=\"Messerschmid_Wurzeln_des_Zionismus_a\" data-image-description=\"\" data-image-caption=\"\" data-large-file=\"https:\/\/i0.wp.com\/www.freidenker.org\/fw17\/wp-content\/uploads\/2025\/12\/Messerschmid_Wurzeln_des_Zionismus_a.jpg?fit=420%2C599&amp;ssl=1\" class=\"alignnone wp-image-23776 size-full\" src=\"https:\/\/i0.wp.com\/www.freidenker.org\/fw17\/wp-content\/uploads\/2025\/12\/Messerschmid_Wurzeln_des_Zionismus_a.jpg?resize=420%2C599&#038;ssl=1\" alt=\"\" width=\"420\" height=\"599\" srcset=\"https:\/\/i0.wp.com\/www.freidenker.org\/fw17\/wp-content\/uploads\/2025\/12\/Messerschmid_Wurzeln_des_Zionismus_a.jpg?w=420&amp;ssl=1 420w, https:\/\/i0.wp.com\/www.freidenker.org\/fw17\/wp-content\/uploads\/2025\/12\/Messerschmid_Wurzeln_des_Zionismus_a.jpg?resize=210%2C300&amp;ssl=1 210w\" sizes=\"auto, (max-width: 420px) 100vw, 420px\" \/><\/p>\n<p><strong>Clemens Messerschmid: Die deutschen Wurzeln des Zionismus. Zur Entwicklung des Siedlerkolonialismus in Pal\u00e4stina. Mit einem Beitrag von Helga Baumgarten, Palmyra Verlag Heidelberg, ISBN 978-3-9303378-95-1, 18 Euro<\/strong><\/p>\n<p style=\"text-align: right;\"><em>Arn Strohmeyer lebt und arbeitet als Journalist und freier Schriftsteller in Bremen und ist Mitglied des deutschen Freidenker-Verbandes<\/em><\/p>\n<hr \/>\n<p><span style=\"font-size: 10pt;\">Bild oben: Collage von Ralf Lux unter Verwendung des Buchcovers vom Palmyra-Verlag<\/span><\/p>\n<\/div>\n<\/div>\n<\/div>\n<\/div>\n<\/div>\n","protected":false},"excerpt":{"rendered":"<p><b>Wie der Zionismus aus dem Vorbild des deutsch-v\u00f6lkischen Nationalismus entstand und die Pal\u00e4stinenser dabei auf der Strecke blieben<\/b><br \/>\n<b>Rezension von Arn Strohmeyer<\/b><br \/>\nDer Palmyra-Verlag in Heidelberg hat sehr interessante Texte des Nahost-Experten Clemens Messerschmid als Buch herausgegeben. Clemens Messerschmid war eine Ausnahmeerscheinung in der Pal\u00e4stina-Szene: ein hoch qualifizierter Experte, der stets eine exakte wissenschaftliche Expertise in seinem Fach mit einer stets aktualisierten politischen Analyse verband. Dazu war er ein linker Aktivist, der sich unerm\u00fcdlich und unbeugsam f\u00fcr die Sache der Pal\u00e4stinenser einsetzte, was er kompetent mit der T\u00e4tigkeit als Journalist, Publizist und Vortragsredner verband. Er konnte mit sehr exaktem Wissen \u00fcber den Konflikt zwischen Israelis und Pal\u00e4stinensern informieren. Entsprechend aggressiv wurde er von zionistischer Seite und den Israel-Verteidigern angegriffen.<\/p>\n","protected":false},"author":3,"featured_media":23775,"comment_status":"closed","ping_status":"closed","sticky":false,"template":"","format":"standard","meta":{"colormag_page_container_layout":"default_layout","colormag_page_sidebar_layout":"default_layout","advanced_seo_description":"","jetpack_seo_html_title":"","jetpack_seo_noindex":false,"jetpack_post_was_ever_published":false,"footnotes":""},"categories":[12],"tags":[512,2745,277,393,2051,757,2938,563,676,1955,482,394,2569,2509,653,2002,345,1574,579],"class_list":["post-23773","post","type-post","status-publish","format-standard","has-post-thumbnail","hentry","category-demokratie-medien-aufklaerung","tag-antisemitismus","tag-expansion","tag-holocaust","tag-israel","tag-juden","tag-judenvernichtung","tag-kolonisation","tag-menschenrechte","tag-naher-osten","tag-nahostkonflikt","tag-nationalismus","tag-palaestina","tag-palaestinenser","tag-preussen","tag-rassismus","tag-staatsraeson","tag-voelkerrecht","tag-wasserversorgung","tag-zionismus"],"jetpack_featured_media_url":"https:\/\/i0.wp.com\/www.freidenker.org\/fw17\/wp-content\/uploads\/2025\/12\/Messerschmid_Wurzeln_des_Zionismus_coll_800x450.jpg?fit=800%2C450&ssl=1","jetpack_shortlink":"https:\/\/wp.me\/p9stpK-6br","jetpack-related-posts":[{"id":22570,"url":"https:\/\/www.freidenker.org\/?p=22570","url_meta":{"origin":23773,"position":0},"title":"Schmerzhafter Abschied von der Illusion Israel","author":"Webredaktion","date":"7. August 2025","format":false,"excerpt":"Rezension von Arn Strohmeyer Die deutsch-israelische Schauspielerin, S\u00e4ngerin und Schriftstellerin Nirit Sommerfeld setzt sich seit Jahren als politische Aktivistin Vortr\u00e4ge haltend, singend und schreibend f\u00fcr eine gerechte L\u00f6sung des israelisch-pal\u00e4stinensischen Konflikts ein. Das hei\u00dft f\u00fcr sie vor allem, dass auch die Pal\u00e4stinenser einen Anspruch auf Freiheit, Gerechtigkeit und Selbstbestimmung haben.\u2026","rel":"","context":"In &quot;Kultur &amp; Kunst&quot;","block_context":{"text":"Kultur &amp; Kunst","link":"https:\/\/www.freidenker.org\/?cat=913"},"img":{"alt_text":"","src":"https:\/\/i0.wp.com\/www.freidenker.org\/fw17\/wp-content\/uploads\/2025\/08\/sommerfeld_beduinenmilch_800x450.jpg?fit=800%2C450&ssl=1&resize=350%2C200","width":350,"height":200,"srcset":"https:\/\/i0.wp.com\/www.freidenker.org\/fw17\/wp-content\/uploads\/2025\/08\/sommerfeld_beduinenmilch_800x450.jpg?fit=800%2C450&ssl=1&resize=350%2C200 1x, https:\/\/i0.wp.com\/www.freidenker.org\/fw17\/wp-content\/uploads\/2025\/08\/sommerfeld_beduinenmilch_800x450.jpg?fit=800%2C450&ssl=1&resize=525%2C300 1.5x, https:\/\/i0.wp.com\/www.freidenker.org\/fw17\/wp-content\/uploads\/2025\/08\/sommerfeld_beduinenmilch_800x450.jpg?fit=800%2C450&ssl=1&resize=700%2C400 2x"},"classes":[]},{"id":22790,"url":"https:\/\/www.freidenker.org\/?p=22790","url_meta":{"origin":23773,"position":1},"title":"Israels Griff nach ganz Pal\u00e4stina vom Fluss zum Meer","author":"Webredaktion","date":"11. September 2025","format":false,"excerpt":"Beitrag von Arn Strohmeyer Immer mehr Staaten erkennen Pal\u00e4stina als Staat an. Der israelische Finanzminister Smotrich drohte daraufhin, als Reaktion werde Israel das Westjordanland annektieren. Die Rechtfertigung f\u00fcr diesen Schritt ist die Behauptung der Zionisten, Pal\u00e4stina sei die \u201eUrheimat der Juden\u201c, aus diesem Grund h\u00e4tten sie einen selbstverst\u00e4ndlichen Anspruch auf\u2026","rel":"","context":"In &quot;Demokratie \u2013 Medien \u2013 Aufkl\u00e4rung&quot;","block_context":{"text":"Demokratie \u2013 Medien \u2013 Aufkl\u00e4rung","link":"https:\/\/www.freidenker.org\/?cat=12"},"img":{"alt_text":"","src":"https:\/\/i0.wp.com\/www.freidenker.org\/fw17\/wp-content\/uploads\/2025\/09\/Hugo_Herrmann_Birds_eye_view_of_Palestine_01-map_FL33253930_3431402_800x450.jpg?fit=800%2C450&ssl=1&resize=350%2C200","width":350,"height":200,"srcset":"https:\/\/i0.wp.com\/www.freidenker.org\/fw17\/wp-content\/uploads\/2025\/09\/Hugo_Herrmann_Birds_eye_view_of_Palestine_01-map_FL33253930_3431402_800x450.jpg?fit=800%2C450&ssl=1&resize=350%2C200 1x, https:\/\/i0.wp.com\/www.freidenker.org\/fw17\/wp-content\/uploads\/2025\/09\/Hugo_Herrmann_Birds_eye_view_of_Palestine_01-map_FL33253930_3431402_800x450.jpg?fit=800%2C450&ssl=1&resize=525%2C300 1.5x, https:\/\/i0.wp.com\/www.freidenker.org\/fw17\/wp-content\/uploads\/2025\/09\/Hugo_Herrmann_Birds_eye_view_of_Palestine_01-map_FL33253930_3431402_800x450.jpg?fit=800%2C450&ssl=1&resize=700%2C400 2x"},"classes":[]},{"id":24435,"url":"https:\/\/www.freidenker.org\/?p=24435","url_meta":{"origin":23773,"position":2},"title":"Als Zionisten noch die Koexistenz mit den Pal\u00e4stinensern anstrebten","author":"Webredaktion","date":"18. Februar 2026","format":false,"excerpt":"Rezension von Arn Strohmeyer zu Shlomo Sand: Ein Staat f\u00fcr zwei V\u00f6lker? Angesichts der unvers\u00f6hnlichen und starren zionistischen Haltung in Sachen Frieden ist es fast nicht vorstellbar, dass es einmal ernst gemeinte Vorschl\u00e4ge von zionistischer Seite zur L\u00f6sung des Konflikts mit den Pal\u00e4stinensern gab. Verschiedene Vorschl\u00e4ge wurden unterbreitet, und sie\u2026","rel":"","context":"In &quot;Demokratie \u2013 Medien \u2013 Aufkl\u00e4rung&quot;","block_context":{"text":"Demokratie \u2013 Medien \u2013 Aufkl\u00e4rung","link":"https:\/\/www.freidenker.org\/?cat=12"},"img":{"alt_text":"","src":"https:\/\/i0.wp.com\/www.freidenker.org\/fw17\/wp-content\/uploads\/2026\/02\/shlomo_sand_ein_staat_zwei_voelker_800x450.jpg?fit=800%2C450&ssl=1&resize=350%2C200","width":350,"height":200,"srcset":"https:\/\/i0.wp.com\/www.freidenker.org\/fw17\/wp-content\/uploads\/2026\/02\/shlomo_sand_ein_staat_zwei_voelker_800x450.jpg?fit=800%2C450&ssl=1&resize=350%2C200 1x, https:\/\/i0.wp.com\/www.freidenker.org\/fw17\/wp-content\/uploads\/2026\/02\/shlomo_sand_ein_staat_zwei_voelker_800x450.jpg?fit=800%2C450&ssl=1&resize=525%2C300 1.5x, https:\/\/i0.wp.com\/www.freidenker.org\/fw17\/wp-content\/uploads\/2026\/02\/shlomo_sand_ein_staat_zwei_voelker_800x450.jpg?fit=800%2C450&ssl=1&resize=700%2C400 2x"},"classes":[]},{"id":23075,"url":"https:\/\/www.freidenker.org\/?p=23075","url_meta":{"origin":23773,"position":3},"title":"\u201eIsraels Politik wird von einer v\u00f6lkerm\u00f6rderischen Logik getrieben\u201c","author":"Webredaktion","date":"9. Oktober 2025","format":false,"excerpt":"Rezension von Arn Strohmeyer zu Avi Shlaim: Genozid in Gaza. Israels langer Krieg gegen Pal\u00e4stina Avi Shlaim ist einer der renommiertesten israelischen Historiker. Bei dieser Feststellung muss man aber eine Differenzierung vornehmen. Denn die israelische Geschichtsschreibung steht in der Regel unter dem Diktat der zionistischen Staatsideologie. Die Historiker dieser Richtung\u2026","rel":"","context":"In &quot;Demokratie \u2013 Medien \u2013 Aufkl\u00e4rung&quot;","block_context":{"text":"Demokratie \u2013 Medien \u2013 Aufkl\u00e4rung","link":"https:\/\/www.freidenker.org\/?cat=12"},"img":{"alt_text":"","src":"https:\/\/i0.wp.com\/www.freidenker.org\/fw17\/wp-content\/uploads\/2025\/10\/Shlaim_Genozid_in_Gaza_800x450_v2.jpg?fit=800%2C450&ssl=1&resize=350%2C200","width":350,"height":200,"srcset":"https:\/\/i0.wp.com\/www.freidenker.org\/fw17\/wp-content\/uploads\/2025\/10\/Shlaim_Genozid_in_Gaza_800x450_v2.jpg?fit=800%2C450&ssl=1&resize=350%2C200 1x, https:\/\/i0.wp.com\/www.freidenker.org\/fw17\/wp-content\/uploads\/2025\/10\/Shlaim_Genozid_in_Gaza_800x450_v2.jpg?fit=800%2C450&ssl=1&resize=525%2C300 1.5x, https:\/\/i0.wp.com\/www.freidenker.org\/fw17\/wp-content\/uploads\/2025\/10\/Shlaim_Genozid_in_Gaza_800x450_v2.jpg?fit=800%2C450&ssl=1&resize=700%2C400 2x"},"classes":[]},{"id":20604,"url":"https:\/\/www.freidenker.org\/?p=20604","url_meta":{"origin":23773,"position":4},"title":"Israel begeht V\u00f6lkermord im Gazastreifen und Deutschland ist Mitt\u00e4ter","author":"Webredaktion","date":"29. Dezember 2024","format":false,"excerpt":"Beitrag von Arn Strohmeyer aus: \u201eFREIDENKER\u201c Nr. 4-24 Im Gazastreifen fand und findet noch immer ein V\u00f6lkermord statt. Das ist ein sehr gewichtiger Vorwurf an Israel, aber die meisten V\u00f6lkerrechtler stimmen dem zu. Der Internationale Gerichtshof in Den Haag (IGH) pr\u00fcft eine Anklage in diese Richtung. Die UN-Sonderberichterstatterin zur Men\u00adschenrechtslage\u2026","rel":"","context":"In &quot;Demokratie \u2013 Medien \u2013 Aufkl\u00e4rung&quot;","block_context":{"text":"Demokratie \u2013 Medien \u2013 Aufkl\u00e4rung","link":"https:\/\/www.freidenker.org\/?cat=12"},"img":{"alt_text":"","src":"https:\/\/i0.wp.com\/www.freidenker.org\/fw17\/wp-content\/uploads\/2024\/12\/Haifa_1948_expulsion_800x450.jpg?fit=800%2C450&ssl=1&resize=350%2C200","width":350,"height":200,"srcset":"https:\/\/i0.wp.com\/www.freidenker.org\/fw17\/wp-content\/uploads\/2024\/12\/Haifa_1948_expulsion_800x450.jpg?fit=800%2C450&ssl=1&resize=350%2C200 1x, https:\/\/i0.wp.com\/www.freidenker.org\/fw17\/wp-content\/uploads\/2024\/12\/Haifa_1948_expulsion_800x450.jpg?fit=800%2C450&ssl=1&resize=525%2C300 1.5x, https:\/\/i0.wp.com\/www.freidenker.org\/fw17\/wp-content\/uploads\/2024\/12\/Haifa_1948_expulsion_800x450.jpg?fit=800%2C450&ssl=1&resize=700%2C400 2x"},"classes":[]},{"id":24903,"url":"https:\/\/www.freidenker.org\/?p=24903","url_meta":{"origin":23773,"position":5},"title":"Wenn der T\u00e4ter sich zum Richter erhebt","author":"Webredaktion","date":"18. April 2026","format":false,"excerpt":"Einige Anmerkungen zur Einf\u00fchrung der Todesstrafe f\u00fcr pal\u00e4stinensische \u201eTerroristen\u201c in Israel Beitrag von Arn Strohmeyer Wer es bisher immer noch nicht geglaubt oder sogar abgestritten hat, dass Israel ein Apartheidstaat ist, jetzt hat er den endg\u00fcltigen Beweis daf\u00fcr. Der zionistische Staat hat die Todesstrafe eingef\u00fchrt \u2013 aber nur f\u00fcr Pal\u00e4stinenser!\u2026","rel":"","context":"In &quot;Aktuelles&quot;","block_context":{"text":"Aktuelles","link":"https:\/\/www.freidenker.org\/?cat=574"},"img":{"alt_text":"","src":"https:\/\/i0.wp.com\/www.freidenker.org\/fw17\/wp-content\/uploads\/2026\/04\/The_knesset_illuminated_800x450.jpg?fit=800%2C450&ssl=1&resize=350%2C200","width":350,"height":200,"srcset":"https:\/\/i0.wp.com\/www.freidenker.org\/fw17\/wp-content\/uploads\/2026\/04\/The_knesset_illuminated_800x450.jpg?fit=800%2C450&ssl=1&resize=350%2C200 1x, https:\/\/i0.wp.com\/www.freidenker.org\/fw17\/wp-content\/uploads\/2026\/04\/The_knesset_illuminated_800x450.jpg?fit=800%2C450&ssl=1&resize=525%2C300 1.5x, https:\/\/i0.wp.com\/www.freidenker.org\/fw17\/wp-content\/uploads\/2026\/04\/The_knesset_illuminated_800x450.jpg?fit=800%2C450&ssl=1&resize=700%2C400 2x"},"classes":[]}],"_links":{"self":[{"href":"https:\/\/www.freidenker.org\/index.php?rest_route=\/wp\/v2\/posts\/23773","targetHints":{"allow":["GET"]}}],"collection":[{"href":"https:\/\/www.freidenker.org\/index.php?rest_route=\/wp\/v2\/posts"}],"about":[{"href":"https:\/\/www.freidenker.org\/index.php?rest_route=\/wp\/v2\/types\/post"}],"author":[{"embeddable":true,"href":"https:\/\/www.freidenker.org\/index.php?rest_route=\/wp\/v2\/users\/3"}],"replies":[{"embeddable":true,"href":"https:\/\/www.freidenker.org\/index.php?rest_route=%2Fwp%2Fv2%2Fcomments&post=23773"}],"version-history":[{"count":2,"href":"https:\/\/www.freidenker.org\/index.php?rest_route=\/wp\/v2\/posts\/23773\/revisions"}],"predecessor-version":[{"id":23777,"href":"https:\/\/www.freidenker.org\/index.php?rest_route=\/wp\/v2\/posts\/23773\/revisions\/23777"}],"wp:featuredmedia":[{"embeddable":true,"href":"https:\/\/www.freidenker.org\/index.php?rest_route=\/wp\/v2\/media\/23775"}],"wp:attachment":[{"href":"https:\/\/www.freidenker.org\/index.php?rest_route=%2Fwp%2Fv2%2Fmedia&parent=23773"}],"wp:term":[{"taxonomy":"category","embeddable":true,"href":"https:\/\/www.freidenker.org\/index.php?rest_route=%2Fwp%2Fv2%2Fcategories&post=23773"},{"taxonomy":"post_tag","embeddable":true,"href":"https:\/\/www.freidenker.org\/index.php?rest_route=%2Fwp%2Fv2%2Ftags&post=23773"}],"curies":[{"name":"wp","href":"https:\/\/api.w.org\/{rel}","templated":true}]}}