{"id":23770,"date":"2025-12-09T22:27:37","date_gmt":"2025-12-09T21:27:37","guid":{"rendered":"https:\/\/www.freidenker.org\/?p=23770"},"modified":"2026-01-27T03:34:46","modified_gmt":"2026-01-27T02:34:46","slug":"die-politisierung-der-kultur","status":"publish","type":"post","link":"https:\/\/www.freidenker.org\/?p=23770","title":{"rendered":"Die Politisierung der Kultur"},"content":{"rendered":"<p><strong>Je d\u00fcsterer die Lage f\u00fcr das Kiewer Regime an der Front, desto fanatischere Formen scheint die Russophobie in den europ\u00e4ischen L\u00e4ndern \u2013 gerade auch in Deutschland \u2013 anzunehmen. Jeder positive Bezug zu Russland, seiner Sprache und Kultur scheint tabuisiert. Der Schriftsteller Wolfgang Bittner zeigt sich entsetzt und best\u00fcrzt. <\/strong><\/p>\n<p><em>Von Wolfgang Bittner<\/em><\/p>\n<p><span style=\"font-size: 10pt;\">Erstver\u00f6ffentlichung am 07.12.2025 auf <a href=\"https:\/\/freedert.online\/meinung\/263862-politisierung-kultur\/\" target=\"_blank\" rel=\"noopener\">RT DE<\/a><\/span><\/p>\n<p>Russland ist riesig, hat elf Zeitzonen, und ein gro\u00dfer Teil des Landes liegt in Europa. Das wird verdr\u00e4ngt und ger\u00e4t allm\u00e4hlich in Vergessenheit. Die jahrhundertealten Verbindungen in Wirtschaft, Kultur und Wissenschaft, die in den 1980er-Jahren wieder auflebten, wurden vom Westen unter F\u00fchrung der USA b\u00f6swillig erschwert und nach und nach gekappt. Wer zurzeit von Berlin nach Moskau fliegen will, muss einen Umweg \u00fcber Istanbul nehmen.<\/p>\n<p>In seiner Rede vor dem Deutschen Bundestag im Jahr 2001 \u2013 das war damals noch m\u00f6glich! \u2013 nannte Wladimir Putin Johann Wolfgang von Goethe, Friedrich Schiller und Immanuel Kant und sagte, die Kultur sei immer unser gemeinsames, v\u00f6lkerverbindendes Gut gewesen. Sollte das wirklich der Vergangenheit angeh\u00f6ren? Es sieht danach aus, nachdem sogar die Kultur politisiert wurde.<\/p>\n<h5><strong>Fanatismus, Hass und Hetze<\/strong><\/h5>\n<p>Vor vielen \u00f6ffentlichen und privaten Geb\u00e4uden in Deutschland wehte jahrelang die Fahne der Ukraine, das Brandenburger Tor wurde nachts blau-gelb angestrahlt, beim B\u00e4cker gab es blau-gelbe Br\u00f6tchent\u00fcten. Die <em>Tagesschau<\/em> berichtet regelm\u00e4\u00dfig \u00fcber den &#8222;brutalen Angriffskrieg&#8220; Russlands, und fast jeden Abend werden verst\u00fcmmelte Leichen und bedauernswerte M\u00fctter mit ihren Kindern gezeigt. Die Ursachen des Krieges aber werden ausgeblendet.<\/p>\n<p>W\u00e4hrend die ukrainische Armee nach den Verlautbarungen in Politik und Medien heldenm\u00fctig das Vaterland verteidigt, begehen die russischen Soldaten angeblich fortw\u00e4hrend Kriegsverbrechen, angestiftet von Wladimir Putin. Er wolle ganz Europa unterwerfen, so hei\u00dft es. Wladimir Selenskij konnte sich dar\u00fcber in gro\u00dfformatigen Videoeinblendungen vor den Parlamenten anderer Staaten und vor dem UN-Sicherheitsrat auslassen.<\/p>\n<p>Kein Wunder, dass viele Menschen in Deutschland damit einverstanden sind, dass die Ukraine in ihrem &#8222;Kampf gegen das B\u00f6se&#8220; mit Milliardenzahlungen und der Lieferung schwerer Waffen unterst\u00fctzt wird. Daf\u00fcr wurden Aufrufe verfasst, Geld gesammelt, und Deutschland hat mehr als eine Million Fl\u00fcchtlinge aufgenommen, es m\u00f6gen letztlich zwei oder drei Millionen sein \u2013 niemand wei\u00df Genaueres. Wer sich in der \u00d6ffentlichkeit als Russe zu erkennen gibt, muss sich eventuell vorsehen.<\/p>\n<p>Die psychologische Kriegsf\u00fchrung macht auch vor der Kultur nicht Halt und hat geradezu absurde Formen angenommen. So hat der Hass auf alles Russische dazu gef\u00fchrt, dass in der Ukraine russische Literatur sowie Werke der Literaturgeschichte, Philosophie, Geschichtsschreibung und Soziologie aus den B\u00fcchereien und Buchhandlungen entfernt wurden. Unter dem Motto &#8222;Russische Literatur ins Altpapier&#8220; wurden Millionen B\u00fccher &#8222;<a href=\"https:\/\/taz.de\/Buecherentsorgung-in-der-Ukraine\/!5897280\/\" target=\"_blank\" rel=\"noopener noreferrer\">entsorgt<\/a>&#8222;, was etwa der H\u00e4lfte der ukrainischen Bibliotheksbest\u00e4nde entspricht.<\/p>\n<p>Diese Kulturbarbarei griff auch auf andere europ\u00e4ische L\u00e4nder \u00fcber. In den baltischen Staaten wurden \u2013 wie in der Ukraine \u2013 Denkm\u00e4ler aus sowjetischer Zeit zerst\u00f6rt und russische Literatur aus den Regalen <a href=\"https:\/\/www.nordisch.info\/litauen\/buchlaeden-verbannen-russische-literatur\/\" target=\"_blank\" rel=\"noopener noreferrer\">verbannt<\/a>, obwohl ein gro\u00dfer Teil der Bev\u00f6lkerung russische Wurzeln hat. Und auch in Deutschland forderten Fanatiker, Werke russischer Autoren auszusondern oder vom Verkauf in Buchhandlungen <a href=\"https:\/\/www.stern.de\/kultur\/buecher\/russland--literaturagentin-ist-gegen-boykott-von-russischen-verlagen-32561554.html\" target=\"_blank\" rel=\"noopener noreferrer\">auszuschlie\u00dfen<\/a>. Darunter fielen nicht nur zeitgen\u00f6ssische Werke, sondern sogar Klassiker wie Tolstoi, Dostojewski, Tschechow, Gorki oder Puschkin.<\/p>\n<h5><strong>\u00c4chtung russischer Kultur<\/strong><\/h5>\n<p>Die Ma\u00dfnahmen, die an die B\u00fccherverbrennungen von 1933 und den Boykott j\u00fcdischer Kunst und Kultur durch die Nazis <a href=\"https:\/\/www.wsws.org\/de\/articles\/2022\/06\/19\/ooyj-j19.html\" target=\"_blank\" rel=\"noopener noreferrer\">erinnern<\/a>, weiteten sich im sogenannten Wertewesten schlie\u00dflich auf s\u00e4mtliche Bereiche des kulturellen Lebens aus. Die Stadt M\u00fcnchen entlie\u00df den Chefdirigenten der Philharmoniker Waleri Gergijew mit der Begr\u00fcndung, er habe sich trotz Aufforderung nicht &#8222;eindeutig und unmissverst\u00e4ndlich von dem brutalen Angriffskrieg&#8220;, den Putin gegen die Ukraine f\u00fchre, <a href=\"https:\/\/www.deutschlandfunkkultur.de\/muenchen-entlaesst-russischen-chefdirigenten-gergijew-100.html\" target=\"_blank\" rel=\"noopener noreferrer\">distanziert<\/a>. Oberb\u00fcrgermeister Dieter Reiter (SPD) erkl\u00e4rte, weitere Konzerte der M\u00fcnchner Philharmoniker unter Gergijews Leitung werde es nicht geben. Und die ber\u00fchmte russische Operns\u00e4ngerin Anna Netrebko erhielt Auftrittsverbot an der New Yorker Metropolitan Opera, nachdem sie <a href=\"https:\/\/www.br-klassik.de\/aktuell\/news-kritik\/anna-netrebko-interview-met-oper-new-york-ukraine-krieg-putin-russland-100.html\" target=\"_blank\" rel=\"noopener noreferrer\">abgelehnt<\/a> hatte, sich von Pr\u00e4sident Wladimir Putin zu distanzieren. Auf Druck des Intendanten Peter Gelb musste sie von der Produktion der Oper &#8222;Turandot&#8220; zur\u00fccktreten; ihre Rolle wurde dann bezeichnenderweise einer ukrainischen Sopranistin \u00fcbergeben.<\/p>\n<p>Ein seltsames Ph\u00e4nomen ist zu beobachten: Allerorten werden russische K\u00fcnstler ge\u00e4chtet, w\u00e4hrend ukrainische K\u00fcnstler, ungeachtet ihrer Qualifikation, re\u00fcssieren. Ein skandal\u00f6ser, exemplarischer Vorfall im deutschen Literaturbetrieb war die Verleihung des Friedenspreises des Deutschen Buchhandels f\u00fcr das Jahr 2022 an den Ukrainer Sergei Schadan, f\u00fcr den Russen &#8222;Tiere&#8220; und &#8222;Unrat&#8220; sind. In seinem pr\u00e4mierten Buch, das er in Frankfurt am Main w\u00e4hrend der Buchmesse vorstellte, <a href=\"https:\/\/www.nachdenkseiten.de\/?p=89603\" target=\"_blank\" rel=\"noopener noreferrer\">schrieb<\/a> er: &#8222;Die Russen sind Barbaren, sie sind gekommen, um unsere Geschichte, unsere Kultur, unsere Bildung zu vernichten \u2026 Brennt in der H\u00f6lle, ihr Schweine.&#8220; Anklage wegen Volksverhetzung wurde nicht erhoben, vielmehr wurde der Autor f\u00fcr seinen Rassismus und seine Hasstiraden belobigt und belohnt. Die Liste der Schande ist lang und d\u00fcrfte sich in das kollektive Bewusstsein nicht nur der Russen eingebrannt haben.<\/p>\n<p>Wie sich das Verh\u00e4ltnis zwischen Deutschland und Russland immer weiter verschlechtert hat, habe ich in mehreren B\u00fcchern dokumentiert, zum Beispiel in &#8222;Ausnahmezustand. Geopolitische Einsichten und Analysen unter Ber\u00fccksichtigung des Ukraine-Konflikts&#8220;. Das Verh\u00e4ltnis ist zutiefst zerr\u00fcttet, und sollte es erneut zu einer Ann\u00e4herung kommen\u00a0\u2013 was dringend erforderlich und zu w\u00fcnschen ist \u2013, wird es lange dauern, bis Vertrauen wiederhergestellt werden kann.<\/p>\n<p>T\u00e4glich ist zu beobachten, dass vieles verloren gegangen ist, wom\u00f6glich unwiederbringlich. Alles Russische soll auf Gehei\u00df engstirniger Leute verschwinden, wobei selbst vor Albernheiten nicht zur\u00fcckgeschreckt wird. So hei\u00dft &#8222;Russisch Brot&#8220; jetzt &#8222;ABC-Kekse&#8220; und der &#8222;Russische Zupfkuchen&#8220; nur noch &#8222;Zupfkuchen&#8220; \u2013 nicht ganz abwegig zu vermuten, dass er demn\u00e4chst in &#8222;Ukrainischer Zupfkuchen&#8220; umbenannt wird.<\/p>\n<h5><strong>Amerikanisierung und Russophobie<\/strong><\/h5>\n<p>Das machen unsere amerikanischen &#8222;Freunde&#8220; geschickter. Sie versorgen den Rundfunk mit ihrer Musik und die Fernsehsender mit Filmen und Serien. So brauchen sie sich nicht mehr gro\u00dfartig zu bem\u00fchen, unsere Sprache, unsere Kultur und unser Gemeinwesen umzugestalten \u2013 das geht ganz von selbst. Die Bahnauskunft hei\u00dft wie selbstverst\u00e4ndlich Service Point, die \u00dcberschrift Headline, unsere Sportkleidung Sportswear und die Kids spielen outdoor.<\/p>\n<p>Bitterernst wird es, wenn in einem <a href=\"https:\/\/cooptv.wordpress.com\/2024\/04\/12\/russische-botschaft-in-deutschland-der-russische-ausenminister-sergej-lawrow\/\" target=\"_blank\" rel=\"noopener noreferrer\">Diplomaten-Handbuch f\u00fcr EU-Staaten<\/a> steht: &#8222;Europ\u00e4ische Diplomaten sollten jegliche bilaterale Kontakte mit Vertretern Russlands vermeiden. Es ist ihnen untersagt, Veranstaltungen zu besuchen, die von der russischen Seite organisiert werden. Dies betrifft unter anderem auch feierliche Empf\u00e4nge anl\u00e4sslich des Diplomatentags am 4.\u00a0November, am 10.\u00a0Februar, am 23.\u00a0Februar, am 9.\u00a0Mai sowie am Tag Russlands am 12.\u00a0Juni. Russische Diplomaten d\u00fcrfen nicht zu Veranstaltungen und Empf\u00e4ngen eingeladen werden, die von den Beh\u00f6rden und Vertretungen der EU sowie den Au\u00dfenministerien der EU-Staaten organisiert werden. Es ist europ\u00e4ischen Diplomaten nicht verboten, Veranstaltungen von Drittstaaten zu besuchen, an denen russische Vertreter teilnehmen. Es ist jedoch wichtig, direkten Kontakt mit den russischen Vertretern zu vermeiden. Es wird empfohlen, dem Gastgeber im Voraus mitzuteilen, dass vermieden werden sollte, dass europ\u00e4ische und russische Delegationen gemeinsam auf Fotos zu sehen sind oder zusammen an offiziellen Sitzungen teilnehmen.&#8220; Welchem kranken Gehirn entspringen solche Vorschriften? Geh\u00f6rt Russland jetzt nicht mehr zu Europa, und wer bestimmt das?<\/p>\n<p>Vollends sprachlos machte eine Note der Bundesregierung im April 2024 an die Botschaft der Russischen F\u00f6deration in Berlin, wonach die Teilnahme russischer Vertreter an Gedenkveranstaltungen zum 79. Jahrestag der Befreiung der KZ-H\u00e4ftlinge unerw\u00fcnscht ist. Eine unglaubliche B\u00f6swilligkeit, denn schlie\u00dflich sind die H\u00e4ftlinge mehrerer Konzentrationslager 1945 von der Roten Armee befreit worden. Eine Sprecherin des russischen Au\u00dfenministeriums <a href=\"https:\/\/freedert.online\/inland\/203095-deutschland-erklaert-russische-teilnahme-an-gedenkfeiern-fuer-unerwuenscht\/\" target=\"_blank\" rel=\"noopener noreferrer\">erkl\u00e4rte<\/a>: &#8222;Wir betrachten diesen provokativen Ausfall als einen weiteren Schritt der deutschen Seite, der darauf abzielt, die historische Erinnerung an den Verlauf und das Ergebnis des Zweiten Weltkriegs auf antirussische Weise zu politisieren. Wir glauben, dass es sich um die Zerst\u00f6rung des historischen Ged\u00e4chtnisses und der Wahrheit \u00fcber den Zweiten Weltkrieg seitens des offiziellen Berlins handelt, das eindeutig hinter dieser Haltung steht und diese auch stimuliert.&#8220;<\/p>\n<p>Russland soll isoliert und gedem\u00fctigt werden. Die bei westlichen Politikern, Journalisten und in gro\u00dfen Teilen der deutschen Bev\u00f6lkerung vorhandene Russophobie, die nicht selten in Hass umschl\u00e4gt, ist systematisch gesch\u00fcrt worden, und wie sich die Bundesregierung dabei verh\u00e4lt, ist besch\u00e4mend und tut in der Seele weh.<\/p>\n<h5><strong>Was nicht passt, wird unterdr\u00fcckt<\/strong><\/h5>\n<p>Aber es gibt auch die andere Seite: Nach <a href=\"https:\/\/de.statista.com\/themen\/9239\/politische-stimmung-und-meinungen-der-bevoelkerung\/#editorsPicks\" target=\"_blank\" rel=\"noopener noreferrer\">Umfragen<\/a> im Fr\u00fchjahr 2024 wollen viele Deutsche friedliche Beziehungen zu Russland, 48\u00a0Prozent konnten sogar nachvollziehen, dass es sich vom Westen bedroht sieht. Doch davon ist in den Medien nichts zu vernehmen: Was nicht passt, wird unterdr\u00fcckt. Das betrifft auch die Reden und Verlautbarungen des russischen Pr\u00e4sidenten.<\/p>\n<p>In einem Gespr\u00e4ch mit russischen K\u00fcnstlern \u00e4u\u00dferte sich Wladimir Putin im M\u00e4rz 2024 zu dem feindlichen Umgang mit russischer Kultur im Westen: &#8222;Wenn wir h\u00f6ren, dass jemand von der Abschaffung der russischen Kultur und der Kultur der V\u00f6lker Russlands im Allgemeinen spricht, dann wissen wir, dass nur unkluge Menschen so etwas sagen k\u00f6nnen \u2026 Die Kultur, die das geistige Fundament der Nation bildet und unsere Identit\u00e4t st\u00fctzt, spielt in kritischen, schwierigen und sogar tragischen Momenten nat\u00fcrlich eine sehr wichtige Rolle, denn sie gibt der Nation und jedem Einzelnen Kraft.&#8220; Russland betrachte die eigene Kultur im Kontext der Weltkultur, ohne etwas aus diesem Kontext auszuschlie\u00dfen. Daher habe man nie das getan, was in anderen L\u00e4ndern mit russischer Kultur und russischen K\u00fcnstlern getan wurde.<\/p>\n<p>Putin <a href=\"https:\/\/freedert.online\/kurzclips\/video\/200901-ist-unmoeglich-putin-ueber-abschaffung-der-russischen-kultur\/\" target=\"_blank\" rel=\"noopener noreferrer\">betonte<\/a>: &#8222;Es gibt f\u00fcr uns zwar keine unfreundlichen L\u00e4nder, aber es gibt uns gegen\u00fcber unfreundliche Eliten in diesen L\u00e4ndern.&#8220; Zur kulturellen Verfassung im Westen sagte er: &#8222;Dort, in der europ\u00e4ischen Kultur, gibt es heute viel Gutes, aber auch viele Probleme. So haben wir die einmalige Gelegenheit zu sehen, was in der postindustriellen Gesellschaft und in der Welt geschieht, und angemessen sowie rechtzeitig darauf zu reagieren.&#8220;<\/p>\n<p style=\"text-align: right;\"><em>Der vorstehende Meinungsbeitrag ist ein redaktionell leicht bearbeiteter\u00a0Auszug aus dem 2024 im Verlag Zeitgeist erschienenen Buch von Wolfgang Bittner &#8222;Niemand soll hungern, ohne zu frieren&#8220;.\u00a0<\/em><\/p>\n<p style=\"text-align: right;\"><em>Dr. Wolfgang Bittner, Jahrgang 1941, lebt als freier Schriftsteller in G\u00f6ttingen und ist Mitglied des Deutschen Freidenker-Verbandes und seines Beirats. Er hat mehr als 80 B\u00fccher ver\u00f6ffentlicht. K\u00fcrzlich ist sein Buch \u201eGeopolitik im \u00dcberblick. Deutschland-USA-EU-Russland\u201c erschienen.<\/em><\/p>\n<hr \/>\n<p><span style=\"font-size: 10pt;\">Bild oben: <span class=\"Cover-caption\"><span class=\"Cover-captionItem\">Eines der ersten Opfer: Der Dirigent Waleri Gergijew, hier bei einem <\/span><\/span>Konzert im Jahre 2009.<\/span><br \/>\n<span style=\"font-size: 10pt;\">Foto: Tatarstan.ru, <a href=\"https:\/\/creativecommons.org\/licenses\/by\/4.0\" target=\"_blank\" rel=\"noopener\">CC BY 4.0<\/a><\/span><br \/>\n<span style=\"font-size: 10pt;\">Quelle: <a href=\"https:\/\/commons.wikimedia.org\/w\/index.php?curid=155062721\" target=\"_blank\" rel=\"noopener\">https:\/\/commons.wikimedia.org\/w\/index.php?curid=155062721<\/a><\/span><\/p>\n","protected":false},"excerpt":{"rendered":"<p><b>Beitrag von Wolfgang Bittner<\/b><br \/>\nRussland ist riesig, hat elf Zeitzonen, und ein gro\u00dfer Teil des Landes liegt in Europa. Das wird verdr\u00e4ngt und ger\u00e4t allm\u00e4hlich in Vergessenheit. Die jahrhundertealten Verbindungen in Wirtschaft, Kultur und Wissenschaft, die in den 1980er-Jahren wieder auflebten, wurden vom Westen unter F\u00fchrung der USA b\u00f6swillig erschwert und nach und nach gekappt. Wer zurzeit von Berlin nach Moskau fliegen will, muss einen Umweg \u00fcber Istanbul nehmen. In seiner Rede vor dem Deutschen Bundestag im Jahr 2001 \u2013 das war damals noch m\u00f6glich! \u2013 nannte Wladimir Putin Johann Wolfgang von Goethe, Friedrich Schiller und Immanuel Kant und sagte, die Kultur sei immer unser gemeinsames, v\u00f6lkerverbindendes Gut gewesen. Sollte das wirklich der Vergangenheit angeh\u00f6ren? Es sieht danach aus, nachdem sogar die Kultur politisiert wurde.<\/p>\n","protected":false},"author":3,"featured_media":23771,"comment_status":"closed","ping_status":"closed","sticky":false,"template":"","format":"standard","meta":{"colormag_page_container_layout":"default_layout","colormag_page_sidebar_layout":"default_layout","advanced_seo_description":"","jetpack_seo_html_title":"","jetpack_seo_noindex":false,"jetpack_post_was_ever_published":false,"footnotes":""},"categories":[12,913],"tags":[2937,1679,2688,2277,1646,1084,924,1631,1643,1951,1857,668,407,939,741,223,653,2515,222,1168,1815,639,185,1181,1525],"class_list":["post-23770","post","type-post","status-publish","format-standard","has-post-thumbnail","hentry","category-demokratie-medien-aufklaerung","category-kultur-kunst","tag-anglisierung","tag-angriffskrieg","tag-buecher","tag-buecherverbrennung","tag-fanatismus","tag-fluechtlinge","tag-gedenken","tag-geopolitik","tag-hass","tag-hetze","tag-isolation","tag-kultur","tag-kunst","tag-musik","tag-psychologische-kriegsfuehrung","tag-putin","tag-rassismus","tag-russische-sprache","tag-russland","tag-russophobie","tag-selenskyj","tag-ukraine-konflikt","tag-usa","tag-voelkerfreundschaft","tag-waffenlieferungen"],"jetpack_featured_media_url":"https:\/\/i0.wp.com\/www.freidenker.org\/fw17\/wp-content\/uploads\/2025\/12\/Gergievs_concert_2009-04-21_03_800x450.jpg?fit=800%2C450&ssl=1","jetpack_shortlink":"https:\/\/wp.me\/p9stpK-6bo","jetpack-related-posts":[{"id":20548,"url":"https:\/\/www.freidenker.org\/?p=20548","url_meta":{"origin":23770,"position":0},"title":"Im Gespr\u00e4ch: Wolfgang Bittner (&#8222;Niemand soll hungern, ohne zu frieren&#8220;)","author":"Webredaktion","date":"20. Dezember 2024","format":false,"excerpt":"Video-Interview von Dirk Pohlmann mit Wolfgang Bittner Wolfgang Bittner ist Schriftsteller, promovierter Jurist, bildender K\u00fcnstler und hat neben Jura auch Philosophie und Soziologie studiert. Er hat die Welt bereist und etwa 80 B\u00fccher verfasst. Bittner war Rundfunkrat des WDR und Professor in Deutschland und Polen. Er ist ein Mann der\u2026","rel":"","context":"In &quot;Demokratie \u2013 Medien \u2013 Aufkl\u00e4rung&quot;","block_context":{"text":"Demokratie \u2013 Medien \u2013 Aufkl\u00e4rung","link":"https:\/\/www.freidenker.org\/?cat=12"},"img":{"alt_text":"","src":"https:\/\/i0.wp.com\/www.freidenker.org\/fw17\/wp-content\/uploads\/2024\/12\/bittner_pohlmann_800x450.jpg?fit=800%2C450&ssl=1&resize=350%2C200","width":350,"height":200,"srcset":"https:\/\/i0.wp.com\/www.freidenker.org\/fw17\/wp-content\/uploads\/2024\/12\/bittner_pohlmann_800x450.jpg?fit=800%2C450&ssl=1&resize=350%2C200 1x, https:\/\/i0.wp.com\/www.freidenker.org\/fw17\/wp-content\/uploads\/2024\/12\/bittner_pohlmann_800x450.jpg?fit=800%2C450&ssl=1&resize=525%2C300 1.5x, https:\/\/i0.wp.com\/www.freidenker.org\/fw17\/wp-content\/uploads\/2024\/12\/bittner_pohlmann_800x450.jpg?fit=800%2C450&ssl=1&resize=700%2C400 2x"},"classes":[]},{"id":22969,"url":"https:\/\/www.freidenker.org\/?p=22969","url_meta":{"origin":23770,"position":1},"title":"Buchvorstellung Wolfgang Bittner: Geopolitik im \u00dcberblick","author":"Webredaktion","date":"27. September 2025","format":false,"excerpt":"Geopolitik im \u00dcberblick: Deutschland \u2013 USA \u2013 EU \u2013 Russland Vortrag und Buchvorstellung mit Wolfgang Bittner am 08.10.2025 in Berlin Deutschland soll \u00bbkriegst\u00fcchtig\u00ab werden, und die Berliner Regierung hat astronomische Ausgaben f\u00fcr die Aufr\u00fcstung bereitgestellt. Denn angeblich will Russland nach der Ukraine Westeuropa erobern, obwohl es daf\u00fcr keinerlei Belege gibt\u2026","rel":"","context":"In &quot;Demokratie \u2013 Medien \u2013 Aufkl\u00e4rung&quot;","block_context":{"text":"Demokratie \u2013 Medien \u2013 Aufkl\u00e4rung","link":"https:\/\/www.freidenker.org\/?cat=12"},"img":{"alt_text":"","src":"https:\/\/i0.wp.com\/www.freidenker.org\/fw17\/wp-content\/uploads\/2025\/09\/Bittner_Geopolitik_Lesung_800x450_v3.jpg?fit=800%2C450&ssl=1&resize=350%2C200","width":350,"height":200,"srcset":"https:\/\/i0.wp.com\/www.freidenker.org\/fw17\/wp-content\/uploads\/2025\/09\/Bittner_Geopolitik_Lesung_800x450_v3.jpg?fit=800%2C450&ssl=1&resize=350%2C200 1x, https:\/\/i0.wp.com\/www.freidenker.org\/fw17\/wp-content\/uploads\/2025\/09\/Bittner_Geopolitik_Lesung_800x450_v3.jpg?fit=800%2C450&ssl=1&resize=525%2C300 1.5x, https:\/\/i0.wp.com\/www.freidenker.org\/fw17\/wp-content\/uploads\/2025\/09\/Bittner_Geopolitik_Lesung_800x450_v3.jpg?fit=800%2C450&ssl=1&resize=700%2C400 2x"},"classes":[]},{"id":23377,"url":"https:\/\/www.freidenker.org\/?p=23377","url_meta":{"origin":23770,"position":2},"title":"Buchvorstellung Wolfgang Bittner: Geopolitik im \u00dcberblick","author":"Webredaktion","date":"31. Oktober 2025","format":false,"excerpt":"Geopolitik im \u00dcberblick: Deutschland \u2013 USA \u2013 EU \u2013 Russland Vortrag und Buchvorstellung mit Wolfgang Bittner am 15.11.2025 in Frankfurt am Main Deutschland soll \u00bbkriegst\u00fcchtig\u00ab werden, und die Berliner Regierung hat astronomische Ausgaben f\u00fcr die Aufr\u00fcstung bereitgestellt. Denn angeblich will Russland nach der Ukraine Westeuropa erobern, obwohl es daf\u00fcr keinerlei\u2026","rel":"","context":"In &quot;Demokratie \u2013 Medien \u2013 Aufkl\u00e4rung&quot;","block_context":{"text":"Demokratie \u2013 Medien \u2013 Aufkl\u00e4rung","link":"https:\/\/www.freidenker.org\/?cat=12"},"img":{"alt_text":"","src":"https:\/\/i0.wp.com\/www.freidenker.org\/fw17\/wp-content\/uploads\/2025\/09\/Bittner_Geopolitik_Lesung_800x450_v3.jpg?fit=800%2C450&ssl=1&resize=350%2C200","width":350,"height":200,"srcset":"https:\/\/i0.wp.com\/www.freidenker.org\/fw17\/wp-content\/uploads\/2025\/09\/Bittner_Geopolitik_Lesung_800x450_v3.jpg?fit=800%2C450&ssl=1&resize=350%2C200 1x, https:\/\/i0.wp.com\/www.freidenker.org\/fw17\/wp-content\/uploads\/2025\/09\/Bittner_Geopolitik_Lesung_800x450_v3.jpg?fit=800%2C450&ssl=1&resize=525%2C300 1.5x, https:\/\/i0.wp.com\/www.freidenker.org\/fw17\/wp-content\/uploads\/2025\/09\/Bittner_Geopolitik_Lesung_800x450_v3.jpg?fit=800%2C450&ssl=1&resize=700%2C400 2x"},"classes":[]},{"id":24216,"url":"https:\/\/www.freidenker.org\/?p=24216","url_meta":{"origin":23770,"position":3},"title":"Die F\u00e4lschung der Geschichte und die Bedeutung der Kultur","author":"Webredaktion","date":"15. Januar 2026","format":false,"excerpt":"Beitrag von Wolfgang Bittner Wenn wir in die Geschichtsb\u00fccher schauen, erfahren wir zumeist nur das, was wir erfahren d\u00fcrfen und wissen sollen. Ein j\u00fcngeres Beispiel daf\u00fcr ist die Darstellung des Ukraine-Konflikts. Angeblich hat er im Februar 2022 begonnen, als die russische Armee in das Nachbarland einmarschierte. Die Vorgeschichte wird verschwiegen,\u2026","rel":"","context":"In &quot;Geschichte&quot;","block_context":{"text":"Geschichte","link":"https:\/\/www.freidenker.org\/?cat=1162"},"img":{"alt_text":"","src":"https:\/\/i0.wp.com\/www.freidenker.org\/fw17\/wp-content\/uploads\/2026\/01\/Herman_Melville_by_Joseph_O_Eaton_800x450.jpg?fit=800%2C450&ssl=1&resize=350%2C200","width":350,"height":200,"srcset":"https:\/\/i0.wp.com\/www.freidenker.org\/fw17\/wp-content\/uploads\/2026\/01\/Herman_Melville_by_Joseph_O_Eaton_800x450.jpg?fit=800%2C450&ssl=1&resize=350%2C200 1x, https:\/\/i0.wp.com\/www.freidenker.org\/fw17\/wp-content\/uploads\/2026\/01\/Herman_Melville_by_Joseph_O_Eaton_800x450.jpg?fit=800%2C450&ssl=1&resize=525%2C300 1.5x, https:\/\/i0.wp.com\/www.freidenker.org\/fw17\/wp-content\/uploads\/2026\/01\/Herman_Melville_by_Joseph_O_Eaton_800x450.jpg?fit=800%2C450&ssl=1&resize=700%2C400 2x"},"classes":[]},{"id":23446,"url":"https:\/\/www.freidenker.org\/?p=23446","url_meta":{"origin":23770,"position":4},"title":"Podcast: Unter Freunden: Wolfgang Bittner \u2013 Warnung vor dem Krieg","author":"Webredaktion","date":"4. November 2025","format":false,"excerpt":"Bernhard Lassahn im Gespr\u00e4ch mit Wolfgang Bittner Von Wolfgang Bittner gibt es mehr als achtzig Ver\u00f6ffentlichungen in allen schriftstellerischen Spielarten. Zuletzt hat er mit \u201eGeopolitik im \u00dcberblick: Deutschland \u2013 USA \u2013 EU \u2013 Russland\u201c eine gro\u00dfe historische Einordnung vorgelegt und in seinem neuen erz\u00e4hlerischen Werk \u201eDie Heimat, der Krieg und\u2026","rel":"","context":"In &quot;Demokratie \u2013 Medien \u2013 Aufkl\u00e4rung&quot;","block_context":{"text":"Demokratie \u2013 Medien \u2013 Aufkl\u00e4rung","link":"https:\/\/www.freidenker.org\/?cat=12"},"img":{"alt_text":"","src":"https:\/\/i0.wp.com\/www.freidenker.org\/fw17\/wp-content\/uploads\/2025\/11\/Kontrafunk_Bittner_und_Lassahn_800x450.jpg?fit=800%2C450&ssl=1&resize=350%2C200","width":350,"height":200,"srcset":"https:\/\/i0.wp.com\/www.freidenker.org\/fw17\/wp-content\/uploads\/2025\/11\/Kontrafunk_Bittner_und_Lassahn_800x450.jpg?fit=800%2C450&ssl=1&resize=350%2C200 1x, https:\/\/i0.wp.com\/www.freidenker.org\/fw17\/wp-content\/uploads\/2025\/11\/Kontrafunk_Bittner_und_Lassahn_800x450.jpg?fit=800%2C450&ssl=1&resize=525%2C300 1.5x, https:\/\/i0.wp.com\/www.freidenker.org\/fw17\/wp-content\/uploads\/2025\/11\/Kontrafunk_Bittner_und_Lassahn_800x450.jpg?fit=800%2C450&ssl=1&resize=700%2C400 2x"},"classes":[]},{"id":23481,"url":"https:\/\/www.freidenker.org\/?p=23481","url_meta":{"origin":23770,"position":5},"title":"Achtung Satire! Diese Russen wollen unsere Kohle","author":"Webredaktion","date":"8. November 2025","format":false,"excerpt":"Beitrag von Wolfgang Bittner Der Au\u00dfenminister hat gesagt, Russland werde immer unser Feind bleiben, und der Verteidigungsminister hat gesagt, die Deutschen m\u00fcssten bis 2029 kriegst\u00fcchtig werden, weil die Russen Deutschland angreifen wollen. Diese Russen sind n\u00e4mlich unser Erbfeind. Sie sind furchtbar aggressiv und kriegsl\u00fcstern, das wissen alle, besonders die Berliner\u2026","rel":"","context":"In &quot;Demokratie \u2013 Medien \u2013 Aufkl\u00e4rung&quot;","block_context":{"text":"Demokratie \u2013 Medien \u2013 Aufkl\u00e4rung","link":"https:\/\/www.freidenker.org\/?cat=12"},"img":{"alt_text":"","src":"https:\/\/i0.wp.com\/www.freidenker.org\/fw17\/wp-content\/uploads\/2025\/11\/BrandenburgerTorMitRussischerFlagge_800x450.jpg?fit=800%2C450&ssl=1&resize=350%2C200","width":350,"height":200,"srcset":"https:\/\/i0.wp.com\/www.freidenker.org\/fw17\/wp-content\/uploads\/2025\/11\/BrandenburgerTorMitRussischerFlagge_800x450.jpg?fit=800%2C450&ssl=1&resize=350%2C200 1x, https:\/\/i0.wp.com\/www.freidenker.org\/fw17\/wp-content\/uploads\/2025\/11\/BrandenburgerTorMitRussischerFlagge_800x450.jpg?fit=800%2C450&ssl=1&resize=525%2C300 1.5x, https:\/\/i0.wp.com\/www.freidenker.org\/fw17\/wp-content\/uploads\/2025\/11\/BrandenburgerTorMitRussischerFlagge_800x450.jpg?fit=800%2C450&ssl=1&resize=700%2C400 2x"},"classes":[]}],"_links":{"self":[{"href":"https:\/\/www.freidenker.org\/index.php?rest_route=\/wp\/v2\/posts\/23770","targetHints":{"allow":["GET"]}}],"collection":[{"href":"https:\/\/www.freidenker.org\/index.php?rest_route=\/wp\/v2\/posts"}],"about":[{"href":"https:\/\/www.freidenker.org\/index.php?rest_route=\/wp\/v2\/types\/post"}],"author":[{"embeddable":true,"href":"https:\/\/www.freidenker.org\/index.php?rest_route=\/wp\/v2\/users\/3"}],"replies":[{"embeddable":true,"href":"https:\/\/www.freidenker.org\/index.php?rest_route=%2Fwp%2Fv2%2Fcomments&post=23770"}],"version-history":[{"count":2,"href":"https:\/\/www.freidenker.org\/index.php?rest_route=\/wp\/v2\/posts\/23770\/revisions"}],"predecessor-version":[{"id":23853,"href":"https:\/\/www.freidenker.org\/index.php?rest_route=\/wp\/v2\/posts\/23770\/revisions\/23853"}],"wp:featuredmedia":[{"embeddable":true,"href":"https:\/\/www.freidenker.org\/index.php?rest_route=\/wp\/v2\/media\/23771"}],"wp:attachment":[{"href":"https:\/\/www.freidenker.org\/index.php?rest_route=%2Fwp%2Fv2%2Fmedia&parent=23770"}],"wp:term":[{"taxonomy":"category","embeddable":true,"href":"https:\/\/www.freidenker.org\/index.php?rest_route=%2Fwp%2Fv2%2Fcategories&post=23770"},{"taxonomy":"post_tag","embeddable":true,"href":"https:\/\/www.freidenker.org\/index.php?rest_route=%2Fwp%2Fv2%2Ftags&post=23770"}],"curies":[{"name":"wp","href":"https:\/\/api.w.org\/{rel}","templated":true}]}}