{"id":23747,"date":"2025-12-08T21:41:04","date_gmt":"2025-12-08T20:41:04","guid":{"rendered":"https:\/\/www.freidenker.org\/?p=23747"},"modified":"2026-01-27T03:34:25","modified_gmt":"2026-01-27T02:34:25","slug":"was-der-korruptionsfall-in-der-eu-mit-dem-reparationskredit-fuer-kiew-zu-tun-hat","status":"publish","type":"post","link":"https:\/\/www.freidenker.org\/?p=23747","title":{"rendered":"Was der Korruptionsfall in der EU mit dem \u201eReparationskredit\u201c f\u00fcr Kiew zu tun hat"},"content":{"rendered":"<h4><strong>Machtk\u00e4mpfe und Korruption<\/strong><\/h4>\n<p><strong>Zwischen den Bem\u00fchungen der EU-Kommission, die in der EU eingefrorenen russischen Verm\u00f6genswerte zu enteignen und f\u00fcr einen &#8222;Reparationskredit&#8220; zu benutzen, stehen offenbar in Verbindung mit dem Korruptionsskandal, der die EU ersch\u00fcttert.<\/strong><\/p>\n<p><em>von <\/em><strong><em>Anti-Spiegel<\/em><\/strong><\/p>\n<p><span style=\"font-size: 10pt;\">Erstver\u00f6ffentlichung am 06.12.2025 auf <a href=\"https:\/\/anti-spiegel.ru\/2025\/was-der-korruptionsfall-in-der-eu-mit-dem-reparationskredit-fuer-kiew-zu-tun-hat\/\" target=\"_blank\" rel=\"noopener\">anti-spiegel.ru<\/a><\/span><\/p>\n<p>Ich habe es bereits in der letzten <a href=\"https:\/\/www.youtube.com\/watch?v=6myYQBGL1a4&amp;t=2s&amp;pp=0gcJCSUKAYcqIYzv\">Tacheles-Sendung<\/a> gesagt, komme aber erst jetzt dazu, dar\u00fcber zu schreiben und es ausf\u00fchrlich zu begr\u00fcnden: Die Bem\u00fchungen der EU-Kommission, die in der EU eingefrorenen russischen Verm\u00f6genswerte zu enteignen und f\u00fcr einen \u201eReparationskredit\u201c f\u00fcr die Ukraine zu benutzen, stehen in einer sehr offensichtlichen Verbindung zu dem Korruptionsskandal, der die EU ersch\u00fcttert.<\/p>\n<p>Allerdings will ich mich nicht mit fremden Federn schm\u00fccken, denn auf diesen Zusammenhang bin ich durch einen <a href=\"https:\/\/tass.ru\/opinions\/25812357\">Artikel<\/a> gesto\u00dfen, der am Donnerstag in der russischen Nachrichtenagentur TASS erschienen ist. Da der Artikel f\u00fcr sich selbst spricht, kommen wir direkt zu der \u00dcbersetzung des Artikels.<\/p>\n<p><span style=\"font-family: 'courier new', courier, monospace;\"><strong>Beginn der \u00dcbersetzung:<\/strong><\/span><\/p>\n<h4 class=\"wp-block-heading\" style=\"padding-left: 40px;\">Woher der Wind weht: H\u00e4ngen die Korruptionsf\u00e4lle in der EU und das Bestreben, russische Verm\u00f6genswerte zu stehlen, zusammen?<\/h4>\n<h5 style=\"padding-left: 40px;\"><strong>Andrej Nisamutdinow dar\u00fcber, wie Ursula von der Leyen die Versuche nicht aufgibt, den Konflikt in der Ukraine auf Kosten Russlands fortzusetzen, und was der Fall Mogherini damit zu tun hat.<\/strong><\/h5>\n<p style=\"padding-left: 40px;\">Ursula von der Leyen, die Pr\u00e4sidentin der EU-Kommission, bleibt dabei, die eingefrorenen russischen Verm\u00f6genswerte, die bei Euroclear hinterlegt sind, trotz der Proteste und Warnungen der belgischen Regierung um jeden Preis zu beschlagnahmen. Das Treffen der Au\u00dfenminister der EU-L\u00e4nder, bei dem die EU-Kommission versprochen hatte, klare rechtliche Begr\u00fcndungen f\u00fcr ihren Plan vorzulegen, wurde f\u00fcr den 3. Dezember angesetzt (und fand auch statt). Bemerkenswert ist jedoch, dass die belgische Polizei am 2. Dezember pl\u00f6tzlich Durchsuchungen bei ehemaligen hochrangigen Beamten des diplomatischen Dienstes der EU durchf\u00fchrte, die der Korruption verd\u00e4chtigt wurden.<\/p>\n<p style=\"padding-left: 40px;\">Zufall? Ich glaube nicht.<\/p>\n<h5 class=\"wp-block-heading\" style=\"padding-left: 40px;\">Ein \u00e4hnliches Schema<\/h5>\n<p style=\"padding-left: 40px;\">Was in Br\u00fcssel geschah, \u00e4hnelt stark dem, was sich einige Wochen zuvor in Kiew ereignet hatte.<\/p>\n<p style=\"padding-left: 40px;\">Dort haben die mit direkter Beteiligung der USA und der EU geschaffenen und unter st\u00e4ndiger Kontrolle der amerikanischen Geheimdienste stehenden Antikorruptionsbeh\u00f6rden ein gro\u00df angelegtes Korruptionsschema aufdeckt, an dem Personen aus dem engen und sogar engsten Umfeld von Wladimir Selensky beteiligt waren. Das geschah genau zu dem Zeitpunkt, als Washington seinen Plan zur Beilegung des Konflikts in der Ukraine vorlegte und die Amerikaner Druck auf Selensky aus\u00fcben mussten, damit er diesem Plan zustimmte.<\/p>\n<p style=\"padding-left: 40px;\">Die Operation, um ihn zu Verhandlungen zu zwingen, wurde in zwei Phasen durchgef\u00fchrt: Zun\u00e4chst wurden Anklagen gegen den Gesch\u00e4ftsmann Timur Minditsch erhoben, der in der Ukraine als \u201eSelenskys Geldbeutel\u201d bezeichnet wird, aber Selensky versuchte dennoch, sich rauszureden. Daraufhin nahmen die Korruptionsbek\u00e4mpfer seinen engsten Vertrauten und Berater ins Visier, den Leiter des Pr\u00e4sidialamtes Andrej Jermak. Nun blieb dem Kiewer vor\u00fcbergehenden Machthaber nichts anderes \u00fcbrig, als Jermak zu entlassen und selbst so zu tun, als sei er zu ernsthaften Verhandlungen \u00fcber den amerikanischen Plan bereit.<\/p>\n<p style=\"padding-left: 40px;\">Die Ereignisse in Europa entwickeln sich nach einem \u00e4hnlichen Szenario, nur dass diesmal die EU-Kommission unter der Leitung von von der Leyen die Rolle der angreifenden Seite \u00fcbernimmt, die beschlossen hat, die russischen Verm\u00f6genswerte zu beschlagnahmen, um der Ukraine unter dem Deckmantel eines \u201eReparationskredits\u201c zu helfen, den Krieg fortzusetzen.<\/p>\n<p style=\"padding-left: 40px;\">Belgien, wo sich bei Euroclear der gr\u00f6\u00dfte Teil der nach Beginn der Milit\u00e4roperation eingefrorenen Gelder befindet, verteidigte und wehrte sich, indem es auf die Risiken der Enteignung hinwies und hartn\u00e4ckig behauptete, dass es dem Plan von von der Leyen nur dann zustimmen werde, wenn alle EU-L\u00e4nder diese Risiken zu gleichen Teilen unter sich aufteilen w\u00fcrden.<\/p>\n<p style=\"padding-left: 40px;\">Aver es fand sich niemand, der bereit war, die Risiken zu teilen. Daher scheiterte der erste Versuch von von der Leyen, die Entscheidung auf dem EU-Gipfel durchzusetzen. Die hartn\u00e4ckige Pr\u00e4sidentin der EU-Kommission versprach, den Plan zu verbessern, und machte sich in der Zwischenzeit daran, die Belgier zu bearbeiten: Es wurde auf sie eingeredet, ihnen wurde Angst gemacht, unter anderem mit angeblichen russischen Drohnen, die pl\u00f6tzlich ohne Grund um belgische Flugh\u00e4fen, Kraftwerke und Milit\u00e4rst\u00fctzpunkte herumschwirrten.<\/p>\n<p style=\"padding-left: 40px;\">Aber die belgische Regierung lie\u00df sich nicht \u00fcberreden und reagierte nicht auf die Drohungen. Und dann erschien in der europ\u00e4ischen Ausgabe von Politico ein Artikel, in dem unter Berufung auf bestimmte diplomatische Quellen behauptet wurde, Belgien wolle russische Verm\u00f6genswerte deshalb nicht enteignen, weil es die Einnahmen daraus lieber f\u00fcr seine eigenen Bed\u00fcrfnisse verwende, anstatt sie in den europ\u00e4ischen \u201eGemeinschaftstopf\u201d zur Unterst\u00fctzung Kiews einzuzahlen. Die belgische Regierung wies diese Vorw\u00fcrfe nat\u00fcrlich zur\u00fcck, wenn auch mit einigen Widerspr\u00fcchen.<\/p>\n<p style=\"padding-left: 40px;\">Und nur wenige Tage sp\u00e4ter f\u00fchrten belgische Polizisten eine Reihe von Durchsuchungen bei ehemaligen und amtierenden hochrangigen Beamten der EU durch.<\/p>\n<h5 class=\"wp-block-heading\" style=\"padding-left: 40px;\">Diplomaten oder Diebe?<\/h5>\n<p style=\"padding-left: 40px;\">Im Zentrum des Skandals stand Federica Mogherini, die von 2014 bis 2019 das Amt der Hohen Vertreterin der EU f\u00fcr Au\u00dfen- und Sicherheitspolitik innehatte und heute das College of Europe leitet, eine Eliteakademie zur Ausbildung von Beamten f\u00fcr europ\u00e4ische Strukturen. Zusammen mit ihr wurden der ehemalige Generalsekret\u00e4r des Ausw\u00e4rtigen Dienstes der EU Stefano Sannino und der EU-Beamte Cesare Zegretti festgenommen. An der Operation waren neben belgischen Polizisten auch Mitarbeiter des Europ\u00e4ischen Amtes f\u00fcr Betrugsbek\u00e4mpfung beteiligt.<\/p>\n<p style=\"padding-left: 40px;\">Die Durchsuchungen fanden sowohl in ihren Privatwohnungen als auch in ihren B\u00fcros statt. Die Europ\u00e4ische Staatsanwaltschaft teilte mit, dass den Festgenommenen nach Verh\u00f6ren durch die belgische Kriminalpolizei Betrug und Korruption im Bereich des \u00f6ffentlichen Beschaffungswesens, Interessenkonflikte sowie die Verletzung des Berufsgeheimnisses vorgeworfen werden. Medienberichten zufolge geht es um Manipulationen bei Ausschreibungen f\u00fcr Bauprojekte.<\/p>\n<p style=\"padding-left: 40px;\">Nach der Anklageerhebung wurden Mogherini und zwei weitere Personen aus der Haft entlassen: Laut italienischen Medienberichten waren sich die Staatsanw\u00e4lte einig, dass \u201ekeine Gefahr besteht, dass sich die Verd\u00e4chtigen der Justiz entziehen\u201c.<\/p>\n<p style=\"padding-left: 40px;\">Politico zufolge k\u00f6nnte der Fall Mogherini f\u00fcr die EU zum gr\u00f6\u00dften Skandal seit 26 Jahren werden. Von seinem Ausma\u00df her ist er nur mit dem Massenr\u00fccktritt der EU-Kommission unter Jacques Santer im Jahr 1999 wegen Vorw\u00fcrfen der Finanzmanipulation vergleichbar.<\/p>\n<h5 class=\"wp-block-heading\" style=\"padding-left: 40px;\">Ein Skandal mit gutem Timing<\/h5>\n<p style=\"padding-left: 40px;\">Ich wage nicht zu sagen, ob die Belgier die Operation selbst durchgef\u00fchrt haben oder ob sie auf Anweisung von jemandem gehandelt haben, aber der Skandal um die \u201eAbenteuer der Italiener in Belgien\u201c kam gerade zum rechten Zeitpunkt.<\/p>\n<p style=\"padding-left: 40px;\">Laut der franz\u00f6sischen Zeitung Le Monde hat die Festnahme von Mogherini den diplomatischen Dienst der EU schockiert. Der Spanier Josep Borrell, der Nachfolger der Italienerin an der Spitze des diplomatischen Dienstes, der die Vorz\u00fcge des europ\u00e4ischen \u201ebl\u00fchenden Gartens\u201d gegen\u00fcber dem ihn umgebenden \u201eDschungel\u201d so anschaulich beschrieben hatte, lehnte es rundweg ab, sich dazu zu \u00e4u\u00dfern. Das ist durchaus verst\u00e4ndlich, wenn man bedenkt, dass der wegen Korruptionsverdachts festgenommene Sannino ausgerechnet unter Borrell das Amt des Generalsekret\u00e4rs des diplomatischen Dienstes der EU innehatte.<\/p>\n<p style=\"padding-left: 40px;\">In Budapest hingegen, wo man die europ\u00e4ischen Strukturen und die dort t\u00e4tigen Beamten offensichtlich nicht besonders mag, konnte man sich Kommentare nicht verkneifen. \u201eEs ist schon komisch, wie Br\u00fcssel allen Lektionen \u00fcber die \u201aRechtsstaatlichkeit\u2018 erteilt, w\u00e4hrend seine eigenen Institutionen eher einer Krimiserie als einer funktionierenden Union \u00e4hneln\u201c, bemerkte der Staatssekret\u00e4r f\u00fcr Regierungskommunikation Zoltan Kovacs.<\/p>\n<p style=\"padding-left: 40px;\">Die Estin Kaja Kallas, die derzeit den Europ\u00e4ischen Ausw\u00e4rtigen Dienst leitet, bezeichnete den Skandal als \u201ezutiefst schockierend\u201c und versicherte eilig, dass ihr Dienst \u201evollst\u00e4ndig und offen mit den Ermittlern zusammenarbeitet\u201c. Gegen Kallas selbst scheint es bislang keine Vorw\u00fcrfe zu geben, aber wer wei\u00df, wie sich die Situation weiterentwickelt? Zumal es in ihrem Lebenslauf einen Abschnitt gibt, in dem Kallas als estnische Premierministerin an jeder Ecke f\u00fcr eine Versch\u00e4rfung der Sanktionen gegen Russland eintrat, w\u00e4hrend die Firma ihres Mannes heimlich Gesch\u00e4fte mit Russland machte.<\/p>\n<p style=\"padding-left: 40px;\">Auch auf die Pr\u00e4sidentin der EU-Kommission k\u00f6nnten Pfeile fliegen: Der rum\u00e4nische Europaabgeordnete Gheorghe Piperia hat angek\u00fcndigt, erneut ein Misstrauensvotum gegen von der Leyen zu initiieren. Das erste Votum, das scheiterte, stand im Zusammenhang mit dem undurchsichtigen Verfahren zum Kauf von Coronavirus-Impfstoffen im Wert von 2,7 Milliarden Euro. Die Unterzeichnung der Vertr\u00e4ge hat von der Leyen damals pers\u00f6nlich vorangetrieben. Als Gr\u00fcnde f\u00fcr das neue Misstrauensvotum nannte der Europaabgeordnete diesmal den aktuellen Korruptionsskandal und die Bem\u00fchungen der Pr\u00e4sidentin der EU-Kommission, den \u201eReparationskredit\u201d durchzusetzen, dessen Idee von der Europ\u00e4ischen Zentralbank kritisiert wurde.<\/p>\n<h5 class=\"wp-block-heading\" style=\"padding-left: 40px;\">Man will so gerne klauen<\/h5>\n<p style=\"padding-left: 40px;\">Es scheint, als h\u00e4tte die \u201eOperation Mogherini\u201d, die sich indirekt gegen die EU-Kommission richtet, Belgien unschlagbare Trumpfkarten in die Hand gegeben. Der belgische Au\u00dfenminister Maxime Prevot, der zu dem Treffen der Au\u00dfenminister der EU-L\u00e4nder angereist war, lehnte von der Leyens Vorschlag zur Beschlagnahmung russischer Verm\u00f6genswerte sofort ab und bezeichnete ihn als \u201edie schlechteste aller m\u00f6glichen Optionen\u201d, deren Folgen \u201ekatastrophal\u201d w\u00e4ren.<\/p>\n<p style=\"padding-left: 40px;\">Nicht weniger entschlossen zeigte sich der belgische Premierminister Bart De Wever. In einem Interview mit der Zeitung La Libre erkl\u00e4rte er offen: \u201eMoskau hat uns zu verstehen gegeben, dass Belgien und ich pers\u00f6nlich \u201eewig\u201c unter den Folgen [der Beschlagnahmung] leiden werden. Ohne dass [andere EU-L\u00e4nder] einen Teil der Risiken \u00fcbernehmen, werde ich alles tun, um diese Entscheidung zu blockieren. Alles, was in meiner Macht steht\u201c, versprach De Wever.<\/p>\n<p style=\"padding-left: 40px;\">Von der Leyen h\u00f6rte sich die Einw\u00e4nde der Belgier mit wahrhaft arischer Arroganz an und teilte daraufhin mit, dass die EU-Kommission trotzdem eine Entscheidung \u00fcber den \u201eReparationskredit\u201c getroffen habe. Im Rahmen dieses Schemas sollen alle russischen Verm\u00f6genswerte in H\u00f6he von 185 Milliarden Euro, die bei Euroclear hinterlegt sind, sowie weitere 25 Milliarden Euro in anderen EU-L\u00e4ndern beschlagnahmt werden. Nach Angaben der Pr\u00e4sidentin der EU-Kommission erfordert die Entscheidung auf dem EU-Gipfel Mitte Dezember keinen Konsens, sie \u201ekann mit der Mehrheit der Stimmen getroffen werden\u201d. Die Verteilung der gestohlenen russischen Gelder und die Organisation der Zahlungen an die Ukraine will die EU-Kommission jedoch allein regeln.<\/p>\n<p style=\"padding-left: 40px;\">Man muss anzumerken, dass die EU-Kommission im Falle der Enteignung der Verm\u00f6genswerte der Russischen F\u00f6deration selbst nichts riskiert, sie ist n\u00e4mlich keine internationale juristische Person. Die gesamte Verantwortung liegt bei Belgien und den anderen L\u00e4ndern, in denen sich der Rest der Gelder befindet. Um ihre Bef\u00fcrchtungen auszur\u00e4umen, versprach von der Leyen, als Schutzma\u00dfnahme \u201edie Vollstreckung ausl\u00e4ndischer Gerichtsentscheidungen \u00fcber Reparationskredite innerhalb der EU zu verbieten\u201d.<\/p>\n<p style=\"padding-left: 40px;\">Ist die Pr\u00e4sidentin der EU-Kommission also geschickt einem Angriff ausgewichen? Genau wie der Kriminelle Kirpitsch aus dem bekannten russischen Film \u201eSie haben keine Mittel gegen Kotja Saprykin.\u201d Aber im Film hat Kapit\u00e4n Zheglow doch ein Mittel gegen Kirpitsch gefunden, wenn auch kein ganz legales. Vielleicht finden die belgische Polizei oder ihre Unterst\u00fctzer Gr\u00fcnde f\u00fcr eine neue Untersuchung? Wie in Kiew, wo auf Selensky auch schrittweise Druck ausge\u00fcbt wurde.<\/p>\n<p style=\"padding-left: 40px;\">Oder noch eine andere M\u00f6glichkeit: Vielleicht werden nicht nur Br\u00fcssel und Budapest, sondern auch andere europ\u00e4ische Hauptst\u00e4dte Vernunft walten lassen und sich nicht allzu offensichtlich mit Strukturen verbinden wollen, deren Methoden zunehmend an eine Mafia erinnern, die sich fest inmitten des \u201ebl\u00fchenden Gartens\u201d eingenistet hat? Man kann das Stigma eines Diebes leicht bekommen, aber es schwer, sogar fast unm\u00f6glich, es wieder loszuwerden.<\/p>\n<p style=\"padding-left: 40px;\">Und im \u00e4u\u00dfersten Fall: Die Angst vor m\u00f6glichen Antworten seitens Russlands ist ja auch noch da. Und daran, dass es eine Antwort geben wird, besteht kein Zweifel.<\/p>\n<p><span style=\"font-family: 'courier new', courier, monospace;\"><strong>Ende der \u00dcbersetzung<\/strong><\/span><\/p>\n<p style=\"text-align: right;\"><em>Thomas R\u00f6per, geboren 1971, lebt seit \u00fcber 15 Jahren in Russland. Die Schwerpunkte seiner medienkritischen Arbeit sind das (mediale) Russlandbild in Deutschland, Kritik an der Berichterstattung westlicher Medien im Allgemeinen und die Themen (Geo-)Politik und Wirtschaft.<\/em><\/p>\n<hr \/>\n<p><span style=\"font-size: 10pt;\">Bild oben: Federica Mogherini, fr\u00fchere EU-Au\u00dfenbeauftragte und Hauptverd\u00e4chtige im aktuellen Korruptionsskandal. (Foto aus dem Jahre 2018)<\/span><br \/>\n<span style=\"font-size: 10pt;\">Foto: Kmu.gov.ua, <a href=\"https:\/\/creativecommons.org\/licenses\/by\/4.0\" target=\"_blank\" rel=\"noopener\">CC BY 4.0<\/a><\/span><br \/>\n<span style=\"font-size: 10pt;\">Quelle: <a href=\"https:\/\/commons.wikimedia.org\/w\/index.php?curid=67458959\" target=\"_blank\" rel=\"noopener\">https:\/\/commons.wikimedia.org\/w\/index.php?curid=67458959<\/a><\/span><\/p>\n<p>&nbsp;<\/p>\n","protected":false},"excerpt":{"rendered":"<p><b>Machtk\u00e4mpfe und Korruption<\/b><br \/>\n<b>von Anti-Spiegel<\/b><br \/>\nIch habe es bereits in der letzten Tacheles-Sendung gesagt, komme aber erst jetzt dazu, dar\u00fcber zu schreiben und es ausf\u00fchrlich zu begr\u00fcnden: Die Bem\u00fchungen der EU-Kommission, die in der EU eingefrorenen russischen Verm\u00f6genswerte zu enteignen und f\u00fcr einen \u201eReparationskredit\u201c f\u00fcr die Ukraine zu benutzen, stehen in einer sehr offensichtlichen Verbindung zu dem Korruptionsskandal, der die EU ersch\u00fcttert.<br \/>\nAllerdings will ich mich nicht mit fremden Federn schm\u00fccken, denn auf diesen Zusammenhang bin ich durch einen Artikel gesto\u00dfen, der am Donnerstag in der russischen Nachrichtenagentur TASS erschienen ist. Da der Artikel f\u00fcr sich selbst spricht, kommen wir direkt zu der \u00dcbersetzung des Artikels.<\/p>\n","protected":false},"author":3,"featured_media":23755,"comment_status":"closed","ping_status":"closed","sticky":false,"template":"","format":"standard","meta":{"colormag_page_container_layout":"default_layout","colormag_page_sidebar_layout":"default_layout","advanced_seo_description":"","jetpack_seo_html_title":"","jetpack_seo_noindex":false,"jetpack_post_was_ever_published":false,"footnotes":""},"categories":[12],"tags":[2926,699,2334,2928,2313,182,2927,1702,759,1384,1633,222,719,1815,1759,1111,2146,1632],"class_list":["post-23747","post","type-post","status-publish","format-standard","has-post-thumbnail","hentry","category-demokratie-medien-aufklaerung","tag-antikorruptionsbehoerde","tag-aussenpolitik","tag-belgien","tag-beschlagnahme","tag-durchsuchung","tag-eu","tag-eu-aussenbeauftragte","tag-eu-kommission","tag-geheimdienste","tag-korruption","tag-kredite","tag-russland","tag-sanktionen","tag-selenskyj","tag-skandal","tag-ukraine","tag-vermoegenswerte","tag-von-der-leyen"],"jetpack_featured_media_url":"https:\/\/i0.wp.com\/www.freidenker.org\/fw17\/wp-content\/uploads\/2025\/12\/Federica_Mogherini_12_800x450.jpg?fit=800%2C450&ssl=1","jetpack_shortlink":"https:\/\/wp.me\/p9stpK-6b1","jetpack-related-posts":[{"id":23717,"url":"https:\/\/www.freidenker.org\/?p=23717","url_meta":{"origin":23747,"position":0},"title":"Warum der Diebstahl der russischen Verm\u00f6genswerte f\u00fcr die EU lebenswichtig ist","author":"Webredaktion","date":"5. Dezember 2025","format":false,"excerpt":"In die eigene Falle getappt von Anti-Spiegel (d.i. Thomas R\u00f6per) Der Streit um die Enteignung der in Belgien eingefrorenen russischen Verm\u00f6genswerte ist f\u00fcr die EU zu einer \u00dcberlebensfrage geworden. Da man die Gelder laut V\u00f6lkerrecht nicht einfach klauen kann und die EU als Finanzplatz dann wohl eine riesige Kapitalflucht mit\u2026","rel":"","context":"In &quot;Demokratie \u2013 Medien \u2013 Aufkl\u00e4rung&quot;","block_context":{"text":"Demokratie \u2013 Medien \u2013 Aufkl\u00e4rung","link":"https:\/\/www.freidenker.org\/?cat=12"},"img":{"alt_text":"","src":"https:\/\/i0.wp.com\/www.freidenker.org\/fw17\/wp-content\/uploads\/2025\/12\/Papierschiffchen-mit-EU-Fahne_v3_800x450.jpg?fit=800%2C450&ssl=1&resize=350%2C200","width":350,"height":200,"srcset":"https:\/\/i0.wp.com\/www.freidenker.org\/fw17\/wp-content\/uploads\/2025\/12\/Papierschiffchen-mit-EU-Fahne_v3_800x450.jpg?fit=800%2C450&ssl=1&resize=350%2C200 1x, https:\/\/i0.wp.com\/www.freidenker.org\/fw17\/wp-content\/uploads\/2025\/12\/Papierschiffchen-mit-EU-Fahne_v3_800x450.jpg?fit=800%2C450&ssl=1&resize=525%2C300 1.5x, https:\/\/i0.wp.com\/www.freidenker.org\/fw17\/wp-content\/uploads\/2025\/12\/Papierschiffchen-mit-EU-Fahne_v3_800x450.jpg?fit=800%2C450&ssl=1&resize=700%2C400 2x"},"classes":[]},{"id":14824,"url":"https:\/\/www.freidenker.org\/?p=14824","url_meta":{"origin":23747,"position":1},"title":"Gipfelst\u00fcrmerin der Scheinheiligkeit","author":"Webredaktion","date":"16. Dezember 2022","format":false,"excerpt":"Kommentar von Rainer Rupp Mit einem neuen EU-Spezialgerichtshof will Ursula von der Leyen uralte Rechtsgrunds\u00e4tze auf den Kopf stellen, um so in der EU eingefrorenes russischen Geld zu stehlen, damit es ihren faschistischen Gesinnungsgenossen in der Ukraine zugeschustert werden kann. Allerdings gibt es auch Kritik aus der Bev\u00f6lkerung, sowohl von\u2026","rel":"","context":"In &quot;Demokratie \u2013 Medien \u2013 Aufkl\u00e4rung&quot;","block_context":{"text":"Demokratie \u2013 Medien \u2013 Aufkl\u00e4rung","link":"https:\/\/www.freidenker.org\/?cat=12"},"img":{"alt_text":"","src":"https:\/\/i0.wp.com\/www.freidenker.org\/fw17\/wp-content\/uploads\/2022\/12\/von_der_leyen_800x450.jpg?fit=800%2C450&ssl=1&resize=350%2C200","width":350,"height":200,"srcset":"https:\/\/i0.wp.com\/www.freidenker.org\/fw17\/wp-content\/uploads\/2022\/12\/von_der_leyen_800x450.jpg?fit=800%2C450&ssl=1&resize=350%2C200 1x, https:\/\/i0.wp.com\/www.freidenker.org\/fw17\/wp-content\/uploads\/2022\/12\/von_der_leyen_800x450.jpg?fit=800%2C450&ssl=1&resize=525%2C300 1.5x, https:\/\/i0.wp.com\/www.freidenker.org\/fw17\/wp-content\/uploads\/2022\/12\/von_der_leyen_800x450.jpg?fit=800%2C450&ssl=1&resize=700%2C400 2x"},"classes":[]},{"id":23904,"url":"https:\/\/www.freidenker.org\/?p=23904","url_meta":{"origin":23747,"position":2},"title":"Die EU und der Fall Mogherini","author":"Webredaktion","date":"16. Dezember 2025","format":false,"excerpt":"Beitrag von Pierre L\u00e9vy Die fr\u00fchere EU-Au\u00dfenbeauftragte Federica Mogherini gibt ihren Posten an einer Eliteuniversit\u00e4t auf. Ihr wurde Betrug im Zusammenhang mit EU-Geldern vorgeworfen. Doch was steckt wirklich dahinter? Die Szene ist nicht allt\u00e4glich: Am 2.\u00a0Dezember wird Federica Mogherini auf Antrag der EU-Staatsanwaltschaft von der belgischen Polizei festgenommen. Wie zwei\u2026","rel":"","context":"In &quot;Demokratie \u2013 Medien \u2013 Aufkl\u00e4rung&quot;","block_context":{"text":"Demokratie \u2013 Medien \u2013 Aufkl\u00e4rung","link":"https:\/\/www.freidenker.org\/?cat=12"},"img":{"alt_text":"","src":"https:\/\/i0.wp.com\/www.freidenker.org\/fw17\/wp-content\/uploads\/2025\/12\/Federica_Mogherini_09_800x450.jpg?fit=800%2C450&ssl=1&resize=350%2C200","width":350,"height":200,"srcset":"https:\/\/i0.wp.com\/www.freidenker.org\/fw17\/wp-content\/uploads\/2025\/12\/Federica_Mogherini_09_800x450.jpg?fit=800%2C450&ssl=1&resize=350%2C200 1x, https:\/\/i0.wp.com\/www.freidenker.org\/fw17\/wp-content\/uploads\/2025\/12\/Federica_Mogherini_09_800x450.jpg?fit=800%2C450&ssl=1&resize=525%2C300 1.5x, https:\/\/i0.wp.com\/www.freidenker.org\/fw17\/wp-content\/uploads\/2025\/12\/Federica_Mogherini_09_800x450.jpg?fit=800%2C450&ssl=1&resize=700%2C400 2x"},"classes":[]},{"id":23345,"url":"https:\/\/www.freidenker.org\/?p=23345","url_meta":{"origin":23747,"position":3},"title":"Streit um russische Verm\u00f6genswerte blockiert Br\u00fcsseler Finanzplan","author":"Webredaktion","date":"29. Oktober 2025","format":false,"excerpt":"Beitrag von Pierre L\u00e9vy Die europ\u00e4ischen Gipfeltreffen folgen aufeinander und \u00e4hneln sich. Gleiche Akteure, gleiches Szenario, gleiche Dialoge, gleiche Streitigkeiten, gleiche Ergebnisse oder gegebenenfalls gleiche Sackgassen. Der Europ\u00e4ische Rat vom 23. Oktober, zu dem die 27 Staats- und Regierungschefs in Br\u00fcssel zusammenkamen, bildete keine Ausnahme von diesem Eindruck eines sich\u2026","rel":"","context":"In &quot;Demokratie \u2013 Medien \u2013 Aufkl\u00e4rung&quot;","block_context":{"text":"Demokratie \u2013 Medien \u2013 Aufkl\u00e4rung","link":"https:\/\/www.freidenker.org\/?cat=12"},"img":{"alt_text":"","src":"https:\/\/i0.wp.com\/www.freidenker.org\/fw17\/wp-content\/uploads\/2025\/10\/ruble-1863439_800x450.jpg?fit=800%2C450&ssl=1&resize=350%2C200","width":350,"height":200,"srcset":"https:\/\/i0.wp.com\/www.freidenker.org\/fw17\/wp-content\/uploads\/2025\/10\/ruble-1863439_800x450.jpg?fit=800%2C450&ssl=1&resize=350%2C200 1x, https:\/\/i0.wp.com\/www.freidenker.org\/fw17\/wp-content\/uploads\/2025\/10\/ruble-1863439_800x450.jpg?fit=800%2C450&ssl=1&resize=525%2C300 1.5x, https:\/\/i0.wp.com\/www.freidenker.org\/fw17\/wp-content\/uploads\/2025\/10\/ruble-1863439_800x450.jpg?fit=800%2C450&ssl=1&resize=700%2C400 2x"},"classes":[]},{"id":23111,"url":"https:\/\/www.freidenker.org\/?p=23111","url_meta":{"origin":23747,"position":4},"title":"Das Ende ist eingeleitet: Ukraine pleite \u2013 EU zerf\u00e4llt","author":"Webredaktion","date":"13. Oktober 2025","format":false,"excerpt":"Beitrag von Gert Ewen Ungar Die politische Krise in Frankreich ist nur ein Symptom einer tiefer liegenden Krise der EU. Die Europ\u00e4ische Union hat mit ihrem Willen zur Unterst\u00fctzung der Ukraine ihren Mitgliedstaaten zu viel aufgeb\u00fcrdet. Sie bluten finanziell aus, ihre Gesellschaften werden instabil. Der Zerfall der EU beginnt. [...]\u2026","rel":"","context":"In &quot;Demokratie \u2013 Medien \u2013 Aufkl\u00e4rung&quot;","block_context":{"text":"Demokratie \u2013 Medien \u2013 Aufkl\u00e4rung","link":"https:\/\/www.freidenker.org\/?cat=12"},"img":{"alt_text":"","src":"https:\/\/i0.wp.com\/www.freidenker.org\/fw17\/wp-content\/uploads\/2025\/10\/eu-flagge_stein_800x450.jpg?fit=800%2C450&ssl=1&resize=350%2C200","width":350,"height":200,"srcset":"https:\/\/i0.wp.com\/www.freidenker.org\/fw17\/wp-content\/uploads\/2025\/10\/eu-flagge_stein_800x450.jpg?fit=800%2C450&ssl=1&resize=350%2C200 1x, https:\/\/i0.wp.com\/www.freidenker.org\/fw17\/wp-content\/uploads\/2025\/10\/eu-flagge_stein_800x450.jpg?fit=800%2C450&ssl=1&resize=525%2C300 1.5x, https:\/\/i0.wp.com\/www.freidenker.org\/fw17\/wp-content\/uploads\/2025\/10\/eu-flagge_stein_800x450.jpg?fit=800%2C450&ssl=1&resize=700%2C400 2x"},"classes":[]},{"id":14760,"url":"https:\/\/www.freidenker.org\/?p=14760","url_meta":{"origin":23747,"position":5},"title":"&#8222;Russland als Terrorstaat&#8220;? Ein Dokument barbarischen Wahns","author":"Webredaktion","date":"27. November 2022","format":false,"excerpt":"Beitrag von Dagmar Henn EU-Beschl\u00fcsse, gleich, ob von Kommission oder Parlament, sind immer unangenehm zu lesen; aber der Beschluss des EU-Parlaments unter der Nummer P9_TA(2022)0405 ist es ganz besonders. Es geht um die \"Einstufung der Russischen F\u00f6deration als dem Terrorismus Vorschub leistender Staat\", und das einzige St\u00fcck antirussischer Propaganda der\u2026","rel":"","context":"In &quot;Demokratie \u2013 Medien \u2013 Aufkl\u00e4rung&quot;","block_context":{"text":"Demokratie \u2013 Medien \u2013 Aufkl\u00e4rung","link":"https:\/\/www.freidenker.org\/?cat=12"},"img":{"alt_text":"","src":"https:\/\/i0.wp.com\/www.freidenker.org\/fw17\/wp-content\/uploads\/2022\/11\/European_Parliament_52519229729_800x450.jpg?fit=800%2C450&ssl=1&resize=350%2C200","width":350,"height":200,"srcset":"https:\/\/i0.wp.com\/www.freidenker.org\/fw17\/wp-content\/uploads\/2022\/11\/European_Parliament_52519229729_800x450.jpg?fit=800%2C450&ssl=1&resize=350%2C200 1x, https:\/\/i0.wp.com\/www.freidenker.org\/fw17\/wp-content\/uploads\/2022\/11\/European_Parliament_52519229729_800x450.jpg?fit=800%2C450&ssl=1&resize=525%2C300 1.5x, https:\/\/i0.wp.com\/www.freidenker.org\/fw17\/wp-content\/uploads\/2022\/11\/European_Parliament_52519229729_800x450.jpg?fit=800%2C450&ssl=1&resize=700%2C400 2x"},"classes":[]}],"_links":{"self":[{"href":"https:\/\/www.freidenker.org\/index.php?rest_route=\/wp\/v2\/posts\/23747","targetHints":{"allow":["GET"]}}],"collection":[{"href":"https:\/\/www.freidenker.org\/index.php?rest_route=\/wp\/v2\/posts"}],"about":[{"href":"https:\/\/www.freidenker.org\/index.php?rest_route=\/wp\/v2\/types\/post"}],"author":[{"embeddable":true,"href":"https:\/\/www.freidenker.org\/index.php?rest_route=\/wp\/v2\/users\/3"}],"replies":[{"embeddable":true,"href":"https:\/\/www.freidenker.org\/index.php?rest_route=%2Fwp%2Fv2%2Fcomments&post=23747"}],"version-history":[{"count":3,"href":"https:\/\/www.freidenker.org\/index.php?rest_route=\/wp\/v2\/posts\/23747\/revisions"}],"predecessor-version":[{"id":23759,"href":"https:\/\/www.freidenker.org\/index.php?rest_route=\/wp\/v2\/posts\/23747\/revisions\/23759"}],"wp:featuredmedia":[{"embeddable":true,"href":"https:\/\/www.freidenker.org\/index.php?rest_route=\/wp\/v2\/media\/23755"}],"wp:attachment":[{"href":"https:\/\/www.freidenker.org\/index.php?rest_route=%2Fwp%2Fv2%2Fmedia&parent=23747"}],"wp:term":[{"taxonomy":"category","embeddable":true,"href":"https:\/\/www.freidenker.org\/index.php?rest_route=%2Fwp%2Fv2%2Fcategories&post=23747"},{"taxonomy":"post_tag","embeddable":true,"href":"https:\/\/www.freidenker.org\/index.php?rest_route=%2Fwp%2Fv2%2Ftags&post=23747"}],"curies":[{"name":"wp","href":"https:\/\/api.w.org\/{rel}","templated":true}]}}