{"id":23737,"date":"2025-12-07T21:56:40","date_gmt":"2025-12-07T20:56:40","guid":{"rendered":"https:\/\/www.freidenker.org\/?p=23737"},"modified":"2026-01-27T03:33:44","modified_gmt":"2026-01-27T02:33:44","slug":"schulstreik-den-kriegstrommlern-in-deutschland-geht-es-nicht-um-freiheit-und-demokratie","status":"publish","type":"post","link":"https:\/\/www.freidenker.org\/?p=23737","title":{"rendered":"Schulstreik: Den Kriegstrommlern in Deutschland geht es nicht um Freiheit und Demokratie"},"content":{"rendered":"<p><em>Am 5. Dezember 2025 fand ein bundesweiter Schulstreik gegen die Wehrpflicht statt, woran sich viele tausend Jugendliche beteiligten, unter anderem in Hamburg, Berlin, Potsdam, K\u00f6ln, D\u00fcsseldorf, M\u00fcnchen, Dresden und Leipzig. Hintergrund war die an diesem Tag stattfindende Abstimmung im Bundestag bez\u00fcglich der Wiedereinf\u00fchrung der Wehrpflicht. Das Gesetz, wonach f\u00fcr junge M\u00e4nner ab Jahrgang 2008 die Musterung k\u00fcnftig wieder verpflichtend sein soll, passierte zwar den Bundestag, aber der Streik machte deutlich, dass sich die betroffene Generation nicht widerstandslos im Krieg verheizen lassen wird.<\/em><\/p>\n<p><em>Wir ver\u00f6ffentlichen hiermit die Rede von <\/em><strong>Reiner Hoffmann<\/strong><em> (Friedensforum D\u00fcsseldorf), die er am 05.12.2025 vor fast 500 Teilnehmern auf der Demonstration von Sch\u00fclern in D\u00fcsseldorf hielt.<\/em><\/p>\n<p style=\"text-align: right;\"><em>Webredaktion<\/em><\/p>\n<hr \/>\n<p>Liebe Freunde,<\/p>\n<p>als alter Friedensk\u00e4mpfer, der nat\u00fcrlich selbst den Kriegsdienst verweigert hat m\u00f6chte ich Euch meinen <strong>Respekt <\/strong>zum Ausdruck bringen. Was Ihr hier macht zeigt <strong>Haltung <\/strong>und das ist ein gutes R\u00fcstzeug f\u00fcr Euer weiteres Leben. Eine gute Haltung ist nicht nur gut um sp\u00e4teren R\u00fcckenbeschwerden vorzubeugen, sondern vor allem eine wichtige Nahrung f\u00fcr Euer Gewissen.<\/p>\n<p>Die Bundeswehr ist dazu da, Haltung zu brechen. Befehl und Gehorsam soll eigenes Denken ersetzen. Die Bundeswehr produziert Menschen, die auch im zivilen Alltag als Befehlsempf\u00e4nger gut zu gebrauchen sind, keine Widerworte haben und nicht aufmucken. Jetzt will man Euch mit sch\u00f6nen Plakaten k\u00f6dern, da d\u00fcrft ihr dann beim Bund fr\u00f6hlich musizieren und Euch die Zeit mit Computerspielen vertreiben und das sogar noch bei guter Bezahlung.<\/p>\n<p><strong>Leute, das ist Werbung<\/strong>, denn Euer Vorgesetzter wird Euch den Weg in den Sch\u00fctzengraben schon zeigen und das Musikinstrument wird durch eine Maschinenpistole ersetzt werden.<\/p>\n<p>Haltung zu bewahren ist aber nicht einfach. Schnell wird man als \u201eDr\u00fcckeberger\u201c abgestempelt.<\/p>\n<p>Den Kriegstrommlern in Deutschland geht es nicht wirklich um Landesverteidigung, Freiheit und Demokratie, es geht um <strong>Riesenprofite <\/strong>f\u00fcr die Aktion\u00e4re der R\u00fcstungsindustrie. Nirgendwo sind die Profite so gro\u00df wie bei der R\u00fcstung. Der Kurswert der Rheinmetallaktie hat sich in kurzer Zeit um mehr als das Zwanzigfache erh\u00f6ht. Der Krieg in der Ukraine und in Pal\u00e4stina hat nicht nur Hunderttausende junge Menschen get\u00f6tet und den Gazastreifen unbewohnbar gemacht, nein er hat auch die Aktion\u00e4re reicher gemacht und deshalb scheuen sie den Frieden wie der Teufel das Weihwasser.<\/p>\n<p>Der gr\u00f6\u00dfte Aktion\u00e4r bei Rheinmetall ist \u00fcbrigens die gr\u00f6\u00dfte Investmentgesellschaft der Welt: <strong>Blackrock <\/strong>mit Hauptsitz in den USA. Und was f\u00fcr ein Zufall: Bevor Friedrich Merz Bundeskanzler wurde, war er f\u00fcnf Jahre lang der Aufsichtsratsvorsitzende von Blackrock in Deutschland. Merz f\u00fchlt sich nicht seinem Volk verpflichtet, sondern dient weiterhin stramm den Kapitalinteressen.<\/p>\n<p><strong>Hunderte Milliarden <\/strong>Schulden f\u00fcr eine ungeheuerliche Aufr\u00fcstung wurden im Bundestag ohne gro\u00dfe Diskussion einfach durchgewunken. Aber die Kredite sind zur\u00fcckzuzahlen und Merz wird sie nicht mehr zur\u00fcckzahlen, das d\u00fcrft <strong>ihr <\/strong>sp\u00e4ter f\u00fcr ihn erledigen. Jetzt muss er erst mal den R\u00fcstungsinvestoren helfen, die Profite einzusacken.<\/p>\n<p>Im Parlament streitet man sich \u00fcber jeden Euro, der f\u00fcr Soziales oder Bildung ausgegeben werden m\u00fcsste. \u00dcberall fehlt Geld, sogar der Preis f\u00fcr das Deutschlandticket wurde erh\u00f6ht. \u00d6kologie und Klimaschutz d\u00fcrfen sich wieder hintenanstellen. Und jetzt noch die Rentendiskussion. Jung gegen Alt. Wir sollen uns jetzt untereinander in die Haare bekommen. Das lenkt gut ab, denn bei den Ausgaben f\u00fcr die R\u00fcstung gibt es <strong>diese <\/strong>Diskussionen nicht<\/p>\n<p><strong>Wie ist das eigentlich m\u00f6glich? <\/strong>Weil der Russe uns angreifen will und Europa erobern m\u00f6chte. Und das erz\u00e4hlen Sie uns nicht nur in der Bildzeitung wie fr\u00fcher, nein inzwischen k\u00f6nnt Ihr das von morgens bis abends bei ARD, ZDF und RTL h\u00f6ren. Ob in Nachrichten oder Talkshows \u00fcberall die gleiche Leier. Dabei h\u00e4tte der Einmarsch der russischen Armee in der Ukraine verhindert werden k\u00f6nnen, wenn es der Westen gewollt h\u00e4tte. Das hat sogar Frau Merkel zugegeben. Und selbst drei Wochen danach gab es bei Verhandlungen zwischen der Ukraine und Russland in Istanbul ein unterschriftsreifes Friedensabkommen. Doch die USA und Gro\u00dfbritannien erhoben Einspruch und Selensky durfte nicht unterschreiben. Dann nahm der Krieg seinen Lauf.<\/p>\n<p><strong>Aber warum will der Russe denn nun auch noch uns angreifen? <\/strong>Weil das unsere Geheimdienste sagen und die k\u00f6nnen das einfach so sagen, ohne es beweisen zu m\u00fcssen. Zur Not werden beliebig passende L\u00fcgen inszeniert. Eine pl\u00f6tzlich auftauchende Drohne muss von den Russen stammen. Ein defektes Kabel in der Ostsee kann nur von der russischen Schattenflotte zerst\u00f6rt worden sein. Und Hackerangriffe kommen ja eigentlich auch nur aus Russland. Russische Flugzeuge haben den Luftraum verletzt. Es muss gar nicht \u00fcberpr\u00fcft werden, was denn wirklich los war. Es reicht, dass es ein paar Tage lang t\u00e4glich heruntergebetet wird und <strong>immer der Russe <\/strong>der Schuldige ist. Dann sitzt es. Selbst Kriege mit Millionen von Toten wie der in Vietnam oder im Irak, wurden mit erfundenen Behauptungen begonnen. Auch wenn Jahre danach die Wahrheit ans Licht kam, der Krieg ist gelaufen, die Menschen sind tot und werden nicht mehr lebendig.<\/p>\n<p>Kriege werden fast immer aus <strong>wirtschaftlichen und geopolitischen Gr\u00fcnden <\/strong>gef\u00fchrt. Es geht um \u00d6l, Gas, seltene Erden und andere wichtige Rohstoffe, derer man habhaft werden m\u00f6chte und es geht um die Eroberung neuer Absatzm\u00e4rkte. Es geht <strong>nie <\/strong>wirklich um Menschenrechte, religi\u00f6se Befindlichkeiten oder den Kampf gegen Terror oder neuerdings gegen Drogenbanden. Mit diesen Behauptungen m\u00f6chte man von den wirklichen Absichten ablenken. Das klingt dann besser und weniger habgierig. Der USA ging es bei den vielen Kriegen im Iran, Irak, Kuwait, Syrien, Libanon, Jemen oder Pal\u00e4stina vorrangig immer nur um die Absicherung des Zugangs zum erd\u00f6lreichen Nahen Osten. Die USA l\u00e4sst \u00fcbrigens derzeit gro\u00dfes Milit\u00e4r vor der K\u00fcste Venezuelas auffahren. Ein Land mit dem gr\u00f6\u00dften Erd\u00f6lvorkommen der Welt.<\/p>\n<p><strong>Warum also <\/strong>sollte Russland ein Interesse daran haben Europa zu erobern, wo es hier doch nichts zu holen gibt? Und wie wollen sie das bewerkstelligen, wo die NATO Russland in allen Waffengattungen (mit Ausnahme der Atomwaffen) mehrfach \u00fcberlegen ist. Das best\u00e4tigen auch aktuelle Greenpeace-Unterlagen und Zahlen des Sipri-Insituts. <strong>Es w\u00e4re also glatter Selbstmord<\/strong>. <strong>Umgekehrt <\/strong>wird jedoch ein Schuh draus. Denn Russland ist reich an Bodensch\u00e4tzen. Schon Napoleon und sp\u00e4ter zweimal Deutschland im 1. und 2. Weltkrieg haben versucht, an diesen Reichtum zu gelangen. Das Ergebnis ist bekannt. Allein 27 Millionen Menschen der Sowjetunion verloren, der deutschen Wehrmacht sei Dank, ihr Leben.<\/p>\n<p>Mitten im kalten Krieg kam es wegen der Stationierung amerikanischer Raketen in Deutschland endlich zu einem Aufschwung der <strong>Friedensbewegung <\/strong>in unserem Land. \u201eMake love &#8211; not war!\u201c lautete unsere Parole und wir waren durchaus sehr viele und erfolgreich.<\/p>\n<p>Auf internationaler Ebene begannen Verhandlungen zu R\u00fcstungsbegrenzung und\u00a0R\u00fcstungskontrolle. Es wurden sogar alle Mittelstreckenraketen in Ost und West vernichtet. Die Politik der friedlichen Koexistenz in Europa setzte sich durch. Das Motto war, <strong>Sicherheit gibt es nur, wenn sich beide Seiten sicher f\u00fchlen<\/strong>.<\/p>\n<p>Doch die Zeiten haben sich inzwischen ge\u00e4ndert. Es stehen bereits amerikanische Raketen mit Atomsprengk\u00f6pfen in Deutschland und im n\u00e4chsten Jahr sollen neue schnellere amerikanische Mittelstreckenraketen hinzukommen. Raketen, die auch mit Atomsprengk\u00f6pfen ausgestattet werden k\u00f6nnen. Dar\u00fcber gab es im Bundestag keine\u00a0Diskussion oder Abstimmung. Der damalige Bundeskanzler Olaf Scholz hat es lediglich zur\u00a0Kenntnis genommen. <strong>Diese Stationierung muss verhindert werden<\/strong>, denn Sie macht uns zur Zielscheibe. Die Amerikaner dr\u00fccken auf den Knopf ohne uns zu fragen und Russland muss sofort reagieren ohne zu wissen, ob es sich um eine Atomrakete handelt, denn die Rakete ist in k\u00fcrzester Zeit in Moskau. Eine Fehlerkorrektur ist nicht mehr m\u00f6glich. <strong>Das ist Harakiri!<\/strong><\/p>\n<p><strong>Wir<\/strong>, das Friedensforum D\u00fcsseldorf, wollen dieser ganzen Entwicklung Einhalt gebieten. Wir stehen ganz klar f\u00fcr Konfliktl\u00f6sungen auf diplomatischem Wege. Mit Krieg l\u00f6st man keine Probleme, man schafft nur neue und Frieden schafft man auch nicht durch Hochr\u00fcstung. F\u00fcr unsere Regierung ist nur ein Frieden denkbar, wenn wir Russland besiegt haben. Doch Russland l\u00e4sst sich nicht besiegen. Eine diplomatische L\u00f6sung ist nur m\u00f6glich, wenn sich die Beteiligten an einen Tisch setzen und um eine friedliche L\u00f6sung ringen. Das verlangt auch, sich mit den Argumenten und vor allem Sicherheitsinteressen des anderen auseinanderzusetzen. Doch in Deutschland wird man sofort als \u201ePutinversteher\u201c und \u201eSprachrohr Russlands\u201c verunglimpft, wenn man das von unseren Politikern verlangt. Was soll\u2019s. Deutschland, Europa und die NATO sollten endlich aufh\u00f6ren die\u00a0Friedensverhandlungen t\u00e4glich zu torpedieren. Wir sollten froh sein, dass \u00fcberhaupt wieder miteinander gesprochen wird. So schwer es auch f\u00fcr beide Seiten ist. Der Frieden ist es wert.<\/p>\n<p><strong>Also <\/strong>fragt bitte die Mitsch\u00fcler, die heute noch nicht hier sind, ob sie sich vor diesem Hintergrund in Kriegen verheizen lassen wollen.<\/p>\n<p style=\"text-align: right;\"><em>Reiner Hoffmann ist Mitglied im Friedensforum D\u00fcsseldorf<\/em><\/p>\n<hr \/>\n<p><span style=\"font-size: 10pt;\">Bild oben: Schulstreik gegen die Wehrpflicht am 05.12.2025 in Wuppertal<\/span><br \/>\n<span style=\"font-size: 10pt;\">Foto: \u00a9 redpicture<\/span><br \/>\n<span style=\"font-size: 10pt;\">Quelle: <a href=\"https:\/\/r-mediabase.eu\/schulstreik-gegen-die-wehrpflicht\/#!jig-2\/ML\/96880\" target=\"_blank\" rel=\"noopener\">r-mediabase.eu<\/a><\/span><\/p>\n<p>&nbsp;<\/p>\n","protected":false},"excerpt":{"rendered":"<p><b>Rede von Reiner Hoffmann<\/b> auf einer Demonstration gegen die Wehrpflicht am 05.12.2025 in D\u00fcsseldorf<br \/>\nAm 5. Dezember 2025 fand ein bundesweiter Schulstreik gegen die Wehrpflicht statt, woran sich viele tausend Jugendliche beteiligten, unter anderem in Hamburg, Berlin, Potsdam, K\u00f6ln, D\u00fcsseldorf, M\u00fcnchen, Dresden und Leipzig. Hintergrund war die an diesem Tag stattfindende Abstimmung im Bundestag bez\u00fcglich der Wiedereinf\u00fchrung der Wehrpflicht. Das Gesetz, wonach f\u00fcr junge M\u00e4nner ab Jahrgang 2008 die Musterung k\u00fcnftig wieder verpflichtend sein soll, passierte zwar den Bundestag, aber der Streik machte deutlich, dass sich die betroffene Generation nicht widerstandslos im Krieg verheizen lassen wird. Wir ver\u00f6ffentlichen hiermit die Rede von Reiner Hoffmann (Friedensforum D\u00fcsseldorf), die er am 05.12.2025 vor fast 500 Teilnehmern auf der Demonstration von Sch\u00fclern in D\u00fcsseldorf hielt.<\/p>\n","protected":false},"author":3,"featured_media":23738,"comment_status":"closed","ping_status":"closed","sticky":false,"template":"","format":"standard","meta":{"colormag_page_container_layout":"default_layout","colormag_page_sidebar_layout":"default_layout","advanced_seo_description":"","jetpack_seo_html_title":"","jetpack_seo_noindex":false,"jetpack_post_was_ever_published":false,"footnotes":""},"categories":[13],"tags":[1398,1831,477,411,1952,43,2292,1631,1581,2920,121,1219,2264,2419,222,2919,1111,639,2218],"class_list":["post-23737","post","type-post","status-publish","format-standard","has-post-thumbnail","hentry","category-frieden-antifaschismus-solidaritaet","tag-aufruestung","tag-blackrock","tag-bundestag","tag-demonstration","tag-duesseldorf","tag-friedensbewegung","tag-friedensverhandlungen","tag-geopolitik","tag-gesetz","tag-haltung","tag-medien","tag-profit","tag-raketenstationierung","tag-rheinmetall","tag-russland","tag-schulstreik","tag-ukraine","tag-ukraine-konflikt","tag-wehrpflicht"],"jetpack_featured_media_url":"https:\/\/i0.wp.com\/www.freidenker.org\/fw17\/wp-content\/uploads\/2025\/12\/Schuelerstreik-Wuppertal-IMG_5307_1600x900.jpg?fit=1600%2C899&ssl=1","jetpack_shortlink":"https:\/\/wp.me\/p9stpK-6aR","jetpack-related-posts":[{"id":23579,"url":"https:\/\/www.freidenker.org\/?p=23579","url_meta":{"origin":23737,"position":0},"title":"Mobilisierung der Jugend: Strategien und Aktionen im Kampf gegen die Wehrpflicht","author":"Webredaktion","date":"20. November 2025","format":false,"excerpt":"Beitrag von Felicitas Rabe Auf dem 32. Bundesweiten Friedensratschlag, der am 2. Novemberwochenende in Kassel tagte, nahmen Vertreter von linken Jugendorganisationen in gestaltenden Funktionen teil. In der Podiumsdiskussion \"Wie verhindern wir die Wehrpflicht?\" pr\u00e4sentierten sich die Jugendvertreter \u00e4u\u00dferst informiert \u00fcber die politische Entwicklung in Deutschland und die Kriegsmotivation der herrschenden\u2026","rel":"","context":"In &quot;Demokratie \u2013 Medien \u2013 Aufkl\u00e4rung&quot;","block_context":{"text":"Demokratie \u2013 Medien \u2013 Aufkl\u00e4rung","link":"https:\/\/www.freidenker.org\/?cat=12"},"img":{"alt_text":"","src":"https:\/\/i0.wp.com\/www.freidenker.org\/fw17\/wp-content\/uploads\/2025\/11\/Rabe_Wehrpflicht_800x450.jpg?fit=800%2C450&ssl=1&resize=350%2C200","width":350,"height":200,"srcset":"https:\/\/i0.wp.com\/www.freidenker.org\/fw17\/wp-content\/uploads\/2025\/11\/Rabe_Wehrpflicht_800x450.jpg?fit=800%2C450&ssl=1&resize=350%2C200 1x, https:\/\/i0.wp.com\/www.freidenker.org\/fw17\/wp-content\/uploads\/2025\/11\/Rabe_Wehrpflicht_800x450.jpg?fit=800%2C450&ssl=1&resize=525%2C300 1.5x, https:\/\/i0.wp.com\/www.freidenker.org\/fw17\/wp-content\/uploads\/2025\/11\/Rabe_Wehrpflicht_800x450.jpg?fit=800%2C450&ssl=1&resize=700%2C400 2x"},"classes":[]},{"id":24540,"url":"https:\/\/www.freidenker.org\/?p=24540","url_meta":{"origin":23737,"position":1},"title":"Es geht um dich!","author":"Webredaktion","date":"5. M\u00e4rz 2026","format":false,"excerpt":"Gedicht von Liane Blank Als sie alle Schulen schlossen, \/ angeblich ging das anders nicht, \/ um die Krankheit auszurotten. \/ Glaubst du echt, da ging\u2019s um dich? Als du Masken tragen musstest, \/ ob\u2019s dir gut ging oder nicht, \/ kein Betriebsarzt h\u00e4tt\u2018s genehmigt. \/ Glaubst du im Ernst,\u2026","rel":"","context":"In &quot;Frieden - Antifaschismus - Solidarit\u00e4t&quot;","block_context":{"text":"Frieden - Antifaschismus - Solidarit\u00e4t","link":"https:\/\/www.freidenker.org\/?cat=13"},"img":{"alt_text":"","src":"https:\/\/i0.wp.com\/www.freidenker.org\/fw17\/wp-content\/uploads\/2026\/03\/Schulstreik_gegen_das_Wehrdienstgesetz_in_Hannover_2025-12-05_800x450.jpg?fit=800%2C450&ssl=1&resize=350%2C200","width":350,"height":200,"srcset":"https:\/\/i0.wp.com\/www.freidenker.org\/fw17\/wp-content\/uploads\/2026\/03\/Schulstreik_gegen_das_Wehrdienstgesetz_in_Hannover_2025-12-05_800x450.jpg?fit=800%2C450&ssl=1&resize=350%2C200 1x, https:\/\/i0.wp.com\/www.freidenker.org\/fw17\/wp-content\/uploads\/2026\/03\/Schulstreik_gegen_das_Wehrdienstgesetz_in_Hannover_2025-12-05_800x450.jpg?fit=800%2C450&ssl=1&resize=525%2C300 1.5x, https:\/\/i0.wp.com\/www.freidenker.org\/fw17\/wp-content\/uploads\/2026\/03\/Schulstreik_gegen_das_Wehrdienstgesetz_in_Hannover_2025-12-05_800x450.jpg?fit=800%2C450&ssl=1&resize=700%2C400 2x"},"classes":[]},{"id":23999,"url":"https:\/\/www.freidenker.org\/?p=23999","url_meta":{"origin":23737,"position":2},"title":"Neue Aufkleber &#8222;Kriegsdienstpflicht&#8220; und &#8222;Gesellschaftspflichtjahr&#8220;","author":"Webredaktion","date":"26. Dezember 2025","format":false,"excerpt":"Im Zuge der von Pistorius, Merz und anderen \"Spitzen\" der Bundesregierung betriebenen Kriegsert\u00fcchtigung wurde die \"Wehrpflicht\" durch Gesetz wiedereingef\u00fchrt. Falls sich nicht gen\u00fcgend Freiwillige als Kanonenfutter finden, soll die Zwangsrekutierung folgen. Der Deutsche Freidenker-Verband solidarisiert sich mit den Sch\u00fclerprotesten gegen die Pflicht zum Kriegsdienst und steuert zur Unterst\u00fctzung einen neuen\u2026","rel":"","context":"In &quot;Frieden - Antifaschismus - Solidarit\u00e4t&quot;","block_context":{"text":"Frieden - Antifaschismus - Solidarit\u00e4t","link":"https:\/\/www.freidenker.org\/?cat=13"},"img":{"alt_text":"","src":"https:\/\/i0.wp.com\/www.freidenker.org\/fw17\/wp-content\/uploads\/2025\/12\/Aufkleber_Kriegsdienstpflicht_und_Gesellschaftspflichtjahr.jpg?fit=800%2C450&ssl=1&resize=350%2C200","width":350,"height":200,"srcset":"https:\/\/i0.wp.com\/www.freidenker.org\/fw17\/wp-content\/uploads\/2025\/12\/Aufkleber_Kriegsdienstpflicht_und_Gesellschaftspflichtjahr.jpg?fit=800%2C450&ssl=1&resize=350%2C200 1x, https:\/\/i0.wp.com\/www.freidenker.org\/fw17\/wp-content\/uploads\/2025\/12\/Aufkleber_Kriegsdienstpflicht_und_Gesellschaftspflichtjahr.jpg?fit=800%2C450&ssl=1&resize=525%2C300 1.5x, https:\/\/i0.wp.com\/www.freidenker.org\/fw17\/wp-content\/uploads\/2025\/12\/Aufkleber_Kriegsdienstpflicht_und_Gesellschaftspflichtjahr.jpg?fit=800%2C450&ssl=1&resize=700%2C400 2x"},"classes":[]},{"id":20625,"url":"https:\/\/www.freidenker.org\/?p=20625","url_meta":{"origin":23737,"position":3},"title":"Wenn der Spiegel aus Moskau berichtet\u2026","author":"Webredaktion","date":"31. Dezember 2024","format":false,"excerpt":"Beitrag von Thomas R\u00f6per Ich bin von Christina Hebel, der L\u00fcgenbaronin des Spiegel, einiges gew\u00f6hnt, aber ihr aktueller Artikel \u00fcber Wehrpflichtige in Russland, erweckt den Eindruck, dass sie Russland mit der Ukraine verwechselt. Dass Frau Hebel in ihren Artikeln sogar so dreist l\u00fcgt, dass der Spiegel sie hinterher heimlich \u00e4ndern\u2026","rel":"","context":"In &quot;Demokratie \u2013 Medien \u2013 Aufkl\u00e4rung&quot;","block_context":{"text":"Demokratie \u2013 Medien \u2013 Aufkl\u00e4rung","link":"https:\/\/www.freidenker.org\/?cat=12"},"img":{"alt_text":"","src":"https:\/\/i0.wp.com\/www.freidenker.org\/fw17\/wp-content\/uploads\/2024\/12\/2024_Moscow_Victory_Day_Parade_28_800x450.jpg?fit=800%2C450&ssl=1&resize=350%2C200","width":350,"height":200,"srcset":"https:\/\/i0.wp.com\/www.freidenker.org\/fw17\/wp-content\/uploads\/2024\/12\/2024_Moscow_Victory_Day_Parade_28_800x450.jpg?fit=800%2C450&ssl=1&resize=350%2C200 1x, https:\/\/i0.wp.com\/www.freidenker.org\/fw17\/wp-content\/uploads\/2024\/12\/2024_Moscow_Victory_Day_Parade_28_800x450.jpg?fit=800%2C450&ssl=1&resize=525%2C300 1.5x, https:\/\/i0.wp.com\/www.freidenker.org\/fw17\/wp-content\/uploads\/2024\/12\/2024_Moscow_Victory_Day_Parade_28_800x450.jpg?fit=800%2C450&ssl=1&resize=700%2C400 2x"},"classes":[]},{"id":23866,"url":"https:\/\/www.freidenker.org\/?p=23866","url_meta":{"origin":23737,"position":4},"title":"DKP-Debanking: Geht es um Kuba oder um den Sch\u00fclerstreik?","author":"Webredaktion","date":"12. Dezember 2025","format":false,"excerpt":"Beitrag von Dagmar Henn Es geht weiter. Dieses Mal wurde der DKP das Konto gek\u00fcndigt. Das ist kein Versehen, das ist eine Strategie, und gemeint ist alles, was den Konsens von \"Kriegst\u00fcchtigkeit\" und NATO nicht zu teilen bereit ist. Von unangemessenen Friedensw\u00fcnschen ganz zu schweigen. Noch nicht einen Monat ist\u2026","rel":"","context":"In &quot;Demokratie \u2013 Medien \u2013 Aufkl\u00e4rung&quot;","block_context":{"text":"Demokratie \u2013 Medien \u2013 Aufkl\u00e4rung","link":"https:\/\/www.freidenker.org\/?cat=12"},"img":{"alt_text":"","src":"https:\/\/i0.wp.com\/www.freidenker.org\/fw17\/wp-content\/uploads\/2025\/12\/310602_Kubabrigade_800x450.jpg?fit=800%2C450&ssl=1&resize=350%2C200","width":350,"height":200,"srcset":"https:\/\/i0.wp.com\/www.freidenker.org\/fw17\/wp-content\/uploads\/2025\/12\/310602_Kubabrigade_800x450.jpg?fit=800%2C450&ssl=1&resize=350%2C200 1x, https:\/\/i0.wp.com\/www.freidenker.org\/fw17\/wp-content\/uploads\/2025\/12\/310602_Kubabrigade_800x450.jpg?fit=800%2C450&ssl=1&resize=525%2C300 1.5x, https:\/\/i0.wp.com\/www.freidenker.org\/fw17\/wp-content\/uploads\/2025\/12\/310602_Kubabrigade_800x450.jpg?fit=800%2C450&ssl=1&resize=700%2C400 2x"},"classes":[]},{"id":24770,"url":"https:\/\/www.freidenker.org\/?p=24770","url_meta":{"origin":23737,"position":5},"title":"Frieden durch \u201eKriegst\u00fcchtigkeit\u201c? Aufr\u00fcstung, Militarisierung und die neue Wehrpflicht","author":"Webredaktion","date":"31. M\u00e4rz 2026","format":false,"excerpt":"Pressemitteilung vom 30.03.2026 Veranstaltung mit Bundeswehrmajor a. D. Florian D. Pfaff am 28.03.2026 in Schweinfurt Auf Einladung von NachDenkSeiten-Gespr\u00e4chskreis Schweinfurt\/W\u00fcrzburg und Deutschem Freidenker-Ortsverband Schweinfurt\/W\u00fcrzburg kam am Samstag, dem 28. M\u00e4rz 2026 der Bundeswehrmajor a. D. Florian D. Pfaff von der Friedensinitiative Rosenheim nach Schweinfurt. Vor 35 interessierten Zuh\u00f6rern sprach der\u2026","rel":"","context":"In &quot;Frieden - Antifaschismus - Solidarit\u00e4t&quot;","block_context":{"text":"Frieden - Antifaschismus - Solidarit\u00e4t","link":"https:\/\/www.freidenker.org\/?cat=13"},"img":{"alt_text":"","src":"https:\/\/i0.wp.com\/www.freidenker.org\/fw17\/wp-content\/uploads\/2026\/03\/Pfaff_Schweinfurt_IMG_6677_800x450.jpg?fit=800%2C450&ssl=1&resize=350%2C200","width":350,"height":200,"srcset":"https:\/\/i0.wp.com\/www.freidenker.org\/fw17\/wp-content\/uploads\/2026\/03\/Pfaff_Schweinfurt_IMG_6677_800x450.jpg?fit=800%2C450&ssl=1&resize=350%2C200 1x, https:\/\/i0.wp.com\/www.freidenker.org\/fw17\/wp-content\/uploads\/2026\/03\/Pfaff_Schweinfurt_IMG_6677_800x450.jpg?fit=800%2C450&ssl=1&resize=525%2C300 1.5x, https:\/\/i0.wp.com\/www.freidenker.org\/fw17\/wp-content\/uploads\/2026\/03\/Pfaff_Schweinfurt_IMG_6677_800x450.jpg?fit=800%2C450&ssl=1&resize=700%2C400 2x"},"classes":[]}],"_links":{"self":[{"href":"https:\/\/www.freidenker.org\/index.php?rest_route=\/wp\/v2\/posts\/23737","targetHints":{"allow":["GET"]}}],"collection":[{"href":"https:\/\/www.freidenker.org\/index.php?rest_route=\/wp\/v2\/posts"}],"about":[{"href":"https:\/\/www.freidenker.org\/index.php?rest_route=\/wp\/v2\/types\/post"}],"author":[{"embeddable":true,"href":"https:\/\/www.freidenker.org\/index.php?rest_route=\/wp\/v2\/users\/3"}],"replies":[{"embeddable":true,"href":"https:\/\/www.freidenker.org\/index.php?rest_route=%2Fwp%2Fv2%2Fcomments&post=23737"}],"version-history":[{"count":3,"href":"https:\/\/www.freidenker.org\/index.php?rest_route=\/wp\/v2\/posts\/23737\/revisions"}],"predecessor-version":[{"id":23741,"href":"https:\/\/www.freidenker.org\/index.php?rest_route=\/wp\/v2\/posts\/23737\/revisions\/23741"}],"wp:featuredmedia":[{"embeddable":true,"href":"https:\/\/www.freidenker.org\/index.php?rest_route=\/wp\/v2\/media\/23738"}],"wp:attachment":[{"href":"https:\/\/www.freidenker.org\/index.php?rest_route=%2Fwp%2Fv2%2Fmedia&parent=23737"}],"wp:term":[{"taxonomy":"category","embeddable":true,"href":"https:\/\/www.freidenker.org\/index.php?rest_route=%2Fwp%2Fv2%2Fcategories&post=23737"},{"taxonomy":"post_tag","embeddable":true,"href":"https:\/\/www.freidenker.org\/index.php?rest_route=%2Fwp%2Fv2%2Ftags&post=23737"}],"curies":[{"name":"wp","href":"https:\/\/api.w.org\/{rel}","templated":true}]}}