{"id":23734,"date":"2025-12-07T21:56:51","date_gmt":"2025-12-07T20:56:51","guid":{"rendered":"https:\/\/www.freidenker.org\/?p=23734"},"modified":"2026-01-27T03:33:54","modified_gmt":"2026-01-27T02:33:54","slug":"sebastian-bahlo-die-eu-will-keine-friedensverhandlungen","status":"publish","type":"post","link":"https:\/\/www.freidenker.org\/?p=23734","title":{"rendered":"Sebastian Bahlo: Die EU will keine Friedensverhandlungen"},"content":{"rendered":"<p>Unter dem Titel &#8222;<em><strong>Moskau und Washington verhandeln \u2013 Wadephul: &#8218;Russland nicht richtig am Tisch&#8216;<\/strong><\/em>&#8220; ver\u00f6ffentlichte RT DE am 06.12.2025 einen Video-Beitrag \u00fcber die Haltung der EU zu m\u00f6glichen Ukraine-Friedensverhandlungen, in dem auch der Vorsitzende des Deutschen Freidenker-Verbandes, Sebastian Bahlo, zu Wort kommt (im folgenden Video ab 03:10\u00a0 min):<\/p>\n<p><iframe loading=\"lazy\" class=\"rumble\" src=\"https:\/\/rumble.com\/embed\/v70hef6\/?pub=4\" width=\"640\" height=\"360\" frameborder=\"0\" allowfullscreen=\"allowfullscreen\"><\/iframe><\/p>\n<p><span style=\"font-size: 10pt;\">Ver\u00f6ffentlicht am 06.12.2025 auf <a href=\"https:\/\/rtde.press\/kurzclips\/video\/264021-moskau-und-washington-verhandeln-wadephul\/\" target=\"_blank\" rel=\"noopener\">RT DE<\/a><br \/>\nDirektlink zum Video auf <a href=\"https:\/\/rumble.com\/v72o2fe-moskau-und-washington-verhandeln-wadephul-russland-nicht-richtig-am-tisch.html\" target=\"_blank\" rel=\"noopener\">rumble.com<\/a><\/span><\/p>\n<p><em>Redaktioneller Text von RT DE:<\/em><\/p>\n<p><span class=\"VideoModalInfoDescription__textWrapper--4rbHh\">Der Ukraine-Konflikt bleibt eines der zentralen Themen auf der Weltb\u00fchne. W\u00e4hrend Russland und die USA ihre Kontakte intensivieren und \u00fcber m\u00f6gliche Friedensl\u00f6sungen sprechen, pocht die Europ\u00e4ische Union weiter darauf, Moskau faktisch vom Verhandlungstisch fernzuhalten. Bundeshaushaltsminister Johann Wadephul erkl\u00e4rte, Russland sei &#8222;noch nicht richtig&#8220; Teil der Gespr\u00e4che, daher m\u00fcsse die Ukraine weiter milit\u00e4risch unterst\u00fctzt werden.<\/span><\/p>\n<p>Kritiker wie der Politikwissenschaftler Gerhard Mangott betonen, die EU habe selbst keine ernsthafte Verhandlungsinitiative entwickelt und werde weder von Russland noch von den USA als konstruktiver Partner gesehen. Auch der ungarische Au\u00dfenminister P\u00e9ter Szijj\u00e1rt\u00f3 wirft europ\u00e4ischen Politikern vor, Friedenschancen zu torpedieren, indem sie Kiew eigene rote Linien aufzwingen. Aus russischer Sicht tr\u00e4gt zudem ein &#8222;hysterischer&#8220; Ton westlicher Medien dazu bei, den beginnenden Dialog zu behindern.<\/p>\n<p style=\"text-align: right;\"><em>Sebastian Bahlo ist Vorsitzender des Deutschen Freidenker-Verbandes<\/em><\/p>\n<hr \/>\n<p><span style=\"font-size: 10pt;\">Bild oben: Screenshot aus dem Video von <a href=\"https:\/\/rtde.press\/kurzclips\/video\/264021-moskau-und-washington-verhandeln-wadephul\/\" target=\"_blank\" rel=\"noopener\">RT DE<\/a> (Ausschnitt)<\/span><\/p>\n<p>&nbsp;<\/p>\n","protected":false},"excerpt":{"rendered":"<p>Unter dem Titel <i><b>&#8222;Moskau und Washington verhandeln \u2013 Wadephul: &#8218;Russland nicht richtig am Tisch'&#8220;<\/i><\/b> ver\u00f6ffentlichte RT DE am 06.12.2025 einen Video-Beitrag \u00fcber die Haltung der EU zu m\u00f6glichen Ukraine-Friedensverhandlungen, in dem auch der Vorsitzende des Deutschen Freidenker-Verbandes, <b>Sebastian Bahlo<\/b>, zu Wort kommt.<br \/>\n[redaktioneller Text:] Der Ukraine-Konflikt bleibt eines der zentralen Themen auf der Weltb\u00fchne. W\u00e4hrend Russland und die USA ihre Kontakte intensivieren und \u00fcber m\u00f6gliche Friedensl\u00f6sungen sprechen, pocht die Europ\u00e4ische Union weiter darauf, Moskau faktisch vom Verhandlungstisch fernzuhalten. Bundeshaushaltsminister Johann Wadephul erkl\u00e4rte, Russland sei &#8222;noch nicht richtig&#8220; Teil der Gespr\u00e4che, daher m\u00fcsse die Ukraine weiter milit\u00e4risch unterst\u00fctzt werden.<\/p>\n","protected":false},"author":3,"featured_media":23735,"comment_status":"closed","ping_status":"closed","sticky":false,"template":"","format":"standard","meta":{"colormag_page_container_layout":"default_layout","colormag_page_sidebar_layout":"default_layout","advanced_seo_description":"","jetpack_seo_html_title":"","jetpack_seo_noindex":false,"jetpack_post_was_ever_published":false,"footnotes":""},"categories":[13],"tags":[699,452,182,2019,222,1111,639,185,1715,2619],"class_list":["post-23734","post","type-post","status-publish","format-standard","has-post-thumbnail","hentry","category-frieden-antifaschismus-solidaritaet","tag-aussenpolitik","tag-deutschland","tag-eu","tag-friedensplan","tag-russland","tag-ukraine","tag-ukraine-konflikt","tag-usa","tag-verhandlungen","tag-wadephul"],"jetpack_featured_media_url":"https:\/\/i0.wp.com\/www.freidenker.org\/fw17\/wp-content\/uploads\/2025\/12\/Bahlo_Friedensverhandlungen_800x450.jpg?fit=800%2C450&ssl=1","jetpack_shortlink":"https:\/\/wp.me\/p9stpK-6aO","jetpack-related-posts":[{"id":19524,"url":"https:\/\/www.freidenker.org\/?p=19524","url_meta":{"origin":23734,"position":0},"title":"Interview von Compact mit Maria Sacharowa","author":"Webredaktion","date":"16. Juli 2024","format":false,"excerpt":"Fressefreiheit: Noch am Samstag (13.07.2024) ver\u00f6ffentlichte Compact ein Interview mit Maria Sacharowa -- heute wird der Medienbetrieb schon von der gesichert rechtsextremistischen Bundesinnenministerin Nancy Faeser verboten. Bundesvorsitzender Sebastian Bahlo kommentiert: Heute Compact, morgen die junge Welt? Der Deutsche Freidenker-Verband protestiert gegen die immer rabiatere Einschr\u00e4nkung demokratischer Rechte! Wenig \u00fcberraschend ist\u2026","rel":"","context":"In &quot;Zeit der Verleumder - Freidenker f\u00fcr Klartext&quot;","block_context":{"text":"Zeit der Verleumder - Freidenker f\u00fcr Klartext","link":"https:\/\/www.freidenker.org\/?cat=937"},"img":{"alt_text":"","src":"https:\/\/i0.wp.com\/www.freidenker.org\/fw17\/wp-content\/uploads\/2024\/07\/klartext_compact_interview.jpg?fit=800%2C450&ssl=1&resize=350%2C200","width":350,"height":200,"srcset":"https:\/\/i0.wp.com\/www.freidenker.org\/fw17\/wp-content\/uploads\/2024\/07\/klartext_compact_interview.jpg?fit=800%2C450&ssl=1&resize=350%2C200 1x, https:\/\/i0.wp.com\/www.freidenker.org\/fw17\/wp-content\/uploads\/2024\/07\/klartext_compact_interview.jpg?fit=800%2C450&ssl=1&resize=525%2C300 1.5x, https:\/\/i0.wp.com\/www.freidenker.org\/fw17\/wp-content\/uploads\/2024\/07\/klartext_compact_interview.jpg?fit=800%2C450&ssl=1&resize=700%2C400 2x"},"classes":[]},{"id":20980,"url":"https:\/\/www.freidenker.org\/?p=20980","url_meta":{"origin":23734,"position":1},"title":"&#8222;Der Ukraine zu einer Position der St\u00e4rke verhelfen&#8220; \u2013 Ewiggestriges aus dem Baerbock-Ministerium","author":"Webredaktion","date":"18. Februar 2025","format":false,"excerpt":"Beitrag von Gert Ewen Ungar Mit einem Griff zum Telefonh\u00f6rer brachte US-Pr\u00e4sident Donald Trump Bewegung in den festgefahrenen Ukraine-Konflikt. Bisher waren sie Standpunkte klar. Der Westen besteht auf der Aufnahme der Ukraine in die NATO, Russland sieht dadurch seine Sicherheit gef\u00e4hrdet \u2013 solange sich in diesem Punkt nichts bewegt, geht\u2026","rel":"","context":"In &quot;Demokratie \u2013 Medien \u2013 Aufkl\u00e4rung&quot;","block_context":{"text":"Demokratie \u2013 Medien \u2013 Aufkl\u00e4rung","link":"https:\/\/www.freidenker.org\/?cat=12"},"img":{"alt_text":"","src":"https:\/\/i0.wp.com\/www.freidenker.org\/fw17\/wp-content\/uploads\/2025\/02\/Munich_Security_Conference_54329445149_800x450.jpg?fit=800%2C450&ssl=1&resize=350%2C200","width":350,"height":200,"srcset":"https:\/\/i0.wp.com\/www.freidenker.org\/fw17\/wp-content\/uploads\/2025\/02\/Munich_Security_Conference_54329445149_800x450.jpg?fit=800%2C450&ssl=1&resize=350%2C200 1x, https:\/\/i0.wp.com\/www.freidenker.org\/fw17\/wp-content\/uploads\/2025\/02\/Munich_Security_Conference_54329445149_800x450.jpg?fit=800%2C450&ssl=1&resize=525%2C300 1.5x, https:\/\/i0.wp.com\/www.freidenker.org\/fw17\/wp-content\/uploads\/2025\/02\/Munich_Security_Conference_54329445149_800x450.jpg?fit=800%2C450&ssl=1&resize=700%2C400 2x"},"classes":[]},{"id":22640,"url":"https:\/\/www.freidenker.org\/?p=22640","url_meta":{"origin":23734,"position":2},"title":"\u201eEuropa ist auf dem falschen Weg\u201c","author":"Webredaktion","date":"23. August 2025","format":false,"excerpt":"Kommentar von Tilo Gr\u00e4ser W\u00e4hrend die Pr\u00e4sidenten der USA und Russlands Frieden f\u00fcr die Ukraine suchen, wollen die westeurop\u00e4ischen F\u00fchrungen anscheinend einen solchen weiter verhindern. Die westeurop\u00e4ischen Politiker, treue Vasallen der in den USA abgew\u00e4hlten Kriegstreiber hinter Joseph Biden, wollen den Stellvertreterkrieg in dem Land gegen Russland fortsetzen \u2013 bis\u2026","rel":"","context":"In &quot;Frieden - Antifaschismus - Solidarit\u00e4t&quot;","block_context":{"text":"Frieden - Antifaschismus - Solidarit\u00e4t","link":"https:\/\/www.freidenker.org\/?cat=13"},"img":{"alt_text":"","src":"https:\/\/i0.wp.com\/www.freidenker.org\/fw17\/wp-content\/uploads\/2025\/08\/Friedrich_Merz_und_Emmanuel_Macron_54732162600_800x450.jpg?fit=800%2C450&ssl=1&resize=350%2C200","width":350,"height":200,"srcset":"https:\/\/i0.wp.com\/www.freidenker.org\/fw17\/wp-content\/uploads\/2025\/08\/Friedrich_Merz_und_Emmanuel_Macron_54732162600_800x450.jpg?fit=800%2C450&ssl=1&resize=350%2C200 1x, https:\/\/i0.wp.com\/www.freidenker.org\/fw17\/wp-content\/uploads\/2025\/08\/Friedrich_Merz_und_Emmanuel_Macron_54732162600_800x450.jpg?fit=800%2C450&ssl=1&resize=525%2C300 1.5x, https:\/\/i0.wp.com\/www.freidenker.org\/fw17\/wp-content\/uploads\/2025\/08\/Friedrich_Merz_und_Emmanuel_Macron_54732162600_800x450.jpg?fit=800%2C450&ssl=1&resize=700%2C400 2x"},"classes":[]},{"id":10908,"url":"https:\/\/www.freidenker.org\/?p=10908","url_meta":{"origin":23734,"position":3},"title":"Schlecht beraten: Thinktank der Bundesregierung r\u00e4t zu Waffenlieferungen an die Ukraine","author":"Webredaktion","date":"27. Juli 2021","format":false,"excerpt":"Beitrag von Gert Ewen Ungar Anfang Juli ver\u00f6ffentlichte die Stiftung Wissenschaft und Politik (SWP) einen Beitrag von Dumitru Minzarari und Susan Stewart. Die Autoren sprechen sich f\u00fcr Waffenlieferungen der Bundesrepublik an die Ukraine aus. Wichtig ist dabei der Erscheinungsort sowie die Argumentation. Die SWP ist ein bereits in den 1960er-Jahren\u2026","rel":"","context":"In &quot;Frieden - Antifaschismus - Solidarit\u00e4t&quot;","block_context":{"text":"Frieden - Antifaschismus - Solidarit\u00e4t","link":"https:\/\/www.freidenker.org\/?cat=13"},"img":{"alt_text":"","src":"https:\/\/i0.wp.com\/www.freidenker.org\/fw17\/wp-content\/uploads\/2021\/07\/ukrainische_soldaten_800x450.jpg?fit=800%2C450&ssl=1&resize=350%2C200","width":350,"height":200,"srcset":"https:\/\/i0.wp.com\/www.freidenker.org\/fw17\/wp-content\/uploads\/2021\/07\/ukrainische_soldaten_800x450.jpg?fit=800%2C450&ssl=1&resize=350%2C200 1x, https:\/\/i0.wp.com\/www.freidenker.org\/fw17\/wp-content\/uploads\/2021\/07\/ukrainische_soldaten_800x450.jpg?fit=800%2C450&ssl=1&resize=525%2C300 1.5x, https:\/\/i0.wp.com\/www.freidenker.org\/fw17\/wp-content\/uploads\/2021\/07\/ukrainische_soldaten_800x450.jpg?fit=800%2C450&ssl=1&resize=700%2C400 2x"},"classes":[]},{"id":16863,"url":"https:\/\/www.freidenker.org\/?p=16863","url_meta":{"origin":23734,"position":4},"title":"Scholz schockiert: &#8222;Putin beschwert sich gar nicht \u00fcber die Sanktionen&#8220;","author":"Webredaktion","date":"30. August 2023","format":false,"excerpt":"Beitrag von Gert Ewen Ungar Die BILD-Zeitung ver\u00f6ffentlichte Teile aus einem Telefongespr\u00e4ch, das Bundeskanzler Scholz mit dem franz\u00f6sischen Pr\u00e4sidenten Macron gef\u00fchrt hat, nachdem beide zuvor mit Russlands Pr\u00e4sident Putin gesprochen hatten. Das Telefongespr\u00e4ch fand Anfang M\u00e4rz 2022 statt, am neunten Tag nach Beginn der milit\u00e4rischen Spezialoperation. Die Friedensverhandlungen zwischen der\u2026","rel":"","context":"In &quot;Demokratie \u2013 Medien \u2013 Aufkl\u00e4rung&quot;","block_context":{"text":"Demokratie \u2013 Medien \u2013 Aufkl\u00e4rung","link":"https:\/\/www.freidenker.org\/?cat=12"},"img":{"alt_text":"","src":"https:\/\/i0.wp.com\/www.freidenker.org\/fw17\/wp-content\/uploads\/2023\/08\/selenski-macron-scholz_800x450.jpg?fit=800%2C450&ssl=1&resize=350%2C200","width":350,"height":200,"srcset":"https:\/\/i0.wp.com\/www.freidenker.org\/fw17\/wp-content\/uploads\/2023\/08\/selenski-macron-scholz_800x450.jpg?fit=800%2C450&ssl=1&resize=350%2C200 1x, https:\/\/i0.wp.com\/www.freidenker.org\/fw17\/wp-content\/uploads\/2023\/08\/selenski-macron-scholz_800x450.jpg?fit=800%2C450&ssl=1&resize=525%2C300 1.5x, https:\/\/i0.wp.com\/www.freidenker.org\/fw17\/wp-content\/uploads\/2023\/08\/selenski-macron-scholz_800x450.jpg?fit=800%2C450&ssl=1&resize=700%2C400 2x"},"classes":[]},{"id":23680,"url":"https:\/\/www.freidenker.org\/?p=23680","url_meta":{"origin":23734,"position":5},"title":"Ein unm\u00f6glicher Frieden?","author":"Webredaktion","date":"30. November 2025","format":false,"excerpt":"Ein Kommentar von Tilo Gr\u00e4ser.\u00a0 Es ist wieder Bewegung in die Suche nach einem baldigen Ende des Krieges auf ukrainischem Territorium gekommen. Ausgerechnet aus den USA, die den Stellvertreterkrieg gegen Russland angesto\u00dfen haben, kommen nun Vorschl\u00e4ge, wie er beendet werden k\u00f6nnte. Was erstaunlich erscheint, l\u00e4sst sich nur mit den anderen\u2026","rel":"","context":"In &quot;Demokratie \u2013 Medien \u2013 Aufkl\u00e4rung&quot;","block_context":{"text":"Demokratie \u2013 Medien \u2013 Aufkl\u00e4rung","link":"https:\/\/www.freidenker.org\/?cat=12"},"img":{"alt_text":"","src":"https:\/\/i0.wp.com\/www.freidenker.org\/fw17\/wp-content\/uploads\/2025\/11\/von_der_Leyen_Starmer_Merz_weisses_Haus_800x450.jpg?fit=800%2C450&ssl=1&resize=350%2C200","width":350,"height":200,"srcset":"https:\/\/i0.wp.com\/www.freidenker.org\/fw17\/wp-content\/uploads\/2025\/11\/von_der_Leyen_Starmer_Merz_weisses_Haus_800x450.jpg?fit=800%2C450&ssl=1&resize=350%2C200 1x, https:\/\/i0.wp.com\/www.freidenker.org\/fw17\/wp-content\/uploads\/2025\/11\/von_der_Leyen_Starmer_Merz_weisses_Haus_800x450.jpg?fit=800%2C450&ssl=1&resize=525%2C300 1.5x, https:\/\/i0.wp.com\/www.freidenker.org\/fw17\/wp-content\/uploads\/2025\/11\/von_der_Leyen_Starmer_Merz_weisses_Haus_800x450.jpg?fit=800%2C450&ssl=1&resize=700%2C400 2x"},"classes":[]}],"_links":{"self":[{"href":"https:\/\/www.freidenker.org\/index.php?rest_route=\/wp\/v2\/posts\/23734","targetHints":{"allow":["GET"]}}],"collection":[{"href":"https:\/\/www.freidenker.org\/index.php?rest_route=\/wp\/v2\/posts"}],"about":[{"href":"https:\/\/www.freidenker.org\/index.php?rest_route=\/wp\/v2\/types\/post"}],"author":[{"embeddable":true,"href":"https:\/\/www.freidenker.org\/index.php?rest_route=\/wp\/v2\/users\/3"}],"replies":[{"embeddable":true,"href":"https:\/\/www.freidenker.org\/index.php?rest_route=%2Fwp%2Fv2%2Fcomments&post=23734"}],"version-history":[{"count":1,"href":"https:\/\/www.freidenker.org\/index.php?rest_route=\/wp\/v2\/posts\/23734\/revisions"}],"predecessor-version":[{"id":23736,"href":"https:\/\/www.freidenker.org\/index.php?rest_route=\/wp\/v2\/posts\/23734\/revisions\/23736"}],"wp:featuredmedia":[{"embeddable":true,"href":"https:\/\/www.freidenker.org\/index.php?rest_route=\/wp\/v2\/media\/23735"}],"wp:attachment":[{"href":"https:\/\/www.freidenker.org\/index.php?rest_route=%2Fwp%2Fv2%2Fmedia&parent=23734"}],"wp:term":[{"taxonomy":"category","embeddable":true,"href":"https:\/\/www.freidenker.org\/index.php?rest_route=%2Fwp%2Fv2%2Fcategories&post=23734"},{"taxonomy":"post_tag","embeddable":true,"href":"https:\/\/www.freidenker.org\/index.php?rest_route=%2Fwp%2Fv2%2Ftags&post=23734"}],"curies":[{"name":"wp","href":"https:\/\/api.w.org\/{rel}","templated":true}]}}