{"id":23729,"date":"2025-12-07T04:45:22","date_gmt":"2025-12-07T03:45:22","guid":{"rendered":"https:\/\/www.freidenker.org\/?p=23729"},"modified":"2026-02-28T01:58:52","modified_gmt":"2026-02-28T00:58:52","slug":"make-russia-small-again","status":"publish","type":"post","link":"https:\/\/www.freidenker.org\/?p=23729","title":{"rendered":"&#8222;Make Russia Small Again&#8220;"},"content":{"rendered":"<h4>&#8222;BundeswehrGr\u00fcn&#8220; pr\u00e4sentiert sich russophob auf Gr\u00fcnen-Parteitag<\/h4>\n<p><strong>Auf der Bundesdelegiertenkonferenz der Gr\u00fcnen in Hannover pr\u00e4sentierte sich ein 23-j\u00e4hriges Parteimitglied mit einem provokativen T-Shirt. Die Aufschrift lautete: &#8222;Make russia small AGAIN&#8220;. Auf X kursieren Ausschnitte seiner Rede. Die Recherche zur Person belegt: Die Gr\u00fcnen bleiben eine konsequent russophobe Partei. <\/strong><\/p>\n<p><em>Von <strong>Bernhard Loyen<\/strong><\/em><\/p>\n<p><span style=\"font-size: 10pt;\">Erstver\u00f6ffentlichung am 03.12.2025 auf <a href=\"https:\/\/freedert.online\/inland\/263697-konsequent-russophob-bundeswehrgruen-praesentiert-sich\/\" target=\"_blank\" rel=\"noopener\">RT DE<\/a><\/span><\/p>\n<p>In der Vorwoche versammelten sich f\u00fcr drei Tage die Gr\u00fcnen-Mitglieder zur 51. Bundesdelegiertenkonferenz in der Landeshauptstadt des Landes Niedersachsen, in Hannover. So weit, so unspektakul\u00e4r. Schlagzeilen w\u00e4hrend und nach dem Zusammentreffen vermeintlich besserer und aufrichtigerer Demokraten lauteten:<\/p>\n<ul>\n<li><a href=\"https:\/\/www.ndr.de\/nachrichten\/info\/robert-fehlt-bundesparteitag-der-gruenen-in-hannover,gruene-486.html\" target=\"_blank\" rel=\"noopener noreferrer\">NDR<\/a>:\u00a0&#8222;Robert fehlt&#8220; \u2013 Bundesparteitag der Gr\u00fcnen in Hannover<\/li>\n<li><a href=\"https:\/\/www.tagesschau.de\/inland\/innenpolitik\/gruene-bundesdelegiertenkonferenz-116.html\" target=\"_blank\" rel=\"noopener noreferrer\"><em>ARD<\/em>-Tagesschau<\/a>:\u00a0Gr\u00fcne geben sich zum Auftakt k\u00e4mpferisch.\u00a0Auf ihrem Bundesparteitag in Hannover wollen die Gr\u00fcnen ihr Profil als Oppositionspartei sch\u00e4rfen<\/li>\n<li><a href=\"https:\/\/www.spiegel.de\/politik\/deutschland\/gruene-und-bundesparteitag-in-hannover-im-schatten-einstiger-erfolge-a-a82e52c2-9a84-40df-9447-86f9f20b870b\" target=\"_blank\" rel=\"noopener noreferrer\">Der Spiegel<\/a>: Die harten Zeiten f\u00fcr die Gr\u00fcnen kommen erst noch<\/li>\n<\/ul>\n<p>Seit Mitte der 1990er-Jahre geh\u00f6ren zum Profil der als &#8222;Friedenspartei&#8220; gestarteten Ansammlung von Lebensindividualisten auch die Gier nach Macht, gelebte Skrupellosigkeit und der Beginn des politischen Weges \u00fcber Leichen. Per Beschluss <a href=\"https:\/\/web.archive.org\/web\/20180821094124\/https:\/\/www.gruene.de\/ueber-uns\/35-gruene-jahre-35-gruene-geschichten\/35-gruene-jahre-22-kosovo-sonderparteitag-in-bielefeld-1999.html\" target=\"_blank\" rel=\"noopener noreferrer\">besiegelt <\/a>auf der Bundesdelegiertenkonferenz von B\u00fcndnis 90\/Die Gr\u00fcnen in Bielefeld im Jahr 1999 mit den folgenden abgesegneten Bombenangriffen auf das vormalige Jugoslawien.<\/p>\n<p>Rund ein Vierteljahrhundert sp\u00e4ter steht der ausgemachte gr\u00fcne Feind Nummer\u00a0eins noch etwas \u00f6stlicher\u00a0\u2013 Russland. Um die olivgr\u00fcne Position zu untermauern, pr\u00e4sentiert sich auf dem Hannoveraner Parteitag auch der Verein &#8222;<a href=\"https:\/\/bundeswehrgruen.de\/deutschland-braucht-mehr-resilienz\/\" target=\"_blank\" rel=\"noopener noreferrer\">BundeswehrGr\u00fcn<\/a>&#8222;, die Vereinigung &#8222;gr\u00fcner und gr\u00fcnennaher Bundeswehrangeh\u00f6riger&#8220;. Bis zum Ende der Gr\u00fcnen-Konferenz so weit kein Thema, w\u00e4re nicht am vergangenen Sonntag auf X ein Videoausschnitt einer Rede aus Hannover aufgeploppt.<\/p>\n<p>Es zeigt das &#8222;BundeswehrGr\u00fcn&#8220; und <a href=\"https:\/\/gruene-neubiberg.de\/advent-austausch-ausblick-gruene-und-oedp-laden-zum-kennenlernen-ihrer-gemeinderatskandidierenden-ein\/\" target=\"_blank\" rel=\"noopener noreferrer\">Parteimitglied<\/a> Simon Neuenhaus, 23-j\u00e4hriger Bundeswehrsoldat aus Bayern. Vor den ersten T\u00f6nen der zackigen Rede f\u00e4llt dem Betrachter das T-Shirt-Motiv ins Auge. Es zeigt das Motiv der selbst ernannten &#8222;Entkolonialisierungsunterst\u00fctzer&#8220;, die sich zum Ziel gesetzt haben, einen &#8222;antikolonialen und nationalen Befreiungskampf gegen den <a href=\"https:\/\/www.freenationsrf.org\/en\" target=\"_blank\" rel=\"noopener noreferrer\">Kreml-Imperialismus<\/a> von Moskau&#8220; zu f\u00fchren. Die Losung lautet: &#8222;Make Russia Small&#8220;, also das Zerh\u00e4ckseln und Zerschlagen der laut russophoben Gedankenkrieger &#8222;sogenannten Russischen F\u00f6deration&#8220;.<\/p>\n<p><iframe loading=\"lazy\" class=\"rumble\" src=\"https:\/\/rumble.com\/embed\/v70d8rg\/?pub=4\" width=\"640\" height=\"360\" frameborder=\"0\" allowfullscreen=\"allowfullscreen\"><\/iframe><\/p>\n<p><span class=\"Cover-caption\" style=\"font-size: 10pt;\"><span class=\"Cover-captionItem\">Eingebettetes Video von RT DE: Simon Neuenhaus, Gr\u00fcnen-Mitglied, Mitglied des Vereins Bundeswehrgr\u00fcn und laut T-Shirtaufdruck bekennend russophob, Hannover, 29.11.25<\/span><\/span><\/p>\n<p>Ein\u00a0<a href=\"https:\/\/archive.is\/ImmZL#selection-751.0-751.386\" target=\"_blank\" rel=\"noopener noreferrer\">Artikel<\/a> in der <em>Jungen Welt<\/em> erkl\u00e4rte im Vorjahr zur weiteren historischen Realit\u00e4t zum Slogan:<\/p>\n<p style=\"padding-left: 40px;\"><em>&#8222;Das westliche Medienestablishment feierte unl\u00e4ngst einen Auftritt des ukrainischen Pr\u00e4sidenten in einem T-Shirt mit der Aufschrift &#8218;Make Russia Small Again&#8216; als gelungene Provokation. Was nirgendwo berichtet wurde, ist, dass Wladimir Selenskij mit dieser ukrainischen Variante von Donald Trumps Wahlslogan eine gleichnamige Kampagne von Bandera-Faschisten in der Werchowna Rada bewarb.&#8220;<\/em><\/p>\n<p>Die <em>JW<\/em>-Autorin <a href=\"https:\/\/x.com\/WittStahl\/status\/1995816584519004669\" target=\"_blank\" rel=\"noopener noreferrer\">kommentiert<\/a>\u00a0daher zum j\u00fcngsten Auftritt des gr\u00fcnen Bandera-Verstehers:<\/p>\n<p style=\"padding-left: 40px;\"><em>&#8222;Auf dem Shirt des Kriegshetzers findet sich der Slogan der Kampagne f\u00fcr die &#8218;versklavten V\u00f6lker&#8216;, die 2023 von Banderisten in der Werchowna Rada in Anlehnung an den Anti-Bolshevic Bloc of Nations, einst gr\u00f6\u00dfte Organisation von Nazikollaborateuren weltweit, initiiert wurde.&#8220;<\/em><\/p>\n<p>Die Neuenhaus-Rede ist selbst f\u00fcr Gr\u00fcnen-Verh\u00e4ltnisse derma\u00dfen bizarr und provokativ, samt aufbrausendem Applaus und Begeisterungsrufen im Saal, dass \u00fcber Tage diskutiert wurde, ob es sich nicht doch um KI-generierte Inhalte handelt. Weit gefehlt. So lauten die w\u00f6rtlich vorgetragenen Gedankenwelten eines gr\u00fcnen Bundeswehrsoldaten:<\/p>\n<p style=\"padding-left: 40px;\"><em>&#8222;Ich bin 2018 bei den Gr\u00fcnen eingetreten (&#8230;) Und jetzt wird es interessant.\u00a0Ich habe mich f\u00fcr 13 Jahre als Offizier bei der Bundeswehr verpflichtet.\u00a0Und ich bin ebenfalls verdammt stolz darauf, als deutscher Offizier, wie ich als Gr\u00fcner gegen die inneren demokratischen Feinde stehe, gegen die \u00e4u\u00dferen demokratischen Feinde zu stehen. Und ich bin verdammt stolz darauf, welchen Sinneswandel ich in dieser Partei miterlebt habe, wie wir im Umgang mit der Bundeswehr, mit unserer Sicherheit und gegen Russland stehen.&#8220;<\/em><\/p>\n<div class=\"embed-twitter\">\n<blockquote class=\"twitter-tweet\" data-width=\"550\" data-dnt=\"true\">\n<p lang=\"de\" dir=\"ltr\">Viel Spa\u00df euren Kindern demn\u00e4chst in der Bundeswehr beim Kriegszwangsdienst unter solchen Camouflage Gr\u00fcnen Offizieren.<\/p>\n<p>Was kann da schon schiefgehen? <a href=\"https:\/\/t.co\/olFZoHxcnJ\">pic.twitter.com\/olFZoHxcnJ<\/a><\/p>\n<p>&mdash; Michael Mayr (@Nightmare_Snake) <a href=\"https:\/\/twitter.com\/Nightmare_Snake\/status\/1995046800655540734?ref_src=twsrc%5Etfw\">November 30, 2025<\/a><\/p><\/blockquote>\n<p><script async src=\"https:\/\/platform.twitter.com\/widgets.js\" charset=\"utf-8\"><\/script><\/div>\n<p>Unter dem Beifall seiner Parteikollegen (m,w,d) redet sich Neuenhaus weiter in seinen pers\u00f6nlichen dreimin\u00fctigen Parteitagsrausch:<\/p>\n<p style=\"padding-left: 40px;\"><em>&#8222;Wir sind die Partei, die das Bollwerk der Demokratie gegen den Faschismus im Osten ist, gegen den Faschismus im eigenen Land, gegen das faschistoide Regime in Putin. Und so wie ich von jedem Einzelnen hier wei\u00df, sei es auf dieser BDK, sei es in dieser Partei, dass er alles geben wird, um die Feinde der Demokratie im Inneren zu bek\u00e4mpfen, so erwarte ich auch, dass hier jeder alles in seiner Macht Stehende tut, um die Feinde der Demokratie, die von au\u00dfen gegen uns anwirken, zu bek\u00e4mpfen.&#8220;<\/em><\/p>\n<p>Es fehlte nur noch der finale Ausruf: &#8222;Wollt ihr den &#8230;&#8220; Wie habe ich diesen aufrichtigen Demokratie-Soldaten recherchiert? Das Problem war: In dem kompletten\u00a0<a href=\"https:\/\/www.youtube.com\/watch?v=erVMell2DeI\" target=\"_blank\" rel=\"noopener noreferrer\">Videomitschnitt<\/a> des 29. November auf dem Sender\u00a0<em>Phoenix<\/em> ist die Rede nicht enthalten. In X-Videos findet sich dann der Satz:<\/p>\n<p style=\"padding-left: 40px;\"><em>&#8222;Deswegen pl\u00e4diere ich als Angeh\u00f6riger von BundeswehrGr\u00fcn, tats\u00e4chlich, wir haben auch hier einen Stand, ihr k\u00f6nnt morgen noch gerne vorbeikommen und euch informieren.&#8220;\u00a0<\/em><\/p>\n<p>Dieser Hinweis f\u00fchrte dann zu diesem Ergebnis:<\/p>\n<div class=\"EmbedBlock-root EmbedBlock-all\">\n<div class=\"AllEmbed\">\n<p><iframe loading=\"lazy\" src=\"https:\/\/gruene.social\/@bwgruen\/115632384223918296\/embed\" width=\"538\" height=\"983\" sandbox=\"allow-scripts allow-same-origin allow-popups\" data-mce-fragment=\"1\"><\/iframe><\/p>\n<\/div>\n<\/div>\n<p>Neben dem 23-j\u00e4hrigen Russen(be)k\u00e4mpfer pr\u00e4sentiert sich die Kollegin Katharina Schulze, gef\u00fcrchtet f\u00fcr ihre totalit\u00e4ren Gedanken gegen\u00fcber &#8222;ungeimpften&#8220; Mitb\u00fcrgern in den drei dunklen Jahren. Die faschistoide Forderung lautete genau vor vier Jahren im Dezember 2021:<\/p>\n<p style=\"padding-left: 40px;\"><em>&#8222;Es braucht jetzt: Eine Versch\u00e4rfung der Kontaktbeschr\u00e4nkungen der ungeimpften Erwachsenen: m\u00f6glich sollen nur noch Treffen zwischen Mitgliedern eines Haushalts mit maximal einer weiteren erwachsenen Person sein, Kinder werden nicht mitgez\u00e4hlt. Den Handel <a href=\"https:\/\/katharina-schulze.de\/dringlichkeitsantrag-oeffentliches-leben-auf-das-notwenige-mass-beschraenken-infektionszahlen-senken\/\" target=\"_blank\" rel=\"noopener noreferrer\">endlich f\u00fcr Ungeimpfte<\/a> schlie\u00dfen: 2G im Einzelhandel mit Ausnahme der Grundversorgung.&#8220;<\/em><\/p>\n<div class=\"EmbedBlock-root EmbedBlock-all\">\n<div class=\"AllEmbed\"><iframe id=\"instagram-embed-0\" class=\"instagram-media instagram-media-rendered\" src=\"https:\/\/www.instagram.com\/reel\/DRxUwzGCO4Y\/embed\/captioned\/?cr=1&amp;v=14&amp;wp=540&amp;rd=https%3A%2F%2Ffreedert.online&amp;rp=%2Finland%2F263697-konsequent-russophob-bundeswehrgruen-praesentiert-sich%2F#%7B%22ci%22%3A0%2C%22os%22%3A935%2C%22ls%22%3A420%2C%22le%22%3A908%7D\" height=\"969\" frameborder=\"0\" scrolling=\"no\" allowfullscreen=\"allowfullscreen\" data-instgrm-payload-id=\"instagram-media-payload-0\" data-mce-fragment=\"1\"><\/iframe><\/div>\n<\/div>\n<div class=\"ReadMore-root Section-root Section-is1to3-xs_is1to1\" data-widgets=\"ReadMore\" data-has-alias=\"\">\n<div class=\"Section-container Section-isRow-isTop-isWrap\">\n<article class=\"Card-root Card-is1to1 Card-default \">\n<div class=\"Card-imageWrap\"><\/div>\n<div class=\"Card-contentWrap\">\n<div class=\"Card-content\">\n<div class=\"Card-title\">\n<div class=\"HeaderNews-root HeaderNews-type_6 \">Das Bildmaterial belegt zudem, dass die anderen &#8222;BundeswehrGr\u00fcn&#8220;-Mitglieder am Stand anscheinend an der morgendlichen T-Shirt-Auswahl des Jungmitglieds nichts Kritikw\u00fcrdiges oder Anst\u00f6\u00dfiges erkannten. Frau Reiche erkannte auch nicht die Notwendigkeit f\u00fcr den kollegialen Tipp, vor der Rede im gro\u00dfen Saal das T-Shirt f\u00fcr die vorgesehene Aufzeichnung zu wechseln.<\/div>\n<\/div>\n<\/div>\n<\/div>\n<\/article>\n<\/div>\n<\/div>\n<p>Nun pr\u00e4sentiert, wenige Tage sp\u00e4ter, das Social-Media-Team der Gr\u00fcnen offiziell f\u00fcr das Archiv seit dem 3. Dezember auf dem YouTube-Kanal der Partei\u00a0\u2013 ab\u00a02:54:40 <a href=\"https:\/\/www.youtube.com\/watch?v=DKhPiWJ_l_k&amp;t=10478s\" target=\"_blank\" rel=\"noopener noreferrer\">in der Aufzeichnung<\/a>\u00a0\u2013 die laut Beifallsbekundungen realexistierende Gedankenwelt in\u00a0Gr\u00fcnen-Kreisen.<\/p>\n<p>Der &#8222;transgeschlechtliche&#8220; Parteikollege\u00a0Nyke Slawik (31 Jahre alt) wollte <a href=\"https:\/\/www.handelsblatt.com\/politik\/deutschland\/parteitag-gruene-sprechen-sich-gegen-wehrpflicht-aus-aber-fuer-musterung\/100179470.html\" target=\"_blank\" rel=\"noopener noreferrer\">am gleichen Abend<\/a>, ansonsten eher zartbesaitet, anscheinend auch strammer im Meinungsbild r\u00fcberkommen, um zu Protokoll zu geben:<\/p>\n<p style=\"padding-left: 40px;\"><em>&#8222;Aber die Welt ist heute eine andere als vor vier Jahren, ich bin eine andere Politikerin als vor vier Jahren (&#8230;) Wir m\u00fcssen dar\u00fcber reden, was es f\u00fcr diese Menschen bedeutet, einen Krieg eines imperialistischen Diktators vor ihrer Haust\u00fcr zu haben, der jeden Tag ihre Hoffnung auf ein Leben in einem freien Europa zerst\u00f6rt und ihre Zukunftstr\u00e4ume von einem Leben in Freiheit und Selbstbestimmung mit F\u00fc\u00dfen tritt [&#8230;] Aber was hei\u00dft Antifaschismus, wenn er nicht international ist, wenn er keine klare Antwort auf den Kampf gegen Diktatoren wie Putin liefert?&#8220;<\/em><\/p>\n<p>Jung sind sie alle, die gr\u00fcnen Russenhasser. Am 3. Dezember 2025 haben sich der Europ\u00e4ische Rat und Vertreter des EU-Parlaments in der Nacht darauf geeinigt, dass ab dem kommenden\u00a0Winter jegliches russisches Gas nicht mehr f\u00fcr die B\u00fcrger der EU zur Verf\u00fcgung stehen wird. Der <a href=\"https:\/\/www.europarl.europa.eu\/meps\/de\/197449\/MICHAEL_BLOSS\/home\" target=\"_blank\" rel=\"noopener noreferrer\">EU-Gr\u00fcnenabgeordnete<\/a> Michael Bloss, 39 Jahre alt, <a href=\"https:\/\/x.com\/micha_bloss\/status\/1996121747431514273\" target=\"_blank\" rel=\"noopener noreferrer\">pr\u00e4sentiert<\/a>\u00a0sich umgehend begeistert, bedingt reflektiert, daf\u00fcr aber stramm russophob auf X:<\/p>\n<p style=\"padding-left: 40px;\"><em>&#8222;Eine schlechte Nachricht f\u00fcr Putin! Unter Gr\u00fcner F\u00fchrung haben wir heute Nacht den Durchbruch erreicht! Ab 2027 darf kein russisches Gas mehr in die EU importiert werden, das gilt gesetzlich und f\u00fcr immer! Bye-bye Nordstream 1+2!&#8220;<\/em><\/p>\n<p>Die Gr\u00fcnen k\u00f6nnen sich auf stramme\u00a0elf Prozent (plus\/minus) W\u00e4hlerpotenzial verlassen, sind damit weiterhin mehr als gef\u00e4hrliche Mehrheitsbeschaffer. Das Res\u00fcmee zum Auftritt des olivgr\u00fcnen Bundeswehrsoldaten mit strammem Blick gen Osten samt der russophoben Realit\u00e4t in der Partei lautet, mit den j\u00fcngsten Erfahrungen der gr\u00fcnen Skrupellosigkeit in Machtpositionen\u00a0\u2013 Baerbock: <em>&#8222;<a href=\"https:\/\/www.berliner-zeitung.de\/news\/ukraine-krieg-aussenministerin-annalena-baerbock-we-are-fighting-a-war-against-russia-li.310974\" target=\"_blank\" rel=\"noopener noreferrer\">We\u00a0are fighting a\u00a0war\u00a0against\u00a0Russia<\/a>&#8220; \u2013<\/em>\u00a0wer gr\u00fcn w\u00e4hlt, entscheidet sich bewusst f\u00fcr Krieg, in jeglicher Form, nach innen, wie nach au\u00dfen.<\/p>\n<p style=\"text-align: right;\"><em>Bernhard Loyen ist freier Journalist und schreibt f\u00fcr verschiedene alternative Portale<\/em><\/p>\n<hr \/>\n<p><span style=\"font-size: 10pt;\">Bild oben: Symbolbild, erstellt mit KI.<\/span><br \/>\n<span style=\"font-size: 10pt;\">Die Abbildung zeigt keine real existierende Person<\/span><\/p>\n","protected":false},"excerpt":{"rendered":"<p><b>&#8222;BundeswehrGr\u00fcn&#8220; pr\u00e4sentiert sich russophob auf Gr\u00fcnen-Parteitag<\/b><br \/>\n<b>Beitrag von Bernhard Loyen<\/b><br \/>\nAuf der Bundesdelegiertenkonferenz der Gr\u00fcnen in Hannover pr\u00e4sentierte sich ein 23-j\u00e4hriges Parteimitglied mit einem provokativen T-Shirt. Die Aufschrift lautete: &#8222;Make russia small AGAIN&#8220;. Auf X kursieren Ausschnitte seiner Rede. Die Recherche zur Person belegt: Die Gr\u00fcnen bleiben eine konsequent russophobe Partei. [&#8230;] Seit Mitte der 1990er-Jahre geh\u00f6ren zum Profil der als &#8222;Friedenspartei&#8220; gestarteten Ansammlung von Lebensindividualisten auch die Gier nach Macht, gelebte Skrupellosigkeit und der Beginn des politischen Weges \u00fcber Leichen. Per Beschluss besiegelt auf der Bundesdelegiertenkonferenz von B\u00fcndnis 90\/Die Gr\u00fcnen in Bielefeld im Jahr 1999 mit den folgenden abgesegneten Bombenangriffen auf das vormalige Jugoslawien.<\/p>\n","protected":false},"author":3,"featured_media":23732,"comment_status":"closed","ping_status":"closed","sticky":false,"template":"","format":"standard","meta":{"colormag_page_container_layout":"default_layout","colormag_page_sidebar_layout":"default_layout","advanced_seo_description":"","jetpack_seo_html_title":"","jetpack_seo_noindex":false,"jetpack_post_was_ever_published":false,"footnotes":""},"categories":[12],"tags":[688,162,1473,182,451,1282,1035,1527,121,2917,1532,223,1168,2916,2218],"class_list":["post-23729","post","type-post","status-publish","format-standard","has-post-thumbnail","hentry","category-demokratie-medien-aufklaerung","tag-bundeswehr","tag-demokratie","tag-erdgas","tag-eu","tag-faschismus","tag-gruene","tag-hannover","tag-kriegspartei","tag-medien","tag-militaerdienst","tag-parteitag","tag-putin","tag-russophobie","tag-slogan","tag-wehrpflicht"],"jetpack_featured_media_url":"https:\/\/i0.wp.com\/www.freidenker.org\/fw17\/wp-content\/uploads\/2025\/12\/KI_make_Russia_small_again_800x450.jpg?fit=800%2C450&ssl=1","jetpack_shortlink":"https:\/\/wp.me\/p9stpK-6aJ","jetpack-related-posts":[{"id":10844,"url":"https:\/\/www.freidenker.org\/?p=10844","url_meta":{"origin":23729,"position":0},"title":"\u201eAlles ist drin\u201c &#8211; Gr\u00fcner Menschenrechts-Interventionismus f\u00fcr westliche Vorherrschaft","author":"Webredaktion","date":"15. Juli 2021","format":false,"excerpt":"Beitrag von Joachim Guilliard Parallel zum Parteitag von B\u00fcndnis 90\/Die Gr\u00fcnen hat vom 11. bis 13. Juni auch der G7-Gipfel im englischen Carbis Bay und wenig sp\u00e4ter der Nato-Gipfel in Br\u00fcssel stattgefunden. Sowohl in Carbis Bay als auch in Br\u00fcssel einigten sich die Teilnehmer auf einen aggressiveren Kurs gegen Russland\u2026","rel":"","context":"In &quot;Frieden - Antifaschismus - Solidarit\u00e4t&quot;","block_context":{"text":"Frieden - Antifaschismus - Solidarit\u00e4t","link":"https:\/\/www.freidenker.org\/?cat=13"},"img":{"alt_text":"","src":"https:\/\/i0.wp.com\/www.freidenker.org\/fw17\/wp-content\/uploads\/2021\/07\/B90-Gruene_Panzer_800x450.jpg?fit=800%2C450&ssl=1&resize=350%2C200","width":350,"height":200,"srcset":"https:\/\/i0.wp.com\/www.freidenker.org\/fw17\/wp-content\/uploads\/2021\/07\/B90-Gruene_Panzer_800x450.jpg?fit=800%2C450&ssl=1&resize=350%2C200 1x, https:\/\/i0.wp.com\/www.freidenker.org\/fw17\/wp-content\/uploads\/2021\/07\/B90-Gruene_Panzer_800x450.jpg?fit=800%2C450&ssl=1&resize=525%2C300 1.5x, https:\/\/i0.wp.com\/www.freidenker.org\/fw17\/wp-content\/uploads\/2021\/07\/B90-Gruene_Panzer_800x450.jpg?fit=800%2C450&ssl=1&resize=700%2C400 2x"},"classes":[]},{"id":9603,"url":"https:\/\/www.freidenker.org\/?p=9603","url_meta":{"origin":23729,"position":1},"title":"Corona und die Rechtsentwicklung","author":"Webredaktion","date":"23. Februar 2021","format":false,"excerpt":"Der obrigkeitliche Umgang mit dem Virus und die Proteste dagegen haben verwirrende und gegens\u00e4tzliche Debatten ausgel\u00f6st, wohin die Reise politisch geht und worin die Gefahr einer Rechtsentwicklung zu erblicken ist. Wir dokumentieren dazu eine Stellungnahme der DKP Hannover; sie kommt zwar aus dem parteipolitischen Bereich, aber wir machen diese Ausnahme\u2026","rel":"","context":"In &quot;Demokratie \u2013 Medien \u2013 Aufkl\u00e4rung&quot;","block_context":{"text":"Demokratie \u2013 Medien \u2013 Aufkl\u00e4rung","link":"https:\/\/www.freidenker.org\/?cat=12"},"img":{"alt_text":"","src":"https:\/\/i0.wp.com\/www.freidenker.org\/fw17\/wp-content\/uploads\/2021\/02\/zwangsimpfung_antifa_061001a_800x450.jpg?fit=800%2C450&ssl=1&resize=350%2C200","width":350,"height":200,"srcset":"https:\/\/i0.wp.com\/www.freidenker.org\/fw17\/wp-content\/uploads\/2021\/02\/zwangsimpfung_antifa_061001a_800x450.jpg?fit=800%2C450&ssl=1&resize=350%2C200 1x, https:\/\/i0.wp.com\/www.freidenker.org\/fw17\/wp-content\/uploads\/2021\/02\/zwangsimpfung_antifa_061001a_800x450.jpg?fit=800%2C450&ssl=1&resize=525%2C300 1.5x, https:\/\/i0.wp.com\/www.freidenker.org\/fw17\/wp-content\/uploads\/2021\/02\/zwangsimpfung_antifa_061001a_800x450.jpg?fit=800%2C450&ssl=1&resize=700%2C400 2x"},"classes":[]},{"id":20199,"url":"https:\/\/www.freidenker.org\/?p=20199","url_meta":{"origin":23729,"position":2},"title":"Wir sagen zusammen Halt! Kriegshetzer raus!","author":"Webredaktion","date":"5. November 2024","format":false,"excerpt":"Gegen den GR\u00dcNEN-Parteitag in Wiesbaden, 15. - 17. November 2024 Die Gr\u00fcnen sind eine in weiten Teilen kriegs\u00adgeile Partei, die Hitlers m\u00f6rderischem Russ\u00adlandhass nacheifert. In Wiesbaden ist kein Platz f\u00fcr russophobe Hetzer und Kriegs\u00adtreiber! Pleite-Minister Habeck jubelt \u00fcber die \u201eUnab\u00adh\u00e4ngigkeit von russischer Energie\u201c und verord\u00adnet uns die Abh\u00e4ngigkeit von umweltsch\u00e4d\u00adlichem\u2026","rel":"","context":"In &quot;Frieden - Antifaschismus - Solidarit\u00e4t&quot;","block_context":{"text":"Frieden - Antifaschismus - Solidarit\u00e4t","link":"https:\/\/www.freidenker.org\/?cat=13"},"img":{"alt_text":"","src":"https:\/\/i0.wp.com\/www.freidenker.org\/fw17\/wp-content\/uploads\/2024\/11\/Baerbock_Karikatur_v2_800x450.jpg?fit=800%2C450&ssl=1&resize=350%2C200","width":350,"height":200,"srcset":"https:\/\/i0.wp.com\/www.freidenker.org\/fw17\/wp-content\/uploads\/2024\/11\/Baerbock_Karikatur_v2_800x450.jpg?fit=800%2C450&ssl=1&resize=350%2C200 1x, https:\/\/i0.wp.com\/www.freidenker.org\/fw17\/wp-content\/uploads\/2024\/11\/Baerbock_Karikatur_v2_800x450.jpg?fit=800%2C450&ssl=1&resize=525%2C300 1.5x, https:\/\/i0.wp.com\/www.freidenker.org\/fw17\/wp-content\/uploads\/2024\/11\/Baerbock_Karikatur_v2_800x450.jpg?fit=800%2C450&ssl=1&resize=700%2C400 2x"},"classes":[]},{"id":14521,"url":"https:\/\/www.freidenker.org\/?p=14521","url_meta":{"origin":23729,"position":3},"title":"Habeck: Von D\u00fcsseldorf in den Sportpalast","author":"Webredaktion","date":"25. Oktober 2022","format":false,"excerpt":"Beitrag von Dagmar Henn Vor einigen Monaten hielt Bundeswirtschaftsminister Robert Habeck eine Rede vor Industrievertretern, die beachtenswert war. Nicht, weil sie kluge Gedanken enthalten h\u00e4tte, sondern weil sie sein Verst\u00e4ndnis von \"Demokratie\" bezeugte, das ausgesprochen fragw\u00fcrdig war. Das klang nach Durchregieren, demokratische Prozesse wurden nur als Hindernisse dargestellt. Damals war\u2026","rel":"","context":"In &quot;Arbeit &amp; Soziales&quot;","block_context":{"text":"Arbeit &amp; Soziales","link":"https:\/\/www.freidenker.org\/?cat=11"},"img":{"alt_text":"","src":"https:\/\/i0.wp.com\/www.freidenker.org\/fw17\/wp-content\/uploads\/2022\/10\/Habeck-LDK_Dortmund_21.-22.8.2021_51393058124_800x450.jpg?fit=800%2C450&ssl=1&resize=350%2C200","width":350,"height":200,"srcset":"https:\/\/i0.wp.com\/www.freidenker.org\/fw17\/wp-content\/uploads\/2022\/10\/Habeck-LDK_Dortmund_21.-22.8.2021_51393058124_800x450.jpg?fit=800%2C450&ssl=1&resize=350%2C200 1x, https:\/\/i0.wp.com\/www.freidenker.org\/fw17\/wp-content\/uploads\/2022\/10\/Habeck-LDK_Dortmund_21.-22.8.2021_51393058124_800x450.jpg?fit=800%2C450&ssl=1&resize=525%2C300 1.5x, https:\/\/i0.wp.com\/www.freidenker.org\/fw17\/wp-content\/uploads\/2022\/10\/Habeck-LDK_Dortmund_21.-22.8.2021_51393058124_800x450.jpg?fit=800%2C450&ssl=1&resize=700%2C400 2x"},"classes":[]},{"id":18290,"url":"https:\/\/www.freidenker.org\/?p=18290","url_meta":{"origin":23729,"position":4},"title":"Baerbock: Diktatoren haben Angst vor Frauen","author":"Webredaktion","date":"23. Februar 2024","format":false,"excerpt":"Beitrag von Gert Ewen Ungar Die deutsche Au\u00dfenministerin Annalena Baerbock (B\u00fcndnis 90\/Die Gr\u00fcnen) leitet ihre Beitr\u00e4ge gern im Relotius-Stil ein: Einem unschuldigen jungen Menschen, wegen\u00a0Baerbocks Bekenntnis zur feministischen Au\u00dfenpolitik gern weiblich, geschieht aufgrund der politischen Situation im eigenen Land gro\u00dfes Unrecht. W\u00e4hrend Claas Relotius seine syrischen Protagonisten von Kanzlerin Angela\u2026","rel":"","context":"In &quot;Demokratie \u2013 Medien \u2013 Aufkl\u00e4rung&quot;","block_context":{"text":"Demokratie \u2013 Medien \u2013 Aufkl\u00e4rung","link":"https:\/\/www.freidenker.org\/?cat=12"},"img":{"alt_text":"","src":"https:\/\/i0.wp.com\/www.freidenker.org\/fw17\/wp-content\/uploads\/2024\/02\/BDK_Karlsruhe_Nov_2023_Annalena_Baerbock_6_800x450.jpg?fit=800%2C450&ssl=1&resize=350%2C200","width":350,"height":200,"srcset":"https:\/\/i0.wp.com\/www.freidenker.org\/fw17\/wp-content\/uploads\/2024\/02\/BDK_Karlsruhe_Nov_2023_Annalena_Baerbock_6_800x450.jpg?fit=800%2C450&ssl=1&resize=350%2C200 1x, https:\/\/i0.wp.com\/www.freidenker.org\/fw17\/wp-content\/uploads\/2024\/02\/BDK_Karlsruhe_Nov_2023_Annalena_Baerbock_6_800x450.jpg?fit=800%2C450&ssl=1&resize=525%2C300 1.5x, https:\/\/i0.wp.com\/www.freidenker.org\/fw17\/wp-content\/uploads\/2024\/02\/BDK_Karlsruhe_Nov_2023_Annalena_Baerbock_6_800x450.jpg?fit=800%2C450&ssl=1&resize=700%2C400 2x"},"classes":[]},{"id":13701,"url":"https:\/\/www.freidenker.org\/?p=13701","url_meta":{"origin":23729,"position":5},"title":"&#8222;Nachdenkseiten&#8220; im Fokus eines Diffamierungsportals im Auftrag der Bundesregierung","author":"Webredaktion","date":"6. Juli 2022","format":false,"excerpt":"Beitrag der Redaktion der NachDenkSeiten Der Vorgang ist ein medienpolitischer Skandal, der seinesgleichen sucht und an die Wurzel unseres bisherigen Verst\u00e4ndnisses von Demokratie und Pressefreiheit geht. Das Bundesfamilienministerium (BMFSFJ) und die Bundeszentrale f\u00fcr politische Bildung (bpb) finanzieren mit sechsstelligen Betr\u00e4gen ein Projekt der Gr\u00fcnen-nahen Stiftung \u201eZentrum liberale Moderne\u201c (LibMod) mit\u2026","rel":"","context":"In &quot;Zeit der Verleumder - Freidenker f\u00fcr Klartext&quot;","block_context":{"text":"Zeit der Verleumder - Freidenker f\u00fcr Klartext","link":"https:\/\/www.freidenker.org\/?cat=937"},"img":{"alt_text":"","src":"https:\/\/i0.wp.com\/www.freidenker.org\/fw17\/wp-content\/uploads\/2022\/07\/klartext_Jochim_Gauck_LibMod_800x450.jpg?fit=800%2C450&ssl=1&resize=350%2C200","width":350,"height":200,"srcset":"https:\/\/i0.wp.com\/www.freidenker.org\/fw17\/wp-content\/uploads\/2022\/07\/klartext_Jochim_Gauck_LibMod_800x450.jpg?fit=800%2C450&ssl=1&resize=350%2C200 1x, https:\/\/i0.wp.com\/www.freidenker.org\/fw17\/wp-content\/uploads\/2022\/07\/klartext_Jochim_Gauck_LibMod_800x450.jpg?fit=800%2C450&ssl=1&resize=525%2C300 1.5x, https:\/\/i0.wp.com\/www.freidenker.org\/fw17\/wp-content\/uploads\/2022\/07\/klartext_Jochim_Gauck_LibMod_800x450.jpg?fit=800%2C450&ssl=1&resize=700%2C400 2x"},"classes":[]}],"_links":{"self":[{"href":"https:\/\/www.freidenker.org\/index.php?rest_route=\/wp\/v2\/posts\/23729","targetHints":{"allow":["GET"]}}],"collection":[{"href":"https:\/\/www.freidenker.org\/index.php?rest_route=\/wp\/v2\/posts"}],"about":[{"href":"https:\/\/www.freidenker.org\/index.php?rest_route=\/wp\/v2\/types\/post"}],"author":[{"embeddable":true,"href":"https:\/\/www.freidenker.org\/index.php?rest_route=\/wp\/v2\/users\/3"}],"replies":[{"embeddable":true,"href":"https:\/\/www.freidenker.org\/index.php?rest_route=%2Fwp%2Fv2%2Fcomments&post=23729"}],"version-history":[{"count":3,"href":"https:\/\/www.freidenker.org\/index.php?rest_route=\/wp\/v2\/posts\/23729\/revisions"}],"predecessor-version":[{"id":23733,"href":"https:\/\/www.freidenker.org\/index.php?rest_route=\/wp\/v2\/posts\/23729\/revisions\/23733"}],"wp:featuredmedia":[{"embeddable":true,"href":"https:\/\/www.freidenker.org\/index.php?rest_route=\/wp\/v2\/media\/23732"}],"wp:attachment":[{"href":"https:\/\/www.freidenker.org\/index.php?rest_route=%2Fwp%2Fv2%2Fmedia&parent=23729"}],"wp:term":[{"taxonomy":"category","embeddable":true,"href":"https:\/\/www.freidenker.org\/index.php?rest_route=%2Fwp%2Fv2%2Fcategories&post=23729"},{"taxonomy":"post_tag","embeddable":true,"href":"https:\/\/www.freidenker.org\/index.php?rest_route=%2Fwp%2Fv2%2Ftags&post=23729"}],"curies":[{"name":"wp","href":"https:\/\/api.w.org\/{rel}","templated":true}]}}