{"id":23712,"date":"2025-12-05T22:01:02","date_gmt":"2025-12-05T21:01:02","guid":{"rendered":"https:\/\/www.freidenker.org\/?p=23712"},"modified":"2026-01-27T03:33:01","modified_gmt":"2026-01-27T02:33:01","slug":"generaldebatte-im-bundestag-abschied-der-deutschen-politik-von-der-realitaet","status":"publish","type":"post","link":"https:\/\/www.freidenker.org\/?p=23712","title":{"rendered":"Generaldebatte im Bundestag: Abschied der deutschen Politik von der Realit\u00e4t"},"content":{"rendered":"<p><strong>Die Generaldebatte war ein Schauspiel der Bildungsferne deutscher Abgeordneter. Einfache Zusammenh\u00e4nge werden nicht verstanden, zeitliche Abl\u00e4ufe ignoriert. Deutschland wird von Populisten regiert. Es ist gut, dass Deutschland an Einfluss verliert. Genug, wenn sich das Land selbst schadet.<\/strong><\/p>\n<p><em>Von <strong>Gert Ewen Ungar<\/strong><\/em><\/p>\n<p><span style=\"font-size: 10pt;\">Erstver\u00f6ffentlichung am 26.11.2025 auf <a href=\"https:\/\/freedert.online\/meinung\/263000-generaldebatte-im-bundestag-abschied-deutschen\/\" target=\"_blank\" rel=\"noopener\">RT DE<\/a><\/span><\/p>\n<div class=\"EmbedBlock-root EmbedBlock-all\">\n<div class=\"AllEmbed\"><iframe loading=\"lazy\" title=\"Generaldebatte im Bundestag: Abschied der deutschen Politik von der Realit\u00e4t\" src=\"https:\/\/www.podbean.com\/player-v2\/?i=74bef-19d6045-pb&amp;from=pb6admin&amp;share=1&amp;download=1&amp;rtl=0&amp;fonts=Arial&amp;skin=f6f6f6&amp;font-color=auto&amp;logo_link=episode_page&amp;btn-skin=7\" width=\"100%\" height=\"150\" scrolling=\"no\" allowfullscreen=\"allowfullscreen\" data-name=\"pb-iframe-player\" data-mce-fragment=\"1\"><\/iframe><\/div>\n<\/div>\n<p>Die Generaldebatte im Deutschen Bundestag hinterl\u00e4sst einen starken Eindruck. Dieser starke Eindruck besteht vor allem darin, dass sich die Bundesregierung, allen voran der Bundeskanzler, aber auch ein Gro\u00dfteil der Abgeordneten, von der Realit\u00e4t l\u00e4ngst verabschiedet hat. Sie leben in einer Parallelwelt, in der andere, n\u00e4mlich ihre Regeln gelten. Deutsche Regeln, nach denen sich Physik, \u00d6konomie, Geschichtsschreibung und die internationale Staatengemeinschaft zu richten haben.<\/p>\n<p>Eine dieser deutschen Regeln lautet, dass man einem der wichtigsten Energielieferanten einfach absagen kann. In der Welt der Bundestagsabgeordneten funktioniert der globale Energiemarkt wie der Einzelhandel. Es gibt eine Vielzahl von L\u00e4den. Wenn einem der eine aus irgendeinem Grund nicht passt, dann kauft man eben bei einem anderen ein.<\/p>\n<p>Als die AfD-Vorsitzende Alice Weidel ank\u00fcndigt, mit der AfD werde \u00d6l und Gas wieder direkt aus Russland bezogen, weil Russland g\u00fcnstige Preise bietet, wird sie ausgebuht. Das zeigt: Die Bundestagsabgeordneten vertreten weder die Interessen der deutschen Wirtschaft noch die Interessen der B\u00fcrger Deutschlands.<\/p>\n<p>Die M\u00f6glichkeit, sich auf dem Weltmarkt seinen Anbieter von Energie nach Lust und Laune aussuchen zu k\u00f6nnen, gibt es nicht. Gerade Deutschland ist daf\u00fcr das beste Beispiel. Mit der Absage an g\u00fcnstige russische Energie ist das Gesch\u00e4ftsmodell Deutschlands zusammengebrochen. Deutschland hat einen g\u00fcnstigen Anbieter durch teurere Anbieter ersetzt und dadurch an Wettbewerbsf\u00e4higkeit eingeb\u00fc\u00dft. Der Preis, nicht das Ausma\u00df der moralischen Hybris, ist in einer Marktwirtschaft die ausschlaggebende Gr\u00f6\u00dfe.<\/p>\n<p>Denjenigen, die auf diesen ganz einfachen Zusammenhang hinweisen, unterstellen Abgeordnete des Deutschen Bundestages, russische Narrative zu verbreiten. So warf der CDU-Abgeordnete Paul Ziemiak Weidel in vollendetem orwellschen Neusprech vor, sie wolle mit der R\u00fcckkehr zu russischem \u00d6l und Gas die deutsche Energiesouver\u00e4nit\u00e4t untergraben. Diese schon irre zu nennende Verkehrung der Fakten muss man sich auf der Zunge zergehen lassen.<\/p>\n<div class=\"embed-twitter\">\n<blockquote class=\"twitter-tweet\" data-width=\"550\" data-dnt=\"true\">\n<p lang=\"de\" dir=\"ltr\">Alice Weidel will raus aus der deutschen Energiesouver\u00e4nit\u00e4t und Gas direkt wieder aus Russland beziehen.<br \/>AfD-Politiker sind keine Patrioten, sondern Putins Papageien. Die <a href=\"https:\/\/twitter.com\/hashtag\/AfD?src=hash&amp;ref_src=twsrc%5Etfw\">#AfD<\/a> ist eine Gefahr f\u00fcr die Sicherheit Deutschlands.<a href=\"https:\/\/twitter.com\/hashtag\/generaldebatte?src=hash&amp;ref_src=twsrc%5Etfw\">#generaldebatte<\/a><\/p>\n<p>&mdash; Paul Ziemiak (@PaulZiemiak) <a href=\"https:\/\/twitter.com\/PaulZiemiak\/status\/1993597222626508926?ref_src=twsrc%5Etfw\">November 26, 2025<\/a><\/p><\/blockquote>\n<p><script async src=\"https:\/\/platform.twitter.com\/widgets.js\" charset=\"utf-8\"><\/script><\/div>\n<p>Es gibt keine deutsche Energiesouver\u00e4nit\u00e4t. Deutschland ist vor allem beim Gas inzwischen in gef\u00e4hrlicher Weise von den USA abh\u00e4ngig. Das Wissen um wirtschaftliche Zusammenh\u00e4nge ist in mancher Stadtratssitzung h\u00f6her als im Bundestag. Wenn eine Volkswirtschaft zuvor zwei Bezugsquellen hatte und nun nur noch eine, hat sie nicht an Souver\u00e4nit\u00e4t gewonnen, sondern verloren.<\/p>\n<p>Auch als Weidel die AfD preist, weil sie sowohl zu Trump als auch nach Russland Kontakte unterhalte, erntet sie emp\u00f6rte Zwischenrufe. Kontakte nach Russland sind schlecht. Wer mit Russland spricht, verrate die Ukraine.<\/p>\n<p>Das Ausma\u00df von Hass und Russophobie im Bundestag ist erschreckend. Damit verbauen sich die Abgeordneten des Deutschen Bundestages jede M\u00f6glichkeit, einen Beitrag zur Beilegung des Konflikts zu leisten. Darauf sind sie allem Anschein nach auch noch stolz.<\/p>\n<p>Den Konflikt hat man ohnehin nicht verstanden, macht die Rede des Kanzlers deutlich. Der Kanzler versteht nicht, dass die Ukraine in jeder Hinsicht am Ende ist. Sie blutet wirtschaftlich und im wahrsten Sinne des Wortes auch milit\u00e4risch aus. An der Front sterben jeden Tag rund 1.500 ukrainische Soldaten. Daf\u00fcr tr\u00e4gt Deutschland ein hohes Ma\u00df an Mitverantwortung. Seit 2014 hat sich durch jede weitere Intervention des Westens die Position der Ukraine kontinuierlich verschlechtert.<\/p>\n<p>Mit Floskeln wie &#8222;Russland kann diesen Krieg sofort beenden, indem Russland seine Soldaten aus der Ukraine abzieht&#8220;, wie sie nicht nur der Kanzler, sondern Abgeordnete aller etablierten Parteien inklusive der Linkspartei absondern, zeigt das politische Establishment in Deutschland einen fundamentalen Mangel an Bildung und Einsicht in die historischen Abl\u00e4ufe sowie an Kenntnis \u00fcber die Ursachen des Konflikts. Sie machen deutlich: In Deutschland regieren die Populisten. An einer L\u00f6sung des Konflikts haben sie kein Interesse. Ihr Interesse gilt griffigen Formeln und pseudoklugen Statements. PR ist ihnen n\u00e4her als Diplomatie und echtes Bem\u00fchen um Frieden. Sie ist ihnen wichtiger als das Leben ukrainischer Soldaten. Der Bundestag ist eine Versammlung von Zynikern.<\/p>\n<p>Der Konflikt endet, wenn seine Ursache ausger\u00e4umt ist. Genau das wollen Merz und mit ihm die Mehrheit der Abgeordneten des Deutschen Bundestages aber nicht. Aus diesem Grund sind all die Solidarit\u00e4tsbekundungen mit der Ukraine unglaubw\u00fcrdig. Deutschland tut\u00a0seit geraumer Zeit alles daf\u00fcr, den Konflikt zu verl\u00e4ngern und die Zahl der Opfer vor allem aufseiten der Ukraine zu erh\u00f6hen. Deutschland verheizt die Ukraine.<\/p>\n<p>Zugleich ist nicht erkennbar, was f\u00fcr ein positiver Nutzen sich aus dieser Politik f\u00fcr Deutschland ergeben k\u00f6nnte. Es l\u00e4sst sich kein Szenario denken, dass Deutschland in Zukunft von seiner aktuellen Ukraine-Politik profitieren wird. Sie wird den Deutschen in Zukunft im Gegenteil schwer auf die F\u00fc\u00dfe fallen.<\/p>\n<p>Wenn sich der Rauch \u00fcber dem Schlachtfeld hebt, werden die Ukrainer sehr wohl verstehen, wer ma\u00dfgeblich f\u00fcr ihr Elend verantwortlich ist. Vom bequemen deutschen Sessel aus wurde ihnen diktiert, dass die Bedingungen f\u00fcr einen Friedensschluss nicht angenommen werden k\u00f6nnen. Die Umsetzung von Minsk 2 war nicht zumutbar, das Verhandlungsergebnis im Fr\u00fchjahr 2022 war der Ukraine nicht zumutbar, jetzt sind Gebietsabtretungen nicht zumutbar. Das deutsche Bestehen auf eine Fortsetzung der Konfrontation hat die Lage der Ukraine immer weiter verschlechtert. Wer solche Freunde hat, braucht keine Feinde mehr. Die Ukrainer werden zu dieser Einsicht kommen.<\/p>\n<p>Vor diesem Hintergrund wirkt die emotionale Ansprache Franziska Brantners von den Gr\u00fcnen, die Weidel Kaltherzigkeit gegen\u00fcber den Ukrainern vorwirft, bestenfalls verlogen. Deutschland leistet mit seinem Beharren auf die Fortsetzung des Krieges einen ma\u00dfgeblichen Beitrag zur vollst\u00e4ndigen Zerst\u00f6rung der Ukraine.<\/p>\n<p>Die Generaldebatte heute legte Zeugnis von der Provinzialit\u00e4t deutscher Politik ab. Sie ist unterkomplex, selbstverliebt, moralisierend, bildungsfern und daher in ihrer Gesamtheit gef\u00e4hrlich. Sie ist von einer erschreckenden, menschenverachtenden Brutalit\u00e4t. Einer Brutalit\u00e4t aus Naivit\u00e4t und geistiger Einfalt. Daher ist es gut, dass Deutschland international an Einfluss verliert. Die deutsche Politik richtet nur Schaden an. Es reicht, wenn dieser Schaden auf Deutschland begrenzt bleibt.<\/p>\n<p style=\"text-align: right;\"><em>Gert-Ewen Ungar studierte Philosophie und Germanistik und schreibt regelm\u00e4\u00dfig f\u00fcr die <a href=\"https:\/\/www.neulandrebellen.de\/\" target=\"_blank\" rel=\"noopener\">Neulandrebellen<\/a><\/em><\/p>\n<hr \/>\n<p><span style=\"font-size: 10pt;\">Bild oben: Die AfD-Vorsitzende Alice Weidel, hier auf der Tagung der CPAC (Conservative Political Action Conference) am 30.05.2025 in Ungarn<\/span><br \/>\n<span style=\"font-size: 10pt;\">Foto: Elekes Andor, <a href=\"https:\/\/creativecommons.org\/licenses\/by\/4.0\" target=\"_blank\" rel=\"noopener\">CC BY 4.0<\/a><\/span><br \/>\n<span style=\"font-size: 10pt;\">Quelle: <a href=\"https:\/\/commons.wikimedia.org\/w\/index.php?curid=166910641\" target=\"_blank\" rel=\"noopener\">https:\/\/commons.wikimedia.org\/w\/index.php?curid=166910641<\/a><\/span><\/p>\n","protected":false},"excerpt":{"rendered":"<p><b>Beitrag von Gert Ewen Ungar<\/b><br \/>\nDie Generaldebatte im Deutschen Bundestag hinterl\u00e4sst einen starken Eindruck. Dieser starke Eindruck besteht vor allem darin, dass sich die Bundesregierung, allen voran der Bundeskanzler, aber auch ein Gro\u00dfteil der Abgeordneten, von der Realit\u00e4t l\u00e4ngst verabschiedet hat. Sie leben in einer Parallelwelt, in der andere, n\u00e4mlich ihre Regeln gelten. Deutsche Regeln, nach denen sich Physik, \u00d6konomie, Geschichtsschreibung und die internationale Staatengemeinschaft zu richten haben. Eine dieser deutschen Regeln lautet, dass man einem der wichtigsten Energielieferanten einfach absagen kann. In der Welt der Bundestagsabgeordneten funktioniert der globale Energiemarkt wie der Einzelhandel. Es gibt eine Vielzahl von L\u00e4den. Wenn einem der eine aus irgendeinem Grund nicht passt, dann kauft man eben bei einem anderen ein.<\/p>\n","protected":false},"author":3,"featured_media":23715,"comment_status":"closed","ping_status":"closed","sticky":false,"template":"","format":"standard","meta":{"colormag_page_container_layout":"default_layout","colormag_page_sidebar_layout":"default_layout","advanced_seo_description":"","jetpack_seo_html_title":"","jetpack_seo_noindex":false,"jetpack_post_was_ever_published":false,"footnotes":""},"categories":[12],"tags":[1031,2476,699,1463,1032,477,2412,452,2340,1283,1282,2433,1389,188,2890,469,222,623,639],"class_list":["post-23712","post","type-post","status-publish","format-standard","has-post-thumbnail","hentry","category-demokratie-medien-aufklaerung","tag-afd","tag-alice-weidel","tag-aussenpolitik","tag-bundeskanzler","tag-bundesregierung","tag-bundestag","tag-debatte","tag-deutschland","tag-einflussnahme","tag-energie","tag-gruene","tag-konflikt","tag-konfrontation","tag-krieg","tag-narrativ","tag-realitaet","tag-russland","tag-souveraenitaet","tag-ukraine-konflikt"],"jetpack_featured_media_url":"https:\/\/i0.wp.com\/www.freidenker.org\/fw17\/wp-content\/uploads\/2025\/12\/CPAC_Hungary_2025_147_800x450.jpg?fit=800%2C450&ssl=1","jetpack_shortlink":"https:\/\/wp.me\/p9stpK-6as","jetpack-related-posts":[{"id":21527,"url":"https:\/\/www.freidenker.org\/?p=21527","url_meta":{"origin":23712,"position":0},"title":"Bundestag der Schande: Politik instrumentalisiert das Gedenken ans Kriegsende","author":"Webredaktion","date":"22. April 2025","format":false,"excerpt":"Beitrag von Gert Ewen Ungar Der Bundestag verzichtet hinsichtlich der Gedenkveranstaltung zum Ende des Zweiten Weltkriegs in diesem Jahr auf die explizite Einladung des russischen und des wei\u00dfrussischen Botschafters. Der Bundestag verweist zur Begr\u00fcndung auf eine Handreichung des Ausw\u00e4rtigen Amts. Dort wird zudem empfohlen, im Fall des uneingeladenen Erscheinens von\u2026","rel":"","context":"In &quot;Demokratie \u2013 Medien \u2013 Aufkl\u00e4rung&quot;","block_context":{"text":"Demokratie \u2013 Medien \u2013 Aufkl\u00e4rung","link":"https:\/\/www.freidenker.org\/?cat=12"},"img":{"alt_text":"","src":"https:\/\/i0.wp.com\/www.freidenker.org\/fw17\/wp-content\/uploads\/2025\/04\/Sergey_Yuryevitch_Nechayev_ambassador_800x450.jpg?fit=800%2C450&ssl=1&resize=350%2C200","width":350,"height":200,"srcset":"https:\/\/i0.wp.com\/www.freidenker.org\/fw17\/wp-content\/uploads\/2025\/04\/Sergey_Yuryevitch_Nechayev_ambassador_800x450.jpg?fit=800%2C450&ssl=1&resize=350%2C200 1x, https:\/\/i0.wp.com\/www.freidenker.org\/fw17\/wp-content\/uploads\/2025\/04\/Sergey_Yuryevitch_Nechayev_ambassador_800x450.jpg?fit=800%2C450&ssl=1&resize=525%2C300 1.5x, https:\/\/i0.wp.com\/www.freidenker.org\/fw17\/wp-content\/uploads\/2025\/04\/Sergey_Yuryevitch_Nechayev_ambassador_800x450.jpg?fit=800%2C450&ssl=1&resize=700%2C400 2x"},"classes":[]},{"id":22222,"url":"https:\/\/www.freidenker.org\/?p=22222","url_meta":{"origin":23712,"position":1},"title":"Merz-Rede: Der (Alb-)Traum von Deutschland als Milit\u00e4rmacht ist zur\u00fcck","author":"Webredaktion","date":"26. Juni 2025","format":false,"excerpt":"Beitrag von Gert Ewen Ungar Mit einem Video, das sich \u00e4sthetisch und inhaltlich in die Tradition des Nazi-Hetzblatts Der St\u00fcrmer stellt, macht das Ausw\u00e4rtige Amt unter F\u00fchrung von Johann Wadephul die Welt mit dem au\u00dfenpolitischen Teil der Regierungserkl\u00e4rung von\u00a0Friedrich Merz vertraut. Die \u00dcbernahme von Ton und \u00c4sthetik der nationalsozialistischen Propaganda\u2026","rel":"","context":"In &quot;Demokratie \u2013 Medien \u2013 Aufkl\u00e4rung&quot;","block_context":{"text":"Demokratie \u2013 Medien \u2013 Aufkl\u00e4rung","link":"https:\/\/www.freidenker.org\/?cat=12"},"img":{"alt_text":"","src":"https:\/\/i0.wp.com\/www.freidenker.org\/fw17\/wp-content\/uploads\/2025\/06\/2024-08-21_Wahlkampf_Friedrich_Merz.jpg?fit=800%2C450&ssl=1&resize=350%2C200","width":350,"height":200,"srcset":"https:\/\/i0.wp.com\/www.freidenker.org\/fw17\/wp-content\/uploads\/2025\/06\/2024-08-21_Wahlkampf_Friedrich_Merz.jpg?fit=800%2C450&ssl=1&resize=350%2C200 1x, https:\/\/i0.wp.com\/www.freidenker.org\/fw17\/wp-content\/uploads\/2025\/06\/2024-08-21_Wahlkampf_Friedrich_Merz.jpg?fit=800%2C450&ssl=1&resize=525%2C300 1.5x, https:\/\/i0.wp.com\/www.freidenker.org\/fw17\/wp-content\/uploads\/2025\/06\/2024-08-21_Wahlkampf_Friedrich_Merz.jpg?fit=800%2C450&ssl=1&resize=700%2C400 2x"},"classes":[]},{"id":22623,"url":"https:\/\/www.freidenker.org\/?p=22623","url_meta":{"origin":23712,"position":2},"title":"100 Tage Merz \u2013 Kanzlerschaft ohne Gewissen und Empathie","author":"Webredaktion","date":"21. August 2025","format":false,"excerpt":"Beitrag von Gert Ewen Ungar Die Bundesregierung ist inzwischen 100 Tage im Amt. Mit Ruhm bekleckert hat sie sich bisher nicht. Den gro\u00dfen wirtschaftspolitischen Ank\u00fcndigungen folgten keine Taten. Es herrscht weiter Stillstand in Deutschland. Die wirtschaftlichen Indikatoren weisen steil nach unten: Das produzierende Gewerbe klagt \u00fcber hohe Energiepreise und f\u00e4hrt\u2026","rel":"","context":"In &quot;Arbeit &amp; Soziales&quot;","block_context":{"text":"Arbeit &amp; Soziales","link":"https:\/\/www.freidenker.org\/?cat=11"},"img":{"alt_text":"","src":"https:\/\/i0.wp.com\/www.freidenker.org\/fw17\/wp-content\/uploads\/2025\/08\/Merz_2025-05-05_Unterzeichnung_Koalitionsvertrag_800x450.jpg?fit=800%2C450&ssl=1&resize=350%2C200","width":350,"height":200,"srcset":"https:\/\/i0.wp.com\/www.freidenker.org\/fw17\/wp-content\/uploads\/2025\/08\/Merz_2025-05-05_Unterzeichnung_Koalitionsvertrag_800x450.jpg?fit=800%2C450&ssl=1&resize=350%2C200 1x, https:\/\/i0.wp.com\/www.freidenker.org\/fw17\/wp-content\/uploads\/2025\/08\/Merz_2025-05-05_Unterzeichnung_Koalitionsvertrag_800x450.jpg?fit=800%2C450&ssl=1&resize=525%2C300 1.5x, https:\/\/i0.wp.com\/www.freidenker.org\/fw17\/wp-content\/uploads\/2025\/08\/Merz_2025-05-05_Unterzeichnung_Koalitionsvertrag_800x450.jpg?fit=800%2C450&ssl=1&resize=700%2C400 2x"},"classes":[]},{"id":23477,"url":"https:\/\/www.freidenker.org\/?p=23477","url_meta":{"origin":23712,"position":3},"title":"Der PR-Gag Hightech Agenda: Unterfinanziert und ohne Saft","author":"Webredaktion","date":"8. November 2025","format":false,"excerpt":"Beitrag von Gert Ewen Ungar Kann sich noch jemand an die Unternehmensinitiative \"Made for Germany\" erinnern? Im Juli hatte Bundeskanzler Friedrich Merz angek\u00fcndigt, 61 deutsche Unternehmen h\u00e4tten sich in der Absicht zusammengeschlossen, den Wirtschaftsstandort Deutschland zu st\u00e4rken. Sie seien daher bereit, innerhalb von drei Jahren 631\u00a0Milliarden Euro in Deutschland zu\u2026","rel":"","context":"In &quot;Arbeit &amp; Soziales&quot;","block_context":{"text":"Arbeit &amp; Soziales","link":"https:\/\/www.freidenker.org\/?cat=11"},"img":{"alt_text":"","src":"https:\/\/i0.wp.com\/www.freidenker.org\/fw17\/wp-content\/uploads\/2025\/11\/merz_und_baer_800x450.jpg?fit=800%2C450&ssl=1&resize=350%2C200","width":350,"height":200,"srcset":"https:\/\/i0.wp.com\/www.freidenker.org\/fw17\/wp-content\/uploads\/2025\/11\/merz_und_baer_800x450.jpg?fit=800%2C450&ssl=1&resize=350%2C200 1x, https:\/\/i0.wp.com\/www.freidenker.org\/fw17\/wp-content\/uploads\/2025\/11\/merz_und_baer_800x450.jpg?fit=800%2C450&ssl=1&resize=525%2C300 1.5x, https:\/\/i0.wp.com\/www.freidenker.org\/fw17\/wp-content\/uploads\/2025\/11\/merz_und_baer_800x450.jpg?fit=800%2C450&ssl=1&resize=700%2C400 2x"},"classes":[]},{"id":17706,"url":"https:\/\/www.freidenker.org\/?p=17706","url_meta":{"origin":23712,"position":4},"title":"Zeugnis des doppelten Standards: Baerbock im Interview","author":"Webredaktion","date":"29. Dezember 2023","format":false,"excerpt":"Beitrag von Gert Ewen Ungar Bez\u00fcglich des Ukraine-Konflikts werden die Deutschen fl\u00e4chendeckend von den verantwortlichen Politikern und von den mitverantwortlichen Medien des Mainstreams desinformiert. Dass die deutsche Au\u00dfenministerin da keine Ausnahme bildet, ist nicht \u00fcberraschend. Sie tut sich im Gegenteil seit Langem damit hervor, die Unwahrheiten besonders dick aufzutragen.\u00a0In einem\u2026","rel":"","context":"In &quot;Demokratie \u2013 Medien \u2013 Aufkl\u00e4rung&quot;","block_context":{"text":"Demokratie \u2013 Medien \u2013 Aufkl\u00e4rung","link":"https:\/\/www.freidenker.org\/?cat=12"},"img":{"alt_text":"","src":"https:\/\/i0.wp.com\/www.freidenker.org\/fw17\/wp-content\/uploads\/2023\/12\/BDK_Karlsruhe_Nov_2023_Annalena_Baerbock_11_800x450.jpg?fit=800%2C450&ssl=1&resize=350%2C200","width":350,"height":200,"srcset":"https:\/\/i0.wp.com\/www.freidenker.org\/fw17\/wp-content\/uploads\/2023\/12\/BDK_Karlsruhe_Nov_2023_Annalena_Baerbock_11_800x450.jpg?fit=800%2C450&ssl=1&resize=350%2C200 1x, https:\/\/i0.wp.com\/www.freidenker.org\/fw17\/wp-content\/uploads\/2023\/12\/BDK_Karlsruhe_Nov_2023_Annalena_Baerbock_11_800x450.jpg?fit=800%2C450&ssl=1&resize=525%2C300 1.5x, https:\/\/i0.wp.com\/www.freidenker.org\/fw17\/wp-content\/uploads\/2023\/12\/BDK_Karlsruhe_Nov_2023_Annalena_Baerbock_11_800x450.jpg?fit=800%2C450&ssl=1&resize=700%2C400 2x"},"classes":[]},{"id":16863,"url":"https:\/\/www.freidenker.org\/?p=16863","url_meta":{"origin":23712,"position":5},"title":"Scholz schockiert: &#8222;Putin beschwert sich gar nicht \u00fcber die Sanktionen&#8220;","author":"Webredaktion","date":"30. August 2023","format":false,"excerpt":"Beitrag von Gert Ewen Ungar Die BILD-Zeitung ver\u00f6ffentlichte Teile aus einem Telefongespr\u00e4ch, das Bundeskanzler Scholz mit dem franz\u00f6sischen Pr\u00e4sidenten Macron gef\u00fchrt hat, nachdem beide zuvor mit Russlands Pr\u00e4sident Putin gesprochen hatten. Das Telefongespr\u00e4ch fand Anfang M\u00e4rz 2022 statt, am neunten Tag nach Beginn der milit\u00e4rischen Spezialoperation. Die Friedensverhandlungen zwischen der\u2026","rel":"","context":"In &quot;Demokratie \u2013 Medien \u2013 Aufkl\u00e4rung&quot;","block_context":{"text":"Demokratie \u2013 Medien \u2013 Aufkl\u00e4rung","link":"https:\/\/www.freidenker.org\/?cat=12"},"img":{"alt_text":"","src":"https:\/\/i0.wp.com\/www.freidenker.org\/fw17\/wp-content\/uploads\/2023\/08\/selenski-macron-scholz_800x450.jpg?fit=800%2C450&ssl=1&resize=350%2C200","width":350,"height":200,"srcset":"https:\/\/i0.wp.com\/www.freidenker.org\/fw17\/wp-content\/uploads\/2023\/08\/selenski-macron-scholz_800x450.jpg?fit=800%2C450&ssl=1&resize=350%2C200 1x, https:\/\/i0.wp.com\/www.freidenker.org\/fw17\/wp-content\/uploads\/2023\/08\/selenski-macron-scholz_800x450.jpg?fit=800%2C450&ssl=1&resize=525%2C300 1.5x, https:\/\/i0.wp.com\/www.freidenker.org\/fw17\/wp-content\/uploads\/2023\/08\/selenski-macron-scholz_800x450.jpg?fit=800%2C450&ssl=1&resize=700%2C400 2x"},"classes":[]}],"_links":{"self":[{"href":"https:\/\/www.freidenker.org\/index.php?rest_route=\/wp\/v2\/posts\/23712","targetHints":{"allow":["GET"]}}],"collection":[{"href":"https:\/\/www.freidenker.org\/index.php?rest_route=\/wp\/v2\/posts"}],"about":[{"href":"https:\/\/www.freidenker.org\/index.php?rest_route=\/wp\/v2\/types\/post"}],"author":[{"embeddable":true,"href":"https:\/\/www.freidenker.org\/index.php?rest_route=\/wp\/v2\/users\/3"}],"replies":[{"embeddable":true,"href":"https:\/\/www.freidenker.org\/index.php?rest_route=%2Fwp%2Fv2%2Fcomments&post=23712"}],"version-history":[{"count":4,"href":"https:\/\/www.freidenker.org\/index.php?rest_route=\/wp\/v2\/posts\/23712\/revisions"}],"predecessor-version":[{"id":23725,"href":"https:\/\/www.freidenker.org\/index.php?rest_route=\/wp\/v2\/posts\/23712\/revisions\/23725"}],"wp:featuredmedia":[{"embeddable":true,"href":"https:\/\/www.freidenker.org\/index.php?rest_route=\/wp\/v2\/media\/23715"}],"wp:attachment":[{"href":"https:\/\/www.freidenker.org\/index.php?rest_route=%2Fwp%2Fv2%2Fmedia&parent=23712"}],"wp:term":[{"taxonomy":"category","embeddable":true,"href":"https:\/\/www.freidenker.org\/index.php?rest_route=%2Fwp%2Fv2%2Fcategories&post=23712"},{"taxonomy":"post_tag","embeddable":true,"href":"https:\/\/www.freidenker.org\/index.php?rest_route=%2Fwp%2Fv2%2Ftags&post=23712"}],"curies":[{"name":"wp","href":"https:\/\/api.w.org\/{rel}","templated":true}]}}