{"id":23684,"date":"2025-11-30T13:16:28","date_gmt":"2025-11-30T12:16:28","guid":{"rendered":"https:\/\/www.freidenker.org\/?p=23684"},"modified":"2025-12-18T00:22:42","modified_gmt":"2025-12-17T23:22:42","slug":"die-zweifelhafte-ehre-der-deutschen-bank","status":"publish","type":"post","link":"https:\/\/www.freidenker.org\/?p=23684","title":{"rendered":"Die zweifelhafte Ehre der Deutschen Bank"},"content":{"rendered":"<p><strong>Wir festigen die Brandmauer, soll wohl das Verhalten der Deutschen Bank signalisieren, die einen Veranstaltungsraum k\u00fcndigt, weil der Mieter schon einmal einen AfD-Politiker eingeladen hatte. Glashaus und Steine liefern da keine passende Metapher mehr.<\/strong><\/p>\n<p><em>von <strong>Dagmar Henn<\/strong><\/em><\/p>\n<p><span style=\"font-size: 10pt;\">Erstver\u00f6ffentlichung am 26.11.2025 auf <a href=\"https:\/\/freedert.online\/meinung\/262866-die-zweifelhafte-ehre-der-deutschen-bank\/\" target=\"_blank\" rel=\"noopener\">RT DE<\/a><\/span><\/p>\n<p>Das ist schon fast gespenstisch: Die Deutsche Bank l\u00f6st einen Vertrag \u00fcber eine Veranstaltung des Verbands der Familienunternehmen im kommenden Jahr auf, weil dieser Verband bei der letzten Veranstaltung einen Vertreter der AfD eingeladen hatte.<\/p>\n<p>Ernsthaft. Die Deutsche Bank. Gut, der Spruch aus dem Zweiten Weltkrieg bezog sich auf die damals noch existente Konkurrenz, aber die Deutsche Bank war genauso pr\u00e4sent: &#8222;Hinter jedem deutschen Tank kommt sogleich die Dresdner Bank&#8220; &#8230; Jedenfalls, wollte man die Gr\u00fcnde vollst\u00e4ndig aufz\u00e4hlen, warum die Deutsche Bank keine Eignung zur moralischen Instanz besitzt, man w\u00e4re morgen noch nicht fertig damit. Auch wenn es ihr immer wieder gelingt, so zu tun, als k\u00f6nne sie kein W\u00e4sserchen tr\u00fcben.Zitieren wir doch mal aus dem Wikipedia-Eintrag zum langj\u00e4hrigen Vorstandsvorsitzenden Hermann Josef Abs: &#8222;Abs war im Vorstand der Deutschen Bank mit der <a href=\"https:\/\/epdf.pub\/the-deutsche-bank-and-the-nazi-economic-war-against-the-jews-the-expropriation-o.html\" target=\"_blank\" rel=\"noopener noreferrer\">Arisierung<\/a>\u00a0j\u00fcdischer Banken und Unternehmen betraut.&#8220; Dabei ging es vor allem um \u00d6sterreich und die Tschechoslowakei, denn wir schrieben das Jahr 1938. Au\u00dferdem sa\u00df Abs im Aufsichtsrat der IG\u00a0Farben. Was wom\u00f6glich einer der Gr\u00fcnde war, warum er nach dem Krieg ziemlich glimpflich davonkam und nur drei Monate in Haft verbrachte \u2013 die IG\u00a0Farben hatten schlie\u00dflich w\u00e4hrend des gesamten Krieges mit John Rockefellers Standard Oil kooperiert (woran dann auch eine bekannte Anwaltskanzlei namens Sullivan and Cromwell teilhatte, in der die Gebr\u00fcder Dulles arbeiteten, die sp\u00e4ter\u00a0&#8230; Aber das ist eine lange, andere Geschichte).<\/p>\n<p>Die US-amerikanische Milit\u00e4rbeh\u00f6rde OMGUS (ausgeschrieben Office of Military Government US, Finance Division\u00a0\u2013 B\u00fcro der US-Milit\u00e4rregierung, Finanzabteilung) <a href=\"http:\/\/gelsenzentrum.de\/omgus_deutsche_bank.htm\" target=\"_blank\" rel=\"noopener noreferrer\">wollte<\/a> \u2013 noch vor den N\u00fcrnberger Prozessen \u2013 die Zerschlagung der drei deutschen Gro\u00dfbanken Deutsche, Dresdner und Commerzbank. Die Empfehlung der Ermittler war sehr deutlich:<\/p>\n<p>&#8222;Es wird empfohlen, da\u00df:<br \/>\n1. die Deutsche Bank liquidiert wird,<br \/>\n2. die verantwortlichen Mitarbeiter der Deutschen Bank angeklagt und als Kriegsverbrecher vor Gericht gestellt werden,<br \/>\n3. die leitenden Mitarbeiter der Deutschen Bank von der \u00dcbernahme wichtiger oder verantwortlicher Positionen im wirtschaftlichen und politischen Leben Deutschlands ausgeschlossen werden.&#8220;<\/p>\n<p>Daraus wurde bekanntlich nichts.<\/p>\n<p>Abs jedenfalls hatte unter Konrad Adenauer seine Finger in so ziemlich jedem gro\u00dfen Konzern. Bis 1967 war er Vorstands-, bis 1976 Aufsichtsratsvorsitzender der Deutschen Bank und blieb bis zu seinem Tod 1994 Ehrenvorsitzender. Rund um Abs&#8216; T\u00e4tigkeiten findet sich wirklich alles, was abscheulich ist, bis hin zu Zwangsarbeit und Gold, das von ermordeten Juden stammte. Abs war nie Mitglied der Nazipartei \u2013 aber an der Schnittstelle von Deutscher Bank und IG\u00a0Farben einer der M\u00e4nner, die den Nazis sagten, was sie zu tun h\u00e4tten. Was sich dann, weil er zum K\u00f6lner Bankierskl\u00fcngel geh\u00f6rte, in der Bundesrepublik nahtlos fortsetzte.<\/p>\n<p>Nicht, als w\u00e4re Abs eine Art Ausnahmeph\u00e4nomen. &#8222;Schon im April\u00a01933 begann sie&#8220;, <a href=\"https:\/\/archive.ph\/ioNTM\" target=\"_blank\" rel=\"noopener noreferrer\">schrieb<\/a> der <em>Spiegel<\/em> noch in diesem Jahr \u00fcber die Deutsche Bank w\u00e4hrend der Nazizeit, &#8222;sich von j\u00fcdischen Vorstandsmitgliedern und anderen Angestellten zu trennen.&#8220; Abs war auch gewisserma\u00dfen &#8222;nachger\u00fcckt&#8220; f\u00fcr einen j\u00fcdischen Bankier\u00a0&#8230;<\/p>\n<p>Interessant ist in diesem Umfeld auch ein gewisser Ludwig Freude, Direktor der argentinischen Tochtergesellschaft der Deutschen Bank, der Banco Alem\u00e1n Transatl\u00e1ntico, die sich in vielfacher Hinsicht als <a href=\"https:\/\/www.juedische-allgemeine.de\/juedische-welt\/braune-geldwaesche\/\" target=\"_blank\" rel=\"noopener noreferrer\">n\u00fctzlich<\/a> erweisen sollte, um geraubtes Verm\u00f6gen zu waschen oder auch die Rattenlinie zu finanzieren, die nach der Niederlage vielen Nazis die Flucht nach Lateinamerika erm\u00f6glichte.<\/p>\n<p>Lange her, k\u00f6nnte man sagen, vielleicht hat sich das inzwischen gebessert. Um das zu \u00fcberpr\u00fcfen, muss man nur einen Blick darauf werfen, ob die Deutsche Bank in der j\u00fcngeren Geschichte noch unangenehm aufgefallen ist, abgesehen von ihrem Finanzbedarf in der Finanzkrise 2008\/09.<\/p>\n<p>Die interessanten Informationen hierzu finden sich im Untersuchungsbericht des US-Senats zur Finanzmarktkrise. Es waren n\u00e4mlich nicht nur US-Banken an dem Gesch\u00e4ft mit den vielfach umverpackten, zweifelhaften Hypotheken beteiligt, sondern auch europ\u00e4ische Banken, allen anderen voran: die Deutsche Bank. Im <a href=\"https:\/\/www.spiegel.de\/wirtschaft\/unternehmen\/us-bericht-zur-finanzkrise-ohrfeige-fuer-die-deutsche-raffgierbank-a-757152.html\" target=\"_blank\" rel=\"noopener noreferrer\">Senatsbericht<\/a> ist vor allem von einem Papier namens &#8222;Gemstone\u00a07&#8220; die Rede, &#8222;einer alles andere als edlen, von der Deutschen Bank garantierte CDO&#8220;, ausgegeben im M\u00e4rz\u00a02007 zu einem Wert von 1,1\u00a0Milliarden US-Dollar. Tats\u00e4chlich war die Deutsche Bank damals unter den f\u00fcnf gr\u00f6\u00dften Anbietern dieser verschachtelten Hypothekenpapiere. &#8222;Die Bank verkaufte minderwertige Anlagen&#8220;, hei\u00dft es im Bericht, die sie &#8222;aggressiv vermarktet&#8220; habe. Was sich im Bericht au\u00dferdem findet: interne Mails der Deutschen Bank, in denen die Beteiligten zugeben, wissentlich &#8222;Schrott&#8220; verkauft zu haben.<\/p>\n<p>Gemstone\u00a07 war &#8222;eine von 47 CDOs im Wert von 32\u00a0Milliarden Dollar, die die Deutsche Bank von 2004 bis 2008 garantierte. Mit Gemstone 7 allein habe die Deutsche Bank 4,7\u00a0Millionen Dollar Geb\u00fchren einkassiert.&#8220; Inhalt von Gemstone\u00a07: 115 verschiedene, selbst bereits geb\u00fcndelte Anleihen mit Ratings von BBB abw\u00e4rts.<\/p>\n<p>Obwohl sowohl die US-Regierung als auch die Bundesregierung Hunderte Milliarden aufwandten, um einen v\u00f6lligen Zusammenbruch der Banken zu verhindern, den man damals f\u00fcr zu gef\u00e4hrlich hielt, wurde nie ein Beteiligter vor Gericht gestellt. Auch der Verdacht, dass eine weitere Bank, die deutsche IKB-Bank, wom\u00f6glich durch eben diese von der Deutschen Bank ausgegebenen Schrottpapiere in Schwierigkeiten geraten war, wurde trotz einer entsprechenden Bundestagsanfrage nie gekl\u00e4rt \u2013 die Antwort war so geheim, dass sie nie \u00f6ffentlich wurde.<\/p>\n<p>Aber gut, auch das liegt schon mehr als 15\u00a0Jahre zur\u00fcck, man k\u00f6nnte also zumindest annehmen, dass viele der damals Verantwortlichen heute nicht mehr dabei sind. \u00dcbrigens, nachdem die Finanzmarktkrise damals unter anderem den internationalen Handel monatelang fast komplett zum Stillstand gebracht hatte, wurde mit verschiedenen Methoden versucht, herauszufinden, welche Banken im sehr vernetzten System der westlichen Finanzwirtschaft die gef\u00e4hrlichsten sind. Die Frage schien wichtig, weil Lehman Brothers, deren Bankrott damals aus dem zuvor schon sichtbaren Br\u00f6ckeln die gro\u00dfe Krise gemacht hatte, mitnichten die gr\u00f6\u00dfte US-Bank war\u00a0\u2013 aber eine der bestvernetzten. Das Ergebnis der damaligen Untersuchung war, dass belgische Banken weltweit die h\u00f6chsten Risiken erzeugen, aber nach ihnen gleich die Deutsche Bank kommt. Die \u00fcbrigens \u00fcber viele Jahre hinweg auch noch den weltweiten Rekord an Derivaten hielt.<\/p>\n<p>Keine Sorge, der Laden ist sich selbst treu geblieben. Aktuell wird gerade ein Verfahren gegen die Bank <a href=\"https:\/\/rp-online.de\/wirtschaft\/neue-anklagen-bei-cum-ex-kommen-deutsche-bank-und-westlb-im-visier_aid-123331007\" target=\"_blank\" rel=\"noopener noreferrer\">vorbereitet<\/a>\u00a0\u2013 wegen Cum-Ex. Diese Masche, \u00fcber die Million\u00e4re mithilfe ihrer Hausbanken den Staat (und damit die Steuerzahler) insgesamt um mindestens 36\u00a0Milliarden Euro erleichterten. W\u00e4re ja auch kaum vorstellbar, wenn ein solches Gesch\u00e4ft ohne die Deutsche Bank stattgefunden h\u00e4tte, die immerhin, nach dem Verschwinden von Dresdner und Commerzbank, ganz allein die Last des historischen Erbes deutscher Gro\u00dfbanken tr\u00e4gt.<\/p>\n<p>Und auch Cum-Ex ist mit Sicherheit noch nicht alles. Da gibt es eine Zweigniederlassung, die sicher auch interessante Gesch\u00e4fte get\u00e4tigt hat: &#8222;1993 war die Deutsche Bank AG eine der ersten internationalen Bankgruppen, die ein Vertretungsb\u00fcro in Kiew er\u00f6ffneten&#8220;, hei\u00dft es auf der Website der Bank. Aktuell kursiert die Frage, ob sie nicht in Gesch\u00e4fte der ukrainischen PrivatBank und die dortige Korruption verwickelt ist; der Eigent\u00fcmer dieser Bank, Igor Kolomoiski (erst F\u00f6rderer, dann Konkurrent von Wladimir Selenskij), war auch der Mann, der die Neonaziformation Asow gro\u00df gemacht hat, die nach Ergebnis einer Bundestagsanfrage von 2015 zumindest damals eine &#8222;Kontoverbindung f\u00fcr Spendenzwecke zu einer deutschen Bank&#8220; hatte, bei der es sich wahrscheinlich eben um die Deutsche handelt.<\/p>\n<p>Der AfD-Vertreter, der im Oktober zu der Veranstaltung des Verbands der Familienunternehmer im Atrium der Deutschen Bank Unter den Linden eingeladen worden war, ist der wirtschaftspolitische Sprecher Leif-Erik Holm. Dem Mecklenburger wurde bislang nicht einmal ein besonders b\u00f6ses Zitat vorgeworfen. Aber er hat tats\u00e4chlich Volkswirtschaft studiert. Er war auch mitnichten der einzige Gast des Abends; dieser wurde, so die Presseberichte, als &#8222;parlamentarischer Abend&#8220; tituliert, es ging also um einen Termin, f\u00fcr den an Vertreter aller Fraktionen Einladungen geschickt wurden.<\/p>\n<p>Und ausgerechnet die Deutsche Bank, die einst die Kredite der Nazi-Aufr\u00fcstung abwickelte und in allen Jahrzehnten danach kriminellen Gesch\u00e4ften nicht abgeneigt war, steigt aufs ganz hohe Ross und k\u00fcndigt einen popeligen Veranstaltungsvertrag wegen der Anwesenheit eines einzigen AfD-Vertreters auf einer Veranstaltung. Das ist ungef\u00e4hr so, als w\u00fcrde ein Mafiaboss einen Kneipenwirt verklagen, weil dieser einem Gast erlaubt hatte, gegen das Rauchverbot zu versto\u00dfen. Man kann ja geteilter Meinung dar\u00fcber sein, ob man die AfD f\u00fcr gef\u00e4hrlich h\u00e4lt oder nicht. Aber eines ist ziemlich eindeutig: Die Deutsche Bank ist es. Ohne Zweifel. \u00dcber all die Jahrzehnte seit ihrer Gr\u00fcndung im Jahr 1870 hinweg. &#8222;Hinter jedem deutschen Tank&#8220;\u00a0&#8230;<\/p>\n<p style=\"text-align: right;\"><em>Dagmar Henn ist Mitglied des Deutschen Freidenker-Verbandes<\/em><\/p>\n<hr \/>\n<p><span style=\"font-size: 10pt;\">Teilansicht des Geb\u00e4udekomplexes Unter den Linden 13\/15 in Berlin, Sitz der Filiale Berlin-Unter den Linden der Deutschen Bank<\/span><br \/>\n<span style=\"font-size: 10pt;\">Foto: Beek100, <a href=\"https:\/\/creativecommons.org\/licenses\/by-sa\/3.0\" target=\"_blank\" rel=\"noopener\">CC BY-SA 3.0<\/a><\/span><br \/>\n<span style=\"font-size: 10pt;\">Quelle: <a href=\"https:\/\/commons.wikimedia.org\/w\/index.php?curid=7049256\" target=\"_blank\" rel=\"noopener\">https:\/\/commons.wikimedia.org\/w\/index.php?curid=7049256<\/a><\/span><\/p>\n","protected":false},"excerpt":{"rendered":"<p><b>Beitrag von Dagmar Henn<\/b><br \/>\nDas ist schon fast gespenstisch: Die Deutsche Bank l\u00f6st einen Vertrag \u00fcber eine Veranstaltung des Verbands der Familienunternehmen im kommenden Jahr auf, weil dieser Verband bei der letzten Veranstaltung einen Vertreter der AfD eingeladen hatte. Ernsthaft. Die Deutsche Bank. Gut, der Spruch aus dem Zweiten Weltkrieg bezog sich auf die damals noch existente Konkurrenz, aber die Deutsche Bank war genauso pr\u00e4sent: &#8222;Hinter jedem deutschen Tank kommt sogleich die Dresdner Bank&#8220;\u00a0&#8230; Jedenfalls, wollte man die Gr\u00fcnde vollst\u00e4ndig aufz\u00e4hlen, warum die Deutsche Bank keine Eignung zur moralischen Instanz besitzt, man w\u00e4re morgen noch nicht fertig damit. Auch wenn es ihr immer wieder gelingt, so zu tun, als k\u00f6nne sie kein W\u00e4sserchen tr\u00fcben.<\/p>\n","protected":false},"author":3,"featured_media":23686,"comment_status":"closed","ping_status":"closed","sticky":false,"template":"","format":"standard","meta":{"colormag_page_container_layout":"default_layout","colormag_page_sidebar_layout":"default_layout","advanced_seo_description":"","jetpack_seo_html_title":"","jetpack_seo_noindex":false,"jetpack_post_was_ever_published":false,"footnotes":""},"categories":[12],"tags":[2147,1031,2906,1398,1693,409,2466,2905,263,757,746,1815,1050],"class_list":["post-23684","post","type-post","status-publish","format-standard","has-post-thumbnail","hentry","category-demokratie-medien-aufklaerung","tag-adenauer","tag-afd","tag-arisierung","tag-aufruestung","tag-banken","tag-berlin","tag-brandmauer","tag-deutsche-bank","tag-finanzkrise","tag-judenvernichtung","tag-kriegsverbrechen","tag-selenskyj","tag-veranstaltung"],"jetpack_featured_media_url":"https:\/\/i0.wp.com\/www.freidenker.org\/fw17\/wp-content\/uploads\/2025\/11\/Berlin_Mitte_Unter_den_Linden_Deutsche_Guggenheim_01_800x450.jpg?fit=800%2C450&ssl=1","jetpack_shortlink":"https:\/\/wp.me\/p9stpK-6a0","jetpack-related-posts":[{"id":18049,"url":"https:\/\/www.freidenker.org\/?p=18049","url_meta":{"origin":23684,"position":0},"title":"Offener Brief an pax christi","author":"Webredaktion","date":"29. Januar 2024","format":false,"excerpt":"Am 26.01.2024 verteilte die katholische Friedensorganisation \"pax christi\" eine E-Mail mit folgendem Inhalt: pax christi - Deutsche Sektion e.V. ruft mit auf: Schlie\u00df dich der Brandmauer gegen Rechts an!\u00a0Gegen Spaltung - F\u00fcr Demokratie Jetzt sind wir alle gefragt: Es ist unsere gemeinsame Verantwortung, als Zivilgesellschaft ein solidarisches Miteinander zu verteidigen.\u2026","rel":"","context":"In &quot;Frieden - Antifaschismus - Solidarit\u00e4t&quot;","block_context":{"text":"Frieden - Antifaschismus - Solidarit\u00e4t","link":"https:\/\/www.freidenker.org\/?cat=13"},"img":{"alt_text":"","src":"https:\/\/i0.wp.com\/www.freidenker.org\/fw17\/wp-content\/uploads\/2024\/01\/Plakat_auf_der_Demo_-Gemeinsam_gegen_Rechts-_08_800x450.jpg?fit=800%2C450&ssl=1&resize=350%2C200","width":350,"height":200,"srcset":"https:\/\/i0.wp.com\/www.freidenker.org\/fw17\/wp-content\/uploads\/2024\/01\/Plakat_auf_der_Demo_-Gemeinsam_gegen_Rechts-_08_800x450.jpg?fit=800%2C450&ssl=1&resize=350%2C200 1x, https:\/\/i0.wp.com\/www.freidenker.org\/fw17\/wp-content\/uploads\/2024\/01\/Plakat_auf_der_Demo_-Gemeinsam_gegen_Rechts-_08_800x450.jpg?fit=800%2C450&ssl=1&resize=525%2C300 1.5x, https:\/\/i0.wp.com\/www.freidenker.org\/fw17\/wp-content\/uploads\/2024\/01\/Plakat_auf_der_Demo_-Gemeinsam_gegen_Rechts-_08_800x450.jpg?fit=800%2C450&ssl=1&resize=700%2C400 2x"},"classes":[]},{"id":17901,"url":"https:\/\/www.freidenker.org\/?p=17901","url_meta":{"origin":23684,"position":1},"title":"Die Demokratie und ihre Feinde","author":"Webredaktion","date":"20. Januar 2024","format":false,"excerpt":"Deutsche Medien zum \"Vertreibungsplan\" der AfD Beitrag von Gert Ewen Ungar Am Mittwoch [10.01.2024] titelte die Tagesschau\u00a0\"AfD-Politiker diskutieren offenbar Vertreibungsplan\". Was sich daran im Beitrag anschlie\u00dft, f\u00e4llt unter den Begriff Hetze und Desinformation. Die Tagesschau ist damit nicht allein, denn es handelt sich bei der aktuellen Agitation gegen die AfD\u2026","rel":"","context":"In &quot;Demokratie \u2013 Medien \u2013 Aufkl\u00e4rung&quot;","block_context":{"text":"Demokratie \u2013 Medien \u2013 Aufkl\u00e4rung","link":"https:\/\/www.freidenker.org\/?cat=12"},"img":{"alt_text":"","src":"https:\/\/i0.wp.com\/www.freidenker.org\/fw17\/wp-content\/uploads\/2024\/01\/Potsdam-Neu_Fahrland_AmLehnitzsee1_800x450.jpg?fit=800%2C450&ssl=1&resize=350%2C200","width":350,"height":200,"srcset":"https:\/\/i0.wp.com\/www.freidenker.org\/fw17\/wp-content\/uploads\/2024\/01\/Potsdam-Neu_Fahrland_AmLehnitzsee1_800x450.jpg?fit=800%2C450&ssl=1&resize=350%2C200 1x, https:\/\/i0.wp.com\/www.freidenker.org\/fw17\/wp-content\/uploads\/2024\/01\/Potsdam-Neu_Fahrland_AmLehnitzsee1_800x450.jpg?fit=800%2C450&ssl=1&resize=525%2C300 1.5x, https:\/\/i0.wp.com\/www.freidenker.org\/fw17\/wp-content\/uploads\/2024\/01\/Potsdam-Neu_Fahrland_AmLehnitzsee1_800x450.jpg?fit=800%2C450&ssl=1&resize=700%2C400 2x"},"classes":[]},{"id":17072,"url":"https:\/\/www.freidenker.org\/?p=17072","url_meta":{"origin":23684,"position":2},"title":"Bj\u00f6rn H\u00f6cke und die AfD &#8211; Neue faschistische Gefahr?!","author":"Webredaktion","date":"25. September 2023","format":false,"excerpt":"Vortr\u00e4ge und Diskussion mit Wolfgang Veiglhuber und Prof. Dr. Klaus Weber Dienstag 26.09.2023, 19:00 Uhr, M\u00fcnchner Aidshilfe, Lindwurmstra\u00dfe 71, 80337 M\u00fcnchen H\u00f6ckes \u00bbsoziale\u00ab und \u00f6konomische Schwerpunkte liegen auf dem Lob der deutschen Marktwirtschaft (mit \u00bbschaffendem Kapital\u00ab gegen einen \u00bbinternationalen Kapitalismus\u00ab) sowie auf der Idee eines homogenen Volkes. Dieses deutsche Volk\u2026","rel":"","context":"In &quot;Veranstaltungen in den DFV-Landesverb\u00e4nden&quot;","block_context":{"text":"Veranstaltungen in den DFV-Landesverb\u00e4nden","link":"https:\/\/www.freidenker.org\/?cat=19"},"img":{"alt_text":"","src":"https:\/\/i0.wp.com\/www.freidenker.org\/fw17\/wp-content\/uploads\/2023\/09\/Hoecke_Veranst_Muenchen.jpg?fit=800%2C450&ssl=1&resize=350%2C200","width":350,"height":200,"srcset":"https:\/\/i0.wp.com\/www.freidenker.org\/fw17\/wp-content\/uploads\/2023\/09\/Hoecke_Veranst_Muenchen.jpg?fit=800%2C450&ssl=1&resize=350%2C200 1x, https:\/\/i0.wp.com\/www.freidenker.org\/fw17\/wp-content\/uploads\/2023\/09\/Hoecke_Veranst_Muenchen.jpg?fit=800%2C450&ssl=1&resize=525%2C300 1.5x, https:\/\/i0.wp.com\/www.freidenker.org\/fw17\/wp-content\/uploads\/2023\/09\/Hoecke_Veranst_Muenchen.jpg?fit=800%2C450&ssl=1&resize=700%2C400 2x"},"classes":[]},{"id":17166,"url":"https:\/\/www.freidenker.org\/?p=17166","url_meta":{"origin":23684,"position":3},"title":"Milit\u00e4r gegen die Arbeiterregierung in Th\u00fcringen und Sachsen &#8211; 100 Jahre Reichsexekution","author":"Webredaktion","date":"4. Oktober 2023","format":false,"excerpt":"Rede von Sebastian Bahlo Der Deutsche Freidenker-Verband Th\u00fcringen erinnerte in Kooperation mit der Rosa-Luxemburg-Stiftung an die gewaltsame Beseitigung der Landesregierungen in Th\u00fcringen und Sachsen auf Befehl des Reichspr\u00e4sidenten Friedrich Ebert vor hundert Jahren. Die Veranstaltung fand am 30. September im Kulturhaus \"Mon Ami\" in Weimar statt. Die Landesvorsitzende der Th\u00fcringer\u2026","rel":"","context":"In &quot;Demokratie \u2013 Medien \u2013 Aufkl\u00e4rung&quot;","block_context":{"text":"Demokratie \u2013 Medien \u2013 Aufkl\u00e4rung","link":"https:\/\/www.freidenker.org\/?cat=12"},"img":{"alt_text":"","src":"https:\/\/i0.wp.com\/www.freidenker.org\/fw17\/wp-content\/uploads\/2023\/10\/100_Jahre_Reichsexekution_Praesidium_800x450.jpg?fit=800%2C450&ssl=1&resize=350%2C200","width":350,"height":200,"srcset":"https:\/\/i0.wp.com\/www.freidenker.org\/fw17\/wp-content\/uploads\/2023\/10\/100_Jahre_Reichsexekution_Praesidium_800x450.jpg?fit=800%2C450&ssl=1&resize=350%2C200 1x, https:\/\/i0.wp.com\/www.freidenker.org\/fw17\/wp-content\/uploads\/2023\/10\/100_Jahre_Reichsexekution_Praesidium_800x450.jpg?fit=800%2C450&ssl=1&resize=525%2C300 1.5x, https:\/\/i0.wp.com\/www.freidenker.org\/fw17\/wp-content\/uploads\/2023\/10\/100_Jahre_Reichsexekution_Praesidium_800x450.jpg?fit=800%2C450&ssl=1&resize=700%2C400 2x"},"classes":[]},{"id":17775,"url":"https:\/\/www.freidenker.org\/?p=17775","url_meta":{"origin":23684,"position":4},"title":"M\u00fcntefering: Nationalismus ist, wenn man sich um das eigene Land k\u00fcmmert","author":"Webredaktion","date":"7. Januar 2024","format":false,"excerpt":"Beitrag von Dagmar Henn Erinnert sich noch jemand an Franz M\u00fcntefering, Generalsekret\u00e4r der SPD unter Gerhard Schr\u00f6der? Jener M\u00fcntefering, der unter der Regierung Kohl st\u00e4ndig von den sozialen Problemen sprach, um dann an der Regierung Hartz IV durchsetzen zu helfen? Eigentlich eine Gestalt der Vergangenheit; nun hat aber die S\u00fcddeutsche\u2026","rel":"","context":"In &quot;Arbeit &amp; Soziales&quot;","block_context":{"text":"Arbeit &amp; Soziales","link":"https:\/\/www.freidenker.org\/?cat=11"},"img":{"alt_text":"","src":"https:\/\/i0.wp.com\/www.freidenker.org\/fw17\/wp-content\/uploads\/2024\/01\/Franz_Muentefering_at_Frankfurt_Book_Fair_2018_800x450.jpg?fit=800%2C450&ssl=1&resize=350%2C200","width":350,"height":200,"srcset":"https:\/\/i0.wp.com\/www.freidenker.org\/fw17\/wp-content\/uploads\/2024\/01\/Franz_Muentefering_at_Frankfurt_Book_Fair_2018_800x450.jpg?fit=800%2C450&ssl=1&resize=350%2C200 1x, https:\/\/i0.wp.com\/www.freidenker.org\/fw17\/wp-content\/uploads\/2024\/01\/Franz_Muentefering_at_Frankfurt_Book_Fair_2018_800x450.jpg?fit=800%2C450&ssl=1&resize=525%2C300 1.5x, https:\/\/i0.wp.com\/www.freidenker.org\/fw17\/wp-content\/uploads\/2024\/01\/Franz_Muentefering_at_Frankfurt_Book_Fair_2018_800x450.jpg?fit=800%2C450&ssl=1&resize=700%2C400 2x"},"classes":[]},{"id":18154,"url":"https:\/\/www.freidenker.org\/?p=18154","url_meta":{"origin":23684,"position":5},"title":"Warum die Kampagne \u201egegen Rechts\u201c erstens orchestriert und zweitens verlogen ist","author":"Webredaktion","date":"12. Februar 2024","format":false,"excerpt":"Beitrag von Thomas R\u00f6per Ich werde in Russland derzeit \u00f6fter von verschiedenen Medien um Interviews gebeten, denn die Entwicklungen in Deutschland interessieren auch die Menschen in Russland. Eine Frage, die mir dabei immer wieder gestellt wird, ist, wie die deutsche \u00d6ffentlichkeit \u00fcber dieses oder jenes denkt. Und da muss ich\u2026","rel":"","context":"In &quot;Demokratie \u2013 Medien \u2013 Aufkl\u00e4rung&quot;","block_context":{"text":"Demokratie \u2013 Medien \u2013 Aufkl\u00e4rung","link":"https:\/\/www.freidenker.org\/?cat=12"},"img":{"alt_text":"","src":"https:\/\/i0.wp.com\/www.freidenker.org\/fw17\/wp-content\/uploads\/2024\/02\/ard-propaganda1_800x450.jpg?fit=800%2C450&ssl=1&resize=350%2C200","width":350,"height":200,"srcset":"https:\/\/i0.wp.com\/www.freidenker.org\/fw17\/wp-content\/uploads\/2024\/02\/ard-propaganda1_800x450.jpg?fit=800%2C450&ssl=1&resize=350%2C200 1x, https:\/\/i0.wp.com\/www.freidenker.org\/fw17\/wp-content\/uploads\/2024\/02\/ard-propaganda1_800x450.jpg?fit=800%2C450&ssl=1&resize=525%2C300 1.5x, https:\/\/i0.wp.com\/www.freidenker.org\/fw17\/wp-content\/uploads\/2024\/02\/ard-propaganda1_800x450.jpg?fit=800%2C450&ssl=1&resize=700%2C400 2x"},"classes":[]}],"_links":{"self":[{"href":"https:\/\/www.freidenker.org\/index.php?rest_route=\/wp\/v2\/posts\/23684","targetHints":{"allow":["GET"]}}],"collection":[{"href":"https:\/\/www.freidenker.org\/index.php?rest_route=\/wp\/v2\/posts"}],"about":[{"href":"https:\/\/www.freidenker.org\/index.php?rest_route=\/wp\/v2\/types\/post"}],"author":[{"embeddable":true,"href":"https:\/\/www.freidenker.org\/index.php?rest_route=\/wp\/v2\/users\/3"}],"replies":[{"embeddable":true,"href":"https:\/\/www.freidenker.org\/index.php?rest_route=%2Fwp%2Fv2%2Fcomments&post=23684"}],"version-history":[{"count":4,"href":"https:\/\/www.freidenker.org\/index.php?rest_route=\/wp\/v2\/posts\/23684\/revisions"}],"predecessor-version":[{"id":23689,"href":"https:\/\/www.freidenker.org\/index.php?rest_route=\/wp\/v2\/posts\/23684\/revisions\/23689"}],"wp:featuredmedia":[{"embeddable":true,"href":"https:\/\/www.freidenker.org\/index.php?rest_route=\/wp\/v2\/media\/23686"}],"wp:attachment":[{"href":"https:\/\/www.freidenker.org\/index.php?rest_route=%2Fwp%2Fv2%2Fmedia&parent=23684"}],"wp:term":[{"taxonomy":"category","embeddable":true,"href":"https:\/\/www.freidenker.org\/index.php?rest_route=%2Fwp%2Fv2%2Fcategories&post=23684"},{"taxonomy":"post_tag","embeddable":true,"href":"https:\/\/www.freidenker.org\/index.php?rest_route=%2Fwp%2Fv2%2Ftags&post=23684"}],"curies":[{"name":"wp","href":"https:\/\/api.w.org\/{rel}","templated":true}]}}