{"id":23646,"date":"2025-11-29T02:37:07","date_gmt":"2025-11-29T01:37:07","guid":{"rendered":"https:\/\/www.freidenker.org\/?p=23646"},"modified":"2025-12-18T00:21:29","modified_gmt":"2025-12-17T23:21:29","slug":"europas-zentrale-rolle-oder-wer-welchen-wiederaufbau-zahlen-sollte","status":"publish","type":"post","link":"https:\/\/www.freidenker.org\/?p=23646","title":{"rendered":"Europas zentrale Rolle oder: Wer welchen Wiederaufbau zahlen sollte"},"content":{"rendered":"<p><strong>Wehe den Besiegten, hie\u00df es in der Antike, aber die EU-Politiker sehen das ganz anders. Sie sind \u00fcberzeugt, Bedingungen stellen zu k\u00f6nnen. Allerdings \u2013 wenn man die Rolle der EU genau betrachtet, k\u00f6nnte man auch zu ganz anderen Schlussfolgerungen kommen. <\/strong><\/p>\n<p><em>Von <strong>Dagmar Henn<\/strong><\/em><\/p>\n<p><span style=\"font-size: 10pt;\">Erstver\u00f6ffentlichung am 26.11.2025 auf\u00a0 <a href=\"https:\/\/freedert.online\/meinung\/262758-europas-zentrale-rolle-oder-wer\/\" target=\"_blank\" rel=\"noopener\">RT DE<\/a><\/span><\/p>\n<div class=\"EmbedBlock-root EmbedBlock-all\">\n<div class=\"AllEmbed\"><iframe loading=\"lazy\" title=\"Europas zentrale Rolle oder: Wer welchen Wiederaufbau zahlen sollte\" src=\"https:\/\/www.podbean.com\/player-v2\/?i=3f35q-19d4781-pb&amp;from=pb6admin&amp;share=1&amp;download=1&amp;rtl=0&amp;fonts=Arial&amp;skin=f6f6f6&amp;font-color=&amp;logo_link=episode_page&amp;btn-skin=7\" width=\"100%\" height=\"150\" scrolling=\"no\" data-name=\"pb-iframe-player\" data-mce-fragment=\"1\"><\/iframe><\/div>\n<\/div>\n<p>Ja, da bin ich auch f\u00fcr. &#8222;Die zentrale Rolle der Europ\u00e4ischen Union bei der Sicherung des Friedens f\u00fcr die Ukraine muss sich voll und ganz widerspiegeln&#8220;. Wie das EU-Kommissionspr\u00e4sidentin Ursula von der Leyen verlangt. Vorausgesetzt nat\u00fcrlich, der Spiegel ist gro\u00df genug (und damit meine ich nicht das einstige Investigativblatt aus Hamburg).<\/p>\n<p>Immerhin, diese zentrale Rolle beginnt schon ganz am Anfang. N\u00e4mlich mit dem Ultimatum, das die EU 2013 an den ukrainischen Pr\u00e4sidenten Janukowitsch stellte, sich f\u00fcr oder gegen das Assoziierungsabkommen zu entscheiden, als dieser (auf Druck aus der Opposition) beschloss, den Entwurf dieses Abkommens doch noch mal zu pr\u00fcfen. Das war dann der Ausl\u00f6ser f\u00fcr den Maidan, und wie diese Geschichte endete, ist bekannt: mit einem gewaltsamen Umsturz. Aber ohne dieses Ultimatum w\u00e4re das ganze Spiel nie er\u00f6ffnet worden. Schlie\u00dflich musste man den B\u00fcrgern in den EU-L\u00e4ndern erz\u00e4hlen k\u00f6nnen, die teils sehr seltsamen Gestalten dort auf dem Kiewer Platz wollten nur &#8222;nach Europa&#8220;. Das eine oder andere kleine Hakenkreuz (oder ein f\u00fcnf Meter gro\u00dfes Bandera-Portr\u00e4t direkt rechts neben der Hauptb\u00fchne) kann man da schon mal \u00fcbersehen.<\/p>\n<p>Es ist schwer zu kl\u00e4ren, wer da die Nase tiefer drin hatte; sicher ist nur, die deutsche war die erste, was den ganzen Rest der EU dann automatisch mitnimmt. Schlie\u00dflich wurden schon 1992 die in M\u00fcnchen zwischengelagerten Truppen zur\u00fcck in die Ukraine geschickt, um den alten Kooperationspartner dort wiederauferstehen zu lassen.<\/p>\n<p>Klar, Gro\u00dfbritannien beispielsweise, das immerhin auch keine kleine Rolle darin spielte, den Frieden in der Ukraine zu zerst\u00f6ren, ist derzeit nicht mehr Mitglied im Br\u00fcsseler Club \u2013 war es aber noch, als die ganze Nummer ausgekocht und in Marsch gesetzt wurde. Und der aktuelle, herzlich verhasste Premierminister Keir Starmer w\u00e4re lieber heute als morgen zur\u00fcck in Br\u00fcssel. Doch zugegeben, Ex-Premier Boris Johnson, der damals Selenskij dazu brachte, die Verhandlungen in Istanbul abzubrechen, machte das ganz ohne EU-Beteiligung.<\/p>\n<p>Oder auch nicht. Schlie\u00dflich traten sie wenige Tage sp\u00e4ter alle an, um die Inszenierung von Butscha ab- und aufzunehmen (wozu doch vor kurzem erst erkl\u00e4rt wurde, sie w\u00fcssten nun, welcher russische Kommandeur schuld sei \u2013 aber die Namen der Toten immer noch nicht), und so ging es all die Jahre weiter. Mit den Sanktionen, mit dem Bespielen der einzelnen Motive, also nach Butscha das Theater von Mariupol, oder der angebliche russische Beschuss des Kernkraftwerks von Energodar \u2013 da passte kein Blatt Papier dazwischen, als h\u00e4tte es nie einen Brexit gegeben.<\/p>\n<p>Wobei es \u00fcbrigens der damalige deutsche Au\u00dfenminister Frank-Walter Steinmeier war, der 2014 als Erster den Begriff &#8222;territoriale Integrit\u00e4t&#8220; ausgegraben hatte. Ich wunderte mich noch, wo er das wieder herhat, deshalb erinnere ich mich noch daran. Es d\u00fcrfte die Historiker k\u00fcnftiger Jahrzehnte noch gut besch\u00e4ftigen, herauszufinden, was wann wo angefangen und an wen weitergegeben wurde; aber letzten Endes verhielt sich die ganze EU wie ein Schwarm Papageien.<\/p>\n<p>Und Kommissionspr\u00e4sidentin von der Leyen ist auch noch ganz pers\u00f6nlich beteiligt. Sie wollte immerhin schon 2014 mit deutschen Truppen in der Ukraine eingreifen, im B\u00fcrgerkrieg, aufseiten Kiews. Sicher immer mit dabei ihr damaliger Adjutant Christian Freuding. Es ist nicht so, als h\u00e4tte sie nicht bereits in ihrer Zeit als deutsche Verteidigungsministerin zu erkennen gegeben, dass sich ihre Friedenstauglichkeit in engen Grenzen h\u00e4lt. Sie in Br\u00fcssel zu inthronisieren war insofern von Anfang an Programm.<\/p>\n<p>Gewiss, die USA waren auch massiv beteiligt, siehe Victoria Nulands Aussage von den f\u00fcnf Milliarden, die man in der Ukraine investiert habe (wetten, die wurden inzwischen mehrfach wieder herausgezogen). Und sie hatten klar, mindestens bis zum Amtsantritt von Donald Trump, das Kommando inne. Seitdem muss man jede Woche neu nachdenken, ob das nur ein schlechtes Theaterst\u00fcck ist oder die Differenzen echt sind.<\/p>\n<p>Wobei eigentlich all jene, die in \u00f6ffentlich-rechtlichen Sendern oder in den deutschen Leitmedien \u00fcber diesen tollen &#8222;Friedensplan&#8220; der EU informiert wurden, Geld zur\u00fcckverlangen k\u00f6nnen m\u00fcssten. Schlie\u00dflich l\u00e4uft da seit fast vier Jahren dieselbe Leier, auch wenn die K\u00f6pfe in den Talkshows brav durchrotiert werden und ab und zu mal ein anderer Politiker die Spr\u00fcche aufsagen darf. Nein, keine territorialen Zugest\u00e4ndnisse, Ukraine in die NATO und auch die M\u00f6glichkeit, fremde Truppen dort zu stationieren&#8230; und ein Milit\u00e4r von 600.000 Mann ist selbstverst\u00e4ndlich nicht genug. (\u00dcbrigens eine \u00fcberaus interessante Reaktion, vor allem, wenn sie von Deutschen kommt. Denn da gibt es diesen b\u00f6sen alten Vertrag, wonach Deutschland h\u00f6chstens 370.000 Soldaten haben darf, Sie wissen schon, der mit &#8222;von deutschem Boden soll nur Frieden ausgehen&#8220;.)<\/p>\n<p>Das h\u00f6rt vermutlich nicht einmal dann auf, wenn die russische Armee l\u00e4ngst mitten in Kiew steht. Sie werden sich dann eben regelm\u00e4\u00dfig mit den rechtzeitig ins Ausland gefl\u00fcchteten Pl\u00fcnderern mit oder ohne Selenskij versammeln, die sie zur &#8222;ukrainischen Exilregierung&#8220; aufgeblasen haben, und weiter das Mantra von der &#8222;territorialen Integrit\u00e4t&#8220; und der &#8222;Entscheidungsfreiheit&#8220; singen. Ja, vielleicht f\u00fchren sie sogar einen &#8222;Ukraine-Tag&#8220; im Kalender ein, an dem dann die ganzen blau-gelben Fahnen reaktiviert und auf westeurop\u00e4ische Fahnenstangen gehisst werden.<\/p>\n<p>Man k\u00f6nnte glauben, es handele sich um ein fundamentales Missverst\u00e4ndnis. Weil auch immer wiederholt wird, es d\u00fcrfe nicht sein, dass Russland bek\u00e4me, was es wolle. Nicht, als w\u00e4re nicht auch der B\u00fcrgerkrieg im Donbass ab 2014 der Clausewitzschen Definition gefolgt, nach der &#8222;Krieg [&#8230;] ein Akt der Gewalt&#8220; sei, &#8222;um den Gegner zur Erf\u00fcllung unseres Willens zu zwingen&#8220;. Der von Kiewer Seite vertretene Willen bedeutete Unterordnung unter die westliche Strategie und die Bandera-Ideologie, aber der Versuch war zweimal, im Sommer 2014 und im Fr\u00fchjahr 2015, erfolglos. Weshalb der dritte Anlauf im Februar 2022 so viel massiver ausfallen sollte, dem dann die russische Armee zuvorkam.<\/p>\n<p>Nun, der Wille der Gegenseite liegt l\u00e4ngst auf dem Tisch, mit dem nicht abgeschlossenen Dokument von Istanbul und einigen Erg\u00e4nzungen, die seitdem f\u00e4llig geworden sind; und wenn es darum geht, wer wem seinen Willen aufzwingt, so ist das \u00fcblicherweise der Sieger einer milit\u00e4rischen Auseinandersetzung dem Verlierer. Wenn Bayern die Tabelle am Saisonende anf\u00fchrt, geht die Schale auch nicht nach Leverkusen; Verzeihung f\u00fcr den ethisch unangemessenen Vergleich, aber ich f\u00fcrchte, f\u00fcr die EU-Eliten muss man das so weit runterbrechen. Zugegeben, gegen\u00fcber der Bev\u00f6lkerungsmehrheit in der EU gelingt es, die ganze Vorgeschichte so weit zu verschweigen, dass immer noch nicht die M\u00e4nner mit den lang\u00e4rmligen wei\u00dfen Jacken geholt werden, wenn sie wieder mal einen Satz mit &#8222;die Ukraine muss&#8220; anfangen; aber vielleicht, ja hoffentlich, kommen irgendwann diese anderen M\u00e4nner mit den metallenen Armb\u00e4ndern, und bringen sie dorthin, wo die Luft gut gesiebt ist.<\/p>\n<p>Tats\u00e4chlich hatte sich ein &#8222;ehemaliger franz\u00f6sischer Regierungsvertreter&#8220;, so die <em>Welt<\/em>, vor allem \u00fcber einen Punkt in Trumps Plan echauffiert: dar\u00fcber, dass die eingefrorenen russischen Guthaben nicht der EU zur Verf\u00fcgung stehen sollen. &#8222;Die Europ\u00e4er verausgaben sich, um eine tragf\u00e4hige L\u00f6sung zu finden, wie die Verm\u00f6gen zum Nutzen der Ukrainer eingesetzt werden k\u00f6nnen, und Trump will daraus Profit schlagen.&#8220;<\/p>\n<p>Ja, es geht ums Geld. Nicht um solchen Krimskrams wie eine russische Teilnahme bei den G8. Ich w\u00fcrde vermuten, dieser Punkt, den selbst die EU nicht \u00e4ndern wollte, hat im russischen Pr\u00e4sidialamt schallendes Gel\u00e4chter ausgel\u00f6st, und irgendwo hinter einem Schreibtisch war dann vermutlich zu h\u00f6ren: &#8222;Bin ich froh, dass ich diesen Termin los bin und diese Hohlk\u00f6pfe nicht mehr sehen muss.&#8220; Nein, Geld wie in &#8222;eingefrorene Zentralbankgelder&#8220;.<\/p>\n<p>In dem &#8222;europ\u00e4ischen Vorschlag&#8220; hei\u00dft es dann dazu: &#8222;Die Ukraine wird vollst\u00e4ndig wiederaufgebaut und finanziell entsch\u00e4digt, unter anderem durch russische Staatsverm\u00f6gen, die so lange eingefroren bleiben, bis Russland den Schaden f\u00fcr die Ukraine ersetzt hat.&#8220; Eine Formulierung, die im Zusammenhang mit dem \u00fcbrigen Theater auf EU-Ebene vor allem einen Verdacht weckt: dass n\u00e4mlich ein gr\u00f6\u00dferer Teil dieser Mittel in Wirklichkeit l\u00e4ngst nicht mehr dort liegt, sondern zur Deckung von Ausgaben verwendet wurde, und die ganzen Man\u00f6ver, die zuletzt bezogen auf diese Gelder stattfanden, dazu dienen sollten, diese Tatsache zu verschleiern.<\/p>\n<p>Und wo wir schon einmal beim Geld sind \u2013 die Korruptionsgeschichte in den letzten Wochen hat nat\u00fcrlich auch eine Frage bez\u00fcglich der EU-Granden aufgeworfen. Denn selbst f\u00fcr das (reale) Problem, dass im Falle einer gut sichtbaren Niederlage ihre politischen Karrieren ein abruptes Ende finden k\u00f6nnten, wirken die ganzen EU-Politiker noch \u00fcbereifrig. Anstatt sich angesichts einer milit\u00e4rischen Lage, die geradezu mehrstimmig &#8222;Niederlage&#8220; schreit, in Schadensbegrenzung zu m\u00fchen, um nicht mit in die Tiefe gezogen zu werden, wird mit Eifer alles getan, um ein Ende des Krieges zu verhindern. Auch das l\u00e4sst sich eigentlich nur noch durch unmittelbare und pers\u00f6nliche materielle Vorteile erkl\u00e4ren \u2013 durch R\u00fcckfl\u00fcsse aus der Ukraine, aus den, so sollen nach <a href=\"https:\/\/x.com\/CheburekiMan\/status\/1992362401463943247\" target=\"_blank\" rel=\"noopener noreferrer\">Angaben<\/a> von Larry Johnson US-Beh\u00f6rden inzwischen vermuten, bis zu 45 Milliarden unterschlagenen US-Dollar. Geld, das ebenso sehr vor Blut trieft wie die Million Pfund, die ein Boris Johnson wom\u00f6glich als Belohnung erhielt, weil er einen Frieden in Istanbul verhinderte. Geld, das nur so -lange weiterflie\u00dft, wie das Blut an der Front weiter vergossen wird. Und vor allem Geld, dessen Existenz sich nicht mehr verschleiern lie\u00dfe, w\u00fcrden die westeurop\u00e4ischen Gesellschaften eine Atempause erhalten, um nachzusehen.<\/p>\n<p>Aber gehen wir zur\u00fcck zum Satz am Anfang. Der beinhaltet tats\u00e4chlich interessante M\u00f6glichkeiten. Wenn man einmal anf\u00e4ngt, \u00fcber EU-Verm\u00f6gen irgendwo nachzudenken, und dar\u00fcber, dass die wirklich schwer zerst\u00f6rten St\u00e4dte alle auf dem Gebiet der Russischen F\u00f6deration liegen, und dass \u00fcblicherweise, auch wenn die EU-Herrschaften daran nicht glauben, es die Verlierer sind, die Reparationen zahlen m\u00fcssen.<\/p>\n<p>Donezk, Mariupol, auch Krasnoarmeisk und all die anderen Orte im Donbass, das unaufh\u00f6rlich beschossene Gorlowka beispielsweise, in ihnen allen gibt es etwas aufzubauen, sollte es einen Frieden geben. Wie viele Milliarden war der EU der Krieg wert? 98,9 Milliarden, <a href=\"https:\/\/de.statista.com\/statistik\/daten\/studie\/1303434\/umfrage\/bilaterale-unterstuetzung-fuer-die-ukraine-im-ukraine-krieg\/\" target=\"_blank\" rel=\"noopener noreferrer\">behauptet<\/a> Statista; dazu kommen dann noch die Mittel, die \u00fcber die einzelnen L\u00e4nder geflossen sind; aus Deutschland waren das laut derselben Quelle 45,8 Milliarden bis zum 31. August 2025.<\/p>\n<p>Nicht, dass es niemanden g\u00e4be, bei dem solche Milliarden zu holen w\u00e4ren, die eigentlich aus der EU gezahlt werden m\u00fcssten \u2013 ja, in den wirklich zerst\u00f6rten Teil der einstigen Ukraine, also in die Russische F\u00f6deration. Der Nennwert des Kapitals von Rheinmetall beispielsweise lag 2021 bei 111,51 Millionen Euro. Die aktuelle Marktkapitalisierung betr\u00e4gt mehr als 67 Milliarden Euro. 67 Milliarden abz\u00fcglich 111,51 Millionen gibt es also nur, weil im Verlauf dieser Jahre ein, eineinhalb oder gar zwei Millionen Ukrainer in diesem Krieg geopfert wurden. Ja, auch das ist ein R\u00fcckfluss, der beachtenswert ist. Und der beispielsweise die Leidenschaft einer gewissen Frau Strack-Zimmermann f\u00fcr diesen Krieg erkl\u00e4ren k\u00f6nnte, deren innige Beziehung zur D\u00fcsseldorfer Firma Rheinmetall sicher die Gestalt eines Aktienpakets angenommen hat. Solange man das Drittel au\u00dfen vor l\u00e4sst, das Deutschland bei der EU finanziert, ist sogar allein die Kurssteigerung bei Rheinmetall mehr, als die Bundesregierung aus Haushaltsmitteln an die Ukraine weitergeschoben hat. Soll keiner sagen, dass Krieg sich nicht lohnt. Wobei man dann nicht vergessen sollte, dass die ganze Wiedereinf\u00fchrung von Sanktionen beim B\u00fcrgergeld gerade mal eine Ersparnis von einer Milliarde bringen soll. Nur, damit die Proportionen stimmen.<\/p>\n<p>Also ja, die zentrale Rolle der EU im Zusammenhang mit Krieg und Frieden in der Ukraine muss auf jeden Fall noch genauer beachtet werden. Und es sollte einen Preis geben, den jene bezahlen m\u00fcssen, die diesen Krieg gef\u00f6rdert und von ihm profitiert haben. Die Menschen in Westeuropa profitierten nicht davon; sie mussten nur die Kosten tragen, als Energiepreise, als Sozialk\u00fcrzungen. Aber diejenigen, die die Gewinne eingefahren haben, und diejenigen, die die Hand aufgehalten haben und aus der Korruptionsmaschinerie bezahlt wurden, die sollen, die m\u00fcssen zahlen. Von Ursula von der Leyen abw\u00e4rts.<\/p>\n<p style=\"text-align: right;\"><em>Dagmar Henn ist Mitglied des Deutschen Freidenker-Verbandes<\/em><\/p>\n<hr \/>\n<p>Bild oben: EU-Funktion\u00e4re und europ\u00e4ische Staats- und Regierungschefs beim G20-Gipfel in S\u00fcdafrika, 20.11.2025. V.l.n.r.: Giorgia Meloni, Emmanuel Macron, Ursula von der Leyen, Antonio Costa,\u00a0 Keir Starmer und Friedrich Merz.<br \/>\nFoto: Japan Cabinet Public Affairs Office, <a href=\"https:\/\/creativecommons.org\/licenses\/by\/4.0\" target=\"_blank\" rel=\"noopener\">CC BY 4.0<\/a><br \/>\nQuelle: <a href=\"https:\/\/commons.wikimedia.org\/w\/index.php?curid=178837752\" target=\"_blank\" rel=\"noopener\">https:\/\/commons.wikimedia.org\/w\/index.php?curid=178837752<\/a><\/p>\n","protected":false},"excerpt":{"rendered":"<p><b>Beitrag von Dagmar Henn<\/b><br \/>\nJa, da bin ich auch f\u00fcr. &#8222;Die zentrale Rolle der Europ\u00e4ischen Union bei der Sicherung des Friedens f\u00fcr die Ukraine muss sich voll und ganz widerspiegeln&#8220;. Wie das EU-Kommissionspr\u00e4sidentin Ursula von der Leyen verlangt. Vorausgesetzt nat\u00fcrlich, der Spiegel ist gro\u00df genug (und damit meine ich nicht das einstige Investigativblatt aus Hamburg). Immerhin, diese zentrale Rolle beginnt schon ganz am Anfang. N\u00e4mlich mit dem Ultimatum, das die EU 2013 an den ukrainischen Pr\u00e4sidenten Janukowitsch stellte, sich f\u00fcr oder gegen das Assoziierungsabkommen zu entscheiden, als dieser (auf Druck aus der Opposition) beschloss, den Entwurf dieses Abkommens doch noch mal zu pr\u00fcfen. Das war dann der Ausl\u00f6ser f\u00fcr den Maidan, und wie diese Geschichte endete, ist bekannt: mit einem gewaltsamen Umsturz.<\/p>\n","protected":false},"author":3,"featured_media":23647,"comment_status":"closed","ping_status":"closed","sticky":false,"template":"","format":"standard","meta":{"colormag_page_container_layout":"default_layout","colormag_page_sidebar_layout":"default_layout","advanced_seo_description":"","jetpack_seo_html_title":"","jetpack_seo_noindex":false,"jetpack_post_was_ever_published":false,"footnotes":""},"categories":[12],"tags":[699,1283,182,1151,1038,1252,2419,222,2226,2070,1505,2895,2224,639,185,2146,1772],"class_list":["post-23646","post","type-post","status-publish","format-standard","has-post-thumbnail","hentry","category-demokratie-medien-aufklaerung","tag-aussenpolitik","tag-energie","tag-eu","tag-europa","tag-grossbritannien","tag-militaerpolitik","tag-rheinmetall","tag-russland","tag-ruestungsetat","tag-schadensbehebung","tag-sozialabbau","tag-territoriale-integritaet","tag-truppenstationierung","tag-ukraine-konflikt","tag-usa","tag-vermoegenswerte","tag-wiederaufbau"],"jetpack_featured_media_url":"https:\/\/i0.wp.com\/www.freidenker.org\/fw17\/wp-content\/uploads\/2025\/11\/G20_meeting_on_Ukraine_000186341_800x450.jpg?fit=800%2C450&ssl=1","jetpack_shortlink":"https:\/\/wp.me\/p9stpK-69o","jetpack-related-posts":[{"id":18646,"url":"https:\/\/www.freidenker.org\/?p=18646","url_meta":{"origin":23646,"position":0},"title":"Warum Macron so auf Odessa fixiert ist","author":"Webredaktion","date":"31. M\u00e4rz 2024","format":false,"excerpt":"Von Dagmar Henn Bei den schwankenden \u00c4u\u00dferungen des franz\u00f6sischen Pr\u00e4sidenten Emmanuel Macron sticht ein Detail\u00a0ins Auge \u2013 immer wieder taucht Odessa auf. Nicht Kiew, nicht Charkow, nein, es scheint eine Befreiung Odessas zu sein, die um jeden Preis verhindert werden m\u00fcsse. \u00dcbrigens schreibe ich in diesem Fall ganz absichtlich explizit\u2026","rel":"","context":"In &quot;Demokratie \u2013 Medien \u2013 Aufkl\u00e4rung&quot;","block_context":{"text":"Demokratie \u2013 Medien \u2013 Aufkl\u00e4rung","link":"https:\/\/www.freidenker.org\/?cat=12"},"img":{"alt_text":"","src":"https:\/\/i0.wp.com\/www.freidenker.org\/fw17\/wp-content\/uploads\/2024\/03\/Emmanuel_Macron_-_51830991330_800x450.jpg?fit=800%2C450&ssl=1&resize=350%2C200","width":350,"height":200,"srcset":"https:\/\/i0.wp.com\/www.freidenker.org\/fw17\/wp-content\/uploads\/2024\/03\/Emmanuel_Macron_-_51830991330_800x450.jpg?fit=800%2C450&ssl=1&resize=350%2C200 1x, https:\/\/i0.wp.com\/www.freidenker.org\/fw17\/wp-content\/uploads\/2024\/03\/Emmanuel_Macron_-_51830991330_800x450.jpg?fit=800%2C450&ssl=1&resize=525%2C300 1.5x, https:\/\/i0.wp.com\/www.freidenker.org\/fw17\/wp-content\/uploads\/2024\/03\/Emmanuel_Macron_-_51830991330_800x450.jpg?fit=800%2C450&ssl=1&resize=700%2C400 2x"},"classes":[]},{"id":13274,"url":"https:\/\/www.freidenker.org\/?p=13274","url_meta":{"origin":23646,"position":1},"title":"Die EU und die Sanktionen. Oder: Vom Mittelst\u00fcrmer zum Ersatzspieler","author":"Webredaktion","date":"29. Mai 2022","format":false,"excerpt":"Beitrag von Dagmar Henn Auf dem Treffen der EU-Finanzminister befassten sich diese wieder einmal mit weiteren Milliardenhilfen f\u00fcr die uners\u00e4ttliche Ukraine. Und ganz nebenbei \u00e4u\u00dferte der franz\u00f6sische Finanzminister Bruno Le Maire, der diesen Ministerrat leitet, er wolle \"den Br\u00fcsseler Vorschlag pr\u00fcfen, im Zuge der EU-Sanktionen eingefrorene russische Gelder f\u00fcr den\u2026","rel":"","context":"In &quot;Demokratie \u2013 Medien \u2013 Aufkl\u00e4rung&quot;","block_context":{"text":"Demokratie \u2013 Medien \u2013 Aufkl\u00e4rung","link":"https:\/\/www.freidenker.org\/?cat=12"},"img":{"alt_text":"","src":"https:\/\/i0.wp.com\/www.freidenker.org\/fw17\/wp-content\/uploads\/2022\/05\/EU_Pirat_800x450.jpg?fit=800%2C450&ssl=1&resize=350%2C200","width":350,"height":200,"srcset":"https:\/\/i0.wp.com\/www.freidenker.org\/fw17\/wp-content\/uploads\/2022\/05\/EU_Pirat_800x450.jpg?fit=800%2C450&ssl=1&resize=350%2C200 1x, https:\/\/i0.wp.com\/www.freidenker.org\/fw17\/wp-content\/uploads\/2022\/05\/EU_Pirat_800x450.jpg?fit=800%2C450&ssl=1&resize=525%2C300 1.5x, https:\/\/i0.wp.com\/www.freidenker.org\/fw17\/wp-content\/uploads\/2022\/05\/EU_Pirat_800x450.jpg?fit=800%2C450&ssl=1&resize=700%2C400 2x"},"classes":[]},{"id":14760,"url":"https:\/\/www.freidenker.org\/?p=14760","url_meta":{"origin":23646,"position":2},"title":"&#8222;Russland als Terrorstaat&#8220;? Ein Dokument barbarischen Wahns","author":"Webredaktion","date":"27. November 2022","format":false,"excerpt":"Beitrag von Dagmar Henn EU-Beschl\u00fcsse, gleich, ob von Kommission oder Parlament, sind immer unangenehm zu lesen; aber der Beschluss des EU-Parlaments unter der Nummer P9_TA(2022)0405 ist es ganz besonders. Es geht um die \"Einstufung der Russischen F\u00f6deration als dem Terrorismus Vorschub leistender Staat\", und das einzige St\u00fcck antirussischer Propaganda der\u2026","rel":"","context":"In &quot;Demokratie \u2013 Medien \u2013 Aufkl\u00e4rung&quot;","block_context":{"text":"Demokratie \u2013 Medien \u2013 Aufkl\u00e4rung","link":"https:\/\/www.freidenker.org\/?cat=12"},"img":{"alt_text":"","src":"https:\/\/i0.wp.com\/www.freidenker.org\/fw17\/wp-content\/uploads\/2022\/11\/European_Parliament_52519229729_800x450.jpg?fit=800%2C450&ssl=1&resize=350%2C200","width":350,"height":200,"srcset":"https:\/\/i0.wp.com\/www.freidenker.org\/fw17\/wp-content\/uploads\/2022\/11\/European_Parliament_52519229729_800x450.jpg?fit=800%2C450&ssl=1&resize=350%2C200 1x, https:\/\/i0.wp.com\/www.freidenker.org\/fw17\/wp-content\/uploads\/2022\/11\/European_Parliament_52519229729_800x450.jpg?fit=800%2C450&ssl=1&resize=525%2C300 1.5x, https:\/\/i0.wp.com\/www.freidenker.org\/fw17\/wp-content\/uploads\/2022\/11\/European_Parliament_52519229729_800x450.jpg?fit=800%2C450&ssl=1&resize=700%2C400 2x"},"classes":[]},{"id":21845,"url":"https:\/\/www.freidenker.org\/?p=21845","url_meta":{"origin":23646,"position":3},"title":"Ulrike Gu\u00e9rot: Jeanne d\u2019Arc des Friedens, der Freiheit und der Wahrheit?","author":"Webredaktion","date":"13. Mai 2025","format":false,"excerpt":"Ehemalige Soros-Mitarbeiterin zur Friedensikone stilisiert Beitrag von Wolfgang Effenberger \u201eDas Motto von Beethovens 9. Sinfonie\u00a0Alle Menschen werden Br\u00fcder, die ja die europ\u00e4ische Hymne ist, gilt auch f\u00fcr die Russen!\u201c sagte die Politikwissenschaftlerin\u00a0Ulrike Gu\u00e9rot\u00a0im Interview mit den NachDenkSeiten. Laut Frau Gu\u00e9rot sollte am 9. Mai ein europaweites Zeichen des Friedens gesetzt\u2026","rel":"","context":"In &quot;Demokratie \u2013 Medien \u2013 Aufkl\u00e4rung&quot;","block_context":{"text":"Demokratie \u2013 Medien \u2013 Aufkl\u00e4rung","link":"https:\/\/www.freidenker.org\/?cat=12"},"img":{"alt_text":"","src":"https:\/\/i0.wp.com\/www.freidenker.org\/fw17\/wp-content\/uploads\/2025\/05\/Ulrike_Guerot_24606581306_800x450.jpg?fit=800%2C450&ssl=1&resize=350%2C200","width":350,"height":200,"srcset":"https:\/\/i0.wp.com\/www.freidenker.org\/fw17\/wp-content\/uploads\/2025\/05\/Ulrike_Guerot_24606581306_800x450.jpg?fit=800%2C450&ssl=1&resize=350%2C200 1x, https:\/\/i0.wp.com\/www.freidenker.org\/fw17\/wp-content\/uploads\/2025\/05\/Ulrike_Guerot_24606581306_800x450.jpg?fit=800%2C450&ssl=1&resize=525%2C300 1.5x, https:\/\/i0.wp.com\/www.freidenker.org\/fw17\/wp-content\/uploads\/2025\/05\/Ulrike_Guerot_24606581306_800x450.jpg?fit=800%2C450&ssl=1&resize=700%2C400 2x"},"classes":[]},{"id":19130,"url":"https:\/\/www.freidenker.org\/?p=19130","url_meta":{"origin":23646,"position":4},"title":"Wenn EU-Gener\u00e4le fantasieren","author":"Webredaktion","date":"20. Mai 2024","format":false,"excerpt":"Beitrag von Dagmar Henn Wenn die Lage nicht so w\u00e4re, wie sie ist, dann m\u00fcsste man sich angesichts der \u00dcberlegungen in der EU, die Ausbildungsmission, bei der EU-Armeen ukrainische Soldaten ausbilden, auf das Gebiet der Ukraine auszuweiten, Sorgen machen. Weil nat\u00fcrlich in den bekannten historischen F\u00e4llen die entsandten Ausbilder nur\u2026","rel":"","context":"In &quot;Demokratie \u2013 Medien \u2013 Aufkl\u00e4rung&quot;","block_context":{"text":"Demokratie \u2013 Medien \u2013 Aufkl\u00e4rung","link":"https:\/\/www.freidenker.org\/?cat=12"},"img":{"alt_text":"","src":"https:\/\/i0.wp.com\/www.freidenker.org\/fw17\/wp-content\/uploads\/2024\/05\/EAGLE_ROYAL_exercise_HIMARS_firing_800x450.jpg?fit=800%2C450&ssl=1&resize=350%2C200","width":350,"height":200,"srcset":"https:\/\/i0.wp.com\/www.freidenker.org\/fw17\/wp-content\/uploads\/2024\/05\/EAGLE_ROYAL_exercise_HIMARS_firing_800x450.jpg?fit=800%2C450&ssl=1&resize=350%2C200 1x, https:\/\/i0.wp.com\/www.freidenker.org\/fw17\/wp-content\/uploads\/2024\/05\/EAGLE_ROYAL_exercise_HIMARS_firing_800x450.jpg?fit=800%2C450&ssl=1&resize=525%2C300 1.5x, https:\/\/i0.wp.com\/www.freidenker.org\/fw17\/wp-content\/uploads\/2024\/05\/EAGLE_ROYAL_exercise_HIMARS_firing_800x450.jpg?fit=800%2C450&ssl=1&resize=700%2C400 2x"},"classes":[]},{"id":12941,"url":"https:\/\/www.freidenker.org\/?p=12941","url_meta":{"origin":23646,"position":5},"title":"Der WDR s\u00e4ubert die Salzburger Festspiele von Russen","author":"Webredaktion","date":"29. April 2022","format":false,"excerpt":"Beitrag von Dagmar Henn Wenn man betrachtet, mit welchem Eifer gerade jeder Inhaber eines russischen Passes, der kulturell t\u00e4tig ist, einer peinlichen Befragung unterzogen und zum Abschw\u00f6ren gedr\u00e4ngt wird, erinnert das an sehr d\u00fcstere Zeiten. Der WDR lieferte ein neues Belegst\u00fcck. \"Verschw\u00f6rungstheorie\" ist ein Begriff, hinter dem sich zu viele\u2026","rel":"","context":"In &quot;Demokratie \u2013 Medien \u2013 Aufkl\u00e4rung&quot;","block_context":{"text":"Demokratie \u2013 Medien \u2013 Aufkl\u00e4rung","link":"https:\/\/www.freidenker.org\/?cat=12"},"img":{"alt_text":"","src":"https:\/\/i0.wp.com\/www.freidenker.org\/fw17\/wp-content\/uploads\/2022\/04\/salzburg-933819_800x450.jpg?fit=800%2C450&ssl=1&resize=350%2C200","width":350,"height":200,"srcset":"https:\/\/i0.wp.com\/www.freidenker.org\/fw17\/wp-content\/uploads\/2022\/04\/salzburg-933819_800x450.jpg?fit=800%2C450&ssl=1&resize=350%2C200 1x, https:\/\/i0.wp.com\/www.freidenker.org\/fw17\/wp-content\/uploads\/2022\/04\/salzburg-933819_800x450.jpg?fit=800%2C450&ssl=1&resize=525%2C300 1.5x, https:\/\/i0.wp.com\/www.freidenker.org\/fw17\/wp-content\/uploads\/2022\/04\/salzburg-933819_800x450.jpg?fit=800%2C450&ssl=1&resize=700%2C400 2x"},"classes":[]}],"_links":{"self":[{"href":"https:\/\/www.freidenker.org\/index.php?rest_route=\/wp\/v2\/posts\/23646","targetHints":{"allow":["GET"]}}],"collection":[{"href":"https:\/\/www.freidenker.org\/index.php?rest_route=\/wp\/v2\/posts"}],"about":[{"href":"https:\/\/www.freidenker.org\/index.php?rest_route=\/wp\/v2\/types\/post"}],"author":[{"embeddable":true,"href":"https:\/\/www.freidenker.org\/index.php?rest_route=\/wp\/v2\/users\/3"}],"replies":[{"embeddable":true,"href":"https:\/\/www.freidenker.org\/index.php?rest_route=%2Fwp%2Fv2%2Fcomments&post=23646"}],"version-history":[{"count":1,"href":"https:\/\/www.freidenker.org\/index.php?rest_route=\/wp\/v2\/posts\/23646\/revisions"}],"predecessor-version":[{"id":23648,"href":"https:\/\/www.freidenker.org\/index.php?rest_route=\/wp\/v2\/posts\/23646\/revisions\/23648"}],"wp:featuredmedia":[{"embeddable":true,"href":"https:\/\/www.freidenker.org\/index.php?rest_route=\/wp\/v2\/media\/23647"}],"wp:attachment":[{"href":"https:\/\/www.freidenker.org\/index.php?rest_route=%2Fwp%2Fv2%2Fmedia&parent=23646"}],"wp:term":[{"taxonomy":"category","embeddable":true,"href":"https:\/\/www.freidenker.org\/index.php?rest_route=%2Fwp%2Fv2%2Fcategories&post=23646"},{"taxonomy":"post_tag","embeddable":true,"href":"https:\/\/www.freidenker.org\/index.php?rest_route=%2Fwp%2Fv2%2Ftags&post=23646"}],"curies":[{"name":"wp","href":"https:\/\/api.w.org\/{rel}","templated":true}]}}