{"id":23638,"date":"2025-11-29T02:37:03","date_gmt":"2025-11-29T01:37:03","guid":{"rendered":"https:\/\/www.freidenker.org\/?p=23638"},"modified":"2025-12-18T00:21:10","modified_gmt":"2025-12-17T23:21:10","slug":"5-jahrestag-der-18-november-2020-als-mentales-brandmal-zum-thema-ermaechtigung-des-staates","status":"publish","type":"post","link":"https:\/\/www.freidenker.org\/?p=23638","title":{"rendered":"5. Jahrestag: Der 18. November 2020 als mentales Brandmal zum Thema Erm\u00e4chtigung des Staates"},"content":{"rendered":"<p><strong>Vor f\u00fcnf Jahren versammelten sich im Berliner Regierungsviertel besorgte B\u00fcrger. Am 18. November 2020 erfolgte im Reichstag zum dritten Mal die Abstimmung \u00fcber das Gesetz &#8222;zum Schutz der Bev\u00f6lkerung bei einer epidemischen Lage von nationaler Tragweite&#8220;. Wer von Erm\u00e4chtigung sprach, galt als Staatsfeind.<\/strong><\/p>\n<p><em>Von <strong>Bernhard Loyen<\/strong><\/em><\/p>\n<p><span style=\"font-size: 10pt;\">Erstver\u00f6ffentlichung am 18.11.2025 auf <a href=\"https:\/\/freedert.online\/meinung\/262104-5-jahrestag-18-november-2020\/\" target=\"_blank\" rel=\"noopener\">RT DE<\/a><\/span><\/p>\n<div class=\"EmbedBlock-root EmbedBlock-all\">\n<div class=\"AllEmbed\"><iframe loading=\"lazy\" title=\"5. Jahrestag: Der 18. November 2020 als mentales Brandmal zum Thema Erm\u00e4chtigung des Staates\" src=\"https:\/\/www.podbean.com\/player-v2\/?i=qyg2t-19c7a54-pb&amp;from=pb6admin&amp;share=1&amp;download=1&amp;rtl=0&amp;fonts=Arial&amp;skin=f6f6f6&amp;font-color=&amp;logo_link=episode_page&amp;btn-skin=7\" width=\"100%\" height=\"150\" scrolling=\"no\" allowfullscreen=\"allowfullscreen\" data-name=\"pb-iframe-player\" data-mce-fragment=\"1\"><\/iframe><\/div>\n<\/div>\n<p>Genau heute (18.11.2025) vor f\u00fcnf Jahren, am Ende des ersten bizarren Jahres der &#8222;Corona-Krise&#8220;, gab es f\u00fcr die sogenannten &#8222;Volksvertreter&#8220; im Berliner Reichstag einen Anwesenheitspflichttermin. Der sperrige <a href=\"https:\/\/www.bundestag.de\/parlament\/plenum\/abstimmung\/abstimmung?id=698\" target=\"_blank\" rel=\"noopener noreferrer\">Titel<\/a> zum Anlass einer einberufenen Sitzung samt geplanter Abstimmung lautete auf der Webseite des Bundestags:<\/p>\n<p style=\"padding-left: 40px;\"><em>&#8222;Corona-Ma\u00dfnahmen (epidemische Lage), Gesetzentwurf CDU\/CSU, SPD: Entwurf eines Dritten Gesetzes zum Schutz der Bev\u00f6lkerung bei einer epidemischen Lage von nationaler Tragweite (Drucksachen\u00a0<a href=\"https:\/\/dserver.bundestag.de\/btd\/19\/239\/1923944.pdf\" target=\"_blank\" rel=\"noopener noreferrer\">19\/23944<\/a>\u00a0und\u00a0<a href=\"https:\/\/dserver.bundestag.de\/btd\/19\/243\/1924334.pdf\" target=\"_blank\" rel=\"noopener noreferrer\">19\/24334<\/a>).&#8220;<\/em><\/p>\n<p>Zur Erinnerung: Es ging um die erneute, vermeintlich notwendige, Modifizierung eines Gesetzes rein f\u00fcr den &#8222;<a href=\"https:\/\/www.bundesrat.de\/SharedDocs\/pm\/2020\/023.html\" target=\"_blank\" rel=\"noopener noreferrer\">Bev\u00f6lkerungsschutz<\/a>&#8222;. Was folgte, f\u00fcr weitere Monate und zehrende Jahre, ist sehr vielen Menschen auf allen nur erdenklichen Ebenen des psychischen wie physischen Daseins in die Seele gebrannt. Vis-\u00e0-vis des abgesperrten Reichstags versammelten sich am fr\u00fchen Morgen Abertausende aus dem gesamten Bundesgebiet.\u00a0Mit Anspannung, ausgehend von dem massiven Polizeiaufgebot, wurde abgewartet, wie sich unsere Volksvertreter zu dem erneuten massiven Eingriff in die B\u00fcrgerrechte positionieren w\u00fcrden.<\/p>\n<figure id=\"attachment_23639\" aria-describedby=\"caption-attachment-23639\" style=\"width: 800px\" class=\"wp-caption alignnone\"><img data-recalc-dims=\"1\" loading=\"lazy\" decoding=\"async\" data-attachment-id=\"23639\" data-permalink=\"https:\/\/www.freidenker.org\/?attachment_id=23639\" data-orig-file=\"https:\/\/i0.wp.com\/www.freidenker.org\/fw17\/wp-content\/uploads\/2025\/11\/Loyen_Brandmal_01.jpg?fit=1280%2C960&amp;ssl=1\" data-orig-size=\"1280,960\" data-comments-opened=\"0\" data-image-meta=\"{&quot;aperture&quot;:&quot;0&quot;,&quot;credit&quot;:&quot;&quot;,&quot;camera&quot;:&quot;&quot;,&quot;caption&quot;:&quot;&quot;,&quot;created_timestamp&quot;:&quot;0&quot;,&quot;copyright&quot;:&quot;&quot;,&quot;focal_length&quot;:&quot;0&quot;,&quot;iso&quot;:&quot;0&quot;,&quot;shutter_speed&quot;:&quot;0&quot;,&quot;title&quot;:&quot;&quot;,&quot;orientation&quot;:&quot;0&quot;}\" data-image-title=\"Loyen_Brandmal_01\" data-image-description=\"\" data-image-caption=\"\" data-large-file=\"https:\/\/i0.wp.com\/www.freidenker.org\/fw17\/wp-content\/uploads\/2025\/11\/Loyen_Brandmal_01.jpg?fit=800%2C600&amp;ssl=1\" class=\"wp-image-23639\" src=\"https:\/\/i0.wp.com\/www.freidenker.org\/fw17\/wp-content\/uploads\/2025\/11\/Loyen_Brandmal_01.jpg?resize=800%2C600&#038;ssl=1\" alt=\"\" width=\"800\" height=\"600\" srcset=\"https:\/\/i0.wp.com\/www.freidenker.org\/fw17\/wp-content\/uploads\/2025\/11\/Loyen_Brandmal_01.jpg?resize=1024%2C768&amp;ssl=1 1024w, https:\/\/i0.wp.com\/www.freidenker.org\/fw17\/wp-content\/uploads\/2025\/11\/Loyen_Brandmal_01.jpg?resize=300%2C225&amp;ssl=1 300w, https:\/\/i0.wp.com\/www.freidenker.org\/fw17\/wp-content\/uploads\/2025\/11\/Loyen_Brandmal_01.jpg?resize=768%2C576&amp;ssl=1 768w, https:\/\/i0.wp.com\/www.freidenker.org\/fw17\/wp-content\/uploads\/2025\/11\/Loyen_Brandmal_01.jpg?w=1280&amp;ssl=1 1280w\" sizes=\"auto, (max-width: 800px) 100vw, 800px\" \/><figcaption id=\"caption-attachment-23639\" class=\"wp-caption-text\">Foto: Archiv B. Loyen<\/figcaption><\/figure>\n<p>Politiker, Medienschaffende und Corona-Versteher zeigten sich unisono im Vorfeld der Demonstration erneut emp\u00f6rt,\u00a0da im Vorfeld immer h\u00e4ufiger der Begriff &#8222;Erm\u00e4chtigungsgesetz&#8220; seinen Weg in die Diskussionen fand. Das <em>Handelsblatt<\/em>\u00a0<a href=\"https:\/\/www.handelsblatt.com\/politik\/deutschland\/infektionsschutzgesetz-lockdown-paragraf-im-eildurchgang-beschlossen-das-sorgt-fuer-unmut\/26635596.html?ticket=ST-441457-OJXjVNNYDicLJ63unXfd-ap5\" target=\"_blank\" rel=\"noopener noreferrer\">kommentierte<\/a> am Tag des Ereignisses:<\/p>\n<p style=\"padding-left: 40px;\"><em>&#8222;Die Vorstellung, es handele sich um ein &#8218;Erm\u00e4chtigungsgesetz&#8216; und den Weg in die Diktatur, ist abwegig. Doch das Internet ist voll\u00a0mit Falschinformationen, die diese These zu st\u00fctzen scheinen. Unter den Demonstranten sind auch Corona-Leugner und Rechtsextreme, es bleibt nicht friedlich.&#8220;<\/em><\/p>\n<p>Der Autor war \u00fcber Stunden vor Ort, zur damaligen Zeit f\u00fcr das Portal <em>KenFM<\/em> berichtend, heute <em>apolut<\/em>. Nein, es war nicht friedlich, wie das Fotoarchiv best\u00e4tigt.<\/p>\n<figure class=\"RTImage-root\"><\/figure>\n<p>Die Berichterstattung erfolgte sozusagen zwischen den Fronten. Das Volk wollte zu seinen Vertretern, diskutieren. Die Staatsmacht sch\u00fctzte die Politiker vor dem Zorn der B\u00fcrger. So l\u00e4uft das seit Jahrzehnten in einer deklarierten Demokratie, bis heute.\u00a0Laut Polizei und Medienberichten &#8222;wurden 345 Menschen vor\u00fcbergehend festgesetzt.&#8220;<\/p>\n<figure id=\"attachment_23640\" aria-describedby=\"caption-attachment-23640\" style=\"width: 600px\" class=\"wp-caption alignnone\"><img data-recalc-dims=\"1\" loading=\"lazy\" decoding=\"async\" data-attachment-id=\"23640\" data-permalink=\"https:\/\/www.freidenker.org\/?attachment_id=23640\" data-orig-file=\"https:\/\/i0.wp.com\/www.freidenker.org\/fw17\/wp-content\/uploads\/2025\/11\/Loyen_Brandmal_03.jpg?fit=1280%2C774&amp;ssl=1\" data-orig-size=\"1280,774\" data-comments-opened=\"0\" data-image-meta=\"{&quot;aperture&quot;:&quot;0&quot;,&quot;credit&quot;:&quot;&quot;,&quot;camera&quot;:&quot;&quot;,&quot;caption&quot;:&quot;&quot;,&quot;created_timestamp&quot;:&quot;0&quot;,&quot;copyright&quot;:&quot;&quot;,&quot;focal_length&quot;:&quot;0&quot;,&quot;iso&quot;:&quot;0&quot;,&quot;shutter_speed&quot;:&quot;0&quot;,&quot;title&quot;:&quot;&quot;,&quot;orientation&quot;:&quot;0&quot;}\" data-image-title=\"Loyen_Brandmal_03\" data-image-description=\"\" data-image-caption=\"\" data-large-file=\"https:\/\/i0.wp.com\/www.freidenker.org\/fw17\/wp-content\/uploads\/2025\/11\/Loyen_Brandmal_03.jpg?fit=800%2C484&amp;ssl=1\" class=\"wp-image-23640\" src=\"https:\/\/i0.wp.com\/www.freidenker.org\/fw17\/wp-content\/uploads\/2025\/11\/Loyen_Brandmal_03.jpg?resize=600%2C363&#038;ssl=1\" alt=\"\" width=\"600\" height=\"363\" srcset=\"https:\/\/i0.wp.com\/www.freidenker.org\/fw17\/wp-content\/uploads\/2025\/11\/Loyen_Brandmal_03.jpg?resize=1024%2C619&amp;ssl=1 1024w, https:\/\/i0.wp.com\/www.freidenker.org\/fw17\/wp-content\/uploads\/2025\/11\/Loyen_Brandmal_03.jpg?resize=300%2C181&amp;ssl=1 300w, https:\/\/i0.wp.com\/www.freidenker.org\/fw17\/wp-content\/uploads\/2025\/11\/Loyen_Brandmal_03.jpg?resize=768%2C464&amp;ssl=1 768w, https:\/\/i0.wp.com\/www.freidenker.org\/fw17\/wp-content\/uploads\/2025\/11\/Loyen_Brandmal_03.jpg?w=1280&amp;ssl=1 1280w\" sizes=\"auto, (max-width: 600px) 100vw, 600px\" \/><figcaption id=\"caption-attachment-23640\" class=\"wp-caption-text\"><span style=\"font-size: 10pt;\">Foto: Archiv B. Loyen<\/span><\/figcaption><\/figure>\n<p>Der SPD-Hinterb\u00e4nkler Karl Lauterbach, zum damaligen Zeitpunkt &#8222;Gesundheitsexperte&#8220; seiner Partei, zudem bereits auff\u00e4llig hofiertes Medien-Darling bei <em>ARD<\/em> und <em>ZDF<\/em>, kommentierte nach der Abstimmung, abgehoben, arrogant und mit dem Wissen der ungef\u00e4hrdeten Deutungshoheit:<\/p>\n<p style=\"padding-left: 40px;\"><em>&#8222;Diese Leute vor meinem Fenster werden mir heute nicht die gute Stimmung in Anbetracht der Erfolge beim Impfstoff verderben.&#8220;<\/em><\/p>\n<div class=\"embed-twitter\">\n<blockquote class=\"twitter-tweet\" data-width=\"550\" data-dnt=\"true\">\n<p lang=\"de\" dir=\"ltr\">Diese Leute vor meinem Fenster werden mir heute nicht die gute Stimmung in Anbetracht der Erfolge beim Impfstoff verderben. Werde mit \u2066<a href=\"https:\/\/twitter.com\/igorpianist?ref_src=twsrc%5Etfw\">@igorpianist<\/a>\u2069 auf meinem Balkon darauf anstossen. <a href=\"https:\/\/t.co\/fYINoKCAi6\">pic.twitter.com\/fYINoKCAi6<\/a><\/p>\n<p>&mdash; Prof. Karl Lauterbach (@Karl_Lauterbach) <a href=\"https:\/\/twitter.com\/Karl_Lauterbach\/status\/1329048320736710656?ref_src=twsrc%5Etfw\">November 18, 2020<\/a><\/p><\/blockquote>\n<p><script async src=\"https:\/\/platform.twitter.com\/widgets.js\" charset=\"utf-8\"><\/script><\/div>\n<p>Die &#8222;Erfolge beim Impfstoff&#8220; sorgten bei zu vielen gutgl\u00e4ubigen Menschen f\u00fcr die Zerst\u00f6rung des Lebens, bis in die Gegenwart. So <a href=\"https:\/\/www.fr.de\/frankfurt\/frankfurter-eltern-deren-kinder-unter-dem-post-vac-syndrom-leiden-kaempfen-immer-noch-fuer-mehr-unterstuetzung-und-verstaendnis-94041139.html\" target=\"_blank\" rel=\"noopener noreferrer\">hei\u00dft es<\/a>\u00a0auf den Tag genau f\u00fcnf Jahre nach dieser fahrl\u00e4ssigen X-Kommentierung bei der <em>Frankfurter Rundschau<\/em>,\u00a0exemplarisch f\u00fcr abertausende Schicksale im Land:<\/p>\n<p style=\"padding-left: 40px;\"><em>&#8222;Seit M\u00e4rz kann ihre Tochter wieder nicht am Unterricht teilnehmen. Die\u00a014-J\u00e4hrige leide unter starken Nerven-, Gelenk-, Muskel-, Kopf- und Bauchschmerzen, Schmerzmittel w\u00fcrden nicht helfen, der Kreislauf sei so geschw\u00e4cht, dass ihr selbst das Sitzen schwerfalle [\u2026] Hinzu kommen Schlafst\u00f6rungen\u00a0und schwere Ersch\u00f6pfung. Es gibt Tage, an denen die Eltern das M\u00e4dchen zur Toilette tragen m\u00fcssen. Seit vier Jahren k\u00e4mpfen sie und ihr Bruder gegen das Post-Vakzin-Syndrom (Post-Vac) und Long COVID \u2013 vermutlich ausgel\u00f6st durch Nebenwirkungen einer COVID-19-Impfung im Jahr 2021.&#8220;<\/em><\/p>\n<p>Eine tiefschwarze Dynamik ausgehend von der\u00a0eskalierenden, totalit\u00e4ren und dystopischen Politik der Jahre 2020\u20132023.<\/p>\n<figure id=\"attachment_23643\" aria-describedby=\"caption-attachment-23643\" style=\"width: 600px\" class=\"wp-caption alignnone\"><img data-recalc-dims=\"1\" loading=\"lazy\" decoding=\"async\" data-attachment-id=\"23643\" data-permalink=\"https:\/\/www.freidenker.org\/?attachment_id=23643\" data-orig-file=\"https:\/\/i0.wp.com\/www.freidenker.org\/fw17\/wp-content\/uploads\/2025\/11\/Loyen_Brandmal_04.jpg?fit=987%2C1021&amp;ssl=1\" data-orig-size=\"987,1021\" data-comments-opened=\"0\" data-image-meta=\"{&quot;aperture&quot;:&quot;0&quot;,&quot;credit&quot;:&quot;&quot;,&quot;camera&quot;:&quot;&quot;,&quot;caption&quot;:&quot;&quot;,&quot;created_timestamp&quot;:&quot;0&quot;,&quot;copyright&quot;:&quot;&quot;,&quot;focal_length&quot;:&quot;0&quot;,&quot;iso&quot;:&quot;0&quot;,&quot;shutter_speed&quot;:&quot;0&quot;,&quot;title&quot;:&quot;&quot;,&quot;orientation&quot;:&quot;0&quot;}\" data-image-title=\"Loyen_Brandmal_04\" data-image-description=\"\" data-image-caption=\"\" data-large-file=\"https:\/\/i0.wp.com\/www.freidenker.org\/fw17\/wp-content\/uploads\/2025\/11\/Loyen_Brandmal_04.jpg?fit=800%2C828&amp;ssl=1\" class=\"wp-image-23643\" src=\"https:\/\/i0.wp.com\/www.freidenker.org\/fw17\/wp-content\/uploads\/2025\/11\/Loyen_Brandmal_04.jpg?resize=600%2C621&#038;ssl=1\" alt=\"\" width=\"600\" height=\"621\" srcset=\"https:\/\/i0.wp.com\/www.freidenker.org\/fw17\/wp-content\/uploads\/2025\/11\/Loyen_Brandmal_04.jpg?w=987&amp;ssl=1 987w, https:\/\/i0.wp.com\/www.freidenker.org\/fw17\/wp-content\/uploads\/2025\/11\/Loyen_Brandmal_04.jpg?resize=290%2C300&amp;ssl=1 290w, https:\/\/i0.wp.com\/www.freidenker.org\/fw17\/wp-content\/uploads\/2025\/11\/Loyen_Brandmal_04.jpg?resize=768%2C794&amp;ssl=1 768w\" sizes=\"auto, (max-width: 600px) 100vw, 600px\" \/><figcaption id=\"caption-attachment-23643\" class=\"wp-caption-text\"><span style=\"font-size: 10pt;\">Berlin im November 2020 (Foto: Archiv B. Loyen)<\/span><\/figcaption><\/figure>\n<p>Am 18. November 2020 gab auch Ex-Au\u00dfenminister Heiko Maas seine\u00a0X-<a href=\"https:\/\/archive.ph\/FYfmp\" target=\"_blank\" rel=\"noopener noreferrer\">Wahrnehmung<\/a> zu den \u00c4ngsten und Bef\u00fcrchtungen der B\u00fcrger zu Protokoll:<\/p>\n<p style=\"padding-left: 40px;\"><em>&#8222;Um mal &#8218;mit Fakten auszuhelfen&#8216;. Die Nazis haben mit dem Erm\u00e4chtigungsgesetz die Demokratie ausgehebelt. Wir machen heute mit dem Infektionsschutzgesetz das Gegenteil. Willk\u00fcr wird ausgeschlossen, Rechtsklarheit geschaffen.&#8220;<\/em><\/p>\n<div class=\"embed-twitter\">\n<blockquote class=\"twitter-tweet\" data-width=\"550\" data-dnt=\"true\">\n<p lang=\"de\" dir=\"ltr\">Da die ehemaligen Teilnehmenden der Versammlung in H\u00f6he Platz des 18. M\u00e4rz der Verpflichtung, den Ort zu verlassen, nicht nach kamen, wurden die Menschen soeben von unseren Wasserwerfern beregnet.<a href=\"https:\/\/twitter.com\/hashtag\/b1811?src=hash&amp;ref_src=twsrc%5Etfw\">#b1811<\/a><\/p>\n<p>&mdash; Polizei Berlin Einsatz (@PolizeiBerlin_E) <a href=\"https:\/\/twitter.com\/PolizeiBerlin_E\/status\/1329027014205059074?ref_src=twsrc%5Etfw\">November 18, 2020<\/a><\/p><\/blockquote>\n<p><script async src=\"https:\/\/platform.twitter.com\/widgets.js\" charset=\"utf-8\"><\/script><\/div>\n<p>Wie es mit der ausgeschlossenen\u00a0staatlichen Willk\u00fcr und Rechtsklarheit in jener Zeit aussah, berichtete der Berliner <em>Tagesspiegel<\/em> wenige Monate sp\u00e4ter. So <a href=\"https:\/\/www.tagesspiegel.de\/berlin\/berliner-verfassungsschutz-beobachtet-kenfm-6858193.html\" target=\"_blank\" rel=\"noopener noreferrer\">hie\u00df es<\/a> am 27. Mai 2021:<\/p>\n<p style=\"padding-left: 40px;\"><em>&#8222;Als &#8218;Verdachtsfall&#8216; eingestuft:\u00a0Berliner Verfassungsschutz beobachtet KenFM. Die Plattform von Ken Jebsen verbreite Verschw\u00f6rungserz\u00e4hlungen, hei\u00dft es zur Begr\u00fcndung. Das treibe die Radikalisierung von Querdenkern voran.&#8220;<\/em><\/p>\n<p>Wer hat sich doch gleich in jener Zeit radikalisiert? Jene B\u00fcrger, die sich lautstarker oder auch leiser kritisch zu der Ma\u00dfnahmenpolitik \u00e4u\u00dferten, gerieten in den Fokus der Familie, der Nachbarn, der Arbeitgeber und schlussendlich im H\u00e4rtefall staatlicher Institutionen. Die <em>ARD-<\/em>Tagesschau erkl\u00e4rte den GEZ-Zahlern auf den Tag genau vor f\u00fcnf Jahren, &#8222;dass sich der Staat leichtfertig mehr Zugriff auf den Alltag seiner B\u00fcrger verschaffe, <a href=\"https:\/\/web.archive.org\/web\/20201118172145\/https:\/\/www.tagesschau.de\/kommentar\/corona-infektionsschutzgesetz-101.html\" target=\"_blank\" rel=\"noopener noreferrer\">stimmt nicht<\/a>.&#8220;<\/p>\n<p>Stimmt nicht? Die Folgejahre belehrten einen nicht geringen Prozentsatz der B\u00fcrger in der schmerzlicheren Alltagsrealit\u00e4t zum Thema willk\u00fcrlich ruhender, ausgesetzter Grundrechte. Das am 18. November zur Abstimmung gegebene modifizierte Gesetz enthielt die Formulierungen &#8222;erm\u00e4chtigt, Erm\u00e4chtigung, Verordnungserm\u00e4chtigung und Erm\u00e4chtigungsgrundlage&#8220; auf den 44 Seiten insgesamt sechzehnmal. Es war kein Erm\u00e4chtigungsgesetz (?).<\/p>\n<p>Diese Realit\u00e4t galt als obsolet in der Argumentation. Unter\u00a0Artikel 7:\u00a0<a href=\"https:\/\/dserver.bundestag.de\/btd\/19\/239\/1923944.pdf\" target=\"_blank\" rel=\"noopener noreferrer\">&#8222;Einschr\u00e4nkung von Grundrechten&#8220;<\/a> findet sich weiterhin archiviert auf Seite 19 folgende Rechtssicherheit, bitte nicht zu verwechseln mit staatlicher Willk\u00fcr:<\/p>\n<p style=\"padding-left: 40px;\"><em>&#8222;Durch Artikel 1 Nummer 16 und 17 werden die Grundrechte der Freiheit der Person (Artikel 2 Absatz 2 Satz 2 des Grundgesetzes), der Versammlungsfreiheit (Artikel 8 des Grundgesetzes), der Freiz\u00fcgigkeit (Artikel 11 Absatz 1 des Grundgesetzes) und der Unverletzlichkeit der Wohnung (Artikel 13 Absatz 1 des Grundgesetzes) eingeschr\u00e4nkt.&#8220;\u00a0<\/em><\/p>\n<p>In <a href=\"https:\/\/www.bundestag.de\/parlament\/plenum\/abstimmung\/abstimmung?id=698\" target=\"_blank\" rel=\"noopener noreferrer\">namentlicher Abstimmung<\/a> votierten heute vor f\u00fcnf Jahren final 413 von 708 Parlamentariern f\u00fcr den entsprechenden \u2013 &#8222;nicht lebenseinschr\u00e4nkenden&#8220; \u2013 Antrag der versammelten Koalitionsfraktionen samt begeisterten Mitl\u00e4ufern, es gab 235 Nein-Stimmen und acht Enthaltungen. 52 Stimmen wurden nicht abgegeben. Die AfD-Fraktion stimmte geschlossen mit Nein, ebenso die FDP. Die zweitgenannte Partei hat sich\u00a0j\u00fcngst selber\u00a0pulverisiert im Rahmen einer destruktiven, zerst\u00f6rerischen Ampelkoalition.<\/p>\n<p>AfD-Bundestags- wie Parteimitgliedern, regelm\u00e4\u00dfigen W\u00e4hlern\u00a0und Sympathisanten der Partei wird seit Monaten und Jahren ann\u00e4hernd t\u00e4glich vermittelt, was &#8222;unsere Demokratie&#x2122;&#8220; vom &#8222;Gegner der freiheitlichen Grundordnung&#8220; h\u00e4lt \u2013 nichts. Verbotsgedanken, Verbotsantr\u00e4ge und der nachdr\u00fcckliche Wunsch der Nichtexistenz sind legitim und absolute Voraussetzung f\u00fcr &#8222;gute Demokraten&#8220; mit dem Herz am rechten Fleck.<\/p>\n<p>Wer sich f\u00fcnf Jahre nach dem schicksalshaften 18. November 2020 kritisch zu den drei dunklen Jahren \u00e4u\u00dfert, eine glaubw\u00fcrdige und sp\u00fcrbare juristische Aufarbeitung fordert, etwaig mit der Wahl der AfD lieb\u00e4ugelt, geh\u00f6rt auch weiterhin f\u00fcr den Gro\u00dfteil der Politik, Medien und Mitb\u00fcrger zu den verachtenswerten &#8222;Akteuren im Bereich der &#8218;<a href=\"https:\/\/www.verfassungsschutz.de\/DE\/themen\/verfassungsschutzrelevante-delegitimierung-des-staates\/verfassungsschutzrelevante-delegitimierung-des-staates_node.html\" target=\"_blank\" rel=\"noopener noreferrer\">Verfassungsschutzrelevanten Delegitimierung des Staates<\/a>&#8218;&#8220;.<\/p>\n<p>Die &#8222;Corona-Jahre&#8220; haben die Gesellschaft mutwillig und in Teilen manipulativ irreparabel in einem mehr als erfolgreichen Testballon auseinandergetrieben. Die neu gesetzten Spaltpilze tragen seit rund drei Jahren die Namen Ukraine, der b\u00f6se Russe, Digitalisierung, manchmal noch Klima und immer \u00f6fter Migration.<\/p>\n<p>M\u00f6gliche, erkennbare und auszudiskutierende L\u00f6sungsmodelle werden\u00a0\u2013 wie zuvor in den drei dunklen Jahren\u00a0\u2013 verhindert, manipuliert und gegebenenfalls kriminalisiert. Vor f\u00fcnf Jahren lautete meine schlichte Abschlussempfehlung in einem Kommentar zum 18. November 2020 in Berlin:<\/p>\n<p style=\"padding-left: 40px;\"><em>&#8222;M\u00f6ge jeder f\u00fcr sich beschlie\u00dfen, wie die kommenden Monate, vielleicht Jahre zu meistern sind. Wir sehen uns auf der Stra\u00dfe. Ohne Maske und mit geradem R\u00fccken.&#8220;\u00a0<\/em><\/p>\n<p>An diesem Status quo hat sich leider nicht sehr viel zum Positiven ge\u00e4ndert.<\/p>\n<p style=\"text-align: right;\"><em>Bernhard Loyen ist freier Journalist und schreibt f\u00fcr verschiedene alternative Portale<\/em><\/p>\n<hr \/>\n<p><span style=\"font-size: 10pt;\">Bilder im Text und Bild oben: Archiv Bernhard Loyen<\/span><\/p>\n","protected":false},"excerpt":{"rendered":"<p><b>Beitrag von Bernhard Loyen<\/b><br \/>\nGenau heute (18.11.2025) vor f\u00fcnf Jahren, am Ende des ersten bizarren Jahres der &#8222;Corona-Krise&#8220;, gab es f\u00fcr die sogenannten &#8222;Volksvertreter&#8220; im Berliner Reichstag einen Anwesenheitspflichttermin. [&#8230;] Zur Erinnerung: Es ging um die erneute, vermeintlich notwendige, Modifizierung eines Gesetzes rein f\u00fcr den &#8222;Bev\u00f6lkerungsschutz&#8220;. Was folgte, f\u00fcr weitere Monate und zehrende Jahre, ist sehr vielen Menschen auf allen nur erdenklichen Ebenen des psychischen wie physischen Daseins in die Seele gebrannt. Vis-\u00e0-vis des abgesperrten Reichstags versammelten sich am fr\u00fchen Morgen Abertausende aus dem gesamten Bundesgebiet.\u00a0Mit Anspannung, ausgehend von dem massiven Polizeiaufgebot, wurde abgewartet, wie sich unsere Volksvertreter zu dem erneuten massiven Eingriff in die B\u00fcrgerrechte positionieren w\u00fcrden.<\/p>\n","protected":false},"author":3,"featured_media":23644,"comment_status":"closed","ping_status":"closed","sticky":false,"template":"","format":"standard","meta":{"colormag_page_container_layout":"default_layout","colormag_page_sidebar_layout":"default_layout","advanced_seo_description":"","jetpack_seo_html_title":"","jetpack_seo_noindex":false,"jetpack_post_was_ever_published":false,"footnotes":""},"categories":[12],"tags":[1094,477,976,1256,162,411,1088,2894,154,1816,1488,1851,1916,1257,1654,812,794,1397,1110],"class_list":["post-23638","post","type-post","status-publish","format-standard","has-post-thumbnail","hentry","category-demokratie-medien-aufklaerung","tag-ard","tag-bundestag","tag-buergerrechte","tag-corona-virus","tag-demokratie","tag-demonstration","tag-diktatur","tag-ermaechtigungsgesetz","tag-grundrechte","tag-impfstoff","tag-lauterbach","tag-long-covid","tag-maskenpflicht","tag-pandemie","tag-polizei","tag-protest","tag-rechtsstaatlichkeit","tag-verfassungsschutz","tag-zdf"],"jetpack_featured_media_url":"https:\/\/i0.wp.com\/www.freidenker.org\/fw17\/wp-content\/uploads\/2025\/11\/Loyen_Brandmal_02_800x450.jpg?fit=800%2C450&ssl=1","jetpack_shortlink":"https:\/\/wp.me\/p9stpK-69g","jetpack-related-posts":[{"id":16223,"url":"https:\/\/www.freidenker.org\/?p=16223","url_meta":{"origin":23638,"position":0},"title":"Von einer Pandemie zur n\u00e4chsten?","author":"Webredaktion","date":"2. Juni 2023","format":false,"excerpt":"Karl Lauterbach, die WHO und Rockefeller-Millionen Podcast von Bernhard Loyen Millionen Menschen weltweit leiden weiterhin unter den Auswirkungen der politischen Ma\u00dfnahmen in der Corona-Krise. Im Hintergrund bastelt ein elit\u00e4rer Kreis von Krisenprofiteuren am n\u00e4chsten m\u00f6glichen Ereignis. Nat\u00fcrlich alles unter dem Deckmantel vorbeugender Ma\u00dfnahmen und rein zum Schutze der Menschheit.","rel":"","context":"In &quot;Demokratie \u2013 Medien \u2013 Aufkl\u00e4rung&quot;","block_context":{"text":"Demokratie \u2013 Medien \u2013 Aufkl\u00e4rung","link":"https:\/\/www.freidenker.org\/?cat=12"},"img":{"alt_text":"","src":"https:\/\/i0.wp.com\/www.freidenker.org\/fw17\/wp-content\/uploads\/2023\/06\/Karl_Lauterbach_by_OlafKosinsky_2019_MG_2423_800x450_ausschnitt.jpg?fit=800%2C450&ssl=1&resize=350%2C200","width":350,"height":200,"srcset":"https:\/\/i0.wp.com\/www.freidenker.org\/fw17\/wp-content\/uploads\/2023\/06\/Karl_Lauterbach_by_OlafKosinsky_2019_MG_2423_800x450_ausschnitt.jpg?fit=800%2C450&ssl=1&resize=350%2C200 1x, https:\/\/i0.wp.com\/www.freidenker.org\/fw17\/wp-content\/uploads\/2023\/06\/Karl_Lauterbach_by_OlafKosinsky_2019_MG_2423_800x450_ausschnitt.jpg?fit=800%2C450&ssl=1&resize=525%2C300 1.5x, https:\/\/i0.wp.com\/www.freidenker.org\/fw17\/wp-content\/uploads\/2023\/06\/Karl_Lauterbach_by_OlafKosinsky_2019_MG_2423_800x450_ausschnitt.jpg?fit=800%2C450&ssl=1&resize=700%2C400 2x"},"classes":[]},{"id":18205,"url":"https:\/\/www.freidenker.org\/?p=18205","url_meta":{"origin":23638,"position":1},"title":"Causa Correctiv: &#8222;Rechercheportal&#8220; wird durch &#8222;Geheimtreffen&#8220;-Beschuldigte juristisch angezeigt","author":"Webredaktion","date":"14. Februar 2024","format":false,"excerpt":"Beitrag von Bernhard Loyen Ein vermeintlich investigativer Artikel des\u00a0medial titulierten \"Rechercheportals\" Correctiv sorgt f\u00fcr dynamische gesellschaftliche Reaktionen hinsichtlich der Oppositionspartei AfD und ihrer Sympathisanten. Seit der Ver\u00f6ffentlichung des Correctiv-Artikels \"Neue Rechte \u2013 Geheimplan gegen Deutschland\" am 10. Januar erleben die AfD, zugeh\u00f6rige Politiker wie auch W\u00e4hler und Unterst\u00fctzer der Partei\u2026","rel":"","context":"In &quot;Demokratie \u2013 Medien \u2013 Aufkl\u00e4rung&quot;","block_context":{"text":"Demokratie \u2013 Medien \u2013 Aufkl\u00e4rung","link":"https:\/\/www.freidenker.org\/?cat=12"},"img":{"alt_text":"","src":"https:\/\/i0.wp.com\/www.freidenker.org\/fw17\/wp-content\/uploads\/2024\/02\/privacy-policy-1624400_800x450.jpg?fit=800%2C450&ssl=1&resize=350%2C200","width":350,"height":200,"srcset":"https:\/\/i0.wp.com\/www.freidenker.org\/fw17\/wp-content\/uploads\/2024\/02\/privacy-policy-1624400_800x450.jpg?fit=800%2C450&ssl=1&resize=350%2C200 1x, https:\/\/i0.wp.com\/www.freidenker.org\/fw17\/wp-content\/uploads\/2024\/02\/privacy-policy-1624400_800x450.jpg?fit=800%2C450&ssl=1&resize=525%2C300 1.5x, https:\/\/i0.wp.com\/www.freidenker.org\/fw17\/wp-content\/uploads\/2024\/02\/privacy-policy-1624400_800x450.jpg?fit=800%2C450&ssl=1&resize=700%2C400 2x"},"classes":[]},{"id":23054,"url":"https:\/\/www.freidenker.org\/?p=23054","url_meta":{"origin":23638,"position":2},"title":"Warum hofiert der Berliner Senat den viel kritisierten ZDF-Clown Jan B\u00f6hmermann?","author":"Webredaktion","date":"7. Oktober 2025","format":false,"excerpt":"Beitrag von Bernhard Loyen Politik und Medien agieren seit rund f\u00fcnf Jahren nachweislich Hand in Hand, um kritische Stimmen und willk\u00fcrlich deklarierte \"Feinde der Demokratie\" auf allen ihnen zur Verf\u00fcgung stehenden Ebenen biografisch zu zerst\u00f6ren. Das offizielle Hofieren von Jan B\u00f6hmermann in der Hauptstadt gilt als neuer Tiefpunkt der unangenehmen\u2026","rel":"","context":"In &quot;Demokratie \u2013 Medien \u2013 Aufkl\u00e4rung&quot;","block_context":{"text":"Demokratie \u2013 Medien \u2013 Aufkl\u00e4rung","link":"https:\/\/www.freidenker.org\/?cat=12"},"img":{"alt_text":"","src":"https:\/\/i0.wp.com\/www.freidenker.org\/fw17\/wp-content\/uploads\/2025\/10\/2021-09-16-Jan_Boehmermann_Deutscher_Fernsehpreis_2021_-3858_800x450.jpg?fit=800%2C450&ssl=1&resize=350%2C200","width":350,"height":200,"srcset":"https:\/\/i0.wp.com\/www.freidenker.org\/fw17\/wp-content\/uploads\/2025\/10\/2021-09-16-Jan_Boehmermann_Deutscher_Fernsehpreis_2021_-3858_800x450.jpg?fit=800%2C450&ssl=1&resize=350%2C200 1x, https:\/\/i0.wp.com\/www.freidenker.org\/fw17\/wp-content\/uploads\/2025\/10\/2021-09-16-Jan_Boehmermann_Deutscher_Fernsehpreis_2021_-3858_800x450.jpg?fit=800%2C450&ssl=1&resize=525%2C300 1.5x, https:\/\/i0.wp.com\/www.freidenker.org\/fw17\/wp-content\/uploads\/2025\/10\/2021-09-16-Jan_Boehmermann_Deutscher_Fernsehpreis_2021_-3858_800x450.jpg?fit=800%2C450&ssl=1&resize=700%2C400 2x"},"classes":[]},{"id":22849,"url":"https:\/\/www.freidenker.org\/?p=22849","url_meta":{"origin":23638,"position":3},"title":"Corona-Enquete-Kommission konstituiert: CDU-&#8222;Impfbef\u00fcrworterin&#8220; als Vorsitzende","author":"Webredaktion","date":"15. September 2025","format":false,"excerpt":"Beitrag von Bernhard Loyen Der windige und unantastbare Karl Lauterbach hatte im April\u00a02023 kurzerhand die \"Corona-Pandemie f\u00fcr beendet\" erkl\u00e4rt. Was folgte, ist so weit bekannt und dokumentiert.\u00a0Am 8.\u00a0September dieses Jahres\u00a0\u2013 und damit zweieinhalb Jahre nach Lauterbachs willk\u00fcrlicher Mitteilung\u00a0\u2013\u00a0verk\u00fcndet nun die Website des Bundestags, dass sich die \"Enquete-Kommission zur Corona-Pandemie\" konstituiert\u2026","rel":"","context":"In &quot;Demokratie \u2013 Medien \u2013 Aufkl\u00e4rung&quot;","block_context":{"text":"Demokratie \u2013 Medien \u2013 Aufkl\u00e4rung","link":"https:\/\/www.freidenker.org\/?cat=12"},"img":{"alt_text":"","src":"https:\/\/i0.wp.com\/www.freidenker.org\/fw17\/wp-content\/uploads\/2025\/09\/covid-5859407_800x450.jpg?fit=800%2C450&ssl=1&resize=350%2C200","width":350,"height":200,"srcset":"https:\/\/i0.wp.com\/www.freidenker.org\/fw17\/wp-content\/uploads\/2025\/09\/covid-5859407_800x450.jpg?fit=800%2C450&ssl=1&resize=350%2C200 1x, https:\/\/i0.wp.com\/www.freidenker.org\/fw17\/wp-content\/uploads\/2025\/09\/covid-5859407_800x450.jpg?fit=800%2C450&ssl=1&resize=525%2C300 1.5x, https:\/\/i0.wp.com\/www.freidenker.org\/fw17\/wp-content\/uploads\/2025\/09\/covid-5859407_800x450.jpg?fit=800%2C450&ssl=1&resize=700%2C400 2x"},"classes":[]},{"id":23498,"url":"https:\/\/www.freidenker.org\/?p=23498","url_meta":{"origin":23638,"position":4},"title":"Daten, welche Daten?","author":"Webredaktion","date":"8. November 2025","format":false,"excerpt":"Der n\u00e4chste Skandal des Paul-Ehrlich-Instituts in der \"Corona-Aufarbeitung\" Beitrag von Bernhard Loyen Die wesentlichen Aufdeckungen und Enth\u00fcllungen zu den Themen der mutwilligen N\u00f6tigung von Politik und zuarbeitenden Medien in drei langen Jahren, der rigiden inhumanen Ma\u00dfnahmenpolitik mit Ans\u00e4tzen totalit\u00e4rer Neigungen und Absichten sowie dem selbstverst\u00e4ndlichen Agieren, also Zuarbeiten, eines Gro\u00dfteils\u2026","rel":"","context":"In &quot;Demokratie \u2013 Medien \u2013 Aufkl\u00e4rung&quot;","block_context":{"text":"Demokratie \u2013 Medien \u2013 Aufkl\u00e4rung","link":"https:\/\/www.freidenker.org\/?cat=12"},"img":{"alt_text":"","src":"https:\/\/i0.wp.com\/www.freidenker.org\/fw17\/wp-content\/uploads\/2025\/11\/Paul_Ehrlich_Institut_800x450.jpg?fit=800%2C450&ssl=1&resize=350%2C200","width":350,"height":200,"srcset":"https:\/\/i0.wp.com\/www.freidenker.org\/fw17\/wp-content\/uploads\/2025\/11\/Paul_Ehrlich_Institut_800x450.jpg?fit=800%2C450&ssl=1&resize=350%2C200 1x, https:\/\/i0.wp.com\/www.freidenker.org\/fw17\/wp-content\/uploads\/2025\/11\/Paul_Ehrlich_Institut_800x450.jpg?fit=800%2C450&ssl=1&resize=525%2C300 1.5x, https:\/\/i0.wp.com\/www.freidenker.org\/fw17\/wp-content\/uploads\/2025\/11\/Paul_Ehrlich_Institut_800x450.jpg?fit=800%2C450&ssl=1&resize=700%2C400 2x"},"classes":[]},{"id":22398,"url":"https:\/\/www.freidenker.org\/?p=22398","url_meta":{"origin":23638,"position":5},"title":"Enquete-Kommission Corona: Der elendige Versuch, die T\u00e4ter reinzuwaschen","author":"Webredaktion","date":"15. Juli 2025","format":false,"excerpt":"Beitrag von Bernhard Loyen Die n\u00fcchterne Nachricht\u00a0wurde medial \u00fcber alle verf\u00fcgbaren Kan\u00e4le der Mainstreammedien und \u00f6ffentlich-rechtlichen Rundfunkanstalten ins Land verk\u00fcndet: Die Politik simuliert den Willen zur dringend notwendigen \"Corona-Aufarbeitung\". Diese Formulierung ist nat\u00fcrlich schon wieder mit Skepsis gew\u00fcrzt, daher die offizielle Schreibweise der weiterhin tonangebenden und einflussreichen\u00a0ARD-Tagesschau vom 10. Juli:\u2026","rel":"","context":"In &quot;Demokratie \u2013 Medien \u2013 Aufkl\u00e4rung&quot;","block_context":{"text":"Demokratie \u2013 Medien \u2013 Aufkl\u00e4rung","link":"https:\/\/www.freidenker.org\/?cat=12"},"img":{"alt_text":"","src":"https:\/\/i0.wp.com\/www.freidenker.org\/fw17\/wp-content\/uploads\/2025\/07\/ColognePride_2021_CSD-Veedel-3914_800x450.jpg?fit=800%2C450&ssl=1&resize=350%2C200","width":350,"height":200,"srcset":"https:\/\/i0.wp.com\/www.freidenker.org\/fw17\/wp-content\/uploads\/2025\/07\/ColognePride_2021_CSD-Veedel-3914_800x450.jpg?fit=800%2C450&ssl=1&resize=350%2C200 1x, https:\/\/i0.wp.com\/www.freidenker.org\/fw17\/wp-content\/uploads\/2025\/07\/ColognePride_2021_CSD-Veedel-3914_800x450.jpg?fit=800%2C450&ssl=1&resize=525%2C300 1.5x, https:\/\/i0.wp.com\/www.freidenker.org\/fw17\/wp-content\/uploads\/2025\/07\/ColognePride_2021_CSD-Veedel-3914_800x450.jpg?fit=800%2C450&ssl=1&resize=700%2C400 2x"},"classes":[]}],"_links":{"self":[{"href":"https:\/\/www.freidenker.org\/index.php?rest_route=\/wp\/v2\/posts\/23638","targetHints":{"allow":["GET"]}}],"collection":[{"href":"https:\/\/www.freidenker.org\/index.php?rest_route=\/wp\/v2\/posts"}],"about":[{"href":"https:\/\/www.freidenker.org\/index.php?rest_route=\/wp\/v2\/types\/post"}],"author":[{"embeddable":true,"href":"https:\/\/www.freidenker.org\/index.php?rest_route=\/wp\/v2\/users\/3"}],"replies":[{"embeddable":true,"href":"https:\/\/www.freidenker.org\/index.php?rest_route=%2Fwp%2Fv2%2Fcomments&post=23638"}],"version-history":[{"count":2,"href":"https:\/\/www.freidenker.org\/index.php?rest_route=\/wp\/v2\/posts\/23638\/revisions"}],"predecessor-version":[{"id":23658,"href":"https:\/\/www.freidenker.org\/index.php?rest_route=\/wp\/v2\/posts\/23638\/revisions\/23658"}],"wp:featuredmedia":[{"embeddable":true,"href":"https:\/\/www.freidenker.org\/index.php?rest_route=\/wp\/v2\/media\/23644"}],"wp:attachment":[{"href":"https:\/\/www.freidenker.org\/index.php?rest_route=%2Fwp%2Fv2%2Fmedia&parent=23638"}],"wp:term":[{"taxonomy":"category","embeddable":true,"href":"https:\/\/www.freidenker.org\/index.php?rest_route=%2Fwp%2Fv2%2Fcategories&post=23638"},{"taxonomy":"post_tag","embeddable":true,"href":"https:\/\/www.freidenker.org\/index.php?rest_route=%2Fwp%2Fv2%2Ftags&post=23638"}],"curies":[{"name":"wp","href":"https:\/\/api.w.org\/{rel}","templated":true}]}}