{"id":23609,"date":"2025-11-21T23:55:32","date_gmt":"2025-11-21T22:55:32","guid":{"rendered":"https:\/\/www.freidenker.org\/?p=23609"},"modified":"2025-12-18T00:19:58","modified_gmt":"2025-12-17T23:19:58","slug":"historische-ablaeufe-als-zumutung","status":"publish","type":"post","link":"https:\/\/www.freidenker.org\/?p=23609","title":{"rendered":"Historische Abl\u00e4ufe als Zumutung"},"content":{"rendered":"<h4 class=\"HeadLine-root HeadLine-type_2 \">Warum eine Zeitung ein Lawrow-Interview nicht ver\u00f6ffentlicht<\/h4>\n<p><strong>Eine italienische Zeitung hat ein Interview mit Sergei Lawrow nicht gebracht. Das Problem: Der russische Au\u00dfenminister schildert Abl\u00e4ufe und Fakten. Da sich das, was Lawrow sagt, nicht als Desinformation entlarven l\u00e4sst, wird es einfach unterdr\u00fcckt. Westeurop\u00e4ischer Mainstream h\u00e4lt seine Leser dumm.<\/strong><\/p>\n<p><em>Von <strong>Gert Ewen Ungar<\/strong><\/em><\/p>\n<p><span style=\"font-size: 10pt;\">Erstver\u00f6ffentlichung am 16.11.2025 auf <a href=\"https:\/\/freedert.online\/meinung\/261686-historische-ablaeufe-als-zumutung-warum\/\" target=\"_blank\" rel=\"noopener\">RT DE<\/a><\/span><\/p>\n<div class=\"EmbedBlock-root EmbedBlock-all\">\n<div class=\"AllEmbed\"><iframe loading=\"lazy\" title=\"Historische Abl\u00e4ufe als Zumutung \u2013 Warum eine Zeitung ein Lawrow-Interview nicht ver\u00f6ffentlicht\" src=\"https:\/\/www.podbean.com\/player-v2\/?i=uniun-19c5646-pb&amp;from=pb6admin&amp;share=1&amp;download=1&amp;rtl=0&amp;fonts=Arial&amp;skin=f6f6f6&amp;font-color=&amp;logo_link=episode_page&amp;btn-skin=7\" width=\"100%\" height=\"150\" scrolling=\"no\" data-name=\"pb-iframe-player\" data-mce-fragment=\"1\"><\/iframe><\/div>\n<\/div>\n<p>Das russische Au\u00dfenministerium hat der italienischen Tageszeitung <em>Corriere della Sera<\/em> ein Interview mit Au\u00dfenminister Sergei Lawrow angeboten. Die Zeitung nahm das Angebot an und schickte Fragen. Die Fragen speisen sich aus dem Geist der westlichen Propaganda. Die Antworten Lawrows darauf korrigieren diese Sicht, indem sie den Ukraine-Krieg in die historischen Abl\u00e4ufe einordnen und die Fehler im westlichen Narrativ \u00fcber Russland berichtigen.<\/p>\n<p>Lawrow schildert unter anderem, welchen Anteil der Westen an der Eskalation des Konflikts habe und wie vor allem die EU den Krieg in die L\u00e4nge ziehe. Lawrow korrigiert die Behauptung, beim Krieg in der Ukraine handele es sich um einen imperialistischen Angriffskrieg Russlands, bei dem das Motiv der Landnahme im Zentrum stehe. Lawrow erl\u00e4utert zudem, wie der Westen die Sicherheitsarchitektur in Europa durch die Absicht, die Ukraine in die NATO aufzunehmen, zerst\u00f6rt habe. Er wiederholt die Einladung an die westlichen Staaten, an der Errichtung einer neuen Sicherheitsarchitektur auf der Grundlage des Prinzips gegenseitigen Respekts mitzuarbeiten.<\/p>\n<div class=\"embed-twitter\">\n<blockquote class=\"twitter-tweet\" data-width=\"550\" data-dnt=\"true\">\n<p lang=\"de\" dir=\"ltr\">Weil die Ausf\u00fchrungen von Russlands Au\u00dfenminister <br \/>Sergei Lawrow nicht ins Narrativ passen, ver\u00f6ffentlicht die italienische Zeitung Corriere della Sera ein Interview mit ihm nicht. <br \/>Das Interview wurde nun vom russischen Au\u00dfenministerium ver\u00f6ffentlicht<a href=\"https:\/\/t.co\/hzYpNw47DD\">https:\/\/t.co\/hzYpNw47DD<\/a><\/p>\n<p>&mdash; Gert Ewen Ungar (@GertEwen) <a href=\"https:\/\/twitter.com\/GertEwen\/status\/1988892208708137367?ref_src=twsrc%5Etfw\">November 13, 2025<\/a><\/p><\/blockquote>\n<p><script async src=\"https:\/\/platform.twitter.com\/widgets.js\" charset=\"utf-8\"><\/script><\/div>\n<div class=\"EmbedBlock-root EmbedBlock-twitter\">\n<div class=\"TwitterEmbed\">\n<div class=\"twitter-tweet twitter-tweet-rendered\">Dass sich Lawrow diese Freiheit nimmt, war allerdings schon zu viel f\u00fcr ein Medium des westlichen Mainstreams. Die Redaktion des<em> Corriere della Sera<\/em> hat sich entschieden, das Interview nicht zu ver\u00f6ffentlichen. Das lesenswerte <a href=\"https:\/\/mid.ru\/en\/foreign_policy\/news\/2058998\/\" target=\"_blank\" rel=\"noopener noreferrer\">Interview <\/a>wurde inzwischen auf der Seite des russischen Au\u00dfenministeriums publiziert. Die Entscheidung des <em>Corriere della Sera<\/em> f\u00fcgt dem Bild, das den Zustand des westeurop\u00e4ischen Journalismus zeigt, ein weiteres Mosaiksteinchen hinzu.<\/div>\n<\/div>\n<\/div>\n<p>Dieser Zustand ist ganz einfach in Worte zu fassen: Wer vom offiziellen Narrativ abweicht, wird gecancelt. Abweichungen vom eng gesteckten Korridor des Sagbaren werden nicht zugelassen. Eine offene Diskussion \u00fcber die Ursachen des Ukraine-Kriegs findet daher nicht statt. Da diese Diskussion nicht stattfindet und das offizielle Narrativ darauf besteht, dass die alleinige Schuld f\u00fcr den Krieg bei Russland liegt, kann Westeuropa zu einer L\u00f6sung des Konflikts nichts beitragen. Der Weg, eine L\u00f6sung und einen Ausgleich der Interessen zu finden, ist durch die Leugnung der eigenen Mitverantwortung f\u00fcr die Entstehung des Konflikts und durch das Beharren auf der absoluten Richtigkeit der eigenen Position verbaut.\u00a0Weil die Realit\u00e4t der Abl\u00e4ufe aber das westliche Propaganda-Narrativ in seinen Grundfesten ersch\u00fcttert und zum Einsturz bringt, ist man nicht mehr in der Lage, die Schilderung dieser historischen Abl\u00e4ufe zu ertragen. Sie erscheinen als Zumutung.<\/p>\n<p>Nichts an dem, was Lawrow sagt, ist falsch. Nichts ist Propaganda oder Desinformation \u2013 genau das aber ist das Problem. W\u00e4re das der Fall, lie\u00dfe es sich schnell entlarven. Wahrheit l\u00e4sst sich aber nicht als falsch entlarven. Sie l\u00e4sst sich nur verschweigen. Zu diesem Mittel greift der <em>Corriere della sera<\/em>.<\/p>\n<p>Falsch sind dagegen die Annahmen, auf denen die an an Lawrow gestellten Fragen beruhen. Lawrows Antworten decken das auf.<\/p>\n<p>Die Frage beispielsweise, &#8222;hat der bewaffnete Konflikt in der Ukraine und die darauf folgende internationale Isolation Russlands es Russland nicht unm\u00f6glich gemacht, in anderen Krisengebieten, wie etwa im Nahen Osten, effektiver zu agieren?&#8220;, beruht auf der Annahme, Russland sei isoliert. Das deckt sich zwar mit der in Westeuropa ver\u00f6ffentlichten Desinformation und Propaganda, entspricht aber nicht den Tatsachen.<\/p>\n<p>Das Gegenteil ist der Fall. Russland ist inzwischen ein wesentlich bedeutenderer internationaler Player als die EU. Die EU droht inzwischen aller Welt mit Konsequenzen, wenn EU-Vorgaben wie die Russlandsanktionen nicht umgesetzt werden. Sie macht sich so Widersacher in aller Welt, denn es macht die EU und B\u00fcndnisse mit ihr unattraktiv. Russland bietet dagegen Kooperation und bleibt f\u00fcr Gespr\u00e4che und Verhandlungen auf Augenh\u00f6he offen. Kooperationen mit Russland \u00f6ffnen Perspektiven, Br\u00fcssel dagegen fordert Unterordnung. Br\u00fcssel tr\u00e4gt ganz offen imperialistische und neokoloniale Arroganz zur Schau.<\/p>\n<p>Westeuropa ist daher isoliert und hat sich mit dem Festhalten an den eigenen Narrativen von der Partizipation an der internationalen Diskussion obendrein entkoppelt. Was sowohl der <em>Corriere della Sera<\/em> als auch\u00a0andere\u00a0Medien des Mainstreams n\u00e4mlich \u00fcbersehen: Die westeurop\u00e4ischen Narrative gelten nur regional, n\u00e4mlich in Westeuropa. Au\u00dferhalb haben sie keine G\u00fcltigkeit. Sie wirken im Gegenteil l\u00e4cherlich, verbohrt und in ihrer Leugnung von Abl\u00e4ufen und Fakten idiotisch.<\/p>\n<p>Das ist ein Problem, \u00fcber das man in Westeuropa nicht nachdenkt. Der Krieg geht n\u00e4mlich auch an der Informationsfront verloren. Man war in der EU so vermessen, zu glauben, die Welt lie\u00dfe sich eine verk\u00fcrzte westliche Sicht zum Ukraine-Konflikt aufzwingen. Das ist gescheitert. Inzwischen lassen sich die Informationen, die auf den aggressiven Charakter Westeuropas hindeuten, auch nicht mehr entsprechend umdeuten und umschreiben. Es sind zu viele, und sie sind zu eindeutig. Sie m\u00fcssen daher unterdr\u00fcckt werden, wie der Vorfall um das Interview mit Lawrow deutlich macht.<\/p>\n<p>Das Misstrauen gegen\u00fcber den eigenen Medien ist in Westeuropa inzwischen so gro\u00df, dass auch ein journalistisch ins Narrativ &#8222;eingeordnetes&#8220; Interview mit Lawrow nicht mehr gebracht werden kann. Es muss komplett verschwiegen werden. Stattdessen setzt man auf immer schrillere T\u00f6ne, auf noch lauteres Kriegsgeschrei und immer hysterischer klingende Russophobie \u2013 das Vertrauen in die Medien l\u00e4sst sich dadurch nat\u00fcrlich nicht zur\u00fcckgewinnen. Was allerdings als Nebenwirkung produziert wird, ist, dass man die Konsumenten des Mainstreams an ihrer Einfalt und der Schlichtheit ihrer Gedanken zu komplexen Themen sofort erkennt.<\/p>\n<p style=\"text-align: right;\"><em>Gert-Ewen Ungar studierte Philosophie und Germanistik und schreibt regelm\u00e4\u00dfig f\u00fcr die <a href=\"https:\/\/www.neulandrebellen.de\/\" target=\"_blank\" rel=\"noopener\">Neulandrebellen<\/a><\/em><\/p>\n<hr \/>\n<p><span style=\"font-size: 10pt;\">Bild oben: Der Au\u00dfenminister der Russischen F\u00f6deration Sergei Lawrow, hier 2022 auf der Generalversammlung der Kommission der Russischen F\u00f6deration f\u00fcr UNESCO-Angelegenheiten<\/span><br \/>\n<span style=\"font-size: 10pt;\">Foto: Tatarstan.ru, <a href=\"https:\/\/creativecommons.org\/licenses\/by\/4.0\" target=\"_blank\" rel=\"noopener\">CC BY 4.0<\/a>, <\/span><br \/>\n<span style=\"font-size: 10pt;\">Quelle: <a href=\"https:\/\/commons.wikimedia.org\/w\/index.php?curid=164091707\" target=\"_blank\" rel=\"noopener\">https:\/\/commons.wikimedia.org\/w\/index.php?curid=164091707<\/a><\/span><\/p>\n<p>&nbsp;<\/p>\n","protected":false},"excerpt":{"rendered":"<p><b>Beitrag von Gert Ewen Ungar<\/b><br \/>\nDas russische Au\u00dfenministerium hat der italienischen Tageszeitung Corriere della Sera ein Interview mit Au\u00dfenminister Sergei Lawrow angeboten. Die Zeitung nahm das Angebot an und schickte Fragen. Die Fragen speisen sich aus dem Geist der westlichen Propaganda. Die Antworten Lawrows darauf korrigieren diese Sicht, indem sie den Ukraine-Krieg in die historischen Abl\u00e4ufe einordnen und die Fehler im westlichen Narrativ \u00fcber Russland berichtigen.\u00a0[,,,] Dass sich Lawrow diese Freiheit nimmt, war allerdings schon zu viel f\u00fcr ein Medium des westlichen Mainstreams. Die Redaktion des Corriere della Sera hat sich entschieden, das Interview nicht zu ver\u00f6ffentlichen. Das lesenswerte Interview wurde inzwischen auf der Seite des russischen Au\u00dfenministeriums publiziert. <\/p>\n","protected":false},"author":3,"featured_media":23611,"comment_status":"closed","ping_status":"closed","sticky":false,"template":"","format":"standard","meta":{"colormag_page_container_layout":"default_layout","colormag_page_sidebar_layout":"default_layout","advanced_seo_description":"","jetpack_seo_html_title":"","jetpack_seo_noindex":false,"jetpack_post_was_ever_published":false,"footnotes":""},"categories":[12],"tags":[699,605,182,1599,62,1262,1978,1651,2890,56,2368,1388,637,222,2001,2734,639,527],"class_list":["post-23609","post","type-post","status-publish","format-standard","has-post-thumbnail","hentry","category-demokratie-medien-aufklaerung","tag-aussenpolitik","tag-desinformation","tag-eu","tag-informationskrieg","tag-interview","tag-italien","tag-kooperation","tag-minister","tag-narrativ","tag-nato","tag-perspektive","tag-presse","tag-propaganda","tag-russland","tag-sicherheit","tag-sicherheitsgarantien","tag-ukraine-konflikt","tag-zensur"],"jetpack_featured_media_url":"https:\/\/i0.wp.com\/www.freidenker.org\/fw17\/wp-content\/uploads\/2025\/11\/Lawrow_UNESCO_meeting_2022-12-20_01_800x450.jpg?fit=800%2C450&ssl=1","jetpack_shortlink":"https:\/\/wp.me\/p9stpK-68N","jetpack-related-posts":[{"id":17980,"url":"https:\/\/www.freidenker.org\/?p=17980","url_meta":{"origin":23609,"position":0},"title":"Die Bauernproteste in russischen Medien","author":"Webredaktion","date":"23. Januar 2024","format":false,"excerpt":"Beitrag von Gert Ewen Ungar Es wird Lenin zugeschrieben, gesagt zu haben, wenn die Deutschen einen Bahnhof st\u00fcrmen wollen, kaufen sie vorher eine Bahnsteigkarte. Mit umso mehr Erstaunen nahm man in Russland die Bauernproteste und ihren enormen Umfang zur Kenntnis. Russische Medien haben breit \u00fcber die landesweiten Aktionen berichtet. Die\u2026","rel":"","context":"In &quot;Demokratie \u2013 Medien \u2013 Aufkl\u00e4rung&quot;","block_context":{"text":"Demokratie \u2013 Medien \u2013 Aufkl\u00e4rung","link":"https:\/\/www.freidenker.org\/?cat=12"},"img":{"alt_text":"","src":"https:\/\/i0.wp.com\/www.freidenker.org\/fw17\/wp-content\/uploads\/2024\/01\/Bauernproteste_Nordhausen-6890_800x450.jpg?fit=800%2C450&ssl=1&resize=350%2C200","width":350,"height":200,"srcset":"https:\/\/i0.wp.com\/www.freidenker.org\/fw17\/wp-content\/uploads\/2024\/01\/Bauernproteste_Nordhausen-6890_800x450.jpg?fit=800%2C450&ssl=1&resize=350%2C200 1x, https:\/\/i0.wp.com\/www.freidenker.org\/fw17\/wp-content\/uploads\/2024\/01\/Bauernproteste_Nordhausen-6890_800x450.jpg?fit=800%2C450&ssl=1&resize=525%2C300 1.5x, https:\/\/i0.wp.com\/www.freidenker.org\/fw17\/wp-content\/uploads\/2024\/01\/Bauernproteste_Nordhausen-6890_800x450.jpg?fit=800%2C450&ssl=1&resize=700%2C400 2x"},"classes":[]},{"id":17055,"url":"https:\/\/www.freidenker.org\/?p=17055","url_meta":{"origin":23609,"position":1},"title":"Wie der Spiegel \u00fcber Lawrows Rede im UN-Sicherheitsrat berichtet","author":"Webredaktion","date":"23. September 2023","format":false,"excerpt":"Beitrag von Anti-Spiegel (d.i. Thomas R\u00f6per) Ich habe die Rede, die der russische Au\u00dfenminister Lawrow im UN-Sicherheitsrat gehalten hat, komplett \u00fcbersetzt und dazu geschrieben, dass deutsche Medien \u00fcber den Inhalt der Rede nicht berichten werden. Die Rede von Lawrow war ausf\u00fchrlich und lang und Lawrow hat darin den russischen Standpunkt\u2026","rel":"","context":"In &quot;Demokratie \u2013 Medien \u2013 Aufkl\u00e4rung&quot;","block_context":{"text":"Demokratie \u2013 Medien \u2013 Aufkl\u00e4rung","link":"https:\/\/www.freidenker.org\/?cat=12"},"img":{"alt_text":"","src":"https:\/\/i0.wp.com\/www.freidenker.org\/fw17\/wp-content\/uploads\/2023\/09\/spiegel_lawrow_800x450.jpg?fit=800%2C450&ssl=1&resize=350%2C200","width":350,"height":200,"srcset":"https:\/\/i0.wp.com\/www.freidenker.org\/fw17\/wp-content\/uploads\/2023\/09\/spiegel_lawrow_800x450.jpg?fit=800%2C450&ssl=1&resize=350%2C200 1x, https:\/\/i0.wp.com\/www.freidenker.org\/fw17\/wp-content\/uploads\/2023\/09\/spiegel_lawrow_800x450.jpg?fit=800%2C450&ssl=1&resize=525%2C300 1.5x, https:\/\/i0.wp.com\/www.freidenker.org\/fw17\/wp-content\/uploads\/2023\/09\/spiegel_lawrow_800x450.jpg?fit=800%2C450&ssl=1&resize=700%2C400 2x"},"classes":[]},{"id":16863,"url":"https:\/\/www.freidenker.org\/?p=16863","url_meta":{"origin":23609,"position":2},"title":"Scholz schockiert: &#8222;Putin beschwert sich gar nicht \u00fcber die Sanktionen&#8220;","author":"Webredaktion","date":"30. August 2023","format":false,"excerpt":"Beitrag von Gert Ewen Ungar Die BILD-Zeitung ver\u00f6ffentlichte Teile aus einem Telefongespr\u00e4ch, das Bundeskanzler Scholz mit dem franz\u00f6sischen Pr\u00e4sidenten Macron gef\u00fchrt hat, nachdem beide zuvor mit Russlands Pr\u00e4sident Putin gesprochen hatten. Das Telefongespr\u00e4ch fand Anfang M\u00e4rz 2022 statt, am neunten Tag nach Beginn der milit\u00e4rischen Spezialoperation. Die Friedensverhandlungen zwischen der\u2026","rel":"","context":"In &quot;Demokratie \u2013 Medien \u2013 Aufkl\u00e4rung&quot;","block_context":{"text":"Demokratie \u2013 Medien \u2013 Aufkl\u00e4rung","link":"https:\/\/www.freidenker.org\/?cat=12"},"img":{"alt_text":"","src":"https:\/\/i0.wp.com\/www.freidenker.org\/fw17\/wp-content\/uploads\/2023\/08\/selenski-macron-scholz_800x450.jpg?fit=800%2C450&ssl=1&resize=350%2C200","width":350,"height":200,"srcset":"https:\/\/i0.wp.com\/www.freidenker.org\/fw17\/wp-content\/uploads\/2023\/08\/selenski-macron-scholz_800x450.jpg?fit=800%2C450&ssl=1&resize=350%2C200 1x, https:\/\/i0.wp.com\/www.freidenker.org\/fw17\/wp-content\/uploads\/2023\/08\/selenski-macron-scholz_800x450.jpg?fit=800%2C450&ssl=1&resize=525%2C300 1.5x, https:\/\/i0.wp.com\/www.freidenker.org\/fw17\/wp-content\/uploads\/2023\/08\/selenski-macron-scholz_800x450.jpg?fit=800%2C450&ssl=1&resize=700%2C400 2x"},"classes":[]},{"id":18276,"url":"https:\/\/www.freidenker.org\/?p=18276","url_meta":{"origin":23609,"position":3},"title":"Wiederholungszwang bei Fehlern","author":"Webredaktion","date":"22. Februar 2024","format":false,"excerpt":"Beitrag von Gert Ewen Ungar In Deutschland entwickelt sich eine hochbrisante gesellschaftspolitische Gemengelage aus Repression, wirtschaftlichem Niedergang und Kriegswillen. Es hat den Anschein, als w\u00fcrde Deutschland wie im Zwang alle seine gemachten historischen Fehler wiederholen. Das Bild, das Deutschland abgibt, verhei\u00dft f\u00fcr die Zukunft nichts Gutes. Im Inland herrscht ein\u2026","rel":"","context":"In &quot;Demokratie \u2013 Medien \u2013 Aufkl\u00e4rung&quot;","block_context":{"text":"Demokratie \u2013 Medien \u2013 Aufkl\u00e4rung","link":"https:\/\/www.freidenker.org\/?cat=12"},"img":{"alt_text":"","src":"https:\/\/i0.wp.com\/www.freidenker.org\/fw17\/wp-content\/uploads\/2024\/02\/Reichstag_after_the_allied_bombing_of_Berlin_800x450.jpg?fit=800%2C450&ssl=1&resize=350%2C200","width":350,"height":200,"srcset":"https:\/\/i0.wp.com\/www.freidenker.org\/fw17\/wp-content\/uploads\/2024\/02\/Reichstag_after_the_allied_bombing_of_Berlin_800x450.jpg?fit=800%2C450&ssl=1&resize=350%2C200 1x, https:\/\/i0.wp.com\/www.freidenker.org\/fw17\/wp-content\/uploads\/2024\/02\/Reichstag_after_the_allied_bombing_of_Berlin_800x450.jpg?fit=800%2C450&ssl=1&resize=525%2C300 1.5x, https:\/\/i0.wp.com\/www.freidenker.org\/fw17\/wp-content\/uploads\/2024\/02\/Reichstag_after_the_allied_bombing_of_Berlin_800x450.jpg?fit=800%2C450&ssl=1&resize=700%2C400 2x"},"classes":[]},{"id":19887,"url":"https:\/\/www.freidenker.org\/?p=19887","url_meta":{"origin":23609,"position":4},"title":"Zensur von RT: Ende der liberalen Demokratien","author":"Webredaktion","date":"23. September 2024","format":false,"excerpt":"Beitrag von Gert Ewen Ungar\u00a0 In einer konzertierten Aktion versetzt der kollektive Westen unter F\u00fchrung der USA der Presse- und Meinungsfreiheit einen weiteren Schlag. Im Zentrum der Attacke steht erneut\u00a0RT. Nachdem die USA neue Sanktionen gegen den russischen Sender verh\u00e4ngt haben, hat nun auch der eng mit der US-Administration verflochtene\u2026","rel":"","context":"In &quot;Demokratie \u2013 Medien \u2013 Aufkl\u00e4rung&quot;","block_context":{"text":"Demokratie \u2013 Medien \u2013 Aufkl\u00e4rung","link":"https:\/\/www.freidenker.org\/?cat=12"},"img":{"alt_text":"","src":"https:\/\/i0.wp.com\/www.freidenker.org\/fw17\/wp-content\/uploads\/2024\/09\/Secretary_Blinken_Delivers_Remarks_in_the_Press_Briefing_Room_53992799309_800x450.jpg?fit=800%2C450&ssl=1&resize=350%2C200","width":350,"height":200,"srcset":"https:\/\/i0.wp.com\/www.freidenker.org\/fw17\/wp-content\/uploads\/2024\/09\/Secretary_Blinken_Delivers_Remarks_in_the_Press_Briefing_Room_53992799309_800x450.jpg?fit=800%2C450&ssl=1&resize=350%2C200 1x, https:\/\/i0.wp.com\/www.freidenker.org\/fw17\/wp-content\/uploads\/2024\/09\/Secretary_Blinken_Delivers_Remarks_in_the_Press_Briefing_Room_53992799309_800x450.jpg?fit=800%2C450&ssl=1&resize=525%2C300 1.5x, https:\/\/i0.wp.com\/www.freidenker.org\/fw17\/wp-content\/uploads\/2024\/09\/Secretary_Blinken_Delivers_Remarks_in_the_Press_Briefing_Room_53992799309_800x450.jpg?fit=800%2C450&ssl=1&resize=700%2C400 2x"},"classes":[]},{"id":14665,"url":"https:\/\/www.freidenker.org\/?p=14665","url_meta":{"origin":23609,"position":5},"title":"&#8222;Warum stoppt niemand RT DE?&#8220;","author":"Webredaktion","date":"15. November 2022","format":false,"excerpt":"Beitrag von Gert Ewen Ungar Mit dem\u00a0der als Dokumentation getarnten Propagandasendung \"Russlands deutsche Propagandakrieger\" l\u00e4utet das ZDF die n\u00e4chste Runde im Kampf gegen russische Medien, vor allem aber gegen eine ausgewogene Berichterstattung und Diskussion zum Themenkomplex Ukraine-Konflikt ein.\u00a0Es ist ein weiterer Schritt in Richtung einer bereitwilligen Preisgabe grundlegender journalistischer Standards\u2026","rel":"","context":"In &quot;Demokratie \u2013 Medien \u2013 Aufkl\u00e4rung&quot;","block_context":{"text":"Demokratie \u2013 Medien \u2013 Aufkl\u00e4rung","link":"https:\/\/www.freidenker.org\/?cat=12"},"img":{"alt_text":"","src":"https:\/\/i0.wp.com\/www.freidenker.org\/fw17\/wp-content\/uploads\/2022\/11\/Lampe_-Russia_Today_800x450.jpg?fit=800%2C450&ssl=1&resize=350%2C200","width":350,"height":200,"srcset":"https:\/\/i0.wp.com\/www.freidenker.org\/fw17\/wp-content\/uploads\/2022\/11\/Lampe_-Russia_Today_800x450.jpg?fit=800%2C450&ssl=1&resize=350%2C200 1x, https:\/\/i0.wp.com\/www.freidenker.org\/fw17\/wp-content\/uploads\/2022\/11\/Lampe_-Russia_Today_800x450.jpg?fit=800%2C450&ssl=1&resize=525%2C300 1.5x, https:\/\/i0.wp.com\/www.freidenker.org\/fw17\/wp-content\/uploads\/2022\/11\/Lampe_-Russia_Today_800x450.jpg?fit=800%2C450&ssl=1&resize=700%2C400 2x"},"classes":[]}],"_links":{"self":[{"href":"https:\/\/www.freidenker.org\/index.php?rest_route=\/wp\/v2\/posts\/23609","targetHints":{"allow":["GET"]}}],"collection":[{"href":"https:\/\/www.freidenker.org\/index.php?rest_route=\/wp\/v2\/posts"}],"about":[{"href":"https:\/\/www.freidenker.org\/index.php?rest_route=\/wp\/v2\/types\/post"}],"author":[{"embeddable":true,"href":"https:\/\/www.freidenker.org\/index.php?rest_route=\/wp\/v2\/users\/3"}],"replies":[{"embeddable":true,"href":"https:\/\/www.freidenker.org\/index.php?rest_route=%2Fwp%2Fv2%2Fcomments&post=23609"}],"version-history":[{"count":2,"href":"https:\/\/www.freidenker.org\/index.php?rest_route=\/wp\/v2\/posts\/23609\/revisions"}],"predecessor-version":[{"id":23612,"href":"https:\/\/www.freidenker.org\/index.php?rest_route=\/wp\/v2\/posts\/23609\/revisions\/23612"}],"wp:featuredmedia":[{"embeddable":true,"href":"https:\/\/www.freidenker.org\/index.php?rest_route=\/wp\/v2\/media\/23611"}],"wp:attachment":[{"href":"https:\/\/www.freidenker.org\/index.php?rest_route=%2Fwp%2Fv2%2Fmedia&parent=23609"}],"wp:term":[{"taxonomy":"category","embeddable":true,"href":"https:\/\/www.freidenker.org\/index.php?rest_route=%2Fwp%2Fv2%2Fcategories&post=23609"},{"taxonomy":"post_tag","embeddable":true,"href":"https:\/\/www.freidenker.org\/index.php?rest_route=%2Fwp%2Fv2%2Ftags&post=23609"}],"curies":[{"name":"wp","href":"https:\/\/api.w.org\/{rel}","templated":true}]}}