{"id":23605,"date":"2025-11-21T23:57:54","date_gmt":"2025-11-21T22:57:54","guid":{"rendered":"https:\/\/www.freidenker.org\/?p=23605"},"modified":"2025-12-18T00:20:27","modified_gmt":"2025-12-17T23:20:27","slug":"80-jahre-nuernberger-prozesse-nicht-nur-erinnerung","status":"publish","type":"post","link":"https:\/\/www.freidenker.org\/?p=23605","title":{"rendered":"80 Jahre N\u00fcrnberger Prozesse \u2013 nicht nur Erinnerung"},"content":{"rendered":"<p><em>Von <strong>Hans Bauer<\/strong><\/em><\/p>\n<p><span style=\"font-size: 10pt;\">Erstver\u00f6ffentlichung am 20.11.2025 auf <a href=\"https:\/\/www.kundschafter-ddr.de\/80-jahre-nuernberger-prozesse-nicht-nur-erinnerung\/\" target=\"_blank\" rel=\"noopener\">kundschafter-ddr.de<\/a><\/span><\/p>\n<p>Am 20. November 1945 wurde der N\u00fcrnberger Hauptkriegsverbrecherprozess vor dem Internationalen Milit\u00e4rgerichtshof (IMG) er\u00f6ffnet. Ankl\u00e4ger waren die vier Alliierten Sowjetunion, Frankreich, Gro\u00dfbritannien und die USA. Grundlage war das Vierm\u00e4chteabkommen und das Kontrollratsgesetz Nr.10. Die Anklagen gegen die f\u00fchrenden Faschisten lauteten auf Kriegsverbrechen, Verbrechen gegen den Frieden und die Menschlichkeit. 19 der 24 Angeklagten wurden mit Urteilen vom 30.9.\/1.10. 1946 schuldig gesprochen; 12 wurden zum Tode, die \u00fcbrigen zu Gef\u00e4ngnisstrafen verurteilt. Das NSDAP-F\u00fchrerkorps, die Gestapo, der SD und die SS wurden zu verbrecherischen Organisationen erkl\u00e4rt.<\/p>\n<p>Dieser Prozess war der erste und einzige der 13 N\u00fcrnberger Kriegsverbrecherprozesse vor dem Internationalen Milit\u00e4rgerichtshof. Der von den USA und Gro\u00dfbritannien begonnene Kalte Krieg gegen die Sowjetunion verhinderte die Fortsetzung der gemeinsamen Verfahren. Prozesse f\u00fchrten nun die Besatzungsm\u00e4chte jeweils allein durch. Ihre Zahl wird auf mehrere Tausend mit \u00fcber 50.000 Verurteilten gesch\u00e4tzt. Weitere Prozesse fanden u. a. vor dem Internationalen Milit\u00e4rgerichtshof f\u00fcr den Fernen Osten 1946 bis 1948 in Japan statt.<\/p>\n<p>Anfang der 1950-er Jahre \u00fcbertrugen die Besatzungsm\u00e4chte in Deutschland die Strafverfolgung beiden deutschen Staaten. Diese waren nun gem\u00e4\u00df Potsdamer Abkommen eigenverantwortlich f\u00fcr die Verfolgung von Nazi- und Kriegsverbrechen. Die DDR begann konsequent mit der Umsetzung. Die Bundesrepublik unter Adenauer betrachtete sich seit Gr\u00fcndung als Fortsetzung des Deutschen Reichs. Sie r\u00fcstete auf, erhob revanchistische Forderungen und verhinderte mit Unterst\u00fctzung der Westm\u00e4chte ein einheitliches neutrales Deutschland.<\/p>\n<p>F\u00fcr seine antikommunistische Politik brauchte es die \u201eFachkunde\u201c des Faschismus. Somit betrieb es die Entnazifizierung und Verfolgung nur halbherzig bis gar nicht. Massenm\u00f6rder und Kriegsverbrecher begleiteten h\u00f6chste staatliche \u00c4mter. Das \u201eBraunbuch\u201c der DDR entlarvt mit \u00fcber 1.800 F\u00e4llen diese braune Politik. Den Zustand charakterisierte der Hessische Generalstaatsanwalt Fritz Bauer, der mutig den Auschwitzprozess initiierte, treffend mit den Worten, dass er sich in einem \u201efeindlichen Umfeld\u201c w\u00e4hnte.<\/p>\n<p>Die DDR verfolgte die T\u00e4ter bis zum Ende ihrer Existenz. Herausragend der Prozess gegen den abwesenden Kanzleramtsminister der BRD, Globke, ein Judenm\u00f6rder. Allein die Zahl der Verurteilten in Ost und West belegt den Unterschied: Von der BRD wurden ca. 7 000 T\u00e4ter bestraft, in der DDR nahezu 13 000. Obwohl die Bev\u00f6lkerung der DDR geringer, viele T\u00e4ter nach dem Westen geflohen waren. Eine radikale Bew\u00e4ltigung des Faschismus hat die BRD nie betrieben. Das belegen auch westdeutsche Publizisten \u00fcberzeugend, wie Lutz Lehmann oder Reinhard Opitz. nach 1990 Erich K\u00f6hler, Kurt Goldstein und andere. Selbst der 5. Strafsenat des BGH musste 1995 selbstkritisch zugeben, dass keine Richter und Staatsanw\u00e4lte wegen ihrer Verbrechen im NS-Staat verurteilt wurden.<\/p>\n<p>Die Konsequenz von \u201eN\u00fcrnberg\u201c war in der alten Bundesrepublik mit Unterst\u00fctzung der Westm\u00e4chte schnell Geschichte. Auch die inzwischen vom vereinten Deutschland gef\u00fchrten NS-Verfahren sind kein ernsthaftes Zeichen von Auseinandersetzung mit dem Faschismus. Die Hauptt\u00e4ter hatte man bis zum Lebensende mit juristischen Konstrukten gesch\u00fctzt (u. a. Verj\u00e4hrung) und sogar mit hohen Pensionen belohnt.<\/p>\n<p>Die aktuelle Kriegspropaganda und Kriegsvorbereitung gegen Russland ist das Gegenteil der Lehren aus \u201eN\u00fcrnberg\u201c. Auch der Internationale Strafgerichtshof in Den Haag verk\u00f6rpert nicht diesen Geist. Dann h\u00e4tten schon lange Anklagen gegen westliche Spitzenpolitiker, auch USA-Pr\u00e4sidenten, erhoben werden m\u00fcssen wegen ihrer Menschenrechtsverbrechen in Vietnam, Irak, Libyen, Jugoslawien, Pal\u00e4stina \u2026 Deutschland selbst war und ist in solchen Verbrechen verstrickt.<\/p>\n<p>Die DDR hat die Konsequenz des \u201eN\u00fcrnberger Prozesses\u201c in Politik und Rechtsprechung umgesetzt. Ihr ging es, wie in N\u00fcrnberg, um Gerechtigkeit: die W\u00fcrde der Opfer und die Abrechnung mit den T\u00e4tern. Zur Verschleierung ihrer eigenen Unt\u00e4tigkeit sind Antifaschismus und Verfolgung von NS-T\u00e4tern in der DDR bis heute Gegenstand perfider <a>Geschichtsf\u00e4lschung<\/a> bundesdeutscher Politik.<\/p>\n<p>Der Amsterdamer Professor Christiaan Frederik R\u00fcter hat nach akribischer Untersuchung den Unterschied deutlich benannt: Nach seinem Urteil war die Rechtspraxis beider Staaten bestimmt vom \u201cUnsere-Leute-Prinzip\u201d. In der DDR waren \u201eunsere Leute\u201c nicht die Nazis, sondern deren Opfer.<\/p>\n<p style=\"text-align: right;\"><em>Hans Bauer ist Vorsitzender der Gesellschaft zur Rechtlichen und Humanit\u00e4ren Unterst\u00fctzung (GRH) e.V. und Beiratsmitglied des Deutschen Freidenker-Verbandes<\/em><\/p>\n<hr \/>\n<p><span style=\"font-size: 10pt;\">Bild oben: Blick auf die Angeklagten im Gerichtssaal des Internationalen Milit\u00e4rgerichtshofs beim\u00a0Prozess gegen die Hauptkriegsverbrecher. (N\u00fcrnberg, November 1945)<\/span><br \/>\n<span style=\"font-size: 10pt;\">Foto: Raymond D\u2019Addario, Public Domain<\/span><br \/>\n<span style=\"font-size: 10pt;\">Quelle: <a href=\"https:\/\/commons.wikimedia.org\/w\/index.php?curid=1192341\" target=\"_blank\" rel=\"noopener\">https:\/\/commons.wikimedia.org\/w\/index.php?curid=1192341<\/a><\/span><\/p>\n","protected":false},"excerpt":{"rendered":"<p><b>Beitrag von Hans Bauer<\/b><br \/>\nAm 20. November 1945 wurde der N\u00fcrnberger Hauptkriegsverbrecherprozess vor dem Internationalen Milit\u00e4rgerichtshof (IMG) er\u00f6ffnet. Ankl\u00e4ger waren die vier Alliierten Sowjetunion, Frankreich, Gro\u00dfbritannien und die USA. Grundlage war das Vierm\u00e4chteabkommen und das Kontrollratsgesetz Nr.10. Die Anklagen gegen die f\u00fchrenden Faschisten lauteten auf Kriegsverbrechen, Verbrechen gegen den Frieden und die Menschlichkeit. 19 der 24 Angeklagten wurden mit Urteilen vom 30.9.\/1.10. 1946 schuldig gesprochen; 12 wurden zum Tode, die \u00fcbrigen zu Gef\u00e4ngnisstrafen verurteilt. Das NSDAP-F\u00fchrerkorps, die Gestapo, der SD und die SS wurden zu verbrecherischen Organisationen erkl\u00e4rt.<\/p>\n","protected":false},"author":3,"featured_media":23606,"comment_status":"closed","ping_status":"closed","sticky":false,"template":"","format":"standard","meta":{"colormag_page_container_layout":"default_layout","colormag_page_sidebar_layout":"default_layout","advanced_seo_description":"","jetpack_seo_html_title":"","jetpack_seo_noindex":false,"jetpack_post_was_ever_published":false,"footnotes":""},"categories":[1162],"tags":[648,451,1255,2215,746,563,506,2665,124,2058],"class_list":["post-23605","post","type-post","status-publish","format-standard","has-post-thumbnail","hentry","category-geschichte","tag-2-weltkrieg","tag-faschismus","tag-gerichtsprozess","tag-internationaler-gerichtshof","tag-kriegsverbrechen","tag-menschenrechte","tag-nuernberg","tag-opfer","tag-politik","tag-verbrechen"],"jetpack_featured_media_url":"https:\/\/i0.wp.com\/www.freidenker.org\/fw17\/wp-content\/uploads\/2025\/11\/Defendants_in_the_dock_at_nuremberg_trials_800x450.jpg?fit=800%2C450&ssl=1","jetpack_shortlink":"https:\/\/wp.me\/p9stpK-68J","jetpack-related-posts":[{"id":23659,"url":"https:\/\/www.freidenker.org\/?p=23659","url_meta":{"origin":23605,"position":0},"title":"Gedenken als Widerstand gegen Kriegstreiberei und Geschichtsf\u00e4lschung","author":"Webredaktion","date":"30. November 2025","format":false,"excerpt":"Bericht von Tilo Gr\u00e4ser Vor 80 Jahren, am 20. November 1945, begann im Saal 600 des N\u00fcrnberger Justizpalastes der erste Prozess gegen die deutschen faschistischen Kriegsverbrecher. Das Internationale Milit\u00e4rtribunal begann an dem Tag seine Arbeit und f\u00e4llte am 30. September und 1. Oktober 1946 seine Urteile gegen 21 f\u00fchrende Vertreter\u2026","rel":"","context":"In &quot;Demokratie \u2013 Medien \u2013 Aufkl\u00e4rung&quot;","block_context":{"text":"Demokratie \u2013 Medien \u2013 Aufkl\u00e4rung","link":"https:\/\/www.freidenker.org\/?cat=12"},"img":{"alt_text":"","src":"https:\/\/i0.wp.com\/www.freidenker.org\/fw17\/wp-content\/uploads\/2025\/11\/Graeser_Gedenken_00_800x450.jpg?fit=800%2C450&ssl=1&resize=350%2C200","width":350,"height":200,"srcset":"https:\/\/i0.wp.com\/www.freidenker.org\/fw17\/wp-content\/uploads\/2025\/11\/Graeser_Gedenken_00_800x450.jpg?fit=800%2C450&ssl=1&resize=350%2C200 1x, https:\/\/i0.wp.com\/www.freidenker.org\/fw17\/wp-content\/uploads\/2025\/11\/Graeser_Gedenken_00_800x450.jpg?fit=800%2C450&ssl=1&resize=525%2C300 1.5x, https:\/\/i0.wp.com\/www.freidenker.org\/fw17\/wp-content\/uploads\/2025\/11\/Graeser_Gedenken_00_800x450.jpg?fit=800%2C450&ssl=1&resize=700%2C400 2x"},"classes":[]},{"id":12531,"url":"https:\/\/www.freidenker.org\/?p=12531","url_meta":{"origin":23605,"position":1},"title":"Wahrheit oder L\u00fcge? Zwischen Donezk und Butscha","author":"Webredaktion","date":"5. April 2022","format":false,"excerpt":"Kommentar von Dagmar Henn Wann immer irgendwo Krieg ist, ist die Rede von Kriegsverbrechen. Das ist normal. Psychologische Kriegsf\u00fchrung geh\u00f6rt immer mit dazu, und den Gegner m\u00f6glichst b\u00f6sartig und sich selbst m\u00f6glichst bl\u00fctenwei\u00df zu zeichnen ist Teil des Spiels. Darum ist es wichtig, wann immer dieses Stichwort f\u00e4llt, nach Beweisen\u2026","rel":"","context":"In &quot;Frieden - Antifaschismus - Solidarit\u00e4t&quot;","block_context":{"text":"Frieden - Antifaschismus - Solidarit\u00e4t","link":"https:\/\/www.freidenker.org\/?cat=13"},"img":{"alt_text":"","src":"https:\/\/i0.wp.com\/www.freidenker.org\/fw17\/wp-content\/uploads\/2022\/04\/Donezk_2022-03-15_800x450.jpg?fit=800%2C450&ssl=1&resize=350%2C200","width":350,"height":200,"srcset":"https:\/\/i0.wp.com\/www.freidenker.org\/fw17\/wp-content\/uploads\/2022\/04\/Donezk_2022-03-15_800x450.jpg?fit=800%2C450&ssl=1&resize=350%2C200 1x, https:\/\/i0.wp.com\/www.freidenker.org\/fw17\/wp-content\/uploads\/2022\/04\/Donezk_2022-03-15_800x450.jpg?fit=800%2C450&ssl=1&resize=525%2C300 1.5x, https:\/\/i0.wp.com\/www.freidenker.org\/fw17\/wp-content\/uploads\/2022\/04\/Donezk_2022-03-15_800x450.jpg?fit=800%2C450&ssl=1&resize=700%2C400 2x"},"classes":[]},{"id":17247,"url":"https:\/\/www.freidenker.org\/?p=17247","url_meta":{"origin":23605,"position":2},"title":"Politico und die &#8222;Unschuld&#8220; der Waffen-SS","author":"Webredaktion","date":"11. Oktober 2023","format":false,"excerpt":"Beitrag von Dagmar Henn Es ist schon eine interessante Mischung. Politico, das von Springer \u00fcbernommene US-Portal, und ein britischer Autor namens Keir Giles wollen eine Bresche f\u00fcr die SS-Division Galizien schlagen. Keir Giles, der Autor des Artikels mit dem Titel \"Gegen die UdSSR zu k\u00e4mpfen machte einen nicht automatisch zum\u2026","rel":"","context":"In &quot;Demokratie \u2013 Medien \u2013 Aufkl\u00e4rung&quot;","block_context":{"text":"Demokratie \u2013 Medien \u2013 Aufkl\u00e4rung","link":"https:\/\/www.freidenker.org\/?cat=12"},"img":{"alt_text":"","src":"https:\/\/i0.wp.com\/www.freidenker.org\/fw17\/wp-content\/uploads\/2023\/10\/Bundesarchiv_Bild_183-V02838_Rastatt_Kriegsverbrecher-Prozess_800x450.jpg?fit=800%2C450&ssl=1&resize=350%2C200","width":350,"height":200,"srcset":"https:\/\/i0.wp.com\/www.freidenker.org\/fw17\/wp-content\/uploads\/2023\/10\/Bundesarchiv_Bild_183-V02838_Rastatt_Kriegsverbrecher-Prozess_800x450.jpg?fit=800%2C450&ssl=1&resize=350%2C200 1x, https:\/\/i0.wp.com\/www.freidenker.org\/fw17\/wp-content\/uploads\/2023\/10\/Bundesarchiv_Bild_183-V02838_Rastatt_Kriegsverbrecher-Prozess_800x450.jpg?fit=800%2C450&ssl=1&resize=525%2C300 1.5x, https:\/\/i0.wp.com\/www.freidenker.org\/fw17\/wp-content\/uploads\/2023\/10\/Bundesarchiv_Bild_183-V02838_Rastatt_Kriegsverbrecher-Prozess_800x450.jpg?fit=800%2C450&ssl=1&resize=700%2C400 2x"},"classes":[]},{"id":1274,"url":"https:\/\/www.freidenker.org\/?p=1274","url_meta":{"origin":23605,"position":3},"title":"Friedensbewegung \u2013 zwischen Sektierern und Geschichtsrevisionisten","author":"Webredaktion","date":"29. Dezember 2016","format":false,"excerpt":"Breitseiten gegen die Friedensbewegung (2. Fortsetzung). Von Klaus Hartmann. Ob bei zentralen Demonstrationen der Friedensbewegung wie am 8. Oktober 2016 in Berlin, ob bei Kampagnen wie \u201eStopp Ramstein\u201c oder gar gegen TTIP \u2013 nichts geht mehr ohne begleitende Diffamierungsversuche, die Veranstaltungen als \u201erechts\u201c oder \u201erechtslastig\u201c zu denunzieren. Als Kronzeugen der\u2026","rel":"","context":"In &quot;Frieden - Antifaschismus - Solidarit\u00e4t&quot;","block_context":{"text":"Frieden - Antifaschismus - Solidarit\u00e4t","link":"https:\/\/www.freidenker.org\/?cat=13"},"img":{"alt_text":"","src":"https:\/\/i0.wp.com\/www.freidenker.org\/fw17\/wp-content\/uploads\/2016\/12\/klartext_demo_2016-10-08_800x445.jpg?fit=800%2C445&ssl=1&resize=350%2C200","width":350,"height":200,"srcset":"https:\/\/i0.wp.com\/www.freidenker.org\/fw17\/wp-content\/uploads\/2016\/12\/klartext_demo_2016-10-08_800x445.jpg?fit=800%2C445&ssl=1&resize=350%2C200 1x, https:\/\/i0.wp.com\/www.freidenker.org\/fw17\/wp-content\/uploads\/2016\/12\/klartext_demo_2016-10-08_800x445.jpg?fit=800%2C445&ssl=1&resize=525%2C300 1.5x, https:\/\/i0.wp.com\/www.freidenker.org\/fw17\/wp-content\/uploads\/2016\/12\/klartext_demo_2016-10-08_800x445.jpg?fit=800%2C445&ssl=1&resize=700%2C400 2x"},"classes":[]},{"id":21952,"url":"https:\/\/www.freidenker.org\/?p=21952","url_meta":{"origin":23605,"position":4},"title":"Wer aber den Frieden will, der rede vom Krieg","author":"Webredaktion","date":"27. Mai 2025","format":false,"excerpt":"Standpunkt von\u00a0Wolfgang Effenberger [...] Das Verhalten der US-Streitkr\u00e4fte in Deutschland gab die Direktive der US-amerikanischen \u201eJoint Chiefs of Staff\u201c (JCS) vor. Im April 1945 trat JCS 1067\/6 in Kraft. In 52 Paragraphen waren politische, wirtschaftliche und milit\u00e4rische Hintergr\u00fcnde, Ziele und Pflichten des Oberbefehlshabers der US-Truppen hinsichtlich seiner Verantwortung f\u00fcr die\u2026","rel":"","context":"In &quot;Demokratie \u2013 Medien \u2013 Aufkl\u00e4rung&quot;","block_context":{"text":"Demokratie \u2013 Medien \u2013 Aufkl\u00e4rung","link":"https:\/\/www.freidenker.org\/?cat=12"},"img":{"alt_text":"","src":"https:\/\/i0.wp.com\/www.freidenker.org\/fw17\/wp-content\/uploads\/2025\/05\/Bundesarchiv_Bild_183-V01032-3_Nuernberger_Prozess_Angeklagte_800x450.jpg?fit=800%2C450&ssl=1&resize=350%2C200","width":350,"height":200,"srcset":"https:\/\/i0.wp.com\/www.freidenker.org\/fw17\/wp-content\/uploads\/2025\/05\/Bundesarchiv_Bild_183-V01032-3_Nuernberger_Prozess_Angeklagte_800x450.jpg?fit=800%2C450&ssl=1&resize=350%2C200 1x, https:\/\/i0.wp.com\/www.freidenker.org\/fw17\/wp-content\/uploads\/2025\/05\/Bundesarchiv_Bild_183-V01032-3_Nuernberger_Prozess_Angeklagte_800x450.jpg?fit=800%2C450&ssl=1&resize=525%2C300 1.5x, https:\/\/i0.wp.com\/www.freidenker.org\/fw17\/wp-content\/uploads\/2025\/05\/Bundesarchiv_Bild_183-V01032-3_Nuernberger_Prozess_Angeklagte_800x450.jpg?fit=800%2C450&ssl=1&resize=700%2C400 2x"},"classes":[]},{"id":14824,"url":"https:\/\/www.freidenker.org\/?p=14824","url_meta":{"origin":23605,"position":5},"title":"Gipfelst\u00fcrmerin der Scheinheiligkeit","author":"Webredaktion","date":"16. Dezember 2022","format":false,"excerpt":"Kommentar von Rainer Rupp Mit einem neuen EU-Spezialgerichtshof will Ursula von der Leyen uralte Rechtsgrunds\u00e4tze auf den Kopf stellen, um so in der EU eingefrorenes russischen Geld zu stehlen, damit es ihren faschistischen Gesinnungsgenossen in der Ukraine zugeschustert werden kann. Allerdings gibt es auch Kritik aus der Bev\u00f6lkerung, sowohl von\u2026","rel":"","context":"In &quot;Demokratie \u2013 Medien \u2013 Aufkl\u00e4rung&quot;","block_context":{"text":"Demokratie \u2013 Medien \u2013 Aufkl\u00e4rung","link":"https:\/\/www.freidenker.org\/?cat=12"},"img":{"alt_text":"","src":"https:\/\/i0.wp.com\/www.freidenker.org\/fw17\/wp-content\/uploads\/2022\/12\/von_der_leyen_800x450.jpg?fit=800%2C450&ssl=1&resize=350%2C200","width":350,"height":200,"srcset":"https:\/\/i0.wp.com\/www.freidenker.org\/fw17\/wp-content\/uploads\/2022\/12\/von_der_leyen_800x450.jpg?fit=800%2C450&ssl=1&resize=350%2C200 1x, https:\/\/i0.wp.com\/www.freidenker.org\/fw17\/wp-content\/uploads\/2022\/12\/von_der_leyen_800x450.jpg?fit=800%2C450&ssl=1&resize=525%2C300 1.5x, https:\/\/i0.wp.com\/www.freidenker.org\/fw17\/wp-content\/uploads\/2022\/12\/von_der_leyen_800x450.jpg?fit=800%2C450&ssl=1&resize=700%2C400 2x"},"classes":[]}],"_links":{"self":[{"href":"https:\/\/www.freidenker.org\/index.php?rest_route=\/wp\/v2\/posts\/23605","targetHints":{"allow":["GET"]}}],"collection":[{"href":"https:\/\/www.freidenker.org\/index.php?rest_route=\/wp\/v2\/posts"}],"about":[{"href":"https:\/\/www.freidenker.org\/index.php?rest_route=\/wp\/v2\/types\/post"}],"author":[{"embeddable":true,"href":"https:\/\/www.freidenker.org\/index.php?rest_route=\/wp\/v2\/users\/3"}],"replies":[{"embeddable":true,"href":"https:\/\/www.freidenker.org\/index.php?rest_route=%2Fwp%2Fv2%2Fcomments&post=23605"}],"version-history":[{"count":2,"href":"https:\/\/www.freidenker.org\/index.php?rest_route=\/wp\/v2\/posts\/23605\/revisions"}],"predecessor-version":[{"id":23624,"href":"https:\/\/www.freidenker.org\/index.php?rest_route=\/wp\/v2\/posts\/23605\/revisions\/23624"}],"wp:featuredmedia":[{"embeddable":true,"href":"https:\/\/www.freidenker.org\/index.php?rest_route=\/wp\/v2\/media\/23606"}],"wp:attachment":[{"href":"https:\/\/www.freidenker.org\/index.php?rest_route=%2Fwp%2Fv2%2Fmedia&parent=23605"}],"wp:term":[{"taxonomy":"category","embeddable":true,"href":"https:\/\/www.freidenker.org\/index.php?rest_route=%2Fwp%2Fv2%2Fcategories&post=23605"},{"taxonomy":"post_tag","embeddable":true,"href":"https:\/\/www.freidenker.org\/index.php?rest_route=%2Fwp%2Fv2%2Ftags&post=23605"}],"curies":[{"name":"wp","href":"https:\/\/api.w.org\/{rel}","templated":true}]}}