{"id":23601,"date":"2025-11-25T03:02:28","date_gmt":"2025-11-25T02:02:28","guid":{"rendered":"https:\/\/www.freidenker.org\/?p=23601"},"modified":"2025-12-18T00:20:36","modified_gmt":"2025-12-17T23:20:36","slug":"diese-denkmaeler-sind-fuer-uns-heilig","status":"publish","type":"post","link":"https:\/\/www.freidenker.org\/?p=23601","title":{"rendered":"&#8222;Diese Denkm\u00e4ler sind f\u00fcr uns heilig&#8220;"},"content":{"rendered":"<p><strong>DDR-Jurist Hans Bauer \u00fcber Umwidmung der Sowjet-Ehrenmale<\/strong><\/p>\n<p><em>Gespr\u00e4ch von <strong>Wladislaw Sankin<\/strong> mit <strong>Hans Bauer<\/strong><\/em><\/p>\n<p><span style=\"font-size: 10pt;\">Erstver\u00f6ffentlichung am 21.11.2025 auf <a href=\"https:\/\/freedert.online\/inland\/262393-denkmaeler-sind-fuer-uns-heilig-ddr-jurist-hans-bauer-ueber-umwidmung-sowjetehrenmale\/\" target=\"_blank\" rel=\"noopener\">RT DE<\/a><\/span><\/p>\n<p>Im Namen vieler ehemaligen DDR-B\u00fcrger erteilt Rechtsanwalt Hans Bauer \u00dcberlegungen \u00fcber die Umwidmung der Sowjetehrenmale eine klare Absage. Diese Versuche grenzten an Sakrileg. Man w\u00fcrde damit auch an der historischen Wahrheit \u00fcber enorme Opfer der Sowjetunion vergreifen.<\/p>\n<p>Hans Bauer ist ein bekannter ostdeutscher Jurist. Er war stellvertretender Generalstaatsanwalt in der DDR. Nach dem Beitritt der DDR zur BRD war er viele Jahre als Rechtsanwalt t\u00e4tig. Bauer leistete Rechtshilfe u.\u00a0a. f\u00fcr ehemalige NVA-Angeh\u00f6rige. Seit 2008 ist er zudem Vizepr\u00e4sident des\u00a0Ostdeutschen Kuratoriums von Verb\u00e4nden (OKV).<\/p>\n<p>Auch mit seinen 84\u00a0Jahren ist der Jurist nach wie vor gesellschaftlich aktiv, tritt auf Kundgebungen auf und kommentiert als Publizist das politische Geschehen aus Perspektive der Ostdeutschen. Korrespondent Wladislaw Sankin sprach mit Bauer \u00fcber die Pl\u00e4ne des Berliner Senats zur Umgestaltung sowjetischer Ehrenmale, die an den Sieg der Roten Armee \u00fcber Hitlerdeutschland erinnern\u00a0\u2013 <em>RT\u00a0DE<\/em>\u00a0<a href=\"https:\/\/freedert.online\/inland\/261201-geschichtsrevisionismus-symposium-in-berlin-schlaegt-uebergangsjustiz-fuer-sowjetmonumente-vor\/\" target=\"_blank\" rel=\"noopener noreferrer\">berichtete<\/a>.<\/p>\n<p><em><strong>Sankin:<\/strong> Es wird in Berlin diskutiert, dass man die Existenz sowjetischer Ehrenmale in Deutschland eventuell juristisch auf eine andere Grundlage stellen m\u00fcsste, umgestalten, bis hin zum Abriss. Zu dieser Diskussion sind die russischen Vertreter gar nicht eingeladen. Haben Sie das beobachtet? <\/em><\/p>\n<p style=\"padding-left: 40px;\"><strong>Bauer:<\/strong> Ja, nat\u00fcrlich habe ich das, haben wir das verfolgt. Und es erz\u00fcrnt uns. Es ist unglaublich, was dort beraten wurde. Noch dazu auch ohne russische Vertreter, auch keine wei\u00dfrussischen Vertreter dort. Also, wie man mit der Vergangenheit umgeht, vor allen Dingen mit dem Sieg der Alliierten und vor allen Dingen auch der Roten Armee. Diese Denkm\u00e4ler, die sind f\u00fcr uns, und ich spreche jetzt auch nicht nur, aber vor allen Dingen auch f\u00fcr die ehemaligen DDR-B\u00fcrger, die sind so, ja, ich m\u00f6chte sagen, fast heilig. Ich bin kein Heiliger, ich bin kein Christ, aber das ist so wichtig f\u00fcr uns, die Erinnerung, und vor allen Dingen auch f\u00fcr die Gegenwart, f\u00fcr die Freundschaft, die zwischen sowjetischen, russischen und deutschen Menschen entstanden ist, \u00fcber Jahrzehnte entstanden ist, so eng. Und diese Denkm\u00e4ler sind die Symbolik daf\u00fcr.<\/p>\n<p style=\"padding-left: 40px;\">Und dass man dort nun beginnt, ist ja nicht v\u00f6llig neu. Man hat ja nach 1990 schon einiges, also nach der Annexion der DDR, schon einiges beseitigt, Lenin-Denkm\u00e4ler, aber auch das, was Deutschland betrifft, den Palast der Republik, also alles, was an eine Zeit erinnert, die eine v\u00f6llig andere war. Und dass man nun versucht, auch die sowjetischen Ehrenmale Schritt f\u00fcr Schritt abzubauen oder umzuwidmen, wie man heute so akademisch vornehm sagt, umzuwidmen, andere Namen darunterzusetzen oder anders die Geschichte darzustellen, es emp\u00f6rt uns zutiefst. Und dagegen muss man etwas machen.<\/p>\n<p><em><strong>Sankin:<\/strong> Wie bewerten Sie diesen Vorgang aus juristischer Perspektive?<\/em><\/p>\n<p style=\"padding-left: 40px;\"><strong>Bauer<\/strong>: Und juristisch gesehen ist das nat\u00fcrlich auch, ja, es ist ein Rechtsbruch, ein V\u00f6lkerrechtsbruch. Es wurden Vertr\u00e4ge abgeschlossen, die sowohl im Einigungsvertrag zwischen beiden deutschen Staaten enthalten sind, im Prinzip vom Geiste her auch der Zwei-plus-Vier-Vertrag, der also auch hier sozusagen ein Deutschland, das friedlich ist (einfordert), Deutschland sich auch verpflichtet hat und verpflichtet wurde.<\/p>\n<p style=\"padding-left: 40px;\">Ja, und nat\u00fcrlich auch Vertr\u00e4ge, ja, der Kriegsgr\u00e4berf\u00fcrsorge. Wir h\u00f6ren auch immer wieder vom russischen Botschafter, ja, wie wichtig das ist. Ja, ich kann es nachvollziehen, wieso das so ist, aber verstehen kann das ein Mensch mit logischem Verstand nicht, und auch ein Jurist nicht, weil hier mehrere Vertr\u00e4ge gebrochen werden, wenn das so in Angriff genommen wird.<\/p>\n<p style=\"padding-left: 40px;\">Aber allein schon diese Aufforderung, diese \u00dcberlegungen, und ich hoffe, das wird nicht geschehen. Es wird auch schleichend, allm\u00e4hlich in Angriff genommen werden, und es ist ein, ja, Bruch von Versprechen, von Vertr\u00e4gen, von dem, was auch der Bev\u00f6lkerung, ich sagte, insbesondere auch der DDR-Bev\u00f6lkerung im Herzen ist, n\u00e4mlich die Freundschaft zu russischen Menschen.<\/p>\n<p>&nbsp;<\/p>\n<p><iframe loading=\"lazy\" class=\"rumble\" src=\"https:\/\/rumble.com\/embed\/v6zfhes\/?pub=4\" width=\"640\" height=\"360\" frameborder=\"0\" allowfullscreen=\"allowfullscreen\"><\/iframe><br \/>\n<span style=\"font-size: 10pt;\">Video von RT DE\u00a0<\/span><\/p>\n<p><em><strong>Sankin:<\/strong> Aber dazu, ich muss jetzt die Rolle, also sagen wir so, des\u00a0Gegenparts\u00a0einnehmen und wichtigste Einw\u00e4nde aufz\u00e4hlen. Was wird vor allem als Kritik genommen?<\/em><em> Josef Stalin. <\/em><em>J<\/em><em>a, das sind alles, also in der Regel zur Stalin-Zeit oder kurz nach der Stalin-Zeit entstandene Denkm\u00e4ler mit entsprechender Stilistik und auch Stalin-Zitaten. Und da Stalin auch, ich zitiere, ein Verbrecher war, sollte man das wenigstens in dieser Hinsicht sozusagen einen andere<\/em><em>n <\/em><em>Kontext setzen und so weiter. Also, k\u00f6nnen Sie diese Kritikpunkte nachvollziehen?<\/em><\/p>\n<p style=\"padding-left: 40px;\"><strong>Bauer<\/strong>: Wir wissen ja, was Josef Wissarionowitsch Stalin geleistet hat im Gro\u00dfen Vaterl\u00e4ndischen Krieg, welche Verdienste er hat. Und zu Recht ist, ja, in den letzten Jahren auch, also sagen wir mal, auch DDR-Jahren, auch sowjetischen Jahren, sagen wir mal, die Rolle Stalins richtig, auch besser anders gew\u00fcrdigt worden als unmittelbar nach dieser ber\u00fchmt-ber\u00fcchtigten Chruschtschow-Rede. Und da ist ein Beispiel f\u00fcr mich jetzt mal auch, wie man in China mit Mao Zedong umging, die Geschichte. Die Geschichte ist nun mal so verlaufen, und die muss man dann auch so darstellen, wie sie war. Und mit allen Verdiensten, sicher auch mit Problemen und Schw\u00e4chen, ja. Also, insoweit ist da vieles, was gewisserma\u00dfen auch bei uns, auch im Herzen geblieben ist, auch an Sympathie, an Verst\u00e4ndnis, auch f\u00fcr Stalin.<\/p>\n<p><em><strong>Sankin:<\/strong> Ein anderer Punkt ist das vorherrschende Geschichtsnarrativ. Es gibt au\u00dfer ehemaligen DDR-B\u00fcrgern jetzt B\u00fcrger der BRD, die in der Mehrheit sind, und hier pflegt man ein anderes Geschichtsbild, ein anderes Narrativ, und dann kann man sagen, ja, die Minderheit hat sich zu f\u00fcgen. Merken Sie das?<\/em><\/p>\n<p style=\"padding-left: 40px;\"><strong>Bauer<\/strong>: Ja, wissen Sie, eine Minderheit kann man manipulieren, eine Mehrheit kann man auch manipulieren. Und es kommt auch darauf an, wie man ein Geschichtsbild vermittelt, auch \u00fcber die EU, sodass die Menschen zum Teil gar nicht wissen, was ist denn nun die historische Wahrheit. Es geht ja um historische Wahrheit. Und diese historische Wahrheit wird v\u00f6llig, ja, verschleiert, verdreht, verf\u00e4lscht oder gar nicht genannt. Und insoweit ist nat\u00fcrlich allein die Tatsache, dass viele Menschen der Meinung sind, ja gut, die Sowjetischen Ehrenmale m\u00fcssen umgewidmet oder vernichtet werden, ja, ist das das Ergebnis schon einer schlimmen Politik in Deutschland, die n\u00e4mlich Feindschaft und Krieg gegen Russland predigt. Also, das ist nicht nur moralisch falsch, sondern auch juristisch ist das nicht haltbar.<\/p>\n<p style=\"padding-left: 40px;\">Und historisch gesehen, also schon gleich gar nicht, ja. Und da denken wir vor allen Dingen, und ich denke, bin \u00fcberzeugt, auch viele Menschen in Deutschland, ohne dass sie das auch immer aussprechen, ja, dass gerade die Sowjetunion mit den 27\u00a0Millionen Toten, also das muss Gegenwart bleiben. Das muss Warnung auch f\u00fcr die Zukunft sein.<\/p>\n<p style=\"padding-left: 40px;\">Vor allen Dingen, wo es jetzt geht, Krieg gegen Russland vorbereiten. So ein Wahnsinn, ein Unsinn und dagegen m\u00fcssen wir Widerstand leisten. Auch juristisch. Gut, die Welt bewegt sich nicht nur nach juristischen Gesetzen. Denn juristische Gesetze werden so gemacht, auch wie man sie braucht, ja. Die Wahrheit setzt sich nicht \u00fcber juristische Gesetze durch, sondern eigentlich durch Verstand, durch Vernunft der Menschen. Und diese Vernunft ist bei den deutschen Politikern, nicht nur bei den deutschen, auch bei vielen EU-Politikern im Moment ja v\u00f6llig dahin.<\/p>\n<p style=\"text-align: right;\"><em>Wladislaw Sankin ist Korrespondent\u00a0 bei RT DE<\/em><\/p>\n<p style=\"text-align: right;\"><em>Hans Bauer ist Vorsitzender der Gesellschaft zur Rechtlichen und Humanit\u00e4ren Unterst\u00fctzung (GRH) e.V. und Beiratsmitglied des Deutschen Freidenker-Verbandes<\/em><\/p>\n<hr \/>\n<p><span style=\"font-size: 10pt;\">Bild oben: Sowjetischer Ehrenmal im Treptower Park, Relief im Sockel der zentralen Statue<\/span><br \/>\n<span style=\"font-size: 10pt;\">Foto: Georg Slickers, <a href=\"http:\/\/creativecommons.org\/licenses\/by-sa\/3.0\/\" target=\"_blank\" rel=\"noopener\">CC BY-SA 3.0<\/a><\/span><br \/>\n<span style=\"font-size: 10pt;\">Quelle: <a href=\"https:\/\/commons.wikimedia.org\/w\/index.php?curid=821449\" target=\"_blank\" rel=\"noopener\">https:\/\/commons.wikimedia.org\/w\/index.php?curid=821449<\/a><\/span><\/p>\n<p>&nbsp;<\/p>\n","protected":false},"excerpt":{"rendered":"<p><b>Gespr\u00e4ch von Wladislaw Sankin mit DDR-Jurist Hans Bauer \u00fcber Umwidmung der Sowjetehrenmale<\/b><br \/>\nIm Namen vieler ehemaligen DDR-B\u00fcrger erteilt Rechtsanwalt Hans Bauer \u00dcberlegungen \u00fcber die Umwidmung der Sowjetehrenmale eine klare Absage. Diese Versuche grenzten an Sakrileg. Man w\u00fcrde damit auch an der historischen Wahrheit \u00fcber enorme Opfer der Sowjetunion vergreifen. [&#8230;] Bauer: <i>Es ist unglaublich, was dort beraten wurde. Noch dazu auch ohne russische Vertreter, auch keine wei\u00dfrussischen Vertreter dort. Also, wie man mit der Vergangenheit umgeht, vor allen Dingen mit dem Sieg der Alliierten und vor allen Dingen auch der Roten Armee. Diese Denkm\u00e4ler, die sind f\u00fcr uns, und ich spreche jetzt auch nicht nur, aber vor allen Dingen auch f\u00fcr die ehemaligen DDR-B\u00fcrger, die sind so, ja, ich m\u00f6chte sagen, fast heilig. Ich bin kein Heiliger, ich bin kein Christ, aber das ist so wichtig f\u00fcr uns, &#8230;<\/i><\/p>\n","protected":false},"author":3,"featured_media":23603,"comment_status":"closed","ping_status":"closed","sticky":false,"template":"","format":"standard","meta":{"colormag_page_container_layout":"default_layout","colormag_page_sidebar_layout":"default_layout","advanced_seo_description":"","jetpack_seo_html_title":"","jetpack_seo_noindex":false,"jetpack_post_was_ever_published":false,"footnotes":""},"categories":[12],"tags":[613,454,1605,2887,1180,491,2452,2511,2620,430,2889,2888,345],"class_list":["post-23601","post","type-post","status-publish","format-standard","has-post-thumbnail","hentry","category-demokratie-medien-aufklaerung","tag-befreiung-vom-faschismus","tag-ddr","tag-denkmal","tag-ehrenmal","tag-freundschaft","tag-geschichte","tag-geschichtsbild","tag-krieg-gegen-russland","tag-rechtsbruch","tag-sowjetunion","tag-stalin","tag-umwidmung","tag-voelkerrecht"],"jetpack_featured_media_url":"https:\/\/i0.wp.com\/www.freidenker.org\/fw17\/wp-content\/uploads\/2025\/11\/Berlin-alt-treptow_sowjetisches-ehrenmal_20050321_893_800x450.jpg?fit=800%2C450&ssl=1","jetpack_shortlink":"https:\/\/wp.me\/p9stpK-68F","jetpack-related-posts":[{"id":22258,"url":"https:\/\/www.freidenker.org\/?p=22258","url_meta":{"origin":23601,"position":0},"title":"Von der DDR bis heute \u2013 \u00fcber die Pflege Jahrzehnte w\u00e4hrender deutsch-russischer Freundschaften","author":"Webredaktion","date":"30. Juni 2025","format":false,"excerpt":"Interview von Felicitas Rabe mit Hans Bauer Am 22. Juni um 4 Uhr morgens trafen sich die Freunde Russlands am Sowjetischen Ehrenmal Berlin-Treptower Park zu einem stillen Gedenken. Anl\u00e4sslich des 84. Jahrestages des deutschen \u00dcberfalls auf die Sowjetunion hatte die Gesellschaft f\u00fcr \"Deutsch-Russische- Freundschaft\" im Morgengrauen zu dieser Veranstaltung eingeladen.\u2026","rel":"","context":"In &quot;Frieden - Antifaschismus - Solidarit\u00e4t&quot;","block_context":{"text":"Frieden - Antifaschismus - Solidarit\u00e4t","link":"https:\/\/www.freidenker.org\/?cat=13"},"img":{"alt_text":"","src":"https:\/\/i0.wp.com\/www.freidenker.org\/fw17\/wp-content\/uploads\/2025\/06\/gedenken_ueberfall_treptower_park_2025_800x450.jpg?fit=800%2C450&ssl=1&resize=350%2C200","width":350,"height":200,"srcset":"https:\/\/i0.wp.com\/www.freidenker.org\/fw17\/wp-content\/uploads\/2025\/06\/gedenken_ueberfall_treptower_park_2025_800x450.jpg?fit=800%2C450&ssl=1&resize=350%2C200 1x, https:\/\/i0.wp.com\/www.freidenker.org\/fw17\/wp-content\/uploads\/2025\/06\/gedenken_ueberfall_treptower_park_2025_800x450.jpg?fit=800%2C450&ssl=1&resize=525%2C300 1.5x, https:\/\/i0.wp.com\/www.freidenker.org\/fw17\/wp-content\/uploads\/2025\/06\/gedenken_ueberfall_treptower_park_2025_800x450.jpg?fit=800%2C450&ssl=1&resize=700%2C400 2x"},"classes":[]},{"id":6996,"url":"https:\/\/www.freidenker.org\/?p=6996","url_meta":{"origin":23601,"position":1},"title":"FREIDENKER 3-19  \u2013 70 Jahre DDR","author":"Webredaktion","date":"16. September 2019","format":false,"excerpt":"Die Ausgabe 3-19 des Verbandsorgans FREIDENKER hat das Schwerpunkt-Thema \u201e70 Jahre DDR\u201c und enth\u00e4lt u.a. folgende Beitr\u00e4ge: - Egon Krenz: Was war und was bleibt - Hans Bauer: Vorw\u00e4rts! Und nicht vergessen! - Annett Torres: Das DDR-Bildungswesen aus heutiger \u00a0Sicht - Klaus Blessing: War die DDR-Wirtschaft pleite, marode und unproduktiv?\u2026","rel":"","context":"In &quot;Geschichte&quot;","block_context":{"text":"Geschichte","link":"https:\/\/www.freidenker.org\/?cat=1162"},"img":{"alt_text":"","src":"https:\/\/i0.wp.com\/www.freidenker.org\/fw17\/wp-content\/uploads\/2019\/09\/FD_2019-03_Titel_mR.jpg?fit=800%2C445&ssl=1&resize=350%2C200","width":350,"height":200,"srcset":"https:\/\/i0.wp.com\/www.freidenker.org\/fw17\/wp-content\/uploads\/2019\/09\/FD_2019-03_Titel_mR.jpg?fit=800%2C445&ssl=1&resize=350%2C200 1x, https:\/\/i0.wp.com\/www.freidenker.org\/fw17\/wp-content\/uploads\/2019\/09\/FD_2019-03_Titel_mR.jpg?fit=800%2C445&ssl=1&resize=525%2C300 1.5x, https:\/\/i0.wp.com\/www.freidenker.org\/fw17\/wp-content\/uploads\/2019\/09\/FD_2019-03_Titel_mR.jpg?fit=800%2C445&ssl=1&resize=700%2C400 2x"},"classes":[]},{"id":20193,"url":"https:\/\/www.freidenker.org\/?p=20193","url_meta":{"origin":23601,"position":2},"title":"NATO-Hauptquartier in Rostock verletzt V\u00f6lkerrecht eklatant","author":"Webredaktion","date":"3. November 2024","format":false,"excerpt":"Erkl\u00e4rung der Gesellschaft zur Rechtlichen und Humanit\u00e4ren Unterst\u00fctzung (GRH) e.V. von Hans Bauer Die Einweihung eines maritimen taktischen Hauptquartiers der NATO am 21. Oktober in Rostock ist ein eklatanter V\u00f6lkerrechtsbruch. Mit ihr wird insbesondere der \"Zwei-plus-Vier-Vertrag\" vom 12. September 1990 zwischen den beiden deutschen Staaten und den vier alliierten M\u00e4chten\u2026","rel":"","context":"In &quot;Demokratie \u2013 Medien \u2013 Aufkl\u00e4rung&quot;","block_context":{"text":"Demokratie \u2013 Medien \u2013 Aufkl\u00e4rung","link":"https:\/\/www.freidenker.org\/?cat=12"},"img":{"alt_text":"","src":"https:\/\/i0.wp.com\/www.freidenker.org\/fw17\/wp-content\/uploads\/2024\/11\/Ostsee_Nato_45599844591_800x450.jpg?fit=800%2C450&ssl=1&resize=350%2C200","width":350,"height":200,"srcset":"https:\/\/i0.wp.com\/www.freidenker.org\/fw17\/wp-content\/uploads\/2024\/11\/Ostsee_Nato_45599844591_800x450.jpg?fit=800%2C450&ssl=1&resize=350%2C200 1x, https:\/\/i0.wp.com\/www.freidenker.org\/fw17\/wp-content\/uploads\/2024\/11\/Ostsee_Nato_45599844591_800x450.jpg?fit=800%2C450&ssl=1&resize=525%2C300 1.5x, https:\/\/i0.wp.com\/www.freidenker.org\/fw17\/wp-content\/uploads\/2024\/11\/Ostsee_Nato_45599844591_800x450.jpg?fit=800%2C450&ssl=1&resize=700%2C400 2x"},"classes":[]},{"id":23690,"url":"https:\/\/www.freidenker.org\/?p=23690","url_meta":{"origin":23601,"position":3},"title":"&#8222;Faschistische Denkweise lebt heute auf&#8220; \u2013 \u00fcber das Fortbestehen der Nazi-Netzwerke","author":"Webredaktion","date":"2. Dezember 2025","format":false,"excerpt":"Von Astrid Sigena und Wladislaw Sankin Bei der Gedenkfeier der Gesellschaft f\u00fcr Deutsch-Russische Freundschaft (GDRF) anl\u00e4sslich des 80.\u00a0Jahrestags der N\u00fcrnberger Prozesse fand ein Podiumsgespr\u00e4ch mit dem DDR-Juristen Hans Bauer statt. Bauer war der Stellvertretende Generalstaatsanwalt in der DDR. In seinen Redebeitr\u00e4gen am Abend kritisierte er in Bezug auf das Thema\u2026","rel":"","context":"In &quot;Demokratie \u2013 Medien \u2013 Aufkl\u00e4rung&quot;","block_context":{"text":"Demokratie \u2013 Medien \u2013 Aufkl\u00e4rung","link":"https:\/\/www.freidenker.org\/?cat=12"},"img":{"alt_text":"","src":"https:\/\/i0.wp.com\/www.freidenker.org\/fw17\/wp-content\/uploads\/2025\/11\/Hans_Bauer_Nuernberg_2025-11-22_800x450.jpg?fit=800%2C450&ssl=1&resize=350%2C200","width":350,"height":200,"srcset":"https:\/\/i0.wp.com\/www.freidenker.org\/fw17\/wp-content\/uploads\/2025\/11\/Hans_Bauer_Nuernberg_2025-11-22_800x450.jpg?fit=800%2C450&ssl=1&resize=350%2C200 1x, https:\/\/i0.wp.com\/www.freidenker.org\/fw17\/wp-content\/uploads\/2025\/11\/Hans_Bauer_Nuernberg_2025-11-22_800x450.jpg?fit=800%2C450&ssl=1&resize=525%2C300 1.5x, https:\/\/i0.wp.com\/www.freidenker.org\/fw17\/wp-content\/uploads\/2025\/11\/Hans_Bauer_Nuernberg_2025-11-22_800x450.jpg?fit=800%2C450&ssl=1&resize=700%2C400 2x"},"classes":[]},{"id":23605,"url":"https:\/\/www.freidenker.org\/?p=23605","url_meta":{"origin":23601,"position":4},"title":"80 Jahre N\u00fcrnberger Prozesse \u2013 nicht nur Erinnerung","author":"Webredaktion","date":"21. November 2025","format":false,"excerpt":"Beitrag von Hans Bauer Am 20. November 1945 wurde der N\u00fcrnberger Hauptkriegsverbrecherprozess vor dem Internationalen Milit\u00e4rgerichtshof (IMG) er\u00f6ffnet. Ankl\u00e4ger waren die vier Alliierten Sowjetunion, Frankreich, Gro\u00dfbritannien und die USA. Grundlage war das Vierm\u00e4chteabkommen und das Kontrollratsgesetz Nr.10. Die Anklagen gegen die f\u00fchrenden Faschisten lauteten auf Kriegsverbrechen, Verbrechen gegen den Frieden\u2026","rel":"","context":"In &quot;Geschichte&quot;","block_context":{"text":"Geschichte","link":"https:\/\/www.freidenker.org\/?cat=1162"},"img":{"alt_text":"","src":"https:\/\/i0.wp.com\/www.freidenker.org\/fw17\/wp-content\/uploads\/2025\/11\/Defendants_in_the_dock_at_nuremberg_trials_800x450.jpg?fit=800%2C450&ssl=1&resize=350%2C200","width":350,"height":200,"srcset":"https:\/\/i0.wp.com\/www.freidenker.org\/fw17\/wp-content\/uploads\/2025\/11\/Defendants_in_the_dock_at_nuremberg_trials_800x450.jpg?fit=800%2C450&ssl=1&resize=350%2C200 1x, https:\/\/i0.wp.com\/www.freidenker.org\/fw17\/wp-content\/uploads\/2025\/11\/Defendants_in_the_dock_at_nuremberg_trials_800x450.jpg?fit=800%2C450&ssl=1&resize=525%2C300 1.5x, https:\/\/i0.wp.com\/www.freidenker.org\/fw17\/wp-content\/uploads\/2025\/11\/Defendants_in_the_dock_at_nuremberg_trials_800x450.jpg?fit=800%2C450&ssl=1&resize=700%2C400 2x"},"classes":[]},{"id":19305,"url":"https:\/\/www.freidenker.org\/?p=19305","url_meta":{"origin":23601,"position":5},"title":"FREIDENKER Themenabend: \u201e75 Jahre Grundgesetz\u201c","author":"Webredaktion","date":"9. Juni 2024","format":false,"excerpt":"\u201eMeinungsfreiheit\u00a0 in Deutschland\u201c - Anspruch und Wirklichkeit Vortrag und Diskussion mit Hans Bauer, RA: Freitag, 14.Juni 2024, 19.30 Uhr, Villa Leon, N\u00fcrnberg Die Meinungsfreiheit wird vom Grundgesetz garantiert. Mit den Kriegen in der Ukraine und im Nahen Osten wird dieses Grundrecht von Staat und Justiz erheblich eingeschr\u00e4nkt. Ist dies mit\u2026","rel":"","context":"In &quot;Demokratie \u2013 Medien \u2013 Aufkl\u00e4rung&quot;","block_context":{"text":"Demokratie \u2013 Medien \u2013 Aufkl\u00e4rung","link":"https:\/\/www.freidenker.org\/?cat=12"},"img":{"alt_text":"","src":"https:\/\/i0.wp.com\/www.freidenker.org\/fw17\/wp-content\/uploads\/2024\/06\/HansB_75_GG.jpg?fit=800%2C445&ssl=1&resize=350%2C200","width":350,"height":200,"srcset":"https:\/\/i0.wp.com\/www.freidenker.org\/fw17\/wp-content\/uploads\/2024\/06\/HansB_75_GG.jpg?fit=800%2C445&ssl=1&resize=350%2C200 1x, https:\/\/i0.wp.com\/www.freidenker.org\/fw17\/wp-content\/uploads\/2024\/06\/HansB_75_GG.jpg?fit=800%2C445&ssl=1&resize=525%2C300 1.5x, https:\/\/i0.wp.com\/www.freidenker.org\/fw17\/wp-content\/uploads\/2024\/06\/HansB_75_GG.jpg?fit=800%2C445&ssl=1&resize=700%2C400 2x"},"classes":[]}],"_links":{"self":[{"href":"https:\/\/www.freidenker.org\/index.php?rest_route=\/wp\/v2\/posts\/23601","targetHints":{"allow":["GET"]}}],"collection":[{"href":"https:\/\/www.freidenker.org\/index.php?rest_route=\/wp\/v2\/posts"}],"about":[{"href":"https:\/\/www.freidenker.org\/index.php?rest_route=\/wp\/v2\/types\/post"}],"author":[{"embeddable":true,"href":"https:\/\/www.freidenker.org\/index.php?rest_route=\/wp\/v2\/users\/3"}],"replies":[{"embeddable":true,"href":"https:\/\/www.freidenker.org\/index.php?rest_route=%2Fwp%2Fv2%2Fcomments&post=23601"}],"version-history":[{"count":4,"href":"https:\/\/www.freidenker.org\/index.php?rest_route=\/wp\/v2\/posts\/23601\/revisions"}],"predecessor-version":[{"id":23637,"href":"https:\/\/www.freidenker.org\/index.php?rest_route=\/wp\/v2\/posts\/23601\/revisions\/23637"}],"wp:featuredmedia":[{"embeddable":true,"href":"https:\/\/www.freidenker.org\/index.php?rest_route=\/wp\/v2\/media\/23603"}],"wp:attachment":[{"href":"https:\/\/www.freidenker.org\/index.php?rest_route=%2Fwp%2Fv2%2Fmedia&parent=23601"}],"wp:term":[{"taxonomy":"category","embeddable":true,"href":"https:\/\/www.freidenker.org\/index.php?rest_route=%2Fwp%2Fv2%2Fcategories&post=23601"},{"taxonomy":"post_tag","embeddable":true,"href":"https:\/\/www.freidenker.org\/index.php?rest_route=%2Fwp%2Fv2%2Ftags&post=23601"}],"curies":[{"name":"wp","href":"https:\/\/api.w.org\/{rel}","templated":true}]}}