{"id":23587,"date":"2025-11-20T22:56:06","date_gmt":"2025-11-20T21:56:06","guid":{"rendered":"https:\/\/www.freidenker.org\/?p=23587"},"modified":"2025-12-18T00:19:13","modified_gmt":"2025-12-17T23:19:13","slug":"lisa-fitz-homo-dilettantis-eine-kleine-evolutionsgeschichte","status":"publish","type":"post","link":"https:\/\/www.freidenker.org\/?p=23587","title":{"rendered":"Lisa Fitz \u2013 Homo Dilettantis \u2013 eine kleine Evolutionsgeschichte"},"content":{"rendered":"<p><strong><em>Video von Lisa Fitz<\/em><\/strong><\/p>\n<p><span style=\"font-size: 10pt;\">Ver\u00f6ffentlicht am 19.11.2025 auf den <a href=\"https:\/\/www.nachdenkseiten.de\/?p=142284\" target=\"_blank\" rel=\"noopener\">NachDenkSeiten<\/a><\/span><\/p>\n<p>Dieser Beitrag ist auch als Audio-Podcast verf\u00fcgbar:<\/p>\n<audio class=\"wp-audio-shortcode\" id=\"audio-23587-1\" preload=\"none\" style=\"width: 100%;\" controls=\"controls\"><source type=\"audio\/mpeg\" src=\"https:\/\/www.nachdenkseiten.de\/upload\/podcast\/251118-Lisa-Fitz-Homo-Diletantis-NDS.mp3?_=1\" \/><a href=\"https:\/\/www.nachdenkseiten.de\/upload\/podcast\/251118-Lisa-Fitz-Homo-Diletantis-NDS.mp3\">https:\/\/www.nachdenkseiten.de\/upload\/podcast\/251118-Lisa-Fitz-Homo-Diletantis-NDS.mp3<\/a><\/audio>\n<p><span style=\"font-size: 10pt;\">Bereitgestellt von den <a href=\"https:\/\/www.nachdenkseiten.de\/?p=142284\" target=\"_blank\" rel=\"noopener\">NachDenkSeiten<\/a><\/span><br \/>\n<span style=\"font-size: 10pt;\"><a href=\"https:\/\/www.nachdenkseiten.de\/upload\/podcast\/251118-Lisa-Fitz-Homo-Diletantis-NDS.mp3\" target=\"_blank\" rel=\"noopener\">Download<\/a><\/span><\/p>\n<p>Am Anfang war der Mensch. Behaart, begrenzt, bewaffnet mit Neugier. Der Homo sapiens noch nicht \u2026 erst mal erectus \u2013 stolz auf seinen aufrechten Gang, v\u00f6llig ohne Bandscheibenvorfall. Er jagte. Er sammelte. Und er hatte: frische Luft, null B\u00fcrokratie. Ein Beerenbuffet am Waldrand, 20-Stunden-Woche, Work-Life-Balance Deluxe. Das Gehirn war noch zust\u00e4ndig f\u00fcr Dinge wie \u201eHunger\u201c oder \u201eTiger\u201c. Heute: \u201ePowerPoint\u201c und \u201ePendlerpauschale\u201c.<\/p>\n<div class=\"jetpack-video-wrapper\"><span class=\"embed-youtube\" style=\"text-align:center; display: block;\"><iframe loading=\"lazy\" class=\"youtube-player\" width=\"800\" height=\"450\" src=\"https:\/\/www.youtube.com\/embed\/lS0mb3ZCD1I?version=3&#038;rel=1&#038;showsearch=0&#038;showinfo=1&#038;iv_load_policy=1&#038;fs=1&#038;hl=de-DE&#038;autohide=2&#038;wmode=transparent\" allowfullscreen=\"true\" style=\"border:0;\" sandbox=\"allow-scripts allow-same-origin allow-popups allow-presentation allow-popups-to-escape-sandbox\"><\/iframe><\/span><\/div>\n<p><span style=\"font-size: 10pt;\">Direktlink zum Video der Nachdenkseiten auf YouTube: <a href=\"https:\/\/www.youtube.com\/watch?v=lS0mb3ZCD1I\" target=\"_blank\" rel=\"noopener\">https:\/\/www.youtube.com\/watch?v=lS0mb3ZCD1I<\/a><\/span><\/p>\n<p style=\"text-align: right;\"><em>Lisa Fitz ist Beiratsmitglied des Deutschen Freidenker-Verbandes<\/em><\/p>\n<hr \/>\n<p><span style=\"font-size: 10pt;\">Bild oben: Lisa Fitz<\/span><br \/>\n<span style=\"font-size: 10pt;\">Vorschaubild des\u00a0<a href=\"https:\/\/www.nachdenkseiten.de\/?p=142284\" target=\"_blank\" rel=\"noopener\">Videos der NachDenkSeiten<\/a><\/span><\/p>\n","protected":false},"excerpt":{"rendered":"<p><b>Video von Lisa Fitz<\/b><br \/>\nAm Anfang war der Mensch. Behaart, begrenzt, bewaffnet mit Neugier. Der Homo sapiens noch nicht \u2026 erst mal erectus \u2013 stolz auf seinen aufrechten Gang, v\u00f6llig ohne Bandscheibenvorfall. Er jagte. Er sammelte. Und er hatte: frische Luft, null B\u00fcrokratie. Ein Beerenbuffet am Waldrand, 20-Stunden-Woche, Work-Life-Balance Deluxe. Das Gehirn war noch zust\u00e4ndig f\u00fcr Dinge wie \u201eHunger\u201c oder \u201eTiger\u201c. Heute: \u201ePowerPoint\u201c und \u201ePendlerpauschale\u201c.<\/p>\n","protected":false},"author":3,"featured_media":23589,"comment_status":"closed","ping_status":"closed","sticky":false,"template":"","format":"standard","meta":{"colormag_page_container_layout":"default_layout","colormag_page_sidebar_layout":"default_layout","advanced_seo_description":"","jetpack_seo_html_title":"","jetpack_seo_noindex":false,"jetpack_post_was_ever_published":false,"footnotes":""},"categories":[913],"tags":[1076,567,1847,1617,548,491,1951,942,2067,668,407,446,619,1673],"class_list":["post-23587","post","type-post","status-publish","format-standard","has-post-thumbnail","hentry","category-kultur-kunst","tag-arbeit","tag-bildung","tag-buerokratie","tag-digitalisierung","tag-evolution","tag-geschichte","tag-hetze","tag-kabarett","tag-ki","tag-kultur","tag-kunst","tag-mensch","tag-satire","tag-video"],"jetpack_featured_media_url":"https:\/\/i0.wp.com\/www.freidenker.org\/fw17\/wp-content\/uploads\/2025\/11\/fitz_homo_dilettantis_800x450.jpg?fit=800%2C450&ssl=1","jetpack_shortlink":"https:\/\/wp.me\/p9stpK-68r","jetpack-related-posts":[{"id":24465,"url":"https:\/\/www.freidenker.org\/?p=24465","url_meta":{"origin":23587,"position":0},"title":"Lisa Fitz \u2013 Geschichte ist die Politik von gestern","author":"Webredaktion","date":"21. Februar 2026","format":false,"excerpt":"Video von Lisa Fitz Geschichte war gestern. Und es lohnt sich, bissl R\u00fcckschau zu halten \u2026 Weil Geschichte ist ja die Politik von gestern, die zum Heute gef\u00fchrt hat. Heute gibt\u2019s \u00fcberall Alarm! Ganz Europa ist m\u00fcde. M\u00fcde vom Denken, vom Erinnern, vom eigenen Dasein.\u00a0","rel":"","context":"In &quot;Kultur &amp; Kunst&quot;","block_context":{"text":"Kultur &amp; Kunst","link":"https:\/\/www.freidenker.org\/?cat=913"},"img":{"alt_text":"","src":"https:\/\/i0.wp.com\/www.freidenker.org\/fw17\/wp-content\/uploads\/2026\/02\/Lisa_Fitz_Geschichte_ist_Politik_von_gestern_800x450.jpg?fit=800%2C450&ssl=1&resize=350%2C200","width":350,"height":200,"srcset":"https:\/\/i0.wp.com\/www.freidenker.org\/fw17\/wp-content\/uploads\/2026\/02\/Lisa_Fitz_Geschichte_ist_Politik_von_gestern_800x450.jpg?fit=800%2C450&ssl=1&resize=350%2C200 1x, https:\/\/i0.wp.com\/www.freidenker.org\/fw17\/wp-content\/uploads\/2026\/02\/Lisa_Fitz_Geschichte_ist_Politik_von_gestern_800x450.jpg?fit=800%2C450&ssl=1&resize=525%2C300 1.5x, https:\/\/i0.wp.com\/www.freidenker.org\/fw17\/wp-content\/uploads\/2026\/02\/Lisa_Fitz_Geschichte_ist_Politik_von_gestern_800x450.jpg?fit=800%2C450&ssl=1&resize=700%2C400 2x"},"classes":[]},{"id":18357,"url":"https:\/\/www.freidenker.org\/?p=18357","url_meta":{"origin":23587,"position":1},"title":"Lisa Fitz &#8211; Batterien","author":"Webredaktion","date":"25. Februar 2024","format":false,"excerpt":"Video von\u00a0Lisa Fitz \u201eJa, es ist keine einfache Zeit im Moment, aber\u2026 denken Sie immer dran: JETZT ist die Zeit, von der Sie sp\u00e4ter mal sagen werden: Das war noch die gute alte Zeit!\u201c. So beginnt das neue St\u00fcck von Lisa Fitz. Ein ziemlich deprimierendes St\u00fcck. Mit einem P.S. kommentiert\u2026","rel":"","context":"In &quot;Demokratie \u2013 Medien \u2013 Aufkl\u00e4rung&quot;","block_context":{"text":"Demokratie \u2013 Medien \u2013 Aufkl\u00e4rung","link":"https:\/\/www.freidenker.org\/?cat=12"},"img":{"alt_text":"","src":"https:\/\/i0.wp.com\/www.freidenker.org\/fw17\/wp-content\/uploads\/2024\/02\/Lisa_Fitz_Batterien_v2_800x450.jpg?fit=800%2C450&ssl=1&resize=350%2C200","width":350,"height":200,"srcset":"https:\/\/i0.wp.com\/www.freidenker.org\/fw17\/wp-content\/uploads\/2024\/02\/Lisa_Fitz_Batterien_v2_800x450.jpg?fit=800%2C450&ssl=1&resize=350%2C200 1x, https:\/\/i0.wp.com\/www.freidenker.org\/fw17\/wp-content\/uploads\/2024\/02\/Lisa_Fitz_Batterien_v2_800x450.jpg?fit=800%2C450&ssl=1&resize=525%2C300 1.5x, https:\/\/i0.wp.com\/www.freidenker.org\/fw17\/wp-content\/uploads\/2024\/02\/Lisa_Fitz_Batterien_v2_800x450.jpg?fit=800%2C450&ssl=1&resize=700%2C400 2x"},"classes":[]},{"id":18514,"url":"https:\/\/www.freidenker.org\/?p=18514","url_meta":{"origin":23587,"position":2},"title":"Lisa Fitz &#8211; Politiker au\u00dfer Rand und Band","author":"Webredaktion","date":"9. M\u00e4rz 2024","format":false,"excerpt":"Video von\u00a0Lisa Fitz In ihrem neuen St\u00fcck f\u00fcr die NachDenkSeiten besch\u00e4ftigt sich Lisa Fitz mit Verbalinjurien und sonstigen Ausf\u00e4llen, mit Cholerikern, P\u00f6beleien im Bundestag und mit sogenannten \u201eEmotionsdilettanten\u201c. Statt Contenance zu wahren, bes\u00e4\u00dfen manche nur emotionale Inkontinenz. Teilweise hat diese Unart in j\u00fcngster Zeit auch sie selbst betroffen. Lisa Fitz\u2026","rel":"","context":"In &quot;Demokratie \u2013 Medien \u2013 Aufkl\u00e4rung&quot;","block_context":{"text":"Demokratie \u2013 Medien \u2013 Aufkl\u00e4rung","link":"https:\/\/www.freidenker.org\/?cat=12"},"img":{"alt_text":"","src":"https:\/\/i0.wp.com\/www.freidenker.org\/fw17\/wp-content\/uploads\/2024\/03\/Lisa_Fitz_Politiker_ausser_Rand_und_Band_800x450.jpg?fit=800%2C450&ssl=1&resize=350%2C200","width":350,"height":200,"srcset":"https:\/\/i0.wp.com\/www.freidenker.org\/fw17\/wp-content\/uploads\/2024\/03\/Lisa_Fitz_Politiker_ausser_Rand_und_Band_800x450.jpg?fit=800%2C450&ssl=1&resize=350%2C200 1x, https:\/\/i0.wp.com\/www.freidenker.org\/fw17\/wp-content\/uploads\/2024\/03\/Lisa_Fitz_Politiker_ausser_Rand_und_Band_800x450.jpg?fit=800%2C450&ssl=1&resize=525%2C300 1.5x, https:\/\/i0.wp.com\/www.freidenker.org\/fw17\/wp-content\/uploads\/2024\/03\/Lisa_Fitz_Politiker_ausser_Rand_und_Band_800x450.jpg?fit=800%2C450&ssl=1&resize=700%2C400 2x"},"classes":[]},{"id":24132,"url":"https:\/\/www.freidenker.org\/?p=24132","url_meta":{"origin":23587,"position":3},"title":"Lisa Fitz \u2013 Dammbruch &#038; Haarrisse (Neujahrsrede)","author":"Webredaktion","date":"6. Januar 2026","format":false,"excerpt":"Video von Lisa Fitz Neues Jahr. Neue Hoffnung. Oder zumindest der Wunsch danach. Viele Menschen waren oder sind unzufrieden, unzufrieden mit der aktuellen Lage. Die restlichen arbeiten im Ministerium \u2013 oder haben WLAN-Probleme. Oder es sind einfach Berufsignoranten, weil das fr\u00f6hlicher macht, wenn einem was wurscht ist. Noch mehr sind\u2026","rel":"","context":"In &quot;Kultur &amp; Kunst&quot;","block_context":{"text":"Kultur &amp; Kunst","link":"https:\/\/www.freidenker.org\/?cat=913"},"img":{"alt_text":"","src":"https:\/\/i0.wp.com\/www.freidenker.org\/fw17\/wp-content\/uploads\/2026\/01\/Lisa_Fitz_Dammbruch_800x450.jpg?fit=800%2C450&ssl=1&resize=350%2C200","width":350,"height":200,"srcset":"https:\/\/i0.wp.com\/www.freidenker.org\/fw17\/wp-content\/uploads\/2026\/01\/Lisa_Fitz_Dammbruch_800x450.jpg?fit=800%2C450&ssl=1&resize=350%2C200 1x, https:\/\/i0.wp.com\/www.freidenker.org\/fw17\/wp-content\/uploads\/2026\/01\/Lisa_Fitz_Dammbruch_800x450.jpg?fit=800%2C450&ssl=1&resize=525%2C300 1.5x, https:\/\/i0.wp.com\/www.freidenker.org\/fw17\/wp-content\/uploads\/2026\/01\/Lisa_Fitz_Dammbruch_800x450.jpg?fit=800%2C450&ssl=1&resize=700%2C400 2x"},"classes":[]},{"id":22422,"url":"https:\/\/www.freidenker.org\/?p=22422","url_meta":{"origin":23587,"position":4},"title":"Lisa Fitz \u2013 Die Wehrpflicht kommt zur\u00fcck","author":"Webredaktion","date":"21. Juli 2025","format":false,"excerpt":"Video von\u00a0Lisa Fitz Man munkelt, die Wehrpflicht soll zur\u00fcckkommen. Ja! Stramm gesessen und zugeh\u00f6rt! Jetzt frage ich Sie \u2026 f\u00fcr einen Freund. Wohin denn? Wie denn? Wo laufen Sie denn \u2026? Keine Kasernen, keine Kreiswehrersatz\u00e4mter, null Ausbilder \u2026 Was aber in Massen vorhanden ist, sind Pinguine, Berater mit Krawatten und\u2026","rel":"","context":"In &quot;Demokratie \u2013 Medien \u2013 Aufkl\u00e4rung&quot;","block_context":{"text":"Demokratie \u2013 Medien \u2013 Aufkl\u00e4rung","link":"https:\/\/www.freidenker.org\/?cat=12"},"img":{"alt_text":"","src":"https:\/\/i0.wp.com\/www.freidenker.org\/fw17\/wp-content\/uploads\/2025\/07\/lisa_fitz_wehrpflicht_800x450.jpg?fit=800%2C450&ssl=1&resize=350%2C200","width":350,"height":200,"srcset":"https:\/\/i0.wp.com\/www.freidenker.org\/fw17\/wp-content\/uploads\/2025\/07\/lisa_fitz_wehrpflicht_800x450.jpg?fit=800%2C450&ssl=1&resize=350%2C200 1x, https:\/\/i0.wp.com\/www.freidenker.org\/fw17\/wp-content\/uploads\/2025\/07\/lisa_fitz_wehrpflicht_800x450.jpg?fit=800%2C450&ssl=1&resize=525%2C300 1.5x, https:\/\/i0.wp.com\/www.freidenker.org\/fw17\/wp-content\/uploads\/2025\/07\/lisa_fitz_wehrpflicht_800x450.jpg?fit=800%2C450&ssl=1&resize=700%2C400 2x"},"classes":[]},{"id":24675,"url":"https:\/\/www.freidenker.org\/?p=24675","url_meta":{"origin":23587,"position":5},"title":"Lisa Fitz \u2013 Dreckschleuder Milit\u00e4r \u2013 Rede f\u00fcr den Frieden","author":"Webredaktion","date":"20. M\u00e4rz 2026","format":false,"excerpt":"Video von Lisa Fitz Freunde, ich hab\u2019 eine gute Nachricht: Die gr\u00f6\u00dfte CO\u2082-Schleuder der Welt f\u00e4hrt nicht durch eure Stra\u00dfen. Sie hat keinen SUV. Sie hat Flugzeugtr\u00e4ger. Das Milit\u00e4r. Das Pentagon allein verbrennt schon mehr \u00d6l als Portugal \u2013 nur ohne Strandurlaub und Portwein. Wenn das Pentagon ein Land w\u00e4r,\u2026","rel":"","context":"In &quot;Kultur &amp; Kunst&quot;","block_context":{"text":"Kultur &amp; Kunst","link":"https:\/\/www.freidenker.org\/?cat=913"},"img":{"alt_text":"","src":"https:\/\/i0.wp.com\/www.freidenker.org\/fw17\/wp-content\/uploads\/2026\/03\/Lisa-Fitz-Dreckschleuder-Militaer-Titelbild-NDS-800x450-1.jpg?fit=800%2C450&ssl=1&resize=350%2C200","width":350,"height":200,"srcset":"https:\/\/i0.wp.com\/www.freidenker.org\/fw17\/wp-content\/uploads\/2026\/03\/Lisa-Fitz-Dreckschleuder-Militaer-Titelbild-NDS-800x450-1.jpg?fit=800%2C450&ssl=1&resize=350%2C200 1x, https:\/\/i0.wp.com\/www.freidenker.org\/fw17\/wp-content\/uploads\/2026\/03\/Lisa-Fitz-Dreckschleuder-Militaer-Titelbild-NDS-800x450-1.jpg?fit=800%2C450&ssl=1&resize=525%2C300 1.5x, https:\/\/i0.wp.com\/www.freidenker.org\/fw17\/wp-content\/uploads\/2026\/03\/Lisa-Fitz-Dreckschleuder-Militaer-Titelbild-NDS-800x450-1.jpg?fit=800%2C450&ssl=1&resize=700%2C400 2x"},"classes":[]}],"_links":{"self":[{"href":"https:\/\/www.freidenker.org\/index.php?rest_route=\/wp\/v2\/posts\/23587","targetHints":{"allow":["GET"]}}],"collection":[{"href":"https:\/\/www.freidenker.org\/index.php?rest_route=\/wp\/v2\/posts"}],"about":[{"href":"https:\/\/www.freidenker.org\/index.php?rest_route=\/wp\/v2\/types\/post"}],"author":[{"embeddable":true,"href":"https:\/\/www.freidenker.org\/index.php?rest_route=\/wp\/v2\/users\/3"}],"replies":[{"embeddable":true,"href":"https:\/\/www.freidenker.org\/index.php?rest_route=%2Fwp%2Fv2%2Fcomments&post=23587"}],"version-history":[{"count":2,"href":"https:\/\/www.freidenker.org\/index.php?rest_route=\/wp\/v2\/posts\/23587\/revisions"}],"predecessor-version":[{"id":23590,"href":"https:\/\/www.freidenker.org\/index.php?rest_route=\/wp\/v2\/posts\/23587\/revisions\/23590"}],"wp:featuredmedia":[{"embeddable":true,"href":"https:\/\/www.freidenker.org\/index.php?rest_route=\/wp\/v2\/media\/23589"}],"wp:attachment":[{"href":"https:\/\/www.freidenker.org\/index.php?rest_route=%2Fwp%2Fv2%2Fmedia&parent=23587"}],"wp:term":[{"taxonomy":"category","embeddable":true,"href":"https:\/\/www.freidenker.org\/index.php?rest_route=%2Fwp%2Fv2%2Fcategories&post=23587"},{"taxonomy":"post_tag","embeddable":true,"href":"https:\/\/www.freidenker.org\/index.php?rest_route=%2Fwp%2Fv2%2Ftags&post=23587"}],"curies":[{"name":"wp","href":"https:\/\/api.w.org\/{rel}","templated":true}]}}