{"id":23564,"date":"2025-11-15T17:32:09","date_gmt":"2025-11-15T16:32:09","guid":{"rendered":"https:\/\/www.freidenker.org\/?p=23564"},"modified":"2025-11-30T13:26:09","modified_gmt":"2025-11-30T12:26:09","slug":"der-demagoge-im-schloss-bellevue","status":"publish","type":"post","link":"https:\/\/www.freidenker.org\/?p=23564","title":{"rendered":"Der Demagoge im Schloss Bellevue"},"content":{"rendered":"<p><strong>Wie Bundespr\u00e4sident Frank-Walter Steinmeier von den wahren Gefahren und Gef\u00e4hrdern f\u00fcr die Demokratie ablenkt<\/strong><\/p>\n<p><em>Ein Kommentar von <strong>Tilo Gr\u00e4ser<\/strong>.<\/em><\/p>\n<p><span style=\"font-size: 10pt;\">Erstver\u00f6ffentlichung als Tagesdosis vom 12.11.2025 auf <a href=\"https:\/\/apolut.net\/der-demagoge-im-schloss-bellevue-von-tilo-graser\/\" target=\"_blank\" rel=\"noopener\">apolut.net<\/a><\/span><\/p>\n<p>Dieser Beitrag ist auch als Audio-Podcast verf\u00fcgbar:<\/p>\n<audio class=\"wp-audio-shortcode\" id=\"audio-23564-1\" preload=\"none\" style=\"width: 100%;\" controls=\"controls\"><source type=\"audio\/mpeg\" src=\"https:\/\/apolut.net\/content\/media\/2025\/11\/tagesdosis-20251112-apolut.mp3?_=1\" \/><a href=\"https:\/\/apolut.net\/content\/media\/2025\/11\/tagesdosis-20251112-apolut.mp3\">https:\/\/apolut.net\/content\/media\/2025\/11\/tagesdosis-20251112-apolut.mp3<\/a><\/audio>\n<p><span style=\"font-size: 10pt;\">Bereitgestellt von <a href=\"https:\/\/apolut.net\/der-demagoge-im-schloss-bellevue-von-tilo-graser\/\" target=\"_blank\" rel=\"noopener\">apolut.ne<\/a>t<\/span><br \/>\n<span style=\"font-size: 10pt;\"><a href=\"https:\/\/apolut.net\/content\/media\/2025\/11\/tagesdosis-20251112-apolut.mp3\" target=\"_blank\" rel=\"noopener\">Download<\/a><\/span><\/p>\n<p>&nbsp;<\/p>\n<blockquote><p>\u201eWer die Wahrheit nicht wei\u00df, der ist blo\u00df ein Dummkopf. Aber wer sie wei\u00df und sie eine L\u00fcge nennt, der ist ein Verbrecher!\u201c<\/p><\/blockquote>\n<p>An diese Erkenntnis von Bertolt Brecht, die er im St\u00fcck \u201eDas Leben des Galilei\u201c <a href=\"https:\/\/www.suhrkamp.de\/empfehlung\/bertolt-brecht-fuer-alle-lebenslagen-10-zitate-b-4499?ref=apolut.net\" target=\"_blank\" rel=\"noopener noreferrer\"><u>niederschrieb<\/u><\/a>, musste ich angesichts der j\u00fcngsten <a href=\"https:\/\/www.bundespraesident.de\/SharedDocs\/Reden\/DE\/Frank-Walter-Steinmeier\/Reden\/2025\/11\/251109-9-November-Matinee.html?ref=apolut.net\" target=\"_blank\" rel=\"noopener noreferrer\"><u>Rede<\/u><\/a> von Bundespr\u00e4sident Frank-Walter Steinmeier am 9. November denken.<\/p>\n<p>Nun will ich den derzeitigen Bundespr\u00e4sidenten nicht einen L\u00fcgner nennen, noch will ich ihn als Verbrecher bezeichnen. Ich denke, dass der Jurist mit Doktortitel im Schloss Bellevue durchaus kein unwissender Dummkopf ist. Aber wenn er das, was er am Sonntag sagte, wider besseres Wissen von sich gab, muss ich es zumindest als gef\u00e4hrlich ansehen. Weil er mit dieser Rede etwas tat, was er darin anderen vorwarf: Ausgrenzen, spalten, diffamieren sowie Tatsachen verdrehen und verschweigen. Es erinnert zumindest an eine alte Verbrechermethode, wonach der R\u00e4uber ruft \u201eHaltet den Dieb!\u201c<\/p>\n<p>Das geht los mit dem Datum, das den Anlass gab und mehrfach in der deutschen Geschichte eine historische Bedeutung <a href=\"https:\/\/www.textstelle.news\/2024\/11\/10\/ein-datum-und-die-geschichte\/?ref=apolut.net\" target=\"_blank\" rel=\"noopener noreferrer\"><u>erlangte<\/u><\/a>. Er meinte, dieser Tag ber\u00fchre \u201eunser Selbstverst\u00e4ndnis als Deutsche\u201c, weil es um \u201eden Kern unserer Identit\u00e4t\u201c gehe. Schon, dass er nur auf das Datum in den Jahren 1918, 1938 und 1989 blickte, zeugte von (Selbst)Beschr\u00e4nkung und (absichtsvollem) Weglassen.<\/p>\n<h5><strong>Niederlage der Demokratie<\/strong><\/h5>\n<p>Denn in die historische Reihe geh\u00f6rt ebenso der 9. November 1848: An dem Tag wurde mit der Hinrichtung des linksliberalen Revolution\u00e4rs Robert Blum die b\u00fcrgerlich-demokratische Revolution in Deutschland endg\u00fcltig zu Grabe getragen. An dem Tag entmachteten in Berlin die preu\u00dfischen Truppen unter General Friedrich von Wrangel die B\u00fcrgerwehr der Stadt, die die parlamentarische Demokratie verteidigen wollte. Die\u00a0\u201ehalbe Revolution\u201c\u00a0der Deutschen endete mit dem Sieg\u00a0\u201eeiner ganzen Konterrevolution\u201c\u00a0der alten F\u00fcrstenmacht, kommentierte\u00a0Karl Marx\u00a0damals lakonisch in der\u00a0<em>Neuen Rheinischen Zeitung<\/em> die Ereignisse.<\/p>\n<p>Warum hat der Sozialdemokrat im Schloss Bellevue das wohl ausgelassen? Ausgelassen hat er auch etwas beim Blick auf den 9. November 1918, \u201eals die Demokratie siegte\u201c, wie er behauptete: An dem Tag wurde gleich zweimal eine deutsche Republik ausgerufen, einmal vom SPD-Politiker Philipp Scheidemann, und dann zwei Stunden sp\u00e4ter vom ehemaligen SPD-Abgeordneten Karl Liebknecht die \u201efreie sozialistische Republik Deutschland\u201c. Liebknecht wurde im Januar 1919 gemeinsam mit seiner Mitstreiterin Rosa Luxemburg ermordet \u2013 im Auftrag jener, die mit Hilfe der SPD und ihrer Scheidem\u00e4nner keine wirklichen Ver\u00e4nderungen in Deutschland wollten und daf\u00fcr sorgten, dass im Gewand der Demokratie die alten Machtverh\u00e4ltnisse restauriert und gesichert wurden. Wohin das f\u00fchrte, zeigte sich bereits am 9. November 1923, als Adolf Hitler gemeinsam mit dem Reichswehr-General Erich von Ludendorff in M\u00fcnchen einen Putschversuch unternahm. Auch diesen Tag lie\u00df Steinmeier aus.<\/p>\n<p>Zu widersprechen ist dem Bundespr\u00e4sidenten gleichfalls, wenn er sich auf den 9. November 1989 beruft: In den letzten Stunden dieses Tages vor 36 Jahren \u00f6ffnete eine v\u00f6llig \u00fcberforderte Partei- und Staatsf\u00fchrung des zweiten deutschen Staates, der DDR, \u00fcberraschend die eigene Grenze. Seitdem wird vom \u201eMauerfall\u201c gesprochen, auch wenn keine Mauer fiel, sondern eben eine Grenze ge\u00f6ffnet wurde \u2013 immerhin die zwischen zwei deutschen Staaten und zwei mit Atomwaffen versehenen politischen Bl\u00f6cken. Das war nicht die Tat vermeintlich mutiger DDR-B\u00fcrger, sondern mutma\u00dflich der verzweifelte Schritt der DDR-F\u00fchrung, um Herr der Lage im eigenen Land zu bleiben. Das ging auch durch seine dilettantische Umsetzung sprichw\u00f6rtlich nach hinten los.<\/p>\n<p>Seitdem wird das Ereignis von jenen und ihren politischen Nachfolgern offiziell gefeiert, die zur Grenz\u00f6ffnung vor 36 Jahren nur insofern beitrugen, indem sie die DDR nie als eigenst\u00e4ndigen Staat anerkannten, ihre Existenz mit allen Mitteln bek\u00e4mpften \u2013 und dann selbst \u00fcberrascht waren, als die DDR-B\u00fcrger durch die offene Grenze in den Westen kamen. Diejenigen, die sich im Herbst 1989 f\u00fcr demokratische Ver\u00e4nderungen in der DDR einsetzten, geh\u00f6ren zu den Verlierern des 9. November 1989. Auch jene, die diese demokratischen Impulse in die vergr\u00f6\u00dferte Bundesrepublik einbringen wollten. Das hat Steinmeier ebenfalls ausgelassen.<\/p>\n<h5><strong>Geschichtsvergessene Demagogie<\/strong><\/h5>\n<p>Er hat zumindest \u2013 wenn auch anders als von ihm gemeint \u2013 mit seiner Aussage recht:<\/p>\n<p style=\"padding-left: 40px;\">\u201eDer 9. November macht es uns wahrlich nicht einfach. Aber gerade deshalb erz\u00e4hlt er uns viel \u00fcber uns und unser Land. Wir m\u00fcssen hinh\u00f6ren!\u201c<\/p>\n<p>Es muss genau hingeh\u00f6rt und gelesen werden, was der derzeitige Bundespr\u00e4sident da von sich gab. Auch indem er sich auf den 9. November 1938 berief und tats\u00e4chlich behauptete, heute drohe Deutschland eine \u00e4hnliche Gefahr wie damals. Steinmeier lie\u00df aus, dass Hitler und den von ihm gef\u00fchrten Faschisten am 30. Januar 1933 die Macht \u00fcbergeben wurde \u2013 von jenen, die schon 1918 daf\u00fcr sorgten, dass die wahren Macht- und Herrschaftsverh\u00e4ltnisse in Deutschland unangetastet bleiben. Zu den Folgen geh\u00f6rte die \u201eReichskristallnacht\u201c, als in der Nacht vom 9. auf den 10. November 1938 die faschistischen SA-Truppen und SS-Angeh\u00f6rige die j\u00fcdische Bev\u00f6lkerung angriffen und deren Gesch\u00e4fte und Synagogen verw\u00fcsteten und in Brand steckten.<\/p>\n<p>Das war die Einleitung der sp\u00e4teren planm\u00e4\u00dfigen Judenvernichtung in Deutschland, die die deutschen Faschisten auf ganz Europa und bis in die Sowjetunion ausweiteten. Der Bundespr\u00e4sident erinnerte zwar an die Judenvernichtung, aber ein weiteres Mal nicht an den faschistischen deutschen Vernichtungskrieg gegen die Sowjetunion mit seinen 27 Millionen Opfern im \u00fcberfallenen Land. Die Teilung Deutschlands und die Gr\u00fcndung der DDR im Oktober 1949 war eine der Konsequenzen und der Versuch einer Antwort auf die unbeschreiblichen Verbrechen der deutschen Faschisten und des \u201efruchtbaren Scho\u00dfes\u201c (Brecht), aus dem sie krochen. Wei\u00df das der studierte und promovierte Jurist etwa nicht?<\/p>\n<p>Stattdessen malte er Gefahren f\u00fcr die bundesdeutsche \u201efreiheitlich-demokratische Grundordnung\u201c an die W\u00e4nde seines Amtssitzes, denen \u201eillusionslos ins Auge\u201c zu sehen sei. Das, was er von sich gab, ist nicht nur geschichtsvergessen, sondern auch gegenwartsignorant zu nennen:<\/p>\n<p style=\"padding-left: 40px;\">\u201eNie in der Geschichte unseres wiedervereinten Landes waren Demokratie und Freiheit so angegriffen. Bedroht durch einen russischen Aggressor, der unsere Friedensordnung zertr\u00fcmmert hat, und gegen den wir uns sch\u00fctzen m\u00fcssen. Und aktuell bedroht durch rechtsextreme Kr\u00e4fte, die unsere Demokratie angreifen und an Zustimmung in der Bev\u00f6lkerung gewinnen.\u201c<\/p>\n<p>Nicht Russlands Pr\u00e4sident Wladimir Putin und auch nicht politische Kr\u00e4fte wie die demokratisch im Bundestag vertretene Alternative f\u00fcr Deutschland (AfD) sind eine Gefahr f\u00fcr die Bundesrepublik und ihre Gesellschaft. Dass in dieser \u201eeine gro\u00dfe Unruhe\u201c herrscht, daf\u00fcr sind jene verantwortlich, die seit Jahren das Land regieren und wider ihres Amtseides nach\u00a0<a href=\"https:\/\/www.gesetze-im-internet.de\/gg\/art_56.html?ref=apolut.net\" target=\"_blank\" rel=\"noopener noreferrer\"><u>Artikel 56<\/u><\/a>\u00a0des Grundgesetzes handeln. Zu diesen hat auch Steinmeier als Au\u00dfenminister geh\u00f6rt, von 2005 bis 2009 und von 2013 bis 2017. Der Amtseid verpflichtet die Regierenden eigentlich, Schaden vom deutschen Volk und vom eigenen Land abzuwehren.<\/p>\n<h5>Straflose Demagogie<\/h5>\n<p>Doch sie tun genau das Gegenteil, ohne dass sie daf\u00fcr zur Verantwortung gezogen werden k\u00f6nnen \u2013 und sorgen stattdessen f\u00fcr das, was Steinmeier in seiner Rede beklagte. So schrieb er den wachsenden Unmut in der Bev\u00f6lkerung ob der regierenden Politik dem Wirken von \u201eextremen Parteien\u201c zu, wobei er die AfD zwar nicht nannte, aber eindeutig meinte. Er hat dabei ausgelassen, dass es die Politik der Regierenden ist, die f\u00fcr die Probleme des Landes und den dadurch verursachten Unmut der Menschen sorgt: mit ihrer antirussischen Politik und deren wirtschaftlichen Folgen, ihrer Aufr\u00fcstung auf Kosten der Schwachen und Schw\u00e4chsten in der Gesellschaft, ihren Geldgeschenken an die Ukraine bei gleichzeitigen K\u00fcrzungen f\u00fcr die eigene Bev\u00f6lkerung und so weiter und sofort. Die Liste ist lang und wurde nicht erst im Februar 2022 begonnen. Sie wird nicht von der AfD mit Inhalt gef\u00fcllt \u2013 weil sie nicht mitregiert und das (noch) nicht darf.<\/p>\n<p>Steinmeier hat jenen, die er als Demokratiefeinde ausmacht, deutlich gedroht: Dazu seien \u201eim Grundgesetz wie im Strafrecht Instrumente festgeschrieben, um unsere Freiheit zu sch\u00fctzen vor denen, die sie angreifen. Wir haben diese Instrumente in der Hand!\u201c Er hat den Rechtsstaat als \u201eentscheidend f\u00fcr die Verteidigung der Demokratie\u201c bezeichnet und erkl\u00e4rt: \u201eWir k\u00f6nnen handeln, wenn wir wollen.\u201c<\/p>\n<p>Die ausgemachte Drohung war von Steinmeier nicht zu h\u00f6ren, als im M\u00e4rz 2020 mit der politisch verursachten Corona-Krise die Gesellschaft in Geiselhaft genommen wurde. Da war er schon Bundespr\u00e4sident und hat selbst mit \u201eFake News\u201c Angst gesch\u00fcrt. In dieser Zeit wurde staatlich gef\u00f6rdert, was er heute bei anderen bek\u00e4mpfen will: \u201eDie L\u00fcgen, die Demagogie, die Hetze, der Hohn und der Hass\u201c. Der Jurist, der es h\u00e4tte besser wissen und machen m\u00fcssen, war beteiligt an dem massivsten Angriff auf die auf dem Grundgesetz gegr\u00fcndete bundesdeutsche Demokratie in deren Geschichte. So <a href=\"https:\/\/www.bundesregierung.de\/breg-de\/service\/newsletter-und-abos\/bulletin\/rede-von-bundespraesident-dr-frank-walter-steinmeier-1743002?ref=apolut.net\" target=\"_blank\" rel=\"noopener noreferrer\"><u>sprach<\/u><\/a> er am 11. April 2020 unter anderem:<\/p>\n<p style=\"padding-left: 40px;\">\u201eEs ist gut, dass der Staat jetzt kraftvoll handelt \u2013 in einer Krise, f\u00fcr die es kein Drehbuch gab. Ich bitte Sie auch alle weiterhin um Vertrauen, denn die Regierenden in Bund und L\u00e4ndern wissen um ihre riesige Verantwortung.<\/p>\n<p>Doch wie es jetzt weitergeht, wann und wie die Einschr\u00e4nkungen gelockert werden k\u00f6nnen, dar\u00fcber entscheiden nicht allein Politiker und Experten, sondern wir alle haben das in der Hand, durch unsere Geduld und unsere Disziplin \u2013 gerade jetzt, wenn es uns am schwersten f\u00e4llt.\u201c<\/p>\n<p>Er redete von einer \u201eDemokratie, in der wir einander zutrauen, auf Fakten und Argumente zu h\u00f6ren, Vernunft zu zeigen, das Richtige zu tun\u201c \u2013 und schritt kraft seines Amtes nicht ein, als die regierende Politik, unterst\u00fctzt von den mit ihr verbundenen Medien, genau das Gegenteil tat und mehrere Grundrechte au\u00dfer Kraft setzte. Auch nicht, als viele Menschen, die an dem zweifelten, was ihnen erkl\u00e4rt wurde, oftmals aufgrund ihrer fachlichen Kenntnis, und die ihr Recht auf demokratischen Widerstand wahrnahmen, nicht nur diffamiert, sondern auch ihrer Existenzen beraubt wurden. Es traf Lehrer, \u00c4rzte, selbst Richter, Wissenschaftler, Journalisten, ganz normale B\u00fcrger \u2013 auch diese Liste ist lang. Und bis heute wird das Unrecht durch die \u201eInstrumente\u201c des Rechtsstaates, der au\u00dfer Kraft gesetzt wurde, fortgesetzt. Nicht zu sprechen von der fehlenden Wiedergutmachung f\u00fcr die Opfer der Ma\u00dfnahmen und der Kampagne zum Wohle der Pharmaindustrie, Millionen Menschen experimentelle Stoffe zu spritzen, die nicht einmal nach allen bis dahin geltenden Regeln gen\u00fcgend ausgetestet waren.<\/p>\n<h5>Mit Blindheit geschlagen<\/h5>\n<p>Heute will Steinmeier sich f\u00fcr eine \u201etransparente Aufarbeitung der Corona-Zeit\u201c einsetzen, wie er im M\u00e4rz dieses Jahres <a href=\"https:\/\/www.bundespraesident.de\/SharedDocs\/Reden\/DE\/Frank-Walter-Steinmeier\/Reden\/2025\/03\/250314-Corona-Aufarbeitung.html?ref=apolut.net\" target=\"_blank\" rel=\"noopener noreferrer\"><u>erkl\u00e4rte<\/u><\/a>. Ziel m\u00fcsse es sein, \u201ein Zukunft noch resilienter und st\u00e4rker zu sein \u2013 und damit auch unsere Demokratie zu sch\u00fctzen und zu st\u00e4rken\u201c. Das wirkt genauso wie Hohn wie seine Rede vom letzten Sonntag, als er wieder dazu aufrief. \u201eunsere Demokratie zu sch\u00fctzen und zu st\u00e4rken\u201c.<\/p>\n<p>Steinmeier warnte vor Angriffen auf die Unabh\u00e4ngigkeit und die Legitimit\u00e4t der Justiz, die nicht infrage gestellt werden d\u00fcrfe. Meint er das wirklich ernst angesichts der zahlreichen Beispiele aus der Corona-Krise, als die Justiz zum B\u00fcttel einer diktatorisch agierenden Regierungspolitik gemacht wurde und sich machen lie\u00df? Und die selbst gegen einen Richter wie Christian Dettmar aus Weimar zum <a href=\"https:\/\/www.berliner-zeitung.de\/politik-gesellschaft\/fall-christian-dettmar-verurteilter-richter-corona-massnahmen-wuerde-dasselbe-tun-li.2345560?ref=apolut.net\" target=\"_blank\" rel=\"noopener noreferrer\"><u>Einsatz<\/u><\/a> kam, der nach Sachkunde und Vernunft gegen die Maskenpflicht an zwei Schulen entschied.<\/p>\n<p>Der Bundespr\u00e4sident forderte die Beamten und \u00f6ffentlich Bediensteten von Polizei bis Bildungswesen auf, \u201enicht neutral\u201c zu sein, \u201ewenn es um den Wertekanon unseres Grundgesetzes geht. Sie m\u00fcssen sich zu unserer freiheitlich-demokratischen Grundordnung bekennen und f\u00fcr sie eintreten.\u201c Ich habe gesehen, wie Polizisten Menschen verpr\u00fcgelten und verhafteten, die sich mit dem Grundgesetz in der Hand f\u00fcr ihre Rechte einsetzten. Gerade die Corona-Zeit hat gezeigt, was es mit der in Sonntagsreden wie der des Bundespr\u00e4sidenten beschworenen \u201ewehrhaften Demokratie\u201c auf sich hat. Das setzt sich gegenw\u00e4rtig fort, indem der Kurs, die Gesellschaft erneut \u201ekriegst\u00fcchtig\u201c zu machen, wie es einst die Faschisten taten, mit allen Mitteln durchgesetzt wird \u2013 wieder gegen all jene, die ganz demokratisch Zweifel artikulieren, Kritik \u00fcben und sich gar f\u00fcr Frieden einsetzen, wie es das Grundgesetz fordert.<\/p>\n<p>Steinmeier droht all jenen, die das mit dem Grundgesetz und der Demokratie anders als er und seine Kumpane an der Regierung sehen, auch mit Berufsverboten. Auch das hatte die Bundesrepublik schon einmal: Der \u201eRadikalenerlass\u201c wurde 1972 unter dem SPD-Bundeskanzler Willy Brandt eingef\u00fchrt. Wer andere politische L\u00f6sungen der von den derzeit Regierenden verursachten Problemen vorschl\u00e4gt, dem droht er nicht nur mit Parteiverbot, sondern den will er gar vom passiven Wahlrecht ausschlie\u00dfen.<\/p>\n<p>Der heutige Bundespr\u00e4sident mit SPD-Parteibuch stellte mit Blick auf die nicht genannte AfD die rhetorische Frage: \u201eGreifen sie unsere Verfassung an, stellen sie sich gegen sie, wollen sie ein anderes, nicht-freiheitliches System?\u201c Die muss er seiner eigenen Partei und jenen, mit denen sie gemeinsam regierte und regiert, stellen.<\/p>\n<h5>Die wahren Extremisten<\/h5>\n<p>Steinmeier erkl\u00e4rte \u201eExtremisten tragen Feindschaft in das soziale Leben und zerst\u00f6ren das Vertrauen in der Gesellschaft\u201c und lie\u00df aus, dass genau das seit Jahren die regierenden Parteien tun.<\/p>\n<p>Er stellte fest \u201eExtremisten setzen auf Spaltung\u201c und verschwieg, dass es die Regierenden sind, die dieses Mittel einsetzen.<\/p>\n<p>\u201eExtremisten weichen aus, wenn es um machbare L\u00f6sungen geht\u201c, sagte er und sprach nicht davon, dass so die Regierenden vorgehen.<\/p>\n<p>Ebenso behauptete er, \u201eExtremisten hetzen gegen Europa\u201c, und verschwieg dabei, dass die Bundesregierung mit ihrer Ukraine-Politik derzeit zu den gr\u00f6\u00dften Gef\u00e4hrdern Europas geh\u00f6rt.<\/p>\n<p>\u201eRechtsextremisten h\u00e4ngen einer v\u00f6lkisch-autorit\u00e4ren, im Kern menschenfeindlichen Ideologie an\u201c, steigerte er seine Vorw\u00fcrfe an die Nichtgenannten. Dagegen achte b\u00fcrgerliche Politik \u201edas Individuum, seine W\u00fcrde und Freiheit\u201c. Ich habe nicht geh\u00f6rt, dass ihm jemand an diesem Punkt seiner Rede am Sonntag im Schloss Bellevue deutlich widersprach. Auch nicht, als er behauptete: \u201eExtremistisch und b\u00fcrgerlich: Das geht nicht zusammen, das sind elementare Gegens\u00e4tze.\u201c Dabei h\u00e4tte Widerspruch erfolgen m\u00fcssen angesichts der oben genannten Beispiele \u201eb\u00fcrgerlicher Politik\u201c. Diese ist autorit\u00e4r, menschenfeindlich und antidemokratisch, wenn die Herrschenden es f\u00fcr ihre Interessen als notwendig und n\u00fctzlich erachten.<\/p>\n<p>Wie gut das zusammen geht, hat der historische Faschismus in Deutschland gezeigt, vor dessen Wiederholung Steinmeier mit Blick auf den 9. November 1938 glaubte, warnen zu m\u00fcssen. Da empfehle ich dem Bundespr\u00e4sidenten die Lekt\u00fcre des Brecht-St\u00fcckes \u201eDer aufhaltsame Aufstieg des Arturo Ui\u201c. Aus dessen Epilog stammt der ber\u00fchmte Satz:<\/p>\n<p style=\"padding-left: 40px;\">\u201eDer Scho\u00df ist fruchtbar noch, aus dem das kroch.\u201c<\/p>\n<p>Die Rede von Steinmeier am vergangenen Sonntag ist voller Demagogie und Hetze, die er anderen vorwirft. Sie ist voller falscher Behauptungen und Auslassungen, derer er andere beschuldigt. Vor allem l\u00e4sst er das eigene Tun aus. Nur einen Satz daraus kann ich mit voller Zustimmung zitieren und unterst\u00fctzen, aber anders als Steinmeier es meint und gegen die selbsternannten demagogischen \u201eDemokratie-Verteidiger\u201c wie ihn gerichtet:<\/p>\n<blockquote><p>\u201eStehen wir zusammen \u2013 f\u00fcr die Selbstbehauptung von Demokratie und Menschlichkeit!\u201c<\/p><\/blockquote>\n<p style=\"text-align: right;\"><em>Tilo Gr\u00e4ser ist diplomierter Journalist und Mitglied des Deutschen Freidenker-Verbandes<\/em><\/p>\n<hr \/>\n<p><span style=\"font-size: 10pt;\">Bild oben: Bundespr\u00e4sident Frank-Walter Steinmeier, hier auf dem 80. Deutschen F\u00fcrsorgetag, 16. September 2025<\/span><br \/>\n<span style=\"font-size: 10pt;\">Foto: Steffen Pr\u00f6\u00dfdorf, <a href=\"https:\/\/creativecommons.org\/licenses\/by-sa\/4.0\" target=\"_blank\" rel=\"noopener\">CC BY-SA 4.0<\/a><\/span><br \/>\n<span style=\"font-size: 10pt;\">Quelle: <a href=\"https:\/\/commons.wikimedia.org\/w\/index.php?curid=175315764\" target=\"_blank\" rel=\"noopener\">https:\/\/commons.wikimedia.org\/w\/index.php?curid=175315764<\/a><\/span><\/p>\n","protected":false},"excerpt":{"rendered":"<p><b>Ein Kommentar von Tilo Gr\u00e4ser.<\/b><br \/>\n<i>\u201eWer die Wahrheit nicht wei\u00df, der ist blo\u00df ein Dummkopf. Aber wer sie wei\u00df und sie eine L\u00fcge nennt, der ist ein Verbrecher!\u201c<\/i> An diese Erkenntnis von Bertolt Brecht, die er im St\u00fcck \u201eDas Leben des Galilei\u201c niederschrieb, musste ich angesichts der j\u00fcngsten Rede von Bundespr\u00e4sident Frank-Walter Steinmeier am 9. November denken. Nun will ich den derzeitigen Bundespr\u00e4sidenten nicht einen L\u00fcgner nennen, noch will ich ihn als Verbrecher bezeichnen. Ich denke, dass der Jurist mit Doktortitel im Schloss Bellevue durchaus kein unwissender Dummkopf ist. Aber wenn er das, was er am Sonntag sagte, wider besseres Wissen von sich gab, muss ich es zumindest als gef\u00e4hrlich ansehen. Weil er mit dieser Rede etwas tat, was er darin anderen vorwarf: Ausgrenzen, spalten, diffamieren sowie Tatsachen verdrehen und verschweigen. <\/p>\n","protected":false},"author":3,"featured_media":23576,"comment_status":"closed","ping_status":"closed","sticky":false,"template":"","format":"standard","meta":{"colormag_page_container_layout":"default_layout","colormag_page_sidebar_layout":"default_layout","advanced_seo_description":"","jetpack_seo_html_title":"","jetpack_seo_noindex":false,"jetpack_post_was_ever_published":false,"footnotes":""},"categories":[12],"tags":[1031,1462,261,1256,454,2357,162,1476,465,2649,602,2875,844,154,1951,174,1586,1846,2874,138,1243,717],"class_list":["post-23564","post","type-post","status-publish","format-standard","has-post-thumbnail","hentry","category-demokratie-medien-aufklaerung","tag-afd","tag-ausgrenzung","tag-bundespraesident","tag-corona-virus","tag-ddr","tag-demagogie","tag-demokratie","tag-diffamierung","tag-erkenntnis","tag-extremismus","tag-fake-news","tag-faschisten","tag-grundgesetz","tag-grundrechte","tag-hetze","tag-mauer","tag-mord","tag-rechtsstaat","tag-republik","tag-revolution","tag-steinmeier","tag-wahrheit"],"jetpack_featured_media_url":"https:\/\/i0.wp.com\/www.freidenker.org\/fw17\/wp-content\/uploads\/2025\/11\/2025-09-16_Event_80._Deutscher_Fuersorgetag_STP_6679_800x450.jpg?fit=800%2C450&ssl=1","jetpack_shortlink":"https:\/\/wp.me\/p9stpK-684","jetpack-related-posts":[{"id":12201,"url":"https:\/\/www.freidenker.org\/?p=12201","url_meta":{"origin":23564,"position":0},"title":"Steinmeier nach Wiederwahl \u2013 Schuldzuweisungen und Warnungen an Putin","author":"Webredaktion","date":"18. Februar 2022","format":false,"excerpt":"Beitrag von Christian Harde Frank-Walter Steinmeier beginnt seine zweite Amtszeit mit einer au\u00dfenpolitischen Provokation. Nach seiner Wiederwahl durch die 17. Bundesversammlung hat der bisherige und k\u00fcnftige Bundespr\u00e4sident in seiner Dankesrede an die Delegierten heftige Vorw\u00fcrfe an die Adresse Russlands und dessen Pr\u00e4sidenten Wladimir Putin erhoben. ... Kaum, dass Steinmeier seinen\u2026","rel":"","context":"In &quot;Frieden - Antifaschismus - Solidarit\u00e4t&quot;","block_context":{"text":"Frieden - Antifaschismus - Solidarit\u00e4t","link":"https:\/\/www.freidenker.org\/?cat=13"},"img":{"alt_text":"","src":"https:\/\/i0.wp.com\/www.freidenker.org\/fw17\/wp-content\/uploads\/2022\/02\/Vladimir_Putin_and_Frank-Walter_Steinmeier_800x450.jpg?fit=800%2C450&ssl=1&resize=350%2C200","width":350,"height":200,"srcset":"https:\/\/i0.wp.com\/www.freidenker.org\/fw17\/wp-content\/uploads\/2022\/02\/Vladimir_Putin_and_Frank-Walter_Steinmeier_800x450.jpg?fit=800%2C450&ssl=1&resize=350%2C200 1x, https:\/\/i0.wp.com\/www.freidenker.org\/fw17\/wp-content\/uploads\/2022\/02\/Vladimir_Putin_and_Frank-Walter_Steinmeier_800x450.jpg?fit=800%2C450&ssl=1&resize=525%2C300 1.5x, https:\/\/i0.wp.com\/www.freidenker.org\/fw17\/wp-content\/uploads\/2022\/02\/Vladimir_Putin_and_Frank-Walter_Steinmeier_800x450.jpg?fit=800%2C450&ssl=1&resize=700%2C400 2x"},"classes":[]},{"id":14576,"url":"https:\/\/www.freidenker.org\/?p=14576","url_meta":{"origin":23564,"position":1},"title":"Steinmeiers neueste Durchhalterede an die Deutschen: Dieses &#8222;Wir&#8220; gibt es nicht","author":"Webredaktion","date":"2. November 2022","format":false,"excerpt":"Beitrag von Dagmar Henn Wenn es eine Person gibt, die die Hintergr\u00fcnde des Konflikts in der Ukraine genau kennen muss, dann ist das Frank-Walter Steinmeier. Von 1999 bis 2005 war er Chef des Kanzleramts. W\u00e4hrend der ersten Farbrevolution in der Ukraine, im Jahr 2004, war er damit der Geheimdienstkoordinator und\u2026","rel":"","context":"In &quot;Demokratie \u2013 Medien \u2013 Aufkl\u00e4rung&quot;","block_context":{"text":"Demokratie \u2013 Medien \u2013 Aufkl\u00e4rung","link":"https:\/\/www.freidenker.org\/?cat=12"},"img":{"alt_text":"","src":"https:\/\/i0.wp.com\/www.freidenker.org\/fw17\/wp-content\/uploads\/2022\/11\/steinmeier_kiew_2022_800x450.jpg?fit=800%2C450&ssl=1&resize=350%2C200","width":350,"height":200,"srcset":"https:\/\/i0.wp.com\/www.freidenker.org\/fw17\/wp-content\/uploads\/2022\/11\/steinmeier_kiew_2022_800x450.jpg?fit=800%2C450&ssl=1&resize=350%2C200 1x, https:\/\/i0.wp.com\/www.freidenker.org\/fw17\/wp-content\/uploads\/2022\/11\/steinmeier_kiew_2022_800x450.jpg?fit=800%2C450&ssl=1&resize=525%2C300 1.5x, https:\/\/i0.wp.com\/www.freidenker.org\/fw17\/wp-content\/uploads\/2022\/11\/steinmeier_kiew_2022_800x450.jpg?fit=800%2C450&ssl=1&resize=700%2C400 2x"},"classes":[]},{"id":12788,"url":"https:\/\/www.freidenker.org\/?p=12788","url_meta":{"origin":23564,"position":2},"title":"Seine Dem\u00fctigung w\u00e4re f\u00fcr Steinmeier die Gelegenheit, die Wahrheit zu sagen","author":"Webredaktion","date":"14. April 2022","format":false,"excerpt":"Beitrag von Dagmar Henn So richtig Mitgef\u00fchl kann ich nicht aufbringen f\u00fcr den Bundespr\u00e4sidenten Frank-Walter Steinmeier, wenn ihn Selenskij nicht einladen will. Schlie\u00dflich hat Steinmeier diese ganze ukrainische Misere mit anger\u00fchrt. Und wenn ihn jetzt die Schlange, die er an der Brust gen\u00e4hrt hat, bei\u00dft \u2013 nun ja. Auch wenn\u2026","rel":"","context":"In &quot;Demokratie \u2013 Medien \u2013 Aufkl\u00e4rung&quot;","block_context":{"text":"Demokratie \u2013 Medien \u2013 Aufkl\u00e4rung","link":"https:\/\/www.freidenker.org\/?cat=12"},"img":{"alt_text":"","src":"https:\/\/i0.wp.com\/www.freidenker.org\/fw17\/wp-content\/uploads\/2022\/04\/Steinmeier_0482_800x450.jpg?fit=800%2C450&ssl=1&resize=350%2C200","width":350,"height":200,"srcset":"https:\/\/i0.wp.com\/www.freidenker.org\/fw17\/wp-content\/uploads\/2022\/04\/Steinmeier_0482_800x450.jpg?fit=800%2C450&ssl=1&resize=350%2C200 1x, https:\/\/i0.wp.com\/www.freidenker.org\/fw17\/wp-content\/uploads\/2022\/04\/Steinmeier_0482_800x450.jpg?fit=800%2C450&ssl=1&resize=525%2C300 1.5x, https:\/\/i0.wp.com\/www.freidenker.org\/fw17\/wp-content\/uploads\/2022\/04\/Steinmeier_0482_800x450.jpg?fit=800%2C450&ssl=1&resize=700%2C400 2x"},"classes":[]},{"id":20639,"url":"https:\/\/www.freidenker.org\/?p=20639","url_meta":{"origin":23564,"position":3},"title":"Bundespr\u00e4sident Steinmeier und die Bedrohung der Demokratie","author":"Webredaktion","date":"3. Januar 2025","format":false,"excerpt":"Beitrag von Rainer Rupp Vergangene Woche hat Bundespr\u00e4sident Frank-Walter Steinmeier gem\u00e4\u00df seinen Pflichten die Aufl\u00f6sung des Bundestages und Neuwahlen im Februar verk\u00fcndet, aber nicht, ohne diese Aktion mit kaum verklausulierten Drohungen an das deutsche Volk zu begleiten: Denn f\u00fcr den Fall, dass die Leute \"falsch\" w\u00e4hlen, also rechte Parteien die\u2026","rel":"","context":"In &quot;Demokratie \u2013 Medien \u2013 Aufkl\u00e4rung&quot;","block_context":{"text":"Demokratie \u2013 Medien \u2013 Aufkl\u00e4rung","link":"https:\/\/www.freidenker.org\/?cat=12"},"img":{"alt_text":"","src":"https:\/\/i0.wp.com\/www.freidenker.org\/fw17\/wp-content\/uploads\/2025\/01\/Frank-Walter-Steinmeier_0482_800x450.jpg?fit=800%2C450&ssl=1&resize=350%2C200","width":350,"height":200,"srcset":"https:\/\/i0.wp.com\/www.freidenker.org\/fw17\/wp-content\/uploads\/2025\/01\/Frank-Walter-Steinmeier_0482_800x450.jpg?fit=800%2C450&ssl=1&resize=350%2C200 1x, https:\/\/i0.wp.com\/www.freidenker.org\/fw17\/wp-content\/uploads\/2025\/01\/Frank-Walter-Steinmeier_0482_800x450.jpg?fit=800%2C450&ssl=1&resize=525%2C300 1.5x, https:\/\/i0.wp.com\/www.freidenker.org\/fw17\/wp-content\/uploads\/2025\/01\/Frank-Walter-Steinmeier_0482_800x450.jpg?fit=800%2C450&ssl=1&resize=700%2C400 2x"},"classes":[]},{"id":18067,"url":"https:\/\/www.freidenker.org\/?p=18067","url_meta":{"origin":23564,"position":4},"title":"Abrechnung mit Scholz und der Ampel-Blase","author":"Webredaktion","date":"30. Januar 2024","format":false,"excerpt":"Kommentar von\u00a0Rainer Rupp Gestern erhielt ich eine Kurznachricht auf X (vormals Twitter): \u201eHier braucht ein sehr sch\u00f6ner Beitrag Reichweite\u201c. Beigef\u00fcgt war ein Link zu einem Text aus der Feder des deutschen Journalisten Philippe Debionne. Nach dessen Lekt\u00fcre war auch ich \u00fcberzeugt, dass dieser Beitrag so breit wie m\u00f6glich verteilt werden\u2026","rel":"","context":"In &quot;Demokratie \u2013 Medien \u2013 Aufkl\u00e4rung&quot;","block_context":{"text":"Demokratie \u2013 Medien \u2013 Aufkl\u00e4rung","link":"https:\/\/www.freidenker.org\/?cat=12"},"img":{"alt_text":"","src":"https:\/\/i0.wp.com\/www.freidenker.org\/fw17\/wp-content\/uploads\/2024\/01\/ampel_scholz_lindner_habeck_800x450.jpg?fit=800%2C450&ssl=1&resize=350%2C200","width":350,"height":200,"srcset":"https:\/\/i0.wp.com\/www.freidenker.org\/fw17\/wp-content\/uploads\/2024\/01\/ampel_scholz_lindner_habeck_800x450.jpg?fit=800%2C450&ssl=1&resize=350%2C200 1x, https:\/\/i0.wp.com\/www.freidenker.org\/fw17\/wp-content\/uploads\/2024\/01\/ampel_scholz_lindner_habeck_800x450.jpg?fit=800%2C450&ssl=1&resize=525%2C300 1.5x, https:\/\/i0.wp.com\/www.freidenker.org\/fw17\/wp-content\/uploads\/2024\/01\/ampel_scholz_lindner_habeck_800x450.jpg?fit=800%2C450&ssl=1&resize=700%2C400 2x"},"classes":[]},{"id":22273,"url":"https:\/\/www.freidenker.org\/?p=22273","url_meta":{"origin":23564,"position":5},"title":"Compact-Verbot aufgehoben \u2013 Urteil pro Pressefreiheit mit Beigeschmack","author":"Webredaktion","date":"3. Juli 2025","format":false,"excerpt":"Kommentar von Tilo Gr\u00e4ser. Fast ein Jahr, nachdem die damalige Bundesinnenministerin Nancy Faeser (SPD) am 16. Juli 2024 das Magazin Compact, dessen Verlag und eine dazu geh\u00f6rige Filmfirma verbieten lie\u00df, hat nun das Bundesverwaltungsgericht (BVerwG) in Leipzig das Verbot endg\u00fcltig aufgehoben. Damit war die Klage des Verlages Compact-Magazin GmbH und\u2026","rel":"","context":"In &quot;Demokratie \u2013 Medien \u2013 Aufkl\u00e4rung&quot;","block_context":{"text":"Demokratie \u2013 Medien \u2013 Aufkl\u00e4rung","link":"https:\/\/www.freidenker.org\/?cat=12"},"img":{"alt_text":"","src":"https:\/\/i0.wp.com\/www.freidenker.org\/fw17\/wp-content\/uploads\/2025\/07\/collage_compact_800x450.jpg?fit=800%2C450&ssl=1&resize=350%2C200","width":350,"height":200,"srcset":"https:\/\/i0.wp.com\/www.freidenker.org\/fw17\/wp-content\/uploads\/2025\/07\/collage_compact_800x450.jpg?fit=800%2C450&ssl=1&resize=350%2C200 1x, https:\/\/i0.wp.com\/www.freidenker.org\/fw17\/wp-content\/uploads\/2025\/07\/collage_compact_800x450.jpg?fit=800%2C450&ssl=1&resize=525%2C300 1.5x, https:\/\/i0.wp.com\/www.freidenker.org\/fw17\/wp-content\/uploads\/2025\/07\/collage_compact_800x450.jpg?fit=800%2C450&ssl=1&resize=700%2C400 2x"},"classes":[]}],"_links":{"self":[{"href":"https:\/\/www.freidenker.org\/index.php?rest_route=\/wp\/v2\/posts\/23564","targetHints":{"allow":["GET"]}}],"collection":[{"href":"https:\/\/www.freidenker.org\/index.php?rest_route=\/wp\/v2\/posts"}],"about":[{"href":"https:\/\/www.freidenker.org\/index.php?rest_route=\/wp\/v2\/types\/post"}],"author":[{"embeddable":true,"href":"https:\/\/www.freidenker.org\/index.php?rest_route=\/wp\/v2\/users\/3"}],"replies":[{"embeddable":true,"href":"https:\/\/www.freidenker.org\/index.php?rest_route=%2Fwp%2Fv2%2Fcomments&post=23564"}],"version-history":[{"count":3,"href":"https:\/\/www.freidenker.org\/index.php?rest_route=\/wp\/v2\/posts\/23564\/revisions"}],"predecessor-version":[{"id":23577,"href":"https:\/\/www.freidenker.org\/index.php?rest_route=\/wp\/v2\/posts\/23564\/revisions\/23577"}],"wp:featuredmedia":[{"embeddable":true,"href":"https:\/\/www.freidenker.org\/index.php?rest_route=\/wp\/v2\/media\/23576"}],"wp:attachment":[{"href":"https:\/\/www.freidenker.org\/index.php?rest_route=%2Fwp%2Fv2%2Fmedia&parent=23564"}],"wp:term":[{"taxonomy":"category","embeddable":true,"href":"https:\/\/www.freidenker.org\/index.php?rest_route=%2Fwp%2Fv2%2Fcategories&post=23564"},{"taxonomy":"post_tag","embeddable":true,"href":"https:\/\/www.freidenker.org\/index.php?rest_route=%2Fwp%2Fv2%2Ftags&post=23564"}],"curies":[{"name":"wp","href":"https:\/\/api.w.org\/{rel}","templated":true}]}}