{"id":23543,"date":"2025-11-12T23:52:34","date_gmt":"2025-11-12T22:52:34","guid":{"rendered":"https:\/\/www.freidenker.org\/?p=23543"},"modified":"2025-11-30T13:25:39","modified_gmt":"2025-11-30T12:25:39","slug":"antikommunismus-die-grundtorheit-der-epoche","status":"publish","type":"post","link":"https:\/\/www.freidenker.org\/?p=23543","title":{"rendered":"Antikommunismus \u2013 die Grundtorheit der Epoche"},"content":{"rendered":"<p><em>von <strong>Marion Schneider<\/strong><\/em><\/p>\n<p><span style=\"font-size: 10pt;\">Erstver\u00f6ffentlichung am 04.11.2025 im Blog der Autorin <a href=\"https:\/\/www.marionschneider.net\/antikommunismus-die-grundtorheit-der-epoche\/\" target=\"_blank\" rel=\"noopener\">marionschneider.net<\/a><\/span><\/p>\n<p>Thomas Mann bezeichnete 1943 im Exil den Antikommunismus als die Grundtorheit der Epoche. Als nun am 16. Februar 1990, wenige Monate nach dem Fall der deutsch-deutschen Mauer, bei <strong>den Visaantr\u00e4gen f\u00fcr die USA die Frage einer m\u00f6glichen Mitgliedschaft in der kommunistischen Partei entfiel und nun auch Kommunisten in die USA einreisen konnten<\/strong>, freute ich mich \u00fcber dieses Symbol der Entspannungs\u2013 und Friedenspolitik zwischen Russland, Europa und den USA. Allerdings ist es bis heute noch so, dass das Visum in die USA wegen kommunistischer Bet\u00e4tigung verweigert werden kann, weil die kommunistische Partei in den USA seit 1954 verboten ist.<\/p>\n<p><strong>1956 wurde die Kommunistische Partei Deutschlands auch in der Bundesrepublik Deutschland verboten<\/strong>. Wie das sehr empfehlenswerte Buch von Joseph Foschepoth<a id=\"_ftnref1\" href=\"#_ftn1\">[1]<\/a> aufzeigt, war dies eine Reaktion auf die von der KPD angef\u00fchrte<s>n<\/s> massiven Bewegung gegen die Wiederbewaffnung und den noch ungebrochenen Ruf nach der Wiedervereinigung Deutschlands. Das KPD-Verbot hatte massive Auswirkungen f\u00fcr Deutschland, die in Wikipedia zusammengefasst gut nachzuvollziehen sind. <a id=\"_ftnref2\" href=\"#_ftn2\">[2]<\/a> Hunderttausende litten unter ihm, und viele Existenzen wurden vernichtet. Das Parteiverm\u00f6gen der KPD wurde eingezogen, darunter Immobilien, Druckereien und Zeitungen. Ich m\u00f6chte hier aber noch erw\u00e4hnen, dass bereits ab 1947 unter amerikanischer Anleitung die Repressionen gegen Kommunistinnen und Kommunisten einsetzten und sich zunehmend versch\u00e4rften.<\/p>\n<p>Nach dem <strong>Verbot der KPD<\/strong> wanderten eine bedeutende Anzahl kommunistischer Familien in die DDR aus, und erst 1968 wurde dann in der Bundesrepublik Deutschland wieder eine kommunistische Partei unter dem Namen die <strong>DKP gegr\u00fcndet, die es auch heute noch gibt.<\/strong><\/p>\n<p>Warum schreibe ich das? Ich freute mich 1990 dar\u00fcber, dass mit dem Fall der Mauer endlich ein <strong>Dialog zwischen Kommunismus und Kapitalismus<\/strong> m\u00f6glich erschien. Das ganze 20. Jahrhundert gab es den Kampf gegen oder um den Kommunismus, und so viel Blut ist deshalb geflossen. F\u00fcr mich war die Frage der Hintergr\u00fcnde f\u00fcr diesen erbitterten Wettstreit mein ganzes Leben lang pr\u00e4gend. Ich wollte verstehen, wie die Menschheit aus dieser Falle herauskommen kann.<\/p>\n<p>Meine Hoffnung, dass wir in eine neue \u00c4ra des friedlichen Dialogs eintreten, hat sich inzwischen in Luft aufgel\u00f6st. Die freundliche Aufnahme kommunistischer B\u00fcrger aus den Ostblockstaaten war damals pragmatischer Natur. <strong>Die Regierung der USA hatte ein elementares Interesse an dem sozialen, wirtschaftlichen und politischen Austausch mit den L\u00e4ndern des Ostblocks<\/strong> und ging davon aus, dass der Kommunismus f\u00fcr sie keine Gefahr mehr darstellte, wenigstens nicht der aus Europa.<\/p>\n<p>Was brachte die Wende 1989? <strong>Die Vertr\u00e4ge, die w\u00e4hrend der Wendezeit im Zuge der Entspannungspolitik abgeschlossen wurden, sind heute fast v\u00f6llig in Vergessenheit geraten.<\/strong> Da ging es um den Frieden in Europa und in der Welt. Hier sind die Wichtigsten, die heute alle nicht mehr das Papier wert sind, auf denen sie gedruckt wurden:<\/p>\n<ul class=\"wp-block-list\">\n<li>Deutsch-Sowjetisches Abkommen \u00fcber F\u00f6rderung und gegenseitigen Schutz von Investitionen vom 13.6.1989<\/li>\n<li>Zwei Plus Vier Vertrag vom 12.9.1990 zwischen BRD, DDR, USA, UdSSR, Frankreich und dem Vereinigten K\u00f6nigreich (k\u00fcnftig UK) regelte die Souver\u00e4nit\u00e4t Deutschlands.<\/li>\n<li>Abkommen zur Regelung des zeitweiligen Aufenthalts und Abzugs sowjetischer Truppen zwischen Deutschland und der Sowjetunion vom Oktober 1990<\/li>\n<li>Vertrag \u00fcber die Grundlagen der guten nachbarschaftlichen Beziehungen, Partnerschaft und Zusammenarbeit zwischen der BRD und der UdSSR vom 9.11.1990<\/li>\n<li>Vertrag \u00fcber konventionelle Streitkr\u00e4fte in Europa (CFE) vom 19.11.1990 mit 22 Staaten zur Abr\u00fcstung (Begrenzung von Panzern, Artillerie, Kampfflugzeugen in Europa).<\/li>\n<li>Strategic Arms Reduction Treaty (START I9 vom 31.7.1991 zwischen den USA und der Sowjetunion zur drastischen Reduktion strategischer Atomwaffen und Tr\u00e4gersysteme<\/li>\n<li>Abkommen \u00fcber kulturelle Zusammenarbeit zwischen Deutschland und Russland vom 16. Dezember 1992<\/li>\n<li>START II vom 3.1.1993 zwischen der Russ. F\u00f6deration und den USA, der sp\u00e4ter nicht vollst\u00e4ndig in Kraft trat. Hier weitere Reduktion strategischer Sprengk\u00f6pfe<\/li>\n<li>Vertrag \u00fcber Open Skies 24.3.1992 zwischen NATO und Russ. F\u00f6deration sowie ehem. Warschauer Pakt Staaten zur Regelung unbewaffneter Aufkl\u00e4rungsfl\u00fcge<\/li>\n<li>PCA\/Partnership and Cooperation Agreement von 1994 (trat am 1.12.1997 in Kraft) zwischen der EU und der Russ. F\u00f6deration zur politischen und wirtschaftlichen Zusammenarbeit, Handel und Recht.<\/li>\n<li>Memorandum von Budapest vom 5.12.1994 zwischen der Russ. F\u00f6deration, den USA und UK mit Sicherheitsgarantien im Austausch zur Abgabe der Atomwaffen gegen\u00fcber der Ukraine, Wei\u00dfrussland und Kasachstan.<\/li>\n<li>Deutsch-russische Vereinbarung \u00fcber die Vermeidung der Doppelbesteuerung vom 29.5.1996<\/li>\n<li>Abkommen \u00fcber milit\u00e4risch-technische Zusammenarbeit zwischen Russland und Deutschland vom Juni 1996<\/li>\n<li>Gr\u00fcndungsakt NATO \u2013 Russ. F\u00f6deration on Mutual Relations, Cooperation and Security vom 27.5.1997 in Paris mit NATO einschl. USA, UK, Frankreich und Deutschland mit der Russischen F\u00f6deration zur Kooperation, Konsultation und Vertrauensbildung zwischen der NATO und Russland am Ende des Kalten Krieges<\/li>\n<li>Energy Charter Treaty (ECT) vom Dezember 1994, trat 1998 in Kraft, wurde aber von Russland nicht vollst\u00e4ndig unterzeichnet \u2013 regelte grenz\u00fcberschreitende Energie-Investitionen mit Russland.<\/li>\n<li>Plutonium Management and Disposition Agreement von 2000 zwischen den USA und der Russ. F\u00f6deration zur Vernichtung bzw. Umwandlung gro\u00dfer Best\u00e4nde waffenf\u00e4higen Plutioniums in nicht-waffenf\u00e4hige Form<\/li>\n<\/ul>\n<p>Trotz dieses Prozesses erlebten wir einen schleichenden und zunehmenden Prozess der Wiederaufnahme alter Strukturen der Feindlichkeit. <strong>Zum einen gewannen zutiefst antikommunistische Kr\u00e4fte in weiten Teilen Osteuropas die Oberhand<\/strong>. Dies erkl\u00e4rt sich auch daraus, dass es nach 1945 und dem Einzug des Sozialismus in Osteuropa aktive Exilgemeinschaften in den USA, Kanada und den westeurop\u00e4ischen L\u00e4ndern gab, die nur auf diesen Tag gewartet hatten, an dem sie wieder ihr Heimatland betreten konnten<a id=\"_ftnref3\" href=\"#_ftn3\">[3]<\/a>. Sie brachten das Wissen und die Beziehungen mit, mit denen man in dem neuen System des Kapitalismus erfolgreich sein konnte \u2013 und das Geld. <strong>Nat\u00fcrlich war auch die Regierung der USA daran interessiert, in diesen ehemaligen Ostblockl\u00e4ndern so viel Einfluss wie m\u00f6glich zu erlangen, um ihre Interessen durchzusetzen.<\/strong> Sie hatte in den Jahrzehnten nach dem zweiten Weltkrieg au\u00dferdem f\u00fcr all diese L\u00e4nder einen aktiven und wirksamen Geheimdienst aufgebaut, dessen Fr\u00fcchte nun zum Tragen kommen konnten.<\/p>\n<p><strong>Die Sowjetunion als Hauptkraft f\u00fcr die Durchsetzung des Sozialismus hatte zu dieser Zeit ganz andere Sorgen<\/strong>. Sie musste ihr \u00dcberleben in der Zeit des \u00dcbergangs zum Kapitalismus sichern. Tiefe Armut hatte sich mit der radikalen Einf\u00fchrung des Wirtschaftsliberalismus dort ausgebreitet. Man sprach von einer Schocktherapie. <strong>So war es m\u00f6glich, dass es den Vereinigten Staaten als F\u00fchrungsmacht gelang, die NATO immer weiter nach Osten auszudehnen<\/strong> und nicht, wie urspr\u00fcnglich von Gorbatschow und Jelzin angenommen, aufgrund des Endes der feindlichen Blockbildung integrierend und friedlich weiterentwickelte. Hatte die sowjetische Regierung bereits 1954 erstmals ihren Wunsch auf Beitritt zur NATO ge\u00e4u\u00dfert, so hatte Pr\u00e4sident Jelzin erneut am 20. Dezember 1991 den Beitritt der Russischen F\u00f6deration in die NATO als \u201elangfristiges politisches Ziel\u201c erkl\u00e4rt.<\/p>\n<p>Meine Reise nach Russland im letzten Jahr (2024) machte mir klar, dass der Sowjetstern und dass Hammer und Sichel, dass Denkm\u00e4ler von Lenin und die kommunistische Vergangenheit aus dem Ged\u00e4chtnis und dem Erbe Russlands nicht auszul\u00f6schen sind. <strong>Sie sind Teil der Identit\u00e4t dieses Landes und auch Teil des Stolzes ihrer freundlichen Bev\u00f6lkerung.<\/strong> Dies bedeutet nicht, dass alle Russinnen und Russen kommunistisch sind \u2013 doch sie k\u00f6nnen und wollen sich diesen Teil ihrer nationalen wie vielfach auch pers\u00f6nlichen Identit\u00e4t nicht herausrei\u00dfen lassen.<\/p>\n<p>Nun k\u00f6nnte man meinen, dass es heute in Deutschland keinen Antikommunismus mehr gibt und dieses Thema insofern keine Rolle mehr spielt. Eine Analyse der letzten Jahrzehnte in Deutschland belehrt uns jedoch eines Besseren.<\/p>\n<p>Bereits in der alten Bundesrepublik zeigte sich ein starker Antikommunismus: <strong>Das KPD-Verbot von 1956<\/strong> f\u00fchrte zu wahrscheinlich etwa 200.000 Ermittlungen und rund 10.000 Verurteilungen. Nach der <strong>Gr\u00fcndung der DKP 1968<\/strong> wurde diese zwar nicht verboten, aber vom Verfassungsschutz beobachtet.<\/p>\n<p><strong>Am 28. Januar 1972<\/strong> wurde unter F\u00fchrung von Bundeskanzler Willy Brandt im sogenannten <strong>Radikalenerlass<\/strong> von den Ministerpr\u00e4sidenten der L\u00e4nder die Grunds\u00e4tze zur Frage der verfassungsfeindlichen Kr\u00e4fte im \u00f6ffentlichen Dienst verabschiedet. <strong>Von nun an wurden Hunderttausende auf ihre Gesinnung hin \u00fcberpr\u00fcft.<\/strong><\/p>\n<p>Der Politikwissenschaftler Gerard Braunthal ermittelte f\u00fcr die Zeit vom 1. Januar 1973 bis zum 30. Juni 1975 <strong>insgesamt 454.000 Anfragen, die die einstellenden Beh\u00f6rden beim Verfassungsschutz stellten<\/strong>. <a id=\"_ftnref4\" href=\"#_ftn4\">[4]<\/a>Die Zahl der Mitarbeiter des Verfassungsschutzes von Bund und L\u00e4ndern wurde mehr als verdoppelt.<a id=\"_ftnref5\" href=\"#_ftn5\">[5]<\/a> Wie vielen der Eintritt in die Beamtenschaft \u2013 auch an Hochschulen und in anderen \u00f6ffentlichen Einrichtungen bis hin zu Bahn- und Postbediensteten \u2013 verwehrt wurde, ist nicht genau erfasst. Als letztes Bundesland hob Bayern den sogenannten Radikalenerlass 1991 auf. <strong>Bis heute haben Betroffene kein Recht auf Akteneinsicht<\/strong>.<\/p>\n<p>Erinnern wir uns schlie\u00dflich an das <strong>Jahr 1990<\/strong>: In <strong>der ehemaligen DDR wurden sehr viele der als Funktionstr\u00e4ger des Sozialismus identifizierten Personen aus dem Staatsdienst und anderen wichtigen gesellschaftlichen Positionen entlassen<\/strong>. Es handelte sich um Lehrer, Direktoren, Professoren, Beamte, Richter, Staatsanw\u00e4lte, Gener\u00e4le und Wirtschaftsf\u00fchrer. Die Zahl derer ging in die Hunderttausende. Vor den Augen ihrer ehemaligen Kolleginnen und Kollegen, ihrer Mitb\u00fcrger und ihrer Familien wurde ihnen ihre soziale und wirtschaftliche Existenzgrundlage entzogen. Ich kenne einige von ihnen und kann bis heute die damit verbundene Scham sp\u00fcren.<\/p>\n<p>Erschwerend kommt hinzu, dass dieser Prozess weitgehend unbemerkt von der \u00d6ffentlichkeit ablief, da er direkt 1990 mit ganzer Kraft durchgef\u00fchrt wurde. Die Einwohner der neuen Bundesl\u00e4nder hatten alle vollauf damit zu tun, f\u00fcr sich selbst eine neue Existenzgrundlage zu finden. Die B\u00fcrger der alten Bundesl\u00e4nder \u2013 selbst ich, die ich ja ab 1991 in Th\u00fcringen lebe \u2013 bekamen davon so gut wie nichts mit.<\/p>\n<p>W\u00e4hrend Millionen von Euro in die Erforschung des sogenannten \u201eUnrechtsstaats DDR\u201c flie\u00dfen, erfasst kaum jemand das Unrecht in der alten Bundesrepublik Deutschland.<\/p>\n<p><strong>Und heute?<\/strong> \u2013 Die Idee des Radikalenerlasses, die sp\u00e4testens nach dem Fall der Mauer in Vergessenheit geraten war, wird nun in gewisser Weise wieder aufgegriffen: diesmal gegen die AfD \u2013 zus\u00e4tzlich verbunden mit \u00dcberlegungen zu einem diskriminierenden Waffenverbot f\u00fcr AfD-Mitglieder.<\/p>\n<p><strong>Gibt es denn heute \u00fcberhaupt noch Antikommunismus?<\/strong> Wo doch nur noch kleine Reste des Kommunismus in Europa sichtbar sind? Denn es darf nicht vergessen werden, dass <strong>in Frankreich und Italien die kommunistische Partei bis Anfang der Achtzigerjahre eine m\u00e4chtige politische Kraft darstellte<\/strong> und heute zur Bedeutungslosigkeit geschrumpft ist. Der Einfluss kommunistischen oder sozialistischen Gedankengutes ist in den letzten Jahrzehnten generell enorm gesunken.<\/p>\n<p>Damit geht eine <strong>starke Schw\u00e4chung sozialdemokratischer Ideen wie die der Tarifpartnerschaft oder der Bedeutung der Gewerkschaften einher<\/strong>. Auch die Idee des Sozialstaats hat zugunsten wirtschaftsliberaler Ideen gelitten. Ein Ende dieses Niedergangs ist momentan nicht absehbar.<\/p>\n<p>Und <strong>doch gibt es ihn, den Kampf gegen den Kommunismus<\/strong>, zum Beispiel in Form des immer st\u00e4rker werdenden Affronts gegen China. Hier spielt das Misstrauen gegen das dort existierende Einparteien-System, getragen von einer v\u00f6llig anderen Kultur, eine wichtige Rolle. <strong>Dominant ist dabei die Politik der Vereinigten Staaten<\/strong>, die die Idee einer von ihnen dominant beherrschten Weltordnung nicht aufgeben und China als Wettbewerber weitestm\u00f6glich einschr\u00e4nken m\u00f6chten. Wie in vielen anderen Fragen agieren die EU und die deutsche Regierung gegen ihre eigenen\/unsere Interessen als Sprachrohr und Handlanger der USA \u2013 sofern sie sich nicht doch noch auf unsere eigenen Interessen besinnen sollten.<\/p>\n<p><strong>Der Antikommunismus ist auch noch gegen Russland und die Ukraine wirksam.<\/strong> Dies kommt auch daher, dass dort die Kommunistische Partei \u2013 in der Ukraine bis zu ihrem Verbot 2015 \u2013 eine wichtige Rolle spielt. Noch 1999 erhielt sie in der Ukraine 38 % der Stimmen, in der russischen F\u00f6deration war sie bis 2003 die st\u00e4rkste Partei. <strong>Gem\u00e4\u00df den kommunistischen Zielsetzungen sind Verstaatlichung der Schl\u00fcsselindustrien, Garantie sozialer Leistungen f\u00fcr die Bev\u00f6lkerung, Sicherung der Frauen \u2013 und Kinderrechte, um nur einige wichtige Forderungen zu nennen \u2013 kontr\u00e4r zu der Ideologie des Wirtschaftsliberalismus und des freien Marktes.<\/strong> So wurde auch erst durch starken Druck der USA im Jahr 2020 eine Gesetzes\u00e4nderung in der Ukraine durchgesetzt, die die Privatisierung von Grund und Boden erm\u00f6glichte.<\/p>\n<p>Erst k\u00fcrzlich wurde ich auf das Buch von Leo Lawrence Matthias aufmerksam. Dieser Weltb\u00fcrger deutscher Abstammung analysierte das Herrschaftssystem der USA bereits in den sechziger Jahren. Sein Buch wurde in Westdeutschland gerade von US-Kritikern nach seinem Erscheinen gerne gelesen und rezitiert. Der Autor kam zu dem Schluss, dass <strong>seit Staatsgr\u00fcndung der USA die immer gleichen Eliten es vermochten, ihre Herrschaft zu erhalten und auszubauen und dabei die Fassade einer Demokratie aufrecht zu erhalten<\/strong>. Er beschreibt dann anschaulich die Symbiose von milit\u00e4rischer und industrieller Macht nach dem Zweiten Weltkrieg u.a. durch die Notwendigkeit, die aufgebl\u00e4hte Armee wieder in die zivile Gesellschaft zu \u00fcberf\u00fchren. \u201eDas H\u00e9bert-Komitee stellte 1959\/60 fest, dass 1400 Offiziere, vom Major aufw\u00e4rts, den aktiven Dienst nach Beendigung des Krieges verlassen hatten und hohe Positionen, meistens als Vizepr\u00e4sidenten, in der Industrie bekleideten. Es befanden sich darunter 261 Generale und Admirale. Eine einzige Gesellschaft wie die General Dynamics besch\u00e4ftigte nicht weniger als 27 Generale und Admirale, aus deren Spitze sogar ein ehemaliger Armeeminister\u2026 stand.\u201c<a id=\"_ftnref6\" href=\"#_ftn6\">[6]<\/a> <strong>Diese Verquickung von Armee und Wirtschaft f\u00fchrte zu einem immer st\u00e4rkeren Anwachsen der Verteidigungsausgaben der USA<\/strong>, wie sich leicht nachvollziehen l\u00e4sst. \u201eEs entstanden Zust\u00e4nde, wie sie in der modernen Milit\u00e4rgeschichte singul\u00e4r sind. Admirale und Generale wanderten nicht nur aus dem Pentagon in die gro\u00dfen Betriebe, sondern die gro\u00dfen Pr\u00e4sidenten dieser Betriebe wanderten auch ins Pentagon.\u201c<a id=\"_ftnref7\" href=\"#_ftn7\">[7]<\/a><\/p>\n<p>Warum schreibe ich das alles? <strong>Die momentan herrschende Politik des sogenannten Westens braucht einen Feind<\/strong>. Nachdem seit 1989 der Kommunismus daf\u00fcr eine Zeitlang nicht mehr taugte, fand sich insbesondere nach dem 11. September 2001 der Terrorismus, der nun schon Jahrzehnte die Welt unsicher macht. Wir d\u00fcrfen uns nicht davon t\u00e4uschen lassen, dass der Kampf gegen den Kommunismus untergegangen w\u00e4re Er besteht fort und wird immer dann wieder aus der Schublade geholt werden, wenn systemkritische Kr\u00e4fte alternative Wirtschafts\u2013 und Sozialmodelle erarbeiten beziehungsweise fordern.<\/p>\n<p>Wir sollten auch nicht vergessen, dass der Antisemitismus entscheidend durch den Antikommunismus gespeist wurde: weil im Durchschnitt mehr Juden auch Kommunisten waren, war der Kampf gegen den Kommunismus auch ein Kampf gegen Juden. Die \u201ebolschewistischen Kommissare\u201c und die j\u00fcdischen Kriegsgefangenen der sowjetischen Armee wurden von der deutschen Wehrmacht sofort erschossen.<a id=\"_ftnref8\" href=\"#_ftn8\">[8]<\/a> \u201eReinhard Heydrich, Chef der Sicherheitspolizei und des Sicherheitsdienstes der\u00a0SS, beschrieb am 17. Juli 1941 in einem Einsatzbefehl das Vorgehen der Gestapo-Kommandos in den Kriegsgefangenenlagern in den besetzten Gebieten: Die Rotarmist*innen sollten nach verschiedenen Kategorien voneinander getrennt und befragt werden, wobei auch V-Leute der Wehrmacht zu nutzen seien:\u00a0<em>\u201eVor allem gilt es ausfindig zu machen: alle bedeutenden Funktion\u00e4re des Staates und der Partei [\u2026], die sowjetrussischen Intelligenzler, alle Juden, alle Personen, die als Aufwiegler oder fanatische Kommunisten festgestellt werden.\u201c<\/em>\u00a0Und er setzte hinzu:\u00a0<em>\u201eDie Exekutionen d\u00fcrfen nicht im Lager selbst, noch in unmittelbarer N\u00e4he erfolgen; sie sind nicht \u00f6ffentlich und m\u00fcssen m\u00f6glichst unauff\u00e4llig durchgef\u00fchrt werden.\u201c<\/em><a id=\"_ftnref9\" href=\"#_ftn9\"><em><strong>[9]<\/strong><\/em><\/a><\/p>\n<p>Antikommunismus und Antisemitismus werden bis heute f\u00fcr die Durchsetzung politischer Ziele benutzt.<\/p>\n<p>Nach dem Zweiten Weltkrieg war durch die Erfahrungen der Verschmelzung von Staat und Wirtschaft <strong>die Gefahr von Monopolen und Konzernen im Bewusstsein der europ\u00e4ischen V\u00f6lker tief verankert und damit verbunden der Ruf nach ihrer Kontrolle gro\u00df.<\/strong> In Deutschland ist beispielsweise in fast allen Landesverfassungen die M\u00f6glichkeit der Verstaatlichung von Gro\u00dfkonzernen verankert. England und die USA haben die sozialistischen und kommunistischen Bestrebungen der europ\u00e4ischen Nachkriegsbev\u00f6lkerung insbesondere in Griechenland und England mit vereinten Kr\u00e4ften bek\u00e4mpft. Besonders in Griechenland ist viel Blut geflossen, indem eine gnadenlose antikommunistische Diktatur errichtet wurde. F\u00fcr die Eind\u00e4mmung des Kommunismus in ganz Europa reichten ihre Kr\u00e4fte allerdings nicht. Deshalb waren die westlichen Siegerm\u00e4chte bereit, Europa aufzuteilen. Wie Dr. Daniele Ganser in seinem Buch beschreibt, <strong>wurden allerdings gegen den Kommunismus NATO-Geheimarmeen in ganz Europa aufgebaut<\/strong>, die gezielt die Ostblockstaaten sowie den Kommunismus im Innern Westeuropas bek\u00e4mpften.<a id=\"_ftnref10\" href=\"#_ftn10\">[10]<\/a><\/p>\n<p>Heute nun sitzen die gr\u00f6\u00dften und m\u00e4chtigsten Monopole und Konzerne der Welt vor allem in den USA. Dieses Land hat noch keine eigene Erfahrung mit dem Faschismus machen m\u00fcssen. Wollen wir hoffen, dass der Faschismus nicht eine notwendige Stufe des Kapitalismus ist, bevor er \u00fcberwunden wird.<\/p>\n<p style=\"text-align: right;\"><em>Marion Schneider ist Vorsitzende der Gesellschaft zur F\u00f6rderung guten Lebens e.V., Unternehmerin und Autorin aus Th\u00fcringen<\/em><\/p>\n<p>&nbsp;<\/p>\n<p><strong>Quellen und Anmerkungen<\/strong><\/p>\n<p><a id=\"_ftn1\" href=\"#_ftnref1\">[1]<\/a> <em>Josef Foschepoth:\u00a0Verfassungswidrig! Das KPD-Verbot im Kalten B\u00fcrgerkrieg, G\u00f6ttingen 2017<\/em><\/p>\n<p><a id=\"_ftn2\" href=\"#_ftnref2\">[2]<\/a> <em>https:\/\/de.wikipedia.org\/wiki\/KPD-Verbot<\/em><\/p>\n<p><a id=\"_ftn3\" href=\"#_ftnref3\"><em><strong>[3]<\/strong><\/em><\/a> <em>\u00dcber die Exilgemeinschaften der Ukrainer siehe den Artikel vom <\/em><em>Rossoli\u0144ski-Liebe, <\/em><em>Grzegorz, Erinnerungsl\u00fccke Holocaust in: <\/em><em>Vierteljahrshefte f\u00fcr Zeitgeschichte Vol. 62, No. 3 (2014), hier: https:\/\/www.ifz-muenchen.de\/heftarchiv\/2014_3_4_rossolinski-liebe.pdf<\/em><\/p>\n<p><a id=\"_ftn4\" href=\"#_ftnref4\"><em><strong>[4]<\/strong><\/em><\/a><em> Friedrichs, Jan-Henrik, Was verstehen Sie unter Klassenkampf? Wissensproduktion und Disziplinierung im Kontext des \u201eRadikalenerlasses\u201c in: Sozial.Geschichte Online \/Heft 24 \/ 2018, S. 72<\/em><\/p>\n<p><a id=\"_ftn5\" href=\"#_ftnref5\"><em><strong>[5]<\/strong><\/em><\/a><em> Ebd.<\/em><\/p>\n<p><a id=\"_ftn6\" href=\"#_ftnref6\"><em><strong>[6]<\/strong><\/em><\/a><em> Matthias, Leo Lawrence, Die Kehrseite der USA, Hamburg 1971, S. 356<\/em><\/p>\n<p><a id=\"_ftn7\" href=\"#_ftnref7\"><em><strong>[7]<\/strong><\/em><\/a><em> Ebd., S. 357<\/em><\/p>\n<p><a id=\"_ftn8\" href=\"#_ftnref8\"><em><strong>[8]<\/strong><\/em><\/a><em> https:\/\/unrecht-erinnern.info\/themen\/rechtslage\/<\/em><\/p>\n<p><a id=\"_ftn9\" href=\"#_ftnref9\"><em><strong>[9]<\/strong><\/em><\/a><em> https:\/\/unrecht-erinnern.info\/themen\/juden-in-der-roten-armee-und-als-kgf\/<\/em><\/p>\n<p><em><a id=\"_ftn10\" href=\"#_ftnref10\">[10]<\/a> Ganser, Daniele, NATO-Geheimarmeen in Europa, Neu-Isenburg 2022<\/em><\/p>\n<hr \/>\n<p><strong>Download<\/strong><\/p>\n<p><img data-recalc-dims=\"1\" loading=\"lazy\" decoding=\"async\" data-attachment-id=\"1076\" data-permalink=\"https:\/\/www.freidenker.org\/?attachment_id=1076\" data-orig-file=\"https:\/\/i0.wp.com\/www.freidenker.org\/fw17\/wp-content\/uploads\/2017\/10\/pdf_icon-2.png?fit=32%2C32&amp;ssl=1\" data-orig-size=\"32,32\" data-comments-opened=\"0\" data-image-meta=\"{&quot;aperture&quot;:&quot;0&quot;,&quot;credit&quot;:&quot;&quot;,&quot;camera&quot;:&quot;&quot;,&quot;caption&quot;:&quot;&quot;,&quot;created_timestamp&quot;:&quot;0&quot;,&quot;copyright&quot;:&quot;&quot;,&quot;focal_length&quot;:&quot;0&quot;,&quot;iso&quot;:&quot;0&quot;,&quot;shutter_speed&quot;:&quot;0&quot;,&quot;title&quot;:&quot;&quot;,&quot;orientation&quot;:&quot;0&quot;}\" data-image-title=\"pdf_icon\" data-image-description=\"\" data-image-caption=\"\" data-large-file=\"https:\/\/i0.wp.com\/www.freidenker.org\/fw17\/wp-content\/uploads\/2017\/10\/pdf_icon-2.png?fit=32%2C32&amp;ssl=1\" class=\"alignnone size-full wp-image-1076\" src=\"https:\/\/i0.wp.com\/www.freidenker.org\/fw17\/wp-content\/uploads\/2017\/10\/pdf_icon-2.png?resize=32%2C32&#038;ssl=1\" alt=\"\" width=\"32\" height=\"32\" \/>\u00a0Den Artikel als <a href=\"https:\/\/www.freidenker.org\/fw17\/wp-content\/uploads\/2025\/11\/Artikel-Antikommunismus-Schneider-November-2025.pdf\" target=\"_blank\" rel=\"noopener\">PDF-Dokument ansehen oder herunterladen<\/a> (PDF-Dokument, ca. 562 KB)<\/p>\n<hr \/>\n<p>&nbsp;<\/p>\n<p><span style=\"font-size: 10pt;\">Bild oben: <em>\u201eTag und Nacht bereit, das sozialistische Drittel der Erde zu zerst\u00f6ren: Mit dieser Karte \u00fcber die Reichweite von Kampfflugzeugen und Raketen beruhigte \u201eThe Philadelphia Inquirer\u201c 1961 die US-amerikanische Bourgeoisie. Heute sind US-Imperialismus und NATO schon deutlich n\u00e4her auf Moskau und Peking vorger\u00fcckt. (Foto: Gemeinfrei)\u201c \u2013 Quelle: <a href=\"https:\/\/www.unsere-zeit.de\/der-antikommunistische-kreuzzug-169818\/\">www.unsere-zeit.de<\/a><\/em><\/span><\/p>\n<p>&nbsp;<\/p>\n","protected":false},"excerpt":{"rendered":"<p><b>Beitrag von Marion Schneider<\/b><br \/>\nThomas Mann bezeichnete 1943 im Exil den Antikommunismus als die Grundtorheit der Epoche. Als nun am 16. Februar 1990, wenige Monate nach dem Fall der deutsch-deutschen Mauer, bei den Visaantr\u00e4gen f\u00fcr die USA die Frage einer m\u00f6glichen Mitgliedschaft in der kommunistischen Partei entfiel und nun auch Kommunisten in die USA einreisen konnten, freute ich mich \u00fcber dieses Symbol der Entspannungs\u2013 und Friedenspolitik zwischen Russland, Europa und den USA. Allerdings ist es bis heute noch so, dass das Visum in die USA wegen kommunistischer Bet\u00e4tigung verweigert werden kann, weil die kommunistische Partei in den USA seit 1954 verboten ist. 1956 wurde die Kommunistische Partei Deutschlands auch in der Bundesrepublik Deutschland verboten &#8230;<\/p>\n","protected":false},"author":3,"featured_media":23549,"comment_status":"closed","ping_status":"closed","sticky":false,"template":"","format":"standard","meta":{"colormag_page_container_layout":"default_layout","colormag_page_sidebar_layout":"default_layout","advanced_seo_description":"","jetpack_seo_html_title":"","jetpack_seo_noindex":false,"jetpack_post_was_ever_published":false,"footnotes":""},"categories":[12],"tags":[571,455,1659,1159,1327,635,1467,441,565,958,415,174,1196,720,2871,2267,623,430,564,185,2870],"class_list":["post-23543","post","type-post","status-publish","format-standard","has-post-thumbnail","hentry","category-demokratie-medien-aufklaerung","tag-antikommunismus","tag-brd","tag-dialog","tag-eliten","tag-entspannungspolitik","tag-feindbild","tag-identitaet","tag-kapitalismus","tag-kommunismus","tag-kpd","tag-lenin","tag-mauer","tag-monopole","tag-nato-osterweiterung","tag-politische-ziele","tag-ruestungskontrolle","tag-souveraenitaet","tag-sowjetunion","tag-sozialismus","tag-usa","tag-wende"],"jetpack_featured_media_url":"https:\/\/i0.wp.com\/www.freidenker.org\/fw17\/wp-content\/uploads\/2025\/11\/Erdball_800x450.jpg?fit=800%2C450&ssl=1","jetpack_shortlink":"https:\/\/wp.me\/p9stpK-67J","jetpack-related-posts":[{"id":18862,"url":"https:\/\/www.freidenker.org\/?p=18862","url_meta":{"origin":23543,"position":0},"title":"Europ\u00e4ische Union \u2013 reaktion\u00e4r, imperialistisch, militaristisch, aggressiv","author":"Webredaktion","date":"25. April 2024","format":false,"excerpt":"Beitrag von Prof. Dr. Anton Latzo Am Anfang stand das Versprechen, ja die Verhei\u00dfung, die Europ\u00e4ische Union (EU) werde den Kontinent vereinen und Frieden und sozialen Fortschritt bringen. Es wurde die Illusion verbreitet, Europa k\u00f6nne unter kapitalistischen Bedingungen zu Einheit, Frieden und Wohlstand gelangen. Und was ist daraus geworden? Die\u2026","rel":"","context":"In &quot;Geschichte&quot;","block_context":{"text":"Geschichte","link":"https:\/\/www.freidenker.org\/?cat=1162"},"img":{"alt_text":"","src":"https:\/\/i0.wp.com\/www.freidenker.org\/fw17\/wp-content\/uploads\/2024\/04\/building-79221_800x450.jpg?fit=800%2C450&ssl=1&resize=350%2C200","width":350,"height":200,"srcset":"https:\/\/i0.wp.com\/www.freidenker.org\/fw17\/wp-content\/uploads\/2024\/04\/building-79221_800x450.jpg?fit=800%2C450&ssl=1&resize=350%2C200 1x, https:\/\/i0.wp.com\/www.freidenker.org\/fw17\/wp-content\/uploads\/2024\/04\/building-79221_800x450.jpg?fit=800%2C450&ssl=1&resize=525%2C300 1.5x, https:\/\/i0.wp.com\/www.freidenker.org\/fw17\/wp-content\/uploads\/2024\/04\/building-79221_800x450.jpg?fit=800%2C450&ssl=1&resize=700%2C400 2x"},"classes":[]},{"id":13492,"url":"https:\/\/www.freidenker.org\/?p=13492","url_meta":{"origin":23543,"position":1},"title":"Der antikommunistische Kreuzzug","author":"Webredaktion","date":"17. Juni 2022","format":false,"excerpt":"Beitrag von Prof. Dr. Anton Latzo Der \u201eKalte Krieg\u201c, der vor 75 Jahren auf ganzer Front von den USA und den Kr\u00e4ften der internationalen Reaktion begonnen wurde, ist eine Folge ihrer aggressiven Haltung in der Systemkonfrontation zwischen Sozialismus und Kapitalismus beziehungsweise Imperialismus. Die Alternative dazu ist die friedliche Koexistenz zwischen\u2026","rel":"","context":"In &quot;Geschichte&quot;","block_context":{"text":"Geschichte","link":"https:\/\/www.freidenker.org\/?cat=1162"},"img":{"alt_text":"","src":"https:\/\/i0.wp.com\/www.freidenker.org\/fw17\/wp-content\/uploads\/2022\/06\/1961_anti-Soviet_Union_propaganda_map_800x450.jpg?fit=800%2C450&ssl=1&resize=350%2C200","width":350,"height":200,"srcset":"https:\/\/i0.wp.com\/www.freidenker.org\/fw17\/wp-content\/uploads\/2022\/06\/1961_anti-Soviet_Union_propaganda_map_800x450.jpg?fit=800%2C450&ssl=1&resize=350%2C200 1x, https:\/\/i0.wp.com\/www.freidenker.org\/fw17\/wp-content\/uploads\/2022\/06\/1961_anti-Soviet_Union_propaganda_map_800x450.jpg?fit=800%2C450&ssl=1&resize=525%2C300 1.5x, https:\/\/i0.wp.com\/www.freidenker.org\/fw17\/wp-content\/uploads\/2022\/06\/1961_anti-Soviet_Union_propaganda_map_800x450.jpg?fit=800%2C450&ssl=1&resize=700%2C400 2x"},"classes":[]},{"id":21235,"url":"https:\/\/www.freidenker.org\/?p=21235","url_meta":{"origin":23543,"position":2},"title":"Sie haben es nie aufgegeben! Von Jalta und Potsdam 1945 zu Neuer Weltordnung &#8211; zwei Linien sind wirksam!","author":"Webredaktion","date":"22. M\u00e4rz 2025","format":false,"excerpt":"Beitrag von\u00a0Prof. Dr. habil. Anton Latzo Die Frage der Herbeif\u00fchrung einer friedlichen Neuen Weltordnung ist seit mehr als hundert Jahren st\u00e4ndiges Thema der internationalen Politik. Dieses Jahr ist besonders reich an Jahrestagen, die helfen k\u00f6nnen, die dabei gemachten Erfahrungen zu analysieren, die Geschichte vorurteilsfrei zu betrachten, um die Gegenwart besser\u2026","rel":"","context":"In &quot;Demokratie \u2013 Medien \u2013 Aufkl\u00e4rung&quot;","block_context":{"text":"Demokratie \u2013 Medien \u2013 Aufkl\u00e4rung","link":"https:\/\/www.freidenker.org\/?cat=12"},"img":{"alt_text":"","src":"https:\/\/i0.wp.com\/www.freidenker.org\/fw17\/wp-content\/uploads\/2025\/03\/Churchill_Truman_Stalin_Potsdam1945_800x450.jpg?fit=800%2C450&ssl=1&resize=350%2C200","width":350,"height":200,"srcset":"https:\/\/i0.wp.com\/www.freidenker.org\/fw17\/wp-content\/uploads\/2025\/03\/Churchill_Truman_Stalin_Potsdam1945_800x450.jpg?fit=800%2C450&ssl=1&resize=350%2C200 1x, https:\/\/i0.wp.com\/www.freidenker.org\/fw17\/wp-content\/uploads\/2025\/03\/Churchill_Truman_Stalin_Potsdam1945_800x450.jpg?fit=800%2C450&ssl=1&resize=525%2C300 1.5x, https:\/\/i0.wp.com\/www.freidenker.org\/fw17\/wp-content\/uploads\/2025\/03\/Churchill_Truman_Stalin_Potsdam1945_800x450.jpg?fit=800%2C450&ssl=1&resize=700%2C400 2x"},"classes":[]},{"id":15068,"url":"https:\/\/www.freidenker.org\/?p=15068","url_meta":{"origin":23543,"position":3},"title":"Nazi-Brainwashing seit 90 Jahren","author":"Webredaktion","date":"24. Januar 2023","format":false,"excerpt":"Beitrag von Dr. Diether Dehm Nationaler Sozialist\" produzierte L\u00e4usegift Und dazu hatte er am 30. Januar \"die Macht ergriffen\". Herrschende L\u00fcgen \u2013 Verzeihung: Framing und Narrative \u2013 steigen nur im Zusammenspiel aus Schulbuch und Nachrichtensprech (heute auch Wikipedia) nach oben. Aber Hitler ergriff keine Macht. Er bekam sie \u00fcbertragen. Von\u2026","rel":"","context":"In &quot;Demokratie \u2013 Medien \u2013 Aufkl\u00e4rung&quot;","block_context":{"text":"Demokratie \u2013 Medien \u2013 Aufkl\u00e4rung","link":"https:\/\/www.freidenker.org\/?cat=12"},"img":{"alt_text":"","src":"https:\/\/i0.wp.com\/www.freidenker.org\/fw17\/wp-content\/uploads\/2023\/01\/Hitler_Hindenburg_Potsdam_800x450.jpg?fit=800%2C450&ssl=1&resize=350%2C200","width":350,"height":200,"srcset":"https:\/\/i0.wp.com\/www.freidenker.org\/fw17\/wp-content\/uploads\/2023\/01\/Hitler_Hindenburg_Potsdam_800x450.jpg?fit=800%2C450&ssl=1&resize=350%2C200 1x, https:\/\/i0.wp.com\/www.freidenker.org\/fw17\/wp-content\/uploads\/2023\/01\/Hitler_Hindenburg_Potsdam_800x450.jpg?fit=800%2C450&ssl=1&resize=525%2C300 1.5x, https:\/\/i0.wp.com\/www.freidenker.org\/fw17\/wp-content\/uploads\/2023\/01\/Hitler_Hindenburg_Potsdam_800x450.jpg?fit=800%2C450&ssl=1&resize=700%2C400 2x"},"classes":[]},{"id":17787,"url":"https:\/\/www.freidenker.org\/?p=17787","url_meta":{"origin":23543,"position":4},"title":"Wohin soll die Reise gehen?","author":"Webredaktion","date":"7. Januar 2024","format":false,"excerpt":"Beitrag von Prof. Dr. Anton Latzo Unterschiedliche politische Lager sch\u00e4tzen ein, dass sich die Welt in einer \u201e\u00c4ra globaler Ver\u00e4nderungen\u201c befindet, wie es sie seit einem Jahrhundert nicht mehr gegeben hat. Nicht alle sagen aber, in welche Richtung die Reise geht. Trotz Antikommunismus, Antisowjetismus, Russophobie, trotz R\u00fcckschl\u00e4gen,\u00a0 k\u00f6nnen wir heute\u2026","rel":"","context":"In &quot;Frieden - Antifaschismus - Solidarit\u00e4t&quot;","block_context":{"text":"Frieden - Antifaschismus - Solidarit\u00e4t","link":"https:\/\/www.freidenker.org\/?cat=13"},"img":{"alt_text":"","src":"https:\/\/i0.wp.com\/www.freidenker.org\/fw17\/wp-content\/uploads\/2024\/01\/people-943879_800x450.jpg?fit=800%2C450&ssl=1&resize=350%2C200","width":350,"height":200,"srcset":"https:\/\/i0.wp.com\/www.freidenker.org\/fw17\/wp-content\/uploads\/2024\/01\/people-943879_800x450.jpg?fit=800%2C450&ssl=1&resize=350%2C200 1x, https:\/\/i0.wp.com\/www.freidenker.org\/fw17\/wp-content\/uploads\/2024\/01\/people-943879_800x450.jpg?fit=800%2C450&ssl=1&resize=525%2C300 1.5x, https:\/\/i0.wp.com\/www.freidenker.org\/fw17\/wp-content\/uploads\/2024\/01\/people-943879_800x450.jpg?fit=800%2C450&ssl=1&resize=700%2C400 2x"},"classes":[]},{"id":10831,"url":"https:\/\/www.freidenker.org\/?p=10831","url_meta":{"origin":23543,"position":5},"title":"Berlin will Regimekritiker zum Schweigen bringen","author":"Webredaktion","date":"13. Juli 2021","format":false,"excerpt":"Freidenker zur Nichtzulassung der DKP bei der Bundestagswahl: Forderung nach \u201eFrieden mit Russland und China\u201c ist der Regierung ein Dorn im Auge Pressemitteilung des Deutschen Freidenker-Verbandes e.V. vom 12.07.2021 Der Deutsche Freidenker-Verband als seit 1881 bestehende parteiunabh\u00e4ngige Weltanschauungsgemeinschaft und Kulturorganisation der sozialistischen Arbeiterbewegung sieht im Kandidaturverbot f\u00fcr Kommunisten in Deutschland\u2026","rel":"","context":"In &quot;Demokratie \u2013 Medien \u2013 Aufkl\u00e4rung&quot;","block_context":{"text":"Demokratie \u2013 Medien \u2013 Aufkl\u00e4rung","link":"https:\/\/www.freidenker.org\/?cat=12"},"img":{"alt_text":"","src":"https:\/\/i0.wp.com\/www.freidenker.org\/fw17\/wp-content\/uploads\/2021\/07\/DKP_LLD_2021_800x450.jpg?fit=800%2C483&ssl=1&resize=350%2C200","width":350,"height":200,"srcset":"https:\/\/i0.wp.com\/www.freidenker.org\/fw17\/wp-content\/uploads\/2021\/07\/DKP_LLD_2021_800x450.jpg?fit=800%2C483&ssl=1&resize=350%2C200 1x, https:\/\/i0.wp.com\/www.freidenker.org\/fw17\/wp-content\/uploads\/2021\/07\/DKP_LLD_2021_800x450.jpg?fit=800%2C483&ssl=1&resize=525%2C300 1.5x, https:\/\/i0.wp.com\/www.freidenker.org\/fw17\/wp-content\/uploads\/2021\/07\/DKP_LLD_2021_800x450.jpg?fit=800%2C483&ssl=1&resize=700%2C400 2x"},"classes":[]}],"_links":{"self":[{"href":"https:\/\/www.freidenker.org\/index.php?rest_route=\/wp\/v2\/posts\/23543","targetHints":{"allow":["GET"]}}],"collection":[{"href":"https:\/\/www.freidenker.org\/index.php?rest_route=\/wp\/v2\/posts"}],"about":[{"href":"https:\/\/www.freidenker.org\/index.php?rest_route=\/wp\/v2\/types\/post"}],"author":[{"embeddable":true,"href":"https:\/\/www.freidenker.org\/index.php?rest_route=\/wp\/v2\/users\/3"}],"replies":[{"embeddable":true,"href":"https:\/\/www.freidenker.org\/index.php?rest_route=%2Fwp%2Fv2%2Fcomments&post=23543"}],"version-history":[{"count":5,"href":"https:\/\/www.freidenker.org\/index.php?rest_route=\/wp\/v2\/posts\/23543\/revisions"}],"predecessor-version":[{"id":23550,"href":"https:\/\/www.freidenker.org\/index.php?rest_route=\/wp\/v2\/posts\/23543\/revisions\/23550"}],"wp:featuredmedia":[{"embeddable":true,"href":"https:\/\/www.freidenker.org\/index.php?rest_route=\/wp\/v2\/media\/23549"}],"wp:attachment":[{"href":"https:\/\/www.freidenker.org\/index.php?rest_route=%2Fwp%2Fv2%2Fmedia&parent=23543"}],"wp:term":[{"taxonomy":"category","embeddable":true,"href":"https:\/\/www.freidenker.org\/index.php?rest_route=%2Fwp%2Fv2%2Fcategories&post=23543"},{"taxonomy":"post_tag","embeddable":true,"href":"https:\/\/www.freidenker.org\/index.php?rest_route=%2Fwp%2Fv2%2Ftags&post=23543"}],"curies":[{"name":"wp","href":"https:\/\/api.w.org\/{rel}","templated":true}]}}