{"id":23522,"date":"2025-11-12T03:38:06","date_gmt":"2025-11-12T02:38:06","guid":{"rendered":"https:\/\/www.freidenker.org\/?p=23522"},"modified":"2025-11-30T13:25:19","modified_gmt":"2025-11-30T12:25:19","slug":"keine-satire-sondern-die-logik-der-kriegssuechtigen","status":"publish","type":"post","link":"https:\/\/www.freidenker.org\/?p=23522","title":{"rendered":"Keine Satire \u2013 Sondern die Logik der Kriegss\u00fcchtigen"},"content":{"rendered":"<p><strong>Diese Fundsache ist zu gut, um sie ungenutzt in Vergessenheit geraten zu lassen. Die Antworten klingen wie der Auftakt zu einem Monty-Python-Sketch, bei dem die Logik aus dem Fenster fliegt und durch ein Loch in der Realit\u00e4t ins Absurde purzelt. <\/strong><\/p>\n<p><em>Von <strong>Rainer Rupp<\/strong><\/em><\/p>\n<p><span style=\"font-size: 10pt;\">Erstver\u00f6ffentlichung am 09.11.2025 auf <a href=\"https:\/\/freedert.online\/meinung\/261258-keine-satire-sondern-logik-kriegssuechtigen\/\" target=\"_blank\" rel=\"noopener\">RT DE<\/a><\/span><\/p>\n<p>Der Auszug aus dem Wortprotokoll der Regierungspressekonferenz vom 17. Oktober 2025 ist in den aktuellen Mitteilungen 11\/25 der &#8222;Gesellschaft zur Rechtlichen und Humanit\u00e4ren Unterst\u00fctzung e.V.&#8220; ver\u00f6ffentlicht worden. Dabei geht es um die Antworten, die Florian Warweg \u2013 Journalist und Politikwissenschaftler \u2013 von zwei Regierungssprechern auf eine einfache\u00a0 Frage \u00fcber die Widerspr\u00fcchlichkeit in der offiziellen Politik in Bezug auf den Krieg in der Ukraine erhalten hat.<\/p>\n<p style=\"padding-left: 40px;\"><strong>Frage von Warweg: <\/strong><\/p>\n<p style=\"padding-left: 80px;\"><em>&#8222;Der NATO-Generalsekret\u00e4r Mark Rutte hat bei der j\u00fcngsten Jahrestagung der Parlamentarischen Versammlung der NATO in Slowenien erkl\u00e4rt, die NATO sei Russland milit\u00e4risch unendlich \u00fcberlegen. Wirtschaftlich sei man 25 Mal gr\u00f6\u00dfer, und die russische Luftwaffe k\u00f6nne nicht einmal ansatzweise mit der der NATO mithalten. Da w\u00fcrde mich interessieren: Teilen denn der Kanzler und der Verteidigungsminister diese Einsch\u00e4tzung der unendlichen \u00dcberlegenheit der NATO gegen\u00fcber Russland, wie vom Generalsekret\u00e4r vorgetragen?&#8220;<\/em><\/p>\n<p style=\"padding-left: 40px;\"><strong>M\u00fcller (Vertreter des Bundesministeriums f\u00fcr Verteidigung): <\/strong><\/p>\n<p style=\"padding-left: 80px;\"><em>&#8222;Russland f\u00fchrt seit mehr als drei Jahren einen v\u00f6lkerrechtswidrigen Angriffskrieg. Russland bedroht Europa. Russland bedroht die europ\u00e4ische Friedensordnung. Deswegen ist es zuallererst nicht relevant, wie die strategischen Kr\u00e4fteverh\u00e4ltnisse sind, sondern relevant ist, dass Russland <\/em>[M\u00fcller sagte an dieser Stelle &#8222;<em>Europa<\/em>&#8222;; Anm. d. Red.]<em> eine st\u00e4ndige Bedrohung, eine gro\u00dfe Bedrohung f\u00fcr unsere Sicherheit ist. Dahingehend laufen unsere Bem\u00fchungen darauf ab, die europ\u00e4ische und die NATO-Verteidigungsf\u00e4higkeit gegen dieses aggressive Russland zu st\u00e4rken. Das ist die Antwort.&#8220;<\/em><\/p>\n<p style=\"padding-left: 40px;\"><strong>Zusatzfrage Warweg:<\/strong><\/p>\n<p style=\"padding-left: 80px;\"><em>&#8222;Ich hatte ja auch nach dem Kanzler gefragt.&#8220;<\/em><\/p>\n<p style=\"padding-left: 40px;\"><strong>SRS Meyers<\/strong> (SRS steht f\u00fcr &#8222;Stellvertretender Regierungssprecher&#8220;; Steffen Meyer, so der volle Name, vertritt in diesem Kontext den Regierungssprecher, etwa bei der Antwort auf Nachfragen zur Position des Kanzlers) Antwort lautete:<\/p>\n<p style=\"padding-left: 80px;\"><em>&#8222;Der Aussage (von M\u00fcller) habe ich nichts hinzuzuf\u00fcgen.&#8220;<\/em><\/p>\n<p style=\"padding-left: 40px;\"><strong>Zusatzfrage Warweg:<\/strong><\/p>\n<p style=\"padding-left: 80px;\"><em>&#8222;Gut, aber die Frage bleibt ja trotzdem bestehen. Sie haben dem Generalsekret\u00e4r, wenn ich es richtig verstanden habe, auch nicht widersprochen, als er von einer unendlichen milit\u00e4rischen \u00dcberlegenheit schon beim Status quo sprach. Wie rechtfertigt dann die Bundesregierung diese massiven R\u00fcstungsausgaben hinsichtlich eines Gegners, dem man bereits jetzt unendlich \u00fcberlegen ist? Was w\u00e4re dann die Steigerungsform von &#8218;unendlich \u00fcberlegen&#8216;?&#8220;<\/em><\/p>\n<p style=\"padding-left: 40px;\"><strong>M\u00fcller:<\/strong><\/p>\n<p style=\"padding-left: 80px;\"><em>&#8222;Wenn Sie fragen, wie die Bundesregierung die aktuellen Bem\u00fchungen rechtfertigt, dann brauche ich nur in die Ukraine zu schauen und zu sehen, welche Angriffe und welche brutale Gewalt Russland gegen die Ukraine und vor allem gegen die ukrainische Zivilbev\u00f6lkerung jeden Tag anwendet. Das ist f\u00fcr uns Grund genug, alles zu tun, um die Sicherheit Europas und der NATO und unseres Landes zu st\u00e4rken.&#8220;<\/em><\/p>\n<p><span style=\"font-family: 'courier new', courier, monospace;\">Ende des Wortprotokolls!<\/span><\/p>\n<h5>Ein einfacher Logik-Test<\/h5>\n<p>Dieser Auszug aus der Regierungspressekonferenz vom 17. Oktober 2025 ist ein Meisterwerk der &#8222;Zirkul\u00e4ren Rhetorik&#8220;. Mit ihren unendlich dummen Antworten haben die beiden aus Steuermitteln hochdotierten Regierungssprecher die kluge Frage eines Journalisten abgespeist. Eine Frage nach Fakten wird mit einer Ladung moralischer Emp\u00f6rung beantwortet, wobei die Idiotie so dick aufgetragen ist, dass sie schon physische Schmerzen verursacht. Wir wollen dies nun Schritt f\u00fcr Schritt aufdr\u00f6seln.<\/p>\n<p>Die Kernfrage von Warweg war ein simpler Logik-Test, der aufseiten der Regierungssprecher \u2013 symptomatisch f\u00fcr die ganze Regierungsmannschaft \u2013 grandios scheiterte. Dabei war Warwegs Frage harmlos: &#8222;Teilen Kanzler und Verteidigungsminister diese Einsch\u00e4tzung?&#8220; Das war kein Hinterhalt. Das war guter Journalismus, der kl\u00e4ren sollte, ob die Regierung mit dem Boss der NATO auf einer Wellenl\u00e4nge liegt. Stattdessen kriegen wir ein Meisterst\u00fcck in Sachen widerspr\u00fcchlichem Ausweichen pr\u00e4sentiert.<\/p>\n<h5>Das Narrativ ist relevanter als die Fakten<\/h5>\n<p>M\u00fcller startet wie bei einem schlechten Yoga-Kurs mit dem Standard-Mantra: &#8222;Russland f\u00fchrt seit mehr als drei Jahren einen v\u00f6lkerrechtswidrigen Angriffskrieg. Russland bedroht Europa. Russland bedroht die europ\u00e4ische Friedensordnung.&#8220; (Dreimal &#8222;Russland&#8220; \u2013 als ob Wiederholung Wahrheit erzeugt). Dann kommt M\u00fcllers Hammer, wenn er sagt: &#8222;Deswegen ist es zuallererst <em>nicht relevant<\/em>, wie die strategischen Kr\u00e4fteverh\u00e4ltnisse sind.&#8220; Hallo? Die Frage dreht sich doch genau darum.<\/p>\n<p>Rutte hat die Kr\u00e4fteverh\u00e4ltnisse gerade detailliert beschrieben \u2013 unendliche \u00dcberlegenheit! \u2013 und M\u00fcller sagt: &#8222;Nicht relevant, weil Bedrohung.&#8220; Das ist, als w\u00fcrde ein Arzt bei einer Krebsdiagnose sagen: &#8222;Die Gr\u00f6\u00dfe des Tumors ist irrelevant, weil Krebs b\u00f6se ist. Nehmen Sie mehr Aspirin!&#8220;<\/p>\n<p>M\u00fcller h\u00e4tte genauso gut sagen k\u00f6nnen: &#8222;Ach, die Kr\u00e4fteverh\u00e4ltnisse? P\u00f6fft, das sind nur Zahlen, Herr Warweg! Wichtiger ist das Narrativ: Russland ist der B\u00f6sewicht in unserem Hollywood-Film. Und wir? Die Helden, die trotz unendlicher Superkr\u00e4fte noch mehr Panzer brauchen, um sich sicher zu f\u00fchlen. Das ist unendlich plus eins!<\/p>\n<p>Doch dann hakt Warweg nach: &#8222;Ich hatte ja auch nach dem Kanzler gefragt.&#8220; Jetzt tritt Steffen Meyer, Stellvertretender Regierungssprecher auf die B\u00fchne. Mit der Eleganz eines Steinzeitmenschen vor einem Quantencomputer antwortet er: &#8222;Der Aussage habe ich nichts hinzuzuf\u00fcgen.&#8220; Schluss, aus! In der Berliner Demokratur hat man sich an derartige Nicht-Antworten fast schon gew\u00f6hnt. Von Vertretern einer funktionierenden Demokratie wird jedoch mehr erwartet.<\/p>\n<p>Der Kanzler wird hier durch einen hochrangigen Beamten vertreten, der sagt: &#8222;Ich passe.&#8220; Dies impliziert Zustimmung zu M\u00fcllers Ausweichman\u00f6ver, ohne je die NATO-Rutte-Einsch\u00e4tzung anzusprechen. Wenn also die Regierung Rutte\u2019s Version nicht widerspricht, dann stimmt sie folgerichtig der &#8218;unendlichen \u00dcberlegenheit&#8216; der NATO zu \u2013 und ignoriert damit Warwegs Kernfrage.<\/p>\n<h5>Mehr als unendlich\u00a0\u2013\u00a0wo Logik explodiert<\/h5>\n<p>Warweg kontert brillant: &#8222;Sie haben nicht widersprochen \u2026 Wie rechtfertigt die Regierung massive R\u00fcstungsausgaben, wenn wir &#8218;bereits jetzt unendlich \u00fcberlegen&#8216; sind? Was ist die Steigerungsform von &#8218;unendlich \u00fcberlegen&#8216;?&#8220; Das ist eine Provokation, die jeden Mathematiker zum Weinen bringen w\u00fcrde. Unendlich ist das Maximum. Eine Steigerung? L\u00e4cherlich. Aber M\u00fcller \u00fcberbr\u00fcckt seinen Mangel an Mathematik-Grundkenntnissen und antwortet: &#8222;Schauen Sie in die Ukraine \u2026 brutale Gewalt \u2026 Grund genug, alles zu tun.&#8220; Kein Eingest\u00e4ndnis des Widerspruchs; stattdessen die Ukraine als Allzweckkeule. Die russische Bedrohung rechtfertigt alles, inklusive &#8222;unendliche&#8220; Ausgaben, die Kriegsgewinnler wie BlackRock unendlich reicher machen.<\/p>\n<p>Hier kulminiert die Dummheit: Ruttes &#8222;unendlich \u00fcberlegen&#8220; wird stillschweigend akzeptiert. Aber die R\u00fcstung wird mit der russischen Aggression in der Ukraine begr\u00fcndet. Wenn wir unendlich st\u00e4rker sind, warum nicht einfach die Ukraine mit einem Fingerschnippen retten? Die \u00dcberlegenheit macht die Bedrohung irrelevant, es sei denn, die \u00dcberlegenheit ist \u2026 eine L\u00fcge? Oder nur PR?<\/p>\n<h5>Fazit:<\/h5>\n<p>Diese Antworten der beiden Vertreter der Merz-Regierung bei der Regierungspressekonferenz vom 17. Oktober 2025, sind nicht nur widerspr\u00fcchlich, sie sind ein Symptom einer Politik, die Fakten als Feind betrachtet. Die Regierung stimmt Rutte (implizit) zu, rechtfertigt aber die panikartige Aufr\u00fcstung mit einer Bedrohung, die angeblich harmlos ist. Ergebnis: Ein Logik-Loch gro\u00df genug, um einen Panzer hindurchzufahren \u2013 den wir ja erst noch kaufen m\u00fcssen. Es f\u00fchlt sich an wie ein St\u00fcck &#8222;Orwell trifft Kafka&#8220;: Die Wahrheit ist irrelevant, solange der Feind benannt ist. Und Warweg? Der Held, der mit einer einzigen Frage die ganze Maschinerie enttarnt hat.<\/p>\n<p><strong>Hintergrund zu Florian Warweg<\/strong> \u2013 Journalist, Politikwissenschaftler und Parlamentskorrespondent f\u00fcr NachDenkSeiten. Warweg hat Politikwissenschaft und Geografie an der Uni T\u00fcbingen studiert. Als Journalist war er unter anderem f\u00fcr <em>amerika21<\/em> (2012\u20132014) und <em>RT DE<\/em> (Co-Leitung Online-Redaktion von 2014\u20132022) t\u00e4tig, bis der Sender in Deutschland 2022 verboten wurde.<br \/>\nSeit Juni 2022 ist er Parlamentskorrespondent und Redakteur bei den <em>NachDenkSeiten<\/em> mit Fokus auf Berichterstattung zur Bundespressekonferenz (BPK). Nach seinem Wechsel von <em>RT<\/em> zu den <em>NachDenkSeiten<\/em> wurde Warwegs Aufnahme in die BPK verweigert \u2013 es gab Proteste von Mitgliedern. Er klagte und erreichte im Jahr 2023 vor dem Landgericht Berlin, dass ihm der Zugang zu Regierungspressekonferenzen (als Gast mit Fragerecht) nicht verwehrt werden darf.<\/p>\n<p style=\"text-align: right;\"><em>Rainer Rupp ist Mitglied des Beirats des Deutschen Freidenker-Verbandes<\/em><\/p>\n<p><span style=\"font-size: 10pt;\">Siehe auch dieses Video der NachDenkSeiten: <a href=\"https:\/\/www.youtube.com\/watch?v=-nI5Nqhygag\" target=\"_blank\" rel=\"noopener\">https:\/\/www.youtube.com\/watch?v=-nI5Nqhygag<\/a><\/span><\/p>\n<hr \/>\n<p><span style=\"font-size: 10pt;\">Bild oben: Florian Warweg in der Bundespressekonferenz am 17.10.2025<\/span><br \/>\n<span style=\"font-size: 10pt;\">Screenshot aus einem <a href=\"https:\/\/www.youtube.com\/watch?v=-nI5Nqhygag\" target=\"_blank\" rel=\"noopener\">Video der NachDenkSeiten<\/a> vom 20.10.2025<\/span><br \/>\n<span style=\"font-size: 10pt;\">\u00a9 NachDenkSeiten<\/span><\/p>\n","protected":false},"excerpt":{"rendered":"<p><b>Beitrag von Rainer Rupp<\/b><br \/>\nDer Auszug aus dem Wortprotokoll der Regierungspressekonferenz vom 17. Oktober 2025 ist in den aktuellen Mitteilungen 11\/25 der &#8222;Gesellschaft zur Rechtlichen und Humanit\u00e4ren Unterst\u00fctzung e.V.&#8220; ver\u00f6ffentlicht worden. Dabei geht es um die Antworten, die Florian Warweg \u2013 Journalist und Politikwissenschaftler \u2013 von zwei Regierungssprechern auf eine einfache\u00a0 Frage \u00fcber die Widerspr\u00fcchlichkeit in der offiziellen Politik in Bezug auf den Krieg in der Ukraine erhalten hat. [&#8230;] Diese Fundsache ist zu gut, um sie ungenutzt in Vergessenheit geraten zu lassen. Die Antworten klingen wie der Auftakt zu einem Monty-Python-Sketch, bei dem die Logik aus dem Fenster fliegt und durch ein Loch in der Realit\u00e4t ins Absurde purzelt. <\/p>\n","protected":false},"author":3,"featured_media":23529,"comment_status":"closed","ping_status":"closed","sticky":false,"template":"","format":"standard","meta":{"colormag_page_container_layout":"default_layout","colormag_page_sidebar_layout":"default_layout","advanced_seo_description":"","jetpack_seo_html_title":"","jetpack_seo_noindex":false,"jetpack_post_was_ever_published":false,"footnotes":""},"categories":[12],"tags":[1679,1458,2867,2868,2869,56,2266,1396,222,2226,2491,639],"class_list":["post-23522","post","type-post","status-publish","format-standard","has-post-thumbnail","hentry","category-demokratie-medien-aufklaerung","tag-angriffskrieg","tag-bedrohung","tag-bundespressekonferenz","tag-kraefteverhaeltnis","tag-logik","tag-nato","tag-pressekonferenz","tag-provokation","tag-russland","tag-ruestungsetat","tag-ueberlegenheit","tag-ukraine-konflikt"],"jetpack_featured_media_url":"https:\/\/i0.wp.com\/www.freidenker.org\/fw17\/wp-content\/uploads\/2025\/11\/warweg_bpk_800x450.jpg?fit=800%2C450&ssl=1","jetpack_shortlink":"https:\/\/wp.me\/p9stpK-67o","jetpack-related-posts":[{"id":5183,"url":"https:\/\/www.freidenker.org\/?p=5183","url_meta":{"origin":23522,"position":0},"title":"Gaza-Berichterstattung: H\u00f6hepunkt des politischen Zynismus","author":"Webredaktion","date":"20. Mai 2018","format":false,"excerpt":"Beitrag von Rainer Rupp Wenn vor dem Hintergrund der allein am letzten Montag mit gezielten Sch\u00fcssen get\u00f6teten 52 pal\u00e4stinensischen Jugendlichen und der \u00fcber 1.200 zum Teil schwerverletzten Menschen verharmlosend von \"gewaltt\u00e4tigen Auseinandersetzungen\" gesprochen wird, als h\u00e4tte es sich um eine 1.-Mai-Demo in Berlin gehandelt, dann ist das eine ungeheuerliche Beleidigung\u2026","rel":"","context":"In &quot;Frieden - Antifaschismus - Solidarit\u00e4t&quot;","block_context":{"text":"Frieden - Antifaschismus - Solidarit\u00e4t","link":"https:\/\/www.freidenker.org\/?cat=13"},"img":{"alt_text":"","src":"https:\/\/i0.wp.com\/www.freidenker.org\/fw17\/wp-content\/uploads\/2018\/06\/Destruction_of_Gaza_800x445.jpg?fit=800%2C445&ssl=1&resize=350%2C200","width":350,"height":200,"srcset":"https:\/\/i0.wp.com\/www.freidenker.org\/fw17\/wp-content\/uploads\/2018\/06\/Destruction_of_Gaza_800x445.jpg?fit=800%2C445&ssl=1&resize=350%2C200 1x, https:\/\/i0.wp.com\/www.freidenker.org\/fw17\/wp-content\/uploads\/2018\/06\/Destruction_of_Gaza_800x445.jpg?fit=800%2C445&ssl=1&resize=525%2C300 1.5x, https:\/\/i0.wp.com\/www.freidenker.org\/fw17\/wp-content\/uploads\/2018\/06\/Destruction_of_Gaza_800x445.jpg?fit=800%2C445&ssl=1&resize=700%2C400 2x"},"classes":[]},{"id":15439,"url":"https:\/\/www.freidenker.org\/?p=15439","url_meta":{"origin":23522,"position":1},"title":"Der NATO-Schreiber und die &#8222;Lumpenpazifisten&#8220;","author":"Webredaktion","date":"4. M\u00e4rz 2023","format":false,"excerpt":"Beitrag von Dagmar Henn Es wird zunehmend schwerer, den Gedankeng\u00e4ngen in Ver\u00f6ffentlichungen deutscher Medien zu folgen. Das ist jetzt nicht metaphorisch gemeint. Sie entbehren jedweder Logik. Wie kommt es zu dieser Denkweise? Kann man \u00fcberhaupt noch Ursache und Folge oder auch nur Gro\u00df und Klein auseinanderhalten, wenn man seine Tage\u2026","rel":"","context":"In &quot;Demokratie \u2013 Medien \u2013 Aufkl\u00e4rung&quot;","block_context":{"text":"Demokratie \u2013 Medien \u2013 Aufkl\u00e4rung","link":"https:\/\/www.freidenker.org\/?cat=12"},"img":{"alt_text":"","src":"https:\/\/i0.wp.com\/www.freidenker.org\/fw17\/wp-content\/uploads\/2023\/03\/kundgebung_2023-02-24_800x450.jpg?fit=800%2C450&ssl=1&resize=350%2C200","width":350,"height":200,"srcset":"https:\/\/i0.wp.com\/www.freidenker.org\/fw17\/wp-content\/uploads\/2023\/03\/kundgebung_2023-02-24_800x450.jpg?fit=800%2C450&ssl=1&resize=350%2C200 1x, https:\/\/i0.wp.com\/www.freidenker.org\/fw17\/wp-content\/uploads\/2023\/03\/kundgebung_2023-02-24_800x450.jpg?fit=800%2C450&ssl=1&resize=525%2C300 1.5x, https:\/\/i0.wp.com\/www.freidenker.org\/fw17\/wp-content\/uploads\/2023\/03\/kundgebung_2023-02-24_800x450.jpg?fit=800%2C450&ssl=1&resize=700%2C400 2x"},"classes":[]},{"id":10908,"url":"https:\/\/www.freidenker.org\/?p=10908","url_meta":{"origin":23522,"position":2},"title":"Schlecht beraten: Thinktank der Bundesregierung r\u00e4t zu Waffenlieferungen an die Ukraine","author":"Webredaktion","date":"27. Juli 2021","format":false,"excerpt":"Beitrag von Gert Ewen Ungar Anfang Juli ver\u00f6ffentlichte die Stiftung Wissenschaft und Politik (SWP) einen Beitrag von Dumitru Minzarari und Susan Stewart. Die Autoren sprechen sich f\u00fcr Waffenlieferungen der Bundesrepublik an die Ukraine aus. Wichtig ist dabei der Erscheinungsort sowie die Argumentation. Die SWP ist ein bereits in den 1960er-Jahren\u2026","rel":"","context":"In &quot;Frieden - Antifaschismus - Solidarit\u00e4t&quot;","block_context":{"text":"Frieden - Antifaschismus - Solidarit\u00e4t","link":"https:\/\/www.freidenker.org\/?cat=13"},"img":{"alt_text":"","src":"https:\/\/i0.wp.com\/www.freidenker.org\/fw17\/wp-content\/uploads\/2021\/07\/ukrainische_soldaten_800x450.jpg?fit=800%2C450&ssl=1&resize=350%2C200","width":350,"height":200,"srcset":"https:\/\/i0.wp.com\/www.freidenker.org\/fw17\/wp-content\/uploads\/2021\/07\/ukrainische_soldaten_800x450.jpg?fit=800%2C450&ssl=1&resize=350%2C200 1x, https:\/\/i0.wp.com\/www.freidenker.org\/fw17\/wp-content\/uploads\/2021\/07\/ukrainische_soldaten_800x450.jpg?fit=800%2C450&ssl=1&resize=525%2C300 1.5x, https:\/\/i0.wp.com\/www.freidenker.org\/fw17\/wp-content\/uploads\/2021\/07\/ukrainische_soldaten_800x450.jpg?fit=800%2C450&ssl=1&resize=700%2C400 2x"},"classes":[]},{"id":19742,"url":"https:\/\/www.freidenker.org\/?p=19742","url_meta":{"origin":23522,"position":3},"title":"Das M\u00e4rchen von der Unabh\u00e4ngigkeit &#8211; Eine Meisterleistung deutscher Propaganda","author":"Webredaktion","date":"20. August 2024","format":false,"excerpt":"Beitrag von Tom J. Wellbrock Russlands Gas kommt nach Deutschland. Auf Umwegen zwar, aber es kommt. Allein diese Tatsache sollte Grund genug sein, die alberne Verweigerung russischen Gases nicht weiter aufrechtzuerhalten. Es widerspricht der Logik, dem gesunden Menschenverstand und einer strategischen Herangehensweise, so zu tun, als w\u00fcrde man auf etwas\u2026","rel":"","context":"In &quot;Demokratie \u2013 Medien \u2013 Aufkl\u00e4rung&quot;","block_context":{"text":"Demokratie \u2013 Medien \u2013 Aufkl\u00e4rung","link":"https:\/\/www.freidenker.org\/?cat=12"},"img":{"alt_text":"","src":"https:\/\/i0.wp.com\/www.freidenker.org\/fw17\/wp-content\/uploads\/2024\/08\/gas-7457926_800x450.jpg?fit=800%2C450&ssl=1&resize=350%2C200","width":350,"height":200,"srcset":"https:\/\/i0.wp.com\/www.freidenker.org\/fw17\/wp-content\/uploads\/2024\/08\/gas-7457926_800x450.jpg?fit=800%2C450&ssl=1&resize=350%2C200 1x, https:\/\/i0.wp.com\/www.freidenker.org\/fw17\/wp-content\/uploads\/2024\/08\/gas-7457926_800x450.jpg?fit=800%2C450&ssl=1&resize=525%2C300 1.5x, https:\/\/i0.wp.com\/www.freidenker.org\/fw17\/wp-content\/uploads\/2024\/08\/gas-7457926_800x450.jpg?fit=800%2C450&ssl=1&resize=700%2C400 2x"},"classes":[]},{"id":24789,"url":"https:\/\/www.freidenker.org\/?p=24789","url_meta":{"origin":23522,"position":4},"title":"Iran dr\u00e4ngt die USA aus dem Golf \u2013 Das ver\u00e4ndert alles!","author":"Webredaktion","date":"3. April 2026","format":false,"excerpt":"Video-Interview von Pascal Lottaz mit Rainer Rupp Trotz des ganzen Aufsehens um eine Bodeninvasion des Iran sprechen die Truppenabz\u00fcge aus der Region eine andere Sprache. Der Iran steht kurz davor, die Amerikaner aus der gesamten Golfregion zu vertreiben \u2013 ein Beweis daf\u00fcr, dass der US-\/israelische Angriffskrieg gegen den Iran auf\u2026","rel":"","context":"In &quot;Aktuelles&quot;","block_context":{"text":"Aktuelles","link":"https:\/\/www.freidenker.org\/?cat=574"},"img":{"alt_text":"","src":"https:\/\/i0.wp.com\/www.freidenker.org\/fw17\/wp-content\/uploads\/2026\/04\/rainer_rupp_bei_pascal_lottaz_800x450.jpg?fit=800%2C450&ssl=1&resize=350%2C200","width":350,"height":200,"srcset":"https:\/\/i0.wp.com\/www.freidenker.org\/fw17\/wp-content\/uploads\/2026\/04\/rainer_rupp_bei_pascal_lottaz_800x450.jpg?fit=800%2C450&ssl=1&resize=350%2C200 1x, https:\/\/i0.wp.com\/www.freidenker.org\/fw17\/wp-content\/uploads\/2026\/04\/rainer_rupp_bei_pascal_lottaz_800x450.jpg?fit=800%2C450&ssl=1&resize=525%2C300 1.5x, https:\/\/i0.wp.com\/www.freidenker.org\/fw17\/wp-content\/uploads\/2026\/04\/rainer_rupp_bei_pascal_lottaz_800x450.jpg?fit=800%2C450&ssl=1&resize=700%2C400 2x"},"classes":[]},{"id":24185,"url":"https:\/\/www.freidenker.org\/?p=24185","url_meta":{"origin":23522,"position":5},"title":"Der Westen am Scheideweg zwischen Vernunft und Selbstzerst\u00f6rung","author":"Webredaktion","date":"13. Januar 2026","format":false,"excerpt":"Rezension von Arn Strohmeyer zu einem Buch von Fabian Scheidler Der Ukraine-Krieg, der V\u00f6lkermord in Gaza, Israels Angriffe auf seine Nachbarstaaten, der US-Griff nach dem \u00d6l Venezuelas und der Landmasse Gr\u00f6nlands, allgemeine Aufr\u00fcstung \u00fcberall, in Deutschland Wirtschaftskrise, Deindustrialisierung und Abbau des Sozialstaates \u2013 die Lage ist mit dem Wort \u201eernst\u201c\u2026","rel":"","context":"In &quot;Frieden - Antifaschismus - Solidarit\u00e4t&quot;","block_context":{"text":"Frieden - Antifaschismus - Solidarit\u00e4t","link":"https:\/\/www.freidenker.org\/?cat=13"},"img":{"alt_text":"","src":"https:\/\/i0.wp.com\/www.freidenker.org\/fw17\/wp-content\/uploads\/2026\/01\/scheibler_friedenstuechtig_800x450.jpg?fit=800%2C449&ssl=1&resize=350%2C200","width":350,"height":200,"srcset":"https:\/\/i0.wp.com\/www.freidenker.org\/fw17\/wp-content\/uploads\/2026\/01\/scheibler_friedenstuechtig_800x450.jpg?fit=800%2C449&ssl=1&resize=350%2C200 1x, https:\/\/i0.wp.com\/www.freidenker.org\/fw17\/wp-content\/uploads\/2026\/01\/scheibler_friedenstuechtig_800x450.jpg?fit=800%2C449&ssl=1&resize=525%2C300 1.5x, https:\/\/i0.wp.com\/www.freidenker.org\/fw17\/wp-content\/uploads\/2026\/01\/scheibler_friedenstuechtig_800x450.jpg?fit=800%2C449&ssl=1&resize=700%2C400 2x"},"classes":[]}],"_links":{"self":[{"href":"https:\/\/www.freidenker.org\/index.php?rest_route=\/wp\/v2\/posts\/23522","targetHints":{"allow":["GET"]}}],"collection":[{"href":"https:\/\/www.freidenker.org\/index.php?rest_route=\/wp\/v2\/posts"}],"about":[{"href":"https:\/\/www.freidenker.org\/index.php?rest_route=\/wp\/v2\/types\/post"}],"author":[{"embeddable":true,"href":"https:\/\/www.freidenker.org\/index.php?rest_route=\/wp\/v2\/users\/3"}],"replies":[{"embeddable":true,"href":"https:\/\/www.freidenker.org\/index.php?rest_route=%2Fwp%2Fv2%2Fcomments&post=23522"}],"version-history":[{"count":2,"href":"https:\/\/www.freidenker.org\/index.php?rest_route=\/wp\/v2\/posts\/23522\/revisions"}],"predecessor-version":[{"id":23530,"href":"https:\/\/www.freidenker.org\/index.php?rest_route=\/wp\/v2\/posts\/23522\/revisions\/23530"}],"wp:featuredmedia":[{"embeddable":true,"href":"https:\/\/www.freidenker.org\/index.php?rest_route=\/wp\/v2\/media\/23529"}],"wp:attachment":[{"href":"https:\/\/www.freidenker.org\/index.php?rest_route=%2Fwp%2Fv2%2Fmedia&parent=23522"}],"wp:term":[{"taxonomy":"category","embeddable":true,"href":"https:\/\/www.freidenker.org\/index.php?rest_route=%2Fwp%2Fv2%2Fcategories&post=23522"},{"taxonomy":"post_tag","embeddable":true,"href":"https:\/\/www.freidenker.org\/index.php?rest_route=%2Fwp%2Fv2%2Ftags&post=23522"}],"curies":[{"name":"wp","href":"https:\/\/api.w.org\/{rel}","templated":true}]}}