{"id":23511,"date":"2025-11-09T23:56:59","date_gmt":"2025-11-09T22:56:59","guid":{"rendered":"https:\/\/www.freidenker.org\/?p=23511"},"modified":"2025-11-30T13:25:06","modified_gmt":"2025-11-30T12:25:06","slug":"video-seit-mehr-als-100-jahren-krieg-um-palaestina","status":"publish","type":"post","link":"https:\/\/www.freidenker.org\/?p=23511","title":{"rendered":"Video: Seit mehr als 100 Jahren \u2013 Krieg um Pal\u00e4stina"},"content":{"rendered":"<h4 class=\"text-hyphens color-subline fs-5 mt-3\">Friedensverhandlungen &#8211; aber die Pal\u00e4stinenser sind nicht dabei.<\/h4>\n<p><em>Vortrag von <strong>Karin Leukefeld<\/strong><\/em><\/p>\n<p><span style=\"font-size: 10pt;\">gehalten am 04.11.2025 in Bremen<\/span><\/p>\n<p><span style=\"font-size: 10pt;\">Video produziert von <a href=\"https:\/\/weltnetz.tv\/video\/seit-mehr-als-100-jahren-krieg-um-palaestina\/\" target=\"_blank\" rel=\"noopener\">weltnetz.tv<\/a>\u00a0<\/span><\/p>\n<p class=\"text-hyphens text-light font-roboto-light\">Die renommierte Journalistin und Korrespondentin Karin Leukefeld, diesmal zu Gast in Bremen, analysiert das Interessengeflecht um einen Waffenstillstand \/ Frieden in Gaza.<\/p>\n<div class=\"jetpack-video-wrapper\"><span class=\"embed-youtube\" style=\"text-align:center; display: block;\"><iframe loading=\"lazy\" class=\"youtube-player\" width=\"800\" height=\"450\" src=\"https:\/\/www.youtube.com\/embed\/cM3AIYsE0qA?version=3&#038;rel=1&#038;showsearch=0&#038;showinfo=1&#038;iv_load_policy=1&#038;fs=1&#038;hl=de-DE&#038;autohide=2&#038;wmode=transparent\" allowfullscreen=\"true\" style=\"border:0;\" sandbox=\"allow-scripts allow-same-origin allow-popups allow-presentation allow-popups-to-escape-sandbox\"><\/iframe><\/span><\/div>\n<p><span style=\"font-size: 10pt;\">Direktlink zum Video von weltnetz.tv auf YouTube: <a href=\"https:\/\/www.youtube.com\/watch?v=cM3AIYsE0qA\" target=\"_blank\" rel=\"noopener\">https:\/\/www.youtube.com\/watch?v=cM3AIYsE0qA<\/a><\/span><\/p>\n<p>Karin Leukefeld ist freiberufliche Korrespondentin im Nahen und Mittleren Osten und berichtet seit mehr als 20 Jahren f\u00fcr deutschsprachige Medien in Deutschland, Luxemburg, Schweiz und \u00d6sterreich. Ihr Schwerpunkt ist es, \u00fcber \u201eDas Leben hinter den Schlagzeilen\u201c im geopolitischen Zusammenhang internationaler Konflikte zu berichten. Die Missachtung des internationalen Rechts zeigt den auf Expansion zielenden Charakter des Staates Israel: Gro\u00df Israel ist das immer unverbl\u00fcmter genannte Ziel der Kriege, die Israel in Gaza, dem Westjordanland, in Libanon, Syrien, Irak, Jemen und Iran f\u00fchrt. Was bedeutet der V\u00f6lkermord an den Pal\u00e4stinensern? Welche Zukunft gibt es f\u00fcr die Region? Welche Rolle haben die Vereinten Nationen? Welche Interessen verfolgen deutsche Regierungen im Schulterschluss mit Israel? Was tun?<\/p>\n<p>Karin Leukefeld sprach auf Einladung der Pal\u00e4stinensische Gemeinde Bremen und Umgebung und der Deutsch-Pal\u00e4stinensischen Gesellschaft.<\/p>\n<p style=\"text-align: right;\"><em>Karin Leukefeld ist Buchautorin und arbeitet als freie Journalistin im Mittleren Osten<\/em><\/p>\n<p><span style=\"font-size: 10pt;\">Video aufgenommen von <span class=\"yt-core-attributed-string yt-core-attributed-string--white-space-pre-wrap\" dir=\"auto\"><span class=\"yt-core-attributed-string--link-inherit-color\" dir=\"auto\">Marlies und S\u00f6nke Hundt<\/span><\/span><\/span><\/p>\n<hr \/>\n<p>Bild oben: Screenshot aus dem Video von <a href=\"https:\/\/www.youtube.com\/watch?v=cM3AIYsE0qA\" target=\"_blank\" rel=\"noopener\">weltnetz.tv<\/a><\/p>\n","protected":false},"excerpt":{"rendered":"<p><b>Friedensverhandlungen &#8211; aber die Pal\u00e4stinenser sind nicht dabei.<\/b><br \/>\n<b>Video eines Vortrages von Karin Leukefeld,<\/b> gehalten am 04.11.2025 in Bremen<br \/>\nDie renommierte Journalistin und Korrespondentin Karin Leukefeld, diesmal zu Gast in Bremen, analysiert das Interessengeflecht um einen Waffenstillstand \/ Frieden in Gaza. [&#8230;] Ihr Schwerpunkt ist es, \u00fcber \u201eDas Leben hinter den Schlagzeilen\u201c im geopolitischen Zusammenhang internationaler Konflikte zu berichten. Die Missachtung des internationalen Rechts zeigt den auf Expansion zielenden Charakter des Staates Israel: Gro\u00df Israel ist das immer unverbl\u00fcmter genannte Ziel der Kriege, die Israel in Gaza, dem Westjordanland, in Libanon, Syrien, Irak, Jemen und Iran f\u00fchrt. Was bedeutet der V\u00f6lkermord an den Pal\u00e4stinensern? Welche Zukunft gibt es f\u00fcr die Region? Welche Rolle haben die Vereinten Nationen? Welche Interessen verfolgen deutsche Regierungen im Schulterschluss mit Israel? Was tun?<\/p>\n","protected":false},"author":3,"featured_media":23512,"comment_status":"closed","ping_status":"closed","sticky":false,"template":"","format":"standard","meta":{"colormag_page_container_layout":"default_layout","colormag_page_sidebar_layout":"default_layout","advanced_seo_description":"","jetpack_seo_html_title":"","jetpack_seo_noindex":false,"jetpack_post_was_ever_published":false,"footnotes":""},"categories":[12,1162],"tags":[2228,2745,491,1038,1455,393,562,2433,188,1955,394,1120,1931],"class_list":["post-23511","post","type-post","status-publish","format-standard","has-post-thumbnail","hentry","category-demokratie-medien-aufklaerung","category-geschichte","tag-arabien","tag-expansion","tag-geschichte","tag-grossbritannien","tag-interessen","tag-israel","tag-kolonialismus","tag-konflikt","tag-krieg","tag-nahostkonflikt","tag-palaestina","tag-uno","tag-voelkermord"],"jetpack_featured_media_url":"https:\/\/i0.wp.com\/www.freidenker.org\/fw17\/wp-content\/uploads\/2025\/11\/Leukefeld_Vortrag_Bremen_2025_800x450.jpg?fit=800%2C450&ssl=1","jetpack_shortlink":"https:\/\/wp.me\/p9stpK-67d","jetpack-related-posts":[{"id":17731,"url":"https:\/\/www.freidenker.org\/?p=17731","url_meta":{"origin":23511,"position":0},"title":"Der Gazakrieg und die Destabilisierung des Nahen Ostens","author":"Webredaktion","date":"29. Dezember 2023","format":false,"excerpt":"Video-Interview von Sabine Kebir mit Karin Leukefeld Im Gespr\u00e4ch mit Sabine Kebir erl\u00e4utert Karin Leukefeld die durch den Krieg zwischen Israel und den Pal\u00e4stinensern ausgel\u00f6ste erh\u00f6hte milit\u00e4rische Aktivit\u00e4t an der Grenze zum Libanon sowie in Syrien. Auch Angriffe irakischer Milizen auf amerikanische Basen in den syrischen Kurdengebieten sind Zeichen erh\u00f6hter\u2026","rel":"","context":"In &quot;Frieden - Antifaschismus - Solidarit\u00e4t&quot;","block_context":{"text":"Frieden - Antifaschismus - Solidarit\u00e4t","link":"https:\/\/www.freidenker.org\/?cat=13"},"img":{"alt_text":"","src":"https:\/\/i0.wp.com\/www.freidenker.org\/fw17\/wp-content\/uploads\/2023\/12\/Kebir_Leukefeld_2_800x450.jpg?fit=800%2C450&ssl=1&resize=350%2C200","width":350,"height":200,"srcset":"https:\/\/i0.wp.com\/www.freidenker.org\/fw17\/wp-content\/uploads\/2023\/12\/Kebir_Leukefeld_2_800x450.jpg?fit=800%2C450&ssl=1&resize=350%2C200 1x, https:\/\/i0.wp.com\/www.freidenker.org\/fw17\/wp-content\/uploads\/2023\/12\/Kebir_Leukefeld_2_800x450.jpg?fit=800%2C450&ssl=1&resize=525%2C300 1.5x, https:\/\/i0.wp.com\/www.freidenker.org\/fw17\/wp-content\/uploads\/2023\/12\/Kebir_Leukefeld_2_800x450.jpg?fit=800%2C450&ssl=1&resize=700%2C400 2x"},"classes":[]},{"id":21402,"url":"https:\/\/www.freidenker.org\/?p=21402","url_meta":{"origin":23511,"position":1},"title":"Karin Leukefeld: Erzwingt Israel die Neustrukturierung der Levante?","author":"Webredaktion","date":"9. April 2025","format":false,"excerpt":"Video-Interview von\u00a0Sabine Kebir\u00a0mit\u00a0Karin Leukefeld Direkt nach Karin Leukefelds R\u00fcckkehr aus dem Libanon wurde sie von Sabine Kebir \u00fcber die Ver\u00e4nderungen befragt, die der Krieg zwischen Israel und der Hisbollah dort bewirkt hat. Thema sind auch die Massaker in Syrien, die Aktivit\u00e4t der neuen Machthaber und die Ziele, die der Westen\u2026","rel":"","context":"In &quot;Demokratie \u2013 Medien \u2013 Aufkl\u00e4rung&quot;","block_context":{"text":"Demokratie \u2013 Medien \u2013 Aufkl\u00e4rung","link":"https:\/\/www.freidenker.org\/?cat=12"},"img":{"alt_text":"","src":"https:\/\/i0.wp.com\/www.freidenker.org\/fw17\/wp-content\/uploads\/2025\/04\/Leukefeld_Kebir_800x450.jpg?fit=800%2C450&ssl=1&resize=350%2C200","width":350,"height":200,"srcset":"https:\/\/i0.wp.com\/www.freidenker.org\/fw17\/wp-content\/uploads\/2025\/04\/Leukefeld_Kebir_800x450.jpg?fit=800%2C450&ssl=1&resize=350%2C200 1x, https:\/\/i0.wp.com\/www.freidenker.org\/fw17\/wp-content\/uploads\/2025\/04\/Leukefeld_Kebir_800x450.jpg?fit=800%2C450&ssl=1&resize=525%2C300 1.5x, https:\/\/i0.wp.com\/www.freidenker.org\/fw17\/wp-content\/uploads\/2025\/04\/Leukefeld_Kebir_800x450.jpg?fit=800%2C450&ssl=1&resize=700%2C400 2x"},"classes":[]},{"id":24915,"url":"https:\/\/www.freidenker.org\/?p=24915","url_meta":{"origin":23511,"position":2},"title":"Im Fokus: Libanon, Syrien, Pal\u00e4stina, Iran","author":"Webredaktion","date":"19. April 2026","format":false,"excerpt":"Interview von Sabine Kebir mit Karin Leukefeld Im Gespr\u00e4ch mit Dr. Sabine Kebir erl\u00e4utert Nahostkorrespondentin Karin Leukefeld von den Medien unber\u00fccksichtigte Aspekte der eskalierenden politischen und humanit\u00e4ren Situation im Nahen Osten. Der Krieg gegen den Iran soll westliche Kontrolle \u00fcber den Nahen und Mittleren Osten von Afghanistan bis zum Atlantik\u2026","rel":"","context":"In &quot;Aktuelles&quot;","block_context":{"text":"Aktuelles","link":"https:\/\/www.freidenker.org\/?cat=574"},"img":{"alt_text":"","src":"https:\/\/i0.wp.com\/www.freidenker.org\/fw17\/wp-content\/uploads\/2026\/04\/kebir_leukefeld_im-fokus_800x450.jpg?fit=800%2C450&ssl=1&resize=350%2C200","width":350,"height":200,"srcset":"https:\/\/i0.wp.com\/www.freidenker.org\/fw17\/wp-content\/uploads\/2026\/04\/kebir_leukefeld_im-fokus_800x450.jpg?fit=800%2C450&ssl=1&resize=350%2C200 1x, https:\/\/i0.wp.com\/www.freidenker.org\/fw17\/wp-content\/uploads\/2026\/04\/kebir_leukefeld_im-fokus_800x450.jpg?fit=800%2C450&ssl=1&resize=525%2C300 1.5x, https:\/\/i0.wp.com\/www.freidenker.org\/fw17\/wp-content\/uploads\/2026\/04\/kebir_leukefeld_im-fokus_800x450.jpg?fit=800%2C450&ssl=1&resize=700%2C400 2x"},"classes":[]},{"id":22188,"url":"https:\/\/www.freidenker.org\/?p=22188","url_meta":{"origin":23511,"position":3},"title":"Karin Leukefeld: USA greifen den Iran an \u2013 Ein aktueller Situationsbericht!","author":"Webredaktion","date":"25. Juni 2025","format":false,"excerpt":"Video-Interview von Ullrich Mies mit Karin Leukefeld Die USA haben Iran bzw. drei iranische Nuklearanlagen direkt angegriffen. Damit sind die USA Kriegspartei. US-Pr\u00e4sident Donald Trump bezeichnete diese Operation als \u201e\u00fcberw\u00e4ltigenden Erfolg\u201c. Sein Kriegsminister Pete Hegseth erkl\u00e4rte, dass diese Angriffe seit Monaten geplant waren. Die US-amerikanische Propaganda hatte noch eine Woche\u2026","rel":"","context":"In &quot;Demokratie \u2013 Medien \u2013 Aufkl\u00e4rung&quot;","block_context":{"text":"Demokratie \u2013 Medien \u2013 Aufkl\u00e4rung","link":"https:\/\/www.freidenker.org\/?cat=12"},"img":{"alt_text":"","src":"https:\/\/i0.wp.com\/www.freidenker.org\/fw17\/wp-content\/uploads\/2025\/06\/mies_und_leukefeld_800x450.jpg?fit=800%2C450&ssl=1&resize=350%2C200","width":350,"height":200,"srcset":"https:\/\/i0.wp.com\/www.freidenker.org\/fw17\/wp-content\/uploads\/2025\/06\/mies_und_leukefeld_800x450.jpg?fit=800%2C450&ssl=1&resize=350%2C200 1x, https:\/\/i0.wp.com\/www.freidenker.org\/fw17\/wp-content\/uploads\/2025\/06\/mies_und_leukefeld_800x450.jpg?fit=800%2C450&ssl=1&resize=525%2C300 1.5x, https:\/\/i0.wp.com\/www.freidenker.org\/fw17\/wp-content\/uploads\/2025\/06\/mies_und_leukefeld_800x450.jpg?fit=800%2C450&ssl=1&resize=700%2C400 2x"},"classes":[]},{"id":13549,"url":"https:\/\/www.freidenker.org\/?p=13549","url_meta":{"origin":23511,"position":4},"title":"Dialog mit Nachbarn?","author":"Webredaktion","date":"18. Juni 2022","format":false,"excerpt":"Themenabend am Freitag, den 8. Juli 2022, 19:30 Uhr in der Villa Leon, N\u00fcrnberg Mit Karin Leukefeld und Sabine Schiffer Was steckt hinter der sch\u00f6n klingenden \u201eNachbarschaftspolitik\u201c, mit der die EU nach eigenen Angaben eine \u201eenge und partnerschaftliche Zusammenarbeit mit den unmittelbaren Nachbarn (\u2026) Stabilit\u00e4t, Wohlstand und Sicherheit an den\u2026","rel":"","context":"In &quot;Veranstaltungen in den DFV-Landesverb\u00e4nden&quot;","block_context":{"text":"Veranstaltungen in den DFV-Landesverb\u00e4nden","link":"https:\/\/www.freidenker.org\/?cat=19"},"img":{"alt_text":"","src":"https:\/\/i0.wp.com\/www.freidenker.org\/fw17\/wp-content\/uploads\/2022\/06\/dialog_mit_nachbarn_800x450-2.jpg?fit=800%2C450&ssl=1&resize=350%2C200","width":350,"height":200,"srcset":"https:\/\/i0.wp.com\/www.freidenker.org\/fw17\/wp-content\/uploads\/2022\/06\/dialog_mit_nachbarn_800x450-2.jpg?fit=800%2C450&ssl=1&resize=350%2C200 1x, https:\/\/i0.wp.com\/www.freidenker.org\/fw17\/wp-content\/uploads\/2022\/06\/dialog_mit_nachbarn_800x450-2.jpg?fit=800%2C450&ssl=1&resize=525%2C300 1.5x, https:\/\/i0.wp.com\/www.freidenker.org\/fw17\/wp-content\/uploads\/2022\/06\/dialog_mit_nachbarn_800x450-2.jpg?fit=800%2C450&ssl=1&resize=700%2C400 2x"},"classes":[]},{"id":14867,"url":"https:\/\/www.freidenker.org\/?p=14867","url_meta":{"origin":23511,"position":5},"title":"Karin Leukefeld: Erlebe Friedensbewegung zersplittert und zerstritten","author":"Webredaktion","date":"23. Dezember 2022","format":false,"excerpt":"Interview von\u00a0Felicitas Rabe mit Karin Leukefeld F: Frau Leukefeld, am zweiten Dezemberwochenende fand in Kassel der 29. Friedensratschlag statt. Wie haben sich Vertreter der deutschen Friedensbewegung zum Krieg in der Ukraine positioniert? ... A: Sehr viele Menschen waren zu dem \"Friedensratschlag\" gekommen, das ist sicherlich ein Erfolg. Auf den Podien\u2026","rel":"","context":"In &quot;Frieden - Antifaschismus - Solidarit\u00e4t&quot;","block_context":{"text":"Frieden - Antifaschismus - Solidarit\u00e4t","link":"https:\/\/www.freidenker.org\/?cat=13"},"img":{"alt_text":"","src":"https:\/\/i0.wp.com\/www.freidenker.org\/fw17\/wp-content\/uploads\/2022\/12\/Bremen_01-2022-09-01-gmv-0021_800x450.jpg?fit=800%2C450&ssl=1&resize=350%2C200","width":350,"height":200,"srcset":"https:\/\/i0.wp.com\/www.freidenker.org\/fw17\/wp-content\/uploads\/2022\/12\/Bremen_01-2022-09-01-gmv-0021_800x450.jpg?fit=800%2C450&ssl=1&resize=350%2C200 1x, https:\/\/i0.wp.com\/www.freidenker.org\/fw17\/wp-content\/uploads\/2022\/12\/Bremen_01-2022-09-01-gmv-0021_800x450.jpg?fit=800%2C450&ssl=1&resize=525%2C300 1.5x, https:\/\/i0.wp.com\/www.freidenker.org\/fw17\/wp-content\/uploads\/2022\/12\/Bremen_01-2022-09-01-gmv-0021_800x450.jpg?fit=800%2C450&ssl=1&resize=700%2C400 2x"},"classes":[]}],"_links":{"self":[{"href":"https:\/\/www.freidenker.org\/index.php?rest_route=\/wp\/v2\/posts\/23511","targetHints":{"allow":["GET"]}}],"collection":[{"href":"https:\/\/www.freidenker.org\/index.php?rest_route=\/wp\/v2\/posts"}],"about":[{"href":"https:\/\/www.freidenker.org\/index.php?rest_route=\/wp\/v2\/types\/post"}],"author":[{"embeddable":true,"href":"https:\/\/www.freidenker.org\/index.php?rest_route=\/wp\/v2\/users\/3"}],"replies":[{"embeddable":true,"href":"https:\/\/www.freidenker.org\/index.php?rest_route=%2Fwp%2Fv2%2Fcomments&post=23511"}],"version-history":[{"count":2,"href":"https:\/\/www.freidenker.org\/index.php?rest_route=\/wp\/v2\/posts\/23511\/revisions"}],"predecessor-version":[{"id":23514,"href":"https:\/\/www.freidenker.org\/index.php?rest_route=\/wp\/v2\/posts\/23511\/revisions\/23514"}],"wp:featuredmedia":[{"embeddable":true,"href":"https:\/\/www.freidenker.org\/index.php?rest_route=\/wp\/v2\/media\/23512"}],"wp:attachment":[{"href":"https:\/\/www.freidenker.org\/index.php?rest_route=%2Fwp%2Fv2%2Fmedia&parent=23511"}],"wp:term":[{"taxonomy":"category","embeddable":true,"href":"https:\/\/www.freidenker.org\/index.php?rest_route=%2Fwp%2Fv2%2Fcategories&post=23511"},{"taxonomy":"post_tag","embeddable":true,"href":"https:\/\/www.freidenker.org\/index.php?rest_route=%2Fwp%2Fv2%2Ftags&post=23511"}],"curies":[{"name":"wp","href":"https:\/\/api.w.org\/{rel}","templated":true}]}}