{"id":23498,"date":"2025-11-08T20:20:07","date_gmt":"2025-11-08T19:20:07","guid":{"rendered":"https:\/\/www.freidenker.org\/?p=23498"},"modified":"2025-11-30T13:24:45","modified_gmt":"2025-11-30T12:24:45","slug":"daten-welche-daten","status":"publish","type":"post","link":"https:\/\/www.freidenker.org\/?p=23498","title":{"rendered":"Daten, welche Daten?"},"content":{"rendered":"<h4 class=\"HeadLine-root HeadLine-type_2 \">Der n\u00e4chste Skandal des Paul-Ehrlich-Instituts in der &#8222;Corona-Aufarbeitung&#8220;<\/h4>\n<p><strong>Erneut wird das skandal\u00f6se Treiben und Versagen wichtiger Hilfsinstitutionen an der Seite der Politik in der &#8222;Corona-Krise&#8220; dank des Engagements freiberuflicher Journalisten aufgedeckt. Der Blogger Bastian Barucker berichtet \u00fcber erkenntnisreiche PEI-Gest\u00e4ndnisse. Demnach wurden keinerlei Protokolle zur Impfkampagne angefertigt. <\/strong><\/p>\n<p><em>Von <strong>Bernhard Loyen<\/strong><\/em><\/p>\n<p><span style=\"font-size: 10pt;\">Erstver\u00f6ffentlichung am 07.11.2025 auf <a href=\"https:\/\/freedert.online\/inland\/261081-daten-welche-daten-der-naechste-skandal-des-paul-ehrlich-instituts\/\" target=\"_blank\" rel=\"noopener\">RT DE<\/a><\/span><\/p>\n<p>Die wesentlichen Aufdeckungen und Enth\u00fcllungen zu den Themen der mutwilligen N\u00f6tigung von Politik und zuarbeitenden Medien in drei langen Jahren, der rigiden inhumanen Ma\u00dfnahmenpolitik mit Ans\u00e4tzen totalit\u00e4rer Neigungen und Absichten sowie dem selbstverst\u00e4ndlichen Agieren, also Zuarbeiten, eines Gro\u00dfteils der Wissenschaft in der sogenannten &#8222;Corona-Krise&#8220;, verdanken interessierte B\u00fcrger auch weiterhin rein der Hartn\u00e4ckigkeit von Bloggern und Journalisten aus dem Spektrum der alternativen sowie sozialen Medien.<\/p>\n<p>Seit Jahren federf\u00fchrend ist dabei Bastian Barucker, der mit dem im August erschienenen Buch: &#8222;<a href=\"https:\/\/www.masselverlag.de\/\" target=\"_blank\" rel=\"noopener noreferrer\">Vereinnahmte Wissenschaft<\/a>\u00a0&#8211; Die Corona-Protokolle des Robert-Koch-Instituts&#8220; in kollegialer Zusammenarbeit mit dem Journalisten Paul Schreyer (<em>Multipolar<\/em>) und der Bloggerin Aya\u00a0Vel\u00e1zquez ein wichtiges Zeitdokument zur Aufarbeitung ver\u00f6ffentlicht hat.<\/p>\n<p>Barucker pr\u00e4sentiert nun in einem aktuellen <em>Substack<\/em>&#8211;<a href=\"https:\/\/www.barucker.press\/p\/pei-keine-protokolle-pharmakovigilanz\" target=\"_blank\" rel=\"noopener noreferrer\">Artikel<\/a> den j\u00fcngsten Skandal hinsichtlich des irrsinnigen Treibens wesentlicher St\u00fctzen der &#8222;Corona-Krise&#8220;. Neben dem Bundesgesundheitsministerium (BMG) unter jeweiliger Leitung von Jens Spahn (CDU) und Karl Lauterbach (SPD) sowie dem Robert Koch-Institut (RKI) muss das Paul-Ehrlich-Institut (PEI) als wichtiger Hintergrundakteur der gr\u00f6\u00dften politisch initiierten Gesellschaftskrise in den letzten Jahrzehnten genannt werden.<\/p>\n<p>Das PEI hat die Funktion eines &#8222;Bundesinstituts f\u00fcr Impfstoffe und biomedizinische Arzneimittel&#8220;, ist damit eine\u00a0Bundesoberbeh\u00f6rde im Gesch\u00e4ftsbereich des BMG und hat seine Gesch\u00e4ftsstelle weit weg vom Regierungsviertel in Berlin im hessischen Langen. Einleitend informiert Barucker zum j\u00fcngsten Skandal:<\/p>\n<p style=\"padding-left: 40px;\"><em>&#8222;Das f\u00fcr die \u00dcberwachung der Impfstoffsicherheit zust\u00e4ndige Gremium im\u00a0Paul-Ehrlich-Institut\u00a0(PEI) hat angeblich \u00fcber einen Zeitraum von mehr als drei Jahren \u2013 n\u00e4mlich ausgerechnet w\u00e4hrend der massiven nationalen Corona-Impfkampagne \u2013 kein einziges Protokoll angelegt. Dies ergab meine Anfrage an die dem Gesundheitsministerium unterstellte Beh\u00f6rde.&#8220;<\/em><\/p>\n<p>R\u00fcckblick: In den Jahren 2020 und 2021 existierten staatlich eingeforderte, von der Politik und <a href=\"https:\/\/www.deutschlandfunkkultur.de\/mit-nudging-zu-mehr-impfbereitschaft-manipulieren-fuer-den-100.html\" target=\"_blank\" rel=\"noopener noreferrer\">Nudging<\/a>-Experten erdachte und eingesetzte sogenannte &#8222;<a href=\"https:\/\/www.youtube.com\/watch?v=4Fy47aiJL_M\" target=\"_blank\" rel=\"noopener noreferrer\">Quarant\u00e4ne-Kontrolleure<\/a>&#8222;. Es galt, verd\u00e4chtige B\u00fcrger nach einem mehr als fraglichen und nichts aussagenden &#8222;positiven Corona-Test&#8220; und damit verordneter &#8222;Heimquarant\u00e4ne&#8220; zu g\u00e4ngeln, zu ma\u00dfregeln, zu kontrollieren und zu disziplinieren. Wer zu diesem Zeitpunkt die forcierte \u00dcberwachung und Kontrolle einer totalit\u00e4r anmutenden Politik samt Wissenschaft und Biotech\/-Pharmaindustrie einforderte, machte sich sehr schnell verd\u00e4chtig und unbeliebt. Nicht nur bei den Betroffenen, sondern quer durch die Gesellschaft bis hinein ins Private. Es folgte die <a href=\"https:\/\/odysee.com\/@23bloyen:e\/C-Krise-Teil1Neu:c\" target=\"_blank\" rel=\"noopener noreferrer\">breit dokumentierte<\/a> gesellschaftliche \u00c4chtung bis hin zum Berufsverlust sowie in H\u00e4rtef\u00e4llen juristische Ermittlungen samt Geldstrafen bis hin zu Gef\u00e4ngnis.<\/p>\n<p>Barucker erkl\u00e4rt zu seinem Ansatz der Anforderung von PEI-Daten gem\u00e4\u00df dem Informationsfreiheitsgesetz, dass &#8222;die\u00a0<a href=\"https:\/\/blog.bastian-barucker.de\/rki-protokolle-barucker-vortrag\/\" target=\"_blank\" rel=\"noopener noreferrer\">bahnbrechenden Erkenntnisse<\/a>&#8220;\u00a0aus den Protokollen des Corona-Krisenstabs des RKI ausschlaggebend waren. Der Blogger erl\u00e4utert zur hysterischen &#8222;Impf-Diskussion&#8220; jener Jahre:<\/p>\n<p style=\"padding-left: 40px;\"><em>&#8222;Da das RKI jedoch nicht haupts\u00e4chlich mit der Erfassung von Impfnebenwirkungen befasst ist, war davon auszugehen, dass die verschiedenen Gremien des Paul-Ehrlich-Instituts insbesondere die Sicherheit der Corona-Impfkampagne regelm\u00e4\u00dfig evaluierte. Von den angeforderten Protokollen des genau daf\u00fcr zust\u00e4ndigen Fachgebiets erhoffte ich mir einen Einblick in die Einsch\u00e4tzungen der Fachleute.&#8220;<\/em><\/p>\n<p>Was folgte, war die bekannte Strategie des Mauerns und Verz\u00f6gerns. Die Verweigerungshaltung obsiegte \u00fcber Willen zur und Unterst\u00fctzung der Aufkl\u00e4rung. Nach\u00a0Wochen\u00a0juristischer Auseinandersetzung, beginnend im Juni dieses Jahres, erh\u00e4lt Barucker die &#8222;allerdings nur wenig glaubhafte Erkl\u00e4rung f\u00fcr den eingeschr\u00e4nkten Umfang&#8220; eines ersten Schriftsatzes:<\/p>\n<p style=\"padding-left: 40px;\"><em>&#8222;Die im Anhang \u00fcbermittelten amtlichen Unterlagen umfassen die Sitzungsprotokolle f\u00fcr den Zeitraum vom 01.01.2019 bis zum 31.07.2025. F\u00fcr den Zeitraum vom 20.02.2020 bis zum 19.06.2023 liegen dem Paul-Ehrlich-Institut keine schriftlichen Protokolle vor. Auf die Erstellung schriftlicher Protokolle wurde innerhalb dieses Zeitraums verzichtet, da aufgrund der au\u00dfergew\u00f6hnlich hohen Arbeitsbelastung w\u00e4hrend der Pandemie die Ressourcen vorrangig auf die Erledigung der Amtsaufgaben konzentriert wurden und die fakultative Dokumentation der Sitzungen daher zur\u00fcckgestellt wurde.&#8220;<\/em><\/p>\n<p>Man k\u00f6nnte diese Darlegung auch als frech oder anma\u00dfend bezeichnen, zumindest aber als erkenntnisreich oder skandal\u00f6s. Ob diese Rechtfertigung als unbedingt glaubw\u00fcrdig bezeichnet werden kann, obliegt wie so oft bei dem Thema dem Betrachter. Erneut, wie bei den RKI-Protokollen, w\u00fcrde eine erweiterte Darlegung des vorhandenen Materials und Baruckers Ausf\u00fchrungen dazu den Rahmen des Artikels sprengen. Der Blogger verweist jedoch auf den parallel verlaufenen zweiten aktuellen PEI-Skandal:<\/p>\n<p style=\"padding-left: 40px;\"><em>&#8222;Trotzdem lohnt ein Blick in die mir \u00fcberlassenen Protokolle, da es in der Zeit nach dem 19. Juni 2023 auch um die bis heute nicht ver\u00f6ffentlichten Daten aus der SafeVac-2.0 App sowie um den Umgang mit Impfnebenwirkungs-Verdachtsfellmeldungen geht.&#8220;<\/em><\/p>\n<p>Zu diesem Thema informiert das Portal <em>Multipolar<\/em> in einem sehr <a href=\"https:\/\/multipolar-magazin.de\/artikel\/safevac-daten-geheim\" target=\"_blank\" rel=\"noopener noreferrer\">interessanten langen Artikel<\/a> vom 25. August dieses Jahres:<\/p>\n<p style=\"padding-left: 40px;\"><em>&#8222;SafeVac-App: Warum werden amtliche Daten zur Impfstoffsicherheit geheim gehalten? Das Paul-Ehrlich-Institut lancierte im Dezember 2020 eine eigene Studie zur aktiven \u00dcberwachung der Sicherheit der Corona-Impfstoffe. Ergebnisse wurden aber bis heute nicht ver\u00f6ffentlicht. Die Beh\u00f6rde und das Bundesgesundheitsministerium mauern.&#8220;<\/em><\/p>\n<p>In diesem Falle klagt die Anw\u00e4ltin und ehemalige Richterin Franziska Meyer-Hesselbarth seit mehr als drei Jahren auf Herausgabe der Daten. Zur kurzen Erinnerung zu dieser Thematik. Das PEI <a href=\"https:\/\/www.pei.de\/DE\/newsroom\/hp-meldungen\/2022\/220927-safevac-2-0-beobachtungsstudie-geht-in-die-schlussphase.html\" target=\"_blank\" rel=\"noopener noreferrer\">informierte<\/a> im September 2022 auf seiner Website:<\/p>\n<p style=\"padding-left: 40px;\"><em>&#8222;Als Teilnehmende an einer Beobachtungsstudie k\u00f6nnen Geimpfte mit der Smartphone-App\u00a0SafeVac 2.0 digital dar\u00fcber berichten, wie sie ihre Impfung gegen COVID-19 vertragen haben. Die SafeVac 2.0-Studie geht nun in die Schlussphase [&#8230;]&#8220;<\/em><\/p>\n<p>Die Zwischen\u00fcberschriften im<em> Multipolar<\/em>-Artikel offenbaren die Blockadehaltung und das bewusste Manipulieren der PEI-Verantwortlichen:<\/p>\n<ul>\n<li>PEI 2022: Datenauswertung durch &#8222;Dritte&#8220; [wie\u00a0Meyer-Hesselbarth, B. Loyen] k\u00f6nnte zu &#8222;Verzerrung der Ergebnisse&#8220; f\u00fchren<\/li>\n<li>Ausbleibende Interimsanalysen und eine fragw\u00fcrdige Zwischenauswertung<\/li>\n<li>PEI 2023: SafeVac 2.0 Daten unterliegen &#8222;Schutz des geistigen Eigentums&#8220;<\/li>\n<li>PEI 2024: keine Ver\u00f6ffentlichung wegen &#8222;technisch unerwarteter Herausforderungen&#8220;<\/li>\n<li>2025: Hat das PEI vor Gericht falsche Angaben gemacht?Der Artikel endet &#8222;mit brisanten offenen Fragen&#8220;.\u00a0Barucker res\u00fcmiert am Ende seines Artikels:<\/li>\n<\/ul>\n<p style=\"padding-left: 40px;\"><em>&#8222;Fest steht bereits, dass eine derart intransparente Arbeitsweise, die eine Nachvollziehbarkeit der Arbeit des Fachbereichs w\u00e4hrend der Corona-Jahre unm\u00f6glich macht, das Vertrauen in das Paul-Ehrlich-Institut \u2013 welches den wichtigen amtlichen Auftrag hat, die Sicherheit von Medikamenten und Impfstoffen sorgf\u00e4ltig zu \u00fcberwachen \u2013 nachhaltig untergr\u00e4bt.&#8220;<\/em><\/p>\n<p>Der Journalist\u00a0ist dabei bekannt und gesch\u00e4tzt f\u00fcr seine moderaten, sachlichen Formulierungen. Beide PEI-Skandale m\u00fcssen jedoch zusammenfassend als exemplarische Verweigerungshalterung von T\u00e4tern bewertet werden. T\u00e4ter in dem Sinne, das ein ausufernder Machtmissbrauch seitens der Politik sowie gro\u00dfer Teile der Wissenschaft und der Medien nur durch einen geringeren Prozentsatz der B\u00fcrger\u00a0und deren aufrechtes Bewusstsein samt Kampf um die Existenz von ausgehebelten Grundrechten in diesen bizarren Jahren aufgehalten\u00a0werden konnte.<\/p>\n<p>Ex-PEI-Chef Klaus Cichutek ist wie sein Ex-RKI-Kollege Lothar Wieler vorerst unbehelligt\u00a0und im Dezember 2023 strategisch abgetaucht, <a href=\"https:\/\/www.pei.de\/DE\/newsroom\/hp-meldungen\/2024\/240118-bundesverdienstkreuz-klaus-cichutek.html\" target=\"_blank\" rel=\"noopener noreferrer\">erhielt<\/a>\u00a0jedoch im Januar 2024 dann doch noch die\u00a0polierte Belobigung durch Bundespr\u00e4sident Frank-Walter Steinmeier in Form des\u00a0Bundesverdienstkreuzes.<\/p>\n<p>Auch rund zwei Jahre nach dem Ende der &#8222;Corona-Krise&#8220; wurde nicht ein verantwortlicher Akteur, nicht ein T\u00e4ter oder Erf\u00fcllungsgehilfe juristisch belangt. Diese skandal\u00f6se Realit\u00e4t ist die blutbefleckte Sperrspitze eines noch jahrzehntlangen andauernden Aufarbeitungsprozesses.<\/p>\n<p style=\"text-align: right;\"><em>Bernhard Loyen ist freier Journalist und schreibt f\u00fcr verschiedene alternative Portale<\/em><\/p>\n<hr \/>\n<p><span style=\"font-size: 10pt;\">Bild oben: Das\u00a0 Paul-Ehrlich-Institut in Langen (Hessen) &#8211; Aufnahme von 2022<\/span><br \/>\n<span style=\"font-size: 10pt;\">Foto: Phi1free, <a href=\"https:\/\/creativecommons.org\/licenses\/by-sa\/4.0\" target=\"_blank\" rel=\"noopener\">CC BY-SA 4.0<\/a><\/span><br \/>\n<span style=\"font-size: 10pt;\">Quelle: <a href=\"https:\/\/commons.wikimedia.org\/w\/index.php?curid=118110471\" target=\"_blank\" rel=\"noopener\">https:\/\/commons.wikimedia.org\/w\/index.php?curid=118110471<\/a><\/span><\/p>\n","protected":false},"excerpt":{"rendered":"<p><b>Der n\u00e4chste Skandal des Paul-Ehrlich-Instituts in der &#8222;Corona-Aufarbeitung&#8220;<\/b><br \/>\n<b>Beitrag von Bernhard Loyen<\/b><br \/>\nDie wesentlichen Aufdeckungen und Enth\u00fcllungen zu den Themen der mutwilligen N\u00f6tigung von Politik und zuarbeitenden Medien in drei langen Jahren, der rigiden inhumanen Ma\u00dfnahmenpolitik mit Ans\u00e4tzen totalit\u00e4rer Neigungen und Absichten sowie dem selbstverst\u00e4ndlichen Agieren, also Zuarbeiten, eines Gro\u00dfteils der Wissenschaft in der sogenannten &#8222;Corona-Krise&#8220;, verdanken interessierte B\u00fcrger auch weiterhin rein der Hartn\u00e4ckigkeit von Bloggern und Journalisten aus dem Spektrum der alternativen sowie sozialen Medien. Seit Jahren federf\u00fchrend ist dabei Bastian Barucker, der mit dem im August erschienenen Buch: &#8222;Vereinnahmte Wissenschaft\u00a0&#8211; Die Corona-Protokolle des Robert-Koch-Instituts&#8220; [&#8230;} ein wichtiges Zeitdokument zur Aufarbeitung ver\u00f6ffentlicht hat.<\/p>\n","protected":false},"author":3,"featured_media":23499,"comment_status":"closed","ping_status":"closed","sticky":false,"template":"","format":"standard","meta":{"colormag_page_container_layout":"default_layout","colormag_page_sidebar_layout":"default_layout","advanced_seo_description":"","jetpack_seo_html_title":"","jetpack_seo_noindex":false,"jetpack_post_was_ever_published":false,"footnotes":""},"categories":[12],"tags":[1256,2854,154,1357,2023,180,121,1661,1257,2853,2271,2258],"class_list":["post-23498","post","type-post","status-publish","format-standard","has-post-thumbnail","hentry","category-demokratie-medien-aufklaerung","tag-corona-virus","tag-daten","tag-grundrechte","tag-impfpflicht","tag-impfschaeden","tag-krise","tag-medien","tag-nebenwirkung","tag-pandemie","tag-paul-ehrlich-institut","tag-rki","tag-soziale-netze"],"jetpack_featured_media_url":"https:\/\/i0.wp.com\/www.freidenker.org\/fw17\/wp-content\/uploads\/2025\/11\/Paul_Ehrlich_Institut_800x450.jpg?fit=800%2C450&ssl=1","jetpack_shortlink":"https:\/\/wp.me\/p9stpK-670","jetpack-related-posts":[{"id":24324,"url":"https:\/\/www.freidenker.org\/?p=24324","url_meta":{"origin":23498,"position":0},"title":"Das Paul-(Un)Ehrlich-Institut und der j\u00fcngste Skandal in der &#8222;Corona-Aufarbeitung&#8220;","author":"Webredaktion","date":"30. Januar 2026","format":false,"excerpt":"Beitrag von Bernhard Loyen Januar 2024, die Pressestelle des Paul-Ehrlich-Instituts (PEI) kann stolz verk\u00fcnden, dass ihr langj\u00e4hriger verantwortlicher Leiter, Klaus Cichutek, von Bundespr\u00e4sident Frank-Walter Steinmeier \"mit dem Verdienstkreuz 1. Klasse des Verdienstordens der Bundesrepublik Deutschland ausgezeichnet\" wird. Diese hohe staatliche Ehrung erhielt er, ausdr\u00fccklich in der Rede von Steinmeier betont,\u2026","rel":"","context":"In &quot;Demokratie \u2013 Medien \u2013 Aufkl\u00e4rung&quot;","block_context":{"text":"Demokratie \u2013 Medien \u2013 Aufkl\u00e4rung","link":"https:\/\/www.freidenker.org\/?cat=12"},"img":{"alt_text":"","src":"https:\/\/i0.wp.com\/www.freidenker.org\/fw17\/wp-content\/uploads\/2026\/01\/Paul_Ehrlich_Institut_building_Langen_-_2022-05-16_800x450.jpg?fit=800%2C450&ssl=1&resize=350%2C200","width":350,"height":200,"srcset":"https:\/\/i0.wp.com\/www.freidenker.org\/fw17\/wp-content\/uploads\/2026\/01\/Paul_Ehrlich_Institut_building_Langen_-_2022-05-16_800x450.jpg?fit=800%2C450&ssl=1&resize=350%2C200 1x, https:\/\/i0.wp.com\/www.freidenker.org\/fw17\/wp-content\/uploads\/2026\/01\/Paul_Ehrlich_Institut_building_Langen_-_2022-05-16_800x450.jpg?fit=800%2C450&ssl=1&resize=525%2C300 1.5x, https:\/\/i0.wp.com\/www.freidenker.org\/fw17\/wp-content\/uploads\/2026\/01\/Paul_Ehrlich_Institut_building_Langen_-_2022-05-16_800x450.jpg?fit=800%2C450&ssl=1&resize=700%2C400 2x"},"classes":[]},{"id":18064,"url":"https:\/\/www.freidenker.org\/?p=18064","url_meta":{"origin":23498,"position":1},"title":"Corona-Politik: Impfungen sollten nie vor Infektion sch\u00fctzen, 2G war sinnlos","author":"Webredaktion","date":"30. Januar 2024","format":false,"excerpt":"Beitrag von Anti-Spiegel (d.i. Thomas R\u00f6per) Die Corona-Politik der westlichen Regierungen hat sich als vollkommen sinnlos erwiesen, denn inzwischen hat die Europ\u00e4ische Arzneimittel Agentur (EMA) mitgeteilt, dass die sogenannten Covid-19-Impfstoffe \u201enicht zur Verhinderung der \u00dcbertragung von einer Person auf eine andere zugelassen\u201c wurden. Damit waren alle von den Regierungen eingef\u00fchrten\u2026","rel":"","context":"In &quot;Demokratie \u2013 Medien \u2013 Aufkl\u00e4rung&quot;","block_context":{"text":"Demokratie \u2013 Medien \u2013 Aufkl\u00e4rung","link":"https:\/\/www.freidenker.org\/?cat=12"},"img":{"alt_text":"","src":"https:\/\/i0.wp.com\/www.freidenker.org\/fw17\/wp-content\/uploads\/2024\/01\/covid-6808678_800x450.jpg?fit=800%2C450&ssl=1&resize=350%2C200","width":350,"height":200,"srcset":"https:\/\/i0.wp.com\/www.freidenker.org\/fw17\/wp-content\/uploads\/2024\/01\/covid-6808678_800x450.jpg?fit=800%2C450&ssl=1&resize=350%2C200 1x, https:\/\/i0.wp.com\/www.freidenker.org\/fw17\/wp-content\/uploads\/2024\/01\/covid-6808678_800x450.jpg?fit=800%2C450&ssl=1&resize=525%2C300 1.5x, https:\/\/i0.wp.com\/www.freidenker.org\/fw17\/wp-content\/uploads\/2024\/01\/covid-6808678_800x450.jpg?fit=800%2C450&ssl=1&resize=700%2C400 2x"},"classes":[]},{"id":20161,"url":"https:\/\/www.freidenker.org\/?p=20161","url_meta":{"origin":23498,"position":2},"title":"Eckart von Hirschhausen und Lauterbach drohen mit &#8222;Corona-Aufarbeitung&#8220;","author":"Webredaktion","date":"30. Oktober 2024","format":false,"excerpt":"Beitrag von Bernhard Loyen Die Ampelkoalition wird sich aufgrund \"unterschiedlicher Auffassungen\" in dieser Legislaturperiode nicht mehr mit dem Thema \"Aufarbeitung der Corona-Pandemie\" besch\u00e4ftigen. Ein seitens SPD und Gr\u00fcnen pr\u00e4ferierter \"B\u00fcrgerrat\" sei bis zur Bundestagswahl 2025 nicht realisierbar, so das\u00a0RT-Update\u00a0vom 11. Oktober zum Thema der konsequenten Verweigerungshaltung verantwortlicher Protagonisten dreier dunkler\u2026","rel":"","context":"In &quot;Demokratie \u2013 Medien \u2013 Aufkl\u00e4rung&quot;","block_context":{"text":"Demokratie \u2013 Medien \u2013 Aufkl\u00e4rung","link":"https:\/\/www.freidenker.org\/?cat=12"},"img":{"alt_text":"","src":"https:\/\/i0.wp.com\/www.freidenker.org\/fw17\/wp-content\/uploads\/2024\/10\/Health_for_Future_IMG_0265_50174308517_800x450.jpg?fit=800%2C450&ssl=1&resize=350%2C200","width":350,"height":200,"srcset":"https:\/\/i0.wp.com\/www.freidenker.org\/fw17\/wp-content\/uploads\/2024\/10\/Health_for_Future_IMG_0265_50174308517_800x450.jpg?fit=800%2C450&ssl=1&resize=350%2C200 1x, https:\/\/i0.wp.com\/www.freidenker.org\/fw17\/wp-content\/uploads\/2024\/10\/Health_for_Future_IMG_0265_50174308517_800x450.jpg?fit=800%2C450&ssl=1&resize=525%2C300 1.5x, https:\/\/i0.wp.com\/www.freidenker.org\/fw17\/wp-content\/uploads\/2024\/10\/Health_for_Future_IMG_0265_50174308517_800x450.jpg?fit=800%2C450&ssl=1&resize=700%2C400 2x"},"classes":[]},{"id":8173,"url":"https:\/\/www.freidenker.org\/?p=8173","url_meta":{"origin":23498,"position":3},"title":"Sind Corona-Hygienedemos \u201edie falschen Proteste?\u201c","author":"Webredaktion","date":"5. Juni 2020","format":false,"excerpt":"In der Rubrik Tagesdosis wurde am 29.05.2020 bei KenFM der Beitrag \u201eSind Corona-Hygienedemos \u201edie falschen Proteste?\u201c von Rainer Rupp, Mitglied des Beirats des Deutschen Freidenker-Verbandes, ver\u00f6ffentlicht. Heute wie damals gilt der Satz von Kurt Tucholsky: \u201eNichts ist schwerer und nichts erfordert mehr Charakter als sich im Gegensatz zu seiner Zeit\u2026","rel":"","context":"In &quot;Arbeit &amp; Soziales&quot;","block_context":{"text":"Arbeit &amp; Soziales","link":"https:\/\/www.freidenker.org\/?cat=11"},"img":{"alt_text":"","src":"https:\/\/i0.wp.com\/www.freidenker.org\/fw17\/wp-content\/uploads\/2020\/05\/CoronaDemokratieHauk_800x450.jpg?fit=800%2C450&ssl=1&resize=350%2C200","width":350,"height":200,"srcset":"https:\/\/i0.wp.com\/www.freidenker.org\/fw17\/wp-content\/uploads\/2020\/05\/CoronaDemokratieHauk_800x450.jpg?fit=800%2C450&ssl=1&resize=350%2C200 1x, https:\/\/i0.wp.com\/www.freidenker.org\/fw17\/wp-content\/uploads\/2020\/05\/CoronaDemokratieHauk_800x450.jpg?fit=800%2C450&ssl=1&resize=525%2C300 1.5x, https:\/\/i0.wp.com\/www.freidenker.org\/fw17\/wp-content\/uploads\/2020\/05\/CoronaDemokratieHauk_800x450.jpg?fit=800%2C450&ssl=1&resize=700%2C400 2x"},"classes":[]},{"id":21026,"url":"https:\/\/www.freidenker.org\/?p=21026","url_meta":{"origin":23498,"position":4},"title":"Das Paul-Ehrlich-Institut und die Impfsch\u00e4den","author":"Webredaktion","date":"25. Februar 2025","format":false,"excerpt":"Beitrag von Andreas Keite Wer erinnert sich noch an die gro\u00dfmundigen Aussagen jener Zeit? Der Impfstoff ist sicher und wirksam! Die Impfung, so meinte Karl Lauterbach mehrfach, habe keine Nebenwirkungen. Nur auf dieser Basis konnten Millionen Menschen ge\u00e4chtet werden, da sie sich nicht impfen lie\u00dfen, obwohl es doch nur ein\u2026","rel":"","context":"In &quot;Demokratie \u2013 Medien \u2013 Aufkl\u00e4rung&quot;","block_context":{"text":"Demokratie \u2013 Medien \u2013 Aufkl\u00e4rung","link":"https:\/\/www.freidenker.org\/?cat=12"},"img":{"alt_text":"","src":"https:\/\/i0.wp.com\/www.freidenker.org\/fw17\/wp-content\/uploads\/2025\/02\/Impfschaeden_Thumbnail4-800x450-1.jpg?fit=800%2C450&ssl=1&resize=350%2C200","width":350,"height":200,"srcset":"https:\/\/i0.wp.com\/www.freidenker.org\/fw17\/wp-content\/uploads\/2025\/02\/Impfschaeden_Thumbnail4-800x450-1.jpg?fit=800%2C450&ssl=1&resize=350%2C200 1x, https:\/\/i0.wp.com\/www.freidenker.org\/fw17\/wp-content\/uploads\/2025\/02\/Impfschaeden_Thumbnail4-800x450-1.jpg?fit=800%2C450&ssl=1&resize=525%2C300 1.5x, https:\/\/i0.wp.com\/www.freidenker.org\/fw17\/wp-content\/uploads\/2025\/02\/Impfschaeden_Thumbnail4-800x450-1.jpg?fit=800%2C450&ssl=1&resize=700%2C400 2x"},"classes":[]},{"id":11594,"url":"https:\/\/www.freidenker.org\/?p=11594","url_meta":{"origin":23498,"position":5},"title":"Meinungsmache in der Praxis","author":"Webredaktion","date":"11. November 2021","format":false,"excerpt":"Beitrag von Christian Harde Politik und Mainstream \u00fcberschlagen sich seit Tagen mit neuen Horrormeldungen \u00fcber steigende Inzidenzen und volle Krankenh\u00e4user. In dieser Lage kann und will die Welt nicht zur\u00fcckstehen und heizt mit einer tendenzi\u00f6sen Interpretation einer fragw\u00fcrdigen Meinungsumfrage die Panik-Kommunikation weiter an. Eine Versch\u00e4rfung der Ma\u00dfnahmen sei dringend geboten.\u2026","rel":"","context":"In &quot;Demokratie \u2013 Medien \u2013 Aufkl\u00e4rung&quot;","block_context":{"text":"Demokratie \u2013 Medien \u2013 Aufkl\u00e4rung","link":"https:\/\/www.freidenker.org\/?cat=12"},"img":{"alt_text":"","src":"https:\/\/i0.wp.com\/www.freidenker.org\/fw17\/wp-content\/uploads\/2021\/11\/climate-change-5128984_800x446.jpg?fit=800%2C446&ssl=1&resize=350%2C200","width":350,"height":200,"srcset":"https:\/\/i0.wp.com\/www.freidenker.org\/fw17\/wp-content\/uploads\/2021\/11\/climate-change-5128984_800x446.jpg?fit=800%2C446&ssl=1&resize=350%2C200 1x, https:\/\/i0.wp.com\/www.freidenker.org\/fw17\/wp-content\/uploads\/2021\/11\/climate-change-5128984_800x446.jpg?fit=800%2C446&ssl=1&resize=525%2C300 1.5x, https:\/\/i0.wp.com\/www.freidenker.org\/fw17\/wp-content\/uploads\/2021\/11\/climate-change-5128984_800x446.jpg?fit=800%2C446&ssl=1&resize=700%2C400 2x"},"classes":[]}],"_links":{"self":[{"href":"https:\/\/www.freidenker.org\/index.php?rest_route=\/wp\/v2\/posts\/23498","targetHints":{"allow":["GET"]}}],"collection":[{"href":"https:\/\/www.freidenker.org\/index.php?rest_route=\/wp\/v2\/posts"}],"about":[{"href":"https:\/\/www.freidenker.org\/index.php?rest_route=\/wp\/v2\/types\/post"}],"author":[{"embeddable":true,"href":"https:\/\/www.freidenker.org\/index.php?rest_route=\/wp\/v2\/users\/3"}],"replies":[{"embeddable":true,"href":"https:\/\/www.freidenker.org\/index.php?rest_route=%2Fwp%2Fv2%2Fcomments&post=23498"}],"version-history":[{"count":2,"href":"https:\/\/www.freidenker.org\/index.php?rest_route=\/wp\/v2\/posts\/23498\/revisions"}],"predecessor-version":[{"id":23503,"href":"https:\/\/www.freidenker.org\/index.php?rest_route=\/wp\/v2\/posts\/23498\/revisions\/23503"}],"wp:featuredmedia":[{"embeddable":true,"href":"https:\/\/www.freidenker.org\/index.php?rest_route=\/wp\/v2\/media\/23499"}],"wp:attachment":[{"href":"https:\/\/www.freidenker.org\/index.php?rest_route=%2Fwp%2Fv2%2Fmedia&parent=23498"}],"wp:term":[{"taxonomy":"category","embeddable":true,"href":"https:\/\/www.freidenker.org\/index.php?rest_route=%2Fwp%2Fv2%2Fcategories&post=23498"},{"taxonomy":"post_tag","embeddable":true,"href":"https:\/\/www.freidenker.org\/index.php?rest_route=%2Fwp%2Fv2%2Ftags&post=23498"}],"curies":[{"name":"wp","href":"https:\/\/api.w.org\/{rel}","templated":true}]}}