{"id":23481,"date":"2025-11-08T20:19:58","date_gmt":"2025-11-08T19:19:58","guid":{"rendered":"https:\/\/www.freidenker.org\/?p=23481"},"modified":"2025-11-30T13:24:36","modified_gmt":"2025-11-30T12:24:36","slug":"achtung-satire-diese-russen-wollen-unsere-kohle","status":"publish","type":"post","link":"https:\/\/www.freidenker.org\/?p=23481","title":{"rendered":"Achtung Satire! Diese Russen wollen unsere Kohle"},"content":{"rendered":"<p><em>von <strong>Wolfgang Bittner<\/strong><\/em><\/p>\n<p><span style=\"font-size: 10pt;\">Erstver\u00f6ffentlichung am 05.11.2025 auf <a href=\"https:\/\/globalbridge.ch\/diese-russen-wollen-unsere-kohle\/\" target=\"_blank\" rel=\"noopener\">globalbridge.ch<\/a><\/span><\/p>\n<p><strong>Der Au\u00dfenminister hat gesagt, Russland werde immer unser Feind bleiben, und der Verteidigungsminister hat gesagt, die Deutschen m\u00fcssten bis 2029 kriegst\u00fcchtig werden, weil die Russen Deutschland angreifen wollen. Diese Russen sind n\u00e4mlich unser Erbfeind. Sie sind furchtbar aggressiv und kriegsl\u00fcstern, das wissen alle, besonders die Berliner und die Br\u00fcsseler Politiker, ihre Journalisten und \u2013 nicht zu vergessen \u2013 die wissenschaftlichen Experten, die uns das in den Talkshows erkl\u00e4ren.<\/strong><\/p>\n<p>Wie aus ungew\u00f6hnlich gut unterrichteten Kreisen verlautet, wollen die Russen uns nicht nur \u00fcberfallen, sondern \u2013 ich formuliere das mal ganz vorsichtig, damit meine Wohnung nicht demn\u00e4chst durchsucht wird \u2013 sie wollen sich \u00fcber unsere Bodensch\u00e4tze hermachen und den Kohlebergbau im Ruhrgebiet wieder aufleben lassen. Au\u00dferdem wollen sie in Norddeutschland Fracking-Gas f\u00f6rdern. Weil sie doch bekanntlich unter Energieknappheit leiden. Deswegen haben sie ja auch die Ostseepipelines gesprengt, weil sie den Deutschen nichts von ihrer knappen Energie abgeben wollten.<\/p>\n<p>Nachdem das Ruhrgebiet erobert ist, soll dann die Kohle verfl\u00fcssigt und eine neue Pipeline gebaut werden, n\u00e4mlich vom Ruhrgebiet \u2013 Dortmund, Bochum und Essen sind im Gespr\u00e4ch \u2013 \u00fcber Polen, das sie noch erobern m\u00fcssen, direkt nach Moskau. Damit die Moskauer nicht pl\u00f6tzlich im Dunkeln sitzen.<\/p>\n<p>Ja, und deswegen m\u00fcssen wir kriegst\u00fcchtig werden und am besten gleich ein paar Taurus-Marschflugk\u00f6rper nach Russland schicken, nachdem sich unsere Panzerhaubitzen und Leopardpanzer nicht in dem Ma\u00dfe bew\u00e4hrt haben, wie es sich der Herr Selenskyj gew\u00fcnscht hatte. Der sagt ja auch: Wenn uns die Ukrainer nicht bis zum letzten Mann verteidigen w\u00fcrden, h\u00e4tten die Russen schon lange unser Ruhrgebiet besetzt.<\/p>\n<p>Aber die werden sich noch wundern, diese Russen, die werden uns noch kennenlernen. Sie haben offenbar zu schnell vergessen, wie kampfesmutig der deutsche Soldat ist, dessen Sold der Herr Bundeskanzler demn\u00e4chst angemessen erh\u00f6hen will. Ich gehe mal davon aus, dass dann unsere Jungs in Scharen zu den Waffen eilen werden, um die Schmach von Stalingrad wieder gutzumachen. Viele haben schon ihr Mindset erhalten und vorsichtshalber \u2013 wie angeordnet \u2013 ihr Testament gemacht sowie ihre Kaltstartakte gelesen. Damit sie beim Alarm unverz\u00fcglich in den Einsatz an die \u201eOstflanke\u201c gehen k\u00f6nnen.<\/p>\n<p>Ich sage nur: Danke, liebe Jungs! Danke auch Herr Au\u00dfenminister, Herr Verteidigungsminister und Herr Bundeskanzler. Das deutsche Volk wei\u00df Ihre F\u00fcrsorge zu sch\u00e4tzen. Wir haben Ihnen so viel zu verdanken und stehen tief in Ihrer Schuld. Wir werden Sie jederzeit wiederw\u00e4hlen.<\/p>\n<p style=\"text-align: right;\"><em>Dr. Wolfgang Bittner, Jahrgang 1941, lebt als freier Schriftsteller in G\u00f6ttingen und ist Mitglied des Deutschen Freidenker-Verbandes und seines Beirats. Er hat mehr als 80 B\u00fccher ver\u00f6ffentlicht,\u00a0u.a. den Satireband \u201eDie Abschaffung der Demokratie\u201c. K\u00fcrzlich ist sein Buch \u201eGeopolitik im \u00dcberblick. Deutschland-USA-EU-Russland\u201c erschienen.<\/em><\/p>\n<hr \/>\n<p><span style=\"font-size: 10pt;\"><span class=\"mw-mmv-title\">Bild oben: Symbolbild, erzeugt mit KI (<\/span><a href=\"https:\/\/hotpot.ai\/ai-image-generator\/create\" target=\"_blank\" rel=\"noopener\">AI Image Generator<\/a>)<\/span><\/p>\n","protected":false},"excerpt":{"rendered":"<p><b>Beitrag von Wolfgang Bittner<\/b><br \/>\nDer Au\u00dfenminister hat gesagt, Russland werde immer unser Feind bleiben, und der Verteidigungsminister hat gesagt, die Deutschen m\u00fcssten bis 2029 kriegst\u00fcchtig werden, weil die Russen Deutschland angreifen wollen. Diese Russen sind n\u00e4mlich unser Erbfeind. Sie sind furchtbar aggressiv und kriegsl\u00fcstern, das wissen alle, besonders die Berliner und die Br\u00fcsseler Politiker, ihre Journalisten und \u2013 nicht zu vergessen \u2013 die wissenschaftlichen Experten, die uns das in den Talkshows erkl\u00e4ren. Wie aus ungew\u00f6hnlich gut unterrichteten Kreisen verlautet, wollen die Russen uns nicht nur \u00fcberfallen, sondern \u2013 ich formuliere das mal ganz vorsichtig, damit meine Wohnung nicht demn\u00e4chst durchsucht wird \u2013 sie wollen sich \u00fcber unsere Bodensch\u00e4tze hermachen und den Kohlebergbau im Ruhrgebiet wieder aufleben lassen. &#8230;<\/p>\n","protected":false},"author":3,"featured_media":23501,"comment_status":"closed","ping_status":"closed","sticky":false,"template":"","format":"standard","meta":{"colormag_page_container_layout":"default_layout","colormag_page_sidebar_layout":"default_layout","advanced_seo_description":"","jetpack_seo_html_title":"","jetpack_seo_noindex":false,"jetpack_post_was_ever_published":false,"footnotes":""},"categories":[12],"tags":[452,635,1315,1415,2440,1819,2673,222,1168,619,1815],"class_list":["post-23481","post","type-post","status-publish","format-standard","has-post-thumbnail","hentry","category-demokratie-medien-aufklaerung","tag-deutschland","tag-feindbild","tag-journalismus","tag-kohle","tag-kriegstuechtigkeit","tag-marschflugkoerper","tag-ruhrgebiet","tag-russland","tag-russophobie","tag-satire","tag-selenskyj"],"jetpack_featured_media_url":"https:\/\/i0.wp.com\/www.freidenker.org\/fw17\/wp-content\/uploads\/2025\/11\/BrandenburgerTorMitRussischerFlagge_800x450.jpg?fit=800%2C450&ssl=1","jetpack_shortlink":"https:\/\/wp.me\/p9stpK-66J","jetpack-related-posts":[{"id":16262,"url":"https:\/\/www.freidenker.org\/?p=16262","url_meta":{"origin":23481,"position":0},"title":"Hintergr\u00fcnde und Elemente des Ukraine-Krieges","author":"Webredaktion","date":"9. Juni 2023","format":false,"excerpt":"Jacques Baud\u00a0im Gespr\u00e4ch mit dem \u00abSchweizer Standpunkt\u00bb Anl\u00e4sslich einer Reise nach Stra\u00dfburg, Luxemburg und Br\u00fcssel haben zwei Redaktionsmitglieder des \u00abSchweizer Standpunkt\u00bb das nachstehende Gespr\u00e4ch mit dem Schweizer Milit\u00e4ranalysten Jacques Baud gef\u00fchrt. Er \u00e4u\u00dfert sich zu den Ursachen des Krieges, zur aktuellen Situation der ukrainischen und russischen Truppen sowie zum Einfluss\u2026","rel":"","context":"In &quot;Demokratie \u2013 Medien \u2013 Aufkl\u00e4rung&quot;","block_context":{"text":"Demokratie \u2013 Medien \u2013 Aufkl\u00e4rung","link":"https:\/\/www.freidenker.org\/?cat=12"},"img":{"alt_text":"","src":"https:\/\/i0.wp.com\/www.freidenker.org\/fw17\/wp-content\/uploads\/2023\/06\/nato-7131948_800x450.jpg?fit=800%2C450&ssl=1&resize=350%2C200","width":350,"height":200,"srcset":"https:\/\/i0.wp.com\/www.freidenker.org\/fw17\/wp-content\/uploads\/2023\/06\/nato-7131948_800x450.jpg?fit=800%2C450&ssl=1&resize=350%2C200 1x, https:\/\/i0.wp.com\/www.freidenker.org\/fw17\/wp-content\/uploads\/2023\/06\/nato-7131948_800x450.jpg?fit=800%2C450&ssl=1&resize=525%2C300 1.5x, https:\/\/i0.wp.com\/www.freidenker.org\/fw17\/wp-content\/uploads\/2023\/06\/nato-7131948_800x450.jpg?fit=800%2C450&ssl=1&resize=700%2C400 2x"},"classes":[]},{"id":12151,"url":"https:\/\/www.freidenker.org\/?p=12151","url_meta":{"origin":23481,"position":1},"title":"Warum keine gleiche Sicherheit f\u00fcr Russland?","author":"Webredaktion","date":"8. Februar 2022","format":false,"excerpt":"Ein Kommentar von Rainer Rupp. Warum sind die Russen auf einmal so aggressiv? Will der Putin die alte Sowjetunion wieder herstellen, ein neues Imperium aufbauen? Wollen die Russen Krieg? Fragen \u00fcber Fragen, die derzeit in unseren Mainstream Medien gestellt werden. Wir haben den Russen doch nichts getan! Die brauchen doch\u2026","rel":"","context":"In &quot;Frieden - Antifaschismus - Solidarit\u00e4t&quot;","block_context":{"text":"Frieden - Antifaschismus - Solidarit\u00e4t","link":"https:\/\/www.freidenker.org\/?cat=13"},"img":{"alt_text":"","src":"https:\/\/i0.wp.com\/www.freidenker.org\/fw17\/wp-content\/uploads\/2022\/02\/Russland-Flagge-Moskau_800x450.jpg?fit=800%2C450&ssl=1&resize=350%2C200","width":350,"height":200,"srcset":"https:\/\/i0.wp.com\/www.freidenker.org\/fw17\/wp-content\/uploads\/2022\/02\/Russland-Flagge-Moskau_800x450.jpg?fit=800%2C450&ssl=1&resize=350%2C200 1x, https:\/\/i0.wp.com\/www.freidenker.org\/fw17\/wp-content\/uploads\/2022\/02\/Russland-Flagge-Moskau_800x450.jpg?fit=800%2C450&ssl=1&resize=525%2C300 1.5x, https:\/\/i0.wp.com\/www.freidenker.org\/fw17\/wp-content\/uploads\/2022\/02\/Russland-Flagge-Moskau_800x450.jpg?fit=800%2C450&ssl=1&resize=700%2C400 2x"},"classes":[]},{"id":15135,"url":"https:\/\/www.freidenker.org\/?p=15135","url_meta":{"origin":23481,"position":2},"title":"Kriegshysterie im Westen \u2013 Russen unaufgeregt und gelassen","author":"Webredaktion","date":"4. Februar 2023","format":false,"excerpt":"Beitrag von Rainer Rupp In ihrer narzisstischen Art plapperte die deutsche Bundesau\u00dfenministerin Annalena Baerbock unverbl\u00fcmt ein unter deutschen Politikern sprachlich sorgsam umgangenes Tabu aus. Dabei sagte sie im Gegensatz zu ihren sonstigen Verlautbarungen \u00fcber die Ukraine diesmal sogar die Wahrheit. Das geschah am Dienstag dieser Woche w\u00e4hrend einer Debatte in\u2026","rel":"","context":"In &quot;Demokratie \u2013 Medien \u2013 Aufkl\u00e4rung&quot;","block_context":{"text":"Demokratie \u2013 Medien \u2013 Aufkl\u00e4rung","link":"https:\/\/www.freidenker.org\/?cat=12"},"img":{"alt_text":"","src":"https:\/\/i0.wp.com\/www.freidenker.org\/fw17\/wp-content\/uploads\/2023\/02\/Haubitze_1984_800x450.jpg?fit=800%2C450&ssl=1&resize=350%2C200","width":350,"height":200,"srcset":"https:\/\/i0.wp.com\/www.freidenker.org\/fw17\/wp-content\/uploads\/2023\/02\/Haubitze_1984_800x450.jpg?fit=800%2C450&ssl=1&resize=350%2C200 1x, https:\/\/i0.wp.com\/www.freidenker.org\/fw17\/wp-content\/uploads\/2023\/02\/Haubitze_1984_800x450.jpg?fit=800%2C450&ssl=1&resize=525%2C300 1.5x, https:\/\/i0.wp.com\/www.freidenker.org\/fw17\/wp-content\/uploads\/2023\/02\/Haubitze_1984_800x450.jpg?fit=800%2C450&ssl=1&resize=700%2C400 2x"},"classes":[]},{"id":19376,"url":"https:\/\/www.freidenker.org\/?p=19376","url_meta":{"origin":23481,"position":3},"title":"Sie wollen den Krieg","author":"Webredaktion","date":"27. Juni 2024","format":false,"excerpt":"Warnruf des Friedensb\u00fcndnisses NRW In Verantwortung f\u00fcr die Menschen dieses Landes und Europas halten wir als Friedensb\u00fcndnis NRW es f\u00fcr notwendig, das Undenkbare auszusprechen: Die Regierung der USA, die NATO-F\u00fchrung und zahlreiche NATO-Mitgliedstaaten sind bereit, einen Krieg gegen Russland auf europ\u00e4ischem Boden zu f\u00fchren, der unser aller Leben gef\u00e4hrdet. Sie\u2026","rel":"","context":"In &quot;Frieden - Antifaschismus - Solidarit\u00e4t&quot;","block_context":{"text":"Frieden - Antifaschismus - Solidarit\u00e4t","link":"https:\/\/www.freidenker.org\/?cat=13"},"img":{"alt_text":"","src":"https:\/\/i0.wp.com\/www.freidenker.org\/fw17\/wp-content\/uploads\/2024\/06\/friedensbuendnis-nrw-galerie-17_800x450.jpg?fit=800%2C450&ssl=1&resize=350%2C200","width":350,"height":200,"srcset":"https:\/\/i0.wp.com\/www.freidenker.org\/fw17\/wp-content\/uploads\/2024\/06\/friedensbuendnis-nrw-galerie-17_800x450.jpg?fit=800%2C450&ssl=1&resize=350%2C200 1x, https:\/\/i0.wp.com\/www.freidenker.org\/fw17\/wp-content\/uploads\/2024\/06\/friedensbuendnis-nrw-galerie-17_800x450.jpg?fit=800%2C450&ssl=1&resize=525%2C300 1.5x, https:\/\/i0.wp.com\/www.freidenker.org\/fw17\/wp-content\/uploads\/2024\/06\/friedensbuendnis-nrw-galerie-17_800x450.jpg?fit=800%2C450&ssl=1&resize=700%2C400 2x"},"classes":[]},{"id":14549,"url":"https:\/\/www.freidenker.org\/?p=14549","url_meta":{"origin":23481,"position":4},"title":"Es ist immer noch unsere Raffinerie. Unser Land. Unsere Zukunft.","author":"Webredaktion","date":"31. Oktober 2022","format":false,"excerpt":"Redemanuskript von Liane Kilinc\u00a0f\u00fcr die \"Solidarit\u00e4tskundgebung mit den Besch\u00e4ftigten der PCK-Raffinerie und ihren Familien\" am 29.10.2022 in Schwedt Meine erste Rede hier in Schwedt war Anfang Juli, die zweite Anfang August. Damals war vieles nur eine Bef\u00fcrchtung, was sich inzwischen bewahrheitet hat, und heute ist un\u00fcbersehbar: diese Bundesregierung f\u00fchrt zwei\u2026","rel":"","context":"In &quot;Arbeit &amp; Soziales&quot;","block_context":{"text":"Arbeit &amp; Soziales","link":"https:\/\/www.freidenker.org\/?cat=11"},"img":{"alt_text":"","src":"https:\/\/i0.wp.com\/www.freidenker.org\/fw17\/wp-content\/uploads\/2022\/10\/22-10-29_lk_rede_schwedt_druschba_800x450.jpg?fit=800%2C450&ssl=1&resize=350%2C200","width":350,"height":200,"srcset":"https:\/\/i0.wp.com\/www.freidenker.org\/fw17\/wp-content\/uploads\/2022\/10\/22-10-29_lk_rede_schwedt_druschba_800x450.jpg?fit=800%2C450&ssl=1&resize=350%2C200 1x, https:\/\/i0.wp.com\/www.freidenker.org\/fw17\/wp-content\/uploads\/2022\/10\/22-10-29_lk_rede_schwedt_druschba_800x450.jpg?fit=800%2C450&ssl=1&resize=525%2C300 1.5x, https:\/\/i0.wp.com\/www.freidenker.org\/fw17\/wp-content\/uploads\/2022\/10\/22-10-29_lk_rede_schwedt_druschba_800x450.jpg?fit=800%2C450&ssl=1&resize=700%2C400 2x"},"classes":[]},{"id":14148,"url":"https:\/\/www.freidenker.org\/?p=14148","url_meta":{"origin":23481,"position":5},"title":"Vom Westen gibt es Informationen, von Russland Propaganda?","author":"Webredaktion","date":"5. September 2022","format":false,"excerpt":"Beitrag von Gert Ewen Ungar Nicht erst seit dem 24. Februar 2022, sondern schon seit Jahren tobt ein Informationskrieg. Es sind dabei die westlichen Medien, die ihr Narrativ, die westliche Sicht auf die Dinge in den Status einer allgemein verbindlichen Wahrheit heben wollen. Unhinterfragt dabei ist: Wir sind der Westen,\u2026","rel":"","context":"In &quot;Demokratie \u2013 Medien \u2013 Aufkl\u00e4rung&quot;","block_context":{"text":"Demokratie \u2013 Medien \u2013 Aufkl\u00e4rung","link":"https:\/\/www.freidenker.org\/?cat=12"},"img":{"alt_text":"","src":"https:\/\/i0.wp.com\/www.freidenker.org\/fw17\/wp-content\/uploads\/2022\/09\/mascha_631051e148fbef67e910f629_800x450.jpg?fit=800%2C450&ssl=1&resize=350%2C200","width":350,"height":200,"srcset":"https:\/\/i0.wp.com\/www.freidenker.org\/fw17\/wp-content\/uploads\/2022\/09\/mascha_631051e148fbef67e910f629_800x450.jpg?fit=800%2C450&ssl=1&resize=350%2C200 1x, https:\/\/i0.wp.com\/www.freidenker.org\/fw17\/wp-content\/uploads\/2022\/09\/mascha_631051e148fbef67e910f629_800x450.jpg?fit=800%2C450&ssl=1&resize=525%2C300 1.5x, https:\/\/i0.wp.com\/www.freidenker.org\/fw17\/wp-content\/uploads\/2022\/09\/mascha_631051e148fbef67e910f629_800x450.jpg?fit=800%2C450&ssl=1&resize=700%2C400 2x"},"classes":[]}],"_links":{"self":[{"href":"https:\/\/www.freidenker.org\/index.php?rest_route=\/wp\/v2\/posts\/23481","targetHints":{"allow":["GET"]}}],"collection":[{"href":"https:\/\/www.freidenker.org\/index.php?rest_route=\/wp\/v2\/posts"}],"about":[{"href":"https:\/\/www.freidenker.org\/index.php?rest_route=\/wp\/v2\/types\/post"}],"author":[{"embeddable":true,"href":"https:\/\/www.freidenker.org\/index.php?rest_route=\/wp\/v2\/users\/3"}],"replies":[{"embeddable":true,"href":"https:\/\/www.freidenker.org\/index.php?rest_route=%2Fwp%2Fv2%2Fcomments&post=23481"}],"version-history":[{"count":2,"href":"https:\/\/www.freidenker.org\/index.php?rest_route=\/wp\/v2\/posts\/23481\/revisions"}],"predecessor-version":[{"id":23502,"href":"https:\/\/www.freidenker.org\/index.php?rest_route=\/wp\/v2\/posts\/23481\/revisions\/23502"}],"wp:featuredmedia":[{"embeddable":true,"href":"https:\/\/www.freidenker.org\/index.php?rest_route=\/wp\/v2\/media\/23501"}],"wp:attachment":[{"href":"https:\/\/www.freidenker.org\/index.php?rest_route=%2Fwp%2Fv2%2Fmedia&parent=23481"}],"wp:term":[{"taxonomy":"category","embeddable":true,"href":"https:\/\/www.freidenker.org\/index.php?rest_route=%2Fwp%2Fv2%2Fcategories&post=23481"},{"taxonomy":"post_tag","embeddable":true,"href":"https:\/\/www.freidenker.org\/index.php?rest_route=%2Fwp%2Fv2%2Ftags&post=23481"}],"curies":[{"name":"wp","href":"https:\/\/api.w.org\/{rel}","templated":true}]}}