{"id":23477,"date":"2025-11-08T20:19:48","date_gmt":"2025-11-08T19:19:48","guid":{"rendered":"https:\/\/www.freidenker.org\/?p=23477"},"modified":"2025-11-30T13:24:25","modified_gmt":"2025-11-30T12:24:25","slug":"der-pr-gag-hightech-agenda-unterfinanziert-und-ohne-saft","status":"publish","type":"post","link":"https:\/\/www.freidenker.org\/?p=23477","title":{"rendered":"Der PR-Gag Hightech Agenda: Unterfinanziert und ohne Saft"},"content":{"rendered":"<p><strong>Am Mittwoch pr\u00e4sentierte die Bundesregierung ihre &#8222;Hightech Agenda Deutschland&#8220;. Die BRD soll bei Innovationen im Hightech-Bereich f\u00fchrend werden. Wer etwas genauer hinschaut, erkennt schnell: Es handelt sich um einen PR-Gag. Die Voraussetzungen stimmen einfach nicht. <\/strong><\/p>\n<p><em>Von <strong>Gert Ewen Ungar<\/strong><\/em><\/p>\n<p><span style=\"font-size: 10pt;\">Erstver\u00f6ffentlichung am 30.10.2025 auf <a href=\"https:\/\/freedert.online\/meinung\/260401-pr-gag-hightech-agenda-unterfinanziert-und-ohne-saft\/\" target=\"_blank\" rel=\"noopener\">RT DE<\/a><\/span><\/p>\n<div class=\"EmbedBlock-root EmbedBlock-all\">\n<div class=\"AllEmbed\"><iframe loading=\"lazy\" title=\"Der PR-Gag Hightech Agenda: Unterfinanziert und ohne Saft\" src=\"https:\/\/www.podbean.com\/player-v2\/?i=39ikc-19ad738-pb&amp;from=pb6admin&amp;share=1&amp;download=1&amp;rtl=0&amp;fonts=Arial&amp;skin=f6f6f6&amp;font-color=&amp;logo_link=episode_page&amp;btn-skin=7\" width=\"100%\" height=\"150\" scrolling=\"no\" data-name=\"pb-iframe-player\" data-mce-fragment=\"1\"><\/iframe><\/div>\n<\/div>\n<p>Kann sich noch jemand an die Unternehmensinitiative &#8222;Made for Germany&#8220; erinnern? Im Juli hatte Bundeskanzler Friedrich Merz angek\u00fcndigt, 61 deutsche Unternehmen h\u00e4tten sich in der Absicht zusammengeschlossen, den Wirtschaftsstandort Deutschland zu st\u00e4rken. Sie seien daher bereit, innerhalb von drei Jahren 631\u00a0Milliarden Euro in Deutschland zu investieren\u00a0\u2013 eine enorme Summe. Merz hatte die Initiative als einen Vorboten der wirtschaftlichen Wende pr\u00e4sentiert: Jetzt geht es wieder nach vorn, jetzt wird investiert, Deutschland ist wieder da!<\/p>\n<p>Ein Vierteljahr sp\u00e4ter ist von &#8222;Made for Germany&#8220; nichts mehr zu h\u00f6ren und noch weniger zu sp\u00fcren. Die deutsche Wirtschaft r\u00f6chelt an der Nulllinie vor sich hin. Das Statistische Bundesamt meldet heute, die deutsche Wirtschaft stagniert. Null Prozent Wachstum im dritten Quartal. Zu erwarten ist, dass das Amt die Zahl nach unten korrigiert. In Wiesbaden sch\u00e4tzt man die Lage gewohnheitsm\u00e4\u00dfig zu positiv ein.<\/p>\n<p>Die Initiative &#8222;Made for Germany&#8220; war vor allem eines: eine PR-Ma\u00dfnahme, mit der der Kanzler sein ramponiertes Image aufpolieren wollte. Nach seinem Amtsantritt waren seine Umfragewerte im freien Fall, da er alle seine Wahlversprechen gebrochen hatte.<\/p>\n<p>Nun <a href=\"https:\/\/www.bmftr.bund.de\/DE\/Forschung\/HightechAgenda\/HightechAgenda_node.html\" target=\"_blank\" rel=\"noopener noreferrer\">pr\u00e4sentiert <\/a>die Bundesregierung die &#8222;Hightech Agenda Deutschland&#8220;. Die Bundesrepublik soll bei Innovationen im Hightech-Bereich f\u00fchrend werden. KI, Mikroelektronik, Quantencomputing, Batterietechnik\u00a0\u2013 Deutschland soll ganz vorne mitspielen. Das klingt gut und macht was her. Der Kanzler und Forschungsministerin Dorothee B\u00e4r verbreiten Aufbruchstimmung.<\/p>\n<p>Um das Ziel zu erreichen, will die Bundesregierung in den n\u00e4chsten Jahren 18\u00a0Milliarden Euro investieren. Sp\u00e4testens hier sollte sich ein mitleidiges L\u00e4cheln im Gesichtszug einstellen. Auf einen genauen Zeitraum will sich die Bundesregierung lieber gar nicht erst festlegen. Zum Vergleich: Die chinesische Regierung hat allein im laufenden Jahr 48\u00a0Milliarden Dollar ausschlie\u00dflich in die Entwicklung von KI investiert. Dagegen nehmen sich die 18\u00a0Milliarden Euro f\u00fcr gleich mehrere Projektfelder wie eine Portokasse aus.\u00a0Die Diagnose lautet daher: Die Hightech-Agenda der Bundesregierung ist unterfinanziert. Sie wird die angestrebten Ziele folglich nicht erreichen.<\/p>\n<div class=\"embed-twitter\">\n<blockquote class=\"twitter-tweet\" data-width=\"550\" data-dnt=\"true\">\n<p lang=\"de\" dir=\"ltr\">Die &quot;Hightech-Agenda&quot; der Bundesregierung hat gleich zwei Haken: sie steht unter Finanzierungsvorbehalt und Deutschland hat aufgrund der Russland-Sanktionen keinen g\u00fcnstigen Strom, der f\u00fcr die Umsetzung der Mehrzahl der Projekte aber ben\u00f6tigt wird.<a href=\"https:\/\/t.co\/WHrRCCIquN\">https:\/\/t.co\/WHrRCCIquN<\/a><\/p>\n<p>&mdash; Gert Ewen Ungar (@GertEwen) <a href=\"https:\/\/twitter.com\/GertEwen\/status\/1983809292714062037?ref_src=twsrc%5Etfw\">October 30, 2025<\/a><\/p><\/blockquote>\n<p><script async src=\"https:\/\/platform.twitter.com\/widgets.js\" charset=\"utf-8\"><\/script><\/div>\n<p>Das liegt allerdings nicht nur am geringen Umfang der finanziellen Ausstattung. KI ist energieintensiv. Wer glaubt, internationale Investoren werden Rechenzentren an einem Standort ansiedeln, der nicht mit g\u00fcnstigen Strompreisen locken kann, versteht von Wirtschaft nichts. In Deutschland ist der Strom teuer, denn man h\u00e4lt an den Russland-Sanktionen fest. Ohne g\u00fcnstiges russisches Gas und \u00d6l gibt es aber keinen g\u00fcnstigen Strom. Der Traum vom KI-Standort Deutschland ist geplatzt, bevor er richtig zu Ende getr\u00e4umt worden war. Deutschland fehlt f\u00fcr KI einfach der notwendige Saft.<\/p>\n<p>Dass Deutschland ein Energieproblem hat, hat aber auch die Bundesregierung erkannt. Sie setzt daher auf Fusionsreaktoren. Richtig gelesen: Das ist die Technologie, von der seit mehreren Dekaden gesagt wird, sie sei in wenigen Dekaden ausgereift. Das ist Habecksche Traumt\u00e4nzerei, nur eben \u00e0 la CDU. Mit dem Aktionsplan Fusion 2040 soll die Fusionsforschung mit dem Ziel gef\u00f6rdert werden, einen Fusionsreaktor in Deutschland zu bauen. Dann w\u00e4ren tats\u00e4chlich alle Energieprobleme Deutschlands gel\u00f6st. Aber was macht man bis dahin? Und was macht man, wenn es doch noch ein bisschen l\u00e4nger dauert? Der Denkfehler ist derselbe wie bei Robert Habecks Wasserstoffstrategie: Man setzt auf eine Technik, die es noch gar nicht gibt, und tut so, als sei sie schon verf\u00fcgbar.<\/p>\n<p>Die Fusionstechnologie will die Bundesregierung \u00fcbrigens bis 2029 mit insgesamt zwei Milliarden Euro f\u00f6rdern. Auch hier wieder ein Vergleich mit China. Chinas Ziel ist der Bau eines kommerziellen Fusionsreaktors bis 2050. Daf\u00fcr investiert China j\u00e4hrlich 1,5\u00a0Milliarden Dollar.<\/p>\n<p>Und dann gibt es noch einen weiteren Stolperstein: In der Hochglanzbrosch\u00fcre zum Agenda-Auftakt hei\u00dft es am Ende einer vollmundigen Einleitung: &#8222;Alle in der Hightech Agenda Deutschland genannten oder sich daraus ergebenden Ma\u00dfnahmen stehen unter dem Vorbehalt verf\u00fcgbarer Haushaltsmittel und unter dem Vorbehalt der finanzverfassungsrechtlichen Zust\u00e4ndigkeit des Bundes.&#8220; Das hei\u00dft konkret: Schon die Unterfinanzierung der Agenda gilt als nicht gesichert.\u00a0Deutschland will irgendwie, kommt dann aber nicht aus dem Knick. Peinlich!<\/p>\n<p>Im Ergebnis l\u00e4sst sich festhalten: Der Aktionsplan Hightech ist ein weiterer PR-Gag der Bundesregierung, mit der sie W\u00e4hler und Wirtschaft an der Nase herumf\u00fchrt. Der Plan ist unterfinanziert, die Finanzierung ist nicht gesichert und es fehlt in Deutschland die Grundvoraussetzungen daf\u00fcr, dass er zum Erfolg gef\u00fchrt werden kann: die Nachfrage. Aber weder am Nachfrageproblem noch an den hohen Energiekosten will die Bundesregierung etwas \u00e4ndern. Dass man einen wirtschaftlichen Aufschwung zudem nicht aus der Portokasse anschieben kann, hat man in Berlin ohnehin nicht verstanden.<\/p>\n<p style=\"text-align: right;\"><em>Gert-Ewen Ungar studierte Philosophie und Germanistik und schreibt regelm\u00e4\u00dfig f\u00fcr die <a href=\"https:\/\/www.neulandrebellen.de\/\" target=\"_blank\" rel=\"noopener\">Neulandrebellen<\/a><\/em><\/p>\n<hr \/>\n<p><span style=\"font-size: 10pt;\">Bild oben: Bundeskanzler Friedrich Merz und <\/span><span class=\"Cover-caption\"><span class=\"Cover-captionItem\"><span style=\"font-size: 10pt;\">Forschungsministerin Dorothee B\u00e4r &#8211; hier beim Meeting anl\u00e4sslich der Unterzeichnung des Koalitionsvertrages am 05.05.2025<\/span><br \/>\n<span style=\"font-size: 10pt;\">Foto: Sandro Halank, <a href=\"https:\/\/creativecommons.org\/licenses\/by-sa\/4.0\" target=\"_blank\" rel=\"noopener\">CC BY-SA 4.0<\/a> (Ausschnitt und bearbeitet)<\/span><br \/>\n<span style=\"font-size: 10pt;\">Quelle: <a href=\"https:\/\/commons.wikimedia.org\/w\/index.php?curid=164753642\" target=\"_blank\" rel=\"noopener\">https:\/\/commons.wikimedia.org\/w\/index.php?curid=164753642<\/a><\/span><br \/>\n<\/span><\/span><\/p>\n","protected":false},"excerpt":{"rendered":"<p><b>Beitrag von Gert Ewen Ungar<\/b><br \/>\nKann sich noch jemand an die Unternehmensinitiative &#8222;Made for Germany&#8220; erinnern? Im Juli hatte Bundeskanzler Friedrich Merz angek\u00fcndigt, 61 deutsche Unternehmen h\u00e4tten sich in der Absicht zusammengeschlossen, den Wirtschaftsstandort Deutschland zu st\u00e4rken. Sie seien daher bereit, innerhalb von drei Jahren 631\u00a0Milliarden Euro in Deutschland zu investieren\u00a0\u2013 eine enorme Summe. Merz hatte die Initiative als einen Vorboten der wirtschaftlichen Wende pr\u00e4sentiert: Jetzt geht es wieder nach vorn, jetzt wird investiert, Deutschland ist wieder da! Ein Vierteljahr sp\u00e4ter ist von &#8222;Made for Germany&#8220; nichts mehr zu h\u00f6ren und noch weniger zu sp\u00fcren. Die deutsche Wirtschaft r\u00f6chelt an der Nulllinie vor sich hin. Das Statistische Bundesamt meldet heute, die deutsche Wirtschaft stagniert. <\/p>\n","protected":false},"author":3,"featured_media":23479,"comment_status":"closed","ping_status":"closed","sticky":false,"template":"","format":"standard","meta":{"colormag_page_container_layout":"default_layout","colormag_page_sidebar_layout":"default_layout","advanced_seo_description":"","jetpack_seo_html_title":"","jetpack_seo_noindex":false,"jetpack_post_was_ever_published":false,"footnotes":""},"categories":[11],"tags":[2858,627,1681,2861,2855,2741,2067,2856,2859,2857,2860,569,2704],"class_list":["post-23477","post","type-post","status-publish","format-standard","has-post-thumbnail","hentry","category-arbeit-soziales","tag-aufschwung","tag-energiepolitik","tag-finanzierung","tag-haushaltsmittel","tag-hightech-agenda","tag-innovationen","tag-ki","tag-mikroelektronik","tag-public-relation","tag-standortfrage","tag-unterfinanzierung","tag-verfassungsrecht","tag-wirtschaftsfoerderung"],"jetpack_featured_media_url":"https:\/\/i0.wp.com\/www.freidenker.org\/fw17\/wp-content\/uploads\/2025\/11\/merz_und_baer_800x450.jpg?fit=800%2C450&ssl=1","jetpack_shortlink":"https:\/\/wp.me\/p9stpK-66F","jetpack-related-posts":[{"id":19623,"url":"https:\/\/www.freidenker.org\/?p=19623","url_meta":{"origin":23477,"position":0},"title":"Wiederholungszwang: Deutschland zweifelt erneut Wahl in Venezuela an","author":"Webredaktion","date":"2. August 2024","format":false,"excerpt":"Beitrag von Gert Ewen Ungar US-Au\u00dfenminister Antony Blinken gab den Ton vor und das Ausw\u00e4rtige Amt folgte den Vorgaben aus \u00dcbersee prompt.\u00a0Im Hinblick auf den Wahlausgang der Pr\u00e4sidentschaftswahlen in Venezuela sagte Blinken, \"wir haben gro\u00dfe Zweifel daran, dass das ver\u00f6ffentlichte Ergebnis den Willen des venezolanischen Volkes widerspiegelt\". Das Echo aus\u2026","rel":"","context":"In &quot;Demokratie \u2013 Medien \u2013 Aufkl\u00e4rung&quot;","block_context":{"text":"Demokratie \u2013 Medien \u2013 Aufkl\u00e4rung","link":"https:\/\/www.freidenker.org\/?cat=12"},"img":{"alt_text":"","src":"https:\/\/i0.wp.com\/www.freidenker.org\/fw17\/wp-content\/uploads\/2024\/08\/Nicolas_Maduro_2019_Inauguration_800x450.jpg?fit=800%2C450&ssl=1&resize=350%2C200","width":350,"height":200,"srcset":"https:\/\/i0.wp.com\/www.freidenker.org\/fw17\/wp-content\/uploads\/2024\/08\/Nicolas_Maduro_2019_Inauguration_800x450.jpg?fit=800%2C450&ssl=1&resize=350%2C200 1x, https:\/\/i0.wp.com\/www.freidenker.org\/fw17\/wp-content\/uploads\/2024\/08\/Nicolas_Maduro_2019_Inauguration_800x450.jpg?fit=800%2C450&ssl=1&resize=525%2C300 1.5x, https:\/\/i0.wp.com\/www.freidenker.org\/fw17\/wp-content\/uploads\/2024\/08\/Nicolas_Maduro_2019_Inauguration_800x450.jpg?fit=800%2C450&ssl=1&resize=700%2C400 2x"},"classes":[]},{"id":20226,"url":"https:\/\/www.freidenker.org\/?p=20226","url_meta":{"origin":23477,"position":1},"title":"US-Wahlkampf: Der K\u00f6nig ist nackt","author":"Webredaktion","date":"9. November 2024","format":false,"excerpt":"Beitrag von Gert Ewen Ungar Ein unertr\u00e4glich langer US-Wahlkampf endete schlie\u00dflich mit der Wahl von Donald Trump. Es ist vorbei, das in \u00dcbersee aufgef\u00fchrte, einf\u00e4ltige Theater hat ein zumindest vorl\u00e4ufiges Ende. Die USA halten\u00a0sich selbst\u00a0f\u00fcr den Leuchtturm der Demokratie. Was sie darunter verstehen, haben sie der Welt in den vergangenen\u2026","rel":"","context":"In &quot;Demokratie \u2013 Medien \u2013 Aufkl\u00e4rung&quot;","block_context":{"text":"Demokratie \u2013 Medien \u2013 Aufkl\u00e4rung","link":"https:\/\/www.freidenker.org\/?cat=12"},"img":{"alt_text":"","src":"https:\/\/i0.wp.com\/www.freidenker.org\/fw17\/wp-content\/uploads\/2024\/11\/US-Wahlen_2024_Karte_g_800x450.jpg?fit=800%2C450&ssl=1&resize=350%2C200","width":350,"height":200,"srcset":"https:\/\/i0.wp.com\/www.freidenker.org\/fw17\/wp-content\/uploads\/2024\/11\/US-Wahlen_2024_Karte_g_800x450.jpg?fit=800%2C450&ssl=1&resize=350%2C200 1x, https:\/\/i0.wp.com\/www.freidenker.org\/fw17\/wp-content\/uploads\/2024\/11\/US-Wahlen_2024_Karte_g_800x450.jpg?fit=800%2C450&ssl=1&resize=525%2C300 1.5x, https:\/\/i0.wp.com\/www.freidenker.org\/fw17\/wp-content\/uploads\/2024\/11\/US-Wahlen_2024_Karte_g_800x450.jpg?fit=800%2C450&ssl=1&resize=700%2C400 2x"},"classes":[]},{"id":16407,"url":"https:\/\/www.freidenker.org\/?p=16407","url_meta":{"origin":23477,"position":2},"title":"Die G\u00e4rten des Josep Borrell","author":"Webredaktion","date":"5. Juli 2023","format":false,"excerpt":"Beitrag von Gert Ewen Ungar Mit einem rassistischen, chauvinistischen\u00a0Statement\u00a0sorgte der Au\u00dfenbeauftragte der EU, Josep Borrell, im Oktober des vergangenen Jahres f\u00fcr Aufsehen. Die EU sei der Garten, der Rest der Welt ein Dschungel, lie\u00df der Chefdiplomat seine Zuh\u00f6rer wissen.\u00a0 Inzwischen sieht es in der EU deutlich mehr nach Dschungel aus\u2026","rel":"","context":"In &quot;Demokratie \u2013 Medien \u2013 Aufkl\u00e4rung&quot;","block_context":{"text":"Demokratie \u2013 Medien \u2013 Aufkl\u00e4rung","link":"https:\/\/www.freidenker.org\/?cat=12"},"img":{"alt_text":"","src":"https:\/\/i0.wp.com\/www.freidenker.org\/fw17\/wp-content\/uploads\/2023\/07\/Josep_Borrell_52359673274_800x450.jpg?fit=800%2C450&ssl=1&resize=350%2C200","width":350,"height":200,"srcset":"https:\/\/i0.wp.com\/www.freidenker.org\/fw17\/wp-content\/uploads\/2023\/07\/Josep_Borrell_52359673274_800x450.jpg?fit=800%2C450&ssl=1&resize=350%2C200 1x, https:\/\/i0.wp.com\/www.freidenker.org\/fw17\/wp-content\/uploads\/2023\/07\/Josep_Borrell_52359673274_800x450.jpg?fit=800%2C450&ssl=1&resize=525%2C300 1.5x, https:\/\/i0.wp.com\/www.freidenker.org\/fw17\/wp-content\/uploads\/2023\/07\/Josep_Borrell_52359673274_800x450.jpg?fit=800%2C450&ssl=1&resize=700%2C400 2x"},"classes":[]},{"id":16112,"url":"https:\/\/www.freidenker.org\/?p=16112","url_meta":{"origin":23477,"position":3},"title":"Wer nicht passt, wird rausgedr\u00e4ngt","author":"Webredaktion","date":"21. Mai 2023","format":false,"excerpt":"Beitrag von Gert Ewen Ungar Kann sich noch jemand an Rommy Arndt erinnern? Rommy Arndt hat im Januar f\u00fcr den \u00f6ffentlich-rechtlichen Sender MDR einen H\u00f6rfunk-Kommentar zum Thema Panzerlieferungen an die Ukraine gesprochen. Sie war gegen Panzerlieferungen und es war ihr erster Kommentar f\u00fcr den MDR. Offenbar war es auch ihr\u2026","rel":"","context":"In &quot;Demokratie \u2013 Medien \u2013 Aufkl\u00e4rung&quot;","block_context":{"text":"Demokratie \u2013 Medien \u2013 Aufkl\u00e4rung","link":"https:\/\/www.freidenker.org\/?cat=12"},"img":{"alt_text":"","src":"https:\/\/i0.wp.com\/www.freidenker.org\/fw17\/wp-content\/uploads\/2023\/05\/typewriter-3617317_800x450.jpg?fit=800%2C450&ssl=1&resize=350%2C200","width":350,"height":200,"srcset":"https:\/\/i0.wp.com\/www.freidenker.org\/fw17\/wp-content\/uploads\/2023\/05\/typewriter-3617317_800x450.jpg?fit=800%2C450&ssl=1&resize=350%2C200 1x, https:\/\/i0.wp.com\/www.freidenker.org\/fw17\/wp-content\/uploads\/2023\/05\/typewriter-3617317_800x450.jpg?fit=800%2C450&ssl=1&resize=525%2C300 1.5x, https:\/\/i0.wp.com\/www.freidenker.org\/fw17\/wp-content\/uploads\/2023\/05\/typewriter-3617317_800x450.jpg?fit=800%2C450&ssl=1&resize=700%2C400 2x"},"classes":[]},{"id":21271,"url":"https:\/\/www.freidenker.org\/?p=21271","url_meta":{"origin":23477,"position":4},"title":"Das Ahrtal und der innere Zerfall Deutschlands","author":"Webredaktion","date":"27. M\u00e4rz 2025","format":false,"excerpt":"Beitrag von Gert Ewen Ungar Es ist eine unglaubliche Nachricht. Unter dem Titel \"Bahnstrecke soll wieder zur Lebensader werden\"\u00a0berichtet\u00a0die ARD-Nachrichtensendung\u00a0Tagesschau\u00a0\u00fcber den Wiederaufbau der Bahntrasse im Ahrtal. \"Nun geht der Wiederaufbau in die entscheidende Phase\", schreibt\u00a0Tagesschau\u00a0Redakteurin Lucretia Gather ganz unironisch in den Teaser der Meldung und tut so, als w\u00e4re alles\u2026","rel":"","context":"In &quot;Arbeit &amp; Soziales&quot;","block_context":{"text":"Arbeit &amp; Soziales","link":"https:\/\/www.freidenker.org\/?cat=11"},"img":{"alt_text":"","src":"https:\/\/i0.wp.com\/www.freidenker.org\/fw17\/wp-content\/uploads\/2025\/03\/Hochwasser_in_Altenahr_Altenburg_800x450.jpg?fit=800%2C450&ssl=1&resize=350%2C200","width":350,"height":200,"srcset":"https:\/\/i0.wp.com\/www.freidenker.org\/fw17\/wp-content\/uploads\/2025\/03\/Hochwasser_in_Altenahr_Altenburg_800x450.jpg?fit=800%2C450&ssl=1&resize=350%2C200 1x, https:\/\/i0.wp.com\/www.freidenker.org\/fw17\/wp-content\/uploads\/2025\/03\/Hochwasser_in_Altenahr_Altenburg_800x450.jpg?fit=800%2C450&ssl=1&resize=525%2C300 1.5x, https:\/\/i0.wp.com\/www.freidenker.org\/fw17\/wp-content\/uploads\/2025\/03\/Hochwasser_in_Altenahr_Altenburg_800x450.jpg?fit=800%2C450&ssl=1&resize=700%2C400 2x"},"classes":[]},{"id":16924,"url":"https:\/\/www.freidenker.org\/?p=16924","url_meta":{"origin":23477,"position":5},"title":"Neiddebatte: B\u00fcrgergeld und Lohnabstandsgebot","author":"Webredaktion","date":"13. September 2023","format":false,"excerpt":"Beitrag von Gert Ewen Ungar Es sind bizarre Zahlen, die darauf hindeuten, dass in Deutschland etwas grundlegend gegeneinander arbeitet.\u00a0Das B\u00fcrgergeld wird zum 1. Januar 2024 um 12 Prozent erh\u00f6ht, der Mindestlohn \u2013 ebenfalls zum 1. Januar \u2013 um 3,4 Prozent, und die Reall\u00f6hne stiegen in diesem Jahr real minimal um\u2026","rel":"","context":"In &quot;Arbeit &amp; Soziales&quot;","block_context":{"text":"Arbeit &amp; Soziales","link":"https:\/\/www.freidenker.org\/?cat=11"},"img":{"alt_text":"","src":"https:\/\/i0.wp.com\/www.freidenker.org\/fw17\/wp-content\/uploads\/2023\/09\/buergergeld_800x450.jpg?fit=800%2C450&ssl=1&resize=350%2C200","width":350,"height":200,"srcset":"https:\/\/i0.wp.com\/www.freidenker.org\/fw17\/wp-content\/uploads\/2023\/09\/buergergeld_800x450.jpg?fit=800%2C450&ssl=1&resize=350%2C200 1x, https:\/\/i0.wp.com\/www.freidenker.org\/fw17\/wp-content\/uploads\/2023\/09\/buergergeld_800x450.jpg?fit=800%2C450&ssl=1&resize=525%2C300 1.5x, https:\/\/i0.wp.com\/www.freidenker.org\/fw17\/wp-content\/uploads\/2023\/09\/buergergeld_800x450.jpg?fit=800%2C450&ssl=1&resize=700%2C400 2x"},"classes":[]}],"_links":{"self":[{"href":"https:\/\/www.freidenker.org\/index.php?rest_route=\/wp\/v2\/posts\/23477","targetHints":{"allow":["GET"]}}],"collection":[{"href":"https:\/\/www.freidenker.org\/index.php?rest_route=\/wp\/v2\/posts"}],"about":[{"href":"https:\/\/www.freidenker.org\/index.php?rest_route=\/wp\/v2\/types\/post"}],"author":[{"embeddable":true,"href":"https:\/\/www.freidenker.org\/index.php?rest_route=\/wp\/v2\/users\/3"}],"replies":[{"embeddable":true,"href":"https:\/\/www.freidenker.org\/index.php?rest_route=%2Fwp%2Fv2%2Fcomments&post=23477"}],"version-history":[{"count":2,"href":"https:\/\/www.freidenker.org\/index.php?rest_route=\/wp\/v2\/posts\/23477\/revisions"}],"predecessor-version":[{"id":23480,"href":"https:\/\/www.freidenker.org\/index.php?rest_route=\/wp\/v2\/posts\/23477\/revisions\/23480"}],"wp:featuredmedia":[{"embeddable":true,"href":"https:\/\/www.freidenker.org\/index.php?rest_route=\/wp\/v2\/media\/23479"}],"wp:attachment":[{"href":"https:\/\/www.freidenker.org\/index.php?rest_route=%2Fwp%2Fv2%2Fmedia&parent=23477"}],"wp:term":[{"taxonomy":"category","embeddable":true,"href":"https:\/\/www.freidenker.org\/index.php?rest_route=%2Fwp%2Fv2%2Fcategories&post=23477"},{"taxonomy":"post_tag","embeddable":true,"href":"https:\/\/www.freidenker.org\/index.php?rest_route=%2Fwp%2Fv2%2Ftags&post=23477"}],"curies":[{"name":"wp","href":"https:\/\/api.w.org\/{rel}","templated":true}]}}