{"id":23470,"date":"2025-11-05T01:37:33","date_gmt":"2025-11-05T00:37:33","guid":{"rendered":"https:\/\/www.freidenker.org\/?p=23470"},"modified":"2025-11-30T13:24:09","modified_gmt":"2025-11-30T12:24:09","slug":"trump-netanyahu-die-gaza-schlaechter","status":"publish","type":"post","link":"https:\/\/www.freidenker.org\/?p=23470","title":{"rendered":"Trump &#038; Netanyahu &#8211; Die Gaza-Schl\u00e4chter"},"content":{"rendered":"<p><em>von <strong>Uli Gellermann<\/strong><\/em><\/p>\n<p><span style=\"font-size: 10pt;\">Erstver\u00f6ffentlichung am 30.10.2025 auf <a href=\"https:\/\/www.rationalgalerie.de\/home\/trump-netanyahu\" target=\"_blank\" rel=\"noopener\">rationalgalerie.de<\/a><\/span><\/p>\n<p>Das Schlachten in Gaza geht weiter: Die Nazi-Fraktion in der israelischen Regierung marschiert ungebremst auf die Endl\u00f6sung der Pal\u00e4stinenserfrage zu: Netanyahu will keine lebenden Pal\u00e4stinenser in Gaza dulden. Er will die Pl\u00e4tze der Toten mit israelischen Siedlern f\u00fcllen.<\/p>\n<h5>&#8222;Die Israelis haben zur\u00fcckgeschlagen\u201c<\/h5>\n<p>Tats\u00e4chlich w\u00e4ren die USA mit ihren finanziellen und milit\u00e4rischen M\u00f6glichkeiten in der Lage, die Schl\u00e4chterei zu stoppen. Aber Pr\u00e4sident Trump l\u00e4sst diese Stellungnahme ab: &#8222;Soweit ich wei\u00df, haben sie\u00a0(Anm. d. Redaktion: Gemeint ist die Hamas)\u00a0einen israelischen Soldaten get\u00f6tet&#8220;, sagte Trump vor Journalisten an Bord der Air Force One. &#8222;Die Israelis haben zur\u00fcckgeschlagen, und das sollten sie auch. Wenn so etwas passiert, sollten sie zur\u00fcckschlagen.\u201c<\/p>\n<h5>Unkontrollierter Fan der m\u00f6rderischen Israelis<\/h5>\n<p>Netanyahu wird immer einen Grund finden oder konstruieren, um \u201ezur\u00fcckzuschlagen\u201c. Denn in Netanyahus Optik begehen die Pal\u00e4stinenser das Verbrechen, dort zu leben, wo sie zu Hause sind. Wer das &#8211; wie Trump &#8211; nicht anerkennen will, weil er ein unkontrollierter Fan der m\u00f6rderischen Israelis ist, der wird immer empfehlen \u201ezur\u00fcckzuschlagen\u201c.<\/p>\n<h5>Gegen eine \u201evorzeitige Anerkennung\u201c<\/h5>\n<p>Die israelischen Schl\u00e4chter k\u00f6nnen sich auch auf die willf\u00e4hrige deutsche Regierung verlassen: Nach wie vor werden deutsche Waffen an die Israelis geliefert. Man ist bei der Vernichtung der Pal\u00e4stinenser gern dabei. Parallel verzichtet diese Regierung der Mord-Kollaboration auch auf das wesentliche politische Mittel gegen die Nazi-Regierung in Tell Aviv: Man ist gegen eine \u201evorzeitige Anerkennung\u201c eines pal\u00e4stinensischen Staates.<\/p>\n<h5>Hebel f\u00fcr friedliche Verh\u00e4ltnisse<\/h5>\n<p>157 der 193 UN-Mitgliedstaaten erkennen Pal\u00e4stina als Staat an. Aber ausgerechnet Deutschland verweigert dem Staat die Anerkennung, der sowohl ein Fluchtort f\u00fcr die Opfer israelischer M\u00f6rderei w\u00e4re als auch ein Hebel f\u00fcr friedliche Verh\u00e4ltnisse in Gaza. Deutschland verh\u00e4lt sich so, als ob man den Holocaust mit der bedingungslosen Unterordnung unter israelische Interessen r\u00fcckg\u00e4ngig machen k\u00f6nnte.<\/p>\n<h5>Unterschied zu den Nazis?<\/h5>\n<p>Es gibt eine klare Lehre aus dem Holocaust: Nie wieder Rassismus. Aber was die Israelis betreiben, ist Rassismus: Wer zu den Pal\u00e4stinensern z\u00e4hlt, ist unwertes Leben, ist der Vernichtung preisgegeben. Was bleibt da noch an Unterschied zu den Nazis?<\/p>\n<h5>Arabische L\u00e4nder bedrohen<\/h5>\n<p>Die Trump-USA denken ganz praktisch: Israel ist f\u00fcr sie der unsinkbare Flugzeugtr\u00e4ger im Nahen Osten. Mit dem hochger\u00fcsteten Staat Israel k\u00f6nnen die USA jederzeit die arabischen L\u00e4nder bedrohen und so in ihrem Interesse disziplinieren. Es ist an der Zeit, den Israelis und den USA \u00f6ffentlich den Prozess zu machen.<img loading=\"lazy\" decoding=\"async\" src=\"https:\/\/vg06.met.vgwort.de\/na\/9a7d01e8b9bf46be9b49efbf4be7c9e4\" alt=\"\" width=\"1\" height=\"1\" \/><\/p>\n<p style=\"text-align: right;\"><em>Uli Gellermann ist Journalist und Filmemacher und betreibt die Internetseite \u201eRationalgalerie\u201c auf der auch dieser Text ver\u00f6ffentlicht wurde.<\/em><\/p>\n<hr \/>\n<p><span style=\"font-size: 10pt;\">Bild oben: US-Pr\u00e4sident Donald Trump wird am 13. Oktober 2025 von Israels Premierminister Benjamin Netanjahu empfangen<\/span><br \/>\n<span style=\"font-size: 10pt;\">Foto: The White House &#8211; Daniel Torok, Gemeinfrei (Ausschnitt eines gr\u00f6\u00dferen Bildes)<\/span><br \/>\n<span style=\"font-size: 10pt;\">Quelle: <a href=\"https:\/\/commons.wikimedia.org\/w\/index.php?curid=176713630\" target=\"_blank\" rel=\"noopener\">https:\/\/commons.wikimedia.org\/w\/index.php?curid=176713630<\/a><\/span><\/p>\n<p>&nbsp;<\/p>\n","protected":false},"excerpt":{"rendered":"<p><b>Beitrag von Uli Gellermann<\/b><br \/>\nDas Schlachten in Gaza geht weiter: Die Nazi-Fraktion in der israelischen Regierung marschiert ungebremst auf die Endl\u00f6sung der Pal\u00e4stinenserfrage zu: Netanyahu will keine lebenden Pal\u00e4stinenser in Gaza dulden. Er will die Pl\u00e4tze der Toten mit israelischen Siedlern f\u00fcllen. Tats\u00e4chlich w\u00e4ren die USA mit ihren finanziellen und milit\u00e4rischen M\u00f6glichkeiten in der Lage, die Schl\u00e4chterei zu stoppen. Aber Pr\u00e4sident Trump l\u00e4sst diese Stellungnahme ab: &#8222;<i>Soweit ich wei\u00df, haben sie\u00a0<\/i>(die Hamas)<i>\u00a0einen israelischen Soldaten get\u00f6tet&#8220;<\/i>, sagte Trump vor Journalisten an Bord der Air Force One. &#8222;<i>Die Israelis haben zur\u00fcckgeschlagen, und das sollten sie auch. Wenn so etwas passiert, sollten sie zur\u00fcckschlagen.<\/i>\u201c Netanyahu wird immer einen Grund finden oder konstruieren, um \u201ezur\u00fcckzuschlagen\u201c.<\/p>\n","protected":false},"author":3,"featured_media":23471,"comment_status":"closed","ping_status":"closed","sticky":false,"template":"","format":"standard","meta":{"colormag_page_container_layout":"default_layout","colormag_page_sidebar_layout":"default_layout","advanced_seo_description":"","jetpack_seo_html_title":"","jetpack_seo_noindex":false,"jetpack_post_was_ever_published":false,"footnotes":""},"categories":[12],"tags":[1021,451,1172,1589,277,393,1955,2429,394,185,1525],"class_list":["post-23470","post","type-post","status-publish","format-standard","has-post-thumbnail","hentry","category-demokratie-medien-aufklaerung","tag-donald-trump","tag-faschismus","tag-gaza","tag-genozid","tag-holocaust","tag-israel","tag-nahostkonflikt","tag-netanjahu","tag-palaestina","tag-usa","tag-waffenlieferungen"],"jetpack_featured_media_url":"https:\/\/i0.wp.com\/www.freidenker.org\/fw17\/wp-content\/uploads\/2025\/11\/Trump_Netanyahu_Ben_Gurion_International_Airport_54855297376_800x450.jpg?fit=800%2C450&ssl=1","jetpack_shortlink":"https:\/\/wp.me\/p9stpK-66y","jetpack-related-posts":[{"id":23300,"url":"https:\/\/www.freidenker.org\/?p=23300","url_meta":{"origin":23470,"position":0},"title":"Unsicherheit in Gaza h\u00e4lt an","author":"Webredaktion","date":"23. Oktober 2025","format":false,"excerpt":"Viele Tote bei israelischen Angriffen trotz Waffenruhe von Karin Leukefeld Israel bombardiert erneut den Gazastreifen. Eine elfk\u00f6pfige Familie, darunter sieben Kinder und zwei Frauen geh\u00f6ren ebenso zu den Opfern, wie ein Mitarbeiter der pal\u00e4stinensischen Produktionsfirma PMP, die auch f\u00fcr den deutschen Fernsehsender ZDF arbeitet. Mit ihm starb der achtj\u00e4hrige Sohn\u2026","rel":"","context":"In &quot;Frieden - Antifaschismus - Solidarit\u00e4t&quot;","block_context":{"text":"Frieden - Antifaschismus - Solidarit\u00e4t","link":"https:\/\/www.freidenker.org\/?cat=13"},"img":{"alt_text":"","src":"https:\/\/i0.wp.com\/www.freidenker.org\/fw17\/wp-content\/uploads\/2025\/10\/A_mosque_destroyed_in_the_Jabalia_area_of_the_Gaza_Strip_800x450.jpg?fit=800%2C450&ssl=1&resize=350%2C200","width":350,"height":200,"srcset":"https:\/\/i0.wp.com\/www.freidenker.org\/fw17\/wp-content\/uploads\/2025\/10\/A_mosque_destroyed_in_the_Jabalia_area_of_the_Gaza_Strip_800x450.jpg?fit=800%2C450&ssl=1&resize=350%2C200 1x, https:\/\/i0.wp.com\/www.freidenker.org\/fw17\/wp-content\/uploads\/2025\/10\/A_mosque_destroyed_in_the_Jabalia_area_of_the_Gaza_Strip_800x450.jpg?fit=800%2C450&ssl=1&resize=525%2C300 1.5x, https:\/\/i0.wp.com\/www.freidenker.org\/fw17\/wp-content\/uploads\/2025\/10\/A_mosque_destroyed_in_the_Jabalia_area_of_the_Gaza_Strip_800x450.jpg?fit=800%2C450&ssl=1&resize=700%2C400 2x"},"classes":[]},{"id":23359,"url":"https:\/\/www.freidenker.org\/?p=23359","url_meta":{"origin":23470,"position":1},"title":"Deutsche Journalisten und Israel \u2013 Zu lange geschwiegen","author":"Webredaktion","date":"29. Oktober 2025","format":false,"excerpt":"Beitrag Von Karin Leukefeld. Ausl\u00e4ndische Journalisten berichten seit 748 Tagen aus Israel \u00fcber den israelischen Feldzug gegen Gaza. Manche von ihnen fuhren \u201eembedded\u201c in Jeeps oder auf Panzern der israelischen Streitkr\u00e4fte mit der israelischen Armee durch die Tr\u00fcmmerw\u00fcste. Ber\u00fchmt sind die Fotos von einer Art Aussichtsh\u00fcgel s\u00fcdlich von Ashdod an\u2026","rel":"","context":"In &quot;Demokratie \u2013 Medien \u2013 Aufkl\u00e4rung&quot;","block_context":{"text":"Demokratie \u2013 Medien \u2013 Aufkl\u00e4rung","link":"https:\/\/www.freidenker.org\/?cat=12"},"img":{"alt_text":"","src":"https:\/\/i0.wp.com\/www.freidenker.org\/fw17\/wp-content\/uploads\/2025\/10\/Netanjahu_December_2023_800x450.jpg?fit=800%2C450&ssl=1&resize=350%2C200","width":350,"height":200,"srcset":"https:\/\/i0.wp.com\/www.freidenker.org\/fw17\/wp-content\/uploads\/2025\/10\/Netanjahu_December_2023_800x450.jpg?fit=800%2C450&ssl=1&resize=350%2C200 1x, https:\/\/i0.wp.com\/www.freidenker.org\/fw17\/wp-content\/uploads\/2025\/10\/Netanjahu_December_2023_800x450.jpg?fit=800%2C450&ssl=1&resize=525%2C300 1.5x, https:\/\/i0.wp.com\/www.freidenker.org\/fw17\/wp-content\/uploads\/2025\/10\/Netanjahu_December_2023_800x450.jpg?fit=800%2C450&ssl=1&resize=700%2C400 2x"},"classes":[]},{"id":22369,"url":"https:\/\/www.freidenker.org\/?p=22369","url_meta":{"origin":23470,"position":2},"title":"Trumps aktive Rolle bei der geplanten ethnischen S\u00e4uberung Gazas \u2012 Die Zeitschiene","author":"Webredaktion","date":"14. Juli 2025","format":false,"excerpt":"Beitrag von Rainer Rupp [...] Die Politik von US-Pr\u00e4sident Donald Trump gegen\u00fcber den Pal\u00e4stinensern in Gaza hat seit seiner R\u00fcckkehr ins Wei\u00dfe Haus Anfang 2025 weltweit f\u00fcr Emp\u00f6rung gesorgt. Seine wiederholten Vorschl\u00e4ge, die pal\u00e4stinensische Bev\u00f6lkerung aus dem Gazastreifen zwangsweise umzusiedeln, wurden als Versto\u00df gegen das V\u00f6lkerrecht, als Kriegsverbrechen und als\u2026","rel":"","context":"In &quot;Frieden - Antifaschismus - Solidarit\u00e4t&quot;","block_context":{"text":"Frieden - Antifaschismus - Solidarit\u00e4t","link":"https:\/\/www.freidenker.org\/?cat=13"},"img":{"alt_text":"","src":"https:\/\/i0.wp.com\/www.freidenker.org\/fw17\/wp-content\/uploads\/2025\/07\/Donald-Trump-im-Liegestuhl_KI_800x450.jpg?fit=800%2C450&ssl=1&resize=350%2C200","width":350,"height":200,"srcset":"https:\/\/i0.wp.com\/www.freidenker.org\/fw17\/wp-content\/uploads\/2025\/07\/Donald-Trump-im-Liegestuhl_KI_800x450.jpg?fit=800%2C450&ssl=1&resize=350%2C200 1x, https:\/\/i0.wp.com\/www.freidenker.org\/fw17\/wp-content\/uploads\/2025\/07\/Donald-Trump-im-Liegestuhl_KI_800x450.jpg?fit=800%2C450&ssl=1&resize=525%2C300 1.5x, https:\/\/i0.wp.com\/www.freidenker.org\/fw17\/wp-content\/uploads\/2025\/07\/Donald-Trump-im-Liegestuhl_KI_800x450.jpg?fit=800%2C450&ssl=1&resize=700%2C400 2x"},"classes":[]},{"id":22278,"url":"https:\/\/www.freidenker.org\/?p=22278","url_meta":{"origin":23470,"position":3},"title":"Todesfallen f\u00fcr Pal\u00e4stinenser \u2013  die US-israelischen Lebensmittel-Verteilungsstellen in Gaza","author":"Webredaktion","date":"3. Juli 2025","format":false,"excerpt":"Beitrag von Rainer Rupp Vor einigen Wochen hatte das verbrecherische Apartheid-Regime der Zionisten in Israel der humanit\u00e4ren UNO-Hilfsorganisation unter Androhung von Waffengewalt die Verteilung von Hilfsg\u00fctern - Lebensmittel, Medikamente und Wasser - im Gazastreifen verboten. Anschlie\u00dfend haben die wegen V\u00f6lkermords vom Internationalen Gerichtshof gesuchten Mitglieder der Netanjahu-Regierung ihren grausamen Zynismus\u2026","rel":"","context":"In &quot;Frieden - Antifaschismus - Solidarit\u00e4t&quot;","block_context":{"text":"Frieden - Antifaschismus - Solidarit\u00e4t","link":"https:\/\/www.freidenker.org\/?cat=13"},"img":{"alt_text":"","src":"https:\/\/i0.wp.com\/www.freidenker.org\/fw17\/wp-content\/uploads\/2025\/07\/palestine-8876954_800x450.jpg?fit=800%2C450&ssl=1&resize=350%2C200","width":350,"height":200,"srcset":"https:\/\/i0.wp.com\/www.freidenker.org\/fw17\/wp-content\/uploads\/2025\/07\/palestine-8876954_800x450.jpg?fit=800%2C450&ssl=1&resize=350%2C200 1x, https:\/\/i0.wp.com\/www.freidenker.org\/fw17\/wp-content\/uploads\/2025\/07\/palestine-8876954_800x450.jpg?fit=800%2C450&ssl=1&resize=525%2C300 1.5x, https:\/\/i0.wp.com\/www.freidenker.org\/fw17\/wp-content\/uploads\/2025\/07\/palestine-8876954_800x450.jpg?fit=800%2C450&ssl=1&resize=700%2C400 2x"},"classes":[]},{"id":7880,"url":"https:\/\/www.freidenker.org\/?p=7880","url_meta":{"origin":23470,"position":4},"title":"Israelische Soldaten zerst\u00f6ren pal\u00e4stinensische Behelfsklinik","author":"Webredaktion","date":"5. April 2020","format":false,"excerpt":"In der Rubrik Tagesdosis wurde am 03.04.2020 bei KenFM der Beitrag \u201eIsraelische Soldaten bestehlen und zerst\u00f6ren pal\u00e4stinensische Behelfsklinik gegen Covid-19\u201c von Rainer Rupp ver\u00f6ffentlicht. Unvorstellbar aber wahr, w\u00e4hrend sich der Corona Virus auch in den besetzten Gebieten verbreitet, hatte die israelische Soldateska nichts Besseres zu tun, als mit Planierraupen, Hebekr\u00e4nen\u2026","rel":"","context":"In &quot;Arbeit &amp; Soziales&quot;","block_context":{"text":"Arbeit &amp; Soziales","link":"https:\/\/www.freidenker.org\/?cat=11"},"img":{"alt_text":"","src":"https:\/\/i0.wp.com\/www.freidenker.org\/fw17\/wp-content\/uploads\/2020\/04\/pal%C3%A4stina_klinik_800x449.jpg?fit=800%2C449&ssl=1&resize=350%2C200","width":350,"height":200,"srcset":"https:\/\/i0.wp.com\/www.freidenker.org\/fw17\/wp-content\/uploads\/2020\/04\/pal%C3%A4stina_klinik_800x449.jpg?fit=800%2C449&ssl=1&resize=350%2C200 1x, https:\/\/i0.wp.com\/www.freidenker.org\/fw17\/wp-content\/uploads\/2020\/04\/pal%C3%A4stina_klinik_800x449.jpg?fit=800%2C449&ssl=1&resize=525%2C300 1.5x, https:\/\/i0.wp.com\/www.freidenker.org\/fw17\/wp-content\/uploads\/2020\/04\/pal%C3%A4stina_klinik_800x449.jpg?fit=800%2C449&ssl=1&resize=700%2C400 2x"},"classes":[]},{"id":22770,"url":"https:\/\/www.freidenker.org\/?p=22770","url_meta":{"origin":23470,"position":5},"title":"V\u00f6lkermord und von Menschen gemachte Hungersnot","author":"Webredaktion","date":"7. September 2025","format":false,"excerpt":"UNO-Experten fordern alle Mitgliedstaaten auf, Israel zu stoppen Beitrag von Karin Leukefeld Im zweiw\u00f6chentlichen Bericht des UNO-Nothilfeprogramms OCHA \u00fcber die Situation in Gaza hei\u00dft es, da\u00df zwischen dem 27. August und dem 3. September 2025, also innerhalb einer Woche, 571 Pal\u00e4stinenser get\u00f6tet und 2.318 verletzt wurden. Die Gesamtzahl get\u00f6teter Pal\u00e4stinenser\u2026","rel":"","context":"In &quot;Frieden - Antifaschismus - Solidarit\u00e4t&quot;","block_context":{"text":"Frieden - Antifaschismus - Solidarit\u00e4t","link":"https:\/\/www.freidenker.org\/?cat=13"},"img":{"alt_text":"","src":"https:\/\/i0.wp.com\/www.freidenker.org\/fw17\/wp-content\/uploads\/2025\/09\/Israeli_airstrike_on_Gaza_Strip_during_Gaza_War_23-25_800x450.jpg?fit=800%2C450&ssl=1&resize=350%2C200","width":350,"height":200,"srcset":"https:\/\/i0.wp.com\/www.freidenker.org\/fw17\/wp-content\/uploads\/2025\/09\/Israeli_airstrike_on_Gaza_Strip_during_Gaza_War_23-25_800x450.jpg?fit=800%2C450&ssl=1&resize=350%2C200 1x, https:\/\/i0.wp.com\/www.freidenker.org\/fw17\/wp-content\/uploads\/2025\/09\/Israeli_airstrike_on_Gaza_Strip_during_Gaza_War_23-25_800x450.jpg?fit=800%2C450&ssl=1&resize=525%2C300 1.5x, https:\/\/i0.wp.com\/www.freidenker.org\/fw17\/wp-content\/uploads\/2025\/09\/Israeli_airstrike_on_Gaza_Strip_during_Gaza_War_23-25_800x450.jpg?fit=800%2C450&ssl=1&resize=700%2C400 2x"},"classes":[]}],"_links":{"self":[{"href":"https:\/\/www.freidenker.org\/index.php?rest_route=\/wp\/v2\/posts\/23470","targetHints":{"allow":["GET"]}}],"collection":[{"href":"https:\/\/www.freidenker.org\/index.php?rest_route=\/wp\/v2\/posts"}],"about":[{"href":"https:\/\/www.freidenker.org\/index.php?rest_route=\/wp\/v2\/types\/post"}],"author":[{"embeddable":true,"href":"https:\/\/www.freidenker.org\/index.php?rest_route=\/wp\/v2\/users\/3"}],"replies":[{"embeddable":true,"href":"https:\/\/www.freidenker.org\/index.php?rest_route=%2Fwp%2Fv2%2Fcomments&post=23470"}],"version-history":[{"count":2,"href":"https:\/\/www.freidenker.org\/index.php?rest_route=\/wp\/v2\/posts\/23470\/revisions"}],"predecessor-version":[{"id":23473,"href":"https:\/\/www.freidenker.org\/index.php?rest_route=\/wp\/v2\/posts\/23470\/revisions\/23473"}],"wp:featuredmedia":[{"embeddable":true,"href":"https:\/\/www.freidenker.org\/index.php?rest_route=\/wp\/v2\/media\/23471"}],"wp:attachment":[{"href":"https:\/\/www.freidenker.org\/index.php?rest_route=%2Fwp%2Fv2%2Fmedia&parent=23470"}],"wp:term":[{"taxonomy":"category","embeddable":true,"href":"https:\/\/www.freidenker.org\/index.php?rest_route=%2Fwp%2Fv2%2Fcategories&post=23470"},{"taxonomy":"post_tag","embeddable":true,"href":"https:\/\/www.freidenker.org\/index.php?rest_route=%2Fwp%2Fv2%2Ftags&post=23470"}],"curies":[{"name":"wp","href":"https:\/\/api.w.org\/{rel}","templated":true}]}}