{"id":23461,"date":"2025-11-04T01:02:34","date_gmt":"2025-11-04T00:02:34","guid":{"rendered":"https:\/\/www.freidenker.org\/?p=23461"},"modified":"2025-11-30T13:23:58","modified_gmt":"2025-11-30T12:23:58","slug":"ist-deutschland-souveraen-kann-deutschland-neutral-werden-versuch-einer-klaerung","status":"publish","type":"post","link":"https:\/\/www.freidenker.org\/?p=23461","title":{"rendered":"Ist Deutschland souver\u00e4n? Kann Deutschland neutral werden? Versuch einer Kl\u00e4rung."},"content":{"rendered":"<p><em>Von <strong>Wolfgang Bittner<\/strong><\/em><\/p>\n<p><span style=\"font-size: 10pt;\">Erstver\u00f6ffentlichung am 30.10.2025 auf <a href=\"https:\/\/globalbridge.ch\/ist-deutschland-souveraen-kann-deutschland-neutral-werden-versuch-einer-klaerung\/\" target=\"_blank\" rel=\"noopener\">globalbridge.ch<\/a><\/span><\/p>\n<p>J\u00fcngst ist der Ruf nach einer Neutralit\u00e4t Deutschlands aufgekommen,[1] die bereits 1952 von Stalin vorgeschlagen worden war. Damals unterbreitete er den anderen drei Hauptsiegerm\u00e4chten des Zweiten Weltkriegs das Angebot, \u00fcber einen Friedensvertrag mit Deutschland zu verhandeln. Bedingung war die Neutralit\u00e4t eines k\u00fcnftigen vereinten Deutschlands, die unter polnischer Verwaltung stehenden Ostgebiete ausgenommen. Da zur selben Zeit unter der Regierung Adenauer in Geheimverhandlungen bereits die Wiederbewaffnung und der Beitritt zur NATO beschlossen wurden, boykottierten die westlichen Alliierten den sowjetischen Vorschlag. Auch Konrad Adenauer wies ihn als unseri\u00f6ses \u201eSt\u00f6rman\u00f6ver\u201c, mit dem die Westintegration der BRD blockiert werden sollte, zur\u00fcck und vergab damit die Chance f\u00fcr eine selbstbestimmte deutsche Politik.<\/p>\n<p>Stattdessen blieben die beiden deutschen Relikte, denen von den Siegerm\u00e4chten nach der bedingungslosen Kapitulation die Souver\u00e4nit\u00e4t aberkannt worden war, unter Fremdbestimmung, die erst nach und nach gelockert wurde. Nach herrschender Meinung erhielt dann die Bundesrepublik Deutschland als \u201emit dem Deutschen Reich identisches V\u00f6lkerrechtssubjekt\u201c[2] durch den Zwei-plus-Vier-Vertrag vom 12. September 1990 die \u201evolle Souver\u00e4nit\u00e4t\u201c zur\u00fcck (Artikel 7 Absatz 2), sodass \u2013 theoretisch \u2013 eine Neutralit\u00e4t Deutschlands heute erreichbar w\u00e4re.<\/p>\n<p>Das ist die offizielle Faktenlage.[3] Aber die Zubilligung der Souver\u00e4nit\u00e4t ist durch Zusatzvertr\u00e4ge, zum Beispiel den Truppenstationierungsvertrag, die NATO-Mitgliedschaft, das Milit\u00e4rb\u00fcndnis f\u00fcr \u201eSt\u00e4ndige Strukturierte Zusammenarbeit\u201c (PESCO)[4], sonstige milit\u00e4rische und wirtschaftliche Vereinbarungen sowie die \u00fcbergeordnete EU-Gesetzgebung relativiert worden. Insbesondere der au\u00dfenpolitische Handlungsspielraum ist aufgrund der alliierten Vorbehaltsrechte und Einflussm\u00f6glichkeiten eingeschr\u00e4nkt.[5]<\/p>\n<p>Zwar k\u00f6nnen Abkommen wie der Truppenstationierungsvertrag oder der NATO-Vertrag gek\u00fcndigt werden, Deutschland k\u00f6nnte auch aus der EU austreten, es ist jedoch au\u00dferordentlich fraglich, ob eine deutsche Regierung diesen Schritt wagen w\u00fcrde bzw. sich gegen\u00fcber den USA und Gro\u00dfbritannien behaupten k\u00f6nnte. Bekannt ist au\u00dferdem, dass sich die USA an keine Vertr\u00e4ge halten, sobald sie ihrer jeweiligen Regierung nicht mehr passen.<\/p>\n<p>Der CDU-Politiker Wolfgang Sch\u00e4uble[6], der die deutsche Politik jahrzehntelang ma\u00dfgeblich mit gepr\u00e4gt hat, sagte am 18. November 2011, also zwanzig Jahre nach der sogenannten Wiedervereinigung und dem Zwei-plus-Vier-Vertrag, anl\u00e4sslich des \u201eEuropean Banking Congress\u201c in Frankfurt am Main:<\/p>\n<p style=\"padding-left: 40px;\">\u201eDie Kritiker, die meinen, man m\u00fcsse eine Konkurrenz zwischen allen Politikbereichen haben, die gehen ja in Wahrheit von dem Regelungsmonopol des Nationalstaates aus. Das war die alte Ordnung, die dem V\u00f6lkerrecht noch zugrunde liegt mit dem Begriff der Souver\u00e4nit\u00e4t, die in Europa l\u00e4ngst ad absurdum gef\u00fchrt worden ist, sp\u00e4testens in den zwei Weltkriegen der ersten H\u00e4lfte des vergangenen Jahrhunderts. Und wir in Deutschland sind seit dem 8. Mai 1945 zu keinem Zeitpunkt mehr voll souver\u00e4n gewesen.\u201c[7]<\/p>\n<p>Das ist die Meinung eines erfahrenen Politikers.<\/p>\n<p>Im V\u00f6lkerrecht ist Souver\u00e4nit\u00e4t nach \u00e4lterer Rechtsauffassung die absolute Hoheit eines Staates \u00fcber sein innen- und au\u00dfenpolitisches Handeln.[8] Das ist f\u00fcr Deutschland erkennbar nicht gegeben. Doch nach neuerer v\u00f6lkerrechtlicher Auffassung kann ein Staat durch Vertr\u00e4ge mit anderen Staaten von bestimmten Rechten absehen, also eine Einschr\u00e4nkung seiner Souver\u00e4nit\u00e4t selbstbestimmt vornehmen. Das k\u00f6nnte f\u00fcr Deutschland infrage kommen. Allerdings sind verschiedene Einschr\u00e4nkungen, denen Deutschland unterliegt, nicht selbstbestimmt.<\/p>\n<p>Daher stellen sich folgende Fragen:<\/p>\n<ol>\n<li style=\"margin-bottom: 12px;\">Kann ein Land, dessen Bev\u00f6lkerung st\u00e4ndig belogen, betrogen und gedem\u00fctigt wird, das keinen Friedensvertrag hat und nach der Charta der Vereinten Nationen (Artikel 53 und 107) immer noch ein Feindstaat gegen\u00fcber den Siegerm\u00e4chten des Zweiten Weltkriegs ist, souver\u00e4n sein? Die Feindstaatenklausel besagt, dass Zwangsma\u00dfnahmen ohne besondere Erm\u00e4chtigung durch den UN-Sicherheitsrat verh\u00e4ngt werden k\u00f6nnten, was milit\u00e4rische Interventionen einschlie\u00dft, falls Deutschland erneut eine aggressive Politik verfolgen sollte. Was das bedeutet, ist weit auslegbar, und die Auslegung w\u00fcrde gegebenenfalls von den Siegerm\u00e4chten des Zweiten Weltkriegs erfolgen, also ma\u00dfgeblich von den USA.<\/li>\n<li style=\"margin-bottom: 12px;\">Kann ein Land mit elf riesigen Milit\u00e4rst\u00fctzpunkten der USA, die permanent ca. 37.000 Soldaten in Deutschland unter Waffen halten (u.a. Atomwaffen) und zu internationalen Konferenzen auf ihre Milit\u00e4rbasis Ramstein einladen, von der aus sie Drohnenmorde befehligen, souver\u00e4n sein?[9]<\/li>\n<li style=\"margin-bottom: 12px;\">Kann ein Land, in dem sich die Siegerm\u00e4chte des Zweiten Weltkriegs immer noch Befugnisse vorbehalten haben, souver\u00e4n sein? Es besteht die Auffassung, dass nach wie vor ein sogenanntes \u201eversteinertes Besatzungsrecht\u201c gilt,[10] das hei\u00dft \u201eBesatzungsrecht, welches bei Abschluss des \u201a\u00dcberleitungsvertrags\u2018 keinerlei Disposition f\u00fcr die deutsche Staatsgewalt unterlag\u201c, und von dem einzelne Bestimmungen weiterhin in Kraft bleiben.[11]<\/li>\n<li style=\"margin-bottom: 12px;\">Kann ein Land, dem widerspruchslos die g\u00fcnstige Energiezufuhr aus Russland abgeschnitten wird, das sich st\u00e4ndig Vorschriften machen und von der EU-Kommission nachteilige Gesetze aufzwingen l\u00e4sst, souver\u00e4n sein?<\/li>\n<\/ol>\n<p>Die Frage nach der Souver\u00e4nit\u00e4t Deutschlands ist ein schwieriges, die Bev\u00f6lkerung existenziell betreffendes Thema, das von offizieller Seite vermieden wird. Aber es w\u00e4re an der Zeit, es in den \u00f6ffentlichen Diskurs einzubringen, was aktuell von mehreren Friedensorganisationen versucht wird.<\/p>\n<h5><strong>Fazit<\/strong><\/h5>\n<p>Vielleicht k\u00f6nnte man sagen, Deutschland sei nicht vollst\u00e4ndig souver\u00e4n (falls es \u00fcberhaupt eine unvollst\u00e4ndige Souver\u00e4nit\u00e4t gibt), und mit einer selbstbewussten, eigenst\u00e4ndig agierenden Regierung w\u00e4re eine zumindest ann\u00e4hernde Souver\u00e4nit\u00e4t im Sinne einer neueren v\u00f6lkerrechtlichen Auffassung zu erreichen. Aber unter Ber\u00fccksichtigung der genannten Umst\u00e4nde liegt der Schluss nahe, dass die deutsche Regierung nicht selbstbestimmt zum Wohle der Bev\u00f6lkerung zu handeln vermag, Deutschland also nicht souver\u00e4n in dem Sinne ist, wie es im Zwei-plus-Vier-Vertrag kodifiziert wurde.<\/p>\n<p>Insofern stehen der Verwirklichung einer deutschen Neutralit\u00e4t, wodurch viele der heutigen Probleme zu l\u00f6sen w\u00e4ren, die derzeitigen realen Bedingungen entgegen. Intensive diplomatische Bem\u00fchungen auf h\u00f6chster Ebene w\u00e4ren n\u00f6tig, um den Weg in eine friedlichere Zukunft vorzubereiten. Daf\u00fcr besteht zurzeit wenig Hoffnung. Aber trotz nahezu un\u00fcberwindlich erscheinender H\u00fcrden sollte das Ziel, die Souver\u00e4nit\u00e4t und Neutralit\u00e4t Deutschlands, nicht aus den Augen verloren werden.<\/p>\n<p style=\"padding-left: 40px;\"><em>Der Schriftsteller und Publizist Dr. jur. <strong>Wolfgang Bittner<\/strong> lebt in G\u00f6ttingen und ist Mitglied des Deutschen Freidenker-Verbandes und seines Beirats. Er hat mehr als 80 B\u00fccher ver\u00f6ffentlicht; k\u00fcrzlich ist sein Buch \u201eGeopolitik im \u00dcberblick. Deutschland-USA-EU-Russland\u201c (siehe <a href=\"https:\/\/www.freidenker.org\/?p=22456\" target=\"_blank\" rel=\"noopener\">https:\/\/www.freidenker.org\/?p=22456<\/a>) erschienen. Er ist Erstunterzeichner des Aufrufs zur Neutralit\u00e4t Deutschlands.<\/em><\/p>\n<p>&nbsp;<\/p>\n<h5>Anmerkungen und Quellen<\/h5>\n<p>[1] Siehe <a href=\"http:\/\/www.nrhz.de\/flyer\/beitrag.php?id=29559&amp;css\">http:\/\/www.nrhz.de\/flyer\/beitrag.php?id=29559&amp;css<\/a><\/p>\n<p>[2]\u00a0 Vgl. <a href=\"https:\/\/www.bundestag.de\/webarchiv\/presse\/hib\/2015_06\/380964-380964\">www.bundestag.de\/webarchiv\/presse\/hib\/2015_06\/380964-380964<\/a><\/p>\n<p>[3]\u00a0 Dazu eingehend, aber schwach in der Argumentation, die Wissenschaftliche Dienste des deutschen Bundestages, \u201e\u00dcberleitungsvertrag und \u201aFeindstaatenklauseln\u2018 im Lichte der v\u00f6lkerrechtlichen Souver\u00e4nit\u00e4t der Bundesrepublik Deutschland\u201c: <a href=\"http:\/\/www.bundestag.de\/resource\/blob\/414956\/52aff2259e2e2ca57d71335748016458\/wd-2-108-06-pdf-data.pdf\">www.bundestag.de\/resource\/blob\/414956\/52aff2259e2e2ca57d71335748016458\/wd-2-108-06-pdf-data.pdf<\/a><\/p>\n<p>[4]\u00a0 Vgl. <em>Spiegel online<\/em>, 13. November 2017, <a href=\"http:\/\/www.spiegel.de\/politik\/ausland\/bruessel-23-eu-staaten-gruenden-pesco-zusammenarbeit-bei-verteidigung-a-1177685.html\">www.spiegel.de\/politik\/ausland\/bruessel-23-eu-staaten-gruenden-pesco-zusammenarbeit-bei-verteidigung-a-1177685.html<\/a><\/p>\n<p>[5] Dazu Sebastian Fries, \u201eZwischen Sicherheit und Souver\u00e4nit\u00e4t: Amerikanische Truppenstationierung und au\u00dfenpolitischer Handlungsspielraum der Bundesrepublik Deutschland\u201c, <a href=\"https:\/\/edoc.bbaw.de\/opus4-bbaw\/frontdoor\/deliver\/index\/docId\/359\/file\/26PiNaLFNd6L_327.pdf\">https:\/\/edoc.bbaw.de\/opus4-bbaw\/frontdoor\/deliver\/index\/docId\/359\/file\/26PiNaLFNd6L_327.pdf<\/a><\/p>\n<p>[6] Sch\u00e4uble (1942-2023) war von 1984 bis 1989 Bundesminister f\u00fcr besondere Aufgaben und Chef des Bundeskanzleramts, von 1989 bis 1991 und wieder von 2005 bis 2009 Bundesminister des Innern. Von Oktober 2009 bis Oktober 2017 war er Bundesminister der Finanzen und von 2017 bis 2021 Pr\u00e4sident des Deutschen Bundestages.<\/p>\n<p>[7]\u00a0 <a href=\"http:\/\/www.youtube.com\/watch?v=hdg8_9diL2E\">www.youtube.com\/watch?v=hdg8_9diL2E<\/a>\u00a0 (abgerufen am 15.10.2025). Vollst\u00e4ndiger Text:\u00a0 <a href=\"https:\/\/web.archive.org\/web\/20140912033413\/https:\/\/www.bundesfinanzministerium.de\/Content\/DE\/Reden\/2011\/2011-11-18-european-banking-congress.html\" target=\"_blank\" rel=\"noopener\">https:\/\/web.archive.org\/web\/20140912033413\/https:\/\/www.bundesfinanzministerium.de\/Content\/DE\/Reden\/2011\/2011-11-18-european-banking-congress.html<\/a><\/p>\n<p>[8]\u00a0 Vgl. dazu: Burkhard Sch\u00f6bener (Hrsg.), \u201eV\u00f6lkerrecht. Lexikon zentraler Begriffe und Themen, C.F. M\u00fcller, Heidelberg 2014, S. 393.<\/p>\n<p>[9] Dazu Wolfgang Bittner, \u201eNiemand soll hungern, ohne zu frieren\u201c, Verlag zeitgeist, H\u00f6hr-Grenzhausen 2024, S. 63 ff.<\/p>\n<p>[10] Siehe ebd.: \u201e\u00dcberleitungsvertrag und \u201aFeindstaatenklauseln\u2018 im Lichte der v\u00f6lkerrechtlichen Souver\u00e4nit\u00e4t der Bundesrepublik Deutschland\u201c, S. 7.<\/p>\n<p>[11] Dazu im Einzelnen: <a href=\"https:\/\/de.wikipedia.org\/wiki\/\u00dcberleitungsvertrag\">https:\/\/de.wikipedia.org\/wiki\/\u00dcberleitungsvertrag<\/a> (abgerufen am 15.10.2025).<\/p>\n<p>&nbsp;<\/p>\n<hr \/>\n<p><span style=\"font-size: 10pt;\">Bild oben: <a href=\"https:\/\/pixabay.com\/de\/photos\/bundesadler-alter-bundestag-bonn-2475738\/\" target=\"_blank\" rel=\"noopener\">pixabay.com<\/a> \/ <a class=\"userName--owby3\" href=\"https:\/\/pixabay.com\/de\/users\/instagramfotografin-5746148\/\" target=\"_blank\" rel=\"noopener\">InstagramFOTOGRAFIN<\/a> \/ <a href=\"https:\/\/pixabay.com\/de\/service\/license-summary\/\" target=\"_blank\" rel=\"noopener\">Inhaltslizenz<\/a><\/span><\/p>\n<p>&nbsp;<\/p>\n","protected":false},"excerpt":{"rendered":"<p><b>Von Wolfgang Bittner<\/b><br \/>\nJ\u00fcngst ist der Ruf nach einer Neutralit\u00e4t Deutschlands aufgekommen, die bereits 1952 von Stalin vorgeschlagen worden war. Damals unterbreitete er den anderen drei Hauptsiegerm\u00e4chten des Zweiten Weltkriegs das Angebot, \u00fcber einen Friedensvertrag mit Deutschland zu verhandeln. Bedingung war die Neutralit\u00e4t eines k\u00fcnftigen vereinten Deutschlands, die unter polnischer Verwaltung stehenden Ostgebiete ausgenommen. Da zur selben Zeit unter der Regierung Adenauer in Geheimverhandlungen bereits die Wiederbewaffnung und der Beitritt zur NATO beschlossen wurden, boykottierten die westlichen Alliierten den sowjetischen Vorschlag. Auch Konrad Adenauer wies ihn als unseri\u00f6ses \u201eSt\u00f6rman\u00f6ver\u201c, mit dem die Westintegration der BRD blockiert werden sollte, zur\u00fcck und vergab damit die Chance f\u00fcr eine selbstbestimmte deutsche Politik.<\/p>\n","protected":false},"author":3,"featured_media":23463,"comment_status":"closed","ping_status":"closed","sticky":false,"template":"","format":"standard","meta":{"colormag_page_container_layout":"default_layout","colormag_page_sidebar_layout":"default_layout","advanced_seo_description":"","jetpack_seo_html_title":"","jetpack_seo_noindex":false,"jetpack_post_was_ever_published":false,"footnotes":""},"categories":[12],"tags":[648,699,2004,452,627,1702,2080,2852,1521,1323,56,1571,2455,623,946,185],"class_list":["post-23461","post","type-post","status-publish","format-standard","has-post-thumbnail","hentry","category-demokratie-medien-aufklaerung","tag-2-weltkrieg","tag-aussenpolitik","tag-besatzung","tag-deutschland","tag-energiepolitik","tag-eu-kommission","tag-feindstaat","tag-fremdbestimmung","tag-friedensvertrag","tag-innenpolitik","tag-nato","tag-neutralitaet","tag-siegermaechte","tag-souveraenitaet","tag-un-charta","tag-usa"],"jetpack_featured_media_url":"https:\/\/i0.wp.com\/www.freidenker.org\/fw17\/wp-content\/uploads\/2025\/11\/federal-eagle-2475738_800x450.jpg?fit=800%2C450&ssl=1","jetpack_shortlink":"https:\/\/wp.me\/p9stpK-66p","jetpack-related-posts":[{"id":2990,"url":"https:\/\/www.freidenker.org\/?p=2990","url_meta":{"origin":23461,"position":0},"title":"Freidenker-Brief 5-2015: Sagt NEIN, \u00e4chtet Aggressionen, bannt die Weltkriegsgefahr!","author":"Webredaktion","date":"29. Juli 2015","format":false,"excerpt":"Erkl\u00e4rung zu Fragen von Krieg und Frieden, Juli 2015 Unter diesem Titel gibt es seit dem 23. Juli 2015 auf der Internet-Seite der Anti-NATO-Allianz eine Erkl\u00e4rung in Form eines Aufrufs an Bundestag und Bundesregierung mit folgenden Forderungen: - NATO-Vertrag k\u00fcndigen! - Truppenstationierungsvertrag per Friedensvertrag au\u00dfer Kraft setzen! - Mit Russland\u2026","rel":"","context":"In &quot;Freidenker-Brief&quot;","block_context":{"text":"Freidenker-Brief","link":"https:\/\/www.freidenker.org\/?cat=341"},"img":{"alt_text":"","src":"https:\/\/i0.wp.com\/www.freidenker.org\/fw17\/wp-content\/uploads\/2015\/07\/2015-09-26-dp-0010_800x445.jpg?fit=800%2C445&ssl=1&resize=350%2C200","width":350,"height":200,"srcset":"https:\/\/i0.wp.com\/www.freidenker.org\/fw17\/wp-content\/uploads\/2015\/07\/2015-09-26-dp-0010_800x445.jpg?fit=800%2C445&ssl=1&resize=350%2C200 1x, https:\/\/i0.wp.com\/www.freidenker.org\/fw17\/wp-content\/uploads\/2015\/07\/2015-09-26-dp-0010_800x445.jpg?fit=800%2C445&ssl=1&resize=525%2C300 1.5x, https:\/\/i0.wp.com\/www.freidenker.org\/fw17\/wp-content\/uploads\/2015\/07\/2015-09-26-dp-0010_800x445.jpg?fit=800%2C445&ssl=1&resize=700%2C400 2x"},"classes":[]},{"id":12801,"url":"https:\/\/www.freidenker.org\/?p=12801","url_meta":{"origin":23461,"position":1},"title":"Symbolischer Jahrestag: 100 Jahre Rapallo","author":"Webredaktion","date":"16. April 2022","format":false,"excerpt":"Beitrag von Wolfgang Sch\u00fcrer W\u00e4hrend der Weltwirtschaftskonferenz von Genua (10. April bis 19. Mai 1922) schlossen und ver\u00f6ffentlichten Deutschland und Sowjetrussland am 16. April 1922 in Rapallo (der Ort liegt s\u00fcd\u00f6stlich von Genua;) einen Vertrag, der die Wiederaufnahme der diplomatischen Beziehungen bestimmte und alle gegenseitigen Anspr\u00fcche aus der Zeit des\u2026","rel":"","context":"In &quot;Geschichte&quot;","block_context":{"text":"Geschichte","link":"https:\/\/www.freidenker.org\/?cat=1162"},"img":{"alt_text":"","src":"https:\/\/i0.wp.com\/www.freidenker.org\/fw17\/wp-content\/uploads\/2022\/04\/Bundesarchiv_Bild_183-R14433_Vertrag_von_Rapallo_800x450.jpg?fit=800%2C450&ssl=1&resize=350%2C200","width":350,"height":200,"srcset":"https:\/\/i0.wp.com\/www.freidenker.org\/fw17\/wp-content\/uploads\/2022\/04\/Bundesarchiv_Bild_183-R14433_Vertrag_von_Rapallo_800x450.jpg?fit=800%2C450&ssl=1&resize=350%2C200 1x, https:\/\/i0.wp.com\/www.freidenker.org\/fw17\/wp-content\/uploads\/2022\/04\/Bundesarchiv_Bild_183-R14433_Vertrag_von_Rapallo_800x450.jpg?fit=800%2C450&ssl=1&resize=525%2C300 1.5x, https:\/\/i0.wp.com\/www.freidenker.org\/fw17\/wp-content\/uploads\/2022\/04\/Bundesarchiv_Bild_183-R14433_Vertrag_von_Rapallo_800x450.jpg?fit=800%2C450&ssl=1&resize=700%2C400 2x"},"classes":[]},{"id":16242,"url":"https:\/\/www.freidenker.org\/?p=16242","url_meta":{"origin":23461,"position":2},"title":"Auch im &#8222;Frieden&#8220; soll Krieg herrschen","author":"Webredaktion","date":"7. Juni 2023","format":false,"excerpt":"Beitrag von Gert Ewen Ungar Die Geschichte Europas ist reich an Kriegen. Damit einher geht ein Reichtum an Friedensschl\u00fcssen in der Vergangenheit, denn irgendwann einmal ist jeder Krieg vorbei. Unter diesen Friedensschl\u00fcssen gab es gute und weniger gute. Ein Indikator f\u00fcr die Qualit\u00e4t des Friedensschlusses ist, wie lange der darauffolgende\u2026","rel":"","context":"In &quot;Frieden - Antifaschismus - Solidarit\u00e4t&quot;","block_context":{"text":"Frieden - Antifaschismus - Solidarit\u00e4t","link":"https:\/\/www.freidenker.org\/?cat=13"},"img":{"alt_text":"","src":"https:\/\/i0.wp.com\/www.freidenker.org\/fw17\/wp-content\/uploads\/2023\/06\/William_Orpen_-_The_Signing_of_Peace_in_the_Hall_of_Mirrors_800x450.jpg?fit=800%2C450&ssl=1&resize=350%2C200","width":350,"height":200,"srcset":"https:\/\/i0.wp.com\/www.freidenker.org\/fw17\/wp-content\/uploads\/2023\/06\/William_Orpen_-_The_Signing_of_Peace_in_the_Hall_of_Mirrors_800x450.jpg?fit=800%2C450&ssl=1&resize=350%2C200 1x, https:\/\/i0.wp.com\/www.freidenker.org\/fw17\/wp-content\/uploads\/2023\/06\/William_Orpen_-_The_Signing_of_Peace_in_the_Hall_of_Mirrors_800x450.jpg?fit=800%2C450&ssl=1&resize=525%2C300 1.5x, https:\/\/i0.wp.com\/www.freidenker.org\/fw17\/wp-content\/uploads\/2023\/06\/William_Orpen_-_The_Signing_of_Peace_in_the_Hall_of_Mirrors_800x450.jpg?fit=800%2C450&ssl=1&resize=700%2C400 2x"},"classes":[]},{"id":20258,"url":"https:\/\/www.freidenker.org\/?p=20258","url_meta":{"origin":23461,"position":3},"title":"Europas Weg in den Ersten Weltkrieg","author":"Webredaktion","date":"10. November 2024","format":false,"excerpt":"Historischer \u00dcberblick von\u00a0Wolfgang Sch\u00fcrer Die 22 Staaten in Europa 1914: 6 Staaten waren Gro\u00dfm\u00e4chte: Das Vereinigtes K\u00f6nigreich (mit dem Empire), Deutschland (mit Kolonien), Russland (Vielv\u00f6lkerstaat), Frankreich (mit Kolonien), \u00d6sterreich-Ungarn (Vielv\u00f6lkerstaat), Italien (mit Kolonien). Die T\u00fcrkei (damals das Osmanische Reich, ein Vielv\u00f6lkerstaat) und Spanien waren ehemalige Gro\u00dfm\u00e4chte. Die Niederlande, Belgien und\u2026","rel":"","context":"In &quot;Geschichte&quot;","block_context":{"text":"Geschichte","link":"https:\/\/www.freidenker.org\/?cat=1162"},"img":{"alt_text":"","src":"https:\/\/i0.wp.com\/www.freidenker.org\/fw17\/wp-content\/uploads\/2024\/11\/Der_Weltkrieg__Zigarettenalbum_6_800x450.jpg?fit=800%2C450&ssl=1&resize=350%2C200","width":350,"height":200,"srcset":"https:\/\/i0.wp.com\/www.freidenker.org\/fw17\/wp-content\/uploads\/2024\/11\/Der_Weltkrieg__Zigarettenalbum_6_800x450.jpg?fit=800%2C450&ssl=1&resize=350%2C200 1x, https:\/\/i0.wp.com\/www.freidenker.org\/fw17\/wp-content\/uploads\/2024\/11\/Der_Weltkrieg__Zigarettenalbum_6_800x450.jpg?fit=800%2C450&ssl=1&resize=525%2C300 1.5x, https:\/\/i0.wp.com\/www.freidenker.org\/fw17\/wp-content\/uploads\/2024\/11\/Der_Weltkrieg__Zigarettenalbum_6_800x450.jpg?fit=800%2C450&ssl=1&resize=700%2C400 2x"},"classes":[]},{"id":12959,"url":"https:\/\/www.freidenker.org\/?p=12959","url_meta":{"origin":23461,"position":4},"title":"Feindstaat Deutschland","author":"Webredaktion","date":"1. Mai 2022","format":false,"excerpt":"Kein Friedensvertrag, aber Einbindung in die US- und NATO-Aggression Beitrag von Wolfgang Bittner Nicht wenige Menschen wundern sich \u00fcber die Aggressionen, die von der Berliner Regierung gegen Russland ausgehen. Offensichtlich gibt es Vorgaben aus Washington. Aber warum geht die Bundesregierung, warum geht Kanzler Olaf Scholz darauf ein? Dazu ist es\u2026","rel":"","context":"In &quot;Frieden - Antifaschismus - Solidarit\u00e4t&quot;","block_context":{"text":"Frieden - Antifaschismus - Solidarit\u00e4t","link":"https:\/\/www.freidenker.org\/?cat=13"},"img":{"alt_text":"","src":"https:\/\/i0.wp.com\/www.freidenker.org\/fw17\/wp-content\/uploads\/2021\/02\/germany-3115774_800x450.jpg?fit=800%2C450&ssl=1&resize=350%2C200","width":350,"height":200,"srcset":"https:\/\/i0.wp.com\/www.freidenker.org\/fw17\/wp-content\/uploads\/2021\/02\/germany-3115774_800x450.jpg?fit=800%2C450&ssl=1&resize=350%2C200 1x, https:\/\/i0.wp.com\/www.freidenker.org\/fw17\/wp-content\/uploads\/2021\/02\/germany-3115774_800x450.jpg?fit=800%2C450&ssl=1&resize=525%2C300 1.5x, https:\/\/i0.wp.com\/www.freidenker.org\/fw17\/wp-content\/uploads\/2021\/02\/germany-3115774_800x450.jpg?fit=800%2C450&ssl=1&resize=700%2C400 2x"},"classes":[]},{"id":20650,"url":"https:\/\/www.freidenker.org\/?p=20650","url_meta":{"origin":23461,"position":5},"title":"Der Friedensvertrag von Brest-Litowsk, 3. M\u00e4rz 1918","author":"Webredaktion","date":"14. Januar 2025","format":false,"excerpt":"Historischer \u00dcberblick von\u00a0Wolfgang Sch\u00fcrer Die Ostfront verlief von der Ostsee bis zum Schwarzen Meer. Die Mittelm\u00e4chte hatten einige Teile des damaligen Russlands (Kongress-Polen, heutiges Litauen, S\u00fcden des heutigen Lettland) und den gr\u00f6\u00dferen Teil des damaligen Rum\u00e4niens besetzt. Russland hatte den \u00e4u\u00dfersten Nordosten des damaligen \u00d6sterreich-Ungarns besetzt. \u00a0[...] Am 07. November\u2026","rel":"","context":"In &quot;Geschichte&quot;","block_context":{"text":"Geschichte","link":"https:\/\/www.freidenker.org\/?cat=1162"},"img":{"alt_text":"","src":"https:\/\/i0.wp.com\/www.freidenker.org\/fw17\/wp-content\/uploads\/2025\/01\/Lev_Kamenev_arrives_at_Brest-Litovsk_800x450.jpg?fit=800%2C450&ssl=1&resize=350%2C200","width":350,"height":200,"srcset":"https:\/\/i0.wp.com\/www.freidenker.org\/fw17\/wp-content\/uploads\/2025\/01\/Lev_Kamenev_arrives_at_Brest-Litovsk_800x450.jpg?fit=800%2C450&ssl=1&resize=350%2C200 1x, https:\/\/i0.wp.com\/www.freidenker.org\/fw17\/wp-content\/uploads\/2025\/01\/Lev_Kamenev_arrives_at_Brest-Litovsk_800x450.jpg?fit=800%2C450&ssl=1&resize=525%2C300 1.5x, https:\/\/i0.wp.com\/www.freidenker.org\/fw17\/wp-content\/uploads\/2025\/01\/Lev_Kamenev_arrives_at_Brest-Litovsk_800x450.jpg?fit=800%2C450&ssl=1&resize=700%2C400 2x"},"classes":[]}],"_links":{"self":[{"href":"https:\/\/www.freidenker.org\/index.php?rest_route=\/wp\/v2\/posts\/23461","targetHints":{"allow":["GET"]}}],"collection":[{"href":"https:\/\/www.freidenker.org\/index.php?rest_route=\/wp\/v2\/posts"}],"about":[{"href":"https:\/\/www.freidenker.org\/index.php?rest_route=\/wp\/v2\/types\/post"}],"author":[{"embeddable":true,"href":"https:\/\/www.freidenker.org\/index.php?rest_route=\/wp\/v2\/users\/3"}],"replies":[{"embeddable":true,"href":"https:\/\/www.freidenker.org\/index.php?rest_route=%2Fwp%2Fv2%2Fcomments&post=23461"}],"version-history":[{"count":6,"href":"https:\/\/www.freidenker.org\/index.php?rest_route=\/wp\/v2\/posts\/23461\/revisions"}],"predecessor-version":[{"id":23521,"href":"https:\/\/www.freidenker.org\/index.php?rest_route=\/wp\/v2\/posts\/23461\/revisions\/23521"}],"wp:featuredmedia":[{"embeddable":true,"href":"https:\/\/www.freidenker.org\/index.php?rest_route=\/wp\/v2\/media\/23463"}],"wp:attachment":[{"href":"https:\/\/www.freidenker.org\/index.php?rest_route=%2Fwp%2Fv2%2Fmedia&parent=23461"}],"wp:term":[{"taxonomy":"category","embeddable":true,"href":"https:\/\/www.freidenker.org\/index.php?rest_route=%2Fwp%2Fv2%2Fcategories&post=23461"},{"taxonomy":"post_tag","embeddable":true,"href":"https:\/\/www.freidenker.org\/index.php?rest_route=%2Fwp%2Fv2%2Ftags&post=23461"}],"curies":[{"name":"wp","href":"https:\/\/api.w.org\/{rel}","templated":true}]}}