{"id":23412,"date":"2025-11-04T01:01:49","date_gmt":"2025-11-04T00:01:49","guid":{"rendered":"https:\/\/www.freidenker.org\/?p=23412"},"modified":"2025-11-30T13:23:21","modified_gmt":"2025-11-30T12:23:21","slug":"reiseroute-kriegsgefahr","status":"publish","type":"post","link":"https:\/\/www.freidenker.org\/?p=23412","title":{"rendered":"Reiseroute: Kriegsgefahr"},"content":{"rendered":"<h4>Sowjetunion\/Russland 1977, 2023\/24;\u00a0China 2025<\/h4>\n<p><em>von <strong>Wolfgang Effenberger<\/strong><\/em><\/p>\n<p><span style=\"font-size: 10pt;\">auch ver\u00f6ffentlicht am 31.10.2025 auf <a href=\"https:\/\/apolut.net\/reiseroute-kriegsgefahr-von-wolfgang-effenberger\/\" target=\"_blank\" rel=\"noopener\">apolut.net<\/a><\/span><\/p>\n<p>Nach 12 Jahren Dienstzeit beendete 1976 Wolfgang Effenberger seine Offizierslaufbahn. In seiner letzten Verwendung war er an der vorbreitenden Befehlsgebung gem\u00e4\u00df des General-Defense-Plans (GDP) &#8211; Ausschnitt Grenze zur damaligen Tschechoslowakei- beteiligt. Der GDP war nur einem eng begrenzten Kreis von Geheimnistr\u00e4gern (Streng geheim) zug\u00e4nglich, die einer intensiven Sicherheits\u00fcberpr\u00fcfung unterlagen (und somit auch nicht in den Ostblock h\u00e4tten reisen d\u00fcrfen).<\/p>\n<p>Um sich jenseits der beginnenden Nachr\u00fcstungs-Propaganda ein Bild zu machen, fuhr Effenberger dennoch.<\/p>\n<p><img data-recalc-dims=\"1\" loading=\"lazy\" decoding=\"async\" data-attachment-id=\"23440\" data-permalink=\"https:\/\/www.freidenker.org\/?attachment_id=23440\" data-orig-file=\"https:\/\/i0.wp.com\/www.freidenker.org\/fw17\/wp-content\/uploads\/2025\/11\/effenberger_reiseroute_01.jpg?fit=510%2C507&amp;ssl=1\" data-orig-size=\"510,507\" data-comments-opened=\"0\" data-image-meta=\"{&quot;aperture&quot;:&quot;0&quot;,&quot;credit&quot;:&quot;&quot;,&quot;camera&quot;:&quot;&quot;,&quot;caption&quot;:&quot;&quot;,&quot;created_timestamp&quot;:&quot;0&quot;,&quot;copyright&quot;:&quot;&quot;,&quot;focal_length&quot;:&quot;0&quot;,&quot;iso&quot;:&quot;0&quot;,&quot;shutter_speed&quot;:&quot;0&quot;,&quot;title&quot;:&quot;&quot;,&quot;orientation&quot;:&quot;0&quot;}\" data-image-title=\"effenberger_reiseroute_01\" data-image-description=\"\" data-image-caption=\"\" data-large-file=\"https:\/\/i0.wp.com\/www.freidenker.org\/fw17\/wp-content\/uploads\/2025\/11\/effenberger_reiseroute_01.jpg?fit=510%2C507&amp;ssl=1\" class=\"alignnone wp-image-23440 size-full\" src=\"https:\/\/i0.wp.com\/www.freidenker.org\/fw17\/wp-content\/uploads\/2025\/11\/effenberger_reiseroute_01.jpg?resize=510%2C507&#038;ssl=1\" alt=\"\" width=\"510\" height=\"507\" srcset=\"https:\/\/i0.wp.com\/www.freidenker.org\/fw17\/wp-content\/uploads\/2025\/11\/effenberger_reiseroute_01.jpg?w=510&amp;ssl=1 510w, https:\/\/i0.wp.com\/www.freidenker.org\/fw17\/wp-content\/uploads\/2025\/11\/effenberger_reiseroute_01.jpg?resize=300%2C298&amp;ssl=1 300w, https:\/\/i0.wp.com\/www.freidenker.org\/fw17\/wp-content\/uploads\/2025\/11\/effenberger_reiseroute_01.jpg?resize=150%2C150&amp;ssl=1 150w\" sizes=\"auto, (max-width: 510px) 100vw, 510px\" \/><\/p>\n<p>2007 hatte Altkanzler Helmut Schmidt und Herausgeber DER ZEIT in einer fl\u00e4chendeckenden Kampagne dar\u00fcber berichtet, dass er als Verteidigungsminister 1969 auf Pl\u00e4ne der NATO und der deutschen Milit\u00e4rs gesto\u00dfen sei, entlang der Zonengrenze (Grenze zu damaligen DDR) <em>\u201eHunderte atomarer Landminen zu vergraben\u201c.<\/em> Gemeinsam mit seinem US-Kollegen Melvin Laird habe er <em>\u201ediesen todgef\u00e4hrlichen Unfug\u201c (1)<\/em> jedoch beseitigen k\u00f6nnen.<\/p>\n<p><em>\u201eMit diesem \u201atodgef\u00e4hrlichen Unfug\u2018 habe ich mich 1973 als junger Pionierhauptmann besch\u00e4ftigen m\u00fcssen\u201c,<\/em> schrieb ich, inzwischen Major der Reserve, am 7. Dezember 2007 an Helmut Schmidt und die Zeit-Redaktion. <em>\u201eIn der Funktion als Mobilmachungssachbearbeiter eines Korps-Pionierbataillons musste ich den General-Defense-Plan umsetzen, w\u00e4hrend f\u00fcr meine Zweitverwendung als Wirkungsberater die Dienstanweisung u.\u00a0a. das Erkunden und Vorbereiten von \u201aAtomic Demolition Munition\u2018 (ADM)-Sperrpunkten vorsah.\u201c<\/em> Anfang der 80er-Jahre sei dies sogar <em>\u201eweiter gesteigert\u201c<\/em> worden. Die Pioniertruppe habe f\u00fcr das Versenken von Atomminen im Boden <em>\u201emodernste Bohrtechnik erhalten\u201c. <\/em>Bei der Explosion der Minen w\u00e4ren dann bis \u00fcber 200.000 Kubikmeter Erdreich in die Luft geschleudert worden <em>\u201eund nach einer Minute als verstrahlter Niederschlag auf Mensch und Tier geregnet. Das potentielle Schlachtfeld Deutschland war jedenfalls bestens pr\u00e4pariert f\u00fcr diese Art des Waffengangs mit dem Feind aus Osten.\u201c<\/em> Eine Antwort blieb aus.<\/p>\n<figure id=\"attachment_23439\" aria-describedby=\"caption-attachment-23439\" style=\"width: 744px\" class=\"wp-caption alignnone\"><img data-recalc-dims=\"1\" loading=\"lazy\" decoding=\"async\" data-attachment-id=\"23439\" data-permalink=\"https:\/\/www.freidenker.org\/?attachment_id=23439\" data-orig-file=\"https:\/\/i0.wp.com\/www.freidenker.org\/fw17\/wp-content\/uploads\/2025\/11\/effenberger_reiseroute_02.jpg?fit=744%2C252&amp;ssl=1\" data-orig-size=\"744,252\" data-comments-opened=\"0\" data-image-meta=\"{&quot;aperture&quot;:&quot;0&quot;,&quot;credit&quot;:&quot;&quot;,&quot;camera&quot;:&quot;&quot;,&quot;caption&quot;:&quot;&quot;,&quot;created_timestamp&quot;:&quot;0&quot;,&quot;copyright&quot;:&quot;&quot;,&quot;focal_length&quot;:&quot;0&quot;,&quot;iso&quot;:&quot;0&quot;,&quot;shutter_speed&quot;:&quot;0&quot;,&quot;title&quot;:&quot;&quot;,&quot;orientation&quot;:&quot;0&quot;}\" data-image-title=\"effenberger_reiseroute_02\" data-image-description=\"\" data-image-caption=\"\" data-large-file=\"https:\/\/i0.wp.com\/www.freidenker.org\/fw17\/wp-content\/uploads\/2025\/11\/effenberger_reiseroute_02.jpg?fit=744%2C252&amp;ssl=1\" class=\"wp-image-23439 size-full\" src=\"https:\/\/i0.wp.com\/www.freidenker.org\/fw17\/wp-content\/uploads\/2025\/11\/effenberger_reiseroute_02.jpg?resize=744%2C252&#038;ssl=1\" alt=\"\" width=\"744\" height=\"252\" srcset=\"https:\/\/i0.wp.com\/www.freidenker.org\/fw17\/wp-content\/uploads\/2025\/11\/effenberger_reiseroute_02.jpg?w=744&amp;ssl=1 744w, https:\/\/i0.wp.com\/www.freidenker.org\/fw17\/wp-content\/uploads\/2025\/11\/effenberger_reiseroute_02.jpg?resize=300%2C102&amp;ssl=1 300w\" sizes=\"auto, (max-width: 744px) 100vw, 744px\" \/><figcaption id=\"caption-attachment-23439\" class=\"wp-caption-text\"><span style=\"font-size: 10pt;\">Zum Nachweis: Auf dem Befehlspapier von 1973 habe ich die geheime Arbeitsplatzbeschreibung abgetippt. <\/span><br \/><span style=\"font-size: 10pt;\">ADM (Atomic Demolishion Munition) sind Atomsprenk\u00f6rper<\/span><\/figcaption><\/figure>\n<p>In der F\u00fchrungsvorschrift der Bundeswehr (TF\/G) Ziffer 3326: <em>Pioniere<\/em> wurde festgehalten:<br \/>\nBeim Gefecht unter atomaren Bedingungen eignen sich Atomsprengladungen besonders zum<br \/>\n&#8211; Unterbrechen des <strong>Verkehrsnetzes<\/strong> und zum<br \/>\n&#8211; nachhaltigen <strong>Sperren von Engen (2)<\/strong><\/p>\n<p><img data-recalc-dims=\"1\" loading=\"lazy\" decoding=\"async\" data-attachment-id=\"23438\" data-permalink=\"https:\/\/www.freidenker.org\/?attachment_id=23438\" data-orig-file=\"https:\/\/i0.wp.com\/www.freidenker.org\/fw17\/wp-content\/uploads\/2025\/11\/effenberger_reiseroute_03.jpg?fit=353%2C331&amp;ssl=1\" data-orig-size=\"353,331\" data-comments-opened=\"0\" data-image-meta=\"{&quot;aperture&quot;:&quot;0&quot;,&quot;credit&quot;:&quot;&quot;,&quot;camera&quot;:&quot;&quot;,&quot;caption&quot;:&quot;&quot;,&quot;created_timestamp&quot;:&quot;0&quot;,&quot;copyright&quot;:&quot;&quot;,&quot;focal_length&quot;:&quot;0&quot;,&quot;iso&quot;:&quot;0&quot;,&quot;shutter_speed&quot;:&quot;0&quot;,&quot;title&quot;:&quot;&quot;,&quot;orientation&quot;:&quot;0&quot;}\" data-image-title=\"effenberger_reiseroute_03\" data-image-description=\"\" data-image-caption=\"\" data-large-file=\"https:\/\/i0.wp.com\/www.freidenker.org\/fw17\/wp-content\/uploads\/2025\/11\/effenberger_reiseroute_03.jpg?fit=353%2C331&amp;ssl=1\" class=\"alignnone wp-image-23438 size-full\" src=\"https:\/\/i0.wp.com\/www.freidenker.org\/fw17\/wp-content\/uploads\/2025\/11\/effenberger_reiseroute_03.jpg?resize=353%2C331&#038;ssl=1\" alt=\"\" width=\"353\" height=\"331\" srcset=\"https:\/\/i0.wp.com\/www.freidenker.org\/fw17\/wp-content\/uploads\/2025\/11\/effenberger_reiseroute_03.jpg?w=353&amp;ssl=1 353w, https:\/\/i0.wp.com\/www.freidenker.org\/fw17\/wp-content\/uploads\/2025\/11\/effenberger_reiseroute_03.jpg?resize=300%2C281&amp;ssl=1 300w\" sizes=\"auto, (max-width: 353px) 100vw, 353px\" \/><\/p>\n<h5><strong>Sicherheitspolitische Situation der Bundesrepublik 1977<\/strong><\/h5>\n<p>F\u00fcr die \u201eStrategie der flexiblen Erwiderung\u201c (ab 1967 formell von der NATO angenommen) standen auf dem Gebiet der Bundesrepublik ann\u00e4hernd 2000 Atomsprengk\u00f6rper von kleinsten bis zu gr\u00f6\u00dften Detonationswerten bereit. (3)Von Jagdbombern ins Ziel geflogen, von Raketen als Gefechtskopf 30 bis 150 Kilometer ins Ziel getragen oder als Nuklear-Munition der Artillerie \u00fcber 15 Kilometer verschossen und letztlich als \u201eAtomminen\u201c von den Pionieren unter die Erde gebracht. Die Ziele legte allj\u00e4hrlich die nukleare Planungsgruppe der NATO im Handbuch \u201eNuclear Yield Requirements\u201c fest. Nach dem NATO-Operationsplan \u00a0(4) von 1981 sollten die Angriffsgruppierungen der Streitkr\u00e4fte des Warschauer Vertrags so nah wie m\u00f6glich an der Staatsgrenze BRD\/DDR zum Stehen gebracht und die eingebrochenen Kr\u00e4fte durch die F\u00fchrung von Gegenangriffen bzw. den Einsatz von Kernwaffen zerschlagen werden, wobei dem Einsatz von Nuklearwaffen als eskalierendem Element betr\u00e4chtliche Bedeutung beigemessen wurde. (5)<\/p>\n<p>Zudem war man \u00fcberzeugt, die Folgesch\u00e4den wie atomarer Niederschlag (Fallout), freigesetzte Strahlung und Kollateralsch\u00e4den kontrollieren und minimieren zu k\u00f6nnen. Das potenzielle Schlachtfeld Deutschland war jedenfalls bestens pr\u00e4pariert f\u00fcr diese Art des Waffengangs mit dem Feind aus Osten. (6)<\/p>\n<h5><strong>Manipulierte St\u00e4rkevergleiche zwischen NATO und Warschauer Vertragsstaaten<\/strong><\/h5>\n<p>In den 70er Jahren wurde es f\u00fcr viele bundesdeutsche Politiker und Journalisten fast schon ein Sport, die \u00dcberlegenheit des Warschauer Pakts mittels Piktogrammen samt akribischen Aufz\u00e4hlungen von Soldaten, Divisionen, Panzern und Flugzeugen nachzuweisen. Diese \u201eErbsenz\u00e4hlerei\u201c sagte indes wenig \u00fcber das tats\u00e4chliche Kr\u00e4fteverh\u00e4ltnis aus, da sie qualitative und milit\u00e4rstrategische Aspekte au\u00dfen vorlie\u00df. F\u00fcr die politischen Absichten im eigenen Land war sie jedoch \u00e4u\u00dferst wertvoll \u2013 erm\u00f6glichte sie doch unter dem Deckmantel der \u201eObjektivit\u00e4t von Zahlen\u201c eine gezielte Manipulation zur Erh\u00f6hung der Wehrbereitschaft und des Wehretats. (7) In diesem Sinne verwendete das Wei\u00dfbuch 1973\/1974 ausschlie\u00dflich Indikatoren, die eine \u00dcberlegenheit des Warschauer Pakts zu beweisen scheinen, w\u00e4hrend die eigenen R\u00fcstungsverst\u00e4rkungen unterbewertet oder \u00fcbergangen werden.<\/p>\n<p>Dabei hat man hier immer \u00c4pfel mit Birnen verglichen. Das Zauberwort f\u00fcr die NATO hie\u00df hier \u201eassignierte\u201c Verb\u00e4nde. Die Vertragsstaaten \u2013 bis auf die Bundesrepublik \u2013 unterstellten ja nur Teile ihrer Streitkr\u00e4fte der NATO. Und nur mit diesen unterstellten Truppen konnte der amerikanische NATO-Oberbefehlshaber in Br\u00fcssel rechnen. Dem sowjetischen Oberbefehlshaber unterstanden alle Truppen der WVO. Er musste jedoch davon ausgehen, dass im Kriegsfall die NATO-Partner mit nur einer Unterschrift alle Streitkr\u00e4fte den USA unterstellen w\u00fcrden.<\/p>\n<p>Die Darstellung der NATO und des Warschauer Pakts w\u00e4hrend des Kalten Krieges erfolgte h\u00e4ufig mit verzerrten Vergleichen, die die NATO systematisch in ein positives Licht r\u00fcckten und den Warschauer Pakt als \u00fcberm\u00e4\u00dfig militarisiert darstellten.<\/p>\n<p>Ein typisches Beispiel war die Gegen\u00fcberstellung von R\u00fcstungsausgaben anhand des Anteils am Bruttoinlandsprodukt (BIP), insbesondere in Berichten aus den 1970er Jahren.<\/p>\n<p>Oft wurde der Anteil der Verteidigungsausgaben am BIP direkt verglichen: 1977 etwa investierten die USA laut Sch\u00e4tzungen circa 3,4\u202f% ihres BIP in das Milit\u00e4r, wohingegen die Sowjetunion vermeintlich etwa 13,5\u202f% aufwandte. Aus diesen Zahlen wurde oftmals ein extremes strategisches \u00dcbergewicht des Ostblocks konstruiert.<\/p>\n<p>Die Vergleichbarkeit dieser Prozentwerte war jedoch stark eingeschr\u00e4nkt:<\/p>\n<p>Die volkswirtschaftlichen und statistischen Grundlagen der BIP-Berechnung unterschieden sich fundamental zwischen West und Ost, da die sozialistischen L\u00e4nder andere Preis-, Waren- und Leistungsstrukturen hatten.<\/p>\n<p>Die sowjetischen Zahlen waren oft in Rubel angegeben, deren Umrechnung in US-Dollar problematisch war und zu erheblichen Verzerrungen f\u00fchrte. (8)<\/p>\n<p>Trotz kennzahlenbasierter \u00dcbertreibungen konnten die Warschauer-Pakt-Staaten wirtschaftlich tats\u00e4chlich deutlich weniger in R\u00fcstung investieren als der Westen:<\/p>\n<p>Die westeurop\u00e4ischen Staaten sowie die USA verf\u00fcgten \u00fcber weit stabilere und gr\u00f6\u00dfere Wirtschaftssysteme, sodass nominell weniger Prozent vom BIP bereits gr\u00f6\u00dfere absolute Summen bedeuteten.<\/p>\n<p>Die technologische Leistungsf\u00e4higkeit und die Produktionsbedingungen im Westen waren dem Osten klar \u00fcberlegen, was sich in Waffentechnologie, Ausbildung und Forschungsbudgets niederschlug.<\/p>\n<p>Die h\u00e4ufig verwendeten Prozentvergleiche suggerierten ein sowjetisches \u00dcbergewicht, das in der Realit\u00e4t so nicht existierte. Die viel gr\u00f6\u00dferen absoluten Ausgaben, die unterschiedliche wirtschaftliche Leistungsf\u00e4higkeit und strukturelle Unterschiede zwischen den Wirtschaftssystemen machten direkte Vergleiche unsachlich und als Argumentationsgrundlage propagandistisch verzerrt. (9)<\/p>\n<h5><strong>1977 wurde von Helmut Schmidt die Nachr\u00fcstungsdebatte losgetreten<\/strong><\/h5>\n<p>Mit dem \u00f6ffentlichen Hinweis von Bundeskanzler Helmut Schmidt auf eine strategische Bedrohung durch die neuen sowjetischen SS-20-Mittelstreckenraketen wurde der Weg zu einer dramatischen Aufr\u00fcstung beschritten. Der Autor konnte damals diese Bedrohung keineswegs erkennen. Als ehemaliger Atomarer Wirkungsberater war er sogar dankbar f\u00fcr die Modernisierung der sowjetischen SS4 und SS5 durch SS20.<\/p>\n<p>Warum?<\/p>\n<p>Die beiden alten Systeme hatte eine Zielgenauigkeit im Kilometerbereich und trugen deshalb Sprengk\u00f6pfe im Megatonnenbereich. Die SS-20 traf dagegen im 100-Meterbereich. Zudem erm\u00f6glichten es die Mehrfachsprengk\u00f6pfe (MIRV), verschiedene milit\u00e4rische Objekte wie Kommandozentralen, Waffendepots oder Truppenstellungen pr\u00e4zise zu bek\u00e4mpfen. So erlaubte die h\u00f6here Genauigkeit eine flexible Reaktion und reduzierte Kollateralsch\u00e4den f\u00fcr die Zivilbev\u00f6lkerung. Das war ein wesentlicher Faktor f\u00fcr die ver\u00e4nderte milit\u00e4rische Einsatzdoktrin, die auf flexible, abgestufte Eskalation und den Abschreckungseffekt durch die gezielte Vernichtung von Schl\u00fcsselzielen setzte. Auch in der Reichweite gab es keine strategische Ver\u00e4nderung:<\/p>\n<table>\n<tbody>\n<tr>\n<td style=\"width: 90px; background-color: #d8ebe4; text-align: left; vertical-align: top;\" width=\"90\">System<\/td>\n<td style=\"background-color: #d8ebe4; width: 132px;\" width=\"132\">Sprengladung in Megatonnen<\/td>\n<td style=\"background-color: #d8ebe4; width: 104px;\" width=\"104\">Sprengk\u00f6pfe<\/td>\n<td style=\"background-color: #d8ebe4; width: 113px;\" width=\"113\">Reichweite in Tsd. km<\/td>\n<td style=\"background-color: #d8ebe4; width: 165px;\" width=\"165\">Zielgenauigkeit<\/td>\n<\/tr>\n<tr>\n<td width=\"90\">SS-4<\/td>\n<td width=\"132\">ca. 1 Megatonne<\/td>\n<td width=\"104\">1<\/td>\n<td width=\"113\">2 bis 2,5<\/td>\n<td width=\"165\">Kilometerbereich<\/td>\n<\/tr>\n<tr>\n<td width=\"90\">SS-5<\/td>\n<td width=\"132\">ca. 2-6<\/td>\n<td width=\"104\">1<\/td>\n<td width=\"113\">3,5 bis 4,1<\/td>\n<td width=\"165\">Kilometerbereich<\/td>\n<\/tr>\n<tr>\n<td width=\"90\">SS-20<\/td>\n<td width=\"132\">ca. 0,15 bis 0,5<\/td>\n<td width=\"104\">3<\/td>\n<td width=\"113\">4,5<\/td>\n<td width=\"165\">100-Meterbereich<\/td>\n<\/tr>\n<\/tbody>\n<\/table>\n<p>SS-4 und SS-5 konnten bereits ganz Europa bedrohen, nicht aber die USA. Das galt auch f\u00fcr die SS-20 (abgesehen von einem kleinen Teil Alaskas). Die hohe Zielgenauigkeit mit den geringeren Sprengk\u00f6pfen bedeutete, dass sie gezielter milit\u00e4rische Ziele treffen konnte und f\u00fcr die Zivilbev\u00f6lkerung tats\u00e4chlich ein geringeres Zerst\u00f6rungspotenzial pro Sprengkopf darstellte. Die SS-20 war mobil, schnell einsatzbereit und schwerer zu entdecken, w\u00e4hrend die \u00e4lteren Raketen station\u00e4r und umst\u00e4ndlich zu starten waren.<br \/>\nTrotz dieser technischen Fakten wurde in der \u00f6ffentlichen und politischen Debatte des Westens \u2013 insbesondere der NATO \u2013 die Bedrohung durch die SS-20 stark betont. Die Argumentation, die SS-20 erm\u00f6gliche der Sowjetunion einen \u201eabgekoppelten\u201c Atomkrieg gegen Europa ohne Einbeziehung der USA, wurde politisch genutzt, um die Nachr\u00fcstung zu rechtfertigen. Die technischen Unterschiede (Pr\u00e4zision, Sprengkraft, Zielsetzung) und die Tatsache, dass Europa bereits durch SS-4\/5 vollst\u00e4ndig bedroht war, wurden in der \u00f6ffentlichen Debatte kaum differenziert dargestellt.<\/p>\n<p>Die qualitative Verbesserung der SS-20 wurde politisch als neue Bedrohung dargestellt, w\u00e4hrend die tats\u00e4chlichen Unterschiede zu den Vorg\u00e4ngermodellen und die potenziell geringere Zerst\u00f6rungskraft f\u00fcr die Zivilbev\u00f6lkerung in der \u00f6ffentlichen Diskussion kaum thematisiert wurden. Die Argumente der NATO zielten auf politische Mobilisierung, nicht auf eine differenzierte technische Bewertung.<\/p>\n<figure id=\"attachment_23437\" aria-describedby=\"caption-attachment-23437\" style=\"width: 658px\" class=\"wp-caption alignnone\"><img data-recalc-dims=\"1\" loading=\"lazy\" decoding=\"async\" data-attachment-id=\"23437\" data-permalink=\"https:\/\/www.freidenker.org\/?attachment_id=23437\" data-orig-file=\"https:\/\/i0.wp.com\/www.freidenker.org\/fw17\/wp-content\/uploads\/2025\/11\/effenberger_reiseroute_04.jpg?fit=658%2C613&amp;ssl=1\" data-orig-size=\"658,613\" data-comments-opened=\"0\" data-image-meta=\"{&quot;aperture&quot;:&quot;0&quot;,&quot;credit&quot;:&quot;&quot;,&quot;camera&quot;:&quot;&quot;,&quot;caption&quot;:&quot;&quot;,&quot;created_timestamp&quot;:&quot;0&quot;,&quot;copyright&quot;:&quot;&quot;,&quot;focal_length&quot;:&quot;0&quot;,&quot;iso&quot;:&quot;0&quot;,&quot;shutter_speed&quot;:&quot;0&quot;,&quot;title&quot;:&quot;&quot;,&quot;orientation&quot;:&quot;0&quot;}\" data-image-title=\"effenberger_reiseroute_04\" data-image-description=\"\" data-image-caption=\"\" data-large-file=\"https:\/\/i0.wp.com\/www.freidenker.org\/fw17\/wp-content\/uploads\/2025\/11\/effenberger_reiseroute_04.jpg?fit=658%2C613&amp;ssl=1\" class=\"wp-image-23437 size-full\" src=\"https:\/\/i0.wp.com\/www.freidenker.org\/fw17\/wp-content\/uploads\/2025\/11\/effenberger_reiseroute_04.jpg?resize=658%2C613&#038;ssl=1\" alt=\"\" width=\"658\" height=\"613\" srcset=\"https:\/\/i0.wp.com\/www.freidenker.org\/fw17\/wp-content\/uploads\/2025\/11\/effenberger_reiseroute_04.jpg?w=658&amp;ssl=1 658w, https:\/\/i0.wp.com\/www.freidenker.org\/fw17\/wp-content\/uploads\/2025\/11\/effenberger_reiseroute_04.jpg?resize=300%2C279&amp;ssl=1 300w\" sizes=\"auto, (max-width: 658px) 100vw, 658px\" \/><figcaption id=\"caption-attachment-23437\" class=\"wp-caption-text\"><span style=\"font-size: 10pt;\">Durch die SS-20 gab es keine strategische Ver\u00e4nderung (Grafik: Archiv Effenberger)<\/span><\/figcaption><\/figure>\n<p>Aufgrund seiner Einsicht in die Kriegsplanung und aufgrund der Manipulation des St\u00e4rkevergleichs und der st\u00e4ndig \u00fcbertriebenen Bedrohungsanalysen hatte Wolfgang Effenberger schwerwiegende Zweifel an einer objektiven Berichterstattung der Medien und wollte sich trotz aller berechtigten Bedenken (Geheimnistr\u00e4ger) ein eigenes Bild machen. Angesichts der aufgeflammten Nachr\u00fcstungsdebatte wollte er erkunden, ob die Sowjetunion wirtschaftlich in der Lage war, einen l\u00e4ngeren Krieg zu f\u00fchren. Da die sowjetische R\u00fcstungsindustrie vor allem in der Region Swerdlowsk angesiedelt war (und noch ist), hoffte er, sich als Bauingenieur und Pionieroffizier ein Bild von der Wirtschaftskraft und dem Zustand der Infrastruktur machen zu k\u00f6nnen.<\/p>\n<h5><strong>Mit selbsterteiltem Erkundungsauftrag nach Irkutsk<\/strong><\/h5>\n<p><img data-recalc-dims=\"1\" loading=\"lazy\" decoding=\"async\" data-attachment-id=\"23436\" data-permalink=\"https:\/\/www.freidenker.org\/?attachment_id=23436\" data-orig-file=\"https:\/\/i0.wp.com\/www.freidenker.org\/fw17\/wp-content\/uploads\/2025\/11\/effenberger_reiseroute_05.jpg?fit=291%2C322&amp;ssl=1\" data-orig-size=\"291,322\" data-comments-opened=\"0\" data-image-meta=\"{&quot;aperture&quot;:&quot;0&quot;,&quot;credit&quot;:&quot;&quot;,&quot;camera&quot;:&quot;&quot;,&quot;caption&quot;:&quot;&quot;,&quot;created_timestamp&quot;:&quot;0&quot;,&quot;copyright&quot;:&quot;&quot;,&quot;focal_length&quot;:&quot;0&quot;,&quot;iso&quot;:&quot;0&quot;,&quot;shutter_speed&quot;:&quot;0&quot;,&quot;title&quot;:&quot;&quot;,&quot;orientation&quot;:&quot;0&quot;}\" data-image-title=\"effenberger_reiseroute_05\" data-image-description=\"\" data-image-caption=\"\" data-large-file=\"https:\/\/i0.wp.com\/www.freidenker.org\/fw17\/wp-content\/uploads\/2025\/11\/effenberger_reiseroute_05.jpg?fit=291%2C322&amp;ssl=1\" class=\"alignnone wp-image-23436 size-full\" src=\"https:\/\/i0.wp.com\/www.freidenker.org\/fw17\/wp-content\/uploads\/2025\/11\/effenberger_reiseroute_05.jpg?resize=291%2C322&#038;ssl=1\" alt=\"\" width=\"291\" height=\"322\" srcset=\"https:\/\/i0.wp.com\/www.freidenker.org\/fw17\/wp-content\/uploads\/2025\/11\/effenberger_reiseroute_05.jpg?w=291&amp;ssl=1 291w, https:\/\/i0.wp.com\/www.freidenker.org\/fw17\/wp-content\/uploads\/2025\/11\/effenberger_reiseroute_05.jpg?resize=271%2C300&amp;ssl=1 271w\" sizes=\"auto, (max-width: 291px) 100vw, 291px\" \/> <img data-recalc-dims=\"1\" loading=\"lazy\" decoding=\"async\" data-attachment-id=\"23435\" data-permalink=\"https:\/\/www.freidenker.org\/?attachment_id=23435\" data-orig-file=\"https:\/\/i0.wp.com\/www.freidenker.org\/fw17\/wp-content\/uploads\/2025\/11\/effenberger_reiseroute_06.jpg?fit=467%2C292&amp;ssl=1\" data-orig-size=\"467,292\" data-comments-opened=\"0\" data-image-meta=\"{&quot;aperture&quot;:&quot;0&quot;,&quot;credit&quot;:&quot;&quot;,&quot;camera&quot;:&quot;&quot;,&quot;caption&quot;:&quot;&quot;,&quot;created_timestamp&quot;:&quot;0&quot;,&quot;copyright&quot;:&quot;&quot;,&quot;focal_length&quot;:&quot;0&quot;,&quot;iso&quot;:&quot;0&quot;,&quot;shutter_speed&quot;:&quot;0&quot;,&quot;title&quot;:&quot;&quot;,&quot;orientation&quot;:&quot;0&quot;}\" data-image-title=\"effenberger_reiseroute_06\" data-image-description=\"\" data-image-caption=\"\" data-large-file=\"https:\/\/i0.wp.com\/www.freidenker.org\/fw17\/wp-content\/uploads\/2025\/11\/effenberger_reiseroute_06.jpg?fit=467%2C292&amp;ssl=1\" class=\"alignnone wp-image-23435 size-full\" src=\"https:\/\/i0.wp.com\/www.freidenker.org\/fw17\/wp-content\/uploads\/2025\/11\/effenberger_reiseroute_06.jpg?resize=467%2C292&#038;ssl=1\" alt=\"\" width=\"467\" height=\"292\" srcset=\"https:\/\/i0.wp.com\/www.freidenker.org\/fw17\/wp-content\/uploads\/2025\/11\/effenberger_reiseroute_06.jpg?w=467&amp;ssl=1 467w, https:\/\/i0.wp.com\/www.freidenker.org\/fw17\/wp-content\/uploads\/2025\/11\/effenberger_reiseroute_06.jpg?resize=300%2C188&amp;ssl=1 300w\" sizes=\"auto, (max-width: 467px) 100vw, 467px\" \/><\/p>\n<p>Die 1977 erstmalig von Studiosus angebotene Russlandfahrt mit der Transsibirischen Eisenbahn war in einer Zeit, in der Reisen in die Sowjetunion noch au\u00dfergew\u00f6hnlich waren, ein besonderes Erlebnis und gab die M\u00f6glichkeit, das &#8222;unbekannte Russland&#8220; intensiv kennenzulernen und mit Menschen und Kulturen jenseits des Eisernen Vorhangs in Kontakt zu kommen. (10)<\/p>\n<p>Nach den obligaten Besichtigungen in Moskau \u2013 Basiliuskathedrale, Lenin-Mausoleum usw. ging es dann ab dem 3. Tag mit der transsibirischen Eisenbahn durch die russische Tiefebene \u00fcber den Ural durch die Schwerindustrieregion Swerdlowsk nach Sibirien mit Zwischenstation Novosibirsk samt Besuch von Akademgorodog bis hin zum legend\u00e4ren Baikalsee bei Irkutsk.<\/p>\n<p>F\u00fcr die wechselnden Landschaften und die Weite Sibiriens samt den endlosen Birkenw\u00e4ldern, Steppen und Fl\u00fcssen, die durchaus ein Gef\u00fchl von Unendlichkeit und Abenteuer vermittelten, hatte der Kundschafter des Friedens wenig Zeit. Ihn interessierten vor allem die Infrastruktur entlang der Transsib samt angesiedelter Industrie. W\u00e4hrend der dreit\u00e4gigen Zugfahrt \u00fcber 5.000 Kilometer wurde der Fahrplan perfekt eingehalten, und die robuste Lokomotive arbeitete wie ein Uhrwerk. Die Eisenbahnbr\u00fccken \u00fcber Ob, Jenissei und Angara waren \u00e4ltere Stahlkonstruktionen und auf den ersten Blick in einem guten Zustand. Beeindruckend der zwischen 1950 und 1959 erbaute Staudamm an der Angara bei Irkutsk. Er hat eine installierte Leistung von 660 MW und staut die Angara bis zu einer H\u00f6he von etwa 28 Metern auf. Das waren die positiven Eindr\u00fccke. Fast durchweg erschienen die Fabrikanlagen jedoch in einem desolaten Zustand \u2013 \u00e4hnlich Bitterfeld 1989. Auf riesigen Rangierbahnh\u00f6fen standen beladene Waggons, durch deren Radnaben meterhoch das Unkraut wuchs, was auf mangelhafte Logistik schlie\u00dfen lie\u00df.<\/p>\n<p>Abschlie\u00dfend sollte \u00fcber Bratsk zur\u00fcck nach Moskau geflogen werden. Im Flughafengeb\u00e4ude von Irkutsk machte sich Wolfgang Effenberger, gedeckt von einem Store, bereit, das Vorfeld zu fotografieren.<\/p>\n<p><img data-recalc-dims=\"1\" loading=\"lazy\" decoding=\"async\" data-attachment-id=\"23434\" data-permalink=\"https:\/\/www.freidenker.org\/?attachment_id=23434\" data-orig-file=\"https:\/\/i0.wp.com\/www.freidenker.org\/fw17\/wp-content\/uploads\/2025\/11\/effenberger_reiseroute_07.jpg?fit=358%2C252&amp;ssl=1\" data-orig-size=\"358,252\" data-comments-opened=\"0\" data-image-meta=\"{&quot;aperture&quot;:&quot;0&quot;,&quot;credit&quot;:&quot;&quot;,&quot;camera&quot;:&quot;&quot;,&quot;caption&quot;:&quot;&quot;,&quot;created_timestamp&quot;:&quot;0&quot;,&quot;copyright&quot;:&quot;&quot;,&quot;focal_length&quot;:&quot;0&quot;,&quot;iso&quot;:&quot;0&quot;,&quot;shutter_speed&quot;:&quot;0&quot;,&quot;title&quot;:&quot;&quot;,&quot;orientation&quot;:&quot;0&quot;}\" data-image-title=\"effenberger_reiseroute_07\" data-image-description=\"\" data-image-caption=\"\" data-large-file=\"https:\/\/i0.wp.com\/www.freidenker.org\/fw17\/wp-content\/uploads\/2025\/11\/effenberger_reiseroute_07.jpg?fit=358%2C252&amp;ssl=1\" class=\"alignnone wp-image-23434 size-full\" src=\"https:\/\/i0.wp.com\/www.freidenker.org\/fw17\/wp-content\/uploads\/2025\/11\/effenberger_reiseroute_07.jpg?resize=358%2C252&#038;ssl=1\" alt=\"\" width=\"358\" height=\"252\" srcset=\"https:\/\/i0.wp.com\/www.freidenker.org\/fw17\/wp-content\/uploads\/2025\/11\/effenberger_reiseroute_07.jpg?w=358&amp;ssl=1 358w, https:\/\/i0.wp.com\/www.freidenker.org\/fw17\/wp-content\/uploads\/2025\/11\/effenberger_reiseroute_07.jpg?resize=300%2C211&amp;ssl=1 300w\" sizes=\"auto, (max-width: 358px) 100vw, 358px\" \/><\/p>\n<p>In unmittelbarer N\u00e4he parkten zwei zweimotoriges Propeller-Transportflugzeuge vom Typ Iljuschin Il-14. Nachdem Dutzende von B\u00e4uerinnen mit ihren Gem\u00fcse- und Obstk\u00f6rben die Maschinen bestiegen hatten, flogen sie nach Moskau \u2013 wer wurde denn dort damit versorgt? Nun war das Vorfeld frei. In ca. 1.000 Meter Entfernung standen in der Morgensonne glitzernd neue MIG-21 \u2013 die Ikonen des Kalten Krieges.<\/p>\n<p><img data-recalc-dims=\"1\" loading=\"lazy\" decoding=\"async\" data-attachment-id=\"23433\" data-permalink=\"https:\/\/www.freidenker.org\/?attachment_id=23433\" data-orig-file=\"https:\/\/i0.wp.com\/www.freidenker.org\/fw17\/wp-content\/uploads\/2025\/11\/effenberger_reiseroute_08.jpg?fit=361%2C192&amp;ssl=1\" data-orig-size=\"361,192\" data-comments-opened=\"0\" data-image-meta=\"{&quot;aperture&quot;:&quot;0&quot;,&quot;credit&quot;:&quot;&quot;,&quot;camera&quot;:&quot;&quot;,&quot;caption&quot;:&quot;&quot;,&quot;created_timestamp&quot;:&quot;0&quot;,&quot;copyright&quot;:&quot;&quot;,&quot;focal_length&quot;:&quot;0&quot;,&quot;iso&quot;:&quot;0&quot;,&quot;shutter_speed&quot;:&quot;0&quot;,&quot;title&quot;:&quot;&quot;,&quot;orientation&quot;:&quot;0&quot;}\" data-image-title=\"effenberger_reiseroute_08\" data-image-description=\"\" data-image-caption=\"\" data-large-file=\"https:\/\/i0.wp.com\/www.freidenker.org\/fw17\/wp-content\/uploads\/2025\/11\/effenberger_reiseroute_08.jpg?fit=361%2C192&amp;ssl=1\" class=\"alignnone wp-image-23433 size-full\" src=\"https:\/\/i0.wp.com\/www.freidenker.org\/fw17\/wp-content\/uploads\/2025\/11\/effenberger_reiseroute_08.jpg?resize=361%2C192&#038;ssl=1\" alt=\"\" width=\"361\" height=\"192\" srcset=\"https:\/\/i0.wp.com\/www.freidenker.org\/fw17\/wp-content\/uploads\/2025\/11\/effenberger_reiseroute_08.jpg?w=361&amp;ssl=1 361w, https:\/\/i0.wp.com\/www.freidenker.org\/fw17\/wp-content\/uploads\/2025\/11\/effenberger_reiseroute_08.jpg?resize=300%2C160&amp;ssl=1 300w\" sizes=\"auto, (max-width: 361px) 100vw, 361px\" \/><\/p>\n<p>Die sowjetische Luftwaffe war also in jeder Hinsicht ernst zu nehmen. In diesem Moment n\u00e4herten sich Stiefelschritte. Ein sowjetischer Luftwaffenhauptmann schob den Store beiseite und deute mit zugekniffenen Lippen, die Kamera einzupacken. Im gleichen Moment hatte Wolfgang Effenberger ihm die \u00fcberkreuzten H\u00e4nde entgegengehalten, ihm war klar: Das bedeutet jetzt mindestens zwei Jahre im Gulag. Doch &#8211; nichts. Der Hauptmann entfernte sich stillschweigend.<\/p>\n<h5><strong>Nun galt es, die Erkenntnisse in die Nachr\u00fcstungsdebatte einzubringen<\/strong><\/h5>\n<p>Da f\u00fcgte es sich, dass Hauptmann Effenberger mit weiteren Reserveoffizieren vom Leutnant bis zum Oberstleutnant Ende Januar 1978 zu einer mehrt\u00e4tigen \u00dcbung an die Schule f\u00fcr Innere F\u00fchrung einberufen wurde.<\/p>\n<p><img data-recalc-dims=\"1\" loading=\"lazy\" decoding=\"async\" data-attachment-id=\"23432\" data-permalink=\"https:\/\/www.freidenker.org\/?attachment_id=23432\" data-orig-file=\"https:\/\/i0.wp.com\/www.freidenker.org\/fw17\/wp-content\/uploads\/2025\/11\/effenberger_reiseroute_09.jpg?fit=293%2C181&amp;ssl=1\" data-orig-size=\"293,181\" data-comments-opened=\"0\" data-image-meta=\"{&quot;aperture&quot;:&quot;0&quot;,&quot;credit&quot;:&quot;&quot;,&quot;camera&quot;:&quot;&quot;,&quot;caption&quot;:&quot;&quot;,&quot;created_timestamp&quot;:&quot;0&quot;,&quot;copyright&quot;:&quot;&quot;,&quot;focal_length&quot;:&quot;0&quot;,&quot;iso&quot;:&quot;0&quot;,&quot;shutter_speed&quot;:&quot;0&quot;,&quot;title&quot;:&quot;&quot;,&quot;orientation&quot;:&quot;0&quot;}\" data-image-title=\"effenberger_reiseroute_09\" data-image-description=\"\" data-image-caption=\"\" data-large-file=\"https:\/\/i0.wp.com\/www.freidenker.org\/fw17\/wp-content\/uploads\/2025\/11\/effenberger_reiseroute_09.jpg?fit=293%2C181&amp;ssl=1\" class=\"alignnone wp-image-23432 size-full\" src=\"https:\/\/i0.wp.com\/www.freidenker.org\/fw17\/wp-content\/uploads\/2025\/11\/effenberger_reiseroute_09.jpg?resize=293%2C181&#038;ssl=1\" alt=\"\" width=\"293\" height=\"181\" \/><\/p>\n<p>Inzwischen war das Thema Nachr\u00fcstung angesichts der damaligen politischen Lage in Europa besonders relevant und sollte auch an der Schule entsprechend intensiv behandelt werden. Die Offiziere sollten Argumente f\u00fcr die Nachr\u00fcstung finden. Effenberger trug dort seine Erkundungsergebnisse vor und wurde von einigen Teilnehmern verd\u00e4chtigt, nun hier als Doppelspion t\u00e4tig zu sein, da sich die Wenigsten vorstellen konnten, dass man ihn in Irkutsk hat unbehelligt hat laufen lassen. Effenberger erwartete nun, dass er sich wegen seines Dienstvergehens verantworten m\u00fcsste. Doch nichts geschah. Am letzten Abend fand in einem Weinkeller eine Weinprobe statt. Effenberger wurde in einen Nebenraum befohlen \u2013 endlich der MAD? Nein, es war der stellvertretende Schulkommandeur. Er hatte einen Tisch mit K\u00f6stlichkeiten vorbereitet und w\u00fcnschte sich nur, sich mit ihm unterhalten zu k\u00f6nnen. Er selbst sei in seinen Studien zum gleichen Ergebnis gekommen, es wolle aber niemand h\u00f6ren. Er bat Herrn Effenberger um Verst\u00e4ndnis daf\u00fcr, dass er nicht mutiger war, und verwies auf seine j\u00fcngste Tochter, die im n\u00e4chsten Jahr in Koblenz ihr Abitur machen w\u00fcrde. Er habe nur noch drei Dienstjahre und wolle seiner Familie nicht noch einen Umzug zumuten.<\/p>\n<p>Drei weitere Reisen f\u00fchrten Wolfgang Effenberger sp\u00e4ter nach Russland:<\/p>\n<ul>\n<li>2017 \u00a0\u00a0 als Redner anl\u00e4sslich einer Kongresswoche schweizerischer Anthroposophen in\u00a0Petersburg w\u00e4hrend der Gedenkfeiern 100 Jahre russische Revolution<\/li>\n<li>2023\u00a0\u00a0\u00a0 nach Jekaterinburg zu Gesch\u00e4ftsfreunden, dort Abendessen mit dem deutschen\u00a0Generalkonsul<\/li>\n<li>2024 Anl\u00e4sslich des 300. Geburtstags von Immanuel Kant, Rede vor dem Kantdenkmal<br \/>\nAufzurufen unter: <a href=\"https:\/\/wolfgangeffenberger.com\/zusatz.php?Lang=de&amp;SeiteID=REDEN&amp;SeiteIDNr=24\" target=\"_blank\" rel=\"noopener\">https:\/\/wolfgangeffenberger.com\/zusatz.php?Lang=de&amp;SeiteID=REDEN&amp;SeiteIDNr=24<\/a><\/li>\n<\/ul>\n<h5><strong>Erkundungsreise durch China <\/strong><\/h5>\n<p><img data-recalc-dims=\"1\" loading=\"lazy\" decoding=\"async\" data-attachment-id=\"23431\" data-permalink=\"https:\/\/www.freidenker.org\/?attachment_id=23431\" data-orig-file=\"https:\/\/i0.wp.com\/www.freidenker.org\/fw17\/wp-content\/uploads\/2025\/11\/effenberger_reiseroute_10.jpg?fit=908%2C455&amp;ssl=1\" data-orig-size=\"908,455\" data-comments-opened=\"0\" data-image-meta=\"{&quot;aperture&quot;:&quot;0&quot;,&quot;credit&quot;:&quot;&quot;,&quot;camera&quot;:&quot;&quot;,&quot;caption&quot;:&quot;&quot;,&quot;created_timestamp&quot;:&quot;0&quot;,&quot;copyright&quot;:&quot;&quot;,&quot;focal_length&quot;:&quot;0&quot;,&quot;iso&quot;:&quot;0&quot;,&quot;shutter_speed&quot;:&quot;0&quot;,&quot;title&quot;:&quot;&quot;,&quot;orientation&quot;:&quot;0&quot;}\" data-image-title=\"effenberger_reiseroute_10\" data-image-description=\"\" data-image-caption=\"\" data-large-file=\"https:\/\/i0.wp.com\/www.freidenker.org\/fw17\/wp-content\/uploads\/2025\/11\/effenberger_reiseroute_10.jpg?fit=800%2C401&amp;ssl=1\" class=\"alignnone wp-image-23431\" src=\"https:\/\/i0.wp.com\/www.freidenker.org\/fw17\/wp-content\/uploads\/2025\/11\/effenberger_reiseroute_10.jpg?resize=800%2C401&#038;ssl=1\" alt=\"\" width=\"800\" height=\"401\" srcset=\"https:\/\/i0.wp.com\/www.freidenker.org\/fw17\/wp-content\/uploads\/2025\/11\/effenberger_reiseroute_10.jpg?w=908&amp;ssl=1 908w, https:\/\/i0.wp.com\/www.freidenker.org\/fw17\/wp-content\/uploads\/2025\/11\/effenberger_reiseroute_10.jpg?resize=300%2C150&amp;ssl=1 300w, https:\/\/i0.wp.com\/www.freidenker.org\/fw17\/wp-content\/uploads\/2025\/11\/effenberger_reiseroute_10.jpg?resize=768%2C385&amp;ssl=1 768w\" sizes=\"auto, (max-width: 800px) 100vw, 800px\" \/><\/p>\n<p><img data-recalc-dims=\"1\" loading=\"lazy\" decoding=\"async\" data-attachment-id=\"23430\" data-permalink=\"https:\/\/www.freidenker.org\/?attachment_id=23430\" data-orig-file=\"https:\/\/i0.wp.com\/www.freidenker.org\/fw17\/wp-content\/uploads\/2025\/11\/effenberger_reiseroute_11.jpg?fit=673%2C664&amp;ssl=1\" data-orig-size=\"673,664\" data-comments-opened=\"0\" data-image-meta=\"{&quot;aperture&quot;:&quot;0&quot;,&quot;credit&quot;:&quot;&quot;,&quot;camera&quot;:&quot;&quot;,&quot;caption&quot;:&quot;&quot;,&quot;created_timestamp&quot;:&quot;0&quot;,&quot;copyright&quot;:&quot;&quot;,&quot;focal_length&quot;:&quot;0&quot;,&quot;iso&quot;:&quot;0&quot;,&quot;shutter_speed&quot;:&quot;0&quot;,&quot;title&quot;:&quot;&quot;,&quot;orientation&quot;:&quot;0&quot;}\" data-image-title=\"effenberger_reiseroute_11\" data-image-description=\"\" data-image-caption=\"\" data-large-file=\"https:\/\/i0.wp.com\/www.freidenker.org\/fw17\/wp-content\/uploads\/2025\/11\/effenberger_reiseroute_11.jpg?fit=673%2C664&amp;ssl=1\" class=\"alignnone wp-image-23430 size-full\" src=\"https:\/\/i0.wp.com\/www.freidenker.org\/fw17\/wp-content\/uploads\/2025\/11\/effenberger_reiseroute_11.jpg?resize=673%2C664&#038;ssl=1\" alt=\"\" width=\"673\" height=\"664\" srcset=\"https:\/\/i0.wp.com\/www.freidenker.org\/fw17\/wp-content\/uploads\/2025\/11\/effenberger_reiseroute_11.jpg?w=673&amp;ssl=1 673w, https:\/\/i0.wp.com\/www.freidenker.org\/fw17\/wp-content\/uploads\/2025\/11\/effenberger_reiseroute_11.jpg?resize=300%2C296&amp;ssl=1 300w\" sizes=\"auto, (max-width: 673px) 100vw, 673px\" \/><\/p>\n<p>Der Entschluss, eine Erkundungsreise durch China zu machen, geht auf das TRADOC-Dokument \u201c<em>Win in a Complex World 2020-2040<\/em>\u201d vom September 2014 \u2013 ein halbes Jahr nach dem vom Westen orchestrierten Putsch auf dem Maidan \u2013 zur\u00fcck. Darin erhielten die US-Streitkr\u00e4fte den Auftrag, in den beiden Dekaden die von China und Russland ausgehende &#8222;Bedrohung abzubauen&#8220;.<\/p>\n<p>\u201e<em>Win in a Complex World<\/em>\u201c dient im Kern der <strong>milit\u00e4rischen Sicherung<\/strong> der unipolaren Weltmachtstellung der USA.<\/p>\n<p>Es beschreibt, wie das US-Milit\u00e4r in einem vielschichtigen globalen Wettbewerb gegen China, Russland und andere Rivalen operieren soll, um die USA als dominante Macht zu behaupten und ihre strategischen Interessen langfristig zu wahren. (11)<\/p>\n<p>Das Dokument ist eng mit der nationalen Sicherheitsstrategie vom Oktober 2022 verbunden, die explizit eine dauerhafte \u00dcberlegenheit der USA anstrebt. (12)<\/p>\n<p>Diese dauerhafte Sicherung von Vorteilen ist Ausdruck eines imperialistischen Selbstverst\u00e4ndnisses.<\/p>\n<p>Die US-Streitkr\u00e4fte sollen in einem Multidomain-Ansatz (Land, Luft, See, Weltraum, Cyber) aggressive Gegenma\u00dfnahmen ergreifen, um Konkurrenten \u201ezu penetrieren, zu disintegrieren und auszunutzen\u201c und so die Handlungsspielr\u00e4ume der Gegner zu minimieren.<\/p>\n<p>Schon in den Vorg\u00e4ngerdokumenten (13) wurde die Rolle der US-Streitkr\u00e4fte f\u00fcr das 21. Jahrhundert umrissen, des \u201e<em>Jahrhunderts des weltweiten Kriegs widerstreitender Ideologien<\/em>\u201c. (14) Darauf sollte sich die US-Armee einstellen und zwei Pr\u00e4missen beachten: \u201e<em>den rapiden technischen Wandel und die Neuordnung der Geostrategie\u201c<\/em>. (15) Dazu sah das strategische Instrumentarium neben dem Krieg zwischen Gro\u00dfm\u00e4chten (General War), dem gr\u00f6\u00dferen Regionalkrieg (Major Regional Conflict) und dem begrenzten Regionalkrieg (Limited Regional Conflict) auch die Einflussnahme durch OOTW (Operations Other Than War) vor. Der Weg in den beabsichtigten Krieg f\u00fchrt \u00fcber die gezielte Destabilisierung des Staates, bei dem man zum eigenen Vorteil einen \u201eRegime Change\u201c herbeif\u00fchren will. Die in dem TRADOC-Dokument von 1994 beschriebenen Stufen sind in der Ukraine gut zu beobachten: Aufruhr (Maidan), Krise (Slawjansk) und Konflikt (Krim) und schlie\u00dflich der Krieg.<\/p>\n<p>Der unter Pr\u00e4sident Donald Trump eingesetzte US-Sondergesandte f\u00fcr die Ukraine und Russland,<\/p>\n<p>General Keith Kellogg \u2013 er hat im M\u00e4rz 2025 auf Druck Putins seine Zust\u00e4ndigkeit f\u00fcr Russland verloren \u2013 agiert nun haupts\u00e4chlich als Verbindung zwischen den USA und der ukrainischen F\u00fchrung. In der Senatsanh\u00f6rung vom 28. Februar 2023 hat sich General Kellogg \u00fcber den Fall, dass die Ukraine auf dem Schlachtfeld in die Knie gezwungen werden sollte, dahingehend ge\u00e4u\u00dfert, dass sich der Krieg dann zu einem umfassenderen regionalen Konflikt ausweiten k\u00f6nnte, in den auch andere europ\u00e4ische Verb\u00fcndete der Vereinigten Staaten verwickelt werden. (16)<\/p>\n<p>Senator Rick Scott befragte den 3-Sterne-General Keith Kellogg:<\/p>\n<p style=\"padding-left: 40px;\">\u201e<strong>Aber warum hat Deutschland nicht seinen Teil zur t\u00f6dlichen Hilfe beigetragen<\/strong>?\u201c<\/p>\n<p>Die Antwort des Generals:<\/p>\n<p>\u201eIch glaube, Deutschland spielt in Europa im Moment keine Rolle mehr\u201c.<br \/>\nAnschlie\u00dfend schw\u00e4rmte der General dem Senator vor:<\/p>\n<p>\u201eWenn man einen <strong>strategischen Gegner besiegen<\/strong> kann und dabei keine US-Truppen einsetzt,<\/p>\n<p>ist man auf dem <strong>Gipfel der Professionalit\u00e4t<\/strong>, denn wenn man die Ukrainer siegen l\u00e4sst, ist ein strategischer Gegner vom Tisch, und wir k\u00f6nnen uns auf das konzentrieren, was wir gegen unseren Hauptgegner tun sollten, und das ist im Moment China&#8230; wenn wir dabei scheitern, \u2026 m\u00fcssen wir vielleicht einen weiteren europ\u00e4ischen Krieg f\u00fchren, das w\u00e4re dann das dritte Mal.\u201c (17) Nun, die USA scheitern gerade in der Ukraine!<\/p>\n<p>K\u00f6nnte nun laut General Keith Kellogg der <strong>dritte gro\u00dfe europ\u00e4ische Krieg<\/strong> kommen?<\/p>\n<p>Die USA scheinen in einer Situation zu sein, in der als Ausweg nur noch der umfassende Krieg gesehen werden kann. Die milit\u00e4rischen und infrastrukturellen Vorbereitungen laufen zumindest auf Hochtouren.<\/p>\n<p>Vor diesem Hintergrund wurde die KI (Perplexity\/Deep Seek) befragt:<\/p>\n<p style=\"padding-left: 40px;\">Welche Relevanz hat heute das US-Langzeitstrategie-Papier \u201e<em>Win in a Complex World 2020-2040<\/em>\u201c?<\/p>\n<p>Die Antwort war deutlich:<\/p>\n<p style=\"padding-left: 40px;\"><em>\u201e\u2026hat heute gro\u00dfe Relevanz f\u00fcr die Ausrichtung und Entwicklung der US-Armee und ihrer operationellen Konzepte. <\/em><\/p>\n<p style=\"padding-left: 40px;\"><em>Nach Punkt 2.4 und Kernabschnitten des US-Strategiepapiers \u201eWin in a Complex World 2020\u20132040\u201c ist das explizite Ziel der US-Streitkr\u00e4fte, im Verbund mit Alliierten und multinationalen Kr\u00e4ften den von Russland und China ausgehenden Bedrohungen aktiv zu begegnen, sie abzubauen und im Ernstfall milit\u00e4risch zu siegen. Das Dokument nimmt dabei eine klare sicherheitspolitische Ausrichtung auf die M\u00f6glichkeit auch gro\u00dfangelegter Konflikte und Kriege gegen technologische und milit\u00e4rische Gleiche oder ann\u00e4hernd Gleichwertige wie eben Russland und China.\u201c<\/em><\/p>\n<p>W\u00e4hrend in Deutschland die Leitmedien dieses Dokument kaum oder gar nicht thematisieren,\u00a0ist es in der restlichen Welt durchaus von Bedeutung. China scheint sich der drohenden Gefahr bewusst zu sein und macht einen \u2013 milit\u00e4risch wie mental \u2013 verteidigungsbereiten Eindruck. Das war f\u00fcr die Welt am 3. September 2025 \u2013 dem 80. Jahrestag des Sieges \u00fcber Japan und damit dem Ende des Zweiten Weltkriegs sichtbar.<\/p>\n<p><img data-recalc-dims=\"1\" loading=\"lazy\" decoding=\"async\" data-attachment-id=\"23427\" data-permalink=\"https:\/\/www.freidenker.org\/?attachment_id=23427\" data-orig-file=\"https:\/\/i0.wp.com\/www.freidenker.org\/fw17\/wp-content\/uploads\/2025\/11\/effenberger_reiseroute_14.jpg?fit=941%2C413&amp;ssl=1\" data-orig-size=\"941,413\" data-comments-opened=\"0\" data-image-meta=\"{&quot;aperture&quot;:&quot;0&quot;,&quot;credit&quot;:&quot;&quot;,&quot;camera&quot;:&quot;&quot;,&quot;caption&quot;:&quot;&quot;,&quot;created_timestamp&quot;:&quot;0&quot;,&quot;copyright&quot;:&quot;&quot;,&quot;focal_length&quot;:&quot;0&quot;,&quot;iso&quot;:&quot;0&quot;,&quot;shutter_speed&quot;:&quot;0&quot;,&quot;title&quot;:&quot;&quot;,&quot;orientation&quot;:&quot;0&quot;}\" data-image-title=\"effenberger_reiseroute_14\" data-image-description=\"\" data-image-caption=\"\" data-large-file=\"https:\/\/i0.wp.com\/www.freidenker.org\/fw17\/wp-content\/uploads\/2025\/11\/effenberger_reiseroute_14.jpg?fit=800%2C351&amp;ssl=1\" class=\"alignnone wp-image-23427\" src=\"https:\/\/i0.wp.com\/www.freidenker.org\/fw17\/wp-content\/uploads\/2025\/11\/effenberger_reiseroute_14.jpg?resize=800%2C351&#038;ssl=1\" alt=\"\" width=\"800\" height=\"351\" srcset=\"https:\/\/i0.wp.com\/www.freidenker.org\/fw17\/wp-content\/uploads\/2025\/11\/effenberger_reiseroute_14.jpg?w=941&amp;ssl=1 941w, https:\/\/i0.wp.com\/www.freidenker.org\/fw17\/wp-content\/uploads\/2025\/11\/effenberger_reiseroute_14.jpg?resize=300%2C132&amp;ssl=1 300w, https:\/\/i0.wp.com\/www.freidenker.org\/fw17\/wp-content\/uploads\/2025\/11\/effenberger_reiseroute_14.jpg?resize=768%2C337&amp;ssl=1 768w\" sizes=\"auto, (max-width: 800px) 100vw, 800px\" \/><\/p>\n<figure id=\"attachment_23052\" aria-describedby=\"caption-attachment-23052\" style=\"width: 800px\" class=\"wp-caption alignnone\"><img data-recalc-dims=\"1\" loading=\"lazy\" decoding=\"async\" data-attachment-id=\"23052\" data-permalink=\"https:\/\/www.freidenker.org\/?attachment_id=23052\" data-orig-file=\"https:\/\/i0.wp.com\/www.freidenker.org\/fw17\/wp-content\/uploads\/2025\/10\/2025_China_Victory_Day_Parade_800px.jpg?fit=800%2C450&amp;ssl=1\" data-orig-size=\"800,450\" data-comments-opened=\"0\" data-image-meta=\"{&quot;aperture&quot;:&quot;0&quot;,&quot;credit&quot;:&quot;&quot;,&quot;camera&quot;:&quot;&quot;,&quot;caption&quot;:&quot;&quot;,&quot;created_timestamp&quot;:&quot;0&quot;,&quot;copyright&quot;:&quot;&quot;,&quot;focal_length&quot;:&quot;0&quot;,&quot;iso&quot;:&quot;0&quot;,&quot;shutter_speed&quot;:&quot;0&quot;,&quot;title&quot;:&quot;&quot;,&quot;orientation&quot;:&quot;1&quot;}\" data-image-title=\"2025_China_Victory_Day_Parade_800px\" data-image-description=\"\" data-image-caption=\"\" data-large-file=\"https:\/\/i0.wp.com\/www.freidenker.org\/fw17\/wp-content\/uploads\/2025\/10\/2025_China_Victory_Day_Parade_800px.jpg?fit=800%2C450&amp;ssl=1\" class=\"wp-image-23052 size-full\" src=\"https:\/\/i0.wp.com\/www.freidenker.org\/fw17\/wp-content\/uploads\/2025\/10\/2025_China_Victory_Day_Parade_800px.jpg?resize=800%2C450&#038;ssl=1\" alt=\"\" width=\"800\" height=\"450\" srcset=\"https:\/\/i0.wp.com\/www.freidenker.org\/fw17\/wp-content\/uploads\/2025\/10\/2025_China_Victory_Day_Parade_800px.jpg?w=800&amp;ssl=1 800w, https:\/\/i0.wp.com\/www.freidenker.org\/fw17\/wp-content\/uploads\/2025\/10\/2025_China_Victory_Day_Parade_800px.jpg?resize=300%2C169&amp;ssl=1 300w, https:\/\/i0.wp.com\/www.freidenker.org\/fw17\/wp-content\/uploads\/2025\/10\/2025_China_Victory_Day_Parade_800px.jpg?resize=768%2C432&amp;ssl=1 768w\" sizes=\"auto, (max-width: 800px) 100vw, 800px\" \/><figcaption id=\"caption-attachment-23052\" class=\"wp-caption-text\"><span style=\"font-size: 10pt;\">Auf dem Platz des himmlischen Friedens am 3. September 2025 (18)<\/span><\/figcaption><\/figure>\n<p>Die Welt war zu den Feierlichkeiten anl\u00e4sslich des Endes des Zweiten Weltkriegs eingeladen, die Vertreter des Westens und Japans blieben fern.<\/p>\n<figure id=\"attachment_23046\" aria-describedby=\"caption-attachment-23046\" style=\"width: 800px\" class=\"wp-caption alignnone\"><img data-recalc-dims=\"1\" loading=\"lazy\" decoding=\"async\" data-attachment-id=\"23046\" data-permalink=\"https:\/\/www.freidenker.org\/?attachment_id=23046\" data-orig-file=\"https:\/\/i0.wp.com\/www.freidenker.org\/fw17\/wp-content\/uploads\/2025\/10\/effenberger_china_05.jpg?fit=1146%2C547&amp;ssl=1\" data-orig-size=\"1146,547\" data-comments-opened=\"0\" data-image-meta=\"{&quot;aperture&quot;:&quot;0&quot;,&quot;credit&quot;:&quot;&quot;,&quot;camera&quot;:&quot;&quot;,&quot;caption&quot;:&quot;&quot;,&quot;created_timestamp&quot;:&quot;0&quot;,&quot;copyright&quot;:&quot;&quot;,&quot;focal_length&quot;:&quot;0&quot;,&quot;iso&quot;:&quot;0&quot;,&quot;shutter_speed&quot;:&quot;0&quot;,&quot;title&quot;:&quot;&quot;,&quot;orientation&quot;:&quot;0&quot;}\" data-image-title=\"effenberger_china_05\" data-image-description=\"\" data-image-caption=\"\" data-large-file=\"https:\/\/i0.wp.com\/www.freidenker.org\/fw17\/wp-content\/uploads\/2025\/10\/effenberger_china_05.jpg?fit=800%2C382&amp;ssl=1\" class=\"wp-image-23046 size-large\" src=\"https:\/\/i0.wp.com\/www.freidenker.org\/fw17\/wp-content\/uploads\/2025\/10\/effenberger_china_05.jpg?resize=800%2C382&#038;ssl=1\" alt=\"\" width=\"800\" height=\"382\" srcset=\"https:\/\/i0.wp.com\/www.freidenker.org\/fw17\/wp-content\/uploads\/2025\/10\/effenberger_china_05.jpg?resize=1024%2C489&amp;ssl=1 1024w, https:\/\/i0.wp.com\/www.freidenker.org\/fw17\/wp-content\/uploads\/2025\/10\/effenberger_china_05.jpg?resize=300%2C143&amp;ssl=1 300w, https:\/\/i0.wp.com\/www.freidenker.org\/fw17\/wp-content\/uploads\/2025\/10\/effenberger_china_05.jpg?resize=768%2C367&amp;ssl=1 768w, https:\/\/i0.wp.com\/www.freidenker.org\/fw17\/wp-content\/uploads\/2025\/10\/effenberger_china_05.jpg?w=1146&amp;ssl=1 1146w\" sizes=\"auto, (max-width: 800px) 100vw, 800px\" \/><figcaption id=\"caption-attachment-23046\" class=\"wp-caption-text\"><span style=\"font-size: 10pt;\">Rot: Staatsoberh\u00e4upter, orange: Premierminister, gelb: hohe Repr\u00e4sentanten Grafik: Nebulatria, CC BY 4.0, Quelle: <a href=\"https:\/\/commons.wikimedia.org\/w\/index.php?curid=174201588\" target=\"_blank\" rel=\"noopener\">https:\/\/commons.wikimedia.org\/w\/index.php?curid=174201588<\/a><\/span><\/figcaption><\/figure>\n<p>In seiner Rede ging Xi Jinping auf die 5.000j\u00e4hrige Geschichte Chinas ein \u2013 im Logo die stilisierte Mauer \u2013 und auf die beiden japanischen Angriffskriege (1894 mit Annexion Taiwans und von 1937-45) ein. Unvergessen auch die 200 Jahre Leid und Dem\u00fctigungen durch den Westen (Opiumkriege und ungleiche Vertr\u00e4ge). Und nun droht wieder ein Angriff auf China durch den Westen und Japan. Angesichts dieser Geschichte muss China nicht kriegst\u00fcchtig gemacht werden, es ist vorbereitet.<\/p>\n<p>Von dieser Einstellung konnte sich Wolfgang Effenberger w\u00e4hrend seiner Reise \u00fcberzeugen. Zu Zig-tausenden str\u00f6men die Chinesen zu den H\u00f6hepunkten ihrer eindrucksvollen Geschichte: die Verbotene Stadt, der Mauer, der Ausgrabungsst\u00e4tte der Terrakotta-Armee. An den Gesichtern ist der Stolz auf diese Vergangenheit abzulesen.<\/p>\n<div class=\"tiled-gallery type-rectangular tiled-gallery-unresized\" data-original-width=\"800\" data-carousel-extra='{&quot;blog_id&quot;:1,&quot;permalink&quot;:&quot;https:\\\/\\\/www.freidenker.org\\\/?p=23412&quot;,&quot;likes_blog_id&quot;:139773280}' itemscope itemtype=\"http:\/\/schema.org\/ImageGallery\" > <div class=\"gallery-row\" style=\"width: 800px; height: 364px;\" data-original-width=\"800\" data-original-height=\"364\" > <div class=\"gallery-group images-1\" style=\"width: 489px; height: 364px;\" data-original-width=\"489\" data-original-height=\"364\" > <div class=\"tiled-gallery-item tiled-gallery-item-large\" itemprop=\"associatedMedia\" itemscope itemtype=\"http:\/\/schema.org\/ImageObject\"> <a href=\"https:\/\/www.freidenker.org\/?attachment_id=23423\" border=\"0\" itemprop=\"url\"> <meta itemprop=\"width\" content=\"485\"> <meta itemprop=\"height\" content=\"360\"> <img decoding=\"async\" class=\"\" data-attachment-id=\"23423\" data-orig-file=\"https:\/\/www.freidenker.org\/fw17\/wp-content\/uploads\/2025\/11\/effenberger_reiseroute_18.jpg\" data-orig-size=\"558,415\" data-comments-opened=\"\" data-image-meta=\"{&quot;aperture&quot;:&quot;0&quot;,&quot;credit&quot;:&quot;&quot;,&quot;camera&quot;:&quot;&quot;,&quot;caption&quot;:&quot;&quot;,&quot;created_timestamp&quot;:&quot;0&quot;,&quot;copyright&quot;:&quot;&quot;,&quot;focal_length&quot;:&quot;0&quot;,&quot;iso&quot;:&quot;0&quot;,&quot;shutter_speed&quot;:&quot;0&quot;,&quot;title&quot;:&quot;&quot;,&quot;orientation&quot;:&quot;0&quot;}\" data-image-title=\"effenberger_reiseroute_18\" data-image-description=\"\" data-medium-file=\"https:\/\/i0.wp.com\/www.freidenker.org\/fw17\/wp-content\/uploads\/2025\/11\/effenberger_reiseroute_18.jpg?fit=300%2C223&#038;ssl=1\" data-large-file=\"https:\/\/i0.wp.com\/www.freidenker.org\/fw17\/wp-content\/uploads\/2025\/11\/effenberger_reiseroute_18.jpg?fit=558%2C415&#038;ssl=1\" src=\"https:\/\/i0.wp.com\/www.freidenker.org\/fw17\/wp-content\/uploads\/2025\/11\/effenberger_reiseroute_18.jpg?w=485&#038;h=360&#038;ssl=1\" srcset=\"https:\/\/i0.wp.com\/www.freidenker.org\/fw17\/wp-content\/uploads\/2025\/11\/effenberger_reiseroute_18.jpg?w=558&amp;ssl=1 558w, https:\/\/i0.wp.com\/www.freidenker.org\/fw17\/wp-content\/uploads\/2025\/11\/effenberger_reiseroute_18.jpg?resize=300%2C223&amp;ssl=1 300w\" width=\"485\" height=\"360\" loading=\"lazy\" data-original-width=\"485\" data-original-height=\"360\" itemprop=\"http:\/\/schema.org\/image\" title=\"effenberger_reiseroute_18\" alt=\"Kaiserpalast in der Verbotenen Stadt\" style=\"width: 485px; height: 360px;\" \/> <\/a> <div class=\"tiled-gallery-caption\" itemprop=\"caption description\"> Kaiserpalast in der Verbotenen Stadt <\/div> <\/div> <\/div> <!-- close group --> <div class=\"gallery-group images-1\" style=\"width: 311px; height: 364px;\" data-original-width=\"311\" data-original-height=\"364\" > <div class=\"tiled-gallery-item tiled-gallery-item-large\" itemprop=\"associatedMedia\" itemscope itemtype=\"http:\/\/schema.org\/ImageObject\"> <a href=\"https:\/\/www.freidenker.org\/?attachment_id=23422\" border=\"0\" itemprop=\"url\"> <meta itemprop=\"width\" content=\"307\"> <meta itemprop=\"height\" content=\"360\"> <img decoding=\"async\" class=\"\" data-attachment-id=\"23422\" data-orig-file=\"https:\/\/www.freidenker.org\/fw17\/wp-content\/uploads\/2025\/11\/effenberger_reiseroute_19.jpg\" data-orig-size=\"413,484\" data-comments-opened=\"\" data-image-meta=\"{&quot;aperture&quot;:&quot;0&quot;,&quot;credit&quot;:&quot;&quot;,&quot;camera&quot;:&quot;&quot;,&quot;caption&quot;:&quot;&quot;,&quot;created_timestamp&quot;:&quot;0&quot;,&quot;copyright&quot;:&quot;&quot;,&quot;focal_length&quot;:&quot;0&quot;,&quot;iso&quot;:&quot;0&quot;,&quot;shutter_speed&quot;:&quot;0&quot;,&quot;title&quot;:&quot;&quot;,&quot;orientation&quot;:&quot;0&quot;}\" data-image-title=\"effenberger_reiseroute_19\" data-image-description=\"\" data-medium-file=\"https:\/\/i0.wp.com\/www.freidenker.org\/fw17\/wp-content\/uploads\/2025\/11\/effenberger_reiseroute_19.jpg?fit=256%2C300&#038;ssl=1\" data-large-file=\"https:\/\/i0.wp.com\/www.freidenker.org\/fw17\/wp-content\/uploads\/2025\/11\/effenberger_reiseroute_19.jpg?fit=413%2C484&#038;ssl=1\" src=\"https:\/\/i0.wp.com\/www.freidenker.org\/fw17\/wp-content\/uploads\/2025\/11\/effenberger_reiseroute_19.jpg?w=307&#038;h=360&#038;ssl=1\" srcset=\"https:\/\/i0.wp.com\/www.freidenker.org\/fw17\/wp-content\/uploads\/2025\/11\/effenberger_reiseroute_19.jpg?w=413&amp;ssl=1 413w, https:\/\/i0.wp.com\/www.freidenker.org\/fw17\/wp-content\/uploads\/2025\/11\/effenberger_reiseroute_19.jpg?resize=256%2C300&amp;ssl=1 256w\" width=\"307\" height=\"360\" loading=\"lazy\" data-original-width=\"307\" data-original-height=\"360\" itemprop=\"http:\/\/schema.org\/image\" title=\"effenberger_reiseroute_19\" alt=\"Chinesische Mauer\" style=\"width: 307px; height: 360px;\" \/> <\/a> <div class=\"tiled-gallery-caption\" itemprop=\"caption description\"> Chinesische Mauer <\/div> <\/div> <\/div> <!-- close group --> <\/div> <!-- close row --> <div class=\"gallery-row\" style=\"width: 800px; height: 438px;\" data-original-width=\"800\" data-original-height=\"438\" > <div class=\"gallery-group images-1\" style=\"width: 458px; height: 438px;\" data-original-width=\"458\" data-original-height=\"438\" > <div class=\"tiled-gallery-item tiled-gallery-item-large\" itemprop=\"associatedMedia\" itemscope itemtype=\"http:\/\/schema.org\/ImageObject\"> <a href=\"https:\/\/www.freidenker.org\/?attachment_id=23421\" border=\"0\" itemprop=\"url\"> <meta itemprop=\"width\" content=\"454\"> <meta itemprop=\"height\" content=\"434\"> <img decoding=\"async\" class=\"\" data-attachment-id=\"23421\" data-orig-file=\"https:\/\/www.freidenker.org\/fw17\/wp-content\/uploads\/2025\/11\/effenberger_reiseroute_20.jpg\" data-orig-size=\"580,555\" data-comments-opened=\"\" data-image-meta=\"{&quot;aperture&quot;:&quot;0&quot;,&quot;credit&quot;:&quot;&quot;,&quot;camera&quot;:&quot;&quot;,&quot;caption&quot;:&quot;&quot;,&quot;created_timestamp&quot;:&quot;0&quot;,&quot;copyright&quot;:&quot;&quot;,&quot;focal_length&quot;:&quot;0&quot;,&quot;iso&quot;:&quot;0&quot;,&quot;shutter_speed&quot;:&quot;0&quot;,&quot;title&quot;:&quot;&quot;,&quot;orientation&quot;:&quot;0&quot;}\" data-image-title=\"effenberger_reiseroute_20\" data-image-description=\"\" data-medium-file=\"https:\/\/i0.wp.com\/www.freidenker.org\/fw17\/wp-content\/uploads\/2025\/11\/effenberger_reiseroute_20.jpg?fit=300%2C287&#038;ssl=1\" data-large-file=\"https:\/\/i0.wp.com\/www.freidenker.org\/fw17\/wp-content\/uploads\/2025\/11\/effenberger_reiseroute_20.jpg?fit=580%2C555&#038;ssl=1\" src=\"https:\/\/i0.wp.com\/www.freidenker.org\/fw17\/wp-content\/uploads\/2025\/11\/effenberger_reiseroute_20.jpg?w=454&#038;h=434&#038;ssl=1\" srcset=\"https:\/\/i0.wp.com\/www.freidenker.org\/fw17\/wp-content\/uploads\/2025\/11\/effenberger_reiseroute_20.jpg?w=580&amp;ssl=1 580w, https:\/\/i0.wp.com\/www.freidenker.org\/fw17\/wp-content\/uploads\/2025\/11\/effenberger_reiseroute_20.jpg?resize=300%2C287&amp;ssl=1 300w\" width=\"454\" height=\"434\" loading=\"lazy\" data-original-width=\"454\" data-original-height=\"434\" itemprop=\"http:\/\/schema.org\/image\" title=\"effenberger_reiseroute_20\" alt=\"Ausgrabungshalle Terrakotta-Armee\" style=\"width: 454px; height: 434px;\" \/> <\/a> <div class=\"tiled-gallery-caption\" itemprop=\"caption description\"> Ausgrabungshalle Terrakotta-Armee <\/div> <\/div> <\/div> <!-- close group --> <div class=\"gallery-group images-2\" style=\"width: 342px; height: 438px;\" data-original-width=\"342\" data-original-height=\"438\" > <div class=\"tiled-gallery-item tiled-gallery-item-large\" itemprop=\"associatedMedia\" itemscope itemtype=\"http:\/\/schema.org\/ImageObject\"> <a href=\"https:\/\/www.freidenker.org\/?attachment_id=23420\" border=\"0\" itemprop=\"url\"> <meta itemprop=\"width\" content=\"338\"> <meta itemprop=\"height\" content=\"172\"> <img decoding=\"async\" class=\"\" data-attachment-id=\"23420\" data-orig-file=\"https:\/\/www.freidenker.org\/fw17\/wp-content\/uploads\/2025\/11\/effenberger_reiseroute_21.jpg\" data-orig-size=\"774,393\" data-comments-opened=\"\" data-image-meta=\"{&quot;aperture&quot;:&quot;0&quot;,&quot;credit&quot;:&quot;&quot;,&quot;camera&quot;:&quot;&quot;,&quot;caption&quot;:&quot;&quot;,&quot;created_timestamp&quot;:&quot;0&quot;,&quot;copyright&quot;:&quot;&quot;,&quot;focal_length&quot;:&quot;0&quot;,&quot;iso&quot;:&quot;0&quot;,&quot;shutter_speed&quot;:&quot;0&quot;,&quot;title&quot;:&quot;&quot;,&quot;orientation&quot;:&quot;0&quot;}\" data-image-title=\"effenberger_reiseroute_21\" data-image-description=\"\" data-medium-file=\"https:\/\/i0.wp.com\/www.freidenker.org\/fw17\/wp-content\/uploads\/2025\/11\/effenberger_reiseroute_21.jpg?fit=300%2C152&#038;ssl=1\" data-large-file=\"https:\/\/i0.wp.com\/www.freidenker.org\/fw17\/wp-content\/uploads\/2025\/11\/effenberger_reiseroute_21.jpg?fit=774%2C393&#038;ssl=1\" src=\"https:\/\/i0.wp.com\/www.freidenker.org\/fw17\/wp-content\/uploads\/2025\/11\/effenberger_reiseroute_21.jpg?w=338&#038;h=172&#038;ssl=1\" srcset=\"https:\/\/i0.wp.com\/www.freidenker.org\/fw17\/wp-content\/uploads\/2025\/11\/effenberger_reiseroute_21.jpg?w=774&amp;ssl=1 774w, https:\/\/i0.wp.com\/www.freidenker.org\/fw17\/wp-content\/uploads\/2025\/11\/effenberger_reiseroute_21.jpg?resize=300%2C152&amp;ssl=1 300w, https:\/\/i0.wp.com\/www.freidenker.org\/fw17\/wp-content\/uploads\/2025\/11\/effenberger_reiseroute_21.jpg?resize=768%2C390&amp;ssl=1 768w\" width=\"338\" height=\"172\" loading=\"lazy\" data-original-width=\"338\" data-original-height=\"172\" itemprop=\"http:\/\/schema.org\/image\" title=\"effenberger_reiseroute_21\" alt=\"effenberger_reiseroute_21\" style=\"width: 338px; height: 172px;\" \/> <\/a> <\/div> <div class=\"tiled-gallery-item tiled-gallery-item-large\" itemprop=\"associatedMedia\" itemscope itemtype=\"http:\/\/schema.org\/ImageObject\"> <a href=\"https:\/\/www.freidenker.org\/?attachment_id=23419\" border=\"0\" itemprop=\"url\"> <meta itemprop=\"width\" content=\"338\"> <meta itemprop=\"height\" content=\"258\"> <img decoding=\"async\" class=\"\" data-attachment-id=\"23419\" data-orig-file=\"https:\/\/www.freidenker.org\/fw17\/wp-content\/uploads\/2025\/11\/effenberger_reiseroute_22.jpg\" data-orig-size=\"656,501\" data-comments-opened=\"\" data-image-meta=\"{&quot;aperture&quot;:&quot;0&quot;,&quot;credit&quot;:&quot;&quot;,&quot;camera&quot;:&quot;&quot;,&quot;caption&quot;:&quot;&quot;,&quot;created_timestamp&quot;:&quot;0&quot;,&quot;copyright&quot;:&quot;&quot;,&quot;focal_length&quot;:&quot;0&quot;,&quot;iso&quot;:&quot;0&quot;,&quot;shutter_speed&quot;:&quot;0&quot;,&quot;title&quot;:&quot;&quot;,&quot;orientation&quot;:&quot;0&quot;}\" data-image-title=\"effenberger_reiseroute_22\" data-image-description=\"\" data-medium-file=\"https:\/\/i0.wp.com\/www.freidenker.org\/fw17\/wp-content\/uploads\/2025\/11\/effenberger_reiseroute_22.jpg?fit=300%2C229&#038;ssl=1\" data-large-file=\"https:\/\/i0.wp.com\/www.freidenker.org\/fw17\/wp-content\/uploads\/2025\/11\/effenberger_reiseroute_22.jpg?fit=656%2C501&#038;ssl=1\" src=\"https:\/\/i0.wp.com\/www.freidenker.org\/fw17\/wp-content\/uploads\/2025\/11\/effenberger_reiseroute_22.jpg?w=338&#038;h=258&#038;ssl=1\" srcset=\"https:\/\/i0.wp.com\/www.freidenker.org\/fw17\/wp-content\/uploads\/2025\/11\/effenberger_reiseroute_22.jpg?w=656&amp;ssl=1 656w, https:\/\/i0.wp.com\/www.freidenker.org\/fw17\/wp-content\/uploads\/2025\/11\/effenberger_reiseroute_22.jpg?resize=300%2C229&amp;ssl=1 300w\" width=\"338\" height=\"258\" loading=\"lazy\" data-original-width=\"338\" data-original-height=\"258\" itemprop=\"http:\/\/schema.org\/image\" title=\"effenberger_reiseroute_22\" alt=\"Gedr\u00e4nge auf der Aussichtsplattform vom Drei-Schluchten-Staudamm\" style=\"width: 338px; height: 258px;\" \/> <\/a> <div class=\"tiled-gallery-caption\" itemprop=\"caption description\"> Gedr\u00e4nge auf der Aussichtsplattform vom Drei-Schluchten-Staudamm <\/div> <\/div> <\/div> <!-- close group --> <\/div> <!-- close row --> <div class=\"gallery-row\" style=\"width: 800px; height: 411px;\" data-original-width=\"800\" data-original-height=\"411\" > <div class=\"gallery-group images-2\" style=\"width: 272px; height: 411px;\" data-original-width=\"272\" data-original-height=\"411\" > <div class=\"tiled-gallery-item tiled-gallery-item-large\" itemprop=\"associatedMedia\" itemscope itemtype=\"http:\/\/schema.org\/ImageObject\"> <a href=\"https:\/\/www.freidenker.org\/?attachment_id=23418\" border=\"0\" itemprop=\"url\"> <meta itemprop=\"width\" content=\"268\"> <meta itemprop=\"height\" content=\"200\"> <img decoding=\"async\" class=\"\" data-attachment-id=\"23418\" data-orig-file=\"https:\/\/www.freidenker.org\/fw17\/wp-content\/uploads\/2025\/11\/effenberger_reiseroute_23.jpg\" data-orig-size=\"562,420\" data-comments-opened=\"\" data-image-meta=\"{&quot;aperture&quot;:&quot;0&quot;,&quot;credit&quot;:&quot;&quot;,&quot;camera&quot;:&quot;&quot;,&quot;caption&quot;:&quot;&quot;,&quot;created_timestamp&quot;:&quot;0&quot;,&quot;copyright&quot;:&quot;&quot;,&quot;focal_length&quot;:&quot;0&quot;,&quot;iso&quot;:&quot;0&quot;,&quot;shutter_speed&quot;:&quot;0&quot;,&quot;title&quot;:&quot;&quot;,&quot;orientation&quot;:&quot;0&quot;}\" data-image-title=\"effenberger_reiseroute_23\" data-image-description=\"\" data-medium-file=\"https:\/\/i0.wp.com\/www.freidenker.org\/fw17\/wp-content\/uploads\/2025\/11\/effenberger_reiseroute_23.jpg?fit=300%2C224&#038;ssl=1\" data-large-file=\"https:\/\/i0.wp.com\/www.freidenker.org\/fw17\/wp-content\/uploads\/2025\/11\/effenberger_reiseroute_23.jpg?fit=562%2C420&#038;ssl=1\" src=\"https:\/\/i0.wp.com\/www.freidenker.org\/fw17\/wp-content\/uploads\/2025\/11\/effenberger_reiseroute_23.jpg?w=268&#038;h=200&#038;ssl=1\" srcset=\"https:\/\/i0.wp.com\/www.freidenker.org\/fw17\/wp-content\/uploads\/2025\/11\/effenberger_reiseroute_23.jpg?w=562&amp;ssl=1 562w, https:\/\/i0.wp.com\/www.freidenker.org\/fw17\/wp-content\/uploads\/2025\/11\/effenberger_reiseroute_23.jpg?resize=300%2C224&amp;ssl=1 300w\" width=\"268\" height=\"200\" loading=\"lazy\" data-original-width=\"268\" data-original-height=\"200\" itemprop=\"http:\/\/schema.org\/image\" title=\"effenberger_reiseroute_23\" alt=\"Modernste Architektur: Flughafen Guillin\" style=\"width: 268px; height: 200px;\" \/> <\/a> <div class=\"tiled-gallery-caption\" itemprop=\"caption description\"> Modernste Architektur: Flughafen Guillin <\/div> <\/div> <div class=\"tiled-gallery-item tiled-gallery-item-large\" itemprop=\"associatedMedia\" itemscope itemtype=\"http:\/\/schema.org\/ImageObject\"> <a href=\"https:\/\/www.freidenker.org\/?attachment_id=23417\" border=\"0\" itemprop=\"url\"> <meta itemprop=\"width\" content=\"268\"> <meta itemprop=\"height\" content=\"203\"> <img decoding=\"async\" class=\"\" data-attachment-id=\"23417\" data-orig-file=\"https:\/\/www.freidenker.org\/fw17\/wp-content\/uploads\/2025\/11\/effenberger_reiseroute_24.jpg\" data-orig-size=\"819,622\" data-comments-opened=\"\" data-image-meta=\"{&quot;aperture&quot;:&quot;0&quot;,&quot;credit&quot;:&quot;&quot;,&quot;camera&quot;:&quot;&quot;,&quot;caption&quot;:&quot;&quot;,&quot;created_timestamp&quot;:&quot;0&quot;,&quot;copyright&quot;:&quot;&quot;,&quot;focal_length&quot;:&quot;0&quot;,&quot;iso&quot;:&quot;0&quot;,&quot;shutter_speed&quot;:&quot;0&quot;,&quot;title&quot;:&quot;&quot;,&quot;orientation&quot;:&quot;0&quot;}\" data-image-title=\"effenberger_reiseroute_24\" data-image-description=\"\" data-medium-file=\"https:\/\/i0.wp.com\/www.freidenker.org\/fw17\/wp-content\/uploads\/2025\/11\/effenberger_reiseroute_24.jpg?fit=300%2C228&#038;ssl=1\" data-large-file=\"https:\/\/i0.wp.com\/www.freidenker.org\/fw17\/wp-content\/uploads\/2025\/11\/effenberger_reiseroute_24.jpg?fit=800%2C608&#038;ssl=1\" src=\"https:\/\/i0.wp.com\/www.freidenker.org\/fw17\/wp-content\/uploads\/2025\/11\/effenberger_reiseroute_24.jpg?w=268&#038;h=203&#038;ssl=1\" srcset=\"https:\/\/i0.wp.com\/www.freidenker.org\/fw17\/wp-content\/uploads\/2025\/11\/effenberger_reiseroute_24.jpg?w=819&amp;ssl=1 819w, https:\/\/i0.wp.com\/www.freidenker.org\/fw17\/wp-content\/uploads\/2025\/11\/effenberger_reiseroute_24.jpg?resize=300%2C228&amp;ssl=1 300w, https:\/\/i0.wp.com\/www.freidenker.org\/fw17\/wp-content\/uploads\/2025\/11\/effenberger_reiseroute_24.jpg?resize=768%2C583&amp;ssl=1 768w\" width=\"268\" height=\"203\" loading=\"lazy\" data-original-width=\"268\" data-original-height=\"203\" itemprop=\"http:\/\/schema.org\/image\" title=\"effenberger_reiseroute_24\" alt=\"Museum von Zaha Hadid - Weltarchitektur\" style=\"width: 268px; height: 203px;\" \/> <\/a> <div class=\"tiled-gallery-caption\" itemprop=\"caption description\"> Museum von Zaha Hadid &#8211; Weltarchitektur <\/div> <\/div> <\/div> <!-- close group --> <div class=\"gallery-group images-1\" style=\"width: 528px; height: 411px;\" data-original-width=\"528\" data-original-height=\"411\" > <div class=\"tiled-gallery-item tiled-gallery-item-large\" itemprop=\"associatedMedia\" itemscope itemtype=\"http:\/\/schema.org\/ImageObject\"> <a href=\"https:\/\/www.freidenker.org\/?attachment_id=23416\" border=\"0\" itemprop=\"url\"> <meta itemprop=\"width\" content=\"524\"> <meta itemprop=\"height\" content=\"407\"> <img decoding=\"async\" class=\"\" data-attachment-id=\"23416\" data-orig-file=\"https:\/\/www.freidenker.org\/fw17\/wp-content\/uploads\/2025\/11\/effenberger_reiseroute_25.jpg\" data-orig-size=\"668,519\" data-comments-opened=\"\" data-image-meta=\"{&quot;aperture&quot;:&quot;0&quot;,&quot;credit&quot;:&quot;&quot;,&quot;camera&quot;:&quot;&quot;,&quot;caption&quot;:&quot;&quot;,&quot;created_timestamp&quot;:&quot;0&quot;,&quot;copyright&quot;:&quot;&quot;,&quot;focal_length&quot;:&quot;0&quot;,&quot;iso&quot;:&quot;0&quot;,&quot;shutter_speed&quot;:&quot;0&quot;,&quot;title&quot;:&quot;&quot;,&quot;orientation&quot;:&quot;0&quot;}\" data-image-title=\"effenberger_reiseroute_25\" data-image-description=\"\" data-medium-file=\"https:\/\/i0.wp.com\/www.freidenker.org\/fw17\/wp-content\/uploads\/2025\/11\/effenberger_reiseroute_25.jpg?fit=300%2C233&#038;ssl=1\" data-large-file=\"https:\/\/i0.wp.com\/www.freidenker.org\/fw17\/wp-content\/uploads\/2025\/11\/effenberger_reiseroute_25.jpg?fit=668%2C519&#038;ssl=1\" src=\"https:\/\/i0.wp.com\/www.freidenker.org\/fw17\/wp-content\/uploads\/2025\/11\/effenberger_reiseroute_25.jpg?w=524&#038;h=407&#038;ssl=1\" srcset=\"https:\/\/i0.wp.com\/www.freidenker.org\/fw17\/wp-content\/uploads\/2025\/11\/effenberger_reiseroute_25.jpg?w=668&amp;ssl=1 668w, https:\/\/i0.wp.com\/www.freidenker.org\/fw17\/wp-content\/uploads\/2025\/11\/effenberger_reiseroute_25.jpg?resize=300%2C233&amp;ssl=1 300w\" width=\"524\" height=\"407\" loading=\"lazy\" data-original-width=\"524\" data-original-height=\"407\" itemprop=\"http:\/\/schema.org\/image\" title=\"effenberger_reiseroute_25\" alt=\"Die Wahrzeichen von Shanghai\" style=\"width: 524px; height: 407px;\" \/> <\/a> <div class=\"tiled-gallery-caption\" itemprop=\"caption description\"> Die Wahrzeichen von Shanghai <\/div> <\/div> <\/div> <!-- close group --> <\/div> <!-- close row --> <\/div>\n<h5>Die \u00dcberwachung funktioniert:\u00a0Kaum Kriminalit\u00e4t, keine erfolgreichen Umsturzversuche von au\u00dfen<\/h5>\n<p>Davon konnte sich Wolfgang Effenberger \u00fcberzeugen:<\/p>\n<p>Am 16. September 2025 wollte er auf dem Platz des Himmlischen Friedens eine Gru\u00dfbotschaft aufnehmen. Nach der Begr\u00fc\u00dfung und einem\u00a0 Kameraschwenk rund um den Platz unterbrachen nach 43 Sekunden 2 Polizisten das Vorhaben \u2013\u00a0am R\u00fccken die vorbereiteten Sprechnotizen.<\/p>\n<p>Nachdem der Text \u00fcbersetzt war und es keine Beanstandungen gab, konnte er weiter fotografieren und auch Videoaufnahmen machen, aber ohne gesprochenes Wort.<\/p>\n<p><img data-recalc-dims=\"1\" loading=\"lazy\" decoding=\"async\" data-attachment-id=\"23415\" data-permalink=\"https:\/\/www.freidenker.org\/?attachment_id=23415\" data-orig-file=\"https:\/\/i0.wp.com\/www.freidenker.org\/fw17\/wp-content\/uploads\/2025\/11\/effenberger_reiseroute_26.jpg?fit=430%2C576&amp;ssl=1\" data-orig-size=\"430,576\" data-comments-opened=\"0\" data-image-meta=\"{&quot;aperture&quot;:&quot;0&quot;,&quot;credit&quot;:&quot;&quot;,&quot;camera&quot;:&quot;&quot;,&quot;caption&quot;:&quot;&quot;,&quot;created_timestamp&quot;:&quot;0&quot;,&quot;copyright&quot;:&quot;&quot;,&quot;focal_length&quot;:&quot;0&quot;,&quot;iso&quot;:&quot;0&quot;,&quot;shutter_speed&quot;:&quot;0&quot;,&quot;title&quot;:&quot;&quot;,&quot;orientation&quot;:&quot;0&quot;}\" data-image-title=\"effenberger_reiseroute_26\" data-image-description=\"\" data-image-caption=\"\" data-large-file=\"https:\/\/i0.wp.com\/www.freidenker.org\/fw17\/wp-content\/uploads\/2025\/11\/effenberger_reiseroute_26.jpg?fit=430%2C576&amp;ssl=1\" class=\"alignnone wp-image-23415 size-full\" src=\"https:\/\/i0.wp.com\/www.freidenker.org\/fw17\/wp-content\/uploads\/2025\/11\/effenberger_reiseroute_26.jpg?resize=430%2C576&#038;ssl=1\" alt=\"\" width=\"430\" height=\"576\" srcset=\"https:\/\/i0.wp.com\/www.freidenker.org\/fw17\/wp-content\/uploads\/2025\/11\/effenberger_reiseroute_26.jpg?w=430&amp;ssl=1 430w, https:\/\/i0.wp.com\/www.freidenker.org\/fw17\/wp-content\/uploads\/2025\/11\/effenberger_reiseroute_26.jpg?resize=224%2C300&amp;ssl=1 224w\" sizes=\"auto, (max-width: 430px) 100vw, 430px\" \/><\/p>\n<p>Die Kamera\u00fcberwachung scheint bei den meisten Chinesen kein gro\u00dfes Problem zu sein, liegen doch die sichtbaren Vorteile auf der Hand: Kaum Kriminalit\u00e4t, \u00fcberall r\u00fccksichtsvolle Sauberkeit, und das auch in den zahlreichen \u00f6ffentlichen Toiletten.<\/p>\n<p>Was in den St\u00e4dten und auf den Autobahnen auff\u00e4llt, ist der sichtbare Wohlstand eines breiten Mittelstands, der auch gern gezeigt wird.<\/p>\n<p>Bestimmten vor f\u00fcnfzig Jahren in China und der Sowjetunion noch von zentralen Planern entworfene F\u00fcnfjahrespl\u00e4ne die Produktion, so ist China heute der weltweit gr\u00f6\u00dfte Exporteur und fest in den globalen Marktkapitalismus eingebunden: \u201e<em>Sozialismus mit chinesischen Besonderheiten<\/em>\u201c?<\/p>\n<p>Der gro\u00dfe Stern in der chinesischen Staatsflagge symbolisiert die Kommunistische Partei Chinas. Sie gibt lediglich die gro\u00dfe strategische Richtung vor. Ein dynamisches Zusammenspiel zwischen privaten Firmen, Staatsbetrieben und lokalen Beh\u00f6rden\u00a0\u2013 alle im Wettbewerb, ehrgeizige Vorgaben zu erreichen \u2013 hat die Leistungsf\u00e4higkeit in den letzten Jahren sichtbar unter Beweis gestellt und China wirtschaftlich zu einem der dynamischsten Schaupl\u00e4tze weltweit gemacht. Inzwischen arbeiten auch Staatsbetriebe nach marktwirtschaftlichen Regeln.<\/p>\n<p>Gleichzeitig verfolgt die KPC das Ziel, Wohlstandsunterschiede zu verringern und eine \u201e<em>gemeinsame Prosperit\u00e4t\u201c <\/em>zu erreichen. (19)<\/p>\n<p>Jensen Huang, Gr\u00fcnder und CEO von NVIDIA, dem unbestrittenen Marktf\u00fchrer f\u00fcr Mikrochips, die f\u00fcr K\u00fcnstliche Intelligenz und Deep Learning eingesetzt werden, bezeichnete China sogar als \u201e<a href=\"https:\/\/www.youtube.com\/shorts\/rIJb5lcMDm4\"><em>unterreguliert<\/em><\/a>\u201c \u00a0\u00a0\u2013 sprich: Unternehmer genie\u00dfen dort mehr Freiheit als in den USA, von Deutschland ganz zu schweigen\u201c. (20)<\/p>\n<p><a href=\"https:\/\/www.youtube.com\/watch?v=HCutY_xHTIQ\">John L. Thornton<\/a>, ehemaliger Vorsitzender von Goldman Sachs Asia, sagt: \u201e<em>Die KPCh funktioniert eher wie eine meritokratische Elite als wie eine traditionelle Partei \u2013 vergleichbar mit der historischen Mandarinenklasse. Sie ist leistungsorientiert, \u00e4hnlich wie das US-Milit\u00e4r<\/em>.\u201c (21)<\/p>\n<p>Im Unterschied zur stetig wachsenden und prosperierenden chinesischen Mittelschicht \u00a0\u00a0\u2013 der gr\u00f6\u00dften der Welt \u2013 schrumpft die Mittelschicht im Westen, und die Demokratie driftet Richtung Oligarchie.<\/p>\n<p>Das KI-generierte Bild der Chinesischen Flagge (gro\u00dfer Stern KPC, dann folgen die kleinen Sterne; Arbeiter, Bauern, St\u00e4dter und patriotische Kapitalisten) zeigt im Hintergrund die Innovationskraft und im Vordergrund milit\u00e4rische St\u00e4rke.\u00a0 Hatte 1977 Wolfgang Effenberger nach seiner Erkundungsfahrt Russland als unf\u00e4hig, einen l\u00e4ngeren Krieg zu f\u00fchren, eingesch\u00e4tzt, so h\u00e4lt er China heute f\u00fcr absolut verteidigungsbereit. Die USA werden ihr Ziel \u201eWin in a Complex World 2020-2040\u201c daher mit Sicherheit verfehlen.<\/p>\n<figure id=\"attachment_23414\" aria-describedby=\"caption-attachment-23414\" style=\"width: 492px\" class=\"wp-caption alignnone\"><img data-recalc-dims=\"1\" loading=\"lazy\" decoding=\"async\" data-attachment-id=\"23414\" data-permalink=\"https:\/\/www.freidenker.org\/?attachment_id=23414\" data-orig-file=\"https:\/\/i0.wp.com\/www.freidenker.org\/fw17\/wp-content\/uploads\/2025\/11\/effenberger_reiseroute_27.jpg?fit=492%2C492&amp;ssl=1\" data-orig-size=\"492,492\" data-comments-opened=\"0\" data-image-meta=\"{&quot;aperture&quot;:&quot;0&quot;,&quot;credit&quot;:&quot;&quot;,&quot;camera&quot;:&quot;&quot;,&quot;caption&quot;:&quot;&quot;,&quot;created_timestamp&quot;:&quot;0&quot;,&quot;copyright&quot;:&quot;&quot;,&quot;focal_length&quot;:&quot;0&quot;,&quot;iso&quot;:&quot;0&quot;,&quot;shutter_speed&quot;:&quot;0&quot;,&quot;title&quot;:&quot;&quot;,&quot;orientation&quot;:&quot;0&quot;}\" data-image-title=\"effenberger_reiseroute_27\" data-image-description=\"\" data-image-caption=\"\" data-large-file=\"https:\/\/i0.wp.com\/www.freidenker.org\/fw17\/wp-content\/uploads\/2025\/11\/effenberger_reiseroute_27.jpg?fit=492%2C492&amp;ssl=1\" class=\"wp-image-23414 size-full\" src=\"https:\/\/i0.wp.com\/www.freidenker.org\/fw17\/wp-content\/uploads\/2025\/11\/effenberger_reiseroute_27.jpg?resize=492%2C492&#038;ssl=1\" alt=\"\" width=\"492\" height=\"492\" srcset=\"https:\/\/i0.wp.com\/www.freidenker.org\/fw17\/wp-content\/uploads\/2025\/11\/effenberger_reiseroute_27.jpg?w=492&amp;ssl=1 492w, https:\/\/i0.wp.com\/www.freidenker.org\/fw17\/wp-content\/uploads\/2025\/11\/effenberger_reiseroute_27.jpg?resize=300%2C300&amp;ssl=1 300w, https:\/\/i0.wp.com\/www.freidenker.org\/fw17\/wp-content\/uploads\/2025\/11\/effenberger_reiseroute_27.jpg?resize=150%2C150&amp;ssl=1 150w\" sizes=\"auto, (max-width: 492px) 100vw, 492px\" \/><figcaption id=\"caption-attachment-23414\" class=\"wp-caption-text\"><span style=\"font-size: 10pt;\">KI-generiertes Bild (Perplexity)<\/span><\/figcaption><\/figure>\n<p style=\"text-align: right;\"><em>Wolfgang Effenberger, Jahrgang 1946, erhielt als Pionierhauptmann bei der Bundeswehr tiefere Einblicke in das von den USA vorbereitete \u201eatomare Gefechtsfeld\u201c in Europa. Nach zw\u00f6lfj\u00e4hriger Dienstzeit studierte er in M\u00fcnchen Politikwissenschaft sowie H\u00f6heres Lehramt (Bauwesen\/Mathematik) und unterrichtete bis 2000 an der Fachschule f\u00fcr Bautechnik. Seitdem publiziert er zur j\u00fcngeren deutschen Geschichte und zur US-Geopolitik. Zuletzt erschienen vom ihm \u201eSchwarzbuch EU &amp; NATO\u201c (2020) sowie \u201eDie untersch\u00e4tzte Macht\u201c (2022)<\/em><\/p>\n<h5>Anmerkungen und Quellen:<\/h5>\n<p>1) Von Altkanzler Helmut Schmidt bereits im Spiegelinterview vom 11.6.2001 behauptet.<\/p>\n<p>2) 1985 listete das \u201eUS-Army Field Manual 5-102\u201c Tunnel, Autobahnen und gro\u00dfe Br\u00fccken, D\u00e4mme, Kan\u00e4le, Flugpl\u00e4tze, H\u00e4fen, Industrieanlagen, Verschiebebahnh\u00f6fe, Kraftwerke und schmale T\u00e4ler als m\u00f6gliche Einsatzorte auf. <em>\u201eDoch nicht nur zum Stoppen des Vormarsches feindlicher Verb\u00e4nde, sondern auch zum Angriff sind Mini-Nukes eine feine Sache\u201c,<\/em> schw\u00e4rmten die Autoren uner Field Manual No. 5-102, 14.3.1985<\/p>\n<p>3) Vgl. Reiner Pommern: General Trettner und die Atom-Minen. Vierteljahreshefte f\u00fcr Zeitgeschichte Jahrgang 39 (1991), Heft 4, S. 640 sowie Fu\u00dfnote 12: NHP-Zeitzeugenbefragung \u201cDie Nuklearpolitik der Bundesrepublik Deutschland\u201c vom 13.Juli 1987 in Bonn, Unver\u00f6ffentlichte Abschrift des Tonbandprotokolls, S. 17.<\/p>\n<p>4) So im Operationsplan 33001 (GDP) V. Armeekorps\/USA vom 1. Januar 1981.<\/p>\n<p>5) F\u00fcr den Fall, da\u00df den BRD-Beh\u00f6rden die Kontrolle \u00fcber die Bev\u00f6lkerungsbewegen verloren geht, wurden die Kommandeure erm\u00e4chtigt, die direkte milit\u00e4rische Kontrolle \u00fcber diese Bewegungen zu \u00fcbernehmen<\/p>\n<p>6) Auf der NATO-Schule in Oberammergau wurden sogar noch 1983 (und vermutlich dar\u00fcber hinaus) Kommandeure im taktischen Einsatz von ADM unterrichtet.<\/p>\n<p>7) Vgl. Bielefeldt\/Krell\/Tiedtke: Aufr\u00fcstung durch R\u00fcstungsvergleiche. In Bielefeldt et al. 1973<\/p>\n<p>8) <a href=\"https:\/\/de.statista.com\/themen\/5811\/kalter-krieg\/\">https:\/\/de.statista.com\/themen\/5811\/kalter-krieg\/<\/a><\/p>\n<p>9) <a href=\"https:\/\/www.prokla.de\/index.php\/PROKLA\/article\/download\/1537\/1479\/2930\">https:\/\/www.prokla.de\/index.php\/PROKLA\/article\/download\/1537\/1479\/2930<\/a><\/p>\n<p>10) <a href=\"https:\/\/www.studiosus.com\/ueber-studiosus\/unternehmensgeschichte\">https:\/\/www.studiosus.com\/ueber-studiosus\/unternehmensgeschichte<\/a><\/p>\n<p>11) <a href=\"https:\/\/adminpubs.tradoc.army.mil\/pamphlets\/TP525-3-1.pdf\">https:\/\/adminpubs.tradoc.army.mil\/pamphlets\/TP525-3-1.pdf<\/a><\/p>\n<p>12) <a href=\"https:\/\/www.ncoworldwide.army.mil\/Portals\/76\/courses\/mlc\/ref\/Multi-Domain-Operations.pdf\">ncoworldwide.army.mil\/Portals\/76\/courses\/mlc\/ref\/Multi-Domain-Operations.pdf<\/a><\/p>\n<p>13) TRADOC-Dokumente 525-5 (vom 1. August 1994) bis 52-7-7 (vom 22. Februar 2010)<\/p>\n<p>14) Wolfgang Effenberger\/ Willy Wimmer: Wiederkehr der Hasardeure. 2014 H\u00f6hr-Grenzhausen, S. 407<\/p>\n<p>15) Ebda.<\/p>\n<p>16) <a href=\"http:\/\/www.bundesregierung.de\/resource\/blob\/975226\/2260264\/8efa1868839ede7609437b341d75c3c5\/2024-02-16-ukraine-sicherheitsvereinbarung-deu-data.pdf?download=1\">www.bundesregierung.de\/resource\/blob\/975226\/2260264\/8efa1868839ede7609437b341d75c3c5\/2024-02-16-ukraine-sicherheitsvereinbarung-deu-data.pdf?download=1<\/a><\/p>\n<p>17) <a href=\"https:\/\/www.congress.gov\/118\/crec\/2023\/02\/28\/169\/38\/CREC-2023-02-28-dailydigest.pdf\">https:\/\/www.congress.gov\/118\/crec\/2023\/02\/28\/169\/38\/CREC-2023-02-28-dailydigest.pdf<\/a> ; <a href=\"https:\/\/www.youtube.com\/watch?v=tmmPHvlbdwI\">https:\/\/www.youtube.com\/watch?v=tmmPHvlbdwI<\/a><\/p>\n<p>18) Foto: Kremlin.ru, CC BY 4.0, Quelle: <a href=\"https:\/\/commons.wikimedia.org\/w\/index.php?curid=174293257\" target=\"_blank\" rel=\"noopener\">https:\/\/commons.wikimedia.org\/w\/index.php?curid=174293257<\/a><\/p>\n<p>19)\u00a0 <a href=\"https:\/\/forumgeopolitica.com\/de\/artikel\/china-neu-denken-weder-kommunismus-noch-kapitalismus-eine-leistungsmeritokratie-mit-chinesischem-charakter\">https:\/\/forumgeopolitica.com\/de\/artikel\/china-neu-denken-weder-kommunismus-noch-kapitalismus-eine-leistungsmeritokratie-mit-chinesischem-charakter<\/a><\/p>\n<p>20) Ebda.<\/p>\n<p>21) Ebda.<\/p>\n<hr \/>\n<p><span style=\"font-size: 10pt;\">Bilder im Text: Archiv Effenberger (wenn nicht anders angegeben)<\/span><\/p>\n<p><span style=\"font-size: 10pt;\">Bild oben: Archiv Effenberger<\/span><\/p>\n<p>&nbsp;<\/p>\n","protected":false},"excerpt":{"rendered":"<p><b>Sowjetunion\/Russland 1977, 2023\/24;\u00a0China 2025<\/b><br \/>\n<b>Beitrag von Wolfgang Effenberger<\/b><br \/>\nNach 12 Jahren Dienstzeit beendete 1976 Wolfgang Effenberger seine Offizierslaufbahn. In seiner letzten Verwendung war er an der vorbreitenden Befehlsgebung gem\u00e4\u00df des General-Defense-Plans (GDP) &#8211; Ausschnitt Grenze zur damaligen Tschechoslowakei- beteiligt. Der GDP war nur einem eng begrenzten Kreis von Geheimnistr\u00e4gern (Streng geheim) zug\u00e4nglich, die einer intensiven Sicherheits\u00fcberpr\u00fcfung unterlagen (und somit auch nicht in den Ostblock h\u00e4tten reisen d\u00fcrfen). Um sich jenseits der beginnenden Nachr\u00fcstungs-Propaganda ein Bild zu machen, fuhr Effenberger dennoch.<\/p>\n","protected":false},"author":3,"featured_media":23466,"comment_status":"closed","ping_status":"closed","sticky":false,"template":"","format":"standard","meta":{"colormag_page_container_layout":"default_layout","colormag_page_sidebar_layout":"default_layout","advanced_seo_description":"","jetpack_seo_html_title":"","jetpack_seo_noindex":false,"jetpack_post_was_ever_published":false,"footnotes":""},"categories":[12],"tags":[1061,455,413,1165,636,2293,56,1099,1502,222,422,1556,430,1352,1826],"class_list":["post-23412","post","type-post","status-publish","format-standard","has-post-thumbnail","hentry","category-demokratie-medien-aufklaerung","tag-atomwaffen","tag-brd","tag-china","tag-kalter-krieg","tag-manipulation","tag-mittelstreckenraketen","tag-nato","tag-reise","tag-reisebericht","tag-russland","tag-ruestung","tag-sicherheitspolitik","tag-sowjetunion","tag-strategie","tag-warschauer-vertrag"],"jetpack_featured_media_url":"https:\/\/i0.wp.com\/www.freidenker.org\/fw17\/wp-content\/uploads\/2025\/11\/effenberger_reiseroute_01_800x450.jpg?fit=800%2C450&ssl=1","jetpack_shortlink":"https:\/\/wp.me\/p9stpK-65C","jetpack-related-posts":[{"id":18653,"url":"https:\/\/www.freidenker.org\/?p=18653","url_meta":{"origin":23412,"position":0},"title":"Der Auftakt in den 3. Drei\u00dfigj\u00e4hrigen Krieg j\u00e4hrt sich zum 25. Mal","author":"Webredaktion","date":"2. April 2024","format":false,"excerpt":"Bericht von Wolfgang Effenberger Am 24. M\u00e4rz 2024 j\u00e4hrte sich zum 25. Mal der ohne Zustimmung der Vereinten Nationen erfolgte beispiellose Angriff der NATO gegen Jugoslawien \u2013 in erster Linie gegen die Teilrepublik Serbien. [...] Das Belgrader Forum \"f\u00fcr die Welt der Gleichen\" beging am 22. und 23. M\u00e4rz 2024\u2026","rel":"","context":"In &quot;Frieden - Antifaschismus - Solidarit\u00e4t&quot;","block_context":{"text":"Frieden - Antifaschismus - Solidarit\u00e4t","link":"https:\/\/www.freidenker.org\/?cat=13"},"img":{"alt_text":"","src":"https:\/\/i0.wp.com\/www.freidenker.org\/fw17\/wp-content\/uploads\/2024\/04\/Effenberger_Belgrad_02_800x450.jpg?fit=800%2C450&ssl=1&resize=350%2C200","width":350,"height":200,"srcset":"https:\/\/i0.wp.com\/www.freidenker.org\/fw17\/wp-content\/uploads\/2024\/04\/Effenberger_Belgrad_02_800x450.jpg?fit=800%2C450&ssl=1&resize=350%2C200 1x, https:\/\/i0.wp.com\/www.freidenker.org\/fw17\/wp-content\/uploads\/2024\/04\/Effenberger_Belgrad_02_800x450.jpg?fit=800%2C450&ssl=1&resize=525%2C300 1.5x, https:\/\/i0.wp.com\/www.freidenker.org\/fw17\/wp-content\/uploads\/2024\/04\/Effenberger_Belgrad_02_800x450.jpg?fit=800%2C450&ssl=1&resize=700%2C400 2x"},"classes":[]},{"id":19181,"url":"https:\/\/www.freidenker.org\/?p=19181","url_meta":{"origin":23412,"position":1},"title":"Immanuel Kants 300. Geburtstag &#8211; Teil 2","author":"Webredaktion","date":"25. Mai 2024","format":false,"excerpt":"Teil 2: Reiseimpressionen aus Kaliningrad (ehemals K\u00f6nigsberg) Ein Kommentar von Wolfgang Effenberger Am 22. April 2024, dem 300sten Geburtstag von Immanuel Kant, sollte neben anderen Veranstaltungen die 1. Internationale Konferenz \u201cZum ewigen Frieden\u201d in K\u00f6nigsberg \/ Kaliningrad stattfinden. Wolfgang Effenberger war eingeladen, einen Kurzvortrag zur aktuellen Lage und zu Kants\u2026","rel":"","context":"In &quot;Kultur &amp; Kunst&quot;","block_context":{"text":"Kultur &amp; Kunst","link":"https:\/\/www.freidenker.org\/?cat=913"},"img":{"alt_text":"","src":"https:\/\/i0.wp.com\/www.freidenker.org\/fw17\/wp-content\/uploads\/2024\/05\/effenberger_kant2_02_800x450.jpg?fit=800%2C448&ssl=1&resize=350%2C200","width":350,"height":200,"srcset":"https:\/\/i0.wp.com\/www.freidenker.org\/fw17\/wp-content\/uploads\/2024\/05\/effenberger_kant2_02_800x450.jpg?fit=800%2C448&ssl=1&resize=350%2C200 1x, https:\/\/i0.wp.com\/www.freidenker.org\/fw17\/wp-content\/uploads\/2024\/05\/effenberger_kant2_02_800x450.jpg?fit=800%2C448&ssl=1&resize=525%2C300 1.5x, https:\/\/i0.wp.com\/www.freidenker.org\/fw17\/wp-content\/uploads\/2024\/05\/effenberger_kant2_02_800x450.jpg?fit=800%2C448&ssl=1&resize=700%2C400 2x"},"classes":[]},{"id":10812,"url":"https:\/\/www.freidenker.org\/?p=10812","url_meta":{"origin":23412,"position":2},"title":"Nach tristem G-7 Gipfel Hoffnungsschimmer in Genf?","author":"Webredaktion","date":"11. Juli 2021","format":false,"excerpt":"Beitrag von Wolfgang Effenberger, Sprecherin Sabiene Jahn Bereits eine Woche vor dem G7-Gipfel waren die Finanzminister in London zusammengekommen, um nach jahrelangen Verhandlungen einheitliche Regeln zur k\u00fcnftigen Besteuerung von multinationalen Unternehmen wie beispielsweise Amazon, Google, Microsoft oder Apple zu verabschieden mit dem Ziel, Steueroasen auszutrocknen. Angeblich ein Jahrhundertwerk. Die US-amerikanische\u2026","rel":"","context":"In &quot;Frieden - Antifaschismus - Solidarit\u00e4t&quot;","block_context":{"text":"Frieden - Antifaschismus - Solidarit\u00e4t","link":"https:\/\/www.freidenker.org\/?cat=13"},"img":{"alt_text":"","src":"https:\/\/i0.wp.com\/www.freidenker.org\/fw17\/wp-content\/uploads\/2021\/07\/jahn_effenberger_g7_800x450.jpg?fit=800%2C450&ssl=1&resize=350%2C200","width":350,"height":200,"srcset":"https:\/\/i0.wp.com\/www.freidenker.org\/fw17\/wp-content\/uploads\/2021\/07\/jahn_effenberger_g7_800x450.jpg?fit=800%2C450&ssl=1&resize=350%2C200 1x, https:\/\/i0.wp.com\/www.freidenker.org\/fw17\/wp-content\/uploads\/2021\/07\/jahn_effenberger_g7_800x450.jpg?fit=800%2C450&ssl=1&resize=525%2C300 1.5x, https:\/\/i0.wp.com\/www.freidenker.org\/fw17\/wp-content\/uploads\/2021\/07\/jahn_effenberger_g7_800x450.jpg?fit=800%2C450&ssl=1&resize=700%2C400 2x"},"classes":[]},{"id":21149,"url":"https:\/\/www.freidenker.org\/?p=21149","url_meta":{"origin":23412,"position":3},"title":"Diskussion: Die geopolitische Bedeutung der BRICS+","author":"Webredaktion","date":"12. M\u00e4rz 2025","format":false,"excerpt":"Einladung: Sonnabend, 15. M\u00e4rz 2025, 10:00 Uhr, Jugendherberge Leiterstra\u00dfe 10, 39104 Magdeburg Einleitungsreferat: Dr. Wolfgang Effenberger Die Chance, nach Aufl\u00f6sung der Warschauer Vertragsorganisation und dem Ende der Sowjetunion eine Friedensordnung f\u00fcr das 21. Jahrhundert zu begr\u00fcnden, wurde vertan. .... Die Entwicklung der BRIC-\/ BRICS-\/ BRICS+ Staaten markiert den Weg in\u2026","rel":"","context":"In &quot;Zentrale Veranstaltungen&quot;","block_context":{"text":"Zentrale Veranstaltungen","link":"https:\/\/www.freidenker.org\/?cat=20"},"img":{"alt_text":"","src":"https:\/\/i0.wp.com\/www.freidenker.org\/fw17\/wp-content\/uploads\/2025\/03\/2018_BRICS_summit_6_800x450.jpg?fit=800%2C450&ssl=1&resize=350%2C200","width":350,"height":200,"srcset":"https:\/\/i0.wp.com\/www.freidenker.org\/fw17\/wp-content\/uploads\/2025\/03\/2018_BRICS_summit_6_800x450.jpg?fit=800%2C450&ssl=1&resize=350%2C200 1x, https:\/\/i0.wp.com\/www.freidenker.org\/fw17\/wp-content\/uploads\/2025\/03\/2018_BRICS_summit_6_800x450.jpg?fit=800%2C450&ssl=1&resize=525%2C300 1.5x, https:\/\/i0.wp.com\/www.freidenker.org\/fw17\/wp-content\/uploads\/2025\/03\/2018_BRICS_summit_6_800x450.jpg?fit=800%2C450&ssl=1&resize=700%2C400 2x"},"classes":[]},{"id":13589,"url":"https:\/\/www.freidenker.org\/?p=13589","url_meta":{"origin":23412,"position":4},"title":"Russland und Humanismus","author":"Webredaktion","date":"22. Juni 2022","format":false,"excerpt":"Leserbrief von Kurt Wolfgang Ringel Warum Weltliteratur in der Ukraine und auch in den EU-kapitalistischen Staaten aussortiert bzw. diskriminiert wird, hat doch einen ganz anderen Grund als den Krieg USA-Russland, der in der Ukraine ausgetragen wird. Der wahre Grund der Verleugnung von Weltkultur, die in Russland entstanden ist: Sie passt\u2026","rel":"","context":"In &quot;Kultur &amp; Kunst&quot;","block_context":{"text":"Kultur &amp; Kunst","link":"https:\/\/www.freidenker.org\/?cat=913"},"img":{"alt_text":"","src":"https:\/\/i0.wp.com\/www.freidenker.org\/fw17\/wp-content\/uploads\/2022\/06\/Bosco_AnnaKarenina_800x450.jpg?fit=800%2C450&ssl=1&resize=350%2C200","width":350,"height":200,"srcset":"https:\/\/i0.wp.com\/www.freidenker.org\/fw17\/wp-content\/uploads\/2022\/06\/Bosco_AnnaKarenina_800x450.jpg?fit=800%2C450&ssl=1&resize=350%2C200 1x, https:\/\/i0.wp.com\/www.freidenker.org\/fw17\/wp-content\/uploads\/2022\/06\/Bosco_AnnaKarenina_800x450.jpg?fit=800%2C450&ssl=1&resize=525%2C300 1.5x, https:\/\/i0.wp.com\/www.freidenker.org\/fw17\/wp-content\/uploads\/2022\/06\/Bosco_AnnaKarenina_800x450.jpg?fit=800%2C450&ssl=1&resize=700%2C400 2x"},"classes":[]},{"id":19922,"url":"https:\/\/www.freidenker.org\/?p=19922","url_meta":{"origin":23412,"position":5},"title":"Offener Brief an den Pr\u00e4sidenten der Vereinigten Staaten Joe Biden","author":"Webredaktion","date":"27. September 2024","format":false,"excerpt":"Offener Brief von Wolfgang Effenberger und Dr. Amir Mortasawi (25. September 2024) Sehr geehrter Herr Pr\u00e4sident! Wir sind gespannt auf Ihren f\u00fcr den 10. Oktober 2024 geplanten Besuch in Deutschland und hoffen inst\u00e4ndig, dass Sie mit 81 Jahren, nach Ihrer \u00fcber 50-j\u00e4hrigen politischen T\u00e4tigkeit und am Ende Ihrer Amtszeit als\u2026","rel":"","context":"In &quot;Demokratie \u2013 Medien \u2013 Aufkl\u00e4rung&quot;","block_context":{"text":"Demokratie \u2013 Medien \u2013 Aufkl\u00e4rung","link":"https:\/\/www.freidenker.org\/?cat=12"},"img":{"alt_text":"","src":"https:\/\/i0.wp.com\/www.freidenker.org\/fw17\/wp-content\/uploads\/2024\/09\/biden_P20240919AS-0842_800x450.jpg?fit=800%2C450&ssl=1&resize=350%2C200","width":350,"height":200,"srcset":"https:\/\/i0.wp.com\/www.freidenker.org\/fw17\/wp-content\/uploads\/2024\/09\/biden_P20240919AS-0842_800x450.jpg?fit=800%2C450&ssl=1&resize=350%2C200 1x, https:\/\/i0.wp.com\/www.freidenker.org\/fw17\/wp-content\/uploads\/2024\/09\/biden_P20240919AS-0842_800x450.jpg?fit=800%2C450&ssl=1&resize=525%2C300 1.5x, https:\/\/i0.wp.com\/www.freidenker.org\/fw17\/wp-content\/uploads\/2024\/09\/biden_P20240919AS-0842_800x450.jpg?fit=800%2C450&ssl=1&resize=700%2C400 2x"},"classes":[]}],"_links":{"self":[{"href":"https:\/\/www.freidenker.org\/index.php?rest_route=\/wp\/v2\/posts\/23412","targetHints":{"allow":["GET"]}}],"collection":[{"href":"https:\/\/www.freidenker.org\/index.php?rest_route=\/wp\/v2\/posts"}],"about":[{"href":"https:\/\/www.freidenker.org\/index.php?rest_route=\/wp\/v2\/types\/post"}],"author":[{"embeddable":true,"href":"https:\/\/www.freidenker.org\/index.php?rest_route=\/wp\/v2\/users\/3"}],"replies":[{"embeddable":true,"href":"https:\/\/www.freidenker.org\/index.php?rest_route=%2Fwp%2Fv2%2Fcomments&post=23412"}],"version-history":[{"count":7,"href":"https:\/\/www.freidenker.org\/index.php?rest_route=\/wp\/v2\/posts\/23412\/revisions"}],"predecessor-version":[{"id":23467,"href":"https:\/\/www.freidenker.org\/index.php?rest_route=\/wp\/v2\/posts\/23412\/revisions\/23467"}],"wp:featuredmedia":[{"embeddable":true,"href":"https:\/\/www.freidenker.org\/index.php?rest_route=\/wp\/v2\/media\/23466"}],"wp:attachment":[{"href":"https:\/\/www.freidenker.org\/index.php?rest_route=%2Fwp%2Fv2%2Fmedia&parent=23412"}],"wp:term":[{"taxonomy":"category","embeddable":true,"href":"https:\/\/www.freidenker.org\/index.php?rest_route=%2Fwp%2Fv2%2Fcategories&post=23412"},{"taxonomy":"post_tag","embeddable":true,"href":"https:\/\/www.freidenker.org\/index.php?rest_route=%2Fwp%2Fv2%2Ftags&post=23412"}],"curies":[{"name":"wp","href":"https:\/\/api.w.org\/{rel}","templated":true}]}}