{"id":23402,"date":"2025-11-02T23:27:11","date_gmt":"2025-11-02T22:27:11","guid":{"rendered":"https:\/\/www.freidenker.org\/?p=23402"},"modified":"2025-11-30T13:23:03","modified_gmt":"2025-11-30T12:23:03","slug":"deutscher-aussenminister-tourt-durch-die-schluesselregion-nahost","status":"publish","type":"post","link":"https:\/\/www.freidenker.org\/?p=23402","title":{"rendered":"Deutscher Au\u00dfenminister tourt durch die \u00bbSchl\u00fcsselregion\u00ab Nahost"},"content":{"rendered":"<h4>UNO-Expertin ver\u00f6ffentlicht Bericht \u00fcber Mitt\u00e4terschaft beim V\u00f6lkermord in Gaza<\/h4>\n<p><em>von <strong>Karin Leukefeld<\/strong><\/em><\/p>\n<p><span style=\"font-size: 10pt;\">Erstver\u00f6ffentlichung am 31.10.2025 in der <a href=\"https:\/\/www.zlv.lu\/db\/1\/1468253836101\/0\" target=\"_blank\" rel=\"noopener\">Zeitung vum L\u00ebtzebuerger Vollek<\/a><\/span><\/p>\n<p><span lang=\"DE-LU\">B<\/span><span lang=\"DE-LU\">egleitet von Journalisten ausgew\u00e4hlter deutscher Medien landete Au\u00dfenminister Johann Wadephuhl zun\u00e4chst auf dem Milit\u00e4rflughafen der jordanischen Hauptstadt Ammen, flog dann zu einer Stippvisite in die syrische Hauptstadt Damaskus weiter und traf schlie\u00dflich in der libanesischen Hauptstadt Beirut ein. Von hier soll es dann weitergehen in das K\u00f6nigreich Bahrein am Persischen Golf.<\/span><\/p>\n<p><span lang=\"DE-LU\">Mit einer Maschine der Deutschen Luftwaffe tourt der deutsche Au\u00dfenminister Johann Wadephul seit dem vergangenen Mittwoch durch die Kriegsregion zwischen dem \u00f6stlichen Mittelmeer und dem Persischen Golf. F\u00fcr die Bundesregierung handelt es sich bei Jordanien, Syrien und Libanon \u2013 mit Israel und dem von Israel bedr\u00e4ngten Pal\u00e4stina \u2013 um die \u00bbSchl\u00fcsselregion Nahost\u00ab, wie das Ausw\u00e4rtige Amt in Berlin mitteilte. Der deutsche Au\u00dfenminister wird von Abgeordneten des Deutschen Bundestages begleitet. <\/span><\/p>\n<h5><span lang=\"DE-LU\">Umfangreiche Unterst\u00fctzung zugesagt<\/span><\/h5>\n<p><span lang=\"DE-LU\">In Jordanien traf Wadephul seinen jordanischen Amtskollegen Au\u00dfenminister Ayman Safadi, dem er die weitere Unterst\u00fctzung f\u00fcr die Hilfe im Gazastreifen zusagte. Laut Medienberichten sprachen die beiden Minister dar\u00fcber, wie \u00bbdie Waffenruhe\u00ab im Gazastreifen gesichert und der Wiederaufbau und die Bildung einer neuen Verwaltung in Gaza organisiert werden solle.<\/span><\/p>\n<p><span lang=\"DE-LU\">In Damaskus traf Wadephul mit dem ehemaligen Al-Qaida-Anf\u00fchrer und Gr\u00fcnder der Terrororganisation Nusra-Front \u00bbAl Golani\u00ab zusammen, der Anfang Dezember 2024 mit K\u00e4mpfern der Hay\u2019at Tahrir al Sham als Ahmed al Sharaa im syrischen Pr\u00e4sidentenpalast in Damaskus einzog und inzwischen als \u00bbInterimspr\u00e4sident\u00ab fungiert. Auch \u00bbInterimsau\u00dfenminister\u00ab Asaad al Schaibani nahm an den Gespr\u00e4chen teil.<\/span><\/p>\n<p><span lang=\"DE-LU\">Laut Presseerkl\u00e4rung des Ausw\u00e4rtigen Amtes erkl\u00e4rte Wadephul, \u00bbmit der \u00dcberwindung der Assad-Diktatur\u00ab seien \u00bbdie Menschen in Syrien in eine neue Zeit aufgebrochen\u00ab. Deutschland wolle sie \u00bbjetzt dabei unterst\u00fctzen, die Zukunft ihres Landes selbst in die Hand zu nehmen.\u00ab Seit Beginn des Syrien-Krieges 2011, der zum Sturz von Pr\u00e4sident Assad f\u00fchrte, hatte die deutsche Bundesregierung einseitige wirtschaftliche Strafma\u00dfnahmen gegen Syrien unterst\u00fctzt, die zu Korruption und Schmuggel und zu einer enormen Verarmung der Bev\u00f6lkerung und staatlichen Verschuldung f\u00fchrten. <\/span><\/p>\n<p><span lang=\"DE-LU\">Von Damaskus flog Wadephul weiter in den Libanon, wo er mit dem libanesischen Au\u00dfenminister Youssef Rajji und mit Pr\u00e4sident Joseph Aoun \u00fcber die \u00bbWaffenruhe\u00ab im S\u00fcdlibanon sprach. Im Hafen von Beirut traf er mit Marinesoldaten an Bord einer deutschen Fregatte der UNIFIL-Mission zusammen.<\/span><\/p>\n<p><span lang=\"DE-LU\">Endpunkt der Reise ist das K\u00f6nigreich Bahrain am Persischen Golf. Dort nimmt Wadephul am 21. IISS Manama Dialog Bahrain teil, der vom 31.10. bis 2.November stattfindet. Dabei handelt es sich nach eigenen Angaben um ein \u00bbeinzigartiges Forum f\u00fcr Minister, einflu\u00dfreiche Personen und Entscheidungstr\u00e4ger, um die dringlichsten Aufgaben der Au\u00dfenpolitik, Verteidigung und Sicherheit des Mittleren Ostens zu debattieren\u00ab. Veranstaltet wird das Forum vom International Institute for Strategic Studies (IISS), das seit 65 Jahren \u00bbhilft\u00ab, die Strategie f\u00fcr Regierungen, Unternehmen, Medien und Experten weltweit zu gestalten.<\/span><\/p>\n<p><span lang=\"DE-LU\">IISS ist eine britische Denkfabrik, die 1958 von Sir Michael Eliot Howard gegr\u00fcndet wurde, einem 1922 geborenen britischen Offizier und sp\u00e4teren Milit\u00e4rhistoriker, der u.a. am Kings College die Geschichte des Krieges lehrte. Howard gilt bis heute als ma\u00dfgeblicher Architekt der britischen milit\u00e4rischen und politischen Strategie.<\/span><\/p>\n<h5><span lang=\"DE-LU\">Deutsches Geld und deutsche Waffen<\/span><\/h5>\n<p><span lang=\"DE-LU\">W\u00e4hrend sich der deutsche Au\u00dfenminister als Friedensmacher und humanit\u00e4rer Helfer in der Region pr\u00e4sentiert, weisen Daten und Fakten, die von UNO-Experten, Langzeitstudien wie dem Projekt \u00bbCosts of War\u00ab am Watson Institut der Brown Universit\u00e4t, Rhode Island und von Menschenrechtsorganisationen pr\u00e4sentiert werden, auch auf die Rolle Deutschlands als zweitgr\u00f6\u00dfter Waffenlieferant an Israel hin, auch w\u00e4hrend Krieges, der am 7. Oktober 2023 begann. <\/span><\/p>\n<p><span lang=\"DE-LU\">In einer neuen Studie der UNO-Sonderberichterstatterin f\u00fcr Menschenrechte in den von Israel besetzten pal\u00e4stinensischen Gebieten hat die italienische Juristin Francesca Albanese die Verantwortung von 63 Staaten an dem \u00bbkollektiven Verbrechen\u00ab des V\u00f6lkermords in Gaza herausgearbeitet. Die meisten dieser Staaten hatten \u2013 trotz der Ermittlungen wegen des Verdachts auf V\u00f6lkermord und Kriegsverbrechen durch Israel des Internationalen Gerichtshofes in Den Haag \u2013 weder ihre Waffenlieferungen an Israel, noch Handel und auch die diplomatischen Beziehungen mit Israel nicht eingestellt. <\/span><\/p>\n<p><span lang=\"DE-LU\">Die F\u00fchrungsrolle hatten dabei die USA, deren Kongress beispielsweise zu dem Zeitpunkt, als Israel drohte, die Stadt Rafah anzugreifen, f\u00fcr die \u00bbVerteidigung Israels\u00ab 26,4 Milliarden US-Dollar freigaben. Offiziell hatte die USA-Administration unter Pr\u00e4sident Joe Biden einen israelischen Einmarsch in die Stadt Rafah im S\u00fcden des Gazastreifens als \u00bbrote Linie\u00ab bezeichnet.<\/span><\/p>\n<p><span lang=\"DE-LU\">Deutschland folgt \u2013 mit \u00bbindividuellen Exportlizenzen im Wert von 489 Millionen Euro \u2013 unmittelbar auf Platz zwei. Geliefert wurden seit Oktober 2023 unter anderem \u00bbNachschub f\u00fcr Fregatten und Torpedos, Ersatzteile f\u00fcr Merkava-Panzer\u00ab, die deutlich sichtbar gegen Gaza, aber auch gegen den Libanon und in Syrien eingesetzt wurden. Obwohl der deutsche Kanzler Friedrich Merz im August 2025 ein Aussetzen der Lieferungen von Waffen verk\u00fcndete, die im Gazastreifen eingesetzt werden k\u00f6nnten, wurde nur einen Monat sp\u00e4ter eine neue R\u00fcstungslieferung im Wert von 2,46 Millionen Euro sowohl von der Regierung, als auch vom Haushaltsausschuss des Bundestages freigegeben.<\/span><\/p>\n<h5><span lang=\"DE-LU\">Bericht per Video nach New York<\/span><\/h5>\n<p><span lang=\"DE-LU\">Britannien hat w\u00e4hrend des Gazakrieges mehr als 600 Aufkl\u00e4rungsfl\u00fcge \u00fcber dem Pal\u00e4stinensergebiet \u2013 aber auch \u00fcber Libanon und Syrien \u2013 absolviert. Die so gesammelten Daten wurden sowohl mit der USA-Armee als auch der Israelischen Armee geteilt. Die Maschinen starteten von den britischen Milit\u00e4rbasen auf der Republik Zypern, einem EU-Staat.<\/span><\/p>\n<p><span lang=\"DE-LU\">In dem Bericht werden insgesamt 63 Staaten als Lieferanten f\u00fcr Waffen und Munition genannt, darunter Indien, Italien, \u00d6sterreich, Spanien, Tschechien, Rum\u00e4nien, Frankreich, China und Taiwan. Zulieferanten f\u00fcr die Waffen, die Israel u.a. bei F-25 Kampfjetangriffen einsetzte, wurden Komponenten von Australien, Belgien, Kanada, Tschechien, D\u00e4nemark, Finnland, Deutschland, Griechenland, Italien, Japan, Niederlande, Norwegen, Polen, S\u00fcdkorea, Rum\u00e4nien, Singapur, Schweiz, Britannien und den USA geliefert. Einige dieser Staaten stellten ihre Lieferungen teilweise ein, nicht aber bei Ersatzteilen f\u00fcr die F-35 Kampfjets, die \u00bbbei der v\u00f6lkerm\u00f6rderischen Zerst\u00f6rung von Gaza massiv eingesetzt wurden\u00ab, wie es in dem Bericht hei\u00dft. Auch die in Luxemburg ans\u00e4ssige NATO-Einrichtung NSPA in Capellen lieferte weiter Ersatzteile f\u00fcr die Kampfjets.<\/span><\/p>\n<p><span lang=\"DE-LU\">Albanese stellte ihren Bericht \u00bbV\u00f6lkermord in Gaza \u2013 ein kollektives Verbrechen\u00ab der UNO-Generalversammlung am 28. Oktober 2025 per Videolink vor, da sie aufgrund der von der USA-Administration gegen sie verh\u00e4ngten Sanktionen nicht zur UNO nach New York reisen kann. Stattdessen sprach sie von der Desmond und Leah Tutu Stiftung in Kapstadt, S\u00fcdafrika. UNO-Generalsekret\u00e4r Guterres hatte ihren \u00bbnicht redigierten vorl\u00e4ufigen Bericht\u00ab der Generalversammlung zur Verf\u00fcgung gestellt.<\/span><\/p>\n<p style=\"text-align: right;\"><em>Karin Leukefeld ist Buchautorin und arbeitet als freie Journalistin im Mittleren Osten<\/em><\/p>\n<hr \/>\n<p><span style=\"font-size: 10pt;\">Bild oben: Johann Wadephul auf dem CDU Parteitag 2016 in Essen<\/span><br \/>\n<span style=\"font-size: 10pt;\">Foto: Olaf Kosinsky, <a href=\"https:\/\/creativecommons.org\/licenses\/by-sa\/3.0\/de\/deed.en\" target=\"_blank\" rel=\"noopener\">CC BY-SA 3.0 de<\/a><\/span><br \/>\n<span style=\"font-size: 10pt;\">Quelle: <a href=\"https:\/\/commons.wikimedia.org\/w\/index.php?curid=96076865\" target=\"_blank\" rel=\"noopener\">https:\/\/commons.wikimedia.org\/w\/index.php?curid=96076865<\/a><\/span><\/p>\n","protected":false},"excerpt":{"rendered":"<p><b>UNO-Expertin ver\u00f6ffentlicht Bericht \u00fcber Mitt\u00e4terschaft beim V\u00f6lkermord in Gaza<\/b><br \/>\n<b>Beitrag von Karin Leukefeld<\/b><br \/>\nBegleitet von Journalisten ausgew\u00e4hlter deutscher Medien landete Au\u00dfenminister Johann Wadephuhl zun\u00e4chst auf dem Milit\u00e4rflughafen der jordanischen Hauptstadt Ammen, flog dann zu einer Stippvisite in die syrische Hauptstadt Damaskus weiter und traf schlie\u00dflich in der libanesischen Hauptstadt Beirut ein. Von hier soll es dann weitergehen in das K\u00f6nigreich Bahrein am Persischen Golf. Mit einer Maschine der Deutschen Luftwaffe tourt der deutsche Au\u00dfenminister Johann Wadephul seit dem vergangenen Mittwoch durch die Kriegsregion zwischen dem \u00f6stlichen Mittelmeer und dem Persischen Golf. F\u00fcr die Bundesregierung handelt es sich bei Jordanien, Syrien und Libanon \u2013 mit Israel und dem von Israel bedr\u00e4ngten Pal\u00e4stina \u2013 um die \u00bbSchl\u00fcsselregion Nahost\u00ab, wie das Ausw\u00e4rtige Amt in Berlin mitteilte. <\/p>\n","protected":false},"author":3,"featured_media":23403,"comment_status":"closed","ping_status":"closed","sticky":false,"template":"","format":"standard","meta":{"colormag_page_container_layout":"default_layout","colormag_page_sidebar_layout":"default_layout","advanced_seo_description":"","jetpack_seo_html_title":"","jetpack_seo_noindex":false,"jetpack_post_was_ever_published":false,"footnotes":""},"categories":[12],"tags":[699,2849,477,896,452,1172,1038,393,2678,658,676,1955,394,1352,336,1120,185,1931,2619,1525],"class_list":["post-23402","post","type-post","status-publish","format-standard","has-post-thumbnail","hentry","category-demokratie-medien-aufklaerung","tag-aussenpolitik","tag-bahrain","tag-bundestag","tag-denkfabriken","tag-deutschland","tag-gaza","tag-grossbritannien","tag-israel","tag-jordanien","tag-libanon","tag-naher-osten","tag-nahostkonflikt","tag-palaestina","tag-strategie","tag-syrien","tag-uno","tag-usa","tag-voelkermord","tag-wadephul","tag-waffenlieferungen"],"jetpack_featured_media_url":"https:\/\/i0.wp.com\/www.freidenker.org\/fw17\/wp-content\/uploads\/2025\/11\/2016-12-06_Johann_Wadephul_BT0A6594_800x450.jpg?fit=800%2C450&ssl=1","jetpack_shortlink":"https:\/\/wp.me\/p9stpK-65s","jetpack-related-posts":[{"id":22095,"url":"https:\/\/www.freidenker.org\/?p=22095","url_meta":{"origin":23402,"position":0},"title":"Genug der deutschen Scheinheiligkeit und Schamlosigkeit \u2013 Gaza und die deutschen Krokodilstr\u00e4nen","author":"Webredaktion","date":"12. Juni 2025","format":false,"excerpt":"Kommentar von Von Evelyn Hecht-Galinski Wie lange kann und will man das israelische Regime noch als \u201eeinzige\u201c Demokratie im Nahen Osten bezeichnen? Dieses Regime wurde zwar demokratisch gew\u00e4hlt, aber was hei\u00dft das schon? Eine Demokratie besteht nicht nur aus Wahlen, sondern auch aus W\u00e4hlern. Wenn also 82% dieser W\u00e4hler die\u2026","rel":"","context":"In &quot;Frieden - Antifaschismus - Solidarit\u00e4t&quot;","block_context":{"text":"Frieden - Antifaschismus - Solidarit\u00e4t","link":"https:\/\/www.freidenker.org\/?cat=13"},"img":{"alt_text":"","src":"https:\/\/i0.wp.com\/www.freidenker.org\/fw17\/wp-content\/uploads\/2025\/06\/palestine-6950484_800x450.jpg?fit=800%2C450&ssl=1&resize=350%2C200","width":350,"height":200,"srcset":"https:\/\/i0.wp.com\/www.freidenker.org\/fw17\/wp-content\/uploads\/2025\/06\/palestine-6950484_800x450.jpg?fit=800%2C450&ssl=1&resize=350%2C200 1x, https:\/\/i0.wp.com\/www.freidenker.org\/fw17\/wp-content\/uploads\/2025\/06\/palestine-6950484_800x450.jpg?fit=800%2C450&ssl=1&resize=525%2C300 1.5x, https:\/\/i0.wp.com\/www.freidenker.org\/fw17\/wp-content\/uploads\/2025\/06\/palestine-6950484_800x450.jpg?fit=800%2C450&ssl=1&resize=700%2C400 2x"},"classes":[]},{"id":21521,"url":"https:\/\/www.freidenker.org\/?p=21521","url_meta":{"origin":23402,"position":1},"title":"Stoppt den Genozid! Sofort!","author":"Webredaktion","date":"22. April 2025","format":false,"excerpt":"Video von Marlies und S\u00f6nke Hundt\u00a0 Unbarmherzig und vor den Augen der Welt\u00f6ffentlichkeit wird der V\u00f6lkermord an den Pal\u00e4stinensern in Gaza weitergef\u00fchrt. Die Pal\u00e4stinensische Gemeinde in Bremen hat am 05.04.2025 wieder zum Protest gegen den Genozid in Gaza aufgerufen. Mit einer Demonstration vom Hauptbahnhof und einer Kundgebung auf dem Marktplatz.\u2026","rel":"","context":"In &quot;Frieden - Antifaschismus - Solidarit\u00e4t&quot;","block_context":{"text":"Frieden - Antifaschismus - Solidarit\u00e4t","link":"https:\/\/www.freidenker.org\/?cat=13"},"img":{"alt_text":"","src":"https:\/\/i0.wp.com\/www.freidenker.org\/fw17\/wp-content\/uploads\/2025\/04\/video_soenke_hundt.jpg?fit=800%2C450&ssl=1&resize=350%2C200","width":350,"height":200,"srcset":"https:\/\/i0.wp.com\/www.freidenker.org\/fw17\/wp-content\/uploads\/2025\/04\/video_soenke_hundt.jpg?fit=800%2C450&ssl=1&resize=350%2C200 1x, https:\/\/i0.wp.com\/www.freidenker.org\/fw17\/wp-content\/uploads\/2025\/04\/video_soenke_hundt.jpg?fit=800%2C450&ssl=1&resize=525%2C300 1.5x, https:\/\/i0.wp.com\/www.freidenker.org\/fw17\/wp-content\/uploads\/2025\/04\/video_soenke_hundt.jpg?fit=800%2C450&ssl=1&resize=700%2C400 2x"},"classes":[]},{"id":22770,"url":"https:\/\/www.freidenker.org\/?p=22770","url_meta":{"origin":23402,"position":2},"title":"V\u00f6lkermord und von Menschen gemachte Hungersnot","author":"Webredaktion","date":"7. September 2025","format":false,"excerpt":"UNO-Experten fordern alle Mitgliedstaaten auf, Israel zu stoppen Beitrag von Karin Leukefeld Im zweiw\u00f6chentlichen Bericht des UNO-Nothilfeprogramms OCHA \u00fcber die Situation in Gaza hei\u00dft es, da\u00df zwischen dem 27. August und dem 3. September 2025, also innerhalb einer Woche, 571 Pal\u00e4stinenser get\u00f6tet und 2.318 verletzt wurden. Die Gesamtzahl get\u00f6teter Pal\u00e4stinenser\u2026","rel":"","context":"In &quot;Frieden - Antifaschismus - Solidarit\u00e4t&quot;","block_context":{"text":"Frieden - Antifaschismus - Solidarit\u00e4t","link":"https:\/\/www.freidenker.org\/?cat=13"},"img":{"alt_text":"","src":"https:\/\/i0.wp.com\/www.freidenker.org\/fw17\/wp-content\/uploads\/2025\/09\/Israeli_airstrike_on_Gaza_Strip_during_Gaza_War_23-25_800x450.jpg?fit=800%2C450&ssl=1&resize=350%2C200","width":350,"height":200,"srcset":"https:\/\/i0.wp.com\/www.freidenker.org\/fw17\/wp-content\/uploads\/2025\/09\/Israeli_airstrike_on_Gaza_Strip_during_Gaza_War_23-25_800x450.jpg?fit=800%2C450&ssl=1&resize=350%2C200 1x, https:\/\/i0.wp.com\/www.freidenker.org\/fw17\/wp-content\/uploads\/2025\/09\/Israeli_airstrike_on_Gaza_Strip_during_Gaza_War_23-25_800x450.jpg?fit=800%2C450&ssl=1&resize=525%2C300 1.5x, https:\/\/i0.wp.com\/www.freidenker.org\/fw17\/wp-content\/uploads\/2025\/09\/Israeli_airstrike_on_Gaza_Strip_during_Gaza_War_23-25_800x450.jpg?fit=800%2C450&ssl=1&resize=700%2C400 2x"},"classes":[]},{"id":22406,"url":"https:\/\/www.freidenker.org\/?p=22406","url_meta":{"origin":23402,"position":3},"title":"Sanktionen gegen das internationale Recht","author":"Webredaktion","date":"17. Juli 2025","format":false,"excerpt":"Beitrag von Karin Leukefeld In Zeiten des offenen Bruchs von internationalem und humanit\u00e4rem Recht, Missachtung der UN-Charta und im Livestream sozialer und internationaler Medien \u00fcbertragenem V\u00f6lkermord an den Pal\u00e4stinensern wird in Think Tanks und Medien scheinbar nachdenklich \u00fcber den \u201ekatastrophalen Zusammenbruch von Normen durch Gewalt\u201c philosophiert: \u201eMacht k\u00f6nnte das Recht\u2026","rel":"","context":"In &quot;Demokratie \u2013 Medien \u2013 Aufkl\u00e4rung&quot;","block_context":{"text":"Demokratie \u2013 Medien \u2013 Aufkl\u00e4rung","link":"https:\/\/www.freidenker.org\/?cat=12"},"img":{"alt_text":"","src":"https:\/\/i0.wp.com\/www.freidenker.org\/fw17\/wp-content\/uploads\/2025\/07\/Francesca_Albanese_2024_54303679287_800x450.jpg?fit=800%2C450&ssl=1&resize=350%2C200","width":350,"height":200,"srcset":"https:\/\/i0.wp.com\/www.freidenker.org\/fw17\/wp-content\/uploads\/2025\/07\/Francesca_Albanese_2024_54303679287_800x450.jpg?fit=800%2C450&ssl=1&resize=350%2C200 1x, https:\/\/i0.wp.com\/www.freidenker.org\/fw17\/wp-content\/uploads\/2025\/07\/Francesca_Albanese_2024_54303679287_800x450.jpg?fit=800%2C450&ssl=1&resize=525%2C300 1.5x, https:\/\/i0.wp.com\/www.freidenker.org\/fw17\/wp-content\/uploads\/2025\/07\/Francesca_Albanese_2024_54303679287_800x450.jpg?fit=800%2C450&ssl=1&resize=700%2C400 2x"},"classes":[]},{"id":24418,"url":"https:\/\/www.freidenker.org\/?p=24418","url_meta":{"origin":23402,"position":4},"title":"Irans gro\u00dfer Auftritt in Katar","author":"Webredaktion","date":"13. Februar 2026","format":false,"excerpt":"Schiiten und Sunniten gemeinsam gegen zionistischen Genozid in Gaza Beitrag von Rainer Rupp Auch am vergangenen Wochenende blieben die westlichen, selbsterkl\u00e4rten \"Qualit\u00e4tsmedien\" ihrem Grundsatz treu, \"dass nicht sein kann, was nicht sein darf\". Folglich hat selbst der am Fortgang der Krise im Mittleren Osten interessierte deutsche B\u00fcrger nichts \u00fcber das\u2026","rel":"","context":"In &quot;Demokratie \u2013 Medien \u2013 Aufkl\u00e4rung&quot;","block_context":{"text":"Demokratie \u2013 Medien \u2013 Aufkl\u00e4rung","link":"https:\/\/www.freidenker.org\/?cat=12"},"img":{"alt_text":"","src":"https:\/\/i0.wp.com\/www.freidenker.org\/fw17\/wp-content\/uploads\/2026\/02\/14031011_Abbas_Araghchi_800x450.jpg?fit=800%2C450&ssl=1&resize=350%2C200","width":350,"height":200,"srcset":"https:\/\/i0.wp.com\/www.freidenker.org\/fw17\/wp-content\/uploads\/2026\/02\/14031011_Abbas_Araghchi_800x450.jpg?fit=800%2C450&ssl=1&resize=350%2C200 1x, https:\/\/i0.wp.com\/www.freidenker.org\/fw17\/wp-content\/uploads\/2026\/02\/14031011_Abbas_Araghchi_800x450.jpg?fit=800%2C450&ssl=1&resize=525%2C300 1.5x, https:\/\/i0.wp.com\/www.freidenker.org\/fw17\/wp-content\/uploads\/2026\/02\/14031011_Abbas_Araghchi_800x450.jpg?fit=800%2C450&ssl=1&resize=700%2C400 2x"},"classes":[]},{"id":20583,"url":"https:\/\/www.freidenker.org\/?p=20583","url_meta":{"origin":23402,"position":5},"title":"Vom Chaos in Syrien zur Todesfalle Gaza","author":"Webredaktion","date":"25. Dezember 2024","format":false,"excerpt":"Beitrag von Rainer Rupp Syrien, wie ich und viele andere es von Besuchen gekannt und gesch\u00e4tzt haben, n\u00e4mlich als s\u00e4kularen Staat, in dem viele Religionen und Sekten neben- und miteinander lebten, in einer Gesellschaft mit vielen sozialistischen Strukturen, die vor allem im Bildungswesen und der Gesundheitsversorgung hervortraten, dieses Syrien ist\u2026","rel":"","context":"In &quot;Demokratie \u2013 Medien \u2013 Aufkl\u00e4rung&quot;","block_context":{"text":"Demokratie \u2013 Medien \u2013 Aufkl\u00e4rung","link":"https:\/\/www.freidenker.org\/?cat=12"},"img":{"alt_text":"","src":"https:\/\/i0.wp.com\/www.freidenker.org\/fw17\/wp-content\/uploads\/2024\/12\/palestine-8695562_800x450.jpg?fit=800%2C450&ssl=1&resize=350%2C200","width":350,"height":200,"srcset":"https:\/\/i0.wp.com\/www.freidenker.org\/fw17\/wp-content\/uploads\/2024\/12\/palestine-8695562_800x450.jpg?fit=800%2C450&ssl=1&resize=350%2C200 1x, https:\/\/i0.wp.com\/www.freidenker.org\/fw17\/wp-content\/uploads\/2024\/12\/palestine-8695562_800x450.jpg?fit=800%2C450&ssl=1&resize=525%2C300 1.5x, https:\/\/i0.wp.com\/www.freidenker.org\/fw17\/wp-content\/uploads\/2024\/12\/palestine-8695562_800x450.jpg?fit=800%2C450&ssl=1&resize=700%2C400 2x"},"classes":[]}],"_links":{"self":[{"href":"https:\/\/www.freidenker.org\/index.php?rest_route=\/wp\/v2\/posts\/23402","targetHints":{"allow":["GET"]}}],"collection":[{"href":"https:\/\/www.freidenker.org\/index.php?rest_route=\/wp\/v2\/posts"}],"about":[{"href":"https:\/\/www.freidenker.org\/index.php?rest_route=\/wp\/v2\/types\/post"}],"author":[{"embeddable":true,"href":"https:\/\/www.freidenker.org\/index.php?rest_route=\/wp\/v2\/users\/3"}],"replies":[{"embeddable":true,"href":"https:\/\/www.freidenker.org\/index.php?rest_route=%2Fwp%2Fv2%2Fcomments&post=23402"}],"version-history":[{"count":1,"href":"https:\/\/www.freidenker.org\/index.php?rest_route=\/wp\/v2\/posts\/23402\/revisions"}],"predecessor-version":[{"id":23404,"href":"https:\/\/www.freidenker.org\/index.php?rest_route=\/wp\/v2\/posts\/23402\/revisions\/23404"}],"wp:featuredmedia":[{"embeddable":true,"href":"https:\/\/www.freidenker.org\/index.php?rest_route=\/wp\/v2\/media\/23403"}],"wp:attachment":[{"href":"https:\/\/www.freidenker.org\/index.php?rest_route=%2Fwp%2Fv2%2Fmedia&parent=23402"}],"wp:term":[{"taxonomy":"category","embeddable":true,"href":"https:\/\/www.freidenker.org\/index.php?rest_route=%2Fwp%2Fv2%2Fcategories&post=23402"},{"taxonomy":"post_tag","embeddable":true,"href":"https:\/\/www.freidenker.org\/index.php?rest_route=%2Fwp%2Fv2%2Ftags&post=23402"}],"curies":[{"name":"wp","href":"https:\/\/api.w.org\/{rel}","templated":true}]}}