{"id":234,"date":"2013-04-01T15:08:47","date_gmt":"2013-04-01T13:08:47","guid":{"rendered":"http:\/\/www.freidenker.org\/fw17\/?p=234"},"modified":"2018-02-18T18:39:57","modified_gmt":"2018-02-18T17:39:57","slug":"karl-marx-jahr-2013","status":"publish","type":"post","link":"https:\/\/www.freidenker.org\/?p=234","title":{"rendered":"Karl-Marx-Jahr 2013"},"content":{"rendered":"<p><em>von <strong>Daniel Bratanovi\u0107<\/strong>, erschienen im <a href=\"https:\/\/www.freidenker.org\/?p=772\">Freidenker 1 &#8211; 2013<\/a><\/em><\/p>\n<p>&#8222;Am 14. M\u00e4rz, nachmittags ein Viertel vor drei, hat der gr\u00f6\u00dfte lebende Denker aufgeh\u00f6rt zu denken. Kaum zwei Minuten allein gelassen, fanden wir ihn beim Eintreten in seinem Sessel ruhig entschlummert &#8211; aber f\u00fcr immer.&#8220; Es ist der 17. M\u00e4rz des Jahres 1883. Engels spricht auf dem Friedhof Highgate in London am Grab seines Freundes. Im Alter von ann\u00e4hernd 65 Jahren stirbt Karl Marx und rei\u00dft damit eine L\u00fccke.<\/p>\n<p>&#8222;Was das streitbare europ\u00e4ische und amerikanische Proletariat, was die historische Wissenschaft an diesem Mann verloren haben, das ist gar nicht zu ermessen&#8220;, f\u00fcrchtet Engels. Und verweist dabei auf implizit auf zweierlei: Proletariat und fortschrittliche Wissenschaft \u2013 beide verlieren einen treuen Gef\u00e4hrten. Karl Marx vereinte Theorie und Praxis. &#8222;Die Wissenschaft war f\u00fcr Marx eine geschichtlich bewegende, eine revolution\u00e4re Kraft.&#8220; Aber &#8222;Marx war vor allem Revolution\u00e4r. Mitzuwirken, in dieser oder jener Weise, am Sturz der kapitalistischen Gesellschaft und der durch sie geschaffenen Staatseinrichtungen, mitzuwirken an der Befreiung des modernen Proletariats, dem er zuerst das Bewusstsein seiner eigenen Lage und seiner Bed\u00fcrfnisse, das Bewusstsein der Bedingungen seiner Emanzipation gegeben hatte &#8211; das war sein wirklicher Lebensberuf. Der Kampf war sein Element.&#8220;<\/p>\n<p>Daran zu erinnern, was Marx und Engels wussten, was ihnen tiefste \u00dcberzeugung war, n\u00e4mlich dass eine Theorie auf der H\u00f6he der Zeit immer praxisvermittelt und eine schlagfertige Praxis immer theorievermittelt ist und was sich bei Marx schon fr\u00fch in der elften Feuerbachthese verdichtet, wonach es nicht darauf ankommt, die Welt blo\u00df verschiedenartig, gar beliebig zu interpretieren, sondern sie zu ver\u00e4ndern, erscheint banal und abgedroschen.<\/p>\n<h5>\u00dcber Theorie und Praxis<\/h5>\n<p>Es dennoch zu tun, ist der notwendige Versuch, sich einer verbreiteten und \u00fcblichen Sichtweise auf Werk und Wirken von Marx entgegenzustemmen. Ein Beispiel unter vielen: Anl\u00e4sslich des 125. Todestages, also vor f\u00fcnf Jahren sah sich der Westdeutsche Rundfunk in einem Kalenderblatt bem\u00fc\u00dfigt, ganz lapidar darauf aufmerksam zu machen, dass Marx &#8222;kein Politaktivist&#8220; war \u2013 und zog zur Unterf\u00fctterung die Expertin heran. &#8222;Er war auch kein Agitator, er war auch kein Volkstribun&#8220;, behauptete Beatrix Bouvier, damals noch Chefin des Karl-Marx-Hauses in Trier, das, da im Besitz der Friedrich-Ebert-Stiftung, die sozialdemokratische Deutung betreibt.<\/p>\n<p>Die Zeitgenossen wussten es besser, erfassten ganz selbstverst\u00e4ndlich den notwendigen Zusammenhang und die gegenseitige Durchdringung von Theorie und Praxis am Beispiel Marx. Am Grabe stehend rief als Vertreter der deutschen, damals noch revolution\u00e4ren Sozialdemokratie Wilhelm Liebknecht aus: &#8222;Die Wissenschaft ist nicht deutsch. Sie kennt keine Schranken, vor allem nicht die Schranken der Nationalit\u00e4t. Und so musste der Sch\u00f6pfer des &#8218;Kapital&#8220; naturgem\u00e4\u00df auch der Sch\u00f6pfer der Internationalen Arbeiter-Assoziation werden.&#8220;<\/p>\n<p>Bis soweit kam, musste sich realgeschichtlich und \u2013 darin eingebettet \u2013 geistesgeschichtlich eine Menge ereignen. Der Marxismus stellt etwas umwerfend-umw\u00e4lzend Neues dar. In seiner Herausbildung und Entwicklung jedoch entspringt und st\u00fctzt er sich bekannterma\u00dfen, wie Lenin das formulierte auf drei Quellen und Bestandteile: Die Lehre von Marx, sagt Lenin ist &#8222;die rechtm\u00e4\u00dfige Erbin des Besten, was die Menschheit im 19. Jahrhundert in Gestalt der deutschen Philosophie, der englischen politischen \u00d6konomie und des franz\u00f6sischen Sozialismus hervorgebracht hat.&#8220;<\/p>\n<p>Unter der deutschen Philosophie firmiert der klassische Idealismus, der mit den Namen Fichte, Schelling und Hegel verbunden ist. Drei deutsche Professoren, drei philosophische Systeme, &#8222;pedantisch-dunkle Worte&#8220;, in &#8222;schwerf\u00e4lligen, langweiligen Perioden&#8220; (Engels). Und doch verbarg sich dahinter im Urteil der weitsichtigsten Zeitgenossen eine geistige Revolution. &#8222;Unsere philosophische Revolution ist beendet&#8220;, verk\u00fcndete Heinrich Heine. &#8222;Hegel hat ihren gro\u00dfen Kreis geschlossen.&#8220; Der revolution\u00e4re Charakter der Hegelschen Philosophie besteht darin, dass sie keine Endg\u00fcltigkeit weder des menschlichen Denkens noch des Handels mehr anerkennt, sondern beides einer strikten Prozessualit\u00e4t und Historizit\u00e4t unterwirft, als etwas Entwickelndes, Gewordenes und wieder Vergehendes betrachtet.<\/p>\n<p>F\u00fcr einen historisch dichten Zeitraum war das gesamte deutsche Geistesleben, positiv oder negativ, an Hegel ausgerichtet. Ob Links- oder Rechtshegelianer \u2013 die idealistische Grundhaltung blieb. Die Linkshegelianer wurden allerdings in ihrem Kampf gegen die positive Religion auf den alten Materialismus englisch-franz\u00f6sischer Pr\u00e4gung zur\u00fcckgedr\u00e4ngt, gerieten damit aber in Widerspruch zum Schulsystem ihres Meisters. Im Hegelschen System war die Natur nur eine \u00bbEnt\u00e4u\u00dferung\u00ab der absoluten Idee.<\/p>\n<h5>Feuerbachs Materialismus<\/h5>\n<p>Da kam Feuerbachs &#8218;Wesen des Christenthums&#8217;\u00ab, schreibt Engels. \u00bbMit einem Schlag zerst\u00e4ubte es den Widerspruch, indem es den Materialismus ohne Umschweife wieder auf den Thron erhob. (\u2026) Der Bann war gebrochen: das &#8218;System&#8216; war gesprengt und beiseite geworfen, der Widerspruch war, als nur in der Einbildung vorhanden, aufgel\u00f6st. (\u2026) Die Begeisterung war allgemein: Wir waren alle momentan Feuerbachianer\u00ab<\/p>\n<p>Jedoch nicht lange. Es gab Grund zur Kritik. Die formulierte Marx in eilig niedergeschriebenen, nicht f\u00fcr den Druck vorgesehenen Thesen, die allerdings von herausragender Bedeutung f\u00fcr die Entwicklung einer marxistischen Philosophie werden sollten: Eine Skizze des historischen Materialismus.<\/p>\n<p>Was Marx an Feuerbachs Materialismus unzul\u00e4nglich fand: dass er die Wirklichkeit nur unter dem Gesichtspunkt der Anschauung betrachtet habe, nicht aber als sinnlich menschliche T\u00e4tigkeit, als Praxis. So auch den Menschen. Das \u00bbmenschliche Wesen ist kein dem einzelnen Individuum innewohnendes Abstraktum. In seiner Wirklichkeit ist es das Ensemble der gesellschaftlichen Verh\u00e4ltnisse.\u00ab In den Thesen neun und zehn sagt Marx: \u00bbDas H\u00f6chste, wozu der anschauende Materialismus es bringt, d. h. der Materialismus, der die Sinnlichkeit nicht als praktische T\u00e4tigkeit begreift, ist die Anschauung der einzelnen Individuen in der &#8218;b\u00fcrgerlichen Gesellschaft&#8216;.<\/p>\n<p>Der Standpunkt des alten Materialismus ist die &#8218;b\u00fcrgerliche&#8216; Gesellschaft; der Standpunkt des neuen die menschliche Gesellschaft, oder die vergesellschaftete Menschheit.\u00ab Deutlicher kann man einen Unterschied nicht markieren und das Aufscheinen einer neuen Etappe anzeigen.<\/p>\n<p>Ein anderer, dessen Geburtstag sich in diesem Oktober zum 200. Mal j\u00e4hren wird, f\u00e4hrt in der gewitterschwangeren Vorm\u00e4rzzeit weltanschaulich betrachtet gewisserma\u00dfen auf einem Nebengeleise. Georg B\u00fcchner repr\u00e4sentiert ein Zwischenhaftes, zugleich ein Nicht-Mehr und ein Noch-Nicht. Den Hegel hat er gleich ganz ignoriert. Das enthob ihn der Anstrengung, verm\u00f6ge der Hegel-Kritik, -Aufhebung und -Umst\u00fclpung zum Materialismus zu gelangen. Musste er allerdings auch gar nicht. Materialist, allerdings von der alten Sorte, war er von Beginn an, jedenfalls \u00e4u\u00dfert sich diese Haltung in den literarischen Hervorbringungen des Schriftstellers.<\/p>\n<p>B\u00fcchner war ein konsequenter Revolution\u00e4r und vielleicht, wie Georg Luk\u00e1cs anmerkte, der einzige, der die \u00f6konomische Befreiung der Massen in den Mittelpunkt seiner revolution\u00e4ren T\u00e4tigkeit stellte. Ein gl\u00fchender Hass gegen Ausbeutung und Unterdr\u00fcckung trieb ihn an. Plebejischer Revolution\u00e4r, deutscher Jakobiner, der er war, konzentrierte er auf die gesellschaftliche und politische Befreiung der Armen, die im Deutschland seiner Zeit in erster Linie die Bauern waren. Die mit der auch in Deutschland nun mehr und mehr Fahrt aufnehmende Industrialisierung, die ein wachsendes und elendes Proletariat mit sich brachte, auf das f\u00fcrderhin alle Hoffnungen des gesellschaftlichen Wandels zu richten waren, entging B\u00fcchner weitgehend.<\/p>\n<p>Den gesellschaftlichen Widerspruch seiner Zeit, der sich gedanklich widergespiegelt bei ihm selbst findet, stellt B\u00fcchner in seinem Drama Dantons Tod dar. Keiner der Protagonisten ist ihm eigentliches Sprachrohr seiner eigenen Positionen. Zwar teilt B\u00fcchner mit dem Danton des Dramas dessen epikureischen Materialismus, der mutatis mutandis durch Holbach und Helvetius eine gewisse Rennaissance feierte, doch stehen ihm Robespierre und Saint-Just politisch n\u00e4her, die anders als Danton die Revolution zugunsten der Armen weiter treiben wollten.<\/p>\n<p>B\u00fcchner figuriert eine Weltanschauungskrise, die Krise des alten mechanischen Materialismus als Weltanschauung der b\u00fcrgerlichen Revolution. Luk\u00e1cs schreibt: &#8222;Dantons Figur, Dantons Schicksal ist die tragische Verk\u00f6rperung jener Widerspr\u00fcche, die die historische Entwicklung der Periode zwischen 1789 und 1848 aufwirft, die der alte Materialismus nicht l\u00f6sen kann.&#8220; Und die auch B\u00fcchner nicht l\u00f6sen konnte. Es waren seine eigenen Widerspr\u00fcche, seine eigene Krise.<\/p>\n<h5>Von der freien Entwicklung zur Profitmacherei<\/h5>\n<p>Marx wusste um die Widerspr\u00fcche, Begrenztheiten und Unzul\u00e4nglichkeiten des alten, mechanischen Materialismus. In der deutschen Ideologie hei\u00dft es da: &#8222;Holbachs Theorie ist also die historisch berechtigte, philosophische Illusion \u00fcber die eben in Frankreich aufkommende Bourgeoisie, deren Exploitationslust noch ausgelegt werden konnte als Lust an der vollen Entwicklung der Individuen in einem von den alten feudalen Banden befreiten Verkehr. Die Befreiung auf dem Standpunkte der Bourgeoisie, die Konkurrenz, war allerdings f\u00fcr das achtzehnte Jahrhundert die einzig m\u00f6gliche Weise, den Individuen eine neue Laufbahn freierer Entwicklung zu er\u00f6ffnen.&#8220;<\/p>\n<p>Die weitere Entwicklung des Kapitalismus binnen zweier Generationen zerriss diese Illusion endg\u00fcltig. Der wohlgemeinte epikureische Egoismus verwandelt sich in gaunerhafte Profitmacherei. Es ist dies der gesellschaftlich-realgeschichtliche Punkt, an dem auch die Schwelle zu einer neuen weltanschaulichen Epoche, die durch das Werk von Marx und Engels gekennzeichnet wird, \u00fcberschritten wird. Daf\u00fcr stehen an ihrem Anfang die Feuerbachthesen, die Deutsche Ideologie und nicht zuletzt das Kommunistische Manifest, das als philosophisch-politische Programmschrift erstmals in dieser Deutlichkeit das Proletariat in den Rang des weltver\u00e4ndernden, revolution\u00e4ren Subjekts erhob. Mit dem Manifest erhielt der Marxismus, wenn man so will, als Einheit von Theorie und Praxis seine Statuten.<\/p>\n<p>Mit einem Marx aber, um damit an den Anfang zur\u00fcckzukehren, der f\u00fcr diese Entwicklung verantwortlich zeichnet, will stellvertretend f\u00fcr andere, die Marxologin und zeitweilige Museumsdirektorin Bouvier nichts am Hut haben. Und so wird man ihn im Jahr seines 195. Geburtstages und zugleich seines 130. Todestages auch gewiss nicht pr\u00e4sentieren. Mit einem Marx, der den Anspruch ernst nahm, die b\u00fcrgerliche Gesellschaft wirklich und eben nicht nur ideell aus den Angeln zu heben, k\u00f6nnen und wollen deren Verteidiger nichts anfangen. Und so mei\u00dfeln sie sich ein Marx-Bild zurecht, das ihn gleichsam als ausschlie\u00dflichen Schreibtischt\u00e4ter erscheinen l\u00e4sst, den man problemlos in eine Reihe &#8222;Klassiker der Soziologie&#8220; neben, sagen wir, Max Weber und Karl Mannheim einordnen kann.<\/p>\n<p>Daher mag, wie Engels in seiner Rede hervorhob, &#8222;Marx der bestgehasste und bestverleumdete Mann seiner Zeit&#8220; gewesen sein. F\u00fcr die Gegenwart gilt das jedoch nur mit Einschr\u00e4nkungen. Mit einem Marx, beschr\u00e4nkt auf sein theoretisches Schaffen und das wiederum in einer bestimmten, selektiven und verzerrten Lesart, kann sich der b\u00fcrgerliche Apologet durchaus arrangieren. Der ist, so gewendet, sogar wieder chic und in. Der Marx der Tat, der Revolution und der proletarischen Partei jedoch keineswegs.<\/p>\n<p style=\"text-align: right;\"><em>Daniel Bratanovi\u0107<br \/>\nist Mitglied des Gesch\u00e4ftsf\u00fchrenden Verbandsvorstandes<br \/>\ndes Deutschen Freidenker-Verbands<\/em><\/p>\n<p class=\"Default\" style=\"margin-bottom: 6pt; text-align: right;\">\n<hr \/>\n<h5>Download<\/h5>\n<p>Der Artikel kann auch als PDF-Dokument angesehen und heruntergeladen werden:<\/p>\n<p><img loading=\"lazy\" decoding=\"async\" data-attachment-id=\"1076\" data-permalink=\"https:\/\/www.freidenker.org\/?attachment_id=1076\" data-orig-file=\"https:\/\/i0.wp.com\/www.freidenker.org\/fw17\/wp-content\/uploads\/2017\/10\/pdf_icon-2.png?fit=32%2C32&amp;ssl=1\" data-orig-size=\"32,32\" data-comments-opened=\"0\" data-image-meta=\"{&quot;aperture&quot;:&quot;0&quot;,&quot;credit&quot;:&quot;&quot;,&quot;camera&quot;:&quot;&quot;,&quot;caption&quot;:&quot;&quot;,&quot;created_timestamp&quot;:&quot;0&quot;,&quot;copyright&quot;:&quot;&quot;,&quot;focal_length&quot;:&quot;0&quot;,&quot;iso&quot;:&quot;0&quot;,&quot;shutter_speed&quot;:&quot;0&quot;,&quot;title&quot;:&quot;&quot;,&quot;orientation&quot;:&quot;0&quot;}\" data-image-title=\"pdf_icon\" data-image-description=\"\" data-image-caption=\"\" data-large-file=\"https:\/\/i0.wp.com\/www.freidenker.org\/fw17\/wp-content\/uploads\/2017\/10\/pdf_icon-2.png?fit=32%2C32&amp;ssl=1\" class=\"alignnone size-full wp-image-1076\" src=\"https:\/\/i0.wp.com\/www.freidenker.org\/fw17\/wp-content\/uploads\/2017\/10\/pdf_icon-2.png?resize=32%2C32\" alt=\"\" width=\"32\" height=\"32\" data-attachment-id=\"1076\" data-permalink=\"https:\/\/www.freidenker.org\/?attachment_id=1076\" data-orig-file=\"https:\/\/i0.wp.com\/www.freidenker.org\/fw17\/wp-content\/uploads\/2017\/10\/pdf_icon-2.png?fit=32%2C32\" data-orig-size=\"32,32\" data-comments-opened=\"0\" data-image-meta=\"{&quot;aperture&quot;:&quot;0&quot;,&quot;credit&quot;:&quot;&quot;,&quot;camera&quot;:&quot;&quot;,&quot;caption&quot;:&quot;&quot;,&quot;created_timestamp&quot;:&quot;0&quot;,&quot;copyright&quot;:&quot;&quot;,&quot;focal_length&quot;:&quot;0&quot;,&quot;iso&quot;:&quot;0&quot;,&quot;shutter_speed&quot;:&quot;0&quot;,&quot;title&quot;:&quot;&quot;,&quot;orientation&quot;:&quot;0&quot;}\" data-image-title=\"pdf_icon_32\" data-image-description=\"\" data-medium-file=\"https:\/\/i0.wp.com\/www.freidenker.org\/fw17\/wp-content\/uploads\/2017\/10\/pdf_icon-2.png?fit=32%2C32\" data-large-file=\"https:\/\/i0.wp.com\/www.freidenker.org\/fw17\/wp-content\/uploads\/2017\/10\/pdf_icon-2.png?fit=32%2C32\" \/>\u00a0\u00a0\u00a0<a href=\"https:\/\/www.freidenker.org\/fw17\/wp-content\/uploads\/2016\/07\/frei01-2013-daniel_bratanovic.pdf\" target=\"_blank\" rel=\"noopener\">Daniel Bratanovi\u0107: Karl-Marx-Jahr 2013<\/a> (Auszug aus FREIDENKER 1-13, ca. 350 KB)<\/p>\n<p>&nbsp;<\/p>\n","protected":false},"excerpt":{"rendered":"<p><strong>Beitrag von Daniel Bratanovi\u0107 aus FREIDENKER 1-13<\/strong><br \/>\nDaran zu erinnern, was Marx und Engels wussten, was ihnen tiefste \u00dcberzeugung war, n\u00e4mlich dass eine Theorie auf der H\u00f6he der Zeit immer praxisvermittelt und eine schlagfertige Praxis immer theorievermittelt ist und was sich bei Marx schon fr\u00fch in der elften Feuerbachthese verdichtet, wonach es nicht darauf ankommt, die Welt blo\u00df verschiedenartig, gar beliebig zu interpretieren, sondern sie zu ver\u00e4ndern, erscheint banal und abgedroschen. Es dennoch zu tun, ist der notwendige Versuch, sich einer verbreiteten und \u00fcblichen Sichtweise auf Werk und Wirken von Marx entgegenzustemmen. <\/p>\n","protected":false},"author":2,"featured_media":236,"comment_status":"closed","ping_status":"closed","sticky":false,"template":"","format":"standard","meta":{"colormag_page_container_layout":"default_layout","colormag_page_sidebar_layout":"default_layout","advanced_seo_description":"","jetpack_seo_html_title":"","jetpack_seo_noindex":false,"jetpack_post_was_ever_published":false,"footnotes":""},"categories":[16],"tags":[876,496,1005,988],"class_list":["post-234","post","type-post","status-publish","format-standard","has-post-thumbnail","hentry","category-weltanschauung-philosophie","tag-dialektik","tag-karl-marx","tag-materialismus","tag-politische-oekonomie"],"jetpack_featured_media_url":"https:\/\/i0.wp.com\/www.freidenker.org\/fw17\/wp-content\/uploads\/2016\/07\/Karl_Marx.png?fit=800%2C445&ssl=1","jetpack_shortlink":"https:\/\/wp.me\/p9stpK-3M","jetpack-related-posts":[{"id":4943,"url":"https:\/\/www.freidenker.org\/?p=4943","url_meta":{"origin":234,"position":0},"title":"Erich Wernig: Karl Marx","author":"Webredaktion","date":"24. M\u00e4rz 2018","format":false,"excerpt":"Beitrag von Erich Wernig. Zuerst ver\u00f6ffentlicht in FREIDENKER 2-1983, nachgedruckt in FREIDENKER 1-2018 Der Begr\u00fcnder des wissenschaftlichen Sozialismus wurde am 5. Mai 1818 in Trier geboren und starb am 14. M\u00e4rz 1883 in London. Der 165. Geburtstag und der 100. Todestag im Jahre 1983 waren Anla\u00df, und das wird mit\u2026","rel":"","context":"In &quot;Weltanschauung &amp; Philosophie&quot;","block_context":{"text":"Weltanschauung &amp; Philosophie","link":"https:\/\/www.freidenker.org\/?cat=16"},"img":{"alt_text":"","src":"https:\/\/i0.wp.com\/www.freidenker.org\/fw17\/wp-content\/uploads\/2018\/04\/marx_wernig.jpg?fit=800%2C445&ssl=1&resize=350%2C200","width":350,"height":200,"srcset":"https:\/\/i0.wp.com\/www.freidenker.org\/fw17\/wp-content\/uploads\/2018\/04\/marx_wernig.jpg?fit=800%2C445&ssl=1&resize=350%2C200 1x, https:\/\/i0.wp.com\/www.freidenker.org\/fw17\/wp-content\/uploads\/2018\/04\/marx_wernig.jpg?fit=800%2C445&ssl=1&resize=525%2C300 1.5x, https:\/\/i0.wp.com\/www.freidenker.org\/fw17\/wp-content\/uploads\/2018\/04\/marx_wernig.jpg?fit=800%2C445&ssl=1&resize=700%2C400 2x"},"classes":[]},{"id":23348,"url":"https:\/\/www.freidenker.org\/?p=23348","url_meta":{"origin":234,"position":1},"title":"Dr. Artur Pech: Marx &#038; Engels \u00fcber Migration","author":"Webredaktion","date":"29. Oktober 2025","format":false,"excerpt":"oder Klassenanalyse vs. b\u00fcrgerlicher Moralismus - Einf\u00fchrung f\u00fcr den politischen Gebrauch Video eines Vortrages von Dr. Artur Pech, gehalten auf einer Veranstaltung des Deutschen Freidenker-Verbandes e.V. - Ortsverband N\u00fcrnberg\/Franken am 10. Oktober 2025 in N\u00fcrnberg Solidarit\u00e4t mit Menschen, die migrieren, bleibt unsere Position. Damit ist die Frage nach Ursachen und\u2026","rel":"","context":"In &quot;Frieden - Antifaschismus - Solidarit\u00e4t&quot;","block_context":{"text":"Frieden - Antifaschismus - Solidarit\u00e4t","link":"https:\/\/www.freidenker.org\/?cat=13"},"img":{"alt_text":"","src":"https:\/\/i0.wp.com\/www.freidenker.org\/fw17\/wp-content\/uploads\/2025\/10\/pech_migration_cropped_800x450.jpg?fit=800%2C450&ssl=1&resize=350%2C200","width":350,"height":200,"srcset":"https:\/\/i0.wp.com\/www.freidenker.org\/fw17\/wp-content\/uploads\/2025\/10\/pech_migration_cropped_800x450.jpg?fit=800%2C450&ssl=1&resize=350%2C200 1x, https:\/\/i0.wp.com\/www.freidenker.org\/fw17\/wp-content\/uploads\/2025\/10\/pech_migration_cropped_800x450.jpg?fit=800%2C450&ssl=1&resize=525%2C300 1.5x, https:\/\/i0.wp.com\/www.freidenker.org\/fw17\/wp-content\/uploads\/2025\/10\/pech_migration_cropped_800x450.jpg?fit=800%2C450&ssl=1&resize=700%2C400 2x"},"classes":[]},{"id":4889,"url":"https:\/\/www.freidenker.org\/?p=4889","url_meta":{"origin":234,"position":2},"title":"Konferenz: Individuum und Gesellschaft \u2013 Menschenbild und Pers\u00f6nlichkeitstheorie im Marxismus","author":"Webredaktion","date":"27. M\u00e4rz 2018","format":false,"excerpt":"\u00d6ffentliche Wissenschaftliche Konferenz zum 200. Geburtstag von Karl Marx am Samstag, 28. April 2018, in Hannover Individuum und Gesellschaft \u2013 Menschenbild und Pers\u00f6nlichkeitstheorie im Marxismus Vortr\u00e4ge und Diskussion: - Was ist der Mensch? (Klaus Hartmann) - Pers\u00f6nlichkeit und sozialer Sinn (Prof. Dr. Wolfgang Jantzen) - Die Leere der Frankfurter Schule\u2026","rel":"","context":"In &quot;Weltanschauung &amp; Philosophie&quot;","block_context":{"text":"Weltanschauung &amp; Philosophie","link":"https:\/\/www.freidenker.org\/?cat=16"},"img":{"alt_text":"","src":"https:\/\/i0.wp.com\/www.freidenker.org\/fw17\/wp-content\/uploads\/2018\/03\/karl-marx-konferenz_800x445.jpg?fit=800%2C445&ssl=1&resize=350%2C200","width":350,"height":200,"srcset":"https:\/\/i0.wp.com\/www.freidenker.org\/fw17\/wp-content\/uploads\/2018\/03\/karl-marx-konferenz_800x445.jpg?fit=800%2C445&ssl=1&resize=350%2C200 1x, https:\/\/i0.wp.com\/www.freidenker.org\/fw17\/wp-content\/uploads\/2018\/03\/karl-marx-konferenz_800x445.jpg?fit=800%2C445&ssl=1&resize=525%2C300 1.5x, https:\/\/i0.wp.com\/www.freidenker.org\/fw17\/wp-content\/uploads\/2018\/03\/karl-marx-konferenz_800x445.jpg?fit=800%2C445&ssl=1&resize=700%2C400 2x"},"classes":[]},{"id":248,"url":"https:\/\/www.freidenker.org\/?p=248","url_meta":{"origin":234,"position":3},"title":"Die Strenge des Begriffs","author":"Webmaster","date":"17. Dezember 2010","format":false,"excerpt":"Beitrag von Prof. Dr. Hans Heinz Holz, thematisch geh\u00f6rend zu FREIDENKER 4-10 Warum nennen wir Engels in einem Atemzuge mit Marx den Begr\u00fcnder der neuen Denkhaltung und Wissenschaftseinstellung, die abgel\u00f6st von den Namen ihrer Gestalter als dialektischer und historischer Materialismus bezeichnet wird? Gewi\u00df, die Theorie wurde in einem lebenslangen Gedankenaustausch,\u2026","rel":"","context":"In &quot;Weltanschauung &amp; Philosophie&quot;","block_context":{"text":"Weltanschauung &amp; Philosophie","link":"https:\/\/www.freidenker.org\/?cat=16"},"img":{"alt_text":"","src":"https:\/\/i0.wp.com\/www.freidenker.org\/fw17\/wp-content\/uploads\/2016\/07\/Schlu%CC%88sselloch.jpg?fit=800%2C445&ssl=1&resize=350%2C200","width":350,"height":200,"srcset":"https:\/\/i0.wp.com\/www.freidenker.org\/fw17\/wp-content\/uploads\/2016\/07\/Schlu%CC%88sselloch.jpg?fit=800%2C445&ssl=1&resize=350%2C200 1x, https:\/\/i0.wp.com\/www.freidenker.org\/fw17\/wp-content\/uploads\/2016\/07\/Schlu%CC%88sselloch.jpg?fit=800%2C445&ssl=1&resize=525%2C300 1.5x, https:\/\/i0.wp.com\/www.freidenker.org\/fw17\/wp-content\/uploads\/2016\/07\/Schlu%CC%88sselloch.jpg?fit=800%2C445&ssl=1&resize=700%2C400 2x"},"classes":[]},{"id":3227,"url":"https:\/\/www.freidenker.org\/?p=3227","url_meta":{"origin":234,"position":4},"title":"Zur Frankfurter Buchmesse","author":"Webredaktion","date":"19. Oktober 2009","format":false,"excerpt":"Hinweis auf neue B\u00fccher von Freidenkern Lorenz Knorr \/ Walter Tschapek: \"KARL MARX IN UNSERER ZEIT\" Wolf-Dieter Gudopp: \"SOLON VON ATHEN UND DIE ENTDECKUNG DES RECHTS\"","rel":"","context":"In &quot;Publikationen von Freidenkern&quot;","block_context":{"text":"Publikationen von Freidenkern","link":"https:\/\/www.freidenker.org\/?cat=7"},"img":{"alt_text":"","src":"https:\/\/i0.wp.com\/www.freidenker.org\/fw17\/wp-content\/uploads\/2009\/10\/buchmesse_knorr_gudopp_800x445.jpg?fit=800%2C445&ssl=1&resize=350%2C200","width":350,"height":200,"srcset":"https:\/\/i0.wp.com\/www.freidenker.org\/fw17\/wp-content\/uploads\/2009\/10\/buchmesse_knorr_gudopp_800x445.jpg?fit=800%2C445&ssl=1&resize=350%2C200 1x, https:\/\/i0.wp.com\/www.freidenker.org\/fw17\/wp-content\/uploads\/2009\/10\/buchmesse_knorr_gudopp_800x445.jpg?fit=800%2C445&ssl=1&resize=525%2C300 1.5x, https:\/\/i0.wp.com\/www.freidenker.org\/fw17\/wp-content\/uploads\/2009\/10\/buchmesse_knorr_gudopp_800x445.jpg?fit=800%2C445&ssl=1&resize=700%2C400 2x"},"classes":[]},{"id":15252,"url":"https:\/\/www.freidenker.org\/?p=15252","url_meta":{"origin":234,"position":5},"title":"Wir haben ja immer noch Paris. Marx &#038; Engels in der ville lumi\u00e8re","author":"Webredaktion","date":"19. Februar 2023","format":false,"excerpt":"\u201eWerkstattgespr\u00e4ch\u201c mit Jens Baumeister \u00fcber sein noch unver\u00f6ffentlichtes Buch und Lieder mit Sonja Gottlieb - Sonntag, 23.04.2023 um 11:00 Uhr, Kulturwerkstatt-Beckingen, 66701 Beckingen, Nikolausstr. 6 Nach ihrer Hochzeit in Bad Kreuznach 1843 machten sich Karl und Jenny Marx auf nach Paris, die \u201eHauptstadt der neuen Welt\u201c, wo ihr erstes Kind\u2026","rel":"","context":"In &quot;Veranstaltungen in den DFV-Landesverb\u00e4nden&quot;","block_context":{"text":"Veranstaltungen in den DFV-Landesverb\u00e4nden","link":"https:\/\/www.freidenker.org\/?cat=19"},"img":{"alt_text":"","src":"https:\/\/i0.wp.com\/www.freidenker.org\/fw17\/wp-content\/uploads\/2023\/02\/Pont-Alexandre-III-et-Invalides_800x450.jpg?fit=800%2C450&ssl=1&resize=350%2C200","width":350,"height":200,"srcset":"https:\/\/i0.wp.com\/www.freidenker.org\/fw17\/wp-content\/uploads\/2023\/02\/Pont-Alexandre-III-et-Invalides_800x450.jpg?fit=800%2C450&ssl=1&resize=350%2C200 1x, https:\/\/i0.wp.com\/www.freidenker.org\/fw17\/wp-content\/uploads\/2023\/02\/Pont-Alexandre-III-et-Invalides_800x450.jpg?fit=800%2C450&ssl=1&resize=525%2C300 1.5x, https:\/\/i0.wp.com\/www.freidenker.org\/fw17\/wp-content\/uploads\/2023\/02\/Pont-Alexandre-III-et-Invalides_800x450.jpg?fit=800%2C450&ssl=1&resize=700%2C400 2x"},"classes":[]}],"_links":{"self":[{"href":"https:\/\/www.freidenker.org\/index.php?rest_route=\/wp\/v2\/posts\/234","targetHints":{"allow":["GET"]}}],"collection":[{"href":"https:\/\/www.freidenker.org\/index.php?rest_route=\/wp\/v2\/posts"}],"about":[{"href":"https:\/\/www.freidenker.org\/index.php?rest_route=\/wp\/v2\/types\/post"}],"author":[{"embeddable":true,"href":"https:\/\/www.freidenker.org\/index.php?rest_route=\/wp\/v2\/users\/2"}],"replies":[{"embeddable":true,"href":"https:\/\/www.freidenker.org\/index.php?rest_route=%2Fwp%2Fv2%2Fcomments&post=234"}],"version-history":[{"count":0,"href":"https:\/\/www.freidenker.org\/index.php?rest_route=\/wp\/v2\/posts\/234\/revisions"}],"wp:featuredmedia":[{"embeddable":true,"href":"https:\/\/www.freidenker.org\/index.php?rest_route=\/wp\/v2\/media\/236"}],"wp:attachment":[{"href":"https:\/\/www.freidenker.org\/index.php?rest_route=%2Fwp%2Fv2%2Fmedia&parent=234"}],"wp:term":[{"taxonomy":"category","embeddable":true,"href":"https:\/\/www.freidenker.org\/index.php?rest_route=%2Fwp%2Fv2%2Fcategories&post=234"},{"taxonomy":"post_tag","embeddable":true,"href":"https:\/\/www.freidenker.org\/index.php?rest_route=%2Fwp%2Fv2%2Ftags&post=234"}],"curies":[{"name":"wp","href":"https:\/\/api.w.org\/{rel}","templated":true}]}}