{"id":23382,"date":"2025-10-31T17:25:50","date_gmt":"2025-10-31T16:25:50","guid":{"rendered":"https:\/\/www.freidenker.org\/?p=23382"},"modified":"2025-11-15T17:49:59","modified_gmt":"2025-11-15T16:49:59","slug":"muenchen-2025-kein-zutritt-fuer-juden","status":"publish","type":"post","link":"https:\/\/www.freidenker.org\/?p=23382","title":{"rendered":"M\u00fcnchen 2025: Kein Zutritt f\u00fcr Juden"},"content":{"rendered":"<p><i>Wir dokumentieren die Pressemitteilung von <strong>Heinz Michael Vilsmeier<\/strong>, Pressesprecher des M\u00fcnchner Friedensb\u00fcndnisses, die offenbart, dass bei dem Veranstalter &#8222;M\u00fcnchen ist bunt&#8220; anscheinend die Braunt\u00f6ne \u00fcberwiegen.<\/i><\/p>\n<p style=\"text-align: right;\"><em>Webredaktion<\/em><\/p>\n<hr \/>\n<h3><strong>Pressemitteilung<\/strong><\/h3>\n<h5><strong>Kritischen J\u00fcdinnen wurde der Besuch einer Veranstaltung \u00fcber rechtsextreme Strukturen in M\u00fcnchen verwehrt<\/strong><\/h5>\n<p><span style=\"font-size: 10pt;\">Pressemitteilung von Heinz Michael Vilsmeier, Pressesprecher des M\u00fcnchner Friedensb\u00fcndnisses vom 31.10.2025<\/span><\/p>\n<p>Am 27.10.2025 fand in M\u00fcnchen eine Veranstaltung zum Thema \u201eRechtsextreme Strukturen und Akteure in M\u00fcnchen\u201c statt, organisiert von \u201eM\u00fcnchen ist bunt\u201c. Wie bei solchen Veranstaltungen \u00fcblich, galt ein Einlassvorbehalt, um rechtsextremen Personen den Zutritt verwehren zu k\u00f6nnen.<\/p>\n<p>In der Einladung hie\u00df es (Zitat): \u201eLiebe Freund*innen eines bunten und demokratischen M\u00fcnchens, was wollen wir konkret tun angesichts von Rechtsruck und Erstarken des Rechtspopulismus? Auf alle F\u00e4lle wollen wir nicht ratlos vor dieser herausfordernden Frage stehen und engagieren uns deshalb weiterhin f\u00fcr Demokratie und gegen die Spaltung der Gesellschaft. Mit Blick auf die Kommunalwahl in 2026 m\u00f6chten wir hierf\u00fcr konkrete Handlungsoptionen identifizieren. Deshalb laden wir Euch ganz herzlich zu unserer Veranstaltung ein: Wir beginnen mit einem Impulsvortrag eines Referenten der Fachinformationsstelle Rechtsextremismus M\u00fcnchen (FIRM). Im Anschluss m\u00f6chten wir mit Euch dar\u00fcber diskutieren, welche m\u00f6glichen konkreten Umsetzungsideen wir aus dem Gelernten f\u00fcr die Monate vor der Kommunalwahl mitnehmen.\u201c<\/p>\n<p>Shelly Steinberg, Mitglied der j\u00fcdisch-pal\u00e4stinensischen Dialoggruppe, und die j\u00fcdische K\u00fcnstlerin Suzanna Treutman wollten an der Veranstaltung teilnehmen, wurden jedoch am Eingang unter Verweis auf den \u201eEinlassvorbehalt\u201c abgewiesen.<\/p>\n<p>Dieser lautet: \u201eDie Veranstalter*innen behalten sich vor, von ihrem Hausrecht Gebrauch zu machen und Personen, die rechtsextremen Parteien oder Organisationen angeh\u00f6ren, die der rechtsextremen Szene zuzuordnen sind oder bereits in der Vergangenheit durch rassistische, nationalistische, antisemitische oder sonstige menschenverachtende \u00c4u\u00dferungen in Erscheinung getreten sind, den Zutritt zur Veranstaltung zu verwehren oder sie von dieser auszuschlie\u00dfen.\u201c<\/p>\n<p>Weder Shelly Steinberg noch Suzanna Treutman sind dem beschriebenen Personenkreis zuzurechnen. Keines der genannten Kriterien trifft auf sie zu; daher forderten sie eine Begr\u00fcndung f\u00fcr die Zur\u00fcckweisung. Nach ihrer Darstellung beruht diese darauf, dass man ihnen vorwarf, antisemitisch zu sein, weil sie sich als kritische J\u00fcdinnen f\u00fcr die Rechte von Pal\u00e4stinenser*innen engagieren.<\/p>\n<p>Beide Frauen beabsichtigten, als J\u00fcdinnen \u2013 und damit als Angeh\u00f6rige einer von Rechtsextremismus betroffenen Opfergruppe \u2013 an der Veranstaltung teilzunehmen. Sie werten den Ausschluss als diskriminierend und politisch motiviert und k\u00fcndigen rechtliche Schritte gegen dieses aus ihrer Sicht skandal\u00f6se Vorgehen an.<\/p>\n<p>Der Vorfall wirft Fragen zum Umgang mit j\u00fcdischen Stimmen in antirassistischen Kontexten auf. Er ist ein \u00e4u\u00dferst beunruhigendes Signal f\u00fcr einen sich verengenden Diskursrahmen in Teilen der Zivilgesellschaft, in dem kritische j\u00fcdische Perspektiven au\u00dferhalb des Mainstreams marginalisiert werden. Es stellt sich die Frage, inwieweit in den veranstaltenden Organisationen selbst antisemitische oder rassistische Tendenzen vorhanden sind.<\/p>\n<p>Shelly Steinberg und Suzanna Treutman sehen in dem Vorfall eine absurde Verdrehung der Realit\u00e4t: J\u00fcdinnen, die sich f\u00fcr Verst\u00e4ndigung zwischen j\u00fcdischen und pal\u00e4stinensischen Menschen einsetzen, w\u00fcrden mit Rechtsextremen gleichgesetzt. Man k\u00f6nne sich nicht den \u201eSchutz von J\u00fcd*innen\u201c auf die Fahnen schreiben und anschlie\u00dfend j\u00fcdische Menschen aus der Debatte \u00fcber Rechtsextremismus ausschlie\u00dfen, nur weil ihre israelkritischen Positionen nicht geteilt werden. Genau dies scheint aber der Fall zu sein. \u2013 Bei Interesse k\u00f6nnen Shelly Steinberg und Suzanna Treutman Videos von dem Vorfall vorlegen und nat\u00fcrlich stehen sie f\u00fcr R\u00fcckfragen zur Verf\u00fcgung.<\/p>\n<p>Die Veranstalterinnen und Veranstalter behaupten, sich \u201ef\u00fcr Demokratie und gegen die Spaltung der Gesellschaft\u201c einzusetzen. Ein solches Vorgehen bewirkt jedoch das Gegenteil. Der Ausschluss kritischer J\u00fcdinnen und Juden ist kein Schutz, sondern die Fortsetzung von Diskriminierung mit moralischem Anstrich. In M\u00fcnchen werden so selbst j\u00fcdische Kritikerinnen und Kritiker der israelischen Regierung diskreditiert, aus dem \u00f6ffentlichen Diskurs verbannt und mundtot gemacht.<\/p>\n<p>Besonders brisant ist der Vorgang, weil die Veranstaltung \u201eRechtsextreme Strukturen und Akteure in M\u00fcnchen\u201c von den Veranstalter*innen ausdr\u00fccklich mit Blick auf die Kommunalwahl 2026 ausgerichtet wurde. Dies weckt die Bef\u00fcrchtung, dass die Debatte \u00fcber das Vorgehen der israelischen Regierung gegen\u00fcber den Bev\u00f6lkerungen in Gaza und im Westjordanland zu einem kommunalpolitischen Thema stilisiert wird und es bei derartigen Veranstaltungen nicht um die angek\u00fcndigte Auseinandersetzung mit rechtsextremen Strukturen und Akteuren in M\u00fcnchen geht.<\/p>\n<p style=\"text-align: right;\"><em>Heinz Michael Vilsmeier, 31.10.2025<br \/>\n<span style=\"font-size: 12pt;\">(M\u00fcnchner Friedensb\u00fcndnis)<\/span><\/em><\/p>\n<hr \/>\n<p><span style=\"font-size: 10pt;\">Bild oben: Protest von J\u00fcdinnen und Juden gegen den Krieg in Gaza<br \/>\nFoto: \u00a9 Verein &#8222;J\u00fcdische Stimme f\u00fcr gerechten Frieden in Nahost \u2013 EJJP Deutschland e. V.&#8220;<br \/>\nQuelle: <a href=\"https:\/\/www.juedische-stimme.de\/\" target=\"_blank\" rel=\"noopener\">https:\/\/www.juedische-stimme.de\/<\/a>\u00a0(Bild aus dem Titelbereich)<\/span><\/p>\n<p>&nbsp;<\/p>\n","protected":false},"excerpt":{"rendered":"<p>Wir dokumentieren die Pressemitteilung von Heinz Michael Vilsmeier, Pressesprecher des M\u00fcnchner Friedensb\u00fcndnisses, die offenbart, dass bei dem Veranstalter &#8222;M\u00fcnchen ist bunt&#8220; anscheinend die Braunt\u00f6ne \u00fcberwiegen.<br \/>\n<b>Pressemitteilung von Heinz Michael Vilsmeier, Pressesprecher des M\u00fcnchner Friedensb\u00fcndnisses vom 31.10.2025: Kritischen J\u00fcdinnen wurde der Besuch einer Veranstaltung \u00fcber rechtsextreme Strukturen in M\u00fcnchen verwehrt<\/b><br \/>\nAm 27.10.2025 fand in M\u00fcnchen eine Veranstaltung zum Thema \u201eRechtsextreme Strukturen und Akteure in M\u00fcnchen\u201c statt, organisiert von \u201eM\u00fcnchen ist bunt\u201c. Wie bei solchen Veranstaltungen \u00fcblich, galt ein Einlassvorbehalt, um rechtsextremen Personen den Zutritt verwehren zu k\u00f6nnen. [&#8230;] Shelly Steinberg, Mitglied der j\u00fcdisch-pal\u00e4stinensischen Dialoggruppe, und die j\u00fcdische K\u00fcnstlerin Suzanna Treutman wollten an der Veranstaltung teilnehmen, wurden jedoch am Eingang unter Verweis auf den \u201eEinlassvorbehalt\u201c abgewiesen.<\/p>\n","protected":false},"author":3,"featured_media":23387,"comment_status":"closed","ping_status":"closed","sticky":false,"template":"","format":"standard","meta":{"colormag_page_container_layout":"default_layout","colormag_page_sidebar_layout":"default_layout","advanced_seo_description":"","jetpack_seo_html_title":"","jetpack_seo_noindex":false,"jetpack_post_was_ever_published":false,"footnotes":""},"categories":[12],"tags":[1963,43,393,2051,2328,723,1350,835,1955,394,1143,653,1227,1852,1050,1433],"class_list":["post-23382","post","type-post","status-publish","format-standard","has-post-thumbnail","hentry","category-demokratie-medien-aufklaerung","tag-diskurs","tag-friedensbewegung","tag-israel","tag-juden","tag-judenhass","tag-judentum","tag-kritik","tag-muenchen","tag-nahostkonflikt","tag-palaestina","tag-pressemitteilung","tag-rassismus","tag-rechtsextremismus","tag-spaltung","tag-veranstaltung","tag-verstaendigung"],"jetpack_featured_media_url":"https:\/\/i0.wp.com\/www.freidenker.org\/fw17\/wp-content\/uploads\/2025\/10\/JS_stoppt_massenmord_800x450.jpg?fit=800%2C450&ssl=1","jetpack_shortlink":"https:\/\/wp.me\/p9stpK-658","jetpack-related-posts":[{"id":21928,"url":"https:\/\/www.freidenker.org\/?p=21928","url_meta":{"origin":23382,"position":0},"title":"Gecancelt: M\u00fcnchener Friedensb\u00fcndnis erkl\u00e4rt sich solidarisch mit dem Freidenker-Verband","author":"Webredaktion","date":"23. Mai 2025","format":false,"excerpt":"Pressemitteilung zum Rausschmiss der M\u00fcnchener Freidenker aus dem \u201eZamanand Festival\u201c Nach \u201esorgf\u00e4ltiger interner Pr\u00fcfung\" habe das Organisationsteam des \u201eZamanand Festivals\", wie es selbst schriftlich mitteilt, dem M\u00fcnchener Freidenker-Verband die Teilnahme am diesj\u00e4hrigen \u201eZamanand Festival\" untersagt. Der Widerruf der Teilnahmebest\u00e4tigung sei, so Manuel Schaumann vom Organisationsteam, \u201ein enger Abstimmung mit der\u2026","rel":"","context":"In &quot;Demokratie \u2013 Medien \u2013 Aufkl\u00e4rung&quot;","block_context":{"text":"Demokratie \u2013 Medien \u2013 Aufkl\u00e4rung","link":"https:\/\/www.freidenker.org\/?cat=12"},"img":{"alt_text":"","src":"https:\/\/i0.wp.com\/www.freidenker.org\/fw17\/wp-content\/uploads\/2025\/05\/muenchener_friedensbuendnis_20250501_114038-1.Mai-2025_800x450.jpg?fit=800%2C450&ssl=1&resize=350%2C200","width":350,"height":200,"srcset":"https:\/\/i0.wp.com\/www.freidenker.org\/fw17\/wp-content\/uploads\/2025\/05\/muenchener_friedensbuendnis_20250501_114038-1.Mai-2025_800x450.jpg?fit=800%2C450&ssl=1&resize=350%2C200 1x, https:\/\/i0.wp.com\/www.freidenker.org\/fw17\/wp-content\/uploads\/2025\/05\/muenchener_friedensbuendnis_20250501_114038-1.Mai-2025_800x450.jpg?fit=800%2C450&ssl=1&resize=525%2C300 1.5x, https:\/\/i0.wp.com\/www.freidenker.org\/fw17\/wp-content\/uploads\/2025\/05\/muenchener_friedensbuendnis_20250501_114038-1.Mai-2025_800x450.jpg?fit=800%2C450&ssl=1&resize=700%2C400 2x"},"classes":[]},{"id":12054,"url":"https:\/\/www.freidenker.org\/?p=12054","url_meta":{"origin":23382,"position":1},"title":"Urteil aus Leipzig: Meinungsfreiheit gilt auch f\u00fcr M\u00fcnchen","author":"Webredaktion","date":"25. Januar 2022","format":false,"excerpt":"Zu seinem juristischen Sieg \u00fcber den Versuch, der Stadt M\u00fcnchen, Israelkritik zu verbieten, ver\u00f6ffentlicht Klaus Ried, Mitglied des Deutschen Freidenker-Verbandes, eine Pressemitteilung Das Bundesverwaltungsgericht (BVerwG) in Leipzig hat heute die Revision der Stadt M\u00fcnchen gegen ein Urteil des Bayerischen Verwaltungsgerichtshofs (BayVGH) vom 17. November 2020 zur\u00fcckgewiesen, nach dem die Stadt\u2026","rel":"","context":"In &quot;Demokratie \u2013 Medien \u2013 Aufkl\u00e4rung&quot;","block_context":{"text":"Demokratie \u2013 Medien \u2013 Aufkl\u00e4rung","link":"https:\/\/www.freidenker.org\/?cat=12"},"img":{"alt_text":"","src":"https:\/\/i0.wp.com\/www.freidenker.org\/fw17\/wp-content\/uploads\/2022\/01\/Bundesverwaltungsgericht_800x450.jpg?fit=800%2C450&ssl=1&resize=350%2C200","width":350,"height":200,"srcset":"https:\/\/i0.wp.com\/www.freidenker.org\/fw17\/wp-content\/uploads\/2022\/01\/Bundesverwaltungsgericht_800x450.jpg?fit=800%2C450&ssl=1&resize=350%2C200 1x, https:\/\/i0.wp.com\/www.freidenker.org\/fw17\/wp-content\/uploads\/2022\/01\/Bundesverwaltungsgericht_800x450.jpg?fit=800%2C450&ssl=1&resize=525%2C300 1.5x, https:\/\/i0.wp.com\/www.freidenker.org\/fw17\/wp-content\/uploads\/2022\/01\/Bundesverwaltungsgericht_800x450.jpg?fit=800%2C450&ssl=1&resize=700%2C400 2x"},"classes":[]},{"id":15901,"url":"https:\/\/www.freidenker.org\/?p=15901","url_meta":{"origin":23382,"position":2},"title":"Buchvorstellung: Wer am Abgrund tanzt","author":"Webredaktion","date":"30. April 2023","format":false,"excerpt":"Einladung zur Buchvorstellung \"Wer am Abgrund tanzt \u2013 Notizen zu den M\u00fcnchner Jahren zwischen R\u00e4terepublik und Hitlerputsch \u2013\u00a01919 bis 1923\" von G\u00fcnther Gerstenberg Es lesen: Cornelia Naumann, Robert Valentin Hoffmann und Wolfgang Rommerskirchen Mittwoch, 31.05.2023, 19.00 Uhr, EineWeltHaus M\u00fcnchen Nach der blutigen Liquidierung der M\u00fcnchner R\u00e4terepublik Anfang Mai 1919 wird\u00a0die\u2026","rel":"","context":"In &quot;Veranstaltungen in den DFV-Landesverb\u00e4nden&quot;","block_context":{"text":"Veranstaltungen in den DFV-Landesverb\u00e4nden","link":"https:\/\/www.freidenker.org\/?cat=19"},"img":{"alt_text":"","src":"https:\/\/i0.wp.com\/www.freidenker.org\/fw17\/wp-content\/uploads\/2023\/04\/wer_am_abgrund_tanzt.jpg?fit=800%2C450&ssl=1&resize=350%2C200","width":350,"height":200,"srcset":"https:\/\/i0.wp.com\/www.freidenker.org\/fw17\/wp-content\/uploads\/2023\/04\/wer_am_abgrund_tanzt.jpg?fit=800%2C450&ssl=1&resize=350%2C200 1x, https:\/\/i0.wp.com\/www.freidenker.org\/fw17\/wp-content\/uploads\/2023\/04\/wer_am_abgrund_tanzt.jpg?fit=800%2C450&ssl=1&resize=525%2C300 1.5x, https:\/\/i0.wp.com\/www.freidenker.org\/fw17\/wp-content\/uploads\/2023\/04\/wer_am_abgrund_tanzt.jpg?fit=800%2C450&ssl=1&resize=700%2C400 2x"},"classes":[]},{"id":24770,"url":"https:\/\/www.freidenker.org\/?p=24770","url_meta":{"origin":23382,"position":3},"title":"Frieden durch \u201eKriegst\u00fcchtigkeit\u201c? Aufr\u00fcstung, Militarisierung und die neue Wehrpflicht","author":"Webredaktion","date":"31. M\u00e4rz 2026","format":false,"excerpt":"Pressemitteilung vom 30.03.2026 Veranstaltung mit Bundeswehrmajor a. D. Florian D. Pfaff am 28.03.2026 in Schweinfurt Auf Einladung von NachDenkSeiten-Gespr\u00e4chskreis Schweinfurt\/W\u00fcrzburg und Deutschem Freidenker-Ortsverband Schweinfurt\/W\u00fcrzburg kam am Samstag, dem 28. M\u00e4rz 2026 der Bundeswehrmajor a. D. Florian D. Pfaff von der Friedensinitiative Rosenheim nach Schweinfurt. Vor 35 interessierten Zuh\u00f6rern sprach der\u2026","rel":"","context":"In &quot;Frieden - Antifaschismus - Solidarit\u00e4t&quot;","block_context":{"text":"Frieden - Antifaschismus - Solidarit\u00e4t","link":"https:\/\/www.freidenker.org\/?cat=13"},"img":{"alt_text":"","src":"https:\/\/i0.wp.com\/www.freidenker.org\/fw17\/wp-content\/uploads\/2026\/03\/Pfaff_Schweinfurt_IMG_6677_800x450.jpg?fit=800%2C450&ssl=1&resize=350%2C200","width":350,"height":200,"srcset":"https:\/\/i0.wp.com\/www.freidenker.org\/fw17\/wp-content\/uploads\/2026\/03\/Pfaff_Schweinfurt_IMG_6677_800x450.jpg?fit=800%2C450&ssl=1&resize=350%2C200 1x, https:\/\/i0.wp.com\/www.freidenker.org\/fw17\/wp-content\/uploads\/2026\/03\/Pfaff_Schweinfurt_IMG_6677_800x450.jpg?fit=800%2C450&ssl=1&resize=525%2C300 1.5x, https:\/\/i0.wp.com\/www.freidenker.org\/fw17\/wp-content\/uploads\/2026\/03\/Pfaff_Schweinfurt_IMG_6677_800x450.jpg?fit=800%2C450&ssl=1&resize=700%2C400 2x"},"classes":[]},{"id":20117,"url":"https:\/\/www.freidenker.org\/?p=20117","url_meta":{"origin":23382,"position":4},"title":"Arnold Sch\u00f6lzel: Medien in Krisen- und Kriegszeiten","author":"Webredaktion","date":"18. Oktober 2024","format":false,"excerpt":"Wie Propaganda und Zensur Demokratie und Gesellschaft zerst\u00f6ren Freitag 15.11.2024, 19 Uhr, EineWeltHaus M\u00fcnchen, Gro\u00dfer Saal, Schwanthalerstr. 80, 80336 M\u00fcnchen Die deutsche Debatte \u00fcber den Ukrainekrieg ist einseitig gepr\u00e4gt von Kriegsbef\u00fcrwortung und -propaganda, Waffenlieferungen, Feindbild-denken und Russenfurcht. Ein offener Diskurs, der unterschiedliche Auffassungen gleichberichtigt zur Sprache bringen w\u00fcrde, findet nicht\u2026","rel":"","context":"In &quot;Veranstaltungen in den DFV-Landesverb\u00e4nden&quot;","block_context":{"text":"Veranstaltungen in den DFV-Landesverb\u00e4nden","link":"https:\/\/www.freidenker.org\/?cat=19"},"img":{"alt_text":"","src":"https:\/\/i0.wp.com\/www.freidenker.org\/fw17\/wp-content\/uploads\/2024\/10\/schoelzel_medien_in_krisenzeiten.jpg?fit=800%2C445&ssl=1&resize=350%2C200","width":350,"height":200,"srcset":"https:\/\/i0.wp.com\/www.freidenker.org\/fw17\/wp-content\/uploads\/2024\/10\/schoelzel_medien_in_krisenzeiten.jpg?fit=800%2C445&ssl=1&resize=350%2C200 1x, https:\/\/i0.wp.com\/www.freidenker.org\/fw17\/wp-content\/uploads\/2024\/10\/schoelzel_medien_in_krisenzeiten.jpg?fit=800%2C445&ssl=1&resize=525%2C300 1.5x, https:\/\/i0.wp.com\/www.freidenker.org\/fw17\/wp-content\/uploads\/2024\/10\/schoelzel_medien_in_krisenzeiten.jpg?fit=800%2C445&ssl=1&resize=700%2C400 2x"},"classes":[]},{"id":9369,"url":"https:\/\/www.freidenker.org\/?p=9369","url_meta":{"origin":23382,"position":5},"title":"Urteil gegen den missbr\u00e4uchlichen &#8222;Antisemitismus&#8220;-Vorwurf","author":"Webredaktion","date":"23. Januar 2021","format":false,"excerpt":"Unser Genosse Klaus Ried aus M\u00fcnchen hat vor dem Bayerischen Verwaltungsgerichtshof einen beachtlichen Teilerfolg f\u00fcr die Meinungsfreiheit erzielt. Unter dem Vorwand des \"Antisemitismus\"\u00a0 wurden st\u00e4dtische R\u00e4ume in M\u00fcnchen f\u00fcr eine israelkritische Veranstaltung\u00a0 verweigert. Klaus Ried schreibt dazu u.a.: ... Bei den meisten Diskussionen zu diesem Themenkomplex reden die Kontrahenten vollkommen\u2026","rel":"","context":"In &quot;Demokratie \u2013 Medien \u2013 Aufkl\u00e4rung&quot;","block_context":{"text":"Demokratie \u2013 Medien \u2013 Aufkl\u00e4rung","link":"https:\/\/www.freidenker.org\/?cat=12"},"img":{"alt_text":"","src":"https:\/\/i0.wp.com\/www.freidenker.org\/fw17\/wp-content\/uploads\/2021\/01\/klartext_Bayrischer_VGH.jpg?fit=800%2C445&ssl=1&resize=350%2C200","width":350,"height":200,"srcset":"https:\/\/i0.wp.com\/www.freidenker.org\/fw17\/wp-content\/uploads\/2021\/01\/klartext_Bayrischer_VGH.jpg?fit=800%2C445&ssl=1&resize=350%2C200 1x, https:\/\/i0.wp.com\/www.freidenker.org\/fw17\/wp-content\/uploads\/2021\/01\/klartext_Bayrischer_VGH.jpg?fit=800%2C445&ssl=1&resize=525%2C300 1.5x, https:\/\/i0.wp.com\/www.freidenker.org\/fw17\/wp-content\/uploads\/2021\/01\/klartext_Bayrischer_VGH.jpg?fit=800%2C445&ssl=1&resize=700%2C400 2x"},"classes":[]}],"_links":{"self":[{"href":"https:\/\/www.freidenker.org\/index.php?rest_route=\/wp\/v2\/posts\/23382","targetHints":{"allow":["GET"]}}],"collection":[{"href":"https:\/\/www.freidenker.org\/index.php?rest_route=\/wp\/v2\/posts"}],"about":[{"href":"https:\/\/www.freidenker.org\/index.php?rest_route=\/wp\/v2\/types\/post"}],"author":[{"embeddable":true,"href":"https:\/\/www.freidenker.org\/index.php?rest_route=\/wp\/v2\/users\/3"}],"replies":[{"embeddable":true,"href":"https:\/\/www.freidenker.org\/index.php?rest_route=%2Fwp%2Fv2%2Fcomments&post=23382"}],"version-history":[{"count":7,"href":"https:\/\/www.freidenker.org\/index.php?rest_route=\/wp\/v2\/posts\/23382\/revisions"}],"predecessor-version":[{"id":23411,"href":"https:\/\/www.freidenker.org\/index.php?rest_route=\/wp\/v2\/posts\/23382\/revisions\/23411"}],"wp:featuredmedia":[{"embeddable":true,"href":"https:\/\/www.freidenker.org\/index.php?rest_route=\/wp\/v2\/media\/23387"}],"wp:attachment":[{"href":"https:\/\/www.freidenker.org\/index.php?rest_route=%2Fwp%2Fv2%2Fmedia&parent=23382"}],"wp:term":[{"taxonomy":"category","embeddable":true,"href":"https:\/\/www.freidenker.org\/index.php?rest_route=%2Fwp%2Fv2%2Fcategories&post=23382"},{"taxonomy":"post_tag","embeddable":true,"href":"https:\/\/www.freidenker.org\/index.php?rest_route=%2Fwp%2Fv2%2Ftags&post=23382"}],"curies":[{"name":"wp","href":"https:\/\/api.w.org\/{rel}","templated":true}]}}