{"id":23377,"date":"2025-10-31T01:13:27","date_gmt":"2025-10-31T00:13:27","guid":{"rendered":"https:\/\/www.freidenker.org\/?p=23377"},"modified":"2025-11-30T13:21:57","modified_gmt":"2025-11-30T12:21:57","slug":"buchvorstellung-wolfgang-bittner-geopolitik-im-ueberblick-2","status":"publish","type":"post","link":"https:\/\/www.freidenker.org\/?p=23377","title":{"rendered":"Buchvorstellung Wolfgang Bittner: Geopolitik im \u00dcberblick"},"content":{"rendered":"<p><span style=\"text-decoration: underline;\">Einladung<\/span><\/p>\n<h5><strong>Buchvorstellung und Lesung <\/strong><\/h5>\n<h4><strong>Geopolitik im \u00dcberblick: <\/strong><strong><br \/>\n<\/strong><strong>Deutschland <\/strong>\u2013<strong> USA <\/strong>\u2013<strong> EU <\/strong>\u2013<strong> Russland <\/strong><\/h4>\n<p><em>mit dem Autor\u00a0<strong>Dr. Wolfgang Bittner <\/strong><\/em><\/p>\n<p>Samstag, <strong>15. November 2025<\/strong>, 19.00 Uhr<br \/>\n<strong>Saalbau Gallus, <\/strong>Frankenallee 111, 60326 Frankfurt am Main<\/p>\n<p>Der Eintritt ist frei, um Spenden zur Kostendeckung wird gebeten.<\/p>\n<hr \/>\n<p>Deutschland soll \u201ekriegst\u00fcchtig\u201c werden, und die Berliner Regierung hat astronomische Ausgaben f\u00fcr die Aufr\u00fcstung bereitgestellt. Denn angeblich will Russland nach der Ukraine Westeuropa erobern, obwohl es daf\u00fcr keinerlei Belege gibt und Putin solche Absichten niemals ge\u00e4u\u00dfert hat.<\/p>\n<p>Trotzdem wird in einem Ma\u00dfe hochger\u00fcstet, dass inzwischen ein dritter Weltkrieg nicht mehr auszuschlie\u00dfen ist. Was aber zur gegenw\u00e4rtigen prek\u00e4ren Lage gef\u00fchrt hat, scheint weder die Politik noch die meisten Medien zu interessieren.<\/p>\n<p>Hat Russland durch den Einmarsch in die Ukraine tats\u00e4chlich die \u201efriedliche europ\u00e4ische Sicherheitsarchitektur\u201c zerst\u00f6rt? Gab es nicht eine Vorgeschichte, die schlicht verschwiegen wird?<\/p>\n<p>W\u00e4hrend Deutschland auf den wirtschaftlichen Ruin zusteuert, will Kanzler Friedrich Merz die F\u00fchrung in der Russland herausfordernden NATO \u00fcbernehmen. Es gibt kaum Widerstand gegen diese destruktive Politik, ebenso wenig gegen die \u00fcberm\u00e4\u00dfige Reglementierung, Digitalisierung und \u00dcberwachung, den Weg nicht nur Deutschlands in den Totalitarismus.<\/p>\n<p>Wie aber steht es um die deutsche Souver\u00e4nit\u00e4t? Und welche Folgen wird die sich global abzeichnende Verschiebung der Machtverh\u00e4ltnisse haben, nachdem sich viele Staaten der Dominanz der USA entziehen? Fragen, die auf den N\u00e4geln brennen und die es zu beantworten gilt.<\/p>\n<hr \/>\n<p>Veranstalter<\/p>\n<p><img data-recalc-dims=\"1\" loading=\"lazy\" decoding=\"async\" data-attachment-id=\"18162\" data-permalink=\"https:\/\/www.freidenker.org\/?attachment_id=18162\" data-orig-file=\"https:\/\/i0.wp.com\/www.freidenker.org\/fw17\/wp-content\/uploads\/2024\/02\/Freidenker-Logo_2.jpg?fit=810%2C220&amp;ssl=1\" data-orig-size=\"810,220\" data-comments-opened=\"0\" data-image-meta=\"{&quot;aperture&quot;:&quot;0&quot;,&quot;credit&quot;:&quot;&quot;,&quot;camera&quot;:&quot;&quot;,&quot;caption&quot;:&quot;&quot;,&quot;created_timestamp&quot;:&quot;0&quot;,&quot;copyright&quot;:&quot;&quot;,&quot;focal_length&quot;:&quot;0&quot;,&quot;iso&quot;:&quot;0&quot;,&quot;shutter_speed&quot;:&quot;0&quot;,&quot;title&quot;:&quot;&quot;,&quot;orientation&quot;:&quot;1&quot;}\" data-image-title=\"Freidenker-Logo_2\" data-image-description=\"\" data-image-caption=\"\" data-large-file=\"https:\/\/i0.wp.com\/www.freidenker.org\/fw17\/wp-content\/uploads\/2024\/02\/Freidenker-Logo_2.jpg?fit=800%2C217&amp;ssl=1\" class=\"alignnone wp-image-18162 size-medium\" src=\"https:\/\/i0.wp.com\/www.freidenker.org\/fw17\/wp-content\/uploads\/2024\/02\/Freidenker-Logo_2.jpg?resize=300%2C81&#038;ssl=1\" alt=\"\" width=\"300\" height=\"81\" srcset=\"https:\/\/i0.wp.com\/www.freidenker.org\/fw17\/wp-content\/uploads\/2024\/02\/Freidenker-Logo_2.jpg?resize=300%2C81&amp;ssl=1 300w, https:\/\/i0.wp.com\/www.freidenker.org\/fw17\/wp-content\/uploads\/2024\/02\/Freidenker-Logo_2.jpg?resize=768%2C209&amp;ssl=1 768w, https:\/\/i0.wp.com\/www.freidenker.org\/fw17\/wp-content\/uploads\/2024\/02\/Freidenker-Logo_2.jpg?w=810&amp;ssl=1 810w\" sizes=\"auto, (max-width: 300px) 100vw, 300px\" \/><\/p>\n<p>in Kooperation mit<\/p>\n<p><img data-recalc-dims=\"1\" loading=\"lazy\" decoding=\"async\" data-attachment-id=\"23380\" data-permalink=\"https:\/\/www.freidenker.org\/?attachment_id=23380\" data-orig-file=\"https:\/\/i0.wp.com\/www.freidenker.org\/fw17\/wp-content\/uploads\/2025\/10\/gk_nachdenkseiten_darmstadt.jpg?fit=292%2C86&amp;ssl=1\" data-orig-size=\"292,86\" data-comments-opened=\"0\" data-image-meta=\"{&quot;aperture&quot;:&quot;0&quot;,&quot;credit&quot;:&quot;&quot;,&quot;camera&quot;:&quot;&quot;,&quot;caption&quot;:&quot;&quot;,&quot;created_timestamp&quot;:&quot;0&quot;,&quot;copyright&quot;:&quot;&quot;,&quot;focal_length&quot;:&quot;0&quot;,&quot;iso&quot;:&quot;0&quot;,&quot;shutter_speed&quot;:&quot;0&quot;,&quot;title&quot;:&quot;&quot;,&quot;orientation&quot;:&quot;1&quot;}\" data-image-title=\"gk_nachdenkseiten_darmstadt\" data-image-description=\"\" data-image-caption=\"\" data-large-file=\"https:\/\/i0.wp.com\/www.freidenker.org\/fw17\/wp-content\/uploads\/2025\/10\/gk_nachdenkseiten_darmstadt.jpg?fit=292%2C86&amp;ssl=1\" class=\"alignnone wp-image-23380 size-full\" src=\"https:\/\/i0.wp.com\/www.freidenker.org\/fw17\/wp-content\/uploads\/2025\/10\/gk_nachdenkseiten_darmstadt.jpg?resize=292%2C86&#038;ssl=1\" alt=\"\" width=\"292\" height=\"86\" \/><\/p>\n<p><strong><em>Wolfgang Bittner<\/em><\/strong><em>\u00a0ist Mitglied des Deutschen Freidenker-Verbandes und seines Beirats. Er lebt als Schriftsteller und Publizist in G\u00f6ttingen. Der promovierte Jurist\u00a0 hat \u00fcber 80 B\u00fccher ver\u00f6ffentlicht. Er erhielt mehrere Preise und Auszeichnungen und ist Mitglied im PEN. Von 1996 bis 1998 geh\u00f6rte er dem Rundfunkrat des WDR an, von 1997 bis 2001 dem Bundesvorstand des Verbandes deutscher Schriftsteller. Ausgedehnte Reisen f\u00fchrten ihn nach Vorderasien, Mexiko, Kanada und Neuseeland, Gastprofessuren 2004 und 2006 nach Polen. Er war viele Jahre freier Mitarbeiter bei Zeitungen, Zeitschriften sowie \u00f6ffentlich-rechtlichen Rundfunkanstalten. Zu seinen j\u00fcngsten Publikationen geh\u00f6ren \u201eDer neue West-Ost-Konflikt. Inszenierung einer Krise\u201c\u00a0<\/em>(2019),<em>\u00a0\u201eDeutschland \u2013 verraten und verkauft\u201c<\/em>\u00a0(2021),\u00a0<em>\u201eAusnahmezustand. Geopolitische Einsichten und Analysen unter Ber\u00fccksichtigung des Ukraine-Konflikts\u201c<\/em>\u00a0(2023) sowie der Roman\u00a0<em>\u201eDie Heimat, der Krieg und der Goldene\u00a0<\/em><em>Westen\u201c<\/em>\u00a0(2019).<\/p>\n<p><img data-recalc-dims=\"1\" loading=\"lazy\" decoding=\"async\" data-attachment-id=\"22459\" data-permalink=\"https:\/\/www.freidenker.org\/?attachment_id=22459\" data-orig-file=\"https:\/\/i0.wp.com\/www.freidenker.org\/fw17\/wp-content\/uploads\/2025\/07\/Bittner_Geopolitik_800px.jpg?fit=505%2C800&amp;ssl=1\" data-orig-size=\"505,800\" data-comments-opened=\"0\" data-image-meta=\"{&quot;aperture&quot;:&quot;0&quot;,&quot;credit&quot;:&quot;&quot;,&quot;camera&quot;:&quot;&quot;,&quot;caption&quot;:&quot;&quot;,&quot;created_timestamp&quot;:&quot;0&quot;,&quot;copyright&quot;:&quot;&quot;,&quot;focal_length&quot;:&quot;0&quot;,&quot;iso&quot;:&quot;0&quot;,&quot;shutter_speed&quot;:&quot;0&quot;,&quot;title&quot;:&quot;&quot;,&quot;orientation&quot;:&quot;1&quot;}\" data-image-title=\"Bittner_Geopolitik_800px\" data-image-description=\"\" data-image-caption=\"\" data-large-file=\"https:\/\/i0.wp.com\/www.freidenker.org\/fw17\/wp-content\/uploads\/2025\/07\/Bittner_Geopolitik_800px.jpg?fit=505%2C800&amp;ssl=1\" class=\"alignnone wp-image-22459 size-full\" src=\"https:\/\/i0.wp.com\/www.freidenker.org\/fw17\/wp-content\/uploads\/2025\/07\/Bittner_Geopolitik_800px.jpg?resize=505%2C800&#038;ssl=1\" alt=\"\" width=\"505\" height=\"800\" srcset=\"https:\/\/i0.wp.com\/www.freidenker.org\/fw17\/wp-content\/uploads\/2025\/07\/Bittner_Geopolitik_800px.jpg?w=505&amp;ssl=1 505w, https:\/\/i0.wp.com\/www.freidenker.org\/fw17\/wp-content\/uploads\/2025\/07\/Bittner_Geopolitik_800px.jpg?resize=189%2C300&amp;ssl=1 189w\" sizes=\"auto, (max-width: 505px) 100vw, 505px\" \/><\/p>\n<p><em>Wolfgang Bittner, \u201eGeopolitik im \u00dcberblick. Deutschland-USA-EU-Russland\u201c, Verlag Hintergrund, Klappenbroschur, 144 S., 14,80 \u20ac, ISBN\u00a0<\/em>978-3910568235<\/p>\n<hr \/>\n<h5>Download<\/h5>\n<p><img data-recalc-dims=\"1\" loading=\"lazy\" decoding=\"async\" data-attachment-id=\"1076\" data-permalink=\"https:\/\/www.freidenker.org\/?attachment_id=1076\" data-orig-file=\"https:\/\/i0.wp.com\/www.freidenker.org\/fw17\/wp-content\/uploads\/2017\/10\/pdf_icon-2.png?fit=32%2C32&amp;ssl=1\" data-orig-size=\"32,32\" data-comments-opened=\"0\" data-image-meta=\"{&quot;aperture&quot;:&quot;0&quot;,&quot;credit&quot;:&quot;&quot;,&quot;camera&quot;:&quot;&quot;,&quot;caption&quot;:&quot;&quot;,&quot;created_timestamp&quot;:&quot;0&quot;,&quot;copyright&quot;:&quot;&quot;,&quot;focal_length&quot;:&quot;0&quot;,&quot;iso&quot;:&quot;0&quot;,&quot;shutter_speed&quot;:&quot;0&quot;,&quot;title&quot;:&quot;&quot;,&quot;orientation&quot;:&quot;0&quot;}\" data-image-title=\"pdf_icon\" data-image-description=\"\" data-image-caption=\"\" data-large-file=\"https:\/\/i0.wp.com\/www.freidenker.org\/fw17\/wp-content\/uploads\/2017\/10\/pdf_icon-2.png?fit=32%2C32&amp;ssl=1\" class=\"alignnone size-full wp-image-1076\" src=\"https:\/\/i0.wp.com\/www.freidenker.org\/fw17\/wp-content\/uploads\/2017\/10\/pdf_icon-2.png?resize=32%2C32&#038;ssl=1\" alt=\"\" width=\"32\" height=\"32\" \/> <a href=\"https:\/\/www.freidenker.org\/fw17\/wp-content\/uploads\/2025\/10\/251115-LVHe-FlyerBittner_v01.pdf\" target=\"_blank\" rel=\"noopener\">Flyer zur Veranstaltung<\/a> (PDF-Dokument, ca. 219 KB))<\/p>\n<hr \/>\n<p><span style=\"font-size: 10pt;\">Bild oben: Collage von Ralf Lux unter Verwendung von:<\/span><br \/>\n<span style=\"font-size: 10pt;\">\u2013 Buchtitel zu Bittner \u201eGeopolitik im \u00dcberblick\u201c, \u00a9 Verlag Hintergrund<\/span><br \/>\n<span style=\"font-size: 10pt;\">\u2013 Portrait Wolfgang Bittner, Quelle:\u00a0<a href=\"https:\/\/www.wolfgangbittner.de\/\" target=\"_blank\" rel=\"noopener\">https:\/\/www.wolfgangbittner.de\/<\/a><\/span><\/p>\n","protected":false},"excerpt":{"rendered":"<p><b>Geopolitik im \u00dcberblick: Deutschland \u2013 USA \u2013 EU \u2013 Russland<\/b><br \/>\n<b>Vortrag und Buchvorstellung mit Wolfgang Bittner am 15.11.2025 in Frankfurt am Main<\/b><br \/>\nDeutschland soll \u00bbkriegst\u00fcchtig\u00ab werden, und die Berliner Regierung hat astronomische Ausgaben f\u00fcr die Aufr\u00fcstung bereitgestellt. Denn angeblich will Russland nach der Ukraine Westeuropa erobern, obwohl es daf\u00fcr keinerlei Belege gibt und Putin solche Absichten niemals ge\u00e4u\u00dfert hat. Trotzdem wird in einem Ma\u00dfe hochger\u00fcstet, dass inzwischen ein dritter Weltkrieg nicht mehr auszuschlie\u00dfen ist. Was aber zur gegenw\u00e4rtigen prek\u00e4ren Lage gef\u00fchrt hat, scheint weder die Politik noch die meisten Medien zu interessieren. Hat Russland durch den Einmarsch in die Ukraine tats\u00e4chlich die \u00bbfriedliche europ\u00e4ische Sicherheitsarchitektur\u00ab zerst\u00f6rt? Gab es nicht eine Vorgeschichte, die schlicht verschwiegen wird?<\/p>\n","protected":false},"author":3,"featured_media":22978,"comment_status":"closed","ping_status":"closed","sticky":false,"template":"","format":"standard","meta":{"colormag_page_container_layout":"default_layout","colormag_page_sidebar_layout":"default_layout","advanced_seo_description":"","jetpack_seo_html_title":"","jetpack_seo_noindex":false,"jetpack_post_was_ever_published":false,"footnotes":""},"categories":[12,19],"tags":[1398,452,1617,2181,182,433,1631,2440,1067,2801,222,2001,623,1082,1343,639,185,489],"class_list":["post-23377","post","type-post","status-publish","format-standard","has-post-thumbnail","hentry","category-demokratie-medien-aufklaerung","category-veranstaltungen-in-den-dfv-landesverbaenden","tag-aufruestung","tag-deutschland","tag-digitalisierung","tag-dominanz","tag-eu","tag-frankfurt-am-main","tag-geopolitik","tag-kriegstuechtigkeit","tag-lv-hessen","tag-machtverhaeltnisse","tag-russland","tag-sicherheit","tag-souveraenitaet","tag-totalitarismus","tag-ueberwachung","tag-ukraine-konflikt","tag-usa","tag-widerstand"],"jetpack_featured_media_url":"https:\/\/i0.wp.com\/www.freidenker.org\/fw17\/wp-content\/uploads\/2025\/09\/Bittner_Geopolitik_Lesung_800x450_v3.jpg?fit=800%2C450&ssl=1","jetpack_shortlink":"https:\/\/wp.me\/p9stpK-653","jetpack-related-posts":[{"id":22969,"url":"https:\/\/www.freidenker.org\/?p=22969","url_meta":{"origin":23377,"position":0},"title":"Buchvorstellung Wolfgang Bittner: Geopolitik im \u00dcberblick","author":"Webredaktion","date":"27. September 2025","format":false,"excerpt":"Geopolitik im \u00dcberblick: Deutschland \u2013 USA \u2013 EU \u2013 Russland Vortrag und Buchvorstellung mit Wolfgang Bittner am 08.10.2025 in Berlin Deutschland soll \u00bbkriegst\u00fcchtig\u00ab werden, und die Berliner Regierung hat astronomische Ausgaben f\u00fcr die Aufr\u00fcstung bereitgestellt. Denn angeblich will Russland nach der Ukraine Westeuropa erobern, obwohl es daf\u00fcr keinerlei Belege gibt\u2026","rel":"","context":"In &quot;Demokratie \u2013 Medien \u2013 Aufkl\u00e4rung&quot;","block_context":{"text":"Demokratie \u2013 Medien \u2013 Aufkl\u00e4rung","link":"https:\/\/www.freidenker.org\/?cat=12"},"img":{"alt_text":"","src":"https:\/\/i0.wp.com\/www.freidenker.org\/fw17\/wp-content\/uploads\/2025\/09\/Bittner_Geopolitik_Lesung_800x450_v3.jpg?fit=800%2C450&ssl=1&resize=350%2C200","width":350,"height":200,"srcset":"https:\/\/i0.wp.com\/www.freidenker.org\/fw17\/wp-content\/uploads\/2025\/09\/Bittner_Geopolitik_Lesung_800x450_v3.jpg?fit=800%2C450&ssl=1&resize=350%2C200 1x, https:\/\/i0.wp.com\/www.freidenker.org\/fw17\/wp-content\/uploads\/2025\/09\/Bittner_Geopolitik_Lesung_800x450_v3.jpg?fit=800%2C450&ssl=1&resize=525%2C300 1.5x, https:\/\/i0.wp.com\/www.freidenker.org\/fw17\/wp-content\/uploads\/2025\/09\/Bittner_Geopolitik_Lesung_800x450_v3.jpg?fit=800%2C450&ssl=1&resize=700%2C400 2x"},"classes":[]},{"id":23446,"url":"https:\/\/www.freidenker.org\/?p=23446","url_meta":{"origin":23377,"position":1},"title":"Podcast: Unter Freunden: Wolfgang Bittner \u2013 Warnung vor dem Krieg","author":"Webredaktion","date":"4. November 2025","format":false,"excerpt":"Bernhard Lassahn im Gespr\u00e4ch mit Wolfgang Bittner Von Wolfgang Bittner gibt es mehr als achtzig Ver\u00f6ffentlichungen in allen schriftstellerischen Spielarten. Zuletzt hat er mit \u201eGeopolitik im \u00dcberblick: Deutschland \u2013 USA \u2013 EU \u2013 Russland\u201c eine gro\u00dfe historische Einordnung vorgelegt und in seinem neuen erz\u00e4hlerischen Werk \u201eDie Heimat, der Krieg und\u2026","rel":"","context":"In &quot;Demokratie \u2013 Medien \u2013 Aufkl\u00e4rung&quot;","block_context":{"text":"Demokratie \u2013 Medien \u2013 Aufkl\u00e4rung","link":"https:\/\/www.freidenker.org\/?cat=12"},"img":{"alt_text":"","src":"https:\/\/i0.wp.com\/www.freidenker.org\/fw17\/wp-content\/uploads\/2025\/11\/Kontrafunk_Bittner_und_Lassahn_800x450.jpg?fit=800%2C450&ssl=1&resize=350%2C200","width":350,"height":200,"srcset":"https:\/\/i0.wp.com\/www.freidenker.org\/fw17\/wp-content\/uploads\/2025\/11\/Kontrafunk_Bittner_und_Lassahn_800x450.jpg?fit=800%2C450&ssl=1&resize=350%2C200 1x, https:\/\/i0.wp.com\/www.freidenker.org\/fw17\/wp-content\/uploads\/2025\/11\/Kontrafunk_Bittner_und_Lassahn_800x450.jpg?fit=800%2C450&ssl=1&resize=525%2C300 1.5x, https:\/\/i0.wp.com\/www.freidenker.org\/fw17\/wp-content\/uploads\/2025\/11\/Kontrafunk_Bittner_und_Lassahn_800x450.jpg?fit=800%2C450&ssl=1&resize=700%2C400 2x"},"classes":[]},{"id":24973,"url":"https:\/\/www.freidenker.org\/?p=24973","url_meta":{"origin":23377,"position":2},"title":"Der pers\u00f6nliche Einsatz des Friedrich Merz f\u00fcr die Ukraine","author":"Webredaktion","date":"23. April 2026","format":false,"excerpt":"Buchauszug von Wolfgang Bittner Der deutsche Bundeskanzler Friedrich Merz freut sich, dass Victor Orb\u00e1n nicht wiedergew\u00e4hlt wurde und dass die EU jetzt 90 Milliarden Euro an die Ukraine \u00fcberweisen kann. Am 14. April hat Merz den ukrainischen Machthaber Wolodymyr Selenskyj mit milit\u00e4rischen Ehren in Berlin empfangen. Unter anderem wurde eine\u2026","rel":"","context":"In &quot;Aktuelles&quot;","block_context":{"text":"Aktuelles","link":"https:\/\/www.freidenker.org\/?cat=574"},"img":{"alt_text":"","src":"https:\/\/i0.wp.com\/www.freidenker.org\/fw17\/wp-content\/uploads\/2026\/04\/merz_selenskyj_berlin_2026-04-14_800x450.jpg?fit=800%2C450&ssl=1&resize=350%2C200","width":350,"height":200,"srcset":"https:\/\/i0.wp.com\/www.freidenker.org\/fw17\/wp-content\/uploads\/2026\/04\/merz_selenskyj_berlin_2026-04-14_800x450.jpg?fit=800%2C450&ssl=1&resize=350%2C200 1x, https:\/\/i0.wp.com\/www.freidenker.org\/fw17\/wp-content\/uploads\/2026\/04\/merz_selenskyj_berlin_2026-04-14_800x450.jpg?fit=800%2C450&ssl=1&resize=525%2C300 1.5x, https:\/\/i0.wp.com\/www.freidenker.org\/fw17\/wp-content\/uploads\/2026\/04\/merz_selenskyj_berlin_2026-04-14_800x450.jpg?fit=800%2C450&ssl=1&resize=700%2C400 2x"},"classes":[]},{"id":16007,"url":"https:\/\/www.freidenker.org\/?p=16007","url_meta":{"origin":23377,"position":3},"title":"Geopolitik im Zeichen des Ukraine-Konflikts","author":"Webredaktion","date":"11. Mai 2023","format":false,"excerpt":"Videobotschaft von Wolfgang Bittner Wo wir hinschauen, herrschen Konfusion, Chaos und Krieg. Die USA haben es geschafft, Europa zu spalten und \u00fcberall in der Welt Krisenherde zu schaffen. Nachdem die Regime Changes in Venezuela, Iran, Syrien und Wei\u00dfrussland nicht gelangen, sind zurzeit Georgien und Moldawien im Visier der USA. Vorgegangen\u2026","rel":"","context":"In &quot;Frieden - Antifaschismus - Solidarit\u00e4t&quot;","block_context":{"text":"Frieden - Antifaschismus - Solidarit\u00e4t","link":"https:\/\/www.freidenker.org\/?cat=13"},"img":{"alt_text":"","src":"https:\/\/i0.wp.com\/www.freidenker.org\/fw17\/wp-content\/uploads\/2023\/05\/Bittner_Geopolitik_800x450.jpg?fit=800%2C450&ssl=1&resize=350%2C200","width":350,"height":200,"srcset":"https:\/\/i0.wp.com\/www.freidenker.org\/fw17\/wp-content\/uploads\/2023\/05\/Bittner_Geopolitik_800x450.jpg?fit=800%2C450&ssl=1&resize=350%2C200 1x, https:\/\/i0.wp.com\/www.freidenker.org\/fw17\/wp-content\/uploads\/2023\/05\/Bittner_Geopolitik_800x450.jpg?fit=800%2C450&ssl=1&resize=525%2C300 1.5x, https:\/\/i0.wp.com\/www.freidenker.org\/fw17\/wp-content\/uploads\/2023\/05\/Bittner_Geopolitik_800x450.jpg?fit=800%2C450&ssl=1&resize=700%2C400 2x"},"classes":[]},{"id":22456,"url":"https:\/\/www.freidenker.org\/?p=22456","url_meta":{"origin":23377,"position":4},"title":"Gravierende Einschr\u00e4nkungen der B\u00fcrgerrechte","author":"Webredaktion","date":"27. Juli 2025","format":false,"excerpt":"Auszug aus dem Buch Geopolitik im \u00dcberblick von Wolfgang Bittner Deutschland soll \u00bbkriegst\u00fcchtig\u00ab werden, und die Berliner Regierung hat astronomische Ausgaben f\u00fcr die Aufr\u00fcstung bereitgestellt. Denn angeblich will Russland nach der Ukraine Westeuropa erobern, auch wenn es daf\u00fcr keinerlei Belege gibt und Putin solche Absichten niemals ge\u00e4u\u00dfert hat. Trotzdem wird\u2026","rel":"","context":"In &quot;Demokratie \u2013 Medien \u2013 Aufkl\u00e4rung&quot;","block_context":{"text":"Demokratie \u2013 Medien \u2013 Aufkl\u00e4rung","link":"https:\/\/www.freidenker.org\/?cat=12"},"img":{"alt_text":"","src":"https:\/\/i0.wp.com\/www.freidenker.org\/fw17\/wp-content\/uploads\/2025\/07\/Bittner_Geopolitik_800x448.jpg?fit=800%2C448&ssl=1&resize=350%2C200","width":350,"height":200,"srcset":"https:\/\/i0.wp.com\/www.freidenker.org\/fw17\/wp-content\/uploads\/2025\/07\/Bittner_Geopolitik_800x448.jpg?fit=800%2C448&ssl=1&resize=350%2C200 1x, https:\/\/i0.wp.com\/www.freidenker.org\/fw17\/wp-content\/uploads\/2025\/07\/Bittner_Geopolitik_800x448.jpg?fit=800%2C448&ssl=1&resize=525%2C300 1.5x, https:\/\/i0.wp.com\/www.freidenker.org\/fw17\/wp-content\/uploads\/2025\/07\/Bittner_Geopolitik_800x448.jpg?fit=800%2C448&ssl=1&resize=700%2C400 2x"},"classes":[]},{"id":15584,"url":"https:\/\/www.freidenker.org\/?p=15584","url_meta":{"origin":23377,"position":5},"title":"Mutma\u00dfungen \u00fcber den Ukraine-Krieg und Wladimir Putin","author":"Webredaktion","date":"24. M\u00e4rz 2023","format":false,"excerpt":"Ein Kommentar von Wolfgang Bittner \u00dcber den Ukraine-Krieg wird viel gemutma\u00dft: \u00dcber eine Fr\u00fchjahrsoffensive Russlands und eine Gegenoffensive der Ukraine (mit strategischer Unterst\u00fctzung der USA); auch \u00fcber den Gesundheitszustand des russischen Pr\u00e4sidenten, sein Verm\u00f6gen, seinen Palast am Schwarzen Meer, seine Tochter, seine Panzerfabrik, sein Verh\u00e4ltnis zu Xi Jinping und so\u2026","rel":"","context":"In &quot;Frieden - Antifaschismus - Solidarit\u00e4t&quot;","block_context":{"text":"Frieden - Antifaschismus - Solidarit\u00e4t","link":"https:\/\/www.freidenker.org\/?cat=13"},"img":{"alt_text":"","src":"https:\/\/i0.wp.com\/www.freidenker.org\/fw17\/wp-content\/uploads\/2023\/03\/Vladimir_Putin_in_Ryazan_Oblast_2022-10-20_07_800x450.jpg?fit=800%2C450&ssl=1&resize=350%2C200","width":350,"height":200,"srcset":"https:\/\/i0.wp.com\/www.freidenker.org\/fw17\/wp-content\/uploads\/2023\/03\/Vladimir_Putin_in_Ryazan_Oblast_2022-10-20_07_800x450.jpg?fit=800%2C450&ssl=1&resize=350%2C200 1x, https:\/\/i0.wp.com\/www.freidenker.org\/fw17\/wp-content\/uploads\/2023\/03\/Vladimir_Putin_in_Ryazan_Oblast_2022-10-20_07_800x450.jpg?fit=800%2C450&ssl=1&resize=525%2C300 1.5x, https:\/\/i0.wp.com\/www.freidenker.org\/fw17\/wp-content\/uploads\/2023\/03\/Vladimir_Putin_in_Ryazan_Oblast_2022-10-20_07_800x450.jpg?fit=800%2C450&ssl=1&resize=700%2C400 2x"},"classes":[]}],"_links":{"self":[{"href":"https:\/\/www.freidenker.org\/index.php?rest_route=\/wp\/v2\/posts\/23377","targetHints":{"allow":["GET"]}}],"collection":[{"href":"https:\/\/www.freidenker.org\/index.php?rest_route=\/wp\/v2\/posts"}],"about":[{"href":"https:\/\/www.freidenker.org\/index.php?rest_route=\/wp\/v2\/types\/post"}],"author":[{"embeddable":true,"href":"https:\/\/www.freidenker.org\/index.php?rest_route=\/wp\/v2\/users\/3"}],"replies":[{"embeddable":true,"href":"https:\/\/www.freidenker.org\/index.php?rest_route=%2Fwp%2Fv2%2Fcomments&post=23377"}],"version-history":[{"count":2,"href":"https:\/\/www.freidenker.org\/index.php?rest_route=\/wp\/v2\/posts\/23377\/revisions"}],"predecessor-version":[{"id":23381,"href":"https:\/\/www.freidenker.org\/index.php?rest_route=\/wp\/v2\/posts\/23377\/revisions\/23381"}],"wp:featuredmedia":[{"embeddable":true,"href":"https:\/\/www.freidenker.org\/index.php?rest_route=\/wp\/v2\/media\/22978"}],"wp:attachment":[{"href":"https:\/\/www.freidenker.org\/index.php?rest_route=%2Fwp%2Fv2%2Fmedia&parent=23377"}],"wp:term":[{"taxonomy":"category","embeddable":true,"href":"https:\/\/www.freidenker.org\/index.php?rest_route=%2Fwp%2Fv2%2Fcategories&post=23377"},{"taxonomy":"post_tag","embeddable":true,"href":"https:\/\/www.freidenker.org\/index.php?rest_route=%2Fwp%2Fv2%2Ftags&post=23377"}],"curies":[{"name":"wp","href":"https:\/\/api.w.org\/{rel}","templated":true}]}}