{"id":23363,"date":"2025-10-29T23:29:48","date_gmt":"2025-10-29T22:29:48","guid":{"rendered":"https:\/\/www.freidenker.org\/?p=23363"},"modified":"2025-11-15T17:48:50","modified_gmt":"2025-11-15T16:48:50","slug":"tiervernichtung-das-maerchen-von-der-pcr-vogelgrippe-pandemie","status":"publish","type":"post","link":"https:\/\/www.freidenker.org\/?p=23363","title":{"rendered":"Tiervernichtung: Das M\u00e4rchen von der PCR-Vogelgrippe-Pandemie"},"content":{"rendered":"<p>In Norddeutschland sind rund 100 Kraniche gestorben. Bei zwei Kranichen soll mittels PCR-Testung Vogelgrippe nachgewiesen worden sein. Prophylaktisch wird beim kleinsten Hinweis auf eine vermeintliche Vogelgrippe sofort massenhaft geschlachtet \u2013 ohne dass Tiere \u00fcberhaupt krank seien.<\/p>\n<p><em>Von <strong>Felicitas Rabe<\/strong><\/em><\/p>\n<p><span style=\"font-size: 10pt;\">Erstver\u00f6ffentlichung am 27.10.2025 auf <a href=\"https:\/\/freedert.online\/meinung\/260050-tiervernichtungsmaschinerie-maerchen-von-pcr-vogelgrippepandemie\/\" target=\"_blank\" rel=\"noopener\">RT DE<\/a><\/span><\/p>\n<div class=\"EmbedBlock-root EmbedBlock-all\">\n<div class=\"AllEmbed\"><iframe loading=\"lazy\" title=\"Tiervernichtung: Das M\u00e4rchen von der PCR-Vogelgrippe-Pandemie\" src=\"https:\/\/www.podbean.com\/player-v2\/?i=epuwn-19a9c32-pb&amp;from=pb6admin&amp;share=1&amp;download=1&amp;rtl=0&amp;fonts=Arial&amp;skin=f6f6f6&amp;font-color=auto&amp;logo_link=episode_page&amp;btn-skin=7\" width=\"100%\" height=\"150\" scrolling=\"no\" data-name=\"pb-iframe-player\" data-mce-fragment=\"1\"><\/iframe><\/div>\n<\/div>\n<p>Seit ein paar Wochen grassiert in Deutschland wieder einmal die sogenannte Vogelgrippe. <em>RT DE<\/em>\u00a0<a href=\"https:\/\/dert.online\/inland\/259958-deutschland-vogelgrippe-fuehrt-landesweit-zum\/\" target=\"_blank\" rel=\"noopener noreferrer\">berichtete <\/a>dar\u00fcber. In einem Betrieb in Baden-W\u00fcrttemberg wurden vorsorglich 15.000 Tiere get\u00f6tet. Zwei Gefl\u00fcgelbetriebe im Landkreis M\u00e4rkisch-Oderland planen diesbez\u00fcglich die T\u00f6tung von rund 85.000 Tieren. W\u00e4hrend sich die einen offenbar mit der traurigen Tatsache von immer wiederkehrenden Vogelgrippen und den damit einhergehenden Massent\u00f6tungen von Gefl\u00fcgel abgefunden haben, gibt es dazu aber auch kritische Stimmen.<\/p>\n<p>Nach dem Erscheinen des Artikels &#8222;Ist die Vogelgrippe wirklich nicht gef\u00e4hrlich?&#8220; in der <em>Bild-<\/em>Zeitung vom Samstag meldete sich der investigative Journalist Gerhard Wisnewski am Sonntag mit einem <a href=\"https:\/\/www.youtube.com\/watch?v=6v9lSHn0r4E\" target=\"_blank\" rel=\"noopener noreferrer\">Videobeitrag<\/a> auf <em>YouTube<\/em>.<\/p>\n<p>Er erinnert daran, dass bei der letzten angeblichen Vogelgrippe-Epidemie seitens der Experten nie nachgewiesen werden konnte, wie der Virus \u00fcber eine sogenannte Vogelflug-Autobahn angeblich nach Europa gekommen sein soll. Merkw\u00fcrdigerweise, so der Journalist, sei die Vogelgrippe entsprechend ver\u00f6ffentlichter Daten damals zuerst rund um das Friedrich-L\u00f6ffler-Institut auf der Insel Riems aufgetreten.<\/p>\n<p>Wisnewski ordnet das Vogelgrippe-Geschehen als Versuch der Panikmache in der Bev\u00f6lkerung ein. Als Beispiel nennt er das Zitat des Virologen Alexander Kekul\u00e9 im <em>Bild<\/em>-Artikel. Demzufolge habe Kekul\u00e9 gewarnt: &#8222;Wenn es dem Virus gelingen sollte, sich an die menschlichen Andockstellen anzupassen, ist die n\u00e4chste Pandemie so gut wie sicher.&#8220;<\/p>\n<h5>Amtsnachweis: Nur bei zwei Kranichen soll Vogelgrippe-Virus belegt sein<\/h5>\n<p>Der Journalist Felix Feistel wirft einen sehr detaillierten kritischen Blick auf das Vogelgrippe-Ph\u00e4nomen. Im Schweizer Online-Magazin <em>Zeitpunkt<\/em> ver\u00f6ffentlichte er am\u00a0Donnerstag <a href=\"https:\/\/www.zeitpunkt.ch\/die-eingebildete-krankheit\" target=\"_blank\" rel=\"noopener noreferrer\">die Analyse<\/a>: &#8222;Die eingebildete Krankheit \u2013 Deutschland simuliert mal wieder die Vogelgrippe.&#8220;<\/p>\n<p>Beim diesj\u00e4hrigen Ausbruch w\u00fcrden erstmals Kraniche f\u00fcr die Ausbreitung verantwortlich gemacht. Erste Landkreise, zum Beispiel der Landkreis Vorpommern-Greifswald, h\u00e4tten bereits Sperrzonen errichtet und die Gefl\u00fcgelhalter zur Stallhaltung verpflichtet \u2013 unter Androhung von Bu\u00dfgeldern bis zu 30.000 Euro bei Zuwiderhandlungen. Diese Verf\u00fcgung sei damit begr\u00fcndet worden, dass bei insgesamt <strong>zwei<\/strong> Kranichen der angebliche Vogelgrippe-Virus H5N1 amtlich nachgewiesen worden sei. Dazu kommentiert Feistel: &#8222;Wenn von den <a href=\"https:\/\/www.birding-germany.de\/kraniche\/kraniche-beobachten-in-mecklenburg-vorpommern\">bis zu 70.000<\/a> Kranichen im Landkreis Vorpommern-Greifswald zwei V\u00f6gel an einer Krankheit sterben, scheint es mit der Bedrohung nicht allzu weit her zu sein.&#8220;<\/p>\n<p>Man m\u00fcsse wissen, dass in Naturschutzgebieten immer wieder tote Tiere geborgen werden, so Feistel. Auch beim diesj\u00e4hrigen Kranichflug habe man \u00fcber mehrere Bundesl\u00e4nder verteilt rund 100 tote Exemplare gefunden. Im Widerspruch dazu habe die <em>Tagesschau<\/em> am 22. Oktober berichtet, &#8222;die Beh\u00f6rden bef\u00fcrchteten, dass bereits \u00fcber 1.000 Tiere gestorben seien&#8220;.<\/p>\n<p>Angesichts einer behaupteten Bedrohungslage, die das Keulen Tausender Tiere n\u00f6tig machen w\u00fcrde, erscheine es verwunderlich, dass die Feuerwehr quasi leichtsinnigerweise noch einen Tag vor der <em>Tagesschau<\/em>-Meldung einen geschw\u00e4chten Kranich aus einem Sumpfgebiet bei Drage gerettet habe. Das <a href=\"https:\/\/www.ndr.de\/nachrichten\/niedersachsen\/lueneburg_heide_unterelbe\/drage-feuerwehr-rettet-geschwaechten-kranich-fridolin-aus-schutzgebiet,aktuelllueneburg-660.html\" target=\"_blank\" rel=\"noopener noreferrer\">berichtete<\/a> jedenfalls der <em>NDR<\/em> am 21. Oktober.\u00a0Der gestrandete Vogel sei &#8222;Fridolin&#8220; getauft und zum Aufp\u00e4ppeln in eine Auffangstation gebracht worden. F\u00fcr die Schw\u00e4chung wurde kein spezieller Grund genannt. Aber offenbar sei man von einem Vogelgrippefall ausgegangen.<\/p>\n<h5>Massenhafte Gefl\u00fcgel-Keulungen wegen 100 toten Kranichen in Norddeutschland mit unklaren Befunden<\/h5>\n<p>Man k\u00f6nnte die getroffenen Ma\u00dfnahmen und die ganzen Massent\u00f6tungen von Gefl\u00fcgel ja in Kauf nehmen, wenn der H5N1-Virus tats\u00e4chlich hochgradig ansteckend und gef\u00e4hrlich sei, schreibt Feistel weiter. Doch die Tatsachen spr\u00e4chen dagegen. Dazu erkl\u00e4rt er:<\/p>\n<p>&#8222;Die Zahl der betroffenen Tiere spricht allerdings dagegen. Denn selbst, wenn alle geborgenen V\u00f6gel tats\u00e4chlich an der Vogelgrippe gestorben sind \u2013 was nicht zwangsl\u00e4ufig der Fall sein muss \u2013, bewegt sich die Zahl bislang im unteren dreistelligen Bereich. Die von der Tagesschau berichteten &#8218;\u00fcber 1.000 Tiere&#8216; beruhen auf &#8218;Bef\u00fcrchtungen&#8216; der Beh\u00f6rden \u2013 und damit keinesfalls auf belastbaren Zahlen. Bei zehntausenden V\u00f6geln ist das eine doch recht geringe Zahl, welche die angebliche Gefahr durch den Erreger entkr\u00e4ftet.&#8220;<\/p>\n<p>Obendrein sei eine \u00dcbertragung des in Wildv\u00f6geln vorkommenden Virus auf Nutztiere bisher nie \u00fcberzeugend nachgewiesen worden. Dennoch wurden schon hunderttausende V\u00f6gel get\u00f6tet. In Mecklenburg-Vorpommern gab es in nur zwei Betrieben bereits 150.000 Keulungen. Der Journalist wies darauf hin, dass die Tiere ohne den kleinsten Hinweis auf eine Erkrankung einfach umgebracht werden:<\/p>\n<p>&#8222;Von einem Versterben der Tiere durch den Erreger ist bei solchen vermeintlichen Ausbr\u00fcchen auch nie die Rede. Die Tiere werden bei dem kleinsten Hinweis auf eine vermeintliche Vogelgrippe sofort massenhaft geschlachtet \u2013 ohne dass sie \u00fcberhaupt krank sein m\u00fcssen.&#8220;<\/p>\n<h5>Vogelgrippediagnose mit PCR-Tests<\/h5>\n<p>Diagnostiziert werde die Krankheit bei symptomlosen Tieren mittels PCR-Testungen. Dieser Test bringe verschiedene Probleme mit sich: Unter anderem k\u00f6nne der Test nicht zuverl\u00e4ssig zwischen unterschiedlichen Erregern differenzieren, er k\u00f6nne lebendes nicht von totem Erregermaterial unterscheiden und letztendlich dadurch auch keine Infektion nachweisen. &#8222;Der Test unterscheidet nicht zwischen Kontamination und Infektion.&#8220;<\/p>\n<p>Besonders problematisch sei dazu auch, dass bei toten V\u00f6geln keine Differentialdiagnostik stattfinde \u2013 also auf unterschiedliche Todesursachen ermittelt w\u00fcrde. Die 100 gefundenen toten Kraniche k\u00f6nnten ja auch an Umweltgiften, Pestiziden oder erh\u00f6hter Strahlung an Milit\u00e4r\u00fcbungspl\u00e4tzen sterben. Stattdessen werden hunderttausende von Nutztieren umgebracht. Kleinere und mittelgro\u00dfe Gefl\u00fcgelhalter m\u00fcssen ihre Freilandtiere einsperren. Weitere mRNA-Impfungen, einschlie\u00dflich selbstamplifizierender RNA, kommen zum Einsatz \u2012 mit unabsehbaren Folgen f\u00fcr das Erbgut von Mensch und Tier.<\/p>\n<p>Der \u00f6sterreichische Journalist Thomas Oysm\u00fcller\u00a0kritisiert die Vogelt\u00f6tungen als sinnlose &#8222;Vernichtungsmaschinerie&#8220;. Am Sonntag <a href=\"https:\/\/tkp.at\/2025\/10\/27\/vogelgrippe-die-tierquaelerei-bekommt-ein-gesicht\/\" target=\"_blank\" rel=\"noopener noreferrer\">formulierte<\/a>\u00a0er dazu unter der \u00dcberschrift &#8222;Vogelgrippe: Die Tierqu\u00e4lerei bekommt ein Gesicht&#8220;\u00a0auf dem Blog\u00a0<em>tkp<\/em>: &#8222;Weltweit sind j\u00e4hrlich 200 Millionen H\u00fchner, Enten und G\u00e4nse von der Vogelgrippe &#8218;betroffen&#8216;, beziehungsweise diagnostiziert. Millionenfach sterben die Tiere nicht an der Krankheit, sondern durch &#8218;prophylaktische&#8216; T\u00f6tung. Eine &#8218;Vernichtungsmaschinerie&#8216;, wie es Tierrechtsaktivisten formulieren \u2013 und das im Namen der von UN und EU propagierten &#8218;Gesundheitssicherheit&#8216;.<\/p>\n<p style=\"text-align: right;\"><em>Felicitas Rabe ist freie Journalistin und berichtete u.a. \u00fcber die <a href=\"https:\/\/www.freidenker.org\/?p=16200\" target=\"_blank\" rel=\"noopener\">Konferenz der Weltunion der Freidenker 2023<\/a><\/em><\/p>\n<hr \/>\n<p><span style=\"font-size: 10pt;\">Bild oben: Aufbrechende Kraniche bei Tagesanbruch in Mecklenburg<\/span><br \/>\n<span style=\"font-size: 10pt;\">Foto: Frank Liebig, <a href=\"https:\/\/creativecommons.org\/licenses\/by-sa\/3.0\/de\/deed.en\" target=\"_blank\" rel=\"noopener\">CC BY-SA 3.0 de<\/a><\/span><br \/>\n<span style=\"font-size: 10pt;\">Quelle: <a href=\"https:\/\/commons.wikimedia.org\/w\/index.php?curid=63431111\" target=\"_blank\" rel=\"noopener\">https:\/\/commons.wikimedia.org\/w\/index.php?curid=63431111<\/a><\/span><\/p>\n","protected":false},"excerpt":{"rendered":"<p><b>Von Felicitas Rabe<\/b><br \/>\nSeit ein paar Wochen grassiert in Deutschland wieder einmal die sogenannte Vogelgrippe. RT DE\u00a0berichtete dar\u00fcber. In einem Betrieb in Baden-W\u00fcrttemberg wurden vorsorglich 15.000 Tiere get\u00f6tet. Zwei Gefl\u00fcgelbetriebe im Landkreis M\u00e4rkisch-Oderland planen diesbez\u00fcglich die T\u00f6tung von rund 85.000 Tieren. W\u00e4hrend sich die einen offenbar mit der traurigen Tatsache von immer wiederkehrenden Vogelgrippen und den damit einhergehenden Massent\u00f6tungen von Gefl\u00fcgel abgefunden haben, gibt es dazu aber auch kritische Stimmen. [&#8230;} Der investigative Journalist Gerhard Wisnewski erinnert daran, dass bei der letzten angeblichen Vogelgrippe-Epidemie seitens der Experten nie nachgewiesen werden konnte, wie der Virus \u00fcber eine sogenannte Vogelflug-Autobahn angeblich nach Europa gekommen sein soll. <\/p>\n","protected":false},"author":3,"featured_media":23365,"comment_status":"closed","ping_status":"closed","sticky":false,"template":"","format":"standard","meta":{"colormag_page_container_layout":"default_layout","colormag_page_sidebar_layout":"default_layout","advanced_seo_description":"","jetpack_seo_html_title":"","jetpack_seo_noindex":false,"jetpack_post_was_ever_published":false,"footnotes":""},"categories":[11],"tags":[2840,2842,1339,2843,78,1257,1729,2651,2841,2300],"class_list":["post-23363","post","type-post","status-publish","format-standard","has-post-thumbnail","hentry","category-arbeit-soziales","tag-epidemie","tag-infektion","tag-infektionsschutzgesetz","tag-kontamination","tag-naturschutz","tag-pandemie","tag-tiere","tag-toeten","tag-virus","tag-vogelgrippe"],"jetpack_featured_media_url":"https:\/\/i0.wp.com\/www.freidenker.org\/fw17\/wp-content\/uploads\/2025\/10\/Aufbruch_EO5P2268-2_800x450.jpg?fit=800%2C450&ssl=1","jetpack_shortlink":"https:\/\/wp.me\/p9stpK-64P","jetpack-related-posts":[{"id":19732,"url":"https:\/\/www.freidenker.org\/?p=19732","url_meta":{"origin":23363,"position":0},"title":"Abschaffung der Tierhaltung durch die Hintert\u00fcr: Am Beispiel Vogelgrippe","author":"Webredaktion","date":"18. August 2024","format":false,"excerpt":"Podcast von Sabiene Jahn - Interview mit Doris Schr\u00f6der Ob Tierhalter, Landwirt oder Verbraucher \u2013 wir alle unterliegen politischen Entscheidungen. Bereits jetzt merken wir die Konsequenzen: Mehr Vorgaben, mehr B\u00fcrokratie und mehr \u00dcberwachung in der (privaten) Nutztierhaltung, aber auch bei Katze, Hund und Pferd. Die Landwirtschaft wird unwirtschaftlich.\u00a0Landwirtschaftliche Erzeugnisse werden\u2026","rel":"","context":"In &quot;Demokratie \u2013 Medien \u2013 Aufkl\u00e4rung&quot;","block_context":{"text":"Demokratie \u2013 Medien \u2013 Aufkl\u00e4rung","link":"https:\/\/www.freidenker.org\/?cat=12"},"img":{"alt_text":"","src":"https:\/\/i0.wp.com\/www.freidenker.org\/fw17\/wp-content\/uploads\/2024\/08\/Sabiene_Jahn_Vogelgrippe_800x450.jpg?fit=800%2C450&ssl=1&resize=350%2C200","width":350,"height":200,"srcset":"https:\/\/i0.wp.com\/www.freidenker.org\/fw17\/wp-content\/uploads\/2024\/08\/Sabiene_Jahn_Vogelgrippe_800x450.jpg?fit=800%2C450&ssl=1&resize=350%2C200 1x, https:\/\/i0.wp.com\/www.freidenker.org\/fw17\/wp-content\/uploads\/2024\/08\/Sabiene_Jahn_Vogelgrippe_800x450.jpg?fit=800%2C450&ssl=1&resize=525%2C300 1.5x, https:\/\/i0.wp.com\/www.freidenker.org\/fw17\/wp-content\/uploads\/2024\/08\/Sabiene_Jahn_Vogelgrippe_800x450.jpg?fit=800%2C450&ssl=1&resize=700%2C400 2x"},"classes":[]},{"id":22486,"url":"https:\/\/www.freidenker.org\/?p=22486","url_meta":{"origin":23363,"position":1},"title":"Wie sich die BRICS-Frauenallianz f\u00fcr eine gerechtere Weltwirtschaft einsetzt","author":"Webredaktion","date":"30. Juli 2025","format":false,"excerpt":"Interview von Felicitas Rabe mit Monica Monteiro Vor f\u00fcnf Jahren, am 20. Juli 2020, wurde im Rahmen des russischen BRICS-Vorsitzes die BRICS Frauen Wirtschaftsallianz gegr\u00fcndet. Seitdem f\u00fchrt die BRICS Women Business Alliance (WBA) regelm\u00e4\u00dfig eigene Veranstaltungen durch. Vom 3. bis 5. Juli fand w\u00e4hrend des internationalen BRICS-Gipfels in Rio de\u2026","rel":"","context":"In &quot;Arbeit &amp; Soziales&quot;","block_context":{"text":"Arbeit &amp; Soziales","link":"https:\/\/www.freidenker.org\/?cat=11"},"img":{"alt_text":"","src":"https:\/\/i0.wp.com\/www.freidenker.org\/fw17\/wp-content\/uploads\/2025\/07\/brics_wba_01_800x450.jpg?fit=800%2C450&ssl=1&resize=350%2C200","width":350,"height":200,"srcset":"https:\/\/i0.wp.com\/www.freidenker.org\/fw17\/wp-content\/uploads\/2025\/07\/brics_wba_01_800x450.jpg?fit=800%2C450&ssl=1&resize=350%2C200 1x, https:\/\/i0.wp.com\/www.freidenker.org\/fw17\/wp-content\/uploads\/2025\/07\/brics_wba_01_800x450.jpg?fit=800%2C450&ssl=1&resize=525%2C300 1.5x, https:\/\/i0.wp.com\/www.freidenker.org\/fw17\/wp-content\/uploads\/2025\/07\/brics_wba_01_800x450.jpg?fit=800%2C450&ssl=1&resize=700%2C400 2x"},"classes":[]},{"id":18649,"url":"https:\/\/www.freidenker.org\/?p=18649","url_meta":{"origin":23363,"position":2},"title":"Verfassungsrechtler: Heuchlerische Aufarbeitung der Corona-Ma\u00dfnahmen von Politikern und Medien","author":"Webredaktion","date":"31. M\u00e4rz 2024","format":false,"excerpt":"Beitrag von Felicitas Rabe Der ehemalige nordrhein-westf\u00e4lische Ministerpr\u00e4sident Armin Laschet hofft, dass man die Spaltung der Gesellschaft nach der COVID-19-Pandemie \u00fcberwinden kann. Im Interview mit dem ZDF heute-journal erkl\u00e4rte er am Sonntag, in einer neuen Dialogkultur m\u00fcssten Politiker und Medien Fehler eingestehen und andere Meinungen respektieren. Das gelte nicht nur\u2026","rel":"","context":"In &quot;Demokratie \u2013 Medien \u2013 Aufkl\u00e4rung&quot;","block_context":{"text":"Demokratie \u2013 Medien \u2013 Aufkl\u00e4rung","link":"https:\/\/www.freidenker.org\/?cat=12"},"img":{"alt_text":"","src":"https:\/\/i0.wp.com\/www.freidenker.org\/fw17\/wp-content\/uploads\/2024\/03\/demo_magdeburg_rabe_800x450.jpg?fit=800%2C450&ssl=1&resize=350%2C200","width":350,"height":200,"srcset":"https:\/\/i0.wp.com\/www.freidenker.org\/fw17\/wp-content\/uploads\/2024\/03\/demo_magdeburg_rabe_800x450.jpg?fit=800%2C450&ssl=1&resize=350%2C200 1x, https:\/\/i0.wp.com\/www.freidenker.org\/fw17\/wp-content\/uploads\/2024\/03\/demo_magdeburg_rabe_800x450.jpg?fit=800%2C450&ssl=1&resize=525%2C300 1.5x, https:\/\/i0.wp.com\/www.freidenker.org\/fw17\/wp-content\/uploads\/2024\/03\/demo_magdeburg_rabe_800x450.jpg?fit=800%2C450&ssl=1&resize=700%2C400 2x"},"classes":[]},{"id":22878,"url":"https:\/\/www.freidenker.org\/?p=22878","url_meta":{"origin":23363,"position":3},"title":"Juraprofessor: Verhaftung des Pianisten Arne Schmitt ist Verh\u00f6hnung des Rechtsstaats","author":"Webredaktion","date":"18. September 2025","format":false,"excerpt":"Beitrag von Felicitas Rabe Sieht so die juristische Corona-Aufarbeitung in Deutschland aus? Der Musiker Arne Schmitt hatte auf coronakritischen Demonstrationen Klavierkonzerte gegeben. Er steht nun wegen angeblichen Landfriedensbruchs vor Gericht. Am zw\u00f6lften Prozesstag wurde er nun in Untersuchungshaft genommen. Bis zum Fr\u00fchjahr 2020 war Arne Schmitt ein K\u00fcnstler, der mit\u2026","rel":"","context":"In &quot;Demokratie \u2013 Medien \u2013 Aufkl\u00e4rung&quot;","block_context":{"text":"Demokratie \u2013 Medien \u2013 Aufkl\u00e4rung","link":"https:\/\/www.freidenker.org\/?cat=12"},"img":{"alt_text":"","src":"https:\/\/i0.wp.com\/www.freidenker.org\/fw17\/wp-content\/uploads\/2025\/09\/arne_schmidt_piano_berlin_800x450.jpg?fit=800%2C450&ssl=1&resize=350%2C200","width":350,"height":200,"srcset":"https:\/\/i0.wp.com\/www.freidenker.org\/fw17\/wp-content\/uploads\/2025\/09\/arne_schmidt_piano_berlin_800x450.jpg?fit=800%2C450&ssl=1&resize=350%2C200 1x, https:\/\/i0.wp.com\/www.freidenker.org\/fw17\/wp-content\/uploads\/2025\/09\/arne_schmidt_piano_berlin_800x450.jpg?fit=800%2C450&ssl=1&resize=525%2C300 1.5x, https:\/\/i0.wp.com\/www.freidenker.org\/fw17\/wp-content\/uploads\/2025\/09\/arne_schmidt_piano_berlin_800x450.jpg?fit=800%2C450&ssl=1&resize=700%2C400 2x"},"classes":[]},{"id":21538,"url":"https:\/\/www.freidenker.org\/?p=21538","url_meta":{"origin":23363,"position":4},"title":"Falsche Redner eingeladen: Ostermarsch D\u00fcsseldorf von Friedensbewegung Rhein-Ruhr ausgegrenzt","author":"Webredaktion","date":"28. April 2025","format":false,"excerpt":"Beitrag von Felicitas Rabe Organisiert vom Friedensforum D\u00fcsseldorf fand am Samstag der traditionelle D\u00fcsseldorfer Ostermarsch statt. Unter dem Motto \"Kriegst\u00fcchtig? Nicht mit uns!\" beteiligten sich am Samstag rund 700 Friedensaktivisten am D\u00fcsseldorfer Ostermarsch, darunter Bef\u00fcrworter und Mitglieder der pal\u00e4stinensischen Allianz NRW, der Assange-Gruppe D\u00fcsseldorf, der DKP, des B\u00fcndnisses Sahra Wagenknecht,\u2026","rel":"","context":"In &quot;Demokratie \u2013 Medien \u2013 Aufkl\u00e4rung&quot;","block_context":{"text":"Demokratie \u2013 Medien \u2013 Aufkl\u00e4rung","link":"https:\/\/www.freidenker.org\/?cat=12"},"img":{"alt_text":"","src":"https:\/\/i0.wp.com\/www.freidenker.org\/fw17\/wp-content\/uploads\/2025\/04\/Ostermarsch-Duesseldorf-2025_800x450.jpg?fit=800%2C450&ssl=1&resize=350%2C200","width":350,"height":200,"srcset":"https:\/\/i0.wp.com\/www.freidenker.org\/fw17\/wp-content\/uploads\/2025\/04\/Ostermarsch-Duesseldorf-2025_800x450.jpg?fit=800%2C450&ssl=1&resize=350%2C200 1x, https:\/\/i0.wp.com\/www.freidenker.org\/fw17\/wp-content\/uploads\/2025\/04\/Ostermarsch-Duesseldorf-2025_800x450.jpg?fit=800%2C450&ssl=1&resize=525%2C300 1.5x, https:\/\/i0.wp.com\/www.freidenker.org\/fw17\/wp-content\/uploads\/2025\/04\/Ostermarsch-Duesseldorf-2025_800x450.jpg?fit=800%2C450&ssl=1&resize=700%2C400 2x"},"classes":[]},{"id":16277,"url":"https:\/\/www.freidenker.org\/?p=16277","url_meta":{"origin":23363,"position":5},"title":"WHO-Google-Vereinbarung zum weltweiten &#8222;Schutz vor Desinformation&#8220;","author":"Webredaktion","date":"9. Juni 2023","format":false,"excerpt":"Analyse von Felicitas Rabe Laut der Weltgesundheitsorganisation f\u00fchre die Verbreitung von Fehlinformationen zu einer bedrohlichen \"Infodemie\". Die WHO-Initiative \"Wehrhaftigkeit gegen\u00fcber neuen Bedrohungen\" (Preparedness and Resilience for Emerging Threats) PRET behauptet, so eine Infodemie stelle selbst dann eine Bedrohung dar, wenn die Informationen \"korrekt\" seien. In einer umfassenden Analyse auf Global\u2026","rel":"","context":"In &quot;Demokratie \u2013 Medien \u2013 Aufkl\u00e4rung&quot;","block_context":{"text":"Demokratie \u2013 Medien \u2013 Aufkl\u00e4rung","link":"https:\/\/www.freidenker.org\/?cat=12"},"img":{"alt_text":"","src":"https:\/\/i0.wp.com\/www.freidenker.org\/fw17\/wp-content\/uploads\/2023\/06\/demo_aug2021_rabe_800x450.jpg?fit=800%2C450&ssl=1&resize=350%2C200","width":350,"height":200,"srcset":"https:\/\/i0.wp.com\/www.freidenker.org\/fw17\/wp-content\/uploads\/2023\/06\/demo_aug2021_rabe_800x450.jpg?fit=800%2C450&ssl=1&resize=350%2C200 1x, https:\/\/i0.wp.com\/www.freidenker.org\/fw17\/wp-content\/uploads\/2023\/06\/demo_aug2021_rabe_800x450.jpg?fit=800%2C450&ssl=1&resize=525%2C300 1.5x, https:\/\/i0.wp.com\/www.freidenker.org\/fw17\/wp-content\/uploads\/2023\/06\/demo_aug2021_rabe_800x450.jpg?fit=800%2C450&ssl=1&resize=700%2C400 2x"},"classes":[]}],"_links":{"self":[{"href":"https:\/\/www.freidenker.org\/index.php?rest_route=\/wp\/v2\/posts\/23363","targetHints":{"allow":["GET"]}}],"collection":[{"href":"https:\/\/www.freidenker.org\/index.php?rest_route=\/wp\/v2\/posts"}],"about":[{"href":"https:\/\/www.freidenker.org\/index.php?rest_route=\/wp\/v2\/types\/post"}],"author":[{"embeddable":true,"href":"https:\/\/www.freidenker.org\/index.php?rest_route=\/wp\/v2\/users\/3"}],"replies":[{"embeddable":true,"href":"https:\/\/www.freidenker.org\/index.php?rest_route=%2Fwp%2Fv2%2Fcomments&post=23363"}],"version-history":[{"count":2,"href":"https:\/\/www.freidenker.org\/index.php?rest_route=\/wp\/v2\/posts\/23363\/revisions"}],"predecessor-version":[{"id":23366,"href":"https:\/\/www.freidenker.org\/index.php?rest_route=\/wp\/v2\/posts\/23363\/revisions\/23366"}],"wp:featuredmedia":[{"embeddable":true,"href":"https:\/\/www.freidenker.org\/index.php?rest_route=\/wp\/v2\/media\/23365"}],"wp:attachment":[{"href":"https:\/\/www.freidenker.org\/index.php?rest_route=%2Fwp%2Fv2%2Fmedia&parent=23363"}],"wp:term":[{"taxonomy":"category","embeddable":true,"href":"https:\/\/www.freidenker.org\/index.php?rest_route=%2Fwp%2Fv2%2Fcategories&post=23363"},{"taxonomy":"post_tag","embeddable":true,"href":"https:\/\/www.freidenker.org\/index.php?rest_route=%2Fwp%2Fv2%2Ftags&post=23363"}],"curies":[{"name":"wp","href":"https:\/\/api.w.org\/{rel}","templated":true}]}}