{"id":23348,"date":"2025-10-29T23:29:38","date_gmt":"2025-10-29T22:29:38","guid":{"rendered":"https:\/\/www.freidenker.org\/?p=23348"},"modified":"2025-11-15T17:48:32","modified_gmt":"2025-11-15T16:48:32","slug":"dr-artur-pech-marx-engels-ueber-migration","status":"publish","type":"post","link":"https:\/\/www.freidenker.org\/?p=23348","title":{"rendered":"Dr. Artur Pech: Marx &#038; Engels \u00fcber Migration"},"content":{"rendered":"<h4>oder Klassenanalyse vs. b\u00fcrgerlicher Moralismus &#8211; Einf\u00fchrung f\u00fcr den politischen Gebrauch<\/h4>\n<p><em>Video eines Vortrages von <strong>Dr. Artur Pech<\/strong><\/em><\/p>\n<p><span style=\"font-size: 10pt;\">gehalten auf einer Veranstaltung des Deutschen Freidenker-Verbandes e.V. &#8211; Ortsverband N\u00fcrnberg\/Franken <\/span><span style=\"font-size: 10pt;\">am 10. Oktober 2025 im Nachbarschaftshaus Gostenhof in N\u00fcrnberg<\/span><\/p>\n<p>Solidarit\u00e4t mit Menschen, die migrieren, bleibt unsere Position. Damit ist die Frage nach Ursachen und Wirkungen der Migration aber nicht erledigt. Die in den aktuellen Debatten angebotenen L\u00f6sungen \u2013 oder klarer eben fehlenden L\u00f6sungen \u2013 veranlassten Dr. Artur Pech, Marx und Engels zu befragen und die daraus folgende Entwicklung veranlasst ihn, diese Arbeit weiterzuf\u00fchren.<\/p>\n<p>Er beschr\u00e4nkt sich nicht nur darauf, die Auffassungen von Marx und Engels zu Fragen der Ein- und Auswanderung zu referieren, sondern wendet heute ihre Methoden auf die aktuellen Schlagworte der Migrationsdebatte an.<\/p>\n<p>Eine Eigenheit aktueller linker Debatten zur Migration gibt Anlass, hier einzuf\u00fcgen: \u00bbDer Zynismus liegt in der Sache und nicht in den Worten, welche die Sache bezeichnen.\u00ab Der Migration ist moralisierend nicht beizukommen.<\/p>\n<p>Auch hier gilt: \u00bbWas ihr f\u00fcr recht oder gerecht erachtet, steht nicht in Frage. Die Frage ist: Was ist bei einem gegebnen Produktionssystem notwendig und unvermeidlich?\u00ab (Karl Marx, 1865, Lohn, Preis, Profit, MEW 16, S.132)<\/p>\n<div class=\"jetpack-video-wrapper\"><span class=\"embed-youtube\" style=\"text-align:center; display: block;\"><iframe loading=\"lazy\" class=\"youtube-player\" width=\"800\" height=\"450\" src=\"https:\/\/www.youtube.com\/embed\/zPKfHPP7CA0?version=3&#038;rel=1&#038;showsearch=0&#038;showinfo=1&#038;iv_load_policy=1&#038;fs=1&#038;hl=de-DE&#038;autohide=2&#038;wmode=transparent\" allowfullscreen=\"true\" style=\"border:0;\" sandbox=\"allow-scripts allow-same-origin allow-popups allow-presentation allow-popups-to-escape-sandbox\"><\/iframe><\/span><\/div>\n<p><span style=\"font-size: 10pt;\">Direktlink zum Video von Krisz Webber auf YouTube: <a href=\"https:\/\/www.youtube.com\/watch?v=zPKfHPP7CA0\" target=\"_blank\" rel=\"noopener\">https:\/\/www.youtube.com\/watch?v=zPKfHPP7CA0<\/a><\/span><\/p>\n<p>&nbsp;<\/p>\n<p style=\"text-align: right;\"><em>Dr. Artur Pech, Diplomgesellschaftswissenschaftler, promoviert zu den Vorstellungen der BRD \u00fcber einen m\u00f6glichen Krieg, habilitiert \u00fcber Fragen des Grenzregimes, Mitinitiator des Karl-Liebknecht-Kreises in Brandenburg. Mitherausgeber der Zeitschrift \u201eMarxistische Bl\u00e4tter\u201c.<\/em><\/p>\n<hr \/>\n<p><span style=\"font-size: 10pt;\">Bild oben: Screenshot aus dem Video auf YouTube (Ausschnitt)<\/span><\/p>\n","protected":false},"excerpt":{"rendered":"<p><b>oder Klassenanalyse vs. b\u00fcrgerlicher Moralismus &#8211; Einf\u00fchrung f\u00fcr den politischen Gebrauch<\/b><br \/>\n<b>Video eines Vortrages von Dr. Artur Pech<\/b>, gehalten auf einer Veranstaltung des Deutschen Freidenker-Verbandes e.V. &#8211; Ortsverband N\u00fcrnberg\/Franken am 10. Oktober 2025 in N\u00fcrnberg<br \/>\nSolidarit\u00e4t mit Menschen, die migrieren, bleibt unsere Position. Damit ist die Frage nach Ursachen und Wirkungen der Migration aber nicht erledigt. Die in den aktuellen Debatten angebotenen L\u00f6sungen \u2013 oder klarer eben fehlenden L\u00f6sungen \u2013 veranlassten Dr. Artur Pech, Marx und Engels zu befragen und die daraus folgende Entwicklung veranlasst ihn, diese Arbeit weiterzuf\u00fchren. Er beschr\u00e4nkt sich nicht nur darauf, die Auffassungen von Marx und Engels zu Fragen der Ein- und Auswanderung zu referieren, sondern wendet heute ihre Methoden auf die aktuellen Schlagworte der Migrationsdebatte an.<\/p>\n","protected":false},"author":3,"featured_media":23349,"comment_status":"closed","ping_status":"closed","sticky":false,"template":"","format":"standard","meta":{"colormag_page_container_layout":"default_layout","colormag_page_sidebar_layout":"default_layout","advanced_seo_description":"","jetpack_seo_html_title":"","jetpack_seo_noindex":false,"jetpack_post_was_ever_published":false,"footnotes":""},"categories":[13,19],"tags":[2412,778,534,496,1034,403,2839,506,344,1673,1524],"class_list":["post-23348","post","type-post","status-publish","format-standard","has-post-thumbnail","hentry","category-frieden-antifaschismus-solidaritaet","category-veranstaltungen-in-den-dfv-landesverbaenden","tag-debatte","tag-ethik-und-moral","tag-friedrich-engels","tag-karl-marx","tag-marxismus","tag-migration","tag-moralismus","tag-nuernberg","tag-solidaritaet","tag-video","tag-vortrag"],"jetpack_featured_media_url":"https:\/\/i0.wp.com\/www.freidenker.org\/fw17\/wp-content\/uploads\/2025\/10\/pech_migration_cropped_800x450.jpg?fit=800%2C450&ssl=1","jetpack_shortlink":"https:\/\/wp.me\/p9stpK-64A","jetpack-related-posts":[{"id":14585,"url":"https:\/\/www.freidenker.org\/?p=14585","url_meta":{"origin":23348,"position":0},"title":"Marx und Engels \u00fcber das Verh\u00e4ltnis von Mensch und Natur","author":"Webredaktion","date":"4. November 2022","format":false,"excerpt":"Themenabend - Freitag, 11. November 2022 um 19.30 Uhr, Villa Leon, N\u00fcrnberg Referent: Richard Dollinger \u201eUns so werden wir mit jedem Schritt daran erinnert, da\u00df wir keineswegs die Natur beherrschen, wie ein Eroberer ein fremdes Volk beherrscht, wie jemand der au\u00dferhalb der Natur steht.\u201c [Friedrich Engels, Dialektik der Natur] Der\u2026","rel":"","context":"In &quot;Veranstaltungen in den DFV-Landesverb\u00e4nden&quot;","block_context":{"text":"Veranstaltungen in den DFV-Landesverb\u00e4nden","link":"https:\/\/www.freidenker.org\/?cat=19"},"img":{"alt_text":"","src":"https:\/\/i0.wp.com\/www.freidenker.org\/fw17\/wp-content\/uploads\/2022\/11\/Berlin_-_Marx-Engels-Forum_1_800x450.jpg?fit=800%2C450&ssl=1&resize=350%2C200","width":350,"height":200,"srcset":"https:\/\/i0.wp.com\/www.freidenker.org\/fw17\/wp-content\/uploads\/2022\/11\/Berlin_-_Marx-Engels-Forum_1_800x450.jpg?fit=800%2C450&ssl=1&resize=350%2C200 1x, https:\/\/i0.wp.com\/www.freidenker.org\/fw17\/wp-content\/uploads\/2022\/11\/Berlin_-_Marx-Engels-Forum_1_800x450.jpg?fit=800%2C450&ssl=1&resize=525%2C300 1.5x, https:\/\/i0.wp.com\/www.freidenker.org\/fw17\/wp-content\/uploads\/2022\/11\/Berlin_-_Marx-Engels-Forum_1_800x450.jpg?fit=800%2C450&ssl=1&resize=700%2C400 2x"},"classes":[]},{"id":14186,"url":"https:\/\/www.freidenker.org\/?p=14186","url_meta":{"origin":23348,"position":1},"title":"Der Mensch schuf Gott nach seinem Bilde","author":"Webredaktion","date":"20. September 2022","format":false,"excerpt":"Beitrag von Reinhold Brunner und Referat von Walter Schmid Am 13. September 2022 j\u00e4hrt sich der Todestag von Ludwig Andreas Feuerbach zum 150. Male. Von 1859 bis zu seinem Tode 1872 lebte der Philosoph und Anthropologe im heutigen Stadtteil Rechenberg in N\u00fcrnberg. Seine Werke waren f\u00fcr die deutsche Philosophie und\u2026","rel":"","context":"In &quot;Religions- &amp; Kirchenkritik, S\u00e4kulare Szene&quot;","block_context":{"text":"Religions- &amp; Kirchenkritik, S\u00e4kulare Szene","link":"https:\/\/www.freidenker.org\/?cat=15"},"img":{"alt_text":"","src":"https:\/\/i0.wp.com\/www.freidenker.org\/fw17\/wp-content\/uploads\/2022\/09\/Ludwig_Andreas_Feuerbach_800x450.jpg?fit=800%2C450&ssl=1&resize=350%2C200","width":350,"height":200,"srcset":"https:\/\/i0.wp.com\/www.freidenker.org\/fw17\/wp-content\/uploads\/2022\/09\/Ludwig_Andreas_Feuerbach_800x450.jpg?fit=800%2C450&ssl=1&resize=350%2C200 1x, https:\/\/i0.wp.com\/www.freidenker.org\/fw17\/wp-content\/uploads\/2022\/09\/Ludwig_Andreas_Feuerbach_800x450.jpg?fit=800%2C450&ssl=1&resize=525%2C300 1.5x, https:\/\/i0.wp.com\/www.freidenker.org\/fw17\/wp-content\/uploads\/2022\/09\/Ludwig_Andreas_Feuerbach_800x450.jpg?fit=800%2C450&ssl=1&resize=700%2C400 2x"},"classes":[]},{"id":17687,"url":"https:\/\/www.freidenker.org\/?p=17687","url_meta":{"origin":23348,"position":2},"title":"Der neue Haushalt wird den sozialen Anstrich der BRD abkratzen","author":"Webredaktion","date":"28. Dezember 2023","format":false,"excerpt":"Video-Interview von Dr. Diether Dehm mit Dr. Manfred Sohn Dr. Manfred Sohn (Vorsitzender der Marx-Engels-Stiftung) gibt seine Einsch\u00e4tzung zum Haushaltskompromiss der Ampel-Regierung und beschreibt warum dies den Sozialstaat weiter und beschleunigt abbauen wird. Dr. Manfred Sohn: \u201eDiese Bundesregierung bietet der deutschen Bev\u00f6lkerung f\u00fcr die Zukunft zwei Punkte an: 1. Mehr\u2026","rel":"","context":"In &quot;Arbeit &amp; Soziales&quot;","block_context":{"text":"Arbeit &amp; Soziales","link":"https:\/\/www.freidenker.org\/?cat=11"},"img":{"alt_text":"","src":"https:\/\/i0.wp.com\/www.freidenker.org\/fw17\/wp-content\/uploads\/2023\/12\/Dehm_Sohn_800x450.jpg?fit=800%2C450&ssl=1&resize=350%2C200","width":350,"height":200,"srcset":"https:\/\/i0.wp.com\/www.freidenker.org\/fw17\/wp-content\/uploads\/2023\/12\/Dehm_Sohn_800x450.jpg?fit=800%2C450&ssl=1&resize=350%2C200 1x, https:\/\/i0.wp.com\/www.freidenker.org\/fw17\/wp-content\/uploads\/2023\/12\/Dehm_Sohn_800x450.jpg?fit=800%2C450&ssl=1&resize=525%2C300 1.5x, https:\/\/i0.wp.com\/www.freidenker.org\/fw17\/wp-content\/uploads\/2023\/12\/Dehm_Sohn_800x450.jpg?fit=800%2C450&ssl=1&resize=700%2C400 2x"},"classes":[]},{"id":733,"url":"https:\/\/www.freidenker.org\/?p=733","url_meta":{"origin":23348,"position":3},"title":"FREIDENKER 4-10 &#8211; Friedrich Engels 1820-1895","author":"Webmaster","date":"16. Dezember 2010","format":false,"excerpt":"Die Ausgabe 4-10 des Verbandsorgans FREIDENKER hat das Schwerpunkt-Thema \u201eFriedrich Engels 1820-1895\u201c und enth\u00e4lt u.a folgende Beitr\u00e4ge: - Horst Schild: Kann wissenschaftlicher Fortschritt den Atheismus infrage stellen - Helga E. H\u00f6rz\/Herbert H\u00f6rz: Seelsorge: ein Monopol f\u00fcr Religionen? - Erich Hahn: Wissenschaftlicher Sozialismus - Rainer Thiel: Friedrich Engels und die Dialektik\u2026","rel":"","context":"In &quot;Verbandsorgan FREIDENKER&quot;","block_context":{"text":"Verbandsorgan FREIDENKER","link":"https:\/\/www.freidenker.org\/?cat=8"},"img":{"alt_text":"","src":"https:\/\/i0.wp.com\/www.freidenker.org\/fw17\/wp-content\/uploads\/2017\/12\/FD_2010-04_Titel_mR.jpg?fit=800%2C445&ssl=1&resize=350%2C200","width":350,"height":200,"srcset":"https:\/\/i0.wp.com\/www.freidenker.org\/fw17\/wp-content\/uploads\/2017\/12\/FD_2010-04_Titel_mR.jpg?fit=800%2C445&ssl=1&resize=350%2C200 1x, https:\/\/i0.wp.com\/www.freidenker.org\/fw17\/wp-content\/uploads\/2017\/12\/FD_2010-04_Titel_mR.jpg?fit=800%2C445&ssl=1&resize=525%2C300 1.5x, https:\/\/i0.wp.com\/www.freidenker.org\/fw17\/wp-content\/uploads\/2017\/12\/FD_2010-04_Titel_mR.jpg?fit=800%2C445&ssl=1&resize=700%2C400 2x"},"classes":[]},{"id":5666,"url":"https:\/\/www.freidenker.org\/?p=5666","url_meta":{"origin":23348,"position":4},"title":"Solidarit\u00e9!  Solidarit\u00e4t mit den Gelbwesten!","author":"Webredaktion","date":"23. Dezember 2018","format":false,"excerpt":"Aufruf zur Solidarit\u00e4tskundgebung am 29. Dezember 2018 um 13.00 Uhr am Brandenburger Tor in Berlin In Erw\u00e4gung, dass der Protest der Gelbwesten \u2013 der \u201eGilets jaunes\u201c \u2013 sich gegen die Superreichen und Kriegstreiber in Frankreich richtet. In Erw\u00e4gung, dass dieser Widerstand sich gleichzeitig gegen die EU richtet \u2013 gegen das\u2026","rel":"","context":"In &quot;Frieden - Antifaschismus - Solidarit\u00e4t&quot;","block_context":{"text":"Frieden - Antifaschismus - Solidarit\u00e4t","link":"https:\/\/www.freidenker.org\/?cat=13"},"img":{"alt_text":"","src":"https:\/\/i0.wp.com\/www.freidenker.org\/fw17\/wp-content\/uploads\/2018\/12\/Visual-Gelbwesten-Kundgebung-2018-XL_800x445.jpg?fit=800%2C445&ssl=1&resize=350%2C200","width":350,"height":200,"srcset":"https:\/\/i0.wp.com\/www.freidenker.org\/fw17\/wp-content\/uploads\/2018\/12\/Visual-Gelbwesten-Kundgebung-2018-XL_800x445.jpg?fit=800%2C445&ssl=1&resize=350%2C200 1x, https:\/\/i0.wp.com\/www.freidenker.org\/fw17\/wp-content\/uploads\/2018\/12\/Visual-Gelbwesten-Kundgebung-2018-XL_800x445.jpg?fit=800%2C445&ssl=1&resize=525%2C300 1.5x, https:\/\/i0.wp.com\/www.freidenker.org\/fw17\/wp-content\/uploads\/2018\/12\/Visual-Gelbwesten-Kundgebung-2018-XL_800x445.jpg?fit=800%2C445&ssl=1&resize=700%2C400 2x"},"classes":[]},{"id":4831,"url":"https:\/\/www.freidenker.org\/?p=4831","url_meta":{"origin":23348,"position":5},"title":"Einladung: B\u00fcndnisse \u2013 f\u00fcr welche Ziele und mit wem?","author":"Webredaktion","date":"20. M\u00e4rz 2018","format":false,"excerpt":"Einladung zu einem Referat und zur Diskussion mit Andreas Wehr am 24.03.2018 in der Jugendherberge Magdeburg \u201cGemeinsam sind wir stark\u201c, \u201eSolidarit\u00e4t ist unsere Kraft\u201c \u2013 solche Losungen sind keine Floskeln oder Gemeinpl\u00e4tze, sie sind Ausdruck der Erfahrung der Arbeiterbewegung. Bei linken und demokratischen Organisationen ist es \u201eim Prinzip\u201c unumstritten, dass\u2026","rel":"","context":"In &quot;Frieden - Antifaschismus - Solidarit\u00e4t&quot;","block_context":{"text":"Frieden - Antifaschismus - Solidarit\u00e4t","link":"https:\/\/www.freidenker.org\/?cat=13"},"img":{"alt_text":"","src":"https:\/\/i0.wp.com\/www.freidenker.org\/fw17\/wp-content\/uploads\/2018\/03\/together-2450090_800x445.jpg?fit=800%2C445&ssl=1&resize=350%2C200","width":350,"height":200,"srcset":"https:\/\/i0.wp.com\/www.freidenker.org\/fw17\/wp-content\/uploads\/2018\/03\/together-2450090_800x445.jpg?fit=800%2C445&ssl=1&resize=350%2C200 1x, https:\/\/i0.wp.com\/www.freidenker.org\/fw17\/wp-content\/uploads\/2018\/03\/together-2450090_800x445.jpg?fit=800%2C445&ssl=1&resize=525%2C300 1.5x, https:\/\/i0.wp.com\/www.freidenker.org\/fw17\/wp-content\/uploads\/2018\/03\/together-2450090_800x445.jpg?fit=800%2C445&ssl=1&resize=700%2C400 2x"},"classes":[]}],"_links":{"self":[{"href":"https:\/\/www.freidenker.org\/index.php?rest_route=\/wp\/v2\/posts\/23348","targetHints":{"allow":["GET"]}}],"collection":[{"href":"https:\/\/www.freidenker.org\/index.php?rest_route=\/wp\/v2\/posts"}],"about":[{"href":"https:\/\/www.freidenker.org\/index.php?rest_route=\/wp\/v2\/types\/post"}],"author":[{"embeddable":true,"href":"https:\/\/www.freidenker.org\/index.php?rest_route=\/wp\/v2\/users\/3"}],"replies":[{"embeddable":true,"href":"https:\/\/www.freidenker.org\/index.php?rest_route=%2Fwp%2Fv2%2Fcomments&post=23348"}],"version-history":[{"count":1,"href":"https:\/\/www.freidenker.org\/index.php?rest_route=\/wp\/v2\/posts\/23348\/revisions"}],"predecessor-version":[{"id":23350,"href":"https:\/\/www.freidenker.org\/index.php?rest_route=\/wp\/v2\/posts\/23348\/revisions\/23350"}],"wp:featuredmedia":[{"embeddable":true,"href":"https:\/\/www.freidenker.org\/index.php?rest_route=\/wp\/v2\/media\/23349"}],"wp:attachment":[{"href":"https:\/\/www.freidenker.org\/index.php?rest_route=%2Fwp%2Fv2%2Fmedia&parent=23348"}],"wp:term":[{"taxonomy":"category","embeddable":true,"href":"https:\/\/www.freidenker.org\/index.php?rest_route=%2Fwp%2Fv2%2Fcategories&post=23348"},{"taxonomy":"post_tag","embeddable":true,"href":"https:\/\/www.freidenker.org\/index.php?rest_route=%2Fwp%2Fv2%2Ftags&post=23348"}],"curies":[{"name":"wp","href":"https:\/\/api.w.org\/{rel}","templated":true}]}}