{"id":23345,"date":"2025-10-29T23:29:34","date_gmt":"2025-10-29T22:29:34","guid":{"rendered":"https:\/\/www.freidenker.org\/?p=23345"},"modified":"2025-11-15T17:48:22","modified_gmt":"2025-11-15T16:48:22","slug":"streit-um-russische-vermoegenswerte-blockiert-bruesseler-finanzplan","status":"publish","type":"post","link":"https:\/\/www.freidenker.org\/?p=23345","title":{"rendered":"Streit um russische Verm\u00f6genswerte blockiert Br\u00fcsseler Finanzplan"},"content":{"rendered":"<p><strong>Br\u00fcssel im D\u00e9j\u00e0-vu-Modus: Die EU ringt um Wettbewerbsf\u00e4higkeit, Milliarden f\u00fcr Kiew und neue Sanktionen. Doch hinter den Kulissen blockiert Belgien den Plan, russische Gelder anzuzapfen. Zwischen Finanznot und Kriegsrhetorik droht der Union die politische Ersch\u00f6pfung. <\/strong><\/p>\n<p><em>Von <strong>Pierre L\u00e9vy<\/strong><\/em><\/p>\n<p><span style=\"font-size: 10pt;\">Erstver\u00f6ffentlichung am 27.10.2025 auf <a href=\"https:\/\/freedert.online\/europa\/260065-streit-um-russische-vermoegenswerte-blockiert\/\" target=\"_blank\" rel=\"noopener\">RT DE<\/a><\/span><\/p>\n<p>Die europ\u00e4ischen Gipfeltreffen folgen aufeinander und \u00e4hneln sich. Gleiche Akteure, gleiches Szenario, gleiche Dialoge, gleiche Streitigkeiten, gleiche Ergebnisse oder gegebenenfalls gleiche Sackgassen. Der Europ\u00e4ische Rat vom 23. Oktober, zu dem die 27 Staats- und Regierungschefs in Br\u00fcssel zusammenkamen, bildete keine Ausnahme von diesem Eindruck eines sich ewig wiederholenden Films. Er fand nun nach dem informellen Treffen vom 3. Oktober in Kopenhagen mit denselben Teilnehmern statt.<\/p>\n<p>Diesmal handelte es sich um eine ordentliche Sitzung. Auf der Tagesordnung standen daher die \u00fcblichen Themen, wie beispielsweise Migration und nat\u00fcrlich das ewige Thema &#8222;Wettbewerbsf\u00e4higkeit&#8220;, das in den ver\u00f6ffentlichten Schlussfolgerungen ausf\u00fchrlich behandelt wurde.<\/p>\n<p>Im unnachahmlichen EU-Jargon hei\u00dft es dazu:<\/p>\n<p style=\"padding-left: 40px;\"><em>&#8222;Der Europ\u00e4ische Rat hat sich eingehend damit befasst, wie die Wettbewerbsf\u00e4higkeit der EU weiter gest\u00e4rkt werden kann [&#8230;]\u00a0<\/em><em>und sich auf Vereinfachung, einen wettbewerbsf\u00e4higen gr\u00fcnen Wandel und einen souver\u00e4nen digitalen Wandel konzentriert.<\/em>\u201d<\/p>\n<p>Einfacher ausgedr\u00fcckt: Die 27 Mitgliedstaaten befinden sich in einer Zwickm\u00fchle zwischen den Verpflichtungen des &#8222;Gr\u00fcnen Deals&#8220;, der auf Initiative der Kommission zwischen 2019 und 2024 beschlossen wurde, dem verst\u00e4rkten Wettbewerb durch China und der aggressiven Handelspolitik der Vereinigten Staaten. Die Europ\u00e4ische Union, die sich einst r\u00fchmte, &#8222;die wettbewerbsf\u00e4higste Wirtschaft der Welt&#8220; zu werden, ist zum Gebiet mit dem katastrophalsten Wachstum aller f\u00fcnf Kontinente geworden.<\/p>\n<p>Es \u00fcberrascht jedoch nicht, dass die Themen &#8222;Hilfe f\u00fcr die Ukraine&#8220; und &#8222;milit\u00e4rische St\u00e4rkung Europas&#8220; in den Medien am meisten Beachtung fanden. Seit Beginn des Krieges &#8222;haben die Europ\u00e4ische Union und ihre Mitgliedstaaten 177,5 Milliarden Euro an Unterst\u00fctzung f\u00fcr die Ukraine und ihre Bev\u00f6lkerung bereitgestellt&#8220;, erinnern die Schlussfolgerungen des Gipfels und fahren fort:<\/p>\n<p style=\"padding-left: 40px;\"><em>&#8222;Der Europ\u00e4ische Rat verpflichtet sich, den dringenden finanziellen Bedarf der Ukraine f\u00fcr den Zeitraum 2026-2027, einschlie\u00dflich f\u00fcr ihre milit\u00e4rischen und Verteidigungsanstrengungen, zu decken.&#8220;<\/em><\/p>\n<p>Nur dass nun die Mittel knapp werden. Die von der EU in den letzten Jahren bereitgestellten Betr\u00e4ge werden Anfang 2026 aufgebraucht sein. Und die meisten Mitgliedstaaten haben keinen nationalen Haushaltsspielraum, um weitere Mittel bereitzustellen \u2013 dies gilt insbesondere f\u00fcr Frankreich, wo die geschw\u00e4chte Regierung hofft, dass die aktuellen Parlamentsdebatten zu erheblichen Haushaltsk\u00fcrzungen f\u00fchren werden.<\/p>\n<p>Unter diesen Umst\u00e4nden macht sich seit Monaten in Br\u00fcssel die Idee breit, die russischen Verm\u00f6genswerte zu nutzen, deren Sperrung die EU im Jahr 2022 beschlossen hatte. Bislang hatten die europ\u00e4ischen F\u00fchrer keine Skrupel, sich die Zinsen anzueignen, die auf die 170 Milliarden Euro anfallen, die Moskau bei dem belgischen Finanzinstitut Euroclear angelegt hat.<\/p>\n<p>Einige Mitgliedstaaten pl\u00e4dierten daf\u00fcr, noch weiter zu gehen und sich das Kapital anzueignen. Aber diese Handlung k\u00e4me einem regelrechten Diebstahl gleich. Es sind sicherlich nicht moralische Skrupel, die die europ\u00e4ischen F\u00fchrer zur\u00fcckhalten. Viele von ihnen sowie die Europ\u00e4ische Zentralbank warnten jedoch vor einem doppelten Risiko: einem rechtlichen Risiko, da ein internationales Schiedsgericht diese Entscheidung aufheben und die EU zur R\u00fcckzahlung und Zahlung von Schadensersatz verurteilen k\u00f6nnte; und einem finanziellen Risiko angesichts der Reaktionen internationaler Investoren, die durch eine solche Rechtsprechung, die Enteignungen banalisiert, m\u00f6glicherweise abgeschreckt w\u00fcrden.<\/p>\n<p>Vor diesem Hintergrund arbeitete die Europ\u00e4ische Kommission an einem Plan, um diese Schwierigkeit zu umgehen, wie ihre Pr\u00e4sidentin in ihrer Rede im September angek\u00fcndigt hatte. Br\u00fcssel schlug daher eine komplexe Konstruktion vor: Die EU w\u00fcrde 140 Milliarden Euro von der belgischen Gesellschaft Euroclear, bei der die russischen Verm\u00f6genswerte hinterlegt sind, leihen; dieser Betrag w\u00fcrde dann in Tranchen in den Jahren 2026 und 2027 in Form eines zinslosen Darlehens an Kiew ausgezahlt und von der Ukraine zur\u00fcckgezahlt werden, sobald diese den Kriegsschadenersatz von Moskau erhalten h\u00e4tte.<\/p>\n<p>Und sollte diese letzte Hypothese nicht eintreten \u2013 in Wirklichkeit wird Russland sicherlich niemals auch nur eine einzige Kopeke zahlen \u2013, w\u00fcrde Br\u00fcssel sich entsch\u00e4digen, indem es sich die russischen Verm\u00f6genswerte aneignen w\u00fcrde. Dieser Vorschlag hatte bereits am 3. Oktober zu Auseinandersetzungen zwischen den europ\u00e4ischen Staats- und Regierungschefs gef\u00fchrt. Der Pr\u00e4sident des Rates, der Portugiese Ant\u00f3nio Costa, hatte das Thema dann auf die Sitzung am 23. vertagt und sich \u00fcberzeugt gezeigt, dass eine Verbesserung gefunden werden w\u00fcrde.<\/p>\n<p>Die Slowakei und Ungarn zeigten sich weiterhin wenig begeistert, was insofern ein Problem darstellte, als die Aufrechterhaltung des Einfrierens der Gelder alle sechs Monate eine einstimmige Abstimmung erfordert, um die Sanktionen gegen Moskau zu verl\u00e4ngern. Sollte dieses Einfrieren nicht verl\u00e4ngert werden, bricht das gesamte Br\u00fcsseler Konzept zusammen.<\/p>\n<p>Letztendlich war es jedoch Belgien, das den Br\u00fcsseler Plan \u2013 vorerst \u2013 zum Scheitern brachte. Sein Premierminister Bart De Wever argumentierte, dass sein Land an vorderster Front stehen w\u00fcrde, wenn Moskau Vergeltungsma\u00dfnahmen ergreifen oder einen Rechtsstreit gewinnen w\u00fcrde.<\/p>\n<p>Herr De Wever forderte daher eine vollst\u00e4ndige Risikostreuung und betonte: <em>&#8222;Stellen Sie sich vor, wir m\u00fcssten 180 Milliarden zur\u00fcckzahlen, das w\u00e4re v\u00f6lliger Wahnsinn.&#8220;<\/em> Er warnte sogar:<\/p>\n<p style=\"padding-left: 40px;\"><em>&#8222;Ich suche nach der Rechtsgrundlage f\u00fcr diese Entscheidung. Selbst w\u00e4hrend des Zweiten Weltkriegs wurden die Anlageverm\u00f6gen nie angetastet.&#8220;<\/em><\/p>\n<p>Er war nicht der Einzige, der sich Fragen stellte. Der deutsche Bundeskanzler, der prinzipiell begeistert davon war, Moskau zu sanktionieren, r\u00e4umte ein:<\/p>\n<p style=\"padding-left: 40px;\"><em>&#8222;Wenn ich belgischer Premierminister w\u00e4re<strong>,<\/strong> w\u00fcrde ich die gleichen Fragen stellen.&#8220;<\/em><\/p>\n<p>Die urspr\u00fcnglichen Schlussfolgerungen des Gipfels, die den von Ursula von der Leyen vorgeschlagenen Plan best\u00e4tigen sollten, mussten daher ge\u00e4ndert werden, um das Scheitern der Gespr\u00e4che zu dokumentieren: Die 27 <em>&#8222;ersuchen die Kommission und den Rat, die Arbeit voranzubringen, damit sich der Europ\u00e4ische Rat auf seiner n\u00e4chsten Tagung erneut mit dieser Frage befassen kann.&#8220;<\/em> Diese Tagung findet im Dezember statt.<\/p>\n<p>Der zum Gipfel eingeladene ukrainische Pr\u00e4sident machte keinen Hehl aus seiner gro\u00dfen Entt\u00e4uschung. Zuvor hatte er seine Gastgeber daran erinnert:<\/p>\n<p style=\"padding-left: 40px;\"><em>&#8222;Wir brauchen das Geld im Jahr 2026, es w\u00e4re besser, wenn wir es Anfang n\u00e4chsten Jahres h\u00e4tten.&#8220;<\/em><\/p>\n<p>Er versuchte sich mit der Ank\u00fcndigung des 19.\u00a0&#8222;Sanktionspakets&#8220; gegen Russland zu tr\u00f6sten, das der Europ\u00e4ische Rat ohne Veto Ungarns oder der Slowakei, die vor den Folgen neuer Sanktionen doch gewarnt hatten, gebilligt hat. Zu den angek\u00fcndigten Ma\u00dfnahmen geh\u00f6rt die Einstellung des Kaufs russischen Gases durch die EU-L\u00e4nder.<\/p>\n<p>Am Vortag hatte der US-Pr\u00e4sident Strafma\u00dfnahmen gegen zwei russische \u00d6lkonzerne, Rosneft und Lukoil, verh\u00e4ngt. Emmanuel Macron begr\u00fc\u00dfte dieses zeitliche Zusammentreffen und bezeichnete es als &#8222;echten Wendepunkt&#8220;. In Wirklichkeit st\u00f6ren die Vergeltungsma\u00dfnahmen zwar die russische Wirtschaft, aber niemand glaubt, dass sie den Lauf der Dinge umkehren werden \u2013 genauso wenig wie die\u00a018 vorherigen Pakete.<\/p>\n<p>Schlie\u00dflich widmete der Rat einen Gro\u00dfteil seiner Arbeit der &#8222;europ\u00e4ischen Verteidigung und Sicherheit&#8220;, also der Beschleunigung der Militarisierung der Mitgliedstaaten. Dabei wurde insbesondere auf den &#8222;Fahrplan f\u00fcr die Vorbereitung der europ\u00e4ischen Verteidigung bis 2030&#8220; Bezug genommen, den die Kommission am 16. Oktober vorgeschlagen hatte. Auch hier handelt es sich um ein Thema, das von einem Gipfel zum n\u00e4chsten wiederkehrt.<\/p>\n<p>Die Folge: Die europ\u00e4ischen F\u00fchrer \u00fcberzeugen sich gegenseitig von ihrer eigenen Propaganda, insbesondere von der Aussicht auf eine russische Invasion in Europa in den kommenden Jahren.<\/p>\n<p>Das j\u00fcngste Beispiel: Der franz\u00f6sische Generalstabschef, der nat\u00fcrlich die Linie des \u00c9lys\u00e9e-Palasts widerspiegelt, erkl\u00e4rte am 22. Oktober, er wolle, dass die Streitkr\u00e4fte &#8222;in drei oder vier Jahren auf einen Schock vorbereitet sind&#8220;, mit anderen Worten auf einen offenen Krieg gegen Russland.<\/p>\n<p>Die europ\u00e4ischen F\u00fchrer sind zwar in interne Streitigkeiten verstrickt. Das hindert sie jedoch nicht daran, Unheil verk\u00fcndende Prophezeiungen zu machen, mit dem immensen Risiko, dass diese eines Tages selbsterf\u00fcllend werden.<\/p>\n<p style=\"text-align: right;\"><em>Pierre L\u00e9vy war Gewerkschaftsfunktion\u00e4r der CGT-Metall und von 1996 bis 2001 Redakteur bei \u201cL\u2019Humanit\u00e9\u201c. Er lancierte 2000 eine \u201eradikal eurokritische, fortschrittliche Monatszeitung\u201c unter dem symbolischen Titel \u201eBastille-R\u00e9publique-Nation\u201c, die ab Fr\u00fchjahr 2015 als \u201eRuptures\u201c (dt. \u201eBr\u00fcche\u201c) fortgesetzt wird, zus\u00e4tzlich mit der Webseite <a href=\"https:\/\/ruptures-presse.fr\/\" target=\"_blank\" rel=\"noopener\">ruptures-presse.fr<\/a><\/em><\/p>\n<hr \/>\n<p><span style=\"font-size: 10pt;\">Bild oben: <a href=\"https:\/\/pixabay.com\/de\/photos\/rubel-banknote-geld-russland-1863439\/\" target=\"_blank\" rel=\"noopener\">pixabay.com<\/a> \/ <a class=\"userName--owby3\" href=\"https:\/\/pixabay.com\/de\/users\/maria_domnina-2013500\/\" target=\"_blank\" rel=\"noopener\">Maria_Domnina<\/a> \/ <a href=\"https:\/\/pixabay.com\/de\/service\/license-summary\/\" target=\"_blank\" rel=\"noopener\">Inhaltslizenz<\/a><\/span><\/p>\n","protected":false},"excerpt":{"rendered":"<p><b>Beitrag von Pierre L\u00e9vy<\/b><br \/>\nDie europ\u00e4ischen Gipfeltreffen folgen aufeinander und \u00e4hneln sich. Gleiche Akteure, gleiches Szenario, gleiche Dialoge, gleiche Streitigkeiten, gleiche Ergebnisse oder gegebenenfalls gleiche Sackgassen. Der Europ\u00e4ische Rat vom 23. Oktober, zu dem die 27 Staats- und Regierungschefs in Br\u00fcssel zusammenkamen, bildete keine Ausnahme von diesem Eindruck eines sich ewig wiederholenden Films. Er fand nun nach dem informellen Treffen vom 3. Oktober in Kopenhagen mit denselben Teilnehmern statt. Diesmal handelte es sich um eine ordentliche Sitzung. Auf der Tagesordnung standen daher die \u00fcblichen Themen, wie beispielsweise Migration und nat\u00fcrlich das ewige Thema &#8222;Wettbewerbsf\u00e4higkeit&#8220;, das in den ver\u00f6ffentlichten Schlussfolgerungen ausf\u00fchrlich behandelt wurde.<\/p>\n","protected":false},"author":3,"featured_media":23346,"comment_status":"closed","ping_status":"closed","sticky":false,"template":"","format":"standard","meta":{"colormag_page_container_layout":"default_layout","colormag_page_sidebar_layout":"default_layout","advanced_seo_description":"","jetpack_seo_html_title":"","jetpack_seo_noindex":false,"jetpack_post_was_ever_published":false,"footnotes":""},"categories":[12],"tags":[1617,182,509,339,719,1556,628,2421,2146,2523,1866],"class_list":["post-23345","post","type-post","status-publish","format-standard","has-post-thumbnail","hentry","category-demokratie-medien-aufklaerung","tag-digitalisierung","tag-eu","tag-geld","tag-kriegspropaganda","tag-sanktionen","tag-sicherheitspolitik","tag-umweltschutz","tag-vergeltung","tag-vermoegenswerte","tag-verteidigungspolitik","tag-wettbewerb"],"jetpack_featured_media_url":"https:\/\/i0.wp.com\/www.freidenker.org\/fw17\/wp-content\/uploads\/2025\/10\/ruble-1863439_800x450.jpg?fit=800%2C450&ssl=1","jetpack_shortlink":"https:\/\/wp.me\/p9stpK-64x","jetpack-related-posts":[{"id":23111,"url":"https:\/\/www.freidenker.org\/?p=23111","url_meta":{"origin":23345,"position":0},"title":"Das Ende ist eingeleitet: Ukraine pleite \u2013 EU zerf\u00e4llt","author":"Webredaktion","date":"13. Oktober 2025","format":false,"excerpt":"Beitrag von Gert Ewen Ungar Die politische Krise in Frankreich ist nur ein Symptom einer tiefer liegenden Krise der EU. Die Europ\u00e4ische Union hat mit ihrem Willen zur Unterst\u00fctzung der Ukraine ihren Mitgliedstaaten zu viel aufgeb\u00fcrdet. Sie bluten finanziell aus, ihre Gesellschaften werden instabil. Der Zerfall der EU beginnt. [...]\u2026","rel":"","context":"In &quot;Demokratie \u2013 Medien \u2013 Aufkl\u00e4rung&quot;","block_context":{"text":"Demokratie \u2013 Medien \u2013 Aufkl\u00e4rung","link":"https:\/\/www.freidenker.org\/?cat=12"},"img":{"alt_text":"","src":"https:\/\/i0.wp.com\/www.freidenker.org\/fw17\/wp-content\/uploads\/2025\/10\/eu-flagge_stein_800x450.jpg?fit=800%2C450&ssl=1&resize=350%2C200","width":350,"height":200,"srcset":"https:\/\/i0.wp.com\/www.freidenker.org\/fw17\/wp-content\/uploads\/2025\/10\/eu-flagge_stein_800x450.jpg?fit=800%2C450&ssl=1&resize=350%2C200 1x, https:\/\/i0.wp.com\/www.freidenker.org\/fw17\/wp-content\/uploads\/2025\/10\/eu-flagge_stein_800x450.jpg?fit=800%2C450&ssl=1&resize=525%2C300 1.5x, https:\/\/i0.wp.com\/www.freidenker.org\/fw17\/wp-content\/uploads\/2025\/10\/eu-flagge_stein_800x450.jpg?fit=800%2C450&ssl=1&resize=700%2C400 2x"},"classes":[]},{"id":23747,"url":"https:\/\/www.freidenker.org\/?p=23747","url_meta":{"origin":23345,"position":1},"title":"Was der Korruptionsfall in der EU mit dem \u201eReparationskredit\u201c f\u00fcr Kiew zu tun hat","author":"Webredaktion","date":"8. Dezember 2025","format":false,"excerpt":"Machtk\u00e4mpfe und Korruption von Anti-Spiegel Ich habe es bereits in der letzten Tacheles-Sendung gesagt, komme aber erst jetzt dazu, dar\u00fcber zu schreiben und es ausf\u00fchrlich zu begr\u00fcnden: Die Bem\u00fchungen der EU-Kommission, die in der EU eingefrorenen russischen Verm\u00f6genswerte zu enteignen und f\u00fcr einen \u201eReparationskredit\u201c f\u00fcr die Ukraine zu benutzen, stehen\u2026","rel":"","context":"In &quot;Demokratie \u2013 Medien \u2013 Aufkl\u00e4rung&quot;","block_context":{"text":"Demokratie \u2013 Medien \u2013 Aufkl\u00e4rung","link":"https:\/\/www.freidenker.org\/?cat=12"},"img":{"alt_text":"","src":"https:\/\/i0.wp.com\/www.freidenker.org\/fw17\/wp-content\/uploads\/2025\/12\/Federica_Mogherini_12_800x450.jpg?fit=800%2C450&ssl=1&resize=350%2C200","width":350,"height":200,"srcset":"https:\/\/i0.wp.com\/www.freidenker.org\/fw17\/wp-content\/uploads\/2025\/12\/Federica_Mogherini_12_800x450.jpg?fit=800%2C450&ssl=1&resize=350%2C200 1x, https:\/\/i0.wp.com\/www.freidenker.org\/fw17\/wp-content\/uploads\/2025\/12\/Federica_Mogherini_12_800x450.jpg?fit=800%2C450&ssl=1&resize=525%2C300 1.5x, https:\/\/i0.wp.com\/www.freidenker.org\/fw17\/wp-content\/uploads\/2025\/12\/Federica_Mogherini_12_800x450.jpg?fit=800%2C450&ssl=1&resize=700%2C400 2x"},"classes":[]},{"id":24798,"url":"https:\/\/www.freidenker.org\/?p=24798","url_meta":{"origin":23345,"position":2},"title":"Im Sanktionsrausch \u2013 Notizen zu Br\u00fcssels vormodernem Strafregime","author":"Webredaktion","date":"3. April 2026","format":false,"excerpt":"Beitrag von Hannes Hofbauer Mehr als 2.700 Menschen und Organisationen hat die Europ\u00e4ische Union seit M\u00e4rz 2014 auf sogenannte Sanktionslisten gesetzt. Damit wurde ihnen der Zugriff auf ihr Verm\u00f6gen entzogen, Konten gesperrt und die Annahme einer bezahlten Arbeit verboten. Wenn sie aus Drittstaaten \u2013 meist aus Russland oder der Ukraine,\u2026","rel":"","context":"In &quot;Aktuelles&quot;","block_context":{"text":"Aktuelles","link":"https:\/\/www.freidenker.org\/?cat=574"},"img":{"alt_text":"","src":"https:\/\/i0.wp.com\/www.freidenker.org\/fw17\/wp-content\/uploads\/2026\/04\/Fetters_-_leg_irons_800x450.jpg?fit=800%2C450&ssl=1&resize=350%2C200","width":350,"height":200,"srcset":"https:\/\/i0.wp.com\/www.freidenker.org\/fw17\/wp-content\/uploads\/2026\/04\/Fetters_-_leg_irons_800x450.jpg?fit=800%2C450&ssl=1&resize=350%2C200 1x, https:\/\/i0.wp.com\/www.freidenker.org\/fw17\/wp-content\/uploads\/2026\/04\/Fetters_-_leg_irons_800x450.jpg?fit=800%2C450&ssl=1&resize=525%2C300 1.5x, https:\/\/i0.wp.com\/www.freidenker.org\/fw17\/wp-content\/uploads\/2026\/04\/Fetters_-_leg_irons_800x450.jpg?fit=800%2C450&ssl=1&resize=700%2C400 2x"},"classes":[]},{"id":23717,"url":"https:\/\/www.freidenker.org\/?p=23717","url_meta":{"origin":23345,"position":3},"title":"Warum der Diebstahl der russischen Verm\u00f6genswerte f\u00fcr die EU lebenswichtig ist","author":"Webredaktion","date":"5. Dezember 2025","format":false,"excerpt":"In die eigene Falle getappt von Anti-Spiegel (d.i. Thomas R\u00f6per) Der Streit um die Enteignung der in Belgien eingefrorenen russischen Verm\u00f6genswerte ist f\u00fcr die EU zu einer \u00dcberlebensfrage geworden. Da man die Gelder laut V\u00f6lkerrecht nicht einfach klauen kann und die EU als Finanzplatz dann wohl eine riesige Kapitalflucht mit\u2026","rel":"","context":"In &quot;Demokratie \u2013 Medien \u2013 Aufkl\u00e4rung&quot;","block_context":{"text":"Demokratie \u2013 Medien \u2013 Aufkl\u00e4rung","link":"https:\/\/www.freidenker.org\/?cat=12"},"img":{"alt_text":"","src":"https:\/\/i0.wp.com\/www.freidenker.org\/fw17\/wp-content\/uploads\/2025\/12\/Papierschiffchen-mit-EU-Fahne_v3_800x450.jpg?fit=800%2C450&ssl=1&resize=350%2C200","width":350,"height":200,"srcset":"https:\/\/i0.wp.com\/www.freidenker.org\/fw17\/wp-content\/uploads\/2025\/12\/Papierschiffchen-mit-EU-Fahne_v3_800x450.jpg?fit=800%2C450&ssl=1&resize=350%2C200 1x, https:\/\/i0.wp.com\/www.freidenker.org\/fw17\/wp-content\/uploads\/2025\/12\/Papierschiffchen-mit-EU-Fahne_v3_800x450.jpg?fit=800%2C450&ssl=1&resize=525%2C300 1.5x, https:\/\/i0.wp.com\/www.freidenker.org\/fw17\/wp-content\/uploads\/2025\/12\/Papierschiffchen-mit-EU-Fahne_v3_800x450.jpg?fit=800%2C450&ssl=1&resize=700%2C400 2x"},"classes":[]},{"id":16210,"url":"https:\/\/www.freidenker.org\/?p=16210","url_meta":{"origin":23345,"position":4},"title":"\u201eDie Guten\u201c sind keine Rassisten","author":"Webredaktion","date":"31. Mai 2023","format":false,"excerpt":"Beitrag von\u00a0Gregor Gasse Wie es dem Einf\u00e4ltigen geht, liest du darin, was in den \u00dcberschriften steht! Eine emotionale Reise, die von Widerspruch zu Widerspruch geht, wenn es erwartet und ausgerufen wird. ... Wir sind partout gegen Rassismus, wenn sein Ziel nicht gerade unser Feind, das B\u00f6se ist. Dann sind wir\u2026","rel":"","context":"In &quot;Weltanschauung &amp; Philosophie&quot;","block_context":{"text":"Weltanschauung &amp; Philosophie","link":"https:\/\/www.freidenker.org\/?cat=16"},"img":{"alt_text":"","src":"https:\/\/i0.wp.com\/www.freidenker.org\/fw17\/wp-content\/uploads\/2023\/05\/das_heutige_europa_v2_800x450.jpg?fit=800%2C450&ssl=1&resize=350%2C200","width":350,"height":200,"srcset":"https:\/\/i0.wp.com\/www.freidenker.org\/fw17\/wp-content\/uploads\/2023\/05\/das_heutige_europa_v2_800x450.jpg?fit=800%2C450&ssl=1&resize=350%2C200 1x, https:\/\/i0.wp.com\/www.freidenker.org\/fw17\/wp-content\/uploads\/2023\/05\/das_heutige_europa_v2_800x450.jpg?fit=800%2C450&ssl=1&resize=525%2C300 1.5x, https:\/\/i0.wp.com\/www.freidenker.org\/fw17\/wp-content\/uploads\/2023\/05\/das_heutige_europa_v2_800x450.jpg?fit=800%2C450&ssl=1&resize=700%2C400 2x"},"classes":[]},{"id":24107,"url":"https:\/\/www.freidenker.org\/?p=24107","url_meta":{"origin":23345,"position":5},"title":"Die EU im Krieg gegen die Wahrheit","author":"Webredaktion","date":"2. Januar 2026","format":false,"excerpt":"Kommentar von Tilo Gr\u00e4ser. \u201eDie Meinungsfreiheit\u00a0ist f\u00fcr die Demokratie unerl\u00e4sslich. Sie bedeutet, dass sich jeder an politischen Diskussionen beteiligen kann, und die Medien k\u00f6nnen jene, die die Macht haben, zur Rechenschaft ziehen.\u201c Das ist auf der Webseite des Europarates zur Europ\u00e4ischen Menschenrechtskonvention (EMRK) zu lesen. Weiter hei\u00dft es da: \u201eFreie,\u2026","rel":"","context":"In &quot;Demokratie \u2013 Medien \u2013 Aufkl\u00e4rung&quot;","block_context":{"text":"Demokratie \u2013 Medien \u2013 Aufkl\u00e4rung","link":"https:\/\/www.freidenker.org\/?cat=12"},"img":{"alt_text":"","src":"https:\/\/i0.wp.com\/www.freidenker.org\/fw17\/wp-content\/uploads\/2026\/01\/sanktionen_ki-bild-erstellen.de_800x450.jpg?fit=800%2C450&ssl=1&resize=350%2C200","width":350,"height":200,"srcset":"https:\/\/i0.wp.com\/www.freidenker.org\/fw17\/wp-content\/uploads\/2026\/01\/sanktionen_ki-bild-erstellen.de_800x450.jpg?fit=800%2C450&ssl=1&resize=350%2C200 1x, https:\/\/i0.wp.com\/www.freidenker.org\/fw17\/wp-content\/uploads\/2026\/01\/sanktionen_ki-bild-erstellen.de_800x450.jpg?fit=800%2C450&ssl=1&resize=525%2C300 1.5x, https:\/\/i0.wp.com\/www.freidenker.org\/fw17\/wp-content\/uploads\/2026\/01\/sanktionen_ki-bild-erstellen.de_800x450.jpg?fit=800%2C450&ssl=1&resize=700%2C400 2x"},"classes":[]}],"_links":{"self":[{"href":"https:\/\/www.freidenker.org\/index.php?rest_route=\/wp\/v2\/posts\/23345","targetHints":{"allow":["GET"]}}],"collection":[{"href":"https:\/\/www.freidenker.org\/index.php?rest_route=\/wp\/v2\/posts"}],"about":[{"href":"https:\/\/www.freidenker.org\/index.php?rest_route=\/wp\/v2\/types\/post"}],"author":[{"embeddable":true,"href":"https:\/\/www.freidenker.org\/index.php?rest_route=\/wp\/v2\/users\/3"}],"replies":[{"embeddable":true,"href":"https:\/\/www.freidenker.org\/index.php?rest_route=%2Fwp%2Fv2%2Fcomments&post=23345"}],"version-history":[{"count":1,"href":"https:\/\/www.freidenker.org\/index.php?rest_route=\/wp\/v2\/posts\/23345\/revisions"}],"predecessor-version":[{"id":23347,"href":"https:\/\/www.freidenker.org\/index.php?rest_route=\/wp\/v2\/posts\/23345\/revisions\/23347"}],"wp:featuredmedia":[{"embeddable":true,"href":"https:\/\/www.freidenker.org\/index.php?rest_route=\/wp\/v2\/media\/23346"}],"wp:attachment":[{"href":"https:\/\/www.freidenker.org\/index.php?rest_route=%2Fwp%2Fv2%2Fmedia&parent=23345"}],"wp:term":[{"taxonomy":"category","embeddable":true,"href":"https:\/\/www.freidenker.org\/index.php?rest_route=%2Fwp%2Fv2%2Fcategories&post=23345"},{"taxonomy":"post_tag","embeddable":true,"href":"https:\/\/www.freidenker.org\/index.php?rest_route=%2Fwp%2Fv2%2Ftags&post=23345"}],"curies":[{"name":"wp","href":"https:\/\/api.w.org\/{rel}","templated":true}]}}