{"id":23315,"date":"2025-10-28T23:13:09","date_gmt":"2025-10-28T22:13:09","guid":{"rendered":"https:\/\/www.freidenker.org\/?p=23315"},"modified":"2025-12-18T00:18:07","modified_gmt":"2025-12-17T23:18:07","slug":"friedenstaub-iv-nationales-denkfest-der-aktiven","status":"publish","type":"post","link":"https:\/\/www.freidenker.org\/?p=23315","title":{"rendered":"Friedenstaub \u2013 IV. Nationales Denkfest der Aktiven"},"content":{"rendered":"<table style=\"border-collapse: collapse; width: 100%; height: 176px;\">\n<tbody>\n<tr style=\"height: 176px;\">\n<td style=\"width: 614.891px; border-style: none; height: 176px;\"><strong>Friedensgesellschaft Musik statt Krieg e.V.<\/strong><br \/>\nTino Eisbrenner<br \/>\n<img data-recalc-dims=\"1\" loading=\"lazy\" decoding=\"async\" data-attachment-id=\"18334\" data-permalink=\"https:\/\/www.freidenker.org\/?attachment_id=18334\" data-orig-file=\"https:\/\/i0.wp.com\/www.freidenker.org\/fw17\/wp-content\/uploads\/2024\/02\/Musik_statt_Krieg_e.V.jpg?fit=862%2C1051&amp;ssl=1\" data-orig-size=\"862,1051\" data-comments-opened=\"0\" data-image-meta=\"{&quot;aperture&quot;:&quot;0&quot;,&quot;credit&quot;:&quot;&quot;,&quot;camera&quot;:&quot;&quot;,&quot;caption&quot;:&quot;&quot;,&quot;created_timestamp&quot;:&quot;0&quot;,&quot;copyright&quot;:&quot;&quot;,&quot;focal_length&quot;:&quot;0&quot;,&quot;iso&quot;:&quot;0&quot;,&quot;shutter_speed&quot;:&quot;0&quot;,&quot;title&quot;:&quot;&quot;,&quot;orientation&quot;:&quot;1&quot;}\" data-image-title=\"Musik_statt_Krieg_e.V\" data-image-description=\"\" data-image-caption=\"\" data-large-file=\"https:\/\/i0.wp.com\/www.freidenker.org\/fw17\/wp-content\/uploads\/2024\/02\/Musik_statt_Krieg_e.V.jpg?fit=800%2C975&amp;ssl=1\" class=\"alignnone wp-image-18334\" src=\"https:\/\/i0.wp.com\/www.freidenker.org\/fw17\/wp-content\/uploads\/2024\/02\/Musik_statt_Krieg_e.V.jpg?resize=100%2C122&#038;ssl=1\" alt=\"\" width=\"100\" height=\"122\" srcset=\"https:\/\/i0.wp.com\/www.freidenker.org\/fw17\/wp-content\/uploads\/2024\/02\/Musik_statt_Krieg_e.V.jpg?resize=246%2C300&amp;ssl=1 246w, https:\/\/i0.wp.com\/www.freidenker.org\/fw17\/wp-content\/uploads\/2024\/02\/Musik_statt_Krieg_e.V.jpg?resize=840%2C1024&amp;ssl=1 840w, https:\/\/i0.wp.com\/www.freidenker.org\/fw17\/wp-content\/uploads\/2024\/02\/Musik_statt_Krieg_e.V.jpg?resize=768%2C936&amp;ssl=1 768w, https:\/\/i0.wp.com\/www.freidenker.org\/fw17\/wp-content\/uploads\/2024\/02\/Musik_statt_Krieg_e.V.jpg?w=862&amp;ssl=1 862w\" sizes=\"auto, (max-width: 100px) 100vw, 100px\" \/><\/td>\n<td style=\"width: 135.188px; border-style: none; height: 176px;\"><span style=\"font-size: 14pt;\"><em>und<\/em><\/span><\/td>\n<td style=\"width: 614.922px; border-style: none; height: 176px;\"><strong>Schweriner Friedensb\u00fcndnis<\/strong><br \/>\nHenry &amp; Andrea Marek<br \/>\n<img data-recalc-dims=\"1\" loading=\"lazy\" decoding=\"async\" data-attachment-id=\"18335\" data-permalink=\"https:\/\/www.freidenker.org\/?attachment_id=18335\" data-orig-file=\"https:\/\/i0.wp.com\/www.freidenker.org\/fw17\/wp-content\/uploads\/2024\/02\/Friedensbuendnis_Schwerin.jpg?fit=400%2C398&amp;ssl=1\" data-orig-size=\"400,398\" data-comments-opened=\"0\" data-image-meta=\"{&quot;aperture&quot;:&quot;0&quot;,&quot;credit&quot;:&quot;&quot;,&quot;camera&quot;:&quot;&quot;,&quot;caption&quot;:&quot;&quot;,&quot;created_timestamp&quot;:&quot;0&quot;,&quot;copyright&quot;:&quot;&quot;,&quot;focal_length&quot;:&quot;0&quot;,&quot;iso&quot;:&quot;0&quot;,&quot;shutter_speed&quot;:&quot;0&quot;,&quot;title&quot;:&quot;&quot;,&quot;orientation&quot;:&quot;1&quot;}\" data-image-title=\"Friedensb\u00fcndnis_Schwerin\" data-image-description=\"\" data-image-caption=\"\" data-large-file=\"https:\/\/i0.wp.com\/www.freidenker.org\/fw17\/wp-content\/uploads\/2024\/02\/Friedensbuendnis_Schwerin.jpg?fit=400%2C398&amp;ssl=1\" class=\"alignnone wp-image-18335\" src=\"https:\/\/i0.wp.com\/www.freidenker.org\/fw17\/wp-content\/uploads\/2024\/02\/Friedensbuendnis_Schwerin.jpg?resize=100%2C100&#038;ssl=1\" alt=\"\" width=\"100\" height=\"100\" srcset=\"https:\/\/i0.wp.com\/www.freidenker.org\/fw17\/wp-content\/uploads\/2024\/02\/Friedensbuendnis_Schwerin.jpg?resize=150%2C150&amp;ssl=1 150w, https:\/\/i0.wp.com\/www.freidenker.org\/fw17\/wp-content\/uploads\/2024\/02\/Friedensbuendnis_Schwerin.jpg?resize=300%2C300&amp;ssl=1 300w, https:\/\/i0.wp.com\/www.freidenker.org\/fw17\/wp-content\/uploads\/2024\/02\/Friedensbuendnis_Schwerin.jpg?w=400&amp;ssl=1 400w\" sizes=\"auto, (max-width: 100px) 100vw, 100px\" \/><\/td>\n<\/tr>\n<\/tbody>\n<\/table>\n<p><em><span style=\"font-size: 14pt;\">laden ein zu<\/span><\/em><\/p>\n<h2>Friedenstaub<\/h2>\n<h4>IV. Nationales Denkfest der Aktiven<\/h4>\n<p><img data-recalc-dims=\"1\" loading=\"lazy\" decoding=\"async\" data-attachment-id=\"23319\" data-permalink=\"https:\/\/www.freidenker.org\/?attachment_id=23319\" data-orig-file=\"https:\/\/i0.wp.com\/www.freidenker.org\/fw17\/wp-content\/uploads\/2025\/10\/Friedenstaub_4.jpg?fit=393%2C289&amp;ssl=1\" data-orig-size=\"393,289\" data-comments-opened=\"0\" data-image-meta=\"{&quot;aperture&quot;:&quot;0&quot;,&quot;credit&quot;:&quot;&quot;,&quot;camera&quot;:&quot;&quot;,&quot;caption&quot;:&quot;&quot;,&quot;created_timestamp&quot;:&quot;0&quot;,&quot;copyright&quot;:&quot;&quot;,&quot;focal_length&quot;:&quot;0&quot;,&quot;iso&quot;:&quot;0&quot;,&quot;shutter_speed&quot;:&quot;0&quot;,&quot;title&quot;:&quot;&quot;,&quot;orientation&quot;:&quot;0&quot;}\" data-image-title=\"Friedenstaub_4\" data-image-description=\"\" data-image-caption=\"\" data-large-file=\"https:\/\/i0.wp.com\/www.freidenker.org\/fw17\/wp-content\/uploads\/2025\/10\/Friedenstaub_4.jpg?fit=393%2C289&amp;ssl=1\" class=\"alignnone wp-image-23319 size-full\" src=\"https:\/\/i0.wp.com\/www.freidenker.org\/fw17\/wp-content\/uploads\/2025\/10\/Friedenstaub_4.jpg?resize=393%2C289&#038;ssl=1\" alt=\"\" width=\"393\" height=\"289\" srcset=\"https:\/\/i0.wp.com\/www.freidenker.org\/fw17\/wp-content\/uploads\/2025\/10\/Friedenstaub_4.jpg?w=393&amp;ssl=1 393w, https:\/\/i0.wp.com\/www.freidenker.org\/fw17\/wp-content\/uploads\/2025\/10\/Friedenstaub_4.jpg?resize=300%2C221&amp;ssl=1 300w\" sizes=\"auto, (max-width: 393px) 100vw, 393px\" \/><\/p>\n<p>Liebe Friedensfreundinnen und Freunde, mit unseren Denkfesten der Aktiven haben wir uns vorgenommen uns zu best\u00e4rken, zu motivieren, zusammzuf\u00fchren und Mut zu geben. An den Gr\u00fcnden unseres Treffens, n\u00e4mlich Waffenhandel, Geschichtsf\u00e4lschung, Krieg, politische Verdummung, Ausgrenzung zu bek\u00e4mpfen und damit die Notwendigkeit unseren Einsatz f\u00fcr Diplomatie, V\u00f6lkerfreundschaft, Solidarit\u00e4t und Frieden zu verst\u00e4rken hat sich nichts ge\u00e4ndert. Der Weg, auf den wir uns begeben haben, hin zu Humanismus, Solidarit\u00e4t und Frieden ist lang. Wie wohltuend kraftspendend es ist, Menschen zu treffen, die \u00e4hnlich denken oder einfach in offenen Gespr\u00e4chen nach der Wahrheit und Friedensl\u00f6sungen suchen, haben wir alle schon erfahren.<\/p>\n<p>Allerdings oft auch zuf\u00e4llig! Also, kommt an den Tisch unter Kiefernb\u00e4umen &#8230; lasst uns die Tradition dieses Festes fortf\u00fchren, bei dem wir, die aktiv Suchenden, uns ein Wochenende lang kennenlernen, Kunst erleben, Gespr\u00e4che f\u00fchren, uns neuen Mut geben und vernetzen. Und das schon sehr bald, n\u00e4mlich<\/p>\n<p><strong><u>vom 28. &#8211; 30. November 2025<\/u><\/strong><\/p>\n<p><strong>Tino Eisbrenner<\/strong> sowie <strong>Henry &amp; Andrea Marek<\/strong> laden ein in den\u00a0<strong>Ferienpark Retgendorf<\/strong><\/p>\n<p><a href=\"https:\/\/www.ferienpark-retgendorf.de\" target=\"_blank\" rel=\"noopener\"><strong>https:\/\/www.ferienpark-retg<u>end<\/u>orf.de<\/strong><\/a><\/p>\n<hr \/>\n<h4>Programm<\/h4>\n<p>(\u00c4nderungen vorbehalten)<\/p>\n<h5><span style=\"text-decoration: underline;\"><strong>FREITAG<\/strong><\/span><\/h5>\n<p><strong><u>17:30<\/u>\u00a0 \u00a0 \u00a0 Film: \u201eLeben und Sterben im Donbass&#8220;<\/strong><\/p>\n<p>Mit Einf\u00fchrung vom Dipl. Film- und Fernsehwissenschaftler, Filmemacher und Regisseur, Motivator und Mutmacher, DEM Ostdeutschen Experten f\u00fcr die deutsch-deutsche Problematik, Russland, Ukraine und NahOst,\u00a0<strong>Wilhelm Domke-Schulz<\/strong><\/p>\n<p><em><span style=\"text-decoration: underline;\">Anschlie\u00dfend<\/span><strong>: Abendessen<\/strong><\/em><\/p>\n<p><strong><u>20:00<\/u>\u00a0 \u00a0 \u00a0Patrik Baab &amp; Tino Eisbrenner:<\/strong><\/p>\n<p>Gespr\u00e4che und Musik \u00fcber Krieg und Frieden: der Journalist Patrik Baab und der S\u00e4nger Tino Eisbrenner im Gespr\u00e4ch und mit\u00a0Ausz\u00fcgen aus ihren B\u00fcchern \u00fcber Ungeh\u00f6rtes aus der Ukraine, Russland und dem Deutschland von heute. Auf- und abgerundet mit einigen Liedern von und mit Tino Eisbrenner.<\/p>\n<p><strong><u>22:00<\/u>\u00a0 \u00a0 \u00a0Angebot von Dr. Clivia v. Dewitz:<\/strong><\/p>\n<p>Anleitung zu einer kurzen Friedensmediation <a href=\"https:\/\/coachingcvd.info\/news\" target=\"_blank\" rel=\"noopener\">https:\/\/coachingcvd.info\/news<\/a><\/p>\n<p><span style=\"text-decoration: underline;\"><em>Anschlie\u00dfend<\/em><\/span><strong>: Entz\u00fcnden unseres Friedensfeuers<\/strong><\/p>\n<p>Am w\u00e4rmenden Lagerfeuer werden wir uns bei einem guten Roten kennen lernen, austauschen, in Erinnerung schwelgen und Pl\u00e4ne schmieden.<\/p>\n<h5><span style=\"text-decoration: underline;\"><strong>SONNABEND<\/strong><\/span><\/h5>\n<p><strong><u>Ab 8:00<\/u>\u00a0 \u00a0 \u00a0Angebot von Dr. Clivia v. Dewitz:<\/strong><\/p>\n<p>f\u00fcr Fr\u00fchaufsteher: Sanfte Lockerungs\u00fcbungen vorm Fr\u00fchst\u00fcck<\/p>\n<p><strong><u>10:00<\/u>\u00a0<\/strong> \u00a0 \u00a0<strong>Film: \u201eGeschichte wiederholt sich&#8220;<\/strong><\/p>\n<p>vom Dipl. Film- und Fernsehwissenschaftler, DEM Ostdeutschen Experten f\u00fcr die deutschdeutsche Problematik, Russland, Ukraine und NahOst. Filmemacher und Regisseur, Motivator und Mutmacher <strong>Wilhelm Domke-Schulz<\/strong><\/p>\n<p><u>11:30<\/u>\u00a0 \u00a0 \u00a0<strong>Wilhelm Domke-Schulz<\/strong> trifft: Diskussion mit<\/p>\n<ul>\n<li><strong>Alexander v. Bismarck<\/strong>\u00a0(verwandt mit dem ehem. Reichskanzler Otto v. Bismarck) \u201eRu\u00dfland ist nicht unser Feind&#8220;<\/li>\n<li><strong>Patrik Baab<\/strong> (Auf beiden Seiten der Front &#8230;)<\/li>\n<li><strong>Tino Eisbrenner<\/strong> (Musik statt Krieg)<\/li>\n<\/ul>\n<p><em>Ca. <span style=\"text-decoration: underline;\">13:00<\/span><strong>\u00a0 \u00a0 Mittagspause<\/strong><\/em><\/p>\n<p><u>14:00<\/u>\u00a0 \u00a0 \u00a0<strong>Dr. Clivia v. Dewitz,<\/strong><\/p>\n<p><strong>F\u00fcr dauerhaften Frieden braucht es Vers\u00f6hnung<\/strong><\/p>\n<p>Dr. Clivia von Dewitz (geb. 1974 in Hamburg) ist Richterin und wurde 2024 zu Restorative Justice habilitiert. 1997 absolvierte sie ein Praktikum an der s\u00fcdafrikanischen Vers\u00f6hnungskommission. Ihre Arbeiten zur Aufarbeitung von Systemunrecht und zur strafrechtlichen Mediation verbinden rechtswissenschaftliche Analyse mit Vers\u00f6hnungsans\u00e4tzen. Im Februar<\/p>\n<p>2024 erschien ihr letztes Buch \u201eGerechtigkeit durch Wiedergutmachung. Zur s\u00fcdafrikanischen Wahrheitskommission und deren \u00dcbertragbarkeit auf den Ukraine-Konflikt&#8220;, im Westend Verlag.<\/p>\n<h4>Schwerpunktthema Lateinamerika<\/h4>\n<p><u>15:30<\/u>\u00a0 \u00a0 \u00a0<strong>Mittelamerika, ein Kontinent im IJm- oder gar im Aufbruch!?<\/strong><\/p>\n<p><u>16:00<\/u>\u00a0 \u00a0 \u00a0<strong>Carsten Hanke,<\/strong> soeben zur\u00fcckgekehrt aus Venezuela, berichtet von der Situation vor Ort und stellt die GefiS vor\u00a0(Gesellschaft f\u00fcr Frieden und internationale Solidarit\u00e4t e.V.)<\/p>\n<p><u>17:30<\/u>\u00a0 \u00a0 \u00a0<strong>Steffen Niese<\/strong> stellt die Arbeit von ,Cuba si&#8216; vor<\/p>\n<p>Steffen Niese ist Cuba si seit 2006 verbunden und seit 2021 einer der drei hauptamtlichen Mitarbeiter. Zuvor arbeitete der Politikwissenschaftler viele Jahre f\u00fcr Bundestagsabgeordnete der Linkspartei in den Bereichen Au\u00dfenpolitik und Gesundheit.<\/p>\n<p><em><span style=\"text-decoration: underline;\">ca. 19:00<\/span><strong>\u00a0 \u00a0 \u00a0Abendessen (karibisch)<\/strong><\/em><\/p>\n<p><u>20:30<\/u>\u00a0 \u00a0 \u00a0<strong>live in Concert:<\/strong> <strong>Dunja &amp; Joerg Nassler-Averdung &#8211; LIAISONG<\/strong><\/p>\n<p><strong>&#8222;LIEDER AUS DEM HUT&#8220;<\/strong><\/p>\n<p>Ein interaktives Konzert voller\u00a0\u00dcberraschungen. Das Publikum bestimmt, was gespielt wird. Mal poetisch, mal feurig, auch klassisch ernst, aber immer handgemacht und nah dran.<\/p>\n<h5><span style=\"text-decoration: underline;\"><strong>SONNTAG<\/strong><\/span><\/h5>\n<p><u>9:30<\/u>\u00a0 \u00a0<strong> \u00a0Egon Krenz<\/strong> ehem. Staatsmann, heute Autor und Publizist liest aus dem <strong>3. Band seiner 3- teiligen Autobiografie \u201eVerlust und Erwartung&#8220;<\/strong><\/p>\n<p>Auszug: Adenauer- Zitat aus einem Memorandum der Bundesregierung vom\u00a02.9. &#8217;56:<\/p>\n<p style=\"padding-left: 40px;\"><em>\u201eDie Errichtung eines neuen Regierungssystems darf in keinem Teile Deutschlands zu einer politischen Verfolgung der Anh\u00e4nger des alten Systems f\u00fchren. Aus diesem Grunde sollte nach Auffassung der Bundesregierung daf\u00fcr Sorge getragen werden, dass nach der Wiedervereinigung Deutschlands niemand wegen seiner politischen Gesinnung oder nur, weil er in Beh\u00f6rden oder politischen Organisationen eines Teils Deutschlands t\u00e4tig gewesen ist, verfolgt wird.&#8220;<\/em><\/p>\n<p><u>10:30<\/u>\u00a0 \u00a0 \u00a0Was mu\u00df ein deutscher Journalist tun, um auf der Embargoliste der EU Zu landen?<\/p>\n<p>Oder: wie weit entfernt sind wir von t\u00fcrkischen Verh\u00e4ltnissen?\u00a0(verschiedene Betroffene werden eingeladen)<\/p>\n<p><u>11:30<\/u>\u00a0 \u00a0 \u00a0<strong>Rolf Becker &amp; Anton Wempner mit ihrem Programm:<\/strong><\/p>\n<p><strong>\u201eSo wird Geld verdient!<\/strong><\/p>\n<p>Literarischer Streifzug zur\u00a0Entwicklung von Geld und Kapital&#8220;<\/p>\n<p><u>13:00<\/u> \u00a0\u00a0\u00a0 <strong>Versteigerungsaktion<\/strong> f\u00fcr einen guten Zweck<\/p>\n<p><em><span style=\"text-decoration: underline;\">Ca. 13:30<\/span>\u00a0 \u00a0 \u00a0<strong>Mittagspause<\/strong><\/em><\/p>\n<p>Anschlie\u00dfend werden wir dann neu motiviert voneinander Abschied nehmen.<\/p>\n<p>Wir werden nicht Tausende sein. Aber Menschen, die sich und ihre progressiven Gedanken sammeln und miteinander teilen. Menschen, die die Kunst des Miteinander leben und verbreiten wollen, die sich immer wieder begegnen und lernen wollen, sich selbst und gegenseitig zu st\u00e4rken. Einig in dem Ziel: unsere Welt braucht &#8230;<\/p>\n<h4 style=\"text-align: center;\">FRIEDEN<\/h4>\n<hr \/>\n<h5>Kosten<\/h5>\n<p><strong>Freitagsticket: 25 \u20ac \/ Samstagsticket: 45 \u20ac \/ Sonntagsticket: 25 \u20ac<\/strong>\u00a0\u00a0 <strong>Denkfest-Ticket (3Tage): 85 \u20ac<\/strong><\/p>\n<p><strong><u>Verpflegung: <\/u><\/strong><\/p>\n<p><strong>Fr\u00fchst\u00fccksb\u00fcffet:<\/strong><\/p>\n<ul>\n<li>im Hotel- und Gruppenzimmerpreis (Hostel) enthalten<\/li>\n<li>im Ferienhaus zubuchbar\u00a0 (16 \u20ac Erw. \/ 8 \u20ac Kd. 4 \u2013 11J)<\/li>\n<\/ul>\n<p><strong>Mittagsb\u00fcffet warm:<\/strong><\/p>\n<ul>\n<li>22 \u20ac (11 \u20ac Kd. 4 \u2013 11J)<\/li>\n<\/ul>\n<p><strong>Abends Aufschnittb\u00fcffet und Warmanteil:<\/strong><\/p>\n<ul>\n<li>18 \u20ac (9 \u20ac Kd. 4 \u2013 11J)<\/li>\n<\/ul>\n<p><strong><u>\u00dcbernachtung,<\/u><\/strong><\/p>\n<ul>\n<li>Hostel, inkl. W\u00e4sche u. Fr\u00fchst\u00fcck <strong>54 \u20ac p.P. i. 4-Bettz.<\/strong><\/li>\n<li><strong><u>pro Person<\/u><\/strong><strong><u>: <\/u><\/strong>Hotel, inkl. W\u00e4sche u. Fr\u00fchst\u00fcck <strong>70 \u20ac p.P. i. DZ (84 i. EZ)<\/strong><\/li>\n<li>Ferienhaus f\u00fcr 2, 4 oder 6 Pers., auf Anfrage (W\u00e4sche inkl.!)<\/li>\n<\/ul>\n<p><strong>zu buchen \u00fcber die Rezeption des Ferienpark Retgendorf:<\/strong><\/p>\n<p>Tel.: 03866 46030\u00a0 oder:\u00a0\u00a0 <a href=\"mailto:info@ferienpark-retgendorf.de\">info@ferienpark-retgendorf.de<\/a><\/p>\n<hr \/>\n<p><img loading=\"lazy\" decoding=\"async\" data-attachment-id=\"1076\" data-permalink=\"https:\/\/www.freidenker.org\/?attachment_id=1076\" data-orig-file=\"https:\/\/i0.wp.com\/www.freidenker.org\/fw17\/wp-content\/uploads\/2017\/10\/pdf_icon-2.png?fit=32%2C32&amp;ssl=1\" data-orig-size=\"32,32\" data-comments-opened=\"0\" data-image-meta=\"{&quot;aperture&quot;:&quot;0&quot;,&quot;credit&quot;:&quot;&quot;,&quot;camera&quot;:&quot;&quot;,&quot;caption&quot;:&quot;&quot;,&quot;created_timestamp&quot;:&quot;0&quot;,&quot;copyright&quot;:&quot;&quot;,&quot;focal_length&quot;:&quot;0&quot;,&quot;iso&quot;:&quot;0&quot;,&quot;shutter_speed&quot;:&quot;0&quot;,&quot;title&quot;:&quot;&quot;,&quot;orientation&quot;:&quot;0&quot;}\" data-image-title=\"pdf_icon\" data-image-description=\"\" data-image-caption=\"\" data-large-file=\"https:\/\/i0.wp.com\/www.freidenker.org\/fw17\/wp-content\/uploads\/2017\/10\/pdf_icon-2.png?fit=32%2C32&amp;ssl=1\" class=\"alignnone size-full wp-image-1076\" tabindex=\"0\" role=\"button\" src=\"https:\/\/i0.wp.com\/www.freidenker.org\/fw17\/wp-content\/uploads\/2017\/10\/pdf_icon-2.png?resize=32%2C32&amp;ssl=1\" alt=\"\" width=\"32\" height=\"32\" data-recalc-dims=\"1\" data-attachment-id=\"1076\" data-permalink=\"https:\/\/www.freidenker.org\/?attachment_id=1076\" data-orig-file=\"https:\/\/i0.wp.com\/www.freidenker.org\/fw17\/wp-content\/uploads\/2017\/10\/pdf_icon-2.png?fit=32%2C32&amp;ssl=1\" data-orig-size=\"32,32\" data-comments-opened=\"0\" data-image-meta=\"{&quot;aperture&quot;:&quot;0&quot;,&quot;credit&quot;:&quot;&quot;,&quot;camera&quot;:&quot;&quot;,&quot;caption&quot;:&quot;&quot;,&quot;created_timestamp&quot;:&quot;0&quot;,&quot;copyright&quot;:&quot;&quot;,&quot;focal_length&quot;:&quot;0&quot;,&quot;iso&quot;:&quot;0&quot;,&quot;shutter_speed&quot;:&quot;0&quot;,&quot;title&quot;:&quot;&quot;,&quot;orientation&quot;:&quot;0&quot;}\" data-image-title=\"pdf_icon\" data-image-description=\"\" data-image-caption=\"\" data-medium-file=\"https:\/\/i0.wp.com\/www.freidenker.org\/fw17\/wp-content\/uploads\/2017\/10\/pdf_icon-2.png?fit=32%2C32&amp;ssl=1\" data-large-file=\"https:\/\/i0.wp.com\/www.freidenker.org\/fw17\/wp-content\/uploads\/2017\/10\/pdf_icon-2.png?fit=32%2C32&amp;ssl=1\" \/> <a href=\"https:\/\/www.freidenker.org\/fw17\/wp-content\/uploads\/2025\/10\/4.-Denkfest.pdf\" target=\"_blank\" rel=\"noopener\">Faltblatt zur Veranstaltung<\/a> (4 Seiten A4, PDF-Datei, ca. 3,6 MB)<\/p>\n<hr \/>\n<h5>Die Veranstaltung wird unterst\u00fctzt durch<\/h5>\n<table style=\"border-collapse: collapse; width: 100%; height: 176px;\">\n<tbody>\n<tr style=\"height: 176px;\">\n<td style=\"width: 30.9541%; border-style: none; height: 176px;\"><img data-recalc-dims=\"1\" loading=\"lazy\" decoding=\"async\" data-attachment-id=\"18162\" data-permalink=\"https:\/\/www.freidenker.org\/?attachment_id=18162\" data-orig-file=\"https:\/\/i0.wp.com\/www.freidenker.org\/fw17\/wp-content\/uploads\/2024\/02\/Freidenker-Logo_2.jpg?fit=810%2C220&amp;ssl=1\" data-orig-size=\"810,220\" data-comments-opened=\"0\" data-image-meta=\"{&quot;aperture&quot;:&quot;0&quot;,&quot;credit&quot;:&quot;&quot;,&quot;camera&quot;:&quot;&quot;,&quot;caption&quot;:&quot;&quot;,&quot;created_timestamp&quot;:&quot;0&quot;,&quot;copyright&quot;:&quot;&quot;,&quot;focal_length&quot;:&quot;0&quot;,&quot;iso&quot;:&quot;0&quot;,&quot;shutter_speed&quot;:&quot;0&quot;,&quot;title&quot;:&quot;&quot;,&quot;orientation&quot;:&quot;1&quot;}\" data-image-title=\"Freidenker-Logo_2\" data-image-description=\"\" data-image-caption=\"\" data-large-file=\"https:\/\/i0.wp.com\/www.freidenker.org\/fw17\/wp-content\/uploads\/2024\/02\/Freidenker-Logo_2.jpg?fit=800%2C217&amp;ssl=1\" class=\"alignnone wp-image-18162 size-medium\" src=\"https:\/\/i0.wp.com\/www.freidenker.org\/fw17\/wp-content\/uploads\/2024\/02\/Freidenker-Logo_2.jpg?resize=300%2C81&#038;ssl=1\" alt=\"\" width=\"300\" height=\"81\" srcset=\"https:\/\/i0.wp.com\/www.freidenker.org\/fw17\/wp-content\/uploads\/2024\/02\/Freidenker-Logo_2.jpg?resize=300%2C81&amp;ssl=1 300w, https:\/\/i0.wp.com\/www.freidenker.org\/fw17\/wp-content\/uploads\/2024\/02\/Freidenker-Logo_2.jpg?resize=768%2C209&amp;ssl=1 768w, https:\/\/i0.wp.com\/www.freidenker.org\/fw17\/wp-content\/uploads\/2024\/02\/Freidenker-Logo_2.jpg?w=810&amp;ssl=1 810w\" sizes=\"auto, (max-width: 300px) 100vw, 300px\" \/><\/td>\n<td style=\"width: 7.13765%; border-style: none; height: 176px; text-align: center;\"><span style=\"font-size: 14pt;\"><em>und\u00a0<\/em><\/span><\/td>\n<td style=\"width: 43.6999%; border-style: none; height: 176px;\"><img data-recalc-dims=\"1\" loading=\"lazy\" decoding=\"async\" data-attachment-id=\"23316\" data-permalink=\"https:\/\/www.freidenker.org\/?attachment_id=23316\" data-orig-file=\"https:\/\/i0.wp.com\/www.freidenker.org\/fw17\/wp-content\/uploads\/2025\/10\/Ralf_Frost.jpg?fit=465%2C277&amp;ssl=1\" data-orig-size=\"465,277\" data-comments-opened=\"0\" data-image-meta=\"{&quot;aperture&quot;:&quot;0&quot;,&quot;credit&quot;:&quot;&quot;,&quot;camera&quot;:&quot;&quot;,&quot;caption&quot;:&quot;&quot;,&quot;created_timestamp&quot;:&quot;0&quot;,&quot;copyright&quot;:&quot;&quot;,&quot;focal_length&quot;:&quot;0&quot;,&quot;iso&quot;:&quot;0&quot;,&quot;shutter_speed&quot;:&quot;0&quot;,&quot;title&quot;:&quot;&quot;,&quot;orientation&quot;:&quot;1&quot;}\" data-image-title=\"Ralf_Frost\" data-image-description=\"\" data-image-caption=\"\" data-large-file=\"https:\/\/i0.wp.com\/www.freidenker.org\/fw17\/wp-content\/uploads\/2025\/10\/Ralf_Frost.jpg?fit=465%2C277&amp;ssl=1\" class=\"alignnone wp-image-23316\" src=\"https:\/\/i0.wp.com\/www.freidenker.org\/fw17\/wp-content\/uploads\/2025\/10\/Ralf_Frost.jpg?resize=150%2C89&#038;ssl=1\" alt=\"\" width=\"150\" height=\"89\" srcset=\"https:\/\/i0.wp.com\/www.freidenker.org\/fw17\/wp-content\/uploads\/2025\/10\/Ralf_Frost.jpg?resize=300%2C179&amp;ssl=1 300w, https:\/\/i0.wp.com\/www.freidenker.org\/fw17\/wp-content\/uploads\/2025\/10\/Ralf_Frost.jpg?w=465&amp;ssl=1 465w\" sizes=\"auto, (max-width: 150px) 100vw, 150px\" \/><\/td>\n<\/tr>\n<\/tbody>\n<\/table>\n<hr \/>\n<p><span style=\"font-size: 10pt;\">Bild oben: Mitwirkende der Veranstaltung, Collage von Ralf Lux<\/span><\/p>\n","protected":false},"excerpt":{"rendered":"<p><b>Einladung zu Friedenstaub &#8211; IV. Nationales Denkfest der Aktiven<\/b> vom 28. &#8211; 30. November 2025 im Ferienpark Retgendorf<br \/>\nLiebe Friedensfreundinnen und Freunde, mit unseren Denkfesten der Aktiven haben wir uns vorgenommen uns zu best\u00e4rken, zu motivieren, zusammzuf\u00fchren und Mut zu geben. An den Gr\u00fcnden unseres Treffens, n\u00e4mlich Waffenhandel, Geschichtsf\u00e4lschung, Krieg, politische Verdummung, Ausgrenzung zu bek\u00e4mpfen und damit die Notwendigkeit unseren Einsatz f\u00fcr Diplomatie, V\u00f6lkerfreundschaft, Solidarit\u00e4t und Frieden zu verst\u00e4rken hat sich nichts ge\u00e4ndert. Der Weg, auf den wir uns begeben haben, hin zu Humanismus, Solidarit\u00e4t und Frieden ist lang. Wie wohltuend kraftspendend es ist, Menschen zu treffen, die \u00e4hnlich denken oder einfach in offenen Gespr\u00e4chen nach der Wahrheit und Friedensl\u00f6sungen suchen, haben wir alle schon erfahren.<\/p>\n","protected":false},"author":3,"featured_media":23318,"comment_status":"closed","ping_status":"closed","sticky":false,"template":"","format":"standard","meta":{"colormag_page_container_layout":"default_layout","colormag_page_sidebar_layout":"default_layout","advanced_seo_description":"","jetpack_seo_html_title":"","jetpack_seo_noindex":false,"jetpack_post_was_ever_published":false,"footnotes":""},"categories":[13,20],"tags":[2417,1121,335,2836,491,188,668,407,397,939,1955,825,1779,344,639,2835],"class_list":["post-23315","post","type-post","status-publish","format-standard","has-post-thumbnail","hentry","category-frieden-antifaschismus-solidaritaet","category-zentrale-veranstaltungen","tag-denkfest-der-aktiven","tag-donbass","tag-frieden","tag-geld-und-kapital","tag-geschichte","tag-krieg","tag-kultur","tag-kunst","tag-lateinamerika","tag-musik","tag-nahostkonflikt","tag-politisches-lied","tag-schwerin","tag-solidaritaet","tag-ukraine-konflikt","tag-versoehnung"],"jetpack_featured_media_url":"https:\/\/i0.wp.com\/www.freidenker.org\/fw17\/wp-content\/uploads\/2025\/10\/Denkfest_4_800x450.jpg?fit=800%2C450&ssl=1","jetpack_shortlink":"https:\/\/wp.me\/p9stpK-643","jetpack-related-posts":[{"id":23233,"url":"https:\/\/www.freidenker.org\/?p=23233","url_meta":{"origin":23315,"position":0},"title":"III. Nationales Denkfest &#8211; Sag mir wo Du stehst &#8211;  Hartmut K\u00f6nig und Tino Eisbrenner","author":"Webredaktion","date":"20. Oktober 2025","format":false,"excerpt":"Video eines musikalischen Programms von Hartmut K\u00f6nig und Tino Eisbrenner\u00a0auf dem III. Denkfest der Aktiven Im Ferienpark Retgendorf bei Schwerin fand vom 28.\u201030. M\u00e4rz 2025 das 3. \u201eDenkfest der Aktiven\u201c statt. Zahlreiche Mitglieder unseres Verbandes beteiligten sich an der Programmgestaltung. Wir ver\u00f6ffentlichen hiermit ein Video des musikalischen Programms \"Sag mir,\u2026","rel":"","context":"In &quot;Kultur &amp; Kunst&quot;","block_context":{"text":"Kultur &amp; Kunst","link":"https:\/\/www.freidenker.org\/?cat=913"},"img":{"alt_text":"","src":"https:\/\/i0.wp.com\/www.freidenker.org\/fw17\/wp-content\/uploads\/2025\/10\/friedenstaub03_koenig-eisbrenner_youtube_800x450.jpg?fit=800%2C450&ssl=1&resize=350%2C200","width":350,"height":200,"srcset":"https:\/\/i0.wp.com\/www.freidenker.org\/fw17\/wp-content\/uploads\/2025\/10\/friedenstaub03_koenig-eisbrenner_youtube_800x450.jpg?fit=800%2C450&ssl=1&resize=350%2C200 1x, https:\/\/i0.wp.com\/www.freidenker.org\/fw17\/wp-content\/uploads\/2025\/10\/friedenstaub03_koenig-eisbrenner_youtube_800x450.jpg?fit=800%2C450&ssl=1&resize=525%2C300 1.5x, https:\/\/i0.wp.com\/www.freidenker.org\/fw17\/wp-content\/uploads\/2025\/10\/friedenstaub03_koenig-eisbrenner_youtube_800x450.jpg?fit=800%2C450&ssl=1&resize=700%2C400 2x"},"classes":[]},{"id":23231,"url":"https:\/\/www.freidenker.org\/?p=23231","url_meta":{"origin":23315,"position":1},"title":"III. Nationales Denkfest &#8211; Rainer Rupp &#8211; Hilflos in der Sackgasse \u2013 Europas hysterische Eliten","author":"Webredaktion","date":"20. Oktober 2025","format":false,"excerpt":"Video eines Vortrages von Rainer Rupp auf dem III. Denkfest der Aktiven Im Ferienpark Retgendorf bei Schwerin fand vom 28.\u201030. M\u00e4rz 2025 das 3. \u201eDenkfest der Aktiven\u201c statt. Zahlreiche Mitglieder unseres Verbandes beteiligten sich an der Programmgestaltung. Wir ver\u00f6ffentlichen hiermit ein Video des Vortrages unseres Mitgliedes Rainer zum Thema \"Hilflos\u2026","rel":"","context":"In &quot;Demokratie \u2013 Medien \u2013 Aufkl\u00e4rung&quot;","block_context":{"text":"Demokratie \u2013 Medien \u2013 Aufkl\u00e4rung","link":"https:\/\/www.freidenker.org\/?cat=12"},"img":{"alt_text":"","src":"https:\/\/i0.wp.com\/www.freidenker.org\/fw17\/wp-content\/uploads\/2025\/10\/friedenstaub03_rupp_youtube_800x450.jpg?fit=800%2C450&ssl=1&resize=350%2C200","width":350,"height":200,"srcset":"https:\/\/i0.wp.com\/www.freidenker.org\/fw17\/wp-content\/uploads\/2025\/10\/friedenstaub03_rupp_youtube_800x450.jpg?fit=800%2C450&ssl=1&resize=350%2C200 1x, https:\/\/i0.wp.com\/www.freidenker.org\/fw17\/wp-content\/uploads\/2025\/10\/friedenstaub03_rupp_youtube_800x450.jpg?fit=800%2C450&ssl=1&resize=525%2C300 1.5x, https:\/\/i0.wp.com\/www.freidenker.org\/fw17\/wp-content\/uploads\/2025\/10\/friedenstaub03_rupp_youtube_800x450.jpg?fit=800%2C450&ssl=1&resize=700%2C400 2x"},"classes":[]},{"id":23209,"url":"https:\/\/www.freidenker.org\/?p=23209","url_meta":{"origin":23315,"position":2},"title":"III. Nationales Denkfest &#8211; Stephan Ossenkopp &#8211; BRICS &#8211; eine neue Weltordnung?","author":"Webredaktion","date":"17. Oktober 2025","format":false,"excerpt":"Video eines Vortrages von Stephan Ossenkopp auf dem III. Denkfest der Aktiven Im Ferienpark Retgendorf bei Schwerin fand vom 28.\u201030. M\u00e4rz 2025 das 3. \u201eDenkfest der Aktiven\u201c statt. Zahlreiche Mitglieder unseres Verbandes beteiligten sich an der Programmgestaltung. Wir ver\u00f6ffentlichen hiermit ein Video des Vortrages unseres Mitgliedes Stephan Ossenkopp zum Thema\u2026","rel":"","context":"In &quot;Demokratie \u2013 Medien \u2013 Aufkl\u00e4rung&quot;","block_context":{"text":"Demokratie \u2013 Medien \u2013 Aufkl\u00e4rung","link":"https:\/\/www.freidenker.org\/?cat=12"},"img":{"alt_text":"","src":"https:\/\/i0.wp.com\/www.freidenker.org\/fw17\/wp-content\/uploads\/2025\/10\/friedenstaub03_ossenkopp_youtube_800x450.jpg?fit=800%2C450&ssl=1&resize=350%2C200","width":350,"height":200,"srcset":"https:\/\/i0.wp.com\/www.freidenker.org\/fw17\/wp-content\/uploads\/2025\/10\/friedenstaub03_ossenkopp_youtube_800x450.jpg?fit=800%2C450&ssl=1&resize=350%2C200 1x, https:\/\/i0.wp.com\/www.freidenker.org\/fw17\/wp-content\/uploads\/2025\/10\/friedenstaub03_ossenkopp_youtube_800x450.jpg?fit=800%2C450&ssl=1&resize=525%2C300 1.5x, https:\/\/i0.wp.com\/www.freidenker.org\/fw17\/wp-content\/uploads\/2025\/10\/friedenstaub03_ossenkopp_youtube_800x450.jpg?fit=800%2C450&ssl=1&resize=700%2C400 2x"},"classes":[]},{"id":18333,"url":"https:\/\/www.freidenker.org\/?p=18333","url_meta":{"origin":23315,"position":3},"title":"Friedenstaub &#8211; I. Nationales Denkfest der Aktiven","author":"Webredaktion","date":"25. Februar 2024","format":false,"excerpt":"Friedensgesellschaft Musik statt Krieg e.V. (Tino Eisbrenner) und Schweriner Friedensb\u00fcndnis (Henry & Andrea Marek) laden ein zu Friedenstaub - I. Nationales Denkfest der Aktiven vom 22.-24. M\u00e4rz 2024 in den Ferienpark Retgendorf (bei Schwerin). Wir leben in bewegten Zeiten und setzen uns ein. Gegen Waffenhandel, Geschichtsf\u00e4lschung, politische Verdummung, Ausgrenzung\u2026 f\u00fcr\u2026","rel":"","context":"In &quot;Frieden - Antifaschismus - Solidarit\u00e4t&quot;","block_context":{"text":"Frieden - Antifaschismus - Solidarit\u00e4t","link":"https:\/\/www.freidenker.org\/?cat=13"},"img":{"alt_text":"","src":"https:\/\/i0.wp.com\/www.freidenker.org\/fw17\/wp-content\/uploads\/2024\/02\/Friedenstaub_Denkfest_800x450.jpg?fit=800%2C450&ssl=1&resize=350%2C200","width":350,"height":200,"srcset":"https:\/\/i0.wp.com\/www.freidenker.org\/fw17\/wp-content\/uploads\/2024\/02\/Friedenstaub_Denkfest_800x450.jpg?fit=800%2C450&ssl=1&resize=350%2C200 1x, https:\/\/i0.wp.com\/www.freidenker.org\/fw17\/wp-content\/uploads\/2024\/02\/Friedenstaub_Denkfest_800x450.jpg?fit=800%2C450&ssl=1&resize=525%2C300 1.5x, https:\/\/i0.wp.com\/www.freidenker.org\/fw17\/wp-content\/uploads\/2024\/02\/Friedenstaub_Denkfest_800x450.jpg?fit=800%2C450&ssl=1&resize=700%2C400 2x"},"classes":[]},{"id":20231,"url":"https:\/\/www.freidenker.org\/?p=20231","url_meta":{"origin":23315,"position":4},"title":"Friedenstaub \u2013 II. Nationales Denkfest der Aktiven","author":"Webredaktion","date":"9. November 2024","format":false,"excerpt":"Friedensgesellschaft Musik statt Krieg e.V. (Tino Eisbrenner) und Schweriner Friedensb\u00fcndnis (Henry & Andrea Marek) laden ein zu Friedenstaub - II. Nationales Denkfest der Aktiven vom 15.-17. November 2024 in den Ferienpark Retgendorf (bei Schwerin). Einige Monate sind seit unserem 1. Denkfest der Aktiven vergangen. Es war ein Erfolg weil es\u2026","rel":"","context":"In &quot;Frieden - Antifaschismus - Solidarit\u00e4t&quot;","block_context":{"text":"Frieden - Antifaschismus - Solidarit\u00e4t","link":"https:\/\/www.freidenker.org\/?cat=13"},"img":{"alt_text":"","src":"https:\/\/i0.wp.com\/www.freidenker.org\/fw17\/wp-content\/uploads\/2024\/11\/Friedenstaub_II_800x450.jpg?fit=800%2C450&ssl=1&resize=350%2C200","width":350,"height":200,"srcset":"https:\/\/i0.wp.com\/www.freidenker.org\/fw17\/wp-content\/uploads\/2024\/11\/Friedenstaub_II_800x450.jpg?fit=800%2C450&ssl=1&resize=350%2C200 1x, https:\/\/i0.wp.com\/www.freidenker.org\/fw17\/wp-content\/uploads\/2024\/11\/Friedenstaub_II_800x450.jpg?fit=800%2C450&ssl=1&resize=525%2C300 1.5x, https:\/\/i0.wp.com\/www.freidenker.org\/fw17\/wp-content\/uploads\/2024\/11\/Friedenstaub_II_800x450.jpg?fit=800%2C450&ssl=1&resize=700%2C400 2x"},"classes":[]},{"id":23210,"url":"https:\/\/www.freidenker.org\/?p=23210","url_meta":{"origin":23315,"position":5},"title":"III. Nationales Denkfest &#8211; Werner R\u00fcgemer &#8211; Verh\u00e4ngnisvolle Freundschaft, wie die USA Europa eroberten","author":"Webredaktion","date":"17. Oktober 2025","format":false,"excerpt":"Video eines Vortrages von Dr. Werner R\u00fcgemer auf dem III. Denkfest der Aktiven Im Ferienpark Retgendorf bei Schwerin fand vom 28.\u201030. M\u00e4rz 2025 das 3. \u201eDenkfest der Aktiven\u201c statt. Zahlreiche Mitglieder unseres Verbandes beteiligten sich an der Programmgestaltung. Wir ver\u00f6ffentlichen hiermit ein Video des Vortrages unseres Beiratsmitgliedes Dr. Werner R\u00fcgemer\u2026","rel":"","context":"In &quot;Demokratie \u2013 Medien \u2013 Aufkl\u00e4rung&quot;","block_context":{"text":"Demokratie \u2013 Medien \u2013 Aufkl\u00e4rung","link":"https:\/\/www.freidenker.org\/?cat=12"},"img":{"alt_text":"","src":"https:\/\/i0.wp.com\/www.freidenker.org\/fw17\/wp-content\/uploads\/2025\/10\/friedenstaub03_ruegemer_youtube_800x450.jpg?fit=800%2C450&ssl=1&resize=350%2C200","width":350,"height":200,"srcset":"https:\/\/i0.wp.com\/www.freidenker.org\/fw17\/wp-content\/uploads\/2025\/10\/friedenstaub03_ruegemer_youtube_800x450.jpg?fit=800%2C450&ssl=1&resize=350%2C200 1x, https:\/\/i0.wp.com\/www.freidenker.org\/fw17\/wp-content\/uploads\/2025\/10\/friedenstaub03_ruegemer_youtube_800x450.jpg?fit=800%2C450&ssl=1&resize=525%2C300 1.5x, https:\/\/i0.wp.com\/www.freidenker.org\/fw17\/wp-content\/uploads\/2025\/10\/friedenstaub03_ruegemer_youtube_800x450.jpg?fit=800%2C450&ssl=1&resize=700%2C400 2x"},"classes":[]}],"_links":{"self":[{"href":"https:\/\/www.freidenker.org\/index.php?rest_route=\/wp\/v2\/posts\/23315","targetHints":{"allow":["GET"]}}],"collection":[{"href":"https:\/\/www.freidenker.org\/index.php?rest_route=\/wp\/v2\/posts"}],"about":[{"href":"https:\/\/www.freidenker.org\/index.php?rest_route=\/wp\/v2\/types\/post"}],"author":[{"embeddable":true,"href":"https:\/\/www.freidenker.org\/index.php?rest_route=\/wp\/v2\/users\/3"}],"replies":[{"embeddable":true,"href":"https:\/\/www.freidenker.org\/index.php?rest_route=%2Fwp%2Fv2%2Fcomments&post=23315"}],"version-history":[{"count":4,"href":"https:\/\/www.freidenker.org\/index.php?rest_route=\/wp\/v2\/posts\/23315\/revisions"}],"predecessor-version":[{"id":23323,"href":"https:\/\/www.freidenker.org\/index.php?rest_route=\/wp\/v2\/posts\/23315\/revisions\/23323"}],"wp:featuredmedia":[{"embeddable":true,"href":"https:\/\/www.freidenker.org\/index.php?rest_route=\/wp\/v2\/media\/23318"}],"wp:attachment":[{"href":"https:\/\/www.freidenker.org\/index.php?rest_route=%2Fwp%2Fv2%2Fmedia&parent=23315"}],"wp:term":[{"taxonomy":"category","embeddable":true,"href":"https:\/\/www.freidenker.org\/index.php?rest_route=%2Fwp%2Fv2%2Fcategories&post=23315"},{"taxonomy":"post_tag","embeddable":true,"href":"https:\/\/www.freidenker.org\/index.php?rest_route=%2Fwp%2Fv2%2Ftags&post=23315"}],"curies":[{"name":"wp","href":"https:\/\/api.w.org\/{rel}","templated":true}]}}