{"id":23292,"date":"2025-10-22T22:17:36","date_gmt":"2025-10-22T20:17:36","guid":{"rendered":"https:\/\/www.freidenker.org\/?p=23292"},"modified":"2025-11-15T17:47:07","modified_gmt":"2025-11-15T16:47:07","slug":"vollzugsmoeglichkeiten-oder-bussgeld-interne-emails-der-ag-impfpflicht-freigeklagt","status":"publish","type":"post","link":"https:\/\/www.freidenker.org\/?p=23292","title":{"rendered":"&#8222;Vollzugsm\u00f6glichkeiten oder Bu\u00dfgeld&#8220; \u2013 Interne Emails der &#8222;AG Impfpflicht&#8220; freigeklagt"},"content":{"rendered":"<p><strong>Der Bloggerin Aya Vel\u00e1zquez gelang im Rahmen des Informationsfreiheitsgesetzes, die Zusendung internen E-Mail-Verkehrs der regierungsinternen sogenannten &#8222;AG Impfpflicht&#8220; einzuklagen. Wie zuvor bereits die &#8222;RKI-Files&#8220; offenbaren auch diese Unterlagen die skrupellose Gedankenwelt im Regierungsviertel in der Zeit der &#8222;Coronakrise&#8220;.<\/strong><\/p>\n<p><em>Eine Analyse von <strong>Bernhard Loyen<\/strong><\/em><\/p>\n<p><span style=\"font-size: 10pt;\">Erstver\u00f6ffentlichung am 18.10.2025 auf <a href=\"https:\/\/freedert.online\/inland\/259222-vollzugsmoeglichkeiten-oder-bussgeld-interne-emails\/\" target=\"_blank\" rel=\"noopener\">RT DE<\/a><\/span><\/p>\n<div class=\"EmbedBlock-root EmbedBlock-all\">\n<div class=\"AllEmbed\"><iframe loading=\"lazy\" title=\"&quot;Vollzugsm\u00f6glichkeiten oder Bu\u00dfgeld&quot; \u2013 Interne Emails der &quot;AG Impfpflicht&quot; freigeklagt\" src=\"https:\/\/www.podbean.com\/player-v2\/?i=bqw5w-199b1b5-pb&amp;from=pb6admin&amp;share=1&amp;download=1&amp;rtl=0&amp;fonts=Arial&amp;skin=f6f6f6&amp;font-color=auto&amp;logo_link=episode_page&amp;btn-skin=7\" width=\"100%\" height=\"150\" scrolling=\"no\" allowfullscreen=\"allowfullscreen\" data-name=\"pb-iframe-player\" data-mce-fragment=\"1\"><\/iframe><\/div>\n<\/div>\n<p>Ein weiteres wichtiges, dabei 987 Seiten umfassendes Mosaikst\u00fcck, in der weiterhin seitens der Politik hartn\u00e4ckig verweigerten &#8222;Corona-Aufarbeitung&#8220;, wird dank der Hartn\u00e4ckigkeit der Bloggerin und Journalistin\u00a0Aya Vel\u00e1zquez interessierten B\u00fcrgern zur Verf\u00fcgung gestellt. Nach finaler Zusendung des Materials ver\u00f6ffentlichte\u00a0Vel\u00e1zquez am 17. Oktober umgehend <a href=\"https:\/\/my.hidrive.com\/lnk\/clKPGhERk\" target=\"_blank\" rel=\"noopener noreferrer\">alle Dokumente<\/a> zur freien Sichtung und Analyse. Aufgrund der F\u00fclle von erkenntnisreichen und m\u00f6glichen neuen brisanten Informationen wird, \u00e4hnlich der Fr\u00fchphase zu Beginn nach Ver\u00f6ffentlichung der RKI-Files, die &#8222;Schwarmhartn\u00e4ckigkeit&#8220; in den sozialen Medien erste Auswertungen in den n\u00e4chsten Tagen und Wochen pr\u00e4sentieren.<\/p>\n<p>Die Bloggerin informiert zu der Brisanz des Materials:<\/p>\n<p style=\"padding-left: 40px;\"><em>&#8222;Im Februar 2025 kam durch die Protokolle des RKI-Krisenstabs die Existenz eines weiteren Gremiums ans Tageslicht: Die sogenannte &#8218;AG Impfpflicht&#8216;. Es handelte sich hierbei um eine interministerielle Arbeitsgruppe, die im Winter 2022 den Gesetzesentwurf zu einer allgemeinen Impfpflicht vorbereitete. Sie bestand aus Abgeordneten der damaligen Regierungsfraktionen SPD, Gr\u00fcne und FDP, unter der Federf\u00fchrung des damaligen Gesundheitsministers Karl Lauterbach.&#8220;<\/em><\/p>\n<p>Vel\u00e1zquez gelangte durch das Informationsfreiheitsgesetz (IfG-Anfrage) an das Material, um diesbez\u00fcglicher Ereignisse zu berichten:<\/p>\n<p style=\"padding-left: 40px;\"><em>&#8222;Seit Februar 2025 l\u00e4uft meine\u00a0IFG-Anfrage\u00a0zu den Dokumenten der &#8218;AG Impfpflicht&#8216;. Weil das RKI darauf nicht reagierte, reichte ich Klage beim Verwaltungsgericht Berlin ein. Vor wenigen Tagen wurde mir seitens des RKI ein Datensatz von 987 PDF-Seiten, E-Mails und E-Mail-Anh\u00e4ngen ausgeh\u00e4ndigt. Laut RKI seien E-Mails, jedoch keine Sitzungsprotokolle oder sonstiges Material zur &#8218;AG Impfpflicht&#8216; vorhanden.&#8220;<\/em><\/p>\n<p>Eine ausf\u00fchrliche Sichtung nimmt Zeit und vor allem Geduld in Anspruch. Durch eine erste Stichwortsuche\u00a0offenbaren sich jedoch umgehend \u00e4hnliche Abgr\u00fcnde aus der totalit\u00e4ren Gedankenwelt im Regierungsapparat der Jahre 2020 bis 2022, samt zuarbeitenden Personen aus Politik und Wissenschaft. So findet sich ab\u00a0Seite 86 \u2013\u00a0ausgehend der E-Mail-Anfrage seitens der Politik an das BMG und Bundesministerium der Justiz (BMJ) \u2013 das im Folgenden beschriebene Planungsszenario zur tiefgreifenden, beabsichtigten Willk\u00fcrmanipulation der B\u00fcrger. Angedacht wurde dieses seitens sieben Gr\u00fcnen-Abgeordneten im Bundestag, unter hysterischer F\u00fchrung eines Janosch Dahmen.<\/p>\n<p>Zum Thema: &#8222;Fragestellungen Allgemeine Impfpflicht&#8220; hei\u00dft es am 28. Januar 2021 im Rahmen &#8222;Gesundheitspolitische Fragen an das BMG&#8220; gerichtet (Seite 89):<\/p>\n<p><em>&#8222;Rechtliche und Innenpolitische Fragen in Zusammenarbeit mit bzw. an BMJ und BMI:\u00a0Hinsichtlich der beabsichtigten Ausgestaltung [im Rahmen einer Impfpflicht] als Ordnungswidrigkeit: <\/em><\/p>\n<ul>\n<li><em>a) Woran sollte die Ordnungswidrigkeit gekn\u00fcpft werden (z. B. Statusdelikt, Unterlassungsdelikt)? Was w\u00e4ren die Vor- und Nachteile? -&gt; BMJ <\/em><\/li>\n<li><em>b) Welche weiteren Vollzugsm\u00f6glichkeiten nach erfolgtem Bu\u00dfgeldbescheid und jenseits einer Erzwingungshaft kommen f\u00fcr die Durchsetzung der Impfpflicht in Betracht? -&gt; BMI, ggf. BMJ<\/em><\/li>\n<li><em>c) Inwieweit kann das Bu\u00dfgeld in Abh\u00e4ngigkeit von der Einkommensh\u00f6he ausgestaltet werden? -&gt; BMJ <\/em><\/li>\n<li><em>d) Inwieweit kann gesetzlich ausgeschlossen werden, dass Bu\u00dfgelder im Falle der Nichtbegleichung als letzten Schritt Haft nach sich ziehen? -&gt; BMJ <\/em><\/li>\n<li><em>e) Wie h\u00e4ufig m\u00fcsste bzw. d\u00fcrfte ein Bu\u00dfgeld verh\u00e4ngt werden, ist dies nur einmal angezeigt oder auch mehrmals m\u00f6glich oder geboten? -&gt; BMJ&#8220;\u00a0<\/em><\/li>\n<\/ul>\n<p>&#8222;Erzwingungshaft&#8220;? Das ist die erneute Best\u00e4tigung einer Eskalationspolitik als Ultima Ratio\u00a0\u2013 unter Einsatz der verbalen Nebelgranate\u00a0\u2013 des vermeintlichen &#8222;Gesundheitsschutzes&#8220; f\u00fcr die Bev\u00f6lkerung. Der Begriff findet sich in dem Material genau 68 Mal in der Formulierung. Die beabsichtigte und planstabsm\u00e4\u00dfige Eruierung der N\u00f6tigung Abermillionen B\u00fcrger auf allen nur erdenklichen Gesellschaftsebenen wird erneut best\u00e4tigt. Dies in Verbindung mit erweiterten Kontrollinstanzen im \u00f6ffentlichen Leben, final teilrealisiert durch die G\u00e4ngelung im Rahmen der sogenannten 2G- und 3G-Vorschriften. So hei\u00dft es vorab vorf\u00fchlend:<\/p>\n<p style=\"padding-left: 40px;\"><em>&#8222;Inwieweit ist es rechtlich m\u00f6glich, Dritte zu verpflichten, den Zugang zu Orten, f\u00fcr welche diese Verantwortung tragen, im Hinblick auf die Einhaltung der Impfpflicht zu kontrollieren? a) Soweit notwendig, bitte differenzieren nach den Teilgruppen. Zu diesen Dritten z\u00e4hlen beispielsweise \u00f6ffentliche Stellen (B\u00fcrger\u00e4mter, Universit\u00e4ten, Kultur und Sport), Veranstalter jeglicher Art, Einrichtung.&#8220;<\/em><\/p>\n<p>Final hierzu die Frage, &#8222;inwieweit&#8220; es m\u00f6glich sei, dass &#8222;diese Dritten den Zugang nicht nur kontrollieren, sondern bei Versto\u00df auch eine Anzeige\/Meldung an die jeweilige Bu\u00dfgeldstelle vorzunehmen haben?&#8220;, wobei unwillige B\u00fcrger damit in der \u00d6ffentlichkeit vorab theoretisierend sp\u00fcrbar gema\u00dfregelt, konditioniert und erniedrigt werden sollten.<\/p>\n<p>Das ver\u00f6ffentlichte Material umfasst den Zeitraum vom 13. Dezember 2021 bis zum 5. April 2022, also zwei Tage vor der Abstimmung im Bundestag. W\u00e4re dann eine Impfpflicht\u00a0<a href=\"https:\/\/www.bundestag.de\/parlament\/plenum\/abstimmung\/abstimmung?id=767\" target=\"_blank\" rel=\"noopener noreferrer\">am 7. April 2022<\/a> final im Berliner Reichstag verabschiedet worden, und h\u00e4tte sich daraufhin die Mehrheit der Bundestagsabgeordneten f\u00fcr die n\u00f6tigende, unfreiwillige Gesundheitsmanipulation\u00a0aller Menschen im Land entschieden, m\u00f6chte man nicht nur eine Sekunde Gedanken daran verschwenden, welche Folgedynamiken sich gesamtgesellschaftlich ergeben h\u00e4tten. Laut &#8222;<a href=\"https:\/\/impfdashboard.de\/\" target=\"_blank\" rel=\"noopener noreferrer\">COVID-19 Impfdashboard<\/a>&#8220; waren statistisch, unabh\u00e4ngig einer Dunkelziffer, 18,4 Millionen Menschen &#8222;nicht geimpft&#8220;. Dies entsprach 22,1 Prozent der Bev\u00f6lkerung.<\/p>\n<p>W\u00e4re die Dystopie von Massenverhaftungen, durch gesetzlich vorgegebene Erzwingungshaft Realit\u00e4t geworden? Die Dystopie von surrealen &#8222;Massenimpfungen&#8220; in vormaligen D\u00f6nerbuden, auf Supermarkt-Parkpl\u00e4tzen oder im Rahmen von <a href=\"https:\/\/www.zoo-berlin.de\/de\/aktuelles\/alle-news\/artikel\/mit-pieks-zum-panda\" target=\"_blank\" rel=\"noopener noreferrer\">&#8222;Aktionswochen&#8220;-Events<\/a>\u00a0wie im Berliner Zoo, war sehr vielen Menschen vermittelbar. W\u00e4re die Bundeswehr zum &#8222;<a href=\"https:\/\/www.bundeswehr.de\/de\/meldungen\/klare-regeln-einsatz-im-innern-254332\" target=\"_blank\" rel=\"noopener noreferrer\">Einsatz im Inneren<\/a>&#8220; gekommen, also gegen die Bev\u00f6lkerung?\u00a0Vel\u00e1zquez\u00a0<a href=\"https:\/\/www.velazquez.press\/p\/interne-emails-der-ag-impfpflicht?utm_source=post-email-title&amp;publication_id=226468&amp;post_id=176224515&amp;utm_campaign=email-post-title&amp;isFreemail=true&amp;r=2w90ad&amp;triedRedirect=true&amp;utm_medium=email\" target=\"_blank\" rel=\"noopener noreferrer\">erarbeitete<\/a>\u00a0bereits aus dem Material folgende Realit\u00e4t:<\/p>\n<p style=\"padding-left: 40px;\"><em>&#8222;Jens Spahn hatte w\u00e4hrend der Corona-Zeit die Unterabteilung &#8218;Gesundheitssicherheit&#8216; zu einer richtigen Abteilung ausgebaut \u2013 die h\u00f6chste Leitungsebene im BMG. Zum Leiter der Abteilung 6 wurde w\u00e4hrend der Corona-Jahre von Spahn der Bundeswehrgeneral Hans-Ulrich Holtherm eingesetzt.&#8220;<\/em><\/p>\n<p>Formal zust\u00e4ndig, also hauptverantwortlich, war zudem in der &#8222;AG Impfpflicht&#8220; ein\u00a0Heiko Rottmann-Gro\u00dfner. Zu seiner Person recherchierte die Bloggerin:<\/p>\n<p style=\"padding-left: 40px;\"><em>&#8222;Rottmann-Gro\u00dfner gilt als ein\u00a0Strippenzieher hinter Lockdowns und Ausgangsbeschr\u00e4nkungen. Er ist Politikwissenschaftler und\u00a0Major\u00a0der Reserve der Bundeswehr. In die Politik hochgearbeitet hatte er sich Anfang der 2000er Jahre als Mitarbeiter im B\u00fcro der damaligen CDU-Bundestagsabgeordneten Hildegard M\u00fcller, einer Ex-Bankerin und engen Merkel-Vertrauten.&#8220;<\/em><\/p>\n<p>Was war seine Rolle nach Ende der &#8222;Corona-Krise&#8220;? Ein <em>Multipolar<\/em>&#8211;<a href=\"https:\/\/multipolar-magazin.de\/artikel\/pandemiemanager-ausschuss\" target=\"_blank\" rel=\"noopener noreferrer\">Artikel <\/a>vom 6. September 2023 kl\u00e4rt zum damaligen Wissensstand auf:<\/p>\n<p style=\"padding-left: 40px;\"><em>&#8222;Lothar Wieler hat vor dem Corona-Untersuchungsausschuss des Brandenburger Landtags ausgesagt. Er wurde begleitet vom Ministerialbeamten Heiko Rottmann-Gro\u00dfner, der der Bundesregierung im Februar 2020 die Lockdown-Ma\u00dfnahmen empfahl. Noch immer ist unklar, auf wessen Gehei\u00df dies geschah.&#8220;<\/em><\/p>\n<p>Was bereits im Jahr 2023 bekannt war, ist diese Realit\u00e4t:<\/p>\n<p style=\"padding-left: 40px;\"><em>&#8222;Rottmann-Gro\u00dfner ist der Mann, der ein Jahr vor Corona, im Februar 2019, an einer privaten, internationalen\u00a0<a href=\"https:\/\/www.nti.org\/events\/tabletop-exercise-senior-global-leaders-international-response-deliberate-biological-events\/\" target=\"_blank\" rel=\"noopener noreferrer\">Pandemie\u00fcbung<\/a>\u00a0teilgenommen hat und dort m\u00e4chtigen internationalen Akteuren pers\u00f6nlich begegnet ist, von der Gates Foundation, der Impfallianz Gavi, dem Wellcome Trust, dem World Economic Forum und anderen Institutionen. Er war es dann auch, der ein Jahr sp\u00e4ter als erster der Bundesregierung auf einer internen Sitzung die Lockdown-Ma\u00dfnahmen\u00a0<a href=\"https:\/\/multipolar-magazin.de\/artikel\/wie-der-lockdown-nach-deutschland-kam\" target=\"_blank\" rel=\"noopener noreferrer\">empfohlen hat<\/a>.&#8220;\u00a0<\/em><\/p>\n<p>Die<em> Berliner Zeitung<\/em>\u00a0<a href=\"https:\/\/www.berliner-zeitung.de\/gesundheit-oekologie\/geheime-ag-impfpflicht-diskutierte-ueber-erzwingungshaft-fuer-corona-impfung-li.10001368\" target=\"_blank\" rel=\"noopener noreferrer\">berichtete<\/a>\u00a0zu dem Material der &#8222;AG Impfplicht&#8220; in einem ersten Kommentar, die Unterlagen seien &#8222;ein drohendes Mahnmal daf\u00fcr, was sich in Deutschland auf keinen Fall wiederholen darf&#8220;:<\/p>\n<p style=\"padding-left: 40px;\"><em>&#8222;Nur an vereinzelten Stellen in den Unterlagen der &#8218;AG Impfpflicht&#8216; wurde kurzzeitig die Erkenntnis ge\u00e4u\u00dfert, dass die Rechtfertigung einer allgemeinen Impfpflicht allein auf dem &#8218;Individualschutz&#8216; m\u00f6glicherweise verfassungsrechtliche Bedenken aufwerfen k\u00f6nnte, da es problematisch ist, ein Individuum zum Selbstschutz zu zwingen.&#8220;<\/em><\/p>\n<p>Gro\u00dfe Medienunternehmen sehen dabei weiterhin keinerlei Bedarf an einer &#8222;Corona-Aufarbeitung&#8220;, trotz oder wegen der beeindruckenden Leistung von Journalisten wie\u00a0Aya Vel\u00e1zquez, Paul Schreyer oder Bastian Barucker. Ein Skandal f\u00fcr sich.<\/p>\n<p>Der gr\u00f6\u00dfte Skandal im Land bleibt weiterhin die Tatsache, dass keiner, auch nicht nur einer der bekannten, verantwortlichen\u00a0\u2013\u00a0ja, T\u00e4ter\u00a0\u2013 aus den Reihen der Politik bis dato in der Gegenwart auch nur den Hauch einer juristischen Anklage zu bef\u00fcrchten hat. Die Namen sind bekannt und dokumentiert. Die internen E-Mails der &#8222;AG Impfpflicht&#8220; werden weiteres Beweismaterial zur Verf\u00fcgung stellen.<\/p>\n<p>Der Startschuss f\u00fcr die juristische Aufarbeitung\u00a0\u2013 samt glaubw\u00fcrdiger Verurteilungen\u00a0\u2013 der drei abgr\u00fcndigen, dunklen Jahre politischer Dystopie, von der gescheiterten Theorie bis hin zur skrupellosen N\u00f6tigung, muss endlich\u00a0ert\u00f6nen.<\/p>\n<p style=\"text-align: right;\"><em>Bernhard Loyen ist freier Journalist und schreibt f\u00fcr verschiedene alternative Portale<\/em><\/p>\n<hr \/>\n<p><span style=\"font-size: 10pt;\">Bild oben: Die fr\u00fcheren Gesundheitsminister Jens Spahn und Karl Lauterbach, hier auf einer Podiumsdiskussion im September 2016 (beschnitten)<\/span><br \/>\n<span style=\"font-size: 10pt;\">Foto: Mark Bollhorst, <span class=\"alt-titles\"><span class=\"tool-identifier\"><a href=\"https:\/\/creativecommons.org\/licenses\/by-nd\/2.0\/deed.de\" target=\"_blank\" rel=\"noopener\">CC BY-ND 2.0<\/a><br \/>\n<\/span><\/span>Quelle: <a href=\"https:\/\/www.flickr.com\/photos\/insm\/29690370910\/\" target=\"_blank\" rel=\"noopener\">https:\/\/www.flickr.com\/photos\/insm\/29690370910\/<\/a><\/span><\/p>\n<p>&nbsp;<\/p>\n","protected":false},"excerpt":{"rendered":"<p><b>Eine Analyse von Bernhard Loyen<\/b><br \/>\nEin weiteres wichtiges, dabei 987 Seiten umfassendes Mosaikst\u00fcck, in der weiterhin seitens der Politik hartn\u00e4ckig verweigerten &#8222;Corona-Aufarbeitung&#8220;, wird dank der Hartn\u00e4ckigkeit der Bloggerin und Journalistin\u00a0Aya Vel\u00e1zquez interessierten B\u00fcrgern zur Verf\u00fcgung gestellt. Nach finaler Zusendung des Materials ver\u00f6ffentlichte\u00a0Vel\u00e1zquez am 17. Oktober umgehend alle Dokumente zur freien Sichtung und Analyse. Aufgrund der F\u00fclle von erkenntnisreichen und m\u00f6glichen neuen brisanten Informationen wird, \u00e4hnlich der Fr\u00fchphase zu Beginn nach Ver\u00f6ffentlichung der RKI-Files, die &#8222;Schwarmhartn\u00e4ckigkeit&#8220; in den sozialen Medien erste Auswertungen in den n\u00e4chsten Tagen und Wochen pr\u00e4sentieren.<\/p>\n","protected":false},"author":3,"featured_media":23294,"comment_status":"closed","ping_status":"closed","sticky":false,"template":"","format":"standard","meta":{"colormag_page_container_layout":"default_layout","colormag_page_sidebar_layout":"default_layout","advanced_seo_description":"","jetpack_seo_html_title":"","jetpack_seo_noindex":false,"jetpack_post_was_ever_published":false,"footnotes":""},"categories":[12],"tags":[1917,1256,1755,577,1357,1461,1323,1488,1257,2271,2684,569],"class_list":["post-23292","post","type-post","status-publish","format-standard","has-post-thumbnail","hentry","category-demokratie-medien-aufklaerung","tag-aufarbeitung","tag-corona-virus","tag-dystopie","tag-gesundheitspolitik","tag-impfpflicht","tag-impfzwang","tag-innenpolitik","tag-lauterbach","tag-pandemie","tag-rki","tag-untersuchungsausschuss","tag-verfassungsrecht"],"jetpack_featured_media_url":"https:\/\/i0.wp.com\/www.freidenker.org\/fw17\/wp-content\/uploads\/2025\/10\/Lauterbach_und_Spahn_47186866f2_c_800x450.jpg?fit=800%2C450&ssl=1","jetpack_shortlink":"https:\/\/wp.me\/p9stpK-63G","jetpack-related-posts":[{"id":22849,"url":"https:\/\/www.freidenker.org\/?p=22849","url_meta":{"origin":23292,"position":0},"title":"Corona-Enquete-Kommission konstituiert: CDU-&#8222;Impfbef\u00fcrworterin&#8220; als Vorsitzende","author":"Webredaktion","date":"15. September 2025","format":false,"excerpt":"Beitrag von Bernhard Loyen Der windige und unantastbare Karl Lauterbach hatte im April\u00a02023 kurzerhand die \"Corona-Pandemie f\u00fcr beendet\" erkl\u00e4rt. Was folgte, ist so weit bekannt und dokumentiert.\u00a0Am 8.\u00a0September dieses Jahres\u00a0\u2013 und damit zweieinhalb Jahre nach Lauterbachs willk\u00fcrlicher Mitteilung\u00a0\u2013\u00a0verk\u00fcndet nun die Website des Bundestags, dass sich die \"Enquete-Kommission zur Corona-Pandemie\" konstituiert\u2026","rel":"","context":"In &quot;Demokratie \u2013 Medien \u2013 Aufkl\u00e4rung&quot;","block_context":{"text":"Demokratie \u2013 Medien \u2013 Aufkl\u00e4rung","link":"https:\/\/www.freidenker.org\/?cat=12"},"img":{"alt_text":"","src":"https:\/\/i0.wp.com\/www.freidenker.org\/fw17\/wp-content\/uploads\/2025\/09\/covid-5859407_800x450.jpg?fit=800%2C450&ssl=1&resize=350%2C200","width":350,"height":200,"srcset":"https:\/\/i0.wp.com\/www.freidenker.org\/fw17\/wp-content\/uploads\/2025\/09\/covid-5859407_800x450.jpg?fit=800%2C450&ssl=1&resize=350%2C200 1x, https:\/\/i0.wp.com\/www.freidenker.org\/fw17\/wp-content\/uploads\/2025\/09\/covid-5859407_800x450.jpg?fit=800%2C450&ssl=1&resize=525%2C300 1.5x, https:\/\/i0.wp.com\/www.freidenker.org\/fw17\/wp-content\/uploads\/2025\/09\/covid-5859407_800x450.jpg?fit=800%2C450&ssl=1&resize=700%2C400 2x"},"classes":[]},{"id":23498,"url":"https:\/\/www.freidenker.org\/?p=23498","url_meta":{"origin":23292,"position":1},"title":"Daten, welche Daten?","author":"Webredaktion","date":"8. November 2025","format":false,"excerpt":"Der n\u00e4chste Skandal des Paul-Ehrlich-Instituts in der \"Corona-Aufarbeitung\" Beitrag von Bernhard Loyen Die wesentlichen Aufdeckungen und Enth\u00fcllungen zu den Themen der mutwilligen N\u00f6tigung von Politik und zuarbeitenden Medien in drei langen Jahren, der rigiden inhumanen Ma\u00dfnahmenpolitik mit Ans\u00e4tzen totalit\u00e4rer Neigungen und Absichten sowie dem selbstverst\u00e4ndlichen Agieren, also Zuarbeiten, eines Gro\u00dfteils\u2026","rel":"","context":"In &quot;Demokratie \u2013 Medien \u2013 Aufkl\u00e4rung&quot;","block_context":{"text":"Demokratie \u2013 Medien \u2013 Aufkl\u00e4rung","link":"https:\/\/www.freidenker.org\/?cat=12"},"img":{"alt_text":"","src":"https:\/\/i0.wp.com\/www.freidenker.org\/fw17\/wp-content\/uploads\/2025\/11\/Paul_Ehrlich_Institut_800x450.jpg?fit=800%2C450&ssl=1&resize=350%2C200","width":350,"height":200,"srcset":"https:\/\/i0.wp.com\/www.freidenker.org\/fw17\/wp-content\/uploads\/2025\/11\/Paul_Ehrlich_Institut_800x450.jpg?fit=800%2C450&ssl=1&resize=350%2C200 1x, https:\/\/i0.wp.com\/www.freidenker.org\/fw17\/wp-content\/uploads\/2025\/11\/Paul_Ehrlich_Institut_800x450.jpg?fit=800%2C450&ssl=1&resize=525%2C300 1.5x, https:\/\/i0.wp.com\/www.freidenker.org\/fw17\/wp-content\/uploads\/2025\/11\/Paul_Ehrlich_Institut_800x450.jpg?fit=800%2C450&ssl=1&resize=700%2C400 2x"},"classes":[]},{"id":24721,"url":"https:\/\/www.freidenker.org\/?p=24721","url_meta":{"origin":23292,"position":2},"title":"&#8222;Segen der Impfungen&#8220;","author":"Webredaktion","date":"25. M\u00e4rz 2026","format":false,"excerpt":"Ex-Minister Lauterbach beklagt \"Fake-News\" in der Enquete-Kommission Beitrag von Bernhard Loyen Mit Spannung wurde der gestrige gemeinsame Auftritt zweier entscheidender Protagonisten in der \"Corona-Krise\" im Bundestag erwartet. So waren in der \"Enquete-Kommission Corona\" zum Thema \"Leistungsf\u00e4higkeit des Gesundheitswesens in der Pandemie\" der ehemalige Bundesgesundheitsminister Karl Lauterbach (SPD) sowie Ex-RKI-Chef Lothar\u2026","rel":"","context":"In &quot;Demokratie \u2013 Medien \u2013 Aufkl\u00e4rung&quot;","block_context":{"text":"Demokratie \u2013 Medien \u2013 Aufkl\u00e4rung","link":"https:\/\/www.freidenker.org\/?cat=12"},"img":{"alt_text":"","src":"https:\/\/i0.wp.com\/www.freidenker.org\/fw17\/wp-content\/uploads\/2026\/03\/neelam279-vaccine-5833550_800x450.jpg?fit=800%2C450&ssl=1&resize=350%2C200","width":350,"height":200,"srcset":"https:\/\/i0.wp.com\/www.freidenker.org\/fw17\/wp-content\/uploads\/2026\/03\/neelam279-vaccine-5833550_800x450.jpg?fit=800%2C450&ssl=1&resize=350%2C200 1x, https:\/\/i0.wp.com\/www.freidenker.org\/fw17\/wp-content\/uploads\/2026\/03\/neelam279-vaccine-5833550_800x450.jpg?fit=800%2C450&ssl=1&resize=525%2C300 1.5x, https:\/\/i0.wp.com\/www.freidenker.org\/fw17\/wp-content\/uploads\/2026\/03\/neelam279-vaccine-5833550_800x450.jpg?fit=800%2C450&ssl=1&resize=700%2C400 2x"},"classes":[]},{"id":18566,"url":"https:\/\/www.freidenker.org\/?p=18566","url_meta":{"origin":23292,"position":3},"title":"Corona-Risikobewertung wurde politisch k\u00fcnstlich &#8222;hochskaliert&#8220;","author":"Webredaktion","date":"20. M\u00e4rz 2024","format":false,"excerpt":"Beitrag von Bernhard Loyen Es finden sich weiterhin unterschiedliche Gruppierungen von B\u00fcrgern, was das\u00a0Thema Corona-Aufarbeitung und R\u00fcckbetrachtung betrifft. Der giftige Corona-Spaltpilz bl\u00fcht weiterhin in den Fugen der Gesellschaft. Dazu mehr am Ende des Artikels. Diese Betrachtung erfolgt rund ein Jahr nachdem der unantastbare und skrupellose Karl Lauterbach\u00a0Anfang April 2023 vollkommen\u2026","rel":"","context":"In &quot;Demokratie \u2013 Medien \u2013 Aufkl\u00e4rung&quot;","block_context":{"text":"Demokratie \u2013 Medien \u2013 Aufkl\u00e4rung","link":"https:\/\/www.freidenker.org\/?cat=12"},"img":{"alt_text":"","src":"https:\/\/i0.wp.com\/www.freidenker.org\/fw17\/wp-content\/uploads\/2024\/03\/Spahn-Karikatur_800x450.jpg?fit=800%2C450&ssl=1&resize=350%2C200","width":350,"height":200,"srcset":"https:\/\/i0.wp.com\/www.freidenker.org\/fw17\/wp-content\/uploads\/2024\/03\/Spahn-Karikatur_800x450.jpg?fit=800%2C450&ssl=1&resize=350%2C200 1x, https:\/\/i0.wp.com\/www.freidenker.org\/fw17\/wp-content\/uploads\/2024\/03\/Spahn-Karikatur_800x450.jpg?fit=800%2C450&ssl=1&resize=525%2C300 1.5x, https:\/\/i0.wp.com\/www.freidenker.org\/fw17\/wp-content\/uploads\/2024\/03\/Spahn-Karikatur_800x450.jpg?fit=800%2C450&ssl=1&resize=700%2C400 2x"},"classes":[]},{"id":17593,"url":"https:\/\/www.freidenker.org\/?p=17593","url_meta":{"origin":23292,"position":4},"title":"Corona-Aufarbeitung: Gesellschaftsspaltende Ethikerin wird Staatssekret\u00e4rin beim Bund","author":"Webredaktion","date":"29. November 2023","format":false,"excerpt":"Beitrag von Bernhard Loyen Die ARD-Tagesschau meldete am 7. April dieses Jahres: \"Die letzten Ma\u00dfnahmen im Kampf gegen Corona laufen aus, f\u00fcr Gesundheitsminister Lauterbach ist die Pandemie beendet.\" Gut drei Jahre zuvor, am 18. M\u00e4rz 2020, hatte die vormalige Kanzlerin Angela Merkel in einer Fernsehansprache\u00a0an die B\u00fcrger im Land davon\u2026","rel":"","context":"In &quot;Demokratie \u2013 Medien \u2013 Aufkl\u00e4rung&quot;","block_context":{"text":"Demokratie \u2013 Medien \u2013 Aufkl\u00e4rung","link":"https:\/\/www.freidenker.org\/?cat=12"},"img":{"alt_text":"","src":"https:\/\/i0.wp.com\/www.freidenker.org\/fw17\/wp-content\/uploads\/2023\/11\/sabine_doering_coll.jpg?fit=800%2C450&ssl=1&resize=350%2C200","width":350,"height":200,"srcset":"https:\/\/i0.wp.com\/www.freidenker.org\/fw17\/wp-content\/uploads\/2023\/11\/sabine_doering_coll.jpg?fit=800%2C450&ssl=1&resize=350%2C200 1x, https:\/\/i0.wp.com\/www.freidenker.org\/fw17\/wp-content\/uploads\/2023\/11\/sabine_doering_coll.jpg?fit=800%2C450&ssl=1&resize=525%2C300 1.5x, https:\/\/i0.wp.com\/www.freidenker.org\/fw17\/wp-content\/uploads\/2023\/11\/sabine_doering_coll.jpg?fit=800%2C450&ssl=1&resize=700%2C400 2x"},"classes":[]},{"id":19608,"url":"https:\/\/www.freidenker.org\/?p=19608","url_meta":{"origin":23292,"position":5},"title":"RKI-Protokolle: Wenn die Perversion zur Normalit\u00e4t wird, sind Skandale nicht mehr m\u00f6glich","author":"Webredaktion","date":"31. Juli 2024","format":false,"excerpt":"Beitrag von Tom J. Wellbrock Ruprecht Rolf Gotthelf Polenz geh\u00f6rt zu den Schlimmsten. Er ist seit 2013 Pr\u00e4sident der Deutschen Gesellschaft f\u00fcr Osteuropakunde, war von 2005 bis 2013 Vorsitzender des Ausw\u00e4rtigen Ausschusses des Deutschen Bundestages und von April bis November 2000 Generalsekret\u00e4r der CDU. Polenz ist auf X (ehemals Twitter)\u2026","rel":"","context":"In &quot;Demokratie \u2013 Medien \u2013 Aufkl\u00e4rung&quot;","block_context":{"text":"Demokratie \u2013 Medien \u2013 Aufkl\u00e4rung","link":"https:\/\/www.freidenker.org\/?cat=12"},"img":{"alt_text":"","src":"https:\/\/i0.wp.com\/www.freidenker.org\/fw17\/wp-content\/uploads\/2024\/07\/Berlin_RKI_building_Nordufer_asv2021-03_img1_800x450.jpg?fit=800%2C450&ssl=1&resize=350%2C200","width":350,"height":200,"srcset":"https:\/\/i0.wp.com\/www.freidenker.org\/fw17\/wp-content\/uploads\/2024\/07\/Berlin_RKI_building_Nordufer_asv2021-03_img1_800x450.jpg?fit=800%2C450&ssl=1&resize=350%2C200 1x, https:\/\/i0.wp.com\/www.freidenker.org\/fw17\/wp-content\/uploads\/2024\/07\/Berlin_RKI_building_Nordufer_asv2021-03_img1_800x450.jpg?fit=800%2C450&ssl=1&resize=525%2C300 1.5x, https:\/\/i0.wp.com\/www.freidenker.org\/fw17\/wp-content\/uploads\/2024\/07\/Berlin_RKI_building_Nordufer_asv2021-03_img1_800x450.jpg?fit=800%2C450&ssl=1&resize=700%2C400 2x"},"classes":[]}],"_links":{"self":[{"href":"https:\/\/www.freidenker.org\/index.php?rest_route=\/wp\/v2\/posts\/23292","targetHints":{"allow":["GET"]}}],"collection":[{"href":"https:\/\/www.freidenker.org\/index.php?rest_route=\/wp\/v2\/posts"}],"about":[{"href":"https:\/\/www.freidenker.org\/index.php?rest_route=\/wp\/v2\/types\/post"}],"author":[{"embeddable":true,"href":"https:\/\/www.freidenker.org\/index.php?rest_route=\/wp\/v2\/users\/3"}],"replies":[{"embeddable":true,"href":"https:\/\/www.freidenker.org\/index.php?rest_route=%2Fwp%2Fv2%2Fcomments&post=23292"}],"version-history":[{"count":2,"href":"https:\/\/www.freidenker.org\/index.php?rest_route=\/wp\/v2\/posts\/23292\/revisions"}],"predecessor-version":[{"id":23295,"href":"https:\/\/www.freidenker.org\/index.php?rest_route=\/wp\/v2\/posts\/23292\/revisions\/23295"}],"wp:featuredmedia":[{"embeddable":true,"href":"https:\/\/www.freidenker.org\/index.php?rest_route=\/wp\/v2\/media\/23294"}],"wp:attachment":[{"href":"https:\/\/www.freidenker.org\/index.php?rest_route=%2Fwp%2Fv2%2Fmedia&parent=23292"}],"wp:term":[{"taxonomy":"category","embeddable":true,"href":"https:\/\/www.freidenker.org\/index.php?rest_route=%2Fwp%2Fv2%2Fcategories&post=23292"},{"taxonomy":"post_tag","embeddable":true,"href":"https:\/\/www.freidenker.org\/index.php?rest_route=%2Fwp%2Fv2%2Ftags&post=23292"}],"curies":[{"name":"wp","href":"https:\/\/api.w.org\/{rel}","templated":true}]}}