{"id":23287,"date":"2025-10-22T22:17:19","date_gmt":"2025-10-22T20:17:19","guid":{"rendered":"https:\/\/www.freidenker.org\/?p=23287"},"modified":"2025-11-15T17:46:42","modified_gmt":"2025-11-15T16:46:42","slug":"nazi-narrative-merz-verbreitet-im-reichstag-die-propaganda-des-bnd","status":"publish","type":"post","link":"https:\/\/www.freidenker.org\/?p=23287","title":{"rendered":"Nazi-Narrative: Merz verbreitet im Reichstag die Propaganda des BND"},"content":{"rendered":"<p><strong>In seiner Regierungserkl\u00e4rung warnt Bundeskanzler Merz vor russischer Bedrohung. Das Argument hat er vom BND \u00fcbernommen. Doch die Behauptungen des BND sind dort, wo sie sich \u00fcberpr\u00fcfen lassen, nachweislich falsch. Der BND kn\u00fcpft da an, wo sein Gr\u00fcnder 1945 aufh\u00f6ren musste. Das ist gef\u00e4hrlich. <\/strong><\/p>\n<p><em>Von <strong>Gert Ewen Ungar<\/strong><\/em><\/p>\n<p><span style=\"font-size: 10pt;\">Erstver\u00f6ffentlichung am 16.10.2025 auf <a href=\"https:\/\/freedert.online\/meinung\/259028-nazi-narrative-merz-verbreitet-im\/\" target=\"_blank\" rel=\"noopener\">RT DE<\/a><\/span><\/p>\n<div class=\"EmbedBlock-root EmbedBlock-all\">\n<div class=\"AllEmbed\"><iframe loading=\"lazy\" title=\"Nazi-Narrative: Merz verbreitet im Reichstag die Propaganda des BND\" src=\"https:\/\/www.podbean.com\/player-v2\/?i=i53hd-1997637-pb&amp;from=pb6admin&amp;share=1&amp;download=1&amp;rtl=0&amp;fonts=Arial&amp;skin=f6f6f6&amp;font-color=auto&amp;logo_link=episode_page&amp;btn-skin=7\" width=\"100%\" height=\"150\" scrolling=\"no\" data-name=\"pb-iframe-player\" data-mce-fragment=\"1\"><\/iframe><\/div>\n<\/div>\n<p style=\"padding-left: 40px;\"><em>&#8222;Deutschland bedroht niemanden, die Europ\u00e4ische Union bedroht niemanden, und auch die NATO bedroht niemanden auf der Welt. Es ist in den letzten dreieinhalb Jahren ausschlie\u00dflich Putin, der die Sicherheit auf dem europ\u00e4ischen Kontinent bedroht, der uns gef\u00e4hrdet, der mit seinem brutalen Angriffskrieg gegen die Ukraine einen Krieg f\u00fchrt, der jeden Tag sinnlos Menschenleben fordert&#8220;, behauptet der Kanzler in seiner Regierungserkl\u00e4rung am Donnerstag gegen\u00fcber den Abgeordneten im Reichstag.\u00a0<\/em><\/p>\n<p>\u00dcber diese Aussagen von Friedrich Merz l\u00e4sst sich nicht streiten, denn sie sind schlicht und ergreifend falsch. Sowohl Deutschland als auch die EU wollen \u00fcber die Aufr\u00fcstung der Ukraine nichts weniger als den Sieg \u00fcber Russland erringen. Sie haben die Eskalation des Ukraine-Konflikts hin zum Krieg aktiv betrieben und alle Angebote Russlands zur L\u00f6sung des Konflikts zur\u00fcckgewiesen, verw\u00e4ssert oder sabotiert. Verhandlungen wurden hintertrieben, Diplomatie wird von dieser Regierung ebenso abgelehnt, wie sie von der Vorg\u00e4ngerregierung abgelehnt wurde. Weder Merz noch Au\u00dfenminister Wadephul unterhalten Gespr\u00e4chskontakte nach Russland. Deutschland plant, gr\u00f6\u00dfte Milit\u00e4rmacht in Europa zu werden. Merz und seine Regierung versuchen nun zum dritten Mal etwas, was bei Versuch eins und zwei in die Katastrophe gef\u00fchrt hat. Nat\u00fcrlich bedroht Deutschland Russland.<\/p>\n<p>Dass die NATO niemanden bedroht, ist nun wirklich blanker Hohn. Jeder Serbe wird dem Kanzler das gern best\u00e4tigen. Sie ist zudem ein gegen Russland gerichtetes Milit\u00e4rb\u00fcndnis. Das geht sowohl aus ihrer Geschichte als auch aus ihren Handlungen hervor, die sich nun mal aggressiv gegen die Sicherheitsinteressen Russlands richten. Da kann sich der Kanzler auf den Kopf stellen, es wird keine andere Wahrheit daraus. Die Frage ist, woher Merz all diesen Bl\u00f6dsinn nimmt, den er erz\u00e4hlt?<\/p>\n<div class=\"embed-twitter\">\n<blockquote class=\"twitter-tweet\" data-width=\"550\" data-dnt=\"true\">\n<p lang=\"de\" dir=\"ltr\">Putin setzt darauf, dass Angst unsere freiheitliche Gesellschaft l\u00e4hmt und unsere Bereitschaft zu entschlossenem Handeln untergr\u00e4bt. Doch er verkalkuliert sich: Wir lassen uns nicht ver\u00e4ngstigen. Wir wehren uns.<\/p>\n<p>&mdash; Bundeskanzler Friedrich Merz (@bundeskanzler) <a href=\"https:\/\/twitter.com\/bundeskanzler\/status\/1978740345031598451?ref_src=twsrc%5Etfw\">October 16, 2025<\/a><\/p><\/blockquote>\n<p><script async src=\"https:\/\/platform.twitter.com\/widgets.js\" charset=\"utf-8\"><\/script><\/div>\n<div class=\"EmbedBlock-root EmbedBlock-twitter\">\n<div class=\"TwitterEmbed\">\n<div class=\"twitter-tweet twitter-tweet-rendered\">In seiner Rede geht Merz auch auf die Bedrohung ein, die Russland f\u00fcr Deutschland darstellt.<\/div>\n<\/div>\n<\/div>\n<p style=\"padding-left: 40px;\"><em>&#8222;Und es ist Russland, das mit immer gr\u00f6\u00dfer werdender Skrupellosigkeit uns in Deutschland und in Europa mit hybriden Mitteln der Kriegsf\u00fchrung versucht, zu destabilisieren. Mit Sabotage, Cyberangriffen, gezielter Desinformation, mit Spionage auch (an die AfD-Fraktion gerichtet) aus ihren Reihen und mit Mord, meine Damen und Herren. Und in den vergangenen Wochen haben Drohnen verst\u00e4rkt den Luftraum Europas verletzt, nicht zuletzt auch bei uns hier in Deutschland. Es ist eine Offensive der Verunsicherung, die wir erleben. Putin setzt darauf, dass Angst eine freiheitliche Gesellschaft l\u00e4hmt und unsere Bereitschaft zu entschlossenem Handeln untergr\u00e4bt.\u201d<\/em><\/p>\n<p>Hier offenbart sich seine Quelle, denn am Montag lieferte Martin J\u00e4ger, Pr\u00e4sident des Bundesnachrichtendienstes (BND), vor dem parlamentarischen Kontrollgremium des Bundestages den nahezu wortgleichen Text ab.<\/p>\n<p style=\"padding-left: 40px;\"><em>&#8222;Das Handeln Russlands ist darauf angelegt, die NATO zu unterminieren, europ\u00e4ische Demokratien zu destabilisieren, unsere Gesellschaften zu spalten und einzusch\u00fcchtern. Europa soll von Furcht und Handlungsstarre gel\u00e4hmt in die Selbstaufgabe getrieben werden&#8220;, behauptet J\u00e4ger und liefert damit das Redeskript f\u00fcr Kanzler Merz.\u00a0<\/em><\/p>\n<p>Belege f\u00fcr seine Behauptungen brachte J\u00e4ger nicht vor. Er ist Geheimdienstler, das hei\u00dft, seine Quellen unterliegen der Geheimhaltung. Konkret bedeutet das, er kann eigentlich alles behaupten, was er will, und sich dann unter Hinweis auf seinen Job aus der Verantwortung stehlen. Geheimdienste l\u00fcgen daher gern.<\/p>\n<p>Der BND gilt nun aber nicht als der kompetenteste unter den Geheimdiensten dieser Welt. Im Gegenteil h\u00e4ngt ihm der Ruf einer Hobby-Schlapphut-Organisation an. In der Sowjetunion zur Zeit des Kalten Krieges galten die Spione des BND als Amateure.<\/p>\n<p>Dass der BND Kontakte in den inneren Kreis der russischen Regierung hat und so an tats\u00e4chlich vertrauliche oder gar geheime Informationen kommt, kann man daher ausschlie\u00dfen. Das hei\u00dft, die Mitarbeiter des BND machen nichts anderes, als russische Zeitungen zu lesen und russische Nachrichten zu verfolgen, um sich ein Bild von den Vorg\u00e4ngen in Russland zu machen. Sie machen auch nichts anderes als ich und meine Kollegen, verbreiten aber dennoch ganz andere Informationen.<\/p>\n<p>Dass Russland die Absicht hat, Europa zu \u00fcberfallen und L\u00e4nder der EU annektieren will, l\u00e4sst sich aus nichts ableiten, was in russischen Medien abgedruckt wurde. Russische Politiker weisen die im Westen erhobene Behauptung sogar vehement zur\u00fcck.<\/p>\n<p>Im Gegenteil entsteht eher der Eindruck, dass einer der wenigen Vorteile, den der Zerfall der Sowjetunion f\u00fcr Russland mit sich brachte, der war, dass man die L\u00e4nder des Baltikums endlich loswurde. Russland will die kleinen Nervens\u00e4gen Lettland, Litauen und Estland ganz bestimmt nicht zur\u00fcck.<\/p>\n<p>Es findet im Gegensatz zu Deutschland in Russland auch kein aktiver Feindbildaufbau statt. Es wird nicht dazu aufgerufen, sich Vorr\u00e4te anzulegen, und das Bild der Deutschen wird nicht rassistisch verzerrt. Man hofft vielmehr darauf, dass in Westeuropa und gerade auch in Deutschland eines Tages wieder Vernunft einkehrt und die deutsche Politik sich besinnt. Der BND liest die gleichen Texte, liefert der deutschen Politik aber andere Informationen. Dahinter steckt Absicht.<\/p>\n<p>F\u00fcr die sowohl von BND-Chef J\u00e4ger als auch von Merz suggerierte russische Verantwortung f\u00fcr Drohnenvorf\u00e4lle gibt es keinerlei Beweis. Im Gegenteil konnte in den F\u00e4llen, in denen Drohnenpiloten ermittelt werden konnten, keine Beziehung zu Russland nachgewiesen werden. Auch die vermeintlichen Luftraumverletzungen Russlands waren keine. Estland interpretiert internationale Regelungen eigenwillig und au\u00dferhalb des Konsensus. Objektiv fand kein Eindringen russischer Jets in den Luftraum Estlands statt. Sowohl Merz als auch J\u00e4ger halten die Behauptung dennoch aufrecht. Sie verbreiten Desinformation mit dem Ziel, Angst vor Russland zu erzeugen. Angst zu erzeugen ist ein erprobtes Mittel der Politik, um die Gesellschaft zu steuern. Merz und der BND bedienen sich seiner.<\/p>\n<p>Wer das f\u00fcr seltsam h\u00e4lt, sollte sich mit der Geschichte des BND vertraut machen. Hier hat sich ein gutes St\u00fcck NS-Ideologie in die politische Struktur der Bundesrepublik hin\u00fcbergerettet. Offenbar wittern die deutschen Schlapph\u00fcte nun die gro\u00dfe Chance, dort weitermachen zu k\u00f6nnen, wo sie 1945 gezwungen wurden aufzuh\u00f6ren.<\/p>\n<p>Was J\u00e4ger erz\u00e4hlt und womit der BND den Kanzler und andere deutsche Politiker an Information versorgt, schlie\u00dft an die antirussische Propaganda des Dritten Reichs an. Keine der von J\u00e4ger gemachten Behauptungen h\u00e4lt einer \u00dcberpr\u00fcfung stand. Sie sind erfunden. Den Geheimdiensten wird regelm\u00e4\u00dfig vorgeworfen, eine Art Staat im Staat zu sein und eine eigene politische Agenda zu verfolgen. F\u00fcr den BND kann das als gesichert gelten. Sich von ihm beraten zu lassen, zeigt einen Mangel an Resilienz gegen\u00fcber Faschismus.<\/p>\n<p>Es ist Ausdruck eines mangelnden Geschichtsbewusstseins, der zur Wiederholung bereits mehrmals gemachter historischer Fehler f\u00fchrt. Der BND ist in seiner Tradition dem Generalplan Ost deutlich st\u00e4rker verpflichtet als dem Friedensgedanken des Grundgesetzes und des Einheitsvertrags. Das ergibt sich aus seiner Geschichte und aus dem, was der Pr\u00e4sident des BND sagt.<\/p>\n<p>Der Kanzler wurde vom BND auf die falsche Spur gesetzt. Daf\u00fcr kann Merz erst mal nichts. Es geh\u00f6rt zum Wesen von Geheimdiensten, zu versuchen, Politik f\u00fcr ihre Zwecke zu instrumentalisieren. Dass er sich instrumentalisieren l\u00e4sst, daf\u00fcr tr\u00e4gt Merz allerdings Verantwortung. Dass ihm zudem das historische Bewusstsein fehlt, um zu erkennen, dass er hier und heute als Kanzler die schwersten Fehler der deutschen Geschichte wiederholt, das kann und darf ihm nicht verziehen werden.<\/p>\n<p style=\"text-align: right;\"><em>Gert-Ewen Ungar studierte Philosophie und Germanistik und schreibt regelm\u00e4\u00dfig f\u00fcr die <a href=\"https:\/\/www.neulandrebellen.de\/\" target=\"_blank\" rel=\"noopener\">Neulandrebellen<\/a><\/em><\/p>\n<hr \/>\n<p><span style=\"font-size: 10pt;\">Bild oben: Friedrich Merz, <span class=\"mw-mmv-title\">Aufnahme vom 26.06.2025<\/span><\/span><br \/>\n<span style=\"font-size: 10pt;\">Foto: \u00a9 European Union, 1998 \u2013 2025, <a href=\"https:\/\/commons.wikimedia.org\/wiki\/File:Friedrich_Merz,_2025.06.26_(09).jpg?uselang=en#Licensing\" target=\"_blank\" rel=\"noopener\">Attribution<\/a>, <\/span><br \/>\n<span style=\"font-size: 10pt;\">Quelle: <a href=\"https:\/\/commons.wikimedia.org\/w\/index.php?curid=175278071\" target=\"_blank\" rel=\"noopener\">https:\/\/commons.wikimedia.org\/w\/index.php?curid=175278071<\/a><\/span><\/p>\n","protected":false},"excerpt":{"rendered":"<p><b>Beitrag von Gert Ewen Ungar<\/b><br \/>\n<i>&#8222;Deutschland bedroht niemanden, die Europ\u00e4ische Union bedroht niemanden, und auch die NATO bedroht niemanden auf der Welt. Es ist in den letzten dreieinhalb Jahren ausschlie\u00dflich Putin, der die Sicherheit auf dem europ\u00e4ischen Kontinent bedroht, der uns gef\u00e4hrdet, der mit seinem brutalen Angriffskrieg gegen die Ukraine einen Krieg f\u00fchrt, der jeden Tag sinnlos Menschenleben fordert&#8220;, behauptet der Kanzler in seiner Regierungserkl\u00e4rung am Donnerstag gegen\u00fcber den Abgeordneten im Reichstag.<\/i> \u00dcber diese Aussagen von Friedrich Merz l\u00e4sst sich nicht streiten, denn sie sind schlicht und ergreifend falsch. Sowohl Deutschland als auch die EU wollen \u00fcber die Aufr\u00fcstung der Ukraine nichts weniger als den Sieg \u00fcber Russland erringen. <\/p>\n","protected":false},"author":3,"featured_media":23289,"comment_status":"closed","ping_status":"closed","sticky":false,"template":"","format":"standard","meta":{"colormag_page_container_layout":"default_layout","colormag_page_sidebar_layout":"default_layout","advanced_seo_description":"","jetpack_seo_html_title":"","jetpack_seo_noindex":false,"jetpack_post_was_ever_published":false,"footnotes":""},"categories":[12],"tags":[1217,760,1463,452,1406,182,451,635,2489,759,1442,56,637,222,639],"class_list":["post-23287","post","type-post","status-publish","format-standard","has-post-thumbnail","hentry","category-demokratie-medien-aufklaerung","tag-baltikum","tag-bnd","tag-bundeskanzler","tag-deutschland","tag-diplomatie","tag-eu","tag-faschismus","tag-feindbild","tag-friedrich-merz","tag-geheimdienste","tag-luftraum","tag-nato","tag-propaganda","tag-russland","tag-ukraine-konflikt"],"jetpack_featured_media_url":"https:\/\/i0.wp.com\/www.freidenker.org\/fw17\/wp-content\/uploads\/2025\/10\/Friedrich_Merz_2025.06.26_09_800x450.jpg?fit=800%2C450&ssl=1","jetpack_shortlink":"https:\/\/wp.me\/p9stpK-63B","jetpack-related-posts":[{"id":22623,"url":"https:\/\/www.freidenker.org\/?p=22623","url_meta":{"origin":23287,"position":0},"title":"100 Tage Merz \u2013 Kanzlerschaft ohne Gewissen und Empathie","author":"Webredaktion","date":"21. August 2025","format":false,"excerpt":"Beitrag von Gert Ewen Ungar Die Bundesregierung ist inzwischen 100 Tage im Amt. Mit Ruhm bekleckert hat sie sich bisher nicht. Den gro\u00dfen wirtschaftspolitischen Ank\u00fcndigungen folgten keine Taten. Es herrscht weiter Stillstand in Deutschland. Die wirtschaftlichen Indikatoren weisen steil nach unten: Das produzierende Gewerbe klagt \u00fcber hohe Energiepreise und f\u00e4hrt\u2026","rel":"","context":"In &quot;Arbeit &amp; Soziales&quot;","block_context":{"text":"Arbeit &amp; Soziales","link":"https:\/\/www.freidenker.org\/?cat=11"},"img":{"alt_text":"","src":"https:\/\/i0.wp.com\/www.freidenker.org\/fw17\/wp-content\/uploads\/2025\/08\/Merz_2025-05-05_Unterzeichnung_Koalitionsvertrag_800x450.jpg?fit=800%2C450&ssl=1&resize=350%2C200","width":350,"height":200,"srcset":"https:\/\/i0.wp.com\/www.freidenker.org\/fw17\/wp-content\/uploads\/2025\/08\/Merz_2025-05-05_Unterzeichnung_Koalitionsvertrag_800x450.jpg?fit=800%2C450&ssl=1&resize=350%2C200 1x, https:\/\/i0.wp.com\/www.freidenker.org\/fw17\/wp-content\/uploads\/2025\/08\/Merz_2025-05-05_Unterzeichnung_Koalitionsvertrag_800x450.jpg?fit=800%2C450&ssl=1&resize=525%2C300 1.5x, https:\/\/i0.wp.com\/www.freidenker.org\/fw17\/wp-content\/uploads\/2025\/08\/Merz_2025-05-05_Unterzeichnung_Koalitionsvertrag_800x450.jpg?fit=800%2C450&ssl=1&resize=700%2C400 2x"},"classes":[]},{"id":22222,"url":"https:\/\/www.freidenker.org\/?p=22222","url_meta":{"origin":23287,"position":1},"title":"Merz-Rede: Der (Alb-)Traum von Deutschland als Milit\u00e4rmacht ist zur\u00fcck","author":"Webredaktion","date":"26. Juni 2025","format":false,"excerpt":"Beitrag von Gert Ewen Ungar Mit einem Video, das sich \u00e4sthetisch und inhaltlich in die Tradition des Nazi-Hetzblatts Der St\u00fcrmer stellt, macht das Ausw\u00e4rtige Amt unter F\u00fchrung von Johann Wadephul die Welt mit dem au\u00dfenpolitischen Teil der Regierungserkl\u00e4rung von\u00a0Friedrich Merz vertraut. Die \u00dcbernahme von Ton und \u00c4sthetik der nationalsozialistischen Propaganda\u2026","rel":"","context":"In &quot;Demokratie \u2013 Medien \u2013 Aufkl\u00e4rung&quot;","block_context":{"text":"Demokratie \u2013 Medien \u2013 Aufkl\u00e4rung","link":"https:\/\/www.freidenker.org\/?cat=12"},"img":{"alt_text":"","src":"https:\/\/i0.wp.com\/www.freidenker.org\/fw17\/wp-content\/uploads\/2025\/06\/2024-08-21_Wahlkampf_Friedrich_Merz.jpg?fit=800%2C450&ssl=1&resize=350%2C200","width":350,"height":200,"srcset":"https:\/\/i0.wp.com\/www.freidenker.org\/fw17\/wp-content\/uploads\/2025\/06\/2024-08-21_Wahlkampf_Friedrich_Merz.jpg?fit=800%2C450&ssl=1&resize=350%2C200 1x, https:\/\/i0.wp.com\/www.freidenker.org\/fw17\/wp-content\/uploads\/2025\/06\/2024-08-21_Wahlkampf_Friedrich_Merz.jpg?fit=800%2C450&ssl=1&resize=525%2C300 1.5x, https:\/\/i0.wp.com\/www.freidenker.org\/fw17\/wp-content\/uploads\/2025\/06\/2024-08-21_Wahlkampf_Friedrich_Merz.jpg?fit=800%2C450&ssl=1&resize=700%2C400 2x"},"classes":[]},{"id":22355,"url":"https:\/\/www.freidenker.org\/?p=22355","url_meta":{"origin":23287,"position":2},"title":"Der barbarische Russe: Wenn der noch fruchtbare Scho\u00df wieder krei\u00dft","author":"Webredaktion","date":"10. Juli 2025","format":false,"excerpt":"Beitrag von Gert Ewen Ungar Merz hat angek\u00fcndigt, Deutschland wieder zur gr\u00f6\u00dften Milit\u00e4rmacht in Europa machen zu wollen. Die Narrative in den gro\u00dfen deutschen Medien sind gleichgeschaltet, die Beitr\u00e4ge zu Russland und zum Ukraine-Krieg sind \u00fcber die Breite der deutschen Medienlandschaft bis in die Wortwahl identisch. Es wird durch eine\u2026","rel":"","context":"In &quot;Demokratie \u2013 Medien \u2013 Aufkl\u00e4rung&quot;","block_context":{"text":"Demokratie \u2013 Medien \u2013 Aufkl\u00e4rung","link":"https:\/\/www.freidenker.org\/?cat=12"},"img":{"alt_text":"","src":"https:\/\/i0.wp.com\/www.freidenker.org\/fw17\/wp-content\/uploads\/2025\/07\/EPP_Congress_2025_Valencia_Day_1_54485283819_800x450.jpg?fit=800%2C450&ssl=1&resize=350%2C200","width":350,"height":200,"srcset":"https:\/\/i0.wp.com\/www.freidenker.org\/fw17\/wp-content\/uploads\/2025\/07\/EPP_Congress_2025_Valencia_Day_1_54485283819_800x450.jpg?fit=800%2C450&ssl=1&resize=350%2C200 1x, https:\/\/i0.wp.com\/www.freidenker.org\/fw17\/wp-content\/uploads\/2025\/07\/EPP_Congress_2025_Valencia_Day_1_54485283819_800x450.jpg?fit=800%2C450&ssl=1&resize=525%2C300 1.5x, https:\/\/i0.wp.com\/www.freidenker.org\/fw17\/wp-content\/uploads\/2025\/07\/EPP_Congress_2025_Valencia_Day_1_54485283819_800x450.jpg?fit=800%2C450&ssl=1&resize=700%2C400 2x"},"classes":[]},{"id":22168,"url":"https:\/\/www.freidenker.org\/?p=22168","url_meta":{"origin":23287,"position":3},"title":"Bodo Schiffmann: &#8222;Warum Deutschland seine Geschichte nicht aufarbeitet&#8220;","author":"Webredaktion","date":"24. Juni 2025","format":false,"excerpt":"Beitrag von Gert Ewen Ungar Bodo Schiffmann ist Arzt. Bis 2020 war seine berufliche Karriere unauff\u00e4llig. Abitur, Zivildienst, Studium, Promotion, schlie\u00dflich praktizierender Hals-Nasen-Ohren-Arzt. Dann kam Corona. Seine ma\u00dfnahmenkritische Haltung bescherte Schiffmann einen recht langen\u00a0Eintrag\u00a0auf\u00a0Wikipedia, dem jedes Bem\u00fchen um Objektivit\u00e4t fehlt. Schiffmann sei Verschw\u00f6rungstheoretiker, Querdenker, Corona-Leugner und Holocaust-Verharmloser. [...] Schiffmann ist\u2026","rel":"","context":"In &quot;Demokratie \u2013 Medien \u2013 Aufkl\u00e4rung&quot;","block_context":{"text":"Demokratie \u2013 Medien \u2013 Aufkl\u00e4rung","link":"https:\/\/www.freidenker.org\/?cat=12"},"img":{"alt_text":"","src":"https:\/\/i0.wp.com\/www.freidenker.org\/fw17\/wp-content\/uploads\/2025\/06\/Autokorso_Kellmuenz_an_der_Iller_800x450.jpg?fit=800%2C450&ssl=1&resize=350%2C200","width":350,"height":200,"srcset":"https:\/\/i0.wp.com\/www.freidenker.org\/fw17\/wp-content\/uploads\/2025\/06\/Autokorso_Kellmuenz_an_der_Iller_800x450.jpg?fit=800%2C450&ssl=1&resize=350%2C200 1x, https:\/\/i0.wp.com\/www.freidenker.org\/fw17\/wp-content\/uploads\/2025\/06\/Autokorso_Kellmuenz_an_der_Iller_800x450.jpg?fit=800%2C450&ssl=1&resize=525%2C300 1.5x, https:\/\/i0.wp.com\/www.freidenker.org\/fw17\/wp-content\/uploads\/2025\/06\/Autokorso_Kellmuenz_an_der_Iller_800x450.jpg?fit=800%2C450&ssl=1&resize=700%2C400 2x"},"classes":[]},{"id":23931,"url":"https:\/\/www.freidenker.org\/?p=23931","url_meta":{"origin":23287,"position":4},"title":"EU-Gipfel: Der Kanzler ist nackt","author":"Webredaktion","date":"22. Dezember 2025","format":false,"excerpt":"Beitrag von Gert Ewen Ungar Die EU ist mit ihrem Vorhaben, das eingefrorene russische Verm\u00f6gen zu stehlen, am Widerstand einiger ihrer Mitgliedstaaten gescheitert. Auch der Plan B, eine gemeinschaftliche Schuldenaufnahme der EU-Staaten zugunsten der Ukraine, ist aufgrund der Verweigerung dreier L\u00e4nder gescheitert. Das Risiko teilen sich die verbliebenen 24 Staaten\u2026","rel":"","context":"In &quot;Demokratie \u2013 Medien \u2013 Aufkl\u00e4rung&quot;","block_context":{"text":"Demokratie \u2013 Medien \u2013 Aufkl\u00e4rung","link":"https:\/\/www.freidenker.org\/?cat=12"},"img":{"alt_text":"","src":"https:\/\/i0.wp.com\/www.freidenker.org\/fw17\/wp-content\/uploads\/2025\/12\/Friedrich_Merz_to_the_European_Commission_-_2025_800x450.jpg?fit=800%2C450&ssl=1&resize=350%2C200","width":350,"height":200,"srcset":"https:\/\/i0.wp.com\/www.freidenker.org\/fw17\/wp-content\/uploads\/2025\/12\/Friedrich_Merz_to_the_European_Commission_-_2025_800x450.jpg?fit=800%2C450&ssl=1&resize=350%2C200 1x, https:\/\/i0.wp.com\/www.freidenker.org\/fw17\/wp-content\/uploads\/2025\/12\/Friedrich_Merz_to_the_European_Commission_-_2025_800x450.jpg?fit=800%2C450&ssl=1&resize=525%2C300 1.5x, https:\/\/i0.wp.com\/www.freidenker.org\/fw17\/wp-content\/uploads\/2025\/12\/Friedrich_Merz_to_the_European_Commission_-_2025_800x450.jpg?fit=800%2C450&ssl=1&resize=700%2C400 2x"},"classes":[]},{"id":23677,"url":"https:\/\/www.freidenker.org\/?p=23677","url_meta":{"origin":23287,"position":5},"title":"Die R\u00fcckkehr der Barbaren: Westeuropas Wille zum ewigen Krieg","author":"Webredaktion","date":"30. November 2025","format":false,"excerpt":"Beitrag von Gert Ewen Ungar Der weder beliebte noch sonderlich begabte Friedrich Merz hat den 28 Punkte umfassenden Friedensplan, der zwischen den USA und Russland ausgearbeitet und gestern in Genf Vertretern der Ukraine in einem Sondierungsgespr\u00e4ch vorgelegt wurde, einer Revision unterzogen. Merz und die willigen Koalition\u00e4re Starmer und Macron haben\u2026","rel":"","context":"In &quot;Frieden - Antifaschismus - Solidarit\u00e4t&quot;","block_context":{"text":"Frieden - Antifaschismus - Solidarit\u00e4t","link":"https:\/\/www.freidenker.org\/?cat=13"},"img":{"alt_text":"","src":"https:\/\/i0.wp.com\/www.freidenker.org\/fw17\/wp-content\/uploads\/2025\/11\/Starmer_Macron_und_Merz_auf_dem_G20-Gipfel_2025_800x450.jpg?fit=800%2C450&ssl=1&resize=350%2C200","width":350,"height":200,"srcset":"https:\/\/i0.wp.com\/www.freidenker.org\/fw17\/wp-content\/uploads\/2025\/11\/Starmer_Macron_und_Merz_auf_dem_G20-Gipfel_2025_800x450.jpg?fit=800%2C450&ssl=1&resize=350%2C200 1x, https:\/\/i0.wp.com\/www.freidenker.org\/fw17\/wp-content\/uploads\/2025\/11\/Starmer_Macron_und_Merz_auf_dem_G20-Gipfel_2025_800x450.jpg?fit=800%2C450&ssl=1&resize=525%2C300 1.5x, https:\/\/i0.wp.com\/www.freidenker.org\/fw17\/wp-content\/uploads\/2025\/11\/Starmer_Macron_und_Merz_auf_dem_G20-Gipfel_2025_800x450.jpg?fit=800%2C450&ssl=1&resize=700%2C400 2x"},"classes":[]}],"_links":{"self":[{"href":"https:\/\/www.freidenker.org\/index.php?rest_route=\/wp\/v2\/posts\/23287","targetHints":{"allow":["GET"]}}],"collection":[{"href":"https:\/\/www.freidenker.org\/index.php?rest_route=\/wp\/v2\/posts"}],"about":[{"href":"https:\/\/www.freidenker.org\/index.php?rest_route=\/wp\/v2\/types\/post"}],"author":[{"embeddable":true,"href":"https:\/\/www.freidenker.org\/index.php?rest_route=\/wp\/v2\/users\/3"}],"replies":[{"embeddable":true,"href":"https:\/\/www.freidenker.org\/index.php?rest_route=%2Fwp%2Fv2%2Fcomments&post=23287"}],"version-history":[{"count":3,"href":"https:\/\/www.freidenker.org\/index.php?rest_route=\/wp\/v2\/posts\/23287\/revisions"}],"predecessor-version":[{"id":23291,"href":"https:\/\/www.freidenker.org\/index.php?rest_route=\/wp\/v2\/posts\/23287\/revisions\/23291"}],"wp:featuredmedia":[{"embeddable":true,"href":"https:\/\/www.freidenker.org\/index.php?rest_route=\/wp\/v2\/media\/23289"}],"wp:attachment":[{"href":"https:\/\/www.freidenker.org\/index.php?rest_route=%2Fwp%2Fv2%2Fmedia&parent=23287"}],"wp:term":[{"taxonomy":"category","embeddable":true,"href":"https:\/\/www.freidenker.org\/index.php?rest_route=%2Fwp%2Fv2%2Fcategories&post=23287"},{"taxonomy":"post_tag","embeddable":true,"href":"https:\/\/www.freidenker.org\/index.php?rest_route=%2Fwp%2Fv2%2Ftags&post=23287"}],"curies":[{"name":"wp","href":"https:\/\/api.w.org\/{rel}","templated":true}]}}