{"id":23238,"date":"2025-10-22T15:37:32","date_gmt":"2025-10-22T13:37:32","guid":{"rendered":"https:\/\/www.freidenker.org\/?p=23238"},"modified":"2025-11-15T17:46:18","modified_gmt":"2025-11-15T16:46:18","slug":"25-10-2025-frieden-schaffen-vom-krefelder-zum-berliner-appell","status":"publish","type":"post","link":"https:\/\/www.freidenker.org\/?p=23238","title":{"rendered":"25.10.2025: Frieden schaffen &#8211; Vom Krefelder zum Berliner Appell"},"content":{"rendered":"<h4>Veranstaltung \u201eKunst und Wissenschaft f\u00fcr den Frieden\u201c mit prominenten G\u00e4sten<\/h4>\n<p>Samstag.<strong> 25. Oktober 2025<\/strong><br \/>\nvon 15 \u201319 Uhr \u00b7 Einlass 14 Uhr<br \/>\nim <strong>Seidenweberhaus in Krefeld<\/strong><\/p>\n<p><strong>Mitwirkende u.a.:<\/strong>\u00a0Reiner Braun Daniel Minetti, Christina Wouters, Kai Degenhardt, Rolf Becker, Michael von der Schulenburg, Hartmut K\u00f6nig, Dr. Werner R\u00fcgemer, Hermann Ploppa, Dr. Eugen Drewermann, Dr. Margot K\u00e4\u00dfmann, Dieter Hallervorden<\/p>\n<h4><strong>Vom Krefelder zum Berliner Appell<\/strong><\/h4>\n<p>Der <strong>\u201eKrefelder Appell\u201c <\/strong>wurde im November 1980 im Seidenweberhaus verfasst, in einer \u00e4hnlich bedrohlichen Situation politisch-milit\u00e4rischer Konfrontation wie heute. Er wurde damals von 4 Mio. Menschen unterschrieben.<\/p>\n<p>Der <strong>\u201eBerliner Appell\u201c<\/strong>, &#8211; am 3. Oktober 2024 nach der gro\u00dfen Friedensdemonstration in Berlin initiiert -, richtet sich gegen die atomwaffen\u00adf\u00e4higen US-Mittelstreckenraketen, die 2026 in Deutschland, &#8211; nur in Deutschland -, stationiert werden sollen. Er wurde bisher von mehr als 80 000 Menschen unterschrieben.<\/p>\n<p><strong>Mit unserer Veranstaltung am 25.Oktober 2025 greifen wir diese Initiativen auf und sagen mit Prominenten aus Kultur und Wissenschaft<\/strong><\/p>\n<p><span style=\"font-size: 14pt;\"><strong>NEIN<\/strong><\/span><\/p>\n<p><strong>zu Aufr\u00fcstung und Kriegstreiberei.<\/strong><\/p>\n<hr \/>\n<p><strong>Ticketpreise:<\/strong><\/p>\n<p>Normalticket: 25 Euro<br \/>\nSolidarit\u00e4tsticket: 50 Euro<\/p>\n<p>F\u00fcr alle Tickets gilt: freie Platzwahl<\/p>\n<p>Die Veranstaltung wird auch live im Internet gestreamt.<br \/>\nUm live dabei zu sein, erwerben Sie bitte ein Streaming-Ticket.<\/p>\n<p>Streaming-Zugang: 20 Euro<\/p>\n<h5><strong>Ticketverkauf \u00fcber Pretix:<\/strong><\/h5>\n<p>Nutzen Sie den nachfolgenden QR-Code zum Erwerb von Tickets:<\/p>\n<p><img data-recalc-dims=\"1\" loading=\"lazy\" decoding=\"async\" data-attachment-id=\"23239\" data-permalink=\"https:\/\/www.freidenker.org\/?attachment_id=23239\" data-orig-file=\"https:\/\/i0.wp.com\/www.freidenker.org\/fw17\/wp-content\/uploads\/2025\/10\/QR-Code-Krefeld.jpg?fit=425%2C425&amp;ssl=1\" data-orig-size=\"425,425\" data-comments-opened=\"0\" data-image-meta=\"{&quot;aperture&quot;:&quot;0&quot;,&quot;credit&quot;:&quot;&quot;,&quot;camera&quot;:&quot;&quot;,&quot;caption&quot;:&quot;&quot;,&quot;created_timestamp&quot;:&quot;0&quot;,&quot;copyright&quot;:&quot;&quot;,&quot;focal_length&quot;:&quot;0&quot;,&quot;iso&quot;:&quot;0&quot;,&quot;shutter_speed&quot;:&quot;0&quot;,&quot;title&quot;:&quot;&quot;,&quot;orientation&quot;:&quot;1&quot;}\" data-image-title=\"QR-Code Krefeld\" data-image-description=\"\" data-image-caption=\"\" data-large-file=\"https:\/\/i0.wp.com\/www.freidenker.org\/fw17\/wp-content\/uploads\/2025\/10\/QR-Code-Krefeld.jpg?fit=425%2C425&amp;ssl=1\" class=\"alignnone wp-image-23239 size-medium\" src=\"https:\/\/i0.wp.com\/www.freidenker.org\/fw17\/wp-content\/uploads\/2025\/10\/QR-Code-Krefeld.jpg?resize=300%2C300&#038;ssl=1\" alt=\"\" width=\"300\" height=\"300\" srcset=\"https:\/\/i0.wp.com\/www.freidenker.org\/fw17\/wp-content\/uploads\/2025\/10\/QR-Code-Krefeld.jpg?resize=300%2C300&amp;ssl=1 300w, https:\/\/i0.wp.com\/www.freidenker.org\/fw17\/wp-content\/uploads\/2025\/10\/QR-Code-Krefeld.jpg?resize=150%2C150&amp;ssl=1 150w, https:\/\/i0.wp.com\/www.freidenker.org\/fw17\/wp-content\/uploads\/2025\/10\/QR-Code-Krefeld.jpg?w=425&amp;ssl=1 425w\" sizes=\"auto, (max-width: 300px) 100vw, 300px\" \/><\/p>\n<p>oder klicken Sie hier: <a href=\"https:\/\/pretix.eu\/KrefelderAppell\/2025\/\" target=\"_blank\" rel=\"noopener\">https:\/\/pretix.eu\/KrefelderAppell\/2025\/<\/a><\/p>\n<hr \/>\n<h5>Weitere Informationen:<\/h5>\n<p><img data-recalc-dims=\"1\" loading=\"lazy\" decoding=\"async\" data-attachment-id=\"13977\" data-permalink=\"https:\/\/www.freidenker.org\/?attachment_id=13977\" data-orig-file=\"https:\/\/i0.wp.com\/www.freidenker.org\/fw17\/wp-content\/uploads\/2022\/08\/External_Link_24px.jpg?fit=24%2C24&amp;ssl=1\" data-orig-size=\"24,24\" data-comments-opened=\"0\" data-image-meta=\"{&quot;aperture&quot;:&quot;0&quot;,&quot;credit&quot;:&quot;&quot;,&quot;camera&quot;:&quot;&quot;,&quot;caption&quot;:&quot;&quot;,&quot;created_timestamp&quot;:&quot;0&quot;,&quot;copyright&quot;:&quot;&quot;,&quot;focal_length&quot;:&quot;0&quot;,&quot;iso&quot;:&quot;0&quot;,&quot;shutter_speed&quot;:&quot;0&quot;,&quot;title&quot;:&quot;&quot;,&quot;orientation&quot;:&quot;1&quot;}\" data-image-title=\"External_Link_24px icon\" data-image-description=\"\" data-image-caption=\"\" data-large-file=\"https:\/\/i0.wp.com\/www.freidenker.org\/fw17\/wp-content\/uploads\/2022\/08\/External_Link_24px.jpg?fit=24%2C24&amp;ssl=1\" class=\"alignnone size-full wp-image-13977\" src=\"https:\/\/i0.wp.com\/www.freidenker.org\/fw17\/wp-content\/uploads\/2022\/08\/External_Link_24px.jpg?resize=24%2C24&#038;ssl=1\" alt=\"\" width=\"24\" height=\"24\" \/>\u00a0<a href=\"https:\/\/www.vom-krefelder-zum-berliner-appell.de\/\" target=\"_blank\" rel=\"noopener\">www.vom-krefelder-zum-berliner-appell.de<\/a><\/p>\n<p><img data-recalc-dims=\"1\" loading=\"lazy\" decoding=\"async\" data-attachment-id=\"1076\" data-permalink=\"https:\/\/www.freidenker.org\/?attachment_id=1076\" data-orig-file=\"https:\/\/i0.wp.com\/www.freidenker.org\/fw17\/wp-content\/uploads\/2017\/10\/pdf_icon-2.png?fit=32%2C32&amp;ssl=1\" data-orig-size=\"32,32\" data-comments-opened=\"0\" data-image-meta=\"{&quot;aperture&quot;:&quot;0&quot;,&quot;credit&quot;:&quot;&quot;,&quot;camera&quot;:&quot;&quot;,&quot;caption&quot;:&quot;&quot;,&quot;created_timestamp&quot;:&quot;0&quot;,&quot;copyright&quot;:&quot;&quot;,&quot;focal_length&quot;:&quot;0&quot;,&quot;iso&quot;:&quot;0&quot;,&quot;shutter_speed&quot;:&quot;0&quot;,&quot;title&quot;:&quot;&quot;,&quot;orientation&quot;:&quot;0&quot;}\" data-image-title=\"pdf_icon\" data-image-description=\"\" data-image-caption=\"\" data-large-file=\"https:\/\/i0.wp.com\/www.freidenker.org\/fw17\/wp-content\/uploads\/2017\/10\/pdf_icon-2.png?fit=32%2C32&amp;ssl=1\" class=\"alignnone size-full wp-image-1076\" src=\"https:\/\/i0.wp.com\/www.freidenker.org\/fw17\/wp-content\/uploads\/2017\/10\/pdf_icon-2.png?resize=32%2C32&#038;ssl=1\" alt=\"\" width=\"32\" height=\"32\" \/>\u00a0<a href=\"https:\/\/www.freidenker.org\/fw17\/wp-content\/uploads\/2025\/10\/KrefelderAppell_Flyer_A6_03_6.pdf\" target=\"_blank\" rel=\"noopener\">Flyer zur Veranstaltung<\/a> als PDF-Dokument<\/p>\n<p><img data-recalc-dims=\"1\" loading=\"lazy\" decoding=\"async\" data-attachment-id=\"5427\" data-permalink=\"https:\/\/www.freidenker.org\/?attachment_id=5427\" data-orig-file=\"https:\/\/i0.wp.com\/www.freidenker.org\/fw17\/wp-content\/uploads\/2018\/09\/video_icon_32x32.jpg?fit=32%2C32&amp;ssl=1\" data-orig-size=\"32,32\" data-comments-opened=\"0\" data-image-meta=\"{&quot;aperture&quot;:&quot;0&quot;,&quot;credit&quot;:&quot;&quot;,&quot;camera&quot;:&quot;&quot;,&quot;caption&quot;:&quot;&quot;,&quot;created_timestamp&quot;:&quot;0&quot;,&quot;copyright&quot;:&quot;&quot;,&quot;focal_length&quot;:&quot;0&quot;,&quot;iso&quot;:&quot;0&quot;,&quot;shutter_speed&quot;:&quot;0&quot;,&quot;title&quot;:&quot;&quot;,&quot;orientation&quot;:&quot;1&quot;}\" data-image-title=\"video_icon_32x32\" data-image-description=\"\" data-image-caption=\"\" data-large-file=\"https:\/\/i0.wp.com\/www.freidenker.org\/fw17\/wp-content\/uploads\/2018\/09\/video_icon_32x32.jpg?fit=32%2C32&amp;ssl=1\" class=\"alignnone size-full wp-image-5427\" src=\"https:\/\/i0.wp.com\/www.freidenker.org\/fw17\/wp-content\/uploads\/2018\/09\/video_icon_32x32.jpg?resize=32%2C32&#038;ssl=1\" alt=\"\" width=\"32\" height=\"32\" \/> Video:<\/p>\n<p><iframe loading=\"lazy\" title=\"Vom Krefelder zum Berliner Appell\" width=\"563\" height=\"1000\" src=\"https:\/\/www.youtube.com\/embed\/FUJXegjh2Og?feature=oembed\" frameborder=\"0\" allow=\"accelerometer; autoplay; clipboard-write; encrypted-media; gyroscope; picture-in-picture; web-share\" referrerpolicy=\"strict-origin-when-cross-origin\" allowfullscreen><\/iframe><\/p>\n<p><span style=\"font-size: 10pt;\">Direktlink zum Short-Video auf YouTube: <a href=\"https:\/\/www.youtube.com\/shorts\/FUJXegjh2Og\" target=\"_blank\" rel=\"noopener\">https:\/\/www.youtube.com\/shorts\/FUJXegjh2Og<\/a><\/span><\/p>\n<hr \/>\n<p><span style=\"font-size: 10pt;\">Bild oben: Motiv aus dem Flyer zur Veranstaltung<\/span><\/p>\n<p>&nbsp;<\/p>\n","protected":false},"excerpt":{"rendered":"<p><b>Veranstaltung \u201eKunst und Wissenschaft f\u00fcr den Frieden\u201c mit prominenten G\u00e4sten<\/b><br \/>\nSamstag. 25. Oktober 2025 von 15 \u201319 Uhr im Seidenweberhaus in Krefeld (Einlass 14 Uhr)<br \/>\nMitwirkende u.a.:\u00a0Reiner Braun Daniel Minetti, Christina Wouters, Kai Degenhardt, Rolf Becker, Michael von der Schulenburg, Hartmut K\u00f6nig, Dr. Werner R\u00fcgemer, Hermann Ploppa, Dr. Eugen Drewermann, Dr. Margot K\u00e4\u00dfmann, Dieter Hallervorden<br \/>\nDer \u201eKrefelder Appell\u201c wurde im November 1980 im Seidenweberhaus verfasst, in einer \u00e4hnlich bedrohlichen Situation politisch-milit\u00e4rischer Konfrontation wie heute. Er wurde damals von 4 Mio. Menschen unterschrieben. Der \u201eBerliner Appell\u201c, &#8211; am 3. Oktober 2024 nach der gro\u00dfen Friedensdemonstration in Berlin initiiert -, richtet sich gegen die atomwaffen\u00adf\u00e4higen US-Mittelstreckenraketen, die 2026 in Deutschland, &#8211; nur in Deutschland -, stationiert werden sollen. Er wurde bisher von mehr als 80 000 Menschen unterschrieben. Mit unserer Veranstaltung greifen wir diese Initiativen auf und sagen mit Prominenten aus Kultur und Wissenschaft &#8222;NEIN zu Aufr\u00fcstung und Kriegstreiberei&#8220;.<\/p>\n","protected":false},"author":3,"featured_media":23241,"comment_status":"closed","ping_status":"closed","sticky":false,"template":"","format":"standard","meta":{"colormag_page_container_layout":"default_layout","colormag_page_sidebar_layout":"default_layout","advanced_seo_description":"","jetpack_seo_html_title":"","jetpack_seo_noindex":false,"jetpack_post_was_ever_published":false,"footnotes":""},"categories":[13,20],"tags":[2831,335,2830,668,407,1372,1050],"class_list":["post-23238","post","type-post","status-publish","format-standard","has-post-thumbnail","hentry","category-frieden-antifaschismus-solidaritaet","category-zentrale-veranstaltungen","tag-berliner-appell","tag-frieden","tag-krefelder-appell","tag-kultur","tag-kunst","tag-nrw","tag-veranstaltung"],"jetpack_featured_media_url":"https:\/\/i0.wp.com\/www.freidenker.org\/fw17\/wp-content\/uploads\/2025\/10\/Krefeld_Frieden-schaffen_800x450.jpg?fit=800%2C450&ssl=1","jetpack_shortlink":"https:\/\/wp.me\/p9stpK-62O","jetpack-related-posts":[{"id":8857,"url":"https:\/\/www.freidenker.org\/?p=8857","url_meta":{"origin":23238,"position":0},"title":"Aktions\u00adtag \u00a0f\u00fcr \u201eAb\u00adr\u00fc\u00adstung und neue Ent\u00adspan\u00adnungs\u00adpoli\u00adtik\u201c am 5. De\u00adzem\u00adber 2020","author":"Webredaktion","date":"26. Oktober 2020","format":false,"excerpt":"In der Woche beginnend mit dem 7.12.2020 soll der Bundeshaushalt f\u00fcr 2021 verabschiedet werden. Der \u201eVerteidigungshaushalt\u201c soll erneut um 2,6% steigen, 50 Milliarden Euro f\u00fcr R\u00fcstung drohen! Deshalb ruft\u00a0 die \u201eInitiative abr\u00fcsten statt aufr\u00fcsten\u201c zum bundes\u00adweiten de\u00adzen\u00adtra\u00adlen Aktions\u00adtag am 05.12.2020 auf. Der Deutsche Freidenker-Verband unterst\u00fctzt den Aufruf und ruft zur\u2026","rel":"","context":"In &quot;Frieden - Antifaschismus - Solidarit\u00e4t&quot;","block_context":{"text":"Frieden - Antifaschismus - Solidarit\u00e4t","link":"https:\/\/www.freidenker.org\/?cat=13"},"img":{"alt_text":"","src":"https:\/\/i0.wp.com\/www.freidenker.org\/fw17\/wp-content\/uploads\/2020\/10\/abruesten_statt_aufruesten_800x450.jpg?fit=800%2C450&ssl=1&resize=350%2C200","width":350,"height":200,"srcset":"https:\/\/i0.wp.com\/www.freidenker.org\/fw17\/wp-content\/uploads\/2020\/10\/abruesten_statt_aufruesten_800x450.jpg?fit=800%2C450&ssl=1&resize=350%2C200 1x, https:\/\/i0.wp.com\/www.freidenker.org\/fw17\/wp-content\/uploads\/2020\/10\/abruesten_statt_aufruesten_800x450.jpg?fit=800%2C450&ssl=1&resize=525%2C300 1.5x, https:\/\/i0.wp.com\/www.freidenker.org\/fw17\/wp-content\/uploads\/2020\/10\/abruesten_statt_aufruesten_800x450.jpg?fit=800%2C450&ssl=1&resize=700%2C400 2x"},"classes":[]},{"id":21427,"url":"https:\/\/www.freidenker.org\/?p=21427","url_meta":{"origin":23238,"position":1},"title":"\u201eKanonen und Butter sind eine Illusion\u201c","author":"Webredaktion","date":"11. April 2025","format":false,"excerpt":"Interview von Chris H\u00fcppmeier mit Michael Quetting Frage: Wie bewerten Sie die aktuelle Entwicklung in den Gewerkschaften, insbesondere mit Blick auf die zunehmende Militarisierung? Michael Quetting: Unsere Antworten als Gewerkschaften sind leider nicht auf der H\u00f6he der Zeit. Unter der Militarisierung haben und werden abh\u00e4ngig Besch\u00e4ftigte und Rentner gelitten und\u2026","rel":"","context":"In &quot;Frieden - Antifaschismus - Solidarit\u00e4t&quot;","block_context":{"text":"Frieden - Antifaschismus - Solidarit\u00e4t","link":"https:\/\/www.freidenker.org\/?cat=13"},"img":{"alt_text":"","src":"https:\/\/i0.wp.com\/www.freidenker.org\/fw17\/wp-content\/uploads\/2025\/04\/quetting_140301_Interview_b_800x450.jpg?fit=800%2C450&ssl=1&resize=350%2C200","width":350,"height":200,"srcset":"https:\/\/i0.wp.com\/www.freidenker.org\/fw17\/wp-content\/uploads\/2025\/04\/quetting_140301_Interview_b_800x450.jpg?fit=800%2C450&ssl=1&resize=350%2C200 1x, https:\/\/i0.wp.com\/www.freidenker.org\/fw17\/wp-content\/uploads\/2025\/04\/quetting_140301_Interview_b_800x450.jpg?fit=800%2C450&ssl=1&resize=525%2C300 1.5x, https:\/\/i0.wp.com\/www.freidenker.org\/fw17\/wp-content\/uploads\/2025\/04\/quetting_140301_Interview_b_800x450.jpg?fit=800%2C450&ssl=1&resize=700%2C400 2x"},"classes":[]},{"id":19584,"url":"https:\/\/www.freidenker.org\/?p=19584","url_meta":{"origin":23238,"position":2},"title":"Wie man nicht f\u00fcr den Frieden mobilisiert","author":"Webredaktion","date":"28. Juli 2024","format":false,"excerpt":"Beitrag von Dagmar Henn Am 3. Oktober soll es eine gro\u00dfe Friedensdemonstration in Berlin geben. Nach dem Beschluss zur Raketenstationierung, der sehr an den \"Nachr\u00fcstungsbeschluss\" von 1979 erinnert, ist das dringend geboten. Aber schon im Aufruf wird das Potential zerredet. Es gibt immer wieder Situationen, die wie Wiederholungen von Momenten\u2026","rel":"","context":"In &quot;Frieden - Antifaschismus - Solidarit\u00e4t&quot;","block_context":{"text":"Frieden - Antifaschismus - Solidarit\u00e4t","link":"https:\/\/www.freidenker.org\/?cat=13"},"img":{"alt_text":"","src":"https:\/\/i0.wp.com\/www.freidenker.org\/fw17\/wp-content\/uploads\/2024\/07\/Koeln_Rudolfplatz_2024-02-24-1-0621_800x450.jpg?fit=800%2C450&ssl=1&resize=350%2C200","width":350,"height":200,"srcset":"https:\/\/i0.wp.com\/www.freidenker.org\/fw17\/wp-content\/uploads\/2024\/07\/Koeln_Rudolfplatz_2024-02-24-1-0621_800x450.jpg?fit=800%2C450&ssl=1&resize=350%2C200 1x, https:\/\/i0.wp.com\/www.freidenker.org\/fw17\/wp-content\/uploads\/2024\/07\/Koeln_Rudolfplatz_2024-02-24-1-0621_800x450.jpg?fit=800%2C450&ssl=1&resize=525%2C300 1.5x, https:\/\/i0.wp.com\/www.freidenker.org\/fw17\/wp-content\/uploads\/2024\/07\/Koeln_Rudolfplatz_2024-02-24-1-0621_800x450.jpg?fit=800%2C450&ssl=1&resize=700%2C400 2x"},"classes":[]},{"id":15537,"url":"https:\/\/www.freidenker.org\/?p=15537","url_meta":{"origin":23238,"position":3},"title":"Appell: Meinungsfreiheit verteidigen!","author":"Webredaktion","date":"17. M\u00e4rz 2023","format":false,"excerpt":"Am 15. M\u00e4rz 2023 wurde der Appell \"Meinungsfreiheit verteidigen!\" der \u2013 mit Unterst\u00fctzung von 40 Personen, vor allem aus den Bereichen der Kultur, Publizistik und Wissenschaft \u2013 von Laura Freiin von Wimmersperg und Rechtsanwalt Hans Bauer initiiert worden war, an die Presse verteilt. ... Deutschland befindet sich in einer tiefen\u2026","rel":"","context":"In &quot;Demokratie \u2013 Medien \u2013 Aufkl\u00e4rung&quot;","block_context":{"text":"Demokratie \u2013 Medien \u2013 Aufkl\u00e4rung","link":"https:\/\/www.freidenker.org\/?cat=12"},"img":{"alt_text":"","src":"https:\/\/i0.wp.com\/www.freidenker.org\/fw17\/wp-content\/uploads\/2023\/03\/keine_waffen_fuer_ukraine_af_800x450.jpg?fit=800%2C450&ssl=1&resize=350%2C200","width":350,"height":200,"srcset":"https:\/\/i0.wp.com\/www.freidenker.org\/fw17\/wp-content\/uploads\/2023\/03\/keine_waffen_fuer_ukraine_af_800x450.jpg?fit=800%2C450&ssl=1&resize=350%2C200 1x, https:\/\/i0.wp.com\/www.freidenker.org\/fw17\/wp-content\/uploads\/2023\/03\/keine_waffen_fuer_ukraine_af_800x450.jpg?fit=800%2C450&ssl=1&resize=525%2C300 1.5x, https:\/\/i0.wp.com\/www.freidenker.org\/fw17\/wp-content\/uploads\/2023\/03\/keine_waffen_fuer_ukraine_af_800x450.jpg?fit=800%2C450&ssl=1&resize=700%2C400 2x"},"classes":[]},{"id":8386,"url":"https:\/\/www.freidenker.org\/?p=8386","url_meta":{"origin":23238,"position":4},"title":"Zusammenhang der Tendenz zu Faschisierung und Krieg","author":"Webredaktion","date":"3. Juli 2020","format":false,"excerpt":"Unserer Genossin Erika Baum zum 95. Geburtstag. Wir gratulieren unserer Genossin zum 95. Geburtstag. Anstelle eigener Worte der W\u00fcrdigung lassen wir die Jubilarin selbst zu Wort kommen: Ihr Vortrag bei unserer Veranstaltung: \"Berliner Runde \u2013 Freidenker im Gespr\u00e4ch\" vom 26.01.2018.","rel":"","context":"In &quot;Frieden - Antifaschismus - Solidarit\u00e4t&quot;","block_context":{"text":"Frieden - Antifaschismus - Solidarit\u00e4t","link":"https:\/\/www.freidenker.org\/?cat=13"},"img":{"alt_text":"","src":"https:\/\/i0.wp.com\/www.freidenker.org\/fw17\/wp-content\/uploads\/2020\/07\/erika_baum_95_800x450.jpg?fit=800%2C450&ssl=1&resize=350%2C200","width":350,"height":200,"srcset":"https:\/\/i0.wp.com\/www.freidenker.org\/fw17\/wp-content\/uploads\/2020\/07\/erika_baum_95_800x450.jpg?fit=800%2C450&ssl=1&resize=350%2C200 1x, https:\/\/i0.wp.com\/www.freidenker.org\/fw17\/wp-content\/uploads\/2020\/07\/erika_baum_95_800x450.jpg?fit=800%2C450&ssl=1&resize=525%2C300 1.5x, https:\/\/i0.wp.com\/www.freidenker.org\/fw17\/wp-content\/uploads\/2020\/07\/erika_baum_95_800x450.jpg?fit=800%2C450&ssl=1&resize=700%2C400 2x"},"classes":[]},{"id":1853,"url":"https:\/\/www.freidenker.org\/?p=1853","url_meta":{"origin":23238,"position":5},"title":"Freidenker-Brief 4-2017: Freidenker unterst\u00fctzen Appell \u201eabr\u00fcsten statt aufr\u00fcsten\u201c","author":"Webredaktion","date":"16. November 2017","format":false,"excerpt":"Klaus Hartmann, Bundesvorsitzender des Deutschen Freidenker-Verbands, unterst\u00fctzt den Aufruf der Friedensbewegung mit der Forderung \u201eAbr\u00fcsten statt aufr\u00fcsten!\u201c. In seiner Begr\u00fcndung hei\u00dft es u.a.: \"Auf 2% ihrer Wirtschaftsleistung sollen die Ausgaben f\u00fcr Krieg und Vernichtung in den NATO-Staaten bis 2024 steigen. ... Dagegen mobil zu machen, ist ein Gebot der Stunde:\u2026","rel":"","context":"In &quot;Freidenker-Brief&quot;","block_context":{"text":"Freidenker-Brief","link":"https:\/\/www.freidenker.org\/?cat=341"},"img":{"alt_text":"Appell \"abr\u00fcsten statt aufr\u00fcsten\"","src":"https:\/\/i0.wp.com\/www.freidenker.org\/fw17\/wp-content\/uploads\/2017\/11\/KFR_ABstattAUF800x445.png?fit=800%2C445&ssl=1&resize=350%2C200","width":350,"height":200,"srcset":"https:\/\/i0.wp.com\/www.freidenker.org\/fw17\/wp-content\/uploads\/2017\/11\/KFR_ABstattAUF800x445.png?fit=800%2C445&ssl=1&resize=350%2C200 1x, https:\/\/i0.wp.com\/www.freidenker.org\/fw17\/wp-content\/uploads\/2017\/11\/KFR_ABstattAUF800x445.png?fit=800%2C445&ssl=1&resize=525%2C300 1.5x, https:\/\/i0.wp.com\/www.freidenker.org\/fw17\/wp-content\/uploads\/2017\/11\/KFR_ABstattAUF800x445.png?fit=800%2C445&ssl=1&resize=700%2C400 2x"},"classes":[]}],"_links":{"self":[{"href":"https:\/\/www.freidenker.org\/index.php?rest_route=\/wp\/v2\/posts\/23238","targetHints":{"allow":["GET"]}}],"collection":[{"href":"https:\/\/www.freidenker.org\/index.php?rest_route=\/wp\/v2\/posts"}],"about":[{"href":"https:\/\/www.freidenker.org\/index.php?rest_route=\/wp\/v2\/types\/post"}],"author":[{"embeddable":true,"href":"https:\/\/www.freidenker.org\/index.php?rest_route=\/wp\/v2\/users\/3"}],"replies":[{"embeddable":true,"href":"https:\/\/www.freidenker.org\/index.php?rest_route=%2Fwp%2Fv2%2Fcomments&post=23238"}],"version-history":[{"count":3,"href":"https:\/\/www.freidenker.org\/index.php?rest_route=\/wp\/v2\/posts\/23238\/revisions"}],"predecessor-version":[{"id":23244,"href":"https:\/\/www.freidenker.org\/index.php?rest_route=\/wp\/v2\/posts\/23238\/revisions\/23244"}],"wp:featuredmedia":[{"embeddable":true,"href":"https:\/\/www.freidenker.org\/index.php?rest_route=\/wp\/v2\/media\/23241"}],"wp:attachment":[{"href":"https:\/\/www.freidenker.org\/index.php?rest_route=%2Fwp%2Fv2%2Fmedia&parent=23238"}],"wp:term":[{"taxonomy":"category","embeddable":true,"href":"https:\/\/www.freidenker.org\/index.php?rest_route=%2Fwp%2Fv2%2Fcategories&post=23238"},{"taxonomy":"post_tag","embeddable":true,"href":"https:\/\/www.freidenker.org\/index.php?rest_route=%2Fwp%2Fv2%2Ftags&post=23238"}],"curies":[{"name":"wp","href":"https:\/\/api.w.org\/{rel}","templated":true}]}}